{"id":146553,"date":"2020-06-27T06:25:29","date_gmt":"2020-06-27T04:25:29","guid":{"rendered":"https:\/\/www.radiopiu.net\/wordpress\/?p=146553"},"modified":"2020-06-27T06:25:05","modified_gmt":"2020-06-27T04:25:05","slug":"unarma-piu-sicura-e-professionale-per-lagente-di-polizia-locale","status":"publish","type":"post","link":"https:\/\/www.radiopiu.net\/wordpress\/unarma-piu-sicura-e-professionale-per-lagente-di-polizia-locale\/","title":{"rendered":"UN&#8217;ARMA PIU&#8217; SICURA E PROFESSIONALE PER L&#8217;AGENTE DI POLIZIA LOCALE"},"content":{"rendered":"<p>&nbsp;<\/p>\n<blockquote>\n<h3>UN&#8217;ARMA PIU&#8217; SICURA E PROFESSIONALE PER L&#8217;AGENTE DI POLIZIA LOCALE<\/h3>\n<\/blockquote>\n<p><strong><a class=\"dt-pswp-item\" href=\"https:\/\/www.radiopiu.net\/wordpress\/wp-content\/uploads\/2020\/06\/WhatsApp-Image-2020-06-26-at-13.18.24.jpeg\" data-dt-img-description=\"\" data-large_image_width=\"1600\" data-large_image_height=\"1198\"><img loading=\"lazy\" decoding=\"async\" class=\"alignleft wp-image-146549\" src=\"https:\/\/www.radiopiu.net\/wordpress\/wp-content\/uploads\/2020\/06\/WhatsApp-Image-2020-06-26-at-13.18.24-300x225.jpeg\" alt=\"\" width=\"225\" height=\"169\" srcset=\"https:\/\/www.radiopiu.net\/wordpress\/wp-content\/uploads\/2020\/06\/WhatsApp-Image-2020-06-26-at-13.18.24-300x225.jpeg 300w, https:\/\/www.radiopiu.net\/wordpress\/wp-content\/uploads\/2020\/06\/WhatsApp-Image-2020-06-26-at-13.18.24-1024x767.jpeg 1024w, https:\/\/www.radiopiu.net\/wordpress\/wp-content\/uploads\/2020\/06\/WhatsApp-Image-2020-06-26-at-13.18.24-768x575.jpeg 768w, https:\/\/www.radiopiu.net\/wordpress\/wp-content\/uploads\/2020\/06\/WhatsApp-Image-2020-06-26-at-13.18.24-1536x1150.jpeg 1536w, https:\/\/www.radiopiu.net\/wordpress\/wp-content\/uploads\/2020\/06\/WhatsApp-Image-2020-06-26-at-13.18.24.jpeg 1600w\" sizes=\"auto, (max-width: 225px) 100vw, 225px\" \/><\/a>LA VALLE<\/strong>\u00a0 La vecchia pistola obsoleta e pure pericolosa \u00e8 prossima al magazzino, piuttosto che allo scaffale dei ricordi, perch\u00e9 l&#8217;amministrazione comunale ha deciso di fare un passo avanti per la sicurezza e professionalit\u00e0 della Polizia Locale. Pochi mesi fa il sindaco Ezio Zuanel presentava lo spray al <em>capsicum<\/em> oggi invece il nuovo armamento individuale per l&#8217;age<a class=\"dt-pswp-item\" href=\"https:\/\/www.radiopiu.net\/wordpress\/wp-content\/uploads\/2020\/06\/WhatsApp-Image-2020-06-26-at-13.18.53.jpeg\" data-dt-img-description=\"\" data-large_image_width=\"1200\" data-large_image_height=\"1600\"><img loading=\"lazy\" decoding=\"async\" class=\" wp-image-146547 alignright\" src=\"https:\/\/www.radiopiu.net\/wordpress\/wp-content\/uploads\/2020\/06\/WhatsApp-Image-2020-06-26-at-13.18.53-225x300.jpeg\" alt=\"\" width=\"187\" height=\"249\" srcset=\"https:\/\/www.radiopiu.net\/wordpress\/wp-content\/uploads\/2020\/06\/WhatsApp-Image-2020-06-26-at-13.18.53-225x300.jpeg 225w, https:\/\/www.radiopiu.net\/wordpress\/wp-content\/uploads\/2020\/06\/WhatsApp-Image-2020-06-26-at-13.18.53-768x1024.jpeg 768w, https:\/\/www.radiopiu.net\/wordpress\/wp-content\/uploads\/2020\/06\/WhatsApp-Image-2020-06-26-at-13.18.53-1152x1536.jpeg 1152w, https:\/\/www.radiopiu.net\/wordpress\/wp-content\/uploads\/2020\/06\/WhatsApp-Image-2020-06-26-at-13.18.53.jpeg 1200w\" sizes=\"auto, (max-width: 187px) 100vw, 187px\" \/><\/a>nte in servizio sul territorio. Si tratta di\u00a0 una pistola di fabbricazione austriaca marca Glock modello 17 di\u00a0 quinta generazione, calibro 9&#215;21. L&#8217; arma \u00e8 quindi di ultima tecnologia\u00a0 con tutte le sicurezze previste per lo svolgimento del servizio di Polizia Locale come conferma il consigliere Massimo Sommariva che di armi se ne intende avendo trascorso una vita lavorativa con la divisa di agente di Polizia. &#8220;L&#8217;armamento &#8211; ci spiega &#8211; comprende la fondina con sistema meccanico di blocco e di rilascio a pollice, fondamentale per evitare la sottrazione dell&#8217; arma o cadute accidentali&#8221;.\u00a0 Con questa iniziativa l&#8217;amministrazione comunale\u00a0 d\u00e0 un segno tangibile di riconoscenza e vicinanza a chi tra molteplici difficolt\u00e0 \u00e8 preposto\u00a0 al controllo del territorio e alla sicurezza dei cittadini. Non sar\u00e0 l&#8217;unica iniziativa, altre verranno attuate in futuro con l&#8217;obiettivo di dare professionalit\u00e0 e competenza all&#8217;ufficio di Polizia Locale del Comune. In calendario\u00a0 giornate di aggiornamento professionale mirate alle varie casistiche riscontrate durante l&#8217;attivit\u00e0 di Polizia. <em>&#8220;Un&#8217;ultima problematica \u00e8 allo studio &#8211; conclude il sindaco Ezio Zunel &#8211;\u00a0 la possibilit\u00e0 di acquistare un\u00a0 automezzo idoneo e versatile al servizio di Polizia Locale&#8221;.<\/em><\/p>\n<p>&nbsp;<\/p>\n","protected":false},"excerpt":{"rendered":"<p>&nbsp; UN&#8217;ARMA PIU&#8217; SICURA E PROFESSIONALE PER L&#8217;AGENTE DI POLIZIA LOCALE LA VALLE\u00a0 La vecchia pistola obsoleta e pure pericolosa \u00e8 prossima al magazzino, piuttosto che allo scaffale dei ricordi, perch\u00e9 l&#8217;amministrazione comunale ha deciso di fare un passo avanti per la sicurezza e professionalit\u00e0 della Polizia Locale. Pochi mesi fa il sindaco Ezio Zuanel&hellip;<\/p>\n","protected":false},"author":1,"featured_media":146549,"comment_status":"closed","ping_status":"closed","sticky":false,"template":"","format":"standard","meta":{"_monsterinsights_skip_tracking":false,"_monsterinsights_sitenote_active":false,"_monsterinsights_sitenote_note":"","_monsterinsights_sitenote_category":0,"footnotes":""},"categories":[49],"tags":[],"class_list":["post-146553","post","type-post","status-publish","format-standard","has-post-thumbnail","hentry","category-news-18","category-49","description-off"],"img_url":"https:\/\/www.radiopiu.net\/wordpress\/wp-content\/uploads\/2020\/06\/WhatsApp-Image-2020-06-26-at-13.18.24.jpeg","_links":{"self":[{"href":"https:\/\/www.radiopiu.net\/wordpress\/wp-json\/wp\/v2\/posts\/146553","targetHints":{"allow":["GET"]}}],"collection":[{"href":"https:\/\/www.radiopiu.net\/wordpress\/wp-json\/wp\/v2\/posts"}],"about":[{"href":"https:\/\/www.radiopiu.net\/wordpress\/wp-json\/wp\/v2\/types\/post"}],"author":[{"embeddable":true,"href":"https:\/\/www.radiopiu.net\/wordpress\/wp-json\/wp\/v2\/users\/1"}],"replies":[{"embeddable":true,"href":"https:\/\/www.radiopiu.net\/wordpress\/wp-json\/wp\/v2\/comments?post=146553"}],"version-history":[{"count":0,"href":"https:\/\/www.radiopiu.net\/wordpress\/wp-json\/wp\/v2\/posts\/146553\/revisions"}],"wp:featuredmedia":[{"embeddable":true,"href":"https:\/\/www.radiopiu.net\/wordpress\/wp-json\/wp\/v2\/media\/146549"}],"wp:attachment":[{"href":"https:\/\/www.radiopiu.net\/wordpress\/wp-json\/wp\/v2\/media?parent=146553"}],"wp:term":[{"taxonomy":"category","embeddable":true,"href":"https:\/\/www.radiopiu.net\/wordpress\/wp-json\/wp\/v2\/categories?post=146553"},{"taxonomy":"post_tag","embeddable":true,"href":"https:\/\/www.radiopiu.net\/wordpress\/wp-json\/wp\/v2\/tags?post=146553"}],"curies":[{"name":"wp","href":"https:\/\/api.w.org\/{rel}","templated":true}]}}