{"id":146633,"date":"2020-06-27T06:00:01","date_gmt":"2020-06-27T04:00:01","guid":{"rendered":"https:\/\/www.radiopiu.net\/wordpress\/?p=146633"},"modified":"2020-06-27T06:43:04","modified_gmt":"2020-06-27T04:43:04","slug":"da-zero-piu-uno-a-la-fabbrica-delle-emozioni","status":"publish","type":"post","link":"https:\/\/www.radiopiu.net\/wordpress\/da-zero-piu-uno-a-la-fabbrica-delle-emozioni\/","title":{"rendered":"DA &#8220;ZERO PIU&#8217; UNO&#8221;\u00a0 A &#8220;LA FABBRICA DELLE EMOZIONI&#8221;"},"content":{"rendered":"<p>&nbsp;<\/p>\n<blockquote>\n<h2><strong style=\"font-size: 14px;\">di Claudio Fontanive\u00a0<\/strong><\/h2>\n<\/blockquote>\n<p><strong><a class=\"dt-pswp-item\" href=\"https:\/\/www.radiopiu.net\/wordpress\/wp-content\/uploads\/2017\/04\/MyRadioPiu_miaidea.png\" data-dt-img-description=\"\" data-large_image_width=\"483\" data-large_image_height=\"374\"><img loading=\"lazy\" decoding=\"async\" class=\"alignleft wp-image-30709\" src=\"https:\/\/www.radiopiu.net\/wordpress\/wp-content\/uploads\/2017\/04\/MyRadioPiu_miaidea-300x232.png\" alt=\"\" width=\"184\" height=\"142\" \/><\/a>RADIOPIU<\/strong> La rubrica &#8220;Zero Pi\u00f9 Uno&#8221; diventa &#8220;La Fabbrica delle Emozioni&#8221;.\u00a0 Eravamo partiti a marzo\u00a0 con una serie di interviste sul difficile momento che stavamo vivendo a causa dell&#8217;epidemia da covid 19. Dalle aziende ai professionisti, dagli artigiani agli esperti nei vari settori della societ\u00e0, abbiamo sentito punti di vista e considerazioni, cercando di capire il momento delicato vissuto dalle comunit\u00e0. Abbiamo proseguito testimoniando attraverso le parole degli ospiti la ripresa, la ripartenza lavorativa, culturale e sociale. Nel titolo &#8220;Zero&#8221; rappresentava idealmente il lockdown, &#8220;Uno&#8221; la fase della ripartenza. In mezzo Radio Piu&#8217;, sempre testimone della nostra vita. Ora, cerchiamo di tornare il pi\u00f9 possibile nella normalit\u00e0. &#8220;Da Zero Pi\u00f9 Uno&#8221; a \u201cLa Fabbrica delle Emozioni\u201d riprendendo anche per tradizione il titolo di un anno fa, in apparenza contraddittorio, ma che nel nostro spirito vuole essere un auspicio: tante emozioni da diventare una sorta di fabbrica, nel senso della quantit\u00e0, ma non nella qualit\u00e0, perch\u00e9 le emozioni non sono quasi mai ripetitive. In parte cambia il taglio del programma. Alcune difficolt\u00e0 restano ancora in questo periodo, per la nostra economiia industriale, artigianale, commerciale e turistica, ma la fiducia verso la stagione estiva c&#8217;e&#8217;,\u00a0 vogliamo testimoniarla attraverso le parole degli operatori turistici e commerciali, ma apriamo il dialogo anche verso altre realt\u00e0\u00a0 che possono caratterizzare la bella stagione. Ci saranno forse meno eventi questa estate, anche se ci auguriamo possano essere ripensati in maniera diversa. E noi ci saremo, in un viaggio quotidiano che ci far\u00e0\u00a0 scoprire con fiducia e positivit\u00e0 la possibile strada verso una vita che \u00e8\u00a0 e forse sar\u00e0 un po&#8217; diversa di quella vissuta fin&#8217;ora, ma che ci pu\u00f2&#8217; aprire, nel nostro territorio, a nuove potenzialit\u00e0 e\u00a0 ulteriori sviluppi.<strong> La Fabbrica delle Emozioni, sara&#8217; in onda nei mesi di\u00a0 luglio e agosto dal lunedi al venerdi alle 15.10 e alle 20.30, anche grazie al prezioso supporto di Giornale &amp; Caffe&#8217; di Taibon Agordino.<\/strong><\/p>\n<p>&nbsp;<\/p>\n","protected":false},"excerpt":{"rendered":"<p>&nbsp; di Claudio Fontanive\u00a0 RADIOPIU La rubrica &#8220;Zero Pi\u00f9 Uno&#8221; diventa &#8220;La Fabbrica delle Emozioni&#8221;.\u00a0 Eravamo partiti a marzo\u00a0 con una serie di interviste sul difficile momento che stavamo vivendo a causa dell&#8217;epidemia da covid 19. Dalle aziende ai professionisti, dagli artigiani agli esperti nei vari settori della societ\u00e0, abbiamo sentito punti di vista e&hellip;<\/p>\n","protected":false},"author":1,"featured_media":146634,"comment_status":"closed","ping_status":"closed","sticky":false,"template":"","format":"standard","meta":{"_monsterinsights_skip_tracking":false,"_monsterinsights_sitenote_active":false,"_monsterinsights_sitenote_note":"","_monsterinsights_sitenote_category":0,"footnotes":""},"categories":[49],"tags":[],"class_list":["post-146633","post","type-post","status-publish","format-standard","has-post-thumbnail","hentry","category-news-18","category-49","description-off"],"img_url":"https:\/\/www.radiopiu.net\/wordpress\/wp-content\/uploads\/2020\/06\/21231208_1428419980586085_1115215269049052745_n.jpg","_links":{"self":[{"href":"https:\/\/www.radiopiu.net\/wordpress\/wp-json\/wp\/v2\/posts\/146633","targetHints":{"allow":["GET"]}}],"collection":[{"href":"https:\/\/www.radiopiu.net\/wordpress\/wp-json\/wp\/v2\/posts"}],"about":[{"href":"https:\/\/www.radiopiu.net\/wordpress\/wp-json\/wp\/v2\/types\/post"}],"author":[{"embeddable":true,"href":"https:\/\/www.radiopiu.net\/wordpress\/wp-json\/wp\/v2\/users\/1"}],"replies":[{"embeddable":true,"href":"https:\/\/www.radiopiu.net\/wordpress\/wp-json\/wp\/v2\/comments?post=146633"}],"version-history":[{"count":0,"href":"https:\/\/www.radiopiu.net\/wordpress\/wp-json\/wp\/v2\/posts\/146633\/revisions"}],"wp:featuredmedia":[{"embeddable":true,"href":"https:\/\/www.radiopiu.net\/wordpress\/wp-json\/wp\/v2\/media\/146634"}],"wp:attachment":[{"href":"https:\/\/www.radiopiu.net\/wordpress\/wp-json\/wp\/v2\/media?parent=146633"}],"wp:term":[{"taxonomy":"category","embeddable":true,"href":"https:\/\/www.radiopiu.net\/wordpress\/wp-json\/wp\/v2\/categories?post=146633"},{"taxonomy":"post_tag","embeddable":true,"href":"https:\/\/www.radiopiu.net\/wordpress\/wp-json\/wp\/v2\/tags?post=146633"}],"curies":[{"name":"wp","href":"https:\/\/api.w.org\/{rel}","templated":true}]}}