{"id":146648,"date":"2020-06-28T07:41:43","date_gmt":"2020-06-28T05:41:43","guid":{"rendered":"https:\/\/www.radiopiu.net\/wordpress\/?p=146648"},"modified":"2020-06-28T07:41:18","modified_gmt":"2020-06-28T05:41:18","slug":"come-investire-alla-meno-peggio-i-soldi-dei-fondi-di-confine-due-anni-di-lavoro-e-strada-sbarrata","status":"publish","type":"post","link":"https:\/\/www.radiopiu.net\/wordpress\/come-investire-alla-meno-peggio-i-soldi-dei-fondi-di-confine-due-anni-di-lavoro-e-strada-sbarrata\/","title":{"rendered":"COME INVESTIRE ALLA MENO PEGGIO I SOLDI DEI FONDI DI CONFINE, DUE ANNI DI LAVORO E STRADA SBARRATA"},"content":{"rendered":"<p><strong><a class=\"dt-pswp-item\" href=\"https:\/\/www.radiopiu.net\/wordpress\/wp-content\/uploads\/2019\/07\/31eb652b-6ccb-4560-b741-c4b893a5a7a0.jpg\" data-dt-img-description=\"\" data-large_image_width=\"2048\" data-large_image_height=\"1024\"><img loading=\"lazy\" decoding=\"async\" class=\"size-medium wp-image-146651 alignleft\" src=\"https:\/\/www.radiopiu.net\/wordpress\/wp-content\/uploads\/2019\/07\/31eb652b-6ccb-4560-b741-c4b893a5a7a0-300x150.jpg\" alt=\"\" width=\"300\" height=\"150\" srcset=\"https:\/\/www.radiopiu.net\/wordpress\/wp-content\/uploads\/2019\/07\/31eb652b-6ccb-4560-b741-c4b893a5a7a0-300x150.jpg 300w, https:\/\/www.radiopiu.net\/wordpress\/wp-content\/uploads\/2019\/07\/31eb652b-6ccb-4560-b741-c4b893a5a7a0-1024x512.jpg 1024w, https:\/\/www.radiopiu.net\/wordpress\/wp-content\/uploads\/2019\/07\/31eb652b-6ccb-4560-b741-c4b893a5a7a0-768x384.jpg 768w, https:\/\/www.radiopiu.net\/wordpress\/wp-content\/uploads\/2019\/07\/31eb652b-6ccb-4560-b741-c4b893a5a7a0-1536x768.jpg 1536w, https:\/\/www.radiopiu.net\/wordpress\/wp-content\/uploads\/2019\/07\/31eb652b-6ccb-4560-b741-c4b893a5a7a0.jpg 2048w\" sizes=\"auto, (max-width: 300px) 100vw, 300px\" \/><\/a>TAIBON<\/strong> Verrebbe da sorridere se non fosse da piangere, perch\u00e8 quei soldi stanziati sette anni fa (annualit\u00e0 2013-2014) non hanno trovato concretezza in un&#8217;opera voluta dal Comune e seguita dall&#8217;ufficio tecnico fin dal 30 dicembre 2017. Oltre 332 mila euro dei fondi di confine immobilizzati, viene da sorridere se si pensa che i lavori sono iniziati il 16 aprile 2018, viene da piangere se si pensa invece che erano stati previsti 150 giorni per l&#8217;esecuzione, ovvero doveva essere inaugurata nel settembre del 2018 e invece quella strada \u00e8 ancora sbarrata. Viene da sorridere se si pensa che lo scorso anno la strada era stata aperta, addirittura si ipotizzava anche l&#8217;illuminazione, viene da piangere se si guarda la strada oggi, dei pali per l&#8217;illuminazione nemmeno l&#8217;ombra, peggio: la strada \u00e8 di nuovo chiusa, ermeticamente chiusa non ci passa nemmeno un pedone. Per la verit\u00e0 non \u00e8 stata mai inaugurata, nessun taglio del nastro e probabilmente non \u00e8 stata nemmeno mai collaudata, come dire che per un anno chi ha circolato su quella strada per raggiungere Peden ed evitare lo stretto del Comedon lo ha fatto infrangendo le regole ma sentendosi autorizzato visto che erano state tolte le &#8220;transenne&#8221; una sorta di tacito via libera. Evidentemente tra gli esecutori delle opere e l&#8217;ufficio tecnico comunale \u00e8 successo qualche cosa, lo si intuisce dal commento del sindaco Silvia Tormen che alla richiesta di chiarimenti in modo telegrafico ma assolutamente chiaro risponde:<em> &#8220;E&#8217; una questione tecnica che conosce bene Fulvio Collazuol che \u00e8 appunto il tecnico comunale. Da quanto ne so c&#8217;\u00e8 un procedimento aperto con l&#8217;Anac (\u2019Autorit\u00e0 Nazionale Anticorruzione che si occupa della prevenzione della corruzione nell\u2019ambito delle amministrazioni pubbliche ndr.). Alla base dell&#8217;inghippo un non accordo\u00a0 economico con la ditta costruttrice (Impresa La Bellenese di Santa Giustina, direttori di cantiere Marco e Tito Zollet). \u00a0Secondo l&#8217;Ufficio Tecnico dovrebbe pagare penali per il ritardo della consegna dei lavori e quindi ha avanzato riserve e ad oggi manca il collaudo&#8221;.<\/em> La frazione Lagunal \u00e8 quindi di nuovo privata di un importante collegamento, i fondi di confine non trovano concretezza, la gente si lamenta e il sindaco alla domanda quando si risolver\u00e0 la situazione risponde <em>&#8220;Credo ci vorr\u00e0 qualche mese&#8221;.\u00a0<\/em>Per quanto riguarda l&#8217;illuminazione di una strada buia, quindi anti pedonale, neanche da chiederlo, ora i problemi sono altri ma il paese cerca risposte, stufo di aspettare e vedere un cantiere aperto. Rimane il fatto che per un anno la gente ha continuato a transitare su quella strada fortunatamente non ci sono stati incidenti.<\/p>\n<p>&nbsp;<\/p>\n<hr \/>\n<p><span style=\"color: #ff0000;\"><strong>ARTICOLO PRECEDENTE 20 luglio 2019&#8230;UN ANNO FA SI PENSAVA ALL&#8217;ILLUMINAZIONE<\/strong><\/span><\/p>\n<p><strong>TAIBON <\/strong>Lagunal ecco la nuova strada tutta comunale. Costo oltre 330\u00a0 mila euro: annualit\u00e0 fondi di Confine del 2013. Inizio lavori aprile 2018. Consegna prevista in 150 giorni cio\u00e8 5 mesi&#8230; Un anno dopo tale previsione ci sar\u00e0 il taglio del nastro. Collegher\u00e0 il bivio di Strapont con Peden. Ad oggi mancano i pali della luce e giacche&#8217; anche di strada di emergenza si tratta ci siamo chiesti ma sono previsti?<strong> IL SINDACO DI TAIBON SILVIA TORMEN ASSICURA<\/strong><em> &#8220;I pali della pubblica illuminazione ci sono e al collaudo saranno in piedi &#8220;. <\/em>Speriamo non serva un altro anno per posizionare pali e tirare i cavi &#8230;<\/p>\n<p>https:\/\/www.facebook.com\/mirko.mezzacasa\/videos\/10220268887099179\/<\/p>\n<p>&nbsp;<\/p>\n<p>&nbsp;<\/p>\n<hr \/>\n<p><span style=\"color: #ff0000;\"><strong>ARTICOLO PRECEDENTE 6 LUGLIO 2018&#8230; PER FORTUNA CHE DOVEVA RISOLVERE TUTTE LE PROBLEMATICHE E GARANTIRE SICUREZZE AI CITTADINI\u00a0<\/strong><\/span><\/p>\n<p><strong>TAIBON<\/strong> Mezzi in movimento, terra spostata cantiere aperto. In via Strapont verso Lagunal sono iniziati i lavori di realizzazione di un&#8217;importante strada comunale che permetter\u00e0 di evitare il &#8220;budello&#8221; di Peden dove insiste anche il bivio per Coi e la scuola materna. Lavori possibili grazie all&#8217;annualit\u00e0\u00a0 dei fondi di confine che prelude al miglioramento della viabilit\u00e0 verso la zona alta di Taibon (Coi) ma soprattutto toglie tanti disagi a chi abita in via Lagunal<br \/>\n<strong>IL VICE SINDACO LORIS DE COL<\/strong><\/p>\n<audio class=\"wp-audio-shortcode\" id=\"audio-146648-1\" preload=\"none\" style=\"width: 100%;\" controls=\"controls\"><source type=\"audio\/mpeg\" src=\"http:\/\/www.radiopiu.net\/wordpress\/wp-content\/uploads\/2018\/07\/LORIS-DE-COL.mp3?_=1\" \/><a href=\"http:\/\/www.radiopiu.net\/wordpress\/wp-content\/uploads\/2018\/07\/LORIS-DE-COL.mp3\">http:\/\/www.radiopiu.net\/wordpress\/wp-content\/uploads\/2018\/07\/LORIS-DE-COL.mp3<\/a><\/audio>\n<p>&nbsp;<\/p>\n\n\t\t\t<style type='text\/css'>\n\t\t\t\t#gallery-1 {\n\t\t\t\t\tmargin: auto;\n\t\t\t\t}\n\t\t\t\t#gallery-1 .gallery-item {\n\t\t\t\t\tfloat: left;\n\t\t\t\t\tmargin-top: 10px;\n\t\t\t\t\ttext-align: center;\n\t\t\t\t\twidth: 33%;\n\t\t\t\t}\n\t\t\t\t#gallery-1 img {\n\t\t\t\t\tborder: 2px solid #cfcfcf;\n\t\t\t\t}\n\t\t\t\t#gallery-1 .gallery-caption {\n\t\t\t\t\tmargin-left: 0;\n\t\t\t\t}\n\t\t\t\t\/* see gallery_shortcode() in wp-includes\/media.php *\/\n\t\t\t<\/style>\n\t\t<div id='gallery-1' class='dt-gallery-container gallery galleryid-146648 gallery-columns-3 gallery-size-thumbnail'><dl class='gallery-item'>\n\t\t\t\t<dt class='gallery-icon portrait'>\n\t\t\t\t\t<a class=\"rollover\" href='https:\/\/www.radiopiu.net\/wordpress\/evitare-el-stret-del-comedon\/049d61d4-cee3-4b8e-97a8-92ae7e082919\/'><img loading=\"lazy\" decoding=\"async\" width=\"150\" height=\"150\" src=\"https:\/\/www.radiopiu.net\/wordpress\/wp-content\/uploads\/2018\/07\/049d61d4-cee3-4b8e-97a8-92ae7e082919-150x150.jpg\" class=\"attachment-thumbnail size-thumbnail\" alt=\"\" \/><\/a>\n\t\t\t\t<\/dt><\/dl><dl class='gallery-item'>\n\t\t\t\t<dt class='gallery-icon landscape'>\n\t\t\t\t\t<a class=\"rollover\" href='https:\/\/www.radiopiu.net\/wordpress\/evitare-el-stret-del-comedon\/35c019b0-77ba-4ba4-9e38-0a2b29cb497e\/'><img loading=\"lazy\" decoding=\"async\" width=\"150\" height=\"150\" src=\"https:\/\/www.radiopiu.net\/wordpress\/wp-content\/uploads\/2018\/07\/35c019b0-77ba-4ba4-9e38-0a2b29cb497e-150x150.jpg\" class=\"attachment-thumbnail size-thumbnail\" alt=\"\" \/><\/a>\n\t\t\t\t<\/dt><\/dl><dl class='gallery-item'>\n\t\t\t\t<dt class='gallery-icon portrait'>\n\t\t\t\t\t<a class=\"rollover\" href='https:\/\/www.radiopiu.net\/wordpress\/evitare-el-stret-del-comedon\/17a84f1e-ea11-41e6-964f-b3dc83ec0527\/'><img loading=\"lazy\" decoding=\"async\" width=\"150\" height=\"150\" src=\"https:\/\/www.radiopiu.net\/wordpress\/wp-content\/uploads\/2018\/07\/17a84f1e-ea11-41e6-964f-b3dc83ec0527-150x150.jpg\" class=\"attachment-thumbnail size-thumbnail\" alt=\"\" \/><\/a>\n\t\t\t\t<\/dt><\/dl><br style=\"clear: both\" \/><dl class='gallery-item'>\n\t\t\t\t<dt class='gallery-icon portrait'>\n\t\t\t\t\t<a class=\"rollover\" href='https:\/\/www.radiopiu.net\/wordpress\/evitare-el-stret-del-comedon\/bcf11b9c-5a59-430a-987e-6efd4ab977b0\/'><img loading=\"lazy\" decoding=\"async\" width=\"150\" height=\"150\" src=\"https:\/\/www.radiopiu.net\/wordpress\/wp-content\/uploads\/2018\/07\/bcf11b9c-5a59-430a-987e-6efd4ab977b0-150x150.jpg\" class=\"attachment-thumbnail size-thumbnail\" alt=\"\" \/><\/a>\n\t\t\t\t<\/dt><\/dl><dl class='gallery-item'>\n\t\t\t\t<dt class='gallery-icon landscape'>\n\t\t\t\t\t<a class=\"rollover\" href='https:\/\/www.radiopiu.net\/wordpress\/evitare-el-stret-del-comedon\/688c062e-bd34-42df-926e-3299b5e74ecd\/'><img loading=\"lazy\" decoding=\"async\" width=\"150\" height=\"150\" src=\"https:\/\/www.radiopiu.net\/wordpress\/wp-content\/uploads\/2018\/07\/688c062e-bd34-42df-926e-3299b5e74ecd-150x150.jpg\" class=\"attachment-thumbnail size-thumbnail\" alt=\"\" \/><\/a>\n\t\t\t\t<\/dt><\/dl>\n\t\t\t\t<br style='clear: both' \/>\n\t\t\t<\/div>\n\n<p>&nbsp;<\/p>\n<p>&nbsp;<\/p>\n<p>&nbsp;<\/p>\n<p>.<\/p>\n","protected":false},"excerpt":{"rendered":"<p>TAIBON Verrebbe da sorridere se non fosse da piangere, perch\u00e8 quei soldi stanziati sette anni fa (annualit\u00e0 2013-2014) non hanno trovato concretezza in un&#8217;opera voluta dal Comune e seguita dall&#8217;ufficio tecnico fin dal 30 dicembre 2017. Oltre 332 mila euro dei fondi di confine immobilizzati, viene da sorridere se si pensa che i lavori sono&hellip;<\/p>\n","protected":false},"author":1,"featured_media":146651,"comment_status":"closed","ping_status":"closed","sticky":false,"template":"","format":"standard","meta":{"_monsterinsights_skip_tracking":false,"_monsterinsights_sitenote_active":false,"_monsterinsights_sitenote_note":"","_monsterinsights_sitenote_category":0,"footnotes":""},"categories":[1,104],"tags":[],"class_list":["post-146648","post","type-post","status-publish","format-standard","has-post-thumbnail","hentry","category-senza-categoria","category-evidenza_3","category-1","category-104","description-off"],"img_url":"https:\/\/www.radiopiu.net\/wordpress\/wp-content\/uploads\/2019\/07\/31eb652b-6ccb-4560-b741-c4b893a5a7a0.jpg","_links":{"self":[{"href":"https:\/\/www.radiopiu.net\/wordpress\/wp-json\/wp\/v2\/posts\/146648","targetHints":{"allow":["GET"]}}],"collection":[{"href":"https:\/\/www.radiopiu.net\/wordpress\/wp-json\/wp\/v2\/posts"}],"about":[{"href":"https:\/\/www.radiopiu.net\/wordpress\/wp-json\/wp\/v2\/types\/post"}],"author":[{"embeddable":true,"href":"https:\/\/www.radiopiu.net\/wordpress\/wp-json\/wp\/v2\/users\/1"}],"replies":[{"embeddable":true,"href":"https:\/\/www.radiopiu.net\/wordpress\/wp-json\/wp\/v2\/comments?post=146648"}],"version-history":[{"count":0,"href":"https:\/\/www.radiopiu.net\/wordpress\/wp-json\/wp\/v2\/posts\/146648\/revisions"}],"wp:featuredmedia":[{"embeddable":true,"href":"https:\/\/www.radiopiu.net\/wordpress\/wp-json\/wp\/v2\/media\/146651"}],"wp:attachment":[{"href":"https:\/\/www.radiopiu.net\/wordpress\/wp-json\/wp\/v2\/media?parent=146648"}],"wp:term":[{"taxonomy":"category","embeddable":true,"href":"https:\/\/www.radiopiu.net\/wordpress\/wp-json\/wp\/v2\/categories?post=146648"},{"taxonomy":"post_tag","embeddable":true,"href":"https:\/\/www.radiopiu.net\/wordpress\/wp-json\/wp\/v2\/tags?post=146648"}],"curies":[{"name":"wp","href":"https:\/\/api.w.org\/{rel}","templated":true}]}}