{"id":146657,"date":"2020-06-28T06:00:56","date_gmt":"2020-06-28T04:00:56","guid":{"rendered":"https:\/\/www.radiopiu.net\/wordpress\/?p=146657"},"modified":"2020-06-28T08:35:57","modified_gmt":"2020-06-28T06:35:57","slug":"giornale-radiopiu-28-giugno-2020-direttore-mirko-mezzacasa","status":"publish","type":"post","link":"https:\/\/www.radiopiu.net\/wordpress\/giornale-radiopiu-28-giugno-2020-direttore-mirko-mezzacasa\/","title":{"rendered":"GIORNALE RADIOPIU 28 GIUGNO 2020 DIRETTORE MIRKO MEZZACASA"},"content":{"rendered":"<h3><strong>PER RICEVERE QUESTO NOTIZIARIO DIRETTAMENTE SUL TUO CELLULARE ISCRIVITI AL CANALE TELEGRAM\u00a0<\/strong><strong>\u201cRADIO PIU\u00a0 INFORMAZIONE\u201d<\/strong><\/h3>\n<hr \/>\n<p>&nbsp;<\/p>\n<p><strong>Gestione Servizi Pubblici informa che, per lavori alla rete idrica comunale, DOMANI dalle 8 a FINE LAVORI verr\u00e0 sospesa l\u2019erogazione dell\u2019acqua a S.TOMASO AGORDINO in LOCALITA\u2019 PECOL.<\/strong><\/p>\n<p><strong>Gestione Servizi Pubblici informa che a LIVINALLONGO DEL COL DI LANA nelle LOCALITA\u2019 LARZONEI, SALESEI DI SOPRA, SALESEI DI SOTTO, PIAN DI SALESEI, SALESEI, SOTTOCREPA e FOPPA l\u2019acqua erogata dall\u2019acquedotto non \u00e8 potabile e pu\u00f2 essere usata per scopi alimentari SOLO PREVIA bollitura<\/strong><\/p>\n<p><strong>Da ieri gli Uffici Postali di Lamosano e Tambre\u00a0 d\u2019Alpago sono aperti 6 giorni su 6 col consueto orario: dal lunedi al venerdi dalle 8.20\u00a0 alle 13.35 il sabato dalle 8.20 alle 12.35\u00a0\u00a0<\/strong><\/p>\n<hr \/>\n<p><strong>\u00a0<\/strong><\/p>\n<p><strong>347 DURAN E CEREDA:\u00a0 fino all\u201911 luglio (festivi eclusi) senso unico con semaforo in localit\u00e0 Sant\u2019Andrea (GOSALDO)\u00a0<\/strong><\/p>\n<p><em><strong>PROVINCIALE 20 CAPRILE-SELVA DI CADORE.\u00a0 CHIUSA\u00a0 FINO\u00a0 AL 4 LUGLIO IN LOCALITA\u2019 SOLATOR ANCHE SABATO E DOMENICA. TRANSITO CONSENTITO AI LOCALI CON TEMPI DI ATTESA FINO A 30 MINUTI<\/strong><\/em><\/p>\n<p><em><strong>203 AGORDINA, FINO\u00a0 AL 30 LUGLIO ESCLUSI FESTIVI E PREFESTIVI SENSO UNICO ALTERNATO TRA CANDATEN E PERON. DALLE 730 ALLE 9 E DALLE 1630 ALLE 18 CON MOVIERI, NEGLI ALTRI ORARI SEMAFORO\u00a0<\/strong><\/em><\/p>\n<hr \/>\n<p>&nbsp;<\/p>\n<p>&nbsp;<\/p>\n<blockquote>\n<h3>LA FOTO DEL GIORNO<\/h3>\n<\/blockquote>\n<p><strong>William da Roit con Martina Valmassoi campionessa ski Alp<\/strong><\/p>\n<p><a class=\"dt-pswp-item\" href=\"https:\/\/www.radiopiu.net\/wordpress\/wp-content\/uploads\/2020\/06\/c2b2b1ed-9252-47ca-ab9a-602d6f4195d1.jpg\" data-dt-img-description=\"\" data-large_image_width=\"1600\" data-large_image_height=\"1200\"><img loading=\"lazy\" decoding=\"async\" class=\"alignnone size-medium wp-image-146700\" src=\"https:\/\/www.radiopiu.net\/wordpress\/wp-content\/uploads\/2020\/06\/c2b2b1ed-9252-47ca-ab9a-602d6f4195d1-300x225.jpg\" alt=\"\" width=\"300\" height=\"225\" srcset=\"https:\/\/www.radiopiu.net\/wordpress\/wp-content\/uploads\/2020\/06\/c2b2b1ed-9252-47ca-ab9a-602d6f4195d1-300x225.jpg 300w, https:\/\/www.radiopiu.net\/wordpress\/wp-content\/uploads\/2020\/06\/c2b2b1ed-9252-47ca-ab9a-602d6f4195d1-1024x768.jpg 1024w, https:\/\/www.radiopiu.net\/wordpress\/wp-content\/uploads\/2020\/06\/c2b2b1ed-9252-47ca-ab9a-602d6f4195d1-768x576.jpg 768w, https:\/\/www.radiopiu.net\/wordpress\/wp-content\/uploads\/2020\/06\/c2b2b1ed-9252-47ca-ab9a-602d6f4195d1-1536x1152.jpg 1536w, https:\/\/www.radiopiu.net\/wordpress\/wp-content\/uploads\/2020\/06\/c2b2b1ed-9252-47ca-ab9a-602d6f4195d1.jpg 1600w\" sizes=\"auto, (max-width: 300px) 100vw, 300px\" \/><\/a><\/p>\n<p>&nbsp;<\/p>\n<p>&nbsp;<\/p>\n<p>&nbsp;<\/p>\n<h2>IL RICORDO<\/h2>\n<blockquote><p><strong>A RUDY, DAI COSCRITTI DEL 1974<\/strong><\/p><\/blockquote>\n<p><strong>GOSALDO_TAIBON<\/strong> Quel sorriso, quella voglia di vivere e l&#8217;attaccamento alla sua sposa, ai sui bambini, agli amici ed ai coscritti del 1974. Indimenticato e indimenticabile Rudy Bressan, nell&#8217;anniversario della sco<img loading=\"lazy\" decoding=\"async\" class=\"img alignleft\" src=\"https:\/\/scontent.fmxp3-1.fna.fbcdn.net\/v\/t1.15752-9\/65132082_199545784283779_2213662106119569408_n.png?_nc_cat=100&amp;_nc_oc=AQm7Q4WDqEQr2boNpO8ExekvVA3eaT2KpEii8pJEXlTepX0jdKpFVrgDvduD8DNDbQA&amp;_nc_ht=scontent.fmxp3-1.fna&amp;oh=9512db7b45d5dde2f49d9f3415a1a715&amp;oe=5D7F51DE\" alt=\"\" width=\"111\" height=\"241\" \/>mparsa un dolce sorriso nel ricordo di un amico.<\/p>\n<blockquote>\n<h4><em><a class=\"dt-pswp-item\" href=\"https:\/\/www.radiopiu.net\/wordpress\/wp-content\/uploads\/2019\/06\/105401470_2587849181457238_6315470468924124552_n.jpg\" data-dt-img-description=\"\" data-large_image_width=\"720\" data-large_image_height=\"540\"><img loading=\"lazy\" decoding=\"async\" class=\"size-medium wp-image-146722 alignleft\" src=\"https:\/\/www.radiopiu.net\/wordpress\/wp-content\/uploads\/2019\/06\/105401470_2587849181457238_6315470468924124552_n-300x225.jpg\" alt=\"\" width=\"300\" height=\"225\" srcset=\"https:\/\/www.radiopiu.net\/wordpress\/wp-content\/uploads\/2019\/06\/105401470_2587849181457238_6315470468924124552_n-300x225.jpg 300w, https:\/\/www.radiopiu.net\/wordpress\/wp-content\/uploads\/2019\/06\/105401470_2587849181457238_6315470468924124552_n.jpg 720w\" sizes=\"auto, (max-width: 300px) 100vw, 300px\" \/><\/a>\u201cLe persone speciali arrivano in punta di piedi, ma quanto rumore quanto se ne vanno\u201d<\/em><img loading=\"lazy\" decoding=\"async\" class=\"img alignright\" style=\"font-weight: normal;\" src=\"https:\/\/scontent.fmxp3-1.fna.fbcdn.net\/v\/t1.15752-9\/64989735_475180503292946_599312654082768896_n.png?_nc_cat=105&amp;_nc_oc=AQk6sphap_81UI89max_aQCAxVjTlyFLd5VdjZMK3xO0GvPgxb9wwJ2KVvLc2XZjehQ&amp;_nc_ht=scontent.fmxp3-1.fna&amp;oh=e91a4ae7ca71d4afb4906c4a70a780c2&amp;oe=5DC4C4FE\" alt=\"\" width=\"104\" height=\"231\" \/><em style=\"font-weight: normal;\">.<\/em><\/h4>\n<h4><em style=\"font-weight: normal;\"> Lo hanno scritto i coscritti del 1974 nel ricordo di Rudy, il giovane di Gosaldo ma residente a Taibon che se n\u2019\u00e8 andato\u00a0 in quel drammatico pomeriggio \u00a0sulla strada 203 Agordina che da Cencenighe porta ad Alleghe nel giorno scelto per un giro in moto. Il sorriso inconfondibile di Rudi Bressan, si \u00e8 spento, ma non nel cuore della moglie Anna e dei suoi bimbi, Samuel e Marco e dei coscritti che non lo dimenticano.<\/em><\/h4>\n<\/blockquote>\n<p>&nbsp;<\/p>\n<p>&nbsp;<\/p>\n<p>&nbsp;<\/p>\n<hr \/>\n<blockquote>\n<h3 align=\"JUSTIFY\">RAB NON CE L&#8217;HA FATTA, MUORE IN MOTO IN VALCELLINA, PRIMO INCIDENTE MORTALE DEL FINE SETTIMANA AI CONFINI CON LA PROVINCIA<\/h3>\n<\/blockquote>\n<p><strong><a class=\"dt-pswp-item\" href=\"https:\/\/www.radiopiu.net\/wordpress\/wp-content\/uploads\/2020\/06\/images-1.jpg\" data-dt-img-description=\"\" data-large_image_width=\"360\" data-large_image_height=\"140\"><img loading=\"lazy\" decoding=\"async\" class=\" wp-image-146703 alignleft\" src=\"https:\/\/www.radiopiu.net\/wordpress\/wp-content\/uploads\/2020\/06\/images-1-300x117.jpg\" alt=\"\" width=\"272\" height=\"106\" srcset=\"https:\/\/www.radiopiu.net\/wordpress\/wp-content\/uploads\/2020\/06\/images-1-300x117.jpg 300w, https:\/\/www.radiopiu.net\/wordpress\/wp-content\/uploads\/2020\/06\/images-1.jpg 360w\" sizes=\"auto, (max-width: 272px) 100vw, 272px\" \/><\/a>PONTE NELLE ALPI<\/strong>\u00a0 Aveva 29 anni Rab La Lammari, l&#8217;uomo vittima dell&#8217;incidente mortale lungo la 251 della Valcellina in provincia di Pordenone. Il centauro ha perso il controllo della moto Ducati <a class=\"dt-pswp-item\" href=\"https:\/\/www.radiopiu.net\/wordpress\/wp-content\/uploads\/2020\/06\/74226607_2515762538746079_602319715305521152_n.jpg\" data-dt-img-description=\"\" data-large_image_width=\"956\" data-large_image_height=\"960\"><img loading=\"lazy\" decoding=\"async\" class=\" wp-image-146704 alignright\" src=\"https:\/\/www.radiopiu.net\/wordpress\/wp-content\/uploads\/2020\/06\/74226607_2515762538746079_602319715305521152_n-300x300.jpg\" alt=\"\" width=\"210\" height=\"210\" srcset=\"https:\/\/www.radiopiu.net\/wordpress\/wp-content\/uploads\/2020\/06\/74226607_2515762538746079_602319715305521152_n-300x300.jpg 300w, https:\/\/www.radiopiu.net\/wordpress\/wp-content\/uploads\/2020\/06\/74226607_2515762538746079_602319715305521152_n-150x150.jpg 150w, https:\/\/www.radiopiu.net\/wordpress\/wp-content\/uploads\/2020\/06\/74226607_2515762538746079_602319715305521152_n-768x771.jpg 768w, https:\/\/www.radiopiu.net\/wordpress\/wp-content\/uploads\/2020\/06\/74226607_2515762538746079_602319715305521152_n.jpg 956w\" sizes=\"auto, (max-width: 210px) 100vw, 210px\" \/><\/a>Monster, \u00a0finendo contro il guardrail e poi\u00a0 contro un&#8217;auto che procedeva in senso opposto.\u00a0 Le persone presenti all&#8217;interno dell&#8217;autovettura hanno riportato solo qualche graffio La vittima del grave incidente<strong>, <\/strong>di origine marocchina\u00a0 da molti anni\u00a0 era residente a Ponte nelle Alpi. Sul posto\u00a0 i Carabinieri e una squadra del distaccamento dei vigili del fuoco di Maniago. Alla tremenda scena hanno assistito numerosi bagnanti che in localit\u00e0 Arcola stavano prendendo il sole. La grande passione di Rab era la motocicletta la sua pagina facebook non lascia dubbi, ieri stava tornando verso Longarone in comitiva con un gruppo di amici.<\/p>\n<hr \/>\n<p>&nbsp;<\/p>\n<blockquote>\n<h3>MOTO CONTRO UN MURO, FIDANZATI FERITI<\/h3>\n<\/blockquote>\n<p><strong>QUERO<\/strong> Incidente lungo la regionale 348,\u00a0 lui trasportato in elicottero al C\u00e0 Foncello di Treviso per lei dei problemi a una gamba, portata in ambulanza all&#8217;ospedale di Feltre per le molte escoriazioni rimediate. L&#8217;incidente ieri sera\u00a0 allo\u00a0 svincolo per Quero. La\u00a0 Kawasaki con a bordo M.Z. 27 anni di Padova e la giovane fidanzata \u00e8 uscita autonomamente di strada mentre da Feltre procedeva in direzione Treviso, finendo per sbandare contro il muro<\/p>\n<p>&nbsp;<\/p>\n<p>&nbsp;<\/p>\n<hr \/>\n<p>&nbsp;<\/p>\n<p>&nbsp;<\/p>\n<p>&nbsp;<\/p>\n<blockquote>\n<h2 align=\"JUSTIFY\">FOCOLAIO CORONAVIRUS A FELTRE 5 POSITIVI, IN CORSO NUOVI ACCERTAMENTI<\/h2>\n<\/blockquote>\n<p><strong>di Mirko Mezzacasa<\/strong><\/p>\n<p align=\"JUSTIFY\"><span style=\"font-size: medium;\"><span style=\"font-family: Calibri, serif;\"><span style=\"font-size: large;\"><b>Feltre. <\/b><\/span><\/span><span style=\"font-family: Calibri, serif;\"><span style=\"font-size: large;\">A seguito di due positivit\u00e0 Covid 19 riscontrate ieri pomeriggio in due colleghi di lavoro di un negozio di Feltre \u00e8 stato attivato, come da linee guida regionali, un accurato contact tracing che ha portato all\u2019esecuzione del tampone a 25 contatti dei due casi indicati. Il laboratorio ha reso noti i risultati di queste indagini attestando tre nuove positivit\u00e0: una correlata al caso 1 e due al caso 2. Da ci\u00f2 deriver\u00e0 l\u2019esecuzione di nuovi accertamenti, con le decisioni conseguenti.<\/span><\/span><\/span><\/p>\n<blockquote>\n<p align=\"JUSTIFY\"><em><span style=\"font-size: medium;\"><span style=\"font-family: Calibri, serif;\"><span style=\"font-size: large;\">\u00abSi tratta di un piccolo focolaio epidemico atteso in questa fase che, seppur impegnativa, rientra nella dinamica della coda pandemica\u00bb,<\/span><\/span><\/span><\/em><span style=\"font-size: medium;\"><span style=\"font-family: Calibri, serif;\"><span style=\"font-size: large;\"> spiega Sandro Cinquetti, Direttore del Dipartimento di Prevenzione dell\u2019Ulss Dolomiti.<\/span><\/span><\/span><em><span style=\"font-size: medium;\"><span style=\"font-family: Calibri, serif;\"><span style=\"font-size: large;\"> \u00abNessuno dei casi indicati presenta sintomatologia grave; per essi \u00e8 stato disposto l\u2019isolamento domiciliare. Per\u00a0 tutti gli altri contatti \u00e8 stata attivata la quarantena\u00bb.<\/span><\/span><\/span><\/em><\/p>\n<\/blockquote>\n<h3>DICHIARAZIONE DELL&#8217;ASSESSORE MANUELA LANZARIN, IERI NELL&#8217;INTERVISTA IN DIRETTA SU ANTENNA TRE NELL&#8217;EDIZIONE STRAORDINARIA DEL TG<\/h3>\n<blockquote><p><em>&#8220;&#8221;Abbiamo un caso di positivit\u00e0 in provincia di Belluno, in particolare \u00e8 stato trovato positivo al covid19 un dipendente dell&#8217;Eurobrico di Feltre per questo il centro \u00e8 stato chiuso, per fare un&#8217;indagine epidemiologica perch\u00e9 sono gi\u00e0 due gli addetti risultati positivi.Faccio l&#8217;esempio di Feltre per capire come lavoriamo, chiudiamo per dare il via all&#8217;indagine epidemiologica e quindi isolare i focolai&#8221;<\/em><\/p><\/blockquote>\n<p>&nbsp;<\/p>\n<h1>Ultime 24 ore<\/h1>\n<p><strong>I NUMERI\u00a0 IN VENETO:<\/strong> TOTALE POSITIVI 19270\u00a0 (+7)\u00a0 ATTUALMENTE POSITIVI 471\u00a0 (-10)\u00a0 DECESSI \u00a02007 (0) NEGATIVIZZATI\u00a0 16792\u00a0 (+17) IN ISOLAMENTO 741 (+3)\u00a0 RICOVERATI\u00a0 185 (0\u00a0 16 POSITIVI, 169 NEGATIVIZZATI), NEGLI OSPEDALI DI COMUNITA\u2019 RICOVERATI 30 (-3, 6 POSITIVI,\u00a0 24 NEGATIVIZZATI), IN TERAPIA INTENSIVA 11 (1 POSITIVI,\u00a0 10 NEGATIVIZZATI). DIMESSI 3585\u00a0 (0) <strong>I NUMERI IN PROVINCIA:<\/strong> TOTALE CONTAGI 1187 (+2) , ATTUALMENTE POSITIVI 23\u00a0 (0) , DECEDUTI 112 (0), NEGATIVIZZATI 1050 (+5) ISOLAMENTO DOMICILIARE 67\u00a0 (+7) RICOVERATI IN OSPEDALE AL SAN MARTINO 2 (0)<\/p>\n<p>&nbsp;<\/p>\n<blockquote class=\"wp-embedded-content\" data-secret=\"qGTJTIpMyL\"><p><a href=\"https:\/\/www.radiopiu.net\/wordpress\/27-tab\/\">2 POSITIVI IN PROVINCIA NELLE ULTIME 24 ORE, L&#8217;ASSESSORE LANZARIN COMUNICA LA CHIUSURA DELL&#8217;EUROBRICO DI FELTRE (2 DIPENDENTI POSITIVI) PER AGEVOLARE L&#8217;INDAGINE EPIDEMIOLOGICA, A BELLUNO ALTRE 7 PERSONE IN ISOLAMENTO DOMICILIARE +22 IN TRE GIORNI<\/a><\/p><\/blockquote>\n<p><iframe loading=\"lazy\" class=\"wp-embedded-content\" sandbox=\"allow-scripts\" security=\"restricted\" style=\"position: absolute; clip: rect(1px, 1px, 1px, 1px);\" title=\"&#8220;2 POSITIVI IN PROVINCIA NELLE ULTIME 24 ORE, L&#8217;ASSESSORE LANZARIN COMUNICA LA CHIUSURA DELL&#8217;EUROBRICO DI FELTRE (2 DIPENDENTI POSITIVI) PER AGEVOLARE L&#8217;INDAGINE EPIDEMIOLOGICA, A BELLUNO ALTRE 7 PERSONE IN ISOLAMENTO DOMICILIARE +22 IN TRE GIORNI&#8221; &#8212; Radio Pi\u00f9\" src=\"https:\/\/www.radiopiu.net\/wordpress\/27-tab\/embed\/#?secret=qGTJTIpMyL\" data-secret=\"qGTJTIpMyL\" width=\"600\" height=\"338\" frameborder=\"0\" marginwidth=\"0\" marginheight=\"0\" scrolling=\"no\"><\/iframe><\/p>\n<p>&nbsp;<\/p>\n<p>&nbsp;<\/p>\n<blockquote class=\"wp-embedded-content\" data-secret=\"51tnrZZlSL\"><p><a href=\"https:\/\/www.radiopiu.net\/wordpress\/coronavirus-aggiornamento-nazionale-27-giugno\/\">CORONAVIRUS: AGGIORNAMENTO NAZIONALE 27 GIUGNO<\/a><\/p><\/blockquote>\n<p><iframe loading=\"lazy\" class=\"wp-embedded-content\" sandbox=\"allow-scripts\" security=\"restricted\" style=\"position: absolute; clip: rect(1px, 1px, 1px, 1px);\" title=\"&#8220;CORONAVIRUS: AGGIORNAMENTO NAZIONALE 27 GIUGNO&#8221; &#8212; Radio Pi\u00f9\" src=\"https:\/\/www.radiopiu.net\/wordpress\/coronavirus-aggiornamento-nazionale-27-giugno\/embed\/#?secret=51tnrZZlSL\" data-secret=\"51tnrZZlSL\" width=\"600\" height=\"338\" frameborder=\"0\" marginwidth=\"0\" marginheight=\"0\" scrolling=\"no\"><\/iframe><\/p>\n<p>&nbsp;<\/p>\n<p>&nbsp;<\/p>\n<hr \/>\n<h3><\/h3>\n<blockquote>\n<h2>CICLISTA CADE A FONZASO. IN PROGNOSI RISERVATA A TREVISO<\/h2>\n<\/blockquote>\n<p><strong><img loading=\"lazy\" decoding=\"async\" class=\"alignleft\" src=\"https:\/\/www.radiopiu.net\/wordpress\/wp-content\/uploads\/2016\/08\/carabinieri-6-2.jpg\" width=\"177\" height=\"120\" \/>FONZASO<\/strong> Ieri\u00a0 \u00a0nel comune di Fonzaso, un ciclista \u00e8 uscito autonomamente di strada durante un tratto in discesa. L\u2019uomo, D.Z. 46 anni di Piove di Sacco (PD), \u00e8 stato soccorso ed elitrasportato all\u2019ospedale di Treviso. Il ciclista \u00e8 in prognosi riservata per trauma cranico ed emorragia celebrale. Sul posto anche i carabinieri.<\/p>\n<p>&nbsp;<\/p>\n<p>&nbsp;<\/p>\n<p>&nbsp;<\/p>\n<p>&nbsp;<\/p>\n<hr \/>\n<blockquote>\n<h3><\/h3>\n<h3>ANCORA CADUTE CON LA MOUNTAIN BIKE, SUL GIAU RECUPERATO UN TERRANOVA DI 60 CHILOGRAMMI<\/h3>\n<p><strong>CORTINA<\/strong> Alle 13.30 circa una squadra del Soccorso alpino di Cortina \u00e8 intervenuta sopra il Lago Ghedina per un ciclista caduto dalla propria mountain bike. Tre soccorritori hanno raggiunto P.F., 40 anni, di Treviso, che aveva riportato un probabile trauma alla spalla, lo hanno caricato sul fuoristrada e accompagnato al rendez vous con l&#8217;ambulanza.<\/p>\n<p>Alle 15 i proprietari di un Terranova hanno chiesto aiuto perch\u00e9, arrivati quasi in cima a Forcella Giau percorrendo il sentiero numero 464, il cane, una femmina di 60 chili, si era accasciata, probabilmente per la stanchezza, e non si muoveva pi\u00f9. In accordo col padrone &#8211; un uomo di Bergamo &#8211; dopo aver imbarcato il conduttore di un&#8217;unit\u00e0 cinofila del Soccorso alpino, ha provveduto al recupero l&#8217;elicottero dell&#8217;Air Service Center atterrato nelle vicinanze. La cagnolona, che fa parte di un&#8217;unit\u00e0 cinofila di salvataggio in acqua, \u00e8 stata sollevata di peso e caricata a bordo per essere poi trasportata assieme ai proprietari fino al Passo.<\/p><\/blockquote>\n<p><strong><a class=\"dt-pswp-item\" href=\"https:\/\/www.radiopiu.net\/wordpress\/wp-content\/uploads\/2020\/06\/ELICOTTERO-SUEM.jpg\" data-dt-img-description=\"\" data-large_image_width=\"1368\" data-large_image_height=\"765\"><img loading=\"lazy\" decoding=\"async\" class=\"size-medium wp-image-142190 alignleft\" src=\"https:\/\/www.radiopiu.net\/wordpress\/wp-content\/uploads\/2020\/06\/ELICOTTERO-SUEM-300x168.jpg\" alt=\"\" width=\"300\" height=\"168\" srcset=\"https:\/\/www.radiopiu.net\/wordpress\/wp-content\/uploads\/2020\/06\/ELICOTTERO-SUEM-300x168.jpg 300w, https:\/\/www.radiopiu.net\/wordpress\/wp-content\/uploads\/2020\/06\/ELICOTTERO-SUEM-1024x573.jpg 1024w, https:\/\/www.radiopiu.net\/wordpress\/wp-content\/uploads\/2020\/06\/ELICOTTERO-SUEM-768x429.jpg 768w, https:\/\/www.radiopiu.net\/wordpress\/wp-content\/uploads\/2020\/06\/ELICOTTERO-SUEM.jpg 1368w\" sizes=\"auto, (max-width: 300px) 100vw, 300px\" \/><\/a>BELLUNO<\/strong> Ieri mattina attorno alle 9.30 l&#8217;elicottero del Suem di Pieve di Cadore \u00e8 volato a Borca di Cadore in localit\u00e0 La Chiusa, dove, arrivata a un ponte di legno lungo la ciclabile reso scivoloso dalla pioggia, una donna ha perso il controllo della mountain bike ed \u00e8 caduta sbattendo la testa. Sbarcati con un verricello di 30 metri, equipe medica e tecnico di elisoccorso hanno prestato le prime cure a N.B., 48 anni, di Belluno, per un sospetto trauma cranico. Dopo essere stata imbarellata, l&#8217;infortunata, che si trovava con la famiglia, \u00e8 stata imbarcata con il supporto di una squadra del Soccorso alpino di San Vito di Cadore e trasportata all&#8217;ospedale di Belluno.<\/p>\n<p>Poco prima di mezzogiorno invece, ambulanza e Soccorso alpino di Belluno sono stati inviati in Valle del Mis, a Sospirolo, per un malore sul sentiero dei Cadini del Brenton. Una volta sul posto per\u00f2 i soccorritori non hanno trovato la persona, che si era ripresa e allontanata senza aspettare.<\/p>\n<p>&nbsp;<\/p>\n<p>&nbsp;<\/p>\n<hr \/>\n<p>&nbsp;<\/p>\n<blockquote>\n<h3>IL GEOMETRA PRENDE LE DISTANZE DAI CONSUMATORI &#8220;LA DROGA ERA PER ME&#8221;<\/h3>\n<\/blockquote>\n<p><strong>BELLUNO<\/strong> Il geometra di 44 anni arrestato a Pergine in Valsugana poich\u00e9 in possesso di eroina confezionata nelle sigareette e che alla vista de Carabinieri ha provato a disfarsi dello stupefacente \u00e8 tornato in libert\u00e0. Quella droga era per uso personale, come ha riferito nell&#8217;udienza di convalida tenutatisi difronte al Giudice per le indagini preliminari. In totale 35 grammi di eroina spalmata in 44 sigarette. Il Pubblico Ministero di Trento ha chiesto al Gip la misura dell&#8217;obbligo di dimora nel Comune di residenza.<\/p>\n<p>&nbsp;<\/p>\n<p>&nbsp;<\/p>\n<hr \/>\n<blockquote>\n<h3><\/h3>\n<h3 class=\"entry-title\">COME INVESTIRE ALLA MENO PEGGIO I SOLDI DEI FONDI DI CONFINE, DUE ANNI DI LAVORO E STRADA SBARRATA<\/h3>\n<\/blockquote>\n<p><strong><a class=\"dt-pswp-item\" href=\"https:\/\/www.radiopiu.net\/wordpress\/wp-content\/uploads\/2019\/07\/31eb652b-6ccb-4560-b741-c4b893a5a7a0.jpg\" data-dt-img-description=\"\" data-large_image_width=\"2048\" data-large_image_height=\"1024\"><img loading=\"lazy\" decoding=\"async\" class=\"size-medium wp-image-146651 alignleft\" src=\"https:\/\/www.radiopiu.net\/wordpress\/wp-content\/uploads\/2019\/07\/31eb652b-6ccb-4560-b741-c4b893a5a7a0-300x150.jpg\" alt=\"\" width=\"300\" height=\"150\" srcset=\"https:\/\/www.radiopiu.net\/wordpress\/wp-content\/uploads\/2019\/07\/31eb652b-6ccb-4560-b741-c4b893a5a7a0-300x150.jpg 300w, https:\/\/www.radiopiu.net\/wordpress\/wp-content\/uploads\/2019\/07\/31eb652b-6ccb-4560-b741-c4b893a5a7a0-1024x512.jpg 1024w, https:\/\/www.radiopiu.net\/wordpress\/wp-content\/uploads\/2019\/07\/31eb652b-6ccb-4560-b741-c4b893a5a7a0-768x384.jpg 768w, https:\/\/www.radiopiu.net\/wordpress\/wp-content\/uploads\/2019\/07\/31eb652b-6ccb-4560-b741-c4b893a5a7a0-1536x768.jpg 1536w, https:\/\/www.radiopiu.net\/wordpress\/wp-content\/uploads\/2019\/07\/31eb652b-6ccb-4560-b741-c4b893a5a7a0.jpg 2048w\" sizes=\"auto, (max-width: 300px) 100vw, 300px\" \/><\/a>TAIBON<\/strong> Verrebbe da sorridere se non fosse da piangere, perch\u00e8 quei soldi stanziati sette anni fa (annualit\u00e0 2013-2014) non hanno trovato concretezza in un&#8217;opera voluta dal Comune e seguita dall&#8217;ufficio tecnico fin dal 30 dicembre 2017. Oltre 332 mila euro dei fondi di confine immobilizzati, viene da sorridere se si pensa che i lavori sono iniziati il 16 aprile 2018, viene da piangere se si pensa invece che erano stati previsti 150 giorni per l&#8217;esecuzione, ovvero doveva essere inaugurata nel settembre del 2018 e invece quella strada \u00e8 ancora sbarrata. Viene da sorridere se si pensa che lo scorso anno la strada era stata aperta, addirittura si ipotizzava anche l&#8217;illuminazione, viene da piangere se si guarda la strada oggi, dei pali per l&#8217;illuminazione nemmeno l&#8217;ombra, peggio: la strada \u00e8 di nuovo chiusa, ermeticamente chiusa non ci passa nemmeno un pedone. Per la verit\u00e0 non \u00e8 stata mai inaugurata, nessun taglio del nastro e probabilmente non \u00e8 stata nemmeno mai collaudata, come dire che per un anno chi ha circolato su quella strada per raggiungere Peden ed evitare lo stretto del Comedon lo ha fatto infrangendo le regole ma sentendosi autorizzato visto che erano state tolte le &#8220;transenne&#8221; una sorta di tacito via libera. Evidentemente tra gli esecutori delle opere e l&#8217;ufficio tecnico comunale \u00e8 successo qualche cosa, lo si intuisce dal commento del sindaco Silvia Tormen che alla richiesta di chiarimenti in modo telegrafico ma assolutamente chiaro risponde:<em> &#8220;E&#8217; una questione tecnica che conosce bene Fulvio Collazuol che \u00e8 appunto il tecnico comunale. Da quanto ne so c&#8217;\u00e8 un procedimento aperto con l&#8217;Anac (\u2019Autorit\u00e0 Nazionale Anticorruzione che si occupa della prevenzione della corruzione nell\u2019ambito delle amministrazioni pubbliche ndr.). Alla base dell&#8217;inghippo un non accordo\u00a0 economico con la ditta costruttrice (Impresa La Bellunese di Santa Giustina, direttori di cantiere Marco e Tito Zollet). \u00a0Secondo l&#8217;Ufficio Tecnico dovrebbe pagare penali per il ritardo della consegna dei lavori e quindi ha avanzato riserve e ad oggi manca il collaudo&#8221;.<\/em> La frazione Lagunal \u00e8 quindi di nuovo privata di un importante collegamento, i fondi di confine non trovano concretezza, la gente si lamenta e il sindaco alla domanda quando si risolver\u00e0 la situazione risponde <em>&#8220;Credo ci vorr\u00e0 qualche mese&#8221;.\u00a0<\/em>Per quanto riguarda l&#8217;illuminazione di una strada buia, quindi anti pedonale, neanche da chiederlo, ora i problemi sono altri ma il paese cerca risposte, stufo di aspettare e vedere un cantiere aperto. Rimane il fatto che per un anno la gente ha continuato a transitare su quella strada fortunatamente non ci sono stati incidenti.<\/p>\n<p>&nbsp;<\/p>\n<hr \/>\n<p>&nbsp;<\/p>\n<p><span style=\"color: #ff0000;\"><strong>ARTICOLO PRECEDENTE 20 luglio 2019&#8230;UN ANNO FA SI PENSAVA ALL&#8217;ILLUMINAZIONE<\/strong><\/span><\/p>\n<p><strong>TAIBON <\/strong>Lagunal ecco la nuova strada tutta comunale. Costo oltre 330\u00a0 mila euro: annualit\u00e0 fondi di Confine del 2013. Inizio lavori aprile 2018. Consegna prevista in 150 giorni cio\u00e8 5 mesi&#8230; Un anno dopo tale previsione ci sar\u00e0 il taglio del nastro. Collegher\u00e0 il bivio di Strapont con Peden. Ad oggi mancano i pali della luce e giacche&#8217; anche di strada di emergenza si tratta ci siamo chiesti ma sono previsti?<strong> IL SINDACO DI TAIBON SILVIA TORMEN ASSICURA<\/strong><em> &#8220;I pali della pubblica illuminazione ci sono e al collaudo saranno in piedi &#8220;. <\/em>Speriamo non serva un altro anno per posizionare pali e tirare i cavi &#8230;<\/p>\n<p>https:\/\/www.facebook.com\/mirko.mezzacasa\/videos\/10220268887099179\/<\/p>\n<p>&nbsp;<\/p>\n<p>&nbsp;<\/p>\n<hr \/>\n<p><span style=\"color: #ff0000;\"><strong>ARTICOLO PRECEDENTE 6 LUGLIO 2018&#8230; PER FORTUNA CHE DOVEVA RISOLVERE TUTTE LE PROBLEMATICHE E GARANTIRE SICUREZZE AI CITTADINI\u00a0<\/strong><\/span><\/p>\n<p><strong>TAIBON<\/strong> Mezzi in movimento, terra spostata cantiere aperto. In via Strapont verso Lagunal sono iniziati i lavori di realizzazione di un&#8217;importante strada comunale che permetter\u00e0 di evitare il &#8220;budello&#8221; di Peden dove insiste anche il bivio per Coi e la scuola materna. Lavori possibili grazie all&#8217;annualit\u00e0\u00a0 dei fondi di confine che prelude al miglioramento della viabilit\u00e0 verso la zona alta di Taibon (Coi) ma soprattutto toglie tanti disagi a chi abita in via Lagunal<br \/>\n<strong>IL VICE SINDACO LORIS DE COL<\/strong><\/p>\n<audio class=\"wp-audio-shortcode\" id=\"audio-146657-1\" preload=\"none\" style=\"width: 100%;\" controls=\"controls\"><source type=\"audio\/mpeg\" src=\"http:\/\/www.radiopiu.net\/wordpress\/wp-content\/uploads\/2018\/07\/LORIS-DE-COL.mp3?_=1\" \/><a href=\"http:\/\/www.radiopiu.net\/wordpress\/wp-content\/uploads\/2018\/07\/LORIS-DE-COL.mp3\">http:\/\/www.radiopiu.net\/wordpress\/wp-content\/uploads\/2018\/07\/LORIS-DE-COL.mp3<\/a><\/audio>\n<p>&nbsp;<\/p>\n\n\t\t\t<style type='text\/css'>\n\t\t\t\t#gallery-1 {\n\t\t\t\t\tmargin: auto;\n\t\t\t\t}\n\t\t\t\t#gallery-1 .gallery-item {\n\t\t\t\t\tfloat: left;\n\t\t\t\t\tmargin-top: 10px;\n\t\t\t\t\ttext-align: center;\n\t\t\t\t\twidth: 33%;\n\t\t\t\t}\n\t\t\t\t#gallery-1 img {\n\t\t\t\t\tborder: 2px solid #cfcfcf;\n\t\t\t\t}\n\t\t\t\t#gallery-1 .gallery-caption {\n\t\t\t\t\tmargin-left: 0;\n\t\t\t\t}\n\t\t\t\t\/* see gallery_shortcode() in wp-includes\/media.php *\/\n\t\t\t<\/style>\n\t\t<div id='gallery-1' class='dt-gallery-container gallery galleryid-146657 gallery-columns-3 gallery-size-thumbnail'><dl class='gallery-item'>\n\t\t\t\t<dt class='gallery-icon portrait'>\n\t\t\t\t\t<a class=\"rollover\" href='https:\/\/www.radiopiu.net\/wordpress\/evitare-el-stret-del-comedon\/049d61d4-cee3-4b8e-97a8-92ae7e082919\/'><img loading=\"lazy\" decoding=\"async\" width=\"150\" height=\"150\" src=\"https:\/\/www.radiopiu.net\/wordpress\/wp-content\/uploads\/2018\/07\/049d61d4-cee3-4b8e-97a8-92ae7e082919-150x150.jpg\" class=\"attachment-thumbnail size-thumbnail\" alt=\"\" \/><\/a>\n\t\t\t\t<\/dt><\/dl><dl class='gallery-item'>\n\t\t\t\t<dt class='gallery-icon landscape'>\n\t\t\t\t\t<a class=\"rollover\" href='https:\/\/www.radiopiu.net\/wordpress\/evitare-el-stret-del-comedon\/35c019b0-77ba-4ba4-9e38-0a2b29cb497e\/'><img loading=\"lazy\" decoding=\"async\" width=\"150\" height=\"150\" src=\"https:\/\/www.radiopiu.net\/wordpress\/wp-content\/uploads\/2018\/07\/35c019b0-77ba-4ba4-9e38-0a2b29cb497e-150x150.jpg\" class=\"attachment-thumbnail size-thumbnail\" alt=\"\" \/><\/a>\n\t\t\t\t<\/dt><\/dl><dl class='gallery-item'>\n\t\t\t\t<dt class='gallery-icon portrait'>\n\t\t\t\t\t<a class=\"rollover\" href='https:\/\/www.radiopiu.net\/wordpress\/evitare-el-stret-del-comedon\/17a84f1e-ea11-41e6-964f-b3dc83ec0527\/'><img loading=\"lazy\" decoding=\"async\" width=\"150\" height=\"150\" src=\"https:\/\/www.radiopiu.net\/wordpress\/wp-content\/uploads\/2018\/07\/17a84f1e-ea11-41e6-964f-b3dc83ec0527-150x150.jpg\" class=\"attachment-thumbnail size-thumbnail\" alt=\"\" \/><\/a>\n\t\t\t\t<\/dt><\/dl><br style=\"clear: both\" \/><dl class='gallery-item'>\n\t\t\t\t<dt class='gallery-icon portrait'>\n\t\t\t\t\t<a class=\"rollover\" href='https:\/\/www.radiopiu.net\/wordpress\/evitare-el-stret-del-comedon\/bcf11b9c-5a59-430a-987e-6efd4ab977b0\/'><img loading=\"lazy\" decoding=\"async\" width=\"150\" height=\"150\" src=\"https:\/\/www.radiopiu.net\/wordpress\/wp-content\/uploads\/2018\/07\/bcf11b9c-5a59-430a-987e-6efd4ab977b0-150x150.jpg\" class=\"attachment-thumbnail size-thumbnail\" alt=\"\" \/><\/a>\n\t\t\t\t<\/dt><\/dl><dl class='gallery-item'>\n\t\t\t\t<dt class='gallery-icon landscape'>\n\t\t\t\t\t<a class=\"rollover\" href='https:\/\/www.radiopiu.net\/wordpress\/evitare-el-stret-del-comedon\/688c062e-bd34-42df-926e-3299b5e74ecd\/'><img loading=\"lazy\" decoding=\"async\" width=\"150\" height=\"150\" src=\"https:\/\/www.radiopiu.net\/wordpress\/wp-content\/uploads\/2018\/07\/688c062e-bd34-42df-926e-3299b5e74ecd-150x150.jpg\" class=\"attachment-thumbnail size-thumbnail\" alt=\"\" \/><\/a>\n\t\t\t\t<\/dt><\/dl>\n\t\t\t\t<br style='clear: both' \/>\n\t\t\t<\/div>\n\n<p>&nbsp;<\/p>\n<p>&nbsp;<\/p>\n<hr \/>\n<p>&nbsp;<\/p>\n<p>&nbsp;<\/p>\n<blockquote>\n<h3>CENTRI ESTIVI, D\u2019INC\u00c0: \u201cAL VENETO RISORSE PER QUASI 10 MILIONI DI EURO\u201d I FONDI SARANNO DESTINATI AI COMUNI PER POTENZIARE IL SERVIZIO DEI LUOGHI RICREATIVI: \u201cI BAMBINI E RAGAZZI POTRANNO RITORNARE A GIOCARE IN SICUREZZA\u201d<\/h3>\n<\/blockquote>\n<p><strong><a class=\"dt-pswp-item\" href=\"https:\/\/www.radiopiu.net\/wordpress\/wp-content\/uploads\/2020\/04\/FEDERICO-DINCA.png\" data-dt-img-description=\"\" data-large_image_width=\"1018\" data-large_image_height=\"1290\"><img loading=\"lazy\" decoding=\"async\" class=\"size-medium wp-image-132319 alignleft\" src=\"https:\/\/www.radiopiu.net\/wordpress\/wp-content\/uploads\/2020\/04\/FEDERICO-DINCA-237x300.png\" alt=\"\" width=\"237\" height=\"300\" srcset=\"https:\/\/www.radiopiu.net\/wordpress\/wp-content\/uploads\/2020\/04\/FEDERICO-DINCA-237x300.png 237w, https:\/\/www.radiopiu.net\/wordpress\/wp-content\/uploads\/2020\/04\/FEDERICO-DINCA-808x1024.png 808w, https:\/\/www.radiopiu.net\/wordpress\/wp-content\/uploads\/2020\/04\/FEDERICO-DINCA-768x973.png 768w, https:\/\/www.radiopiu.net\/wordpress\/wp-content\/uploads\/2020\/04\/FEDERICO-DINCA.png 1018w\" sizes=\"auto, (max-width: 237px) 100vw, 237px\" \/><\/a>ROMA <\/strong>\u201c<em>I centri estivi sono dei luoghi di aggregazione fondamentali per i nostri ragazzi. Per questo motivo il Governo si \u00e8 impegnato con nuove risorse per potenziare queste strutture, dando ai bambini la possibilit\u00e0 di giocare in sicurezza e ritrovarsi nella stagione estiva dopo il difficile periodo legato all\u2019emergenza Coronavirus. Per il Veneto, grazie al decreto firmato dalla Ministra per le Pari Opportunit\u00e0 e la Famiglia Elena Bonetti, sono previsti 9.828.000 euro<\/em>\u201d.\u00a0Lo afferma il Ministro per i Rapporti con il Parlamento, Federico D\u2019Inc\u00e0, in seguito al decreto per l\u2019erogazione delle risorse per le attivit\u00e0 dei centri estivi.\u00a0\u201c<em>I fondi \u2013 prosegue D\u2019Inc\u00e0 \u2013 saranno destinati ai Comuni per realizzare interventi di potenziamento dei centri estivi diurni, dei servizi socioeducativi territoriali e dei centri con funzione educativa e ricreativa per le attivit\u00e0 dei bambini di et\u00e0 compresa fra i 3 e i 14 anni da giugno a settembre 2020<\/em>\u201d.\u00a0\u201c<em>Per quanto riguarda i soli Comuni capoluogo di provincia della nostra regione \u2013 osserva il Ministro D\u2019Inc\u00e0 \u2013, Belluno ricever\u00e0 62.488,38 euro; Padova 383.348,79; Rovigo 88.232,04 euro; Treviso 156.414,12 euro; Venezia 454.093,04 euro; Verona 486.059,10 euro; Vicenza 211.419,34 euro<\/em>\u201d.\u00a0Il Ministro per i Rapporti con il Parlamento ricorda che \u201c<em>con il decreto Rilancio, il bonus baby sitter, aumentato da 600 a 1200 euro e da 1000 a 2000 per il personale sanitario e le forze dell\u2019ordine, si pu\u00f2 utilizzare anche per i centri estivi. In questa fase complicata provocata dal Covid-19, i bambini e le loro famiglie sono stati costretti a modificare le proprie abitudini: in poco tempo, per\u00f2, il Governo e il Dipartimento per la Famiglia hanno dato un grande segnale di attenzione, svolgendo un importante lavoro per consentire un graduale rientro alla normalit\u00e0, nel rispetto dei protocolli sanitari<\/em>\u201d.<\/p>\n<p>&nbsp;<\/p>\n<p>&nbsp;<\/p>\n<p>&nbsp;<\/p>\n<p>&nbsp;<\/p>\n<hr \/>\n<p>&nbsp;<\/p>\n<p>&nbsp;<\/p>\n<p>&nbsp;<\/p>\n<blockquote>\n<h3>DAL ROTARY UNA DONAZIONE ALLA PNEUMOLOGIA DI BELLUNO<\/h3>\n<\/blockquote>\n<p><strong class=\"photoswipe-wrapper\"><a class=\"dt-pswp-item pspw-wrap-ready\" href=\"https:\/\/i1.wp.com\/www.radiopiu.net\/wordpress\/wp-content\/uploads\/2020\/06\/IMG_7640.jpg?ssl=1\" data-dt-img-description=\"\" data-large_image_width=\"640\" data-large_image_height=\"480\"><img loading=\"lazy\" decoding=\"async\" class=\"alignleft size-medium wp-image-146564\" src=\"https:\/\/i1.wp.com\/www.radiopiu.net\/wordpress\/wp-content\/uploads\/2020\/06\/IMG_7640.jpg?resize=300%2C225&amp;ssl=1\" sizes=\"auto, (max-width: 300px) 100vw, 300px\" srcset=\"https:\/\/i1.wp.com\/www.radiopiu.net\/wordpress\/wp-content\/uploads\/2020\/06\/IMG_7640.jpg?resize=300%2C225&amp;ssl=1 300w, https:\/\/i1.wp.com\/www.radiopiu.net\/wordpress\/wp-content\/uploads\/2020\/06\/IMG_7640.jpg?w=640&amp;ssl=1 640w\" alt=\"\" width=\"300\" height=\"225\" data-recalc-dims=\"1\" \/><\/a>BELLUNO<\/strong>\u00a0Il Rotary Club Belluno ha donato all\u2019Unit\u00e0 Operativa di Pneumologia all\u2019ULSS 1 Dolomiti un ecografo portatile Lumify Philips con due sonde ecografiche e tablet, reparto che \u00e8 stato in prima linea nella gestione della emergenza COVID 19. L\u2019ecografia toracica \u00e8 molto utile nella diagnosi differenziale del paziente con dispnea acuta; \u00e8 di rapida esecuzione, innocua (non utilizza radiazioni), facilmente ripetibile.\u00a0 L\u2019utilizzo di apparecchi portatili consente inoltre l\u2019esecuzione dell\u2019esame al letto del paziente, diminuendo il disagio per l\u2019ammalato. L\u2019apparecchio donato \u00e8 un ecografo che unisce alla portabilit\u00e0, in quanto la sonda ecografica pu\u00f2 essere connessa ad un tablet o a uno smartphone, una piattaforma software di alta qualit\u00e0 che permetter\u00e0 di migliorare l\u2019accuratezza diagnostica delle patologie toraco-polmonari. Nel corso dell\u2019incontro che si \u00e8 tenuto oggi presso la Pneumologia a Belluno, alla presenza del Direttore dell\u2019UO dr. Rodolfo Muzzolon, il Governatore del Rotary Cub dott. Massimo Ballotta ha sottolineato come la donazione, che nel complesso riguarda 22 ecografi distribuiti all\u2019interno del Distretto Rotary 2060 (Veneto, Friuli Venezia Giulia e Trentino Alto Adige) sia stata resa possibile attraverso l\u2019impiego dei fondi del Rotary Foundation International. Il Direttore Generale, dott. Adriano Rasi Caldogno, ha ringraziato i presenti, tra i quali i Presidenti del Rotary Club di Belluno Felice Gaiardo, del Rotary Club Cortina Cadore Patrizia Luca e del Rotary Club Feltre Nicol\u00f2 Doglioni per la donazione che sar\u00e0 di grande supporto all\u2019attivit\u00e0 clinica quotidiana dei Medici della Pneumologia ed avr\u00e0 una utilit\u00e0 nel tempo oltre la fase di emergenza sanitaria.<\/p>\n<p>&nbsp;<\/p>\n<p>&nbsp;<\/p>\n<p>&nbsp;<\/p>\n<hr \/>\n<p>&nbsp;<\/p>\n<blockquote>\n<h3><\/h3>\n<h3>IDEE IN CAMMINO: PER ESCURSIONI A FELTRE E NON SOLO\u2026 LUNED\u00cc SERA AL CAMPUS \u201cTINA MERLIN\u201d LA PRESENTAZIONE DEGLI ITINERARI FELTRINI DEL PROGETTO \u201cTREKKING FELTRE-VALBELLUNA\u201d<\/h3>\n<\/blockquote>\n<p><strong class=\"photoswipe-wrapper\"><a class=\"dt-pswp-item pspw-wrap-ready\" href=\"https:\/\/i1.wp.com\/www.radiopiu.net\/wordpress\/wp-content\/uploads\/2020\/06\/29d8a174-55cb-4a74-afa7-12ef1005cc04.jpg?ssl=1\" data-dt-img-description=\"\" data-large_image_width=\"2040\" data-large_image_height=\"1322\"><img loading=\"lazy\" decoding=\"async\" class=\"size-medium wp-image-146518 alignleft\" src=\"https:\/\/i1.wp.com\/www.radiopiu.net\/wordpress\/wp-content\/uploads\/2020\/06\/29d8a174-55cb-4a74-afa7-12ef1005cc04.jpg?resize=300%2C194&amp;ssl=1\" sizes=\"auto, (max-width: 300px) 100vw, 300px\" srcset=\"https:\/\/i1.wp.com\/www.radiopiu.net\/wordpress\/wp-content\/uploads\/2020\/06\/29d8a174-55cb-4a74-afa7-12ef1005cc04.jpg?resize=300%2C194&amp;ssl=1 300w, https:\/\/i1.wp.com\/www.radiopiu.net\/wordpress\/wp-content\/uploads\/2020\/06\/29d8a174-55cb-4a74-afa7-12ef1005cc04.jpg?resize=1024%2C664&amp;ssl=1 1024w, https:\/\/i1.wp.com\/www.radiopiu.net\/wordpress\/wp-content\/uploads\/2020\/06\/29d8a174-55cb-4a74-afa7-12ef1005cc04.jpg?resize=768%2C498&amp;ssl=1 768w, https:\/\/i1.wp.com\/www.radiopiu.net\/wordpress\/wp-content\/uploads\/2020\/06\/29d8a174-55cb-4a74-afa7-12ef1005cc04.jpg?resize=1536%2C995&amp;ssl=1 1536w, https:\/\/i1.wp.com\/www.radiopiu.net\/wordpress\/wp-content\/uploads\/2020\/06\/29d8a174-55cb-4a74-afa7-12ef1005cc04.jpg?w=2040&amp;ssl=1 2040w\" alt=\"\" width=\"300\" height=\"194\" data-recalc-dims=\"1\" \/><\/a>FELTRE\u00a0<\/strong>Chi passeggia per Feltre avr\u00e0 notato come da qualche tempo, sia all\u2019interno della citt\u00e0 sia nei suoi ambiti frazionali, siano presenti delle nuove tabelle escursionistiche che hanno lo scopo di guidare \u2013 meglio se corredate dalla mappa dedicata e le \u201ctracce digitali\u201d del sistema GPX, consultabili con strumenti \u201csmart\u201d -, camminatori o ciclisti lungo percorsi naturalistici e culturali di particolare rilievo.\u00a0Luned\u00ec 29 giugno alle 20.30, presso il Campus Tina Merlin di Borgo Ruga, si terr\u00e0 un incontro per presentare questi itinerari escursionistici feltrini mappati e tabellati all\u2019interno del progetto \u2013 realizzato con la regia del Comune di Feltre e del Consorzio Dolomiti Prealpi \u2013 denominato \u201cTrekking Feltre \u2013 Valbelluna\u201d. Durante l\u2019incontro verranno illustrati in particolar modo i percorsi tematici relativi al territorio feltrino, confluiti in una\u00a0<i>Carta Tabacco<\/i>\u00a0la cui pubblicazione \u00e8 stata finanziata con le risorse del Fondo Comuni Confinanti. Naturalmente, gli itinerari mappati in quel progetto sono relativi ad un territorio pi\u00f9 vasto, che comprende anche altri comuni del Feltrino e della Valbelluna a forte valenza turistica.\u00a0All\u2019incontro, introdotto e coordinato dall\u2019assessore all\u2019Ambiente e ai Beni Comuni del Comune di Feltre Valter Bonan, sar\u00e0 presente anche il Consorzio Dolomiti Prealpi, oltre ad alcune delle guide che hanno realizzato gli itinerari escursionistici tematici del progetto, insieme agli enti promotori.<\/p>\n<p><strong>L&#8217;ASSESSORE DEL COMUNE DI FELTRE VALTER BONAN<\/strong><\/p>\n<audio class=\"wp-audio-shortcode\" id=\"audio-146657-2\" preload=\"none\" style=\"width: 100%;\" controls=\"controls\"><source type=\"audio\/mpeg\" src=\"https:\/\/www.radiopiu.net\/wordpress\/wp-content\/uploads\/2020\/06\/BONAN-FELTRE-ITINERARI.mp3?_=2\" \/><a href=\"https:\/\/www.radiopiu.net\/wordpress\/wp-content\/uploads\/2020\/06\/BONAN-FELTRE-ITINERARI.mp3\">https:\/\/www.radiopiu.net\/wordpress\/wp-content\/uploads\/2020\/06\/BONAN-FELTRE-ITINERARI.mp3<\/a><\/audio>\n<p>&nbsp;<\/p>\n<p>&nbsp;<\/p>\n<hr \/>\n<p>&nbsp;<\/p>\n<p>&nbsp;<\/p>\n<blockquote>\n<h3>DOMANI SAN PIERO SENZA SAGRA MA CON LA FIERA, LE GIOSTRE E IL RITORNO DI MONSIGNOR LINO MOTTES<\/h3>\n<\/blockquote>\n<p class=\"photoswipe-wrapper\"><strong class=\"photoswipe-wrapper\"><a class=\"dt-pswp-item pspw-wrap-ready\" href=\"https:\/\/i1.wp.com\/www.radiopiu.net\/wordpress\/wp-content\/uploads\/2020\/06\/54897903-2567-4ee2-86d4-e11e503a7a13.jpg?ssl=1\" data-dt-img-description=\"\" data-large_image_width=\"960\" data-large_image_height=\"720\"><img loading=\"lazy\" decoding=\"async\" class=\"alignleft wp-image-146574\" src=\"https:\/\/i0.wp.com\/www.radiopiu.net\/wordpress\/wp-content\/uploads\/2020\/06\/54897903-2567-4ee2-86d4-e11e503a7a13-300x225.jpg?resize=223%2C167&amp;ssl=1\" sizes=\"auto, (max-width: 223px) 100vw, 223px\" srcset=\"https:\/\/i1.wp.com\/www.radiopiu.net\/wordpress\/wp-content\/uploads\/2020\/06\/54897903-2567-4ee2-86d4-e11e503a7a13.jpg?resize=300%2C225&amp;ssl=1 300w, https:\/\/i1.wp.com\/www.radiopiu.net\/wordpress\/wp-content\/uploads\/2020\/06\/54897903-2567-4ee2-86d4-e11e503a7a13.jpg?resize=768%2C576&amp;ssl=1 768w, https:\/\/i1.wp.com\/www.radiopiu.net\/wordpress\/wp-content\/uploads\/2020\/06\/54897903-2567-4ee2-86d4-e11e503a7a13.jpg?w=960&amp;ssl=1 960w\" alt=\"\" width=\"223\" height=\"167\" data-recalc-dims=\"1\" \/><\/a>AGORDO<\/strong>\u00a0La notizia l\u2019ha data alla radio Don Cesare<em>\u00a0\u201cLunedi in chiesa per le celebrazioni dei Santi Patroni Pietro e Paolo ho invitato Monsignor Lino Mottes gi\u00e0 Arcidiacono ad Agordo, sar\u00e0 l\u2019occasione anche per rinnovargli gli auguri perch\u00e9 di recente ha compiuto 90 anni\u201d<\/em>. Il programma religioso non subisce variazioni da covid19, contrariamente la sagra sul Broi non sar\u00e0 organizzata come gi\u00e0 successo a Taibon a Pasqua, Rivamonte a Sant\u2019Antonio e Canale d\u2019Agordo per San Giovanni. La tradizionale fiera mercato non mancher\u00e0 attorno al Broi e lungo Viale Sommariva dalle 7 alle 19 seguendo scrupolosamente le linee guida post covid19.<em>\u00a0\u201cA questo proposito \u2013 ha detto il sindaco di Agordo Roberto Chissal\u00e8 \u2013 gi\u00e0 da ora il mio ringraziamento a uomini e donne della Protezione Civile per il loro impegno, non solo per questa occasione ma ogni qualvolta il territorio chiama, persone importanti, figure indispensabili per la nostra comunit\u00e0\u201d.\u00a0<\/em>Il prato verde in centro alla citt\u00e0 si \u00e8 riempito di colori e bambini\u2026 sono arrivate le giostre. Si tratta delle prime uscite post pandemia, dopo la prova generale a Canale\u00a0<a class=\"dt-pswp-item pspw-wrap-ready\" href=\"https:\/\/i2.wp.com\/www.radiopiu.net\/wordpress\/wp-content\/uploads\/2020\/06\/0c7cfd94-75fc-4213-b29a-09fb02e9f978.jpg?ssl=1\" data-dt-img-description=\"\" data-large_image_width=\"960\" data-large_image_height=\"720\"><img loading=\"lazy\" decoding=\"async\" class=\" wp-image-146569 alignright\" src=\"https:\/\/i2.wp.com\/www.radiopiu.net\/wordpress\/wp-content\/uploads\/2020\/06\/0c7cfd94-75fc-4213-b29a-09fb02e9f978.jpg?resize=224%2C168&amp;ssl=1\" sizes=\"auto, (max-width: 224px) 100vw, 224px\" srcset=\"https:\/\/i2.wp.com\/www.radiopiu.net\/wordpress\/wp-content\/uploads\/2020\/06\/0c7cfd94-75fc-4213-b29a-09fb02e9f978.jpg?resize=300%2C225&amp;ssl=1 300w, https:\/\/i2.wp.com\/www.radiopiu.net\/wordpress\/wp-content\/uploads\/2020\/06\/0c7cfd94-75fc-4213-b29a-09fb02e9f978.jpg?resize=768%2C576&amp;ssl=1 768w, https:\/\/i2.wp.com\/www.radiopiu.net\/wordpress\/wp-content\/uploads\/2020\/06\/0c7cfd94-75fc-4213-b29a-09fb02e9f978.jpg?w=960&amp;ssl=1 960w\" alt=\"\" width=\"224\" height=\"168\" data-recalc-dims=\"1\" \/><\/a>d\u2019Agordo tocca al capoluogo di vallata.\u00a0<em>\u201cA Canale d\u2019Agordo \u00e8 stata una bella festa \u2013 racconta Enrico Rossi che gestisce tra l\u2019altro il Tagad\u00e0, volto noto in vallata fin da quando era ragazzino e veniva con i genitori \u2013 ad Agordo sar\u00e0 altrettanto bello perch\u00e9 \u00e8 sempre piacevole ritornare tra queste valli. Per noi \u00e8 stato un periodo davvero duro, per tutta la primavera e inizio estate non abbiamo potuto lavorare, ora auspichiamo che le cose migliorino\u201d<\/em>. Come detto non ci sar\u00e0 il tendone delle feste ma Ad Agordo Proloco si \u00e8 fatta comunque promotrice di un\u2019iniziativa importante, sostenere\u00a0 alcuni ristoranti che presenteranno il piatto San Piero (pastim, schiz, funghi, capus sofegadi e polenta), lunedi nei ristoranti: Pizzeria Da Silvio\u00a0 e Hotel Villa Imperina in localit\u00e0 Pragrande, Ristorante Da Carla a Rif, Pizzeria Agordina e Hotel Erice. Anche Luxottica lunedi ferma gli impianti, come ogni anno in occasione delle festivit\u00e0 patronale giornata di riposo per tutti i dipendenti, di tutti gli stabilimenti del gruppo eccetto i siti Barberini, Logistica, Remix e Rx<\/p>\n<p>&nbsp;<\/p>\n<p>&nbsp;<\/p>\n<p>&nbsp;<\/p>\n<hr \/>\n<p>&nbsp;<\/p>\n<p>&nbsp;<\/p>\n<blockquote>\n<h3>FIORIN FIORELLO TAIBON E\u2019 BELLO\u2026<\/h3>\n<\/blockquote>\n<p><strong>TAIBON\u00a0<\/strong>Come di consuetudine anche quest\u2019anno il comune ha provveduto ad abbellire con i fiori i ponti principali del paese, la piazzetta di San Cipriano, le piazzole picnic in Valle di San Lucano e il monumento ai caduti in piazza del Municipio. Verranno curati amorevolmente da volontari che abitano nelle vicinanze e, sul Pont Grant, da giovani ragazze volenterose che abbiamo colto in \u201cflagrante\u201d. Un altro gran esempio di come la popolazione di Taibon sia disponibile e collaborativa. Siamo riconoscenti anche agli abitanti delle varie frazioni che spontaneamente adornano le loro fontane, piazzette e quant\u2019altro affinch\u00e9 anche il passante possa \u201clustrase l\u2019ocio\u201d.<\/p>\n\n\t\t\t<style type='text\/css'>\n\t\t\t\t#gallery-2 {\n\t\t\t\t\tmargin: auto;\n\t\t\t\t}\n\t\t\t\t#gallery-2 .gallery-item {\n\t\t\t\t\tfloat: left;\n\t\t\t\t\tmargin-top: 10px;\n\t\t\t\t\ttext-align: center;\n\t\t\t\t\twidth: 50%;\n\t\t\t\t}\n\t\t\t\t#gallery-2 img {\n\t\t\t\t\tborder: 2px solid #cfcfcf;\n\t\t\t\t}\n\t\t\t\t#gallery-2 .gallery-caption {\n\t\t\t\t\tmargin-left: 0;\n\t\t\t\t}\n\t\t\t\t\/* see gallery_shortcode() in wp-includes\/media.php *\/\n\t\t\t<\/style>\n\t\t<div id='gallery-2' class='dt-gallery-container gallery galleryid-146657 gallery-columns-2 gallery-size-medium'><dl class='gallery-item'>\n\t\t\t\t<dt class='gallery-icon landscape'>\n\t\t\t\t\t<a class=\"rollover\" href='https:\/\/www.radiopiu.net\/wordpress\/fiorin-fiorello-taibon-e-bello\/dc14b499-deb3-4436-86b0-bf7c25f41bc4\/'><img loading=\"lazy\" decoding=\"async\" width=\"300\" height=\"225\" src=\"https:\/\/www.radiopiu.net\/wordpress\/wp-content\/uploads\/2020\/06\/dc14b499-deb3-4436-86b0-bf7c25f41bc4-300x225.jpg\" class=\"attachment-medium size-medium\" alt=\"\" srcset=\"https:\/\/www.radiopiu.net\/wordpress\/wp-content\/uploads\/2020\/06\/dc14b499-deb3-4436-86b0-bf7c25f41bc4-300x225.jpg 300w, https:\/\/www.radiopiu.net\/wordpress\/wp-content\/uploads\/2020\/06\/dc14b499-deb3-4436-86b0-bf7c25f41bc4-1024x768.jpg 1024w, https:\/\/www.radiopiu.net\/wordpress\/wp-content\/uploads\/2020\/06\/dc14b499-deb3-4436-86b0-bf7c25f41bc4-768x576.jpg 768w, https:\/\/www.radiopiu.net\/wordpress\/wp-content\/uploads\/2020\/06\/dc14b499-deb3-4436-86b0-bf7c25f41bc4-1536x1152.jpg 1536w, https:\/\/www.radiopiu.net\/wordpress\/wp-content\/uploads\/2020\/06\/dc14b499-deb3-4436-86b0-bf7c25f41bc4.jpg 1600w\" sizes=\"auto, (max-width: 300px) 100vw, 300px\" \/><\/a>\n\t\t\t\t<\/dt><\/dl><dl class='gallery-item'>\n\t\t\t\t<dt class='gallery-icon landscape'>\n\t\t\t\t\t<a class=\"rollover\" href='https:\/\/www.radiopiu.net\/wordpress\/fiorin-fiorello-taibon-e-bello\/55a246e3-0948-4922-908d-2a7e04c39cc2\/'><img loading=\"lazy\" decoding=\"async\" width=\"300\" height=\"225\" src=\"https:\/\/www.radiopiu.net\/wordpress\/wp-content\/uploads\/2020\/06\/55a246e3-0948-4922-908d-2a7e04c39cc2-300x225.jpg\" class=\"attachment-medium size-medium\" alt=\"\" srcset=\"https:\/\/www.radiopiu.net\/wordpress\/wp-content\/uploads\/2020\/06\/55a246e3-0948-4922-908d-2a7e04c39cc2-300x225.jpg 300w, https:\/\/www.radiopiu.net\/wordpress\/wp-content\/uploads\/2020\/06\/55a246e3-0948-4922-908d-2a7e04c39cc2-1024x768.jpg 1024w, https:\/\/www.radiopiu.net\/wordpress\/wp-content\/uploads\/2020\/06\/55a246e3-0948-4922-908d-2a7e04c39cc2-768x576.jpg 768w, https:\/\/www.radiopiu.net\/wordpress\/wp-content\/uploads\/2020\/06\/55a246e3-0948-4922-908d-2a7e04c39cc2-1536x1152.jpg 1536w, https:\/\/www.radiopiu.net\/wordpress\/wp-content\/uploads\/2020\/06\/55a246e3-0948-4922-908d-2a7e04c39cc2.jpg 1984w\" sizes=\"auto, (max-width: 300px) 100vw, 300px\" \/><\/a>\n\t\t\t\t<\/dt><\/dl><br style=\"clear: both\" \/>\n\t\t\t<\/div>\n\n<p>&nbsp;<\/p>\n<p>&nbsp;<\/p>\n<hr \/>\n<p>&nbsp;<\/p>\n<p>&nbsp;<\/p>\n<blockquote>\n<h3>CICLABILE DI ALLEGHE SEGNALETICA CARENTE, LE CRITICHE DI UN TURISTA NELLA LETTERA AI SINDACI<\/h3>\n<\/blockquote>\n<blockquote><p><em>Riceviamo e volentieri pubblichiamo la lettera di Giorgio Troni (Venezia) inviata ai sindaci di Rocca Pietore Andrea De Bernardin e di Alleghe Danilo De Toni. Il riferimento alla ciclabile della Val Cordevole, la stessa in questi giorni oggetto di critiche inascoltate a tutti i livelli dove una ditta sta &#8220;grattando&#8221; l&#8217;asfalto posizionato pochi mesi fa (era come un biliardo) perch\u00e9 per qualcuno il colore stona con l&#8217;ambiente. Per questa &#8220;grattata&#8221; saranno spesi &#8211; lo ricordava l&#8217;ex sindaco di Alleghe Siro De Biasio &#8211; oltre 30 mila euro.<\/em><\/p><\/blockquote>\n<p><strong>LE LETTERA<\/strong><\/p>\n<div dir=\"auto\">\n<div dir=\"auto\">\n<div dir=\"auto\"><a class=\"dt-pswp-item\" href=\"https:\/\/www.radiopiu.net\/wordpress\/wp-content\/uploads\/2020\/06\/7cf5e6b2-6460-4242-95d5-5bac7a551b02.jpg\" data-dt-img-description=\"\" data-large_image_width=\"1200\" data-large_image_height=\"1600\"><img loading=\"lazy\" decoding=\"async\" class=\"size-medium wp-image-145944 alignleft\" src=\"https:\/\/www.radiopiu.net\/wordpress\/wp-content\/uploads\/2020\/06\/7cf5e6b2-6460-4242-95d5-5bac7a551b02-225x300.jpg\" alt=\"\" width=\"225\" height=\"300\" srcset=\"https:\/\/www.radiopiu.net\/wordpress\/wp-content\/uploads\/2020\/06\/7cf5e6b2-6460-4242-95d5-5bac7a551b02-225x300.jpg 225w, https:\/\/www.radiopiu.net\/wordpress\/wp-content\/uploads\/2020\/06\/7cf5e6b2-6460-4242-95d5-5bac7a551b02-768x1024.jpg 768w, https:\/\/www.radiopiu.net\/wordpress\/wp-content\/uploads\/2020\/06\/7cf5e6b2-6460-4242-95d5-5bac7a551b02-1152x1536.jpg 1152w, https:\/\/www.radiopiu.net\/wordpress\/wp-content\/uploads\/2020\/06\/7cf5e6b2-6460-4242-95d5-5bac7a551b02.jpg 1200w\" sizes=\"auto, (max-width: 225px) 100vw, 225px\" \/><\/a>Sono un assiduo frequentatore delle nostre montagne, nella stagione invernale, in quella estiva e in tutti gli altri momenti dell&#8217;anno in cui riesco a venire.<\/div>\n<div dir=\"auto\">Vi scrivo in relazione alla ciclabile che fino all&#8217;uragano Vaja consentiva di arrivare a Malga Ciapela, attraverso fantastici percorsi variegati, di qua e di l\u00e0 del lago e poi del torrente.\u00a0 Purtroppo il disastro di un anno e mezzo fa oltre a ben pi\u00f9 gravi sventure ha interrotto questo bellissimo itinerario in vari punti.\u00a0 Ora capisco che i fondi sono pochi e andranno sicuramente destinati ad altre priorit\u00e0 piuttosto che al ripristino delle zone disastrate ma chiedo cortesemente di provvedere almeno all&#8217;apposizione di una minima segnaletica che aiuti i (gi\u00e0 pochi) visitatori a capire quali tratti siano percorribili e quali no. In un momento di crisi come questo, ritengo possa essere molto utile\u00a0 per l&#8217;economia locale il contributo dei visitatori, e dei loro passaparola nel testimoniare le qualit\u00e0 della valle, considerando anche l&#8217;interesse crescente per l&#8217;uso turistico e ricreativo delle biciclette, muscolari ed elettriche. Credo che un&#8217;iniziativa come la segnaletica sia cos\u00ec molto meno costosa di altre, e forse potrebbe anche essere sostenuta da contributi privati (anche solo consentendo la sponsorizzazione delle insegne), ma \u00e8 vostro compito supportarla per facilitarne la realizzazione e fornendo i criteri autorizzativi.<\/div>\n<\/div>\n<\/div>\n<p>&nbsp;<\/p>\n<p>&nbsp;<\/p>\n<p>&nbsp;<\/p>\n<p>&nbsp;<\/p>\n<hr \/>\n<div class=\"page-title-head hgroup\">\n<blockquote>\n<h3><\/h3>\n<h3><\/h3>\n<h3 class=\"entry-title\">QUASI 9 PMI SU 10 NON HANNO CHIESTO PRESTITI AVVALENDOSI DEL FONDO DI GARANZIA<\/h3>\n<\/blockquote>\n<p class=\"photoswipe-wrapper\"><a class=\"dt-pswp-item pspw-wrap-ready\" href=\"https:\/\/i2.wp.com\/www.radiopiu.net\/wordpress\/wp-content\/uploads\/2020\/06\/Schermata-2020-06-27-alle-11.21.20.png?ssl=1\" data-dt-img-description=\"\" data-large_image_width=\"1012\" data-large_image_height=\"1636\"><img loading=\"lazy\" decoding=\"async\" class=\"size-medium wp-image-146654 alignleft jetpack-lazy-image jetpack-lazy-image--handled\" src=\"https:\/\/i2.wp.com\/www.radiopiu.net\/wordpress\/wp-content\/uploads\/2020\/06\/Schermata-2020-06-27-alle-11.21.20.png?resize=186%2C300&amp;ssl=1\" sizes=\"auto, (max-width: 186px) 100vw, 186px\" srcset=\"https:\/\/i2.wp.com\/www.radiopiu.net\/wordpress\/wp-content\/uploads\/2020\/06\/Schermata-2020-06-27-alle-11.21.20.png?resize=186%2C300&amp;ssl=1 186w, https:\/\/i2.wp.com\/www.radiopiu.net\/wordpress\/wp-content\/uploads\/2020\/06\/Schermata-2020-06-27-alle-11.21.20.png?resize=633%2C1024&amp;ssl=1 633w, https:\/\/i2.wp.com\/www.radiopiu.net\/wordpress\/wp-content\/uploads\/2020\/06\/Schermata-2020-06-27-alle-11.21.20.png?resize=768%2C1242&amp;ssl=1 768w, https:\/\/i2.wp.com\/www.radiopiu.net\/wordpress\/wp-content\/uploads\/2020\/06\/Schermata-2020-06-27-alle-11.21.20.png?resize=950%2C1536&amp;ssl=1 950w, https:\/\/i2.wp.com\/www.radiopiu.net\/wordpress\/wp-content\/uploads\/2020\/06\/Schermata-2020-06-27-alle-11.21.20.png?w=1012&amp;ssl=1 1012w\" alt=\"\" width=\"186\" height=\"300\" data-recalc-dims=\"1\" data-lazy-loaded=\"1\" \/><\/a>Dal 17 marzo fino al 25 giugno scorso, le domande pervenute al Fondo di garanzia del Ministero dell\u2019Economia e delle Finanze, cos\u00ec come previsto dai decreti \u201cCura Italia\u201d e \u201cLiquidit\u00e0\u201d , sono state 715.776, per un importo complessivo di finanziamenti richiesti dalle imprese pari a 41 miliardi di euro. A dirlo \u00e8 l\u2019Ufficio studi della CGIA. Sebbene in termini assoluti queste cifre appaiono estremamente significative, correttezza statistica suggerisce che sia preferibile dimensionare l\u2019entit\u00e0 di questo fenomeno attraverso il calcolo dell\u2019incidenza delle domande di finanziamento presentate al Fondo sui potenziali beneficiari di queste misure. Pertanto, se teniamo conto che i possibili fruitori di questi due provvedimenti ammontano a poco pi\u00f9 di 5.460.000 unit\u00e0 , significa che a seguito delle oltre 715.700 domande presentate in questi 3 mesi, solo il 13 per cento del totale degli imprenditori e dei liberi professionisti italiani \u00e8 ricorso a questi aiuti economici. Pertanto, l\u201987 per cento non l\u2019ha fatto. \u201cInsomma, quasi 9 Pmi su 10 non hanno chiesto alcun prestito. Sia chiaro \u2013 segnala il coordinatore dell\u2019Ufficio studi Paolo Zabeo \u2013 se i numeri sono cos\u00ec contenuti la responsabilit\u00e0 non \u00e8 delle banche e nemmeno del Fondo di garanzia, ma \u00e8 riconducibile al fatto che lo strumento ha suscitato pochissimo interesse tra gli imprenditori. Certo, qualche istituto di credito non \u00e8 stato particolarmente solerte nella formulazione delle istruttorie. Tuttavia, con un passivo bancario in capo a ciascuna piccola impresa che in Italia ammonta mediamente a circa 100 mila euro, la quasi totalit\u00e0 di queste realt\u00e0 produttive non ha ritenuto conveniente indebitarsi ulteriormente per risolvere i propri problemi di liquidit\u00e0. Segnaliamo, invece, che avrebbero bisogno di contributi a fondo perduto che fino ad ora sono stati erogati in misura del tutto insufficiente\u201d. Anche il segretario della CGIA, Renato Mason, non manca di sottolineare la necessit\u00e0 di sostenere economicamente le attivit\u00e0 imprenditoriali: \u201cIn un momento di grave crisi economica come questo, non \u00e8 il caso di fare polemiche, tanto meno di accusare chicchessia di inefficienza o scarsa sensibilit\u00e0 nei confronti delle nostre Pmi. Tuttavia, \u00e8 necessario consentire alle aziende di ottenere la liquidit\u00e0 con pi\u00f9 facilit\u00e0, mettendo gli istituti di credito nelle condizioni di farlo. A parit\u00e0 di costi, o quasi, ma con fatturati in caduta libera, se nei prossimi due o tre mesi le piccole aziende non avranno a disposizione la liquidit\u00e0 necessaria per far fronte alle esigenze di ogni giorno, in autunno molte di queste non avranno la forza di rimanere aperte, con effetti occupazionali molto preoccupanti. Ricordo, ad esempio, che nelle realt\u00e0 produttive con meno di 50 addetti sono occupati quasi due terzi degli addetti del settore privato\u201d. Dare liquidit\u00e0 a fondo perduto per evitare la deflazione. Senza liquidit\u00e0, il Paese potrebbe scivolare pericolosamente verso la deflazione. E\u2019 un rischio che ha gi\u00e0 fatto capolino nel mese di maggio quando l\u2019indice dei prezzi al consumo \u00e8 stato del -0,2 per cento sia su base annua che mensile. La deflazione, ricordiamo, si manifesta con un progressivo calo dei prezzi dei beni e dei servizi. Ad un primo acchito la cosa parrebbe positiva: se i prezzi scendono i consumatori ci guadagnano. In realt\u00e0 le cose stanno diversamente: nonostante i prezzi diminuiscono, le famiglie non acquistano, poich\u00e9, a causa delle minori disponibilit\u00e0 economiche e delle aspettative negative, quel poco che viene venduto comporta, per i dettaglianti, margini di guadagno sempre pi\u00f9 risicati. La merce, rimanendo negli scaffali dei supermercati e nelle vetrine dei negozi determina una situazione di difficolt\u00e0 per i commercianti, ma anche per le imprese manifatturiere che, a fronte di tanto invenduto, sono costrette a ridurre la produzione. Tutto questo inizialmente d\u00e0 luogo a un aumento del ricorso alla cassa integrazione che poi sfocia in una forte impennata dei licenziamenti. Insomma, si crea un circolo vizioso che getta nello sconforto l\u2019economia del Paese. Per superare questa situazione, pertanto, \u00e8 necessario iniettare elevate dosi di liquidit\u00e0 nel sistema economico erogando credito alle famiglie, alle imprese e rilanciando gli investimenti, attraverso la realizzazione di quelle opere pubbliche che sono necessarie alla crescita del Paese. Avendo sperimentato che i prestiti bancari previsti dal \u201cCura Italia\u201d e dal decreto \u201cLiquidit\u00e0\u201d non hanno dato i frutti sperati, riteniamo sia necessario rafforzare l\u2019erogazione degli indennizzi diretti alle imprese che sono state \u201cpiegate\u201d dal COVID, almeno fino alla fine di settembre. Al Sud i mini prestiti non interessano- A livello territoriale le Marche, con il 17,8 per cento, hanno registrato la pi\u00f9 alta incidenza di domande a livello nazionale di prestito bancario presentate con l\u2019ausilio del Fondo di garanzia sul numero di Pmi e di lavoratori autonomi ubicati in regione. Seguono l\u2019Emilia Romagna con il 16,4 per cento, la Toscana con il 16,2 per cento e l\u2019Umbria con il 14,8 per cento. Com\u2019era prevedibile, le realt\u00e0 territoriali del Mezzogiorno presentano l\u2019incidenza pi\u00f9 bassa: la Calabria, infatti, fa segnare l\u201911,1, la Sicilia l\u201911, il Molise il 10,9, la Sardegna il 10,5 e la Campania il 10 per cento. Fanalino di coda a livello nazionale \u00e8 il Trentino alto Adige che ha fatto segnare solo il 5,1 per cento di adesioni (vedi Tab. 1).<\/p>\n<p>&nbsp;<\/p>\n<p>&nbsp;<\/p>\n<hr \/>\n<p>&nbsp;<\/p>\n<\/div>\n<blockquote>\n<h3>ZERO PIU\u2019 UNO DIVENTA LA FABBRICA DELLE EMOZIONI<\/h3>\n<\/blockquote>\n<p><strong class=\"photoswipe-wrapper\"><a class=\"dt-pswp-item pspw-wrap-ready\" href=\"https:\/\/i0.wp.com\/www.radiopiu.net\/wordpress\/wp-content\/uploads\/2017\/04\/MyRadioPiu_miaidea.png?ssl=1\" data-dt-img-description=\"\" data-large_image_width=\"483\" data-large_image_height=\"374\"><img loading=\"lazy\" decoding=\"async\" class=\"alignleft wp-image-30709\" src=\"https:\/\/i0.wp.com\/www.radiopiu.net\/wordpress\/wp-content\/uploads\/2017\/04\/MyRadioPiu_miaidea.png?resize=184%2C142&amp;ssl=1\" sizes=\"auto, (max-width: 184px) 100vw, 184px\" srcset=\"https:\/\/i0.wp.com\/www.radiopiu.net\/wordpress\/wp-content\/uploads\/2017\/04\/MyRadioPiu_miaidea.png?resize=300%2C232&amp;ssl=1 300w, https:\/\/i0.wp.com\/www.radiopiu.net\/wordpress\/wp-content\/uploads\/2017\/04\/MyRadioPiu_miaidea.png?w=483&amp;ssl=1 483w\" alt=\"\" width=\"184\" height=\"142\" data-recalc-dims=\"1\" \/><\/a>RADIOPIU<\/strong>\u00a0La rubrica \u201cZero Pi\u00f9 Uno\u201d diventa \u201cLa Fabbrica delle Emozioni\u201d.\u00a0 Eravamo partiti a marzo\u00a0 con una serie di interviste sul difficile momento che stavamo vivendo a causa dell\u2019epidemia da covid 19. Dalle aziende ai professionisti, dagli artigiani agli esperti nei vari settori della societ\u00e0, abbiamo sentito punti di vista e considerazioni, cercando di capire il momento delicato vissuto dalle comunit\u00e0. Abbiamo proseguito testimoniando attraverso le parole degli ospiti la ripresa, la ripartenza lavorativa, culturale e sociale. Nel titolo \u201cZero\u201d rappresentava idealmente il lockdown, \u201cUno\u201d la fase della ripartenza. In mezzo Radio Piu\u2019, sempre testimone della nostra vita. Ora, cerchiamo di tornare il pi\u00f9 possibile nella normalit\u00e0. \u201cDa Zero Pi\u00f9 Uno\u201d a \u201cLa Fabbrica delle Emozioni\u201d riprendendo anche per tradizione il titolo di un anno fa, in apparenza contraddittorio, ma che nel nostro spirito vuole essere un auspicio: tante emozioni da diventare una sorta di fabbrica, nel senso della quantit\u00e0, ma non nella qualit\u00e0, perch\u00e9 le emozioni non sono quasi mai ripetitive. In parte cambia il taglio del programma. Alcune difficolt\u00e0 restano ancora in questo periodo, per la nostra economia industriale, artigianale, commerciale e turistica, ma la fiducia verso la stagione estiva c\u2019e\u2019,\u00a0 vogliamo testimoniarla attraverso le parole degli operatori turistici e commerciali, ma apriamo il dialogo anche verso altre realt\u00e0\u00a0 che possono caratterizzare la bella stagione. Ci saranno forse meno eventi questa estate, anche se ci auguriamo possano essere ripensati in maniera diversa. E noi ci saremo, in un viaggio quotidiano che ci far\u00e0\u00a0 scoprire con fiducia e positivit\u00e0 la possibile strada verso una vita che \u00e8\u00a0 e forse sar\u00e0 un po\u2019 diversa di quella vissuta fin\u2019ora, ma che ci pu\u00f2 aprire, nel nostro territorio, a nuove potenzialit\u00e0 e\u00a0 ulteriori sviluppi.<strong>\u00a0La Fabbrica delle Emozioni, sara\u2019 in onda nei mesi di\u00a0 luglio e agosto dal lunedi al venerdi alle 15.10 e alle 20.30, anche grazie al prezioso supporto di Giornale &amp; Caffe\u2019 di Taibon Agordino.<\/strong><\/p>\n<p>&nbsp;<\/p>\n<p>&nbsp;<\/p>\n<hr \/>\n<p>&nbsp;<\/p>\n<h2><a class=\"dt-pswp-item\" href=\"https:\/\/www.radiopiu.net\/wordpress\/wp-content\/uploads\/2019\/01\/SISTO.jpg\" data-dt-img-description=\"\" data-large_image_width=\"620\" data-large_image_height=\"340\"><img loading=\"lazy\" decoding=\"async\" class=\"size-medium wp-image-73465 alignleft\" src=\"https:\/\/www.radiopiu.net\/wordpress\/wp-content\/uploads\/2019\/01\/SISTO-300x165.jpg\" alt=\"\" width=\"300\" height=\"165\" srcset=\"https:\/\/www.radiopiu.net\/wordpress\/wp-content\/uploads\/2019\/01\/SISTO-300x165.jpg 300w, https:\/\/www.radiopiu.net\/wordpress\/wp-content\/uploads\/2019\/01\/SISTO.jpg 620w\" sizes=\"auto, (max-width: 300px) 100vw, 300px\" \/><\/a><\/h2>\n<h2><\/h2>\n<h2><\/h2>\n<h2>IERI ALLA RADIO<\/h2>\n<h2><span style=\"color: #800080;\">LA RASSEGNA STAMPA DALL&#8217;AMICO DEL POPOLO di Gianni Santomaso\u00a0<\/span><\/h2>\n<audio class=\"wp-audio-shortcode\" id=\"audio-146657-3\" preload=\"none\" style=\"width: 100%;\" controls=\"controls\"><source type=\"audio\/mpeg\" src=\"https:\/\/www.radiopiu.net\/wordpress\/wp-content\/uploads\/2020\/06\/RASSEGNA-GIANNI-3.mp3?_=3\" \/><a href=\"https:\/\/www.radiopiu.net\/wordpress\/wp-content\/uploads\/2020\/06\/RASSEGNA-GIANNI-3.mp3\">https:\/\/www.radiopiu.net\/wordpress\/wp-content\/uploads\/2020\/06\/RASSEGNA-GIANNI-3.mp3<\/a><\/audio>\n<p>&nbsp;<\/p>\n<p>&nbsp;<\/p>\n<hr \/>\n<p>&nbsp;<\/p>\n<p>&nbsp;<\/p>\n<h2><span style=\"color: #ff0000;\">DUE MINUTI UN LIBRO<\/span><\/h2>\n<blockquote class=\"wp-embedded-content\" data-secret=\"W0HmdBhSIb\"><p><a href=\"https:\/\/www.radiopiu.net\/wordpress\/la-storia-della-scienza-raccontata-ai-bambini\/\">LA STORIA DELLA SCIENZA RACCONTATA AI BAMBINI<\/a><\/p><\/blockquote>\n<p><iframe loading=\"lazy\" class=\"wp-embedded-content\" sandbox=\"allow-scripts\" security=\"restricted\" style=\"position: absolute; clip: rect(1px, 1px, 1px, 1px);\" title=\"&#8220;LA STORIA DELLA SCIENZA RACCONTATA AI BAMBINI&#8221; &#8212; Radio Pi\u00f9\" src=\"https:\/\/www.radiopiu.net\/wordpress\/la-storia-della-scienza-raccontata-ai-bambini\/embed\/#?secret=W0HmdBhSIb\" data-secret=\"W0HmdBhSIb\" width=\"600\" height=\"338\" frameborder=\"0\" marginwidth=\"0\" marginheight=\"0\" scrolling=\"no\"><\/iframe><\/p>\n<p><strong>LE ALTRE PUNTATE<\/strong><\/p>\n<blockquote class=\"wp-embedded-content\" data-secret=\"bi7YYGY1za\"><p><a href=\"https:\/\/www.radiopiu.net\/wordpress\/due-minuti-un-libro\/\">Due minuti un libro<\/a><\/p><\/blockquote>\n<p><iframe loading=\"lazy\" class=\"wp-embedded-content\" sandbox=\"allow-scripts\" security=\"restricted\" style=\"position: absolute; clip: rect(1px, 1px, 1px, 1px);\" title=\"&#8220;Due minuti un libro&#8221; &#8212; Radio Pi\u00f9\" src=\"https:\/\/www.radiopiu.net\/wordpress\/due-minuti-un-libro\/embed\/#?secret=bi7YYGY1za\" data-secret=\"bi7YYGY1za\" width=\"600\" height=\"338\" frameborder=\"0\" marginwidth=\"0\" marginheight=\"0\" scrolling=\"no\"><\/iframe><\/p>\n<h2><\/h2>\n<h2><\/h2>\n<h2><span style=\"color: #339966;\">AGORDINOMERON<\/span><\/h2>\n<blockquote class=\"wp-embedded-content\" data-secret=\"Z5qNvM0tUd\"><p><a href=\"https:\/\/www.radiopiu.net\/wordpress\/agordinomeron\/\">AGORDINOMERON, IL TERRITORIO SI RACCONTA Da un&#8217;idea di Gianni Santomaso<\/a><\/p><\/blockquote>\n<p><iframe loading=\"lazy\" class=\"wp-embedded-content\" sandbox=\"allow-scripts\" security=\"restricted\" style=\"position: absolute; clip: rect(1px, 1px, 1px, 1px);\" title=\"&#8220;AGORDINOMERON, IL TERRITORIO SI RACCONTA Da un&#8217;idea di Gianni Santomaso&#8221; &#8212; Radio Pi\u00f9\" src=\"https:\/\/www.radiopiu.net\/wordpress\/agordinomeron\/embed\/#?secret=Z5qNvM0tUd\" data-secret=\"Z5qNvM0tUd\" width=\"600\" height=\"338\" frameborder=\"0\" marginwidth=\"0\" marginheight=\"0\" scrolling=\"no\"><\/iframe><\/p>\n<h2><\/h2>\n<h2><\/h2>\n<h2><span style=\"color: #3366ff;\">IL MESSAGGIO DEI SACERDOTI A RADIO PIU<\/span><\/h2>\n<blockquote class=\"wp-embedded-content\" data-secret=\"0R8Q6Lq5Mz\"><p><a href=\"https:\/\/www.radiopiu.net\/wordpress\/chiesa11\/\">DON CESARE SU RADIO PIU&#8217; ALLE 7.30 E 19.30, PARROCCHIE DI AGORDO, LA VALLE E TAIBON<\/a><\/p><\/blockquote>\n<p><iframe loading=\"lazy\" class=\"wp-embedded-content\" sandbox=\"allow-scripts\" security=\"restricted\" style=\"position: absolute; clip: rect(1px, 1px, 1px, 1px);\" title=\"&#8220;DON CESARE SU RADIO PIU&#8217; ALLE 7.30 E 19.30, PARROCCHIE DI AGORDO, LA VALLE E TAIBON&#8221; &#8212; Radio Pi\u00f9\" src=\"https:\/\/www.radiopiu.net\/wordpress\/chiesa11\/embed\/#?secret=0R8Q6Lq5Mz\" data-secret=\"0R8Q6Lq5Mz\" width=\"600\" height=\"338\" frameborder=\"0\" marginwidth=\"0\" marginheight=\"0\" scrolling=\"no\"><\/iframe><\/p>\n<p>&nbsp;<\/p>\n<hr \/>\n<p>&nbsp;<\/p>\n<p><strong class=\"photoswipe-wrapper\"><a class=\"dt-pswp-item pspw-wrap-ready\" href=\"https:\/\/i0.wp.com\/www.radiopiu.net\/wordpress\/wp-content\/uploads\/2018\/09\/viabilita.jpeg?ssl=1\" data-dt-img-description=\"\" data-large_image_width=\"800\" data-large_image_height=\"100\"><img loading=\"lazy\" decoding=\"async\" class=\"aligncenter wp-image-61954 size-full jetpack-lazy-image jetpack-lazy-image--handled\" src=\"https:\/\/i0.wp.com\/www.radiopiu.net\/wordpress\/wp-content\/uploads\/2018\/09\/viabilita.jpeg?resize=800%2C100&amp;ssl=1\" sizes=\"auto, (max-width: 800px) 100vw, 800px\" srcset=\"https:\/\/i0.wp.com\/www.radiopiu.net\/wordpress\/wp-content\/uploads\/2018\/09\/viabilita.jpeg?w=800&amp;ssl=1 800w, https:\/\/i0.wp.com\/www.radiopiu.net\/wordpress\/wp-content\/uploads\/2018\/09\/viabilita.jpeg?resize=300%2C38&amp;ssl=1 300w, https:\/\/i0.wp.com\/www.radiopiu.net\/wordpress\/wp-content\/uploads\/2018\/09\/viabilita.jpeg?resize=768%2C96&amp;ssl=1 768w\" alt=\"\" width=\"800\" height=\"100\" data-lazy-loaded=\"1\" \/><\/a><\/strong><\/p>\n<p><strong>\u00a0<\/strong><\/p>\n<p>provinciale 641 di passo Fedaia, da lunedi al 31 luglio (festivi e prefestivi eclusi) senso unico in localit\u00e0 Rocca Pietore per sostituzioni barriere laterali<\/p>\n<p>PROVINCIALE 25 PASSO VALLES DA LUNEDI AL 18 LUGLIO (FESTIVI ESCLUSI) SENSO UNICO ALERNATO CON SEMAFORO O MOVIERI PER ESBOSCO<\/p>\n<p>FINO AL 24 LUGLIO SABATO E DOMENICA COMPRESI LUNGO LA 641 DI PASSO FEDAIA IN LOCALIT\u00e0 CAPANNA BILL E COL DI ROCCA, SENSO UNICO ALTERNATO CON SEMAFORO<\/p>\n<p>PROVINCIALE 20 DELLA VAL FIORENTINA, SELVA DI CADORE: FINO AL 4 LUGLIO, CHIUSURA TOTALE TRA SOLATOR E IL CENTRO DEL PAESE ANCHE NEI GIORNI FESTIVI E PREFESTIVI, DAL CHILOMETRO 4.850 AL CHILOMETRO 5.100. TRANSITO CONSENTITO AI LOCALI CON TEMPI DI ATTESA MASSIMI STIMATI IN 30 MINUTI IN LOCALITA\u2019 SOLATOR DAL CHILOMETRO 4.400 AL CHILOMETRO 4.850<\/p>\n<p>STRADA REGIONALE 48 DELLE DOLOMITI, DAL KM 110,350 AL KM 112, SENSO UNICO ALTERNATO REGOLATO DA IMPIANTO SEMAFORICO ANCHE SABATO E FESTIVI FINO\u00a0 AL 30 GIUGNO PER POSA ELETTRODOTTO INTERRATO<\/p>\n<p>PROVINCIALE 563 DI SALESEI, FINO\u00a0 AL 3 LUGLIO, SENSO UNICO ALTERNATO REGOLATO DA IMPIANTO SEMAFORICO IN LOCALIT\u00c0 DIGONERA PER MESSA IN SICUREZZA PIANO VIABILE, SABATO E FESTIVI INCLUSI<\/p>\n<p>STRADA PROVINCIALE 346 DEL SAN PELLEGRINO, NEI COMUNI DI FALCADE, CANALE E VALLADA, FINO\u00a0 AL 3 LUGLIO, INCLUSI SABATI E DOMENICHE, POSSIBILE ISTITUZIONE DI SENSO UNICO ALTERNATO REGOLATO DA MOVIERI PER SOSTITUZIONE CONDUTTORI E MANUTENZIONE LINEA ELETTRICA ALTA TENSIONE<\/p>\n<p>REGIONALE 203 AGORDINA, NEL COMUNE DI CENCENIGHE, FINO\u00a0 AL 3 LUGLIO, INCLUSI SABATI E DOMENICHE, POSSIBILE ISTITUZIONE DI SENSO UNICO ALTERNATO REGOLATO DA MOVIERI PER SOSTITUZIONE CONDUTTORI E MANUTENZIONE LINEA ELETTRICA ALTA TENSIONE<\/p>\n<p>STRADA REGIONA 203 AGORDINA, TRA MAS DI SEDICO E CERNADOI SU TRATTI SALTUARI DI STRADA, FINO\u00a0 AL 30 GIUGNO, ESCLUSO SABATO E DOMENICA, SENSO UNICO ALTERNATO REGOLATO DA IMPIANTO SEMAFORICO PER MESSA IN SICUREZZA BARRIERE DI PROTEZIONE LATERALI<\/p>\n<p>STRADA REGIONALE 48 DELLE DOLOMITI, NEL COMUNE DI LIVINALLONGO DEL COL DI LANA IN LOCALITA\u2019 ANDRAZ, FINO\u00a0 AL 30 GIUGNO SENSO UNICO ALTERNATO REGOLATO DA IMPIANTO SEMAFORICO O MOVIERE CON POSSIBILI BREVI INTERRUZIONI TOTALI AL TRAFFICO DELLA DURATA MASSIMA DI 10 MINUTI, PER LAVORI DI MESSA IN SICUREZZA DEL VERSANTE<\/p>\n<p>STRADA REGIONALE 203 AGORDINA TRA PERON E CANDATEN, DAL 15 GIUGNO AL 31 LUGLIO ESCLUSI SABATI E DOMENICHE, DALLE 7:30 ALLE 9 E E DALLE 16:30 ALLE 18 SENSO UNICO ALTERNATO REGOLATO DA MOVIERI. NEGLI ALTRI ORARI SENSO UNICO ALTERNATO REGOLATO DA SEMAFORO PER INTERRAMENTO CAVIDOTTO E-DISTRIBUZIONE<\/p>\n<p>48 DELLE DOLOMITI, LOCALITA\u2019 ALVERA\u2019 CORTINA D\u2019AMPEZZO LUNGO IL PONTE SUL TORRENTE BIGONTINA. DAL 18 GIUGNO E FINO A REVOCA DIVIETO DI TRANSITO AI VEICOLI AVENTI MASSA A PIENO CARICO SUPERIORE A 24 TONELLATE<\/p>\n<p>PROVINCIALE 1 SINISTRA PIAVE, INTERRUZIONE TOTALE ALLA VIABILTA\u2019 DAL GIORNO 22 GIUGNO FINO A REVOCA PER CEDIMENTO STRUTTURALE DI PARTE DEL FABBRICATO<\/p>\n<p>STRADA PROVINCIALE 6 DI DANTA, NEL COMUNE DI DANTA DI CADORE, DAL 29 GIUGNO AL 14 AGOSTO, COMPRESI SABATI E DOMENICHE, SENSO UNICO ALTERNATO REGOLATO DA IMPIANTO SEMAFORICO PER REALIZZAZIONE CORDOLI E BARRIERE DI SICUREZZA<\/p>\n<p>347 DURAN E CEREDA: FINO ALL\u201911 LUGLIO (FESTIVI ECLUSI) SENSO UNICO CON SEMAFORO IN LOCALIT\u00c0 SANT\u2019ANDREA (GOSALDO)<\/p>\n<p>PROVINCIALE 25 PASSO VALLES DA LUNEDI AL 18 LUGLIO (FESTIVI ESCLUSI) SENSO UNICO ALERNATO CON SEMAFORO O MOVIERI PER ESBOSCO<\/p>\n<p>347 DURAN E CEREDA, NEI COMUNI DI CIBIANA E VALLE DI CADORE, DAL 30 GIUGNO E FINO AL 10 LUGLIO POSSIBILI INTERRUZIONI DELLA DURATA MASSIMA DI 30 MINUTI E SENSO UNICO ALTERNATO REGOLATO DA MOVIERI PER ASFALTATURA PIANO VIABILE<\/p>\n<p>&nbsp;<\/p>\n<hr \/>\n<p>&nbsp;<\/p>\n<p class=\"photoswipe-wrapper\"><a class=\"dt-pswp-item pspw-wrap-ready\" href=\"https:\/\/i0.wp.com\/www.radiopiu.net\/wordpress\/wp-content\/uploads\/2018\/09\/WhatsApp-Image-2018-09-20-at-16.04.06.jpeg?ssl=1\" data-dt-img-description=\"\" data-large_image_width=\"800\" data-large_image_height=\"100\"><img loading=\"lazy\" decoding=\"async\" class=\"aligncenter wp-image-61378 size-full jetpack-lazy-image jetpack-lazy-image--handled\" src=\"https:\/\/i0.wp.com\/www.radiopiu.net\/wordpress\/wp-content\/uploads\/2018\/09\/WhatsApp-Image-2018-09-20-at-16.04.06.jpeg?resize=800%2C100&amp;ssl=1\" sizes=\"auto, (max-width: 800px) 100vw, 800px\" srcset=\"https:\/\/i0.wp.com\/www.radiopiu.net\/wordpress\/wp-content\/uploads\/2018\/09\/WhatsApp-Image-2018-09-20-at-16.04.06.jpeg?w=800&amp;ssl=1 800w, https:\/\/i0.wp.com\/www.radiopiu.net\/wordpress\/wp-content\/uploads\/2018\/09\/WhatsApp-Image-2018-09-20-at-16.04.06.jpeg?resize=300%2C38&amp;ssl=1 300w, https:\/\/i0.wp.com\/www.radiopiu.net\/wordpress\/wp-content\/uploads\/2018\/09\/WhatsApp-Image-2018-09-20-at-16.04.06.jpeg?resize=768%2C96&amp;ssl=1 768w\" alt=\"\" width=\"800\" height=\"100\" data-lazy-loaded=\"1\" \/><\/a><\/p>\n<p>&nbsp;<\/p>\n<div id=\"dolomitimeteo_div_testi\">\n<div><center><b>Domenica 28<\/b><\/center><b>Tempo atteso:\u00a0<\/b>Tempo al mattino inizialmente ben soleggiato con cielo sereno o poco nuvoloso per primi cumuli, salvo la locale e temporanea presenza di nubi basse nelle valli. L&#8217;attivit\u00e0 cumuliforme delle ore pi\u00f9 calde ridurr\u00e0 il soleggiamento con graduale aumento della probabilit\u00e0 di precipitazioni.<br \/>\n<b>Precipitazioni:\u00a0<\/b>Generalmente assenti al mattino, con graduale aumento dalle ore centrali della probabilit\u00e0 di rovesci o di temporali fino a medio-bassa (25-50%) sulle Dolomiti, bassa (5-25%) sulle zone prealpine.<br \/>\n<b>Temperature:\u00a0<\/b>Minime stazionarie o in lieve diminuzione, massime in ulteriore aumento. Clima caldo; sono previsti (25\/27\u00b0C a 1000\/1200 m e 30\/32\u00b0C nelle conche prealpine. Su Prealpi a 1500 m min 13\u00b0C max 19\u00b0C, a 2000 m min 10\u00b0C max 16\u00b0C. Su Dolomiti a 2000 m min 9\u00b0C max 16\u00b0C, a 3000 m min 3\u00b0C max 9\u00b0C.<br \/>\n<b>Venti:\u00a0<\/b>Deboli\/moderati a regime di brezza nelle valli; in quota deboli\/moderati dai quadranti occidentali, a 15-25 km\/h a 2000 m e a 15-30 km\/h a 3000 m.<\/div>\n<\/div>\n<hr \/>\n<p><center><b>Lunedi 29<\/b><\/center><b>Tempo atteso:\u00a0<\/b>Tempo ancora soleggiato al mattino specie all&#8217;alba, con graduale diminuzione del soleggiamento nel corso della mattinata. Nel pomeriggio irregolarmente nuvoloso a tratti molto nuvoloso.<br \/>\n<b>Precipitazioni:\u00a0<\/b>Al mattino probabilit\u00e0 medio-alta (50-75%), al pomeriggio alta (75-100%) di rovesci o di temporali sparsi, a tratti diffusi, sia sulle zone prealpine sia su quelle dolomitiche, con quantitativi giornalieri anche consistenti, localmente grandinigeni, specie sulle Dololmiti. Sulle Prealpi centro-orientali e sulle Dolomiti.<br \/>\n<b>Temperature:\u00a0<\/b>In generale diminuzione, con clima temporaneamente pi\u00f9 fresco rispetto i giorni precedenti, con valori di qualche grado inferiori alle medie stagionali. Su Prealpi a 1500 m min 12\u00b0C max 16\u00b0C, a 2000 m min 9\u00b0C max 14\u00b0C. Su Dolomiti a 2000 m min 9\u00b0C max 14\u00b0C, a 3000 m min 1*C max 6\u00b0C.<br \/>\n<b>Venti:\u00a0<\/b>Deboli\/moderati con locali raffiche durante i temporali o rovesci; in quota deboli\/moderati dai quadranti occidentali, a 15-25 km\/h a 2000 m e a 15-30 km\/h a 3000 m.<\/p>\n<hr \/>\n<p><center><b>Martedi 30<\/b><\/center>Tempo al mattino soleggiato o parzialmente soleggiato, con graduale riduzione del soleggiamento per attivit\u00e0 cumuliforme gi\u00e0 nel corso della mattina. Nel pomeriggio irregolarmente nuvoloso con la possibilit\u00e0 di qualche sporadico fenomeno. Clima ancora un po&#8217;fresco con minime in lieve diminuzione, massime stazionarie o in lieve aumento.<\/p>\n<hr \/>\n<p><center><b>Mercoledi 1<\/b><\/center>Ancora una giornata nuvolosa, parzialmente soleggiata al mattino con ulteriore graduale riduzione del soleggiamento per attivit\u00e0 cumuliforme. Nel pomeriggio irregolarmente nuvoloso con la possibilit\u00e0 di qualche fenomeno pi\u00f9 probabile sulle Dolomiti. Clima ancora un po&#8217;fresco con minime in lieve diminuzione, massime stazionarie o in lieve aumento.<\/p>\n<hr \/>\n","protected":false},"excerpt":{"rendered":"<p>PER RICEVERE QUESTO NOTIZIARIO DIRETTAMENTE SUL TUO CELLULARE ISCRIVITI AL CANALE TELEGRAM\u00a0\u201cRADIO PIU\u00a0 INFORMAZIONE\u201d &nbsp; Gestione Servizi Pubblici informa che, per lavori alla rete idrica comunale, DOMANI dalle 8 a FINE LAVORI verr\u00e0 sospesa l\u2019erogazione dell\u2019acqua a S.TOMASO AGORDINO in LOCALITA\u2019 PECOL. Gestione Servizi Pubblici informa che a LIVINALLONGO DEL COL DI LANA nelle LOCALITA\u2019&hellip;<\/p>\n","protected":false},"author":4,"featured_media":146700,"comment_status":"closed","ping_status":"closed","sticky":false,"template":"","format":"standard","meta":{"_monsterinsights_skip_tracking":false,"_monsterinsights_sitenote_active":false,"_monsterinsights_sitenote_note":"","_monsterinsights_sitenote_category":0,"footnotes":""},"categories":[1,86,49],"tags":[],"class_list":["post-146657","post","type-post","status-publish","format-standard","has-post-thumbnail","hentry","category-senza-categoria","category-gr","category-news-18","category-1","category-86","category-49","description-off"],"img_url":"https:\/\/www.radiopiu.net\/wordpress\/wp-content\/uploads\/2020\/06\/c2b2b1ed-9252-47ca-ab9a-602d6f4195d1.jpg","_links":{"self":[{"href":"https:\/\/www.radiopiu.net\/wordpress\/wp-json\/wp\/v2\/posts\/146657","targetHints":{"allow":["GET"]}}],"collection":[{"href":"https:\/\/www.radiopiu.net\/wordpress\/wp-json\/wp\/v2\/posts"}],"about":[{"href":"https:\/\/www.radiopiu.net\/wordpress\/wp-json\/wp\/v2\/types\/post"}],"author":[{"embeddable":true,"href":"https:\/\/www.radiopiu.net\/wordpress\/wp-json\/wp\/v2\/users\/4"}],"replies":[{"embeddable":true,"href":"https:\/\/www.radiopiu.net\/wordpress\/wp-json\/wp\/v2\/comments?post=146657"}],"version-history":[{"count":0,"href":"https:\/\/www.radiopiu.net\/wordpress\/wp-json\/wp\/v2\/posts\/146657\/revisions"}],"wp:featuredmedia":[{"embeddable":true,"href":"https:\/\/www.radiopiu.net\/wordpress\/wp-json\/wp\/v2\/media\/146700"}],"wp:attachment":[{"href":"https:\/\/www.radiopiu.net\/wordpress\/wp-json\/wp\/v2\/media?parent=146657"}],"wp:term":[{"taxonomy":"category","embeddable":true,"href":"https:\/\/www.radiopiu.net\/wordpress\/wp-json\/wp\/v2\/categories?post=146657"},{"taxonomy":"post_tag","embeddable":true,"href":"https:\/\/www.radiopiu.net\/wordpress\/wp-json\/wp\/v2\/tags?post=146657"}],"curies":[{"name":"wp","href":"https:\/\/api.w.org\/{rel}","templated":true}]}}