{"id":146692,"date":"2020-06-27T19:38:34","date_gmt":"2020-06-27T17:38:34","guid":{"rendered":"https:\/\/www.radiopiu.net\/wordpress\/?p=146692"},"modified":"2020-06-27T20:19:36","modified_gmt":"2020-06-27T18:19:36","slug":"focolaio-di-covid-19-a-feltre-attivato-il-contact-tracing","status":"publish","type":"post","link":"https:\/\/www.radiopiu.net\/wordpress\/focolaio-di-covid-19-a-feltre-attivato-il-contact-tracing\/","title":{"rendered":"Focolaio di Covid 19 a Feltre: attivato il contact tracing"},"content":{"rendered":"<p align=\"JUSTIFY\"><span style=\"font-size: medium;\"><span style=\"font-family: Calibri, serif;\"><span style=\"font-size: large;\"><b>Feltre. <\/b><\/span><\/span><span style=\"font-family: Calibri, serif;\"><span style=\"font-size: large;\">A seguito di due positivit\u00e0 Covid 19 riscontrate ieri pomeriggio in due colleghi di lavoro di un negozio di Feltre \u00e8 stato attivato, come da linee guida regionali, un accurato contact tracing che ha portato all\u2019esecuzione del tampone a 25 contatti dei due casi indicati. Poco fa il laboratorio ha reso noti i risultati di queste indagini attestando tre nuove positivit\u00e0: una correlata al caso 1 e due al caso 2. Da ci\u00f2 deriver\u00e0 l\u2019esecuzione di nuovi accertamenti, con le decisioni conseguenti.<\/span><\/span><\/span><\/p>\n<p align=\"JUSTIFY\"><span style=\"font-size: medium;\"><span style=\"font-family: Calibri, serif;\"><span style=\"font-size: large;\">\u00abSi tratta di un piccolo focolaio epidemico atteso in questa fase che, seppur impegnativo, rientra nella dinamica della coda pandemica\u00bb, spiega Sandro Cinquetti, Direttore del Dipartimento di Prevenzione dell\u2019Ulss Dolomiti. \u00abNessuno dei casi indicati presenta sintomatologia grave; per essi \u00e8 stato disposto l\u2019isolamento domiciliare. Per la tutti gli altri contatti \u00e8 stata attivata la quarantena\u00bb.<\/span><\/span><\/span><\/p>\n<h3>DICHIARAZIONE DELL&#8217;ASSESSORE MANUELA LANZARIN, OGGI NELL&#8217;INTERVISTA IN DIRETTA SU ANTENNA TRE NELL&#8217;EDIZIONE STRAORDINARIA DEL TG<\/h3>\n<blockquote><p><em>&#8220;&#8221;Abbiamo un caso di positivit\u00e0 in provincia di Belluno, in particolare \u00e8 stato trovato positivo al covid19 un dipendente dell&#8217;Eurobrico di Feltre per questo il centro \u00e8 stato chiuso, per fare un&#8217;indagine epidemiologica perch\u00e9 sono gi\u00e0 due gli addetti risultati positivi.Faccio l&#8217;esempio di Feltre per capire come lavoriamo, chiudiamo per dare il via all&#8217;indagine epidemiologica e quindi isolare i focolai&#8221;<\/em><\/p><\/blockquote>\n","protected":false},"excerpt":{"rendered":"<p>Feltre. A seguito di due positivit\u00e0 Covid 19 riscontrate ieri pomeriggio in due colleghi di lavoro di un negozio di Feltre \u00e8 stato attivato, come da linee guida regionali, un accurato contact tracing che ha portato all\u2019esecuzione del tampone a 25 contatti dei due casi indicati. Poco fa il laboratorio ha reso noti i risultati&hellip;<\/p>\n","protected":false},"author":1,"featured_media":145790,"comment_status":"closed","ping_status":"closed","sticky":false,"template":"","format":"standard","meta":{"_monsterinsights_skip_tracking":false,"_monsterinsights_sitenote_active":false,"_monsterinsights_sitenote_note":"","_monsterinsights_sitenote_category":0,"footnotes":""},"categories":[51,49],"tags":[],"class_list":["post-146692","post","type-post","status-publish","format-standard","has-post-thumbnail","hentry","category-evidenza-top","category-news-18","category-51","category-49","description-off"],"img_url":"https:\/\/www.radiopiu.net\/wordpress\/wp-content\/uploads\/2020\/06\/5b19eb24-8039-457a-a39e-36dab105b590.jpg","_links":{"self":[{"href":"https:\/\/www.radiopiu.net\/wordpress\/wp-json\/wp\/v2\/posts\/146692","targetHints":{"allow":["GET"]}}],"collection":[{"href":"https:\/\/www.radiopiu.net\/wordpress\/wp-json\/wp\/v2\/posts"}],"about":[{"href":"https:\/\/www.radiopiu.net\/wordpress\/wp-json\/wp\/v2\/types\/post"}],"author":[{"embeddable":true,"href":"https:\/\/www.radiopiu.net\/wordpress\/wp-json\/wp\/v2\/users\/1"}],"replies":[{"embeddable":true,"href":"https:\/\/www.radiopiu.net\/wordpress\/wp-json\/wp\/v2\/comments?post=146692"}],"version-history":[{"count":0,"href":"https:\/\/www.radiopiu.net\/wordpress\/wp-json\/wp\/v2\/posts\/146692\/revisions"}],"wp:featuredmedia":[{"embeddable":true,"href":"https:\/\/www.radiopiu.net\/wordpress\/wp-json\/wp\/v2\/media\/145790"}],"wp:attachment":[{"href":"https:\/\/www.radiopiu.net\/wordpress\/wp-json\/wp\/v2\/media?parent=146692"}],"wp:term":[{"taxonomy":"category","embeddable":true,"href":"https:\/\/www.radiopiu.net\/wordpress\/wp-json\/wp\/v2\/categories?post=146692"},{"taxonomy":"post_tag","embeddable":true,"href":"https:\/\/www.radiopiu.net\/wordpress\/wp-json\/wp\/v2\/tags?post=146692"}],"curies":[{"name":"wp","href":"https:\/\/api.w.org\/{rel}","templated":true}]}}