{"id":146729,"date":"2020-06-29T05:37:48","date_gmt":"2020-06-29T03:37:48","guid":{"rendered":"https:\/\/www.radiopiu.net\/wordpress\/?p=146729"},"modified":"2020-06-29T09:34:39","modified_gmt":"2020-06-29T07:34:39","slug":"grsanpiero","status":"publish","type":"post","link":"https:\/\/www.radiopiu.net\/wordpress\/grsanpiero\/","title":{"rendered":"GIORNALE RADIOPIU 29 GIUGNO 2020 DIRETTORE MIRKO MEZZACASA"},"content":{"rendered":"<h3><strong>PER RICEVERE QUESTO NOTIZIARIO DIRETTAMENTE SUL TUO CELLULARE ISCRIVITI AL CANALE TELEGRAM\u00a0<\/strong><strong>\u201cRADIO PIU\u00a0 INFORMAZIONE\u201d<\/strong><\/h3>\n<hr \/>\n<p>&nbsp;<\/p>\n<p><strong>Gestione Servizi Pubblici informa che, per lavori alla rete idrica comunale, DOMANI dalle 8 a FINE LAVORI verr\u00e0 sospesa l\u2019erogazione dell\u2019acqua a S.TOMASO AGORDINO in LOCALITA\u2019 PECOL.<\/strong><\/p>\n<p><strong><span style=\"color: #ff0000;\">Gestione Servizi Pubblici informa che a LIVINALLONGO DEL COL DI LANA nelle localit\u00e0 LARZONEI,SALESEI DI SOPRA, SALESEI DI SOTTO, PIAN DI SALESEI, SALESEI, SOTTOCREPA e FOPPA, l&#8217;acqua erogata dall&#8217;acquedotto \u00e8 di nuovo potabile e pu\u00f2 essere usata, quindi, per scopi alimentari.\u00a0<\/span><\/strong><\/p>\n<hr \/>\n<p><strong>\u00a0<\/strong><\/p>\n<p><strong>347 DURAN E CEREDA:\u00a0 fino all\u201911 luglio (festivi eclusi) senso unico con semaforo in localit\u00e0 Sant\u2019Andrea (GOSALDO)\u00a0<\/strong><\/p>\n<p><em><strong>PROVINCIALE 20 CAPRILE-SELVA DI CADORE.\u00a0 CHIUSA\u00a0 FINO\u00a0 AL 4 LUGLIO IN LOCALITA\u2019 SOLATOR ANCHE SABATO E DOMENICA. TRANSITO CONSENTITO AI LOCALI CON TEMPI DI ATTESA FINO A 30 MINUTI<\/strong><\/em><\/p>\n<p><em><strong>203 AGORDINA, FINO\u00a0 AL 30 LUGLIO ESCLUSI FESTIVI E PREFESTIVI SENSO UNICO ALTERNATO TRA CANDATEN E PERON. DALLE 7:30 ALLE 9 E DALLE 16:30 ALLE 18 CON MOVIERI, NEGLI ALTRI ORARI SEMAFORO\u00a0<\/strong><\/em><\/p>\n<p>&nbsp;<\/p>\n<hr \/>\n<p>&nbsp;<\/p>\n<blockquote>\n<h3>OGGI AD AGORDO SI FESTEGGIANO I SANTI PATRONI MA ANCHE MONSIGNOR LINO MOTTES<\/h3>\n<\/blockquote>\n<p><a class=\"dt-pswp-item\" href=\"https:\/\/www.radiopiu.net\/wordpress\/wp-content\/uploads\/2018\/02\/CHIESA-AGORDO.jpg\" data-dt-img-description=\"\" data-large_image_width=\"250\" data-large_image_height=\"324\"><img loading=\"lazy\" decoding=\"async\" class=\"size-medium wp-image-43008 alignleft\" src=\"https:\/\/www.radiopiu.net\/wordpress\/wp-content\/uploads\/2018\/02\/CHIESA-AGORDO-231x300.jpg\" alt=\"\" width=\"231\" height=\"300\" srcset=\"https:\/\/www.radiopiu.net\/wordpress\/wp-content\/uploads\/2018\/02\/CHIESA-AGORDO-231x300.jpg 231w, https:\/\/www.radiopiu.net\/wordpress\/wp-content\/uploads\/2018\/02\/CHIESA-AGORDO.jpg 250w\" sizes=\"auto, (max-width: 231px) 100vw, 231px\" \/><\/a><strong>di Gianni Santomaso<\/strong><\/p>\n<p><a class=\"dt-pswp-item\" href=\"https:\/\/www.radiopiu.net\/wordpress\/wp-content\/uploads\/2020\/06\/13502621_10210291037339171_6832521214734900210_o.jpg\" data-dt-img-description=\"\" data-large_image_width=\"403\" data-large_image_height=\"957\"><img loading=\"lazy\" decoding=\"async\" class=\"alignnone size-medium wp-image-146827\" src=\"https:\/\/www.radiopiu.net\/wordpress\/wp-content\/uploads\/2020\/06\/13502621_10210291037339171_6832521214734900210_o-126x300.jpg\" alt=\"\" width=\"126\" height=\"300\" srcset=\"https:\/\/www.radiopiu.net\/wordpress\/wp-content\/uploads\/2020\/06\/13502621_10210291037339171_6832521214734900210_o-126x300.jpg 126w, https:\/\/www.radiopiu.net\/wordpress\/wp-content\/uploads\/2020\/06\/13502621_10210291037339171_6832521214734900210_o.jpg 403w\" sizes=\"auto, (max-width: 126px) 100vw, 126px\" \/><\/a><\/p>\n<audio class=\"wp-audio-shortcode\" id=\"audio-146729-1\" preload=\"none\" style=\"width: 100%;\" controls=\"controls\"><source type=\"audio\/mpeg\" src=\"https:\/\/www.radiopiu.net\/wordpress\/wp-content\/uploads\/2020\/06\/GIANNI-SAN-PIERO.mp3?_=1\" \/><a href=\"https:\/\/www.radiopiu.net\/wordpress\/wp-content\/uploads\/2020\/06\/GIANNI-SAN-PIERO.mp3\">https:\/\/www.radiopiu.net\/wordpress\/wp-content\/uploads\/2020\/06\/GIANNI-SAN-PIERO.mp3<\/a><\/audio>\n<p>&nbsp;<\/p>\n<blockquote>\n<h3>LA BARCA DE SAN PIERO DI LAURA<\/h3>\n<\/blockquote>\n<p><a class=\"dt-pswp-item\" href=\"https:\/\/www.radiopiu.net\/wordpress\/wp-content\/uploads\/2020\/06\/2900c563-6bb8-4d7d-9450-3bd1b1147d5e-1.jpg\" data-dt-img-description=\"\" data-large_image_width=\"1600\" data-large_image_height=\"1200\"><img loading=\"lazy\" decoding=\"async\" class=\"wp-image-146852 alignleft\" src=\"https:\/\/www.radiopiu.net\/wordpress\/wp-content\/uploads\/2020\/06\/2900c563-6bb8-4d7d-9450-3bd1b1147d5e-1-300x225.jpg\" alt=\"\" width=\"165\" height=\"124\" srcset=\"https:\/\/www.radiopiu.net\/wordpress\/wp-content\/uploads\/2020\/06\/2900c563-6bb8-4d7d-9450-3bd1b1147d5e-1-300x225.jpg 300w, https:\/\/www.radiopiu.net\/wordpress\/wp-content\/uploads\/2020\/06\/2900c563-6bb8-4d7d-9450-3bd1b1147d5e-1-1024x768.jpg 1024w, https:\/\/www.radiopiu.net\/wordpress\/wp-content\/uploads\/2020\/06\/2900c563-6bb8-4d7d-9450-3bd1b1147d5e-1-768x576.jpg 768w, https:\/\/www.radiopiu.net\/wordpress\/wp-content\/uploads\/2020\/06\/2900c563-6bb8-4d7d-9450-3bd1b1147d5e-1-1536x1152.jpg 1536w, https:\/\/www.radiopiu.net\/wordpress\/wp-content\/uploads\/2020\/06\/2900c563-6bb8-4d7d-9450-3bd1b1147d5e-1.jpg 1600w\" sizes=\"auto, (max-width: 165px) 100vw, 165px\" \/><\/a>E&#8217; una tradizione popolare veneta che consiste nell&#8217;usanza di porre, nella notte fra il 28 e il 29 giugno (festivit\u00e0 dei santi Pietro e Paolo), un contenitore di vetro riempito d&#8217;acqua su una finestra, e nel fargli colare dentro un albume d&#8217;uovo (e con i tuorli, perch\u00e9 chiamarli rossi anche no, si fa lo sbatudin). Il contenitore deve essere lasciato per tutta la notte all&#8217;aria aperta, per assorbire la rugiada. Il mattino seguente l&#8217;albume avr\u00e0 preso la forma della barca di San Pietro. A seconda della forma che prende il veliero, si preannuncia buono o cattivo tempo e di conseguenza, buono o cattivo raccolto. Se la barca ha le vele aperte, allora si prevedono giornate di sole, se sono chiuse e strette indica pioggia in arrivo. In generale, un bel veliero con molte vele aperte promette un\u2019ottima annata di raccolto.<\/p>\n<p><strong>DA FACEBOOK<\/strong><\/p>\n<p><a class=\"dt-pswp-item\" href=\"https:\/\/www.radiopiu.net\/wordpress\/wp-content\/uploads\/2020\/06\/105594412_1493491710852739_5832800673244780785_o.jpg\" data-dt-img-description=\"\" data-large_image_width=\"960\" data-large_image_height=\"720\"><img loading=\"lazy\" decoding=\"async\" class=\"alignnone size-medium wp-image-146853\" src=\"https:\/\/www.radiopiu.net\/wordpress\/wp-content\/uploads\/2020\/06\/105594412_1493491710852739_5832800673244780785_o-300x225.jpg\" alt=\"\" width=\"300\" height=\"225\" srcset=\"https:\/\/www.radiopiu.net\/wordpress\/wp-content\/uploads\/2020\/06\/105594412_1493491710852739_5832800673244780785_o-300x225.jpg 300w, https:\/\/www.radiopiu.net\/wordpress\/wp-content\/uploads\/2020\/06\/105594412_1493491710852739_5832800673244780785_o-768x576.jpg 768w, https:\/\/www.radiopiu.net\/wordpress\/wp-content\/uploads\/2020\/06\/105594412_1493491710852739_5832800673244780785_o.jpg 960w\" sizes=\"auto, (max-width: 300px) 100vw, 300px\" \/><\/a><\/p>\n<p>&nbsp;<\/p>\n<p>&nbsp;<\/p>\n<p>&nbsp;<\/p>\n<p>&nbsp;<\/p>\n<hr \/>\n<p>&nbsp;<\/p>\n<p>&nbsp;<\/p>\n<blockquote>\n<h3>AGGIORNAMENTO DALLA ULSS 1 SUL FOCOLAIO COVID DI FELTRE<\/h3>\n<\/blockquote>\n<p><strong><a class=\"dt-pswp-item\" href=\"https:\/\/www.radiopiu.net\/wordpress\/wp-content\/uploads\/2020\/03\/covid-ulss.jpg\" data-dt-img-description=\"\" data-large_image_width=\"800\" data-large_image_height=\"600\"><img loading=\"lazy\" decoding=\"async\" class=\"size-medium wp-image-121260 alignleft\" src=\"https:\/\/www.radiopiu.net\/wordpress\/wp-content\/uploads\/2020\/03\/covid-ulss-300x225.jpg\" alt=\"\" width=\"300\" height=\"225\" srcset=\"https:\/\/www.radiopiu.net\/wordpress\/wp-content\/uploads\/2020\/03\/covid-ulss-300x225.jpg 300w, https:\/\/www.radiopiu.net\/wordpress\/wp-content\/uploads\/2020\/03\/covid-ulss-768x576.jpg 768w, https:\/\/www.radiopiu.net\/wordpress\/wp-content\/uploads\/2020\/03\/covid-ulss.jpg 800w\" sizes=\"auto, (max-width: 300px) 100vw, 300px\" \/><\/a>FELTRE\u00a0<\/strong>A seguito di due positivit\u00e0 COVID 19 evidenziate venerd\u00ec scorso a carico di due operatori di un noto negozio di Feltre, il Dipartimento di Prevenzione, come gi\u00e0 indicato ieri, ha avviato le necessarie attivit\u00e0 di contact tracing. Sono stati, come noto, eseguiti 25 tamponi che hanno portato all\u2019individuazione di 3 positivit\u00e0 gi\u00e0 comunicate ieri. A queste si \u00e8 aggiunta un\u2019ulteriore positivit\u00e0 che porta a un totale di 6 i soggetti coinvolti dal piccolo focolaio epidemico. Anche la sesta persona positiva al COVID \u00e8 un contatto stretto extra-lavorativo dei primi due casi segnalati.\u00a0Tutte queste 6 persone sono sottoposte ad isolamento domiciliare fiduciario: 4 presentano sintomatologia lieve-moderata mentre 2 sono asintomatiche.\u00a0Tra i 21 tamponi negativi di ieri si segnala la totale negativit\u00e0 al test degli operatori del punto vendita.\u00a0Oltre ai 25 tamponi eseguiti ieri, dai quali sono emerse 4 positivit\u00e0, per effetto dell\u2019allargamento del contact tracing sono stati oggi eseguiti ulteriori 18 tamponi i cui referti saranno resi disponibili in nottata.<\/p>\n<p>&nbsp;<\/p>\n<p>&nbsp;<\/p>\n<hr \/>\n<p>&nbsp;<\/p>\n<p>&nbsp;<\/p>\n<blockquote>\n<h3 class=\"entry-title\">ESCURSIONISTI DELLA DOMENICA TRA STRAPPI MUSCOLARI, MALORI E CAVIGLIE SLOGATE MA COME SEMPRE IL \u201cTAXI\u201d SUEM RISPONDE: PRESENTE!<\/h3>\n<\/blockquote>\n<p><strong>VAL DI ZOLDO<\/strong> Un escursionista in camminata verso il rifugio Coldai dallo zoldano \u00e8 stato costretto a chiamare il Suem di Pieve di Cadore per uno strappo muscolare. Mentre l\u2019equipaggio stava prestando le cure all\u2019uomo S.V., <img loading=\"lazy\" decoding=\"async\" class=\"size-medium wp-image-146777 alignleft jetpack-lazy-image jetpack-lazy-image--handled\" src=\"https:\/\/i1.wp.com\/www.radiopiu.net\/wordpress\/wp-content\/uploads\/2020\/06\/IMG-20200628-WA0021.jpg?resize=300%2C225&amp;ssl=1\" sizes=\"auto, (max-width: 300px) 100vw, 300px\" srcset=\"https:\/\/i1.wp.com\/www.radiopiu.net\/wordpress\/wp-content\/uploads\/2020\/06\/IMG-20200628-WA0021.jpg?resize=300%2C225&amp;ssl=1 300w, https:\/\/i1.wp.com\/www.radiopiu.net\/wordpress\/wp-content\/uploads\/2020\/06\/IMG-20200628-WA0021.jpg?resize=1024%2C768&amp;ssl=1 1024w, https:\/\/i1.wp.com\/www.radiopiu.net\/wordpress\/wp-content\/uploads\/2020\/06\/IMG-20200628-WA0021.jpg?resize=768%2C576&amp;ssl=1 768w, https:\/\/i1.wp.com\/www.radiopiu.net\/wordpress\/wp-content\/uploads\/2020\/06\/IMG-20200628-WA0021.jpg?resize=1536%2C1152&amp;ssl=1 1536w, https:\/\/i1.wp.com\/www.radiopiu.net\/wordpress\/wp-content\/uploads\/2020\/06\/IMG-20200628-WA0021.jpg?w=1600&amp;ssl=1 1600w\" alt=\"\" width=\"300\" height=\"225\" data-recalc-dims=\"1\" data-lazy-loaded=\"1\" \/>61 anni, di Rovigo, una donna sul posto, M.R.M., 48 anni, di Pordenone, ha accusato un malore. Entrambi sono stati imbarcati e trasportati all\u2019ospedale di Belluno per le verifiche del caso.<\/p>\n<p><strong>PONTE NELLE ALPI<\/strong> Il Soccorso alpino di Longarone e Belluno sono intervenuti\u00a0 sul sentiero che dalla Chiesa di Sant\u2019Andrea porta a Polpet, poich\u00e9 scendendo con un amico, un\u2019escursionista si \u00e8\u00a0 procurato un trauma alla caviglia. I due sanitari della Stazione di Longarone le hanno stabilizzato la gamba e, una volta imbarellata, I.C., 46 anni, di Ponte nelle Alpi (BL), \u00e8 stata imbarellata e trasportata fino a valle, assicurando il passaggio con corde nei tratti pi\u00f9 esposti. La donna si \u00e8 poi allontanata autonomamente.<\/p>\n<p>&nbsp;<\/p>\n<blockquote>\n<h3>INTERVENTO SUL PICCOLO LAGAZUOI<\/h3>\n<\/blockquote>\n<p><strong><a class=\"dt-pswp-item\" href=\"https:\/\/www.radiopiu.net\/wordpress\/wp-content\/uploads\/2018\/08\/soccorsoalpino.jpg\" data-dt-img-description=\"\" data-large_image_width=\"1200\" data-large_image_height=\"1200\"><img loading=\"lazy\" decoding=\"async\" class=\"wp-image-59164 alignleft\" src=\"https:\/\/www.radiopiu.net\/wordpress\/wp-content\/uploads\/2018\/08\/soccorsoalpino-300x300.jpg\" alt=\"\" width=\"127\" height=\"127\" srcset=\"https:\/\/www.radiopiu.net\/wordpress\/wp-content\/uploads\/2018\/08\/soccorsoalpino-300x300.jpg 300w, https:\/\/www.radiopiu.net\/wordpress\/wp-content\/uploads\/2018\/08\/soccorsoalpino-150x150.jpg 150w, https:\/\/www.radiopiu.net\/wordpress\/wp-content\/uploads\/2018\/08\/soccorsoalpino-768x768.jpg 768w, https:\/\/www.radiopiu.net\/wordpress\/wp-content\/uploads\/2018\/08\/soccorsoalpino-1024x1024.jpg 1024w, https:\/\/www.radiopiu.net\/wordpress\/wp-content\/uploads\/2018\/08\/soccorsoalpino.jpg 1200w\" sizes=\"auto, (max-width: 127px) 100vw, 127px\" \/><\/a>CORTINA\u00a0<\/strong>Nel pomeriggio di ieri l&#8217;elicottero del Suem di Pieve di Cadore \u00e8 decollato in direzione della Via del buco sul Piccolo Lagazuoi, dove a un alpinista scivolato in parete era rimasto incastrato un piede, causandogli una storta al ginocchio. Recuperato dal tecnico di elisoccorso con un verricello di 20 metri, l&#8217;infortunato, G.F., 59 anni, di Cappella Maggiore (TV), \u00e8 stato trasportato all&#8217;ospedale di Cortina. I compagni hanno proseguito autonomamente.<\/p>\n<p>&nbsp;<\/p>\n<p>&nbsp;<\/p>\n<p>&nbsp;<\/p>\n<hr \/>\n<p>&nbsp;<\/p>\n<p>&nbsp;<\/p>\n<blockquote>\n<h3>CANTIERI ALLA DOMENICA, DOVE NON SI LAVORA, NON SONO PRESENTI I MOVIERI,\u00a0 SI FORMANO LE CODE E SI GUASTA IL SEMAFORO<\/h3>\n<\/blockquote>\n<p><strong><a class=\"dt-pswp-item\" href=\"https:\/\/www.radiopiu.net\/wordpress\/wp-content\/uploads\/2020\/06\/3763852a-c4e0-4e77-970b-11966671fadf.jpg\" data-dt-img-description=\"\" data-large_image_width=\"1600\" data-large_image_height=\"1200\"><img loading=\"lazy\" decoding=\"async\" class=\" wp-image-146764 alignleft\" src=\"https:\/\/www.radiopiu.net\/wordpress\/wp-content\/uploads\/2020\/06\/3763852a-c4e0-4e77-970b-11966671fadf-300x225.jpg\" alt=\"\" width=\"239\" height=\"179\" srcset=\"https:\/\/www.radiopiu.net\/wordpress\/wp-content\/uploads\/2020\/06\/3763852a-c4e0-4e77-970b-11966671fadf-300x225.jpg 300w, https:\/\/www.radiopiu.net\/wordpress\/wp-content\/uploads\/2020\/06\/3763852a-c4e0-4e77-970b-11966671fadf-1024x768.jpg 1024w, https:\/\/www.radiopiu.net\/wordpress\/wp-content\/uploads\/2020\/06\/3763852a-c4e0-4e77-970b-11966671fadf-768x576.jpg 768w, https:\/\/www.radiopiu.net\/wordpress\/wp-content\/uploads\/2020\/06\/3763852a-c4e0-4e77-970b-11966671fadf-1536x1152.jpg 1536w, https:\/\/www.radiopiu.net\/wordpress\/wp-content\/uploads\/2020\/06\/3763852a-c4e0-4e77-970b-11966671fadf.jpg 1600w\" sizes=\"auto, (max-width: 239px) 100vw, 239px\" \/><\/a>AGORDO<\/strong> Dopo l&#8217;incontro in Prefettura sembrava di aver intuito che i cantieri nel fine settimana devono\u00a0 chiudere e le strade liberate per evitare quanto visto una settimana fa, ad esempio sulla 203 Agordina con 12 chilometri di coda fino alla tangenziale di Agordo,\u00a0 dal semaforo alla Stanga difronte alla centrale. Pareva anche d&#8217;aver intuito che in caso d&#8217;impossibilit\u00e0 a coprire un buco e spostare il cantiere l&#8217;impresa dovrebbe comunque garantire fluidit\u00e0 al traffico con i movieri. Evidentemente quanto detto non vale per la regionale 347 del Duran e Cereda perch\u00e9 tanto sabato che soprattutto ieri, in piena curva a Crostolin sopra Agordo, in strada c&#8217;erano i mezzi della ditta, i fossi regolarmente aperti sulla carreggiata e cosa ancora peggiore un impianto semaforico funzionante a met\u00e0. Erano le 10.08 minuti quando \u00e8 partita la <a class=\"dt-pswp-item\" href=\"https:\/\/www.radiopiu.net\/wordpress\/wp-content\/uploads\/2020\/06\/bc969149-0b8d-4bd8-85f2-4b437eb8fc84.jpg\" data-dt-img-description=\"\" data-large_image_width=\"1600\" data-large_image_height=\"1200\"><img loading=\"lazy\" decoding=\"async\" class=\" wp-image-146767 alignright\" src=\"https:\/\/www.radiopiu.net\/wordpress\/wp-content\/uploads\/2020\/06\/bc969149-0b8d-4bd8-85f2-4b437eb8fc84-300x225.jpg\" alt=\"\" width=\"247\" height=\"185\" srcset=\"https:\/\/www.radiopiu.net\/wordpress\/wp-content\/uploads\/2020\/06\/bc969149-0b8d-4bd8-85f2-4b437eb8fc84-300x225.jpg 300w, https:\/\/www.radiopiu.net\/wordpress\/wp-content\/uploads\/2020\/06\/bc969149-0b8d-4bd8-85f2-4b437eb8fc84-1024x768.jpg 1024w, https:\/\/www.radiopiu.net\/wordpress\/wp-content\/uploads\/2020\/06\/bc969149-0b8d-4bd8-85f2-4b437eb8fc84-768x576.jpg 768w, https:\/\/www.radiopiu.net\/wordpress\/wp-content\/uploads\/2020\/06\/bc969149-0b8d-4bd8-85f2-4b437eb8fc84-1536x1152.jpg 1536w, https:\/\/www.radiopiu.net\/wordpress\/wp-content\/uploads\/2020\/06\/bc969149-0b8d-4bd8-85f2-4b437eb8fc84.jpg 1600w\" sizes=\"auto, (max-width: 247px) 100vw, 247px\" \/><\/a>telefonata diretta al sindaco di Agordo che subito ha invitato gli addetti ai lavori ad intervenire, prima che qualcuno si facesse male, prima che scoppiasse la rissa. Infatti per gran parte della mattinata, forse anche prima. un semaforo (da Agordo a La Valle) ha funzionato regolarmente passando dal rosso al verde, l&#8217;altro invece, il gemello (La Valle-Agordo),\u00a0 ha continuato a lampeggiare sulla luce arancione. Lasciamo al lettore immaginare cosa cosa sia successo quando automobilisti e motociclisti hanno rispettato il rosso ma quando si sono mossi con il verde, in piena curva, si sono trovati difronte i mezzi degli utenti della strada in discesa, leggittimati dal semaforo lampeggiante a proseguire senza fermarsi. Chi era presente ha assistito a scene al limite della sopportazione tra utenti della strada, retromarce, parolacce e quanto si pu\u00f2 immaginare. La regionale 347 non \u00e8 una strada di serie B tra l&#8217;altro, \u00e8 la direttrice per Passo Duran con il suo Rifugio Carestiato sempre molto apprezzato dai turisti, ma anche la via di collegamento per lo zoldano e quindi longaronese, Primiero e Alto Agordino. Perch\u00e9 la ditta che ha in appalto i lavori non ha coperto i buchi e liberato la strada diversamente da quanto fatto lungo la regionale 203 agordina a La Stanga e Candaten dopo una settimana di crtitiche e polemiche? Domande lecite anche se di norma non dovremo essere noi a farle. (MM)<\/p>\n<p>&nbsp;<\/p>\n<hr \/>\n<p>&nbsp;<\/p>\n<p>&nbsp;<\/p>\n<blockquote>\n<h3>COVID19, IL FOCOLAIO NEL FELTRINO, SONO 6 I CONTAGIATI. E&#8217; EMERGENZA ASSEMBRAMENTI A BELLUNO E FELTRE MA ANCHE NEI RIFUGI FREQUENTATI DA TURISTI ITALIANI CHE NON RISPETTANO LE REGOLE. SULLE STRADE IERI E&#8217; ANDATA MEGLIO MA NON A CROSTOLIN DI AGORDO PER UN CANTIERE CHE HA RALLENTATO IL TRAFFICO ED UN SEMAFORO GUASTO.<\/h3>\n<\/blockquote>\n<p><strong>di Mirko Mezzacasa\u00a0<\/strong><\/p>\n<p>Sei contagiati nel feltrino, tutto ha avuto inizio dopo i controlli a due dipendenti dell&#8217;Eurobrico il negozio di bricolage rimasto chiuso per due giorni per permettere la sanificazioni di tutti i locali alla Zuecca. I colleghi degli infetti sono risultati tutti negativi, per\u00f2 i risultati di ieri sera hanno fatto emergere un caso di positivit\u00e0 tra i contatti tra i parenti o amici, 18 i tamponi eseguiti nella giornata di festa. E&#8217; emergenza movida, nel feltrino assembramenti\u00a0 sabato sera, a Belluno soprattutto nei giovedi di sera. Numerose le segnalazioni e oggi l&#8217;assessore al commercio di Feltre Irma Visalli incontrer\u00e0 il comandante della Polizia Locale <em>&#8220;Per valutare &#8211; dice &#8211; le segnalazioni di assembramenti e capire come muoversi per evitare spiacevoli situazioni&#8221;<\/em> . Ieri \u00e8 stato assalto ai rifugi alpini, tanti turisti tutti italiani ma sono pochi gli stranieri che scelgono le localit\u00e0 della montagna per le loro ferie. Dai gestori dei rifugi la denuncia: <em>&#8220;in pochi rispettano le regole, poche le mascherine anche chi entra in sala da pranzo o usa i servizi&#8221;.<\/em> Mancano i pernotti per la latitanza degli stranieri, i turni per il pranzo costringono a tenere aperte le cucine anche fino alle 16 del pomeriggio. Sulle strade ieri meno problemi di sette giorni fa, code dimezzate in autostrada ma i rallentamenti non sono mancati, 4 i chilometri di coda a Vittorio Veneto Nord con l&#8217;intervento della Polizia locale a dirigere il traffico, code da Tai di Cadore ad Ospitale, scorrevole il traffico lungo l&#8217;Agordina, caso sulla 347 per un cantiere a Crostolin e un guasto al semaforo dove si \u00e8 sfiorata la rissa oltre ai frontali. E&#8217; stata una giornata di grande lavoro per il Soccorso Alpino e l&#8217;elicottero del Suem chiamato per malori, caviglie slogate e affaticamenti degli impreparati escursionisti della domenica. <strong>I NUMERI\u00a0 IN VENETO:<\/strong> TOTALE POSITIVI 19276\u00a0 (+6)\u00a0 ATTUALMENTE POSITIVI 461\u00a0 (-10)\u00a0 DECESSI \u00a02008 (+1) NEGATIVIZZATI 16807\u00a0 (+15) IN ISOLAMENTO 711 (-30)\u00a0 RICOVERATI\u00a0 186 (+1\u00a0 16 POSITIVI, 170 NEGATIVIZZATI), NEGLI OSPEDALI DI COMUNITA\u2019 RICOVERATI 30 (0, 6 POSITIVI,\u00a0 24 NEGATIVIZZATI), IN TERAPIA INTENSIVA 11 (1 POSITIVI,\u00a0 10 NEGATIVIZZATI). DIMESSI 3584\u00a0 (+1)\u00a0<strong>I NUMERI IN PROVINCIA:<\/strong> TOTALE CONTAGI 1191\u00a0 (+4) , ATTUALMENTE POSITIVI 27 (+4) , DECEDUTI 112 (0), NEGATIVIZZATI 1052 (+2) ISOLAMENTO DOMICILIARE 92\u00a0 \u00a0(+25) RICOVERATI IN OSPEDALE AL SAN MARTINO 2 (0)<\/p>\n<p>&nbsp;<\/p>\n<p>&nbsp;<\/p>\n<hr \/>\n<p>&nbsp;<\/p>\n<p>&nbsp;<\/p>\n<blockquote class=\"wp-embedded-content\" data-secret=\"i13xv8OMuH\"><p><a href=\"https:\/\/www.radiopiu.net\/wordpress\/coronavirus-aggiornamento-nazionale-28-giugno\/\">CORONAVIRUS: AGGIORNAMENTO NAZIONALE 28 GIUGNO<\/a><\/p><\/blockquote>\n<p><iframe loading=\"lazy\" class=\"wp-embedded-content\" sandbox=\"allow-scripts\" security=\"restricted\" style=\"position: absolute; clip: rect(1px, 1px, 1px, 1px);\" title=\"&#8220;CORONAVIRUS: AGGIORNAMENTO NAZIONALE 28 GIUGNO&#8221; &#8212; Radio Pi\u00f9\" src=\"https:\/\/www.radiopiu.net\/wordpress\/coronavirus-aggiornamento-nazionale-28-giugno\/embed\/#?secret=i13xv8OMuH\" data-secret=\"i13xv8OMuH\" width=\"600\" height=\"338\" frameborder=\"0\" marginwidth=\"0\" marginheight=\"0\" scrolling=\"no\"><\/iframe><\/p>\n<p>&nbsp;<\/p>\n<hr \/>\n<p>&nbsp;<\/p>\n<p>&nbsp;<\/p>\n<blockquote class=\"wp-embedded-content\" data-secret=\"sHDj03jQPc\"><p><a href=\"https:\/\/www.radiopiu.net\/wordpress\/27-tab\/\">NELLE ULTIME 24 ORE: 6 POSITIVI, 1 DECESSO E 1 RICOVERO IN PIU&#8217; IN AREA NON CRITICA<\/a><\/p><\/blockquote>\n<p><iframe loading=\"lazy\" class=\"wp-embedded-content\" sandbox=\"allow-scripts\" security=\"restricted\" style=\"position: absolute; clip: rect(1px, 1px, 1px, 1px);\" title=\"&#8220;NELLE ULTIME 24 ORE: 6 POSITIVI, 1 DECESSO E 1 RICOVERO IN PIU&#8217; IN AREA NON CRITICA&#8221; &#8212; Radio Pi\u00f9\" src=\"https:\/\/www.radiopiu.net\/wordpress\/27-tab\/embed\/#?secret=sHDj03jQPc\" data-secret=\"sHDj03jQPc\" width=\"600\" height=\"338\" frameborder=\"0\" marginwidth=\"0\" marginheight=\"0\" scrolling=\"no\"><\/iframe><\/p>\n<p>&nbsp;<\/p>\n<hr \/>\n<p>&nbsp;<\/p>\n<p>&nbsp;<\/p>\n<blockquote>\n<h3>DATI E GRAFICI DEL GIORNO, PROVINCIA \u2013 REGIONE 28 GIUGNO 2020<\/h3>\n<\/blockquote>\n<p><strong>Con la collaborazione di Tiziano De Col<\/strong><\/p>\n<p><a class=\"dt-pswp-item\" href=\"https:\/\/www.radiopiu.net\/wordpress\/wp-content\/uploads\/2020\/06\/Schermata-2020-06-28-alle-19.50.22.png\" data-dt-img-description=\"\" data-large_image_width=\"810\" data-large_image_height=\"446\"><img loading=\"lazy\" decoding=\"async\" class=\"alignnone wp-image-146817\" src=\"https:\/\/www.radiopiu.net\/wordpress\/wp-content\/uploads\/2020\/06\/Schermata-2020-06-28-alle-19.50.22-300x165.png\" alt=\"\" width=\"442\" height=\"243\" srcset=\"https:\/\/www.radiopiu.net\/wordpress\/wp-content\/uploads\/2020\/06\/Schermata-2020-06-28-alle-19.50.22-300x165.png 300w, https:\/\/www.radiopiu.net\/wordpress\/wp-content\/uploads\/2020\/06\/Schermata-2020-06-28-alle-19.50.22-768x423.png 768w, https:\/\/www.radiopiu.net\/wordpress\/wp-content\/uploads\/2020\/06\/Schermata-2020-06-28-alle-19.50.22.png 810w\" sizes=\"auto, (max-width: 442px) 100vw, 442px\" \/><\/a><a class=\"dt-pswp-item\" href=\"https:\/\/www.radiopiu.net\/wordpress\/wp-content\/uploads\/2020\/06\/4127cfaf-4ece-40b5-94f5-4cd7e636eaab.jpg\" data-dt-img-description=\"\" data-large_image_width=\"480\" data-large_image_height=\"577\"><img loading=\"lazy\" decoding=\"async\" class=\"alignnone size-medium wp-image-146818\" src=\"https:\/\/www.radiopiu.net\/wordpress\/wp-content\/uploads\/2020\/06\/4127cfaf-4ece-40b5-94f5-4cd7e636eaab-250x300.jpg\" alt=\"\" width=\"250\" height=\"300\" srcset=\"https:\/\/www.radiopiu.net\/wordpress\/wp-content\/uploads\/2020\/06\/4127cfaf-4ece-40b5-94f5-4cd7e636eaab-250x300.jpg 250w, https:\/\/www.radiopiu.net\/wordpress\/wp-content\/uploads\/2020\/06\/4127cfaf-4ece-40b5-94f5-4cd7e636eaab.jpg 480w\" sizes=\"auto, (max-width: 250px) 100vw, 250px\" \/><\/a><a class=\"dt-pswp-item\" href=\"https:\/\/www.radiopiu.net\/wordpress\/wp-content\/uploads\/2020\/06\/1c06279c-63c3-478a-a87e-f92dc6d608cb.jpg\" data-dt-img-description=\"\" data-large_image_width=\"480\" data-large_image_height=\"376\"><img loading=\"lazy\" decoding=\"async\" class=\"alignnone wp-image-146819\" src=\"https:\/\/www.radiopiu.net\/wordpress\/wp-content\/uploads\/2020\/06\/1c06279c-63c3-478a-a87e-f92dc6d608cb-300x235.jpg\" alt=\"\" width=\"433\" height=\"339\" srcset=\"https:\/\/www.radiopiu.net\/wordpress\/wp-content\/uploads\/2020\/06\/1c06279c-63c3-478a-a87e-f92dc6d608cb-300x235.jpg 300w, https:\/\/www.radiopiu.net\/wordpress\/wp-content\/uploads\/2020\/06\/1c06279c-63c3-478a-a87e-f92dc6d608cb.jpg 480w\" sizes=\"auto, (max-width: 433px) 100vw, 433px\" \/><\/a><\/p>\n<p>&nbsp;<\/p>\n<p>&nbsp;<\/p>\n<hr \/>\n<p>&nbsp;<\/p>\n<blockquote>\n<h3>ZAIA TAGLIA I NASTRI MA NON SOLO, OSPEDALI NON SOLO MURI<\/h3>\n<\/blockquote>\n<p><strong><img decoding=\"async\" src=\"https:\/\/www.radiopiu.net\/wordpress\/wp-content\/uploads\/2016\/04\/sanit%C3%A0-1.jpg\" \/>FELTRE <\/strong>L&#8217;Altra settimana il taglio del nastro all&#8217;ospedale Santa Maria del Prato, ma altrove solo lacrime per i servizi persi dal Cadore all&#8217;Agordino. I Comitati portano l&#8217;attenzione su quanto \u00e8 stato perso negli ultimi anni<\/p>\n<p><strong>DI GIANNI SANTOMASO<\/strong><\/p>\n<audio class=\"wp-audio-shortcode\" id=\"audio-146729-2\" preload=\"none\" style=\"width: 100%;\" controls=\"controls\"><source type=\"audio\/mpeg\" src=\"https:\/\/www.radiopiu.net\/wordpress\/wp-content\/uploads\/2020\/06\/ZAIA-MURI.mp3?_=2\" \/><a href=\"https:\/\/www.radiopiu.net\/wordpress\/wp-content\/uploads\/2020\/06\/ZAIA-MURI.mp3\">https:\/\/www.radiopiu.net\/wordpress\/wp-content\/uploads\/2020\/06\/ZAIA-MURI.mp3<\/a><\/audio>\n<p><strong>GLI AGORDINI AGGIUNGONO<\/strong><\/p>\n<audio class=\"wp-audio-shortcode\" id=\"audio-146729-3\" preload=\"none\" style=\"width: 100%;\" controls=\"controls\"><source type=\"audio\/mpeg\" src=\"https:\/\/www.radiopiu.net\/wordpress\/wp-content\/uploads\/2020\/06\/ZAIA-AGORDINO.mp3?_=3\" \/><a href=\"https:\/\/www.radiopiu.net\/wordpress\/wp-content\/uploads\/2020\/06\/ZAIA-AGORDINO.mp3\">https:\/\/www.radiopiu.net\/wordpress\/wp-content\/uploads\/2020\/06\/ZAIA-AGORDINO.mp3<\/a><\/audio>\n<p>&nbsp;<\/p>\n<p>&nbsp;<\/p>\n<p>&nbsp;<\/p>\n<hr \/>\n<p>&nbsp;<\/p>\n<div class=\"page-title-head hgroup\">\n<blockquote>\n<h3 class=\"entry-title\">PRECISAZIONI IN MERITO ALLA DIFFUSIONE DI NOTIZIE RELATIVE AL RADUNO ALLO STELVIO<\/h3>\n<\/blockquote>\n<p><strong>COMUNICATO DELLA FISI<\/strong><\/p>\n<blockquote><p><em>Nello staff anche il bellunese Giovanni Feltrin di Longarone (tecnico della nazionale) Goggia e Brignone<\/em><\/p><\/blockquote>\n<p><img loading=\"lazy\" decoding=\"async\" class=\"alignleft\" src=\"https:\/\/www.radiopiu.net\/wordpress\/wp-content\/uploads\/2020\/06\/download-31.jpg\" width=\"133\" height=\"152\" \/>In relazione ad alcune informazioni filtrate in maniera distorta attraverso alcuni siti internet, la Federazione Italiana Sport Invernali precisa che grazie alla rigida applicazione dei protocolli sanitari stilati per la gestione del raduno sciistico dello Stelvio \u00e8 stato possibile identificare che un tecnico, appena salito sul ghiacciaio, mostrava deboli sintomi influenzali. \u00c8 stato quindi immediatamente condotto presso l\u2019ospedale di Sondalo dove \u00e8 risultato positivo al test sierologico e, di conseguenza, per il protocollo dell\u2019ATS di Sondrio, sottoposto ad un tampone. Per lo stesso protocollo la stessa ATS ha sottoposto a tampone tutti coloro che si trovano in questi giorni presso l\u2019hotel Livrio. Oggi si \u00e8 attivata anche l\u2019ATS di Bolzano, essendo il Livrio in territorio altoatesino, che effettuer\u00e0 un nuovo tampone. La situazione complessiva \u00e8 costantemente monitorata dalla Commissione medica FISI, in continuo contatto con ATS, che provveder\u00e0 immediatamente ad isolare eventuali casi di positivit\u00e0. Il tecnico ora sta bene e gli esami non hanno evidenziato ulteriori sintomi di nessun tipo.<\/p>\n<\/div>\n<p>&nbsp;<\/p>\n<p>&nbsp;<\/p>\n<p>&nbsp;<\/p>\n<hr \/>\n<blockquote>\n<h3>LA MONTAGNA DI AGORDO: COMUNALE PER IL FRAMONT, UN BEL LAVORO CON I FONDI VAIA<\/h3>\n<\/blockquote>\n<p><strong><a class=\"dt-pswp-item\" href=\"https:\/\/www.radiopiu.net\/wordpress\/wp-content\/uploads\/2020\/06\/19440a40-aa6d-404b-a2e8-a229a4842dee.jpg\" data-dt-img-description=\"\" data-large_image_width=\"960\" data-large_image_height=\"720\"><img loading=\"lazy\" decoding=\"async\" class=\"size-medium wp-image-146772 alignleft\" src=\"https:\/\/www.radiopiu.net\/wordpress\/wp-content\/uploads\/2020\/06\/19440a40-aa6d-404b-a2e8-a229a4842dee-300x225.jpg\" alt=\"\" width=\"300\" height=\"225\" srcset=\"https:\/\/www.radiopiu.net\/wordpress\/wp-content\/uploads\/2020\/06\/19440a40-aa6d-404b-a2e8-a229a4842dee-300x225.jpg 300w, https:\/\/www.radiopiu.net\/wordpress\/wp-content\/uploads\/2020\/06\/19440a40-aa6d-404b-a2e8-a229a4842dee-768x576.jpg 768w, https:\/\/www.radiopiu.net\/wordpress\/wp-content\/uploads\/2020\/06\/19440a40-aa6d-404b-a2e8-a229a4842dee.jpg 960w\" sizes=\"auto, (max-width: 300px) 100vw, 300px\" \/><\/a>AGORDO<\/strong> Proprio un bel lavoro sulla strada che da Rif sale fino a Malga Framont passando per il Don. La ditta incaricata dei lavori ha sistemato il fondo stradale allargando la rotabile in alcuni punti, ora \u00e8 un piacere raggiungere la malga, dotata di ampio parcheggio,\u00a0 ma anche i sentieri per il Rifugio Carestiato, Mont Alt con la sua Croce, l&#8217;Alta via numero 1 che porta ai rifugi Vazzoler, Tissi e Coldai. La strada era stata seriamente danneggiata dalla furia di Vaia.<em> &#8220;Sono stati spesi 400 mila euro inizialmente &#8211; spiega l&#8217;assessore ai lavori pubblici Giulio Favretti &#8211; poi ne sono stati aggiunti altri 150 mila&#8221;<\/em>. I cantieri rimangono aperti per gli utlimi lavori di rifiinitura con eventuali chiusure se necessarie, con l&#8217;autunno via di nuovi ai cantieri<em>. &#8220;Ci saranno dei lavori su un lotto boschivo &#8211; spiega Favretti &#8211; e poi la ditta incaricata provveder\u00e0 alle rifiniture della strada, compresa l&#8217;asfaltatura&#8221;<\/em>: Intanto sono terminati anche i lavori di posa dei guardrail in legno tra Rif e il Don altra bella soluzione nel rispetto dell&#8217;ambiente. Continuano invece anche nelle prossime settimane i lavori sull&#8217;altra comunale, quella che collega Don con la frazione Farenzena <em>&#8220;Per questo cantiere &#8211; spiega Favretti &#8211; il Comune ha stanziato 30 mila euro, nelle nostre intenzioni dare un&#8217;importante via di sfogo alla frazione in quota per raggiungere il Don ma anche Rif, potrebbe tornare molto utile anche in caso di emergenze.&#8221;<\/em><\/p>\n<p><strong>VIDEO DA MALGA FRAMONT CON UNA VISIONE SPETTACOLARE TRA MONTE CELO, MOIAZZA, FRAMONT<\/strong><\/p>\n<div style=\"width: 640px;\" class=\"wp-video\"><video class=\"wp-video-shortcode\" id=\"video-146729-1\" width=\"640\" height=\"352\" preload=\"metadata\" controls=\"controls\"><source type=\"video\/mp4\" src=\"https:\/\/www.radiopiu.net\/wordpress\/wp-content\/uploads\/2020\/06\/WhatsApp-Video-2020-06-28-at-13.25.20.mp4?_=1\" \/><a href=\"https:\/\/www.radiopiu.net\/wordpress\/wp-content\/uploads\/2020\/06\/WhatsApp-Video-2020-06-28-at-13.25.20.mp4\">https:\/\/www.radiopiu.net\/wordpress\/wp-content\/uploads\/2020\/06\/WhatsApp-Video-2020-06-28-at-13.25.20.mp4<\/a><\/video><\/div>\n<p>&nbsp;<\/p>\n<p>&nbsp;<\/p>\n<p>&nbsp;<\/p>\n<hr \/>\n<p>&nbsp;<\/p>\n<p>&nbsp;<\/p>\n<blockquote>\n<h3 class=\"entry-title\">COME INVESTIRE ALLA MENO PEGGIO I SOLDI DEI FONDI DI CONFINE, DUE ANNI DI LAVORO E STRADA SBARRATA<\/h3>\n<\/blockquote>\n<p><strong class=\"photoswipe-wrapper\"><a class=\"dt-pswp-item pspw-wrap-ready\" href=\"https:\/\/i2.wp.com\/www.radiopiu.net\/wordpress\/wp-content\/uploads\/2019\/07\/31eb652b-6ccb-4560-b741-c4b893a5a7a0.jpg?ssl=1\" data-dt-img-description=\"\" data-large_image_width=\"2048\" data-large_image_height=\"1024\"><img loading=\"lazy\" decoding=\"async\" class=\"size-medium wp-image-146651 alignleft\" src=\"https:\/\/i2.wp.com\/www.radiopiu.net\/wordpress\/wp-content\/uploads\/2019\/07\/31eb652b-6ccb-4560-b741-c4b893a5a7a0.jpg?resize=300%2C150&amp;ssl=1\" sizes=\"auto, (max-width: 300px) 100vw, 300px\" srcset=\"https:\/\/i2.wp.com\/www.radiopiu.net\/wordpress\/wp-content\/uploads\/2019\/07\/31eb652b-6ccb-4560-b741-c4b893a5a7a0.jpg?resize=300%2C150&amp;ssl=1 300w, https:\/\/i2.wp.com\/www.radiopiu.net\/wordpress\/wp-content\/uploads\/2019\/07\/31eb652b-6ccb-4560-b741-c4b893a5a7a0.jpg?resize=1024%2C512&amp;ssl=1 1024w, https:\/\/i2.wp.com\/www.radiopiu.net\/wordpress\/wp-content\/uploads\/2019\/07\/31eb652b-6ccb-4560-b741-c4b893a5a7a0.jpg?resize=768%2C384&amp;ssl=1 768w, https:\/\/i2.wp.com\/www.radiopiu.net\/wordpress\/wp-content\/uploads\/2019\/07\/31eb652b-6ccb-4560-b741-c4b893a5a7a0.jpg?resize=1536%2C768&amp;ssl=1 1536w, https:\/\/i2.wp.com\/www.radiopiu.net\/wordpress\/wp-content\/uploads\/2019\/07\/31eb652b-6ccb-4560-b741-c4b893a5a7a0.jpg?w=2048&amp;ssl=1 2048w\" alt=\"\" width=\"300\" height=\"150\" \/><\/a>TAIBON<\/strong>\u00a0Verrebbe da sorridere se non fosse da piangere, perch\u00e8 quei soldi stanziati sette anni fa (annualit\u00e0 2013-2014) non hanno trovato concretezza in un\u2019opera voluta dal Comune e seguita dall\u2019ufficio tecnico fin dal 30 dicembre 2017. Oltre 332 mila euro dei fondi di confine immobilizzati, viene da sorridere se si pensa che i lavori sono iniziati il 16 aprile 2018, viene da piangere se si pensa invece che erano stati previsti 150 giorni per l\u2019esecuzione, ovvero doveva essere inaugurata nel settembre del 2018 e invece quella strada \u00e8 ancora sbarrata. Viene da sorridere se si pensa che lo scorso anno la strada era stata aperta, addirittura si ipotizzava anche l\u2019illuminazione, viene da piangere se si guarda la strada oggi, dei pali per l\u2019illuminazione nemmeno l\u2019ombra, peggio: la strada \u00e8 di nuovo chiusa, ermeticamente chiusa non ci passa nemmeno un pedone. Per la verit\u00e0 non \u00e8 stata mai inaugurata, nessun taglio del nastro e probabilmente non \u00e8 stata nemmeno mai collaudata, come dire che per un anno chi ha circolato su quella strada per raggiungere Peden ed evitare lo stretto del Comedon lo ha fatto infrangendo le regole ma sentendosi autorizzato visto che erano state tolte le \u201ctransenne\u201d una sorta di tacito via libera. Evidentemente tra gli esecutori delle opere e l\u2019ufficio tecnico comunale \u00e8 successo qualche cosa, lo si intuisce dal commento del sindaco Silvia Tormen che alla richiesta di chiarimenti in modo telegrafico ma assolutamente chiaro risponde:<em>\u00a0\u201cE\u2019 una questione tecnica che conosce bene Fulvio Collazuol che \u00e8 appunto il tecnico comunale. Da quanto ne so c\u2019\u00e8 un procedimento aperto con l\u2019Anac (\u2019Autorit\u00e0 Nazionale Anticorruzione che si occupa della prevenzione della corruzione nell\u2019ambito delle amministrazioni pubbliche ndr.). Alla base dell\u2019inghippo un non accordo\u00a0 economico con la ditta costruttrice (Impresa La Bellunese di Santa Giustina, direttori di cantiere Marco e Tito Zollet). \u00a0Secondo l\u2019Ufficio Tecnico dovrebbe pagare penali per il ritardo della consegna dei lavori e quindi ha avanzato riserve e ad oggi manca il collaudo\u201d.<\/em>\u00a0La frazione Lagunal \u00e8 quindi di nuovo privata di un importante collegamento, i fondi di confine non trovano concretezza, la gente si lamenta e il sindaco alla domanda quando si risolver\u00e0 la situazione risponde\u00a0<em>\u201cCredo ci vorr\u00e0 qualche mese\u201d.\u00a0<\/em>Per quanto riguarda l\u2019illuminazione di una strada buia, quindi anti pedonale, neanche da chiederlo, ora i problemi sono altri ma il paese cerca risposte, stufo di aspettare e vedere un cantiere aperto. Rimane il fatto che per un anno la gente ha continuato a transitare su quella strada fortunatamente non ci sono stati incidenti.<\/p>\n<p>&nbsp;<\/p>\n<p>&nbsp;<\/p>\n<hr \/>\n<p>&nbsp;<\/p>\n<p>&nbsp;<\/p>\n<blockquote>\n<h3>FIORIN FIORELLO TAIBON E\u2019 BELLO\u2026<\/h3>\n<\/blockquote>\n<p><strong>TAIBON\u00a0<\/strong>Come di consuetudine anche quest\u2019anno il comune ha provveduto ad abbellire con i fiori i ponti principali del paese, la piazzetta di San Cipriano, le piazzole picnic in Valle di San Lucano e il monumento ai caduti in piazza del Municipio. Verranno curati amorevolmente da volontari che abitano nelle vicinanze e, sul Pont Grant, da giovani ragazze volenterose che abbiamo colto in \u201cflagrante\u201d. Un altro gran esempio di come la popolazione di Taibon sia disponibile e collaborativa. Siamo riconoscenti anche agli abitanti delle varie frazioni che spontaneamente adornano le loro fontane, piazzette e quant\u2019altro affinch\u00e9 anche il passante possa \u201clustrase l\u2019ocio\u201d.<\/p>\n<div id=\"gallery-2\" class=\"dt-gallery-container gallery galleryid-146657 gallery-columns-2 gallery-size-medium\">\n<dl class=\"gallery-item\">\n<dt class=\"gallery-icon landscape\"><a class=\"rollover this-ready\" href=\"https:\/\/www.radiopiu.net\/wordpress\/fiorin-fiorello-taibon-e-bello\/dc14b499-deb3-4436-86b0-bf7c25f41bc4\/\"><img loading=\"lazy\" decoding=\"async\" class=\"attachment-medium size-medium jetpack-lazy-image jetpack-lazy-image--handled\" src=\"https:\/\/i2.wp.com\/www.radiopiu.net\/wordpress\/wp-content\/uploads\/2020\/06\/dc14b499-deb3-4436-86b0-bf7c25f41bc4-300x225.jpg?ssl=1\" sizes=\"auto, (max-width: 300px) 100vw, 300px\" srcset=\"https:\/\/i0.wp.com\/www.radiopiu.net\/wordpress\/wp-content\/uploads\/2020\/06\/dc14b499-deb3-4436-86b0-bf7c25f41bc4.jpg?resize=300%2C225&amp;ssl=1 300w, https:\/\/i0.wp.com\/www.radiopiu.net\/wordpress\/wp-content\/uploads\/2020\/06\/dc14b499-deb3-4436-86b0-bf7c25f41bc4.jpg?resize=1024%2C768&amp;ssl=1 1024w, https:\/\/i0.wp.com\/www.radiopiu.net\/wordpress\/wp-content\/uploads\/2020\/06\/dc14b499-deb3-4436-86b0-bf7c25f41bc4.jpg?resize=768%2C576&amp;ssl=1 768w, https:\/\/i0.wp.com\/www.radiopiu.net\/wordpress\/wp-content\/uploads\/2020\/06\/dc14b499-deb3-4436-86b0-bf7c25f41bc4.jpg?resize=1536%2C1152&amp;ssl=1 1536w, https:\/\/i0.wp.com\/www.radiopiu.net\/wordpress\/wp-content\/uploads\/2020\/06\/dc14b499-deb3-4436-86b0-bf7c25f41bc4.jpg?w=1600&amp;ssl=1 1600w\" alt=\"\" width=\"300\" height=\"225\" data-recalc-dims=\"1\" data-lazy-loaded=\"1\" \/><i><\/i><\/a><\/dt>\n<\/dl>\n<dl class=\"gallery-item\">\n<dt class=\"gallery-icon landscape\"><a class=\"rollover this-ready\" href=\"https:\/\/www.radiopiu.net\/wordpress\/fiorin-fiorello-taibon-e-bello\/55a246e3-0948-4922-908d-2a7e04c39cc2\/\"><img loading=\"lazy\" decoding=\"async\" class=\"attachment-medium size-medium jetpack-lazy-image jetpack-lazy-image--handled\" src=\"https:\/\/i0.wp.com\/www.radiopiu.net\/wordpress\/wp-content\/uploads\/2020\/06\/55a246e3-0948-4922-908d-2a7e04c39cc2-300x225.jpg?ssl=1\" sizes=\"auto, (max-width: 300px) 100vw, 300px\" srcset=\"https:\/\/i0.wp.com\/www.radiopiu.net\/wordpress\/wp-content\/uploads\/2020\/06\/55a246e3-0948-4922-908d-2a7e04c39cc2.jpg?resize=300%2C225&amp;ssl=1 300w, https:\/\/i0.wp.com\/www.radiopiu.net\/wordpress\/wp-content\/uploads\/2020\/06\/55a246e3-0948-4922-908d-2a7e04c39cc2.jpg?resize=1024%2C768&amp;ssl=1 1024w, https:\/\/i0.wp.com\/www.radiopiu.net\/wordpress\/wp-content\/uploads\/2020\/06\/55a246e3-0948-4922-908d-2a7e04c39cc2.jpg?resize=768%2C576&amp;ssl=1 768w, https:\/\/i0.wp.com\/www.radiopiu.net\/wordpress\/wp-content\/uploads\/2020\/06\/55a246e3-0948-4922-908d-2a7e04c39cc2.jpg?resize=1536%2C1152&amp;ssl=1 1536w, https:\/\/i0.wp.com\/www.radiopiu.net\/wordpress\/wp-content\/uploads\/2020\/06\/55a246e3-0948-4922-908d-2a7e04c39cc2.jpg?w=1984&amp;ssl=1 1984w\" alt=\"\" width=\"300\" height=\"225\" data-recalc-dims=\"1\" data-lazy-loaded=\"1\" \/><i><\/i><\/a><\/dt>\n<\/dl>\n<\/div>\n<p>&nbsp;<\/p>\n<p>&nbsp;<\/p>\n<hr \/>\n<p>&nbsp;<\/p>\n<p>&nbsp;<\/p>\n<blockquote>\n<h3>CICLABILE DI ALLEGHE SEGNALETICA CARENTE, LE CRITICHE DI UN TURISTA NELLA LETTERA AI SINDACI<\/h3>\n<\/blockquote>\n<blockquote><p><em>Riceviamo e volentieri pubblichiamo la lettera di Giorgio Troni (Venezia) inviata ai sindaci di Rocca Pietore Andrea De Bernardin e di Alleghe Danilo De Toni. Il riferimento alla ciclabile della Val Cordevole, la stessa in questi giorni oggetto di critiche inascoltate a tutti i livelli dove una ditta sta \u201cgrattando\u201d l\u2019asfalto posizionato pochi mesi fa (era come un biliardo) perch\u00e9 per qualcuno il colore stona con l\u2019ambiente. Per questa \u201cgrattata\u201d saranno spesi \u2013 lo ricordava l\u2019ex sindaco di Alleghe Siro De Biasio \u2013 oltre 30 mila euro.<\/em><\/p><\/blockquote>\n<p><strong>LA LETTERA<\/strong><\/p>\n<div dir=\"auto\">\n<div dir=\"auto\">\n<div class=\"photoswipe-wrapper\" dir=\"auto\"><a class=\"dt-pswp-item pspw-wrap-ready\" href=\"https:\/\/i2.wp.com\/www.radiopiu.net\/wordpress\/wp-content\/uploads\/2020\/06\/7cf5e6b2-6460-4242-95d5-5bac7a551b02.jpg?ssl=1\" data-dt-img-description=\"\" data-large_image_width=\"1200\" data-large_image_height=\"1600\"><img loading=\"lazy\" decoding=\"async\" class=\"size-medium wp-image-145944 alignleft\" src=\"https:\/\/i2.wp.com\/www.radiopiu.net\/wordpress\/wp-content\/uploads\/2020\/06\/7cf5e6b2-6460-4242-95d5-5bac7a551b02.jpg?resize=225%2C300&amp;ssl=1\" sizes=\"auto, (max-width: 225px) 100vw, 225px\" srcset=\"https:\/\/i2.wp.com\/www.radiopiu.net\/wordpress\/wp-content\/uploads\/2020\/06\/7cf5e6b2-6460-4242-95d5-5bac7a551b02.jpg?resize=225%2C300&amp;ssl=1 225w, https:\/\/i2.wp.com\/www.radiopiu.net\/wordpress\/wp-content\/uploads\/2020\/06\/7cf5e6b2-6460-4242-95d5-5bac7a551b02.jpg?resize=768%2C1024&amp;ssl=1 768w, https:\/\/i2.wp.com\/www.radiopiu.net\/wordpress\/wp-content\/uploads\/2020\/06\/7cf5e6b2-6460-4242-95d5-5bac7a551b02.jpg?resize=1152%2C1536&amp;ssl=1 1152w, https:\/\/i2.wp.com\/www.radiopiu.net\/wordpress\/wp-content\/uploads\/2020\/06\/7cf5e6b2-6460-4242-95d5-5bac7a551b02.jpg?w=1200&amp;ssl=1 1200w\" alt=\"\" width=\"225\" height=\"300\" data-recalc-dims=\"1\" \/><\/a>Sono un assiduo frequentatore delle nostre montagne, nella stagione invernale, in quella estiva e in tutti gli altri momenti dell\u2019anno in cui riesco a venire.<\/div>\n<div dir=\"auto\">Vi scrivo in relazione alla ciclabile che fino all\u2019uragano Vaja consentiva di arrivare a Malga Ciapela, attraverso fantastici percorsi variegati, di qua e di l\u00e0 del lago e poi del torrente.\u00a0 Purtroppo il disastro di un anno e mezzo fa oltre a ben pi\u00f9 gravi sventure ha interrotto questo bellissimo itinerario in vari punti.\u00a0 Ora capisco che i fondi sono pochi e andranno sicuramente destinati ad altre priorit\u00e0 piuttosto che al ripristino delle zone disastrate ma chiedo cortesemente di provvedere almeno all\u2019apposizione di una minima segnaletica che aiuti i (gi\u00e0 pochi) visitatori a capire quali tratti siano percorribili e quali no. In un momento di crisi come questo, ritengo possa essere molto utile\u00a0 per l\u2019economia locale il contributo dei visitatori, e dei loro passaparola nel testimoniare le qualit\u00e0 della valle, considerando anche l\u2019interesse crescente per l\u2019uso turistico e ricreativo delle biciclette, muscolari ed elettriche. Credo che un\u2019iniziativa come la segnaletica sia cos\u00ec molto meno costosa di altre, e forse potrebbe anche essere sostenuta da contributi privati (anche solo consentendo la sponsorizzazione delle insegne), ma \u00e8 vostro compito supportarla per facilitarne la realizzazione e fornendo i criteri autorizzativi.<\/div>\n<div dir=\"auto\"><\/div>\n<div dir=\"auto\"><\/div>\n<div dir=\"auto\">\n<hr \/>\n<\/div>\n<div dir=\"auto\">\n<blockquote>\n<h3>LE FOTO PER LE BELLE NOTIZIE<\/h3>\n<p><strong>CANALE D&#8217;AGORDO<\/strong> Continuano i lavori della Provincia sulla strada per Carfon dopo la frana autunnale che ha bloccato la rotabile che dalla 346 sale nella frazione che non \u00e8 rimasta isolata ma solo grazie al collegamento per Vallada. Stamane in cantiere anche l&#8217;elicottero. (grazie a Stefano per la collaborazione)<\/p>\n<p><a class=\"dt-pswp-item\" href=\"https:\/\/www.radiopiu.net\/wordpress\/wp-content\/uploads\/2020\/06\/5a0584e9-0015-4bc8-b764-d2662074bdbc.jpg\" data-dt-img-description=\"\" data-large_image_width=\"777\" data-large_image_height=\"1600\"><img loading=\"lazy\" decoding=\"async\" class=\"alignnone size-medium wp-image-146864\" src=\"https:\/\/www.radiopiu.net\/wordpress\/wp-content\/uploads\/2020\/06\/5a0584e9-0015-4bc8-b764-d2662074bdbc-146x300.jpg\" alt=\"\" width=\"146\" height=\"300\" srcset=\"https:\/\/www.radiopiu.net\/wordpress\/wp-content\/uploads\/2020\/06\/5a0584e9-0015-4bc8-b764-d2662074bdbc-146x300.jpg 146w, https:\/\/www.radiopiu.net\/wordpress\/wp-content\/uploads\/2020\/06\/5a0584e9-0015-4bc8-b764-d2662074bdbc-497x1024.jpg 497w, https:\/\/www.radiopiu.net\/wordpress\/wp-content\/uploads\/2020\/06\/5a0584e9-0015-4bc8-b764-d2662074bdbc-768x1581.jpg 768w, https:\/\/www.radiopiu.net\/wordpress\/wp-content\/uploads\/2020\/06\/5a0584e9-0015-4bc8-b764-d2662074bdbc-746x1536.jpg 746w, https:\/\/www.radiopiu.net\/wordpress\/wp-content\/uploads\/2020\/06\/5a0584e9-0015-4bc8-b764-d2662074bdbc.jpg 777w\" sizes=\"auto, (max-width: 146px) 100vw, 146px\" \/><\/a><a class=\"dt-pswp-item\" href=\"https:\/\/www.radiopiu.net\/wordpress\/wp-content\/uploads\/2020\/06\/5842e38e-fbb8-4fe1-b357-0682d2b2f0f8.jpg\" data-dt-img-description=\"\" data-large_image_width=\"777\" data-large_image_height=\"1600\"><img loading=\"lazy\" decoding=\"async\" class=\"alignnone size-medium wp-image-146868\" src=\"https:\/\/www.radiopiu.net\/wordpress\/wp-content\/uploads\/2020\/06\/5842e38e-fbb8-4fe1-b357-0682d2b2f0f8-146x300.jpg\" alt=\"\" width=\"146\" height=\"300\" srcset=\"https:\/\/www.radiopiu.net\/wordpress\/wp-content\/uploads\/2020\/06\/5842e38e-fbb8-4fe1-b357-0682d2b2f0f8-146x300.jpg 146w, https:\/\/www.radiopiu.net\/wordpress\/wp-content\/uploads\/2020\/06\/5842e38e-fbb8-4fe1-b357-0682d2b2f0f8-497x1024.jpg 497w, https:\/\/www.radiopiu.net\/wordpress\/wp-content\/uploads\/2020\/06\/5842e38e-fbb8-4fe1-b357-0682d2b2f0f8-768x1581.jpg 768w, https:\/\/www.radiopiu.net\/wordpress\/wp-content\/uploads\/2020\/06\/5842e38e-fbb8-4fe1-b357-0682d2b2f0f8-746x1536.jpg 746w, https:\/\/www.radiopiu.net\/wordpress\/wp-content\/uploads\/2020\/06\/5842e38e-fbb8-4fe1-b357-0682d2b2f0f8.jpg 777w\" sizes=\"auto, (max-width: 146px) 100vw, 146px\" \/><\/a><a class=\"dt-pswp-item\" href=\"https:\/\/www.radiopiu.net\/wordpress\/wp-content\/uploads\/2020\/06\/8aa359b4-0a21-42bd-9f1f-a0d28639c5a7.jpg\" data-dt-img-description=\"\" data-large_image_width=\"1600\" data-large_image_height=\"777\"><img loading=\"lazy\" decoding=\"async\" class=\"alignnone size-medium wp-image-146865\" src=\"https:\/\/www.radiopiu.net\/wordpress\/wp-content\/uploads\/2020\/06\/8aa359b4-0a21-42bd-9f1f-a0d28639c5a7-300x146.jpg\" alt=\"\" width=\"300\" height=\"146\" srcset=\"https:\/\/www.radiopiu.net\/wordpress\/wp-content\/uploads\/2020\/06\/8aa359b4-0a21-42bd-9f1f-a0d28639c5a7-300x146.jpg 300w, https:\/\/www.radiopiu.net\/wordpress\/wp-content\/uploads\/2020\/06\/8aa359b4-0a21-42bd-9f1f-a0d28639c5a7-1024x497.jpg 1024w, https:\/\/www.radiopiu.net\/wordpress\/wp-content\/uploads\/2020\/06\/8aa359b4-0a21-42bd-9f1f-a0d28639c5a7-768x373.jpg 768w, https:\/\/www.radiopiu.net\/wordpress\/wp-content\/uploads\/2020\/06\/8aa359b4-0a21-42bd-9f1f-a0d28639c5a7-1536x746.jpg 1536w, https:\/\/www.radiopiu.net\/wordpress\/wp-content\/uploads\/2020\/06\/8aa359b4-0a21-42bd-9f1f-a0d28639c5a7.jpg 1600w\" sizes=\"auto, (max-width: 300px) 100vw, 300px\" \/><\/a><a class=\"dt-pswp-item\" href=\"https:\/\/www.radiopiu.net\/wordpress\/wp-content\/uploads\/2020\/06\/ca4e4af8-ef68-430c-bdf0-ed4c0df01133.jpg\" data-dt-img-description=\"\" data-large_image_width=\"1600\" data-large_image_height=\"777\"><img loading=\"lazy\" decoding=\"async\" class=\"alignnone size-medium wp-image-146866\" src=\"https:\/\/www.radiopiu.net\/wordpress\/wp-content\/uploads\/2020\/06\/ca4e4af8-ef68-430c-bdf0-ed4c0df01133-300x146.jpg\" alt=\"\" width=\"300\" height=\"146\" srcset=\"https:\/\/www.radiopiu.net\/wordpress\/wp-content\/uploads\/2020\/06\/ca4e4af8-ef68-430c-bdf0-ed4c0df01133-300x146.jpg 300w, https:\/\/www.radiopiu.net\/wordpress\/wp-content\/uploads\/2020\/06\/ca4e4af8-ef68-430c-bdf0-ed4c0df01133-1024x497.jpg 1024w, https:\/\/www.radiopiu.net\/wordpress\/wp-content\/uploads\/2020\/06\/ca4e4af8-ef68-430c-bdf0-ed4c0df01133-768x373.jpg 768w, https:\/\/www.radiopiu.net\/wordpress\/wp-content\/uploads\/2020\/06\/ca4e4af8-ef68-430c-bdf0-ed4c0df01133-1536x746.jpg 1536w, https:\/\/www.radiopiu.net\/wordpress\/wp-content\/uploads\/2020\/06\/ca4e4af8-ef68-430c-bdf0-ed4c0df01133.jpg 1600w\" sizes=\"auto, (max-width: 300px) 100vw, 300px\" \/><\/a><a class=\"dt-pswp-item\" href=\"https:\/\/www.radiopiu.net\/wordpress\/wp-content\/uploads\/2020\/06\/22f83904-68db-4669-93dc-526bcac45332.jpg\" data-dt-img-description=\"\" data-large_image_width=\"1600\" data-large_image_height=\"777\"><img loading=\"lazy\" decoding=\"async\" class=\"alignnone size-medium wp-image-146867\" src=\"https:\/\/www.radiopiu.net\/wordpress\/wp-content\/uploads\/2020\/06\/22f83904-68db-4669-93dc-526bcac45332-300x146.jpg\" alt=\"\" width=\"300\" height=\"146\" srcset=\"https:\/\/www.radiopiu.net\/wordpress\/wp-content\/uploads\/2020\/06\/22f83904-68db-4669-93dc-526bcac45332-300x146.jpg 300w, https:\/\/www.radiopiu.net\/wordpress\/wp-content\/uploads\/2020\/06\/22f83904-68db-4669-93dc-526bcac45332-1024x497.jpg 1024w, https:\/\/www.radiopiu.net\/wordpress\/wp-content\/uploads\/2020\/06\/22f83904-68db-4669-93dc-526bcac45332-768x373.jpg 768w, https:\/\/www.radiopiu.net\/wordpress\/wp-content\/uploads\/2020\/06\/22f83904-68db-4669-93dc-526bcac45332-1536x746.jpg 1536w, https:\/\/www.radiopiu.net\/wordpress\/wp-content\/uploads\/2020\/06\/22f83904-68db-4669-93dc-526bcac45332.jpg 1600w\" sizes=\"auto, (max-width: 300px) 100vw, 300px\" \/><\/a><\/p>\n<p>&nbsp;<\/p>\n<h3><\/h3>\n<p>&nbsp;<\/p>\n<hr \/>\n<blockquote class=\"wp-embedded-content\" data-secret=\"IMEmQtynM6\"><p><a href=\"https:\/\/www.radiopiu.net\/wordpress\/quasi-9-pmi-su-10-non-hanno-chiesto-prestiti-avvalendosi-del-fondo-di-garanzia\/\">QUASI 9 PMI SU 10 NON HANNO CHIESTO PRESTITI AVVALENDOSI DEL FONDO DI GARANZIA<\/a><\/p><\/blockquote>\n<p><iframe loading=\"lazy\" class=\"wp-embedded-content\" sandbox=\"allow-scripts\" security=\"restricted\" style=\"position: absolute; clip: rect(1px, 1px, 1px, 1px);\" title=\"&#8220;QUASI 9 PMI SU 10 NON HANNO CHIESTO PRESTITI AVVALENDOSI DEL FONDO DI GARANZIA&#8221; &#8212; Radio Pi\u00f9\" src=\"https:\/\/www.radiopiu.net\/wordpress\/quasi-9-pmi-su-10-non-hanno-chiesto-prestiti-avvalendosi-del-fondo-di-garanzia\/embed\/#?secret=IMEmQtynM6\" data-secret=\"IMEmQtynM6\" width=\"600\" height=\"338\" frameborder=\"0\" marginwidth=\"0\" marginheight=\"0\" scrolling=\"no\"><\/iframe><\/p>\n<p>&nbsp;<\/p>\n<hr \/>\n<p>&nbsp;<\/p>\n<blockquote>\n<h3>ZERO PIU\u2019 UNO DIVENTA LA FABBRICA DELLE EMOZIONI<\/h3>\n<\/blockquote>\n<\/blockquote>\n<p><strong class=\"photoswipe-wrapper\"><a class=\"dt-pswp-item pspw-wrap-ready\" href=\"https:\/\/i0.wp.com\/www.radiopiu.net\/wordpress\/wp-content\/uploads\/2017\/04\/MyRadioPiu_miaidea.png?ssl=1\" data-dt-img-description=\"\" data-large_image_width=\"483\" data-large_image_height=\"374\"><img loading=\"lazy\" decoding=\"async\" class=\"alignleft wp-image-30709\" src=\"https:\/\/i0.wp.com\/www.radiopiu.net\/wordpress\/wp-content\/uploads\/2017\/04\/MyRadioPiu_miaidea.png?resize=184%2C142&amp;ssl=1\" sizes=\"auto, (max-width: 184px) 100vw, 184px\" srcset=\"https:\/\/i0.wp.com\/www.radiopiu.net\/wordpress\/wp-content\/uploads\/2017\/04\/MyRadioPiu_miaidea.png?resize=300%2C232&amp;ssl=1 300w, https:\/\/i0.wp.com\/www.radiopiu.net\/wordpress\/wp-content\/uploads\/2017\/04\/MyRadioPiu_miaidea.png?w=483&amp;ssl=1 483w\" alt=\"\" width=\"184\" height=\"142\" data-recalc-dims=\"1\" \/><\/a>RADIOPIU<\/strong>\u00a0La rubrica \u201cZero Pi\u00f9 Uno\u201d diventa \u201cLa Fabbrica delle Emozioni\u201d.\u00a0 Eravamo partiti a marzo\u00a0 con una serie di interviste sul difficile momento che stavamo vivendo a causa dell\u2019epidemia da covid 19. Dalle aziende ai professionisti, dagli artigiani agli esperti nei vari settori della societ\u00e0, abbiamo sentito punti di vista e considerazioni, cercando di capire il momento delicato vissuto dalle comunit\u00e0. Abbiamo proseguito testimoniando attraverso le parole degli ospiti la ripresa, la ripartenza lavorativa, culturale e sociale. Nel titolo \u201cZero\u201d rappresentava idealmente il lockdown, \u201cUno\u201d la fase della ripartenza. In mezzo Radio Piu\u2019, sempre testimone della nostra vita. Ora, cerchiamo di tornare il pi\u00f9 possibile nella normalit\u00e0. \u201cDa Zero Pi\u00f9 Uno\u201d a \u201cLa Fabbrica delle Emozioni\u201d riprendendo anche per tradizione il titolo di un anno fa, in apparenza contraddittorio, ma che nel nostro spirito vuole essere un auspicio: tante emozioni da diventare una sorta di fabbrica, nel senso della quantit\u00e0, ma non nella qualit\u00e0, perch\u00e9 le emozioni non sono quasi mai ripetitive. In parte cambia il taglio del programma. Alcune difficolt\u00e0 restano ancora in questo periodo, per la nostra economia industriale, artigianale, commerciale e turistica, ma la fiducia verso la stagione estiva c\u2019e\u2019,\u00a0 vogliamo testimoniarla attraverso le parole degli operatori turistici e commerciali, ma apriamo il dialogo anche verso altre realt\u00e0\u00a0 che possono caratterizzare la bella stagione. Ci saranno forse meno eventi questa estate, anche se ci auguriamo possano essere ripensati in maniera diversa. E noi ci saremo, in un viaggio quotidiano che ci far\u00e0\u00a0 scoprire con fiducia e positivit\u00e0 la possibile strada verso una vita che \u00e8\u00a0 e forse sar\u00e0 un po\u2019 diversa di quella vissuta fin\u2019ora, ma che ci pu\u00f2 aprire, nel nostro territorio, a nuove potenzialit\u00e0 e\u00a0 ulteriori sviluppi.<strong>\u00a0La Fabbrica delle Emozioni, sara\u2019 in onda nei mesi di\u00a0 luglio e agosto dal lunedi al venerdi alle 15.10 e alle 20.30, anche grazie al prezioso supporto di Giornale &amp; Caffe\u2019 di Taibon Agordino.<\/strong><\/p>\n<\/div>\n<div dir=\"auto\"><\/div>\n<div dir=\"auto\">\n<hr \/>\n<\/div>\n<\/div>\n<\/div>\n<div dir=\"auto\"><\/div>\n<div dir=\"auto\"><\/div>\n<div dir=\"auto\"><\/div>\n<div dir=\"auto\"><\/div>\n<div dir=\"auto\">\n<div dir=\"auto\">\n<div dir=\"auto\"><\/div>\n<div dir=\"auto\">\n<hr \/>\n<\/div>\n<\/div>\n<\/div>\n<blockquote class=\"wp-embedded-content\" data-secret=\"wN8XvYevHt\"><p><a href=\"https:\/\/www.radiopiu.net\/wordpress\/il-saluto-di-vasco-rossi-a-radio-piu-raccolto-da-maurizio-laghi\/\">IL SALUTO DI VASCO ROSSI A RADIO PI\u00d9 RACCOLTO DA MAURIZIO LAGHI<\/a><\/p><\/blockquote>\n<p><iframe loading=\"lazy\" class=\"wp-embedded-content\" sandbox=\"allow-scripts\" security=\"restricted\" style=\"position: absolute; clip: rect(1px, 1px, 1px, 1px);\" title=\"&#8220;IL SALUTO DI VASCO ROSSI A RADIO PI\u00d9 RACCOLTO DA MAURIZIO LAGHI&#8221; &#8212; Radio Pi\u00f9\" src=\"https:\/\/www.radiopiu.net\/wordpress\/il-saluto-di-vasco-rossi-a-radio-piu-raccolto-da-maurizio-laghi\/embed\/#?secret=wN8XvYevHt\" data-secret=\"wN8XvYevHt\" width=\"600\" height=\"338\" frameborder=\"0\" marginwidth=\"0\" marginheight=\"0\" scrolling=\"no\"><\/iframe><\/p>\n<p>&nbsp;<\/p>\n<hr \/>\n<p>&nbsp;<\/p>\n<h3>EUSTACHIO RUDIO, STUDIOSO E MEDICO POCO NOTO MA DI NOTEVOLE LEVATURA di Renato Bona<\/h3>\n<p><strong><a class=\"dt-pswp-item\" href=\"https:\/\/www.radiopiu.net\/wordpress\/wp-content\/uploads\/2019\/08\/553085_385905871470280_1626001170_n-1.jpg\" data-dt-img-description=\"\" data-large_image_width=\"855\" data-large_image_height=\"569\"><img loading=\"lazy\" decoding=\"async\" class=\" wp-image-94594 alignleft\" src=\"https:\/\/www.radiopiu.net\/wordpress\/wp-content\/uploads\/2019\/08\/553085_385905871470280_1626001170_n-1-300x200.jpg\" alt=\"\" width=\"167\" height=\"111\" srcset=\"https:\/\/www.radiopiu.net\/wordpress\/wp-content\/uploads\/2019\/08\/553085_385905871470280_1626001170_n-1-300x200.jpg 300w, https:\/\/www.radiopiu.net\/wordpress\/wp-content\/uploads\/2019\/08\/553085_385905871470280_1626001170_n-1-768x511.jpg 768w, https:\/\/www.radiopiu.net\/wordpress\/wp-content\/uploads\/2019\/08\/553085_385905871470280_1626001170_n-1.jpg 855w\" sizes=\"auto, (max-width: 167px) 100vw, 167px\" \/><\/a>di Renato Bona\u00a0<\/strong><\/p>\n<p>Ci occupiamo oggi di un bellunese illustre, anche se poco noto e talvolta confuso con un quasi omonimo che era in tutt\u2019altre faccende occupato. Parliamo di Eustachio Rudio che nacque a Belluno intorno al 1548 \u2013 lo scrive Massimo Rinaldi nel volume 89 dell\u2019anno 2017 del Dizionario biografico degli italiani \u2013 dal giureconsulto Giovanni Battista (gi\u00e0 governatore dell\u2019abbazia di Moggio) e da Elisabetta Bazzi. Conseguito il dottorato in arti e medicina nel 1574, nello studio di Padova, si trasfer\u00ec in Friuli dove esercit\u00f2 la professione medica per un decennio prima di accogliere l\u2019invito del patrizio Pietro Zani e trasferirsi a Venezia. Il soggiorno nella citt\u00e0 lagunare dur\u00f2 4 anni e consent\u00ec al nostro di integrare la formazione personale sotto la guida di Alessandro Massaria, e di perfezionare i rapporti di clientela con le famiglie di maggior peso nelle istituzioni culturali della Repubblica ottenendo, grazie all\u2019appoggio del procuratore di San Marco, Giovanni Micheli, una lettura di medicina pratica nella pubblica Libreria per un biennio, periodo nel quale \u2013 sempre secondo Rinaldi \u2013 si fa risalire l\u2019avvio di un serrato impegno editoriale che nel 1587 port\u00f2 alla pubblicazione appunto a Venezia, dei tre libri di cardiopatologia \u2018De virtutibus et vicii cordis\u2019, con dedica ai rettori dello Studio patavino, in cui si tratta principalmente di palpitazioni, infiammazioni e sincopi, seguiti nel 1588 dal breve compendio di fisiologia galenica \u2018De usu totius humani corporis\u2019 dedicato a Lorenzo Massa. C\u2019\u00e8 da aggiungere che &#8211; come scrive il sito dizionariobiograficodeifriulani.it &#8211; anche con lo pseudonimo di Ioannes Donatellus Castilionensis pubblic\u00f2 varie opere che gli dettero una discreta notoriet\u00e0. Ancora: \u201cAll\u2019inizio del nuovo decennio divenne titolare di una condotta a Montagnana nel Padovano, dove accett\u00f2 di spostarsi per attendere con pi\u00f9 tranquillit\u00e0 alla sistemazione di alcuni scritti \u2018de arte medica\u2019 che da tempo aveva in animo di rendere pubblici\u201d. Quattro dei cinque libri previsti videro la luce: i primi due dedicati alle affezioni delle singole parti, il terzo alle febbri e ai morbi non specifici, il quarto alle malattie esterne, il quinto alle infermit\u00e0 curate per via empirica. I primi tre furono pubblicati a Venezia con il titolo \u201cDe humani corporis affectibus dignoscendis, praedicendis, curandis et conservandis\u201d nel 1590, 1595 e 1952 con dedica al Senato veneto, al granduca di Toscana Ferdinando de\u2019 Medici e ai settemviri della citt\u00e0 di Udine; il quarto usc\u00ec ancora a Venezia nel 1606 con dedica a Leonardo Dona; il quinto non venne mai stampato. Il frutto di tali fatiche fu l\u2019incarico di supplente del vecchio Bernardini Paterno, forse tra il 1591 e il 1592, mentre \u00e8 del 1595 l\u2019offerta di una condotta nella comunit\u00e0 di Udine: ringraziando per la fiducia accordata, afferma di considerare Udine sua novella patria tanto che nei frontespizi delle opere successive si sarebbe sempre dichiarato \u2018Utinensis\u2019 al posto del precedente \u201cBellunensis\u2019. Venuto a morte Massaria il 15 ottobre 1599, il Senato lo chiam\u00f2 alla cattedra di pratica medica ordinaria con lo stipendio di 600 fiorini, saliti a mille nel 1603 con la promozione e commutati in mille scudi nel 1609. Pubblic\u00f2 quindi il \u201cDe tumoribus praeter naturam\u201d e il \u201cDe naturali atque morbosa cordis constitutiones\u201d a Venezia il 1610. Nominato cavaliere di San Marco nel 1607, Rudio fu ascritto alla nobilt\u00e0 udinese il 31 luglio 1609 ed il 26 aprile di due anni dopo investito della giurisdizione comitale dei feudi di Goricisso, Virco e Gradiscutta. Arricch\u00ec la personale produzione con due opere rilevanti: \u201cDe morbis occulti set venerati\u201d (Venezia 1610), dedicata al papa Paolo V, e \u201cDe anima\u201d (Padova 1611), dedicata all\u2019amico Ottavio Amalteo. Nell\u2019estate del 1612, durante un soggiorno udinese, Rudio cadde gravemente malato; dettato il testamento il 28 agosto successivo, mor\u00ec il 1. settembre 1612 e venne sepolto nella chiesa di San Pietro martire di Udine, Lasci\u00f2 la moglie, Lionetta Doglioni e i figli Nicol\u00f2 (eredit\u00f2 il titolo comitale), Ercole, frate cappuccino, una figlia sposata col nobile udinese Pietro Brazzacco mentre l\u2019altro figlio, Giacomo, era mancato l\u2019anno precedente. In chiusura \u2013 detto che il Comune di Belluno gli ha intitolato la via che a Cavarzano \u00e8 tra la Urbano Pagani Cesa e la A. Alpago; che lo storico bellunese Giuseppe Fontana lo ha inserito tra le figure storiche nel suo libro del 1960 \u201cLa Provincia di Belluno\u201d ricordando che: \u201c\u2026compil\u00f2 un trattato sulla circolazione del sangue nel corpo umano e questo per molto tempo costitu\u00ec testo indiscusso\u201d; che nel Notiziario del Rotary club Belluno dell\u2019aprile 2010, a cura di Gianni Bertiato venne pubblicato un esaustivo servizio per \u201cStorie di medicina bellunese\u201d in cui si diceva di Rudio: \u201cE\u2019 una figura poco nota ma di sicuro interesse come medico e studioso affermatosi a livello nazionale sul finire del XVI secolo; egli, purtroppo, deve essere annoverato in quella schiera quasi anonima di letterati, filosofi ed eruditi di cui abbondarono le nostre Universit\u00e0, e in particolare quella padovana agli inizi del \u2018600\u2026\u201d &#8211; citiamo il sito ilmedicodifamiglia.altervista perch\u00e9 nella biografia di Rudio scrive che il medico bellunesee \u201cnoto anche come Eustachius Rudius Bellunensis o con lo pseudonimo di Ioannes Donatellus Castilionensis, fu principalmente uno studioso della struttura e delle funzioni del cuore e delle arterie\u201d. NELLE FOTO (Renato Bona, Wikipedia, sito ilmedicodifamiglia.altervista): la tabella e due scorci della via col nome di Eustachio Rudio a Belluno; il frontespizio dell\u2019opera \u201cArs medica\u201d, Venezia 1608 con Rudio-Utinensis; la circolazione sanguigna secondo il medico bellunese; copertina di una delle pubblicazioni di Rudio-Bellunensis; scrive all\u2019amico Nicolao Donato.<\/p>\n\n\t\t\t<style type='text\/css'>\n\t\t\t\t#gallery-1 {\n\t\t\t\t\tmargin: auto;\n\t\t\t\t}\n\t\t\t\t#gallery-1 .gallery-item {\n\t\t\t\t\tfloat: left;\n\t\t\t\t\tmargin-top: 10px;\n\t\t\t\t\ttext-align: center;\n\t\t\t\t\twidth: 25%;\n\t\t\t\t}\n\t\t\t\t#gallery-1 img {\n\t\t\t\t\tborder: 2px solid #cfcfcf;\n\t\t\t\t}\n\t\t\t\t#gallery-1 .gallery-caption {\n\t\t\t\t\tmargin-left: 0;\n\t\t\t\t}\n\t\t\t\t\/* see gallery_shortcode() in wp-includes\/media.php *\/\n\t\t\t<\/style>\n\t\t<div id='gallery-1' class='dt-gallery-container gallery galleryid-146729 gallery-columns-4 gallery-size-thumbnail'><dl class='gallery-item'>\n\t\t\t\t<dt class='gallery-icon portrait'>\n\t\t\t\t\t<a class=\"rollover\" href='https:\/\/www.radiopiu.net\/wordpress\/eustachio\/106423626_2658057671118364_5555518277204144013_n\/'><img loading=\"lazy\" decoding=\"async\" width=\"150\" height=\"150\" src=\"https:\/\/www.radiopiu.net\/wordpress\/wp-content\/uploads\/2020\/06\/106423626_2658057671118364_5555518277204144013_n-150x150.jpg\" class=\"attachment-thumbnail size-thumbnail\" alt=\"\" \/><\/a>\n\t\t\t\t<\/dt><\/dl><dl class='gallery-item'>\n\t\t\t\t<dt class='gallery-icon landscape'>\n\t\t\t\t\t<a class=\"rollover\" href='https:\/\/www.radiopiu.net\/wordpress\/eustachio\/106506571_267437074330836_7487577043700846621_n\/'><img loading=\"lazy\" decoding=\"async\" width=\"150\" height=\"150\" src=\"https:\/\/www.radiopiu.net\/wordpress\/wp-content\/uploads\/2020\/06\/106506571_267437074330836_7487577043700846621_n-150x150.jpg\" class=\"attachment-thumbnail size-thumbnail\" alt=\"\" \/><\/a>\n\t\t\t\t<\/dt><\/dl><dl class='gallery-item'>\n\t\t\t\t<dt class='gallery-icon portrait'>\n\t\t\t\t\t<a class=\"rollover\" href='https:\/\/www.radiopiu.net\/wordpress\/eustachio\/106001841_268464097574233_810102118790244197_n\/'><img loading=\"lazy\" decoding=\"async\" width=\"150\" height=\"150\" src=\"https:\/\/www.radiopiu.net\/wordpress\/wp-content\/uploads\/2020\/06\/106001841_268464097574233_810102118790244197_n-150x150.jpg\" class=\"attachment-thumbnail size-thumbnail\" alt=\"\" \/><\/a>\n\t\t\t\t<\/dt><\/dl><dl class='gallery-item'>\n\t\t\t\t<dt class='gallery-icon portrait'>\n\t\t\t\t\t<a class=\"rollover\" href='https:\/\/www.radiopiu.net\/wordpress\/eustachio\/106271984_718132345671268_8129065056681487799_n\/'><img loading=\"lazy\" decoding=\"async\" width=\"150\" height=\"150\" src=\"https:\/\/www.radiopiu.net\/wordpress\/wp-content\/uploads\/2020\/06\/106271984_718132345671268_8129065056681487799_n-150x150.jpg\" class=\"attachment-thumbnail size-thumbnail\" alt=\"\" \/><\/a>\n\t\t\t\t<\/dt><\/dl><br style=\"clear: both\" \/><dl class='gallery-item'>\n\t\t\t\t<dt class='gallery-icon portrait'>\n\t\t\t\t\t<a class=\"rollover\" href='https:\/\/www.radiopiu.net\/wordpress\/eustachio\/106244174_612922939627448_1286288854827223210_n\/'><img loading=\"lazy\" decoding=\"async\" width=\"150\" height=\"150\" src=\"https:\/\/www.radiopiu.net\/wordpress\/wp-content\/uploads\/2020\/06\/106244174_612922939627448_1286288854827223210_n-150x150.jpg\" class=\"attachment-thumbnail size-thumbnail\" alt=\"\" \/><\/a>\n\t\t\t\t<\/dt><\/dl><dl class='gallery-item'>\n\t\t\t\t<dt class='gallery-icon portrait'>\n\t\t\t\t\t<a class=\"rollover\" href='https:\/\/www.radiopiu.net\/wordpress\/eustachio\/106295245_304332904078432_1374493369629327564_n\/'><img loading=\"lazy\" decoding=\"async\" width=\"150\" height=\"150\" src=\"https:\/\/www.radiopiu.net\/wordpress\/wp-content\/uploads\/2020\/06\/106295245_304332904078432_1374493369629327564_n-150x150.png\" class=\"attachment-thumbnail size-thumbnail\" alt=\"\" \/><\/a>\n\t\t\t\t<\/dt><\/dl><dl class='gallery-item'>\n\t\t\t\t<dt class='gallery-icon portrait'>\n\t\t\t\t\t<a class=\"rollover\" href='https:\/\/www.radiopiu.net\/wordpress\/eustachio\/106029106_300843381096147_8796672729677215298_n\/'><img loading=\"lazy\" decoding=\"async\" width=\"150\" height=\"150\" src=\"https:\/\/www.radiopiu.net\/wordpress\/wp-content\/uploads\/2020\/06\/106029106_300843381096147_8796672729677215298_n-150x150.jpg\" class=\"attachment-thumbnail size-thumbnail\" alt=\"\" \/><\/a>\n\t\t\t\t<\/dt><\/dl>\n\t\t\t\t<br style='clear: both' \/>\n\t\t\t<\/div>\n\n<p>&nbsp;<\/p>\n<p>&nbsp;<\/p>\n<p>&nbsp;<\/p>\n<hr \/>\n<blockquote>\n<h3>AGORDINOMERON OGGI L&#8217;ULTIMA DI 105 PUNTATE SUPERATO ANCHE IL BOCCACCIO<\/h3>\n<\/blockquote>\n<p><a class=\"dt-pswp-item\" href=\"https:\/\/www.radiopiu.net\/wordpress\/wp-content\/uploads\/2020\/06\/GIANNI-SANTOMASO.jpg\" data-dt-img-description=\"\" data-large_image_width=\"552\" data-large_image_height=\"552\"><img loading=\"lazy\" decoding=\"async\" class=\"size-medium wp-image-146809 alignleft\" src=\"https:\/\/www.radiopiu.net\/wordpress\/wp-content\/uploads\/2020\/06\/GIANNI-SANTOMASO-300x300.jpg\" alt=\"\" width=\"300\" height=\"300\" srcset=\"https:\/\/www.radiopiu.net\/wordpress\/wp-content\/uploads\/2020\/06\/GIANNI-SANTOMASO-300x300.jpg 300w, https:\/\/www.radiopiu.net\/wordpress\/wp-content\/uploads\/2020\/06\/GIANNI-SANTOMASO-150x150.jpg 150w, https:\/\/www.radiopiu.net\/wordpress\/wp-content\/uploads\/2020\/06\/GIANNI-SANTOMASO.jpg 552w\" sizes=\"auto, (max-width: 300px) 100vw, 300px\" \/><\/a>di Gianni Santomaso<\/p>\n<audio class=\"wp-audio-shortcode\" id=\"audio-146729-4\" preload=\"none\" style=\"width: 100%;\" controls=\"controls\"><source type=\"audio\/mpeg\" src=\"https:\/\/www.radiopiu.net\/wordpress\/wp-content\/uploads\/2020\/06\/GIANNI-ULTIMA-AGORDINOMERON.mp3?_=4\" \/><a href=\"https:\/\/www.radiopiu.net\/wordpress\/wp-content\/uploads\/2020\/06\/GIANNI-ULTIMA-AGORDINOMERON.mp3\">https:\/\/www.radiopiu.net\/wordpress\/wp-content\/uploads\/2020\/06\/GIANNI-ULTIMA-AGORDINOMERON.mp3<\/a><\/audio>\n<p>&nbsp;<\/p>\n<p><strong><a class=\"dt-pswp-item\" href=\"https:\/\/www.radiopiu.net\/wordpress\/wp-content\/uploads\/2020\/06\/DUNIO-AGORDINOMERON.jpg\" data-dt-img-description=\"\" data-large_image_width=\"320\" data-large_image_height=\"240\"><img loading=\"lazy\" decoding=\"async\" class=\"size-medium wp-image-146810 alignleft\" src=\"https:\/\/www.radiopiu.net\/wordpress\/wp-content\/uploads\/2020\/06\/DUNIO-AGORDINOMERON-300x225.jpg\" alt=\"\" width=\"300\" height=\"225\" srcset=\"https:\/\/www.radiopiu.net\/wordpress\/wp-content\/uploads\/2020\/06\/DUNIO-AGORDINOMERON-300x225.jpg 300w, https:\/\/www.radiopiu.net\/wordpress\/wp-content\/uploads\/2020\/06\/DUNIO-AGORDINOMERON.jpg 320w\" sizes=\"auto, (max-width: 300px) 100vw, 300px\" \/><\/a>ECCO CHI HA RACCONTATO LE STORIE A RADIO PIU<\/strong><\/p>\n<p>Maria Teresa Andriollo, Paola Battaglino, Cesare Benvegn\u00f9, Corrado Chicco Cattadori, Giuliana Da Ronch, Laura Da Tos, Bruna Dai Pra, Antonella De Riva, don Fabiano Del Favero, Diana Fontanive, Andrea Fossen, Lucia Fossen, Sara Gnech, Ada Grilli, Luisa Manfroi, Carlo Mazzarol, Albino Mezzacasa, Mirko Mezzacasa, Oretta Paternoster, Attilio Pietrogiovanna, Renato Pietrogiovanna, Angelo Ramazzina, Ivo Ren, Elisa Ronchi, Italo Rualta, Paola Rudatis, Gianni Santomaso, Loris Santomaso, Alessandro Savio, Loris Serafini, Damiano Soppelsa, Gigliola Soppelsa, Simonetta Soppelsa, Claudio Tibolla, Ivonne Tomaselli, Pietro Urpi, Celestino Vallazza, Gian Piero Zanin.<\/p>\n<p><em><strong>Foto: DUNIO PICCOLIN, IL DISEGNO PER AGORDINO MERON<\/strong><\/em><\/p>\n<p>&nbsp;<\/p>\n<p>&nbsp;<\/p>\n<hr \/>\n<p>&nbsp;<\/p>\n<p>&nbsp;<\/p>\n<h2 class=\"photoswipe-wrapper\"><a class=\"dt-pswp-item pspw-wrap-ready\" href=\"https:\/\/i0.wp.com\/www.radiopiu.net\/wordpress\/wp-content\/uploads\/2019\/01\/SISTO.jpg?ssl=1\" data-dt-img-description=\"\" data-large_image_width=\"620\" data-large_image_height=\"340\"><img loading=\"lazy\" decoding=\"async\" class=\"size-medium wp-image-73465 alignleft\" src=\"https:\/\/i0.wp.com\/www.radiopiu.net\/wordpress\/wp-content\/uploads\/2019\/01\/SISTO.jpg?resize=300%2C165&amp;ssl=1\" sizes=\"auto, (max-width: 300px) 100vw, 300px\" srcset=\"https:\/\/i0.wp.com\/www.radiopiu.net\/wordpress\/wp-content\/uploads\/2019\/01\/SISTO.jpg?resize=300%2C165&amp;ssl=1 300w, https:\/\/i0.wp.com\/www.radiopiu.net\/wordpress\/wp-content\/uploads\/2019\/01\/SISTO.jpg?w=620&amp;ssl=1 620w\" alt=\"\" width=\"300\" height=\"165\" data-recalc-dims=\"1\" \/><\/a>IERI ALLA RADIO<\/h2>\n<h2><span style=\"color: #008080;\">LA RASSEGNA STAMPA DALL\u2019AMICO DEL POPOLO di Gianni Santomaso\u00a0<\/span><\/h2>\n<audio class=\"wp-audio-shortcode\" id=\"audio-146729-5\" preload=\"none\" style=\"width: 100%;\" controls=\"controls\"><source type=\"audio\/mpeg\" src=\"https:\/\/www.radiopiu.net\/wordpress\/wp-content\/uploads\/2020\/06\/RASSEGNA-GIANNI-3.mp3?_=5\" \/><a href=\"https:\/\/www.radiopiu.net\/wordpress\/wp-content\/uploads\/2020\/06\/RASSEGNA-GIANNI-3.mp3\">https:\/\/www.radiopiu.net\/wordpress\/wp-content\/uploads\/2020\/06\/RASSEGNA-GIANNI-3.mp3<\/a><\/audio>\n<p>&nbsp;<\/p>\n<p>&nbsp;<\/p>\n<h2><span style=\"color: #ff6600;\">AGORDINOMERON<\/span><\/h2>\n<blockquote class=\"wp-embedded-content\" data-secret=\"TlzxX379j4\"><p><a href=\"https:\/\/www.radiopiu.net\/wordpress\/agordinomeron\/\">AGORDINOMERON, IL TERRITORIO SI RACCONTA Da un&#8217;idea di Gianni Santomaso<\/a><\/p><\/blockquote>\n<p><iframe loading=\"lazy\" class=\"wp-embedded-content\" sandbox=\"allow-scripts\" security=\"restricted\" style=\"position: absolute; clip: rect(1px, 1px, 1px, 1px);\" title=\"&#8220;AGORDINOMERON, IL TERRITORIO SI RACCONTA Da un&#8217;idea di Gianni Santomaso&#8221; &#8212; Radio Pi\u00f9\" src=\"https:\/\/www.radiopiu.net\/wordpress\/agordinomeron\/embed\/#?secret=TlzxX379j4\" data-secret=\"TlzxX379j4\" width=\"600\" height=\"338\" frameborder=\"0\" marginwidth=\"0\" marginheight=\"0\" scrolling=\"no\"><\/iframe><\/p>\n<h2><\/h2>\n<h2><span style=\"color: #800080;\">IL MESSAGGIO DEI SACERDOTI A RADIO PIU<\/span><\/h2>\n<blockquote class=\"wp-embedded-content\" data-secret=\"Q9AHh5reAA\"><p><a href=\"https:\/\/www.radiopiu.net\/wordpress\/chiesa11\/\">DON CESARE SU RADIO PIU&#8217; ALLE 7.30 E 19.30, PARROCCHIE DI AGORDO, LA VALLE E TAIBON<\/a><\/p><\/blockquote>\n<p><iframe loading=\"lazy\" class=\"wp-embedded-content\" sandbox=\"allow-scripts\" security=\"restricted\" style=\"position: absolute; clip: rect(1px, 1px, 1px, 1px);\" title=\"&#8220;DON CESARE SU RADIO PIU&#8217; ALLE 7.30 E 19.30, PARROCCHIE DI AGORDO, LA VALLE E TAIBON&#8221; &#8212; Radio Pi\u00f9\" src=\"https:\/\/www.radiopiu.net\/wordpress\/chiesa11\/embed\/#?secret=Q9AHh5reAA\" data-secret=\"Q9AHh5reAA\" width=\"600\" height=\"338\" frameborder=\"0\" marginwidth=\"0\" marginheight=\"0\" scrolling=\"no\"><\/iframe><\/p>\n<p>&nbsp;<\/p>\n<hr \/>\n<p>&nbsp;<\/p>\n<p>&nbsp;<\/p>\n<p><strong class=\"photoswipe-wrapper\"><a class=\"dt-pswp-item pspw-wrap-ready\" href=\"https:\/\/i0.wp.com\/www.radiopiu.net\/wordpress\/wp-content\/uploads\/2018\/09\/viabilita.jpeg?ssl=1\" data-dt-img-description=\"\" data-large_image_width=\"800\" data-large_image_height=\"100\"><img loading=\"lazy\" decoding=\"async\" class=\"aligncenter wp-image-61954 size-full jetpack-lazy-image jetpack-lazy-image--handled\" src=\"https:\/\/i0.wp.com\/www.radiopiu.net\/wordpress\/wp-content\/uploads\/2018\/09\/viabilita.jpeg?resize=800%2C100&amp;ssl=1\" sizes=\"auto, (max-width: 800px) 100vw, 800px\" srcset=\"https:\/\/i0.wp.com\/www.radiopiu.net\/wordpress\/wp-content\/uploads\/2018\/09\/viabilita.jpeg?w=800&amp;ssl=1 800w, https:\/\/i0.wp.com\/www.radiopiu.net\/wordpress\/wp-content\/uploads\/2018\/09\/viabilita.jpeg?resize=300%2C38&amp;ssl=1 300w, https:\/\/i0.wp.com\/www.radiopiu.net\/wordpress\/wp-content\/uploads\/2018\/09\/viabilita.jpeg?resize=768%2C96&amp;ssl=1 768w\" alt=\"\" width=\"800\" height=\"100\" data-lazy-loaded=\"1\" \/><\/a><\/strong><\/p>\n<p><strong>\u00a0<\/strong><\/p>\n<p>PROVINCIALE 641 DI PASSO FEDAIA, FINO AL 31 LUGLIO (FESTIVI E PREFESTIVI ECLUSI) SENSO UNICO IN LOCALIT\u00c0 ROCCA PIETORE PER SOSTITUZIONI BARRIERE LATERALI<\/p>\n<p>PROVINCIALE 25 PASSO VALLES FINO AL 18 LUGLIO (FESTIVI ESCLUSI) SENSO UNICO ALERNATO CON SEMAFORO O MOVIERI PER ESBOSCO<\/p>\n<p>FINO AL 24 LUGLIO SABATO E DOMENICA COMPRESI LUNGO LA 641 DI PASSO FEDAIA IN LOCALIT\u00e0 CAPANNA BILL E COL DI ROCCA, SENSO UNICO ALTERNATO CON SEMAFORO<\/p>\n<p>PROVINCIALE 20 DELLA VAL FIORENTINA, SELVA DI CADORE: FINO AL 4 LUGLIO, CHIUSURA TOTALE TRA SOLATOR E IL CENTRO DEL PAESE ANCHE NEI GIORNI FESTIVI E PREFESTIVI, DAL CHILOMETRO 4.850 AL CHILOMETRO 5.100. TRANSITO CONSENTITO AI LOCALI CON TEMPI DI ATTESA MASSIMI STIMATI IN 30 MINUTI IN LOCALITA\u2019 SOLATOR DAL CHILOMETRO 4.400 AL CHILOMETRO 4.850<\/p>\n<p>STRADA REGIONALE 48 DELLE DOLOMITI, DAL KM 110,350 AL KM 112, SENSO UNICO ALTERNATO REGOLATO DA IMPIANTO SEMAFORICO ANCHE SABATO E FESTIVI FINO\u00a0 AL 30 GIUGNO PER POSA ELETTRODOTTO INTERRATO<\/p>\n<p>PROVINCIALE 563 DI SALESEI, FINO\u00a0 AL 3 LUGLIO, SENSO UNICO ALTERNATO REGOLATO DA IMPIANTO SEMAFORICO IN LOCALIT\u00c0 DIGONERA PER MESSA IN SICUREZZA PIANO VIABILE, SABATO E FESTIVI INCLUSI<\/p>\n<p>STRADA PROVINCIALE 346 DEL SAN PELLEGRINO, NEI COMUNI DI FALCADE, CANALE E VALLADA, FINO\u00a0 AL 3 LUGLIO, INCLUSI SABATI E DOMENICHE, POSSIBILE ISTITUZIONE DI SENSO UNICO ALTERNATO REGOLATO DA MOVIERI PER SOSTITUZIONE CONDUTTORI E MANUTENZIONE LINEA ELETTRICA ALTA TENSIONE<\/p>\n<p>REGIONALE 203 AGORDINA, NEL COMUNE DI CENCENIGHE, FINO\u00a0 AL 3 LUGLIO, INCLUSI SABATI E DOMENICHE, POSSIBILE ISTITUZIONE DI SENSO UNICO ALTERNATO REGOLATO DA MOVIERI PER SOSTITUZIONE CONDUTTORI E MANUTENZIONE LINEA ELETTRICA ALTA TENSIONE<\/p>\n<p>STRADA REGIONA 203 AGORDINA, TRA MAS DI SEDICO E CERNADOI SU TRATTI SALTUARI DI STRADA, FINO\u00a0 AL 30 GIUGNO, ESCLUSO SABATO E DOMENICA, SENSO UNICO ALTERNATO REGOLATO DA IMPIANTO SEMAFORICO PER MESSA IN SICUREZZA BARRIERE DI PROTEZIONE LATERALI<\/p>\n<p>STRADA REGIONALE 48 DELLE DOLOMITI, NEL COMUNE DI LIVINALLONGO DEL COL DI LANA IN LOCALITA\u2019 ANDRAZ, FINO\u00a0 AL 30 GIUGNO SENSO UNICO ALTERNATO REGOLATO DA IMPIANTO SEMAFORICO O MOVIERE CON POSSIBILI BREVI INTERRUZIONI TOTALI AL TRAFFICO DELLA DURATA MASSIMA DI 10 MINUTI, PER LAVORI DI MESSA IN SICUREZZA DEL VERSANTE<\/p>\n<p>STRADA REGIONALE 203 AGORDINA TRA PERON E CANDATEN, DAL 15 GIUGNO AL 31 LUGLIO ESCLUSI SABATI E DOMENICHE, DALLE 7:30 ALLE 9 E E DALLE 16:30 ALLE 18 SENSO UNICO ALTERNATO REGOLATO DA MOVIERI. NEGLI ALTRI ORARI SENSO UNICO ALTERNATO REGOLATO DA SEMAFORO PER INTERRAMENTO CAVIDOTTO E-DISTRIBUZIONE<\/p>\n<p>48 DELLE DOLOMITI, LOCALITA\u2019 ALVERA\u2019 CORTINA D\u2019AMPEZZO LUNGO IL PONTE SUL TORRENTE BIGONTINA. DAL 18 GIUGNO E FINO A REVOCA DIVIETO DI TRANSITO AI VEICOLI AVENTI MASSA A PIENO CARICO SUPERIORE A 24 TONELLATE<\/p>\n<p>PROVINCIALE 1 SINISTRA PIAVE, INTERRUZIONE TOTALE ALLA VIABILTA\u2019 DAL GIORNO 22 GIUGNO FINO A REVOCA PER CEDIMENTO STRUTTURALE DI PARTE DEL FABBRICATO<\/p>\n<p>STRADA PROVINCIALE 6 DI DANTA, NEL COMUNE DI DANTA DI CADORE, DAL 29 GIUGNO AL 14 AGOSTO, COMPRESI SABATI E DOMENICHE, SENSO UNICO ALTERNATO REGOLATO DA IMPIANTO SEMAFORICO PER REALIZZAZIONE CORDOLI E BARRIERE DI SICUREZZA<\/p>\n<p>347 DURAN E CEREDA: FINO ALL\u201911 LUGLIO (FESTIVI ECLUSI) SENSO UNICO CON SEMAFORO IN LOCALIT\u00c0 SANT\u2019ANDREA (GOSALDO)<\/p>\n<p>PROVINCIALE 25 PASSO VALLES DA LUNEDI AL 18 LUGLIO (FESTIVI ESCLUSI) SENSO UNICO ALERNATO CON SEMAFORO O MOVIERI PER ESBOSCO<\/p>\n<p>347 DURAN E CEREDA, NEI COMUNI DI CIBIANA E VALLE DI CADORE, DAL 30 GIUGNO E FINO AL 10 LUGLIO POSSIBILI INTERRUZIONI DELLA DURATA MASSIMA DI 30 MINUTI E SENSO UNICO ALTERNATO REGOLATO DA MOVIERI PER ASFALTATURA PIANO VIABILE<\/p>\n<p>&nbsp;<\/p>\n<hr \/>\n<p>&nbsp;<\/p>\n<p><a class=\"dt-pswp-item\" href=\"https:\/\/www.radiopiu.net\/wordpress\/wp-content\/uploads\/2018\/09\/sport.jpg\" data-dt-img-description=\"\" data-large_image_width=\"800\" data-large_image_height=\"100\"><img loading=\"lazy\" decoding=\"async\" class=\"aligncenter wp-image-60761 size-full\" src=\"https:\/\/www.radiopiu.net\/wordpress\/wp-content\/uploads\/2018\/09\/sport.jpg\" alt=\"\" width=\"800\" height=\"100\" srcset=\"https:\/\/www.radiopiu.net\/wordpress\/wp-content\/uploads\/2018\/09\/sport.jpg 800w, https:\/\/www.radiopiu.net\/wordpress\/wp-content\/uploads\/2018\/09\/sport-300x38.jpg 300w, https:\/\/www.radiopiu.net\/wordpress\/wp-content\/uploads\/2018\/09\/sport-768x96.jpg 768w\" sizes=\"auto, (max-width: 800px) 100vw, 800px\" \/><\/a><\/p>\n<p>&nbsp;<\/p>\n<p>&nbsp;<\/p>\n<blockquote>\n<h3>L&#8217;AGORDINA FESTEGGIA LA PROMOZIONE NELL&#8217;ANNO DEL CINQUNTESIMO<\/h3>\n<\/blockquote>\n<p><strong><a class=\"dt-pswp-item\" href=\"https:\/\/www.radiopiu.net\/wordpress\/wp-content\/uploads\/2019\/09\/AGORDINA-CALCIO.jpeg\" data-dt-img-description=\"\" data-large_image_width=\"225\" data-large_image_height=\"225\"><img loading=\"lazy\" decoding=\"async\" class=\"wp-image-97575 alignleft\" src=\"https:\/\/www.radiopiu.net\/wordpress\/wp-content\/uploads\/2019\/09\/AGORDINA-CALCIO.jpeg\" alt=\"\" width=\"124\" height=\"124\" srcset=\"https:\/\/www.radiopiu.net\/wordpress\/wp-content\/uploads\/2019\/09\/AGORDINA-CALCIO.jpeg 225w, https:\/\/www.radiopiu.net\/wordpress\/wp-content\/uploads\/2019\/09\/AGORDINA-CALCIO-150x150.jpeg 150w\" sizes=\"auto, (max-width: 124px) 100vw, 124px\" \/><\/a>AGORDO\u00a0<\/strong>Una domenica in compagnia, rispettando il distanziamento sociale e con le mascherine alzate. Ieri all&#8217;Ivano Dorigo di Agordo l&#8217;Agordina Calcio ha festeggiato la promozione in Seconda Categoria. I giocatori e gli addetti ai lavori gli unici presenti per la festa di fine stagione. Ora si pensa gi\u00e0 al prossimo campionato regionale con conferme e nuovi arrivi nella rosa dell&#8217;allenatore Marco Lorenzi che ai microfoni di Radio Pi\u00f9 annuncia un nuovo innesto: Santomaso che arriva dalla Plavis<\/p>\n<p><strong>IL PRESIDENTE DELL&#8217;AGORDINA COSMO FORCELLA<\/strong><\/p>\n<audio class=\"wp-audio-shortcode\" id=\"audio-146729-6\" preload=\"none\" style=\"width: 100%;\" controls=\"controls\"><source type=\"audio\/mpeg\" src=\"https:\/\/www.radiopiu.net\/wordpress\/wp-content\/uploads\/2020\/06\/AGORDINA-50-COSMO.mp3?_=6\" \/><a href=\"https:\/\/www.radiopiu.net\/wordpress\/wp-content\/uploads\/2020\/06\/AGORDINA-50-COSMO.mp3\">https:\/\/www.radiopiu.net\/wordpress\/wp-content\/uploads\/2020\/06\/AGORDINA-50-COSMO.mp3<\/a><\/audio>\n<p>&nbsp;<\/p>\n<p><strong>MARCO LORENZI, L&#8217;ALLENTORE DELL&#8217;AGORDINA<\/strong><\/p>\n<audio class=\"wp-audio-shortcode\" id=\"audio-146729-7\" preload=\"none\" style=\"width: 100%;\" controls=\"controls\"><source type=\"audio\/mpeg\" src=\"https:\/\/www.radiopiu.net\/wordpress\/wp-content\/uploads\/2020\/06\/AGORDINA-50-MARCO-LORENZI.mp3?_=7\" \/><a href=\"https:\/\/www.radiopiu.net\/wordpress\/wp-content\/uploads\/2020\/06\/AGORDINA-50-MARCO-LORENZI.mp3\">https:\/\/www.radiopiu.net\/wordpress\/wp-content\/uploads\/2020\/06\/AGORDINA-50-MARCO-LORENZI.mp3<\/a><\/audio>\n<p>&nbsp;<\/p>\n<p>&nbsp;<\/p>\n<p>&nbsp;<\/p>\n<hr \/>\n<p>&nbsp;<\/p>\n<p>&nbsp;<\/p>\n<blockquote>\n<h3><span style=\"font-family: arial, helvetica neue, helvetica, sans-serif;\">LA LAVAREDO ULTRA TRAIL TRA REALE E VIRTUALE<\/span><\/h3>\n<\/blockquote>\n<p><strong><a class=\"dt-pswp-item\" href=\"https:\/\/www.radiopiu.net\/wordpress\/wp-content\/uploads\/2020\/06\/LAVAREDO-ULTRATRAIL.jpg\" data-dt-img-description=\"\" data-large_image_width=\"1280\" data-large_image_height=\"854\"><img loading=\"lazy\" decoding=\"async\" class=\"size-medium wp-image-146774 alignleft\" src=\"https:\/\/www.radiopiu.net\/wordpress\/wp-content\/uploads\/2020\/06\/LAVAREDO-ULTRATRAIL-300x200.jpg\" alt=\"\" width=\"300\" height=\"200\" srcset=\"https:\/\/www.radiopiu.net\/wordpress\/wp-content\/uploads\/2020\/06\/LAVAREDO-ULTRATRAIL-300x200.jpg 300w, https:\/\/www.radiopiu.net\/wordpress\/wp-content\/uploads\/2020\/06\/LAVAREDO-ULTRATRAIL-1024x683.jpg 1024w, https:\/\/www.radiopiu.net\/wordpress\/wp-content\/uploads\/2020\/06\/LAVAREDO-ULTRATRAIL-768x512.jpg 768w, https:\/\/www.radiopiu.net\/wordpress\/wp-content\/uploads\/2020\/06\/LAVAREDO-ULTRATRAIL.jpg 1280w\" sizes=\"auto, (max-width: 300px) 100vw, 300px\" \/><\/a>CORTINA\u00a0<\/strong>La gara non c&#8217;era, ma i sentieri della La Sportiva Lavaredo Ultra Trail si sono comunque popolati di tanti runners che hanno voluto correre tra le Dolomiti di Cortina d&#8217;Ampezzo. Tra di loro anche 10 atleti \u00e9lite che hanno percorso il tracciato della Cortina Trail (48 km con 2.600 metri di dislivello positivo) a ritmo sostenuto ma sempre scherzando tra di loro e commentando la loro corsa in diretta video. Lo streaming sulla pagina Facebook della Lavaredo Ultra Trail \u00e8 iniziato alle 10 di sabato mattina, quando gli atleti sono partiti da Corso Italia, ed \u00e8 proseguito per tutta la giornata, grazie ad una videocamera e ad uno zainetto per la trasmissione indossato a turno dagli atleti, che ha permesso a migliaia di appassionati da tutto il mondo di seguire i top runners lungo tutto lo splendido percorso. Dall&#8217;attraversamento di Cortina alla Val Travenanzes, dalle Cinque Torri al Passo Giau, dal Mondeval a Croda da Lago, \u00e8 stato come correre virtualmente con loro; e in effetti una corsa virtuale c&#8217;\u00e8 stata: chiunque, in qualunque parte del mondo, ha potuto partecipare alla sua &#8220;Lavaredo Ultra Trail Virtual&#8221;, percorrendo un tracciato da 48 km in autonomia in qualsiasi luogo. Alla fine della due giorni di questa corsa virtuale i tempi di tutti i partecipanti saranno pubblicati sul sito\u00a0<a href=\"https:\/\/lavaredoultratrail.us13.list-manage.com\/track\/click?u=be8ffe0bd2e18540b3e093423&amp;id=bdb3c52ebd&amp;e=d998d01e9a\" target=\"_blank\" rel=\"noopener noreferrer\">www.ultratrail.it<\/a>.<\/p>\n<p><em>(FOTO DELL&#8217;EDIZIONE 2019)<\/em><\/p>\n<p>&nbsp;<\/p>\n<p>&nbsp;<\/p>\n<hr \/>\n<p>&nbsp;<\/p>\n<p class=\"photoswipe-wrapper\"><a class=\"dt-pswp-item pspw-wrap-ready\" href=\"https:\/\/i0.wp.com\/www.radiopiu.net\/wordpress\/wp-content\/uploads\/2018\/09\/WhatsApp-Image-2018-09-20-at-16.04.06.jpeg?ssl=1\" data-dt-img-description=\"\" data-large_image_width=\"800\" data-large_image_height=\"100\"><img loading=\"lazy\" decoding=\"async\" class=\"aligncenter wp-image-61378 size-full jetpack-lazy-image jetpack-lazy-image--handled\" src=\"https:\/\/i0.wp.com\/www.radiopiu.net\/wordpress\/wp-content\/uploads\/2018\/09\/WhatsApp-Image-2018-09-20-at-16.04.06.jpeg?resize=800%2C100&amp;ssl=1\" sizes=\"auto, (max-width: 800px) 100vw, 800px\" srcset=\"https:\/\/i0.wp.com\/www.radiopiu.net\/wordpress\/wp-content\/uploads\/2018\/09\/WhatsApp-Image-2018-09-20-at-16.04.06.jpeg?w=800&amp;ssl=1 800w, https:\/\/i0.wp.com\/www.radiopiu.net\/wordpress\/wp-content\/uploads\/2018\/09\/WhatsApp-Image-2018-09-20-at-16.04.06.jpeg?resize=300%2C38&amp;ssl=1 300w, https:\/\/i0.wp.com\/www.radiopiu.net\/wordpress\/wp-content\/uploads\/2018\/09\/WhatsApp-Image-2018-09-20-at-16.04.06.jpeg?resize=768%2C96&amp;ssl=1 768w\" alt=\"\" width=\"800\" height=\"100\" data-lazy-loaded=\"1\" \/><\/a><\/p>\n<p>&nbsp;<\/p>\n<p><center><b>Lunedi 29<\/b><\/center><b>Tempo atteso:\u00a0<\/b>Tempo ancora soleggiato al mattino, specie all&#8217;alba, con graduale diminuzione del soleggiamento gi\u00e0 nel corso della mattinata. Dalla tarda mattinata e nel pomeriggio nuvoloso o molto nuvoloso.<br \/>\n<b>Precipitazioni:\u00a0<\/b>Al mattino probabilit\u00e0 medio-bassa (25-50%), al pomeriggio medio-alta sulle Prealpi centro-occidentali, alta (75-100%) su quelle orientali e sulle Dolomiti, di rovesci o di temporali sparsi, a tratti diffusi soprattutto sulle zone prealpine orientali e sulle Dolomiti, dove non si escludono locali fenomeni intensi. Si potranno registrare quantitativi giornalieri anche consistenti, localmente grandinigeni soprattutto sulle Prealpi orientali e sulle Dolomiti .<br \/>\n<b>Temperature:\u00a0<\/b>In aumento contenuto le minime, in generale diminuzione le massime anche sensibile, specie nelle valli; ridotta escursione termica giornaliera con clima diurno pi\u00f9 fresco rispetto ai giorni precedenti e valori massimi nella norma o di qualche grado inferiori alle medie stagionali. Su Prealpi a 1500 m min 14\u00b0C max 16\u00b0C, a 2000 m min 11\u00b0C max 14\u00b0C. Su Dolomiti a 2000 m min 10\u00b0C max 14\u00b0C, a 3000 m min 3*C max 6\u00b0C.<br \/>\n<b>Venti:\u00a0<\/b>Nelle valli deboli\/moderati con locali raffiche durante i temporali; in quota moderati o tesi dai quadranti occidentali, a 15-25 km\/h a 2000 m e a 25-45 km\/h a 3000 m.<\/p>\n<hr \/>\n<p><center><b>Martedi 30<\/b><\/center><b>Tempo atteso:\u00a0<\/b>Al mattino, salvo la temporanea presenza di nubi medio-basse in alcune valli, tempo soleggiato o parzialmente soleggiato, con graduale riduzione del soleggiamento per attivit\u00e0 cumuliforme gi\u00e0 nel corso della mattina. Nel pomeriggio irregolarmente nuvoloso a tratti molto nuvoloso con la possibilit\u00e0 di qualche sporadico fenomeno.<br \/>\n<b>Precipitazioni:\u00a0<\/b>Al mattino assenti. Nel pomeriggio probabilit\u00e0 medio-bassa (25-50%) di qualche locale fenomeno, piovasco\/rovescio\/temporale.<br \/>\n<b>Temperature:\u00a0<\/b>Clima ancora un po&#8217;fresco, con minime senza notevoli variazioni, massime in ulteriore lieve calo. Su Prealpi a 1500 m min 12\u00b0C max 16\u00b0C, a 2000 m min 9\u00b0C max 14\u00b0C. Su Dolomiti a 2000 m min 9\u00b0C max 14\u00b0C, a 3000 m min 2*C max 8\u00b0C.<br \/>\n<b>Venti:\u00a0<\/b>Nelle valli deboli\/moderati a regime di brezza; in quota deboli\/moderati ovest, sud-ovest, a 10-15 km\/h a 2000 m e a 20-25 km\/h a 3000 m.<\/p>\n<hr \/>\n<p><center><b>Mercoledi 1<\/b><\/center>Ancora una giornata nuvolosa, parzialmente soleggiata al mattino con ulteriore graduale riduzione del soleggiamento per attivit\u00e0 cumuliforme. Nel pomeriggio irregolarmente nuvoloso con la possibilit\u00e0 di qualche fenomeno pi\u00f9 probabile sulle Dolomiti. Temperature in lieve o contenuta ripresa, specie le massime.<\/p>\n<hr \/>\n<p><center><b>Giovedi 2<\/b><\/center>Giornata caratterizzata da nuvolosit\u00e0 irregolarmente, gi\u00e0 presente al mattino, a tratti molto nuvoloso con probabili precipitazioni sparse a carattere di rovescio o temporale. Temperature senza notevoli variazioni. Previsore: M.Padoan<\/p>\n","protected":false},"excerpt":{"rendered":"<p>PER RICEVERE QUESTO NOTIZIARIO DIRETTAMENTE SUL TUO CELLULARE ISCRIVITI AL CANALE TELEGRAM\u00a0\u201cRADIO PIU\u00a0 INFORMAZIONE\u201d &nbsp; Gestione Servizi Pubblici informa che, per lavori alla rete idrica comunale, DOMANI dalle 8 a FINE LAVORI verr\u00e0 sospesa l\u2019erogazione dell\u2019acqua a S.TOMASO AGORDINO in LOCALITA\u2019 PECOL. Gestione Servizi Pubblici informa che a LIVINALLONGO DEL COL DI LANA nelle localit\u00e0&hellip;<\/p>\n","protected":false},"author":4,"featured_media":146819,"comment_status":"closed","ping_status":"closed","sticky":false,"template":"","format":"standard","meta":{"_monsterinsights_skip_tracking":false,"_monsterinsights_sitenote_active":false,"_monsterinsights_sitenote_note":"","_monsterinsights_sitenote_category":0,"footnotes":""},"categories":[1,48,86,49],"tags":[],"class_list":["post-146729","post","type-post","status-publish","format-standard","has-post-thumbnail","hentry","category-senza-categoria","category-alpenplus","category-gr","category-news-18","category-1","category-48","category-86","category-49","description-off"],"img_url":"https:\/\/www.radiopiu.net\/wordpress\/wp-content\/uploads\/2020\/06\/1c06279c-63c3-478a-a87e-f92dc6d608cb.jpg","_links":{"self":[{"href":"https:\/\/www.radiopiu.net\/wordpress\/wp-json\/wp\/v2\/posts\/146729","targetHints":{"allow":["GET"]}}],"collection":[{"href":"https:\/\/www.radiopiu.net\/wordpress\/wp-json\/wp\/v2\/posts"}],"about":[{"href":"https:\/\/www.radiopiu.net\/wordpress\/wp-json\/wp\/v2\/types\/post"}],"author":[{"embeddable":true,"href":"https:\/\/www.radiopiu.net\/wordpress\/wp-json\/wp\/v2\/users\/4"}],"replies":[{"embeddable":true,"href":"https:\/\/www.radiopiu.net\/wordpress\/wp-json\/wp\/v2\/comments?post=146729"}],"version-history":[{"count":0,"href":"https:\/\/www.radiopiu.net\/wordpress\/wp-json\/wp\/v2\/posts\/146729\/revisions"}],"wp:featuredmedia":[{"embeddable":true,"href":"https:\/\/www.radiopiu.net\/wordpress\/wp-json\/wp\/v2\/media\/146819"}],"wp:attachment":[{"href":"https:\/\/www.radiopiu.net\/wordpress\/wp-json\/wp\/v2\/media?parent=146729"}],"wp:term":[{"taxonomy":"category","embeddable":true,"href":"https:\/\/www.radiopiu.net\/wordpress\/wp-json\/wp\/v2\/categories?post=146729"},{"taxonomy":"post_tag","embeddable":true,"href":"https:\/\/www.radiopiu.net\/wordpress\/wp-json\/wp\/v2\/tags?post=146729"}],"curies":[{"name":"wp","href":"https:\/\/api.w.org\/{rel}","templated":true}]}}