{"id":146776,"date":"2020-06-29T05:59:49","date_gmt":"2020-06-29T03:59:49","guid":{"rendered":"https:\/\/www.radiopiu.net\/wordpress\/?p=146776"},"modified":"2020-06-29T05:58:10","modified_gmt":"2020-06-29T03:58:10","slug":"escursionisti-della-domenica","status":"publish","type":"post","link":"https:\/\/www.radiopiu.net\/wordpress\/escursionisti-della-domenica\/","title":{"rendered":"ESCURSIONISTI DELLA DOMENICA TRA STRAPPI MUSCOLARI, MALORI E CAVIGLIE SLOGATE MA COME SEMPRE IL &#8220;TAXI&#8221; SUEM RISPONDE:  PRESENTE!"},"content":{"rendered":"<p><strong>VAL DI ZOLDO<\/strong> Un escursionista in camminata verso il rifugio Coldai dallo zoldano \u00e8 stato costretto a chiamare il Suem di Pieve di Cadore per uno strappo muscolare. Mentre l&#8217;equipaggio stava prestando le cure all&#8217;uomo S.V., <a class=\"dt-pswp-item\" href=\"https:\/\/www.radiopiu.net\/wordpress\/wp-content\/uploads\/2020\/06\/IMG-20200628-WA0021.jpg\" data-dt-img-description=\"\" data-large_image_width=\"1600\" data-large_image_height=\"1200\"><img loading=\"lazy\" decoding=\"async\" class=\"size-medium wp-image-146777 alignleft\" src=\"https:\/\/www.radiopiu.net\/wordpress\/wp-content\/uploads\/2020\/06\/IMG-20200628-WA0021-300x225.jpg\" alt=\"\" width=\"300\" height=\"225\" srcset=\"https:\/\/www.radiopiu.net\/wordpress\/wp-content\/uploads\/2020\/06\/IMG-20200628-WA0021-300x225.jpg 300w, https:\/\/www.radiopiu.net\/wordpress\/wp-content\/uploads\/2020\/06\/IMG-20200628-WA0021-1024x768.jpg 1024w, https:\/\/www.radiopiu.net\/wordpress\/wp-content\/uploads\/2020\/06\/IMG-20200628-WA0021-768x576.jpg 768w, https:\/\/www.radiopiu.net\/wordpress\/wp-content\/uploads\/2020\/06\/IMG-20200628-WA0021-1536x1152.jpg 1536w, https:\/\/www.radiopiu.net\/wordpress\/wp-content\/uploads\/2020\/06\/IMG-20200628-WA0021.jpg 1600w\" sizes=\"auto, (max-width: 300px) 100vw, 300px\" \/><\/a>61 anni, di Rovigo, una donna sul posto, M.R.M., 48 anni, di Pordenone, ha accusato un malore. Entrambi sono stati imbarcati e trasportati all&#8217;ospedale di Belluno per le verifiche del caso.<\/p>\n<p><strong>PONTE NELLE ALPI<\/strong> Il Soccorso alpino di Longarone e Belluno sono intervenuti\u00a0 sul sentiero che dalla Chiesa di Sant&#8217;Andrea porta a Polpet, poich\u00e9 scendendo con un amico, un&#8217;escursionista si \u00e8\u00a0 procurato un trauma alla caviglia. I due sanitari della Stazione di Longarone le hanno stabilizzato la gamba e, una volta imbarellata, I.C., 46 anni, di Ponte nelle Alpi (BL), \u00e8 stata imbarellata e trasportata fino a valle, assicurando il passaggio con corde nei tratti pi\u00f9 esposti. La donna si \u00e8 poi allontanata autonomamente.<\/p>\n","protected":false},"excerpt":{"rendered":"<p>VAL DI ZOLDO Un escursionista in camminata verso il rifugio Coldai dallo zoldano \u00e8 stato costretto a chiamare il Suem di Pieve di Cadore per uno strappo muscolare. Mentre l&#8217;equipaggio stava prestando le cure all&#8217;uomo S.V., 61 anni, di Rovigo, una donna sul posto, M.R.M., 48 anni, di Pordenone, ha accusato un malore. Entrambi sono&hellip;<\/p>\n","protected":false},"author":1,"featured_media":146777,"comment_status":"closed","ping_status":"closed","sticky":false,"template":"","format":"standard","meta":{"_monsterinsights_skip_tracking":false,"_monsterinsights_sitenote_active":false,"_monsterinsights_sitenote_note":"","_monsterinsights_sitenote_category":0,"footnotes":""},"categories":[49],"tags":[],"class_list":["post-146776","post","type-post","status-publish","format-standard","has-post-thumbnail","hentry","category-news-18","category-49","description-off"],"img_url":"https:\/\/www.radiopiu.net\/wordpress\/wp-content\/uploads\/2020\/06\/IMG-20200628-WA0021.jpg","_links":{"self":[{"href":"https:\/\/www.radiopiu.net\/wordpress\/wp-json\/wp\/v2\/posts\/146776","targetHints":{"allow":["GET"]}}],"collection":[{"href":"https:\/\/www.radiopiu.net\/wordpress\/wp-json\/wp\/v2\/posts"}],"about":[{"href":"https:\/\/www.radiopiu.net\/wordpress\/wp-json\/wp\/v2\/types\/post"}],"author":[{"embeddable":true,"href":"https:\/\/www.radiopiu.net\/wordpress\/wp-json\/wp\/v2\/users\/1"}],"replies":[{"embeddable":true,"href":"https:\/\/www.radiopiu.net\/wordpress\/wp-json\/wp\/v2\/comments?post=146776"}],"version-history":[{"count":0,"href":"https:\/\/www.radiopiu.net\/wordpress\/wp-json\/wp\/v2\/posts\/146776\/revisions"}],"wp:featuredmedia":[{"embeddable":true,"href":"https:\/\/www.radiopiu.net\/wordpress\/wp-json\/wp\/v2\/media\/146777"}],"wp:attachment":[{"href":"https:\/\/www.radiopiu.net\/wordpress\/wp-json\/wp\/v2\/media?parent=146776"}],"wp:term":[{"taxonomy":"category","embeddable":true,"href":"https:\/\/www.radiopiu.net\/wordpress\/wp-json\/wp\/v2\/categories?post=146776"},{"taxonomy":"post_tag","embeddable":true,"href":"https:\/\/www.radiopiu.net\/wordpress\/wp-json\/wp\/v2\/tags?post=146776"}],"curies":[{"name":"wp","href":"https:\/\/api.w.org\/{rel}","templated":true}]}}