{"id":146797,"date":"2020-06-29T14:30:54","date_gmt":"2020-06-29T12:30:54","guid":{"rendered":"https:\/\/www.radiopiu.net\/wordpress\/?p=146797"},"modified":"2020-06-29T15:46:42","modified_gmt":"2020-06-29T13:46:42","slug":"i-racconti-di-paolo-soppelsa-ventinovesima-puntata","status":"publish","type":"post","link":"https:\/\/www.radiopiu.net\/wordpress\/i-racconti-di-paolo-soppelsa-ventinovesima-puntata\/","title":{"rendered":"I RACCONTI DI PAOLO SOPPELSA VENTINOVESIMA PUNTATA"},"content":{"rendered":"<p><strong>LA CENTRALE DI LA STANGA<\/strong><br \/>\n<strong>&#8220;VIS-PRAECIPITIS-AQVAE<\/strong><br \/>\n<strong>HVMANO-INGENIO-COA<\/strong><br \/>\n<strong>CTA-LVX-VITAQVE-FIT&#8221;<\/strong><\/p>\n<p><em><strong>AUDIO<\/strong><\/em><\/p>\n<audio class=\"wp-audio-shortcode\" id=\"audio-146797-1\" preload=\"none\" style=\"width: 100%;\" controls=\"controls\"><source type=\"audio\/mpeg\" src=\"https:\/\/www.radiopiu.net\/wordpress\/wp-content\/uploads\/2020\/06\/paolo-soppelsa-centrale-la-stanga.mp3?_=1\" \/><a href=\"https:\/\/www.radiopiu.net\/wordpress\/wp-content\/uploads\/2020\/06\/paolo-soppelsa-centrale-la-stanga.mp3\">https:\/\/www.radiopiu.net\/wordpress\/wp-content\/uploads\/2020\/06\/paolo-soppelsa-centrale-la-stanga.mp3<\/a><\/audio>\n<p>&nbsp;<\/p>\n<p><a class=\"dt-pswp-item\" href=\"https:\/\/www.radiopiu.net\/wordpress\/wp-content\/uploads\/2020\/06\/076568b6-17a5-43b5-b5bf-001e67a2aaea.jpg\" data-dt-img-description=\"\" data-large_image_width=\"1080\" data-large_image_height=\"527\"><img loading=\"lazy\" decoding=\"async\" class=\"size-medium wp-image-146799 alignleft\" src=\"https:\/\/www.radiopiu.net\/wordpress\/wp-content\/uploads\/2020\/06\/076568b6-17a5-43b5-b5bf-001e67a2aaea-300x146.jpg\" alt=\"\" width=\"300\" height=\"146\" srcset=\"https:\/\/www.radiopiu.net\/wordpress\/wp-content\/uploads\/2020\/06\/076568b6-17a5-43b5-b5bf-001e67a2aaea-300x146.jpg 300w, https:\/\/www.radiopiu.net\/wordpress\/wp-content\/uploads\/2020\/06\/076568b6-17a5-43b5-b5bf-001e67a2aaea-1024x500.jpg 1024w, https:\/\/www.radiopiu.net\/wordpress\/wp-content\/uploads\/2020\/06\/076568b6-17a5-43b5-b5bf-001e67a2aaea-768x375.jpg 768w, https:\/\/www.radiopiu.net\/wordpress\/wp-content\/uploads\/2020\/06\/076568b6-17a5-43b5-b5bf-001e67a2aaea.jpg 1080w\" sizes=\"auto, (max-width: 300px) 100vw, 300px\" \/><\/a>Chiss\u00e0 che cosa avrebbe scritto il Marin Sanudo dopo essersi trovato di fronte a tale scritta ed a tale opera. Non lo sapremo mai purtroppo. Perch\u00e9 il Marin Sanudo bazzic\u00f2 da queste parti circa cinquecento anni fa. Per\u00f2 sono convinto che sarebbe stato felice di ammirare il Leone Marciano, simbolo della sua Venezia, posto sul portale della galleria d\u2019ingresso alla centrale idroelettrica di La Stanga. Se non fosse per i sezionatori elettrici posti dall\u2019altra parte della 203, si potrebbe pensare all\u2019ingresso di un mausoleo o di una sorta di sacrario. Ed invece \u00e8 l\u2019entrata di una centrale idroelettrica che venne costruita a cavallo degli anni \u201930 e \u201940 dalla SADE, la societ\u00e0 veneziana che edific\u00f2 tutte le dighe e le centrali presenti nel bellunese. La centrale di La Stanga fa parte del ramo chiamiamolo \u201cAgordino\u201d, ovvero quel complesso di dighe e centrali che sfruttano l\u2019acqua del Cordevole e dei suoi affluenti. L\u2019altro ramo \u00e8 invece quello del Piave, con gli impianti cadorini che fanno capo alla grande centrale di Soverzene, da dove l\u2019acqua prende la via del lago di Santa Croce e va ad alimentare le centrali di Fadalto. A La Stanga, invece, l\u2019acqua che fa girare le due turbine arriva dal lago del Fedaia, da dove scende alla centrale di Saviner e poi corre in galleria ad alimentare le centrali di Cencenighe ed Agordo. Giunta a La Stanga, in base alle esigenze, prende la strada che la porta al lago del Mis correndo in una lunga galleria scavata nelle viscere dei Monti del Sole. Uno snodo importante, dunque, quello di La Stanga per questa preziosa acqua. Forse fu proprio per questa ragione che tale architetto Giuseppe Berti progett\u00f2 una facciata cos\u00ec imponente. Cercavo sempre di leggere per intero quella scritta in latino posta sopra l\u2019entrata della galleria. Ma non ci riuscivo mai, perche \u201cel retifilo de la central\u201d era buono per fare i sorpassi quando si andava \u201cin su\u201d. E la stessa cosa accadeva quando si veniva \u201cin gi\u00f9\u201d. Avevo pochi secondi per tentare la lettura di quella frase che mi incuriosiva, ma arrivato alla parola \u201cingenio\u201d il tempo era scaduto. Intuivo soltanto che all\u2019interno della centrale c\u2019era acqua che evidentemente precipitava da qualche parte fino a produrre energia elettrica. Ma La Stanga non \u00e8 solo la sua centrale dall&#8217;imponente ingresso. E\u2019 anche il villaggio dei dipendenti prima SADE e poi ENEL che, salendo verso Agordo, si trova prima del \u201cretifilo de la central\u201d. Un gruppo di case molto grandi com\u2019era nello \u201cstile SADE\u201d di quei tempi. Edificarono perfino una chiesetta progettata dall\u2019architetto ed alpinista armeno Gurekian, stabilitosi a Frassen\u00e8 ed a cui fu cointitolato il Rifugio Scarpa\/Gurekian posto ai piedi dell\u2019Agner. La bella chiesetta \u00e8 dedicata a Santa Barbara patrona dei minatori artiglieri e Vigili del Fuoco. L\u2019avvento del progresso degli impianti della centrale fece s\u00ec che il villaggio fosse gi\u00e0 abbandonato negli anni \u201980. Guardavamo quelle case e quasi sempre affermavamo sicuri \u201cvosto che sie chi che va abit\u00e0 in te che le case l\u00e0\u201d. Ed invece il tempo ci diede torto. Nel tempo il villaggio ENEL fu SADE si \u00e8 ripopolato e quasi tutte le case sono abitate stabilmente. Una altro luogo affascinante e curioso che si pu\u00f2 incontrare percorrendo la Strada Madre. La Stanga frazione di Sedico, con la sua centrale idroelettrica, il suo particolare villaggio, il bar \u201csu la curva\u201d e lo storico ed accogliente ristorante\u2026Magiche Dolomiti!!<\/p>\n","protected":false},"excerpt":{"rendered":"<p>LA CENTRALE DI LA STANGA &#8220;VIS-PRAECIPITIS-AQVAE HVMANO-INGENIO-COA CTA-LVX-VITAQVE-FIT&#8221; AUDIO &nbsp; Chiss\u00e0 che cosa avrebbe scritto il Marin Sanudo dopo essersi trovato di fronte a tale scritta ed a tale opera. Non lo sapremo mai purtroppo. Perch\u00e9 il Marin Sanudo bazzic\u00f2 da queste parti circa cinquecento anni fa. Per\u00f2 sono convinto che sarebbe stato felice di&hellip;<\/p>\n","protected":false},"author":4,"featured_media":146799,"comment_status":"closed","ping_status":"closed","sticky":false,"template":"","format":"standard","meta":{"_monsterinsights_skip_tracking":false,"_monsterinsights_sitenote_active":false,"_monsterinsights_sitenote_note":"","_monsterinsights_sitenote_category":0,"footnotes":""},"categories":[104,49,112],"tags":[],"class_list":["post-146797","post","type-post","status-publish","format-standard","has-post-thumbnail","hentry","category-evidenza_3","category-news-18","category-racconti-soppelsa","category-104","category-49","category-112","description-off"],"img_url":"https:\/\/www.radiopiu.net\/wordpress\/wp-content\/uploads\/2020\/06\/076568b6-17a5-43b5-b5bf-001e67a2aaea.jpg","_links":{"self":[{"href":"https:\/\/www.radiopiu.net\/wordpress\/wp-json\/wp\/v2\/posts\/146797","targetHints":{"allow":["GET"]}}],"collection":[{"href":"https:\/\/www.radiopiu.net\/wordpress\/wp-json\/wp\/v2\/posts"}],"about":[{"href":"https:\/\/www.radiopiu.net\/wordpress\/wp-json\/wp\/v2\/types\/post"}],"author":[{"embeddable":true,"href":"https:\/\/www.radiopiu.net\/wordpress\/wp-json\/wp\/v2\/users\/4"}],"replies":[{"embeddable":true,"href":"https:\/\/www.radiopiu.net\/wordpress\/wp-json\/wp\/v2\/comments?post=146797"}],"version-history":[{"count":0,"href":"https:\/\/www.radiopiu.net\/wordpress\/wp-json\/wp\/v2\/posts\/146797\/revisions"}],"wp:featuredmedia":[{"embeddable":true,"href":"https:\/\/www.radiopiu.net\/wordpress\/wp-json\/wp\/v2\/media\/146799"}],"wp:attachment":[{"href":"https:\/\/www.radiopiu.net\/wordpress\/wp-json\/wp\/v2\/media?parent=146797"}],"wp:term":[{"taxonomy":"category","embeddable":true,"href":"https:\/\/www.radiopiu.net\/wordpress\/wp-json\/wp\/v2\/categories?post=146797"},{"taxonomy":"post_tag","embeddable":true,"href":"https:\/\/www.radiopiu.net\/wordpress\/wp-json\/wp\/v2\/tags?post=146797"}],"curies":[{"name":"wp","href":"https:\/\/api.w.org\/{rel}","templated":true}]}}