{"id":146953,"date":"2020-06-29T13:40:05","date_gmt":"2020-06-29T11:40:05","guid":{"rendered":"https:\/\/www.radiopiu.net\/wordpress\/?p=146953"},"modified":"2020-06-29T13:40:05","modified_gmt":"2020-06-29T11:40:05","slug":"luca-michelli-un-bellunese-premiato-a-londra-per-il-short-film-ufo","status":"publish","type":"post","link":"https:\/\/www.radiopiu.net\/wordpress\/luca-michelli-un-bellunese-premiato-a-londra-per-il-short-film-ufo\/","title":{"rendered":"LUCA MICHELLI, UN BELLUNESE PREMIATO A LONDRA PER IL SHORT FILM &#8220;UFO&#8221;"},"content":{"rendered":"<p><strong><a class=\"dt-pswp-item\" href=\"https:\/\/www.radiopiu.net\/wordpress\/wp-content\/uploads\/2020\/06\/Luca-Michelli-1-scaled.jpg\" data-dt-img-description=\"\" data-large_image_width=\"2560\" data-large_image_height=\"1707\"><img loading=\"lazy\" decoding=\"async\" class=\"size-medium wp-image-146954 alignleft\" src=\"https:\/\/www.radiopiu.net\/wordpress\/wp-content\/uploads\/2020\/06\/Luca-Michelli-1-300x200.jpg\" alt=\"\" width=\"300\" height=\"200\" srcset=\"https:\/\/www.radiopiu.net\/wordpress\/wp-content\/uploads\/2020\/06\/Luca-Michelli-1-300x200.jpg 300w, https:\/\/www.radiopiu.net\/wordpress\/wp-content\/uploads\/2020\/06\/Luca-Michelli-1-1024x683.jpg 1024w, https:\/\/www.radiopiu.net\/wordpress\/wp-content\/uploads\/2020\/06\/Luca-Michelli-1-768x512.jpg 768w, https:\/\/www.radiopiu.net\/wordpress\/wp-content\/uploads\/2020\/06\/Luca-Michelli-1-1536x1024.jpg 1536w, https:\/\/www.radiopiu.net\/wordpress\/wp-content\/uploads\/2020\/06\/Luca-Michelli-1-2048x1365.jpg 2048w\" sizes=\"auto, (max-width: 300px) 100vw, 300px\" \/><\/a>LONDRA\u00a0<\/strong>Il bellunese Luca Michelli \u00e8 stato proclamato dalla Royal Television Society (uno dei principali enti britannici per la promozione dell\u2019arte e della scienza della televisione e dei media) vincitore del prestigioso 25\u00b0 premio nazionale Student Television Awards\u00a02020 che celebra la migliore opera audiovisiva post-laurea creata da studenti di tutto il Regno Unito e Irlanda.\u00a0Il riconoscimento vuole premiare l\u2019eccellenza nelle abilit\u00e0 cinematografiche degli studenti di 13 delle universit\u00e0 pi\u00f9 prestigiose inglesi e irlandesi.\u00a0Il riconoscimento \u00e8 stato assegnato\u00a0al short film \u201cUFO\u201d. Luca Michelli ha svolto il ruolo di direttore della fotografia del cortometraggio diretto dal regista Harvey Gardner e prodotto da Reece Steel per la categoria post-laurea (master) di Dramma.\u00a0L&#8217;evento, inusualmente trasmesso in streaming a causa del Covid19, \u00e8 stato organizzato da Motion Content Group, importante societ\u00e0 globale di produzione e investimenti multimediali con sede a Londra e Los Angeles, e patrocinato dalla BBC e da SKY Tv.\u00a0Motivazione e proclamazione del premio:<span class=\"Apple-converted-space\">\u00a0<\/span><i>\u201cUFO \u00e8 un film meravigliosamente originale e insolito, elogiato all&#8217;unanimit\u00e0 per la sua storia inaspettatamente commovente e toccante, raccontato con audacia e spirito visivamente reali. L&#8217;equilibrio tra l&#8217;animazione surrealista, una sceneggiatura ingannevolmente emotiva, i personaggi accattivanti e le interpretazioni silenziosamente sincere sono il vero motivo del riconoscimento\u201d <a class=\"dt-pswp-item\" href=\"https:\/\/www.radiopiu.net\/wordpress\/wp-content\/uploads\/2020\/06\/Luca-Michelli-3.jpg\" data-dt-img-description=\"\" data-large_image_width=\"1334\" data-large_image_height=\"890\"><img loading=\"lazy\" decoding=\"async\" class=\"size-medium wp-image-146955 alignright\" src=\"https:\/\/www.radiopiu.net\/wordpress\/wp-content\/uploads\/2020\/06\/Luca-Michelli-3-300x200.jpg\" alt=\"\" width=\"300\" height=\"200\" srcset=\"https:\/\/www.radiopiu.net\/wordpress\/wp-content\/uploads\/2020\/06\/Luca-Michelli-3-300x200.jpg 300w, https:\/\/www.radiopiu.net\/wordpress\/wp-content\/uploads\/2020\/06\/Luca-Michelli-3-1024x683.jpg 1024w, https:\/\/www.radiopiu.net\/wordpress\/wp-content\/uploads\/2020\/06\/Luca-Michelli-3-768x512.jpg 768w, https:\/\/www.radiopiu.net\/wordpress\/wp-content\/uploads\/2020\/06\/Luca-Michelli-3.jpg 1334w\" sizes=\"auto, (max-width: 300px) 100vw, 300px\" \/><\/a><\/i>Dichiarazione di Siobhan Greene, amministratore delegato e presidente degli RTS Student Television Awards:\u00a0<i>&#8220;Siamo orgogliosi oggi di riconoscere e celebrare il nuovo talento che entrer\u00e0 nel settore cinematografico e televisivo. Congratulazioni a tutti i vincitori &#8221;\u00a0<\/i>Info Luca Michelli:\u00a0Bellunese classe 1994 trasferito a Glasgow, dopo il diploma conseguito al Liceo scientifico Galilei di Belluno, per seguire gli studi universitari e post-universitari all\u2019 University of West of Scotland di Business &amp; Creative Industries in \u2018Filmmaking and screen writing\u2019. Laureato nel 2018 in Bachelor of Arts with Honours First Class ha successivamente portato a termine nel 2019 un Master specialistico in Filmmaking. Attualmente lavora in alcuni set cinematografici inglesi e produce per alcune aziende video commerciali.<\/p>\n","protected":false},"excerpt":{"rendered":"<p>LONDRA\u00a0Il bellunese Luca Michelli \u00e8 stato proclamato dalla Royal Television Society (uno dei principali enti britannici per la promozione dell\u2019arte e della scienza della televisione e dei media) vincitore del prestigioso 25\u00b0 premio nazionale Student Television Awards\u00a02020 che celebra la migliore opera audiovisiva post-laurea creata da studenti di tutto il Regno Unito e Irlanda.\u00a0Il riconoscimento&hellip;<\/p>\n","protected":false},"author":4,"featured_media":146955,"comment_status":"closed","ping_status":"closed","sticky":false,"template":"","format":"standard","meta":{"_monsterinsights_skip_tracking":false,"_monsterinsights_sitenote_active":false,"_monsterinsights_sitenote_note":"","_monsterinsights_sitenote_category":0,"footnotes":""},"categories":[49],"tags":[],"class_list":["post-146953","post","type-post","status-publish","format-standard","has-post-thumbnail","hentry","category-news-18","category-49","description-off"],"img_url":"https:\/\/www.radiopiu.net\/wordpress\/wp-content\/uploads\/2020\/06\/Luca-Michelli-3.jpg","_links":{"self":[{"href":"https:\/\/www.radiopiu.net\/wordpress\/wp-json\/wp\/v2\/posts\/146953","targetHints":{"allow":["GET"]}}],"collection":[{"href":"https:\/\/www.radiopiu.net\/wordpress\/wp-json\/wp\/v2\/posts"}],"about":[{"href":"https:\/\/www.radiopiu.net\/wordpress\/wp-json\/wp\/v2\/types\/post"}],"author":[{"embeddable":true,"href":"https:\/\/www.radiopiu.net\/wordpress\/wp-json\/wp\/v2\/users\/4"}],"replies":[{"embeddable":true,"href":"https:\/\/www.radiopiu.net\/wordpress\/wp-json\/wp\/v2\/comments?post=146953"}],"version-history":[{"count":0,"href":"https:\/\/www.radiopiu.net\/wordpress\/wp-json\/wp\/v2\/posts\/146953\/revisions"}],"wp:featuredmedia":[{"embeddable":true,"href":"https:\/\/www.radiopiu.net\/wordpress\/wp-json\/wp\/v2\/media\/146955"}],"wp:attachment":[{"href":"https:\/\/www.radiopiu.net\/wordpress\/wp-json\/wp\/v2\/media?parent=146953"}],"wp:term":[{"taxonomy":"category","embeddable":true,"href":"https:\/\/www.radiopiu.net\/wordpress\/wp-json\/wp\/v2\/categories?post=146953"},{"taxonomy":"post_tag","embeddable":true,"href":"https:\/\/www.radiopiu.net\/wordpress\/wp-json\/wp\/v2\/tags?post=146953"}],"curies":[{"name":"wp","href":"https:\/\/api.w.org\/{rel}","templated":true}]}}