{"id":146996,"date":"2020-06-30T06:51:31","date_gmt":"2020-06-30T04:51:31","guid":{"rendered":"https:\/\/www.radiopiu.net\/wordpress\/?p=146996"},"modified":"2020-06-30T06:53:17","modified_gmt":"2020-06-30T04:53:17","slug":"via-al-centro-estivo-anche-a-canale-dagordo-con-la-protezione-del-papa-agordino","status":"publish","type":"post","link":"https:\/\/www.radiopiu.net\/wordpress\/via-al-centro-estivo-anche-a-canale-dagordo-con-la-protezione-del-papa-agordino\/","title":{"rendered":"VIA AL CENTRO ESTIVO ANCHE A CANALE D&#8217;AGORDO CON LA &#8220;PROTEZIONE&#8221; DEL PAPA AGORDINO"},"content":{"rendered":"<p><strong>CANALE D&#8217;AGORDO<\/strong> Alla scuola per l&#8217;infanzia \u00e8 iniziato il centro estivo per i pi\u00f9 piccoli, 21 gli iscritti. Sar\u00e0 di certo una bella esperienza dove i bambini finalmente con gioia si sono ritrovati assieme<\/p>\n<p><strong>AI MICROFONI DI RADIO PIU DON VITO DE VIDO<\/strong><\/p>\n<audio class=\"wp-audio-shortcode\" id=\"audio-146996-1\" preload=\"none\" style=\"width: 100%;\" controls=\"controls\"><source type=\"audio\/mpeg\" src=\"https:\/\/www.radiopiu.net\/wordpress\/wp-content\/uploads\/2020\/06\/DON-VITO-DE-VIDO.mp3?_=1\" \/><a href=\"https:\/\/www.radiopiu.net\/wordpress\/wp-content\/uploads\/2020\/06\/DON-VITO-DE-VIDO.mp3\">https:\/\/www.radiopiu.net\/wordpress\/wp-content\/uploads\/2020\/06\/DON-VITO-DE-VIDO.mp3<\/a><\/audio>\n<p>&nbsp;<\/p>\n<p><a class=\"dt-pswp-item\" href=\"https:\/\/www.radiopiu.net\/wordpress\/wp-content\/uploads\/2020\/06\/3106bf48-ae93-4ee1-85eb-839740b092dc.jpg\" data-dt-img-description=\"\" data-large_image_width=\"1200\" data-large_image_height=\"1599\"><img loading=\"lazy\" decoding=\"async\" class=\"alignnone size-medium wp-image-146998\" src=\"https:\/\/www.radiopiu.net\/wordpress\/wp-content\/uploads\/2020\/06\/3106bf48-ae93-4ee1-85eb-839740b092dc-225x300.jpg\" alt=\"\" width=\"225\" height=\"300\" srcset=\"https:\/\/www.radiopiu.net\/wordpress\/wp-content\/uploads\/2020\/06\/3106bf48-ae93-4ee1-85eb-839740b092dc-225x300.jpg 225w, https:\/\/www.radiopiu.net\/wordpress\/wp-content\/uploads\/2020\/06\/3106bf48-ae93-4ee1-85eb-839740b092dc-768x1023.jpg 768w, https:\/\/www.radiopiu.net\/wordpress\/wp-content\/uploads\/2020\/06\/3106bf48-ae93-4ee1-85eb-839740b092dc-1153x1536.jpg 1153w, https:\/\/www.radiopiu.net\/wordpress\/wp-content\/uploads\/2020\/06\/3106bf48-ae93-4ee1-85eb-839740b092dc.jpg 1200w\" sizes=\"auto, (max-width: 225px) 100vw, 225px\" \/><\/a><a class=\"dt-pswp-item\" href=\"https:\/\/www.radiopiu.net\/wordpress\/wp-content\/uploads\/2020\/06\/dde2cfed-34b5-44b9-baa5-875c6a8be2df.jpg\" data-dt-img-description=\"\" data-large_image_width=\"1200\" data-large_image_height=\"1599\"><img loading=\"lazy\" decoding=\"async\" class=\"alignnone size-medium wp-image-146999\" src=\"https:\/\/www.radiopiu.net\/wordpress\/wp-content\/uploads\/2020\/06\/dde2cfed-34b5-44b9-baa5-875c6a8be2df-225x300.jpg\" alt=\"\" width=\"225\" height=\"300\" srcset=\"https:\/\/www.radiopiu.net\/wordpress\/wp-content\/uploads\/2020\/06\/dde2cfed-34b5-44b9-baa5-875c6a8be2df-225x300.jpg 225w, https:\/\/www.radiopiu.net\/wordpress\/wp-content\/uploads\/2020\/06\/dde2cfed-34b5-44b9-baa5-875c6a8be2df-768x1023.jpg 768w, https:\/\/www.radiopiu.net\/wordpress\/wp-content\/uploads\/2020\/06\/dde2cfed-34b5-44b9-baa5-875c6a8be2df-1153x1536.jpg 1153w, https:\/\/www.radiopiu.net\/wordpress\/wp-content\/uploads\/2020\/06\/dde2cfed-34b5-44b9-baa5-875c6a8be2df.jpg 1200w\" sizes=\"auto, (max-width: 225px) 100vw, 225px\" \/><\/a><a class=\"dt-pswp-item\" href=\"https:\/\/www.radiopiu.net\/wordpress\/wp-content\/uploads\/2020\/06\/dd78b23a-6ad1-4b86-bc38-3441aa2ff742.jpg\" data-dt-img-description=\"\" data-large_image_width=\"1599\" data-large_image_height=\"1200\"><img loading=\"lazy\" decoding=\"async\" class=\"alignnone size-medium wp-image-147000\" src=\"https:\/\/www.radiopiu.net\/wordpress\/wp-content\/uploads\/2020\/06\/dd78b23a-6ad1-4b86-bc38-3441aa2ff742-300x225.jpg\" alt=\"\" width=\"300\" height=\"225\" srcset=\"https:\/\/www.radiopiu.net\/wordpress\/wp-content\/uploads\/2020\/06\/dd78b23a-6ad1-4b86-bc38-3441aa2ff742-300x225.jpg 300w, https:\/\/www.radiopiu.net\/wordpress\/wp-content\/uploads\/2020\/06\/dd78b23a-6ad1-4b86-bc38-3441aa2ff742-1024x768.jpg 1024w, https:\/\/www.radiopiu.net\/wordpress\/wp-content\/uploads\/2020\/06\/dd78b23a-6ad1-4b86-bc38-3441aa2ff742-768x576.jpg 768w, https:\/\/www.radiopiu.net\/wordpress\/wp-content\/uploads\/2020\/06\/dd78b23a-6ad1-4b86-bc38-3441aa2ff742-1536x1153.jpg 1536w, https:\/\/www.radiopiu.net\/wordpress\/wp-content\/uploads\/2020\/06\/dd78b23a-6ad1-4b86-bc38-3441aa2ff742.jpg 1599w\" sizes=\"auto, (max-width: 300px) 100vw, 300px\" \/><\/a><\/p>\n","protected":false},"excerpt":{"rendered":"<p>CANALE D&#8217;AGORDO Alla scuola per l&#8217;infanzia \u00e8 iniziato il centro estivo per i pi\u00f9 piccoli, 21 gli iscritti. Sar\u00e0 di certo una bella esperienza dove i bambini finalmente con gioia si sono ritrovati assieme AI MICROFONI DI RADIO PIU DON VITO DE VIDO &nbsp;<\/p>\n","protected":false},"author":1,"featured_media":146998,"comment_status":"closed","ping_status":"closed","sticky":false,"template":"","format":"standard","meta":{"_monsterinsights_skip_tracking":false,"_monsterinsights_sitenote_active":false,"_monsterinsights_sitenote_note":"","_monsterinsights_sitenote_category":0,"footnotes":""},"categories":[49],"tags":[],"class_list":["post-146996","post","type-post","status-publish","format-standard","has-post-thumbnail","hentry","category-news-18","category-49","description-off"],"img_url":"https:\/\/www.radiopiu.net\/wordpress\/wp-content\/uploads\/2020\/06\/3106bf48-ae93-4ee1-85eb-839740b092dc.jpg","_links":{"self":[{"href":"https:\/\/www.radiopiu.net\/wordpress\/wp-json\/wp\/v2\/posts\/146996","targetHints":{"allow":["GET"]}}],"collection":[{"href":"https:\/\/www.radiopiu.net\/wordpress\/wp-json\/wp\/v2\/posts"}],"about":[{"href":"https:\/\/www.radiopiu.net\/wordpress\/wp-json\/wp\/v2\/types\/post"}],"author":[{"embeddable":true,"href":"https:\/\/www.radiopiu.net\/wordpress\/wp-json\/wp\/v2\/users\/1"}],"replies":[{"embeddable":true,"href":"https:\/\/www.radiopiu.net\/wordpress\/wp-json\/wp\/v2\/comments?post=146996"}],"version-history":[{"count":0,"href":"https:\/\/www.radiopiu.net\/wordpress\/wp-json\/wp\/v2\/posts\/146996\/revisions"}],"wp:featuredmedia":[{"embeddable":true,"href":"https:\/\/www.radiopiu.net\/wordpress\/wp-json\/wp\/v2\/media\/146998"}],"wp:attachment":[{"href":"https:\/\/www.radiopiu.net\/wordpress\/wp-json\/wp\/v2\/media?parent=146996"}],"wp:term":[{"taxonomy":"category","embeddable":true,"href":"https:\/\/www.radiopiu.net\/wordpress\/wp-json\/wp\/v2\/categories?post=146996"},{"taxonomy":"post_tag","embeddable":true,"href":"https:\/\/www.radiopiu.net\/wordpress\/wp-json\/wp\/v2\/tags?post=146996"}],"curies":[{"name":"wp","href":"https:\/\/api.w.org\/{rel}","templated":true}]}}