{"id":147011,"date":"2020-06-30T06:49:01","date_gmt":"2020-06-30T04:49:01","guid":{"rendered":"https:\/\/www.radiopiu.net\/wordpress\/?p=147011"},"modified":"2020-06-30T06:54:02","modified_gmt":"2020-06-30T04:54:02","slug":"la-diocesi-di-belluno-feltre-avvia-iniziative-dopo-la-pandemia-covid-19-di-renato-bona","status":"publish","type":"post","link":"https:\/\/www.radiopiu.net\/wordpress\/la-diocesi-di-belluno-feltre-avvia-iniziative-dopo-la-pandemia-covid-19-di-renato-bona\/","title":{"rendered":"LA DIOCESI DI BELLUNO-FELTRE AVVIA INIZIATIVE DOPO LA PANDEMIA COVID 19 di Renato Bona"},"content":{"rendered":"<p><strong><a class=\"dt-pswp-item\" href=\"https:\/\/www.radiopiu.net\/wordpress\/wp-content\/uploads\/2019\/08\/553085_385905871470280_1626001170_n-1.jpg\" data-dt-img-description=\"\" data-large_image_width=\"855\" data-large_image_height=\"569\"><img loading=\"lazy\" decoding=\"async\" class=\"wp-image-94594 alignleft\" src=\"https:\/\/www.radiopiu.net\/wordpress\/wp-content\/uploads\/2019\/08\/553085_385905871470280_1626001170_n-1-300x200.jpg\" alt=\"\" width=\"185\" height=\"123\" srcset=\"https:\/\/www.radiopiu.net\/wordpress\/wp-content\/uploads\/2019\/08\/553085_385905871470280_1626001170_n-1-300x200.jpg 300w, https:\/\/www.radiopiu.net\/wordpress\/wp-content\/uploads\/2019\/08\/553085_385905871470280_1626001170_n-1-768x511.jpg 768w, https:\/\/www.radiopiu.net\/wordpress\/wp-content\/uploads\/2019\/08\/553085_385905871470280_1626001170_n-1.jpg 855w\" sizes=\"auto, (max-width: 185px) 100vw, 185px\" \/><\/a>di\u00a0Renato\u00a0<\/strong><b>Bona\u00a0<\/b><\/p>\n<p>Se qualcuno dubitava dell\u2019impegno della Chiesa di Belluno-Feltre nell\u2019attuale drammatica situazione conseguente alla pandemia che ha investito il mondo \u00e8 smentito anche da iniziative, semplici ma preziose, come quelle varate dagli Uffici pastorali per le comunit\u00e0 e le associazioni e la Pastorale Giovanile. I due organismi sono infatti impegnati nel proporre \u201cCogliere la sfida. Una riflessione per questa strana estate\u201d, i primi, e per \u201cUn piccolo episodio di chiesa in uscita\u201d la seconda. Ne da conto il sito chiesabellunofeltre sottolineando per la prima iniziativa che\u201dDopo una primavera scombussolata dalla pandemia, pure l\u2019estate del 2020 si preannuncia faticosa: molte parrocchie ed associazioni ecclesia lisi sono gi\u00e0 attivate per non far mancare a bambini e ragazzi e alle loro famiglie in questo momento cos\u00ec particolare occasioni di aggregazione e formazione. Gli uffici pastorali diocesani hanno fatto il punto in una riunione di coordinamento dei giorni scorsi producendo una lettera ai consigli pastorali, ai parroci, agli animatori ed operatori delle associazioni ecclesiali nella quale compare una parola di incoraggiamento per quanto si sta mettendo in campo per bambini e ragazzi e a sostegno delle famiglia con senso di responsabilit\u00e0 unito a preoccupazione per una sfida ritenuta non semplice. La lettera offre anche spunti per una \u201criflessione pastorale su questa opportunit\u00e0\u201d con l\u2019estate che apre un vero e proprio laboratorio sollecitando a sperimentare forme nuove con un cambio di passo dal quale possano scaturire risorse inaspettate ed attivare potenzialit\u00e0 inespresse. Ecco di seguito le 6 novit\u00e0 indicate: tempo delle alleanze con quanti si occupano dei i giovani in unit\u00e0 d\u2019intenti; svolgere attivit\u00e0 estive in \u2018unit\u00e0 epidemiologiche\u2019 su piccoli gruppi che di fatto diventano \u201ccellule di relazioni\u201d; partendo dalla richiesta di garantire la presenza di un adulto per ogni singolo gruppo, si punta a rinsaldare nuove alleanze con realt\u00e0 gi\u00e0 attive sul territorio; importanza di non perdere il contatto con le esigenze e domande degli adolescenti in una fase importante della loro vita, captare le situazioni di bisogno per favorire il servizio, infine la preferenza per l\u2019attivit\u00e0 all\u2019aperto suggerisce di uscite in montagna alla scoperta delle bellezze del territorio. Considerazione finale: \u201cnon sar\u00e0 possibile fare tutto, forse nemmeno tanto, non sar\u00e0 un\u2019estate come prima e molto probabilmente d\u2019ora in poi cambier\u00e0, ma cogliamo la sfida!\u201d. Per quanto riguarda l\u2019iniziativa della Pastorale giovanile, il sito riferisce il piccolo episodio di Chiesa in uscita che ha per protagonisti due cristiani giovani universitari: Andrea e Chiara, desiderosi di riflettere insieme sul periodo che stiamo vivendo e condividere il tutto con quanti siano interessati. Ecco una piattaforma online che ha propiziato l\u2019incontro proposto dalla Pastorale giovanile di Belluno-Feltre sul tema: \u201cOk, adesso esco\u2026 per quale porta?\u201d dopo mesi particolari ci si sta avvicinando ad un ritorno alla normalit\u00e0. Ma quale normalit\u00e0? Andrea Genuin di Caviola, che ha moderato l\u2019incontro con Chiara Luchetta (vi hanno partecipato una ventina di giovani collegati da Zoldo a Valdobbiadene via Santa Giustina e Cadola) ha invitato a \u201ccondividere in gruppo cosa trattenere e cosa buttare della vita di un giovane pre-Covid 19 e lo stesso della vita durante la pandemia\u201d convinti che \u201cLa parola normalit\u00e0 fa rabbia: tornare alla normalit\u00e0 vuol dire non avere coscienza di quello che \u00e8 successo\u201d, come ha sostenuto uno dei partecipanti. Infatti per i giovani partecipi dell\u2019i9niziativa \u201cla vita nella pandemia si \u00e8 fatta apprezzare per il tempo dilatato, per le case ritornate tali e non solo luoghi di cambio della borsa della biancheria di settimana in settimana, nella partenza per la propria sede universitaria; per il silenzio e per lo spazio liberato dall\u2019invadenza degli esseri umani\u201d. Negli interventi \u00e8 emersa la \u201cnecessit\u00e0 di riprogettare la propria esistenza, a partire dalla coscienza che la pandemia ha dimostrato come \u2018siamo tutti in relazione tra noi. Una dinamica in cui \u00e8 presente il rapporto con Dio\u201d. Ha concluso sorella Elisa Busatto della comunit\u00e0 Assekrem di San Giovanni di Livinallongo del Col di Lana proponendo tre parole chiave: limite, legame, sapere\u201d. Molteplici altre le iniziative, in particolare a favore dei giovanissimi e dei ragazzi e ragazze, una su tutta il Grest della Parrocchia salesiana \u201cDon Bosco\u201d di Belluno, partito ieri, luned\u00ec 29, con l\u2019adesione di duecento giovani e passa ed oltre 50 animatori. NELLE FOTO (Sito chiesabellunofeltre e Renato Bona): immagini a corredo dei servizi sulle due iniziative sulle quali ci siamo soffermati; un tendone montato nel cortile-ingresso dell\u2019istituto salesiano Agosti, a servizio dei partecipanti al Grest 2020.<\/p>\n\n\t\t\t<style type='text\/css'>\n\t\t\t\t#gallery-1 {\n\t\t\t\t\tmargin: auto;\n\t\t\t\t}\n\t\t\t\t#gallery-1 .gallery-item {\n\t\t\t\t\tfloat: left;\n\t\t\t\t\tmargin-top: 10px;\n\t\t\t\t\ttext-align: center;\n\t\t\t\t\twidth: 33%;\n\t\t\t\t}\n\t\t\t\t#gallery-1 img {\n\t\t\t\t\tborder: 2px solid #cfcfcf;\n\t\t\t\t}\n\t\t\t\t#gallery-1 .gallery-caption {\n\t\t\t\t\tmargin-left: 0;\n\t\t\t\t}\n\t\t\t\t\/* see gallery_shortcode() in wp-includes\/media.php *\/\n\t\t\t<\/style>\n\t\t<div id='gallery-1' class='dt-gallery-container gallery galleryid-147011 gallery-columns-3 gallery-size-medium'><dl class='gallery-item'>\n\t\t\t\t<dt class='gallery-icon landscape'>\n\t\t\t\t\t<a class=\"rollover\" href='https:\/\/www.radiopiu.net\/wordpress\/la-diocesi-di-belluno-feltre-avvia-iniziative-dopo-la-pandemia-covid-19-di-renato-bona\/106720672_266777057886403_2746793001780221446_n\/'><img loading=\"lazy\" decoding=\"async\" width=\"300\" height=\"222\" src=\"https:\/\/www.radiopiu.net\/wordpress\/wp-content\/uploads\/2020\/06\/106720672_266777057886403_2746793001780221446_n-300x222.png\" class=\"attachment-medium size-medium\" alt=\"\" srcset=\"https:\/\/www.radiopiu.net\/wordpress\/wp-content\/uploads\/2020\/06\/106720672_266777057886403_2746793001780221446_n-300x222.png 300w, https:\/\/www.radiopiu.net\/wordpress\/wp-content\/uploads\/2020\/06\/106720672_266777057886403_2746793001780221446_n-768x569.png 768w, https:\/\/www.radiopiu.net\/wordpress\/wp-content\/uploads\/2020\/06\/106720672_266777057886403_2746793001780221446_n.png 788w\" sizes=\"auto, (max-width: 300px) 100vw, 300px\" \/><\/a>\n\t\t\t\t<\/dt><\/dl><dl class='gallery-item'>\n\t\t\t\t<dt class='gallery-icon landscape'>\n\t\t\t\t\t<a class=\"rollover\" href='https:\/\/www.radiopiu.net\/wordpress\/la-diocesi-di-belluno-feltre-avvia-iniziative-dopo-la-pandemia-covid-19-di-renato-bona\/106297120_1684461195035305_488377883229292543_n\/'><img loading=\"lazy\" decoding=\"async\" width=\"300\" height=\"165\" src=\"https:\/\/www.radiopiu.net\/wordpress\/wp-content\/uploads\/2020\/06\/106297120_1684461195035305_488377883229292543_n-300x165.png\" class=\"attachment-medium size-medium\" alt=\"\" srcset=\"https:\/\/www.radiopiu.net\/wordpress\/wp-content\/uploads\/2020\/06\/106297120_1684461195035305_488377883229292543_n-300x165.png 300w, https:\/\/www.radiopiu.net\/wordpress\/wp-content\/uploads\/2020\/06\/106297120_1684461195035305_488377883229292543_n-768x423.png 768w, https:\/\/www.radiopiu.net\/wordpress\/wp-content\/uploads\/2020\/06\/106297120_1684461195035305_488377883229292543_n.png 791w\" sizes=\"auto, (max-width: 300px) 100vw, 300px\" \/><\/a>\n\t\t\t\t<\/dt><\/dl><dl class='gallery-item'>\n\t\t\t\t<dt class='gallery-icon landscape'>\n\t\t\t\t\t<a class=\"rollover\" href='https:\/\/www.radiopiu.net\/wordpress\/la-diocesi-di-belluno-feltre-avvia-iniziative-dopo-la-pandemia-covid-19-di-renato-bona\/75407826_2532412630404535_5384188267760301882_n\/'><img loading=\"lazy\" decoding=\"async\" width=\"300\" height=\"225\" src=\"https:\/\/www.radiopiu.net\/wordpress\/wp-content\/uploads\/2020\/06\/75407826_2532412630404535_5384188267760301882_n-300x225.jpg\" class=\"attachment-medium size-medium\" alt=\"\" srcset=\"https:\/\/www.radiopiu.net\/wordpress\/wp-content\/uploads\/2020\/06\/75407826_2532412630404535_5384188267760301882_n-300x225.jpg 300w, https:\/\/www.radiopiu.net\/wordpress\/wp-content\/uploads\/2020\/06\/75407826_2532412630404535_5384188267760301882_n-1024x768.jpg 1024w, https:\/\/www.radiopiu.net\/wordpress\/wp-content\/uploads\/2020\/06\/75407826_2532412630404535_5384188267760301882_n-768x576.jpg 768w, https:\/\/www.radiopiu.net\/wordpress\/wp-content\/uploads\/2020\/06\/75407826_2532412630404535_5384188267760301882_n-1536x1152.jpg 1536w, https:\/\/www.radiopiu.net\/wordpress\/wp-content\/uploads\/2020\/06\/75407826_2532412630404535_5384188267760301882_n-2048x1536.jpg 2048w\" sizes=\"auto, (max-width: 300px) 100vw, 300px\" \/><\/a>\n\t\t\t\t<\/dt><\/dl><br style=\"clear: both\" \/>\n\t\t\t<\/div>\n\n","protected":false},"excerpt":{"rendered":"<p>di\u00a0Renato\u00a0Bona\u00a0 Se qualcuno dubitava dell\u2019impegno della Chiesa di Belluno-Feltre nell\u2019attuale drammatica situazione conseguente alla pandemia che ha investito il mondo \u00e8 smentito anche da iniziative, semplici ma preziose, come quelle varate dagli Uffici pastorali per le comunit\u00e0 e le associazioni e la Pastorale Giovanile. I due organismi sono infatti impegnati nel proporre \u201cCogliere la sfida.&hellip;<\/p>\n","protected":false},"author":4,"featured_media":147014,"comment_status":"closed","ping_status":"closed","sticky":false,"template":"","format":"standard","meta":{"_monsterinsights_skip_tracking":false,"_monsterinsights_sitenote_active":false,"_monsterinsights_sitenote_note":"","_monsterinsights_sitenote_category":0,"footnotes":""},"categories":[49],"tags":[],"class_list":["post-147011","post","type-post","status-publish","format-standard","has-post-thumbnail","hentry","category-news-18","category-49","description-off"],"img_url":"https:\/\/www.radiopiu.net\/wordpress\/wp-content\/uploads\/2020\/06\/106720672_266777057886403_2746793001780221446_n.png","_links":{"self":[{"href":"https:\/\/www.radiopiu.net\/wordpress\/wp-json\/wp\/v2\/posts\/147011","targetHints":{"allow":["GET"]}}],"collection":[{"href":"https:\/\/www.radiopiu.net\/wordpress\/wp-json\/wp\/v2\/posts"}],"about":[{"href":"https:\/\/www.radiopiu.net\/wordpress\/wp-json\/wp\/v2\/types\/post"}],"author":[{"embeddable":true,"href":"https:\/\/www.radiopiu.net\/wordpress\/wp-json\/wp\/v2\/users\/4"}],"replies":[{"embeddable":true,"href":"https:\/\/www.radiopiu.net\/wordpress\/wp-json\/wp\/v2\/comments?post=147011"}],"version-history":[{"count":0,"href":"https:\/\/www.radiopiu.net\/wordpress\/wp-json\/wp\/v2\/posts\/147011\/revisions"}],"wp:featuredmedia":[{"embeddable":true,"href":"https:\/\/www.radiopiu.net\/wordpress\/wp-json\/wp\/v2\/media\/147014"}],"wp:attachment":[{"href":"https:\/\/www.radiopiu.net\/wordpress\/wp-json\/wp\/v2\/media?parent=147011"}],"wp:term":[{"taxonomy":"category","embeddable":true,"href":"https:\/\/www.radiopiu.net\/wordpress\/wp-json\/wp\/v2\/categories?post=147011"},{"taxonomy":"post_tag","embeddable":true,"href":"https:\/\/www.radiopiu.net\/wordpress\/wp-json\/wp\/v2\/tags?post=147011"}],"curies":[{"name":"wp","href":"https:\/\/api.w.org\/{rel}","templated":true}]}}