{"id":147046,"date":"2020-06-30T06:52:44","date_gmt":"2020-06-30T04:52:44","guid":{"rendered":"https:\/\/www.radiopiu.net\/wordpress\/?p=147046"},"modified":"2020-06-30T06:52:48","modified_gmt":"2020-06-30T04:52:48","slug":"due-interventi-dei-carabinieri-a-fonzaso-e-cortina","status":"publish","type":"post","link":"https:\/\/www.radiopiu.net\/wordpress\/due-interventi-dei-carabinieri-a-fonzaso-e-cortina\/","title":{"rendered":"TRE  INTERVENTI DEI CARABINIERI, A FONZASO E CORTINA"},"content":{"rendered":"<p><strong><a class=\"dt-pswp-item\" href=\"https:\/\/www.radiopiu.net\/wordpress\/wp-content\/uploads\/2019\/12\/CARABINIERI-FELTRE-5.jpg\" data-dt-img-description=\"\" data-large_image_width=\"1280\" data-large_image_height=\"974\"><img loading=\"lazy\" decoding=\"async\" class=\"size-medium wp-image-110916 alignleft\" src=\"https:\/\/www.radiopiu.net\/wordpress\/wp-content\/uploads\/2019\/12\/CARABINIERI-FELTRE-5-300x228.jpg\" alt=\"\" width=\"300\" height=\"228\" srcset=\"https:\/\/www.radiopiu.net\/wordpress\/wp-content\/uploads\/2019\/12\/CARABINIERI-FELTRE-5-300x228.jpg 300w, https:\/\/www.radiopiu.net\/wordpress\/wp-content\/uploads\/2019\/12\/CARABINIERI-FELTRE-5-1024x779.jpg 1024w, https:\/\/www.radiopiu.net\/wordpress\/wp-content\/uploads\/2019\/12\/CARABINIERI-FELTRE-5-768x584.jpg 768w, https:\/\/www.radiopiu.net\/wordpress\/wp-content\/uploads\/2019\/12\/CARABINIERI-FELTRE-5.jpg 1280w\" sizes=\"auto, (max-width: 300px) 100vw, 300px\" \/><\/a>FONZASO\u00a0<\/strong>Nella notte tra domenica e luned\u00ec ignoti sono penetrati all&#8217;interno della Serra Florovivaistica Bettega facendosi scudo del buio, se ne sono andati portando con s\u00e8 una somma di 50 euro, tutta in monetine\u00a0 custodite in un cestino. I Carabinieri sono intervenuti e non hanno riscontrato nessun segno di forzatura.<br \/>\n<strong>CORTINA<\/strong>\u00a0I Carabinieri di Cortina hanno denunciato, in stato di libert\u00e0, un uomo per guida in stato di ebbrezza: M.F. 22 residente a Bolzano. Durante un controllo il ragazzo veniva fermato e trovato con un tasso alcolico di 2.25. Per il giovane fine della desta, ritiro della patente e il mezzo rimane un ricordo in fotografia visto che \u00e8 stato sequestrato<br \/>\n<strong>\u00a0<\/strong><\/p>\n<p><strong>ESCE DI STRADA E TRAVOLGE LA CARTELLONISTICA<\/strong><\/p>\n<p><strong>BELLUNO<\/strong>\u00a0L&#8217;altra sera all&#8217;Anconetta ha perso il controllo dell&#8217;auto finita in un prato, ma prima ha travolto il cartello della Guardia di Finanza. sul posto di Carabinieri per gli accertamenti del caso. Tra l&#8217;altro la provinciale \u00e8 chiusa per il problema dei crolli dal palazzo di propriet\u00e0 della famiglia Buzzati. A questo proposito \u00e8 in scadenza l&#8217;ultimatum del Comune affinch\u00e9 la costruzione venga messa in sicurezza perch\u00e9 la strada \u00e8 ancora chiusa con evidenti disagi per i frontisti e i danni per le attivit\u00e0 commerciali che insistono sulla via.<\/p>\n<h3><\/h3>\n","protected":false},"excerpt":{"rendered":"<p>FONZASO\u00a0Nella notte tra domenica e luned\u00ec ignoti sono penetrati all&#8217;interno della Serra Florovivaistica Bettega facendosi scudo del buio, se ne sono andati portando con s\u00e8 una somma di 50 euro, tutta in monetine\u00a0 custodite in un cestino. I Carabinieri sono intervenuti e non hanno riscontrato nessun segno di forzatura. CORTINA\u00a0I Carabinieri di Cortina hanno denunciato,&hellip;<\/p>\n","protected":false},"author":4,"featured_media":110916,"comment_status":"closed","ping_status":"closed","sticky":false,"template":"","format":"standard","meta":{"_monsterinsights_skip_tracking":false,"_monsterinsights_sitenote_active":false,"_monsterinsights_sitenote_note":"","_monsterinsights_sitenote_category":0,"footnotes":""},"categories":[49],"tags":[],"class_list":["post-147046","post","type-post","status-publish","format-standard","has-post-thumbnail","hentry","category-news-18","category-49","description-off"],"img_url":"https:\/\/www.radiopiu.net\/wordpress\/wp-content\/uploads\/2019\/12\/CARABINIERI-FELTRE-5.jpg","_links":{"self":[{"href":"https:\/\/www.radiopiu.net\/wordpress\/wp-json\/wp\/v2\/posts\/147046","targetHints":{"allow":["GET"]}}],"collection":[{"href":"https:\/\/www.radiopiu.net\/wordpress\/wp-json\/wp\/v2\/posts"}],"about":[{"href":"https:\/\/www.radiopiu.net\/wordpress\/wp-json\/wp\/v2\/types\/post"}],"author":[{"embeddable":true,"href":"https:\/\/www.radiopiu.net\/wordpress\/wp-json\/wp\/v2\/users\/4"}],"replies":[{"embeddable":true,"href":"https:\/\/www.radiopiu.net\/wordpress\/wp-json\/wp\/v2\/comments?post=147046"}],"version-history":[{"count":0,"href":"https:\/\/www.radiopiu.net\/wordpress\/wp-json\/wp\/v2\/posts\/147046\/revisions"}],"wp:featuredmedia":[{"embeddable":true,"href":"https:\/\/www.radiopiu.net\/wordpress\/wp-json\/wp\/v2\/media\/110916"}],"wp:attachment":[{"href":"https:\/\/www.radiopiu.net\/wordpress\/wp-json\/wp\/v2\/media?parent=147046"}],"wp:term":[{"taxonomy":"category","embeddable":true,"href":"https:\/\/www.radiopiu.net\/wordpress\/wp-json\/wp\/v2\/categories?post=147046"},{"taxonomy":"post_tag","embeddable":true,"href":"https:\/\/www.radiopiu.net\/wordpress\/wp-json\/wp\/v2\/tags?post=147046"}],"curies":[{"name":"wp","href":"https:\/\/api.w.org\/{rel}","templated":true}]}}