{"id":147069,"date":"2020-07-01T05:58:54","date_gmt":"2020-07-01T03:58:54","guid":{"rendered":"https:\/\/www.radiopiu.net\/wordpress\/?p=147069"},"modified":"2020-07-01T09:52:21","modified_gmt":"2020-07-01T07:52:21","slug":"giornale-radiopiu-01-luglio-2020-direttore-mirko-mezzacasa","status":"publish","type":"post","link":"https:\/\/www.radiopiu.net\/wordpress\/giornale-radiopiu-01-luglio-2020-direttore-mirko-mezzacasa\/","title":{"rendered":"GIORNALE RADIOPIU 01 LUGLIO 2020 DIRETTORE MIRKO MEZZACASA"},"content":{"rendered":"<h3><strong>PER RICEVERE QUESTO NOTIZIARIO DIRETTAMENTE SUL TUO CELLULARE ISCRIVITI AL CANALE TELEGRAM\u00a0<\/strong><strong>\u201cRADIO PIU\u00a0 INFORMAZIONE\u201d<\/strong><\/h3>\n<hr \/>\n<p>&nbsp;<\/p>\n<p><strong>PROVINCIALE 3 VALLE IMPERINA, LOCALITA&#8217; CORDE MOLE: DAL 6 LUGLIO DALLE 8 ALLE 11.45 E DALLE 13.30 ALLE 17.30 (SABATO E DOMENICA ESCLUSI) INTERRUZIONI ALLA VIABILITA&#8217; FINO A 30 MINUTI PER TAGLIO PIANTE TRA LE LOCALITA&#8217; CORDE MOLE E VALLESIN <\/strong><\/p>\n<p><strong>347 DURAN E CEREDA:\u00a0 fino all\u201911 luglio (festivi eclusi) senso unico con semaforo in localit\u00e0 Sant\u2019Andrea (GOSALDO)\u00a0<\/strong><\/p>\n<p><em><strong>PROVINCIALE 20 CAPRILE-SELVA DI CADORE.\u00a0 CHIUSA\u00a0 FINO\u00a0 AL 4 LUGLIO IN LOCALITA\u2019 SOLATOR ANCHE SABATO E DOMENICA. TRANSITO CONSENTITO AI LOCALI CON TEMPI DI ATTESA FINO A 30 MINUTI<\/strong><\/em><\/p>\n<p><em><strong>203 AGORDINA, FINO\u00a0 AL 30 LUGLIO ESCLUSI FESTIVI E PREFESTIVI SENSO UNICO ALTERNATO TRA CANDATEN E PERON. DALLE 7:30 ALLE 9 E DALLE 16:30 ALLE 18 CON MOVIERI, NEGLI ALTRI ORARI SEMAFORO\u00a0<\/strong><\/em><\/p>\n<p>&nbsp;<\/p>\n<hr \/>\n<p>&nbsp;<\/p>\n<div class=\"page-title-head hgroup\">\n<blockquote>\n<div class=\"page-title-head hgroup\">\n<h1 class=\"entry-title\">GOSALDO, GRAVE UN RAGAZZINO DI 14 ANNI CADUTO CON LA BICICLETTA, ERA PARTITO DA VOLTAGO CON UN AMICO<\/h1>\n<\/div>\n<div class=\"page-title-breadcrumbs\"><\/div>\n<\/blockquote>\n<\/div>\n<div class=\"page-title-breadcrumbs\"><strong><a class=\"dt-pswp-item\" href=\"https:\/\/www.radiopiu.net\/wordpress\/wp-content\/uploads\/2016\/07\/Forcella-Franche.jpg\" data-dt-img-description=\"\" data-large_image_width=\"900\" data-large_image_height=\"675\"><img loading=\"lazy\" decoding=\"async\" class=\"wp-image-21963 alignleft\" src=\"https:\/\/www.radiopiu.net\/wordpress\/wp-content\/uploads\/2016\/07\/Forcella-Franche-300x225.jpg\" alt=\"\" width=\"137\" height=\"103\" \/><\/a>GOSALDO<\/strong> Non \u00e8 certo indossasse il casco, che comunque a 14 anni non \u00e8 obbligatorio solo consigliato,\u00a0 ma lo stabiliranno le indagini dei Carabinieri immediatamente intervenuti dopo l&#8217;allarme dato dall&#8217;amico che era con lui. L&#8217;incidente accaduto nel pomeriggio \u00e8 purtroppo di quelli gravi, il giovane L. residente a Voltago \u00e8 stato trasportato all&#8217;ospedale Ca&#8217; Foncello di Treviso. La caduta in discesa,\u00a0 al confine tra i Comuni di Gosaldo e Rivamonte, in localit\u00e0 Forcella Franche\u00a0 lungo la discesa che oltrepassa il cimitero e porta al centro abitato di Tiser di Gosaldo, il luogo preciso della caduta tra le due semi curve prima dell&#8217;ecocentro. Cadendo con la mountain bike il ragazzino ha battuto violentemente la testa e una spalla, Dapprima ha perso i sensi e una volta ripresosi ha iniziato a dare di stomaco. Da Pieve di Cadore s&#8217;\u00e8 alzato in volo l&#8217;elicottero del Suem di Pieve di Cadore, i sanitari hanno praticato le prime importanti manovre sul posto prima di avviarsi verso l&#8217;ospedale di Treviso, scelta dettata dalle conseguenze del trauma cranico.<\/div>\n<div><\/div>\n<div><a class=\"dt-pswp-item\" href=\"https:\/\/www.radiopiu.net\/wordpress\/wp-content\/uploads\/2020\/07\/106561172_595922428000953_4407059244042510763_n.jpg\" data-dt-img-description=\"\" data-large_image_width=\"1531\" data-large_image_height=\"2048\"><img loading=\"lazy\" decoding=\"async\" class=\"alignnone wp-image-147305\" src=\"https:\/\/www.radiopiu.net\/wordpress\/wp-content\/uploads\/2020\/07\/106561172_595922428000953_4407059244042510763_n-224x300.jpg\" alt=\"\" width=\"165\" height=\"221\" srcset=\"https:\/\/www.radiopiu.net\/wordpress\/wp-content\/uploads\/2020\/07\/106561172_595922428000953_4407059244042510763_n-224x300.jpg 224w, https:\/\/www.radiopiu.net\/wordpress\/wp-content\/uploads\/2020\/07\/106561172_595922428000953_4407059244042510763_n-766x1024.jpg 766w, https:\/\/www.radiopiu.net\/wordpress\/wp-content\/uploads\/2020\/07\/106561172_595922428000953_4407059244042510763_n-768x1027.jpg 768w, https:\/\/www.radiopiu.net\/wordpress\/wp-content\/uploads\/2020\/07\/106561172_595922428000953_4407059244042510763_n-1148x1536.jpg 1148w, https:\/\/www.radiopiu.net\/wordpress\/wp-content\/uploads\/2020\/07\/106561172_595922428000953_4407059244042510763_n.jpg 1531w\" sizes=\"auto, (max-width: 165px) 100vw, 165px\" \/><\/a><a class=\"dt-pswp-item\" href=\"https:\/\/www.radiopiu.net\/wordpress\/wp-content\/uploads\/2020\/07\/106476574_1561130577381745_3431953510299417885_n.jpg\" data-dt-img-description=\"\" data-large_image_width=\"2048\" data-large_image_height=\"1535\"><img loading=\"lazy\" decoding=\"async\" class=\"alignnone  wp-image-147306\" src=\"https:\/\/www.radiopiu.net\/wordpress\/wp-content\/uploads\/2020\/07\/106476574_1561130577381745_3431953510299417885_n-300x225.jpg\" alt=\"\" width=\"295\" height=\"221\" srcset=\"https:\/\/www.radiopiu.net\/wordpress\/wp-content\/uploads\/2020\/07\/106476574_1561130577381745_3431953510299417885_n-300x225.jpg 300w, https:\/\/www.radiopiu.net\/wordpress\/wp-content\/uploads\/2020\/07\/106476574_1561130577381745_3431953510299417885_n-1024x768.jpg 1024w, https:\/\/www.radiopiu.net\/wordpress\/wp-content\/uploads\/2020\/07\/106476574_1561130577381745_3431953510299417885_n-768x576.jpg 768w, https:\/\/www.radiopiu.net\/wordpress\/wp-content\/uploads\/2020\/07\/106476574_1561130577381745_3431953510299417885_n-1536x1151.jpg 1536w, https:\/\/www.radiopiu.net\/wordpress\/wp-content\/uploads\/2020\/07\/106476574_1561130577381745_3431953510299417885_n.jpg 2048w\" sizes=\"auto, (max-width: 295px) 100vw, 295px\" \/><\/a><\/div>\n<div><\/div>\n<div><\/div>\n<div><\/div>\n<div><\/div>\n<div>\n<hr \/>\n<\/div>\n<blockquote>\n<h3><\/h3>\n<h3>ESCE DI STRADA CON LA MOTO DA CROSS<\/h3>\n<\/blockquote>\n<p><b><a class=\"dt-pswp-item\" href=\"https:\/\/www.radiopiu.net\/wordpress\/wp-content\/uploads\/2015\/05\/CNSAS_elicottero_verricello_55571.jpg\" data-dt-img-description=\"\" data-large_image_width=\"640\" data-large_image_height=\"480\"><img loading=\"lazy\" decoding=\"async\" class=\"size-medium wp-image-5221 alignleft\" src=\"https:\/\/www.radiopiu.net\/wordpress\/wp-content\/uploads\/2015\/05\/CNSAS_elicottero_verricello_55571-300x225.jpg\" alt=\"\" width=\"300\" height=\"225\" \/><\/a>SANTO STEFANO DI CADORE<\/b>\u00a0 Ieri attorno a mezzogiorno l&#8217;elicottero del Suem di Pieve di Cadore \u00e8 volato in Val Visdende dove, mentre con alcuni amici percorreva la Strada delle malghe, un centauro aveva perso il controllo della propria moto da cross, finendo in una scarpata laterale e fermandosi una ventina di metri pi\u00f9 sotto. Arrivati tra Casera Antole e Casera Chiastelin, dopo essere stati calati con un verricello di 30 metri, equipe medica e tecnico di elisoccorso hanno prestato le prime cure all&#8217;uomo, un sessantenne tedesco, che era cosciente e lamentava dolori alla colonna. Una volta imbarellato, l&#8217;infortunato \u00e8 stato caricato a bordo, per essere trasportato all&#8217;ospedale di Belluno. Sul posto anche una squadra del Soccorso alpino della Val Comelico che ha aiutato i compagni dell&#8217;uomo a recuperare la moto.<\/p>\n<p>&nbsp;<\/p>\n<p>&nbsp;<\/p>\n<hr \/>\n<h3><\/h3>\n<div class=\"page-title-head hgroup\">\n<blockquote>\n<div class=\"page-title-head hgroup\">\n<h1 class=\"entry-title\">LUCA DE CARLO NON E\u2019 PIU\u2019 ONOREVOLE IL RICONTEGGIO DEI VOTI PORTA A ROMA IL LEGHISTA DI POSSAGNO<\/h1>\n<\/div>\n<div class=\"page-title-breadcrumbs\"><\/div>\n<\/blockquote>\n<\/div>\n<div class=\"page-title-breadcrumbs\">\n<p><strong><a class=\"dt-pswp-item\" href=\"https:\/\/www.radiopiu.net\/wordpress\/wp-content\/uploads\/2020\/05\/Luca-De-Carlo.jpg\" data-dt-img-description=\"\" data-large_image_width=\"165\" data-large_image_height=\"228\"><img loading=\"lazy\" decoding=\"async\" class=\"size-full wp-image-138787 alignleft\" src=\"https:\/\/www.radiopiu.net\/wordpress\/wp-content\/uploads\/2020\/05\/Luca-De-Carlo.jpg\" alt=\"\" width=\"165\" height=\"228\" \/><\/a>ROMA<\/strong> <em>&#8220;Non sono attaccato alla poltrona, mi render\u00f2 utile comunque guardando al domani con fiducia&#8221; <\/em>Questo il primo commento di Luca De Carlo dopo l&#8217;esito del ricorso che lo allontana dal Parlamento, al suo posto arriva <em>Giuseppe Paolin della Lega. E&#8217; di Possagno (TV) e nel 2018 fu parlamentare per 4 giorni. Poi in seguito a riconteggi il suo seggio and\u00f2 a De Carlo. Paolin fece ricorso. E oggi \u00e8 arrivato il risultato. Dopo due anni e mezzo, una vicenda che ha dell&#8217;incredibile, la decisione dopo il riconteggio dei voti.<\/em><\/p>\n<p>&nbsp;<\/p>\n<p>&nbsp;<\/p>\n<p><em>LUCA DE CARLO A RADIO PIU<\/em><\/p>\n<audio class=\"wp-audio-shortcode\" id=\"audio-147069-1\" preload=\"none\" style=\"width: 100%;\" controls=\"controls\"><source type=\"audio\/mpeg\" src=\"https:\/\/www.radiopiu.net\/wordpress\/wp-content\/uploads\/2020\/06\/luca.mp3?_=1\" \/><a href=\"https:\/\/www.radiopiu.net\/wordpress\/wp-content\/uploads\/2020\/06\/luca.mp3\">https:\/\/www.radiopiu.net\/wordpress\/wp-content\/uploads\/2020\/06\/luca.mp3<\/a><\/audio>\n<p>&nbsp;<\/p>\n<p><strong>DARIO BOND INVITA AD APRIRE LA DISCUSSIONE<\/strong><\/p>\n<div class=\"moz-text-html\" lang=\"x-unicode\">\n<div dir=\"ltr\">\n<div dir=\"ltr\">\n<div dir=\"ltr\">\n<p><em>\u00abSiamo la repubblica delle banane. Non \u00e8 normale che due anni e mezzo dopo le elezioni si ricontino i voti e ci sia il cambio in corsa dei deputati\u00bb. Cos\u00ec in una nota, il deputato di Forza Italia, Dario Bond.\u00a0\u00abLa notizia del riconteggio dei voti e dell\u2019uscita di De Carlo mi lascia senza parole. Non \u00e8 possibile. Da parte mia, un sentito ringraziamento a Luca per il lavoro svolto in questi mesi. Sono convinto che molto presto torner\u00e0 a ricoprire i ruoli che meritano il suo impegno e la sua professionalit\u00e0. \u00c8 necessario per\u00f2 aprire la discussione sul sistema che ha portato a tutto ci\u00f2\u00bb.<\/em><\/p>\n<\/div>\n<\/div>\n<\/div>\n<\/div>\n<\/div>\n<p>&nbsp;<\/p>\n<hr \/>\n<p>&nbsp;<\/p>\n<blockquote>\n<h3>AVANZI IL NUOVO, IL MANDATO DI GIUSEPPE VIGNATO E&#8217; FINITO, SPERANDO CHE AL CITTADINO LA NOVITA&#8217; NON COSTI COME DA SETTE ANNI A QUESTA PARTE<\/h3>\n<p><em>Oggi l&#8217;assemblea, nel corso della riunione \u00e8 prevista la nomina del nuovo Consiglio di Amministrazione.<\/em><\/p><\/blockquote>\n<p><strong><a class=\"dt-pswp-item\" href=\"https:\/\/www.radiopiu.net\/wordpress\/wp-content\/uploads\/2015\/06\/bimgsp.jpg\" data-dt-img-description=\"\" data-large_image_width=\"300\" data-large_image_height=\"168\"><img loading=\"lazy\" decoding=\"async\" class=\" wp-image-6703 alignleft\" src=\"https:\/\/www.radiopiu.net\/wordpress\/wp-content\/uploads\/2015\/06\/bimgsp-300x168.jpg\" alt=\"\" width=\"248\" height=\"139\" \/><\/a><em>BELLUNO<\/em><\/strong><em> Con un comunicato a colori Bim Gsp suona la tromba, nelle note gli innegabili\u00a0 meriti di Giuseppe Vignato ormai a fine mandato, Gsp cos\u00ec se le suona &#8220;50 milioni di investimenti realizzati e debiti ridotti di 57 milioni&#8221;. Ci permettiamo di aggiungere una tonalit\u00e0 in minore al concerto dell&#8217;ufficio stampa dell&#8217;azienda bellunese,\u00a0 altre note, quelle degli utenti, dei consumatori dell&#8217;acqua dolomitica che negli ultimi sette anni si sono visti aumentare le bollette che hanno sempre pagato senza batter ciglio, nessuna protesta e le colpe del debito trovato il primo giorno di mandato da Vignato non sono certo di coloro che hanno aperto il rubinetto nell&#8217;acqua nei mesi precedenti, cio\u00e8 non sono certo imputabili al consumo d&#8217;acqua come la storia non insegna, anzi si tende a dimenticarla perch\u00e9 non viene mai insegnata alle nuove generazioni. Ma sarebbe giusto aggiungere a quelli che vengono letti come successi,\u00a0 anche gli insuccessi di gestioni precedenti che sono costati gli aumenti in bolletta agli ignari &#8220;sudditi&#8221;. Ma tant&#8217;\u00e8 ormai \u00e8 acqua passata tanto per rimanere in tema.<\/em><\/p>\n<p>Gsp chiude l&#8217;esercizio 2019 -che presenter\u00e0 oggi all&#8217;assemblea dei soci &#8211; con ricavi di 30 milioni, utile di 4,3 milioni, patrimonio societario di 40 milioni, 27 in pi\u00f9 negi ultimi sette anni. I prelievi d\u2019utenza rilevati nel 2019 si sono confermati a circa 14 milioni di metri cubi annui. L\u2019importo totale delle bollette emesse nel 2019 ha superato i 30 milioni di euro. Le spese correnti sono rimaste in linea con il 2018, a 22 milioni di euro, con un contenimento sul budget di 500 mila euro. Positivi anche gli incassi del 2019, che hanno superato il 99% del bollettato e generato nuova cassa, al netto delle spese correnti, per 15 milioni di euro: di questi, 10 milioni sono stati utilizzati per finanziare gli investimenti, 5 milioni per ridurre i debiti. Tra i principali interventi, i nuovi acquedotti di Rivamonte, Cencenighe (Val Biois) e Ponte nelle Alpi (tratta Col Coltron-Piaia), il risanamento di pi\u00f9 tratte dell\u2019acquedotto della Val Clusa, il rifacimento di una tratta di adduzione a Cortina, i nuovi serbatoi di Cortina (in corso) e Rocca Pietore (in corso), il collegamento degli acquedotti di Ponte nelle Alpi e Belluno, il ripristino delle fognature di Agordo (in corso), Auronzo, Sedico, Belluno, Alleghe (2 lotti ultimati, 1 in corso).<\/p>\n<p>&nbsp;<\/p>\n<p>&nbsp;<\/p>\n<hr \/>\n<blockquote>\n<h3><\/h3>\n<\/blockquote>\n<p>&nbsp;<\/p>\n<blockquote>\n<h3>MANCANO I VOLONTARI, LA CROCE VERDE VAL BIOIS E LA GEMELLA DI ALLEGHE PER ALCUNI GIORNI A LUGLIO NON POTRANNO GARANTIRE IL SERVIZIO EMERGENZA<\/h3>\n<\/blockquote>\n<p><strong>FALCADE<\/strong> Dopo un paio d&#8217;anni il problema si ripropone, mancano i volontari anche per svolgere il servizio diurno per motivi di salute ma anche per la poca propensione del territorio a mettersi in gioco per diventare volontari. Il presidente della Croce Verde Val Biois lancia l&#8217;allarme ribadendo l&#8217;importanza dei corsi di formazione che pare allontanino i possibili volontari. Una situazione di difficolt\u00e0 che\u00a0 probabilmente interessa o interesser\u00e0 anche le altre associazioni di volontariato del territorio<\/p>\n<p><strong><a class=\"dt-pswp-item\" href=\"https:\/\/www.radiopiu.net\/wordpress\/wp-content\/uploads\/2020\/06\/download-37.jpg\" data-dt-img-description=\"\" data-large_image_width=\"259\" data-large_image_height=\"194\"><img loading=\"lazy\" decoding=\"async\" class=\"alignnone wp-image-147132\" src=\"https:\/\/www.radiopiu.net\/wordpress\/wp-content\/uploads\/2020\/06\/download-37.jpg\" alt=\"\" width=\"146\" height=\"109\" \/><\/a>IL PRESIDENTE STEFANO MURER<\/strong><\/p>\n<audio class=\"wp-audio-shortcode\" id=\"audio-147069-2\" preload=\"none\" style=\"width: 100%;\" controls=\"controls\"><source type=\"audio\/mpeg\" src=\"https:\/\/www.radiopiu.net\/wordpress\/wp-content\/uploads\/2020\/06\/MURER.mp3?_=2\" \/><a href=\"https:\/\/www.radiopiu.net\/wordpress\/wp-content\/uploads\/2020\/06\/MURER.mp3\">https:\/\/www.radiopiu.net\/wordpress\/wp-content\/uploads\/2020\/06\/MURER.mp3<\/a><\/audio>\n<p>&nbsp;<\/p>\n<p>&nbsp;<\/p>\n<hr \/>\n<blockquote>\n<h3><\/h3>\n<h3>LA PROBLEMATICA DI FALCADE NON E&#8217; L&#8217;UNICA, SALTANO I TURNI ANCHE ALLA CROCE VERDE DI ALLEGHE<\/h3>\n<\/blockquote>\n<p><strong><a class=\"dt-pswp-item\" href=\"https:\/\/www.radiopiu.net\/wordpress\/wp-content\/uploads\/2019\/08\/FELICE-GAIARDO.jpg\" data-dt-img-description=\"\" data-large_image_width=\"1080\" data-large_image_height=\"978\"><img loading=\"lazy\" decoding=\"async\" class=\"wp-image-96707 alignleft\" src=\"https:\/\/www.radiopiu.net\/wordpress\/wp-content\/uploads\/2019\/08\/FELICE-GAIARDO-300x272.jpg\" alt=\"\" width=\"127\" height=\"115\" srcset=\"https:\/\/www.radiopiu.net\/wordpress\/wp-content\/uploads\/2019\/08\/FELICE-GAIARDO-300x272.jpg 300w, https:\/\/www.radiopiu.net\/wordpress\/wp-content\/uploads\/2019\/08\/FELICE-GAIARDO-768x695.jpg 768w, https:\/\/www.radiopiu.net\/wordpress\/wp-content\/uploads\/2019\/08\/FELICE-GAIARDO-1024x927.jpg 1024w, https:\/\/www.radiopiu.net\/wordpress\/wp-content\/uploads\/2019\/08\/FELICE-GAIARDO.jpg 1080w\" sizes=\"auto, (max-width: 127px) 100vw, 127px\" \/><\/a>ALLEGHE<\/strong> Come facilmente prevedibile anche in riva al lago s&#8217;affacciano le difficolt\u00e0, per 7 giorni su 30 non ci sar\u00e0 il servizio, peraltro in piena stagione. E&#8217; uno dei periodi peggiori della storia e servono soluzioni concrete a breve, lo spiega il presidente delle associazioni delle ambulanze Felice Gaiardo<\/p>\n<p><strong>FELICE GAIARDO<\/strong><\/p>\n<audio class=\"wp-audio-shortcode\" id=\"audio-147069-3\" preload=\"none\" style=\"width: 100%;\" controls=\"controls\"><source type=\"audio\/mpeg\" src=\"https:\/\/www.radiopiu.net\/wordpress\/wp-content\/uploads\/2020\/06\/felice-1.mp3?_=3\" \/><a href=\"https:\/\/www.radiopiu.net\/wordpress\/wp-content\/uploads\/2020\/06\/felice-1.mp3\">https:\/\/www.radiopiu.net\/wordpress\/wp-content\/uploads\/2020\/06\/felice-1.mp3<\/a><\/audio>\n<p>&nbsp;<\/p>\n<p>&nbsp;<\/p>\n<hr \/>\n<p>&nbsp;<\/p>\n<blockquote>\n<h3>GIUSTIZIA FAI DA TE SUI SOCIAL, PUBBLICATA LA FOTO DEL LADRO DI BICICLETTE<\/h3>\n<\/blockquote>\n<p><strong>SEDICO<\/strong> Tra critiche ed apprezzamenti un residente di via Cal de Messa ha pubblicato su facebook il volto del ragazzo che poco prima gli aveva rubato la bicicletta.\u00a0 <em>&#8220;Attenzione ho beccato il rubagalline nella mia propriet\u00e0, oggi gli \u00e8 andata male ma state attenti&#8221;<\/em> Foto e notizia sulla pagina Sei di Sedico se, poi rimossa ma non\u00a0 dal profilo personale di chi ha subito il furto. Il giovane ragazzo sorpreso dal proprietario della bicicletta si \u00e8 inginocchiato e poi ha abbandonato la bici dandosi alla fuga. Informati i Carabinieri e oggi sar\u00e0 sporta denuncia.<\/p>\n<p>&nbsp;<\/p>\n<hr \/>\n<blockquote>\n<h3>\u00a0INTOSSICATO IN GELATERIA<\/h3>\n<\/blockquote>\n<p><strong>PONTE NELLE ALPI<\/strong> E&#8217; rimasto intossicato per aver inalato i vapori del liquido messo nei tubi per eliminare le incrostazioni.\u00a0 E&#8217; successo al titolare della gelateria di Ponte nelle Alpi L.C. di 55 anni condotto al Pronto Soccorso dell&#8217;ospedale di Belluno. L&#8217;uomo si \u00e8 accasciato sul pavimento, a dare l&#8217;allarme le dipendenti che erano poco lontano e che dopo aver forzato una porta sono riuscite a portarlo all&#8217;esterno del locale. Le sue condizioni ora non sono gravi.<\/p>\n<blockquote><p>&nbsp;<\/p><\/blockquote>\n<hr \/>\n<div class=\"page-title-head hgroup\">\n<blockquote>\n<h3><\/h3>\n<h3 class=\"entry-title\">FORZANO IL REGISTRATORE DI CASSA AL BAR DEL CAMPO SPORTIVO<\/h3>\n<\/blockquote>\n<\/div>\n<div class=\"page-title-breadcrumbs\"><strong class=\"photoswipe-wrapper\"><a class=\"dt-pswp-item pspw-wrap-ready\" href=\"https:\/\/i1.wp.com\/www.radiopiu.net\/wordpress\/wp-content\/uploads\/2020\/06\/download-39.jpg?ssl=1\" data-dt-img-description=\"\" data-large_image_width=\"259\" data-large_image_height=\"194\"><img loading=\"lazy\" decoding=\"async\" class=\"size-full wp-image-147197 alignleft jetpack-lazy-image jetpack-lazy-image--handled\" src=\"https:\/\/i1.wp.com\/www.radiopiu.net\/wordpress\/wp-content\/uploads\/2020\/06\/download-39.jpg?resize=259%2C194&amp;ssl=1\" alt=\"\" width=\"259\" height=\"194\" data-recalc-dims=\"1\" data-lazy-loaded=\"1\" \/><\/a>TAIBON<\/strong>\u00a0I Carabinieri di Gosaldo sono scesi al campo sportivo del paese in seguito ad una denuncia per un furto che non ha fruttato alcun bottino. Infatti gli ignoti probabilmente in orario notturno in uno degli ultimi quattro giorni si sono introdotti nella casetta adibita a bar\u00a0 per poi forzare il registratore di cassa, all\u2019interno per\u00f2 la sorpresa: non c\u2019era nulla di valore da rubare. Rimangono i danni al locale comunale in gestione al Gruppo Sportivo di Taibon.<\/div>\n<div><\/div>\n<div><\/div>\n<div><\/div>\n<div><strong>IL SINDACO DI TAIBON SILVIA TORMEN<\/strong><\/div>\n<div>\n<audio class=\"wp-audio-shortcode\" id=\"audio-147069-4\" preload=\"none\" style=\"width: 100%;\" controls=\"controls\"><source type=\"audio\/mpeg\" src=\"https:\/\/www.radiopiu.net\/wordpress\/wp-content\/uploads\/2020\/06\/SILVIA-TORMEN-CAMPO-SPORTIVO.mp3?_=4\" \/><a href=\"https:\/\/www.radiopiu.net\/wordpress\/wp-content\/uploads\/2020\/06\/SILVIA-TORMEN-CAMPO-SPORTIVO.mp3\">https:\/\/www.radiopiu.net\/wordpress\/wp-content\/uploads\/2020\/06\/SILVIA-TORMEN-CAMPO-SPORTIVO.mp3<\/a><\/audio>\n<\/div>\n<div><\/div>\n<div><\/div>\n<div>\n<hr \/>\n<\/div>\n<div><\/div>\n<div><\/div>\n<div><\/div>\n<div>\n<blockquote>\n<h3>DILLO A RADIO PIU&#8217;, LA FORZA DEL BRANCO<\/h3>\n<\/blockquote>\n<p><strong><a class=\"dt-pswp-item\" href=\"https:\/\/www.radiopiu.net\/wordpress\/wp-content\/uploads\/2020\/06\/download-33.jpg\" data-dt-img-description=\"\" data-large_image_width=\"194\" data-large_image_height=\"259\"><img loading=\"lazy\" decoding=\"async\" class=\" wp-image-147108 alignleft\" src=\"https:\/\/www.radiopiu.net\/wordpress\/wp-content\/uploads\/2020\/06\/download-33.jpg\" alt=\"\" width=\"117\" height=\"156\" \/><\/a>TAIBON<\/strong> Siamo stati resi partecipi di uno sgradevole episodio verificatosi lo scorso fine settimana a Taibon, in localit\u00e0 Nogarola, tranquilla localit\u00e0 sopra il torrente Cordevole, luogo frequentato da sportivi, ciclisti, famiglie e bambini e per questo decisamente preoccupante. Abbiamo altres\u00ec creduto fosse corretto comunque informare della segnalazione istituzioni e Forze di Polizia con l&#8217;auspicio che i fatti raccontati non si ripetano.<\/p>\n<p><strong>IL RACCONTO<\/strong><\/p>\n<blockquote><p><em>Domenica pomeriggio vado a pescare a Taibon in zona Nogarola. Risalgo il torrente Cordevole e arrivato in linea alla\u00a0 fabbrica Pramaor alzo lo sguardo e vedo movimento di alcune persone. Continuo a pescare quando un sasso mi cade a pochi metri . Guardo verso l&#8217;alto\u00a0 e vedo un gruppo di giovani, uno di loro mi punta con un arco (non so se armato o meno di freccia), comunque \u00e8 un\u00a0 gesto che non mi piace ma ritorno a pescare. Da l\u00ec a <a class=\"dt-pswp-item\" href=\"https:\/\/www.radiopiu.net\/wordpress\/wp-content\/uploads\/2020\/06\/images-3.jpg\" data-dt-img-description=\"\" data-large_image_width=\"260\" data-large_image_height=\"194\"><img loading=\"lazy\" decoding=\"async\" class=\" wp-image-147109 alignright\" src=\"https:\/\/www.radiopiu.net\/wordpress\/wp-content\/uploads\/2020\/06\/images-3.jpg\" alt=\"\" width=\"166\" height=\"124\" \/><\/a>poco un altro sasso mi cade vicino, nello specchio d acqua dove sto pescando. Seccato risalgo di corsa l&#8217;argine e sul piazzale di un capannone\u00a0 scorgo un gruppetto di ragazzi.fra i quali quello che probabilmente mi ha lanciato i sassi. Si tratta di ragazzi e ragazze, una decina seduti su lettini godendosi il sole della bella giornata, purtroppo per qualcuno di loro \u00e8 rompere le scatole a chi si sta passando un oretta di svago. Non entro nella propriet\u00e0 recintata, ma mi faccio sentire\u00a0 e sono sorpresi di vedermi. Uno di loro ribatte alle mie rimostranze con strafottenza e ne esce un battibecco, alla fine desisto e torno a casa., deluso per il comportamento di\u00a0 ragazzi (20-25 anni, non bambini) che si divertono a rompere le scatole a chi che potrebbe essere loro padre perch\u00e9 ho una figlia di quell&#8217;et\u00e0. Non so se sono il primo e unico a essere preso di mira. Ritorner\u00f2 l\u00ec a pescare, sperando sia stata una bravata del momento.<\/em><\/p><\/blockquote>\n<p>&nbsp;<\/p>\n<\/div>\n<div><\/div>\n<div><\/div>\n<div>\n<hr \/>\n<\/div>\n<div><\/div>\n<div><\/div>\n<div>\n<p>&nbsp;<\/p>\n<blockquote>\n<h3>RIVAMONTE SALUTA LUCIANO CONEDERA, &#8220;EL LUCIANO BARBI\u00c8R&#8221;<\/h3>\n<\/blockquote>\n<p><a class=\"dt-pswp-item\" href=\"https:\/\/www.radiopiu.net\/wordpress\/wp-content\/uploads\/2020\/06\/8206d709-2fef-4afb-9847-da73645b3e9b.jpg\" data-dt-img-description=\"\" data-large_image_width=\"1600\" data-large_image_height=\"1200\"><img loading=\"lazy\" decoding=\"async\" class=\"size-medium wp-image-147258 alignleft\" src=\"https:\/\/www.radiopiu.net\/wordpress\/wp-content\/uploads\/2020\/06\/8206d709-2fef-4afb-9847-da73645b3e9b-300x225.jpg\" alt=\"\" width=\"300\" height=\"225\" srcset=\"https:\/\/www.radiopiu.net\/wordpress\/wp-content\/uploads\/2020\/06\/8206d709-2fef-4afb-9847-da73645b3e9b-300x225.jpg 300w, https:\/\/www.radiopiu.net\/wordpress\/wp-content\/uploads\/2020\/06\/8206d709-2fef-4afb-9847-da73645b3e9b-1024x768.jpg 1024w, https:\/\/www.radiopiu.net\/wordpress\/wp-content\/uploads\/2020\/06\/8206d709-2fef-4afb-9847-da73645b3e9b-768x576.jpg 768w, https:\/\/www.radiopiu.net\/wordpress\/wp-content\/uploads\/2020\/06\/8206d709-2fef-4afb-9847-da73645b3e9b-1536x1152.jpg 1536w, https:\/\/www.radiopiu.net\/wordpress\/wp-content\/uploads\/2020\/06\/8206d709-2fef-4afb-9847-da73645b3e9b.jpg 1600w\" sizes=\"auto, (max-width: 300px) 100vw, 300px\" \/><\/a><strong>di Gianni Santomaso<\/strong><\/p>\n<audio class=\"wp-audio-shortcode\" id=\"audio-147069-5\" preload=\"none\" style=\"width: 100%;\" controls=\"controls\"><source type=\"audio\/mpeg\" src=\"https:\/\/www.radiopiu.net\/wordpress\/wp-content\/uploads\/2020\/06\/GIANNI-LUCIANO-BARBIER.mp3?_=5\" \/><a href=\"https:\/\/www.radiopiu.net\/wordpress\/wp-content\/uploads\/2020\/06\/GIANNI-LUCIANO-BARBIER.mp3\">https:\/\/www.radiopiu.net\/wordpress\/wp-content\/uploads\/2020\/06\/GIANNI-LUCIANO-BARBIER.mp3<\/a><\/audio>\n<p>&nbsp;<\/p>\n<\/div>\n<div><\/div>\n<div><\/div>\n<div><\/div>\n<hr \/>\n<blockquote>\n<h3><\/h3>\n<h3>BRUCIA LA BAITA SUL FEDAIA, MA E&#8217; UN FALSO ALLARME. POMPIERI DI ALLEGHE E CAPRILE: PRONTI A INTERVENIRE E SEMPRE PREPARATI.<\/h3>\n<\/blockquote>\n<blockquote>\n<h3>FALSO ALLARME SUL FEDAIA<\/h3>\n<\/blockquote>\n<p><strong><a class=\"dt-pswp-item\" href=\"https:\/\/www.radiopiu.net\/wordpress\/wp-content\/uploads\/2020\/06\/download-40.jpg\" data-dt-img-description=\"\" data-large_image_width=\"259\" data-large_image_height=\"194\"><img loading=\"lazy\" decoding=\"async\" class=\" wp-image-147281 alignleft\" src=\"https:\/\/www.radiopiu.net\/wordpress\/wp-content\/uploads\/2020\/06\/download-40.jpg\" alt=\"\" width=\"170\" height=\"127\" \/><\/a>ROCCA PIETORE<\/strong> Vigili del fuoco a sirene spiegate ieri nel pomeriggio, da Agordo i permanenti si sono fiondati verso la Valcordevole con due mezzi. Si \u00e8 per\u00f2 trattato di una corsa a vuoto, fortunatamente non \u00e8 stato necessario l&#8217;intervento dei pompieri. a far scattare l&#8217;allarme le foto trappole di sicurezza\u00a0 che hanno mostrato fumo nei dintorni della baita e il proprietario ha dato l&#8217;allarme ai vigili del fuoco. C&#8217;\u00e8 anche l&#8217;ipotesi di procurato allarme non \u00e8 escluso che qualche buontempone abbia simulato l&#8217;azione del fuoco, con del fumo sotto il sistema di videosorveglianza della baita, per far scattare l&#8217;allerta del proprietario. Le squadre dei soccorsi si sono mosse per niente\u00a0 distolte da problemi reali che avrebbero potuto verificarsi in quel momento in altre parti della vallata.<\/p>\n<p>&nbsp;<\/p>\n<p>&nbsp;<\/p>\n<div>\n<p><strong><a class=\"dt-pswp-item\" href=\"https:\/\/www.radiopiu.net\/wordpress\/wp-content\/uploads\/2020\/06\/b750c111-728e-41f0-980d-9215e2ce7f00.jpg\" data-dt-img-description=\"\" data-large_image_width=\"720\" data-large_image_height=\"960\"><img loading=\"lazy\" decoding=\"async\" class=\"wp-image-147208 alignleft\" src=\"https:\/\/www.radiopiu.net\/wordpress\/wp-content\/uploads\/2020\/06\/b750c111-728e-41f0-980d-9215e2ce7f00-225x300.jpg\" alt=\"\" width=\"110\" height=\"147\" srcset=\"https:\/\/www.radiopiu.net\/wordpress\/wp-content\/uploads\/2020\/06\/b750c111-728e-41f0-980d-9215e2ce7f00-225x300.jpg 225w, https:\/\/www.radiopiu.net\/wordpress\/wp-content\/uploads\/2020\/06\/b750c111-728e-41f0-980d-9215e2ce7f00.jpg 720w\" sizes=\"auto, (max-width: 110px) 100vw, 110px\" \/><\/a><\/strong><\/p>\n<p><strong>ALLEGHE<\/strong> Sempre avanti scrivono sulla loro pagina facebook, aggiungerei un passo avanti perch\u00e9 anche lontano dall&#8217;emergenza i vigili del fuoco volontari di Alleghe e Caprile non stanno con le mani in mano ma continuano nelle loro esercitazioni per farsi trovare pronti quando arriva la chiamata al 115. Di recente due squadra si sono recate a Malga Ciapela, nei pressi della partenza della seggiovia di porta al Padon e si sono esercitati nell&#8217;emergenza con la collaborazione del Soccorso Alpino Val Pettorina. Nell&#8217;occasione \u00e8 stato simulato il guasto all&#8217;impianto, seggiovia inchiodata con la necessit\u00e0 di far scendere le persone rimaste bloccate sul seggiolino. Nella spettacolare esercitazione ha avuto luogo l&#8217;evacuazione in sicurezza. Molte la manovre simulate tra i vari piloni dell&#8217;impianto.<\/p>\n<p>&nbsp;<\/p>\n<p><a class=\"dt-pswp-item\" href=\"https:\/\/www.radiopiu.net\/wordpress\/wp-content\/uploads\/2020\/06\/6fcf691a-7125-4d25-bb57-4c68a4fc6767.jpg\" data-dt-img-description=\"\" data-large_image_width=\"720\" data-large_image_height=\"960\"><img loading=\"lazy\" decoding=\"async\" class=\"alignnone size-medium wp-image-147207\" src=\"https:\/\/www.radiopiu.net\/wordpress\/wp-content\/uploads\/2020\/06\/6fcf691a-7125-4d25-bb57-4c68a4fc6767-225x300.jpg\" alt=\"\" width=\"225\" height=\"300\" srcset=\"https:\/\/www.radiopiu.net\/wordpress\/wp-content\/uploads\/2020\/06\/6fcf691a-7125-4d25-bb57-4c68a4fc6767-225x300.jpg 225w, https:\/\/www.radiopiu.net\/wordpress\/wp-content\/uploads\/2020\/06\/6fcf691a-7125-4d25-bb57-4c68a4fc6767.jpg 720w\" sizes=\"auto, (max-width: 225px) 100vw, 225px\" \/><\/a><a class=\"dt-pswp-item\" href=\"https:\/\/www.radiopiu.net\/wordpress\/wp-content\/uploads\/2020\/06\/d2fab5d2-9ac9-4d03-8f5d-da05e933fd98.jpg\" data-dt-img-description=\"\" data-large_image_width=\"720\" data-large_image_height=\"960\"><img loading=\"lazy\" decoding=\"async\" class=\"alignnone size-medium wp-image-147206\" src=\"https:\/\/www.radiopiu.net\/wordpress\/wp-content\/uploads\/2020\/06\/d2fab5d2-9ac9-4d03-8f5d-da05e933fd98-225x300.jpg\" alt=\"\" width=\"225\" height=\"300\" srcset=\"https:\/\/www.radiopiu.net\/wordpress\/wp-content\/uploads\/2020\/06\/d2fab5d2-9ac9-4d03-8f5d-da05e933fd98-225x300.jpg 225w, https:\/\/www.radiopiu.net\/wordpress\/wp-content\/uploads\/2020\/06\/d2fab5d2-9ac9-4d03-8f5d-da05e933fd98.jpg 720w\" sizes=\"auto, (max-width: 225px) 100vw, 225px\" \/><\/a><\/p>\n<\/div>\n<p>&nbsp;<\/p>\n<p>&nbsp;<\/p>\n<p>&nbsp;<\/p>\n<p>&nbsp;<\/p>\n<div>\n<hr \/>\n<\/div>\n<div class=\"page-title-head hgroup\">\n<blockquote>\n<h3><\/h3>\n<h3 class=\"entry-title\">DOPO LA CIVETTA NEL CAMINO LA MUCCA NEL FOSSATO, PURTROPPO NON C\u2019E\u2019 IL LIETO FINE<\/h3>\n<\/blockquote>\n<\/div>\n<div class=\"page-title-breadcrumbs\">\n<p><strong>SANTO STEFANO DI CADORE<\/strong> Non tutte le storie finiscono con il \u201cvissero felici e contenti\u201d non nel caso di ieri con la mucca del Comelico che si \u00e8 procurata la frattura di una zampa in localit\u00e0 Quatern\u00e0, sotto Col Silvella in Comelico Superiore. L\u2019allevatore ha chiamato in aiuto i vigili del fuoco che sono intervenuti prima con il furistrada e poi hanno chiesto ulteriore supporto all\u2019elicottero Drago 71 del reparto volo di Venezia. Alle 17.30 l\u2019intervento era concluso e l\u2019animale sollevato con destinazione una zona sicura, ma purtroppo il bovino \u00e8 deceduto causa complicazioni. Sul posto oltre ai vigili del fuoco ed al proprietario anche il veterinario che ha assisitito alle operazioni<\/p>\n<p class=\"photoswipe-wrapper\"><a class=\"dt-pswp-item pspw-wrap-ready\" href=\"https:\/\/i2.wp.com\/www.radiopiu.net\/wordpress\/wp-content\/uploads\/2020\/06\/1-3.jpg?ssl=1\" data-dt-img-description=\"\" data-large_image_width=\"1280\" data-large_image_height=\"960\"><img loading=\"lazy\" decoding=\"async\" class=\"alignnone size-medium wp-image-147217 jetpack-lazy-image jetpack-lazy-image--handled\" src=\"https:\/\/i2.wp.com\/www.radiopiu.net\/wordpress\/wp-content\/uploads\/2020\/06\/1-3.jpg?resize=300%2C225&amp;ssl=1\" sizes=\"auto, (max-width: 300px) 100vw, 300px\" srcset=\"https:\/\/i2.wp.com\/www.radiopiu.net\/wordpress\/wp-content\/uploads\/2020\/06\/1-3.jpg?resize=300%2C225&amp;ssl=1 300w, https:\/\/i2.wp.com\/www.radiopiu.net\/wordpress\/wp-content\/uploads\/2020\/06\/1-3.jpg?resize=1024%2C768&amp;ssl=1 1024w, https:\/\/i2.wp.com\/www.radiopiu.net\/wordpress\/wp-content\/uploads\/2020\/06\/1-3.jpg?resize=768%2C576&amp;ssl=1 768w, https:\/\/i2.wp.com\/www.radiopiu.net\/wordpress\/wp-content\/uploads\/2020\/06\/1-3.jpg?w=1280&amp;ssl=1 1280w\" alt=\"\" width=\"300\" height=\"225\" data-recalc-dims=\"1\" data-lazy-loaded=\"1\" \/><\/a><a class=\"dt-pswp-item pspw-wrap-ready\" href=\"https:\/\/i2.wp.com\/www.radiopiu.net\/wordpress\/wp-content\/uploads\/2020\/06\/2-3.jpg?ssl=1\" data-dt-img-description=\"\" data-large_image_width=\"960\" data-large_image_height=\"1280\"><img loading=\"lazy\" decoding=\"async\" class=\"alignnone size-medium wp-image-147218 jetpack-lazy-image jetpack-lazy-image--handled\" src=\"https:\/\/i2.wp.com\/www.radiopiu.net\/wordpress\/wp-content\/uploads\/2020\/06\/2-3.jpg?resize=225%2C300&amp;ssl=1\" sizes=\"auto, (max-width: 225px) 100vw, 225px\" srcset=\"https:\/\/i2.wp.com\/www.radiopiu.net\/wordpress\/wp-content\/uploads\/2020\/06\/2-3.jpg?resize=225%2C300&amp;ssl=1 225w, https:\/\/i2.wp.com\/www.radiopiu.net\/wordpress\/wp-content\/uploads\/2020\/06\/2-3.jpg?resize=768%2C1024&amp;ssl=1 768w, https:\/\/i2.wp.com\/www.radiopiu.net\/wordpress\/wp-content\/uploads\/2020\/06\/2-3.jpg?w=960&amp;ssl=1 960w\" alt=\"\" width=\"225\" height=\"300\" data-recalc-dims=\"1\" data-lazy-loaded=\"1\" \/><\/a><\/p>\n<\/div>\n<p>&nbsp;<\/p>\n<p>&nbsp;<\/p>\n<p>&nbsp;<\/p>\n<hr \/>\n<p>&nbsp;<\/p>\n<blockquote>\n<h3>FOCOLAIO DI COVID 19 A FELTRE: 3 NUOVI POSITIVI, GI\u00c0 ISOLATI E ASINTOMATICI<\/h3>\n<\/blockquote>\n<p><b><a class=\"dt-pswp-item\" href=\"https:\/\/www.radiopiu.net\/wordpress\/wp-content\/uploads\/2020\/03\/covid-ulss.jpg\" data-dt-img-description=\"\" data-large_image_width=\"800\" data-large_image_height=\"600\"><img loading=\"lazy\" decoding=\"async\" class=\"size-medium wp-image-121260 alignleft\" src=\"https:\/\/www.radiopiu.net\/wordpress\/wp-content\/uploads\/2020\/03\/covid-ulss-300x225.jpg\" alt=\"\" width=\"300\" height=\"225\" srcset=\"https:\/\/www.radiopiu.net\/wordpress\/wp-content\/uploads\/2020\/03\/covid-ulss-300x225.jpg 300w, https:\/\/www.radiopiu.net\/wordpress\/wp-content\/uploads\/2020\/03\/covid-ulss-768x576.jpg 768w, https:\/\/www.radiopiu.net\/wordpress\/wp-content\/uploads\/2020\/03\/covid-ulss.jpg 800w\" sizes=\"auto, (max-width: 300px) 100vw, 300px\" \/><\/a>FELTRE <\/b>L\u2019ulteriore allargamento delle indagini nella cerchia familiare e amicale dei sei casi relativi al focolaio COVID 19 occorso a Feltre hanno poco fa messo in evidenza 3 nuove positivit\u00e0 correlate a 2 delle 4 positivit\u00e0 relative a contatti stretti dei primi due casi diagnosticati venerd\u00ec 26 giugno 2020. Salgono quindi a 9 i soggetti positivi correlati al focolaio di Feltre. Queste 3 nuove persone positive al tampone erano gi\u00e0 state isolate e sono asintomatiche.<span class=\"Apple-converted-space\">\u00a0\u00a0<\/span>Verr\u00e0, quindi, ulteriormente allargato il <i>contact tracing<\/i> anche in riferimento a queste nuove positivit\u00e0 COVID.<span class=\"Apple-converted-space\">\u00a0\u00a0<\/span>L\u2019attuale situazione non modifica le decisioni adottate per le due strutture commerciali, gi\u00e0 oggetto di verifica SPISAL, con conferma di apertura. Quanto al soggetto che aveva dato origine ad un allarme in una scuola di Feltre, il tampone \u00e8 risultato negativo.<\/p>\n<p>&nbsp;<\/p>\n<p>&nbsp;<\/p>\n<p>&nbsp;<\/p>\n<hr \/>\n<p>&nbsp;<\/p>\n<p>&nbsp;<\/p>\n<blockquote>\n<h3>FINE EMERGENZA, ANCHE AGORDO CHIUDE IL CENTRO OPERATIVO COMUNALE &#8211; COC-<\/h3>\n<\/blockquote>\n<p><strong>AGORDO<\/strong> Da ieri alla 13 il Coc di Protezione Civile presso la sede comunale \u00e8 chiuso e il provvedimento trasmesso alla Regione. Era stato aperto il 26 marzo a seguito di uno stato emergenziale, che necessitava del supporto delle organizzazioni di volontariato al Centro Operativo Comunale, ora venuto meno con il miglioramento dell&#8217;andamento epidemiologico, l&#8217;apertura della totalit\u00e0 delle attivit\u00e0 economiche, il ripristino della mobilit\u00e0 delle persone sull&#8217;intero territorio nazionale e al termine della\u00a0 \u201cFiera di S. Pietro&#8221; del 29 giugno\u201d, per la quale \u00e8 stato richiesto il supporto della Protezione Civile.<\/p>\n<p>&nbsp;<\/p>\n<hr \/>\n<p>&nbsp;<\/p>\n<div class=\"page-title-breadcrumbs\">\n<p class=\"photoswipe-wrapper\">\n<\/div>\n<div class=\"page-title-breadcrumbs\"><\/div>\n<blockquote>\n<h3>CONTRIBUTI A SUPPORTO DELLE IMPRESE COLPITE DALL&#8217;EMERGENZA COVID<\/h3>\n<\/blockquote>\n<p><strong><a class=\"dt-pswp-item\" href=\"https:\/\/www.radiopiu.net\/wordpress\/wp-content\/uploads\/2020\/06\/POR-FESR-540x361-540x361-1.png\" data-dt-img-description=\"\" data-large_image_width=\"540\" data-large_image_height=\"361\"><img loading=\"lazy\" decoding=\"async\" class=\"wp-image-147106 alignleft\" src=\"https:\/\/www.radiopiu.net\/wordpress\/wp-content\/uploads\/2020\/06\/POR-FESR-540x361-540x361-1-300x201.png\" alt=\"\" width=\"182\" height=\"122\" srcset=\"https:\/\/www.radiopiu.net\/wordpress\/wp-content\/uploads\/2020\/06\/POR-FESR-540x361-540x361-1-300x201.png 300w, https:\/\/www.radiopiu.net\/wordpress\/wp-content\/uploads\/2020\/06\/POR-FESR-540x361-540x361-1.png 540w\" sizes=\"auto, (max-width: 182px) 100vw, 182px\" \/><\/a>BELLUNO<\/strong> Il Gal Prealpi Dolomiti informa dell&#8217;apertura del bando per i contributi alle micro e piccole imprese nei settori commercio e somministrazione servizi alla persona con meno di 9 addetti e un fatturato annuale compreso tra 50.000 e 500.000 euro. Si tratta di un contributo\u00a0 a fondo perduto, determinato nella somma di \u00a02.000 euro maggiorata di un importo pari a 250 euro per ogni addetto dell\u2019impresa che eccede il numero di 2 (fino ad un massimo di 9 addetti), fino ad un massimo di 3.750 euro. Prenotazione del contributo dalle ore 10.00 di gioved\u00ec 2 luglio 2020 e fino alle ore 16.00 di marted\u00ec 14 luglio 2020 collegandosi\u00a0 all\u2019indirizzo: <a href=\"http:\/\/cdnbandi.regione.veneto.it\/311-covid-fesr\">cdnbandi.regione.veneto.it\/311-covid-fesr<\/a><\/p>\n<p>&nbsp;<\/p>\n<p>&nbsp;<\/p>\n<hr \/>\n<h3><\/h3>\n<blockquote>\n<h3>CORONAVIRUS: FINANZIAMENTI A TASSO ZERO E NUOVE MISURE PER LE IMPRESE DEL PRIMARIO COLPITE DALLA CRISI<\/h3>\n<\/blockquote>\n<p style=\"text-align: left;\"><a class=\"dt-pswp-item\" href=\"https:\/\/www.radiopiu.net\/wordpress\/wp-content\/uploads\/2020\/06\/caprette-540x260-540x260-540x260-1.png\" data-dt-img-description=\"\" data-large_image_width=\"540\" data-large_image_height=\"260\"><img loading=\"lazy\" decoding=\"async\" class=\"wp-image-147105 alignleft\" src=\"https:\/\/www.radiopiu.net\/wordpress\/wp-content\/uploads\/2020\/06\/caprette-540x260-540x260-540x260-1-300x144.png\" alt=\"\" width=\"224\" height=\"108\" srcset=\"https:\/\/www.radiopiu.net\/wordpress\/wp-content\/uploads\/2020\/06\/caprette-540x260-540x260-540x260-1-300x144.png 300w, https:\/\/www.radiopiu.net\/wordpress\/wp-content\/uploads\/2020\/06\/caprette-540x260-540x260-540x260-1.png 540w\" sizes=\"auto, (max-width: 224px) 100vw, 224px\" \/><\/a><strong>BELLUNO<\/strong> L\u2019Unione Europea sta approvando un Regolamento che consente l&#8217;attivazione di una nuova misura nel PSR, destinandovi al massimo il 2% della sua dotazione. Per il Veneto sono 23 milioni di euro per un aiuto forfetario alla liquidit\u00e0 che consente l\u2019erogazione al massimo di 7.000 euro per singola azienda agricola. La Regione prevede di modificare il PSR, pubblicare il bando della nuova misura, istruire le domande e erogare l\u2019aiuto a circa 4-5.000 aziende agricole entro il 2020.<\/p>\n<p><em>\u201cGli effetti della pandemia e del lockdown hanno colpito i settori del primario con sensibili cali di fatturato \u2013 dichiara l\u2019assessore all\u2019agricoltura Giuseppe Pan \u2013 ma ci sono filiere, come l\u2019agriturismo e il florovivaismo, o quelle di fornitura diretta agli hotel, alla ristorazione e ai caff\u00e8 e pubblici esercizi, che pi\u00f9 di altre hanno subito i contraccolpi economici della crisi e faticano a riprendersi a causa di una grave e protratta crisi di liquidit\u00e0. Per questo la Giunta regionale ha predisposto una serie di provvedimenti, a partire dalla moratoria per i finanziamenti e le garanzie concesse da Veneto Sviluppo Spa fino alla facilitazione dell\u2019accesso al credito rafforzando il ruolo dei confidi&#8221;.<\/em><\/p>\n<p>&nbsp;<\/p>\n<p>&nbsp;<\/p>\n<hr \/>\n<p>&nbsp;<\/p>\n<p>&nbsp;<\/p>\n<blockquote>\n<h3>RIAPERTURA SPORTELLI INPS PER I BELLUNESI<\/h3>\n<\/blockquote>\n<p><strong><a class=\"dt-pswp-item\" href=\"https:\/\/www.radiopiu.net\/wordpress\/wp-content\/uploads\/2020\/06\/Inps.jpg\" data-dt-img-description=\"\" data-large_image_width=\"768\" data-large_image_height=\"385\"><img loading=\"lazy\" decoding=\"async\" class=\"wp-image-147107 alignleft\" src=\"https:\/\/www.radiopiu.net\/wordpress\/wp-content\/uploads\/2020\/06\/Inps-300x150.jpg\" alt=\"\" width=\"210\" height=\"105\" srcset=\"https:\/\/www.radiopiu.net\/wordpress\/wp-content\/uploads\/2020\/06\/Inps-300x150.jpg 300w, https:\/\/www.radiopiu.net\/wordpress\/wp-content\/uploads\/2020\/06\/Inps.jpg 768w\" sizes=\"auto, (max-width: 210px) 100vw, 210px\" \/><\/a>BELLUNO<\/strong> Da oggi \u00a0riapriranno gli sportelli delle sedi Inps della provincia di Belluno, saranno accessibili <u>solo su prenotazione sia lo<\/u> sportello veloce che gli sportelli di linea relativi ad ammortizzatori sociali, conto assicurativo, lavoratori autonomi e domestici, pensioni.\u00a0Resta invariata l\u2019obbligatoriet\u00e0 dell\u2019appuntamento per le consulenze specialistiche, da svolgersi anch\u2019esso mediante richiamata telefonica o accesso fisico in sede. Risultano attivi gli sportelli dedicati agli intermediari qualificati ed agli enti di Patronati. E\u2019 possibile procedere alle prenotazioni\/appuntamenti mediante i consueti canali di contatto con l\u2019Istituto: Contact Center nazionale (803164 da rete fissa oppure 06164164 da rete mobile), App. Inps Mobile, sito istituzionale <a href=\"http:\/\/www.inps.it\">www.inps.it<\/a> .<\/p>\n<p>&nbsp;<\/p>\n<p>&nbsp;<\/p>\n<hr \/>\n<p>&nbsp;<\/p>\n<blockquote>\n<h3>PRENOTAZIONE, L&#8217;ULSS1 SI IMPEGNA A POTENZIARE I SERVIZI<\/h3>\n<\/blockquote>\n<p>&nbsp;<\/p>\n<p><strong><a class=\"dt-pswp-item\" href=\"https:\/\/www.radiopiu.net\/wordpress\/wp-content\/uploads\/2020\/06\/download-34.jpg\" data-dt-img-description=\"\" data-large_image_width=\"262\" data-large_image_height=\"192\"><img loading=\"lazy\" decoding=\"async\" class=\" wp-image-147113 alignleft\" src=\"https:\/\/www.radiopiu.net\/wordpress\/wp-content\/uploads\/2020\/06\/download-34.jpg\" alt=\"\" width=\"212\" height=\"155\" \/><\/a>BELLUNO\u00a0<\/strong> Sono\u00a0 numerose le segnalazioni sulle difficolt\u00e0 dei cittadini ad accedere alle prenotazioni tramite Centro Unico Prenotazioni. L\u2019Azienda si \u00e8 attivata per risolvere le criticit\u00e0 riscontrate. Il monitoraggio della situazione \u00e8 costante e sta valutando ulteriori miglioramenti per potenziare il servizio. Prima dell\u2019emergenza COVID, venivano gestiste circa 27.000 chiamate al mese. Con la riapertura delle agende e la ripresa delle attivit\u00e0 sanitarie dopo il lockdown arrivano ai call center circa 50.000 chiamate al mese. L\u2019Ulss Dolomiti ha chiesto alla cooperativa che ha in appalto la gestione del call center del CUP di raddoppiare le linee telefoniche e il personale. Sono state assunte 5 persone in pi\u00f9 che sono in fase di formazione. Inoltre, \u00e8 previsto che il personale addetto agli sportelli CUP sia operativo nelle prenotazioni telefoniche. I casi singoli di criticit\u00e0 e di maggiore urgenza, arrivati all\u2019attenzione dell\u2019Azienda tramite gli URP, sono stati presi in carico dai back office e prenotati. Le ore di maggiore criticit\u00e0 per l\u2019elevato numero di chiamate in ingresso sono dalle 10 alle 12. Il numero del CUP per prenotare e disdire prestazioni con impegnativa \u00e8 800 890 500, attivo dal luned\u00ec al venerd\u00ec dalle 8 alle 18 e il sabato mattina dalle 8 alle 12. Per la prenotazione delle analisi ai Centri Prelievi di Belluno, Feltre, Pieve di Cadore \u00e8 possibile usufruire della prenotazione online dal sito www.aulss1.veneto.it. Per gli esami INR \u00e8 previsto l\u2019accesso libero.\u00a0 Al Centro Prelievi di Feltre sono stati aumentati i posti disponibili: da 3 a 4 pazienti ogni 5 minuti, dal luned\u00ec al venerd\u00ec, per un totale di 130 pazienti nella mattinata. Al Centro Prelievi di Feltre, nei giorni scorsi, si \u00e8 verificato un guasto nel sistema informatico di accettazione. La criticit\u00e0 \u00e8 stata prontamente gestita.<\/p>\n<p>&nbsp;<\/p>\n<p>&nbsp;<\/p>\n<p>&nbsp;<\/p>\n<hr \/>\n<p>&nbsp;<\/p>\n<blockquote>\n<h3>LA PAURA DELLA RE INFEZIONE, IN ASCESA I CONTAGI NEI GIORNI IN CUI IN CINA SI HA NOTIZIA DELLA NUOVA MINACCIA: L&#8217;INFLUENZA SUINA. LA CALABRIA MANCA DI RISPETTO ALLE VITTIME DEL COVID19 DEL NORD ITALIA. A FELTRE EUROBRICO RIAPERTO MA IL FOCOLAIO NON E&#8217; SPENTO, IERI ALTRI 3 CONTAGI.<\/h3>\n<\/blockquote>\n<p><strong>di Mirko Mezzacasa<\/strong><\/p>\n<p>Aumentano di nuovo i casi di contagio in Italia, ieri 142 in risalita e 23 decessi dopo il minimo (6) di lunedi. Cinque nuovi ricoveri in 24 ore nel Veneto, 35 persone si aggiungono alla lista dell&#8217;isolamento domiciliare, 8 in quella dei positivi,\u00a0 nel bellunese il focolaio nel feltrino non \u00e8 stato spento, ieri tre nuovi contagi che portano il totale dei nuovi casi a 9. Numeri che creano un nuovo allarme. Sono sicuramente casi isolati ma \u00e8 un campanello d&#8217;allarme perch\u00e9 per molti sono i giorni della &#8220;festa della liberazione&#8221; con assembramenti nelle piazze, in spiaggia, nei bar al momento dell&#8217;apertivo<em> &#8220;Se torna l&#8217;infezione &#8211; ha detto Zaia in conferenza stampa &#8211; sar\u00e0 un disastro per tutti. Si evitino i comportamenti contro le regole, abbracci e strette di mano il peggio \u00e8 passato ma il rischio \u00e8 sempre alto, gli indicatori non sono buoni&#8221;<\/em>. A Vicenza infettati una mamma nigeriana di 24 anni e il figlio di soli\u00a0 3 mesi, dalla Cina il nuovo allarme per l&#8217;influenza suina, un altro virus pandemico, un&#8217;altra minaccia per l&#8217;umanit\u00e0. La Calabria manca invece di rispetto alla gente del Nord con lo spot choc <em>&#8220;Al nord c&#8217;\u00e8 il covid, in vacanza venite da noi&#8221;<\/em> Dall&#8217;Anci, l&#8217;associazione dei Comuni un unico commento: vergognatevi. Da Venezia le critiche sono anche per l&#8217;Organizzazione Mondiale della Sanit\u00e0 <em>&#8220;Mancano le direttive per i viaggiatori. Invito il Governo &#8211; ha detto Zaia- a verificare bene i sistemi di gestione del coronavirus nei vari paesi. In Egitto ad esempio sono gli stessi cittadini a mettere in rilievo notevoli problemi che non si riscontrano nei dati ufficiali. Sono per le frontiere sanitarie aperte ma qui siamo in presenza di Paesi che non sanno nemmeno cosa sia il bollettino&#8221;.\u00a0<\/em>A Belluno la Dolomitibus naviga a vista ma sarebbe il caso che iniziasse a presentare i piani per il trasporto pubblico locale perch\u00e9 settembre non \u00e8 cos\u00ec lontano e cos\u00ec l&#8217;inizio delle scuole, oggi il servizio \u00e8 al 35%, entro il 6 luglio arriver\u00e0 al 60% ancora lontano dai ritmi pre covid anche se l&#8217;ordinanza regionale ormai da una settimana permette ai mezzi di viaggiare a pieno carico, quindi non sussiste pi\u00f9 il problema delle distanze di sicurezza. <strong>I NUMERI\u00a0 IN VENETO:<\/strong> TOTALE POSITIVI 19286\u00a0 (+7)\u00a0 ATTUALMENTE POSITIVI 430\u00a0 (-30)\u00a0 DECESSI 2020\u00a0 (+8) NEGATIVIZZATI 16836\u00a0 (+29) IN ISOLAMENTO 746\u00a0 (35)\u00a0 RICOVERATI\u00a0 191 (+2 21 POSITIVI, 170 NEGATIVIZZATI), NEGLI OSPEDALI DI COMUNITA\u2019 RICOVERATI 25 (-4, 2 POSITIVI,\u00a0 23 NEGATIVIZZATI), IN TERAPIA INTENSIVA 10 (0 POSITIVI,\u00a0 10 NEGATIVIZZATI). DIMESSI 3583\u00a0 (+1) <strong>FELTRE<\/strong>: I contagiati\u00a0 ora sono 9 come confermato dalle indagini nella cerchia familiare e degli amici dei primi sei positivi. Queste tre nuove persone positive al tampone erano gi\u00e0 state isolate e sono asintomatiche. L\u2019attuale situazione non modifica le decisioni\u00a0 dopo la\u00a0 verifica dello Spisal\u00a0 che conferma l&#8217;apertura dell&#8217;esercizio chiuso per alcuni giorni in via precauzionale. Al tampone il primo soggetto contagiato al tampone \u00e8 risultato negativo. <strong>I NUMERI IN PROVINCIA:<\/strong> TOTALE CONTAGI 1192 (+1) , ATTUALMENTE POSITIVI 24\u00a0 (+3) , DECEDUTI 112 (0), NEGATIVIZZATI 1056 1052 (+4) ISOLAMENTO DOMICILIARE 99\u00a0 (+7) RICOVERATI IN OSPEDALE AL SAN MARTINO 2 (0)<\/p>\n<p>&nbsp;<\/p>\n<p>&nbsp;<\/p>\n<hr \/>\n<p>&nbsp;<\/p>\n<blockquote class=\"wp-embedded-content\" data-secret=\"6uoO7CSbvz\"><p><a href=\"https:\/\/www.radiopiu.net\/wordpress\/coronavirus-aggiornamento-nazionale-30-giugno\/\">CORONAVIRUS: AGGIORNAMENTO NAZIONALE 30 GIUGNO<\/a><\/p><\/blockquote>\n<p><iframe loading=\"lazy\" class=\"wp-embedded-content\" sandbox=\"allow-scripts\" security=\"restricted\" style=\"position: absolute; clip: rect(1px, 1px, 1px, 1px);\" title=\"&#8220;CORONAVIRUS: AGGIORNAMENTO NAZIONALE 30 GIUGNO&#8221; &#8212; Radio Pi\u00f9\" src=\"https:\/\/www.radiopiu.net\/wordpress\/coronavirus-aggiornamento-nazionale-30-giugno\/embed\/#?secret=6uoO7CSbvz\" data-secret=\"6uoO7CSbvz\" width=\"600\" height=\"338\" frameborder=\"0\" marginwidth=\"0\" marginheight=\"0\" scrolling=\"no\"><\/iframe><\/p>\n<p>&nbsp;<\/p>\n<hr \/>\n<p>&nbsp;<\/p>\n<blockquote class=\"wp-embedded-content\" data-secret=\"EOehA3T8wP\"><p><a href=\"https:\/\/www.radiopiu.net\/wordpress\/30-tab\/\">DI NUOVO IN AUMENTO I CONTAGIATI +7 IN 24 ORE, 8 DECESSI, 35 PERSONE IN PIU&#8217; IN ISOLAMENTO<\/a><\/p><\/blockquote>\n<p><iframe loading=\"lazy\" class=\"wp-embedded-content\" sandbox=\"allow-scripts\" security=\"restricted\" style=\"position: absolute; clip: rect(1px, 1px, 1px, 1px);\" title=\"&#8220;DI NUOVO IN AUMENTO I CONTAGIATI +7 IN 24 ORE, 8 DECESSI, 35 PERSONE IN PIU&#8217; IN ISOLAMENTO&#8221; &#8212; Radio Pi\u00f9\" src=\"https:\/\/www.radiopiu.net\/wordpress\/30-tab\/embed\/#?secret=EOehA3T8wP\" data-secret=\"EOehA3T8wP\" width=\"600\" height=\"338\" frameborder=\"0\" marginwidth=\"0\" marginheight=\"0\" scrolling=\"no\"><\/iframe><\/p>\n<p>&nbsp;<\/p>\n<p>&nbsp;<\/p>\n<blockquote>\n<h2>\u00a0I GRAFICI DI TIZIANO DE COL<\/h2>\n<\/blockquote>\n<p><a class=\"dt-pswp-item\" href=\"https:\/\/www.radiopiu.net\/wordpress\/wp-content\/uploads\/2020\/06\/WhatsApp-Image-2020-06-30-at-21.29.59.jpeg\" data-dt-img-description=\"\" data-large_image_width=\"480\" data-large_image_height=\"335\"><img loading=\"lazy\" decoding=\"async\" class=\"alignnone size-medium wp-image-147274\" src=\"https:\/\/www.radiopiu.net\/wordpress\/wp-content\/uploads\/2020\/06\/WhatsApp-Image-2020-06-30-at-21.29.59-300x209.jpeg\" alt=\"\" width=\"300\" height=\"209\" srcset=\"https:\/\/www.radiopiu.net\/wordpress\/wp-content\/uploads\/2020\/06\/WhatsApp-Image-2020-06-30-at-21.29.59-300x209.jpeg 300w, https:\/\/www.radiopiu.net\/wordpress\/wp-content\/uploads\/2020\/06\/WhatsApp-Image-2020-06-30-at-21.29.59.jpeg 480w\" sizes=\"auto, (max-width: 300px) 100vw, 300px\" \/><\/a><a class=\"dt-pswp-item\" href=\"https:\/\/www.radiopiu.net\/wordpress\/wp-content\/uploads\/2020\/07\/5e8f2348-21e6-4fe9-a089-5ef0c20c5878.jpg\" data-dt-img-description=\"\" data-large_image_width=\"2048\" data-large_image_height=\"1024\"><img loading=\"lazy\" decoding=\"async\" class=\"alignnone wp-image-147284\" src=\"https:\/\/www.radiopiu.net\/wordpress\/wp-content\/uploads\/2020\/07\/5e8f2348-21e6-4fe9-a089-5ef0c20c5878-300x150.jpg\" alt=\"\" width=\"420\" height=\"210\" srcset=\"https:\/\/www.radiopiu.net\/wordpress\/wp-content\/uploads\/2020\/07\/5e8f2348-21e6-4fe9-a089-5ef0c20c5878-300x150.jpg 300w, https:\/\/www.radiopiu.net\/wordpress\/wp-content\/uploads\/2020\/07\/5e8f2348-21e6-4fe9-a089-5ef0c20c5878-1024x512.jpg 1024w, https:\/\/www.radiopiu.net\/wordpress\/wp-content\/uploads\/2020\/07\/5e8f2348-21e6-4fe9-a089-5ef0c20c5878-768x384.jpg 768w, https:\/\/www.radiopiu.net\/wordpress\/wp-content\/uploads\/2020\/07\/5e8f2348-21e6-4fe9-a089-5ef0c20c5878-1536x768.jpg 1536w, https:\/\/www.radiopiu.net\/wordpress\/wp-content\/uploads\/2020\/07\/5e8f2348-21e6-4fe9-a089-5ef0c20c5878.jpg 2048w\" sizes=\"auto, (max-width: 420px) 100vw, 420px\" \/><\/a><\/p>\n<p>&nbsp;<\/p>\n<p>&nbsp;<\/p>\n<hr \/>\n<p>&nbsp;<\/p>\n<p>&nbsp;<\/p>\n<blockquote>\n<h3>&#8220;VI ABBIAMO CONSEGNATO UNA MACCHINA TAGLIANDATA MA OGGI CON LE SPIAGGE E LE PIAZZE PIENE AUMENTANO I POSITIVI, I RICOVERATI E LE PERSONE IN ISOLAMENTO&#8221; CONFERENZA STAMPA DI LUCA ZAIA &#8221; &#8220;All&#8217;Oms dico di verificare bene la gestione dei Paesi&#8221;<\/h3>\n<h2>LEGGI LA CONFERENZA DI LUCA ZAIA<\/h2>\n<p><em>Siamo nella fase Limbo, siamo noi a decidere in quale direzione andare. Se schiantarci o salvarci. Nessun alibi per nessuno, dipende dai comportamenti di ognuno il virus corre spedito. All&#8217;Oms dico di verificare bene la gestione dei Paesi sul Coronavirus<\/em><\/p><\/blockquote>\n<p>Lo sport nazionale di non portare la macherina e dell&#8217;assembramento &#8220;me ne frego&#8221; produce i primi risultati, ci stiamo predisponendo per finire nella tempesta e finire nei guai. Se ci fosse una re infezione in spiaggia o in piazza sarebbe il mezzo migliore per veicolare il virus. I numeri di oggi ci preoccupano. I nuovi casi &#8211; coppia di Selvazzano (PD) di 80-65 anni, lui ricoverato in Malattie Infettive ma paucisintomatico &#8211; signora di 90 anni in casa di riposo San Pio X di Cordignano (TV) (la casa di ripsoso in questione risulta un focolaio attivo con altri 3 ancora positivi) &#8211; madre e figlio nigeriani residenti a Vicenza di 24 anni e 3 mesi &#8211; un ricoverato di 39 anni di Padova a Malattie Infettive ma paucisintomatico &#8211; signore di provincia di Bergamo di 72 anni (tampone eseguito in ambito ospedaliero: requestor: Borgo Trento, cardiologia). Temiamo il ritorno del virus autunnale e ci preoccupano le notizie che arrivano dalla Cina con un altro virus che si trasmette all&#8217;uomo. Siamo in un limbo, ognuno di voi decida se andare o meno allo schianto. Con i numeri di oggi bisogna stare attenti questo virus \u00e8 una terribile bestia, non voglio diffondere allarmismi ma invitare la gente a stare attenta. Evitiamo la stretta di mano, si usi la mascherina e il distanziamento. Stiamo preparando un piano per fine luglio che permetter\u00e0 di dirci che abbiamo un migliaio di terapia intensive, ma e&#8217; come dire fai uscire i carro armati dai magazzini perch\u00e9 e&#8217; ora di sparare, vorrei metterci i mazzi di fiori nei cannoni. Di coronavirus si muore e non solo gli anziani. Nessuno di noi ha alibi. Sar\u00e0 anche spompato questo virus ma c&#8217;\u00e8 chi lo sta aiutando. M&#8217;inquieta quando mi chiedono quando non servir\u00e0 pi\u00f9 la mascherina, non \u00e8 un vezzo ma una necessit\u00e0 salvavita se si capisce bene altrimenti la contabilit\u00e0 si far\u00e0 alle porte dell&#8217;ospedale. Siamo passati da 135 a 23 focolai ma non bisogna abbassare la guardia e noi siamo sempre in allerta non a caso la macchina continua a funzionare. I piano di sanit\u00e0 pubblica non \u00e8 interrotto.<strong>GLI STRANIERI IN ARRIVO\u00a0<\/strong> Sono per le frontiere sanitarie aperte ma vorremmo tranquillit\u00e0 dall&#8217;Oms che i paesi di provenienza prevedano tamponi e test dove tra l&#8217;altro non si fanno nemmeno i bollettini. Dagli altri paesi pretendiamo dati ufficiali. Ci sono cittadini che non rispettano le regole minimali, c&#8217;\u00e8 chi ha fatto un sacco di sacrifici e oggi ci segnala gli assembramenti.<strong> IL MODELLO MATEMATICO<\/strong> sta confermando l&#8217;andamento per\u00f2 \u00e8 pur vero che davanti a questo virus non possiamo dire non ci sono problemi. Nessuno puo&#8217; dire se tra 10 giorni ci saranno le code in ospedale. Raccontiamo oggi la situazione come un&#8217;istantanea, domani si vedr\u00e0. <strong>NUOVE ORDINANZE PER GLI STRANIERI?\u00a0<\/strong> Le regole di Polizia Sanitaria sono nazionali noi possiamo applicare le piu&#8217; restrittive ma e&#8217; chiaro che le quarantene devono essere stabilite a livello nazionale. Dobbiamo avere certezze dalla comunit\u00e0 scientifica a livello internazionale ci sono dati inquietanti e non reali che arrivano da alcuni paesi stranieri. <strong>TOGLIERE LA SANITA&#8217; ALLE REGIONI?<\/strong> Sarebbe una follia, proporrei ai veneti il Referendum se vogliono farsi curare in Veneto o altrove. Noi prendiamo decisioni immediate se le dovesse prendere il Ministero che giro farebbero? Con quale conoscenza del territorio? Se qualcuno al Governo decider\u00e0 di farlo dovr\u00e0 anche modificare la Costituzione.<strong> MONDIALI 2021<\/strong> Io ho sostenuto Roda presidente della Fisi e Benetton presidente della Fondazione per spostarli al 2022: apriti cielo mi ha scritto qualche albergatore. Il 2022 ci da tranquillit\u00e0 il 2021 potrebbe trovare nel pieno della battaglia con il rischio di farli a porte chiusi o addirittura che vengano annullati. Sono per la soluzione 2022 Roda mi ha detto che ci sono delle difficolt\u00e0 per le concomitanti Olimpiadi.<\/p>\n<p><strong>OGGI OSPITE IL DOTTOR DIEGO PONZIN DELLA BANCA DEGLI OCCHI NUMERO 1 A LIVELLO NAZIONALE TRA LE MIGLIORI A LIVELLO INTERNAZIONALI. PARLA DI TRAPIANTI E CORONAVIRUS.<\/strong><\/p>\n<p>Il dottor Diego Ponzin \u00e8 il\u00a0 direttore sanitario della banca degli occhi. Dar\u00e0\u00a0 informazione sul mondo dei trapianti di cornea. In Veneto\u00a0 e in Fvg le donazioni annuali sono molte, dal momento del primo focolaio in Veneto sono stati emessi una 60ina fra decreti e direttive per aumentare la sicurezza nella selezione dei donatori. Da febbraio \u00a0le donazioni sono diminuite del 25%, ma non si sono azzerate nonostante le attivit\u00e0 di trapianto di cornea siano state sospese durante l&#8217;emergenza. Abbiamo scoperto che il virus quando \u00e8 presente nel naso-faringe \u00e8 presente anche all&#8217;interno dell&#8217;occhio della persona che corrobora ulteriormente un&#8217;informazione che il virus puo&#8217; albergare in tutti gli organi. Nei tessuti dove abbiamo trovato la traccia del virus non siamo riusciti a ricavare un virus infettante, anche le tracce nei tessuti oculari non avevano capacit\u00e0 infettanti. Le notizie sui vari organi aiuteranno nella diagnosi e prevenzione.\u00a0 Da inizio epidemia effettuati i tamponi sui donatori di cornee: 1 su 200\u00a0 sono risultati positivi asintomatici. Nessuno ha perso la vista per colpa del virus.<\/p>\n<p>https:\/\/www.facebook.com\/zaiaufficiale\/videos\/704065290372208\/<\/p>\n<p>&nbsp;<\/p>\n<p>&nbsp;<\/p>\n<p>&nbsp;<\/p>\n<div class=\"page-title-breadcrumbs\">\n<p>&nbsp;<\/p>\n<hr \/>\n<p>&nbsp;<\/p>\n<\/div>\n<blockquote>\n<h3>ACC DI MEL: DONAZZAN, \u201dTAVOLO IN REGIONE IL 7 LUGLIO CON ISTITUTI DI CREDITO PER PIANO FINANZIARIO DI RILANCIO\u201d<\/h3>\n<\/blockquote>\n<p><strong><a class=\"dt-pswp-item\" href=\"https:\/\/www.radiopiu.net\/wordpress\/wp-content\/uploads\/2020\/06\/ACC-MEL.png\" data-dt-img-description=\"\" data-large_image_width=\"796\" data-large_image_height=\"796\"><img loading=\"lazy\" decoding=\"async\" class=\"size-medium wp-image-145345 alignleft\" src=\"https:\/\/www.radiopiu.net\/wordpress\/wp-content\/uploads\/2020\/06\/ACC-MEL-300x300.png\" alt=\"\" width=\"300\" height=\"300\" srcset=\"https:\/\/www.radiopiu.net\/wordpress\/wp-content\/uploads\/2020\/06\/ACC-MEL-300x300.png 300w, https:\/\/www.radiopiu.net\/wordpress\/wp-content\/uploads\/2020\/06\/ACC-MEL-150x150.png 150w, https:\/\/www.radiopiu.net\/wordpress\/wp-content\/uploads\/2020\/06\/ACC-MEL-768x768.png 768w, https:\/\/www.radiopiu.net\/wordpress\/wp-content\/uploads\/2020\/06\/ACC-MEL.png 796w\" sizes=\"auto, (max-width: 300px) 100vw, 300px\" \/><\/a>VENEZIA\u00a0<\/strong>Incontro\u00a0 al Mise sull\u2019amministrazione straordinaria di Acc, la fabbrica di compressori per frigoriferi di Mel che sta uscendo da cinque anni di gestione cinese: all\u2019incontro con i dirigenti del Ministero per lo Sviluppo economico hanno partecipato la Regione Veneto, rappresentata dall\u2019Unit\u00e0 regionale di crisi aziendali coordinata da Mattia Losego, le parti sindacali e il commissario straordinario Maurizio Castro. Al centro dell\u2019incontro, il piano industriale del commissario straordinario che \u2013 osserva<span class=\"Apple-converted-space\">\u00a0 <\/span>la Regione Veneto &#8211; si conferma ben diverso da un piano liquidatore e fedele, invece, ad<span class=\"Apple-converted-space\">\u00a0 <\/span>un approccio industrialista, volto a recuperare le potenzialit\u00e0 produttive della sede di Mel, al fine di consentire all\u2019azienda di mantenere il proprio livello di competitivit\u00e0 e di appetibilit\u00e0,<span class=\"Apple-converted-space\">\u00a0 <\/span>anche in vista di eventuali manifestazioni di interesse da parte di potenziali acquirenti.\u00a0La Regione Veneto ha confermato che contribuir\u00e0 a garantire il proprio impegno per il futuro di Acc, d\u2019intesa con il ministero, e ha annunciato il prossimo incontro del 7 luglio, convocato in sede regionale e gestito dall\u2019assessore al lavoro Elena Donazzan con il supporto dell\u2019Unita di crisi, di Veneto Lavoro e della finanziaria regionale Veneto Sviluppo, a cui sono stati invitati<span class=\"Apple-converted-space\">\u00a0 <\/span>i principali istituti di credito operanti nel territorio regionale. Obiettivo dell\u2019incontro, al quale parteciper\u00e0 naturalmente il commissario Castro, sar\u00e0 il piano<span class=\"Apple-converted-space\">\u00a0 <\/span>finanziario necessario per supportare l\u2019ambizioso e necessario<span class=\"Apple-converted-space\">\u00a0 <\/span>piano di rilancio del sito produttivo del comune<span class=\"Apple-converted-space\">\u00a0 <\/span>Borgo Val Belluna.<\/p>\n<p>&nbsp;<\/p>\n<p>&nbsp;<\/p>\n<p>&nbsp;<\/p>\n<hr \/>\n<p>&nbsp;<\/p>\n<blockquote>\n<h3>NEGOZIAZIONE SOCIALE. LA PIATTAFORMA DEL 2020 DOPO L\u2019EMERGENZA COVID-19<\/h3>\n<\/blockquote>\n<p><strong><a class=\"dt-pswp-item\" href=\"https:\/\/www.radiopiu.net\/wordpress\/wp-content\/uploads\/2020\/03\/SINDACATI.jpg\" data-dt-img-description=\"\" data-large_image_width=\"2048\" data-large_image_height=\"2048\"><img loading=\"lazy\" decoding=\"async\" class=\"size-medium wp-image-121809 alignleft\" src=\"https:\/\/www.radiopiu.net\/wordpress\/wp-content\/uploads\/2020\/03\/SINDACATI-300x300.jpg\" alt=\"\" width=\"300\" height=\"300\" srcset=\"https:\/\/www.radiopiu.net\/wordpress\/wp-content\/uploads\/2020\/03\/SINDACATI-300x300.jpg 300w, https:\/\/www.radiopiu.net\/wordpress\/wp-content\/uploads\/2020\/03\/SINDACATI-1024x1024.jpg 1024w, https:\/\/www.radiopiu.net\/wordpress\/wp-content\/uploads\/2020\/03\/SINDACATI-150x150.jpg 150w, https:\/\/www.radiopiu.net\/wordpress\/wp-content\/uploads\/2020\/03\/SINDACATI-768x768.jpg 768w, https:\/\/www.radiopiu.net\/wordpress\/wp-content\/uploads\/2020\/03\/SINDACATI-1536x1536.jpg 1536w, https:\/\/www.radiopiu.net\/wordpress\/wp-content\/uploads\/2020\/03\/SINDACATI.jpg 2048w\" sizes=\"auto, (max-width: 300px) 100vw, 300px\" \/><\/a>BELLUNO\u00a0<\/strong>Viene convocata una conferenza\u00a0 stampa\u00a0alle\u00a0ore 11.30\u00a0\u00a0di mercoledi\u00a0 01 luglio 2020\u00a0in sala Spi Cgil\u00a0 in viale Fantuzzi 11 a Belluno.\u00a0I segretari\u00a0generali\u00a0 di Cgil Belluno, Cisl Belluno Treviso e Uil\u00a0 Treviso Belluno e i\u00a0 segretari delle categorie dei Pensionati Spi Cgil Belluno,\u00a0 Fnp Cisl Belluno Treviso , Uilp Uil Belluno\u00a0\u00a0illustreranno la nuova piattaforma della negoziazione sociale del dopo Covid 19.\u00a0Consapevoli \u00a0che la legalit\u00e0 e il rispetto delle regole devono essere forti principi ineludibili, come Sindacati Cgil Cisl e Uil e Spi Cgil, Fnp Cisl\u00a0 e Uilp Belluno, abbiamo inviato ai sindaci dei 61 comuni della provincia, assieme alla Piattaforma negoziale, il Manifesto Giusta Italia e il Codice Etico di avviso pubblico\u00a0per la sottoscrizione poich\u00e9 sono atti che impegnano tutti\u00a0 a fronteggiare il fenomeno della discriminazione, della povert\u00e0 informatica, della sanit\u00e0 territoriale ecc.\u00a0Una parte importante nella negoziazione resta la considerazione del Fondo Welfare come uno strumento da sostenere e da utilizzare poi nei progetti dedicati al fenomeno di freno dello spopolamento. Fondo Welfare o meglio Welfare Dolomiti gi\u00e0 presentato e ritenuto valido volano al ben essere dei cittadini bellunesi tanto da essere sottoscritto dai Sindaci del territorio.\u00a0Inoltre di estrema attualit\u00e0, viste le criticit\u00e0, per non parlare degli innumerevoli decessi, degli innumerevoli contagi, verificatesi durante le fasi di emergenza COVID-19 nei\u00a0 \u00a0centri servizi anziani, riteniamo urgente, assieme ai forti disagi causati dalla chiusura dei centri diurni, comunit\u00e0 alloggio, poliambulatori distretti, assistenza domiciliare e centri ricreativi anziani, individuare vere misure assistenziali e di integrazione con il sistema socio-sanitario pubblico.<\/p>\n<p>&nbsp;<\/p>\n<p>&nbsp;<\/p>\n<hr \/>\n<p>&nbsp;<\/p>\n<blockquote>\n<h3>PROVINCIA AL LAVORO PER L\u2019AVVIO DEL PROSSIMO ANNO SCOLASTICO: MARTED\u00cc 8 LUGLIO UN INCONTRO CON PRESIDI, UST E DOLOMITIBUS<\/h3>\n<\/blockquote>\n<h3><strong style=\"font-size: 14px;\"><a class=\"dt-pswp-item\" href=\"https:\/\/www.radiopiu.net\/wordpress\/wp-content\/uploads\/2020\/06\/primo-piano-gli-studenti-che-scrivono-e-leggono-gli-fogli-di-risposta-degli-esami-di-esercitazione-in-aula-della-scuola-con-lo-stress_73622-858.jpg\" data-dt-img-description=\"\" data-large_image_width=\"626\" data-large_image_height=\"417\"><img loading=\"lazy\" decoding=\"async\" class=\"size-medium wp-image-143128 alignleft\" src=\"https:\/\/www.radiopiu.net\/wordpress\/wp-content\/uploads\/2020\/06\/primo-piano-gli-studenti-che-scrivono-e-leggono-gli-fogli-di-risposta-degli-esami-di-esercitazione-in-aula-della-scuola-con-lo-stress_73622-858-300x200.jpg\" alt=\"\" width=\"300\" height=\"200\" srcset=\"https:\/\/www.radiopiu.net\/wordpress\/wp-content\/uploads\/2020\/06\/primo-piano-gli-studenti-che-scrivono-e-leggono-gli-fogli-di-risposta-degli-esami-di-esercitazione-in-aula-della-scuola-con-lo-stress_73622-858-300x200.jpg 300w, https:\/\/www.radiopiu.net\/wordpress\/wp-content\/uploads\/2020\/06\/primo-piano-gli-studenti-che-scrivono-e-leggono-gli-fogli-di-risposta-degli-esami-di-esercitazione-in-aula-della-scuola-con-lo-stress_73622-858.jpg 626w\" sizes=\"auto, (max-width: 300px) 100vw, 300px\" \/><\/a>BELLUNO<\/strong> <span style=\"font-size: 14px; font-weight: normal;\">La Provincia di Belluno \u00e8 gi\u00e0 all\u2019opera per l\u2019avvio del prossimo anno scolastico, che il Ministero ha previsto \u201cin presenza\u201d. Alla luce delle linee guida per la ripartenza a settembre, senza la didattica a distanza, gli uffici di Palazzo Piloni stanno effettuando le ricognizioni degli spazi negli edifici di propriet\u00e0. Le planimetrie dei singoli plessi &#8211; una quarantina quelli che ospitano le scuole superiori di Cadore, Bellunese e Feltrino &#8211; andranno incrociate con le dimensioni demografiche delle classi e con le misure anti-Covid. Nel frattempo, la Provincia ha gi\u00e0 scritto a tutti i presidi per chiedere di rappresentare le esigenze di ogni scuola. <\/span><span style=\"font-size: 14px; font-weight: normal;\">A tal proposito, la Provincia convocher\u00e0 una conferenza di servizi con l\u2019Ufficio Scolastico Territoriale, Dolomitibus e dirigenti scolastici, allargata anche ai sindaci che intendano partecipare.<\/span><\/h3>\n<p><strong>LA CONSIGLIERA PROVINCIALE DELEGATA ALL\u2019ISTRUZIONE, SERENELLA BOGANA<\/strong><\/p>\n<audio class=\"wp-audio-shortcode\" id=\"audio-147069-6\" preload=\"none\" style=\"width: 100%;\" controls=\"controls\"><source type=\"audio\/mpeg\" src=\"https:\/\/www.radiopiu.net\/wordpress\/wp-content\/uploads\/2020\/06\/la-consigliera-provinciale-delegata-all\u2019istruzione-Serenella-Bogana.mp3?_=6\" \/><a href=\"https:\/\/www.radiopiu.net\/wordpress\/wp-content\/uploads\/2020\/06\/la-consigliera-provinciale-delegata-all\u2019istruzione-Serenella-Bogana.mp3\">https:\/\/www.radiopiu.net\/wordpress\/wp-content\/uploads\/2020\/06\/la-consigliera-provinciale-delegata-all\u2019istruzione-Serenella-Bogana.mp3<\/a><\/audio>\n<p>&nbsp;<\/p>\n<p>&nbsp;<\/p>\n<hr \/>\n<p>&nbsp;<\/p>\n<p>&nbsp;<\/p>\n<blockquote>\n<h3>L&#8217;INIZIATIVA DI BELLUNO ALPINA: IL PERCORSO NEVEGAL-RONCE-VALMOREL E L&#8217;OFFERTA TURISTICA PER LE FAMIGLIE<\/h3>\n<\/blockquote>\n<p><strong> <a class=\"dt-pswp-item\" href=\"https:\/\/www.radiopiu.net\/wordpress\/wp-content\/uploads\/2020\/06\/ad24b586-cd4f-40a3-9d8d-7f381288f840.jpg\" data-dt-img-description=\"\" data-large_image_width=\"1024\" data-large_image_height=\"2048\"><img loading=\"lazy\" decoding=\"async\" class=\"size-medium wp-image-147117 alignleft\" src=\"https:\/\/www.radiopiu.net\/wordpress\/wp-content\/uploads\/2020\/06\/ad24b586-cd4f-40a3-9d8d-7f381288f840-150x300.jpg\" alt=\"\" width=\"150\" height=\"300\" srcset=\"https:\/\/www.radiopiu.net\/wordpress\/wp-content\/uploads\/2020\/06\/ad24b586-cd4f-40a3-9d8d-7f381288f840-150x300.jpg 150w, https:\/\/www.radiopiu.net\/wordpress\/wp-content\/uploads\/2020\/06\/ad24b586-cd4f-40a3-9d8d-7f381288f840-512x1024.jpg 512w, https:\/\/www.radiopiu.net\/wordpress\/wp-content\/uploads\/2020\/06\/ad24b586-cd4f-40a3-9d8d-7f381288f840-768x1536.jpg 768w, https:\/\/www.radiopiu.net\/wordpress\/wp-content\/uploads\/2020\/06\/ad24b586-cd4f-40a3-9d8d-7f381288f840.jpg 1024w\" sizes=\"auto, (max-width: 150px) 100vw, 150px\" \/><\/a>BELLUNO<\/strong> Si tratta di un percorso ad anello per le famiglie con partenza e arrivo al parcheggio di Col Canil e un collegamento Nevegal &#8211; Ronce \u2013 Valmorel per escursionisti esperti. Progetto che l&#8217;associazione Belluno Alpina ha presentato alla Regione Veneto e al Comune di Belluno con l&#8217;obbiettivo di valorizzare turisticamente, in estate e inverno, l&#8217;intero comprensorio. Due i percorsi possibili, accessibili a tutti: una versione pi\u00f9 corta, percorribile in poco pi\u00f9 di un&#8217;ora e mezza, e una pi\u00f9 lunga, circa tre ore di escursione. Sono previste anche aree picnic e di gioco per i bambini, in progetto un ponte tibetano e a aree attrezzate per esperienze sensoriali. Dovranno essere ricostruiti dei muretti a secco,\u00a0 pulite e impermeabilizzate\u00a0 le pozze di alpeggio e riqualificate le sorgenti e piccole fontanelle oltre alla pulizia e <a class=\"dt-pswp-item\" href=\"https:\/\/www.radiopiu.net\/wordpress\/wp-content\/uploads\/2020\/06\/be8b9967-cf21-4f23-8e42-b56b1c184d9b.jpg\" data-dt-img-description=\"\" data-large_image_width=\"2048\" data-large_image_height=\"1024\"><img loading=\"lazy\" decoding=\"async\" class=\"size-medium wp-image-147116 alignright\" src=\"https:\/\/www.radiopiu.net\/wordpress\/wp-content\/uploads\/2020\/06\/be8b9967-cf21-4f23-8e42-b56b1c184d9b-300x150.jpg\" alt=\"\" width=\"300\" height=\"150\" srcset=\"https:\/\/www.radiopiu.net\/wordpress\/wp-content\/uploads\/2020\/06\/be8b9967-cf21-4f23-8e42-b56b1c184d9b-300x150.jpg 300w, https:\/\/www.radiopiu.net\/wordpress\/wp-content\/uploads\/2020\/06\/be8b9967-cf21-4f23-8e42-b56b1c184d9b-1024x512.jpg 1024w, https:\/\/www.radiopiu.net\/wordpress\/wp-content\/uploads\/2020\/06\/be8b9967-cf21-4f23-8e42-b56b1c184d9b-768x384.jpg 768w, https:\/\/www.radiopiu.net\/wordpress\/wp-content\/uploads\/2020\/06\/be8b9967-cf21-4f23-8e42-b56b1c184d9b-1536x768.jpg 1536w, https:\/\/www.radiopiu.net\/wordpress\/wp-content\/uploads\/2020\/06\/be8b9967-cf21-4f23-8e42-b56b1c184d9b.jpg 2048w\" sizes=\"auto, (max-width: 300px) 100vw, 300px\" \/><\/a>messa in sicurezza dei boschi. Il collegamento Nevegal &#8211; Ronce \u2013 Valmorel \u00e8 un percorso in quota dedicato agli escursionisti pi\u00f9 esperti con un tempo di percorrenza stimato tra le 6 e le 8 ore, per questo\u00a0 sono richiesti solo interventi minori, come la sistemazione delle tracce sentieristiche e la realizzazione di un percorso che unisca le diverse tracce e possa godere di una adeguata tabellazione. Il costo stimato dall&#8217;associazione per l&#8217;intero progetto \u00e8 di 150.000 euro. Alla Regione \u00e8 stato chiesto se l&#8217;idea possa essere finanziata con la &#8220;Via Prealpi&#8221;, al Comune di Belluno di intervenire tramite il tavolo antispopolamento e il progetto Ronce 2020 con i fondi incassati dagli schianti di Vaia sul colle. <em>&#8220;In attesa di riscontri su questa idea &#8211; spiega Jimmy Dal Farra, presidente dell&#8217;associazione &#8211;\u00a0 continuiamo a lavorare per il completamento del tratto silvopastorale tra Nevegal, Ronce e Valmorel e per la realizzazione del lago polivalente. Mai come ora abbiamo avuto bisogno di concretezza\u00a0 e per questo attendiamo un grande sforzo dalla Regione Veneto. Non dimentichiamo poi il grande impegno per il ritorno del Giro d&#8217;Italia a pi\u00f9 di 50 anni dallo storico passaggio per Ronce&#8221;.<\/em><\/p>\n<p>&nbsp;<\/p>\n<p>&nbsp;<\/p>\n<p>&nbsp;<\/p>\n<hr \/>\n<h2><\/h2>\n<p>&nbsp;<\/p>\n<blockquote>\n<h3>MODERNE TELECAMERE E NUOVO PUNTO DI CONTROLLO, BELLUNO INVESTE SULLA VIDEOSORVEGLIANZA<\/h3>\n<\/blockquote>\n<p><strong><a class=\"dt-pswp-item\" href=\"https:\/\/www.radiopiu.net\/wordpress\/wp-content\/uploads\/2020\/06\/WhatsApp-Image-2020-06-14-at-12.42.44.jpeg\" data-dt-img-description=\"\" data-large_image_width=\"960\" data-large_image_height=\"720\"><img loading=\"lazy\" decoding=\"async\" class=\" wp-image-144747 alignleft\" src=\"https:\/\/www.radiopiu.net\/wordpress\/wp-content\/uploads\/2020\/06\/WhatsApp-Image-2020-06-14-at-12.42.44-300x225.jpeg\" alt=\"\" width=\"227\" height=\"170\" srcset=\"https:\/\/www.radiopiu.net\/wordpress\/wp-content\/uploads\/2020\/06\/WhatsApp-Image-2020-06-14-at-12.42.44-300x225.jpeg 300w, https:\/\/www.radiopiu.net\/wordpress\/wp-content\/uploads\/2020\/06\/WhatsApp-Image-2020-06-14-at-12.42.44-768x576.jpeg 768w, https:\/\/www.radiopiu.net\/wordpress\/wp-content\/uploads\/2020\/06\/WhatsApp-Image-2020-06-14-at-12.42.44.jpeg 960w\" sizes=\"auto, (max-width: 227px) 100vw, 227px\" \/><\/a>BELLUNO<\/strong> La giunta comunale ha approvato un progetto di sostituzione e potenziamento del sistema di videosorveglianza della citt\u00e0 e un nuovo punto di controllo con telecamera leggi-targa a Safforze. Previsi i tablet per consentire agli agenti della polizia locale per gestire in tempo reale la lettura targhe, fino al potenziamento della rete e della sala controllo. Un investimento da quasi 38mila euro, per il quale il Comune far\u00e0 domanda per accedere al contributo regionale che coprirebbe il 70% della spesa. investimenti saranno fatti anche nel sistema gi\u00e0 esistente: saranno sostituite le telecamere di Piazzale Marconi, di Piazza Piloni e del parcheggio sul retro del Palazzetto dello Sport. Le nuove telecamere possono coprire aree pi\u00f9 grandi, garantendo dettagli pi\u00f9 nitidi e una definizione maggiore rispetto a quelle esistenti, Verr\u00e0 poi allestito un videowall con quattro monitor da 43 pollici al Comando della Polizia Locale di Via Gabelli, che trover\u00e0 spazio in un ufficio dedicato e dove sar\u00e0 ospitato anche il nuovo armadio che custodir\u00e0 il server e tutta la strumentazione del sistema di videosorveglianza. Infine, sar\u00e0 potenziato il collegamento radio tra la stazione ferroviaria e il Comando provinciale dei Carabinieri. Iniziando i lavori nell&#8217;autunno 2020, i lavori \u2013 collaudi compresi \u2013 dovrebbero concludersi nella tarda primavera\/inizio estate 2021.<\/p>\n<p><strong>IL SINDACO JACOPO MASSARO<\/strong><\/p>\n<audio class=\"wp-audio-shortcode\" id=\"audio-147069-7\" preload=\"none\" style=\"width: 100%;\" controls=\"controls\"><source type=\"audio\/mpeg\" src=\"https:\/\/www.radiopiu.net\/wordpress\/wp-content\/uploads\/2020\/06\/Massaro-Potenziamento-videosorveglianza.mp3?_=7\" \/><a href=\"https:\/\/www.radiopiu.net\/wordpress\/wp-content\/uploads\/2020\/06\/Massaro-Potenziamento-videosorveglianza.mp3\">https:\/\/www.radiopiu.net\/wordpress\/wp-content\/uploads\/2020\/06\/Massaro-Potenziamento-videosorveglianza.mp3<\/a><\/audio>\n<p>&nbsp;<\/p>\n<p>&nbsp;<\/p>\n<hr \/>\n<p>&nbsp;<\/p>\n<blockquote>\n<h3>L&#8217;ULTIMO GIORNO DELLA CARTOLERIA MIOLA AD AGORDO<\/h3>\n<\/blockquote>\n<p><a class=\"dt-pswp-item\" href=\"https:\/\/www.radiopiu.net\/wordpress\/wp-content\/uploads\/2020\/06\/12285839-685e-419c-8b31-4f1c66a0c05e.jpg\" data-dt-img-description=\"\" data-large_image_width=\"2048\" data-large_image_height=\"1154\"><img loading=\"lazy\" decoding=\"async\" class=\"size-medium wp-image-147242 alignleft\" src=\"https:\/\/www.radiopiu.net\/wordpress\/wp-content\/uploads\/2020\/06\/12285839-685e-419c-8b31-4f1c66a0c05e-300x169.jpg\" alt=\"\" width=\"300\" height=\"169\" srcset=\"https:\/\/www.radiopiu.net\/wordpress\/wp-content\/uploads\/2020\/06\/12285839-685e-419c-8b31-4f1c66a0c05e-300x169.jpg 300w, https:\/\/www.radiopiu.net\/wordpress\/wp-content\/uploads\/2020\/06\/12285839-685e-419c-8b31-4f1c66a0c05e-1024x577.jpg 1024w, https:\/\/www.radiopiu.net\/wordpress\/wp-content\/uploads\/2020\/06\/12285839-685e-419c-8b31-4f1c66a0c05e-768x433.jpg 768w, https:\/\/www.radiopiu.net\/wordpress\/wp-content\/uploads\/2020\/06\/12285839-685e-419c-8b31-4f1c66a0c05e-1536x866.jpg 1536w, https:\/\/www.radiopiu.net\/wordpress\/wp-content\/uploads\/2020\/06\/12285839-685e-419c-8b31-4f1c66a0c05e.jpg 2048w\" sizes=\"auto, (max-width: 300px) 100vw, 300px\" \/><\/a>di Gianni Santomaso<\/p>\n<audio class=\"wp-audio-shortcode\" id=\"audio-147069-8\" preload=\"none\" style=\"width: 100%;\" controls=\"controls\"><source type=\"audio\/mpeg\" src=\"https:\/\/www.radiopiu.net\/wordpress\/wp-content\/uploads\/2020\/06\/GIANNI-CARTOLERIA-MIOLA.mp3?_=8\" \/><a href=\"https:\/\/www.radiopiu.net\/wordpress\/wp-content\/uploads\/2020\/06\/GIANNI-CARTOLERIA-MIOLA.mp3\">https:\/\/www.radiopiu.net\/wordpress\/wp-content\/uploads\/2020\/06\/GIANNI-CARTOLERIA-MIOLA.mp3<\/a><\/audio>\n<p>&nbsp;<\/p>\n\n\t\t\t<style type='text\/css'>\n\t\t\t\t#gallery-1 {\n\t\t\t\t\tmargin: auto;\n\t\t\t\t}\n\t\t\t\t#gallery-1 .gallery-item {\n\t\t\t\t\tfloat: left;\n\t\t\t\t\tmargin-top: 10px;\n\t\t\t\t\ttext-align: center;\n\t\t\t\t\twidth: 33%;\n\t\t\t\t}\n\t\t\t\t#gallery-1 img {\n\t\t\t\t\tborder: 2px solid #cfcfcf;\n\t\t\t\t}\n\t\t\t\t#gallery-1 .gallery-caption {\n\t\t\t\t\tmargin-left: 0;\n\t\t\t\t}\n\t\t\t\t\/* see gallery_shortcode() in wp-includes\/media.php *\/\n\t\t\t<\/style>\n\t\t<div id='gallery-1' class='dt-gallery-container gallery galleryid-147069 gallery-columns-3 gallery-size-medium'><dl class='gallery-item'>\n\t\t\t\t<dt class='gallery-icon landscape'>\n\t\t\t\t\t<a class=\"rollover\" href='https:\/\/www.radiopiu.net\/wordpress\/lultimo-giorno-della-cartoleria-miola-ad-agordo\/9cdd7194-7735-47f0-b1fa-1fc6ab40f9d1\/'><img loading=\"lazy\" decoding=\"async\" width=\"300\" height=\"169\" src=\"https:\/\/www.radiopiu.net\/wordpress\/wp-content\/uploads\/2020\/06\/9cdd7194-7735-47f0-b1fa-1fc6ab40f9d1-300x169.jpg\" class=\"attachment-medium size-medium\" alt=\"\" srcset=\"https:\/\/www.radiopiu.net\/wordpress\/wp-content\/uploads\/2020\/06\/9cdd7194-7735-47f0-b1fa-1fc6ab40f9d1-300x169.jpg 300w, https:\/\/www.radiopiu.net\/wordpress\/wp-content\/uploads\/2020\/06\/9cdd7194-7735-47f0-b1fa-1fc6ab40f9d1-1024x577.jpg 1024w, https:\/\/www.radiopiu.net\/wordpress\/wp-content\/uploads\/2020\/06\/9cdd7194-7735-47f0-b1fa-1fc6ab40f9d1-768x433.jpg 768w, https:\/\/www.radiopiu.net\/wordpress\/wp-content\/uploads\/2020\/06\/9cdd7194-7735-47f0-b1fa-1fc6ab40f9d1-1536x866.jpg 1536w, https:\/\/www.radiopiu.net\/wordpress\/wp-content\/uploads\/2020\/06\/9cdd7194-7735-47f0-b1fa-1fc6ab40f9d1.jpg 2048w\" sizes=\"auto, (max-width: 300px) 100vw, 300px\" \/><\/a>\n\t\t\t\t<\/dt><\/dl><dl class='gallery-item'>\n\t\t\t\t<dt class='gallery-icon landscape'>\n\t\t\t\t\t<a class=\"rollover\" href='https:\/\/www.radiopiu.net\/wordpress\/lultimo-giorno-della-cartoleria-miola-ad-agordo\/9e0eb23b-80e6-48f4-9ff7-55e86d969fb4\/'><img loading=\"lazy\" decoding=\"async\" width=\"300\" height=\"169\" src=\"https:\/\/www.radiopiu.net\/wordpress\/wp-content\/uploads\/2020\/06\/9e0eb23b-80e6-48f4-9ff7-55e86d969fb4-300x169.jpg\" class=\"attachment-medium size-medium\" alt=\"\" srcset=\"https:\/\/www.radiopiu.net\/wordpress\/wp-content\/uploads\/2020\/06\/9e0eb23b-80e6-48f4-9ff7-55e86d969fb4-300x169.jpg 300w, https:\/\/www.radiopiu.net\/wordpress\/wp-content\/uploads\/2020\/06\/9e0eb23b-80e6-48f4-9ff7-55e86d969fb4-1024x577.jpg 1024w, https:\/\/www.radiopiu.net\/wordpress\/wp-content\/uploads\/2020\/06\/9e0eb23b-80e6-48f4-9ff7-55e86d969fb4-768x433.jpg 768w, https:\/\/www.radiopiu.net\/wordpress\/wp-content\/uploads\/2020\/06\/9e0eb23b-80e6-48f4-9ff7-55e86d969fb4-1536x866.jpg 1536w, https:\/\/www.radiopiu.net\/wordpress\/wp-content\/uploads\/2020\/06\/9e0eb23b-80e6-48f4-9ff7-55e86d969fb4.jpg 2048w\" sizes=\"auto, (max-width: 300px) 100vw, 300px\" \/><\/a>\n\t\t\t\t<\/dt><\/dl><dl class='gallery-item'>\n\t\t\t\t<dt class='gallery-icon landscape'>\n\t\t\t\t\t<a class=\"rollover\" href='https:\/\/www.radiopiu.net\/wordpress\/lultimo-giorno-della-cartoleria-miola-ad-agordo\/6353f9dc-7701-44fa-b31c-14c21083105a\/'><img loading=\"lazy\" decoding=\"async\" width=\"300\" height=\"169\" src=\"https:\/\/www.radiopiu.net\/wordpress\/wp-content\/uploads\/2020\/06\/6353f9dc-7701-44fa-b31c-14c21083105a-300x169.jpg\" class=\"attachment-medium size-medium\" alt=\"\" srcset=\"https:\/\/www.radiopiu.net\/wordpress\/wp-content\/uploads\/2020\/06\/6353f9dc-7701-44fa-b31c-14c21083105a-300x169.jpg 300w, https:\/\/www.radiopiu.net\/wordpress\/wp-content\/uploads\/2020\/06\/6353f9dc-7701-44fa-b31c-14c21083105a-1024x577.jpg 1024w, https:\/\/www.radiopiu.net\/wordpress\/wp-content\/uploads\/2020\/06\/6353f9dc-7701-44fa-b31c-14c21083105a-768x433.jpg 768w, https:\/\/www.radiopiu.net\/wordpress\/wp-content\/uploads\/2020\/06\/6353f9dc-7701-44fa-b31c-14c21083105a-1536x866.jpg 1536w, https:\/\/www.radiopiu.net\/wordpress\/wp-content\/uploads\/2020\/06\/6353f9dc-7701-44fa-b31c-14c21083105a.jpg 2048w\" sizes=\"auto, (max-width: 300px) 100vw, 300px\" \/><\/a>\n\t\t\t\t<\/dt><\/dl><br style=\"clear: both\" \/>\n\t\t\t<\/div>\n\n<p>&nbsp;<\/p>\n<audio class=\"wp-audio-shortcode\" id=\"audio-147069-9\" preload=\"none\" style=\"width: 100%;\" controls=\"controls\"><source type=\"audio\/mpeg\" src=\"https:\/\/www.radiopiu.net\/wordpress\/wp-content\/uploads\/2020\/06\/GIANNI-CARTOLERIA-MIOLA-2.mp3?_=9\" \/><a href=\"https:\/\/www.radiopiu.net\/wordpress\/wp-content\/uploads\/2020\/06\/GIANNI-CARTOLERIA-MIOLA-2.mp3\">https:\/\/www.radiopiu.net\/wordpress\/wp-content\/uploads\/2020\/06\/GIANNI-CARTOLERIA-MIOLA-2.mp3<\/a><\/audio>\n<p>&nbsp;<\/p>\n\n\t\t\t<style type='text\/css'>\n\t\t\t\t#gallery-2 {\n\t\t\t\t\tmargin: auto;\n\t\t\t\t}\n\t\t\t\t#gallery-2 .gallery-item {\n\t\t\t\t\tfloat: left;\n\t\t\t\t\tmargin-top: 10px;\n\t\t\t\t\ttext-align: center;\n\t\t\t\t\twidth: 50%;\n\t\t\t\t}\n\t\t\t\t#gallery-2 img {\n\t\t\t\t\tborder: 2px solid #cfcfcf;\n\t\t\t\t}\n\t\t\t\t#gallery-2 .gallery-caption {\n\t\t\t\t\tmargin-left: 0;\n\t\t\t\t}\n\t\t\t\t\/* see gallery_shortcode() in wp-includes\/media.php *\/\n\t\t\t<\/style>\n\t\t<div id='gallery-2' class='dt-gallery-container gallery galleryid-147069 gallery-columns-2 gallery-size-medium'><dl class='gallery-item'>\n\t\t\t\t<dt class='gallery-icon landscape'>\n\t\t\t\t\t<a class=\"rollover\" href='https:\/\/www.radiopiu.net\/wordpress\/lultimo-giorno-della-cartoleria-miola-ad-agordo\/img-6020\/'><img loading=\"lazy\" decoding=\"async\" width=\"300\" height=\"225\" src=\"https:\/\/www.radiopiu.net\/wordpress\/wp-content\/uploads\/2020\/06\/IMG-6020-300x225.jpg\" class=\"attachment-medium size-medium\" alt=\"\" srcset=\"https:\/\/www.radiopiu.net\/wordpress\/wp-content\/uploads\/2020\/06\/IMG-6020-300x225.jpg 300w, https:\/\/www.radiopiu.net\/wordpress\/wp-content\/uploads\/2020\/06\/IMG-6020-1024x768.jpg 1024w, https:\/\/www.radiopiu.net\/wordpress\/wp-content\/uploads\/2020\/06\/IMG-6020-768x576.jpg 768w, https:\/\/www.radiopiu.net\/wordpress\/wp-content\/uploads\/2020\/06\/IMG-6020-1536x1152.jpg 1536w, https:\/\/www.radiopiu.net\/wordpress\/wp-content\/uploads\/2020\/06\/IMG-6020-2048x1536.jpg 2048w\" sizes=\"auto, (max-width: 300px) 100vw, 300px\" \/><\/a>\n\t\t\t\t<\/dt><\/dl><dl class='gallery-item'>\n\t\t\t\t<dt class='gallery-icon landscape'>\n\t\t\t\t\t<a class=\"rollover\" href='https:\/\/www.radiopiu.net\/wordpress\/lultimo-giorno-della-cartoleria-miola-ad-agordo\/img-6021\/'><img loading=\"lazy\" decoding=\"async\" width=\"300\" height=\"225\" src=\"https:\/\/www.radiopiu.net\/wordpress\/wp-content\/uploads\/2020\/06\/IMG-6021-300x225.jpg\" class=\"attachment-medium size-medium\" alt=\"\" srcset=\"https:\/\/www.radiopiu.net\/wordpress\/wp-content\/uploads\/2020\/06\/IMG-6021-300x225.jpg 300w, https:\/\/www.radiopiu.net\/wordpress\/wp-content\/uploads\/2020\/06\/IMG-6021-1024x768.jpg 1024w, https:\/\/www.radiopiu.net\/wordpress\/wp-content\/uploads\/2020\/06\/IMG-6021-768x576.jpg 768w, https:\/\/www.radiopiu.net\/wordpress\/wp-content\/uploads\/2020\/06\/IMG-6021-1536x1152.jpg 1536w, https:\/\/www.radiopiu.net\/wordpress\/wp-content\/uploads\/2020\/06\/IMG-6021-2048x1536.jpg 2048w\" sizes=\"auto, (max-width: 300px) 100vw, 300px\" \/><\/a>\n\t\t\t\t<\/dt><\/dl><br style=\"clear: both\" \/>\n\t\t\t<\/div>\n\n<p>&nbsp;<\/p>\n<hr \/>\n<p>&nbsp;<\/p>\n<p>&nbsp;<\/p>\n<p>&nbsp;<\/p>\n<blockquote>\n<h3>LA FONDAZIONE PROTTI DONA 10MILA EURO ALLA PROTEZIONE CIVILE PROVINCIALE<\/h3>\n<\/blockquote>\n<p><strong>BELLUNO\u00a0<\/strong>La Provincia di Belluno ha ricevuto ieri mattina una donazione da parte della Fondazione Protti. Un assegno da 10mila euro a favore della Protezione Civile, come ringraziamento per il grande lavoro svolto prima nell\u2019affrontare i danni di Vaia, poi nel gestire l\u2019emergenza sanitaria.\u00a0La Fondazione, nata per ricordare la figura dell\u2019avvocato Carlo Protti (deputato della Repubblica tra gli anni Sessanta e Settanta) e della moglie Maria Laura Bocchetti, solitamente organizzava le annuali borse di studio per gli studenti bellunesi che conseguivano il diploma di maturit\u00e0 con il massimo dei voti. Quest\u2019anno, per\u00f2, a causa della pandemia Covid, ha deciso di destinare diversamente il premio, dato che l\u2019esame di maturit\u00e0 \u201cd\u2019emergenza\u201d non rispetta i criteri previsti dallo statuto della Fondazione.<\/p>\n<p>&nbsp;<\/p>\n<p>&nbsp;<\/p>\n<hr \/>\n<p>&nbsp;<\/p>\n<blockquote>\n<h3>FELTRE: PRESENTATA LA TOTEM CARD 2020 PER L&#8217;ACCESSO A PREZZO RIDOTTO AI MUSEI<\/h3>\n<\/blockquote>\n<p><strong><a class=\"dt-pswp-item\" href=\"https:\/\/www.radiopiu.net\/wordpress\/wp-content\/uploads\/2020\/06\/397780db-683c-4237-961f-d0976359bb6c.jpg\" data-dt-img-description=\"\" data-large_image_width=\"2000\" data-large_image_height=\"1500\"><img loading=\"lazy\" decoding=\"async\" class=\" wp-image-147185 alignleft\" src=\"https:\/\/www.radiopiu.net\/wordpress\/wp-content\/uploads\/2020\/06\/397780db-683c-4237-961f-d0976359bb6c-300x225.jpg\" alt=\"\" width=\"212\" height=\"159\" srcset=\"https:\/\/www.radiopiu.net\/wordpress\/wp-content\/uploads\/2020\/06\/397780db-683c-4237-961f-d0976359bb6c-300x225.jpg 300w, https:\/\/www.radiopiu.net\/wordpress\/wp-content\/uploads\/2020\/06\/397780db-683c-4237-961f-d0976359bb6c-1024x768.jpg 1024w, https:\/\/www.radiopiu.net\/wordpress\/wp-content\/uploads\/2020\/06\/397780db-683c-4237-961f-d0976359bb6c-768x576.jpg 768w, https:\/\/www.radiopiu.net\/wordpress\/wp-content\/uploads\/2020\/06\/397780db-683c-4237-961f-d0976359bb6c-1536x1152.jpg 1536w, https:\/\/www.radiopiu.net\/wordpress\/wp-content\/uploads\/2020\/06\/397780db-683c-4237-961f-d0976359bb6c.jpg 2000w\" sizes=\"auto, (max-width: 212px) 100vw, 212px\" \/><\/a>FELTRE\u00a0<\/strong>Sono state presentate ieri mattina in Sala degli Stemmi le novit\u00e0 relative all&#8217;edizione 2020 della ToTem Card, lo strumento che dal 2018 consente l&#8217;accesso a prezzo ridotto a tutte le principali strutture museali e culturali della citt\u00e0 di Feltre.\u00a0La cittadella, come noto, \u00e8 interessata in questi mesi da una serie di cantieri che riguardano alcune delle sue bellezze storiche e architettoniche pi\u00f9 caratteristiche. Durante quest&#8217;estate (da l 1 luglio al 30 settembre) sar\u00e0 comunque possibile accedere alla Galleria d&#8217;Arte Moderna \u201cCarlo Rizzarda\u201d, al Museo Civico, alla Torre dell&#8217;Orologio e al Museo Diocesano d&#8217;Arte Sacra.\u00a0In pi\u00f9, grande novit\u00e0 di quest&#8217;anno, l&#8217;acceso alle prigioni di Palazzo Pretorio, visitabili dal prossimo 24 luglio urante le ore serali. in un percorso illuminato di particolare suggestione. <a class=\"dt-pswp-item\" href=\"https:\/\/www.radiopiu.net\/wordpress\/wp-content\/uploads\/2020\/06\/9ced8481-d9c4-461a-b16d-e9cf305c9412.jpg\" data-dt-img-description=\"\" data-large_image_width=\"2000\" data-large_image_height=\"1500\"><img loading=\"lazy\" decoding=\"async\" class=\" wp-image-147186 alignright\" src=\"https:\/\/www.radiopiu.net\/wordpress\/wp-content\/uploads\/2020\/06\/9ced8481-d9c4-461a-b16d-e9cf305c9412-300x225.jpg\" alt=\"\" width=\"221\" height=\"166\" srcset=\"https:\/\/www.radiopiu.net\/wordpress\/wp-content\/uploads\/2020\/06\/9ced8481-d9c4-461a-b16d-e9cf305c9412-300x225.jpg 300w, https:\/\/www.radiopiu.net\/wordpress\/wp-content\/uploads\/2020\/06\/9ced8481-d9c4-461a-b16d-e9cf305c9412-1024x768.jpg 1024w, https:\/\/www.radiopiu.net\/wordpress\/wp-content\/uploads\/2020\/06\/9ced8481-d9c4-461a-b16d-e9cf305c9412-768x576.jpg 768w, https:\/\/www.radiopiu.net\/wordpress\/wp-content\/uploads\/2020\/06\/9ced8481-d9c4-461a-b16d-e9cf305c9412-1536x1152.jpg 1536w, https:\/\/www.radiopiu.net\/wordpress\/wp-content\/uploads\/2020\/06\/9ced8481-d9c4-461a-b16d-e9cf305c9412.jpg 2000w\" sizes=\"auto, (max-width: 221px) 100vw, 221px\" \/><\/a>La ToTem Card sar\u00e0 acquistabile presso le sedi visitabili, l&#8217;Ufficio Turistico di Piazza Maggiore e, altra importante novit\u00e0 del 2020, nelle edicole della citt\u00e0 che aderiranno all&#8217;iniziativa.\u00a0La Card, a prezzo ridotto per i residenti, sar\u00e0 inoltre GRATUITA per chi pernotter\u00e0 almeno una notte in una struttura ricettiva del Comune di Feltre.\u00a0Tutte le info con prezzi, riduzioni, orari e dettagli dell&#8217;iniziativa su https:\/\/www.visitfeltre.info\/servizi\/totem-card\/<\/p>\n<p><strong>ALESSANDRO DEL BIANCO, ASSESSORE DEL COMUNE DI FELTRE<\/strong><\/p>\n<audio class=\"wp-audio-shortcode\" id=\"audio-147069-10\" preload=\"none\" style=\"width: 100%;\" controls=\"controls\"><source type=\"audio\/mpeg\" src=\"https:\/\/www.radiopiu.net\/wordpress\/wp-content\/uploads\/2020\/06\/Ass.-Del-Bianco-su-ToTem-Card-2020.mp3?_=10\" \/><a href=\"https:\/\/www.radiopiu.net\/wordpress\/wp-content\/uploads\/2020\/06\/Ass.-Del-Bianco-su-ToTem-Card-2020.mp3\">https:\/\/www.radiopiu.net\/wordpress\/wp-content\/uploads\/2020\/06\/Ass.-Del-Bianco-su-ToTem-Card-2020.mp3<\/a><\/audio>\n<p><strong>TIZIANA CASAGRANDE SULLE MOSTRE ESTIVE DI FELTRE<\/strong><\/p>\n<audio class=\"wp-audio-shortcode\" id=\"audio-147069-11\" preload=\"none\" style=\"width: 100%;\" controls=\"controls\"><source type=\"audio\/mpeg\" src=\"https:\/\/www.radiopiu.net\/wordpress\/wp-content\/uploads\/2020\/06\/Tiziana-Casagrande-su-mostre-estive.mp3?_=11\" \/><a href=\"https:\/\/www.radiopiu.net\/wordpress\/wp-content\/uploads\/2020\/06\/Tiziana-Casagrande-su-mostre-estive.mp3\">https:\/\/www.radiopiu.net\/wordpress\/wp-content\/uploads\/2020\/06\/Tiziana-Casagrande-su-mostre-estive.mp3<\/a><\/audio>\n<p>&nbsp;<\/p>\n<p>&nbsp;<\/p>\n<hr \/>\n<p>&nbsp;<\/p>\n<blockquote>\n<h3>PROLOCO IN MOVIMENTO, OLTRE IL CORONAVIRUS<\/h3>\n<\/blockquote>\n<p><strong><a class=\"dt-pswp-item\" href=\"https:\/\/www.radiopiu.net\/wordpress\/wp-content\/uploads\/2019\/11\/foto-sedico.jpg\" data-dt-img-description=\"\" data-large_image_width=\"1600\" data-large_image_height=\"1200\"><img loading=\"lazy\" decoding=\"async\" class=\" wp-image-105261 alignleft\" src=\"https:\/\/www.radiopiu.net\/wordpress\/wp-content\/uploads\/2019\/11\/foto-sedico-300x225.jpg\" alt=\"\" width=\"173\" height=\"130\" srcset=\"https:\/\/www.radiopiu.net\/wordpress\/wp-content\/uploads\/2019\/11\/foto-sedico-300x225.jpg 300w, https:\/\/www.radiopiu.net\/wordpress\/wp-content\/uploads\/2019\/11\/foto-sedico-768x576.jpg 768w, https:\/\/www.radiopiu.net\/wordpress\/wp-content\/uploads\/2019\/11\/foto-sedico-1024x768.jpg 1024w, https:\/\/www.radiopiu.net\/wordpress\/wp-content\/uploads\/2019\/11\/foto-sedico.jpg 1600w\" sizes=\"auto, (max-width: 173px) 100vw, 173px\" \/><\/a>SEDICO<\/strong> Nonostante il Corona virus la Pro Loco Sedico non si ferma. Recuperate con grande successo ed entusiasmo le due iniziative dell\u2019Associazione, rimaste in stand-by a causa dell\u2019emergenza sanitaria. La lotteria del Carnevale di Sedico ed il pranzo di ringraziamento per i volontari dello stesso, sono stati recuperati in date separate nel corso del mese di giugno. L\u2019estrazione dei biglietti vincenti si \u00e8 svolta IL 9 giugno, giorno importante per la Pro Loco, in quanto si \u00e8 riunito il consiglio direttivo e il riconfermato Presidente Claudio Mezzavilla.\u00a0 Il pranzo dei collaboratori del carnevale, \u00e8 stato realizzato in forma ridotta a Villa Patt di Sedico.\u00a0 &#8220;Abbiamo assaporato nuovamente l\u2019allegria e l\u2019entusiasmo del carnevale in un momento particolarmente difficile per la nostra comunit\u00e0 &#8211; dice il presidente &#8211; grazie a tutti i volontari,\u00a0 al gruppo\u00a0 Giardini, alla protezione civile, a tutti&#8221;. Erano presenti al pranzo un rappresentante del Consorzio Turistico Dolomiti Prealpi, organizzatore del carnevale di Feltre al quale partecipa il gruppo di Sedico cos\u00ec come a Belluno, tra i tanti anche le autorit\u00e0 locali ed i parroci in un momento di\u00a0 condivisione della ritrovata socialit\u00e0.<\/p>\n<p>&nbsp;<\/p>\n<hr \/>\n<blockquote>\n<h3><\/h3>\n<h3>FINE GIUGNO CALDO IN VENETO, BREVE FASE DI INSTABILIT\u00c0 VENERD\u00cc 3 LUGLIO CON TEMPORANEO CALO TERMICO<\/h3>\n<\/blockquote>\n<p><strong><a class=\"dt-pswp-item\" href=\"https:\/\/www.radiopiu.net\/wordpress\/wp-content\/uploads\/2020\/06\/Schermata-2020-06-30-alle-15.45.05.png\" data-dt-img-description=\"\" data-large_image_width=\"1432\" data-large_image_height=\"882\"><img loading=\"lazy\" decoding=\"async\" class=\" wp-image-147177 alignleft\" src=\"https:\/\/www.radiopiu.net\/wordpress\/wp-content\/uploads\/2020\/06\/Schermata-2020-06-30-alle-15.45.05-300x185.png\" alt=\"\" width=\"430\" height=\"265\" srcset=\"https:\/\/www.radiopiu.net\/wordpress\/wp-content\/uploads\/2020\/06\/Schermata-2020-06-30-alle-15.45.05-300x185.png 300w, https:\/\/www.radiopiu.net\/wordpress\/wp-content\/uploads\/2020\/06\/Schermata-2020-06-30-alle-15.45.05-1024x631.png 1024w, https:\/\/www.radiopiu.net\/wordpress\/wp-content\/uploads\/2020\/06\/Schermata-2020-06-30-alle-15.45.05-768x473.png 768w, https:\/\/www.radiopiu.net\/wordpress\/wp-content\/uploads\/2020\/06\/Schermata-2020-06-30-alle-15.45.05.png 1432w\" sizes=\"auto, (max-width: 430px) 100vw, 430px\" \/><\/a>PADOVA<\/strong> Dopo una breve pausa pi\u00f9 fresca nelle giornate di gioved\u00ec 25 e venerd\u00ec 26, le temperature nel corso di questo ultimo scorcio di giugno sono riprese a salire raggiungendo valori di nuovo intorno alla norma sabato 27 e sopra la media tra domenica 28 e luned\u00ec 29, quando l\u2019ulteriore avanzamento dell\u2019alta pressione sul Mediterraneo occidentale ha favorito l\u2019arrivo anche sul Nord d\u2019Italia di masse d\u2019aria calda di origine sub-tropicale. Condizioni di tempo tipicamente estivo nella regione, con giornate ben soleggiate e calde salvo una consueta variabilit\u00e0 pomeridiana a ridosso dei rilievi, risultata pi\u00f9 accentuata ed estesa fino a parte della pianura nord-orientale nel pomeriggio di luned\u00ec con manifestazioni temporalesche anche intense. Luned\u00ec 29 le temperature massime sono risultate pressoch\u00e9 stabili rispetto a domenica su buona parte della pianura centro-occidentale e meridionale, con punte massime intorno ai 32-34\u00b0C, mentre sulle zone montane e pedemontane orientali e sulla pianura nord-orientale sono calate a causa dei rovesci e temporali registrati nel pomeriggio. Prima del sopraggiungere del fronte temporalesco, l\u2019afflusso di aria piuttosto umida proveniente dal mare ha inoltre peggiorato le condizioni di afa soprattutto lungo la costa e nel vicino entroterra della pianura orientale mentre sul resto della pianura una ventilazione abbastanza sostenuta dai quadranti occidentali ha mantenuto tassi di umidit\u00e0 pi\u00f9 contenuti. Dopo il passaggio temporalesco un moderato ricambio della massa d\u2019aria e il disporsi di una ventilazione dai quadranti orientali ha favorito un contenuto abbassamento delle temperature e un miglioramento delle condizioni di afa su buona parte della pianura e della costa. Le previsioni per il resto della settimana Tra marted\u00ec 30 e fino a gran parte di gioved\u00ec 2 luglio, nonostante dei tratti di variabilit\u00e0, le temperature si manterranno su valori ancora superiori alla norma, sia nei valori minimi, che in pianura difficilmente scenderanno sotto i 20\u00b0C, sia in quelli massimi che gioved\u00ec potranno localmente arrivare a punte di 34-35\u00b0C nella pianura meridionale (4-5\u00b0C sopra la media). Tra gioved\u00ec pomeriggio e venerd\u00ec 3 \u00e8 prevista invece una fase di tempo instabile con rovesci e temporali sparsi che potranno favorire un temporaneo calo delle temperature, specie nei valori massimi e nella giornata di venerd\u00ec. Nel fine settimana dovrebbero invece ristabilirsi condizioni di tempo stabile e soleggiato con temperature in ripresa ma su valori intorno alla media.<\/p>\n<p>&nbsp;<\/p>\n<p>&nbsp;<\/p>\n<hr \/>\n<p>&nbsp;<\/p>\n<blockquote>\n<h3>LE \u201cPANS\u00c8LE\u201d DI TAIBON AGORDINO<\/h3>\n<\/blockquote>\n<p><b><a class=\"dt-pswp-item\" href=\"https:\/\/www.radiopiu.net\/wordpress\/wp-content\/uploads\/2020\/06\/Foto-Taibon-anni-20.png\" data-dt-img-description=\"\" data-large_image_width=\"870\" data-large_image_height=\"644\"><img loading=\"lazy\" decoding=\"async\" class=\"size-medium wp-image-147204 alignleft\" src=\"https:\/\/www.radiopiu.net\/wordpress\/wp-content\/uploads\/2020\/06\/Foto-Taibon-anni-20-300x222.png\" alt=\"\" width=\"300\" height=\"222\" srcset=\"https:\/\/www.radiopiu.net\/wordpress\/wp-content\/uploads\/2020\/06\/Foto-Taibon-anni-20-300x222.png 300w, https:\/\/www.radiopiu.net\/wordpress\/wp-content\/uploads\/2020\/06\/Foto-Taibon-anni-20-768x568.png 768w, https:\/\/www.radiopiu.net\/wordpress\/wp-content\/uploads\/2020\/06\/Foto-Taibon-anni-20.png 870w\" sizes=\"auto, (max-width: 300px) 100vw, 300px\" \/><\/a>a cura di Alessandro Savio<\/b><\/p>\n<p>Il termine dialettale <b>\u201c<\/b>Pans\u00e8le\u201d ha il significato di terrazzamenti che costituiscono dei ripiani ad uso agricolo ricavati sul versante della montagna. Essi sono una vera testimonianza del paesaggio rurale e della tenace opera dell\u2019uomo, che negli anni , per una questione di sopravvivenza ha ricavato degli ambiti coltivabili da adibire a campi di patate,granoturco e cereali con la costruzione di muri a secco sulle pendici della montagna in un ambiente di notevole pendenza e poca terra vegetale superficiale,trasformando appunto quel terreno ripido in ripiani coltivabili per il sostentamento delle famiglie. Questi manufatti , costituiti da muri a secco di pietra locale di varie pezzature erano e sono un elemento integrante del paesaggio, vere e proprie opere d\u2019arte eseguite senza leganti<span class=\"Apple-converted-space\">\u00a0 <\/span>e senza l\u2019ausilio di calcoli statici , ma solo con l\u2019esperienza e la sapienza tramandata oralmente dai nostri avi. Le \u201cPans\u00e8le\u201d sono collegate fra loro ,talvolta con gradini in pietra squadrata, abilmente lavorata dagli scalpellini locali, o con dei sentieri piuttosto stretti e ripidi, delimitati da \u201cMasiere\u201d , ovvero cumuli di sassi da ambo le parti che avevano la doppia funzione di dissodare il territorio e di tracciare la viabilit\u00e0. Sicuramente anche la terra vegetale \u00e8 stata riportata nei vari luoghi dal fondovalle per sottrarre alla montagna sterile degli appezzamenti praticabili e semipianeggianti. L\u2019immane lavoro dell\u2019uomo , sprovvisto all\u2019epoca di adeguati mezzi,costituiva anche un effettivo rimedio contro le frane, la regimazione delle acque e la cura del territorio, costantemente monitorato<span class=\"Apple-converted-space\">\u00a0 <\/span>e rispettato per permettere la pratica della agricoltura anche sui versanti pi\u00f9 acclivi. La testimonianza di queste \u201cPans\u00e8le\u201d \u00e8 visibile nelle localit\u00e0 sopra Forno<span class=\"Apple-converted-space\">\u00a0 <\/span>di Val e Villanova , alle pendici della prima Pala di San Lucano ove si possono notare dei muri a secco in pietra ad opera incerta di notevoli dimensioni, realizzati con vera maestria nei secoli passati. E\u2019 superfluo segnalare che in questi siti sarebbe opportuno avere la massima cura del territorio sia per rispetto dei nostri Avi, ma soprattutto per valorizzare quei<span class=\"Apple-converted-space\">\u00a0 <\/span>luoghi<span class=\"Apple-converted-space\">\u00a0 <\/span>mediante dei percorsi poco invasivi,<span class=\"Apple-converted-space\">\u00a0 <\/span>attuando il recupero e la continuazione di quelli esistenti, poich\u00e8 questi manufatti che si trasmettono da generazioni in generazioni sono delle opere naturali di mitigazione del rischio idraulico ed idrogeologico. In particolare vorremmo segnalare un aneddoto del recupero estremo del territorio<span class=\"Apple-converted-space\">\u00a0 <\/span>per scopi agricoli verificatosi nel secolo scorso: in Valle di San Lucano nella localit\u00e0 denominata \u201c Prombianch\u201d, c\u2019\u00e8 una antica casa , addossata ad un grande masso adiacente alla strada principale che conduce in Valle, dai ricordi degli abitanti del luogo , si dice che in passato sulla sommit\u00e0 del grande masso erratico,<span class=\"Apple-converted-space\">\u00a0 <\/span>fu trasportato uno strato di terra vegetale tanto da realizzare un minuscolo appezzamento di terreno<span class=\"Apple-converted-space\">\u00a0 <\/span>pianeggiante per coltivare degli ortaggi. Sul lato del sasso verso la casa furono scolpiti dei gradini nella roccia per agevolare l\u2019accesso all\u2019orto. Tutto questo dimostra la sagacia ed i sacrifici fatti per sfruttare al massimo l\u2019arido territorio delle nostre zona di montagna .<\/p>\n<p><b><span class=\"Apple-converted-space\">\u00a0 \u00a0 \u00a0 \u00a0 \u00a0 \u00a0 \u00a0 \u00a0 \u00a0 \u00a0 \u00a0 \u00a0 \u00a0 \u00a0 \u00a0 \u00a0 \u00a0 \u00a0 \u00a0 \u00a0 \u00a0 \u00a0 \u00a0 \u00a0 \u00a0 \u00a0 \u00a0 \u00a0 \u00a0 \u00a0 \u00a0 \u00a0 \u00a0 \u00a0 \u00a0 \u00a0 \u00a0 \u00a0 \u00a0 \u00a0 \u00a0 \u00a0 \u00a0 \u00a0 \u00a0 \u00a0 \u00a0 \u00a0 \u00a0 \u00a0 \u00a0 \u00a0 \u00a0 \u00a0 \u00a0 \u00a0 \u00a0 \u00a0 \u00a0 \u00a0 \u00a0 \u00a0 \u00a0<\/span><\/b><\/p>\n<p><b> NOTERELLE STORICHE E TOPONOMASTICHE<\/b><\/p>\n<p><span class=\"Apple-converted-space\"> <a class=\"dt-pswp-item\" href=\"https:\/\/www.radiopiu.net\/wordpress\/wp-content\/uploads\/2020\/06\/Casa-di-PROMBIANCH.png\" data-dt-img-description=\"\" data-large_image_width=\"870\" data-large_image_height=\"634\"><img loading=\"lazy\" decoding=\"async\" class=\"size-medium wp-image-147209 alignright\" src=\"https:\/\/www.radiopiu.net\/wordpress\/wp-content\/uploads\/2020\/06\/Casa-di-PROMBIANCH-300x219.png\" alt=\"\" width=\"300\" height=\"219\" srcset=\"https:\/\/www.radiopiu.net\/wordpress\/wp-content\/uploads\/2020\/06\/Casa-di-PROMBIANCH-300x219.png 300w, https:\/\/www.radiopiu.net\/wordpress\/wp-content\/uploads\/2020\/06\/Casa-di-PROMBIANCH-768x560.png 768w, https:\/\/www.radiopiu.net\/wordpress\/wp-content\/uploads\/2020\/06\/Casa-di-PROMBIANCH.png 870w\" sizes=\"auto, (max-width: 300px) 100vw, 300px\" \/><\/a><\/span>Il toponimo Prombianch , localit\u00e0 appartenente alla antica Regola di Forno di Val, viene documentato nel lontano 1548 e denominato \u201cCandaten de Job\u201d dal suo possessore Job della Decima. Vi sono in Provincia di Belluno tre localit\u00e0 chiamate Candaten<span class=\"Apple-converted-space\">\u00a0 <\/span>, una a Tallandino di Mel , una in Comune di Sedico nelle vicinanze della Stanga, e la nostra in Comune di Taibon Agordino. Si pu\u00f2 pensare pertanto che secondo le valutazioni etimologiche della provenienza del termine , esso possa risalire al celtico \u201cKando\u201d, rilucente , chiaro, col senso di \u201cpietra chiara\u201d ovvero \u201c peron bianco\u201d da cui il sinonimo di \u201cPrombianch\u201d.<\/p>\n<p>( notizie pubblicate in occasione dell\u2019inaugurazione del capitello di Prombianch in data 22.07.2006 toponimi di Taibon Tito DeNardin e Giovanni Tomasi)<\/p>\n<p>&nbsp;<\/p>\n<p>&nbsp;<\/p>\n<hr \/>\n<p>&nbsp;<\/p>\n<h2>IERI ALLA RADIO<\/h2>\n<h2><span style=\"color: #ff00ff;\"><strong>ZAINO AL FEMMINILE LA QUARTA PUNTATA DI PAOLA LANCIATO, NEIVE<\/strong><\/span><\/h2>\n<p><a class=\"dt-pswp-item\" href=\"https:\/\/www.radiopiu.net\/wordpress\/wp-content\/uploads\/2020\/06\/d9b0e432-16e4-462d-8473-4be3387edcc8.jpg\" data-dt-img-description=\"\" data-large_image_width=\"900\" data-large_image_height=\"600\"><img loading=\"lazy\" decoding=\"async\" class=\"alignnone size-medium wp-image-147189\" src=\"https:\/\/www.radiopiu.net\/wordpress\/wp-content\/uploads\/2020\/06\/d9b0e432-16e4-462d-8473-4be3387edcc8-300x200.jpg\" alt=\"\" width=\"300\" height=\"200\" srcset=\"https:\/\/www.radiopiu.net\/wordpress\/wp-content\/uploads\/2020\/06\/d9b0e432-16e4-462d-8473-4be3387edcc8-300x200.jpg 300w, https:\/\/www.radiopiu.net\/wordpress\/wp-content\/uploads\/2020\/06\/d9b0e432-16e4-462d-8473-4be3387edcc8-768x512.jpg 768w, https:\/\/www.radiopiu.net\/wordpress\/wp-content\/uploads\/2020\/06\/d9b0e432-16e4-462d-8473-4be3387edcc8.jpg 900w\" sizes=\"auto, (max-width: 300px) 100vw, 300px\" \/><\/a><a class=\"dt-pswp-item\" href=\"https:\/\/www.radiopiu.net\/wordpress\/wp-content\/uploads\/2020\/06\/7496723c-4b95-4e6d-b350-cbe44d143359.jpg\" data-dt-img-description=\"\" data-large_image_width=\"512\" data-large_image_height=\"341\"><img loading=\"lazy\" decoding=\"async\" class=\"alignnone size-medium wp-image-147190\" src=\"https:\/\/www.radiopiu.net\/wordpress\/wp-content\/uploads\/2020\/06\/7496723c-4b95-4e6d-b350-cbe44d143359-300x200.jpg\" alt=\"\" width=\"300\" height=\"200\" srcset=\"https:\/\/www.radiopiu.net\/wordpress\/wp-content\/uploads\/2020\/06\/7496723c-4b95-4e6d-b350-cbe44d143359-300x200.jpg 300w, https:\/\/www.radiopiu.net\/wordpress\/wp-content\/uploads\/2020\/06\/7496723c-4b95-4e6d-b350-cbe44d143359.jpg 512w\" sizes=\"auto, (max-width: 300px) 100vw, 300px\" \/><\/a><\/p>\n<p>&nbsp;<\/p>\n<audio class=\"wp-audio-shortcode\" id=\"audio-147069-12\" preload=\"none\" style=\"width: 100%;\" controls=\"controls\"><source type=\"audio\/mpeg\" src=\"https:\/\/www.radiopiu.net\/wordpress\/wp-content\/uploads\/2020\/06\/ZAINO.mp3?_=12\" \/><a href=\"https:\/\/www.radiopiu.net\/wordpress\/wp-content\/uploads\/2020\/06\/ZAINO.mp3\">https:\/\/www.radiopiu.net\/wordpress\/wp-content\/uploads\/2020\/06\/ZAINO.mp3<\/a><\/audio>\n<p>&nbsp;<\/p>\n<p>&nbsp;<\/p>\n<hr \/>\n<p>&nbsp;<\/p>\n<p>&nbsp;<\/p>\n<h2><a class=\"dt-pswp-item\" href=\"https:\/\/www.radiopiu.net\/wordpress\/wp-content\/uploads\/2020\/06\/PARK-HOTEL-VILLA-IMPERINA.jpg\" data-dt-img-description=\"\" data-large_image_width=\"512\" data-large_image_height=\"339\"><img loading=\"lazy\" decoding=\"async\" class=\"size-medium wp-image-147162 alignleft\" src=\"https:\/\/www.radiopiu.net\/wordpress\/wp-content\/uploads\/2020\/06\/PARK-HOTEL-VILLA-IMPERINA-300x199.jpg\" alt=\"\" width=\"300\" height=\"199\" srcset=\"https:\/\/www.radiopiu.net\/wordpress\/wp-content\/uploads\/2020\/06\/PARK-HOTEL-VILLA-IMPERINA-300x199.jpg 300w, https:\/\/www.radiopiu.net\/wordpress\/wp-content\/uploads\/2020\/06\/PARK-HOTEL-VILLA-IMPERINA.jpg 512w\" sizes=\"auto, (max-width: 300px) 100vw, 300px\" \/><\/a><span style=\"color: #800080;\">MARTINA ZORZI, PARK HOTEL VILLA IMPERINA<\/span><\/h2>\n<p><strong>di Claudio Fontanive<\/strong><\/p>\n<audio class=\"wp-audio-shortcode\" id=\"audio-147069-13\" preload=\"none\" style=\"width: 100%;\" controls=\"controls\"><source type=\"audio\/mpeg\" src=\"https:\/\/www.radiopiu.net\/wordpress\/wp-content\/uploads\/2020\/06\/martina-zorzi-villa-imperina-30-giugno.mp3?_=13\" \/><a href=\"https:\/\/www.radiopiu.net\/wordpress\/wp-content\/uploads\/2020\/06\/martina-zorzi-villa-imperina-30-giugno.mp3\">https:\/\/www.radiopiu.net\/wordpress\/wp-content\/uploads\/2020\/06\/martina-zorzi-villa-imperina-30-giugno.mp3<\/a><\/audio>\n<p>&nbsp;<\/p>\n<p>&nbsp;<\/p>\n<hr \/>\n<p>&nbsp;<\/p>\n<blockquote>\n<h2>LA LUNGA M\u00c8RICA CON 48 POESIE DI GIANNI SECCO DEI \u201cBELUMAT\u201d di Renato Bona<\/h2>\n<\/blockquote>\n<div class=\"_3_bl\">\n<div class=\"_5w1r _3_om _5wdf\">\n<div class=\"_4gx_\">\n<div class=\"_1aa6\">\n<div><strong>BELLUNO<\/strong> Una zia materna Emi, cui ero particolarmente affezionato, costretta ad emigrare in Svizzera per lustri, mi ha portato fin da fanciullo a coltivare grande interesse per il mondo dell\u2019emigrazione tanto da essere divenuto, ormai giornalista professionista, semplice collaboratore prima e dirigente poi, dell\u2019Associazione emigranti bellunesi, ora Bellunesi nel Mondo. A prescindere da tutto ci\u00f2, ero grande amico, come lo sono ancor oggi di Giorgio Fornasier, di Gianluigi Secco, recentemente scomparso (27 marzo 2020). Vengo al dunque: riordinando immagini e testi vari del settore emigrazione, ho rinvenuto una sorta di quadernetto (36 pagine copertine comprese) intitolato: La lunga M\u00e8rica\u201d. Si tratta del \u201cdiario poetico di un viaggio tra gli emigranti veneti del Sud America\u201d, compilato proprio da Secco (finito di stampare nel febbraio1982 da Grafiche Antiga di Crocetta del Montello) per la Belumat editrice Belluno. Dopo una litografia di Franco Fiabane ed una prefazione del giornalista de Il Gazzettino di Venezia, Ivo Prandin, ecco l\u2019introduzione a quattro mani curata da me che stendo queste note e dall\u2019amico-collega Italo Salomon, e quella di Agostino Perale . Prandin a conclusione del suo contributo scriveva: \u201c\u2026non \u00e8 stato un viaggio sterile: dell\u2019emigrazione Secco ci ha mostrato anche l\u2019immenso amore, il cuore di quella gente, il lavoro gigantesco, lo spirito da pioniere, la vita grande ed infinita, la \u2018rinascita\u2019 nei figli.. Sicch\u00e9 alla fine ci si pu\u00f2 ben sentire, con il poeta, \u2018sazi del ricevuto\u2019 e la presenza non \u00e8 pi\u00f9 di un impossibile ritorno, di una \u2018patria inesistente\u2019 ma di una saldatura oltre lo spazio dell\u2019oceano e oltre il tempo delle generazioni. La Patria non \u00e8 solamente \u2018un posto: \u00e8 anzitutto un sentimento\u201d. A firma Renato Bona e Italo Salomon si affermava fra l\u2019altro: \u201c\u2026 Poesia, quella di Gianni, detta con poche parole, spesso velate di tristezza; con brevi accenti di richiamo ad un\u2019esistenza sofferta da tanti emigranti, dai nostri lavoratori italiani, dai veneti in primo piano che, attorno ad una tavolo ad ascoltarlo, godevano di un collegamento con l\u2019Italia sempre pi\u00f9 labile, sempre pi\u00f9 debole, sempre pi\u00f9 smunto\u2026 i versi di Gianni sono dunque una pellicola densa di avvenimenti, impressionata da taglio artistico; serie di foto sviluppate da un obiettivo che parte dalla cronaca per salire ai livelli pi\u00f9 alti. Il sole, il caldo, i fiori, il paesaggio, i tratti somatici, l\u2019ambiente, \u2018quella\u2019 vita, la generosit\u00e0, il coraggio, il sacrificio ed il pianto dei nostri e degli altri gli hanno ispirato questi versi. Bravo a Gianni che ha colto una dimensione umana del tutto particolare, confezionando le realt\u00e0 di sempre con il \u2018cellophane\u2019 dell\u2019arte vera, con la a maiuscola\u201d. Ed ecco il compianto Agostino Perale: \u201c\u2026 Noi siamo andati e ritornati, restano le ore felici e piene, gli incontri, le lunghe sere passate a parlare, a cantare, talora a piangere. Resta la ricchezza morale acquisita. Resta la sete che abbiamo scoperto soprattutto nei figli degli amici, della nostra cultura: di questa ricchezza in pi\u00f9 della storia dei secoli che comunque, volenti o no, ci portiamo dietro e dentro. Grazie, Gianni per aver saputo dire tutto questo con sincero rispetto della verit\u00e0 e con tanto amore: questo \u00e8 il nuovo modo di fare poesia\u2026\u201d. Seguono le 48 poesie composte da Gianluigi Secco; la prima: \u201cVerso BUE\u201d (Roma Fiumicino 11.11.80): \u201cPartiamo valigia in mano, con un brivido stretto di piccole memorie legate a storie nostre da ritrovare lontano. Merica, Merica; poche ore d\u2019immaginario vapore; traverseremo il mare \u2013 distante pi\u00f9 di un mese e un tempo, vasto \u2013 per risentire il cuore in sospensione: sommessamente preghiamo di ritrovarci insieme\u201d.\u00a0 Nell\u2019impossibilit\u00e0 di proporle tutte, ne abbiamo scelte altre due: \u201cDentro il Tempio del Tempo\u201d (B.A. Consegna della copia della Madonna \u201cRegina delle Dolomiti\u201d, 16.11.80; si tratta dell\u2019opera realizzata da Franco Fiabane e collocata nella grotta di Punta Rocca in Marmolada per ricordare la visita di quello che oggi \u00e8 San Giovanni Paolo II, che sal\u00ec sul ghiacciaio, e visit\u00f2 Canale d\u2019Agordo e Belluno, in onore del predecessore Albino Luciani il \u201cPapa bellunese del sorriso\u201d mancato dopo soli 33 giorni di pontificato \u2013 ndr.): \u201c Tempo del Tempio fermo sulle piume in cappelli d\u2019alpino; aquile bianche di capelli e rughe, mani con calli, poche le curate! Croci e medaglie guadagnate tutte lass\u00f9 lontano. Grigia Madonna, dotto vesti di bronzo ha mille cuori ed un solo pensiero; ritirata, lamento, dentro il Tempio del Tempo\u201d. E \u201cLa Corrierina degli eroi\u201d (B.A. 18.11.80): \u201c La corrierina del Bigi, come il padrone, sgangherata, aperta, ha il muso trafelato da un sorriso. Da chiss\u00e0 quanto rincorre la fortuna per i quartieri del Boca vivendo di poca, scrostata, illusione!Non tornerete, n\u00e9 tu n\u00e9 loro! Coltiverete l\u2019eterna speranza dilaniati da spine dentro il petto e con la mente in fiore: eroi, imbecilli d\u2019amore!\u201d. Concludiamo ricordando, per esserne stati testimoni, che la trasferta sudamericana fu un grandissimo successo per tutta la comitiva partita da Belluno e lo fu in particolare per i \u201cBelumat\u201d, Gianni Secco e Giorgio Fornasier che, nati nel 1972, nell\u2019arco di ben 35 anni &#8211; come opportunamente ricorda la libera enciclopedia Wikipedia &#8211; hanno composto un centinaio di canti in lingua bellunese che fanno ormai parte della tradizione musicale di tutta la Val Belluna e del Veneto; canzoni che sono state raccolte in cassette, dischi e cd. Il duo si \u00e8 esibito, sempre meritando consensi unanimi, in ogni parte d\u2019Italia e all\u2019estero: Usa, Canada, Australia, Messico, Argentina, Uruguay, Cile, Svizzera, Francia, Belgio, Regno Unito e via elencando. Fra l\u2019altro, hanno condotto la fortunata trasmissione televisiva su Antenna Tre Nordest \u201cA marenda co i Belumat\u201d; hanno svolto \u201cun incommensurabile lavoro di ricerca etnomusicologica, storica e sociologica raccogliendo copioso materiale inerente ai melos di tradizione orale dell\u2019area veneta, i balli, le filastrocche, le tradizioni carnevalesche, le ricette,gli usi e costumi della civilt\u00e0 veneta agricola e fino ai giorni nostri\u201d.<\/div>\n<div><\/div>\n<div class=\"\"><span class=\"_5yl5\">NELLE FOTO (Wikipedia, archivio Renato Bona e riproduzione dal libretto \u201cLa lunga M\u00e8rica\u201d): Gianni Secco; Giorgio Fornasier; I Belumat; copertina della pubblicazione di Secco dopo una trasferta del 1980 in Sudamerica; la litografia di Franco Fiabane; partenza da Belluno per visitare parenti oltreoceano; la statua in Marmolada della Madonna delle nevi di Fiabane: una copia \u00e8 stata portata sul Cerro Torre in Argentina ad iniziativa di AbM; incontro a Buenos Aires di Renato Bona con Bigi, originario di Mel e ricordato da Secco in una delle sue poesie.<\/span><\/div>\n<div>\n<p>&nbsp;<\/p>\n\n\t\t\t<style type='text\/css'>\n\t\t\t\t#gallery-3 {\n\t\t\t\t\tmargin: auto;\n\t\t\t\t}\n\t\t\t\t#gallery-3 .gallery-item {\n\t\t\t\t\tfloat: left;\n\t\t\t\t\tmargin-top: 10px;\n\t\t\t\t\ttext-align: center;\n\t\t\t\t\twidth: 33%;\n\t\t\t\t}\n\t\t\t\t#gallery-3 img {\n\t\t\t\t\tborder: 2px solid #cfcfcf;\n\t\t\t\t}\n\t\t\t\t#gallery-3 .gallery-caption {\n\t\t\t\t\tmargin-left: 0;\n\t\t\t\t}\n\t\t\t\t\/* see gallery_shortcode() in wp-includes\/media.php *\/\n\t\t\t<\/style>\n\t\t<div id='gallery-3' class='dt-gallery-container gallery galleryid-147069 gallery-columns-3 gallery-size-thumbnail'><dl class='gallery-item'>\n\t\t\t\t<dt class='gallery-icon landscape'>\n\t\t\t\t\t<a class=\"rollover\" href='https:\/\/www.radiopiu.net\/wordpress\/la-lunga-merica-con-48-poesie-di-gianni-secco-dei-belumat-di-renato-bona\/106806952_325941008536999_9135755503585065855_n\/'><img loading=\"lazy\" decoding=\"async\" width=\"150\" height=\"150\" src=\"https:\/\/www.radiopiu.net\/wordpress\/wp-content\/uploads\/2020\/07\/106806952_325941008536999_9135755503585065855_n-150x150.jpg\" class=\"attachment-thumbnail size-thumbnail\" alt=\"\" \/><\/a>\n\t\t\t\t<\/dt><\/dl><dl class='gallery-item'>\n\t\t\t\t<dt class='gallery-icon landscape'>\n\t\t\t\t\t<a class=\"rollover\" href='https:\/\/www.radiopiu.net\/wordpress\/la-lunga-merica-con-48-poesie-di-gianni-secco-dei-belumat-di-renato-bona\/79275445_2675332049453784_3108725354937592346_n\/'><img loading=\"lazy\" decoding=\"async\" width=\"150\" height=\"150\" src=\"https:\/\/www.radiopiu.net\/wordpress\/wp-content\/uploads\/2020\/07\/79275445_2675332049453784_3108725354937592346_n-150x150.jpg\" class=\"attachment-thumbnail size-thumbnail\" alt=\"\" \/><\/a>\n\t\t\t\t<\/dt><\/dl><dl class='gallery-item'>\n\t\t\t\t<dt class='gallery-icon landscape'>\n\t\t\t\t\t<a class=\"rollover\" href='https:\/\/www.radiopiu.net\/wordpress\/la-lunga-merica-con-48-poesie-di-gianni-secco-dei-belumat-di-renato-bona\/73342441_408905390065894_2012304015779207400_n\/'><img loading=\"lazy\" decoding=\"async\" width=\"150\" height=\"150\" src=\"https:\/\/www.radiopiu.net\/wordpress\/wp-content\/uploads\/2020\/07\/73342441_408905390065894_2012304015779207400_n-150x150.jpg\" class=\"attachment-thumbnail size-thumbnail\" alt=\"\" \/><\/a>\n\t\t\t\t<\/dt><\/dl><br style=\"clear: both\" \/><dl class='gallery-item'>\n\t\t\t\t<dt class='gallery-icon portrait'>\n\t\t\t\t\t<a class=\"rollover\" href='https:\/\/www.radiopiu.net\/wordpress\/la-lunga-merica-con-48-poesie-di-gianni-secco-dei-belumat-di-renato-bona\/106708881_708811466358628_2575016475143570577_n\/'><img loading=\"lazy\" decoding=\"async\" width=\"150\" height=\"150\" src=\"https:\/\/www.radiopiu.net\/wordpress\/wp-content\/uploads\/2020\/07\/106708881_708811466358628_2575016475143570577_n-150x150.jpg\" class=\"attachment-thumbnail size-thumbnail\" alt=\"\" \/><\/a>\n\t\t\t\t<\/dt><\/dl><dl class='gallery-item'>\n\t\t\t\t<dt class='gallery-icon portrait'>\n\t\t\t\t\t<a class=\"rollover\" href='https:\/\/www.radiopiu.net\/wordpress\/la-lunga-merica-con-48-poesie-di-gianni-secco-dei-belumat-di-renato-bona\/106687417_604513997128771_4782706165084563318_n\/'><img loading=\"lazy\" decoding=\"async\" width=\"150\" height=\"150\" src=\"https:\/\/www.radiopiu.net\/wordpress\/wp-content\/uploads\/2020\/07\/106687417_604513997128771_4782706165084563318_n-150x150.jpg\" class=\"attachment-thumbnail size-thumbnail\" alt=\"\" \/><\/a>\n\t\t\t\t<\/dt><\/dl><dl class='gallery-item'>\n\t\t\t\t<dt class='gallery-icon landscape'>\n\t\t\t\t\t<a class=\"rollover\" href='https:\/\/www.radiopiu.net\/wordpress\/la-lunga-merica-con-48-poesie-di-gianni-secco-dei-belumat-di-renato-bona\/106289854_1698732700289640_5348212187081910862_n\/'><img loading=\"lazy\" decoding=\"async\" width=\"150\" height=\"150\" src=\"https:\/\/www.radiopiu.net\/wordpress\/wp-content\/uploads\/2020\/07\/106289854_1698732700289640_5348212187081910862_n-150x150.jpg\" class=\"attachment-thumbnail size-thumbnail\" alt=\"\" \/><\/a>\n\t\t\t\t<\/dt><\/dl><br style=\"clear: both\" \/><dl class='gallery-item'>\n\t\t\t\t<dt class='gallery-icon landscape'>\n\t\t\t\t\t<a class=\"rollover\" href='https:\/\/www.radiopiu.net\/wordpress\/la-lunga-merica-con-48-poesie-di-gianni-secco-dei-belumat-di-renato-bona\/83119218_310992260033225_4780548312770226490_n\/'><img loading=\"lazy\" decoding=\"async\" width=\"150\" height=\"150\" src=\"https:\/\/www.radiopiu.net\/wordpress\/wp-content\/uploads\/2020\/07\/83119218_310992260033225_4780548312770226490_n-150x150.jpg\" class=\"attachment-thumbnail size-thumbnail\" alt=\"\" \/><\/a>\n\t\t\t\t<\/dt><\/dl><dl class='gallery-item'>\n\t\t\t\t<dt class='gallery-icon landscape'>\n\t\t\t\t\t<a class=\"rollover\" href='https:\/\/www.radiopiu.net\/wordpress\/la-lunga-merica-con-48-poesie-di-gianni-secco-dei-belumat-di-renato-bona\/106203564_2872987642806817_2022850930607147724_n\/'><img loading=\"lazy\" decoding=\"async\" width=\"150\" height=\"150\" src=\"https:\/\/www.radiopiu.net\/wordpress\/wp-content\/uploads\/2020\/07\/106203564_2872987642806817_2022850930607147724_n-150x150.jpg\" class=\"attachment-thumbnail size-thumbnail\" alt=\"\" \/><\/a>\n\t\t\t\t<\/dt><\/dl>\n\t\t\t\t<br style='clear: both' \/>\n\t\t\t<\/div>\n\n<\/div>\n<\/div>\n<\/div>\n<\/div>\n<\/div>\n<p>&nbsp;<\/p>\n<p>&nbsp;<\/p>\n<p>&nbsp;<\/p>\n<p>&nbsp;<\/p>\n<p>&nbsp;<\/p>\n<h2><span style=\"color: #ff0000;\">DUE MINUTI UN LIBRO<\/span><\/h2>\n<blockquote class=\"wp-embedded-content\" data-secret=\"Kgacw4HMJZ\"><p><a href=\"https:\/\/www.radiopiu.net\/wordpress\/il-suo-occhio\/\">IL SUO OCCHIO<\/a><\/p><\/blockquote>\n<p><iframe loading=\"lazy\" class=\"wp-embedded-content\" sandbox=\"allow-scripts\" security=\"restricted\" style=\"position: absolute; clip: rect(1px, 1px, 1px, 1px);\" title=\"&#8220;IL SUO OCCHIO&#8221; &#8212; Radio Pi\u00f9\" src=\"https:\/\/www.radiopiu.net\/wordpress\/il-suo-occhio\/embed\/#?secret=Kgacw4HMJZ\" data-secret=\"Kgacw4HMJZ\" width=\"600\" height=\"338\" frameborder=\"0\" marginwidth=\"0\" marginheight=\"0\" scrolling=\"no\"><\/iframe><\/p>\n<p>&nbsp;<\/p>\n<p><strong>LE ALTRE PUNTATE<\/strong><\/p>\n<blockquote class=\"wp-embedded-content\" data-secret=\"YZ54139E5O\"><p><a href=\"https:\/\/www.radiopiu.net\/wordpress\/due-minuti-un-libro\/\">Due minuti un libro<\/a><\/p><\/blockquote>\n<p><iframe loading=\"lazy\" class=\"wp-embedded-content\" sandbox=\"allow-scripts\" security=\"restricted\" style=\"position: absolute; clip: rect(1px, 1px, 1px, 1px);\" title=\"&#8220;Due minuti un libro&#8221; &#8212; Radio Pi\u00f9\" src=\"https:\/\/www.radiopiu.net\/wordpress\/due-minuti-un-libro\/embed\/#?secret=YZ54139E5O\" data-secret=\"YZ54139E5O\" width=\"600\" height=\"338\" frameborder=\"0\" marginwidth=\"0\" marginheight=\"0\" scrolling=\"no\"><\/iframe><\/p>\n<h2><\/h2>\n<h2><\/h2>\n<hr \/>\n<h2><\/h2>\n<p>&nbsp;<\/p>\n<h2><span style=\"color: #0000ff;\">IL MESSAGGIO DEI SACERDOTI A RADIO PIU&#8217;<\/span><\/h2>\n<blockquote class=\"wp-embedded-content\" data-secret=\"ucGOK9z4zu\"><p><a href=\"https:\/\/www.radiopiu.net\/wordpress\/chiesa11\/\">DON CESARE SU RADIO PIU&#8217; ALLE 7.30 E 19.30, PARROCCHIE DI AGORDO, LA VALLE E TAIBON<\/a><\/p><\/blockquote>\n<p><iframe loading=\"lazy\" class=\"wp-embedded-content\" sandbox=\"allow-scripts\" security=\"restricted\" style=\"position: absolute; clip: rect(1px, 1px, 1px, 1px);\" title=\"&#8220;DON CESARE SU RADIO PIU&#8217; ALLE 7.30 E 19.30, PARROCCHIE DI AGORDO, LA VALLE E TAIBON&#8221; &#8212; Radio Pi\u00f9\" src=\"https:\/\/www.radiopiu.net\/wordpress\/chiesa11\/embed\/#?secret=ucGOK9z4zu\" data-secret=\"ucGOK9z4zu\" width=\"600\" height=\"338\" frameborder=\"0\" marginwidth=\"0\" marginheight=\"0\" scrolling=\"no\"><\/iframe><\/p>\n<p>&nbsp;<\/p>\n<hr \/>\n<p>&nbsp;<\/p>\n<p>&nbsp;<\/p>\n<blockquote>\n<h3><span style=\"color: #008000;\">LA RACCOLTA DI AGORDINOMERON<\/span><\/h3>\n<\/blockquote>\n<blockquote class=\"wp-embedded-content\" data-secret=\"Q0XD4IwoOg\"><p><a href=\"https:\/\/www.radiopiu.net\/wordpress\/agordinomeron\/\">AGORDINOMERON, IL TERRITORIO SI RACCONTA Da un&#8217;idea di Gianni Santomaso<\/a><\/p><\/blockquote>\n<p><iframe loading=\"lazy\" class=\"wp-embedded-content\" sandbox=\"allow-scripts\" security=\"restricted\" style=\"position: absolute; clip: rect(1px, 1px, 1px, 1px);\" title=\"&#8220;AGORDINOMERON, IL TERRITORIO SI RACCONTA Da un&#8217;idea di Gianni Santomaso&#8221; &#8212; Radio Pi\u00f9\" src=\"https:\/\/www.radiopiu.net\/wordpress\/agordinomeron\/embed\/#?secret=Q0XD4IwoOg\" data-secret=\"Q0XD4IwoOg\" width=\"600\" height=\"338\" frameborder=\"0\" marginwidth=\"0\" marginheight=\"0\" scrolling=\"no\"><\/iframe><\/p>\n<p>&nbsp;<\/p>\n<hr \/>\n<p>&nbsp;<\/p>\n<p>&nbsp;<\/p>\n<p><strong class=\"photoswipe-wrapper\"><a class=\"dt-pswp-item pspw-wrap-ready\" href=\"https:\/\/i0.wp.com\/www.radiopiu.net\/wordpress\/wp-content\/uploads\/2018\/09\/viabilita.jpeg?ssl=1\" data-dt-img-description=\"\" data-large_image_width=\"800\" data-large_image_height=\"100\"><img loading=\"lazy\" decoding=\"async\" class=\"aligncenter wp-image-61954 size-full jetpack-lazy-image jetpack-lazy-image--handled\" src=\"https:\/\/i0.wp.com\/www.radiopiu.net\/wordpress\/wp-content\/uploads\/2018\/09\/viabilita.jpeg?resize=800%2C100&amp;ssl=1\" sizes=\"auto, (max-width: 800px) 100vw, 800px\" srcset=\"https:\/\/i0.wp.com\/www.radiopiu.net\/wordpress\/wp-content\/uploads\/2018\/09\/viabilita.jpeg?w=800&amp;ssl=1 800w, https:\/\/i0.wp.com\/www.radiopiu.net\/wordpress\/wp-content\/uploads\/2018\/09\/viabilita.jpeg?resize=300%2C38&amp;ssl=1 300w, https:\/\/i0.wp.com\/www.radiopiu.net\/wordpress\/wp-content\/uploads\/2018\/09\/viabilita.jpeg?resize=768%2C96&amp;ssl=1 768w\" alt=\"\" width=\"800\" height=\"100\" data-lazy-loaded=\"1\" \/><\/a><\/strong><\/p>\n<p><strong>\u00a0<\/strong><\/p>\n<p>SP 251 FINO AL 31 LUGLIO TRA PESCUL E SELVA DI CADORE SENSO UNICO ALTERNATO REGOLATO DA SEMAFORO, ESCLUSI SABATO E DOMENICA PER POSA FIBRE OTTICHE<\/p>\n<p>PROVINCIALE 3 VALLE IMPERINA, LOCALITA&#8217; CORDE MOLE: DAL 6 LUGLIO DALLE 8 ALLE 11.45 E DALLE 13.30 ALLE 17.30 (SABATO E DOMENICA ESCLUSI) INTERRUZIONI ALLA VIABILITA&#8217; FINO A 30 MINUTI PER TAGLIO PIANTE TRA LE LOCALITA&#8217; CORDE MOLE E VALLESIN<\/p>\n<p>PROVINCIALE 641 DI PASSO FEDAIA, FINO AL 31 LUGLIO (FESTIVI E PREFESTIVI ECLUSI) SENSO UNICO IN LOCALIT\u00c0 ROCCA PIETORE PER SOSTITUZIONI BARRIERE LATERALI<\/p>\n<p>PROVINCIALE 25 PASSO VALLES FINO AL 18 LUGLIO (FESTIVI ESCLUSI) SENSO UNICO ALERNATO CON SEMAFORO O MOVIERI PER ESBOSCO<\/p>\n<p>FINO AL 24 LUGLIO SABATO E DOMENICA COMPRESI LUNGO LA 641 DI PASSO FEDAIA IN LOCALIT\u00e0 CAPANNA BILL E COL DI ROCCA, SENSO UNICO ALTERNATO CON SEMAFORO<\/p>\n<p>PROVINCIALE 20 DELLA VAL FIORENTINA, SELVA DI CADORE: FINO AL 4 LUGLIO, CHIUSURA TOTALE TRA SOLATOR E IL CENTRO DEL PAESE ANCHE NEI GIORNI FESTIVI E PREFESTIVI, DAL CHILOMETRO 4.850 AL CHILOMETRO 5.100. TRANSITO CONSENTITO AI LOCALI CON TEMPI DI ATTESA MASSIMI STIMATI IN 30 MINUTI IN LOCALITA\u2019 SOLATOR DAL CHILOMETRO 4.400 AL CHILOMETRO 4.850<\/p>\n<p>PROVINCIALE 563 DI SALESEI, FINO\u00a0 AL 3 LUGLIO, SENSO UNICO ALTERNATO REGOLATO DA IMPIANTO SEMAFORICO IN LOCALIT\u00c0 DIGONERA PER MESSA IN SICUREZZA PIANO VIABILE, SABATO E FESTIVI INCLUSI<\/p>\n<p>STRADA PROVINCIALE 346 DEL SAN PELLEGRINO, NEI COMUNI DI FALCADE, CANALE E VALLADA, FINO\u00a0 AL 3 LUGLIO, INCLUSI SABATI E DOMENICHE, POSSIBILE ISTITUZIONE DI SENSO UNICO ALTERNATO REGOLATO DA MOVIERI PER SOSTITUZIONE CONDUTTORI E MANUTENZIONE LINEA ELETTRICA ALTA TENSIONE<\/p>\n<p>REGIONALE 203 AGORDINA, NEL COMUNE DI CENCENIGHE, FINO\u00a0 AL 3 LUGLIO, INCLUSI SABATI E DOMENICHE, POSSIBILE ISTITUZIONE DI SENSO UNICO ALTERNATO REGOLATO DA MOVIERI PER SOSTITUZIONE CONDUTTORI E MANUTENZIONE LINEA ELETTRICA ALTA TENSIONE<\/p>\n<p>STRADA REGIONALE 203 AGORDINA TRA PERON E CANDATEN, DAL 15 GIUGNO AL 31 LUGLIO ESCLUSI SABATI E DOMENICHE, DALLE 7:30 ALLE 9 E E DALLE 16:30 ALLE 18 SENSO UNICO ALTERNATO REGOLATO DA MOVIERI. NEGLI ALTRI ORARI SENSO UNICO ALTERNATO REGOLATO DA SEMAFORO PER INTERRAMENTO CAVIDOTTO E-DISTRIBUZIONE<\/p>\n<p>48 DELLE DOLOMITI, LOCALITA\u2019 ALVERA\u2019 CORTINA D\u2019AMPEZZO LUNGO IL PONTE SUL TORRENTE BIGONTINA. DAL 18 GIUGNO E FINO A REVOCA DIVIETO DI TRANSITO AI VEICOLI AVENTI MASSA A PIENO CARICO SUPERIORE A 24 TONELLATE<\/p>\n<p>PROVINCIALE 1 SINISTRA PIAVE, INTERRUZIONE TOTALE ALLA VIABILTA\u2019 DAL GIORNO 22 GIUGNO FINO A REVOCA PER CEDIMENTO STRUTTURALE DI PARTE DEL FABBRICATO<\/p>\n<p>STRADA PROVINCIALE 6 DI DANTA, NEL COMUNE DI DANTA DI CADORE, DAL 29 GIUGNO AL 14 AGOSTO, COMPRESI SABATI E DOMENICHE, SENSO UNICO ALTERNATO REGOLATO DA IMPIANTO SEMAFORICO PER REALIZZAZIONE CORDOLI E BARRIERE DI SICUREZZA<\/p>\n<p>347 DURAN E CEREDA: FINO ALL\u201911 LUGLIO (FESTIVI ECLUSI) SENSO UNICO CON SEMAFORO IN LOCALIT\u00c0 SANT\u2019ANDREA (GOSALDO)<\/p>\n<p>PROVINCIALE 25 PASSO VALLES DA LUNEDI AL 18 LUGLIO (FESTIVI ESCLUSI) SENSO UNICO ALERNATO CON SEMAFORO O MOVIERI PER ESBOSCO<\/p>\n<p>347 DURAN E CEREDA, NEI COMUNI DI CIBIANA E VALLE DI CADORE, DAL 30 GIUGNO E FINO AL 10 LUGLIO POSSIBILI INTERRUZIONI DELLA DURATA MASSIMA DI 30 MINUTI E SENSO UNICO ALTERNATO REGOLATO DA MOVIERI PER ASFALTATURA PIANO VIABILE<\/p>\n<p>&nbsp;<\/p>\n<hr \/>\n<p>&nbsp;<\/p>\n<p style=\"text-align: center;\"><em><strong>COMUNICAZIONE ISTITUZIONALE &#8211; APP IMMUNI<\/strong><\/em><\/p>\n<p><iframe loading=\"lazy\" title=\"Immuni App 30\" width=\"1200\" height=\"675\" src=\"https:\/\/www.youtube.com\/embed\/-XG48J62814?feature=oembed\" frameborder=\"0\" allow=\"accelerometer; autoplay; clipboard-write; encrypted-media; gyroscope; picture-in-picture\" allowfullscreen><\/iframe><\/p>\n<p>&nbsp;<\/p>\n<hr \/>\n<p>&nbsp;<\/p>\n<p class=\"photoswipe-wrapper\"><a class=\"dt-pswp-item pspw-wrap-ready\" href=\"https:\/\/i0.wp.com\/www.radiopiu.net\/wordpress\/wp-content\/uploads\/2018\/09\/WhatsApp-Image-2018-09-20-at-16.04.06.jpeg?ssl=1\" data-dt-img-description=\"\" data-large_image_width=\"800\" data-large_image_height=\"100\"><img loading=\"lazy\" decoding=\"async\" class=\"aligncenter wp-image-61378 size-full jetpack-lazy-image jetpack-lazy-image--handled\" src=\"https:\/\/i0.wp.com\/www.radiopiu.net\/wordpress\/wp-content\/uploads\/2018\/09\/WhatsApp-Image-2018-09-20-at-16.04.06.jpeg?resize=800%2C100&amp;ssl=1\" sizes=\"auto, (max-width: 800px) 100vw, 800px\" srcset=\"https:\/\/i0.wp.com\/www.radiopiu.net\/wordpress\/wp-content\/uploads\/2018\/09\/WhatsApp-Image-2018-09-20-at-16.04.06.jpeg?w=800&amp;ssl=1 800w, https:\/\/i0.wp.com\/www.radiopiu.net\/wordpress\/wp-content\/uploads\/2018\/09\/WhatsApp-Image-2018-09-20-at-16.04.06.jpeg?resize=300%2C38&amp;ssl=1 300w, https:\/\/i0.wp.com\/www.radiopiu.net\/wordpress\/wp-content\/uploads\/2018\/09\/WhatsApp-Image-2018-09-20-at-16.04.06.jpeg?resize=768%2C96&amp;ssl=1 768w\" alt=\"\" width=\"800\" height=\"100\" data-lazy-loaded=\"1\" \/><\/a><\/p>\n<p><center><\/center><center><b>Mercoledi 1<\/b><\/center><b>Tempo atteso: <\/b>Al mattino parzialmente soleggiato per transito di temporanee sottili nubi alte e per presenza di stratocumuli a ridosso delle cime. Con il passare delle ore ulteriore riduzione del soleggiamento per attivit\u00e0 cumuliforme da moderata a forte, associata a fenomeni convettivi. Clima sempre estivo, nonostante il soleggiamento sia deficitario.<br \/>\n<b>Precipitazioni: <\/b>Al mattino generalmente assenti (0\/10%). Al pomeriggio, in alcuni casi anche alla sera, probabilit\u00e0 medio-alta per rovesci o temporali sparsi sulle Dolomiti (50\/70%). Il rischio sar\u00e0 minore sulle Prealpi (30\/50%). I quantitativi saranno molto variabili, da 0 a 10 mm, localmente 15\/25 mm in caso di temporali.<br \/>\n<b>Temperature: <\/b>Minime pressoch\u00e9 stazionarie e massime in lieve flessione, ma ancora superiori alla media. Sono previste punte di 29\/30\u00b0C nelle conche prealpine e di 22\/25\u00b0C a 1000\/1200 m. Su Prealpi a 1500 m min 14\u00b0C max 19\u00b0C, a 2000 m min 10\u00b0C max 15\u00b0C. Su Dolomiti a 2000 m min 9\u00b0C max 16\u00b0C, a 3000 m min 6\u00b0C max 7\u00b0C.<br \/>\n<b>Venti: <\/b>Nelle valli deboli a regime di brezza; in quota deboli\/moderati da sud-ovest, a 5-10 km\/h a 2000 m e 15-20 km\/h a 3000 m.<\/p>\n<hr \/>\n<p><center><b>Giovedi 2<\/b><\/center><b>Tempo atteso: <\/b>Tratti soleggiati, pi\u00f9 frequenti a inizio giornata, e nuvolosit\u00e0 irregolare, gi\u00e0 presente al mattino sotto forma di stratocumuli, ma soprattutto al pomeriggio per maggiore attivit\u00e0 cumuliforme rispetto a mercoled\u00ec, spesso intensa ed associata a fenomeni convettivi. Clima diurno ancora di stampo estivo.<br \/>\n<b>Precipitazioni: <\/b>Fino a met\u00e0 mattinata generalmente assenti (10%), entro le ore centrali non esclusi i primi sporadici fenomeni (20\/30%). Al pomeriggio\/sera probabilit\u00e0 alta per rovesci o temporali (70\/80%).<br \/>\n<b>Temperature: <\/b>Pressoch\u00e9 stazionarie o in leggera flessione nei settori pi\u00f9 interessati dall&#8217;instabilit\u00e0. Sono previste punte di 28\/29\u00b0C nelle conche prealpine e di 22\/24\u00b0C a 1000\/1200 m. Su Prealpi a 1500 m min 14\u00b0C max 19\u00b0C, a 2000 m min 10\u00b0C max 15\u00b0C. Su Dolomiti a 2000 m min 9\u00b0C max 16\u00b0C, a 3000 m min 6\u00b0C max 7\u00b0C.<br \/>\n<b>Venti: <\/b>Nelle valli deboli a regime di brezza; in quota perlopi\u00f9 deboli da sud-ovest, a 5-10 km\/h a 2000 m e 10-15 km\/h a 3000 m.<\/p>\n<hr \/>\n<p><center><b>Venerdi 3<\/b><\/center>Tempo assai pi\u00f9 instabile, a tratti perturbato, con cielo molto nuvoloso e frequenti rovesci o temporali. Al pomeriggio l&#8217;ingresso di correnti settentrionali potrebbe attenuare l&#8217;instabilit\u00e0 sulle Dolomiti. Schiarite serali. Temperature in generale calo, con minime alla sera in quota. Venti deboli da sud-ovest al mattino, da nord-est al pomeriggio\/sera; nelle valli deboli di direzione variabile.<\/p>\n<hr \/>\n<p><center><b>Sabato 4<\/b><\/center>Cielo molto nuvoloso o coperto con qualche precipitazione a carattere di rovescio o eventuale temporale nottetempo e parte del mattino. Poi il tempo migliorer\u00e0, in maniera pi\u00f9 significativa al pomeriggio e sulle Dolomiti, mentre una temporanea ripresa dell&#8217;instabilit\u00e0 potrebbe avverarsi sulle Prealpi, specie in caso di ampi rasserenamenti nelle ore centrali del giorno. Temperature minime in calo e massime in leggera ripresa. Venti in quota deboli da est nord-est al mattino e moderati da nord al pomeriggio, brezze nelle valli. Previsore: R.L.Th.<\/p>\n<p>&nbsp;<\/p>\n<p>&nbsp;<\/p>\n<p><a class=\"dt-pswp-item\" href=\"https:\/\/www.radiopiu.net\/wordpress\/wp-content\/uploads\/2018\/09\/sport.jpg\" data-dt-img-description=\"\" data-large_image_width=\"800\" data-large_image_height=\"100\"><img loading=\"lazy\" decoding=\"async\" class=\"alignnone wp-image-60761 size-full\" src=\"https:\/\/www.radiopiu.net\/wordpress\/wp-content\/uploads\/2018\/09\/sport.jpg\" alt=\"\" width=\"800\" height=\"100\" srcset=\"https:\/\/www.radiopiu.net\/wordpress\/wp-content\/uploads\/2018\/09\/sport.jpg 800w, https:\/\/www.radiopiu.net\/wordpress\/wp-content\/uploads\/2018\/09\/sport-300x38.jpg 300w, https:\/\/www.radiopiu.net\/wordpress\/wp-content\/uploads\/2018\/09\/sport-768x96.jpg 768w\" sizes=\"auto, (max-width: 800px) 100vw, 800px\" \/><\/a><\/p>\n<p>&nbsp;<\/p>\n<blockquote>\n<h3>LA CICLINVALLE 2020 ANNULLATA A CAUSA DEL COVID-19<\/h3>\n<p><strong>di Fiorendo Dalla C\u00e0<\/strong><\/p><\/blockquote>\n<p><strong><a class=\"dt-pswp-item\" href=\"https:\/\/www.radiopiu.net\/wordpress\/wp-content\/uploads\/2019\/08\/CICLINVALLE-2019-PARTENZA-2.jpeg\" data-dt-img-description=\"\" data-large_image_width=\"1600\" data-large_image_height=\"1200\"><img loading=\"lazy\" decoding=\"async\" class=\" wp-image-96498 alignleft\" src=\"https:\/\/www.radiopiu.net\/wordpress\/wp-content\/uploads\/2019\/08\/CICLINVALLE-2019-PARTENZA-2-300x225.jpeg\" alt=\"\" width=\"239\" height=\"179\" srcset=\"https:\/\/www.radiopiu.net\/wordpress\/wp-content\/uploads\/2019\/08\/CICLINVALLE-2019-PARTENZA-2-300x225.jpeg 300w, https:\/\/www.radiopiu.net\/wordpress\/wp-content\/uploads\/2019\/08\/CICLINVALLE-2019-PARTENZA-2-768x576.jpeg 768w, https:\/\/www.radiopiu.net\/wordpress\/wp-content\/uploads\/2019\/08\/CICLINVALLE-2019-PARTENZA-2-1024x768.jpeg 1024w, https:\/\/www.radiopiu.net\/wordpress\/wp-content\/uploads\/2019\/08\/CICLINVALLE-2019-PARTENZA-2.jpeg 1600w\" sizes=\"auto, (max-width: 239px) 100vw, 239px\" \/><\/a>AGORDO\u00a0<\/strong>Per la prima volta in un quarto di secolo il variopinto e festoso esercito dei pedalatori non invader\u00e0,<span class=\"Apple-converted-space\">\u00a0 <\/span>a fine estate,<span class=\"Apple-converted-space\">\u00a0 <\/span>la Valle di San Lucano in Agordino.<span class=\"Apple-converted-space\">\u00a0 <\/span>La \u201cCiclinvalle\u201d, la popolare e amata corsa non competitiva a favore dell\u2019UNICEF, in programma da 26 anni,<span class=\"Apple-converted-space\">\u00a0 <\/span>nell\u2019ultima domenica di agosto, quest\u2019anno non muover\u00e0 da Agordo verso Col di Pr\u00e0 a causa dell\u2019emergenza coronavirus.\u00a0La notizia era nell\u2019aria, mancava l\u2019ufficialit\u00e0. Gli Organizzatori di \u201cAttivamente Agordino\u201d hanno sperato fino all\u2019ultimo di trovare una breccia fra norme, regole, protocolli per arrivare a proporre una<span class=\"Apple-converted-space\">\u00a0 <\/span>\u201cCiclinvalle\u201d credibile e fedele il pi\u00f9 possibile alla tradizione della pedalata-festa. Hanno ipotizzato nuovi scenari, nuove modalit\u00e0 di svolgimento del prima, durante e dopo corsa. Ma alla fine si sono visti costretti, a malincuore, ad annullare la manifestazione, in programma il prossimo 30 agosto, e a rimetterla in calendario, nella veste di sempre, per l\u2019agosto del 2021. \u201c<em>Difficilissimo muoversi tra le normative per le attivit\u00e0 sportive e quelle per le attivit\u00e0 di ristorazione, difficilissimo mettere insieme gruppi di lavoro nutriti, con compiti nuovi, complicati e delicati, in un momento di grande impasse per tutte le realt\u00e0 associative agordine<span class=\"Apple-converted-space\">\u00a0 <\/span>&#8211; dicono gli Organizzatori \u2013 per poi arrivare a<span class=\"Apple-converted-space\">\u00a0 <\/span>ad una \u201cCiclinvalle\u201d che sarebbe stata a rischio cancellazione per un improvviso aumento dei contagi da Covid-19, e avrebbe comunque tradito il suo DNA di corsa e festa del \u201ctutti insieme appassionatamente<\/em>\u201d. Meglio allora<span class=\"Apple-converted-space\">\u00a0 <\/span>fermarsi, per rispetto dei tanti partecipanti, degli sponsor, dei sostenitori, dei collaboratori all\u2019organizzazione e guardare, con nuova carica e nuove idee, alla edizione 2021, la ventisettesima della storia; certi comunque che, da soli e con un occhio al cronometro, saranno molti gli amici della \u201cCiclinvalle\u201d che quest\u2019estate correranno la loro edizione 2020 virtuale.<\/p>\n<p>&nbsp;<\/p>\n<p>&nbsp;<\/p>\n<hr \/>\n<p>&nbsp;<\/p>\n<blockquote>\n<h3>LA TRANSPELMO 2020 \u00c8 ANNULLATA MA \u2026 SI FA IN TRE<\/h3>\n<\/blockquote>\n<p><strong>VAL DI ZOLDO\u00a0<\/strong> \u00a0A causa dell\u2019emergenza sanitaria legata al Covid-19, l\u2019evento 2020, previsto per il 6 settembre, \u00e8 annullato. Lo staff guidato da Andrea Cero ed Eris Costa proporr\u00e0 la Transpelmo 2020 Challenge &amp; Emotion. Si tratta di un\u2019iniziativa che abbina reale e virtuale e che permetter\u00e0 ai partecipanti di vivere fatica ed emozioni sui sentieri della Val di Zoldo correndo attorno al Pelmo nel periodo dal 15 luglio al 6 settembre, nella giornata e nell\u2019orario che ognuno preferir\u00e0. Si potr\u00e0 partecipare in modalit\u00e0 Challenge, utilizzando Strava e confrontandosi con gli altri runner \u2013 alla fine ci sar\u00e0 una classifica virtuale \u2013 oppure in modalit\u00e0 Emotion, scaricando il gpx e il Road Book dal sito www.transpelmo.com e assaporando i percorsi con maggiore tranquillit\u00e0, al ritmo che ognuno preferisce e senza classifiche di alcun genere. Per entrambe le modalit\u00e0 di partecipazione invitiamo i runner a scattare delle foto o realizzare dei brevi video e a condividerli poi su Instagram o Facebook, con l\u2019hastagh #transpelmo e #transpelmoinfinity: non ci saranno premi. <em>\u00abQuest\u2019anno, \u00e8 vero, la competizione vera e propria non ci sar\u00e0 ma crediamo che molti partecipino alla gara per vivere, come dice il nostro slogan, \u201cemozioni sempre nuove\u201d date dai paesaggi ma anche dalla \u00a0condivisione dell\u2019avventura con altre persone\u00bb<\/em> concludono Cero e Costa<\/p>\n<p>&nbsp;<\/p>\n<p>&nbsp;<\/p>\n<blockquote class=\"wp-embedded-content\" data-secret=\"lHjvD5VCjs\"><p><a href=\"https:\/\/www.radiopiu.net\/wordpress\/144299-2\/\">BELLUNO-SANREMO IN SETTE GIORNI TRA GUADI E FANGO PER PURIFICARSI DALLA QUARANTENA<\/a><\/p><\/blockquote>\n<p><iframe loading=\"lazy\" class=\"wp-embedded-content\" sandbox=\"allow-scripts\" security=\"restricted\" style=\"position: absolute; clip: rect(1px, 1px, 1px, 1px);\" title=\"&#8220;BELLUNO-SANREMO IN SETTE GIORNI TRA GUADI E FANGO PER PURIFICARSI DALLA QUARANTENA&#8221; &#8212; Radio Pi\u00f9\" src=\"https:\/\/www.radiopiu.net\/wordpress\/144299-2\/embed\/#?secret=lHjvD5VCjs\" data-secret=\"lHjvD5VCjs\" width=\"600\" height=\"338\" frameborder=\"0\" marginwidth=\"0\" marginheight=\"0\" scrolling=\"no\"><\/iframe><\/p>\n<p>&nbsp;<\/p>\n<p>&nbsp;<\/p>\n","protected":false},"excerpt":{"rendered":"<p>PER RICEVERE QUESTO NOTIZIARIO DIRETTAMENTE SUL TUO CELLULARE ISCRIVITI AL CANALE TELEGRAM\u00a0\u201cRADIO PIU\u00a0 INFORMAZIONE\u201d &nbsp; PROVINCIALE 3 VALLE IMPERINA, LOCALITA&#8217; CORDE MOLE: DAL 6 LUGLIO DALLE 8 ALLE 11.45 E DALLE 13.30 ALLE 17.30 (SABATO E DOMENICA ESCLUSI) INTERRUZIONI ALLA VIABILITA&#8217; FINO A 30 MINUTI PER TAGLIO PIANTE TRA LE LOCALITA&#8217; CORDE MOLE E VALLESIN&hellip;<\/p>\n","protected":false},"author":4,"featured_media":147306,"comment_status":"closed","ping_status":"closed","sticky":false,"template":"","format":"standard","meta":{"_monsterinsights_skip_tracking":false,"_monsterinsights_sitenote_active":false,"_monsterinsights_sitenote_note":"","_monsterinsights_sitenote_category":0,"footnotes":""},"categories":[1,86,49],"tags":[],"class_list":["post-147069","post","type-post","status-publish","format-standard","has-post-thumbnail","hentry","category-senza-categoria","category-gr","category-news-18","category-1","category-86","category-49","description-off"],"img_url":"https:\/\/www.radiopiu.net\/wordpress\/wp-content\/uploads\/2020\/07\/106476574_1561130577381745_3431953510299417885_n.jpg","_links":{"self":[{"href":"https:\/\/www.radiopiu.net\/wordpress\/wp-json\/wp\/v2\/posts\/147069","targetHints":{"allow":["GET"]}}],"collection":[{"href":"https:\/\/www.radiopiu.net\/wordpress\/wp-json\/wp\/v2\/posts"}],"about":[{"href":"https:\/\/www.radiopiu.net\/wordpress\/wp-json\/wp\/v2\/types\/post"}],"author":[{"embeddable":true,"href":"https:\/\/www.radiopiu.net\/wordpress\/wp-json\/wp\/v2\/users\/4"}],"replies":[{"embeddable":true,"href":"https:\/\/www.radiopiu.net\/wordpress\/wp-json\/wp\/v2\/comments?post=147069"}],"version-history":[{"count":0,"href":"https:\/\/www.radiopiu.net\/wordpress\/wp-json\/wp\/v2\/posts\/147069\/revisions"}],"wp:featuredmedia":[{"embeddable":true,"href":"https:\/\/www.radiopiu.net\/wordpress\/wp-json\/wp\/v2\/media\/147306"}],"wp:attachment":[{"href":"https:\/\/www.radiopiu.net\/wordpress\/wp-json\/wp\/v2\/media?parent=147069"}],"wp:term":[{"taxonomy":"category","embeddable":true,"href":"https:\/\/www.radiopiu.net\/wordpress\/wp-json\/wp\/v2\/categories?post=147069"},{"taxonomy":"post_tag","embeddable":true,"href":"https:\/\/www.radiopiu.net\/wordpress\/wp-json\/wp\/v2\/tags?post=147069"}],"curies":[{"name":"wp","href":"https:\/\/api.w.org\/{rel}","templated":true}]}}