{"id":147118,"date":"2020-06-30T11:46:24","date_gmt":"2020-06-30T09:46:24","guid":{"rendered":"https:\/\/www.radiopiu.net\/wordpress\/?p=147118"},"modified":"2020-06-30T11:49:56","modified_gmt":"2020-06-30T09:49:56","slug":"liniziativa-di-belluno-alpina-il-percorso-nevegal-ronce-valmorel-e-lofferta-turistica-per-le-famiglie","status":"publish","type":"post","link":"https:\/\/www.radiopiu.net\/wordpress\/liniziativa-di-belluno-alpina-il-percorso-nevegal-ronce-valmorel-e-lofferta-turistica-per-le-famiglie\/","title":{"rendered":"L&#8217;INIZIATIVA DI BELLUNO ALPINA: IL PERCORSO NEVEGAL-RONCE-VALMOREL E L&#8217;OFFERTA TURISTICA PER LE FAMIGLIE"},"content":{"rendered":"<blockquote>\n<h3>di Mirko Mezzacasa<\/h3>\n<\/blockquote>\n<p><strong> <a class=\"dt-pswp-item\" href=\"https:\/\/www.radiopiu.net\/wordpress\/wp-content\/uploads\/2020\/06\/ad24b586-cd4f-40a3-9d8d-7f381288f840.jpg\" data-dt-img-description=\"\" data-large_image_width=\"1024\" data-large_image_height=\"2048\"><img loading=\"lazy\" decoding=\"async\" class=\"size-medium wp-image-147117 alignleft\" src=\"https:\/\/www.radiopiu.net\/wordpress\/wp-content\/uploads\/2020\/06\/ad24b586-cd4f-40a3-9d8d-7f381288f840-150x300.jpg\" alt=\"\" width=\"150\" height=\"300\" srcset=\"https:\/\/www.radiopiu.net\/wordpress\/wp-content\/uploads\/2020\/06\/ad24b586-cd4f-40a3-9d8d-7f381288f840-150x300.jpg 150w, https:\/\/www.radiopiu.net\/wordpress\/wp-content\/uploads\/2020\/06\/ad24b586-cd4f-40a3-9d8d-7f381288f840-512x1024.jpg 512w, https:\/\/www.radiopiu.net\/wordpress\/wp-content\/uploads\/2020\/06\/ad24b586-cd4f-40a3-9d8d-7f381288f840-768x1536.jpg 768w, https:\/\/www.radiopiu.net\/wordpress\/wp-content\/uploads\/2020\/06\/ad24b586-cd4f-40a3-9d8d-7f381288f840.jpg 1024w\" sizes=\"auto, (max-width: 150px) 100vw, 150px\" \/><\/a>BELLUNO<\/strong> Si tratta di un percorso ad anello per le famiglie con partenza e arrivo al parcheggio di Col Canil e un collegamento Nevegal &#8211; Ronce \u2013 Valmorel per escursionisti esperti. Progetto che l&#8217;associazione Belluno Alpina ha presentato alla Regione Veneto e al Comune di Belluno con l&#8217;obbiettivo di valorizzare turisticamente, in estate e inverno, l&#8217;intero comprensorio. Due i percorsi possibili, accessibili a tutti: una versione pi\u00f9 corta, percorribile in poco pi\u00f9 di un&#8217;ora e mezza, e una pi\u00f9 lunga, circa tre ore di escursione. Sono previste anche aree picnic e di gioco per i bambini, in progetto un ponte tibetano e\u00a0 aree attrezzate per esperienze sensoriali. Dovranno essere ricostruiti dei muretti a secco,\u00a0 pulite e impermeabilizzate\u00a0 le pozze di alpeggio e riqualificate le sorgenti e le piccole fontanelle, oltre alla pulizia e <a class=\"dt-pswp-item\" href=\"https:\/\/www.radiopiu.net\/wordpress\/wp-content\/uploads\/2020\/06\/be8b9967-cf21-4f23-8e42-b56b1c184d9b.jpg\" data-dt-img-description=\"\" data-large_image_width=\"2048\" data-large_image_height=\"1024\"><img loading=\"lazy\" decoding=\"async\" class=\"size-medium wp-image-147116 alignright\" src=\"https:\/\/www.radiopiu.net\/wordpress\/wp-content\/uploads\/2020\/06\/be8b9967-cf21-4f23-8e42-b56b1c184d9b-300x150.jpg\" alt=\"\" width=\"300\" height=\"150\" srcset=\"https:\/\/www.radiopiu.net\/wordpress\/wp-content\/uploads\/2020\/06\/be8b9967-cf21-4f23-8e42-b56b1c184d9b-300x150.jpg 300w, https:\/\/www.radiopiu.net\/wordpress\/wp-content\/uploads\/2020\/06\/be8b9967-cf21-4f23-8e42-b56b1c184d9b-1024x512.jpg 1024w, https:\/\/www.radiopiu.net\/wordpress\/wp-content\/uploads\/2020\/06\/be8b9967-cf21-4f23-8e42-b56b1c184d9b-768x384.jpg 768w, https:\/\/www.radiopiu.net\/wordpress\/wp-content\/uploads\/2020\/06\/be8b9967-cf21-4f23-8e42-b56b1c184d9b-1536x768.jpg 1536w, https:\/\/www.radiopiu.net\/wordpress\/wp-content\/uploads\/2020\/06\/be8b9967-cf21-4f23-8e42-b56b1c184d9b.jpg 2048w\" sizes=\"auto, (max-width: 300px) 100vw, 300px\" \/><\/a>messa in sicurezza dei boschi. Il collegamento Nevegal &#8211; Ronce \u2013 Valmorel \u00e8 un percorso in quota dedicato agli escursionisti pi\u00f9 esperti con un tempo di percorrenza stimato tra le 6 e le 8 ore, per questo\u00a0 sono richiesti solo interventi minori, come la sistemazione delle tracce sentieristiche e la realizzazione di un percorso che unisca le diverse tracce e possa godere di una adeguata tabellazione. Il costo stimato dall&#8217;associazione per l&#8217;intero progetto \u00e8 di 150.000 euro. Alla Regione \u00e8 stato chiesto se l&#8217;idea possa essere finanziata con la &#8220;Via Prealpi&#8221;, al Comune di Belluno la richiesta di intervenire tramite il tavolo anti spopolamento e il progetto Ronce 2020 con i fondi incassati per il colle dagli schianti di Vaia. <em>&#8220;In attesa di riscontri su questa idea &#8211; spiega Jimmy Dal Farra, presidente dell&#8217;associazione &#8211;\u00a0 continuiamo a lavorare per il completamento del tratto silvo pastorale tra Nevegal, Ronce e Valmorel e per la realizzazione del lago polivalente. Mai come ora abbiamo avuto bisogno di concretezza\u00a0 e per questo attendiamo un grande sforzo dalla Regione Veneto. Non dimentichiamo poi il grande impegno per il ritorno del Giro d&#8217;Italia a pi\u00f9 di 50 anni dallo storico passaggio per Ronce&#8221;.<\/em><\/p>\n<h2>Progetto NATURA PARK FAMIGLIA<\/h2>\n<a href=\"https:\/\/www.radiopiu.net\/wordpress\/wp-content\/uploads\/2020\/06\/Progetto-NATURA-PARK-FAMIGLIA.pdf\" class=\"pdfemb-viewer\" style=\"\" data-width=\"max\" data-height=\"max\" data-toolbar=\"top\" data-toolbar-fixed=\"on\">Progetto NATURA PARK FAMIGLIA<\/a>\n<p>&nbsp;<\/p>\n","protected":false},"excerpt":{"rendered":"<p>di Mirko Mezzacasa BELLUNO Si tratta di un percorso ad anello per le famiglie con partenza e arrivo al parcheggio di Col Canil e un collegamento Nevegal &#8211; Ronce \u2013 Valmorel per escursionisti esperti. Progetto che l&#8217;associazione Belluno Alpina ha presentato alla Regione Veneto e al Comune di Belluno con l&#8217;obbiettivo di valorizzare turisticamente, in&hellip;<\/p>\n","protected":false},"author":1,"featured_media":147116,"comment_status":"closed","ping_status":"closed","sticky":false,"template":"","format":"standard","meta":{"_monsterinsights_skip_tracking":false,"_monsterinsights_sitenote_active":false,"_monsterinsights_sitenote_note":"","_monsterinsights_sitenote_category":0,"footnotes":""},"categories":[49],"tags":[],"class_list":["post-147118","post","type-post","status-publish","format-standard","has-post-thumbnail","hentry","category-news-18","category-49","description-off"],"img_url":"https:\/\/www.radiopiu.net\/wordpress\/wp-content\/uploads\/2020\/06\/be8b9967-cf21-4f23-8e42-b56b1c184d9b.jpg","_links":{"self":[{"href":"https:\/\/www.radiopiu.net\/wordpress\/wp-json\/wp\/v2\/posts\/147118","targetHints":{"allow":["GET"]}}],"collection":[{"href":"https:\/\/www.radiopiu.net\/wordpress\/wp-json\/wp\/v2\/posts"}],"about":[{"href":"https:\/\/www.radiopiu.net\/wordpress\/wp-json\/wp\/v2\/types\/post"}],"author":[{"embeddable":true,"href":"https:\/\/www.radiopiu.net\/wordpress\/wp-json\/wp\/v2\/users\/1"}],"replies":[{"embeddable":true,"href":"https:\/\/www.radiopiu.net\/wordpress\/wp-json\/wp\/v2\/comments?post=147118"}],"version-history":[{"count":0,"href":"https:\/\/www.radiopiu.net\/wordpress\/wp-json\/wp\/v2\/posts\/147118\/revisions"}],"wp:featuredmedia":[{"embeddable":true,"href":"https:\/\/www.radiopiu.net\/wordpress\/wp-json\/wp\/v2\/media\/147116"}],"wp:attachment":[{"href":"https:\/\/www.radiopiu.net\/wordpress\/wp-json\/wp\/v2\/media?parent=147118"}],"wp:term":[{"taxonomy":"category","embeddable":true,"href":"https:\/\/www.radiopiu.net\/wordpress\/wp-json\/wp\/v2\/categories?post=147118"},{"taxonomy":"post_tag","embeddable":true,"href":"https:\/\/www.radiopiu.net\/wordpress\/wp-json\/wp\/v2\/tags?post=147118"}],"curies":[{"name":"wp","href":"https:\/\/api.w.org\/{rel}","templated":true}]}}