{"id":147169,"date":"2020-07-01T20:58:52","date_gmt":"2020-07-01T18:58:52","guid":{"rendered":"https:\/\/www.radiopiu.net\/wordpress\/?p=147169"},"modified":"2020-07-01T21:07:24","modified_gmt":"2020-07-01T19:07:24","slug":"focolaio-di-covid-19-a-feltre-3-nuovi-positivi-gia-isolati-e-asintomatici","status":"publish","type":"post","link":"https:\/\/www.radiopiu.net\/wordpress\/focolaio-di-covid-19-a-feltre-3-nuovi-positivi-gia-isolati-e-asintomatici\/","title":{"rendered":"FOCOLAIO DI COVID 19 A FELTRE: 3 NUOVI POSITIVI, GI\u00c0 ISOLATI E ASINTOMATICI"},"content":{"rendered":"<p><b><a class=\"dt-pswp-item\" href=\"https:\/\/www.radiopiu.net\/wordpress\/wp-content\/uploads\/2020\/03\/covid-ulss.jpg\" data-dt-img-description=\"\" data-large_image_width=\"800\" data-large_image_height=\"600\"><img loading=\"lazy\" decoding=\"async\" class=\"size-medium wp-image-121260 alignleft\" src=\"https:\/\/www.radiopiu.net\/wordpress\/wp-content\/uploads\/2020\/03\/covid-ulss-300x225.jpg\" alt=\"\" width=\"300\" height=\"225\" srcset=\"https:\/\/www.radiopiu.net\/wordpress\/wp-content\/uploads\/2020\/03\/covid-ulss-300x225.jpg 300w, https:\/\/www.radiopiu.net\/wordpress\/wp-content\/uploads\/2020\/03\/covid-ulss-768x576.jpg 768w, https:\/\/www.radiopiu.net\/wordpress\/wp-content\/uploads\/2020\/03\/covid-ulss.jpg 800w\" sizes=\"auto, (max-width: 300px) 100vw, 300px\" \/><\/a>FELTRE <\/b>L\u2019ulteriore allargamento delle indagini nella cerchia familiare e amicale dei sei casi relativi al focolaio COVID 19 occorso a Feltre hanno poco fa messo in evidenza 3 nuove positivit\u00e0 correlate a 2 delle 4 positivit\u00e0 relative a contatti stretti dei primi due casi diagnosticati venerd\u00ec 26 giugno 2020. Salgono quindi a 9 i soggetti positivi correlati al focolaio di Feltre. Queste 3 nuove persone positive al tampone erano gi\u00e0 state isolate e sono asintomatiche.<span class=\"Apple-converted-space\">\u00a0\u00a0<\/span>Verr\u00e0, quindi, ulteriormente allargato il <i>contact tracing<\/i> anche in riferimento a queste nuove positivit\u00e0 COVID.<span class=\"Apple-converted-space\">\u00a0\u00a0<\/span>L\u2019attuale situazione non modifica le decisioni adottate per le due strutture commerciali, gi\u00e0 oggetto di verifica SPISAL, con conferma di apertura.<span class=\"Apple-converted-space\">\u00a0<\/span>Quanto al soggetto che aveva dato origine ad un allarme in una scuola di Feltre, il tampone \u00e8 risultato negativo.<span class=\"Apple-converted-space\">\u00a0<\/span><\/p>\n","protected":false},"excerpt":{"rendered":"<p>FELTRE L\u2019ulteriore allargamento delle indagini nella cerchia familiare e amicale dei sei casi relativi al focolaio COVID 19 occorso a Feltre hanno poco fa messo in evidenza 3 nuove positivit\u00e0 correlate a 2 delle 4 positivit\u00e0 relative a contatti stretti dei primi due casi diagnosticati venerd\u00ec 26 giugno 2020. Salgono quindi a 9 i soggetti&hellip;<\/p>\n","protected":false},"author":4,"featured_media":121260,"comment_status":"closed","ping_status":"closed","sticky":false,"template":"","format":"standard","meta":{"_monsterinsights_skip_tracking":false,"_monsterinsights_sitenote_active":false,"_monsterinsights_sitenote_note":"","_monsterinsights_sitenote_category":0,"footnotes":""},"categories":[49],"tags":[],"class_list":["post-147169","post","type-post","status-publish","format-standard","has-post-thumbnail","hentry","category-news-18","category-49","description-off"],"img_url":"https:\/\/www.radiopiu.net\/wordpress\/wp-content\/uploads\/2020\/03\/covid-ulss.jpg","_links":{"self":[{"href":"https:\/\/www.radiopiu.net\/wordpress\/wp-json\/wp\/v2\/posts\/147169","targetHints":{"allow":["GET"]}}],"collection":[{"href":"https:\/\/www.radiopiu.net\/wordpress\/wp-json\/wp\/v2\/posts"}],"about":[{"href":"https:\/\/www.radiopiu.net\/wordpress\/wp-json\/wp\/v2\/types\/post"}],"author":[{"embeddable":true,"href":"https:\/\/www.radiopiu.net\/wordpress\/wp-json\/wp\/v2\/users\/4"}],"replies":[{"embeddable":true,"href":"https:\/\/www.radiopiu.net\/wordpress\/wp-json\/wp\/v2\/comments?post=147169"}],"version-history":[{"count":0,"href":"https:\/\/www.radiopiu.net\/wordpress\/wp-json\/wp\/v2\/posts\/147169\/revisions"}],"wp:featuredmedia":[{"embeddable":true,"href":"https:\/\/www.radiopiu.net\/wordpress\/wp-json\/wp\/v2\/media\/121260"}],"wp:attachment":[{"href":"https:\/\/www.radiopiu.net\/wordpress\/wp-json\/wp\/v2\/media?parent=147169"}],"wp:term":[{"taxonomy":"category","embeddable":true,"href":"https:\/\/www.radiopiu.net\/wordpress\/wp-json\/wp\/v2\/categories?post=147169"},{"taxonomy":"post_tag","embeddable":true,"href":"https:\/\/www.radiopiu.net\/wordpress\/wp-json\/wp\/v2\/tags?post=147169"}],"curies":[{"name":"wp","href":"https:\/\/api.w.org\/{rel}","templated":true}]}}