{"id":147182,"date":"2020-06-30T16:10:45","date_gmt":"2020-06-30T14:10:45","guid":{"rendered":"https:\/\/www.radiopiu.net\/wordpress\/?p=147182"},"modified":"2020-06-30T16:10:45","modified_gmt":"2020-06-30T14:10:45","slug":"feltre-presentata-la-totem-card-2020-per-laccesso-a-prezzo-ridotto-ai-musei","status":"publish","type":"post","link":"https:\/\/www.radiopiu.net\/wordpress\/feltre-presentata-la-totem-card-2020-per-laccesso-a-prezzo-ridotto-ai-musei\/","title":{"rendered":"FELTRE: PRESENTATA LA TOTEM CARD 2020 PER L&#8217;ACCESSO A PREZZO RIDOTTO AI MUSEI"},"content":{"rendered":"<p><strong><a class=\"dt-pswp-item\" href=\"https:\/\/www.radiopiu.net\/wordpress\/wp-content\/uploads\/2020\/06\/397780db-683c-4237-961f-d0976359bb6c.jpg\" data-dt-img-description=\"\" data-large_image_width=\"2000\" data-large_image_height=\"1500\"><img loading=\"lazy\" decoding=\"async\" class=\" wp-image-147185 alignleft\" src=\"https:\/\/www.radiopiu.net\/wordpress\/wp-content\/uploads\/2020\/06\/397780db-683c-4237-961f-d0976359bb6c-300x225.jpg\" alt=\"\" width=\"212\" height=\"159\" srcset=\"https:\/\/www.radiopiu.net\/wordpress\/wp-content\/uploads\/2020\/06\/397780db-683c-4237-961f-d0976359bb6c-300x225.jpg 300w, https:\/\/www.radiopiu.net\/wordpress\/wp-content\/uploads\/2020\/06\/397780db-683c-4237-961f-d0976359bb6c-1024x768.jpg 1024w, https:\/\/www.radiopiu.net\/wordpress\/wp-content\/uploads\/2020\/06\/397780db-683c-4237-961f-d0976359bb6c-768x576.jpg 768w, https:\/\/www.radiopiu.net\/wordpress\/wp-content\/uploads\/2020\/06\/397780db-683c-4237-961f-d0976359bb6c-1536x1152.jpg 1536w, https:\/\/www.radiopiu.net\/wordpress\/wp-content\/uploads\/2020\/06\/397780db-683c-4237-961f-d0976359bb6c.jpg 2000w\" sizes=\"auto, (max-width: 212px) 100vw, 212px\" \/><\/a>FELTRE\u00a0<\/strong>Sono state presentate questa mattina in Sala degli Stemmi le novit\u00e0 relative all&#8217;edizione 2020 della ToTem Card, lo strumento che dal 2018 consente l&#8217;accesso a prezzo ridotto a tutte le principali strutture museali e culturali della citt\u00e0 di Feltre.\u00a0La cittadella, come noto, \u00e8 interessata in questi mesi da una serie di cantieri che riguardano alcune delle sue bellezze storiche e architettoniche pi\u00f9 caratteristiche. Durante quest&#8217;estate (da l 1 luglio al 30 settembre) sar\u00e0 comunque possibile accedere alla Galleria d&#8217;Arte Moderna \u201cCarlo Rizzarda\u201d, al Museo Civico, alla Torre dell&#8217;Orologio e al Museo Diocesano d&#8217;Arte Sacra.\u00a0In pi\u00f9, grande novit\u00e0 di quest&#8217;anno, l&#8217;acceso alle prigioni di Palazzo Pretorio, visitabili dal prossimo 24 luglio urante le ore serali. in un percorso illuminato di particolare suggestione. <a class=\"dt-pswp-item\" href=\"https:\/\/www.radiopiu.net\/wordpress\/wp-content\/uploads\/2020\/06\/9ced8481-d9c4-461a-b16d-e9cf305c9412.jpg\" data-dt-img-description=\"\" data-large_image_width=\"2000\" data-large_image_height=\"1500\"><img loading=\"lazy\" decoding=\"async\" class=\" wp-image-147186 alignright\" src=\"https:\/\/www.radiopiu.net\/wordpress\/wp-content\/uploads\/2020\/06\/9ced8481-d9c4-461a-b16d-e9cf305c9412-300x225.jpg\" alt=\"\" width=\"221\" height=\"166\" srcset=\"https:\/\/www.radiopiu.net\/wordpress\/wp-content\/uploads\/2020\/06\/9ced8481-d9c4-461a-b16d-e9cf305c9412-300x225.jpg 300w, https:\/\/www.radiopiu.net\/wordpress\/wp-content\/uploads\/2020\/06\/9ced8481-d9c4-461a-b16d-e9cf305c9412-1024x768.jpg 1024w, https:\/\/www.radiopiu.net\/wordpress\/wp-content\/uploads\/2020\/06\/9ced8481-d9c4-461a-b16d-e9cf305c9412-768x576.jpg 768w, https:\/\/www.radiopiu.net\/wordpress\/wp-content\/uploads\/2020\/06\/9ced8481-d9c4-461a-b16d-e9cf305c9412-1536x1152.jpg 1536w, https:\/\/www.radiopiu.net\/wordpress\/wp-content\/uploads\/2020\/06\/9ced8481-d9c4-461a-b16d-e9cf305c9412.jpg 2000w\" sizes=\"auto, (max-width: 221px) 100vw, 221px\" \/><\/a>La ToTem Card sar\u00e0 acquistabile presso le sedi visitabili, l&#8217;Ufficio Turistico di Piazza Maggiore e, altra importante novit\u00e0 del 2020, nelle edicole della citt\u00e0 che aderiranno all&#8217;iniziativa.\u00a0La Card, a prezzo ridotto per i residenti, sar\u00e0 inoltre GRATUITA per chi pernotter\u00e0 almeno una notte in una struttura ricettiva del Comune di Feltre.\u00a0Tutte le info con prezzi, riduzioni, orari e dettagli dell&#8217;iniziativa su https:\/\/www.visitfeltre.info\/servizi\/totem-card\/<\/p>\n<p><strong>ALESSANDRO DEL BIANCO, ASSESSORE DEL COMUNE DI FELTRE<\/strong><\/p>\n<audio class=\"wp-audio-shortcode\" id=\"audio-147182-1\" preload=\"none\" style=\"width: 100%;\" controls=\"controls\"><source type=\"audio\/mpeg\" src=\"https:\/\/www.radiopiu.net\/wordpress\/wp-content\/uploads\/2020\/06\/Ass.-Del-Bianco-su-ToTem-Card-2020.mp3?_=1\" \/><a href=\"https:\/\/www.radiopiu.net\/wordpress\/wp-content\/uploads\/2020\/06\/Ass.-Del-Bianco-su-ToTem-Card-2020.mp3\">https:\/\/www.radiopiu.net\/wordpress\/wp-content\/uploads\/2020\/06\/Ass.-Del-Bianco-su-ToTem-Card-2020.mp3<\/a><\/audio>\n<p>&nbsp;<\/p>\n<p><strong>TIZIANA CASAGRANDE SULLE MOSTRE ESTIVE DI FELTRE<\/strong><\/p>\n<audio class=\"wp-audio-shortcode\" id=\"audio-147182-2\" preload=\"none\" style=\"width: 100%;\" controls=\"controls\"><source type=\"audio\/mpeg\" src=\"https:\/\/www.radiopiu.net\/wordpress\/wp-content\/uploads\/2020\/06\/Tiziana-Casagrande-su-mostre-estive.mp3?_=2\" \/><a href=\"https:\/\/www.radiopiu.net\/wordpress\/wp-content\/uploads\/2020\/06\/Tiziana-Casagrande-su-mostre-estive.mp3\">https:\/\/www.radiopiu.net\/wordpress\/wp-content\/uploads\/2020\/06\/Tiziana-Casagrande-su-mostre-estive.mp3<\/a><\/audio>\n<p>&nbsp;<\/p>\n","protected":false},"excerpt":{"rendered":"<p>FELTRE\u00a0Sono state presentate questa mattina in Sala degli Stemmi le novit\u00e0 relative all&#8217;edizione 2020 della ToTem Card, lo strumento che dal 2018 consente l&#8217;accesso a prezzo ridotto a tutte le principali strutture museali e culturali della citt\u00e0 di Feltre.\u00a0La cittadella, come noto, \u00e8 interessata in questi mesi da una serie di cantieri che riguardano alcune&hellip;<\/p>\n","protected":false},"author":4,"featured_media":147185,"comment_status":"closed","ping_status":"closed","sticky":false,"template":"","format":"standard","meta":{"_monsterinsights_skip_tracking":false,"_monsterinsights_sitenote_active":false,"_monsterinsights_sitenote_note":"","_monsterinsights_sitenote_category":0,"footnotes":""},"categories":[49],"tags":[],"class_list":["post-147182","post","type-post","status-publish","format-standard","has-post-thumbnail","hentry","category-news-18","category-49","description-off"],"img_url":"https:\/\/www.radiopiu.net\/wordpress\/wp-content\/uploads\/2020\/06\/397780db-683c-4237-961f-d0976359bb6c.jpg","_links":{"self":[{"href":"https:\/\/www.radiopiu.net\/wordpress\/wp-json\/wp\/v2\/posts\/147182","targetHints":{"allow":["GET"]}}],"collection":[{"href":"https:\/\/www.radiopiu.net\/wordpress\/wp-json\/wp\/v2\/posts"}],"about":[{"href":"https:\/\/www.radiopiu.net\/wordpress\/wp-json\/wp\/v2\/types\/post"}],"author":[{"embeddable":true,"href":"https:\/\/www.radiopiu.net\/wordpress\/wp-json\/wp\/v2\/users\/4"}],"replies":[{"embeddable":true,"href":"https:\/\/www.radiopiu.net\/wordpress\/wp-json\/wp\/v2\/comments?post=147182"}],"version-history":[{"count":0,"href":"https:\/\/www.radiopiu.net\/wordpress\/wp-json\/wp\/v2\/posts\/147182\/revisions"}],"wp:featuredmedia":[{"embeddable":true,"href":"https:\/\/www.radiopiu.net\/wordpress\/wp-json\/wp\/v2\/media\/147185"}],"wp:attachment":[{"href":"https:\/\/www.radiopiu.net\/wordpress\/wp-json\/wp\/v2\/media?parent=147182"}],"wp:term":[{"taxonomy":"category","embeddable":true,"href":"https:\/\/www.radiopiu.net\/wordpress\/wp-json\/wp\/v2\/categories?post=147182"},{"taxonomy":"post_tag","embeddable":true,"href":"https:\/\/www.radiopiu.net\/wordpress\/wp-json\/wp\/v2\/tags?post=147182"}],"curies":[{"name":"wp","href":"https:\/\/api.w.org\/{rel}","templated":true}]}}