{"id":147233,"date":"2020-07-01T06:08:16","date_gmt":"2020-07-01T04:08:16","guid":{"rendered":"https:\/\/www.radiopiu.net\/wordpress\/?p=147233"},"modified":"2020-07-01T06:17:12","modified_gmt":"2020-07-01T04:17:12","slug":"luca-de-carlo","status":"publish","type":"post","link":"https:\/\/www.radiopiu.net\/wordpress\/luca-de-carlo\/","title":{"rendered":"LUCA DE CARLO NON E&#8217; PIU&#8217; ONOREVOLE IL RICONTEGGIO DEI VOTI PORTA A ROMA IL LEGHISTA DI POSSAGNO"},"content":{"rendered":"<p><strong>ROMA<\/strong> <em>&#8220;Non sono attaccato alla poltrona, mi render\u00f2 utile comunque guardando al domani con fiducia&#8221; <\/em>Questo il primo commento di Luca De Carlo dopo l&#8217;esito del ricorso che lo allontana dal Parlamento, al suo posto arriva <em>Giuseppe Paolin della Lega. E&#8217; di Possagno (TV) e nel 2018 fu parlamentare per 4 giorni. Poi in seguito a riconteggi il suo seggio and\u00f2 a De Carlo. Paolin fece ricorso. E oggi \u00e8 arrivato il risultato. Dopo due anni e mezzo, una vicenda che ha dell&#8217;incredibile, la decisione dopo il riconteggio dei voti.<\/em><\/p>\n<p><em>LUCA DE CARLO A RADIO PIU<\/em><\/p>\n<audio class=\"wp-audio-shortcode\" id=\"audio-147233-1\" preload=\"none\" style=\"width: 100%;\" controls=\"controls\"><source type=\"audio\/mpeg\" src=\"https:\/\/www.radiopiu.net\/wordpress\/wp-content\/uploads\/2020\/06\/luca.mp3?_=1\" \/><a href=\"https:\/\/www.radiopiu.net\/wordpress\/wp-content\/uploads\/2020\/06\/luca.mp3\">https:\/\/www.radiopiu.net\/wordpress\/wp-content\/uploads\/2020\/06\/luca.mp3<\/a><\/audio>\n<p>&nbsp;<\/p>\n<p><strong>DARIO BOND INVITA AD APRIRE LA DISCUSSIONE<\/strong><\/p>\n<div class=\"moz-text-html\" lang=\"x-unicode\">\n<div dir=\"ltr\">\n<div dir=\"ltr\">\n<div dir=\"ltr\">\n<p><em>\u00abSiamo la repubblica delle banane. Non \u00e8 normale che due anni e mezzo dopo le elezioni si ricontino i voti e ci sia il cambio in corsa dei deputati\u00bb. Cos\u00ec in una nota, il deputato di Forza Italia, Dario Bond.\u00a0\u00abLa notizia del riconteggio dei voti e dell\u2019uscita di De Carlo mi lascia senza parole. Non \u00e8 possibile. Da parte mia, un sentito ringraziamento a Luca per il lavoro svolto in questi mesi. Sono convinto che molto presto torner\u00e0 a ricoprire i ruoli che meritano il suo impegno e la sua professionalit\u00e0. \u00c8 necessario per\u00f2 aprire la discussione sul sistema che ha portato a tutto ci\u00f2\u00bb.<\/em><\/p>\n<\/div>\n<\/div>\n<\/div>\n<\/div>\n","protected":false},"excerpt":{"rendered":"<p>ROMA &#8220;Non sono attaccato alla poltrona, mi render\u00f2 utile comunque guardando al domani con fiducia&#8221; Questo il primo commento di Luca De Carlo dopo l&#8217;esito del ricorso che lo allontana dal Parlamento, al suo posto arriva Giuseppe Paolin della Lega. E&#8217; di Possagno (TV) e nel 2018 fu parlamentare per 4 giorni. Poi in seguito&hellip;<\/p>\n","protected":false},"author":1,"featured_media":138787,"comment_status":"closed","ping_status":"closed","sticky":false,"template":"","format":"standard","meta":{"_monsterinsights_skip_tracking":false,"_monsterinsights_sitenote_active":false,"_monsterinsights_sitenote_note":"","_monsterinsights_sitenote_category":0,"footnotes":""},"categories":[49],"tags":[],"class_list":["post-147233","post","type-post","status-publish","format-standard","has-post-thumbnail","hentry","category-news-18","category-49","description-off"],"img_url":"https:\/\/www.radiopiu.net\/wordpress\/wp-content\/uploads\/2020\/05\/Luca-De-Carlo.jpg","_links":{"self":[{"href":"https:\/\/www.radiopiu.net\/wordpress\/wp-json\/wp\/v2\/posts\/147233","targetHints":{"allow":["GET"]}}],"collection":[{"href":"https:\/\/www.radiopiu.net\/wordpress\/wp-json\/wp\/v2\/posts"}],"about":[{"href":"https:\/\/www.radiopiu.net\/wordpress\/wp-json\/wp\/v2\/types\/post"}],"author":[{"embeddable":true,"href":"https:\/\/www.radiopiu.net\/wordpress\/wp-json\/wp\/v2\/users\/1"}],"replies":[{"embeddable":true,"href":"https:\/\/www.radiopiu.net\/wordpress\/wp-json\/wp\/v2\/comments?post=147233"}],"version-history":[{"count":0,"href":"https:\/\/www.radiopiu.net\/wordpress\/wp-json\/wp\/v2\/posts\/147233\/revisions"}],"wp:featuredmedia":[{"embeddable":true,"href":"https:\/\/www.radiopiu.net\/wordpress\/wp-json\/wp\/v2\/media\/138787"}],"wp:attachment":[{"href":"https:\/\/www.radiopiu.net\/wordpress\/wp-json\/wp\/v2\/media?parent=147233"}],"wp:term":[{"taxonomy":"category","embeddable":true,"href":"https:\/\/www.radiopiu.net\/wordpress\/wp-json\/wp\/v2\/categories?post=147233"},{"taxonomy":"post_tag","embeddable":true,"href":"https:\/\/www.radiopiu.net\/wordpress\/wp-json\/wp\/v2\/tags?post=147233"}],"curies":[{"name":"wp","href":"https:\/\/api.w.org\/{rel}","templated":true}]}}