{"id":147299,"date":"2020-07-01T20:57:13","date_gmt":"2020-07-01T18:57:13","guid":{"rendered":"https:\/\/www.radiopiu.net\/wordpress\/?p=147299"},"modified":"2020-07-01T21:06:55","modified_gmt":"2020-07-01T19:06:55","slug":"bec-e-bastonadi-eternamente-dimenticati-di-dino-bridda","status":"publish","type":"post","link":"https:\/\/www.radiopiu.net\/wordpress\/bec-e-bastonadi-eternamente-dimenticati-di-dino-bridda\/","title":{"rendered":"\u00abB\u00e9c e bastonadi\u00bb, eternamente dimenticati di DINO BRIDDA"},"content":{"rendered":"<blockquote>\n<h2>Nelle vallate delle Dolomiti Bellunesi<\/h2>\n<\/blockquote>\n<p><strong><a class=\"dt-pswp-item\" href=\"https:\/\/www.radiopiu.net\/wordpress\/wp-content\/uploads\/2020\/07\/dino_bridda-300x300-1.jpg\" data-dt-img-description=\"\" data-large_image_width=\"300\" data-large_image_height=\"300\"><img loading=\"lazy\" decoding=\"async\" class=\" wp-image-147300 alignleft\" src=\"https:\/\/www.radiopiu.net\/wordpress\/wp-content\/uploads\/2020\/07\/dino_bridda-300x300-1-300x300.jpg\" alt=\"\" width=\"182\" height=\"182\" srcset=\"https:\/\/www.radiopiu.net\/wordpress\/wp-content\/uploads\/2020\/07\/dino_bridda-300x300-1.jpg 300w, https:\/\/www.radiopiu.net\/wordpress\/wp-content\/uploads\/2020\/07\/dino_bridda-300x300-1-150x150.jpg 150w\" sizes=\"auto, (max-width: 182px) 100vw, 182px\" \/><\/a>BELLUNO\u00a0<\/strong> Siamo tutti convinti che dobbiamo promuovere con ogni forma possibile il rilancio del turismo nella nostra provincia e di dover fare ripartire con il piede giusto tale comparto economico essenziale e strategico per la nostra sopravvivenza accanto a quello manifatturiero. L\u2019emergenza sanitaria lo ha messo in ginocchio, cos\u00ec siamo tutti impegnati a farlo rialzare e riprendere il cammino. Ma in quale modo? Con quali sinergie? In sede locale sono in atto varie azioni per rilanciare il turismo e dare ossigeno alle aziende che vi operano, altrettanto si fa nell\u2019intero quadrante nazionale, ma ci sia concesso qualche dubbio circa le sinergie e le comunioni di intenti dove riscontriamo a malincuore delle lacune che danneggiano soprattutto le Dolomiti Bellunesi e l\u2019economia dei territori dove sorgono le \u201cpi\u00f9 belle montagne del mondo\u201d. Capita infatti di trovarsi di fronte a qualche inserto speciale della grande stampa nazionale nel quale, ad esempio, si parla di \u201cEstate italiana, vacanze pi\u00f9 sicure\u201d come \u00e8 accaduto nel n. 26 di \u201cOggi\u201d, che si presenta dal lontano 1939 come il \u201cSettimanale delle famiglie italiane\u201d e gode di ampia ed accertata diffusione. Nel numero in edicola in questi giorni compare un inserto di 24 pagine &#8211; il giornale ne ha 150 in totale &#8211; nel quale si offrono \u201cidee per viaggi in libert\u00e0, tra natura, divertimento e relax per tutta la famiglia\u201d. Scorrendo queste pagine, tralasciando pure mare e laghi, si scopre che la maggiore attenzione \u00e8 riservata alla montagna, il che non pu\u00f2 che farci piacere. Appaiono informazioni e immagini di Franciacorta, Val Sabbia, Trekking sugli Appennini, le Valli d\u2019Adige, Fassa, Badia, Ega, Bressanone, Sappada (sic!) ed il Tarvisano, ed ancora le valli Vigezzo e Camonica e Valtellina. Insomma, constatando una preponderanza dei luoghi dell\u2019arco alpino orientale, a proposito di Dolomiti ci aspettavamo di trovarvi anche il Bellunese. Sembrava cosa scontata, ma la beffa vuole che alle pagine 74 e 75 compaia una grande foto di una famiglia \u201cIn cima al mondo\u201d e corredata dalla didascalia \u201cPanorami mozzafiato. Tra i luoghi simbolo delle Alpi , le Tre Cime di Lavaredo in Alto Adige, Patrimonio dell\u2019Umanit\u00e0 Unesco\u201d. Di conseguenza le famiglie italiane saranno indotte a fare rotta solo verso il versante occidentale delle Dolomiti, ma nel contempo ignorando Comelico, Cadore, Zoldo, Agordino e via dicendo, dove esistono \u201cpanorami mozzafiato\u201d che si chiamano Marmolada, Civetta, Cristallo, Pop\u00e8ra, Agn\u00e8r, Pelmo e tante altre nostre meravigliose montagne. Ancora una volta del Bellunese non si fa menzione alcuna e non importa se comprende nel suo territorio ben il 46% delle Dolomiti!\u00a0 D\u2019accordo, se gli inserti promozionali sono a pagamento &#8211; infatti nelle pagine citate vi sono parecchie pubblicit\u00e0 -, allora \u00e8 lecita la domanda: \u00abLa medesima opportunit\u00e0 dei colleghi trentini e altoatesini era stata data anche agli operatori bellunesi?\u00bb. Se s\u00ec, era cos\u00ec proibitiva da scoraggiarli? Se no, \u00e8 grave e testimonia che la geografia \u00e8 solo un optional e non solo nelle aule scolastiche!\u00a0 Il tempo di smaltire la rabbia, aumentata magari dal non ricevere risposte in merito, poi state certi che l\u2019appuntamento, purtroppo, sar\u00e0 alla prossima beffa per il Bellunese. Si tratta solo di prendere atto di chi la attuer\u00e0 ed in quale modo, ma noi non ci stancheremo mai di elevare la nostra indignata protesta. Per quanto possa valere, ahim\u00e8!<\/p>\n","protected":false},"excerpt":{"rendered":"<p>Nelle vallate delle Dolomiti Bellunesi BELLUNO\u00a0 Siamo tutti convinti che dobbiamo promuovere con ogni forma possibile il rilancio del turismo nella nostra provincia e di dover fare ripartire con il piede giusto tale comparto economico essenziale e strategico per la nostra sopravvivenza accanto a quello manifatturiero. L\u2019emergenza sanitaria lo ha messo in ginocchio, cos\u00ec siamo&hellip;<\/p>\n","protected":false},"author":1,"featured_media":147300,"comment_status":"closed","ping_status":"closed","sticky":false,"template":"","format":"standard","meta":{"_monsterinsights_skip_tracking":false,"_monsterinsights_sitenote_active":false,"_monsterinsights_sitenote_note":"","_monsterinsights_sitenote_category":0,"footnotes":""},"categories":[49],"tags":[],"class_list":["post-147299","post","type-post","status-publish","format-standard","has-post-thumbnail","hentry","category-news-18","category-49","description-off"],"img_url":"https:\/\/www.radiopiu.net\/wordpress\/wp-content\/uploads\/2020\/07\/dino_bridda-300x300-1.jpg","_links":{"self":[{"href":"https:\/\/www.radiopiu.net\/wordpress\/wp-json\/wp\/v2\/posts\/147299","targetHints":{"allow":["GET"]}}],"collection":[{"href":"https:\/\/www.radiopiu.net\/wordpress\/wp-json\/wp\/v2\/posts"}],"about":[{"href":"https:\/\/www.radiopiu.net\/wordpress\/wp-json\/wp\/v2\/types\/post"}],"author":[{"embeddable":true,"href":"https:\/\/www.radiopiu.net\/wordpress\/wp-json\/wp\/v2\/users\/1"}],"replies":[{"embeddable":true,"href":"https:\/\/www.radiopiu.net\/wordpress\/wp-json\/wp\/v2\/comments?post=147299"}],"version-history":[{"count":0,"href":"https:\/\/www.radiopiu.net\/wordpress\/wp-json\/wp\/v2\/posts\/147299\/revisions"}],"wp:featuredmedia":[{"embeddable":true,"href":"https:\/\/www.radiopiu.net\/wordpress\/wp-json\/wp\/v2\/media\/147300"}],"wp:attachment":[{"href":"https:\/\/www.radiopiu.net\/wordpress\/wp-json\/wp\/v2\/media?parent=147299"}],"wp:term":[{"taxonomy":"category","embeddable":true,"href":"https:\/\/www.radiopiu.net\/wordpress\/wp-json\/wp\/v2\/categories?post=147299"},{"taxonomy":"post_tag","embeddable":true,"href":"https:\/\/www.radiopiu.net\/wordpress\/wp-json\/wp\/v2\/tags?post=147299"}],"curies":[{"name":"wp","href":"https:\/\/api.w.org\/{rel}","templated":true}]}}