{"id":147400,"date":"2020-07-01T23:58:54","date_gmt":"2020-07-01T21:58:54","guid":{"rendered":"https:\/\/www.radiopiu.net\/wordpress\/?p=147400"},"modified":"2020-07-01T17:48:56","modified_gmt":"2020-07-01T15:48:56","slug":"seren-del-grappa-sospirolo-soverzene-quindi-sovramonte-e-taibon-agordino-di-renato-bona","status":"publish","type":"post","link":"https:\/\/www.radiopiu.net\/wordpress\/seren-del-grappa-sospirolo-soverzene-quindi-sovramonte-e-taibon-agordino-di-renato-bona\/","title":{"rendered":"SEREN DEL GRAPPA, SOSPIROLO, SOVERZENE QUINDI SOVRAMONTE E TAIBON AGORDINO di Renato Bona"},"content":{"rendered":"<p><strong><a class=\"dt-pswp-item\" href=\"https:\/\/www.radiopiu.net\/wordpress\/wp-content\/uploads\/2019\/08\/553085_385905871470280_1626001170_n-1.jpg\" data-dt-img-description=\"\" data-large_image_width=\"855\" data-large_image_height=\"569\"><img loading=\"lazy\" decoding=\"async\" class=\" wp-image-94594 alignleft\" src=\"https:\/\/www.radiopiu.net\/wordpress\/wp-content\/uploads\/2019\/08\/553085_385905871470280_1626001170_n-1-300x200.jpg\" alt=\"\" width=\"197\" height=\"131\" srcset=\"https:\/\/www.radiopiu.net\/wordpress\/wp-content\/uploads\/2019\/08\/553085_385905871470280_1626001170_n-1-300x200.jpg 300w, https:\/\/www.radiopiu.net\/wordpress\/wp-content\/uploads\/2019\/08\/553085_385905871470280_1626001170_n-1-768x511.jpg 768w, https:\/\/www.radiopiu.net\/wordpress\/wp-content\/uploads\/2019\/08\/553085_385905871470280_1626001170_n-1.jpg 855w\" sizes=\"auto, (max-width: 197px) 100vw, 197px\" \/><\/a>di\u00a0Renato\u00a0<\/strong><b>Bona\u00a0<\/b><\/p>\n<p>Seren del Grappa, Sospirolo, Soverzene, Sovramonte e Taibon Agordino. Sono questi i comuni che \u201cvisitiamo\u201d in questa terz\u2019ultima tappa del \u201cviaggio\u201d in ambito provinciale alla scoperta di simboli (gli originali delle singole realt\u00e0 sono stati realizzati dal compianto prof. Massimo Facchin) e di storia, mirabilmente sintetizzata dal giornalista Fiorello Zangrando, anch\u2019egli mancato. Nel luglio di trent\u2019anni or sono, in occasione dell\u2019inaugurazione di lavori alla fontana che caratterizza la Piazza dei Martiri di Belluno, ad iniziativa dell\u2019assessorato all\u2019urbanistica di Palazzo Rosso venne stampata (stabilimenti tipolitografico Panfilo Castaldi di Feltre) la pubblicazione: \u201cI Comuni della Provincia di Belluno. Storia e simboli\u201d. Ed \u00e8 proprio da questa che traiamo immagini e notizie con una precisazione: fra i simboli, che sono la copia che venne collocata nella circonferenza interna della fontana, manca quello di Soverzene e dunque quello che proponiamo a colori (tratto dal sito araldica civica.it) \u00e8 una \u201cnovit\u00e0\u201d. SEREN DEL GRAPPA. Cos\u00ec Zangrando: \u201cIl nome potrebbe derivare dal personale etrusco Serenno, oppure dal latino \u2018serenus\u2019: chiaro. La presenza etrusca \u00e8 provata da tombe scoperte assieme ad altre di periodo romano. Trascurando la leggenda di Amalasunta, regina degli Ostrogoti, ospite del castello che dovrebbe sorgere sul Colle Puilla, nel 1200 si eleva la chiesa di San Siro. Nel 1266 vi si ordisce la congiura dei ghibellini contro i guelfi di Feltre, che non d\u00e0 risultato positivo. Nel 1304 a causa d\u2019una forte inondazione cambia corso in quello attuale il torrente Stizzon, gi\u00e0 affluente del Cismon. Nel 1336 una pestilenza lascia in vita, secondo la tradizione, soltanto un uomo e una donna delle famiglie Sacco e Menegaz. Nel 1452 si registra un\u2019invasione di cavallette che divorano le piantagioni. La Grande guerra investe il paese e vede la popolazione eroicamente a fianco delle truppe. Nel dicembre 1944 gli invasori tedeschi compiono un massacro. SOSPIROLO. Sembra documentata \u2013 secondo il giornalista bellunese &#8211; la presenza di romani. Tombe e utensili sono trovati a Oregne e in Val Falcina, Il nome deriva dal basso latino \u2018sub\u2019 e \u2018pireolu\u2019: sotto un alberello di pero. Ma Vedana viene da Avitus, Cazzaghe da Cattius e Volp\u00e9z da Publicius, nome documentato da una lapide. Il paese si forma attorno al 1200. Precedentemente, nel 1155 una bolla di papa Adriano IV documenta l\u2019ospizio di Vedana, che accoglie i pellegrini transitanti lungo il canale d\u2019Agordo. Possiede la casa colonica dei Lov\u00e0t, la Cesura alla Busa e un appezzamento di terreno a Oregne. E\u2019 nel 1456 che il capitolo di Belluno lo affida ai figli di san Brunone. Nasce cos\u00ec una delle pi\u00f9 famose certose italiane, turbata dall\u2019incendio del 1695. Soppressa nel 1769, \u00e8 rinata per circa un secolo nel 1882. Durante la piena del 1882 il ponte di Mas \u00e8 sommerso dal Cordevole ma non cede. Nei primi anni di questo secolo acquista fama di localit\u00e0 turistica Susin. Nel 1944 a Sospirolo si stabilisce la brigata partigiana \u2018Carlo Pisacane\u2019\u201d. SOVERZENE. Forse ai tempi dei romani c\u2019\u00e8 una strada che congiunge Soccher con Codissago e passa di qui. C\u2019\u00e8 chi fa derivare il nome dal personale etrusco Verginia. Una tomba con bracciali di rame del secolo quinto o sesto dopo Cristo documenta la presenza di popolazioni ai tempi delle invasioni barbariche. Di popolazione stabile si pu\u00f2 parlare soltanto attorno al Mille. Il paese \u00e8 nominato in un documento del 1172. Nel 1281 con Dogna e Provagna acquista il monte Embulone. Nel 1284 conta tre sole famiglie. Il monte Valpora \u00e8 investito ai regolieri dal Vescovo di Belluno il 5 luglio 1313. Il 28 febbraio 1580 Giulio Contarini investe la Regola di Soverzene del diritto di monticazione sul Sassolera. Nel 1881 dopo un grave incendio numerose famiglie emigrano per fondare il villaggio di Plostina in Croazia. Il ponte sul Piave \u00e8 ultimato nel 1927. Nel 1955 entra in funzione la centrale idroelettrica in caverna. Non esiste lo stemma comunale. SOVRAMONTE. Fino al 1881 il Comune \u00e8 chiamato Servo, dal nome della frazione principale che \u00e8 sede del municipio. Recenti ritrovamenti in Val Rosna documentano la presenza di cacciatori e pastori con una primitiva organizzazione sociale attestata da una sepoltura dodicimila anni prima di Cristo. Tra i ruderi del castello di Servo, che \u00e8 poi dei Faller e dei Porta, si trovano tombe e utensili di epoca romana. L\u2019epoca barbarica \u00e8 provata dal ritrovamento di una statua di Antonoo. La via Claudia augusta passa di qui. Ai romani risalgono toponimi come Casinach dal personale Casinius. Dall\u2019etrusco Ramena sembra invece risalire Ram\u00e9n. Il primo documento che contiene il nome \u00e8 del 1085. Nel Quattrocento Venezia fa edificare il maniero di Schen\u00e9r per sbarrare il passo dal Trentino. Il fortilizio \u00e8 raso al suolo nel 1511 dalle truppe imperiali di Massimiliano. Per evitare saccheggi la popolazione deve sborsare una cospicua taglia. Sovramonte paga un alto tributo durante la prima e la seconda guerra mondiale. TAIBON AGORDINO. Un sepolcro murato trovato a Peden, contenente un vaso di terracotta e coperto da una rozza pietra fa pensare ad un insediamento di epoca barbarica. Ai terreni del dominio veneto i villaggi che compongono il Comune -Taibon, P\u00e9den, Forno di Valle e Listolade &#8211; formano distinte Regole che quando debbono trattare gli affari comuni si riuniscono insieme sul Col de la m\u00f2la. Alla chiusa di Listol\u00e0de si oppongono gli agordini nel 1439 all\u2019avanzata di Filippo Maria Visconti. Forno di Valle conta case antiche e deriva il nome dai forni ricordati nel 1333, dove si lavora il ferro ricavato dalle miniere di Col de la vena e della Stia di val di Gard\u00e8s. Taibon \u00e8 ricordato la prima volta in un documento del 1143. Due frane sono memorabili: quella caduta dal Fromont l\u201911 maggio 1865 lungo la Corpassa e quella precipitata tra il 2 e il 3 dicembre 1908 che travolge Lagun\u00e0z e Pr\u00e0 provocando molte vittime. Un incendio il 7 aprile 1854 incenerisce gran parte del paese.<\/p>\n\n\t\t\t<style type='text\/css'>\n\t\t\t\t#gallery-1 {\n\t\t\t\t\tmargin: auto;\n\t\t\t\t}\n\t\t\t\t#gallery-1 .gallery-item {\n\t\t\t\t\tfloat: left;\n\t\t\t\t\tmargin-top: 10px;\n\t\t\t\t\ttext-align: center;\n\t\t\t\t\twidth: 20%;\n\t\t\t\t}\n\t\t\t\t#gallery-1 img {\n\t\t\t\t\tborder: 2px solid #cfcfcf;\n\t\t\t\t}\n\t\t\t\t#gallery-1 .gallery-caption {\n\t\t\t\t\tmargin-left: 0;\n\t\t\t\t}\n\t\t\t\t\/* see gallery_shortcode() in wp-includes\/media.php *\/\n\t\t\t<\/style>\n\t\t<div id='gallery-1' class='dt-gallery-container gallery galleryid-147400 gallery-columns-5 gallery-size-thumbnail'><dl class='gallery-item'>\n\t\t\t\t<dt class='gallery-icon portrait'>\n\t\t\t\t\t<a class=\"rollover\" href='https:\/\/www.radiopiu.net\/wordpress\/seren-del-grappa-sospirolo-soverzene-quindi-sovramonte-e-taibon-agordino-di-renato-bona\/106534203_2759051071085238_7876851718747412351_n\/'><img loading=\"lazy\" decoding=\"async\" width=\"150\" height=\"150\" src=\"https:\/\/www.radiopiu.net\/wordpress\/wp-content\/uploads\/2020\/07\/106534203_2759051071085238_7876851718747412351_n-150x150.jpg\" class=\"attachment-thumbnail size-thumbnail\" alt=\"\" \/><\/a>\n\t\t\t\t<\/dt><\/dl><dl class='gallery-item'>\n\t\t\t\t<dt class='gallery-icon portrait'>\n\t\t\t\t\t<a class=\"rollover\" href='https:\/\/www.radiopiu.net\/wordpress\/seren-del-grappa-sospirolo-soverzene-quindi-sovramonte-e-taibon-agordino-di-renato-bona\/106415176_699891787458257_3926844653085230330_n\/'><img loading=\"lazy\" decoding=\"async\" width=\"150\" height=\"150\" src=\"https:\/\/www.radiopiu.net\/wordpress\/wp-content\/uploads\/2020\/07\/106415176_699891787458257_3926844653085230330_n-150x150.jpg\" class=\"attachment-thumbnail size-thumbnail\" alt=\"\" \/><\/a>\n\t\t\t\t<\/dt><\/dl><dl class='gallery-item'>\n\t\t\t\t<dt class='gallery-icon portrait'>\n\t\t\t\t\t<a class=\"rollover\" href='https:\/\/www.radiopiu.net\/wordpress\/seren-del-grappa-sospirolo-soverzene-quindi-sovramonte-e-taibon-agordino-di-renato-bona\/106298992_560034754670634_232312300667264170_n\/'><img loading=\"lazy\" decoding=\"async\" width=\"150\" height=\"150\" src=\"https:\/\/www.radiopiu.net\/wordpress\/wp-content\/uploads\/2020\/07\/106298992_560034754670634_232312300667264170_n-150x150.png\" class=\"attachment-thumbnail size-thumbnail\" alt=\"\" \/><\/a>\n\t\t\t\t<\/dt><\/dl><dl class='gallery-item'>\n\t\t\t\t<dt class='gallery-icon portrait'>\n\t\t\t\t\t<a class=\"rollover\" href='https:\/\/www.radiopiu.net\/wordpress\/seren-del-grappa-sospirolo-soverzene-quindi-sovramonte-e-taibon-agordino-di-renato-bona\/106448703_1501993189992353_8449203240658333097_n\/'><img loading=\"lazy\" decoding=\"async\" width=\"150\" height=\"150\" src=\"https:\/\/www.radiopiu.net\/wordpress\/wp-content\/uploads\/2020\/07\/106448703_1501993189992353_8449203240658333097_n-150x150.jpg\" class=\"attachment-thumbnail size-thumbnail\" alt=\"\" \/><\/a>\n\t\t\t\t<\/dt><\/dl><dl class='gallery-item'>\n\t\t\t\t<dt class='gallery-icon portrait'>\n\t\t\t\t\t<a class=\"rollover\" href='https:\/\/www.radiopiu.net\/wordpress\/seren-del-grappa-sospirolo-soverzene-quindi-sovramonte-e-taibon-agordino-di-renato-bona\/106754907_279624470044912_5906754820617048212_n\/'><img loading=\"lazy\" decoding=\"async\" width=\"150\" height=\"150\" src=\"https:\/\/www.radiopiu.net\/wordpress\/wp-content\/uploads\/2020\/07\/106754907_279624470044912_5906754820617048212_n-150x150.jpg\" class=\"attachment-thumbnail size-thumbnail\" alt=\"\" \/><\/a>\n\t\t\t\t<\/dt><\/dl><br style=\"clear: both\" \/>\n\t\t\t<\/div>\n\n","protected":false},"excerpt":{"rendered":"<p>di\u00a0Renato\u00a0Bona\u00a0 Seren del Grappa, Sospirolo, Soverzene, Sovramonte e Taibon Agordino. Sono questi i comuni che \u201cvisitiamo\u201d in questa terz\u2019ultima tappa del \u201cviaggio\u201d in ambito provinciale alla scoperta di simboli (gli originali delle singole realt\u00e0 sono stati realizzati dal compianto prof. Massimo Facchin) e di storia, mirabilmente sintetizzata dal giornalista Fiorello Zangrando, anch\u2019egli mancato. Nel luglio&hellip;<\/p>\n","protected":false},"author":4,"featured_media":147401,"comment_status":"closed","ping_status":"closed","sticky":false,"template":"","format":"standard","meta":{"_monsterinsights_skip_tracking":false,"_monsterinsights_sitenote_active":false,"_monsterinsights_sitenote_note":"","_monsterinsights_sitenote_category":0,"footnotes":""},"categories":[49],"tags":[],"class_list":["post-147400","post","type-post","status-publish","format-standard","has-post-thumbnail","hentry","category-news-18","category-49","description-off"],"img_url":"https:\/\/www.radiopiu.net\/wordpress\/wp-content\/uploads\/2020\/07\/106754907_279624470044912_5906754820617048212_n-scaled.jpg","_links":{"self":[{"href":"https:\/\/www.radiopiu.net\/wordpress\/wp-json\/wp\/v2\/posts\/147400","targetHints":{"allow":["GET"]}}],"collection":[{"href":"https:\/\/www.radiopiu.net\/wordpress\/wp-json\/wp\/v2\/posts"}],"about":[{"href":"https:\/\/www.radiopiu.net\/wordpress\/wp-json\/wp\/v2\/types\/post"}],"author":[{"embeddable":true,"href":"https:\/\/www.radiopiu.net\/wordpress\/wp-json\/wp\/v2\/users\/4"}],"replies":[{"embeddable":true,"href":"https:\/\/www.radiopiu.net\/wordpress\/wp-json\/wp\/v2\/comments?post=147400"}],"version-history":[{"count":0,"href":"https:\/\/www.radiopiu.net\/wordpress\/wp-json\/wp\/v2\/posts\/147400\/revisions"}],"wp:featuredmedia":[{"embeddable":true,"href":"https:\/\/www.radiopiu.net\/wordpress\/wp-json\/wp\/v2\/media\/147401"}],"wp:attachment":[{"href":"https:\/\/www.radiopiu.net\/wordpress\/wp-json\/wp\/v2\/media?parent=147400"}],"wp:term":[{"taxonomy":"category","embeddable":true,"href":"https:\/\/www.radiopiu.net\/wordpress\/wp-json\/wp\/v2\/categories?post=147400"},{"taxonomy":"post_tag","embeddable":true,"href":"https:\/\/www.radiopiu.net\/wordpress\/wp-json\/wp\/v2\/tags?post=147400"}],"curies":[{"name":"wp","href":"https:\/\/api.w.org\/{rel}","templated":true}]}}