{"id":147426,"date":"2020-07-01T20:49:11","date_gmt":"2020-07-01T18:49:11","guid":{"rendered":"https:\/\/www.radiopiu.net\/wordpress\/?p=147426"},"modified":"2020-07-02T09:32:36","modified_gmt":"2020-07-02T07:32:36","slug":"la-provinciale-20-della-val-fiorentina-riapre-il-10-luglio","status":"publish","type":"post","link":"https:\/\/www.radiopiu.net\/wordpress\/la-provinciale-20-della-val-fiorentina-riapre-il-10-luglio\/","title":{"rendered":"LA PROVINCIALE 20 DELLA VAL FIORENTINA RIAPRE&#8230;IL 10 LUGLIO"},"content":{"rendered":"<p><strong>SELVA DI CADORE\u00a0<\/strong>Come da ordinanza di Veneto Strade saranno necessari alcuni giorni in pi\u00f9 per poter rendere transitabile in sicurezza la SP 20 per la stagione estiva. La situazione estremamente deteriorata della strada ha richiesto un intervento di fresatura, sottofondo in cemento e una prima stesura di asfalto necessarie per stabilizzare sedime dopo gli importanti interventi di drenaggio, consolidamento dei versanti, allargamento e rifacimento dei sottoservizi. L&#8217;apertura prevista dopo le 18.00 del giorno 10 luglio non sar\u00e0 il termine definitivo dei lavori che continueranno ancora per diversi mesi con la realizzazione dei punti di accesso alle aree private, le finiture e la posa dell&#8217;illuminazione e dei rivestimenti . Seguiranno ulteriori fasi di asfaltatura da effettuarsi solo dopo il consolidamento definitivo del fondo stradale. Pertanto la riapertura avverr\u00e0 con segnaletica gialla che permetter\u00e0 l&#8217;accesso ma segnalando la situazione di cantiere, sar\u00e0 comunque presente tutta la dotazione di sicurezza con la posa dei guardrail.<\/p>\n<p><strong>IL SINDACO DI SELVA DI CADORE SILVIA CESTARO<\/strong><\/p>\n<audio class=\"wp-audio-shortcode\" id=\"audio-147426-1\" preload=\"none\" style=\"width: 100%;\" controls=\"controls\"><source type=\"audio\/mpeg\" src=\"https:\/\/www.radiopiu.net\/wordpress\/wp-content\/uploads\/2020\/07\/SILVIA-CESTARO-STRADA-VAL-FIORENTINA.mp3?_=1\" \/><a href=\"https:\/\/www.radiopiu.net\/wordpress\/wp-content\/uploads\/2020\/07\/SILVIA-CESTARO-STRADA-VAL-FIORENTINA.mp3\">https:\/\/www.radiopiu.net\/wordpress\/wp-content\/uploads\/2020\/07\/SILVIA-CESTARO-STRADA-VAL-FIORENTINA.mp3<\/a><\/audio>\n<p>&nbsp;<\/p>\n<p><strong>LE FOTO<\/strong><\/p>\n\n\t\t\t<style type='text\/css'>\n\t\t\t\t#gallery-1 {\n\t\t\t\t\tmargin: auto;\n\t\t\t\t}\n\t\t\t\t#gallery-1 .gallery-item {\n\t\t\t\t\tfloat: left;\n\t\t\t\t\tmargin-top: 10px;\n\t\t\t\t\ttext-align: center;\n\t\t\t\t\twidth: 25%;\n\t\t\t\t}\n\t\t\t\t#gallery-1 img {\n\t\t\t\t\tborder: 2px solid #cfcfcf;\n\t\t\t\t}\n\t\t\t\t#gallery-1 .gallery-caption {\n\t\t\t\t\tmargin-left: 0;\n\t\t\t\t}\n\t\t\t\t\/* see gallery_shortcode() in wp-includes\/media.php *\/\n\t\t\t<\/style>\n\t\t<div id='gallery-1' class='dt-gallery-container gallery galleryid-147426 gallery-columns-4 gallery-size-thumbnail'><dl class='gallery-item'>\n\t\t\t\t<dt class='gallery-icon portrait'>\n\t\t\t\t\t<a class=\"rollover\" href='https:\/\/www.radiopiu.net\/wordpress\/la-provinciale-20-della-val-fiorentina-riapre-il-10-luglio\/00acccb4-3ff4-4ac2-b61a-b097a296130f\/'><img loading=\"lazy\" decoding=\"async\" width=\"150\" height=\"150\" src=\"https:\/\/www.radiopiu.net\/wordpress\/wp-content\/uploads\/2020\/07\/00acccb4-3ff4-4ac2-b61a-b097a296130f-150x150.jpg\" class=\"attachment-thumbnail size-thumbnail\" alt=\"\" \/><\/a>\n\t\t\t\t<\/dt><\/dl><dl class='gallery-item'>\n\t\t\t\t<dt class='gallery-icon portrait'>\n\t\t\t\t\t<a class=\"rollover\" href='https:\/\/www.radiopiu.net\/wordpress\/la-provinciale-20-della-val-fiorentina-riapre-il-10-luglio\/13d5f190-7452-4ae1-af38-f27564fe6a39\/'><img loading=\"lazy\" decoding=\"async\" width=\"150\" height=\"150\" src=\"https:\/\/www.radiopiu.net\/wordpress\/wp-content\/uploads\/2020\/07\/13d5f190-7452-4ae1-af38-f27564fe6a39-150x150.jpg\" class=\"attachment-thumbnail size-thumbnail\" alt=\"\" \/><\/a>\n\t\t\t\t<\/dt><\/dl><dl class='gallery-item'>\n\t\t\t\t<dt class='gallery-icon landscape'>\n\t\t\t\t\t<a class=\"rollover\" href='https:\/\/www.radiopiu.net\/wordpress\/la-provinciale-20-della-val-fiorentina-riapre-il-10-luglio\/a6c6ef81-66ae-4496-83fb-27d8e15fc438\/'><img loading=\"lazy\" decoding=\"async\" width=\"150\" height=\"150\" src=\"https:\/\/www.radiopiu.net\/wordpress\/wp-content\/uploads\/2020\/07\/a6c6ef81-66ae-4496-83fb-27d8e15fc438-150x150.jpg\" class=\"attachment-thumbnail size-thumbnail\" alt=\"\" \/><\/a>\n\t\t\t\t<\/dt><\/dl><dl class='gallery-item'>\n\t\t\t\t<dt class='gallery-icon portrait'>\n\t\t\t\t\t<a class=\"rollover\" href='https:\/\/www.radiopiu.net\/wordpress\/la-provinciale-20-della-val-fiorentina-riapre-il-10-luglio\/6ec962b1-2f75-444e-ac12-2634f9a80a95\/'><img loading=\"lazy\" decoding=\"async\" width=\"150\" height=\"150\" src=\"https:\/\/www.radiopiu.net\/wordpress\/wp-content\/uploads\/2020\/07\/6ec962b1-2f75-444e-ac12-2634f9a80a95-150x150.jpg\" class=\"attachment-thumbnail size-thumbnail\" alt=\"\" \/><\/a>\n\t\t\t\t<\/dt><\/dl><br style=\"clear: both\" \/>\n\t\t\t<\/div>\n\n<p>&nbsp;<\/p>\n<p><strong>IL VIDEO<\/strong><\/p>\n<div style=\"width: 640px;\" class=\"wp-video\"><video class=\"wp-video-shortcode\" id=\"video-147426-1\" width=\"640\" height=\"352\" preload=\"metadata\" controls=\"controls\"><source type=\"video\/mp4\" src=\"https:\/\/www.radiopiu.net\/wordpress\/wp-content\/uploads\/2020\/07\/WhatsApp-Video-2020-07-01-at-18.46.02.mp4?_=1\" \/><a href=\"https:\/\/www.radiopiu.net\/wordpress\/wp-content\/uploads\/2020\/07\/WhatsApp-Video-2020-07-01-at-18.46.02.mp4\">https:\/\/www.radiopiu.net\/wordpress\/wp-content\/uploads\/2020\/07\/WhatsApp-Video-2020-07-01-at-18.46.02.mp4<\/a><\/video><\/div>\n<p>&nbsp;<\/p>\n<p>&nbsp;<\/p>\n<blockquote>\n<h3>DILLO A RADIO PIU&#8217;<\/h3>\n<\/blockquote>\n<p><a class=\"dt-pswp-item\" href=\"https:\/\/www.radiopiu.net\/wordpress\/wp-content\/uploads\/2016\/01\/logo-radiopic3b9.png\" data-dt-img-description=\"\" data-large_image_width=\"483\" data-large_image_height=\"374\"><img loading=\"lazy\" decoding=\"async\" class=\"size-medium wp-image-15787 alignleft\" src=\"https:\/\/www.radiopiu.net\/wordpress\/wp-content\/uploads\/2016\/01\/logo-radiopic3b9-300x232.png\" alt=\"\" width=\"300\" height=\"232\" \/><\/a>Con grande gioia leggo della prossima riapertura della strada della Val Fiorentina: \u00e8 notizia preziosa ed utile anche per me, facendo una battuta. Dopo le a noi ben note vicende di Vaia, pi\u00f9 di una volta il parroco don Gabriele mi aveva fatto accenno al disagio sperimentato dalla propria gente nel percorrere la strada del &#8220;Belvedere&#8221; per scendere a valle. Dal 2 giugno, quella stessa strada la percorro anch&#8217;io pi\u00f9 di una volta, dopo il vuoto lasciato dall&#8217;amato Don. Mi sono cos\u00ec reso conto, seppur solo in minima parte, dei sacrifici che le comunit\u00e0 di Colle, Selva e Pescul hanno sperimentato. Io sono solo &#8220;di passaggio&#8221;, ma desidero manifestare a tutti gli enti coinvolti un sincero apprezzamento per come si sono certo prodigati fin qua, auspicando che lo sbocco possa essere prima di tutto funzionale alla popolazione tutta, e in secondo luogo non meno importante anche ai turisti che raggiungeranno questo splendido angolo di Dolomiti.<\/p>\n<p><em><strong>Don Fabiano, vicario foraneo per l&#8217;Agordino e Livinallongo<\/strong><\/em><\/p>\n","protected":false},"excerpt":{"rendered":"<p>SELVA DI CADORE\u00a0Come da ordinanza di Veneto Strade saranno necessari alcuni giorni in pi\u00f9 per poter rendere transitabile in sicurezza la SP 20 per la stagione estiva. La situazione estremamente deteriorata della strada ha richiesto un intervento di fresatura, sottofondo in cemento e una prima stesura di asfalto necessarie per stabilizzare sedime dopo gli importanti&hellip;<\/p>\n","protected":false},"author":4,"featured_media":147429,"comment_status":"closed","ping_status":"closed","sticky":false,"template":"","format":"standard","meta":{"_monsterinsights_skip_tracking":false,"_monsterinsights_sitenote_active":false,"_monsterinsights_sitenote_note":"","_monsterinsights_sitenote_category":0,"footnotes":""},"categories":[51,49],"tags":[],"class_list":["post-147426","post","type-post","status-publish","format-standard","has-post-thumbnail","hentry","category-evidenza-top","category-news-18","category-51","category-49","description-off"],"img_url":"https:\/\/www.radiopiu.net\/wordpress\/wp-content\/uploads\/2020\/07\/a6c6ef81-66ae-4496-83fb-27d8e15fc438.jpg","_links":{"self":[{"href":"https:\/\/www.radiopiu.net\/wordpress\/wp-json\/wp\/v2\/posts\/147426","targetHints":{"allow":["GET"]}}],"collection":[{"href":"https:\/\/www.radiopiu.net\/wordpress\/wp-json\/wp\/v2\/posts"}],"about":[{"href":"https:\/\/www.radiopiu.net\/wordpress\/wp-json\/wp\/v2\/types\/post"}],"author":[{"embeddable":true,"href":"https:\/\/www.radiopiu.net\/wordpress\/wp-json\/wp\/v2\/users\/4"}],"replies":[{"embeddable":true,"href":"https:\/\/www.radiopiu.net\/wordpress\/wp-json\/wp\/v2\/comments?post=147426"}],"version-history":[{"count":0,"href":"https:\/\/www.radiopiu.net\/wordpress\/wp-json\/wp\/v2\/posts\/147426\/revisions"}],"wp:featuredmedia":[{"embeddable":true,"href":"https:\/\/www.radiopiu.net\/wordpress\/wp-json\/wp\/v2\/media\/147429"}],"wp:attachment":[{"href":"https:\/\/www.radiopiu.net\/wordpress\/wp-json\/wp\/v2\/media?parent=147426"}],"wp:term":[{"taxonomy":"category","embeddable":true,"href":"https:\/\/www.radiopiu.net\/wordpress\/wp-json\/wp\/v2\/categories?post=147426"},{"taxonomy":"post_tag","embeddable":true,"href":"https:\/\/www.radiopiu.net\/wordpress\/wp-json\/wp\/v2\/tags?post=147426"}],"curies":[{"name":"wp","href":"https:\/\/api.w.org\/{rel}","templated":true}]}}