{"id":147480,"date":"2020-07-03T05:38:53","date_gmt":"2020-07-03T03:38:53","guid":{"rendered":"https:\/\/www.radiopiu.net\/wordpress\/?p=147480"},"modified":"2020-07-03T11:14:40","modified_gmt":"2020-07-03T09:14:40","slug":"giornale-radiopiu-03-luglio-2020-direttore-mirko-mezzacasa","status":"publish","type":"post","link":"https:\/\/www.radiopiu.net\/wordpress\/giornale-radiopiu-03-luglio-2020-direttore-mirko-mezzacasa\/","title":{"rendered":"GIORNALE RADIOPIU 03 LUGLIO 2020 DIRETTORE MIRKO MEZZACASA"},"content":{"rendered":"<h3><strong>PER RICEVERE QUESTO NOTIZIARIO DIRETTAMENTE SUL TUO CELLULARE ISCRIVITI AL CANALE TELEGRAM\u00a0<\/strong><strong>\u201cRADIO PIU\u00a0 INFORMAZIONE\u201d<\/strong><\/h3>\n<hr \/>\n<p><strong>\u00a0<\/strong><\/p>\n<p><strong>PROVINCIALE 3 VALLE IMPERINA, LOCALITA\u2019 CORDE MOLE: DAL 6 LUGLIO DALLE 8 ALLE 11.45 E DALLE 13.30 ALLE 17.30 (SABATO E DOMENICA ESCLUSI) INTERRUZIONI ALLA VIABILITA\u2019 FINO A 30 MINUTI PER TAGLIO PIANTE TRA LE LOCALITA\u2019 CORDE MOLE E VALLESIN <\/strong><\/p>\n<p><strong>347 DURAN E CEREDA:\u00a0 fino all\u201911 luglio (festivi eclusi) senso unico con semaforo in localit\u00e0 Sant\u2019Andrea (GOSALDO)\u00a0<\/strong><\/p>\n<p><em><strong>PROVINCIALE 20 CAPRILE-SELVA DI CADORE.\u00a0 RIAPRE\u00a0 IL 10 LUGLIO IN LOCALITA\u2019 SOLATOR ANCHE SABATO E DOMENICA. TRANSITO CONSENTITO AI LOCALI CON TEMPI DI ATTESA FINO A 30 MINUTI<\/strong><\/em><\/p>\n<p><em><strong>203 AGORDINA, FINO\u00a0 AL 30 LUGLIO ESCLUSI FESTIVI E PREFESTIVI SENSO UNICO ALTERNATO TRA CANDATEN E PERON. DALLE 7:30 ALLE 9 E DALLE 16:30 ALLE 18 CON MOVIERI, NEGLI ALTRI ORARI SEMAFORO<\/strong><\/em><\/p>\n<p>&nbsp;<\/p>\n<p>&nbsp;<\/p>\n<blockquote>\n<h3>PASSO CAMPOLONGO NON CHIUDE COME INIZIALMENTE PREVISTO, MA I DISAGI NON MANCHERANNO PER LA CHIUSURA DI UNA CORSIA<\/h3>\n<\/blockquote>\n<blockquote>\n<h2><strong style=\"font-size: 14px;\"><img loading=\"lazy\" decoding=\"async\" class=\"alignleft\" src=\"https:\/\/www.radiopiu.net\/wordpress\/wp-content\/uploads\/2019\/03\/Dolomites-Bike-Day_Campolongo-_-freddy-planinschek-_4_-min.jpg\" width=\"264\" height=\"176\" \/><\/strong><\/h2>\n<\/blockquote>\n<p><strong>LIVINALLONGO<\/strong>\u00a0 \u00a0La Provincia Autonoma ha deciso che i lavori si devono fare perch\u00e9 la strada \u00e8 in condizioni disastrose e pericolose e non si possono procastinare. Sicuramente la soluzione \u00e8 migliore della precedente, sostenibile con la pazienza dell&#8217;automobilista. Se pochi giorni fa prospettava una chiusura totale ora dal&#8217;Alto Adige si corregge il tiro, c&#8217;hanno pensato gli operatori turistici di Passo Campolongo a togliere le munizioni al momento dello sparo.<\/p>\n<p class=\"lead\">Il Servizio strade della val Pusteria informa che a causa di lavori urgenti la strada di Passo Campolongo sar\u00e0 percorribile su una sola corsia dal 6 luglio in poi. Su un tratto della strada di\u00a0<strong>Passo Campolongo<\/strong>\u00a0nel Comune di\u00a0<strong>Corvara in Badia<\/strong>\u00a0sono necessari urgenti\u00a0<strong>lavori<\/strong>\u00a0di manutenzione. Si tratta di manutenzioni rese necessarie dai danni provocati dal maltempo sui corpi stradali su un tratto di 700 metri sul lato altoatesino del Passo.<\/p>\n<h3><strong>Progetto UE<\/strong><\/h3>\n<p>Il progetto \u00e8 stato reso possibile da un finanziamento della Unione Europea. Si tratta di una ristrutturazione di base del corpo stradale. I lavori saranno realizzati e completati quest&#8217;anno in modo che la strada del passo Campolongo sia al pi\u00f9 presto percorribile in modo adeguato per garantire la sicurezza per gli utenti e per le numerose imprese che lavorano lungo la strada del passo e inoltre anche per le numerose manifestazioni ciclistiche che si svolgono sulle strade del passo. I lavori saranno coordinati dal\u00a0<strong>Servizio strade<\/strong>\u00a0della val Pusteria a partire da luned\u00ec prossimo 6 luglio. La strada del passo sar\u00e0 percorribile durante tutta la durata dei lavori su una corsia.<\/p>\n<p>&nbsp;<\/p>\n<hr \/>\n<p>&nbsp;<\/p>\n<p><span style=\"color: #ff0000;\"><strong>IL VIDEO DEL GIORNO, ENTRA E GODI L&#8217;AMBIENTE DOLOMITICO<\/strong><\/span><\/p>\n<blockquote class=\"wp-embedded-content\" data-secret=\"JxRbIKLWn3\"><p><a href=\"https:\/\/www.radiopiu.net\/wordpress\/video-spettacolo\/\">VIDEO SPETTACOLO DOLOMITICO:  RIVAMONTE DALL&#8217;ALTO, UN BALCONE SULLA CONCA AGORDINA<\/a><\/p><\/blockquote>\n<p><iframe loading=\"lazy\" class=\"wp-embedded-content\" sandbox=\"allow-scripts\" security=\"restricted\" style=\"position: absolute; clip: rect(1px, 1px, 1px, 1px);\" title=\"&#8220;VIDEO SPETTACOLO DOLOMITICO:  RIVAMONTE DALL&#8217;ALTO, UN BALCONE SULLA CONCA AGORDINA&#8221; &#8212; Radio Pi\u00f9\" src=\"https:\/\/www.radiopiu.net\/wordpress\/video-spettacolo\/embed\/#?secret=JxRbIKLWn3\" data-secret=\"JxRbIKLWn3\" width=\"600\" height=\"338\" frameborder=\"0\" marginwidth=\"0\" marginheight=\"0\" scrolling=\"no\"><\/iframe><\/p>\n<p>&nbsp;<\/p>\n<hr \/>\n<p>&nbsp;<\/p>\n<div class=\"page-title-head hgroup\">\n<blockquote>\n<h3 class=\"entry-title\">OGGI L\u2019ULTIMO SALUTO AD ELSA DEL PRANOLZ<\/h3>\n<\/blockquote>\n<\/div>\n<div class=\"page-title-breadcrumbs\"><strong class=\"photoswipe-wrapper\"><img loading=\"lazy\" decoding=\"async\" class=\"wp-image-147555 alignleft jetpack-lazy-image jetpack-lazy-image--handled\" src=\"https:\/\/i0.wp.com\/www.radiopiu.net\/wordpress\/wp-content\/uploads\/2020\/07\/rifugio-pranolz-elsa-toni-alessandra.jpg?resize=225%2C169&amp;ssl=1\" sizes=\"auto, (max-width: 225px) 100vw, 225px\" srcset=\"https:\/\/i0.wp.com\/www.radiopiu.net\/wordpress\/wp-content\/uploads\/2020\/07\/rifugio-pranolz-elsa-toni-alessandra.jpg?resize=300%2C225&amp;ssl=1 300w, https:\/\/i0.wp.com\/www.radiopiu.net\/wordpress\/wp-content\/uploads\/2020\/07\/rifugio-pranolz-elsa-toni-alessandra.jpg?resize=768%2C576&amp;ssl=1 768w, https:\/\/i0.wp.com\/www.radiopiu.net\/wordpress\/wp-content\/uploads\/2020\/07\/rifugio-pranolz-elsa-toni-alessandra.jpg?w=960&amp;ssl=1 960w\" alt=\"\" width=\"225\" height=\"169\" data-recalc-dims=\"1\" data-lazy-loaded=\"1\" \/>BORGOVALBELLUNA<\/strong> Lutto tra la gente di montagna, \u00e8 morta a 74 anni Elsa Fiabane punto di riferimento al Rifugio Pranolz di Trichiana. Un messaggio di cordoglio dal \u00a0Consorzio turistico Dolomiti Prealpi\u00a0 vicino alla sua vicepresidente Alessandra Magagnin, che \u00e8 anche amministratore unico della DMO, per la perdita di mamma Elsa.\u00a0 <em>\u00abHo avuto l\u2019opportunit\u00e0 di conoscere Elsa e di avere a che fare con lei in pi\u00f9 di un\u2019occasione \u2013 dice il presidente del Consorzio Dolomiti Prealpi, Lionello Gorza, apprezzandone la passione genuina per il suo lavoro e l\u2019amore per la famiglia e il \u201csuo\u201d rifugio, che ha contribuito a far crescere e conoscere anche fuori dei confini del Bellunese. Come Consorzio ci stringiamo idealmente al marito Antonio, ad Alessandra e sua sorella Loredana e alla nipote Alice, legatissima alla nonna\u00bb.<\/em> l funerali oggi alle 11 nella chiesa parrocchiale di Sant\u2019Antonio Tortal.<\/div>\n<div><\/div>\n<div><\/div>\n<div><\/div>\n<div><\/div>\n<div><\/div>\n<div>\n<hr \/>\n<\/div>\n<p>&nbsp;<\/p>\n<blockquote>\n<h3>SOCCORSA FAMIGLIA IN DIFFICOLT\u00c0<\/h3>\n<\/blockquote>\n<p><strong><a class=\"dt-pswp-item\" href=\"https:\/\/www.radiopiu.net\/wordpress\/wp-content\/uploads\/2020\/06\/ELICOTTERO-SUEM.jpg\" data-dt-img-description=\"\" data-large_image_width=\"1368\" data-large_image_height=\"765\"><img loading=\"lazy\" decoding=\"async\" class=\" wp-image-142190 alignleft\" src=\"https:\/\/www.radiopiu.net\/wordpress\/wp-content\/uploads\/2020\/06\/ELICOTTERO-SUEM-300x168.jpg\" alt=\"\" width=\"234\" height=\"131\" srcset=\"https:\/\/www.radiopiu.net\/wordpress\/wp-content\/uploads\/2020\/06\/ELICOTTERO-SUEM-300x168.jpg 300w, https:\/\/www.radiopiu.net\/wordpress\/wp-content\/uploads\/2020\/06\/ELICOTTERO-SUEM-1024x573.jpg 1024w, https:\/\/www.radiopiu.net\/wordpress\/wp-content\/uploads\/2020\/06\/ELICOTTERO-SUEM-768x429.jpg 768w, https:\/\/www.radiopiu.net\/wordpress\/wp-content\/uploads\/2020\/06\/ELICOTTERO-SUEM.jpg 1368w\" sizes=\"auto, (max-width: 234px) 100vw, 234px\" \/><\/a>ROCCA PIETORE\u00a0<\/strong>Attorno alle 16 la Centrale del 118 \u00e8 stata allertata da una famiglia di escursionisti in difficolt\u00e0. Pap\u00e0, mamma, due figli di 9 e 14 anni e un&#8217;amica di 14 anni, di Figline e Incisa Valdarno (FI) partiti dal Rifugio Padon lungo il sentiero numero 636 delle creste si sono spinti fino al Monte Migogn. Da l\u00ec per\u00f2 non sono pi\u00f9 stati in grado di rientrare a causa della stanchezza. Una volta geolocalizzati, in due rotazioni l&#8217;elicottero del Suem di Pieve di Cadore ha imbarcato i 5 in hovering e li ha accompagnati fino a Boscoverde. Pronto a intervenire personale del Soccorso alpino della Val Pettorina.<\/p>\n<p>&nbsp;<\/p>\n<p>&nbsp;<\/p>\n<hr \/>\n<p>&nbsp;<\/p>\n<p>&nbsp;<\/p>\n<blockquote>\n<h3>FURTO DI BICICLETTA, DOPO LO SCATTO FOTOGRAFICO IL PROPRIETARIO SPORGE DENUNCIA AI CARABINIERI<\/h3>\n<\/blockquote>\n<p><strong><a class=\"dt-pswp-item\" href=\"https:\/\/www.radiopiu.net\/wordpress\/wp-content\/uploads\/2020\/07\/unnamed.jpg\" data-dt-img-description=\"\" data-large_image_width=\"300\" data-large_image_height=\"169\"><img loading=\"lazy\" decoding=\"async\" class=\"wp-image-147528 alignleft\" src=\"https:\/\/www.radiopiu.net\/wordpress\/wp-content\/uploads\/2020\/07\/unnamed.jpg\" alt=\"\" width=\"179\" height=\"101\" \/><\/a>SEDICO<\/strong>\u00a0 Il sedicenne sorpreso a rubare una bicicletta e immortalato su facebook dal proprietario, ora dovr\u00e0 rispondere non solo al pubblico ludibrio che \u00e8 gi\u00e0 particolarmente penoso, ma anche all&#8217;autorit\u00e0 giudiziaria. Il proprietario del velocipede infatti, come ampiamente anticipato sui social si \u00e8 rivolto ai Carabinieri di Sedico ed ha sporto denuncia. Il giovane \u00e8 stato deferito alla Procura della Repubblica presso il Tribunale dei minori di Venezia per il reato di furto in abitazione. I fatti sono noti, il biondo sedicenne di Sedico lo scorso 30 giugno si era introdotto nell&#8217;abitazione di G.Z. rubando la bicicletta.\u00a0 Il proprietario lo ha pizzicato sul fatto costringendo il ragazzo a darsi alla fuga, prima per\u00f2 \u00e8 scattato il &#8220;selfi&#8221; postato su alcune pagine facebook con relativi commenti pro e contro della comunit\u00e0 social. Ora la Giustizia far\u00e0 il suo corso.<\/p>\n<p>&nbsp;<\/p>\n<p>&nbsp;<\/p>\n<p>&nbsp;<\/p>\n<hr \/>\n<h3><\/h3>\n<p>&nbsp;<\/p>\n<div class=\"page-title-head hgroup\">\n<blockquote>\n<h3 class=\"entry-title\">SVERSAMENTO DI GASOLIO A BORGO PRA, LE INDAGINI PROSEGUONO<\/h3>\n<\/blockquote>\n<\/div>\n<div class=\"page-title-breadcrumbs\"><strong><img loading=\"lazy\" decoding=\"async\" class=\"alignleft jetpack-lazy-image jetpack-lazy-image--handled\" src=\"https:\/\/i2.wp.com\/www.radiopiu.net\/wordpress\/wp-content\/uploads\/2020\/07\/download-3.jpg?resize=219%2C141&amp;ssl=1\" width=\"219\" height=\"141\" data-recalc-dims=\"1\" data-lazy-loaded=\"1\" \/>BELLUNO<\/strong> I tecnici ARPAV sono intervenuti su richiesta dei Vigili del fuoco in seguito a segnalazione di un cittadino che lamentava odore di gasolio. Dalla zona di Borgo Pr\u00e0 il corso d\u2019acqua \u00e8 stato risalito fino all\u2019altezza di via San Francesco, a monte del ponte ferroviario. E\u2019 stata individuata una pozza di gasolio da riscaldamento (rosso) sulla riva della destra orografica del torrente Ardo e sono stati quindi collocati dei \u201csalsicciotti\u201d oleoassorbenti che hanno la funzione di impedire il deflusso del gasolio nel corso d\u2019acqua. L\u2019intervento \u00e8 stato terminato alle 02:00 circa. Oggi i tecnici ARPAV hanno proseguito gli accertamenti verificando che il gasolio trafila dalla base del pendio per poi finire nella pozza. Sono stati quindi avvisati la Polizia Locale e l\u2019Ufficio Tecnico comunali che si sono subito attivati, su indicazione ARPAV, per prelevare il gasolio, mettere in sicurezza l\u2019area e cercare di verificare se in zona sono presenti cisterne per gasolio da riscaldamento che presentino perdite. E\u2019 da notare che il corso d\u2019acqua non pare presentare compromissione di vita acquatica (sono stati visti pesci vivi e vitali). Le indagini proseguiranno in collaborazione con il Comune (FOTO ARCHIVIO)<\/div>\n<div><\/div>\n<div><\/div>\n<div>\n<hr \/>\n<\/div>\n<p>&nbsp;<\/p>\n<blockquote>\n<h3>STRAGE DI PECORE AL MASEROT IL CERCHIO SI STRINGE<\/h3>\n<\/blockquote>\n<p><strong>SANTA GIUSTINA<\/strong>\u00a0 Dopo la morte di 9 pecore di propiet\u00e0 di Thomas Fantinel i Carabinieri\u00a0 sono sulle tracce di chi potrebbe aver svuotato i sacchi di prodotto chimico (che ne ha causato la morte) sul prato adibito a pascolo. Sono stati ritrovati infatti i sacchetti con parte del loro contenuto. Se smascherato l&#8217;autore del gesto rischia fino a 4 anni di carcere per uccisione di animali.<\/p>\n<p>&nbsp;<\/p>\n<hr \/>\n<p>&nbsp;<\/p>\n<blockquote>\n<h3>DI NUOVO LA TRUFFA DELLO SPECCHIETTO, VITTIMA UN ANZIANO<\/h3>\n<\/blockquote>\n<p><strong>PEDAVENA<\/strong> A cascare nella rete dei truffatori un uomo di 76 anni ieri mattina nei pressi del cimitero di Pedavena.L&#8217;uomo ha superato un furgoncino bianco con i vetri oscurati e all&#8217;interno tre persone. Finita la manovra dal furgone concerto di clacson per richiamare l&#8217;attenzione dell&#8217;anziano accusato dai tre di aver rotto lo specchietto retrovisore con la richiesta danni: 800 euro. Sarebbe scattata la minaccia verso l&#8217;uomo:<em> &#8220;se chiami i Carabinieri io chiamo un amico&#8221;<\/em> alla fine la transazione da 800 a 30 euro. L&#8217;invito \u00e8 sempre quello di prestare attenzione, non pagare ma chiamare immediatamente il 112.<\/p>\n<p>&nbsp;<\/p>\n<hr \/>\n<blockquote>\n<h3><\/h3>\n<h3>LUXOTTICA: LA CRESCITA DEL PIANO PRODUTTIVO E&#8217; CONTINUA, OBIETTIVO 90%<\/h3>\n<\/blockquote>\n<p><strong><img loading=\"lazy\" decoding=\"async\" class=\"alignleft\" src=\"https:\/\/www.radiopiu.net\/wordpress\/wp-content\/uploads\/2020\/06\/ddb318a9-1386-49f7-98fe-2934f2ece8eb.jpg\" width=\"229\" height=\"172\" \/>AGORDO<\/strong> Nuovo incontro tra Azienda (Davide Schinetti, Francesco Sist, Giuseppe De Castro) e Organizzazioni sindacali (Daniela Piras, Sonia Paoloni, Raffaele Salvatoni) per stabilire i programmi dell&#8217;Azienda Luxottica.\u00a0 Dopo un esame delle settimane trascorse e l\u2019analisi di alcune tematiche emerse trasversalmente a livello territoriale anche alla luce dell\u2019accordo di cassa Integrazione, nel <a class=\"dt-pswp-item\" href=\"https:\/\/www.radiopiu.net\/wordpress\/wp-content\/uploads\/2020\/03\/SINDACATI.jpg\" data-dt-img-description=\"\" data-large_image_width=\"2048\" data-large_image_height=\"2048\"><img loading=\"lazy\" decoding=\"async\" class=\" wp-image-121809 alignright\" src=\"https:\/\/www.radiopiu.net\/wordpress\/wp-content\/uploads\/2020\/03\/SINDACATI-300x300.jpg\" alt=\"\" width=\"145\" height=\"145\" srcset=\"https:\/\/www.radiopiu.net\/wordpress\/wp-content\/uploads\/2020\/03\/SINDACATI-300x300.jpg 300w, https:\/\/www.radiopiu.net\/wordpress\/wp-content\/uploads\/2020\/03\/SINDACATI-1024x1024.jpg 1024w, https:\/\/www.radiopiu.net\/wordpress\/wp-content\/uploads\/2020\/03\/SINDACATI-150x150.jpg 150w, https:\/\/www.radiopiu.net\/wordpress\/wp-content\/uploads\/2020\/03\/SINDACATI-768x768.jpg 768w, https:\/\/www.radiopiu.net\/wordpress\/wp-content\/uploads\/2020\/03\/SINDACATI-1536x1536.jpg 1536w, https:\/\/www.radiopiu.net\/wordpress\/wp-content\/uploads\/2020\/03\/SINDACATI.jpg 2048w\" sizes=\"auto, (max-width: 145px) 100vw, 145px\" \/><\/a>resoconto del 1 luglio sono stati ribaditi i programmi produttivi per la prossima settimana (6-10 Luglio),\u00a0 che conferma la progressiva crescita del piano produttivo. Per tutti gli stabilimenti di Agordo, Cencenighe, Sedico, Pederobba, Rovereto, Lauriano occhiali, viene confermata una percentuale di presenze indicativa media fra l\u201980% ed il 90%, con aperture in parte scaglionate in alcuni reparti. Prosegue, come previsto, anche la progressiva ripresa dell\u2019attivit\u00e0 produttiva per lo stabilimento di Lauriano Lenti con una percentuale pari al 50\/60%. Resta inteso che negli stabilimenti di Barberini e nelle aree di Sedico Logistica, RX lenti e After-Sales l\u2019attivit\u00e0 produttiva continua a pieno regime. Le parti, infine, ribadiscono l\u2019appuntamento alla settimana prossima per verificare l\u2019andamento dei piani produttivi.<\/p>\n<p>&nbsp;<\/p>\n<p>&nbsp;<\/p>\n<p>&nbsp;<\/p>\n<hr \/>\n<h3><\/h3>\n<p>&nbsp;<\/p>\n<blockquote>\n<h3>AGLI INFERMERI IN FUGA VERSO LE ULSS ASCA RISPONDE CON AUMENTO DI STIPENDIO E ALLOGGI AGEVOLATI<\/h3>\n<\/blockquote>\n<p><strong><a class=\"dt-pswp-item\" href=\"https:\/\/www.radiopiu.net\/wordpress\/wp-content\/uploads\/2020\/07\/WhatsApp-Image-2020-07-02-at-12.17.32.jpeg\" data-dt-img-description=\"\" data-large_image_width=\"2016\" data-large_image_height=\"1134\"><img loading=\"lazy\" decoding=\"async\" class=\" wp-image-147532 alignleft\" src=\"https:\/\/www.radiopiu.net\/wordpress\/wp-content\/uploads\/2020\/07\/WhatsApp-Image-2020-07-02-at-12.17.32-300x169.jpeg\" alt=\"\" width=\"225\" height=\"127\" srcset=\"https:\/\/www.radiopiu.net\/wordpress\/wp-content\/uploads\/2020\/07\/WhatsApp-Image-2020-07-02-at-12.17.32-300x169.jpeg 300w, https:\/\/www.radiopiu.net\/wordpress\/wp-content\/uploads\/2020\/07\/WhatsApp-Image-2020-07-02-at-12.17.32-1024x576.jpeg 1024w, https:\/\/www.radiopiu.net\/wordpress\/wp-content\/uploads\/2020\/07\/WhatsApp-Image-2020-07-02-at-12.17.32-768x432.jpeg 768w, https:\/\/www.radiopiu.net\/wordpress\/wp-content\/uploads\/2020\/07\/WhatsApp-Image-2020-07-02-at-12.17.32-1536x864.jpeg 1536w, https:\/\/www.radiopiu.net\/wordpress\/wp-content\/uploads\/2020\/07\/WhatsApp-Image-2020-07-02-at-12.17.32.jpeg 2016w\" sizes=\"auto, (max-width: 225px) 100vw, 225px\" \/><\/a>AGORDO<\/strong> C&#8217;\u00e8 un problema che assilla L&#8217;Asca, L&#8217;azienda speciale consortile Agordina e anche se il &#8220;mal comune \u00e8 mezzo gaudio&#8221; il problema rimane, ad Agordo come nel resto della Regione. Secondo gli studi dell\u2019URIPA con le assunzioni gi\u00e0 fatte dalle Aziende Sanitarie e quelle che si faranno per introdurre la figura dell\u2019infermiere di comunit\u00e0, mancheranno nei Centri Servizi del Veneto quasi quattromila infermieri. Cosa stiano facendo per arginare i problemi nel resto della Regione non \u00e8 noto, piuttosto ora si conoscono le contro mosse di Asca: il passaggio di livello di tutti gli infermieri con un aumento lordo di 128 euro al mese che li porta complessivamente a guadagnare oltre 500 euro al mese in pi\u00f9 dei loro colleghi assunti con lo stesso contratto (306 euro di stipendio e 200 euro netti di welfare) e la messa a disposizione dell\u2019alloggio nel primo mese di lavoro per i nuovi assunti favorendo cos\u00ec il loro inserimento nella comunit\u00e0. Decisioni condivise dai sindacati convocati al tavolo dall&#8217;amministratore unico Mariachiara Santin con il direttore Arrigo Boito. Decisioni fondamentali in un territorio che offre molte opportunit\u00e0 di lavoro (Luxottica e strutture turistiche) e la difficolt\u00e0 nel reperire alloggi e non sempre a costi ragionevoli che costringono il personale a cercare soluzioni abitative nei territori pi\u00f9 centrali e pi\u00f9 ricchi di servizi come in Valbelluna.\u00a0 Rispetto a quest\u2019ultima azione strategica, ASCA sottolinea di avere gi\u00e0 a disposizione un alloggio ma che sta lavorando con le Istituzioni per acquisire altre unit\u00e0 abitative e che inserir\u00e0 la nuova opportunit\u00e0 (oggetto di altri incontri con le organizzazioni sindacali), nel sistema welfare. Gli accordi di oggi sono da tutti considerati un passo avanti per creare le migliori condizioni possibili ai vecchi e nuovi collaboratori dell\u2019Azienda, ma certamente altre azioni verranno messe in atto per valorizzare il lavoro di tutti nella consapevolezza che la carenza di infermieri e operatori sociosanitari sta radicalmente cambiando il sistema dell\u2019offerta. All&#8217;incontro di Agordo erano presenti per le Organizzazioni Sindacali Per CGIL-Fp Andrea Fiocco,\u00a0Per CISL-Fp Mario De Boni e Leone Zingales, per CISL Fisascat Simone Centa, per UIL-Fpl Marianna Pasini<\/p>\n<h3>AI MICROFONI DI RADIO PIU ANDREA FIOCCO, FP CGIL<\/h3>\n<audio class=\"wp-audio-shortcode\" id=\"audio-147480-1\" preload=\"none\" style=\"width: 100%;\" controls=\"controls\"><source type=\"audio\/mpeg\" src=\"https:\/\/www.radiopiu.net\/wordpress\/wp-content\/uploads\/2020\/07\/asca-infermieri.mp3?_=1\" \/><a href=\"https:\/\/www.radiopiu.net\/wordpress\/wp-content\/uploads\/2020\/07\/asca-infermieri.mp3\">https:\/\/www.radiopiu.net\/wordpress\/wp-content\/uploads\/2020\/07\/asca-infermieri.mp3<\/a><\/audio>\n<p>&nbsp;<\/p>\n<p><span style=\"color: #ff0000;\"><strong>ARTICOLO PRECEDENTE 24 GIUGNO<\/strong><\/span><\/p>\n<p><strong><img decoding=\"async\" class=\"alignleft\" src=\"https:\/\/www.radiopiu.net\/wordpress\/wp-content\/uploads\/2018\/09\/POLIFUNZIONALE.jpg\" \/>AGORDO<\/strong>Infermieri in fuga dalle \u00a0case di riposo. Il 2 luglio incontro con le organizzazioni sindacali sulle misure da mettere in campo per rendere ancora pi\u00f9 appetibile l&#8217;impiego nelle Rsa. In Veneto, le aziende sanitarie stanno reclutando infermieri da assumere per i loro ospedali, anche in previsione di una nuova ondata di pandemia. Nelle graduatorie ci sono moltissimi professionisti che stanno operando nelle strutture per anziani e i centri di servizio potrebbero restare privi di infermieri. <em>\u00abSiamo nati tre anni fa e abbiamo sempre puntato su una presenza numerosa di infermieri &#8211; dice l&#8217;amministratore unico Maria Chiara Santin\u00a0 noi avevamo 14 infermieri prima del Covid e oggi ne sono rimasti in 10<\/em>,<em> molti del sud sono tornati a casa o sono andati in\u00a0 centri ospedalieri come Padova e poi ad Agordo non \u00e8 facile trovare alloggi a prezzi agevolati&#8221;\u00a0 <\/em>L&#8217;Asca punter\u00e0\u00a0 a\u00a0 soluzioni economiche\u00a0 vantaggiose se ne parler\u00e0 ad inizio mese.<strong><br \/>\n<\/strong><\/p>\n<blockquote>\n<blockquote><p><strong>LA NOSTRA INTERVISTA ALL&#8217;AMMINISTRATORE MARIA CHIARA SANTIN, DAL GIORNALE RADIO DELLE 16.30<\/strong><\/p><\/blockquote>\n<audio class=\"wp-audio-shortcode\" id=\"audio-147480-2\" preload=\"none\" style=\"width: 100%;\" controls=\"controls\"><source type=\"audio\/mpeg\" src=\"https:\/\/www.radiopiu.net\/wordpress\/wp-content\/uploads\/2020\/06\/maria-chiara.mp3?_=2\" \/><a href=\"https:\/\/www.radiopiu.net\/wordpress\/wp-content\/uploads\/2020\/06\/maria-chiara.mp3\">https:\/\/www.radiopiu.net\/wordpress\/wp-content\/uploads\/2020\/06\/maria-chiara.mp3<\/a><\/audio>\n<p>&nbsp;<\/p>\n<p>&nbsp;<\/p><\/blockquote>\n<p>&nbsp;<\/p>\n<hr \/>\n<h3><\/h3>\n<blockquote>\n<h3>QUASI CONCLUSI I LAVORI SULLA FRANA DI CARFON, A CANALE D\u2019AGORDO<\/h3>\n<\/blockquote>\n<p><strong><a class=\"dt-pswp-item\" href=\"https:\/\/www.radiopiu.net\/wordpress\/wp-content\/uploads\/2020\/07\/f9245c5b-bb36-4c22-8d30-cfb927302336.jpg\" data-dt-img-description=\"\" data-large_image_width=\"1600\" data-large_image_height=\"1200\"><img loading=\"lazy\" decoding=\"async\" class=\"size-medium wp-image-147593 alignleft\" src=\"https:\/\/www.radiopiu.net\/wordpress\/wp-content\/uploads\/2020\/07\/f9245c5b-bb36-4c22-8d30-cfb927302336-300x225.jpg\" alt=\"\" width=\"300\" height=\"225\" srcset=\"https:\/\/www.radiopiu.net\/wordpress\/wp-content\/uploads\/2020\/07\/f9245c5b-bb36-4c22-8d30-cfb927302336-300x225.jpg 300w, https:\/\/www.radiopiu.net\/wordpress\/wp-content\/uploads\/2020\/07\/f9245c5b-bb36-4c22-8d30-cfb927302336-1024x768.jpg 1024w, https:\/\/www.radiopiu.net\/wordpress\/wp-content\/uploads\/2020\/07\/f9245c5b-bb36-4c22-8d30-cfb927302336-768x576.jpg 768w, https:\/\/www.radiopiu.net\/wordpress\/wp-content\/uploads\/2020\/07\/f9245c5b-bb36-4c22-8d30-cfb927302336-1536x1152.jpg 1536w, https:\/\/www.radiopiu.net\/wordpress\/wp-content\/uploads\/2020\/07\/f9245c5b-bb36-4c22-8d30-cfb927302336.jpg 1600w\" sizes=\"auto, (max-width: 300px) 100vw, 300px\" \/><\/a>BELLUNO \u00a0<\/strong>Lavori in dirittura d\u2019arrivo: la Provincia ha quasi concluso la sistemazione della frana di Carfon (in Comune di Canale d\u2019Agordo). Nelle ultime settimane il cantiere del secondo stralcio ha subito una forte accelerazione. La realizzazione delle infrastrutture di mitigazione del rischio \u00e8 praticamente ultimata; si tratta di un sistema di tre file di barriere passive lungo il versante, a cui si aggiunge una rete metallica di consolidamento corticale, funzionale a evitare l\u2019erosione del terreno.\u00a0\u00ab<em>In questo modo abbiamo risolto un problema importante, manifestatosi con le piogge dell\u2019autunno scorso &#8211; spiega il consigliere provinciale delegato alla Difesa del Suolo, Massimo Bortoluzzi -. I disagi per la popolazione non sono mancati in questi mesi, ma adesso possiamo dire praticamente concluso l\u2019intervento<\/em>\u00bb.\u00a0Il dissesto si era creato il 16 novembre 2019, nei giorni del maltempo: il versante a monte della strada comunale aveva subito uno smottamento con scarico di materiale e un fronte di frana di circa 50 metri che aveva interrotto la viabilit\u00e0. La Provincia \u00e8 intervenuta in somma urgenza nei giorni immediatamente successivi, con un intervento finalizzato alla rimozione di massi e vegetazione pericolante. Il primo stralcio era stato concluso con una perizia geologica e la successiva progettazione dell\u2019intervento risolutivo (da 290mila euro).\u00a0\u00ab<em>I lavori sono cominciati a inizio giugno e adesso arriviamo a conclusione, grazie all\u2019impegno delle maestranze e alla professionalit\u00e0 dei nostri uffici della Difesa del Suolo &#8211; continua il consigliere Bortoluzzi -. La Provincia \u00e8 sempre molto attenta a questi interventi, che sono fondamentali per garantire la vivibilit\u00e0 delle terre alte<\/em>\u00bb.<\/p>\n<p><a class=\"dt-pswp-item\" href=\"https:\/\/www.radiopiu.net\/wordpress\/wp-content\/uploads\/2020\/07\/82d06c19-3634-4a0f-b06a-e9420e1c212d.jpg\" data-dt-img-description=\"\" data-large_image_width=\"1600\" data-large_image_height=\"1059\"><img loading=\"lazy\" decoding=\"async\" class=\"alignnone size-medium wp-image-147648\" src=\"https:\/\/www.radiopiu.net\/wordpress\/wp-content\/uploads\/2020\/07\/82d06c19-3634-4a0f-b06a-e9420e1c212d-300x199.jpg\" alt=\"\" width=\"300\" height=\"199\" srcset=\"https:\/\/www.radiopiu.net\/wordpress\/wp-content\/uploads\/2020\/07\/82d06c19-3634-4a0f-b06a-e9420e1c212d-300x199.jpg 300w, https:\/\/www.radiopiu.net\/wordpress\/wp-content\/uploads\/2020\/07\/82d06c19-3634-4a0f-b06a-e9420e1c212d-1024x678.jpg 1024w, https:\/\/www.radiopiu.net\/wordpress\/wp-content\/uploads\/2020\/07\/82d06c19-3634-4a0f-b06a-e9420e1c212d-768x508.jpg 768w, https:\/\/www.radiopiu.net\/wordpress\/wp-content\/uploads\/2020\/07\/82d06c19-3634-4a0f-b06a-e9420e1c212d-1536x1017.jpg 1536w, https:\/\/www.radiopiu.net\/wordpress\/wp-content\/uploads\/2020\/07\/82d06c19-3634-4a0f-b06a-e9420e1c212d.jpg 1600w\" sizes=\"auto, (max-width: 300px) 100vw, 300px\" \/><\/a><a class=\"dt-pswp-item\" href=\"https:\/\/www.radiopiu.net\/wordpress\/wp-content\/uploads\/2020\/07\/b3457168-7a55-4795-bd32-416492fb957a.jpg\" data-dt-img-description=\"\" data-large_image_width=\"1600\" data-large_image_height=\"1059\"><img loading=\"lazy\" decoding=\"async\" class=\"alignnone size-medium wp-image-147649\" src=\"https:\/\/www.radiopiu.net\/wordpress\/wp-content\/uploads\/2020\/07\/b3457168-7a55-4795-bd32-416492fb957a-300x199.jpg\" alt=\"\" width=\"300\" height=\"199\" srcset=\"https:\/\/www.radiopiu.net\/wordpress\/wp-content\/uploads\/2020\/07\/b3457168-7a55-4795-bd32-416492fb957a-300x199.jpg 300w, https:\/\/www.radiopiu.net\/wordpress\/wp-content\/uploads\/2020\/07\/b3457168-7a55-4795-bd32-416492fb957a-1024x678.jpg 1024w, https:\/\/www.radiopiu.net\/wordpress\/wp-content\/uploads\/2020\/07\/b3457168-7a55-4795-bd32-416492fb957a-768x508.jpg 768w, https:\/\/www.radiopiu.net\/wordpress\/wp-content\/uploads\/2020\/07\/b3457168-7a55-4795-bd32-416492fb957a-1536x1017.jpg 1536w, https:\/\/www.radiopiu.net\/wordpress\/wp-content\/uploads\/2020\/07\/b3457168-7a55-4795-bd32-416492fb957a.jpg 1600w\" sizes=\"auto, (max-width: 300px) 100vw, 300px\" \/><\/a><\/p>\n<p><strong>DAL NOTIZIARIO DEL 30 GIUGNO<\/strong><\/p>\n<p><strong>CANALE D&#8217;AGORDO<\/strong> Continuano i lavori della Provincia sulla strada per Carfon dopo la frana autunnale che ha bloccato la rotabile che dalla 346 sale nella frazione che non \u00e8 rimasta isolata ma solo grazie al collegamento per Vallada via Gaer.\u00a0 Per agevolare e velocizzare i lavori post covid19 anche l&#8217;intervento dell&#8217;elicottero. L&#8217;opera sar\u00e0 completata entro una settimana.<\/p>\n<blockquote>\n<h3>AI MICROFONI DI RADIO PIU&#8217; IL CONSIGLIERE PROVINCIALE MASSIMO BORTOLUZZI<\/h3>\n<\/blockquote>\n<audio class=\"wp-audio-shortcode\" id=\"audio-147480-3\" preload=\"none\" style=\"width: 100%;\" controls=\"controls\"><source type=\"audio\/mpeg\" src=\"https:\/\/www.radiopiu.net\/wordpress\/wp-content\/uploads\/2020\/06\/bortoluzzi.mp3?_=3\" \/><a href=\"https:\/\/www.radiopiu.net\/wordpress\/wp-content\/uploads\/2020\/06\/bortoluzzi.mp3\">https:\/\/www.radiopiu.net\/wordpress\/wp-content\/uploads\/2020\/06\/bortoluzzi.mp3<\/a><\/audio>\n<p>&nbsp;<\/p>\n<hr \/>\n<div><\/div>\n<blockquote>\n<h3>LATTERIA: CHRISTIAN GRONES PENTA PRESIDENTE RICONFERMATO<\/h3>\n<\/blockquote>\n<div>\n<p><strong><img loading=\"lazy\" decoding=\"async\" class=\"alignleft\" src=\"https:\/\/www.radiopiu.net\/wordpress\/wp-content\/uploads\/2020\/07\/b6706789-8b77-41d9-8ae3-e13bf483c88a.jpg\" width=\"212\" height=\"159\" \/>LIVINALLONGO<\/strong> Christian Grones raccoglie i frutti di tanto impegno e lavoro incassando la fiducia dei soci, guider\u00e0 la Latteria di Livinallongo per il quinto mandato. Una splendida realt\u00e0 per il territorio, conosciuta ben lontano dai confini Fodom. Nel suo compito il riconfermato presidente sar\u00e0 coadiuvato dal vice Erwin De Zaiacomo e dai membri del Cda Elisa Darman, Roberto Pallua e Bernardino Dorigo. Nel corso dell&#8217;assemblea elettiva \u00e8 stato posto in votazione e approvato il bilancio di previsione 2019. La latteria \u00e8 nata negli anni 83-84 con quasi 100 soci, oggi sono meno di 10 ma sono uomini e donne figli della terra Fodom che tengono duro, che si impegnano e lavorano e guardano anche al settore turistico perch\u00e9 il loro futuro dipende anche da questo. L&#8217;operatore turistico dovrebbe intuirlo, ma anche comprendere che il cliente cerca sempre pi\u00f9 spesso il prodotto di casa, a chilometri zero, garanzia di genuinit\u00e0, niente di meglio di questi tempi.<\/p>\n<p>&nbsp;<\/p>\n<p><strong>AI MICROFONI DI RADIO PIU, CHRISTIAN GRONES<\/strong><\/p>\n<audio class=\"wp-audio-shortcode\" id=\"audio-147480-4\" preload=\"none\" style=\"width: 100%;\" controls=\"controls\"><source type=\"audio\/mpeg\" src=\"https:\/\/www.radiopiu.net\/wordpress\/wp-content\/uploads\/2020\/07\/CHRISTIAN.mp3?_=4\" \/><a href=\"https:\/\/www.radiopiu.net\/wordpress\/wp-content\/uploads\/2020\/07\/CHRISTIAN.mp3\">https:\/\/www.radiopiu.net\/wordpress\/wp-content\/uploads\/2020\/07\/CHRISTIAN.mp3<\/a><\/audio>\n<p>&nbsp;<\/p>\n<p>Orgoglioso della latteria, del prodotto di casa anche il sindaco di Livinallongo Leandro Grones che al neo eletto presidente augura buon lavoro alla vigila del nuovo mandato<\/p>\n<p><strong>LEANDRO GRONES<\/strong><\/p>\n<p>&nbsp;<\/p>\n<audio class=\"wp-audio-shortcode\" id=\"audio-147480-5\" preload=\"none\" style=\"width: 100%;\" controls=\"controls\"><source type=\"audio\/mpeg\" src=\"https:\/\/www.radiopiu.net\/wordpress\/wp-content\/uploads\/2020\/07\/GRONES-LATTERIA.mp3?_=5\" \/><a href=\"https:\/\/www.radiopiu.net\/wordpress\/wp-content\/uploads\/2020\/07\/GRONES-LATTERIA.mp3\">https:\/\/www.radiopiu.net\/wordpress\/wp-content\/uploads\/2020\/07\/GRONES-LATTERIA.mp3<\/a><\/audio>\n<p>&nbsp;<\/p>\n<p><a class=\"dt-pswp-item\" href=\"https:\/\/www.radiopiu.net\/wordpress\/wp-content\/uploads\/2020\/07\/2d88f144-97d2-4709-a936-bfbdea3e8257.jpg\" data-dt-img-description=\"\" data-large_image_width=\"1024\" data-large_image_height=\"865\"><img loading=\"lazy\" decoding=\"async\" class=\"alignnone size-medium wp-image-147587\" src=\"https:\/\/www.radiopiu.net\/wordpress\/wp-content\/uploads\/2020\/07\/2d88f144-97d2-4709-a936-bfbdea3e8257-300x253.jpg\" alt=\"\" width=\"300\" height=\"253\" srcset=\"https:\/\/www.radiopiu.net\/wordpress\/wp-content\/uploads\/2020\/07\/2d88f144-97d2-4709-a936-bfbdea3e8257-300x253.jpg 300w, https:\/\/www.radiopiu.net\/wordpress\/wp-content\/uploads\/2020\/07\/2d88f144-97d2-4709-a936-bfbdea3e8257-768x649.jpg 768w, https:\/\/www.radiopiu.net\/wordpress\/wp-content\/uploads\/2020\/07\/2d88f144-97d2-4709-a936-bfbdea3e8257.jpg 1024w\" sizes=\"auto, (max-width: 300px) 100vw, 300px\" \/><\/a><a class=\"dt-pswp-item\" href=\"https:\/\/www.radiopiu.net\/wordpress\/wp-content\/uploads\/2020\/07\/9be98235-9338-4446-b397-f34d35bb2c04.jpg\" data-dt-img-description=\"\" data-large_image_width=\"696\" data-large_image_height=\"1024\"><img loading=\"lazy\" decoding=\"async\" class=\"alignnone wp-image-147588\" src=\"https:\/\/www.radiopiu.net\/wordpress\/wp-content\/uploads\/2020\/07\/9be98235-9338-4446-b397-f34d35bb2c04-204x300.jpg\" alt=\"\" width=\"173\" height=\"254\" srcset=\"https:\/\/www.radiopiu.net\/wordpress\/wp-content\/uploads\/2020\/07\/9be98235-9338-4446-b397-f34d35bb2c04-204x300.jpg 204w, https:\/\/www.radiopiu.net\/wordpress\/wp-content\/uploads\/2020\/07\/9be98235-9338-4446-b397-f34d35bb2c04.jpg 696w\" sizes=\"auto, (max-width: 173px) 100vw, 173px\" \/><\/a><\/p>\n<p>&nbsp;<\/p>\n<p>&nbsp;<\/p>\n<hr \/>\n<p>&nbsp;<\/p>\n<\/div>\n<blockquote>\n<h3>FOCOLAIO DI COVID 19 A FELTRE: NEGATIVI GLI ULTERIORI 5 TAMPONI<\/h3>\n<\/blockquote>\n<p><strong>di Mirko Mezzacasa<\/strong><\/p>\n<p><b><a class=\"dt-pswp-item\" href=\"https:\/\/www.radiopiu.net\/wordpress\/wp-content\/uploads\/2020\/03\/covid-ulss.jpg\" data-dt-img-description=\"\" data-large_image_width=\"800\" data-large_image_height=\"600\"><img loading=\"lazy\" decoding=\"async\" class=\" wp-image-121260 alignleft\" src=\"https:\/\/www.radiopiu.net\/wordpress\/wp-content\/uploads\/2020\/03\/covid-ulss-300x225.jpg\" alt=\"\" width=\"108\" height=\"81\" srcset=\"https:\/\/www.radiopiu.net\/wordpress\/wp-content\/uploads\/2020\/03\/covid-ulss-300x225.jpg 300w, https:\/\/www.radiopiu.net\/wordpress\/wp-content\/uploads\/2020\/03\/covid-ulss-768x576.jpg 768w, https:\/\/www.radiopiu.net\/wordpress\/wp-content\/uploads\/2020\/03\/covid-ulss.jpg 800w\" sizes=\"auto, (max-width: 108px) 100vw, 108px\" \/><\/a>FELTRE <\/b>Gli ulteriori 5 tamponi<b>, <\/b>eseguiti nell\u2019ambito del <i>contact tracing<\/i> del focolaio di Feltre sono risultati negativi.\u00a0Si confermano, quindi, i 9 casi positivi, per la gran parte asintomatici, tutti in isolamento domiciliare; i 78 contatti in quarantena e i 23 soggetti in automonitoraggio.<\/p>\n<p>&nbsp;<\/p>\n<p>A Padova scatta la rabbia, al Pride con ospite\u00a0 Vladimir Luxuria mercoledi sera ci sono stati assembramenti folli e una marea di giovani senza mascherina<em> &#8220;Incoscienti che vanificano il nostro lavoro&#8221;<\/em> sentenzia Luciano Flor direttore dell&#8217;azienda ospedaliera di Padova. A Jesolo movida violenta a distanza di pochi giorni da un episodio analogo, non solo assembramento alle 2 di notte ma anche una violenta rissa con un tunisino picchiato a sangue da almeno 6 giovani che lo hanno mandato in ospedale in coma per le gravissime lesioni, il sindaco chiede maggiori controlli.\u00a0 A Vicenza un altro focolaio con 5 positivi e 50 persone in isolamento, a portare il virus in casa un imprenditore di ritorno da una viaggio di lavoro dalla Bosnia Erzegovina, in isolamento anche un consigliere regionale. A Pedavena 4 giovani multati per assembramento al bar El Travo tra l&#8217;altro gi\u00e0 chiuso ma i giovani si sono fermati all&#8217;esterno, urla e schiamazzi hanno indotto a chiamare i Carabinieri, sono scattate quindi le sanzioni da 400 euro ma nessuna conseguenza per il locale che le regole le aveva rispettate. <strong>I NUMERI\u00a0 IN VENETO:<\/strong> TOTALE POSITIVI 19310 \u00a0(+21)\u00a0 ATTUALMENTE POSITIVI 390 \u00a0(-28)\u00a0 DECESSI 2023 \u00a0(+1) NEGATIVIZZATI 16897 \u00a0(+48) IN ISOLAMENTO 763 \u00a0(+5)\u00a0 RICOVERATI\u00a0 172 (-20 20 POSITIVI, 152 NEGATIVIZZATI), NEGLI OSPEDALI DI COMUNITA\u2019 RICOVERATI 26 (+1, 3 POSITIVI,\u00a0 23 NEGATIVIZZATI), IN TERAPIA INTENSIVA 8 (0 POSITIVI, \u00a08 NEGATIVIZZATI). DIMESSI 3609 \u00a0(+24)\u00a0<strong>I NUMERI IN PROVINCIA:<\/strong>\u00a0TOTALE CONTAGI 1194 (+0) , ATTUALMENTE POSITIVI 22 (-4) , DECEDUTI 112 (0), NEGATIVIZZATI 1060 (+4) ISOLAMENTO DOMICILIARE 96 (-4) RICOVERATI IN OSPEDALE AL SAN MARTINO 2 (0)<\/p>\n<p>&nbsp;<\/p>\n<p>&nbsp;<\/p>\n<p>&nbsp;<\/p>\n<hr \/>\n<blockquote class=\"wp-embedded-content\" data-secret=\"eMkTaoJGAD\"><p><a href=\"https:\/\/www.radiopiu.net\/wordpress\/coronavirus-aggiornamento-nazionale-02-luglio\/\">CORONAVIRUS: AGGIORNAMENTO NAZIONALE 02 LUGLIO<\/a><\/p><\/blockquote>\n<p><iframe loading=\"lazy\" class=\"wp-embedded-content\" sandbox=\"allow-scripts\" security=\"restricted\" style=\"position: absolute; clip: rect(1px, 1px, 1px, 1px);\" title=\"&#8220;CORONAVIRUS: AGGIORNAMENTO NAZIONALE 02 LUGLIO&#8221; &#8212; Radio Pi\u00f9\" src=\"https:\/\/www.radiopiu.net\/wordpress\/coronavirus-aggiornamento-nazionale-02-luglio\/embed\/#?secret=eMkTaoJGAD\" data-secret=\"eMkTaoJGAD\" width=\"600\" height=\"338\" frameborder=\"0\" marginwidth=\"0\" marginheight=\"0\" scrolling=\"no\"><\/iframe><\/p>\n<blockquote class=\"wp-embedded-content\" data-secret=\"l43pUESZ1J\"><p><a href=\"https:\/\/www.radiopiu.net\/wordpress\/un-decesso-48-negativizzati-21-positivi-in-piu-calano-i-ricoveri-in-veneto-sono-24-i-dimessi-a-belluno-4-positivi-in-meno-e-4-persone-escono-dallisolamento-fiduciario-sempre-2-ricoverati-al-sa\/\">UN DECESSO, 48 NEGATIVIZZATI, 21 POSITIVI IN PI\u00d9. CALANO I RICOVERI IN VENETO, SONO 24 I DIMESSI. A BELLUNO 4 POSITIVI IN MENO E 4 PERSONE ESCONO DALL&#8217;ISOLAMENTO FIDUCIARIO. SEMPRE 2 RICOVERATI AL SAN MARTINO<\/a><\/p><\/blockquote>\n<p><iframe loading=\"lazy\" class=\"wp-embedded-content\" sandbox=\"allow-scripts\" security=\"restricted\" style=\"position: absolute; clip: rect(1px, 1px, 1px, 1px);\" title=\"&#8220;UN DECESSO, 48 NEGATIVIZZATI, 21 POSITIVI IN PI\u00d9. CALANO I RICOVERI IN VENETO, SONO 24 I DIMESSI. A BELLUNO 4 POSITIVI IN MENO E 4 PERSONE ESCONO DALL&#8217;ISOLAMENTO FIDUCIARIO. SEMPRE 2 RICOVERATI AL SAN MARTINO&#8221; &#8212; Radio Pi\u00f9\" src=\"https:\/\/www.radiopiu.net\/wordpress\/un-decesso-48-negativizzati-21-positivi-in-piu-calano-i-ricoveri-in-veneto-sono-24-i-dimessi-a-belluno-4-positivi-in-meno-e-4-persone-escono-dallisolamento-fiduciario-sempre-2-ricoverati-al-sa\/embed\/#?secret=l43pUESZ1J\" data-secret=\"l43pUESZ1J\" width=\"600\" height=\"338\" frameborder=\"0\" marginwidth=\"0\" marginheight=\"0\" scrolling=\"no\"><\/iframe><\/p>\n<p>&nbsp;<\/p>\n<hr \/>\n<p>&nbsp;<\/p>\n<blockquote>\n<h2>MONDIALI A CORTINA A FEBBRAIO 2021<\/h2>\n<\/blockquote>\n<blockquote>\n<h3>Il Mondiale di Cortina si far\u00e0 nel febbraio 2021. Roda: &#8220;Realizzare un grande evento per l&#8217;Italia, fondamentale la collaborazione con Fis e territorio&#8221;<\/h3>\n<\/blockquote>\n<h2>FIS ha deciso di sostenere finanziariamente la Federazione italiana per un massimo di 10 milioni di franchi svizzeri<\/h2>\n<p><a class=\"dt-pswp-item\" href=\"https:\/\/www.radiopiu.net\/wordpress\/wp-content\/uploads\/2020\/07\/download-1.png\" data-dt-img-description=\"\" data-large_image_width=\"270\" data-large_image_height=\"187\"><img loading=\"lazy\" decoding=\"async\" class=\"size-full wp-image-147578 alignleft\" src=\"https:\/\/www.radiopiu.net\/wordpress\/wp-content\/uploads\/2020\/07\/download-1.png\" alt=\"\" width=\"270\" height=\"187\" \/><\/a>Il consiglio FIS ha confermato che i Campionati Mondiali di Sci Alpino di Cortina si terranno come da programma dal 9 al 21 febbraio 2021 nessun rinvio al prossimo anno, sar\u00e0 il primo grande evento internazionale post covid 19, disputato nella massima sicurezza, ma con le forme tradizionali.<\/p>\n<p><strong>LA PRIMA DICHIARAZIONE UFFICIALE SUL SITO DELLA FISI<\/strong> <em>&#8220;La FISI, come \u00e8 sempre stato negli ultimi cinque anni, ha raccolto le volont\u00e0 di tutte le realt\u00e0 interessate al Mondiale di Cortina &#8211; ha detto il Presidente Flavio Roda &#8211; e ha registrato una forte spinta a realizzare l&#8217;evento nel 2021 e a mettere a disposizione risorse perch\u00e9 tutto si possa fare al meglio. La Federazione si \u00e8 dunque fatta interprete di queste volont\u00e0 ed ha espresso al Consiglio FIS l&#8217;esigenza italiana di avere l&#8217;opportunit\u00e0 di un rilancio importante, un segnale per tutto il Paese&#8221;.<\/em><\/p>\n<p>&nbsp;<\/p>\n<blockquote>\n<h3 style=\"font-weight: 300;\"><strong>CORTINA 2021: I CAMPIONATI DEL MONDO DI SCI<br \/>\nPER TORNARE A GUARDARE CON FIDUCIA AL FUTURO<\/strong><\/h3>\n<\/blockquote>\n<p><em>Il Presidente di Fondazione Alessandro Benetton:\u00a0\u201cC\u2019\u00e8 un grande gioco di squadra di Istituzioni e territorio, dimostreremo che nonostante tutte le eccezionalit\u00e0 di questo periodo, sapremo rendere onore al prestigio del nostro Paese\u201d<\/em><\/p>\n<p><strong>Fondazione Cortina 2021 prende atto della decisione FIS di confermare i Campionati del mondo di sci alpino a Cortina d\u2019Ampezzo dal 7 al 21 febbraio del prossimo anno.<\/strong> Lo spettacolo del grande sci internazionale si dar\u00e0 quindi di nuovo appuntamento nella Regina delle Dolomiti, in una kermesse sportiva che vedr\u00e0 anche <strong>l\u2019attesissimo ritorno delle competizioni maschili all\u2019ombra delle Tofane.\u00a0 <\/strong>Una decisione, quella di FIS, arrivata dopo che CONI e FISI, di concerto con il comitato organizzatore e le Istituzioni locali, avevano responsabilmente sottoposto alla Federazione Internazionale le valutazioni in merito alle problematiche finanziarie determinate dalla pandemia di Covid-19 e all\u2019impossibilit\u00e0 di cogliere al meglio le potenzialit\u00e0 del grande evento per il territorio.<\/p>\n<p><strong>Alessandro Benetton, Presidente di Fondazione Cortina 2021<\/strong> commenta: \u201c<em>Con la nostra disponibilit\u00e0 a posticipare l\u2019evento, volevamo dare il tempo a tutto il sistema locale, nazionale ed internazionale per fare un capolavoro. Ma saremo pronti in ogni caso, dimostrando che un Mondiale pu\u00f2 cambiare la storia di un territorio nonostante le avversit\u00e0. Abbiamo lavorato duramente e senza sosta nel corso degli scorsi anni, senza fermarci nemmeno durante i mesi pi\u00f9 duri dell\u2019emergenza coronavirus: la squadra \u00e8 pronta e stiamo terminando le ultime rifiniture alle infrastrutture per ospitare le competizioni.\u00a0Dalle Istituzioni agli impiantisti, dagli albergatori alle diverse categorie economiche e sociali: tutti sono al nostro fianco per percorrere ora con entusiasmo e fiducia l\u2019ultimo miglio che ci separa dall\u2019evento iridato, consapevoli che avremo la responsabilit\u00e0 di gestire la prima manifestazione sportiva internazionale dell\u2019era post-Covid.\u00a0Cortina 2021 sar\u00e0 decisiva per rimettere in circolo energie positive nel Paese e tornare a guardare al domani con la fiducia e l\u2019orgoglio di essere italiani<\/em>\u201d.<\/p>\n<p>&nbsp;<\/p>\n<blockquote>\n<h3>IL PRESIDENTE DELLA PROVINCIA ROBERTO PADRIN<\/h3>\n<\/blockquote>\n<p><em>\u00abSiamo gi\u00e0 al lavoro per il grande evento. La garanzia di 10 milioni data dalla Fis \u00e8 fondamentale in caso di cancellazione dell\u2019evento. Ovviamente ci auguriamo che le condizioni della pandemia siano in costante miglioramento. C\u2019\u00e8 stato un incontro del tavolo tecnico regionale \u201cEventi sportivi Cortina 2021-Olimpiadi Invernali 2026\u201d, nel corso del quale \u00e8 stato fatto il punto della situazione delle opere del Piano Anas, per complessivi 317 milioni di euro, comprendenti interventi sulla Statale 51, sulla 51 bis e sulla 52, all\u2019interno dei quali rientra anche la riqualificazione di quattro case cantoniere. Sono confermati i ritardi sulle quattro grandi varianti, ma del resto lo sapevamo gi\u00e0. Ed \u00e8 confermata pure la prosecuzione dei progetti in essere che in particolare riguardano il Comune di Longarone.\u00a0 Siamo pronti per la sfida e a breve verr\u00e0 riconvocato un nuovo comitato di indirizzo per gli aggiornamenti del caso. Cortina vincer\u00e0 anche questa nuova sfida\u00bb.<\/em><\/p>\n<p>&nbsp;<\/p>\n<blockquote>\n<h3><strong>IL PRESIDENTE DEL VENETO LUCA ZAIA<\/strong><\/h3>\n<\/blockquote>\n<p>&#8220;<em>Ringrazio il Presidente Roda, il Presidente Malag\u00f2 ed il Presidente della Fondazione Benetton per tutto il lavoro che \u00e8 stato fatto. Rimango convinto del fatto che, se fossimo riusciti a trovare una soluzione posticipando i Mondiali di Sci al 2022, sarebbe stato pi\u00f9 tutelante per noi, sia dal punto di vista delle risorse sia dal punto di vista sanitario, a causa dell&#8217;incognita Covid, che ci potrebbe costringere ad ospitare i Mondiali a porte chiuse<\/em>.<em>Tutte le strade sono state comunque esperite a livello di Federazione Sport Invernali, ne prendiamo atto. Ora come \u00e8 nelle nostre corde, pancia a terra per garantire la buona riuscita dei Mondiali 2021, cos\u00ec come inizialmente programmato<\/em>&#8220;.<\/p>\n<p>&nbsp;<\/p>\n<p><strong>IL MINISTRO PER I RAPPORTI CON IL PARLAMENTO FEDERICO D&#8217;INCA&#8217;<\/strong><\/p>\n<p>\u201c<em>La decisione di confermare il Mondiale di Sci a Cortina nel 2021, come avevo auspicato, \u00e8 sicuramente positiva perch\u00e9 bisogna ridare fiducia al territorio ritornando gradualmente alla normalit\u00e0 anche attraverso i grandi eventi. Ringrazio il Presidente della Fis Gian Franco Kasper che ha voluto sostenere finanziariamente la Federazione italiana in caso di cancellazione dell\u2019evento con 10 milioni di franchi svizzeri, dimostrando la piena volont\u00e0 della Federazione Internazionale di credere in questa sfida. Un\u2019occasione sulla quale il Governo ha gi\u00e0 investito fortemente e su cui daremo, se necessario, il nostro sostegno finanziario per tutelare gli investimenti messi in campo. Questo passaggio accompagner\u00e0 il grande impegno economico del Governo per quanto riguarda l\u2019aspetto della viabilit\u00e0 e quello delle infrastrutture sportive<\/em>\u201d.Lo afferma Federico D\u2019Inc\u00e0, Ministro per i Rapporti con il Parlamento in occasione della decisione della Fis di confermare i Mondiali di Sci di Cortina per l\u2019anno 2021.\u00a0\u201c<em>Come ha sottolineato il commissario di Governo, Luigi Sant\u2019Andrea, le opere sono completate, come le piste, il sistema anti valanghivo e la \u2018finish area\u2019. Entro l\u2019anno, poi, si porteranno a termine le opere complementari. Lo scorso gennaio mi ero recato a Cortina per l\u2019inaugurazione della Cabinovia Freccia del Cielo del Col Drusci\u00e8, un\u2019opera importante che \u00e8 stata portata a termine nei tempi previsti\u201d.\u00a0Secondo D\u2019Inc\u00e0 \u201cci sar\u00e0 il massimo impegno per garantire la sicurezza per gli atleti sotto il profilo sanitario e anche su questo aspetto sono sicuro che l\u2019intera organizzazione risponder\u00e0 in maniera efficace<\/em>\u201d.\u00a0\u201c<em>L\u2019appuntamento con il Mondiale di Sci sar\u00e0 un\u2019importante test per il bellunese anche in vista delle Olimpiadi di Milano-Cortina del 2026 \u2013 osserva il Ministro D\u2019Inc\u00e0, che aggiunge -: la corretta gestione dei fondi pubblici e la legacy sulle opere pubbliche a beneficio della collettivit\u00e0 rappresentano un modello vincente su cui il Governo ha sempre creduto e continuer\u00e0 a lavorare. I Mondiali di sci daranno grande visibilit\u00e0 a un territorio che potr\u00e0 esprimere tutte le proprie potenzialit\u00e0<\/em>\u201d.<\/p>\n<p>&nbsp;<\/p>\n<p>&nbsp;<\/p>\n<p>&nbsp;<\/p>\n<hr \/>\n<h3><\/h3>\n<blockquote>\n<h3>DL SEMPLIFICAZIONI, UNCEM: METTERE AL CENTRO TERRITORI, MONTAGNE ED ENTI LOCALI. GOVERNO ACCOLGA LE PROPOSTE UNCEM<\/h3>\n<\/blockquote>\n<p><strong><a class=\"dt-pswp-item\" href=\"https:\/\/www.radiopiu.net\/wordpress\/wp-content\/uploads\/2020\/04\/UNCEM.jpg\" data-dt-img-description=\"\" data-large_image_width=\"500\" data-large_image_height=\"500\"><img loading=\"lazy\" decoding=\"async\" class=\" wp-image-133399 alignleft\" src=\"https:\/\/www.radiopiu.net\/wordpress\/wp-content\/uploads\/2020\/04\/UNCEM-300x300.jpg\" alt=\"\" width=\"187\" height=\"187\" srcset=\"https:\/\/www.radiopiu.net\/wordpress\/wp-content\/uploads\/2020\/04\/UNCEM-300x300.jpg 300w, https:\/\/www.radiopiu.net\/wordpress\/wp-content\/uploads\/2020\/04\/UNCEM-150x150.jpg 150w, https:\/\/www.radiopiu.net\/wordpress\/wp-content\/uploads\/2020\/04\/UNCEM.jpg 500w\" sizes=\"auto, (max-width: 187px) 100vw, 187px\" \/><\/a>ROMA<\/strong> Uncem ha trasmesso qualche settimana fa venti pagine di proposte al Governo. Dalle imprese presenti nelle zone montane alla manutenzione del territorio alpino e appenninico dalla fiscalit\u00e0 alla governance degli Enti locali. Sino alle concessioni e alla modifica di termini da ordinatori a perentori. Uncem ha unito nel documento anche proposte di modifica al Codice degli Appalti, cos\u00ec come pervenute da tanti Sindaci, e proposte su turismo e agricoltura. Quelle che non troveranno posto nella prima stesura del DL, potranno essere portate nelle Commissioni e nelle Aule parlamentari in sede di conversione del decreto. Ma dovranno esserci, anche in vista del lavoro che si dovr\u00e0 fare per rendere la montagna asse principale del Recovery Fund. Su edilizia e Codice degli Appalti in particolare Uncem chiede regole chiare e snelle. E Uncem ribadisce la necessit\u00e0 di differenziare le norme, di semplificarle, nel quadro di un riconoscimento della specificit\u00e0 dei territori montani italiani, la met\u00e0 del Paese. Nel documento trovano spazio anche proposte per risolvere le gravi sfide del digital divide. Per troppi pezzi d&#8217;Italia la digitalizzazione \u00e8 preclusa dall&#8217;assenza di infrastrutture. \u00c8 un&#8217;emergenza che va affrontata in primo luogo togliendo il Piano nazionale per la banda ultralarga dal guado. <em>&#8220;Si deve procedere senza perder tempo &#8211; dice il presidente Marco Bussone &#8211;\u00a0 eliminando troppi vincoli autorizzativi e organizzativi che finora hanno bloccato i lavori della Bul in migliaia di Comuni italiani. Lo chiede il Paese. Chiediamo\u00a0 al Governo che le nostre proposte possano trovare spazio gi\u00e0 nella stesura del DL Semplificazioni che entra nelle prossime ore in Consiglio dei Ministri&#8221;.<\/em><\/p>\n<p>&nbsp;<\/p>\n<p>&nbsp;<\/p>\n<hr \/>\n<blockquote>\n<h3><\/h3>\n<h3>INIZIA LA FASE DI STUDIO PER I NUOVI PROTOTIPISTI AL DISTRETTO CERTOTTICA<\/h3>\n<\/blockquote>\n<p><strong><a class=\"dt-pswp-item\" href=\"https:\/\/www.radiopiu.net\/wordpress\/wp-content\/uploads\/2020\/07\/ITS_prototipi-2748.jpg\" data-dt-img-description=\"\" data-large_image_width=\"1900\" data-large_image_height=\"1267\"><img loading=\"lazy\" decoding=\"async\" class=\"size-medium wp-image-147538 alignleft\" src=\"https:\/\/www.radiopiu.net\/wordpress\/wp-content\/uploads\/2020\/07\/ITS_prototipi-2748-300x200.jpg\" alt=\"\" width=\"300\" height=\"200\" srcset=\"https:\/\/www.radiopiu.net\/wordpress\/wp-content\/uploads\/2020\/07\/ITS_prototipi-2748-300x200.jpg 300w, https:\/\/www.radiopiu.net\/wordpress\/wp-content\/uploads\/2020\/07\/ITS_prototipi-2748-1024x683.jpg 1024w, https:\/\/www.radiopiu.net\/wordpress\/wp-content\/uploads\/2020\/07\/ITS_prototipi-2748-768x512.jpg 768w, https:\/\/www.radiopiu.net\/wordpress\/wp-content\/uploads\/2020\/07\/ITS_prototipi-2748-1536x1024.jpg 1536w, https:\/\/www.radiopiu.net\/wordpress\/wp-content\/uploads\/2020\/07\/ITS_prototipi-2748.jpg 1900w\" sizes=\"auto, (max-width: 300px) 100vw, 300px\" \/><\/a>LONGARONE<\/strong> Per dare nuova linfa al distretto dell&#8217;occhiale, Certottica\u00a0 con un proprio laboratorio former\u00e0 12 nuovi profili con il corso di prototipista nel settore occhialeria,\u00a0 professione che ha radici antiche quanto il settore dell\u2019occhiale, ma che da tempo soffre della totale mancanza di turnover. E&#8217; partito il primo corso in assoluto nel suo genere, destinato ai disoccupati e totalmente gratuito. <em>\u201cE\u2019 stato un successo ancor prima di iniziare \u2013 spiegano dall\u2019Area Formazione &#8211; perch\u00e9 il numero di giovani che hanno presentato domanda di ammissione ha superato ogni aspettativa e, considerato il limite massimo di partecipanti, vincolato dalle postazioni in laboratorio per le restrizioni dovute al Covid-19, pensiamo di riproporre un altro iter formativo il prima possibile&#8221;<\/em>.\u00a0 Oltre ad avere tante aziende candidate ad ospitare gli allievi in tirocinio, i maestri prototipisti provenienti dalle stesse realt\u00e0 si sono offerti da subito di far parte del corpo docente. Il prototipista \u00e8 un punto di snodo cruciale per la catena produttiva: mette a punto il prototipo individuando il miglior procedimento di assemblaggio possibile e lo valuta in un\u2019ottica di produzione di serie, segnalando a designer e progettisti i difetti che potrebbero costituire problemi, anche difficili da affrontare, in fase di fabbricazione. Sono previste oltre alla teoria 400 ore di tirocinio in aziende del settore.<\/p>\n<p>&nbsp;<\/p>\n<p>&nbsp;<\/p>\n<div class=\"page-title-breadcrumbs\"><\/div>\n<div><\/div>\n<div>\n<hr \/>\n<\/div>\n<h3><\/h3>\n<p>&nbsp;<\/p>\n<blockquote>\n<h3>LAVORO: DONAZZAN, \u201cREGIONE AL FIANCO DI AGENZIE DI VIAGGIO E TOUR OPERATOR PER AIUTARE LA FILIERA DEL TURISMO A SUPERARE LA CRISI COVID\u201d<\/h3>\n<\/blockquote>\n<p><strong><a class=\"dt-pswp-item\" href=\"https:\/\/www.radiopiu.net\/wordpress\/wp-content\/uploads\/2020\/07\/965-2020-Leonardi-Donazzan-Bellanti.jpg\" data-dt-img-description=\"\" data-large_image_width=\"2016\" data-large_image_height=\"1512\"><img loading=\"lazy\" decoding=\"async\" class=\"size-medium wp-image-147651 alignleft\" src=\"https:\/\/www.radiopiu.net\/wordpress\/wp-content\/uploads\/2020\/07\/965-2020-Leonardi-Donazzan-Bellanti-300x225.jpg\" alt=\"\" width=\"300\" height=\"225\" srcset=\"https:\/\/www.radiopiu.net\/wordpress\/wp-content\/uploads\/2020\/07\/965-2020-Leonardi-Donazzan-Bellanti-300x225.jpg 300w, https:\/\/www.radiopiu.net\/wordpress\/wp-content\/uploads\/2020\/07\/965-2020-Leonardi-Donazzan-Bellanti-1024x768.jpg 1024w, https:\/\/www.radiopiu.net\/wordpress\/wp-content\/uploads\/2020\/07\/965-2020-Leonardi-Donazzan-Bellanti-768x576.jpg 768w, https:\/\/www.radiopiu.net\/wordpress\/wp-content\/uploads\/2020\/07\/965-2020-Leonardi-Donazzan-Bellanti-1536x1152.jpg 1536w, https:\/\/www.radiopiu.net\/wordpress\/wp-content\/uploads\/2020\/07\/965-2020-Leonardi-Donazzan-Bellanti.jpg 2016w\" sizes=\"auto, (max-width: 300px) 100vw, 300px\" \/><\/a>VENEZIA<\/strong>\u00a0 <em>\u201cCon il collega al turismo Federico Caner sto lavorando ad alcune misure per sostenere la ri-partenza del turismo in Veneto, dopo lo stop totale imposto dalle misure anti-pandemia. Tre, in particolare, gli interventi in cantiere: la riduzione del costo del lavoro, gli aiuti alle imperse e nuove iniziative per la formazione per irrobustire le competenze e ripensare il turismo che, dopo il Covid, dovr\u00e0 trovare nuovi spazi e nuovi approcci\u201d<\/em>. Lo ha confermato l\u2019assessore regionale al lavoro, Elena Donazzan, incontrando a Thiene una rappresentanza del Movimento Autonomo Agenzie Viaggi, Tour Operator, Vettori del Veneto composta dai vicentini Patrizia Leonardi (portavoce provinciale) e Rino Bellanti in rappresentanza della portavoce regionale Alice Girardi. L\u2019incontro era stato preceduto da un primo confronto, a inizio giugno, sulla situazione delle agenzie di viaggio e dei tour operator che stanno soffrendo una crisi di proporzioni mondiali, mai conosciuta prima.<em> <span style=\"color: #222222;\">\u201c<\/span><span style=\"color: #222222;\"><span style=\"font-size: medium;\">La chiusura totale delle attivit\u00e0 nel periodo di emergenza sanitaria <\/span><\/span><span style=\"color: #222222;\"><span style=\"font-size: medium;\">\u2013 ha dichiarato \u00a0<\/span><\/span><span style=\"color: #222222;\"><span style=\"font-size: medium;\">Donazzan ai rappresentanti di agenzie e operatori turistici<\/span><\/span><span style=\"color: #222222;\"><span style=\"font-size: medium;\"> &#8211; ha portato a una riduzione del 100% delle attivit\u00e0 del turismo: una condizione che si \u00e8 tradotta in dipendenti in cassa integrazione ed in una esposizione finanziaria di svariati milioni di euro in termini di anticipazioni<\/span><\/span><span style=\"color: #222222;\"><span style=\"font-size: medium;\">. Il<\/span><\/span><span style=\"color: #222222;\"><span style=\"font-size: medium;\"> comparto delle agenzie e dei tour operator alimenta direttamente 21 settori nella filiera del turismo: dalla ristorazione agli alberghi, dai bus turistici al commercio vario, operatori portuali e aeroportuali<\/span><\/span><span style=\"color: #222222;\"><span style=\"font-size: medium;\">. <\/span><\/span><span style=\"color: #222222;\"><span style=\"font-size: medium;\">Non possiamo dimenticare che il turismo \u00e8 la prima industria del Veneto, che ha registrato nel 2019 un picco di presenze, soprattutto straniere, che \u00e8 valso 18 miliardi di euro, 9 miliardi dei quali legati alle spiagge. Un primo calcolo sui mancati introiti per le imprese del turismo veneto derivanti dal lockdown nel bimestre marzo-aprile supera gi\u00e0 il miliardo di euro.<\/span><\/span><span style=\"color: #222222;\"><span style=\"font-size: medium;\"> E\u2019 impegno della Regione supportare le imprese del settore e promuovere percorsi e iniziative di riorganizzazione e rilancio\u201d.<\/span><\/span><\/em><\/p>\n<p>&nbsp;<\/p>\n<p>&nbsp;<\/p>\n<hr \/>\n<blockquote>\n<h3><\/h3>\n<h3>DA IERI E&#8217; APERTA LA BUSSOLA DELLA SOLIDARIETA&#8217;, QUATTRO PROGETTI PER ORIENTARE LA SOLIDARIETA&#8217; BELLUNESE<\/h3>\n<\/blockquote>\n<p><em>Tutti possono contribuire alle iniziative di inclusione sociale versando una quota nel conto del Comune di Belluno (IBAN IT 22 Q 02008 11910 000105443984 &#8211; Causale: erogazione liberale progetto inclusione sociale. <\/em><\/p>\n<p><strong>BELLUNO<\/strong> Nel centro storico in via Rialto ha aperto \u201cLa Bussola della Solidariet\u00e0\u201d,\u00a0 nuovo spazio dedicato alle attivit\u00e0 di inclusione sociale realizzato dal Comune di Belluno in collaborazione con le associazioni del territorio. Un luogo dove fare incontrare \u201cdomanda e offerta di solidariet\u00e0\u201d parlando con i cittadini, raccogliendo le istanze di chi si trova in difficolt\u00e0 e orientando invece \u2013 da qui il nome \u201cLa Bussola\u201d &#8211; la generosit\u00e0 di chi vuole dare un aiuto concreto.\u00a0\u00a0Quattro i progetti: \u00a0adotta una famiglia, possibilit\u00e0 di sostenere e attivare una\u00a0 borsa lavoro o di offrire un lavoro, aiutare persone bisognose ad affrontare i costi di affitti e bollette e\u00a0 pagamento delle rette del Centro Estivo Comunale. Le prime tre iniziative prevedono il versamento di una quota a piacere da continuare nel tempo, mentre la quarta prevede un unico versamento. Tutte le donazioni confluiranno nel conto corrente del Comune di Belluno destinato al sostegno delle iniziative sociali post Covid. Oltre al Comune di Belluno, partecipano all&#8217;iniziativa Caritas, Insieme Si pu\u00f2, Croce Rossa Italiana, San Vincenzo e Farmacia dell&#8217;Immacolata. La Bussola della Solidariet\u00e0 sar\u00e0 aperta fino al 26 settembre il gioved\u00ec dalle 18.00 alle 22.00 e il sabato mattina dalle 9.30 alle 12.30.<\/p>\n<p><strong>AI MICROFONI DI RADIO PIU L&#8217;ASSESSORE ALLE POLITICHE SOCIALI LUCIA PELLEGRINI<\/strong><\/p>\n<audio class=\"wp-audio-shortcode\" id=\"audio-147480-6\" preload=\"none\" style=\"width: 100%;\" controls=\"controls\"><source type=\"audio\/mpeg\" src=\"https:\/\/www.radiopiu.net\/wordpress\/wp-content\/uploads\/2020\/07\/Pellegrini-Bussola-Solidariet\u00e0.mp3?_=6\" \/><a href=\"https:\/\/www.radiopiu.net\/wordpress\/wp-content\/uploads\/2020\/07\/Pellegrini-Bussola-Solidariet\u00e0.mp3\">https:\/\/www.radiopiu.net\/wordpress\/wp-content\/uploads\/2020\/07\/Pellegrini-Bussola-Solidariet\u00e0.mp3<\/a><\/audio>\n<p>&nbsp;<\/p>\n<p>&nbsp;<\/p>\n<hr \/>\n<p>&nbsp;<\/p>\n<blockquote>\n<h3>AREA DEL BELVEDERE, APPROVATO IL PROGETTO DEFINITIVO\/ESECUTIVO<\/h3>\n<\/blockquote>\n<p><strong><a class=\"dt-pswp-item\" href=\"https:\/\/www.radiopiu.net\/wordpress\/wp-content\/uploads\/2020\/07\/df08272b-ea6f-40a5-9f23-32c38f35591a.jpg\" data-dt-img-description=\"\" data-large_image_width=\"2000\" data-large_image_height=\"1500\"><img loading=\"lazy\" decoding=\"async\" class=\" wp-image-147566 alignleft\" src=\"https:\/\/www.radiopiu.net\/wordpress\/wp-content\/uploads\/2020\/07\/df08272b-ea6f-40a5-9f23-32c38f35591a-300x225.jpg\" alt=\"\" width=\"236\" height=\"177\" srcset=\"https:\/\/www.radiopiu.net\/wordpress\/wp-content\/uploads\/2020\/07\/df08272b-ea6f-40a5-9f23-32c38f35591a-300x225.jpg 300w, https:\/\/www.radiopiu.net\/wordpress\/wp-content\/uploads\/2020\/07\/df08272b-ea6f-40a5-9f23-32c38f35591a-1024x768.jpg 1024w, https:\/\/www.radiopiu.net\/wordpress\/wp-content\/uploads\/2020\/07\/df08272b-ea6f-40a5-9f23-32c38f35591a-768x576.jpg 768w, https:\/\/www.radiopiu.net\/wordpress\/wp-content\/uploads\/2020\/07\/df08272b-ea6f-40a5-9f23-32c38f35591a-1536x1152.jpg 1536w, https:\/\/www.radiopiu.net\/wordpress\/wp-content\/uploads\/2020\/07\/df08272b-ea6f-40a5-9f23-32c38f35591a.jpg 2000w\" sizes=\"auto, (max-width: 236px) 100vw, 236px\" \/><\/a>FELTRE\u00a0<\/strong>Un altro \u201cspicchio\u201d del centro storico, uno tra i pi\u00f9 suggestivi e rappresentativi della citt\u00e0, si avvia a nuova vita.\u00a0E&#8217; stato infatti approvato dalla giunta comunale il progetto definitivo\/esecutivo per la sistemazione della zona del Belvedere.\u00a0L\u2019intervento, in particolare, riguarder\u00e0 la riqualificazione degli esterni dell\u2019accesso a monte degli ascensori nei pressi del Municipio e della Piazza Maggiore,\u00a0la contestuale sistemazione della pavimentazione di via Beccherie, il restauro delle facciate nord ed ovest dello stesso Municipio e della porzione di muratura medievale che delimita il lotto verso sud.\u00a0Ieri la presentazione del progetto alla stampa nella Sala degli Stemmi. <a class=\"dt-pswp-item\" href=\"https:\/\/www.radiopiu.net\/wordpress\/wp-content\/uploads\/2020\/07\/10c99bae-6f16-4d17-83d7-923c9601cda2.jpg\" data-dt-img-description=\"\" data-large_image_width=\"2000\" data-large_image_height=\"1500\"><img loading=\"lazy\" decoding=\"async\" class=\"size-medium wp-image-147567 alignright\" src=\"https:\/\/www.radiopiu.net\/wordpress\/wp-content\/uploads\/2020\/07\/10c99bae-6f16-4d17-83d7-923c9601cda2-300x225.jpg\" alt=\"\" width=\"300\" height=\"225\" srcset=\"https:\/\/www.radiopiu.net\/wordpress\/wp-content\/uploads\/2020\/07\/10c99bae-6f16-4d17-83d7-923c9601cda2-300x225.jpg 300w, https:\/\/www.radiopiu.net\/wordpress\/wp-content\/uploads\/2020\/07\/10c99bae-6f16-4d17-83d7-923c9601cda2-1024x768.jpg 1024w, https:\/\/www.radiopiu.net\/wordpress\/wp-content\/uploads\/2020\/07\/10c99bae-6f16-4d17-83d7-923c9601cda2-768x576.jpg 768w, https:\/\/www.radiopiu.net\/wordpress\/wp-content\/uploads\/2020\/07\/10c99bae-6f16-4d17-83d7-923c9601cda2-1536x1152.jpg 1536w, https:\/\/www.radiopiu.net\/wordpress\/wp-content\/uploads\/2020\/07\/10c99bae-6f16-4d17-83d7-923c9601cda2.jpg 2000w\" sizes=\"auto, (max-width: 300px) 100vw, 300px\" \/><\/a>Si tratta, di fatto, della \u201cquarta porta d&#8217;accesso alla citt\u00e0\u201d, quella che accoglier\u00e0 tutti i cittadini e visitatori che entrano a piedi in cittadella. Il progetto realizzato dall&#8217;architetto Zaetta prevede, tra l&#8217;altro, la realizzazione di un giardino verticale e di una struttura dall&#8217;impianto moderno,\u00a0ma che si sposa perfettamente con il contesto storico e architettonico in cui \u00e8 inserita.\u00a0La zona sar\u00e0 inoltre attrezzata per il superamento delle barriere architettoniche a beneficio delle persone con handicap,\u00a0facilitando anche l&#8217;accesso al Teatro de la Sena con l&#8217;ausilio dell&#8217;ascensore che sar\u00e0 realizzato nei prossimi mesi.\u00a0I lavori saranno appaltati in autunno e dovrebbero essere conclusi entro la prima met\u00e0 del prossimo anno.\u00a0L&#8217;intervento, che rientra nel progetto iniziale del \u201cGold Ring\u201d, \u00e8 di poco superiore ai 500 mila euro ed \u00e8 finanziato grazie ai Fondi per i Comuni di Confine.<\/p>\n<p><strong>L&#8217;ASSESSORE DEL COMUNE DI FELTRE ALESSANDRO DEL BIANCO<\/strong><\/p>\n<audio class=\"wp-audio-shortcode\" id=\"audio-147480-7\" preload=\"none\" style=\"width: 100%;\" controls=\"controls\"><source type=\"audio\/mpeg\" src=\"https:\/\/www.radiopiu.net\/wordpress\/wp-content\/uploads\/2020\/07\/Ass.-Del-Bianco-su-progetto-Belvedere.mp3?_=7\" \/><a href=\"https:\/\/www.radiopiu.net\/wordpress\/wp-content\/uploads\/2020\/07\/Ass.-Del-Bianco-su-progetto-Belvedere.mp3\">https:\/\/www.radiopiu.net\/wordpress\/wp-content\/uploads\/2020\/07\/Ass.-Del-Bianco-su-progetto-Belvedere.mp3<\/a><\/audio>\n<p>&nbsp;<\/p>\n<p><strong>L&#8217;ARCHITETTO GIORGIO ZAETTA<\/strong><\/p>\n<audio class=\"wp-audio-shortcode\" id=\"audio-147480-8\" preload=\"none\" style=\"width: 100%;\" controls=\"controls\"><source type=\"audio\/mpeg\" src=\"https:\/\/www.radiopiu.net\/wordpress\/wp-content\/uploads\/2020\/07\/Arch.-Giorgio-Zaetta-su-Belvedere.mp3?_=8\" \/><a href=\"https:\/\/www.radiopiu.net\/wordpress\/wp-content\/uploads\/2020\/07\/Arch.-Giorgio-Zaetta-su-Belvedere.mp3\">https:\/\/www.radiopiu.net\/wordpress\/wp-content\/uploads\/2020\/07\/Arch.-Giorgio-Zaetta-su-Belvedere.mp3<\/a><\/audio>\n<p>&nbsp;<\/p>\n<hr \/>\n<p>&nbsp;<\/p>\n<blockquote>\n<h3><b>SABATO DI PULIZIA PER I SENTIERI DEL NEVEGAL. GI\u00c0 \u201cARRUOLATI\u201d UNA TRENTINA DI VOLONTARI<\/b><\/h3>\n<\/blockquote>\n<p><strong><a class=\"dt-pswp-item\" href=\"https:\/\/www.radiopiu.net\/wordpress\/wp-content\/uploads\/2019\/08\/Pulizia-sentieri-Nevegal.jpeg\" data-dt-img-description=\"\" data-large_image_width=\"777\" data-large_image_height=\"1036\"><img loading=\"lazy\" decoding=\"async\" class=\" wp-image-94723 alignleft\" src=\"https:\/\/www.radiopiu.net\/wordpress\/wp-content\/uploads\/2019\/08\/Pulizia-sentieri-Nevegal-225x300.jpeg\" alt=\"\" width=\"145\" height=\"193\" srcset=\"https:\/\/www.radiopiu.net\/wordpress\/wp-content\/uploads\/2019\/08\/Pulizia-sentieri-Nevegal-225x300.jpeg 225w, https:\/\/www.radiopiu.net\/wordpress\/wp-content\/uploads\/2019\/08\/Pulizia-sentieri-Nevegal-768x1024.jpeg 768w, https:\/\/www.radiopiu.net\/wordpress\/wp-content\/uploads\/2019\/08\/Pulizia-sentieri-Nevegal.jpeg 777w\" sizes=\"auto, (max-width: 145px) 100vw, 145px\" \/><\/a>BELLUNO\u00a0<\/strong>Pulizia dei sentieri in Nevegal programmata per sabato: ad organizzarla, grazie all&#8217;impegno di decine di volontari, il Comune di Belluno, sotto la regia dell&#8217;assessore Biagio Giannone.\u00a0Gi\u00e0 allertati gli uomini della Protezione Civile Comunale, quelli dell&#8217;Associazione Nazionale Alpini, della Pro Loco Castionese, oltre a una decina di altri volontari; una trentina i volontari che ad oggi hanno gi\u00e0 dato la loro disponibilit\u00e0.\u00a0Alla riunione convocata per lo scorso marted\u00ec sera dall&#8217;assessore Giannone e dal collega Marco Bogo hanno partecipato \u2013 tra gli altri &#8211; i volontari dell&#8217;ANA Belluno, della Pro Loco Castionese, degli Amici del Nevegal, dell&#8217;associazione Belluno Alpina e della Protezione Civile Comunale, che coordiner\u00e0 i lavori; l&#8217;incontro \u00e8 stato utile per fare una prima ripartizione dei compiti e per individuare i sentieri su cui intervenire.<\/p>\n<p><strong>L&#8217;ASSESSORE DEL COMUNE DI BELLUNO BIAGIO GIANNONE<\/strong><\/p>\n<audio class=\"wp-audio-shortcode\" id=\"audio-147480-9\" preload=\"none\" style=\"width: 100%;\" controls=\"controls\"><source type=\"audio\/mpeg\" src=\"https:\/\/www.radiopiu.net\/wordpress\/wp-content\/uploads\/2020\/07\/Giannone-Pulizia-Nevegal.mp3?_=9\" \/><a href=\"https:\/\/www.radiopiu.net\/wordpress\/wp-content\/uploads\/2020\/07\/Giannone-Pulizia-Nevegal.mp3\">https:\/\/www.radiopiu.net\/wordpress\/wp-content\/uploads\/2020\/07\/Giannone-Pulizia-Nevegal.mp3<\/a><\/audio>\n<p>&nbsp;<\/p>\n<hr \/>\n<p>&nbsp;<\/p>\n<blockquote>\n<h3>SOPRALLUOGO AL CANTIERE A PALAZZO CREPADONA<\/h3>\n<\/blockquote>\n<div><strong>BELLUNO<\/strong> Oggi alle 10.30 a Palazzo Crepadona \u00a0sopralluogo per la stampa al cantiere della Mediateca delle Dolomiti per fare il punto sullo stato di avanzamento lavori e sugli scavi archeologici nel cortile. Saranno presenti l&#8217;assessore alla rigenerazione urbana, Franco Frison, l&#8217;assessore alla cultura, Marco Perale, il direttore del cantiere e l&#8217;archeologo che supervisiona gli scavi.<\/div>\n<div><\/div>\n<div><\/div>\n<div>\n<hr \/>\n<\/div>\n<div><\/div>\n<blockquote>\n<h3>UN NUOVO GAZEBO PER LA LEGA PRONTA A SCENDERE IN PIAZZA<\/h3>\n<\/blockquote>\n<p><strong>BELLUNO<\/strong> Oggi alle 11\u00a0 presso la sede provinciale della Lega Nord\u00a0alla presenza dei\u00a0 rappresentanti istituzionali presentazione dell&#8217;iniziativa gazebo sulle piazze di domani (tesseramento) e turnover\u00a0 dei consiglieri del\u00a0 Comune di Belluno<\/p>\n<p>&nbsp;<\/p>\n<p>&nbsp;<\/p>\n<hr \/>\n<h3><\/h3>\n<blockquote>\n<h3>PARTE \u201cDONA 1 SORRISO ON THE ROAD\u201d: 4 TAPPE PER UN LUGLIO DI SOLIDARIET\u00c0<\/h3>\n<\/blockquote>\n<p><strong><a class=\"dt-pswp-item\" href=\"https:\/\/www.radiopiu.net\/wordpress\/wp-content\/uploads\/2020\/05\/LOGO-DONA-1-SORRISO.png\" data-dt-img-description=\"\" data-large_image_width=\"1002\" data-large_image_height=\"588\"><img loading=\"lazy\" decoding=\"async\" class=\"size-medium wp-image-138405 alignleft\" src=\"https:\/\/www.radiopiu.net\/wordpress\/wp-content\/uploads\/2020\/05\/LOGO-DONA-1-SORRISO-300x176.png\" alt=\"\" width=\"300\" height=\"176\" srcset=\"https:\/\/www.radiopiu.net\/wordpress\/wp-content\/uploads\/2020\/05\/LOGO-DONA-1-SORRISO-300x176.png 300w, https:\/\/www.radiopiu.net\/wordpress\/wp-content\/uploads\/2020\/05\/LOGO-DONA-1-SORRISO-768x451.png 768w, https:\/\/www.radiopiu.net\/wordpress\/wp-content\/uploads\/2020\/05\/LOGO-DONA-1-SORRISO.png 1002w\" sizes=\"auto, (max-width: 300px) 100vw, 300px\" \/><\/a>BELLUNO<\/strong>\u00a0Luglio \u00e8 il mese della solidariet\u00e0 itinerante. La macchina di \u201cDona 1 Sorriso\u201d scalda i motori ed \u00e8 pronta a raggiungere vari angoli della provincia: tutti i sabati, dalle ore 8 alle 13, sar\u00e0 presente uno stand, in cui i volontari metteranno in vendita le magliette e i biglietti della lotteria. Il ricavato di quest\u2019anno sfocer\u00e0 in un aiuto concreto a tre bambini e alle loro famiglie: Tommaso (di 2 anni), Emily e Francesco (di 3). Insomma, si parte. Ogni sabato (4, 11, 18 e 25) gli amici di \u201cDona 1 Sorriso\u201d saranno a Bolago (zona Bar) e in piazza dei Martiri, a Belluno. Ma, alle due postazioni \u201cfisse\u201d, si aggiungeranno pure la piazza di Agordo (4 luglio) e quella di Sedico (11), oltre a Cavarzano (zona Blu Bar, il 18) e al condominio Monte Bianco di Ponte nelle Alpi (il 25). Proprio sabato 25 (ore 17), a Pian dei Castaldi, ci sar\u00e0 spazio per l\u2019estrazione dei biglietti della lotteria, ma anche per una piccola festa, da vivere rigorosamente col sorriso. E nel pieno rispetto delle misure anti-contagio, dopo lo scoppio della pandemia da Covid-19. Si chiude poi venerd\u00ec 31 con la consegna delle donazioni, sempre a Pian dei Castaldi. \u201cDona 1 Sorriso on the road\u201d \u00e8 ai nastri di partenza. E la prima di quattro tappe \u00e8 ormai all\u2019orizzonte: sar\u00e0 anche un\u2019edizione insolita, ma il viaggio solidaristico \u00e8 il modo pi\u00f9 efficace per dimostrare che siamo sempre vicini a chi ha bisogno di aiuto. E che il virus non ha fiaccato la nostra volont\u00e0 di donare un sorriso. Anzi, l\u2019ha rafforzata.<\/p>\n<p>&nbsp;<\/p>\n<p>&nbsp;<\/p>\n<hr \/>\n<p>&nbsp;<\/p>\n<blockquote>\n<h2>LE NUOVE INIZIATIVA IN PISCINA CON ATTIVAMENTE AGORDINO<\/h2>\n<\/blockquote>\n<p align=\"JUSTIFY\"><span style=\"color: #000000;\"><span style=\"font-family: Helvetica Neue, serif;\"><span style=\"font-size: small;\"><span style=\"color: #050505;\"><span style=\"font-family: Segoe UI Historic, serif;\"><span style=\"font-size: medium;\"><strong>AGORDO<\/strong> Una nuova esperienza ti attende nel panoramico giardino estivo adiacente alla piscina di Agordo. Luned\u00ec 6 luglio dalle 18.00 alle 19.00 Maria Paula Medina inizier\u00e0 l&#8217;attivit\u00e0 di yoga all&#8217;aria aperta, che continuer\u00e0 per tutto il mese di luglio e agosto. <\/span><\/span><\/span><\/span><\/span><\/span><span style=\"color: #000000;\"><span style=\"font-family: Helvetica Neue, serif;\"><span style=\"font-size: small;\"><span style=\"color: #050505;\"><span style=\"font-family: Segoe UI Historic, serif;\"><span style=\"font-size: medium;\">Potrai cos\u00ec conoscere i benefici di questa disciplina, per la tua salute fisica e mentale. <\/span><\/span><\/span><\/span><\/span><\/span><span style=\"font-size: medium; font-family: 'Segoe UI Historic', serif; color: #050505;\">Si richiede la prenotazione obbligatoria chiamando il 333.7214132 (Inflow Yoga).<\/span><\/p>\n<p>&nbsp;<\/p>\n<p>&nbsp;<\/p>\n<p>&nbsp;<\/p>\n<hr \/>\n<p>&nbsp;<\/p>\n<blockquote>\n<h3><\/h3>\n<h3><a class=\"dt-pswp-item\" href=\"https:\/\/www.radiopiu.net\/wordpress\/wp-content\/uploads\/2018\/09\/appuntamenti.jpeg\" data-dt-img-description=\"\" data-large_image_width=\"800\" data-large_image_height=\"100\"><img loading=\"lazy\" decoding=\"async\" class=\"alignnone wp-image-61958 size-full\" src=\"https:\/\/www.radiopiu.net\/wordpress\/wp-content\/uploads\/2018\/09\/appuntamenti.jpeg\" alt=\"\" width=\"800\" height=\"100\" srcset=\"https:\/\/www.radiopiu.net\/wordpress\/wp-content\/uploads\/2018\/09\/appuntamenti.jpeg 800w, https:\/\/www.radiopiu.net\/wordpress\/wp-content\/uploads\/2018\/09\/appuntamenti-300x38.jpeg 300w, https:\/\/www.radiopiu.net\/wordpress\/wp-content\/uploads\/2018\/09\/appuntamenti-768x96.jpeg 768w\" sizes=\"auto, (max-width: 800px) 100vw, 800px\" \/><\/a><\/h3>\n<\/blockquote>\n<h3><\/h3>\n<p>&nbsp;<\/p>\n<blockquote>\n<h3>OGGI LA SOTTOSCRIZIONE<\/h3>\n<\/blockquote>\n<p><strong>BELLUNO <\/strong>Alle\u00a0 10 presso la Prefettura di Belluno avr\u00e0 luogo la sottoscrizione dell\u2019Intesa per la legalit\u00e0 e la prevenzione dei tentativi di infiltrazione criminale tra la Prefettura e l\u2019Azienda ULSS n. 1 Dolomiti.<\/p>\n<p>&nbsp;<\/p>\n<hr \/>\n<blockquote>\n<h3><\/h3>\n<h3>LE PREMIAZIONI PER IL NUOVO LOGO DEL FONDO WELFARE<\/h3>\n<\/blockquote>\n<p><strong>BELLUNO<\/strong> Oggi alle 11.30 in sala Affreschi, della Provincia\u00a0 saranno premiati gli autori\u00a0 dei loghi del Fondo Welfare, ovvero gli studenti bellunesi che hanno partecipato\u00a0 al concorso di idee lanciato qualche mese fa. Interverranno: il presidente della Provincia, Roberto Padrin, \u00a0la presidente del Fondo Welfare, Francesca De Biasi, \u00a0il direttore della Dmo Dolomiti, Giuliano Vantaggi e \u00a0un rappresentante dell&#8217;Ufficio Scolastico Territoriale<\/p>\n<p>&nbsp;<\/p>\n<hr \/>\n<p>&nbsp;<\/p>\n<blockquote>\n<h3>GIORNATA ECOLOGICA AD ALLEGHE<\/h3>\n<\/blockquote>\n<p><strong>ALLEGHE<\/strong> Domani dalle 7.45 con ritrovo ai parcheggi dei campi da tennis di Caprile si svolger\u00e0 la giornata ecologica con il gruppo Alpini Monte Civetta di Alleghe. I volontari dovranno munirsi di scopa, badili e\/o rastrello. Data l&#8217;emergenza sanitaria il rancio sar\u00e0 sostituito da panino e bibita per tutti a met\u00e0 mattinata. Informazioni 3471031357 oppure all&#8217;ufficio turistico 0437 523333<\/p>\n<p>&nbsp;<\/p>\n<p>&nbsp;<\/p>\n<hr \/>\n<blockquote>\n<h3><\/h3>\n<h3>CAI AGORDO, DOPO LA RIPARTENZA IL SECONDO APPUNTAMENTO<\/h3>\n<\/blockquote>\n<p><strong><a class=\"dt-pswp-item\" href=\"https:\/\/www.radiopiu.net\/wordpress\/wp-content\/uploads\/2020\/04\/cai-agordo.jpg\" data-dt-img-description=\"\" data-large_image_width=\"297\" data-large_image_height=\"170\"><img loading=\"lazy\" decoding=\"async\" class=\"size-full wp-image-127841 alignleft\" src=\"https:\/\/www.radiopiu.net\/wordpress\/wp-content\/uploads\/2020\/04\/cai-agordo.jpg\" alt=\"\" width=\"297\" height=\"170\" \/><\/a>AGORDO<\/strong> Dopo la positiva ripresa dell&#8217;attivit\u00e0 della scorsa domenica, la Commissione Escursionismo sezionale si \u00e8 rinfrancata e ha deciso di\u00a0 proseguire con il programma proponendo l&#8217;escursione attorno al Pelmo, ovviamente con le dovute precauzioni: oltre alla divisione in pi\u00f9 gruppi a seconda del numero di iscritti, anche la compartecipazione degli amici della Sezione di Salgareda-Ponte di Piave purtroppo \u00e8 sfumata proprio a causa delle limitazioni imposte a causa del Covid-19. L&#8217; escursione, del Pelmo \u00e8\u00a0 famosa; il giro tutto attorno per\u00f2 forse non \u00e8 nel curriculum di tutti in quanto non \u00e8 proprio banale e presenta, oltre ad una certa variet\u00e0 di ambientazioni,\u00a0\u00a0anche qualche breve passaggio esposto. Escursione ad anello valutata E con alcuni tratti EE. E&#8217; in programma per domenica con partenze dei gruppi alle 7.30 e 8. Informazioni 380 6983040.<\/p>\n<p>&nbsp;<\/p>\n<p>&nbsp;<\/p>\n<hr \/>\n<h3><\/h3>\n<blockquote>\n<h3><\/h3>\n<h3>MUSEI DELLA MAGNIFICA COMUNIT\u00c0 DI CADORE APERTI TUTTA L\u2019ESTATE<\/h3>\n<\/blockquote>\n<p><strong>PIEVE DI CADORE<\/strong> La Magnifica Comunit\u00e0 di Cadore\u00a0 fino al 30 agosto garantisce l\u2019apertura della Casa natale di Tiziano Vecellio e del Museo Archeologico Cadorino tutti i giorni dalle 9.30 alle 13.00 e dalle 15.00 alle 18.30.\u00a0 <em>\u201cCon grande soddisfazione e sacrificio \u2013 afferma il presidente della Magnifica Comunit\u00e0 di Cadore Renzo Bortolot \u2013 siamo riusciti anche quest\u2019anno a garantire una continuit\u00e0 nel servizio di apertura e fruizione dei nostri musei. Nella difficolt\u00e0 di gestire le normative per il contenimento del contagio del virus Covid-19, abbiamo trovato una collaborazione con la Cooperativa Sociale Cadore, che ci fornir\u00e0 il supporto necessario per garantire il servizio nella massima sicurezza\u201d.<\/em><\/p>\n<p>&nbsp;<\/p>\n<p>&nbsp;<\/p>\n<hr \/>\n<h3><\/h3>\n<p>&nbsp;<\/p>\n<blockquote>\n<h3>RIATTIVATO UN ALTRO SERVIZIO ALLA BIBLIOTECA<\/h3>\n<\/blockquote>\n<p><strong><a class=\"dt-pswp-item\" href=\"https:\/\/www.radiopiu.net\/wordpress\/wp-content\/uploads\/2020\/03\/LIBRI-SCAFFALE.jpg\" data-dt-img-description=\"\" data-large_image_width=\"1052\" data-large_image_height=\"1052\"><img loading=\"lazy\" decoding=\"async\" class=\" wp-image-122391 alignleft\" src=\"https:\/\/www.radiopiu.net\/wordpress\/wp-content\/uploads\/2020\/03\/LIBRI-SCAFFALE-300x300.jpg\" alt=\"\" width=\"122\" height=\"122\" srcset=\"https:\/\/www.radiopiu.net\/wordpress\/wp-content\/uploads\/2020\/03\/LIBRI-SCAFFALE-300x300.jpg 300w, https:\/\/www.radiopiu.net\/wordpress\/wp-content\/uploads\/2020\/03\/LIBRI-SCAFFALE-1024x1024.jpg 1024w, https:\/\/www.radiopiu.net\/wordpress\/wp-content\/uploads\/2020\/03\/LIBRI-SCAFFALE-150x150.jpg 150w, https:\/\/www.radiopiu.net\/wordpress\/wp-content\/uploads\/2020\/03\/LIBRI-SCAFFALE-768x768.jpg 768w, https:\/\/www.radiopiu.net\/wordpress\/wp-content\/uploads\/2020\/03\/LIBRI-SCAFFALE.jpg 1052w\" sizes=\"auto, (max-width: 122px) 100vw, 122px\" \/><\/a>LIMANA\u00a0<\/strong> Oltre ai servizi di prestito e restituzione dei materiali vari (libri e dvd) ora sar\u00e0 di nuovo possibile usufruire della saletta studio per lo studio individuale, ovviamente con tutte le precauzioni e le cautele imposte dall&#8217;emergenza sanitaria. Saranno disponibili 3 postazioni per lo studio individuale. Per il momento rimane invariato l&#8217;orario attuale di apertura della Biblioteca, ovvero: luned\u00ec, giovedi e venerdi 14.30\/16.30 &#8211; 17.00\/18.30, mercoled\u00ec 8.30\/10.30-11.00\/12.30<\/p>\n<p>&nbsp;<\/p>\n<p>&nbsp;<\/p>\n<hr \/>\n<blockquote>\n<h3><\/h3>\n<\/blockquote>\n<h3>LE ORIGINI DELLA FAMIGLIA FORCELLINI DI AGORDO<\/h3>\n<p><strong>TAIBON <\/strong>Domani alle 11 presso il Bar &#8220;Da Nando&#8221; nella frazione Forno di Val di Taibon Agordino (Via San Lucano n. 38) sar\u00e0 presentato il libro &#8221; Origini della Famiglia Forcellini di Agordo&#8221;.<br \/>\nSeguir\u00e0 un aperitivo<\/p>\n<p>&nbsp;<\/p>\n<p>&nbsp;<\/p>\n<hr \/>\n<p>&nbsp;<\/p>\n<blockquote>\n<h3>SABATO 4 LUGLIO L&#8217;ULTIMO APPUNTAMENTO DI &#8220;A CASA DI DINO&#8221;<\/h3>\n<\/blockquote>\n<p><strong><a class=\"dt-pswp-item\" href=\"https:\/\/www.radiopiu.net\/wordpress\/wp-content\/uploads\/2020\/07\/cartolina-a-casa-di-Dino-nuova-fronte-Copia.jpeg\" data-dt-img-description=\"\" data-large_image_width=\"1280\" data-large_image_height=\"908\"><img loading=\"lazy\" decoding=\"async\" class=\" wp-image-147551 alignleft\" src=\"https:\/\/www.radiopiu.net\/wordpress\/wp-content\/uploads\/2020\/07\/cartolina-a-casa-di-Dino-nuova-fronte-Copia-300x213.jpeg\" alt=\"\" width=\"218\" height=\"155\" srcset=\"https:\/\/www.radiopiu.net\/wordpress\/wp-content\/uploads\/2020\/07\/cartolina-a-casa-di-Dino-nuova-fronte-Copia-300x213.jpeg 300w, https:\/\/www.radiopiu.net\/wordpress\/wp-content\/uploads\/2020\/07\/cartolina-a-casa-di-Dino-nuova-fronte-Copia-1024x726.jpeg 1024w, https:\/\/www.radiopiu.net\/wordpress\/wp-content\/uploads\/2020\/07\/cartolina-a-casa-di-Dino-nuova-fronte-Copia-768x545.jpeg 768w, https:\/\/www.radiopiu.net\/wordpress\/wp-content\/uploads\/2020\/07\/cartolina-a-casa-di-Dino-nuova-fronte-Copia.jpeg 1280w\" sizes=\"auto, (max-width: 218px) 100vw, 218px\" \/><\/a>BELLUNO\u00a0<\/strong>\u201cA Casa di Dino\u201d chiude il sipario sabato 4 luglio nel cortile interno di Palazzo Fulcis con uno spettacolo dal titolo \u201cProfessoresse meccaniche scendono in citt\u00e0\u201d, che avr\u00e0 inizio alle 20.45.<span class=\"Apple-converted-space\">\u00a0<\/span>Alcune misteriose \u201cprofessoresse\u201d scappano da un libro e prendono vita sul palco per raccontare le mostruosit\u00e0 delle loro giornate scolastiche in un fantasmagorico intreccio di situazioni surreali che tuttavia ricordano la vita di tutti i giorni.<span class=\"Apple-converted-space\">\u00a0<\/span>Legge e strepita Laura Portunato, suona e starnazza Sandro Del Duca.<span class=\"Apple-converted-space\">\u00a0<\/span>Uno spettacolo neo-patafisico e para-buzzatiano tratto da un libro \u201cspassoso, elettrico, ironico e paradossale\u201d di Alfonso Lentini: \u201cLe professoresse meccaniche e altre storie di scuola\u201d, edito da Graphofeel. <span class=\"Apple-converted-space\">\u00a0<\/span><\/p>\n<p>&nbsp;<\/p>\n<p>&nbsp;<\/p>\n<hr \/>\n<p>&nbsp;<\/p>\n<p>&nbsp;<\/p>\n<blockquote>\n<h3>APRE L&#8217;UFFICIO PROLOCO DI CANALE D&#8217;AGORDO<\/h3>\n<\/blockquote>\n<p><strong>CANALE D&#8217;AGORDO<\/strong> L&#8221;ufficio pro loco di Canale d&#8217;Agordo per i mesi di luglio ed agosto 2020 sar\u00e0 aperto tutti i giorni dalle ore 9.00 alle ore 12.30 e dalle 15.30 alle 18.30. La Proloco\u00a0dopo alcune valutazioni tecniche e logistiche\u00a0 ha deciso\u00a0 che il\u00a0 Concerto in Valle di Gares previsto per il 12 agosto 2020 e la Lucciolata 2020 sono annullati, se ne riparler\u00e0 tra un anno.<\/p>\n<p>&nbsp;<\/p>\n<hr \/>\n<p>&nbsp;<\/p>\n<blockquote class=\"wp-embedded-content\" data-secret=\"cVvgnte86P\"><p><a href=\"https:\/\/www.radiopiu.net\/wordpress\/giampiccoli-incisore-raffinato-parente-del-celebre-marco-ricci-di-renato-bona\/\">GIAMPICCOLI, INCISORE RAFFINATO PARENTE DEL CELEBRE  MARCO RICCI di Renato Bona<\/a><\/p><\/blockquote>\n<p><iframe loading=\"lazy\" class=\"wp-embedded-content\" sandbox=\"allow-scripts\" security=\"restricted\" style=\"position: absolute; clip: rect(1px, 1px, 1px, 1px);\" title=\"&#8220;GIAMPICCOLI, INCISORE RAFFINATO PARENTE DEL CELEBRE  MARCO RICCI di Renato Bona&#8221; &#8212; Radio Pi\u00f9\" src=\"https:\/\/www.radiopiu.net\/wordpress\/giampiccoli-incisore-raffinato-parente-del-celebre-marco-ricci-di-renato-bona\/embed\/#?secret=cVvgnte86P\" data-secret=\"cVvgnte86P\" width=\"600\" height=\"338\" frameborder=\"0\" marginwidth=\"0\" marginheight=\"0\" scrolling=\"no\"><\/iframe><\/p>\n<p>&nbsp;<\/p>\n<hr \/>\n<p>&nbsp;<\/p>\n<blockquote>\n<h3><\/h3>\n<h3><span style=\"color: #ff00ff;\"><a class=\"dt-pswp-item\" href=\"https:\/\/www.radiopiu.net\/wordpress\/wp-content\/uploads\/2020\/07\/osteria-casa-emilia.jpg\" data-dt-img-description=\"\" data-large_image_width=\"180\" data-large_image_height=\"200\"><img loading=\"lazy\" decoding=\"async\" class=\"size-full wp-image-147515 alignleft\" src=\"https:\/\/www.radiopiu.net\/wordpress\/wp-content\/uploads\/2020\/07\/osteria-casa-emilia.jpg\" alt=\"\" width=\"180\" height=\"200\" \/><\/a><\/span><\/h3>\n<h3><\/h3>\n<h3><span style=\"color: #ff00ff;\">IERI ALLA RADIO &#8220;LA FABBRICA DELLE EMOZIONI&#8221;, IN COLLABORAZIONE CON GIORNALE &amp; CAFFE&#8217; DERSUT DI MAURIZIO FARENZENA A TAIBON AGORDINO\u00a0<\/span><\/h3>\n<\/blockquote>\n<p><strong>OSPITE DI RADIO PIU&#8217; MARTINA TESTORI DA &#8220;OSTERIA CASA EMILIA&#8221; SANTA FOSCA A SELVA DI CADORE<\/strong><\/p>\n<audio class=\"wp-audio-shortcode\" id=\"audio-147480-10\" preload=\"none\" style=\"width: 100%;\" controls=\"controls\"><source type=\"audio\/mpeg\" src=\"https:\/\/www.radiopiu.net\/wordpress\/wp-content\/uploads\/2020\/07\/martina-testori-2-luglio.mp3?_=10\" \/><a href=\"https:\/\/www.radiopiu.net\/wordpress\/wp-content\/uploads\/2020\/07\/martina-testori-2-luglio.mp3\">https:\/\/www.radiopiu.net\/wordpress\/wp-content\/uploads\/2020\/07\/martina-testori-2-luglio.mp3<\/a><\/audio>\n<p>&nbsp;<\/p>\n<p>&nbsp;<\/p>\n<hr \/>\n<p>&nbsp;<\/p>\n<p>&nbsp;<\/p>\n<blockquote>\n<h3><span style=\"color: #800000;\">IERI ALLA RADIO, EPCENTER CON FRANCESCO ZILLIO, PUNTATA NUMERO 20<\/span><\/h3>\n<\/blockquote>\n<p><iframe loading=\"lazy\" title=\"EPCENTER PUNTATA 20\" width=\"1200\" height=\"675\" src=\"https:\/\/www.youtube.com\/embed\/ooMe9S6jGmE?start=4&#038;feature=oembed\" frameborder=\"0\" allow=\"accelerometer; autoplay; clipboard-write; encrypted-media; gyroscope; picture-in-picture\" allowfullscreen><\/iframe><\/p>\n<blockquote>\n<h3><span style=\"color: #800000;\">I NUMERI PRECEDENTI DALLA HOME DEL SITO DI RADIOPIU LA VIDEO GALLERY<\/span><\/h3>\n<\/blockquote>\n<blockquote class=\"wp-embedded-content\" data-secret=\"oLe29JLhJZ\"><p><a href=\"https:\/\/www.radiopiu.net\/wordpress\/ep-center-video-gallery\/\">EP CENTER video gallery<\/a><\/p><\/blockquote>\n<p><iframe loading=\"lazy\" class=\"wp-embedded-content\" sandbox=\"allow-scripts\" security=\"restricted\" style=\"position: absolute; clip: rect(1px, 1px, 1px, 1px);\" title=\"&#8220;EP CENTER video gallery&#8221; &#8212; Radio Pi\u00f9\" src=\"https:\/\/www.radiopiu.net\/wordpress\/ep-center-video-gallery\/embed\/#?secret=oLe29JLhJZ\" data-secret=\"oLe29JLhJZ\" width=\"600\" height=\"338\" frameborder=\"0\" marginwidth=\"0\" marginheight=\"0\" scrolling=\"no\"><\/iframe><\/p>\n<p>&nbsp;<\/p>\n<hr \/>\n<h2><\/h2>\n<h2><span style=\"color: #ff0000;\">DUE MINUTI UN LIBRO<\/span><\/h2>\n<blockquote class=\"wp-embedded-content\" data-secret=\"uZprNGCBUl\"><p><a href=\"https:\/\/www.radiopiu.net\/wordpress\/lanno-dei-misteri-2\/\">L&#8217;ANNO DEI MISTERI<\/a><\/p><\/blockquote>\n<p><iframe loading=\"lazy\" class=\"wp-embedded-content\" sandbox=\"allow-scripts\" security=\"restricted\" style=\"position: absolute; clip: rect(1px, 1px, 1px, 1px);\" title=\"&#8220;L&#8217;ANNO DEI MISTERI&#8221; &#8212; Radio Pi\u00f9\" src=\"https:\/\/www.radiopiu.net\/wordpress\/lanno-dei-misteri-2\/embed\/#?secret=uZprNGCBUl\" data-secret=\"uZprNGCBUl\" width=\"600\" height=\"338\" frameborder=\"0\" marginwidth=\"0\" marginheight=\"0\" scrolling=\"no\"><\/iframe><\/p>\n<p><strong>LE ALTRE PUNTATE<\/strong><\/p>\n<blockquote class=\"wp-embedded-content\" data-secret=\"KYMcq0QIRw\"><p><a href=\"https:\/\/www.radiopiu.net\/wordpress\/due-minuti-un-libro\/\">Due minuti un libro<\/a><\/p><\/blockquote>\n<p><iframe loading=\"lazy\" class=\"wp-embedded-content\" sandbox=\"allow-scripts\" security=\"restricted\" style=\"position: absolute; clip: rect(1px, 1px, 1px, 1px);\" title=\"&#8220;Due minuti un libro&#8221; &#8212; Radio Pi\u00f9\" src=\"https:\/\/www.radiopiu.net\/wordpress\/due-minuti-un-libro\/embed\/#?secret=KYMcq0QIRw\" data-secret=\"KYMcq0QIRw\" width=\"600\" height=\"338\" frameborder=\"0\" marginwidth=\"0\" marginheight=\"0\" scrolling=\"no\"><\/iframe><\/p>\n<h2><\/h2>\n<blockquote class=\"wp-embedded-content\" data-secret=\"pRLtdGF5RZ\"><p><a href=\"https:\/\/www.radiopiu.net\/wordpress\/il-saluto-di-vasco-rossi-a-radio-piu-raccolto-da-maurizio-laghi\/\">IL SALUTO DI VASCO ROSSI A RADIO PI\u00d9 RACCOLTO DA MAURIZIO LAGHI<\/a><\/p><\/blockquote>\n<p><iframe loading=\"lazy\" class=\"wp-embedded-content\" sandbox=\"allow-scripts\" security=\"restricted\" style=\"position: absolute; clip: rect(1px, 1px, 1px, 1px);\" title=\"&#8220;IL SALUTO DI VASCO ROSSI A RADIO PI\u00d9 RACCOLTO DA MAURIZIO LAGHI&#8221; &#8212; Radio Pi\u00f9\" src=\"https:\/\/www.radiopiu.net\/wordpress\/il-saluto-di-vasco-rossi-a-radio-piu-raccolto-da-maurizio-laghi\/embed\/#?secret=pRLtdGF5RZ\" data-secret=\"pRLtdGF5RZ\" width=\"600\" height=\"338\" frameborder=\"0\" marginwidth=\"0\" marginheight=\"0\" scrolling=\"no\"><\/iframe><\/p>\n<p>&nbsp;<\/p>\n<hr \/>\n<h2><\/h2>\n<h2><span style=\"color: #0000ff;\">IL MESSAGGIO DEI SACERDOTI A RADIO PIU&#8217;<\/span><\/h2>\n<blockquote class=\"wp-embedded-content\" data-secret=\"dohP25Tsz1\"><p><a href=\"https:\/\/www.radiopiu.net\/wordpress\/chiesa11\/\">DON CESARE SU RADIO PIU&#8217; ALLE 7.30 E 19.30, PARROCCHIE DI AGORDO, LA VALLE E TAIBON<\/a><\/p><\/blockquote>\n<p><iframe loading=\"lazy\" class=\"wp-embedded-content\" sandbox=\"allow-scripts\" security=\"restricted\" style=\"position: absolute; clip: rect(1px, 1px, 1px, 1px);\" title=\"&#8220;DON CESARE SU RADIO PIU&#8217; ALLE 7.30 E 19.30, PARROCCHIE DI AGORDO, LA VALLE E TAIBON&#8221; &#8212; Radio Pi\u00f9\" src=\"https:\/\/www.radiopiu.net\/wordpress\/chiesa11\/embed\/#?secret=dohP25Tsz1\" data-secret=\"dohP25Tsz1\" width=\"600\" height=\"338\" frameborder=\"0\" marginwidth=\"0\" marginheight=\"0\" scrolling=\"no\"><\/iframe><\/p>\n<p>&nbsp;<\/p>\n<p>&nbsp;<\/p>\n<p>&nbsp;<\/p>\n<hr \/>\n<p>&nbsp;<\/p>\n<blockquote>\n<h3><span style=\"color: #008000;\">LA RACCOLTA DI AGORDINOMERON<\/span><\/h3>\n<\/blockquote>\n<blockquote class=\"wp-embedded-content\" data-secret=\"c0SPKiVI2t\"><p><a href=\"https:\/\/www.radiopiu.net\/wordpress\/agordinomeron\/\">AGORDINOMERON, IL TERRITORIO SI RACCONTA Da un&#8217;idea di Gianni Santomaso<\/a><\/p><\/blockquote>\n<p><iframe loading=\"lazy\" class=\"wp-embedded-content\" sandbox=\"allow-scripts\" security=\"restricted\" style=\"position: absolute; clip: rect(1px, 1px, 1px, 1px);\" title=\"&#8220;AGORDINOMERON, IL TERRITORIO SI RACCONTA Da un&#8217;idea di Gianni Santomaso&#8221; &#8212; Radio Pi\u00f9\" src=\"https:\/\/www.radiopiu.net\/wordpress\/agordinomeron\/embed\/#?secret=c0SPKiVI2t\" data-secret=\"c0SPKiVI2t\" width=\"600\" height=\"338\" frameborder=\"0\" marginwidth=\"0\" marginheight=\"0\" scrolling=\"no\"><\/iframe><\/p>\n<p>&nbsp;<\/p>\n<p>&nbsp;<\/p>\n<p>&nbsp;<\/p>\n<hr \/>\n<p>&nbsp;<\/p>\n<p>&nbsp;<\/p>\n<p><strong class=\"photoswipe-wrapper\"><a class=\"dt-pswp-item pspw-wrap-ready\" href=\"https:\/\/i0.wp.com\/www.radiopiu.net\/wordpress\/wp-content\/uploads\/2018\/09\/viabilita.jpeg?ssl=1\" data-dt-img-description=\"\" data-large_image_width=\"800\" data-large_image_height=\"100\"><img loading=\"lazy\" decoding=\"async\" class=\"aligncenter wp-image-61954 size-full jetpack-lazy-image jetpack-lazy-image--handled\" src=\"https:\/\/i0.wp.com\/www.radiopiu.net\/wordpress\/wp-content\/uploads\/2018\/09\/viabilita.jpeg?resize=800%2C100&amp;ssl=1\" sizes=\"auto, (max-width: 800px) 100vw, 800px\" srcset=\"https:\/\/i0.wp.com\/www.radiopiu.net\/wordpress\/wp-content\/uploads\/2018\/09\/viabilita.jpeg?w=800&amp;ssl=1 800w, https:\/\/i0.wp.com\/www.radiopiu.net\/wordpress\/wp-content\/uploads\/2018\/09\/viabilita.jpeg?resize=300%2C38&amp;ssl=1 300w, https:\/\/i0.wp.com\/www.radiopiu.net\/wordpress\/wp-content\/uploads\/2018\/09\/viabilita.jpeg?resize=768%2C96&amp;ssl=1 768w\" alt=\"\" width=\"800\" height=\"100\" data-lazy-loaded=\"1\" \/><\/a><\/strong><\/p>\n<p><strong>\u00a0<\/strong><\/p>\n<p>SP 251 FINO AL 31 LUGLIO TRA PESCUL E SELVA DI CADORE SENSO UNICO ALTERNATO REGOLATO DA SEMAFORO, ESCLUSI SABATO E DOMENICA PER POSA FIBRE OTTICHE<\/p>\n<p>PROVINCIALE 3 VALLE IMPERINA, LOCALITA\u2019 CORDE MOLE: DAL 6 LUGLIO DALLE 8 ALLE 11.45 E DALLE 13.30 ALLE 17.30 (SABATO E DOMENICA ESCLUSI) INTERRUZIONI ALLA VIABILITA\u2019 FINO A 30 MINUTI PER TAGLIO PIANTE TRA LE LOCALITA\u2019 CORDE MOLE E VALLESIN<\/p>\n<p>PROVINCIALE 641 DI PASSO FEDAIA, FINO AL 31 LUGLIO (FESTIVI E PREFESTIVI ECLUSI) SENSO UNICO IN LOCALIT\u00c0 ROCCA PIETORE PER SOSTITUZIONI BARRIERE LATERALI<\/p>\n<p>PROVINCIALE 25 PASSO VALLES FINO AL 18 LUGLIO (FESTIVI ESCLUSI) SENSO UNICO ALERNATO CON SEMAFORO O MOVIERI PER ESBOSCO<\/p>\n<p>FINO AL 24 LUGLIO SABATO E DOMENICA COMPRESI LUNGO LA 641 DI PASSO FEDAIA IN LOCALIT\u00e0 CAPANNA BILL E COL DI ROCCA, SENSO UNICO ALTERNATO CON SEMAFORO<\/p>\n<p>PROVINCIALE 563 DI SALESEI, FINO\u00a0 AL 3 LUGLIO, SENSO UNICO ALTERNATO REGOLATO DA IMPIANTO SEMAFORICO IN LOCALIT\u00c0 DIGONERA PER MESSA IN SICUREZZA PIANO VIABILE, SABATO E FESTIVI INCLUSI<\/p>\n<p>STRADA PROVINCIALE 346 DEL SAN PELLEGRINO, NEI COMUNI DI FALCADE, CANALE E VALLADA, FINO\u00a0 AL 3 LUGLIO, INCLUSI SABATI E DOMENICHE, POSSIBILE ISTITUZIONE DI SENSO UNICO ALTERNATO REGOLATO DA MOVIERI PER SOSTITUZIONE CONDUTTORI E MANUTENZIONE LINEA ELETTRICA ALTA TENSIONE<\/p>\n<p>REGIONALE 203 AGORDINA, NEL COMUNE DI CENCENIGHE, FINO\u00a0 AL 3 LUGLIO, INCLUSI SABATI E DOMENICHE, POSSIBILE ISTITUZIONE DI SENSO UNICO ALTERNATO REGOLATO DA MOVIERI PER SOSTITUZIONE CONDUTTORI E MANUTENZIONE LINEA ELETTRICA ALTA TENSIONE<\/p>\n<p>STRADA REGIONALE 203 AGORDINA TRA PERON E CANDATEN, FINO 31 LUGLIO ESCLUSI SABATI E DOMENICHE, DALLE 7:30 ALLE 9 E E DALLE 16:30 ALLE 18 SENSO UNICO ALTERNATO REGOLATO DA MOVIERI. NEGLI ALTRI ORARI SENSO UNICO ALTERNATO REGOLATO DA SEMAFORO PER INTERRAMENTO CAVIDOTTO E-DISTRIBUZIONE<\/p>\n<p>48 DELLE DOLOMITI, LOCALITA\u2019 ALVERA\u2019 CORTINA D\u2019AMPEZZO LUNGO IL PONTE SUL TORRENTE BIGONTINA. DAL 18 GIUGNO E FINO A REVOCA DIVIETO DI TRANSITO AI VEICOLI AVENTI MASSA A PIENO CARICO SUPERIORE A 24 TONELLATE<\/p>\n<p>PROVINCIALE 1 SINISTRA PIAVE, INTERRUZIONE TOTALE ALLA VIABILTA\u2019 DAL GIORNO 22 GIUGNO FINO A REVOCA PER CEDIMENTO STRUTTURALE DI PARTE DEL FABBRICATO<\/p>\n<p>STRADA PROVINCIALE 6 DI DANTA, NEL COMUNE DI DANTA DI CADORE, DAL 29 GIUGNO AL 14 AGOSTO, COMPRESI SABATI E DOMENICHE, SENSO UNICO ALTERNATO REGOLATO DA IMPIANTO SEMAFORICO PER REALIZZAZIONE CORDOLI E BARRIERE DI SICUREZZA<\/p>\n<p>347 DURAN E CEREDA: FINO ALL\u201911 LUGLIO (FESTIVI ECLUSI) SENSO UNICO CON SEMAFORO IN LOCALIT\u00c0 SANT\u2019ANDREA (GOSALDO)<\/p>\n<p>PROVINCIALE 25 PASSO VALLES FINO AL 18 LUGLIO (FESTIVI ESCLUSI) SENSO UNICO ALERNATO CON SEMAFORO O MOVIERI PER ESBOSCO<\/p>\n<p>347 DURAN E CEREDA, NEI COMUNI DI CIBIANA E VALLE DI CADORE, FINO\u00a0 AL 10 LUGLIO POSSIBILI INTERRUZIONI DELLA DURATA MASSIMA DI 30 MINUTI E SENSO UNICO ALTERNATO REGOLATO DA MOVIERI PER ASFALTATURA PIANO VIABILE<\/p>\n<p>PROVINCIALE 20 DELLA VAL FIORENTINA, SELVA DI CADORE: FINO AL 10 LUGLIO, CHIUSURA TOTALE TRA SOLATOR E IL CENTRO DEL PAESE ANCHE NEI GIORNI FESTIVI E PREFESTIVI, DAL CHILOMETRO 4.850 AL CHILOMETRO 5.100. TRANSITO CONSENTITO AI LOCALI CON TEMPI DI ATTESA MASSIMI STIMATI IN 30 MINUTI IN LOCALITA\u2019 SOLATOR DAL CHILOMETRO 4.400 AL CHILOMETRO 4.850<\/p>\n<p>STRADA REGIONALE 203 AGORDINA, A TRATTI SALTUARI TRA MAS DI SEDICO E CERNADOI, FINO AL 17 LUGLIO, SBATO E DOMENICA ESCLUSI, SENSO UNICO ALTERNATO REGOLATO DA SEMAFORO O MOVIERI PER RIPRISTINO BARRIERE DI SICUREZZA LATERALI<\/p>\n<p>STRADA REGIONALE 48 DELLE DOLOMITI, A CORTINA IN LOCALITA&#8217; POCOL, SENSO UNICO ALTERNATO REGOLATO DA IMPIANTO SEMAFORICO \u00a0DAL 6 AL 24 LUGLIO, ESCLUSI SABATI E DOMENICHE, PER POSA CAVIDOTTO E-DISTRIBUZIONE<\/p>\n<p>STRADA PROVINCIALE 30 PANORAMICA DEL COMELICO, DAL 6 AL 31 LUGLIO INTERDIZIONE TOTALE ALLA VIABILITA&#8217; TRA COSTA E COSTALISSOIO PER MESSA IN SICUREZZA STRADA<\/p>\n<p>STRADA PROVINCIALE 619 DI VIGO DI CADORE, DAL 6 GIUGNO AL 7 AGOSTO, ESCLUSI SABATI E DOMENICHE, SENSO UNICO ALTERNATO REGOLATO DA IMPIANTO SEMAFORICO O MOVIERI PER MESSA IN SICUREZZA DELLA STRADA<\/p>\n<p>&nbsp;<\/p>\n<p>&nbsp;<\/p>\n<hr \/>\n<p>&nbsp;<\/p>\n<p><em><strong>COMUNICAZIONE ISTITUZIONALE \u2013 APP IMMUNI<\/strong><\/em><\/p>\n<p><span class=\"embed-youtube\"><iframe loading=\"lazy\" class=\"youtube-player\" src=\"https:\/\/www.youtube.com\/embed\/-XG48J62814?version=3&amp;rel=1&amp;fs=1&amp;autohide=2&amp;showsearch=0&amp;showinfo=1&amp;iv_load_policy=1&amp;wmode=transparent\" width=\"1200\" height=\"675\" allowfullscreen=\"allowfullscreen\" data-mce-fragment=\"1\"><\/iframe><\/span><\/p>\n<p>&nbsp;<\/p>\n<hr \/>\n<p>&nbsp;<\/p>\n<p class=\"photoswipe-wrapper\"><a class=\"dt-pswp-item pspw-wrap-ready\" href=\"https:\/\/i0.wp.com\/www.radiopiu.net\/wordpress\/wp-content\/uploads\/2018\/09\/WhatsApp-Image-2018-09-20-at-16.04.06.jpeg?ssl=1\" data-dt-img-description=\"\" data-large_image_width=\"800\" data-large_image_height=\"100\"><img loading=\"lazy\" decoding=\"async\" class=\"aligncenter wp-image-61378 size-full jetpack-lazy-image jetpack-lazy-image--handled\" src=\"https:\/\/i0.wp.com\/www.radiopiu.net\/wordpress\/wp-content\/uploads\/2018\/09\/WhatsApp-Image-2018-09-20-at-16.04.06.jpeg?resize=800%2C100&amp;ssl=1\" sizes=\"auto, (max-width: 800px) 100vw, 800px\" srcset=\"https:\/\/i0.wp.com\/www.radiopiu.net\/wordpress\/wp-content\/uploads\/2018\/09\/WhatsApp-Image-2018-09-20-at-16.04.06.jpeg?w=800&amp;ssl=1 800w, https:\/\/i0.wp.com\/www.radiopiu.net\/wordpress\/wp-content\/uploads\/2018\/09\/WhatsApp-Image-2018-09-20-at-16.04.06.jpeg?resize=300%2C38&amp;ssl=1 300w, https:\/\/i0.wp.com\/www.radiopiu.net\/wordpress\/wp-content\/uploads\/2018\/09\/WhatsApp-Image-2018-09-20-at-16.04.06.jpeg?resize=768%2C96&amp;ssl=1 768w\" alt=\"\" width=\"800\" height=\"100\" data-lazy-loaded=\"1\" \/><\/a><\/p>\n<p>&nbsp;<\/p>\n<p><b>Venerdi 3<\/b> <b>Tempo atteso: <\/b>Cielo irregolarmente nuvoloso o molto nuvoloso con tempo pi\u00f9 instabile rispetto a gioved\u00ec specie nel pomeriggio, con brevi parziali schiarite in mattinata. Clima uggioso e pi\u00f9 fresco.<br \/>\n<b>Precipitazioni: <\/b>Probabilit\u00e0 medio-bassa (25\/50%) al mattino per modeste precipitazioni di intensit\u00e0 in prevalenza debole\/moderata; probabilit\u00e0 alta (75\/100%) al pomeriggio per precipitazioni a tratti diffuse, anche carattere di rovescio o temporale, e non si escludono locali fenomeni intensi. A fine giornata attenuazione dei fenomeni a partire dalle Dolomiti. Probabile un po&#8217; di neve oltre i 2700-3000 m alla sera\/notte.<br \/>\n<b>Temperature: <\/b>Minime in lieve o contenuto aumento in quota e in alcune valli e raggiunte a fine giornata, massime in calo anche sensibile. Sono previste punte di 21\/23\u00b0C nelle conche prealpine e di 16\/19\u00b0C a 1000\/1200 m. Modesta escursione termica giornaliera. Su Prealpi a 1500 m min 12\u00b0C max 15\u00b0C, a 2000 m min 8\u00b0C max 12\u00b0C. Su Dolomiti a 2000 m min 7\u00b0C max 11\u00b0C, a 3000 m min 1\u00b0C max 4\u00b0C.<br \/>\n<b>Venti: <\/b>Nelle valli deboli a di direzione variabile; in quota perlopi\u00f9 deboli a tratti moderati sempre di direzione variabile e in prevalenza dai quadranti orientali, a 15-30 km\/h a 2000 m e 5-20 km\/h a 3000 m.<\/p>\n<hr \/>\n<p><b>Sabato 4<\/b> <b>Tempo atteso: <\/b>Al mattino, specie nelle prime ore, ancora cielo molto nuvoloso o coperto con qualche residua e modesta precipitazione, localmente a carattere di rovescio o temporale nottetempo. Poi si apriranno delle schiarite con parziali rasserenamenti gi\u00e0 in mattinata, ma sopratutto al pomeriggio. Temporanea ripresa dell&#8217;attivit\u00e0 cumuliforme nelle ore pi\u00f9 calde con sporadici fenomeni, specie sulle Prealpi in caso di ampi rasserenamenti nelle ore centrali del giorno.<br \/>\n<b>Precipitazioni: <\/b>Nelle prime ore medio-bassa (25-50%), di residue precipitazioni generalmente deboli, localmente moderate con qualche rovescio, nevose oltre i 2700-3000 m. Assenti per il resto della mattinata, con aumento della probabilit\u00e0 nelle ore pi\u00f9 calde per fenomeni occasionali fino a medio-bassa (25-50%) sulle Prealpi e molto bassa sulle Dolomiti (0-10%).<br \/>\n<b>Temperature: <\/b>Temperature minime in calo e massime in contenuta ripresa. Su Prealpi a 1500 m min 10\u00b0C max 18\u00b0C, a 2000 m min 7\u00b0C max 14\u00b0C. Su Dolomiti a 2000 m min 6\u00b0C max 14\u00b0C, a 3000 m min -1\u00b0C max 6\u00b0C.<br \/>\n<b>Venti: <\/b>Nelle valli deboli\/moderati a regime di brezza, in quota deboli\/moderati in prevalenza da est nord-est, a 15-20 km\/h a 2000 m e a 3000 m.<\/p>\n<hr \/>\n<p><b>Domenica 5<\/b>Al mattino, tempo in prevalenza soleggiato con cielo sereno, aria tersa ed ottima visibilit\u00e0. Nelle ore pi\u00f9 calde formazione di modesti e innocui cumuli a ridosso delle cime, in dissolvimento alla sera. Temperature minime in ulteriore lieve calo, massime in aumento anche sensibile, specie nelle valli. Venti in quota moderati da est nord-est in lieve rinforzo alla sera, a regime di brezza nelle valli.<\/p>\n<hr \/>\n<p><b>Lunedi 6<\/b>Giornata soleggiata, con cielo sereno al mattino, poco o parzialmente nuvoloso nel pomeriggio per modesta e innocua formazione di nubi a sviluppo cumuliforme. Temperature in aumento. Previsore: M.Padoan<\/p>\n<p>&nbsp;<\/p>\n<hr \/>\n<p>&nbsp;<\/p>\n<p><strong>COMUNICAZIONE ISTITUZIONALE TEST SIEROLOGICI<\/strong><\/p>\n<p><iframe loading=\"lazy\" title=\"Pomilio Blumm   Indagine Sierologica Covid 19 v 3\" width=\"1200\" height=\"675\" src=\"https:\/\/www.youtube.com\/embed\/bLDh8Pd3FxA?feature=oembed\" frameborder=\"0\" allow=\"accelerometer; autoplay; clipboard-write; encrypted-media; gyroscope; picture-in-picture\" allowfullscreen><\/iframe><\/p>\n<p>&nbsp;<\/p>\n<p>&nbsp;<\/p>\n<p><a class=\"dt-pswp-item\" href=\"https:\/\/www.radiopiu.net\/wordpress\/wp-content\/uploads\/2018\/09\/sport.jpg\" data-dt-img-description=\"\" data-large_image_width=\"800\" data-large_image_height=\"100\"><img loading=\"lazy\" decoding=\"async\" class=\"aligncenter wp-image-60761 size-full\" src=\"https:\/\/www.radiopiu.net\/wordpress\/wp-content\/uploads\/2018\/09\/sport.jpg\" alt=\"\" width=\"800\" height=\"100\" srcset=\"https:\/\/www.radiopiu.net\/wordpress\/wp-content\/uploads\/2018\/09\/sport.jpg 800w, https:\/\/www.radiopiu.net\/wordpress\/wp-content\/uploads\/2018\/09\/sport-300x38.jpg 300w, https:\/\/www.radiopiu.net\/wordpress\/wp-content\/uploads\/2018\/09\/sport-768x96.jpg 768w\" sizes=\"auto, (max-width: 800px) 100vw, 800px\" \/><\/a><\/p>\n<p>&nbsp;<\/p>\n<p>&nbsp;<\/p>\n<div class=\"page-title-head hgroup\">\n<blockquote>\n<h3 class=\"entry-title\">MONDIALI A CORTINA A FEBBRAIO 2021<\/h3>\n<\/blockquote>\n<\/div>\n<div class=\"page-title-breadcrumbs\">\n<h2>FIS ha deciso di sostenere finanziariamente la Federazione italiana per un massimo di 10 milioni di franchi svizzeri<\/h2>\n<p class=\"photoswipe-wrapper\"><img loading=\"lazy\" decoding=\"async\" class=\"size-full wp-image-147578 alignleft jetpack-lazy-image jetpack-lazy-image--handled\" src=\"https:\/\/i0.wp.com\/www.radiopiu.net\/wordpress\/wp-content\/uploads\/2020\/07\/download-1.png?resize=270%2C187&amp;ssl=1\" alt=\"\" width=\"270\" height=\"187\" data-recalc-dims=\"1\" data-lazy-loaded=\"1\" \/>Il consiglio FIS ha confermato che i Campionati Mondiali di Sci Alpino di Cortina si terranno come da programma dal 9 al 21 febbraio 2021 nessun rinvio al prossimo anno<\/p>\n<p><strong>LA PRIMA DICHIARAZIONE UFFICIALE SUL SITO DELLA FISI<\/strong> <em>\u201cLa FISI, come \u00e8 sempre stato negli ultimi cinque anni, ha raccolto le volont\u00e0 di tutte le realt\u00e0 interessate al Mondiale di Cortina \u2013 ha detto il Presidente Flavio Roda \u2013 e ha registrato una forte spinta a realizzare l\u2019evento nel 2021 e a mettere a disposizione risorse perch\u00e9 tutto si possa fare al meglio. La Federazione si \u00e8 dunque fatta interprete di queste volont\u00e0 ed ha espresso al Consiglio FIS l\u2019esigenza italiana di avere l\u2019opportunit\u00e0 di un rilancio importante, un segnale per tutto il Paese\u201d.<\/em><\/p>\n<p>&nbsp;<\/p>\n<p>&nbsp;<\/p>\n<hr \/>\n<p>&nbsp;<\/p>\n<\/div>\n<blockquote>\n<h3>ALPE DEL NEVEGAL TRA I NOVE APPUNTAMENTI CHE ASSEGNANO IL TRICOLORE<\/h3>\n<\/blockquote>\n<p><strong>di Roberto Bona<\/strong><\/p>\n<audio class=\"wp-audio-shortcode\" id=\"audio-147480-11\" preload=\"none\" style=\"width: 100%;\" controls=\"controls\"><source type=\"audio\/mpeg\" src=\"https:\/\/www.radiopiu.net\/wordpress\/wp-content\/uploads\/2020\/07\/ROBERTO-ALPE.mp3?_=11\" \/><a href=\"https:\/\/www.radiopiu.net\/wordpress\/wp-content\/uploads\/2020\/07\/ROBERTO-ALPE.mp3\">https:\/\/www.radiopiu.net\/wordpress\/wp-content\/uploads\/2020\/07\/ROBERTO-ALPE.mp3<\/a><\/audio>\n<p>&nbsp;<\/p>\n<p>&nbsp;<\/p>\n<p>&nbsp;<\/p>\n<hr \/>\n<p>&nbsp;<\/p>\n<blockquote>\n<h3>LA SFIDA FODOM: &#8220;ORGANIZZIAMO LA VERTICAL COL DI LANA&#8221;<\/h3>\n<\/blockquote>\n<p><strong><img loading=\"lazy\" decoding=\"async\" class=\"alignleft\" src=\"https:\/\/www.radiopiu.net\/wordpress\/wp-content\/uploads\/2020\/07\/106670396_1527984307383436_8588199809558039505_o.jpg\" width=\"236\" height=\"177\" \/>LIVINALLONGO<\/strong>\u00a0Filippo Beccari, nome noto negli ambienti dello sport, ma anche Gianpaolo Soratroi sempre attivo nelle iniziative della terra Fodom hanno dato la notizia ufficiale:<em>\u00a0\u201cLa vertical Col di Lana si far\u00e0, domenica 26 luglio con partenza a cronometro ogni 30 secondi\u201d<\/em>\u00a0E questa \u00e8 una notizia da mettere in rilievo perch\u00e9 da mesi le uniche notizie che arrivano dagli ambienti sportivi sono quelle relative a cancellazione di eventi, dalla 4 Pass in Doi di Agordo al Trofeo 16 Comuni a staffetta di Canale d\u2019Agordo, ma anche tutte le altre competizioni. A Livinallongo la partenza a cronometro \u00e8 garanzia di distanziamento nei giorni in cui viene permesso anche lo sport di contatto.<em>\u00a0\u201cSiamo pronti,\u00a0 tutto pronto per la vertical del Col di Lana, abbiamo cominciato a tagliare l\u2019erba, abbiamo fatto il regolamento come da DPCM 11.06.2020 , distanziati, igienizzati e sicuri \u2026pronte le gambe e i muscoli e la voglia di divertirsi per domenica 26 luglio 2020\u201d.\u00a0<\/em>Rispetto alle edizioni precedenti, questa e\u2019 l\u2019ottava,\u00a0 non ci sar\u00e0 il pasta party ma sono confermate le premiazioni ed i premi in denaro: 300 euro al primo, 200 al secondo, 100 al terzo, idem per la categoria femminile. Confermata anche la mini vertical. Partenza dalla piazza di Pieve di Livinallongo e arrivo alla cima del Col di Lana) per informazioni contattare Gianpaolo Soratroi al 393387226123<strong><br \/>\n<\/strong><\/p>\n","protected":false},"excerpt":{"rendered":"<p>PER RICEVERE QUESTO NOTIZIARIO DIRETTAMENTE SUL TUO CELLULARE ISCRIVITI AL CANALE TELEGRAM\u00a0\u201cRADIO PIU\u00a0 INFORMAZIONE\u201d \u00a0 PROVINCIALE 3 VALLE IMPERINA, LOCALITA\u2019 CORDE MOLE: DAL 6 LUGLIO DALLE 8 ALLE 11.45 E DALLE 13.30 ALLE 17.30 (SABATO E DOMENICA ESCLUSI) INTERRUZIONI ALLA VIABILITA\u2019 FINO A 30 MINUTI PER TAGLIO PIANTE TRA LE LOCALITA\u2019 CORDE MOLE E VALLESIN&hellip;<\/p>\n","protected":false},"author":4,"featured_media":147649,"comment_status":"closed","ping_status":"closed","sticky":false,"template":"","format":"standard","meta":{"_monsterinsights_skip_tracking":false,"_monsterinsights_sitenote_active":false,"_monsterinsights_sitenote_note":"","_monsterinsights_sitenote_category":0,"footnotes":""},"categories":[1,86,49],"tags":[],"class_list":["post-147480","post","type-post","status-publish","format-standard","has-post-thumbnail","hentry","category-senza-categoria","category-gr","category-news-18","category-1","category-86","category-49","description-off"],"img_url":"https:\/\/www.radiopiu.net\/wordpress\/wp-content\/uploads\/2020\/07\/b3457168-7a55-4795-bd32-416492fb957a.jpg","_links":{"self":[{"href":"https:\/\/www.radiopiu.net\/wordpress\/wp-json\/wp\/v2\/posts\/147480","targetHints":{"allow":["GET"]}}],"collection":[{"href":"https:\/\/www.radiopiu.net\/wordpress\/wp-json\/wp\/v2\/posts"}],"about":[{"href":"https:\/\/www.radiopiu.net\/wordpress\/wp-json\/wp\/v2\/types\/post"}],"author":[{"embeddable":true,"href":"https:\/\/www.radiopiu.net\/wordpress\/wp-json\/wp\/v2\/users\/4"}],"replies":[{"embeddable":true,"href":"https:\/\/www.radiopiu.net\/wordpress\/wp-json\/wp\/v2\/comments?post=147480"}],"version-history":[{"count":0,"href":"https:\/\/www.radiopiu.net\/wordpress\/wp-json\/wp\/v2\/posts\/147480\/revisions"}],"wp:featuredmedia":[{"embeddable":true,"href":"https:\/\/www.radiopiu.net\/wordpress\/wp-json\/wp\/v2\/media\/147649"}],"wp:attachment":[{"href":"https:\/\/www.radiopiu.net\/wordpress\/wp-json\/wp\/v2\/media?parent=147480"}],"wp:term":[{"taxonomy":"category","embeddable":true,"href":"https:\/\/www.radiopiu.net\/wordpress\/wp-json\/wp\/v2\/categories?post=147480"},{"taxonomy":"post_tag","embeddable":true,"href":"https:\/\/www.radiopiu.net\/wordpress\/wp-json\/wp\/v2\/tags?post=147480"}],"curies":[{"name":"wp","href":"https:\/\/api.w.org\/{rel}","templated":true}]}}