{"id":147531,"date":"2020-07-03T05:56:21","date_gmt":"2020-07-03T03:56:21","guid":{"rendered":"https:\/\/www.radiopiu.net\/wordpress\/?p=147531"},"modified":"2020-07-03T06:02:47","modified_gmt":"2020-07-03T04:02:47","slug":"agli-infermeri-in-fuga-verso-le-ulss-asca-risponde-con-aumento-di-stipendio-e-alloggi-agevolati","status":"publish","type":"post","link":"https:\/\/www.radiopiu.net\/wordpress\/agli-infermeri-in-fuga-verso-le-ulss-asca-risponde-con-aumento-di-stipendio-e-alloggi-agevolati\/","title":{"rendered":"AGLI INFERMERI IN FUGA VERSO LE ULSS ASCA RISPONDE CON AUMENTO DI STIPENDIO E ALLOGGI AGEVOLATI"},"content":{"rendered":"<p>&nbsp;<\/p>\n<p style=\"text-align: left;\"><strong><a class=\"dt-pswp-item\" href=\"https:\/\/www.radiopiu.net\/wordpress\/wp-content\/uploads\/2020\/07\/WhatsApp-Image-2020-07-02-at-12.17.32.jpeg\" data-dt-img-description=\"\" data-large_image_width=\"2016\" data-large_image_height=\"1134\"><img loading=\"lazy\" decoding=\"async\" class=\" wp-image-147532 alignleft\" src=\"https:\/\/www.radiopiu.net\/wordpress\/wp-content\/uploads\/2020\/07\/WhatsApp-Image-2020-07-02-at-12.17.32-300x169.jpeg\" alt=\"\" width=\"225\" height=\"127\" srcset=\"https:\/\/www.radiopiu.net\/wordpress\/wp-content\/uploads\/2020\/07\/WhatsApp-Image-2020-07-02-at-12.17.32-300x169.jpeg 300w, https:\/\/www.radiopiu.net\/wordpress\/wp-content\/uploads\/2020\/07\/WhatsApp-Image-2020-07-02-at-12.17.32-1024x576.jpeg 1024w, https:\/\/www.radiopiu.net\/wordpress\/wp-content\/uploads\/2020\/07\/WhatsApp-Image-2020-07-02-at-12.17.32-768x432.jpeg 768w, https:\/\/www.radiopiu.net\/wordpress\/wp-content\/uploads\/2020\/07\/WhatsApp-Image-2020-07-02-at-12.17.32-1536x864.jpeg 1536w, https:\/\/www.radiopiu.net\/wordpress\/wp-content\/uploads\/2020\/07\/WhatsApp-Image-2020-07-02-at-12.17.32.jpeg 2016w\" sizes=\"auto, (max-width: 225px) 100vw, 225px\" \/><\/a>AGORDO<\/strong> C&#8217;\u00e8 un problema che assilla L&#8217;Asca, L&#8217;azienda speciale consortile Agordina e anche se il &#8220;mal comune \u00e8 mezzo gaudio&#8221; il problema rimane, ad Agordo come nel resto della Regione. Secondo gli studi dell\u2019URIPA con le assunzioni gi\u00e0 fatte dalle Aziende Sanitarie e quelle che si faranno per introdurre la figura dell\u2019infermiere di comunit\u00e0, mancheranno nei Centri Servizi del Veneto quasi quattromila infermieri. Cosa stiano facendo per arginare i problemi nel resto della Regione non \u00e8 noto, piuttosto ora si conoscono le contro mosse di Asca: il passaggio di livello di tutti gli infermieri con un aumento lordo di 128 euro al mese che li porta complessivamente a guadagnare oltre 500 euro al mese in pi\u00f9 dei loro colleghi assunti con lo stesso contratto (306 euro di stipendio e 200 euro netti di welfare) e la messa a disposizione dell\u2019alloggio nel primo mese di lavoro per i nuovi assunti favorendo cos\u00ec il loro inserimento nella comunit\u00e0. Decisioni condivise dai sindacati convocati al tavolo dall&#8217;amministratore unico Mariachiara Santin con il direttore Arrigo Boito. Decisioni fondamentali in un territorio che offre molte opportunit\u00e0 di lavoro (Luxottica e strutture turistiche) e la difficolt\u00e0 nel reperire alloggi e non sempre a costi ragionevoli che costringono il personale a cercare soluzioni abitative nei territori pi\u00f9 centrali e pi\u00f9 ricchi di servizi come in Valbelluna.\u00a0 Rispetto a quest\u2019ultima azione strategica, ASCA sottolinea di avere gi\u00e0 a disposizione un alloggio ma che sta lavorando con le Istituzioni per acquisire altre unit\u00e0 abitative e che inserir\u00e0 la nuova opportunit\u00e0 (oggetto di altri incontri con le organizzazioni sindacali), nel sistema welfare. Gli accordi di oggi sono da tutti considerati un passo avanti per creare le migliori condizioni possibili ai vecchi e nuovi collaboratori dell\u2019Azienda, ma certamente altre azioni verranno messe in atto per valorizzare il lavoro di tutti nella consapevolezza che la carenza di infermieri e operatori sociosanitari sta radicalmente cambiando il sistema dell\u2019offerta. All&#8217;incontro di Agordo erano presenti per le Organizzazioni Sindacali Per CGIL-Fp Andrea Fiocco,\u00a0Per CISL-Fp Mario De Boni e Leone Zingales, per CISL Fisascat Simone Centa, per UIL-Fpl Marianna Pasini<\/p>\n<p>&nbsp;<\/p>\n<p><strong>ARTICOLO PRECEDENTE 24 GIUGNO<\/strong><\/p>\n<p><strong><img decoding=\"async\" class=\"alignleft\" src=\"https:\/\/www.radiopiu.net\/wordpress\/wp-content\/uploads\/2018\/09\/POLIFUNZIONALE.jpg\" \/>AGORDO<\/strong>Infermieri in fuga dalle \u00a0case di riposo. Il 2 luglio incontro con le organizzazioni sindacali sulle misure da mettere in campo per rendere ancora pi\u00f9 appetibile l&#8217;impiego nelle Rsa. In Veneto, le aziende sanitarie stanno reclutando infermieri da assumere per i loro ospedali, anche in previsione di una nuova ondata di pandemia. Nelle graduatorie ci sono moltissimi professionisti che stanno operando nelle strutture per anziani e i centri di servizio potrebbero restare privi di infermieri. <em>\u00abSiamo nati tre anni fa e abbiamo sempre puntato su una presenza numerosa di infermieri &#8211; dice l&#8217;amministratore unico Maria Chiara Santin\u00a0 noi avevamo 14 infermieri prima del Covid e oggi ne sono rimasti in 10<\/em>,<em> molti del sud sono tornati a casa o sono andati in\u00a0 centri ospedalieri come Padova e poi ad Agordo non \u00e8 facile trovare alloggi a prezzi agevolati&#8221;\u00a0 <\/em>L&#8217;Asca punter\u00e0\u00a0 a\u00a0 soluzioni economiche\u00a0 vantaggiose se ne parler\u00e0 ad inizio mese.<strong><br \/>\n<\/strong><\/p>\n<blockquote>\n<blockquote><p><strong>LA NOSTRA INTERVISTA ALL&#8217;AMMINISTRATORE MARIA CHIARA SANTIN, DAL GIORNALE RADIO DELLE 16.30<\/strong><\/p><\/blockquote>\n<audio class=\"wp-audio-shortcode\" id=\"audio-147531-1\" preload=\"none\" style=\"width: 100%;\" controls=\"controls\"><source type=\"audio\/mpeg\" src=\"https:\/\/www.radiopiu.net\/wordpress\/wp-content\/uploads\/2020\/06\/maria-chiara.mp3?_=1\" \/><a href=\"https:\/\/www.radiopiu.net\/wordpress\/wp-content\/uploads\/2020\/06\/maria-chiara.mp3\">https:\/\/www.radiopiu.net\/wordpress\/wp-content\/uploads\/2020\/06\/maria-chiara.mp3<\/a><\/audio>\n<p>&nbsp;<\/p>\n<p>&nbsp;<\/p><\/blockquote>\n<p>&nbsp;<\/p>\n<p>&nbsp;<\/p>\n<p>&nbsp;<\/p>\n<p>&nbsp;<\/p>\n","protected":false},"excerpt":{"rendered":"<p>&nbsp; AGORDO C&#8217;\u00e8 un problema che assilla L&#8217;Asca, L&#8217;azienda speciale consortile Agordina e anche se il &#8220;mal comune \u00e8 mezzo gaudio&#8221; il problema rimane, ad Agordo come nel resto della Regione. Secondo gli studi dell\u2019URIPA con le assunzioni gi\u00e0 fatte dalle Aziende Sanitarie e quelle che si faranno per introdurre la figura dell\u2019infermiere di comunit\u00e0,&hellip;<\/p>\n","protected":false},"author":1,"featured_media":147532,"comment_status":"closed","ping_status":"closed","sticky":false,"template":"","format":"standard","meta":{"_monsterinsights_skip_tracking":false,"_monsterinsights_sitenote_active":false,"_monsterinsights_sitenote_note":"","_monsterinsights_sitenote_category":0,"footnotes":""},"categories":[49],"tags":[],"class_list":["post-147531","post","type-post","status-publish","format-standard","has-post-thumbnail","hentry","category-news-18","category-49","description-off"],"img_url":"https:\/\/www.radiopiu.net\/wordpress\/wp-content\/uploads\/2020\/07\/WhatsApp-Image-2020-07-02-at-12.17.32.jpeg","_links":{"self":[{"href":"https:\/\/www.radiopiu.net\/wordpress\/wp-json\/wp\/v2\/posts\/147531","targetHints":{"allow":["GET"]}}],"collection":[{"href":"https:\/\/www.radiopiu.net\/wordpress\/wp-json\/wp\/v2\/posts"}],"about":[{"href":"https:\/\/www.radiopiu.net\/wordpress\/wp-json\/wp\/v2\/types\/post"}],"author":[{"embeddable":true,"href":"https:\/\/www.radiopiu.net\/wordpress\/wp-json\/wp\/v2\/users\/1"}],"replies":[{"embeddable":true,"href":"https:\/\/www.radiopiu.net\/wordpress\/wp-json\/wp\/v2\/comments?post=147531"}],"version-history":[{"count":0,"href":"https:\/\/www.radiopiu.net\/wordpress\/wp-json\/wp\/v2\/posts\/147531\/revisions"}],"wp:featuredmedia":[{"embeddable":true,"href":"https:\/\/www.radiopiu.net\/wordpress\/wp-json\/wp\/v2\/media\/147532"}],"wp:attachment":[{"href":"https:\/\/www.radiopiu.net\/wordpress\/wp-json\/wp\/v2\/media?parent=147531"}],"wp:term":[{"taxonomy":"category","embeddable":true,"href":"https:\/\/www.radiopiu.net\/wordpress\/wp-json\/wp\/v2\/categories?post=147531"},{"taxonomy":"post_tag","embeddable":true,"href":"https:\/\/www.radiopiu.net\/wordpress\/wp-json\/wp\/v2\/tags?post=147531"}],"curies":[{"name":"wp","href":"https:\/\/api.w.org\/{rel}","templated":true}]}}