{"id":147584,"date":"2020-07-02T23:59:55","date_gmt":"2020-07-02T21:59:55","guid":{"rendered":"https:\/\/www.radiopiu.net\/wordpress\/?p=147584"},"modified":"2020-07-02T18:28:15","modified_gmt":"2020-07-02T16:28:15","slug":"latteria-christian-grones-penta-presidente-riconfermato","status":"publish","type":"post","link":"https:\/\/www.radiopiu.net\/wordpress\/latteria-christian-grones-penta-presidente-riconfermato\/","title":{"rendered":"LATTERIA: CHRISTIAN GRONES PENTA PRESIDENTE RICONFERMATO"},"content":{"rendered":"<p><strong><img loading=\"lazy\" decoding=\"async\" class=\"alignleft\" src=\"https:\/\/www.radiopiu.net\/wordpress\/wp-content\/uploads\/2020\/07\/b6706789-8b77-41d9-8ae3-e13bf483c88a.jpg\" width=\"212\" height=\"159\" \/>LIVINALLONGO<\/strong> Christian Grones raccoglie i frutti di tanto impegno e lavoro incassando la fiducia dei soci, guider\u00e0 la Latteria di Livinallongo per il quinto mandato. Una splendida realt\u00e0 per il territorio, conosciuta ben lontano dai confini Fodom. Nel suo compito il riconfermato presidente sar\u00e0 coadiuvato dal vice Erwin De Zaiacomo e dai membri del Cda Elisa Darman, Roberto Pallua e Bernardino Dorigo. Nel corso dell&#8217;assemblea elettiva \u00e8 stato posto in votazione e approvato il bilancio di previsione 2019. La latteria \u00e8 nata negli anni 83-84 con quasi 100 soci, oggi sono meno di 10 ma sono uomini e donne figli della terra Fodom che tengono duro, che si impegnano e lavorano e guardano anche al settore turistico perch\u00e9 il loro futuro dipende anche da questo. L&#8217;operatore turistico dovrebbe intuirlo, ma anche comprendere che il cliente cerca sempre pi\u00f9 spesso il prodotto di casa, a chilometri zero, garanzia di genuinit\u00e0, niente di meglio di questi tempi.<\/p>\n<p>&nbsp;<\/p>\n<p><strong>AI MICROFONI DI RADIO PIU, CHRISTIAN GRONES<\/strong><\/p>\n<audio class=\"wp-audio-shortcode\" id=\"audio-147584-1\" preload=\"none\" style=\"width: 100%;\" controls=\"controls\"><source type=\"audio\/mpeg\" src=\"https:\/\/www.radiopiu.net\/wordpress\/wp-content\/uploads\/2020\/07\/CHRISTIAN.mp3?_=1\" \/><a href=\"https:\/\/www.radiopiu.net\/wordpress\/wp-content\/uploads\/2020\/07\/CHRISTIAN.mp3\">https:\/\/www.radiopiu.net\/wordpress\/wp-content\/uploads\/2020\/07\/CHRISTIAN.mp3<\/a><\/audio>\n<p>&nbsp;<\/p>\n<p>Orgoglioso della latteria, del prodotto di casa anche il sindaco di Livinallongo Leandro Grones che al neo eletto presidente augura buon lavoro alla vigila del nuovo mandato<\/p>\n<p><strong>LEANDRO GRONES<\/strong><\/p>\n<audio class=\"wp-audio-shortcode\" id=\"audio-147584-2\" preload=\"none\" style=\"width: 100%;\" controls=\"controls\"><source type=\"audio\/mpeg\" src=\"https:\/\/www.radiopiu.net\/wordpress\/wp-content\/uploads\/2020\/07\/GRONES-LATTERIA.mp3?_=2\" \/><a href=\"https:\/\/www.radiopiu.net\/wordpress\/wp-content\/uploads\/2020\/07\/GRONES-LATTERIA.mp3\">https:\/\/www.radiopiu.net\/wordpress\/wp-content\/uploads\/2020\/07\/GRONES-LATTERIA.mp3<\/a><\/audio>\n<p>&nbsp;<\/p>\n<p><a class=\"dt-pswp-item\" href=\"https:\/\/www.radiopiu.net\/wordpress\/wp-content\/uploads\/2020\/07\/2d88f144-97d2-4709-a936-bfbdea3e8257.jpg\" data-dt-img-description=\"\" data-large_image_width=\"1024\" data-large_image_height=\"865\"><img loading=\"lazy\" decoding=\"async\" class=\"alignnone size-medium wp-image-147587\" src=\"https:\/\/www.radiopiu.net\/wordpress\/wp-content\/uploads\/2020\/07\/2d88f144-97d2-4709-a936-bfbdea3e8257-300x253.jpg\" alt=\"\" width=\"300\" height=\"253\" srcset=\"https:\/\/www.radiopiu.net\/wordpress\/wp-content\/uploads\/2020\/07\/2d88f144-97d2-4709-a936-bfbdea3e8257-300x253.jpg 300w, https:\/\/www.radiopiu.net\/wordpress\/wp-content\/uploads\/2020\/07\/2d88f144-97d2-4709-a936-bfbdea3e8257-768x649.jpg 768w, https:\/\/www.radiopiu.net\/wordpress\/wp-content\/uploads\/2020\/07\/2d88f144-97d2-4709-a936-bfbdea3e8257.jpg 1024w\" sizes=\"auto, (max-width: 300px) 100vw, 300px\" \/><\/a><a class=\"dt-pswp-item\" href=\"https:\/\/www.radiopiu.net\/wordpress\/wp-content\/uploads\/2020\/07\/9be98235-9338-4446-b397-f34d35bb2c04.jpg\" data-dt-img-description=\"\" data-large_image_width=\"696\" data-large_image_height=\"1024\"><img loading=\"lazy\" decoding=\"async\" class=\"alignnone wp-image-147588\" src=\"https:\/\/www.radiopiu.net\/wordpress\/wp-content\/uploads\/2020\/07\/9be98235-9338-4446-b397-f34d35bb2c04-204x300.jpg\" alt=\"\" width=\"173\" height=\"254\" srcset=\"https:\/\/www.radiopiu.net\/wordpress\/wp-content\/uploads\/2020\/07\/9be98235-9338-4446-b397-f34d35bb2c04-204x300.jpg 204w, https:\/\/www.radiopiu.net\/wordpress\/wp-content\/uploads\/2020\/07\/9be98235-9338-4446-b397-f34d35bb2c04.jpg 696w\" sizes=\"auto, (max-width: 173px) 100vw, 173px\" \/><\/a><\/p>\n","protected":false},"excerpt":{"rendered":"<p>LIVINALLONGO Christian Grones raccoglie i frutti di tanto impegno e lavoro incassando la fiducia dei soci, guider\u00e0 la Latteria di Livinallongo per il quinto mandato. Una splendida realt\u00e0 per il territorio, conosciuta ben lontano dai confini Fodom. Nel suo compito il riconfermato presidente sar\u00e0 coadiuvato dal vice Erwin De Zaiacomo e dai membri del Cda&hellip;<\/p>\n","protected":false},"author":1,"featured_media":147585,"comment_status":"closed","ping_status":"closed","sticky":false,"template":"","format":"standard","meta":{"_monsterinsights_skip_tracking":false,"_monsterinsights_sitenote_active":false,"_monsterinsights_sitenote_note":"","_monsterinsights_sitenote_category":0,"footnotes":""},"categories":[51,49],"tags":[],"class_list":["post-147584","post","type-post","status-publish","format-standard","has-post-thumbnail","hentry","category-evidenza-top","category-news-18","category-51","category-49","description-off"],"img_url":"https:\/\/www.radiopiu.net\/wordpress\/wp-content\/uploads\/2020\/07\/b6706789-8b77-41d9-8ae3-e13bf483c88a.jpg","_links":{"self":[{"href":"https:\/\/www.radiopiu.net\/wordpress\/wp-json\/wp\/v2\/posts\/147584","targetHints":{"allow":["GET"]}}],"collection":[{"href":"https:\/\/www.radiopiu.net\/wordpress\/wp-json\/wp\/v2\/posts"}],"about":[{"href":"https:\/\/www.radiopiu.net\/wordpress\/wp-json\/wp\/v2\/types\/post"}],"author":[{"embeddable":true,"href":"https:\/\/www.radiopiu.net\/wordpress\/wp-json\/wp\/v2\/users\/1"}],"replies":[{"embeddable":true,"href":"https:\/\/www.radiopiu.net\/wordpress\/wp-json\/wp\/v2\/comments?post=147584"}],"version-history":[{"count":0,"href":"https:\/\/www.radiopiu.net\/wordpress\/wp-json\/wp\/v2\/posts\/147584\/revisions"}],"wp:featuredmedia":[{"embeddable":true,"href":"https:\/\/www.radiopiu.net\/wordpress\/wp-json\/wp\/v2\/media\/147585"}],"wp:attachment":[{"href":"https:\/\/www.radiopiu.net\/wordpress\/wp-json\/wp\/v2\/media?parent=147584"}],"wp:term":[{"taxonomy":"category","embeddable":true,"href":"https:\/\/www.radiopiu.net\/wordpress\/wp-json\/wp\/v2\/categories?post=147584"},{"taxonomy":"post_tag","embeddable":true,"href":"https:\/\/www.radiopiu.net\/wordpress\/wp-json\/wp\/v2\/tags?post=147584"}],"curies":[{"name":"wp","href":"https:\/\/api.w.org\/{rel}","templated":true}]}}