{"id":147592,"date":"2020-07-02T16:53:56","date_gmt":"2020-07-02T14:53:56","guid":{"rendered":"https:\/\/www.radiopiu.net\/wordpress\/?p=147592"},"modified":"2020-07-02T16:57:07","modified_gmt":"2020-07-02T14:57:07","slug":"quasi-conclusi-i-lavori-sulla-frana-di-carfon-a-canale-dagordo","status":"publish","type":"post","link":"https:\/\/www.radiopiu.net\/wordpress\/quasi-conclusi-i-lavori-sulla-frana-di-carfon-a-canale-dagordo\/","title":{"rendered":"QUASI CONCLUSI I LAVORI SULLA FRANA DI CARFON, A CANALE D\u2019AGORDO"},"content":{"rendered":"<p><strong><a class=\"dt-pswp-item\" href=\"https:\/\/www.radiopiu.net\/wordpress\/wp-content\/uploads\/2020\/07\/f9245c5b-bb36-4c22-8d30-cfb927302336.jpg\" data-dt-img-description=\"\" data-large_image_width=\"1600\" data-large_image_height=\"1200\"><img loading=\"lazy\" decoding=\"async\" class=\"size-medium wp-image-147593 alignleft\" src=\"https:\/\/www.radiopiu.net\/wordpress\/wp-content\/uploads\/2020\/07\/f9245c5b-bb36-4c22-8d30-cfb927302336-300x225.jpg\" alt=\"\" width=\"300\" height=\"225\" srcset=\"https:\/\/www.radiopiu.net\/wordpress\/wp-content\/uploads\/2020\/07\/f9245c5b-bb36-4c22-8d30-cfb927302336-300x225.jpg 300w, https:\/\/www.radiopiu.net\/wordpress\/wp-content\/uploads\/2020\/07\/f9245c5b-bb36-4c22-8d30-cfb927302336-1024x768.jpg 1024w, https:\/\/www.radiopiu.net\/wordpress\/wp-content\/uploads\/2020\/07\/f9245c5b-bb36-4c22-8d30-cfb927302336-768x576.jpg 768w, https:\/\/www.radiopiu.net\/wordpress\/wp-content\/uploads\/2020\/07\/f9245c5b-bb36-4c22-8d30-cfb927302336-1536x1152.jpg 1536w, https:\/\/www.radiopiu.net\/wordpress\/wp-content\/uploads\/2020\/07\/f9245c5b-bb36-4c22-8d30-cfb927302336.jpg 1600w\" sizes=\"auto, (max-width: 300px) 100vw, 300px\" \/><\/a>BELLUNO \u00a0<\/strong>Lavori in dirittura d\u2019arrivo: la Provincia ha quasi concluso la sistemazione della frana di Carfon (in Comune di Canale d\u2019Agordo). Nelle ultime settimane il cantiere del secondo stralcio ha subito una forte accelerazione. La realizzazione delle infrastrutture di mitigazione del rischio \u00e8 praticamente ultimata; si tratta di un sistema di tre file di barriere passive lungo il versante, a cui si aggiunge una rete metallica di consolidamento corticale, funzionale a evitare l\u2019erosione del terreno.\u00a0\u00ab<em>In questo modo abbiamo risolto un problema importante, manifestatosi con le piogge dell\u2019autunno scorso &#8211; spiega il consigliere provinciale delegato alla Difesa del Suolo, Massimo Bortoluzzi -. I disagi per la popolazione non sono mancati in questi mesi, ma adesso possiamo dire praticamente concluso l\u2019intervento<\/em>\u00bb.\u00a0Il dissesto si era creato il 16 novembre 2019, nei giorni del maltempo: il versante a monte della strada comunale aveva subito uno smottamento con scarico di materiale e un fronte di frana di circa 50 metri che aveva interrotto la viabilit\u00e0. La Provincia \u00e8 intervenuta in somma urgenza nei giorni immediatamente successivi, con un intervento finalizzato alla rimozione di massi e vegetazione pericolante. Il primo stralcio era stato concluso con una perizia geologica e la successiva progettazione dell\u2019intervento risolutivo (da 290mila euro).\u00a0\u00ab<em>I lavori sono cominciati a inizio giugno e adesso arriviamo a conclusione, grazie all\u2019impegno delle maestranze e alla professionalit\u00e0 dei nostri uffici della Difesa del Suolo &#8211; continua il consigliere Bortoluzzi -. La Provincia \u00e8 sempre molto attenta a questi interventi, che sono fondamentali per garantire la vivibilit\u00e0 delle terre alte<\/em>\u00bb.<\/p>\n<p>&nbsp;<\/p>\n<p><strong>DAL NOTIZIARIO DEL 30 GIUGNO<\/strong><\/p>\n<p><strong>CANALE D&#8217;AGORDO<\/strong> Continuano i lavori della Provincia sulla strada per Carfon dopo la frana autunnale che ha bloccato la rotabile che dalla 346 sale nella frazione che non \u00e8 rimasta isolata ma solo grazie al collegamento per Vallada via Gaer.\u00a0 Per agevolare e velocizzare i lavori post covid19 anche l&#8217;intervento dell&#8217;elicottero. L&#8217;opera sar\u00e0 completata entro una settimana.<\/p>\n<p>&nbsp;<\/p>\n<blockquote>\n<h3>AI MICROFONI DI RADIO PIU&#8217; IL CONSIGLIERE PROVINCIALE MASSIMO BORTOLUZZI<\/h3>\n<\/blockquote>\n<audio class=\"wp-audio-shortcode\" id=\"audio-147592-1\" preload=\"none\" style=\"width: 100%;\" controls=\"controls\"><source type=\"audio\/mpeg\" src=\"https:\/\/www.radiopiu.net\/wordpress\/wp-content\/uploads\/2020\/06\/bortoluzzi.mp3?_=1\" \/><a href=\"https:\/\/www.radiopiu.net\/wordpress\/wp-content\/uploads\/2020\/06\/bortoluzzi.mp3\">https:\/\/www.radiopiu.net\/wordpress\/wp-content\/uploads\/2020\/06\/bortoluzzi.mp3<\/a><\/audio>\n<p>&nbsp;<\/p>\n<div><\/div>\n","protected":false},"excerpt":{"rendered":"<p>BELLUNO \u00a0Lavori in dirittura d\u2019arrivo: la Provincia ha quasi concluso la sistemazione della frana di Carfon (in Comune di Canale d\u2019Agordo). Nelle ultime settimane il cantiere del secondo stralcio ha subito una forte accelerazione. La realizzazione delle infrastrutture di mitigazione del rischio \u00e8 praticamente ultimata; si tratta di un sistema di tre file di barriere&hellip;<\/p>\n","protected":false},"author":4,"featured_media":147593,"comment_status":"closed","ping_status":"closed","sticky":false,"template":"","format":"standard","meta":{"_monsterinsights_skip_tracking":false,"_monsterinsights_sitenote_active":false,"_monsterinsights_sitenote_note":"","_monsterinsights_sitenote_category":0,"footnotes":""},"categories":[49],"tags":[],"class_list":["post-147592","post","type-post","status-publish","format-standard","has-post-thumbnail","hentry","category-news-18","category-49","description-off"],"img_url":"https:\/\/www.radiopiu.net\/wordpress\/wp-content\/uploads\/2020\/07\/f9245c5b-bb36-4c22-8d30-cfb927302336.jpg","_links":{"self":[{"href":"https:\/\/www.radiopiu.net\/wordpress\/wp-json\/wp\/v2\/posts\/147592","targetHints":{"allow":["GET"]}}],"collection":[{"href":"https:\/\/www.radiopiu.net\/wordpress\/wp-json\/wp\/v2\/posts"}],"about":[{"href":"https:\/\/www.radiopiu.net\/wordpress\/wp-json\/wp\/v2\/types\/post"}],"author":[{"embeddable":true,"href":"https:\/\/www.radiopiu.net\/wordpress\/wp-json\/wp\/v2\/users\/4"}],"replies":[{"embeddable":true,"href":"https:\/\/www.radiopiu.net\/wordpress\/wp-json\/wp\/v2\/comments?post=147592"}],"version-history":[{"count":0,"href":"https:\/\/www.radiopiu.net\/wordpress\/wp-json\/wp\/v2\/posts\/147592\/revisions"}],"wp:featuredmedia":[{"embeddable":true,"href":"https:\/\/www.radiopiu.net\/wordpress\/wp-json\/wp\/v2\/media\/147593"}],"wp:attachment":[{"href":"https:\/\/www.radiopiu.net\/wordpress\/wp-json\/wp\/v2\/media?parent=147592"}],"wp:term":[{"taxonomy":"category","embeddable":true,"href":"https:\/\/www.radiopiu.net\/wordpress\/wp-json\/wp\/v2\/categories?post=147592"},{"taxonomy":"post_tag","embeddable":true,"href":"https:\/\/www.radiopiu.net\/wordpress\/wp-json\/wp\/v2\/tags?post=147592"}],"curies":[{"name":"wp","href":"https:\/\/api.w.org\/{rel}","templated":true}]}}