{"id":147639,"date":"2020-07-04T05:51:12","date_gmt":"2020-07-04T03:51:12","guid":{"rendered":"https:\/\/www.radiopiu.net\/wordpress\/?p=147639"},"modified":"2020-07-04T09:37:43","modified_gmt":"2020-07-04T07:37:43","slug":"giornale-radiopiu-04-luglio-2020-direttore-mirko-mezzacasa","status":"publish","type":"post","link":"https:\/\/www.radiopiu.net\/wordpress\/giornale-radiopiu-04-luglio-2020-direttore-mirko-mezzacasa\/","title":{"rendered":"GIORNALE RADIOPIU 04 LUGLIO 2020 DIRETTORE MIRKO MEZZACASA"},"content":{"rendered":"<h3><strong>PER RICEVERE QUESTO NOTIZIARIO DIRETTAMENTE SUL TUO CELLULARE ISCRIVITI AL CANALE TELEGRAM\u00a0<\/strong><strong>\u201cRADIO PIU\u00a0 INFORMAZIONE\u201d<\/strong><\/h3>\n<p><strong>da FACEBOOK L&#8217;IMPORTANTE POST DI ILARIO DA CAMPO<\/strong><br \/>\n<span style=\"color: #ff0000;\"><strong>Voltago:<\/strong> ci giunge notizia di un furto ai danni di una signora avvenuto nel parcheggio del cimitero del paese. Rubata una borsa dall\u2019auto che solo successivamente \u00e8 stata ritrovata nel comune di Rivamonte (naturalmente senza il denaro che ne era custodito all\u2019interno). Attenzione quindi&#8230;<\/span><\/p>\n<p>&nbsp;<\/p>\n<p>&nbsp;<\/p>\n<hr \/>\n<p><strong>\u00a0<\/strong><\/p>\n<p><strong>PROVINCIALE 3 VALLE IMPERINA, LOCALITA\u2019 CORDE MOLE: DAL 6 LUGLIO DALLE 8 ALLE 11.45 E DALLE 13.30 ALLE 17.30 (SABATO E DOMENICA ESCLUSI) INTERRUZIONI ALLA VIABILITA\u2019 FINO A 30 MINUTI PER TAGLIO PIANTE TRA LE LOCALITA\u2019 CORDE MOLE E VALLESIN <\/strong><\/p>\n<p><strong>347 DURAN E CEREDA:\u00a0 fino all\u201911 luglio (festivi eclusi) senso unico con semaforo in localit\u00e0 Sant\u2019Andrea (GOSALDO)\u00a0<\/strong><\/p>\n<p><em><strong>PROVINCIALE 20 CAPRILE-SELVA DI CADORE.\u00a0 RIAPRE\u00a0 IL 10 LUGLIO IN LOCALITA\u2019 SOLATOR ANCHE SABATO E DOMENICA. TRANSITO CONSENTITO AI LOCALI CON TEMPI DI ATTESA FINO A 30 MINUTI<\/strong><\/em><\/p>\n<p><em><strong>203 AGORDINA, FINO\u00a0 AL 30 LUGLIO ESCLUSI FESTIVI E PREFESTIVI SENSO UNICO ALTERNATO TRA CANDATEN E PERON. DALLE 7:30 ALLE 9 E DALLE 16:30 ALLE 18 CON MOVIERI, NEGLI ALTRI ORARI SEMAFORO<\/strong><\/em><\/p>\n<p>&nbsp;<\/p>\n<blockquote>\n<h3>STRADA PER PASSO FEDAIA DA LUNEDI A SINGHIOZZO<\/h3>\n<\/blockquote>\n<p><strong><a class=\"dt-pswp-item\" href=\"https:\/\/www.radiopiu.net\/wordpress\/wp-content\/uploads\/2020\/07\/download-4.jpg\" data-dt-img-description=\"\" data-large_image_width=\"259\" data-large_image_height=\"194\"><img loading=\"lazy\" decoding=\"async\" class=\" wp-image-147691 alignleft\" src=\"https:\/\/www.radiopiu.net\/wordpress\/wp-content\/uploads\/2020\/07\/download-4.jpg\" alt=\"\" width=\"206\" height=\"154\" \/><\/a>ROCCA PIETORE<\/strong> Veneto Strade informa che da lunedi lungo la 641 del Passo Fedaia in localit\u00e0 Sottoguda oltre al senso unico atlernato regolato esclusivamente da movieri saranno possibili anche brevi interruzioni della durata massima di 5 minuti. L&#8217;ordinanza indispensabile per consentire i lavori di esbosco e cippatura delle piante. Il cantiere apre lunedi alle 7.30 e la data di fine lavori \u00e8 fissata al 3 agosto. I disagi tra le 7.30 e le 17.30 di ogni giorno, i lavori si fermeranno nei giorni festivi e prefestivi<\/p>\n<p>&nbsp;<\/p>\n<p>&nbsp;<\/p>\n<p>&nbsp;<\/p>\n<hr \/>\n<p>&nbsp;<\/p>\n<blockquote>\n<h3>FURTO A FELTRE, ATTIVITA&#8217; GARANTITA DALL&#8217;INTRAPRENDENZA DEI DIPENDENTI<\/h3>\n<\/blockquote>\n<p><strong>FELTRE<\/strong> I ladri entrano nell&#8217;azienda florovivaistica Mazzoccato e rubano tutti gli attrezzi per un valore di 60mila euro. Le telecamere hanno registrato i volti travisati di tre persone arrivate nel feltrino su un furgone. I 19 dipendenti ieri si sono rimboccati le maniche garantendo il servizio con i propri mezzi e attrezzi portati da casa.<\/p>\n<p>&nbsp;<\/p>\n<p>&nbsp;<\/p>\n<hr \/>\n<h3><\/h3>\n<blockquote>\n<h3>ANCORA UNA CADUTA CON LA BICICLETTA, FUORI PERICOLO IL GIOVANE DI VOLTAGO<\/h3>\n<\/blockquote>\n<p><strong>VAL DI ZOLDO<\/strong>\u00a0 Una ragazzina padovana di 14 anni \u00e8 caduta con la bicicletta in Val di Zoldo, caduta che ha fatto temere il peggio per lo stato confusionale della ragazzina. L&#8217;elicottero del Suem ha provveduto a trasportarla per un controllo al San Martino di Belluno, le sue condizioni non sono gravi. Incidente che ricorda quello che qualche giorno fa a Tiser ha coinvolto il 14enne di Voltago portato a Treviso in gravi condizioni ma ora fuori pericolo.<\/p>\n<p>&nbsp;<\/p>\n<p>&nbsp;<\/p>\n<hr \/>\n<blockquote>\n<h3><\/h3>\n<h3>8000 EURO PER I CANI, PAGA IL COMUNE<\/h3>\n<\/blockquote>\n<p><strong>BELLUNO<\/strong> Per i 14 cani lasciati in eredit\u00e0 alla citt\u00e0 dal clochard morto due anni fa a Levego il Comune di Belluno spende 8000 euro per pagare l&#8217;educatrice del gruppo Apaca, 5 animali sono ancora nel rifugio dell&#8217;associazione 9 sono stati dati a privati.<\/p>\n<p>&nbsp;<\/p>\n<p>&nbsp;<\/p>\n<hr \/>\n<p>&nbsp;<\/p>\n<blockquote>\n<h3>TROPPE CORSE SULLE STRADE, ECCO IL GIRO DI VITE<\/h3>\n<\/blockquote>\n<p><strong>PEDAVENA<\/strong> Contro l&#8217;alta velocit\u00e0 il Comune ha deciso di passare alle maniere forti dotando i vigili di autovelox per il controllo della velocit\u00e0 nei punti pi\u00f9 a rischio. L&#8217;apparecchiatura presa a noleggio servir\u00e0 soprattutto per garantire i servizi anche nei giorni festivi e prefestivi. Per il sindaco non \u00e8 un modo di fare cassa, ma garantire la sicurezza.<\/p>\n<p>&nbsp;<\/p>\n<p>&nbsp;<\/p>\n<hr \/>\n<blockquote>\n<h3><\/h3>\n<h3>NIDO DI VESPE IN CASA, ARRIVANO I POMPIERI<\/h3>\n<\/blockquote>\n<p><strong>FELTRE<\/strong> Una famiglia peraltro in quarantena ha chiesto l&#8217;intervento dei vigili del fuoco per un nido di vespe trovato tra le mura domestiche, dopo un vano tentativo di eliminare il nido che ha peggiorato la situazione facendolo cadere a terra, sono intervenuti gli uomini in rosso che hanno rimosso le vespe e messo in sicurezza i locali. Da tempo la rimozione di vespe, api, e altri animali non rientra pi\u00f9 tra i compiti dei vigili del fuoco, bens\u00ec da ditte specializzate, ma in questo caso la situazione lo ha richiesto essendo famiglia\u00a0 in isolamento domiciliare per covid19.<\/p>\n<p>&nbsp;<\/p>\n<p>&nbsp;<\/p>\n<hr \/>\n<blockquote>\n<h3>ZAIA SI IRRITA PER L&#8217;IMPENNATA DEL LIVELLO DI RISCHIO NEL VICENTINO MA IN SERATA LA ULSS BERICA SPEGNE LE PAURE NESSUN ULTERIORE CASO DI POSITIVITA&#8217; TRA I 52 SORVEGLIATI. 6 POSITIVI IN PI\u00d9 NELLE ULTIME 24 ORE, NESSUN DECESSO, 26 IN MENO IN ISOLAMENTO DOMICILIARE IN VENETO. A BELLUNO 6 PERSONE IN MENO IN ISOLAMENTO<\/h3>\n<p>&nbsp;<\/p><\/blockquote>\n<p><strong>di Mirko Mezzacasa<\/strong><\/p>\n<div class=\"page-title title-left solid-bg breadcrumbs-mobile-off page-title-responsive-enabled\">\n<div class=\"wf-wrap\">\n<div class=\"page-title-breadcrumbs\">\u00a0Il focolaio di covid19 nel vicentino fa aumentare il livello di rischio fino ad elevato, il presidente della Regione\u00a0 alla conferenza stampa di Marghera va su tutte le furie, chiede il ricovero coatto dei positivi e parla anche di &#8220;carcerazione&#8221; per gli irresponsabili come il vicentino tornato dalla Serbia che ha rifiutato il ricovero, che da positivo ha portato in giro il virus tra feste private e funerali per poi finire in terapia intensiva, che ora rischia la denuncia. Per questo il Governatore ha pronta una nuova ordinanza restrittiva che sar\u00e0 presentata lunedi. Sanzioni pesanti per chi viola l&#8217;isolamento. Zaia chiede al Governo di dotare le Regioni di strumenti per fare ricoveri coatti <em>&#8220;se serve &#8211; ha detto &#8211; dopo il ricovero buttiamo via le chiavi&#8221;.\u00a0<\/em>Dai 5 Stelle Baldin, Brusco e Scarabel la critica <em>&#8220;La smetta di cercare consensi facili, lasci parlare gli esperti&#8221;<\/em> Fiore da Forza Nuova rincara la dose <em>&#8220;Tutto questo rumore per 5 nuovi casi? Che il trattamento sanitario obbligato (Tso) lo faccia Zaia&#8221;. <\/em>In serata in merito all\u2019attivit\u00e0 di indagine circa i contagi Covid riscontrati nel Basso Vicentino, l\u2019Ulss Berica ha\u00a0 comunicato che tutti i 52 cittadini posti in via precauzionale sotto sorveglianza domiciliare sono stati sottoposti a tampone con esito negativo. Al momento sembrano dunque rientrare i timori di un\u2019ulteriore espansione del focolaio. Nonostante questa notizia rassicurante, la Direzione dell\u2019ULSS 8 Berica ha deciso di ampliare ulteriormente l\u2019azione di screening della popolazione potenzialmente coinvolta. In merito al virus importato dall&#8217;estero con l&#8217;imprenditore di ritorno dalla Serbia o con le badanti sul pullmino dalla Moldavia verso l&#8217;Italia, le Regioni chiedono al Governo una stretta perch\u00e9 il sistema ha messo in evidenza delle falle \u00e8 indiscutibile. Il nodo \u00e8 la necessit\u00e0 di aumentare i controlli su chi entra o rientra in Italia. <strong>I NUMERI\u00a0 IN VENETO:<\/strong> TOTALE POSITIVI 19316 \u00a0(+6)\u00a0 ATTUALMENTE POSITIVI 387 \u00a0(-3)\u00a0 DECESSI 2023 \u00a0(+0) NEGATIVIZZATI 16906 (+9) IN ISOLAMENTO 737 (-26)\u00a0 RICOVERATI\u00a0 169 (-3 \u2013 18 POSITIVI, 151 NEGATIVIZZATI), NEGLI OSPEDALI DI COMUNITA\u2019 RICOVERATI 26 (+0, 2 POSITIVI,\u00a0 24 NEGATIVIZZATI), IN TERAPIA INTENSIVA 9 (1 POSITIVI, \u00a09 NEGATIVIZZATI). DIMESSI 3611 \u00a0(+2)\u00a0<strong>I NUMERI IN PROVINCIA:<\/strong>\u00a0TOTALE CONTAGI 1194 (+0) , ATTUALMENTE POSITIVI 22 (+0) , DECEDUTI 112 (0), NEGATIVIZZATI 1060 (+0) ISOLAMENTO DOMICILIARE 90 (-6) RICOVERATI IN OSPEDALE AL SAN MARTINO 2 (0)<\/div>\n<\/div>\n<\/div>\n<p>&nbsp;<\/p>\n<p>&nbsp;<\/p>\n<blockquote class=\"wp-embedded-content\" data-secret=\"Ms4o9jnMeC\"><p><a href=\"https:\/\/www.radiopiu.net\/wordpress\/coronavirus-aggiornamento-nazionale-03-luglio\/\">CORONAVIRUS: AGGIORNAMENTO NAZIONALE 03 LUGLIO<\/a><\/p><\/blockquote>\n<p><iframe loading=\"lazy\" class=\"wp-embedded-content\" sandbox=\"allow-scripts\" security=\"restricted\" style=\"position: absolute; clip: rect(1px, 1px, 1px, 1px);\" title=\"&#8220;CORONAVIRUS: AGGIORNAMENTO NAZIONALE 03 LUGLIO&#8221; &#8212; Radio Pi\u00f9\" src=\"https:\/\/www.radiopiu.net\/wordpress\/coronavirus-aggiornamento-nazionale-03-luglio\/embed\/#?secret=Ms4o9jnMeC\" data-secret=\"Ms4o9jnMeC\" width=\"600\" height=\"338\" frameborder=\"0\" marginwidth=\"0\" marginheight=\"0\" scrolling=\"no\"><\/iframe><\/p>\n<p>&nbsp;<\/p>\n<p>&nbsp;<\/p>\n<hr \/>\n<p>&nbsp;<\/p>\n<p>&nbsp;<\/p>\n<blockquote class=\"wp-embedded-content\" data-secret=\"HvoAWlJpwg\"><p><a href=\"https:\/\/www.radiopiu.net\/wordpress\/6-positivi-in-piu-nelle-ultime-24-ore-nessun-decesso-3-persone-vengono-dimesse-dagli-ospedali-e-26-in-meno-in-isolamento-domiciliare-in-veneto-a-belluno-6-perone-in-meno-in-isolamento-al-san-marti\/\">6 POSITIVI IN PI\u00d9 NELLE ULTIME 24 ORE, NESSUN DECESSO, 3 PERSONE VENGONO DIMESSE DAGLI OSPEDALI E 26 IN MENO IN ISOLAMENTO DOMICILIARE IN VENETO. A BELLUNO 6 PERONE IN MENO IN ISOLAMENTO, AL SAN MARTINO SEMPRE 2 RICOVERI IN AREA NON CRITICA<\/a><\/p><\/blockquote>\n<p><iframe loading=\"lazy\" class=\"wp-embedded-content\" sandbox=\"allow-scripts\" security=\"restricted\" style=\"position: absolute; clip: rect(1px, 1px, 1px, 1px);\" title=\"&#8220;6 POSITIVI IN PI\u00d9 NELLE ULTIME 24 ORE, NESSUN DECESSO, 3 PERSONE VENGONO DIMESSE DAGLI OSPEDALI E 26 IN MENO IN ISOLAMENTO DOMICILIARE IN VENETO. A BELLUNO 6 PERONE IN MENO IN ISOLAMENTO, AL SAN MARTINO SEMPRE 2 RICOVERI IN AREA NON CRITICA&#8221; &#8212; Radio Pi\u00f9\" src=\"https:\/\/www.radiopiu.net\/wordpress\/6-positivi-in-piu-nelle-ultime-24-ore-nessun-decesso-3-persone-vengono-dimesse-dagli-ospedali-e-26-in-meno-in-isolamento-domiciliare-in-veneto-a-belluno-6-perone-in-meno-in-isolamento-al-san-marti\/embed\/#?secret=HvoAWlJpwg\" data-secret=\"HvoAWlJpwg\" width=\"600\" height=\"338\" frameborder=\"0\" marginwidth=\"0\" marginheight=\"0\" scrolling=\"no\"><\/iframe><\/p>\n<p>&nbsp;<\/p>\n<p>&nbsp;<\/p>\n<hr \/>\n<p>&nbsp;<\/p>\n<blockquote>\n<h3>DATI E GRAFICI DEL GIORNO, PROVINCIA \u2013 REGIONE 03 LUGLIO 2020<\/h3>\n<\/blockquote>\n<p><strong>Con la collaborazione di Tiziano De Col, fonte Sole 24 ore<\/strong><\/p>\n<p><a class=\"dt-pswp-item\" href=\"https:\/\/www.radiopiu.net\/wordpress\/wp-content\/uploads\/2020\/07\/Schermata-2020-07-03-alle-19.33.11.png\" data-dt-img-description=\"\" data-large_image_width=\"808\" data-large_image_height=\"444\"><img loading=\"lazy\" decoding=\"async\" class=\"alignnone wp-image-147800\" src=\"https:\/\/www.radiopiu.net\/wordpress\/wp-content\/uploads\/2020\/07\/Schermata-2020-07-03-alle-19.33.11-300x165.png\" alt=\"\" width=\"520\" height=\"286\" srcset=\"https:\/\/www.radiopiu.net\/wordpress\/wp-content\/uploads\/2020\/07\/Schermata-2020-07-03-alle-19.33.11-300x165.png 300w, https:\/\/www.radiopiu.net\/wordpress\/wp-content\/uploads\/2020\/07\/Schermata-2020-07-03-alle-19.33.11-768x422.png 768w, https:\/\/www.radiopiu.net\/wordpress\/wp-content\/uploads\/2020\/07\/Schermata-2020-07-03-alle-19.33.11.png 808w\" sizes=\"auto, (max-width: 520px) 100vw, 520px\" \/><\/a><a class=\"dt-pswp-item\" href=\"https:\/\/www.radiopiu.net\/wordpress\/wp-content\/uploads\/2020\/07\/1cc0b263-438e-4fa5-91b4-517ce39f5613.jpg\" data-dt-img-description=\"\" data-large_image_width=\"480\" data-large_image_height=\"532\"><img loading=\"lazy\" decoding=\"async\" class=\"alignnone size-medium wp-image-147801\" src=\"https:\/\/www.radiopiu.net\/wordpress\/wp-content\/uploads\/2020\/07\/1cc0b263-438e-4fa5-91b4-517ce39f5613-271x300.jpg\" alt=\"\" width=\"271\" height=\"300\" srcset=\"https:\/\/www.radiopiu.net\/wordpress\/wp-content\/uploads\/2020\/07\/1cc0b263-438e-4fa5-91b4-517ce39f5613-271x300.jpg 271w, https:\/\/www.radiopiu.net\/wordpress\/wp-content\/uploads\/2020\/07\/1cc0b263-438e-4fa5-91b4-517ce39f5613.jpg 480w\" sizes=\"auto, (max-width: 271px) 100vw, 271px\" \/><\/a><a class=\"dt-pswp-item\" href=\"https:\/\/www.radiopiu.net\/wordpress\/wp-content\/uploads\/2020\/07\/ab805b15-953f-422f-b05c-677ce6c16f28.jpg\" data-dt-img-description=\"\" data-large_image_width=\"480\" data-large_image_height=\"336\"><img loading=\"lazy\" decoding=\"async\" class=\"alignnone wp-image-147802\" src=\"https:\/\/www.radiopiu.net\/wordpress\/wp-content\/uploads\/2020\/07\/ab805b15-953f-422f-b05c-677ce6c16f28-300x210.jpg\" alt=\"\" width=\"424\" height=\"297\" srcset=\"https:\/\/www.radiopiu.net\/wordpress\/wp-content\/uploads\/2020\/07\/ab805b15-953f-422f-b05c-677ce6c16f28-300x210.jpg 300w, https:\/\/www.radiopiu.net\/wordpress\/wp-content\/uploads\/2020\/07\/ab805b15-953f-422f-b05c-677ce6c16f28.jpg 480w\" sizes=\"auto, (max-width: 424px) 100vw, 424px\" \/><\/a><\/p>\n<p>&nbsp;<\/p>\n<p>&nbsp;<\/p>\n<hr \/>\n<p>&nbsp;<\/p>\n<p>&nbsp;<\/p>\n<blockquote>\n<h3>&#8220;L&#8217;Rt sale a 1,63 Veneto da rischio basso a rischio elevato, sta capitando quello che si temeva&#8221; LUNEDI UNA NUOVA ORDINANZA RESTRITTIVA &#8220;FONDAMENTALE IL RICOVERO COATTO&#8221;<\/h3>\n<\/blockquote>\n<h2>LEGGI LA CONFERENZA STAMPA DI LUCA ZAIA<\/h2>\n<p><span style=\"color: #ff0000;\"><strong>LUNEDI NUOVA ORDINANZA PER INASPRIRE LE REGOLE<\/strong><\/span><\/p>\n<p><em>I numeri che preoccupano: \u00a052 persone in isolamento a Vicenza, nell&#8217;Ulss 6 Euganea\u00a0 una donna positiva\u00a0 reticente dichiara di gestire una profumeria con l&#8217;aiuto di una commessa ma nega i dati per il controllo sulle persone avvicinate. Ci sono irresponsabili, servono ulteriori restrizioni non \u00e8 dittatura me rispettare un piano di sanit\u00e0 pubblica. Ci sono persone che sapevano di essere positivi e rifiutano il ricovero ma va alla festa e non vuole dire con chi \u00e8 venuto in contatto. Ci sono gli estremi per fare denuncia bisogna denunciare. Abbiamo buttato via 4 mesi.\u00a0<\/em><\/p>\n<p>I numeri non sono postiivi: Rt 1,63 da 0,43 siamo passati da rischio basso a rischio elevato, prendiamo atto che una categoria di persone sui social si render\u00e0 responsabile della morte delle persone. Ora parliamo di postumi da coronavirus con problemi agli organi, perdita della mobilit\u00e0. Stiamo preparando la culla del neonato, quando torner\u00e0 forte qui non ce ne sar\u00e0 pi\u00f9 per nessuno. Non voglio terrorizzare i veneti, il punto stampa lo utilizziamo non per fare politica ma per dire le cose come stanno. Di questo passo non chiediamocelo nemmeno pi\u00f9 se il virus torna, ce l&#8217;abbiamo gi\u00e0 qui. Abbiamo 5 positivi a Padova, Vicenza (3), Verona, 52 gli isolamenti a Vicenza e 37 a Verona e questo non \u00e8 normale. <strong>FOCOLAIO DI VICENZA<\/strong> Il soggetto che ha scatenato il focolaio \u00e8 ritornato dalla Bosnia il 25 luglio i primi sintomi, il 26 e 27 una serie di\u00a0 contatti sul lavoro in ambito lavorativo ma non solo, il 28 fa il tampone e risulta positivo, rifiuta il ricovero. Che il Governo ci dia gli strumenti per difenderci, il ricovero deve essere coatto.\u00a0 Il 1\u00a0 luglio \u00e8 costretto al ricovero ed ora \u00e8 in rianimazione. L&#8217;uomo ha dato una lista di contatti avuti fino all&#8217;ultimo giorno prima del ricovero ha avuto contatti anche post tampone, dopo aver saputo di essere positivo<strong>.\u00a0<\/strong>Non se l&#8217;\u00e8 cavata nemmeno il collega che era in auto con lui oggi positivo. C&#8217;\u00e8 poi il caso di un veronese di ritorno da un viaggio e una donna di Padova che ha avuto contatti con il paziente zero e la donna gestisce una profumeria con l&#8217;aiuto di una commessa ad Adria. <strong>LUNEDI NUOVA ORDINANZA<\/strong>\u00a0 Fosse per me proporrei la carcerazione, non esiste che un postivo vada in giro a portare il viurs. Serve il TSO un ricovero coatto non si puo&#8217; discutere con chi si rifiuta di farsi ricoverare, bisogna essere severissimi con l&#8217;isoalmento fiduciario oppure andiamo allo schianto. Ci sono persone in isolamento un centinaio perch\u00e9 qualcuno non ha avuto il coraggio di fermarsi. Abbiamo buttato via 4 mesi a parlare di &#8220;banane&#8221; grazie a quel signore siamo passati da rischio basso a rischio elevato.<\/p>\n<p>https:\/\/www.facebook.com\/zaiaufficiale\/videos\/694125074487289\/<\/p>\n<p>&nbsp;<\/p>\n<p>&nbsp;<\/p>\n<hr \/>\n<p>&nbsp;<\/p>\n<p>&nbsp;<\/p>\n<blockquote>\n<h3>IL TWEET DEL MINISTRO D&#8217;INC\u00c0 SUI NUOVI CONTAGI IN VENETO<\/h3>\n<\/blockquote>\n<p><strong>ROMA\u00a0<\/strong>&#8220;Innalzamento indice del contagio in Veneto \u00e8 preoccupate. Il #Covid19 non \u00e8 ancora stato sconfitto e occorre continuare a mantenere alto livello di guardia. Bisogna procedere subito con i tamponi, identificare i focolai e interrompere la catena di contagio&#8221;. Questo il tweet del Ministro Federico D&#8217;Inc\u00e0<\/p>\n<p>&nbsp;<\/p>\n<p>&nbsp;<\/p>\n<hr \/>\n<p>&nbsp;<\/p>\n<p>&nbsp;<\/p>\n<blockquote>\n<h3>GRAZIE AI VOLONTARI ECCO LE TABELLE PER GLI ESCURSIONISTI<\/h3>\n<\/blockquote>\n<p><strong><a class=\"dt-pswp-item\" href=\"https:\/\/www.radiopiu.net\/wordpress\/wp-content\/uploads\/2020\/07\/2386d88f-faac-4d0d-bd8c-ffc10101a51e.jpg\" data-dt-img-description=\"\" data-large_image_width=\"728\" data-large_image_height=\"1296\"><img loading=\"lazy\" decoding=\"async\" class=\"size-medium wp-image-147674 alignleft\" src=\"https:\/\/www.radiopiu.net\/wordpress\/wp-content\/uploads\/2020\/07\/2386d88f-faac-4d0d-bd8c-ffc10101a51e-169x300.jpg\" alt=\"\" width=\"169\" height=\"300\" srcset=\"https:\/\/www.radiopiu.net\/wordpress\/wp-content\/uploads\/2020\/07\/2386d88f-faac-4d0d-bd8c-ffc10101a51e-169x300.jpg 169w, https:\/\/www.radiopiu.net\/wordpress\/wp-content\/uploads\/2020\/07\/2386d88f-faac-4d0d-bd8c-ffc10101a51e-575x1024.jpg 575w, https:\/\/www.radiopiu.net\/wordpress\/wp-content\/uploads\/2020\/07\/2386d88f-faac-4d0d-bd8c-ffc10101a51e.jpg 728w\" sizes=\"auto, (max-width: 169px) 100vw, 169px\" \/><\/a>COLLE SANTA LUCIA<\/strong> Tabella tira tabella&#8230;ed \u00e8 cos\u00ec che dalle 25 di sette anni fa oggi se ne contano 400, tutte in larice con impressi i nomi in ladino, italiano e tedesco. Un lavoro enorme quello messo in atto dai volontari locali e la spesa di 25 euro a tabella \u00e8 la minima parte dell&#8217;investimento se si pensa alle ore di lavoro,\u00a0 allo sforzo di questi uomini che si sono arrampicati sulle montagne per garantire percorsi sicuri e ben segnalati all&#8217;ospite. Il lavoro di sistemazione dei sentieri, messa in posa delle tabelle di cui molte anche in posti non raggiungibili con mezzi a motore, \u00e8 stato fatto da: Silvistro dell\u00b4Andrea, Eugenio Agostini, Angelo Frena, Luca dell\u00b4Andrea, Mattias dell\u00b4Andrea, <a class=\"dt-pswp-item\" href=\"https:\/\/www.radiopiu.net\/wordpress\/wp-content\/uploads\/2020\/07\/IMG-20200502-WA0010.jpg\" data-dt-img-description=\"\" data-large_image_width=\"598\" data-large_image_height=\"797\"><img loading=\"lazy\" decoding=\"async\" class=\"size-medium wp-image-147666 alignright\" src=\"https:\/\/www.radiopiu.net\/wordpress\/wp-content\/uploads\/2020\/07\/IMG-20200502-WA0010-225x300.jpg\" alt=\"\" width=\"225\" height=\"300\" srcset=\"https:\/\/www.radiopiu.net\/wordpress\/wp-content\/uploads\/2020\/07\/IMG-20200502-WA0010-225x300.jpg 225w, https:\/\/www.radiopiu.net\/wordpress\/wp-content\/uploads\/2020\/07\/IMG-20200502-WA0010.jpg 598w\" sizes=\"auto, (max-width: 225px) 100vw, 225px\" \/><\/a>Francesco Frena, Stefano Pezzei, Carlo Agostini, Christian Sala, Paolo Agostini, Omar Lorenzini, Paolo Moretti. Da inizio primavera sono state posizionate tabelle e segnavia a: Lavoi a Forzela de Naolao a Jof de Melei, Sopause a Forzela-Zopei-Coi. Inoltre 30 pali segnavia sul Triol dei Sciori da Fedare a Sofosch. Per completare la zona escursionistica nel 2021 verranno messe altre 25 tabelle sul sentiero 441 sul versante del Comune di Livinallongo che che porta al Castello di Andraz.<\/p>\n<p><strong>L&#8217;INIZIO<\/strong> Nel 2013 la Sch\u00fctzenkompanie Buchenstein ristruttur\u00f2 il capitello di St. Antone dei Vauz, successivamente Daniele dell\u00b4Andrea\u00a0 con Diego Grones e altri volontari di Colle pensarono di mettere delle tabelle per segnalare la presenza del capitello ed ecco le prime 25. In zona insistono molti sentieri con relativi incroci e dopo 8 anni ogni incrocio ha la sua indicazione, sul\u00a0 territorio comunale di Colle Santa Lucia ne ne contano 400.<\/p>\n<p><strong>I COSTI<\/strong> Le tabelle\u00a0 (25euro l&#8217;una) sono state finanziate dall\u00b4AVS Alpenverein e da Istitut Ladin C\u00e8sa de Jan con l&#8217;ex direttore Moreno Kerer e l\u00b4attuale Denni Dorigo. I pali segnavia e i pali per le tabelle sono stati omaggiati da artigiani del posto,\u00a0 Soave Codalonga ha provveduto a mettere il \u201e&#8221;berretto\u201c in lamieria su tutti i pali.<\/p>\n<p><a class=\"dt-pswp-item\" href=\"https:\/\/www.radiopiu.net\/wordpress\/wp-content\/uploads\/2020\/07\/IMG-20190721-WA0003.jpg\" data-dt-img-description=\"\" data-large_image_width=\"1095\" data-large_image_height=\"821\"><img loading=\"lazy\" decoding=\"async\" class=\"alignnone size-medium wp-image-147664\" src=\"https:\/\/www.radiopiu.net\/wordpress\/wp-content\/uploads\/2020\/07\/IMG-20190721-WA0003-300x225.jpg\" alt=\"\" width=\"300\" height=\"225\" srcset=\"https:\/\/www.radiopiu.net\/wordpress\/wp-content\/uploads\/2020\/07\/IMG-20190721-WA0003-300x225.jpg 300w, https:\/\/www.radiopiu.net\/wordpress\/wp-content\/uploads\/2020\/07\/IMG-20190721-WA0003-1024x768.jpg 1024w, https:\/\/www.radiopiu.net\/wordpress\/wp-content\/uploads\/2020\/07\/IMG-20190721-WA0003-768x576.jpg 768w, https:\/\/www.radiopiu.net\/wordpress\/wp-content\/uploads\/2020\/07\/IMG-20190721-WA0003.jpg 1095w\" sizes=\"auto, (max-width: 300px) 100vw, 300px\" \/><\/a><a class=\"dt-pswp-item\" href=\"https:\/\/www.radiopiu.net\/wordpress\/wp-content\/uploads\/2020\/07\/20200524_163213.jpg\" data-dt-img-description=\"\" data-large_image_width=\"616\" data-large_image_height=\"821\"><img loading=\"lazy\" decoding=\"async\" class=\"alignnone wp-image-147659\" src=\"https:\/\/www.radiopiu.net\/wordpress\/wp-content\/uploads\/2020\/07\/20200524_163213-225x300.jpg\" alt=\"\" width=\"167\" height=\"223\" srcset=\"https:\/\/www.radiopiu.net\/wordpress\/wp-content\/uploads\/2020\/07\/20200524_163213-225x300.jpg 225w, https:\/\/www.radiopiu.net\/wordpress\/wp-content\/uploads\/2020\/07\/20200524_163213.jpg 616w\" sizes=\"auto, (max-width: 167px) 100vw, 167px\" \/><\/a><a class=\"dt-pswp-item\" href=\"https:\/\/www.radiopiu.net\/wordpress\/wp-content\/uploads\/2020\/07\/IMG-20200524-WA0001.jpg\" data-dt-img-description=\"\" data-large_image_width=\"462\" data-large_image_height=\"821\"><img loading=\"lazy\" decoding=\"async\" class=\"alignnone wp-image-147668\" src=\"https:\/\/www.radiopiu.net\/wordpress\/wp-content\/uploads\/2020\/07\/IMG-20200524-WA0001-169x300.jpg\" alt=\"\" width=\"127\" height=\"226\" srcset=\"https:\/\/www.radiopiu.net\/wordpress\/wp-content\/uploads\/2020\/07\/IMG-20200524-WA0001-169x300.jpg 169w, https:\/\/www.radiopiu.net\/wordpress\/wp-content\/uploads\/2020\/07\/IMG-20200524-WA0001.jpg 462w\" sizes=\"auto, (max-width: 127px) 100vw, 127px\" \/><\/a><\/p>\n<p>&nbsp;<\/p>\n<p>&nbsp;<\/p>\n<blockquote>\n<h2><strong>L\u00b4alpenverein Buchenstein e il CAI Livinallongo sono uniti sotto la \u201eLia da Mont Ladinia C\u00f2l e Fodom\u201c<\/strong><\/h2>\n<\/blockquote>\n<p><strong><a class=\"dt-pswp-item\" href=\"https:\/\/www.radiopiu.net\/wordpress\/wp-content\/uploads\/2020\/07\/20200509_084629.jpg\" data-dt-img-description=\"\" data-large_image_width=\"616\" data-large_image_height=\"821\"><img loading=\"lazy\" decoding=\"async\" class=\"size-medium wp-image-147675 alignleft\" src=\"https:\/\/www.radiopiu.net\/wordpress\/wp-content\/uploads\/2020\/07\/20200509_084629-225x300.jpg\" alt=\"\" width=\"225\" height=\"300\" srcset=\"https:\/\/www.radiopiu.net\/wordpress\/wp-content\/uploads\/2020\/07\/20200509_084629-225x300.jpg 225w, https:\/\/www.radiopiu.net\/wordpress\/wp-content\/uploads\/2020\/07\/20200509_084629.jpg 616w\" sizes=\"auto, (max-width: 225px) 100vw, 225px\" \/><\/a>LA STORIA<\/strong> A Londra nel 1857 viene fondato l Alpin Club. Nell\u00b4anno 1862 Paul Grohmann fonda l\u00b4\u00d6sterreichischer Alpenverein, nel 1869 a Monaco di Baviera nasce il Deutsches Alpenverein, nel 1873 si fondono formando il Deutscher und \u00d6sterreichischer Alpenverein. A Tornio nel 1863 nasce il Club Alpino Italiano. Nel 1881 viene fondata la Du\u00d6AV &#8211; Sektion Ampezzo. Nel 1886 il Prof. Dr. Johan Alton fonda la Du\u00d6AV Sektion Ladinia che comprendeva Alta e Bassa Badia, Colle Santa Lucia e Livinallongo. Nel 1903 Colle e Livinallongo si staccano per formare la Du\u00d6AV Sektion Ladinia Du\u00d6AV Sektion Ladinia, il consiglio era formato da: Dr. Anton de Sisti, Franz Finazzer, Alessio Lezuo, Angelo Finazzer e Celestin Finazzer. La Sezione <a class=\"dt-pswp-item\" href=\"https:\/\/www.radiopiu.net\/wordpress\/wp-content\/uploads\/2020\/07\/fd75eaa8-0c38-43af-ab2f-6f31445e5fae.jpg\" data-dt-img-description=\"\" data-large_image_width=\"1152\" data-large_image_height=\"2048\"><img loading=\"lazy\" decoding=\"async\" class=\"size-medium wp-image-147663 alignright\" src=\"https:\/\/www.radiopiu.net\/wordpress\/wp-content\/uploads\/2020\/07\/fd75eaa8-0c38-43af-ab2f-6f31445e5fae-169x300.jpg\" alt=\"\" width=\"169\" height=\"300\" srcset=\"https:\/\/www.radiopiu.net\/wordpress\/wp-content\/uploads\/2020\/07\/fd75eaa8-0c38-43af-ab2f-6f31445e5fae-169x300.jpg 169w, https:\/\/www.radiopiu.net\/wordpress\/wp-content\/uploads\/2020\/07\/fd75eaa8-0c38-43af-ab2f-6f31445e5fae-576x1024.jpg 576w, https:\/\/www.radiopiu.net\/wordpress\/wp-content\/uploads\/2020\/07\/fd75eaa8-0c38-43af-ab2f-6f31445e5fae-768x1365.jpg 768w, https:\/\/www.radiopiu.net\/wordpress\/wp-content\/uploads\/2020\/07\/fd75eaa8-0c38-43af-ab2f-6f31445e5fae-864x1536.jpg 864w, https:\/\/www.radiopiu.net\/wordpress\/wp-content\/uploads\/2020\/07\/fd75eaa8-0c38-43af-ab2f-6f31445e5fae.jpg 1152w\" sizes=\"auto, (max-width: 169px) 100vw, 169px\" \/><\/a>sopravvive la guerra per poi essere chiusa delle leggi fasciste nel 1923.<\/p>\n<p>Nei primi anni del 900 fra Livinallongo e Colle c\u00b4erano 8 Guide Alpine (Bergf\u00fchrer): Gioachin e Giovanni Battista Agostini da Colle, Jaco Decassian da Andraz, Luigi e Piere Delmonego da Pieve, Angelo Irsara da Arabba, Giuseppe Lezuo da Arabba e Luigi Pallua da Colle (Bergf\u00fchrer-Aspirant). La sezione CAI Livinallongo viene aperta nel 1930, per poi essere chiusa nel 1936. Nel 1970 viene rifondata da Bruno Trebo, Gilberto Salvatore, Dr. Piergiovanni Fain, Tito e Olivio Debiasio, Dario Crepaz, Ivo Devich e Ugo Debattista. Giovedi 17 luglio 2014 viene rifondata dopo pi\u00fa di 90 anni la sezione dell\u00b4Alpenverein Buchenstein, che insieme alle Ortstellen: Bruneck, Antholzertal, Kiens, Ladinia la Val, Maero Enneberg e \u2013St.Lorenzen formano la Sektion Bruneck. Nel 2016 poi c\u00b4\u00e8 una novit\u00e1 le tre Ortstellen ladine di Buchenstein, Mareo Enneberg e La Val si staccano dalla sezione pusterese di Brunico for formare la nuova Sektion Ladinia con Presidente Paul Erlacher a cui si unisce anche la nuova fondata di San Martino in Badia. Presidente dell\u00b4Alpenverein Buchenstein \u00e8 Diego Grones e vice presidente Daniele Dell\u00b4Andrea.<\/p>\n<p>&nbsp;<\/p>\n<p>&nbsp;<\/p>\n<hr \/>\n<p>&nbsp;<\/p>\n<p>&nbsp;<\/p>\n<blockquote>\n<h2>SCHIANTI SULLE PALE DI SAN LUCANO, SARANNO REALIZZATE DUE STRADE<\/h2>\n<\/blockquote>\n<p><strong><a class=\"dt-pswp-item\" href=\"https:\/\/www.radiopiu.net\/wordpress\/wp-content\/uploads\/2019\/11\/WhatsApp-Image-2020-02-14-at-12.39.31.jpeg\" data-dt-img-description=\"\" data-large_image_width=\"1599\" data-large_image_height=\"799\"><img loading=\"lazy\" decoding=\"async\" class=\"size-medium wp-image-117443 alignleft\" src=\"https:\/\/www.radiopiu.net\/wordpress\/wp-content\/uploads\/2019\/11\/WhatsApp-Image-2020-02-14-at-12.39.31-300x150.jpeg\" alt=\"\" width=\"300\" height=\"150\" srcset=\"https:\/\/www.radiopiu.net\/wordpress\/wp-content\/uploads\/2019\/11\/WhatsApp-Image-2020-02-14-at-12.39.31-300x150.jpeg 300w, https:\/\/www.radiopiu.net\/wordpress\/wp-content\/uploads\/2019\/11\/WhatsApp-Image-2020-02-14-at-12.39.31-1024x512.jpeg 1024w, https:\/\/www.radiopiu.net\/wordpress\/wp-content\/uploads\/2019\/11\/WhatsApp-Image-2020-02-14-at-12.39.31-768x384.jpeg 768w, https:\/\/www.radiopiu.net\/wordpress\/wp-content\/uploads\/2019\/11\/WhatsApp-Image-2020-02-14-at-12.39.31-1536x768.jpeg 1536w, https:\/\/www.radiopiu.net\/wordpress\/wp-content\/uploads\/2019\/11\/WhatsApp-Image-2020-02-14-at-12.39.31.jpeg 1599w\" sizes=\"auto, (max-width: 300px) 100vw, 300px\" \/><\/a>TAIBON<\/strong>\u00a0 Ieri sera l\u2019amministrazione comunale ha incontrato il \u201cComitato Spontaneo di salvaguardia e prevenzione del territorio costituitosi in seguito all\u2019incendio dell&#8217;autunno 2018 per presentare l\u2019idea progettuale relativa all\u2019intervento sulla prima Pala di San Lucano, intervento finanziato con\u00a0 i fondi dell\u2019Emergenza post Vaia, parliamo di 1 milione di euro. Verranno realizzate due strade: una a quota\u00a0 750 metri per agevolare il prelievo del legname schiantato; l\u2019altra, tra la localit\u00e0 Roa del Forn (all&#8217;inizio della Valle di San Lucano) ed il primo tornante della strada che conduce al Forte in localit\u00e0 Peden propedeutica alla realizzazione di opere di difesa dell\u2019abitato. Il sindaco Silvia Tormen a nome dell&#8217;amministrazione comunale ha chiesto al Comitato di collaborare per la parte relativa alla raccolta delle firme dei proprietari dei terreni privati che saranno interessati dalle opere. L\u2019assenso\u00a0 \u00e8 infatti condizione indispensabile per la realizzazione dell\u2019intervento pi\u00f9 a valle.<em> &#8220;I tempi sono molto stretti &#8211; dice il sindaco &#8211;\u00a0 entro il 15 di settembre le opere dovranno essere cantierate, entro una decina di giorni i consensi ottenuti; confidiamo nella la collaborazione da parte di tutti&#8221;.<\/em><\/p>\n<p>&nbsp;<\/p>\n<p>&nbsp;<\/p>\n<hr \/>\n<h3><\/h3>\n<p>&nbsp;<\/p>\n<blockquote>\n<h3>IL PRONTO SOCCORSO DI AGORDO RINGRAZIA PER LE DONAZIONI<\/h3>\n<\/blockquote>\n<p><a class=\"dt-pswp-item\" href=\"https:\/\/www.radiopiu.net\/wordpress\/wp-content\/uploads\/2020\/07\/Ranieri-Giuseppe-Cravero.jpg\" data-dt-img-description=\"\" data-large_image_width=\"1443\" data-large_image_height=\"1600\"><img loading=\"lazy\" decoding=\"async\" class=\"size-medium wp-image-147811 alignleft\" src=\"https:\/\/www.radiopiu.net\/wordpress\/wp-content\/uploads\/2020\/07\/Ranieri-Giuseppe-Cravero-271x300.jpg\" alt=\"\" width=\"271\" height=\"300\" srcset=\"https:\/\/www.radiopiu.net\/wordpress\/wp-content\/uploads\/2020\/07\/Ranieri-Giuseppe-Cravero-271x300.jpg 271w, https:\/\/www.radiopiu.net\/wordpress\/wp-content\/uploads\/2020\/07\/Ranieri-Giuseppe-Cravero-924x1024.jpg 924w, https:\/\/www.radiopiu.net\/wordpress\/wp-content\/uploads\/2020\/07\/Ranieri-Giuseppe-Cravero-768x852.jpg 768w, https:\/\/www.radiopiu.net\/wordpress\/wp-content\/uploads\/2020\/07\/Ranieri-Giuseppe-Cravero-1385x1536.jpg 1385w, https:\/\/www.radiopiu.net\/wordpress\/wp-content\/uploads\/2020\/07\/Ranieri-Giuseppe-Cravero.jpg 1443w\" sizes=\"auto, (max-width: 271px) 100vw, 271px\" \/><\/a>di Gianni Santomaso<\/p>\n<p><em>(FOTO: Ranieri Giuseppe Cravero, Primario Pronto Soccorso Agordo)<\/em><\/p>\n<audio class=\"wp-audio-shortcode\" id=\"audio-147639-1\" preload=\"none\" style=\"width: 100%;\" controls=\"controls\"><source type=\"audio\/mpeg\" src=\"https:\/\/www.radiopiu.net\/wordpress\/wp-content\/uploads\/2020\/07\/GIANNI-PRONTO-SOCCORSO-AGORDO.mp3?_=1\" \/><a href=\"https:\/\/www.radiopiu.net\/wordpress\/wp-content\/uploads\/2020\/07\/GIANNI-PRONTO-SOCCORSO-AGORDO.mp3\">https:\/\/www.radiopiu.net\/wordpress\/wp-content\/uploads\/2020\/07\/GIANNI-PRONTO-SOCCORSO-AGORDO.mp3<\/a><\/audio>\n<p>&nbsp;<\/p>\n<p>&nbsp;<\/p>\n<hr \/>\n<p>&nbsp;<\/p>\n<blockquote>\n<h3>PREFETTURA E ULSS SI IMPEGNANO NELLA PREVENZIONE DELLE INGERENZE ILLECITE NELL&#8217;ECONOMIA LEGALE<\/h3>\n<\/blockquote>\n<p><strong><a class=\"dt-pswp-item\" href=\"https:\/\/www.radiopiu.net\/wordpress\/wp-content\/uploads\/2020\/06\/WhatsApp-Image-2020-06-14-at-12.45.31.jpeg\" data-dt-img-description=\"\" data-large_image_width=\"960\" data-large_image_height=\"720\"><img loading=\"lazy\" decoding=\"async\" class=\"size-medium wp-image-144745 alignleft\" src=\"https:\/\/www.radiopiu.net\/wordpress\/wp-content\/uploads\/2020\/06\/WhatsApp-Image-2020-06-14-at-12.45.31-300x225.jpeg\" alt=\"\" width=\"300\" height=\"225\" srcset=\"https:\/\/www.radiopiu.net\/wordpress\/wp-content\/uploads\/2020\/06\/WhatsApp-Image-2020-06-14-at-12.45.31-300x225.jpeg 300w, https:\/\/www.radiopiu.net\/wordpress\/wp-content\/uploads\/2020\/06\/WhatsApp-Image-2020-06-14-at-12.45.31-768x576.jpeg 768w, https:\/\/www.radiopiu.net\/wordpress\/wp-content\/uploads\/2020\/06\/WhatsApp-Image-2020-06-14-at-12.45.31.jpeg 960w\" sizes=\"auto, (max-width: 300px) 100vw, 300px\" \/><\/a>BELLUNO <\/strong>Il Prefetto, Adriana Cogode, ed il Direttore Generale della ULSS n. 1 Dolomiti, Adriano Rasi Caldogno, hanno sottoscritto l\u2019 \u201c<em>Intesa per la legalit\u00e0 e la prevenzione dei tentativi di infiltrazione criminale<\/em>\u201d. L\u2019accordo ha come obiettivo quello di realizzare un\u2019efficace \u201cbarriera\u201d alle possibili attenzioni delle consorterie criminali in un settore \u2013 quello della sanit\u00e0 \u2013 in cui nei prossimi anni, a seguito dell\u2019emergenza epidemiologica covid19, maggiori saranno gli investimenti pubblici. Viene rafforzato il sistema di cautele previste dall\u2019ordinamento antimafia, garantendo comunque la celere realizzazione degli interventi. Nei settori sensibili, la partecipazione delle imprese alle gare di appalto di lavori indette dalla ULSS sar\u00e0 subordinata all\u2019iscrizione delle stesse nella white list provinciale ovvero alla comprovata presentazione di domanda in tal senso. Analoga prova sar\u00e0 richiesta, a cura della ditta aggiudicataria, nei confronti di ogni subcontraente o fornitore di tutto il processo di filiera. Inoltre, al di fuori di detti settori, saranno assicurati, nei confronti di tutti gli operatori impegnati nei lavori, i pi\u00f9 rigorosi controlli previsti per il rilascio dell\u2019informazione antimafia. La ULSS si \u00e8 inoltre impegnata ad inserire, nei bandi di gara e contratti in questione, specifiche clausole volte a garantire la corretta attuazione dell\u2019intesa e rendere effettivi i controlli ivi previsti. Massima attenzione sar\u00e0 inoltre assicurata al tema della sicurezza sul lavoro. \u201c<em>Quello della provincia di Belluno <\/em>\u2013 ha sottolineato il Prefetto \u2013<em> \u00e8 un territorio ed un tessuto economico sano. Con l\u2019intesa sottoscritta\u00a0 che si pone in linea con le indicazioni fornite dal Ministro dell\u2019Interno con la direttiva del 10 aprile scorso, intendiamo preservarlo da eventuali tentativi ingerenza criminale nell\u2019economia legale che potrebbero essere favoriti dalla situazione di difficolt\u00e0 legata alla grave emergenza epidemiologica da COVID \u2013 19. L\u2019accordo raggiunto d\u2019intesa con il Direttore Generale della ULSS, dr. Rasi Caldogno, che ringrazio la sensibilit\u00e0 dimostrata, rappresenta il primo passo di un pi\u00f9 vasto progetto di prevenzione, che coinvolger\u00e0 anche i Comuni e le associazioni di categoria, che intende intercettare, oltre ai tentativi di infiltrazione delle consorterie criminali e le possibili interferenze lesive per lo sviluppo dell\u2019economia, anche i segnali di disagio per il difficile momento che la nostra comunit\u00e0 sta vivendo<\/em>\u201d.<\/p>\n<p>&nbsp;<\/p>\n<p>&nbsp;<\/p>\n<p>&nbsp;<\/p>\n<hr \/>\n<p>&nbsp;<\/p>\n<p>&nbsp;<\/p>\n<blockquote>\n<h3>GLI SCAVI A PALAZZO CREPADONA, FOTO E DICHIARAZIONI AUDIO<\/h3>\n<\/blockquote>\n<p><strong>BELLUN<\/strong>O Sopralluogo al cantiere della Mediateca delle Dolomiti che trover\u00e0 spazio a Palazzo Crepadona.<\/p>\n<p>&nbsp;<\/p>\n<p><a class=\"dt-pswp-item\" href=\"https:\/\/www.radiopiu.net\/wordpress\/wp-content\/uploads\/2020\/07\/Scavi-archeologici-Palazzo-Crepadona-5.jpeg\" data-dt-img-description=\"\" data-large_image_width=\"1600\" data-large_image_height=\"737\"><img loading=\"lazy\" decoding=\"async\" class=\"alignnone wp-image-147718\" src=\"https:\/\/www.radiopiu.net\/wordpress\/wp-content\/uploads\/2020\/07\/Scavi-archeologici-Palazzo-Crepadona-5-300x138.jpeg\" alt=\"\" width=\"235\" height=\"108\" srcset=\"https:\/\/www.radiopiu.net\/wordpress\/wp-content\/uploads\/2020\/07\/Scavi-archeologici-Palazzo-Crepadona-5-300x138.jpeg 300w, https:\/\/www.radiopiu.net\/wordpress\/wp-content\/uploads\/2020\/07\/Scavi-archeologici-Palazzo-Crepadona-5-1024x472.jpeg 1024w, https:\/\/www.radiopiu.net\/wordpress\/wp-content\/uploads\/2020\/07\/Scavi-archeologici-Palazzo-Crepadona-5-768x354.jpeg 768w, https:\/\/www.radiopiu.net\/wordpress\/wp-content\/uploads\/2020\/07\/Scavi-archeologici-Palazzo-Crepadona-5-1536x708.jpeg 1536w, https:\/\/www.radiopiu.net\/wordpress\/wp-content\/uploads\/2020\/07\/Scavi-archeologici-Palazzo-Crepadona-5.jpeg 1600w\" sizes=\"auto, (max-width: 235px) 100vw, 235px\" \/><\/a><a class=\"dt-pswp-item\" href=\"https:\/\/www.radiopiu.net\/wordpress\/wp-content\/uploads\/2020\/07\/Scavi-archeologici-Palazzo-Crepadona-4.jpeg\" data-dt-img-description=\"\" data-large_image_width=\"1600\" data-large_image_height=\"737\"><img loading=\"lazy\" decoding=\"async\" class=\"alignnone wp-image-147717\" src=\"https:\/\/www.radiopiu.net\/wordpress\/wp-content\/uploads\/2020\/07\/Scavi-archeologici-Palazzo-Crepadona-4-300x138.jpeg\" alt=\"\" width=\"232\" height=\"107\" srcset=\"https:\/\/www.radiopiu.net\/wordpress\/wp-content\/uploads\/2020\/07\/Scavi-archeologici-Palazzo-Crepadona-4-300x138.jpeg 300w, https:\/\/www.radiopiu.net\/wordpress\/wp-content\/uploads\/2020\/07\/Scavi-archeologici-Palazzo-Crepadona-4-1024x472.jpeg 1024w, https:\/\/www.radiopiu.net\/wordpress\/wp-content\/uploads\/2020\/07\/Scavi-archeologici-Palazzo-Crepadona-4-768x354.jpeg 768w, https:\/\/www.radiopiu.net\/wordpress\/wp-content\/uploads\/2020\/07\/Scavi-archeologici-Palazzo-Crepadona-4-1536x708.jpeg 1536w, https:\/\/www.radiopiu.net\/wordpress\/wp-content\/uploads\/2020\/07\/Scavi-archeologici-Palazzo-Crepadona-4.jpeg 1600w\" sizes=\"auto, (max-width: 232px) 100vw, 232px\" \/><\/a><a class=\"dt-pswp-item\" href=\"https:\/\/www.radiopiu.net\/wordpress\/wp-content\/uploads\/2020\/07\/Scavi-archeologici-Palazzo-Crepadona-3.jpeg\" data-dt-img-description=\"\" data-large_image_width=\"1600\" data-large_image_height=\"737\"><img loading=\"lazy\" decoding=\"async\" class=\"alignnone wp-image-147716\" src=\"https:\/\/www.radiopiu.net\/wordpress\/wp-content\/uploads\/2020\/07\/Scavi-archeologici-Palazzo-Crepadona-3-300x138.jpeg\" alt=\"\" width=\"228\" height=\"105\" srcset=\"https:\/\/www.radiopiu.net\/wordpress\/wp-content\/uploads\/2020\/07\/Scavi-archeologici-Palazzo-Crepadona-3-300x138.jpeg 300w, https:\/\/www.radiopiu.net\/wordpress\/wp-content\/uploads\/2020\/07\/Scavi-archeologici-Palazzo-Crepadona-3-1024x472.jpeg 1024w, https:\/\/www.radiopiu.net\/wordpress\/wp-content\/uploads\/2020\/07\/Scavi-archeologici-Palazzo-Crepadona-3-768x354.jpeg 768w, https:\/\/www.radiopiu.net\/wordpress\/wp-content\/uploads\/2020\/07\/Scavi-archeologici-Palazzo-Crepadona-3-1536x708.jpeg 1536w, https:\/\/www.radiopiu.net\/wordpress\/wp-content\/uploads\/2020\/07\/Scavi-archeologici-Palazzo-Crepadona-3.jpeg 1600w\" sizes=\"auto, (max-width: 228px) 100vw, 228px\" \/><\/a><\/p>\n<p>&nbsp;<\/p>\n<p><strong>L&#8217;ASSESSORE ALLA CULTURA MARCO PERALE<\/strong><\/p>\n<audio class=\"wp-audio-shortcode\" id=\"audio-147639-2\" preload=\"none\" style=\"width: 100%;\" controls=\"controls\"><source type=\"audio\/mpeg\" src=\"https:\/\/www.radiopiu.net\/wordpress\/wp-content\/uploads\/2020\/07\/Marco-Perale-Assessore-Cultura-Scavi-archeologici-Palazzo-Crepadona.mp3?_=2\" \/><a href=\"https:\/\/www.radiopiu.net\/wordpress\/wp-content\/uploads\/2020\/07\/Marco-Perale-Assessore-Cultura-Scavi-archeologici-Palazzo-Crepadona.mp3\">https:\/\/www.radiopiu.net\/wordpress\/wp-content\/uploads\/2020\/07\/Marco-Perale-Assessore-Cultura-Scavi-archeologici-Palazzo-Crepadona.mp3<\/a><\/audio>\n<p>&nbsp;<\/p>\n<p><strong>L&#8217;ASSESSORE ALLA RIGENERAZIONE URBANA FRANCO FRISON<\/strong><\/p>\n<audio class=\"wp-audio-shortcode\" id=\"audio-147639-3\" preload=\"none\" style=\"width: 100%;\" controls=\"controls\"><source type=\"audio\/mpeg\" src=\"https:\/\/www.radiopiu.net\/wordpress\/wp-content\/uploads\/2020\/07\/Franco-Frison-Assessore-Rigenerazione-Urbana-Scavi-archeologici-Palazzo-Crepadona.mp3?_=3\" \/><a href=\"https:\/\/www.radiopiu.net\/wordpress\/wp-content\/uploads\/2020\/07\/Franco-Frison-Assessore-Rigenerazione-Urbana-Scavi-archeologici-Palazzo-Crepadona.mp3\">https:\/\/www.radiopiu.net\/wordpress\/wp-content\/uploads\/2020\/07\/Franco-Frison-Assessore-Rigenerazione-Urbana-Scavi-archeologici-Palazzo-Crepadona.mp3<\/a><\/audio>\n<p>&nbsp;<\/p>\n<p><strong>L&#8217;ARCHEOLOGO DAVIDE PACITTI<\/strong><\/p>\n<audio class=\"wp-audio-shortcode\" id=\"audio-147639-4\" preload=\"none\" style=\"width: 100%;\" controls=\"controls\"><source type=\"audio\/mpeg\" src=\"https:\/\/www.radiopiu.net\/wordpress\/wp-content\/uploads\/2020\/07\/Davide-Pacitti-Archeologo-Scavi-archeologici-Palazzo-Crepadona.mp3?_=4\" \/><a href=\"https:\/\/www.radiopiu.net\/wordpress\/wp-content\/uploads\/2020\/07\/Davide-Pacitti-Archeologo-Scavi-archeologici-Palazzo-Crepadona.mp3\">https:\/\/www.radiopiu.net\/wordpress\/wp-content\/uploads\/2020\/07\/Davide-Pacitti-Archeologo-Scavi-archeologici-Palazzo-Crepadona.mp3<\/a><\/audio>\n<p>&nbsp;<\/p>\n<p>&nbsp;<\/p>\n<p>&nbsp;<\/p>\n<hr \/>\n<p>&nbsp;<\/p>\n<p>&nbsp;<\/p>\n<blockquote>\n<h3>CORTINA 2021 \u201cIL SISTEMA DELLE IMPRESE SI FAR\u00c0 TROVARE PRONTO. UN GRANDE EVENTO PER LASCIARSI ALLE SPALLE L\u2019INCUBO DELLA PANDEMIA\u201d<\/h3>\n<\/blockquote>\n<p><strong>BELLUNO\u00a0 <\/strong><em>\u201cIl sistema imprenditoriale ampezzano e bellunese si far\u00e0 trovare pronto e dar\u00e0, come sempre, il proprio fondamentale contributo alla riuscita di un appuntamento fondamentale per tutto il territorio\u201d.<\/em>\u00a0A dirlo \u00e8 la presidente di Confindustria Belluno Dolomiti Lorraine Berton all\u2019indomani della decisione della Fis di confermare i mondiali di sci alpino a Cortina dal 9 al 21 febbraio 2021. <em>\u201cCerto \u2013 prosegue Lorraine Berton \u2013 preoccupano i ritardi accumulati per le varianti di Tai, Valle, San Vito e Cortina. Nelle prossime settimane, torner\u00e0 a riunirsi il Tavolo delle Infrastrutture, il primo su mandato dell\u2019amministrazione provinciale, proprio con l\u2019obiettivo di fare il punto della situazione e di condividere le prossime iniziative da mettere in campo, anche in vista dell\u2019altro grande evento: le Olimpiadi Invernali del 2026\u201d.<\/em><\/p>\n<p>&nbsp;<\/p>\n<p>&nbsp;<\/p>\n<hr \/>\n<p>&nbsp;<\/p>\n<blockquote>\n<h3>TRASPORTO PUBBLICO LOCALE: NUOVO ORARIO ESTIVO IN VIGORE DA LUNED\u00cc 6 LUGLIO, ANCHE CON CORSE TURISTICHE<\/h3>\n<\/blockquote>\n<p><strong><a class=\"dt-pswp-item\" href=\"https:\/\/www.radiopiu.net\/wordpress\/wp-content\/uploads\/2020\/06\/f662441c-c6a1-40df-8978-3ff5202173f9.jpg\" data-dt-img-description=\"\" data-large_image_width=\"1280\" data-large_image_height=\"960\"><img loading=\"lazy\" decoding=\"async\" class=\"size-medium wp-image-145519 alignleft\" src=\"https:\/\/www.radiopiu.net\/wordpress\/wp-content\/uploads\/2020\/06\/f662441c-c6a1-40df-8978-3ff5202173f9-300x225.jpg\" alt=\"\" width=\"300\" height=\"225\" srcset=\"https:\/\/www.radiopiu.net\/wordpress\/wp-content\/uploads\/2020\/06\/f662441c-c6a1-40df-8978-3ff5202173f9-300x225.jpg 300w, https:\/\/www.radiopiu.net\/wordpress\/wp-content\/uploads\/2020\/06\/f662441c-c6a1-40df-8978-3ff5202173f9-1024x768.jpg 1024w, https:\/\/www.radiopiu.net\/wordpress\/wp-content\/uploads\/2020\/06\/f662441c-c6a1-40df-8978-3ff5202173f9-768x576.jpg 768w, https:\/\/www.radiopiu.net\/wordpress\/wp-content\/uploads\/2020\/06\/f662441c-c6a1-40df-8978-3ff5202173f9.jpg 1280w\" sizes=\"auto, (max-width: 300px) 100vw, 300px\" \/><\/a>BELLUNO\u00a0<\/strong>Entrer\u00e0 in vigore da luned\u00ec prossimo (6 luglio) l\u2019orario estivo del trasporto pubblico locale. La Provincia ha dato il via libera ieri alla proposta di Dolomitibus. In concomitanza, verr\u00e0 allargato il raggio d\u2019azione dei mezzi, per coprire aree che finora erano rimaste scoperte a causa delle misure anti-Covid, e per potenziare linee che negli ultimi mesi erano state ridotte. Saranno garantite anche alcune tratte di collegamento con localit\u00e0 di montagna e di villeggiatura, a beneficio sia dei flussi turistici sia dei residenti.\u00a0\u00a0La Provincia sta lavorando per risolvere anche la questione legata al trasporto scolastico. E proprio ieri il presidente Padrin ha avuto un incontro, in videoconferenza, con gli altri presidenti delle Province venete, per discutere della ripresa delle attivit\u00e0 didattiche a settembre, con le misure da adottare annesse; un incontro esplorativo, a cui seguiranno tavoli tecnici per le azioni da intraprendere.<\/p>\n<p>&nbsp;<\/p>\n<h1>DILLO A RADIO PIU<\/h1>\n<p><strong>di Roberto Mosca<\/strong><\/p>\n<div class=\"_3_bl\">\n<div class=\"_5w1r _3_om _5wdf\">\n<div class=\"_4gx_\">\n<div class=\"_1aa6\">\n<blockquote>\n<div class=\"\"><em><span class=\"_5yl5\">\u00a0\u201cAnche con corse turistiche\u201d non sar\u00e0 un cambiamento sostanziale, alcune corse non avranno pi\u00f9 in esercizio il tradizionale orario di esercizio estivo, ufficiosamente la tratta Gosaldo Agordo con passaggio a Frassen\u00e8 alle ore 8.55 viene posticipata osservando l\u2019orario invernale alle 10.55 da Frassen\u00e8 con partenza da Gosaldo alle ore 10.40. Ancora nessuna informazione sulla riapertura della biglietteria stazione di Belluno. Dove per\u00f2 seminascosta vi \u00e8 una biglietteria automatica che mi sembra funzioni solo per i titoli di viaggio regionale, non tutti hanno dimistichezza per l\u2019acquisto dei biglietti a lunga percorrenza e non sui propri dispositivi smartphone e tablet e molti non mettono in rete la propria carta di credito richiesta per il pagamento del titolo di viaggio. Tornando a Dolomiti Bus vi \u00e8 un&#8217;intensificazione dei controlli sui biglietti e abbonamenti su mezzi semivuoti ma nessuna novit\u00e0 sul rimborso degli abbonamenti dei lavoratori penso ai dipendenti Luxottica.<\/span><\/em><\/div>\n<div><\/div>\n<\/blockquote>\n<\/div>\n<\/div>\n<\/div>\n<\/div>\n<p>&nbsp;<\/p>\n<hr \/>\n<p>&nbsp;<\/p>\n<blockquote>\n<h3><a class=\"dt-pswp-item\" href=\"https:\/\/www.radiopiu.net\/wordpress\/wp-content\/uploads\/2020\/07\/f3e52d48-6d7e-45c2-b96a-023272e4f035-1.jpg\" data-dt-img-description=\"\" data-large_image_width=\"1600\" data-large_image_height=\"1200\"><img loading=\"lazy\" decoding=\"async\" class=\" wp-image-147742 alignleft\" src=\"https:\/\/www.radiopiu.net\/wordpress\/wp-content\/uploads\/2020\/07\/f3e52d48-6d7e-45c2-b96a-023272e4f035-1-300x225.jpg\" alt=\"\" width=\"219\" height=\"164\" srcset=\"https:\/\/www.radiopiu.net\/wordpress\/wp-content\/uploads\/2020\/07\/f3e52d48-6d7e-45c2-b96a-023272e4f035-1-300x225.jpg 300w, https:\/\/www.radiopiu.net\/wordpress\/wp-content\/uploads\/2020\/07\/f3e52d48-6d7e-45c2-b96a-023272e4f035-1-1024x768.jpg 1024w, https:\/\/www.radiopiu.net\/wordpress\/wp-content\/uploads\/2020\/07\/f3e52d48-6d7e-45c2-b96a-023272e4f035-1-768x576.jpg 768w, https:\/\/www.radiopiu.net\/wordpress\/wp-content\/uploads\/2020\/07\/f3e52d48-6d7e-45c2-b96a-023272e4f035-1-1536x1152.jpg 1536w, https:\/\/www.radiopiu.net\/wordpress\/wp-content\/uploads\/2020\/07\/f3e52d48-6d7e-45c2-b96a-023272e4f035-1.jpg 1600w\" sizes=\"auto, (max-width: 219px) 100vw, 219px\" \/><\/a>TAMPONI IN MODALITA&#8217; DRIVE ANCHE A FELTRE<\/h3>\n<\/blockquote>\n<p><strong>FELTRE\u00a0<\/strong> Attivato a Borgo Ruga a Feltre a cura del Dipartimento di Prevenzione dell\u2019Ulss Dolomiti diretto da Sandro Cinquetti, il sistema drive-in per l\u2019esecuzione dei tamponi COVID. Le prime ore di lavoro attestano il buon funzionamento del sistema che potr\u00e0 essere utilizzato, anche alla luce dell\u2019esperienza condotta al San Martino di Belluno, per l\u2019organizzazione di sedute vaccinali di massa, compresa la vaccinazione antinfluenzale prevista per il prossimo autunno.<\/p>\n<p>&nbsp;<\/p>\n<p>&nbsp;<\/p>\n<hr \/>\n<h3><\/h3>\n<p>&nbsp;<\/p>\n<blockquote>\n<h3>WELFARE DOLOMITI: \u00c8 IL NUOVO LOGO DEL FONDO WELFARE. PREMIATI OGGI A PALAZZO PILONI I VINCITORI DEL CONCORSO DI IDEE<\/h3>\n<\/blockquote>\n<p><strong><a class=\"dt-pswp-item\" href=\"https:\/\/www.radiopiu.net\/wordpress\/wp-content\/uploads\/2020\/07\/Logo-vincitore_Segato-Calvi.jpg\" data-dt-img-description=\"\" data-large_image_width=\"1000\" data-large_image_height=\"1000\"><img loading=\"lazy\" decoding=\"async\" class=\"size-medium wp-image-147765 alignleft\" src=\"https:\/\/www.radiopiu.net\/wordpress\/wp-content\/uploads\/2020\/07\/Logo-vincitore_Segato-Calvi-300x300.jpg\" alt=\"\" width=\"300\" height=\"300\" srcset=\"https:\/\/www.radiopiu.net\/wordpress\/wp-content\/uploads\/2020\/07\/Logo-vincitore_Segato-Calvi-300x300.jpg 300w, https:\/\/www.radiopiu.net\/wordpress\/wp-content\/uploads\/2020\/07\/Logo-vincitore_Segato-Calvi-150x150.jpg 150w, https:\/\/www.radiopiu.net\/wordpress\/wp-content\/uploads\/2020\/07\/Logo-vincitore_Segato-Calvi-768x768.jpg 768w, https:\/\/www.radiopiu.net\/wordpress\/wp-content\/uploads\/2020\/07\/Logo-vincitore_Segato-Calvi.jpg 1000w\" sizes=\"auto, (max-width: 300px) 100vw, 300px\" \/><\/a>BELLUNO\u00a0<\/strong>\u00c8 frutto di una collaborazione tra due scuole del capoluogo, il nuovo segno distintivo del Fondo Welfare e Identit\u00e0 Territoriale. \u00ab<em>Come frutto di collaborazione \u00e8 l\u2019attivit\u00e0 di questo sodalizio che mette insieme istituzioni, sindacati, terzo settore e mondo civile, nato appositamente per dare un futuro al territorio, partendo dai pi\u00f9 giovani<\/em>\u00bb. Lo ha detto ieri mattina Roberto Padrin, presidente della Provincia di Belluno. L\u2019occasione \u00e8 stata la premiazione del concorso di idee per il logo che da qui in avanti accompagner\u00e0 ogni iniziativa e attivit\u00e0 del Fondo Welfare.\u00a0La \u201cgara\u201d era stata lanciata qualche mese fa, indirizzata appositamente agli studenti di terza e quarta superiore, individuati come ideali rappresentanti della lotta allo spopolamento della montagna. I loghi pervenuti hanno ricevuto il parere di tutti i componenti del Fondo. I primi cinque sono passati attraverso il voto di una giuria ristretta (composta dal presidente della Provincia, dalla presidente del Fondo, e dal direttore della Dmo Dolomiti). Il lavoro che ha vinto il concorso (e che da oggi rappresenta tutte le attivit\u00e0 del Fondo Welfare) \u00e8 stato realizzato da Federico Borci e Federico De Bona (dell\u2019istituto Segato) e da Nicole Soppelsa (del Calvi), guidati dall\u2019insegnante Carlo Brancale.Oltre al logo vincitore, Provincia e Fondo Welfare hanno voluto assegnare una menzione speciale anche ad altri due elaborati. Al lavoro di Mitja Bof, Giorgia Balzan, Giacomo Curtolo e Caterina Sofia Calabr\u00f2 (del liceo Dal Piaz di Feltre); e al progetto di Gaia Matraxia, Rachele Pompanin e Rebecca Vlasceanu (del Catullo di Belluno). Tutti gli elaborati sono esposti da oggi al secondo piano di Palazzo Piloni. L\u2019esposizione \u00e8 visitabile dal luned\u00ec al venerd\u00ec dalle 9 alle 12.30 (il marted\u00ec e il gioved\u00ec anche dalle 14.30 alle 16).<\/p>\n<p>&nbsp;<\/p>\n<p>&nbsp;<\/p>\n<hr \/>\n<p>&nbsp;<\/p>\n<blockquote>\n<h3>MARIA CHIARA SANTIN PRESIDENTE DEL ROTARY CLUB BELLUNO IN AGENDA \u201cORIENTARE, FORMARE E ISTRUIRE\u201d<\/h3>\n<\/blockquote>\n<p><strong><a class=\"dt-pswp-item\" href=\"https:\/\/www.radiopiu.net\/wordpress\/wp-content\/uploads\/2020\/07\/gaiardo_santin_maecherina.jpg\" data-dt-img-description=\"\" data-large_image_width=\"1200\" data-large_image_height=\"1600\"><img loading=\"lazy\" decoding=\"async\" class=\"size-medium wp-image-147783 alignleft\" src=\"https:\/\/www.radiopiu.net\/wordpress\/wp-content\/uploads\/2020\/07\/gaiardo_santin_maecherina-225x300.jpg\" alt=\"\" width=\"225\" height=\"300\" srcset=\"https:\/\/www.radiopiu.net\/wordpress\/wp-content\/uploads\/2020\/07\/gaiardo_santin_maecherina-225x300.jpg 225w, https:\/\/www.radiopiu.net\/wordpress\/wp-content\/uploads\/2020\/07\/gaiardo_santin_maecherina-768x1024.jpg 768w, https:\/\/www.radiopiu.net\/wordpress\/wp-content\/uploads\/2020\/07\/gaiardo_santin_maecherina-1152x1536.jpg 1152w, https:\/\/www.radiopiu.net\/wordpress\/wp-content\/uploads\/2020\/07\/gaiardo_santin_maecherina.jpg 1200w\" sizes=\"auto, (max-width: 225px) 100vw, 225px\" \/><\/a>BELLUNO\u00a0<\/strong>\u00ab<em>Intendo porre una particolare attenzione alla scuola per favorire nuove opportunit\u00e0 e rimuovere ostacoli nell\u2019accesso all\u2019istruzione e mi auguro che in questo \u201ctempo di disorientamento\u201d il Club si metta ancor pi\u00f9 al servizio della comunit\u00e0, orientandone le scelte grazie ai saperi dei professionisti che ne fanno parte<\/em>\u00bb. Sono le parole di Maria Chiara Santin, nuovo presidente, dell\u2019anno rotariano 2020-2021, del Rotary Club Belluno.\u00a0Santin succede a Felice Gaiardo, che ha guidato il Club fino al 27 giugno. Nel tradizionale passaggio delle consegne svoltosi al ristorante \u201cNogherazza\u201d, quest\u2019anno del tutto particolare a causa dell\u2019emergenza sanitaria, Gaiardo ha espresso la sua piena soddisfazione per quanto fatto nel suo anno di presidenza: \u00ab<em>Il mio pensiero va ai numerosi service che sono stati avviati in questa annata e che tanta soddisfazione hanno dato al nostro Club, cos\u00ec come quelli gi\u00e0 avviati nelle annate precedenti e in fase di svolgimento<\/em>\u00bb. \u00ab <em>La mole di lavoro prodotta &#8211; ha continuato Gaiardo &#8211; \u00e8 indubbiamente merito di un gruppo di persone che, oltre a condividere un importante spirito di amicizia, si \u00e8 impegnato fisicamente in attivit\u00e0 non sempre facilmente compatibili con quelle lavorative<\/em>\u00bb.\u00a0Un gruppo che di certo sosterr\u00e0 anche la presidente Maria Chiara Santin. \u00ab<em>Conto molto sull\u2019agire delle Commissioni e sul sostegno e la guida del Consiglio &#8211; ha evidenziato Santin &#8211; sono consapevole del grande valore del nostro Club e degli importanti risultati raggiunti nell\u2019anno di Felice, e da Felice, e so che prima di tutto devo impegnarmi per capitalizzarli<\/em>\u00bb.<\/p>\n<p>&nbsp;<\/p>\n<p>&nbsp;<\/p>\n<hr \/>\n<p>&nbsp;<\/p>\n<blockquote>\n<h3 class=\"entry-title\">VISITA DEL VICE-PRESIDENTE DELLA PROVINCIA AUTONOMA DI BOLZANO E INCONTRO CON LA CONSULTA LADINA<\/h3>\n<\/blockquote>\n<p><strong class=\"photoswipe-wrapper\"><a class=\"dt-pswp-item pspw-wrap-ready\" href=\"https:\/\/i0.wp.com\/www.radiopiu.net\/wordpress\/wp-content\/uploads\/2020\/07\/Alfreider2.jpeg?ssl=1\" data-dt-img-description=\"\" data-large_image_width=\"1600\" data-large_image_height=\"1156\"><img loading=\"lazy\" decoding=\"async\" class=\"size-medium wp-image-147761 alignleft jetpack-lazy-image jetpack-lazy-image--handled\" src=\"https:\/\/i0.wp.com\/www.radiopiu.net\/wordpress\/wp-content\/uploads\/2020\/07\/Alfreider2.jpeg?resize=300%2C217&amp;ssl=1\" sizes=\"auto, (max-width: 300px) 100vw, 300px\" srcset=\"https:\/\/i0.wp.com\/www.radiopiu.net\/wordpress\/wp-content\/uploads\/2020\/07\/Alfreider2.jpeg?resize=300%2C217&amp;ssl=1 300w, https:\/\/i0.wp.com\/www.radiopiu.net\/wordpress\/wp-content\/uploads\/2020\/07\/Alfreider2.jpeg?resize=1024%2C740&amp;ssl=1 1024w, https:\/\/i0.wp.com\/www.radiopiu.net\/wordpress\/wp-content\/uploads\/2020\/07\/Alfreider2.jpeg?resize=768%2C555&amp;ssl=1 768w, https:\/\/i0.wp.com\/www.radiopiu.net\/wordpress\/wp-content\/uploads\/2020\/07\/Alfreider2.jpeg?resize=1536%2C1110&amp;ssl=1 1536w, https:\/\/i0.wp.com\/www.radiopiu.net\/wordpress\/wp-content\/uploads\/2020\/07\/Alfreider2.jpeg?w=1600&amp;ssl=1 1600w\" alt=\"\" width=\"300\" height=\"217\" data-recalc-dims=\"1\" data-lazy-loaded=\"1\" \/><\/a>COLLE SANTA LUCIA<\/strong>\u00a0L\u2019Istitut Cultural Ladin Cesa de Jan ha incontrato con molto piacere il Vice-Presidente della Provincia Autonoma di Bolzano nonch\u00e9 Assessore Ladino Daniel Alfreider. All\u2019incontro, svoltosi nella seicentesca \u201cCesa de Jan\u201d di Colle Santa Lucia, hanno partecipato anche i rappresentanti della \u201cConsulta Ladina de Souramont\u201d, organismo costituito dalle tre Amministrazioni Comunali e dalle tre Unioni Ladine di Anpezo, Col e Fodom, che ha lo scopo di consolidare e valorizzare lo spirito di ladinit\u00e0 delle tre comunit\u00e0 e di rinsaldare i legami esistenti con le altre valli ladine di Badia, Gardena e Fassa. La Presidente dell\u2019Istituto Elsa Zardini, il Vice Presidente Paolo Frena e il Direttore Denni Dorigo hanno illustrato ad Alfreider le principali attivit\u00e0 dell\u2019Istituto, soffermandosi in particolare sulle progettualit\u00e0 riguardanti l\u2019insegnamento del ladino nelle scuole, lo studio della toponomastica e il lavoro lessicografico. In seguito il Direttore Denni Dorigo, che ricopre anche il ruolo di Rappresentante delle tre Amministrazioni Comunali nell\u2019Euregio, ha presentato al Vice-Presidente Alfreider una serie di proposte progettuali che vanno dal rafforzamento del ruolo delle tre comunit\u00e0 ex-tirolesi all\u2019interno dell\u2019Euregio al potenziamento del trasporto pubblico sull\u2019asse Colle Santa Lucia-Corvara con lo scopo di favorire la mobilit\u00e0 dei numerosi studenti che frequentano le scuole superiori o l\u2019universit\u00e0 nella Regione Trentino Alto Adige. Si \u00e8 proposto ad Alfreider anche di attivare una pi\u00f9 stretta collaborazione con l\u2019intendenza Scolastica Ladina di Bolzano al fine di poter continuare a garantire l\u2019insegnamento del ladino e del tedesco nelle nostre scuole.<a class=\"dt-pswp-item pspw-wrap-ready\" href=\"https:\/\/i0.wp.com\/www.radiopiu.net\/wordpress\/wp-content\/uploads\/2020\/07\/Alfreider3.jpeg?ssl=1\" data-dt-img-description=\"\" data-large_image_width=\"1600\" data-large_image_height=\"1066\"><img loading=\"lazy\" decoding=\"async\" class=\"size-medium wp-image-147762 alignright jetpack-lazy-image jetpack-lazy-image--handled\" src=\"https:\/\/i0.wp.com\/www.radiopiu.net\/wordpress\/wp-content\/uploads\/2020\/07\/Alfreider3.jpeg?resize=300%2C200&amp;ssl=1\" sizes=\"auto, (max-width: 300px) 100vw, 300px\" srcset=\"https:\/\/i0.wp.com\/www.radiopiu.net\/wordpress\/wp-content\/uploads\/2020\/07\/Alfreider3.jpeg?resize=300%2C200&amp;ssl=1 300w, https:\/\/i0.wp.com\/www.radiopiu.net\/wordpress\/wp-content\/uploads\/2020\/07\/Alfreider3.jpeg?resize=1024%2C682&amp;ssl=1 1024w, https:\/\/i0.wp.com\/www.radiopiu.net\/wordpress\/wp-content\/uploads\/2020\/07\/Alfreider3.jpeg?resize=768%2C512&amp;ssl=1 768w, https:\/\/i0.wp.com\/www.radiopiu.net\/wordpress\/wp-content\/uploads\/2020\/07\/Alfreider3.jpeg?resize=1536%2C1023&amp;ssl=1 1536w, https:\/\/i0.wp.com\/www.radiopiu.net\/wordpress\/wp-content\/uploads\/2020\/07\/Alfreider3.jpeg?w=1600&amp;ssl=1 1600w\" alt=\"\" width=\"300\" height=\"200\" data-recalc-dims=\"1\" data-lazy-loaded=\"1\" \/><\/a>\u00a0Infine, non poteva mancare il confronto sul Referendum Costituzionale tramite il quale, nel 2007, la stragrande maggioranza della popolazione dei tre comuni ladini ex tirolesi ha chiesto di essere riaggregata amministrativamente alla Regione Trentino Alto Adige, da cui le tre comunit\u00e0 sono state distaccate nel 1923 a causa di un decreto fascista. \u00c8 emerso che la questione \u00e8 tutt\u2019altro che dimenticata e che la popolazione continua a chiedere con forza alle istituzioni di tenere monitorato l\u2019iter che a Roma sembra essersi insabbiato. L\u2019Assessore Alfreider ha infine ringraziato per l\u2019accoglienza riservatagli ed ha assicurato il suo sostegno per tutte le progettualit\u00e0 che rafforzino il legame storico, identitario e culturale con i ladini sudtirolesi e che favoriscano lo scambio, la mobilit\u00e0 e le relazioni fra le realt\u00e0 contermini<\/p>\n<p>&nbsp;<\/p>\n<p>&nbsp;<\/p>\n<hr \/>\n<p>&nbsp;<\/p>\n<blockquote>\n<h3>BOND (FI): APPROVAZIONE EMENDAMENTO SU CONGEDO PARENTALE, VINCE GIUSTIZIA SOCIALE<\/h3>\n<\/blockquote>\n<p><strong><a class=\"dt-pswp-item\" href=\"https:\/\/www.radiopiu.net\/wordpress\/wp-content\/uploads\/2020\/05\/Dario-Bond.jpg\" data-dt-img-description=\"\" data-large_image_width=\"165\" data-large_image_height=\"228\"><img loading=\"lazy\" decoding=\"async\" class=\"size-full wp-image-138833 alignleft\" src=\"https:\/\/www.radiopiu.net\/wordpress\/wp-content\/uploads\/2020\/05\/Dario-Bond.jpg\" alt=\"\" width=\"165\" height=\"228\" \/><\/a>ROMA<\/strong> \u201cUna scelta di buon senso, talvolta vince la giustizia sociale! \u201d \u00e8 il commento di Dario Bond, deputato di Forza Italia, all\u2019approvazione dell&#8217;emendamento a sua firma al DL Rilancio in Commissione Affari Sociali. L&#8217;emendamento prevede, per ciascun genitore lavoratore dipendente nel settore privato, il diritto a fruire di uno specifico congedo per il quale \u00e8 riconosciuta una indennit\u00e0 pari al 50% della retribuzione per un periodo continuativo o frazione non superiore a trenta giorni. \u201cEquiparare padre e madre &#8211; sottolinea il deputato Bond &#8211; significa consentire ai bambini di crescere con un genitore pi\u00f9 presente, anche in assenza di matrimonio. Nel mondo del lavoro di oggi a lavorare sono, nella stragrande maggioranza dei casi, sia il padre che la madre&#8221;. &#8220;Una politica che si dica davvero a favore e a tutela della famiglia non pu\u00f2 essere legata a logiche o preconcetti \u00a0superati, ma deve essere in grado di offrire la flessibilit\u00e0 necessaria per sostenere le esigenze di assistenza all\u2019infanzia e adeguare la genitorialit\u00e0 alla contemporaneit\u00e0\u201d conclude Bond.<\/p>\n<p><strong>DARIO BOND, DEPUTATO DI FORZA ITALIA<\/strong><\/p>\n<audio class=\"wp-audio-shortcode\" id=\"audio-147639-5\" preload=\"none\" style=\"width: 100%;\" controls=\"controls\"><source type=\"audio\/mpeg\" src=\"https:\/\/www.radiopiu.net\/wordpress\/wp-content\/uploads\/2020\/07\/BOND-CONGEDO-PARENTALE.mp3?_=5\" \/><a href=\"https:\/\/www.radiopiu.net\/wordpress\/wp-content\/uploads\/2020\/07\/BOND-CONGEDO-PARENTALE.mp3\">https:\/\/www.radiopiu.net\/wordpress\/wp-content\/uploads\/2020\/07\/BOND-CONGEDO-PARENTALE.mp3<\/a><\/audio>\n<p>&nbsp;<\/p>\n<p>&nbsp;<\/p>\n<hr \/>\n<p>&nbsp;<\/p>\n<blockquote>\n<h3>UN NUOVO CDA PER L&#8217;AZIENDA FELTRINA PER I SERVIZI ALLA PERSONA<\/h3>\n<\/blockquote>\n<p><strong>FELTRE<\/strong> L\u2019avvocato Rita Mondolo \u00e8 il nuovo presidente dell\u2019Azienda Feltrina per i Servizi alla Persona, subentra nel ruolo di presidente ad Angelo Dalla Costa. Nello stesso CdA entra a far parte, in qualit\u00e0 di consigliere, Ezio Lise che negli anni ha ricoperto\u00a0 vari incarichi di rilievo, tra i quali quello di consigliere comunale a Feltre, e assessore con deleghe allo sport e all\u2019edilizia scolastica della Provincia di Belluno durante la presidenza di Sergio Reolon. <em>\u201cAl nuovo consigliere esprimo un sentito \u201cgrazie\u201d per la disponibilit\u00e0 che ha voluto dare alla sua citt\u00e0 anche in questa occasione, nello spirito di servizio che ne ha sempre contraddistinto l\u2019attivit\u00e0 pubblica\u201d, sottolinea il sindaco di Feltre e presidente della Consortile Paolo Perenzin. \u201cSono sicuro che Ezio sapr\u00e0 trasfondere anche in questa nuova avventura la passione e la competenza che tutti gli riconosciamo,\u00a0 Rita Mondolo conosce gi\u00e0 molto bene le sfide, non semplici, che attendono l\u2019Azienda Feltrina, ma sono convinto che il nuovo CdA, di cui fa parte quale terzo consigliere anche Flavio Zanolla in rappresentanza del Comune di Cesiomaggiore, rappresenti una squadra motivata e ricca di professionalit\u00e0 e competenze&#8221;.\u00a0<\/em><\/p>\n<p>&nbsp;<\/p>\n<p>&nbsp;<\/p>\n<hr \/>\n<p>&nbsp;<\/p>\n<p>&nbsp;<\/p>\n<blockquote>\n<h3>FINE LOCKDOWN, I VOLONTARI DELLA CUCCHINI RIPRENDONO L&#8217;ASSISTENZA IN HOSPICE<\/h3>\n<\/blockquote>\n<p><strong>BELLUNO<\/strong>\u00a0 \u00c8 ricominciata l\u2019attivit\u00e0 di assistenza all\u2019hospice Casa Tua Due. I volontari della Cucchini hanno ripreso il loro servizio, che si era interrotto a marzo a causa delle misure anti-Covid. Tutti sono stati sottoposti a tampone, nei giorni scorsi, per verificare che non fossero entrati in contatto con coronavirus. Quindi, hanno potuto ricominciare l\u00e0 dove si erano fermati. <em>\u00abIn realt\u00e0, l\u2019impegno della Cucchini non si \u00e8 mai fermato, neanche durante il lockdown &#8211; sottolinea il presidente dell\u2019associazione, il professor Paolo Colleselli -. I nostri volontari hanno continuato senza sosta la presa in carico e la consegna a domicilio degli ausili per le persone malate. In pi\u00f9, abbiamo attivato anche una linea di ascolto telefonico, per dare un sostegno psicologico a chi si sentiva solo durante l\u2019isolamento. Adesso, riprendiamo con entusiasmo una delle attivit\u00e0 pi\u00f9 caratterizzanti per la nostra associazione, sperando di poter considerare archiviata l\u2019emergenza sanitaria\u00bb.<\/em><\/p>\n<p><a class=\"dt-pswp-item\" href=\"https:\/\/www.radiopiu.net\/wordpress\/wp-content\/uploads\/2020\/07\/FOTO-VOLONTARIA-A-CASA-TUA-DUE-scaled.jpg\" data-dt-img-description=\"\" data-large_image_width=\"2560\" data-large_image_height=\"1920\"><img loading=\"lazy\" decoding=\"async\" class=\"alignnone size-medium wp-image-147707\" src=\"https:\/\/www.radiopiu.net\/wordpress\/wp-content\/uploads\/2020\/07\/FOTO-VOLONTARIA-A-CASA-TUA-DUE-300x225.jpg\" alt=\"\" width=\"300\" height=\"225\" srcset=\"https:\/\/www.radiopiu.net\/wordpress\/wp-content\/uploads\/2020\/07\/FOTO-VOLONTARIA-A-CASA-TUA-DUE-300x225.jpg 300w, https:\/\/www.radiopiu.net\/wordpress\/wp-content\/uploads\/2020\/07\/FOTO-VOLONTARIA-A-CASA-TUA-DUE-1024x768.jpg 1024w, https:\/\/www.radiopiu.net\/wordpress\/wp-content\/uploads\/2020\/07\/FOTO-VOLONTARIA-A-CASA-TUA-DUE-768x576.jpg 768w, https:\/\/www.radiopiu.net\/wordpress\/wp-content\/uploads\/2020\/07\/FOTO-VOLONTARIA-A-CASA-TUA-DUE-1536x1152.jpg 1536w, https:\/\/www.radiopiu.net\/wordpress\/wp-content\/uploads\/2020\/07\/FOTO-VOLONTARIA-A-CASA-TUA-DUE-2048x1536.jpg 2048w\" sizes=\"auto, (max-width: 300px) 100vw, 300px\" \/><\/a><a class=\"dt-pswp-item\" href=\"https:\/\/www.radiopiu.net\/wordpress\/wp-content\/uploads\/2020\/07\/FOTO-2-VOLONTARIA-A-CASA-TUA-DUE-scaled.jpg\" data-dt-img-description=\"\" data-large_image_width=\"2560\" data-large_image_height=\"1920\"><img loading=\"lazy\" decoding=\"async\" class=\"alignnone size-medium wp-image-147708\" src=\"https:\/\/www.radiopiu.net\/wordpress\/wp-content\/uploads\/2020\/07\/FOTO-2-VOLONTARIA-A-CASA-TUA-DUE-300x225.jpg\" alt=\"\" width=\"300\" height=\"225\" srcset=\"https:\/\/www.radiopiu.net\/wordpress\/wp-content\/uploads\/2020\/07\/FOTO-2-VOLONTARIA-A-CASA-TUA-DUE-300x225.jpg 300w, https:\/\/www.radiopiu.net\/wordpress\/wp-content\/uploads\/2020\/07\/FOTO-2-VOLONTARIA-A-CASA-TUA-DUE-1024x768.jpg 1024w, https:\/\/www.radiopiu.net\/wordpress\/wp-content\/uploads\/2020\/07\/FOTO-2-VOLONTARIA-A-CASA-TUA-DUE-768x576.jpg 768w, https:\/\/www.radiopiu.net\/wordpress\/wp-content\/uploads\/2020\/07\/FOTO-2-VOLONTARIA-A-CASA-TUA-DUE-1536x1152.jpg 1536w, https:\/\/www.radiopiu.net\/wordpress\/wp-content\/uploads\/2020\/07\/FOTO-2-VOLONTARIA-A-CASA-TUA-DUE-2048x1536.jpg 2048w\" sizes=\"auto, (max-width: 300px) 100vw, 300px\" \/><\/a><\/p>\n<p>&nbsp;<\/p>\n<p>&nbsp;<\/p>\n<hr \/>\n<p>&nbsp;<\/p>\n<blockquote>\n<h3>DONAZIONE AL COMUNE NEL RICORDO DI GIOVANNI E ANTONIETTA<\/h3>\n<\/blockquote>\n<blockquote><p><em><strong>Quando l\u2019appartenenza ad una comunit\u00e0 travalica le generazioni<\/strong><\/em><\/p><\/blockquote>\n<p><strong><a class=\"dt-pswp-item\" href=\"https:\/\/www.radiopiu.net\/wordpress\/wp-content\/uploads\/2020\/07\/Panchine-Puos-1.jpg\" data-dt-img-description=\"\" data-large_image_width=\"1327\" data-large_image_height=\"996\"><img loading=\"lazy\" decoding=\"async\" class=\"size-medium wp-image-147745 alignleft\" src=\"https:\/\/www.radiopiu.net\/wordpress\/wp-content\/uploads\/2020\/07\/Panchine-Puos-1-300x225.jpg\" alt=\"\" width=\"300\" height=\"225\" srcset=\"https:\/\/www.radiopiu.net\/wordpress\/wp-content\/uploads\/2020\/07\/Panchine-Puos-1-300x225.jpg 300w, https:\/\/www.radiopiu.net\/wordpress\/wp-content\/uploads\/2020\/07\/Panchine-Puos-1-1024x769.jpg 1024w, https:\/\/www.radiopiu.net\/wordpress\/wp-content\/uploads\/2020\/07\/Panchine-Puos-1-768x576.jpg 768w, https:\/\/www.radiopiu.net\/wordpress\/wp-content\/uploads\/2020\/07\/Panchine-Puos-1.jpg 1327w\" sizes=\"auto, (max-width: 300px) 100vw, 300px\" \/><\/a>ALPAGO<\/strong> \u00a0Francesca, Mario e Lino, i tre figli di Giovanni Vigna e Antonietta Fagherazzi,\u00a0 titolari dello storico negozio \u201cLa bot\u00e9ga da Vigna\u201d, aperta per moltissimi anni nei pressi della scuola di Puos,\u00a0 per onorare la memoria dei loro genitori e ricordare con quanta passione abbiano condotto la loro attivit\u00e0 \u201cdi vicinato\u201d,\u00a0 hanno deciso di donare al Comune di Alpago due panchine per l\u2019arredo urbano, collocate nell\u2019area gioco\u00a0 presso la scuola di Puos. <em>\u00a0\u201cNoi figli abbiamo pensato di onorare la memoria dei nostri genitori attraverso la donazione al paese di due panchine; ci \u00e8 venuto spontaneo pensare che lo spazio <a class=\"dt-pswp-item\" href=\"https:\/\/www.radiopiu.net\/wordpress\/wp-content\/uploads\/2020\/07\/Panchine-Puos-2.jpg\" data-dt-img-description=\"\" data-large_image_width=\"1599\" data-large_image_height=\"900\"><img loading=\"lazy\" decoding=\"async\" class=\"size-medium wp-image-147746 alignright\" src=\"https:\/\/www.radiopiu.net\/wordpress\/wp-content\/uploads\/2020\/07\/Panchine-Puos-2-300x169.jpg\" alt=\"\" width=\"300\" height=\"169\" srcset=\"https:\/\/www.radiopiu.net\/wordpress\/wp-content\/uploads\/2020\/07\/Panchine-Puos-2-300x169.jpg 300w, https:\/\/www.radiopiu.net\/wordpress\/wp-content\/uploads\/2020\/07\/Panchine-Puos-2-1024x576.jpg 1024w, https:\/\/www.radiopiu.net\/wordpress\/wp-content\/uploads\/2020\/07\/Panchine-Puos-2-768x432.jpg 768w, https:\/\/www.radiopiu.net\/wordpress\/wp-content\/uploads\/2020\/07\/Panchine-Puos-2-1536x865.jpg 1536w, https:\/\/www.radiopiu.net\/wordpress\/wp-content\/uploads\/2020\/07\/Panchine-Puos-2.jpg 1599w\" sizes=\"auto, (max-width: 300px) 100vw, 300px\" \/><\/a>ideale fosse l&#8217;area verde delle scuole, cosicch\u00e9 possano essere utilizzate dagli studenti e dai ragazzi che il pomeriggio vanno a giocare al &#8220;campetto&#8221;<\/em>. Questo il pensiero dei figli sul ricordo dei tanti giovani che negli anni sono passati per il negozio negli orari di ricreazione come dire che in un paese le persone non muoiono finch\u00e9 sono nel ricordo di qualcuno. Per il vicesindaco Vanessa De Francesch \u00e8 un gesto di attenzione e di attaccamento nei confronti della comunit\u00e0 e dei ragazzi. Nel giorno dell&#8217;inaugurazione, probabilmente a settembre con l&#8217;auspicio della ripresa regolare dell&#8217;anno scolastico in aula,\u00a0 ci sar\u00e0 il ringraziamento del Comune alla Famiglia Vigna.<\/p>\n<p>&nbsp;<\/p>\n<p>&nbsp;<\/p>\n<p>&nbsp;<\/p>\n<hr \/>\n<h3><\/h3>\n<h3>DA LUNEDI CHIUDE L&#8217;UFFICIO POSTALE DI ROCCA PIETORE CHIUDE UNA SETTIMANA PER LAVORI<\/h3>\n<p><img loading=\"lazy\" decoding=\"async\" class=\"alignleft\" src=\"https:\/\/www.radiopiu.net\/wordpress\/wp-content\/uploads\/2020\/04\/POSTE.jpg\" width=\"191\" height=\"107\" \/>Poste Italiane comunica che da luned\u00ec 6 a sabato 11 luglio l\u2019Ufficio Postale di Rocca Pietore (localit\u00e0 Dagai 3), sar\u00e0 interessato da lavori di ristrutturazione. Per i servizi, i residenti potranno rivolgersi all\u2019Ufficio Postale di Alleghe, nella sede municipale di corso Italia, aperto dal luned\u00ec al venerd\u00ec dalle 8:20 alle 13:45 e il sabato fino alle 12:45; oppure all\u2019Ufficio Postale di Cencenighe, in via Roma, aperto dal luned\u00ec al venerd\u00ec dalle 8:20 alle 13:45 e il sabato fino alle 12:45. L\u2019ufficio postale di Rocca Pietore riaprir\u00e0 luned\u00ec 13 luglio secondo i consueti orari: dal luned\u00ec al venerd\u00ec dalle 8.20 alle 13.45 e il sabato fino alle 12.45.<\/p>\n<p>&nbsp;<\/p>\n<p>&nbsp;<\/p>\n<hr \/>\n<p>&nbsp;<\/p>\n<h2><span style=\"color: #ff0000;\">DILLO A RADIO PIU&#8217;<\/span><\/h2>\n<p><strong>di Claudio Pra<\/strong><\/p>\n<p><strong><a class=\"dt-pswp-item\" href=\"https:\/\/www.radiopiu.net\/wordpress\/wp-content\/uploads\/2020\/07\/2c4a53a1-f4dc-4a4b-b1df-215fca396b23.jpg\" data-dt-img-description=\"\" data-large_image_width=\"1579\" data-large_image_height=\"888\"><img loading=\"lazy\" decoding=\"async\" class=\"size-medium wp-image-147817 alignleft\" src=\"https:\/\/www.radiopiu.net\/wordpress\/wp-content\/uploads\/2020\/07\/2c4a53a1-f4dc-4a4b-b1df-215fca396b23-300x169.jpg\" alt=\"\" width=\"300\" height=\"169\" srcset=\"https:\/\/www.radiopiu.net\/wordpress\/wp-content\/uploads\/2020\/07\/2c4a53a1-f4dc-4a4b-b1df-215fca396b23-300x169.jpg 300w, https:\/\/www.radiopiu.net\/wordpress\/wp-content\/uploads\/2020\/07\/2c4a53a1-f4dc-4a4b-b1df-215fca396b23-1024x576.jpg 1024w, https:\/\/www.radiopiu.net\/wordpress\/wp-content\/uploads\/2020\/07\/2c4a53a1-f4dc-4a4b-b1df-215fca396b23-768x432.jpg 768w, https:\/\/www.radiopiu.net\/wordpress\/wp-content\/uploads\/2020\/07\/2c4a53a1-f4dc-4a4b-b1df-215fca396b23-1536x864.jpg 1536w, https:\/\/www.radiopiu.net\/wordpress\/wp-content\/uploads\/2020\/07\/2c4a53a1-f4dc-4a4b-b1df-215fca396b23.jpg 1579w\" sizes=\"auto, (max-width: 300px) 100vw, 300px\" \/><\/a>Il fazzoletto di carta gettato, una piaga per la montagna<\/strong><\/p>\n<p>Il vero cultore della montagna sa, anche senza che glielo insegnino, che non si gettano a terra rifiuti e che tutto va riportato a valle, cos\u00ec da mantenere integro quel paradiso. Eppure, specie negli ultimi anni, sulle nostre meravigliose Dolomiti \u00e8 in atto, soprattutto lungo i sentieri (ma non solo) la semina dei fazzolettini di carta, quelli per soffiarsi il naso. Tanto sono biodegradabili, pensano molti&#8230; Come se sparissero in pochi minuti, senza contare che molti contengono additivi chimici che inquinano e ne prolungano l&#8217;esistenza. Camminare su un tappeto di fazzoletti non \u00e8 piacevole e la cosa sta diventando una vera piaga, il termometro dell&#8217;incivilt\u00e0 di tanti novelli sedicenti amanti della natura. Riportare tutto a casa per gettarlo nell&#8217;immondizia, questo \u00e8 amare la montagna e la natura, questo \u00e8 avere rispetto. Concetti banali ma da provare a ribadire, soprattutto per chi la montagna l&#8217;ha scoperta recentemente. Cominciando da un semplice fazzoletto di carta<\/p>\n<p>&nbsp;<\/p>\n<p>&nbsp;<\/p>\n<p>&nbsp;<\/p>\n<hr \/>\n<p>&nbsp;<\/p>\n<blockquote>\n<h3>OGGI LA PRESENTAZIONE DEL LIBRO DEI FORCELLINI DI AGORDO<\/h3>\n<\/blockquote>\n<p><a class=\"dt-pswp-item\" href=\"https:\/\/www.radiopiu.net\/wordpress\/wp-content\/uploads\/2019\/02\/ESTERNO-BAR-NANDO.jpg\" data-dt-img-description=\"\" data-large_image_width=\"2016\" data-large_image_height=\"1512\"><img loading=\"lazy\" decoding=\"async\" class=\"size-medium wp-image-75617 alignleft\" src=\"https:\/\/www.radiopiu.net\/wordpress\/wp-content\/uploads\/2019\/02\/ESTERNO-BAR-NANDO-300x225.jpg\" alt=\"\" width=\"300\" height=\"225\" srcset=\"https:\/\/www.radiopiu.net\/wordpress\/wp-content\/uploads\/2019\/02\/ESTERNO-BAR-NANDO-300x225.jpg 300w, https:\/\/www.radiopiu.net\/wordpress\/wp-content\/uploads\/2019\/02\/ESTERNO-BAR-NANDO-768x576.jpg 768w, https:\/\/www.radiopiu.net\/wordpress\/wp-content\/uploads\/2019\/02\/ESTERNO-BAR-NANDO-1024x768.jpg 1024w, https:\/\/www.radiopiu.net\/wordpress\/wp-content\/uploads\/2019\/02\/ESTERNO-BAR-NANDO.jpg 2016w\" sizes=\"auto, (max-width: 300px) 100vw, 300px\" \/><\/a>di Gianni Santomaso<\/p>\n<audio class=\"wp-audio-shortcode\" id=\"audio-147639-6\" preload=\"none\" style=\"width: 100%;\" controls=\"controls\"><source type=\"audio\/mpeg\" src=\"https:\/\/www.radiopiu.net\/wordpress\/wp-content\/uploads\/2020\/07\/GIANNI-LIBRO-FORCELLINI.mp3?_=6\" \/><a href=\"https:\/\/www.radiopiu.net\/wordpress\/wp-content\/uploads\/2020\/07\/GIANNI-LIBRO-FORCELLINI.mp3\">https:\/\/www.radiopiu.net\/wordpress\/wp-content\/uploads\/2020\/07\/GIANNI-LIBRO-FORCELLINI.mp3<\/a><\/audio>\n<p>&nbsp;<\/p>\n<p>&nbsp;<\/p>\n<hr \/>\n<p>&nbsp;<\/p>\n<blockquote>\n<h2>LE NUOVE INIZIATIVA IN PISCINA CON ATTIVAMENTE AGORDINO<\/h2>\n<\/blockquote>\n<p align=\"JUSTIFY\"><span style=\"color: #000000;\"><span style=\"font-family: Helvetica Neue, serif;\"><span style=\"font-size: small;\"><span style=\"color: #050505;\"><span style=\"font-family: Segoe UI Historic, serif;\"><span style=\"font-size: medium;\"><strong>AGORDO<\/strong> Una nuova esperienza ti attende nel panoramico giardino estivo adiacente alla piscina di Agordo. Luned\u00ec 6 luglio dalle 18.00 alle 19.00 Maria Paula Medina inizier\u00e0 l&#8217;attivit\u00e0 di yoga all&#8217;aria aperta, che continuer\u00e0 per tutto il mese di luglio e agosto. <\/span><\/span><\/span><\/span><\/span><\/span><span style=\"color: #000000;\"><span style=\"font-family: Helvetica Neue, serif;\"><span style=\"font-size: small;\"><span style=\"color: #050505;\"><span style=\"font-family: Segoe UI Historic, serif;\"><span style=\"font-size: medium;\">Potrai cos\u00ec conoscere i benefici di questa disciplina, per la tua salute fisica e mentale. <\/span><\/span><\/span><\/span><\/span><\/span><span style=\"font-size: medium; font-family: 'Segoe UI Historic', serif; color: #050505;\">Si richiede la prenotazione obbligatoria chiamando il 333.7214132 (Inflow Yoga).<\/span><\/p>\n<p>&nbsp;<\/p>\n<hr \/>\n<p>&nbsp;<\/p>\n<p>&nbsp;<\/p>\n<blockquote>\n<h3>AURONZO APERTA E LORENZAGO APERTA: SEI SETTIMANE DI CULTURA IN MONTAGNA<\/h3>\n<\/blockquote>\n<p><strong><a class=\"dt-pswp-item\" href=\"https:\/\/www.radiopiu.net\/wordpress\/wp-content\/uploads\/2020\/07\/Auronzo-Aperta.jpeg\" data-dt-img-description=\"\" data-large_image_width=\"1080\" data-large_image_height=\"1387\"><img loading=\"lazy\" decoding=\"async\" class=\"size-medium wp-image-147772 alignleft\" src=\"https:\/\/www.radiopiu.net\/wordpress\/wp-content\/uploads\/2020\/07\/Auronzo-Aperta-234x300.jpeg\" alt=\"\" width=\"234\" height=\"300\" srcset=\"https:\/\/www.radiopiu.net\/wordpress\/wp-content\/uploads\/2020\/07\/Auronzo-Aperta-234x300.jpeg 234w, https:\/\/www.radiopiu.net\/wordpress\/wp-content\/uploads\/2020\/07\/Auronzo-Aperta-797x1024.jpeg 797w, https:\/\/www.radiopiu.net\/wordpress\/wp-content\/uploads\/2020\/07\/Auronzo-Aperta-768x986.jpeg 768w, https:\/\/www.radiopiu.net\/wordpress\/wp-content\/uploads\/2020\/07\/Auronzo-Aperta.jpeg 1080w\" sizes=\"auto, (max-width: 234px) 100vw, 234px\" \/><\/a><\/strong><\/p>\n<p><strong>BELLUNO\u00a0<\/strong>Sei settimane di arte, musica e cultura. Tre ad Auronzo, altrettante a Lorenzago. \u00c8 stata presentata questa mattina, a Palazzo Piloni, la doppia rassegna culturale che dallo scorso anno vede uniti i due Comuni cadorini. \u201cLorenzago Aperta\u201d, che quest\u2019anno celebra la ventesima edizione, \u00e8 in calendario dal 2 al 23 agosto. Ma sar\u00e0 preceduta, come un anno fa, da \u201cAuronzo Aperta &#8211; Festival delle arti\u201d, in programma dal 10 al 31 luglio. Entrambe le manifestazioni sono curate dagli artisti Vito Vecellio e Francesca Casanova.\u00a0\u00ab<em>Possiamo dire che Auronzo e Lorenzago vivranno i primi grandi eventi artistici post-Covid del nostro territorio bellunese &#8211; il commento del presidente della Provincia, Roberto Padrin -. Sar\u00e0 un segnale di ripartenza importante, soprattutto per un ambito, quello della cultura, che mai come adesso sta soffrendo per le conseguenze del lungo lockdown. Ma sar\u00e0 un contenitore di eventi e occasioni di cui beneficer\u00e0 anche lo sviluppo turistico\u00bb<\/em>.\u00a0\u201cAuronzo Aperta\u201d si presenta con esposizioni permanenti di una cinquantina di artisti, oltre a un lunghissimo carnet di musica, letture, incontri. Alzer\u00e0 il sipario venerd\u00ec 10 luglio, alle 18, con un concerto di Elisa Genghini e si snoder\u00e0 con appuntamenti quotidiani fino al 31 luglio.\u00a0Subito dopo Auronzo, toccher\u00e0 a Lorenzago, dove la rassegna artistica \u00e8 ormai un appuntamento consolidato da vent\u2019anni. \u00ab\u201cLorenzago Aperta\u201d ha rappresentato &#8211; e continua a farlo &#8211; un faro nel panorama culturale della nostra montagna &#8211; le parole del sindaco, Marco D\u2019Ambros -. Nel libretto della diciottesima edizione, due anni fa, i curatori hanno scritto di aver ospitato mille artisti. Un numero davvero eccezionale che rende la misura anche di quanti possono essere stati i visitatori\u00bb.\u00a0Il calendario di \u201cLorenzago Aperta\u201d \u00e8 gi\u00e0 definito: dal 2 al 23 agosto.<\/p>\n<p>&nbsp;<\/p>\n<p>&nbsp;<\/p>\n<hr \/>\n<p>&nbsp;<\/p>\n<p>&nbsp;<\/p>\n<blockquote>\n<h3><a class=\"dt-pswp-item\" href=\"https:\/\/www.radiopiu.net\/wordpress\/wp-content\/uploads\/2018\/09\/appuntamenti.jpeg\" data-dt-img-description=\"\" data-large_image_width=\"800\" data-large_image_height=\"100\"><img loading=\"lazy\" decoding=\"async\" class=\"alignnone wp-image-61958 size-full\" src=\"https:\/\/www.radiopiu.net\/wordpress\/wp-content\/uploads\/2018\/09\/appuntamenti.jpeg\" alt=\"\" width=\"800\" height=\"100\" srcset=\"https:\/\/www.radiopiu.net\/wordpress\/wp-content\/uploads\/2018\/09\/appuntamenti.jpeg 800w, https:\/\/www.radiopiu.net\/wordpress\/wp-content\/uploads\/2018\/09\/appuntamenti-300x38.jpeg 300w, https:\/\/www.radiopiu.net\/wordpress\/wp-content\/uploads\/2018\/09\/appuntamenti-768x96.jpeg 768w\" sizes=\"auto, (max-width: 800px) 100vw, 800px\" \/><\/a><\/h3>\n<\/blockquote>\n<h3><\/h3>\n<blockquote>\n<h3><span style=\"color: #ff0000;\">EL CANAL DE AGORT, SCAVARE NEL PASSATO<\/span><\/h3>\n<\/blockquote>\n<h3>AGORDO Storia e archeologia da San Gottardo a Pont del Cristo. La mostra \u00e8 allestita fino al 6 settembre al museo mineralogico e paleontologico di via 5 maggio sulla strada per l&#8217;ex Istituto Minerario a cura dell&#8217;Arca, il gruppo archeologico agordino. Visitabile nei giorni di venerdi, sabato e domenica dalle 10 alle 12.30 e dalle 16 alle 19 con ingresso libero. Da settembre visite su prenotazione. Un tuffo nel passato alla scoperta di antichi reperti storici \u00a0e nuove conoscenze relative alle frequentazioni del Canale in periodo protostorico, ovvero risalenti a 2500 \u2013 3000 anni fa.<\/h3>\n<h3><\/h3>\n<p>&nbsp;<\/p>\n<hr \/>\n<blockquote>\n<h3><\/h3>\n<h3>ARTE \u201cDONA 1 SORRISO ON THE ROAD\u201d: 4 TAPPE PER UN LUGLIO DI SOLIDARIET\u00c0<\/h3>\n<\/blockquote>\n<p><strong><a class=\"dt-pswp-item\" href=\"https:\/\/www.radiopiu.net\/wordpress\/wp-content\/uploads\/2020\/05\/LOGO-DONA-1-SORRISO.png\" data-dt-img-description=\"\" data-large_image_width=\"1002\" data-large_image_height=\"588\"><img loading=\"lazy\" decoding=\"async\" class=\" wp-image-138405 alignleft\" src=\"https:\/\/www.radiopiu.net\/wordpress\/wp-content\/uploads\/2020\/05\/LOGO-DONA-1-SORRISO-300x176.png\" alt=\"\" width=\"189\" height=\"111\" srcset=\"https:\/\/www.radiopiu.net\/wordpress\/wp-content\/uploads\/2020\/05\/LOGO-DONA-1-SORRISO-300x176.png 300w, https:\/\/www.radiopiu.net\/wordpress\/wp-content\/uploads\/2020\/05\/LOGO-DONA-1-SORRISO-768x451.png 768w, https:\/\/www.radiopiu.net\/wordpress\/wp-content\/uploads\/2020\/05\/LOGO-DONA-1-SORRISO.png 1002w\" sizes=\"auto, (max-width: 189px) 100vw, 189px\" \/><\/a>BELLUNO<\/strong> Tutti i sabati, dalle ore 8 alle 13, sar\u00e0 presente uno stand, in cui i volontari metteranno in vendita le magliette e i biglietti della lotteria. Il ricavato di quest\u2019anno sfocer\u00e0 in un aiuto concreto a tre bambini e alle loro famiglie: Tommaso (di 2 anni), Emily e Francesco (di 3). Ogni sabato (4, 11, 18 e 25 luglio) gli amici di \u201cDona 1 Sorriso\u201d saranno a Bolago (zona Bar) e in piazza dei Martiri, a Belluno. Ma, alle due postazioni \u201cfisse\u201d, si aggiungeranno pure la piazza di Agordo (oggi) e quella di Sedico (11), oltre a Cavarzano (zona Blu Bar, il 18) e al condominio Monte Bianco di Ponte nelle Alpi (il 25).<\/p>\n<p>&nbsp;<\/p>\n<p>&nbsp;<\/p>\n<hr \/>\n<blockquote>\n<h3><\/h3>\n<h3>GIORNATA ECOLOGICA AD ALLEGHE<\/h3>\n<\/blockquote>\n<p><strong>ALLEGHE<\/strong> Oggi dalle 7.45 con ritrovo ai parcheggi dei campi da tennis di Caprile si svolger\u00e0 la giornata ecologica con il gruppo Alpini Monte Civetta di Alleghe. I volontari dovranno munirsi di scopa, badili e\/o rastrello. Data l&#8217;emergenza sanitaria il rancio sar\u00e0 sostituito da panino e bibita per tutti a met\u00e0 mattinata. Informazioni 3471031357 oppure all&#8217;ufficio turistico 0437 523333<\/p>\n<p>&nbsp;<\/p>\n<p>&nbsp;<\/p>\n<hr \/>\n<p>&nbsp;<\/p>\n<h2 style=\"text-align: center;\">LA NOVITA&#8217; A PIAN LONGHI IN NEVEGAL<\/h2>\n<h3><a class=\"dt-pswp-item\" href=\"https:\/\/www.radiopiu.net\/wordpress\/wp-content\/uploads\/2020\/07\/58dca1a9-4ede-4a8d-99fb-6357d98c7306.jpg\" data-dt-img-description=\"\" data-large_image_width=\"620\" data-large_image_height=\"877\"><img loading=\"lazy\" decoding=\"async\" class=\"wp-image-147749 size-full aligncenter\" src=\"https:\/\/www.radiopiu.net\/wordpress\/wp-content\/uploads\/2020\/07\/58dca1a9-4ede-4a8d-99fb-6357d98c7306.jpg\" alt=\"\" width=\"620\" height=\"877\" srcset=\"https:\/\/www.radiopiu.net\/wordpress\/wp-content\/uploads\/2020\/07\/58dca1a9-4ede-4a8d-99fb-6357d98c7306.jpg 620w, https:\/\/www.radiopiu.net\/wordpress\/wp-content\/uploads\/2020\/07\/58dca1a9-4ede-4a8d-99fb-6357d98c7306-212x300.jpg 212w\" sizes=\"auto, (max-width: 620px) 100vw, 620px\" \/><\/a><\/h3>\n<p>&nbsp;<\/p>\n<p>&nbsp;<\/p>\n<p>&nbsp;<\/p>\n<hr \/>\n<blockquote>\n<h3><\/h3>\n<h3>CAI AGORDO, DOPO LA RIPARTENZA IL SECONDO APPUNTAMENTO<\/h3>\n<\/blockquote>\n<p><strong><a class=\"dt-pswp-item\" href=\"https:\/\/www.radiopiu.net\/wordpress\/wp-content\/uploads\/2020\/04\/cai-agordo.jpg\" data-dt-img-description=\"\" data-large_image_width=\"297\" data-large_image_height=\"170\"><img loading=\"lazy\" decoding=\"async\" class=\"size-full wp-image-127841 alignleft\" src=\"https:\/\/www.radiopiu.net\/wordpress\/wp-content\/uploads\/2020\/04\/cai-agordo.jpg\" alt=\"\" width=\"297\" height=\"170\" \/><\/a>AGORDO<\/strong> Dopo la positiva ripresa dell&#8217;attivit\u00e0 della scorsa domenica, la Commissione Escursionismo sezionale si \u00e8 rinfrancata e ha deciso di\u00a0 proseguire con il programma proponendo l&#8217;escursione attorno al Pelmo, ovviamente con le dovute precauzioni: oltre alla divisione in pi\u00f9 gruppi a seconda del numero di iscritti, anche la compartecipazione degli amici della Sezione di Salgareda-Ponte di Piave purtroppo \u00e8 sfumata proprio a causa delle limitazioni imposte a causa del Covid-19. L&#8217; escursione, del Pelmo \u00e8\u00a0 famosa; il giro tutto attorno per\u00f2 forse non \u00e8 nel curriculum di tutti in quanto non \u00e8 proprio banale e presenta, oltre ad una certa variet\u00e0 di ambientazioni,\u00a0\u00a0anche qualche breve passaggio esposto. Escursione ad anello valutata E con alcuni tratti EE. E&#8217; in programma per domani con partenze dei gruppi alle 7.30 e 8. Informazioni 380 6983040.<\/p>\n<p>&nbsp;<\/p>\n<p>&nbsp;<\/p>\n<hr \/>\n<h3><\/h3>\n<blockquote>\n<h3><\/h3>\n<h3>MUSEI DELLA MAGNIFICA COMUNIT\u00c0 DI CADORE APERTI TUTTA L\u2019ESTATE<\/h3>\n<\/blockquote>\n<p><strong>PIEVE DI CADORE<\/strong> La Magnifica Comunit\u00e0 di Cadore\u00a0 fino al 30 agosto garantisce l\u2019apertura della Casa natale di Tiziano Vecellio e del Museo Archeologico Cadorino tutti i giorni dalle 9.30 alle 13.00 e dalle 15.00 alle 18.30.\u00a0 <em>\u201cCon grande soddisfazione e sacrificio \u2013 afferma il presidente della Magnifica Comunit\u00e0 di Cadore Renzo Bortolot \u2013 siamo riusciti anche quest\u2019anno a garantire una continuit\u00e0 nel servizio di apertura e fruizione dei nostri musei. Nella difficolt\u00e0 di gestire le normative per il contenimento del contagio del virus Covid-19, abbiamo trovato una collaborazione con la Cooperativa Sociale Cadore, che ci fornir\u00e0 il supporto necessario per garantire il servizio nella massima sicurezza\u201d.<\/em><\/p>\n<p>&nbsp;<\/p>\n<p>&nbsp;<\/p>\n<hr \/>\n<h3><\/h3>\n<p>&nbsp;<\/p>\n<blockquote>\n<h3>RIATTIVATO UN ALTRO SERVIZIO ALLA BIBLIOTECA<\/h3>\n<\/blockquote>\n<p><strong><a class=\"dt-pswp-item\" href=\"https:\/\/www.radiopiu.net\/wordpress\/wp-content\/uploads\/2020\/03\/LIBRI-SCAFFALE.jpg\" data-dt-img-description=\"\" data-large_image_width=\"1052\" data-large_image_height=\"1052\"><img loading=\"lazy\" decoding=\"async\" class=\" wp-image-122391 alignleft\" src=\"https:\/\/www.radiopiu.net\/wordpress\/wp-content\/uploads\/2020\/03\/LIBRI-SCAFFALE-300x300.jpg\" alt=\"\" width=\"122\" height=\"122\" srcset=\"https:\/\/www.radiopiu.net\/wordpress\/wp-content\/uploads\/2020\/03\/LIBRI-SCAFFALE-300x300.jpg 300w, https:\/\/www.radiopiu.net\/wordpress\/wp-content\/uploads\/2020\/03\/LIBRI-SCAFFALE-1024x1024.jpg 1024w, https:\/\/www.radiopiu.net\/wordpress\/wp-content\/uploads\/2020\/03\/LIBRI-SCAFFALE-150x150.jpg 150w, https:\/\/www.radiopiu.net\/wordpress\/wp-content\/uploads\/2020\/03\/LIBRI-SCAFFALE-768x768.jpg 768w, https:\/\/www.radiopiu.net\/wordpress\/wp-content\/uploads\/2020\/03\/LIBRI-SCAFFALE.jpg 1052w\" sizes=\"auto, (max-width: 122px) 100vw, 122px\" \/><\/a>LIMANA\u00a0<\/strong> Oltre ai servizi di prestito e restituzione dei materiali vari (libri e dvd) ora sar\u00e0 di nuovo possibile usufruire della saletta studio per lo studio individuale, ovviamente con tutte le precauzioni e le cautele imposte dall&#8217;emergenza sanitaria. Saranno disponibili 3 postazioni per lo studio individuale. Per il momento rimane invariato l&#8217;orario attuale di apertura della Biblioteca, ovvero: luned\u00ec, giovedi e venerdi 14.30\/16.30 &#8211; 17.00\/18.30, mercoled\u00ec 8.30\/10.30-11.00\/12.30<\/p>\n<p>&nbsp;<\/p>\n<h3><\/h3>\n<p>&nbsp;<\/p>\n<p>&nbsp;<\/p>\n<hr \/>\n<p>&nbsp;<\/p>\n<blockquote>\n<h3>OGGI L&#8217;ULTIMO APPUNTAMENTO DI &#8220;A CASA DI DINO&#8221;<\/h3>\n<\/blockquote>\n<p><strong><a class=\"dt-pswp-item\" href=\"https:\/\/www.radiopiu.net\/wordpress\/wp-content\/uploads\/2020\/07\/cartolina-a-casa-di-Dino-nuova-fronte-Copia.jpeg\" data-dt-img-description=\"\" data-large_image_width=\"1280\" data-large_image_height=\"908\"><img loading=\"lazy\" decoding=\"async\" class=\" wp-image-147551 alignleft\" src=\"https:\/\/www.radiopiu.net\/wordpress\/wp-content\/uploads\/2020\/07\/cartolina-a-casa-di-Dino-nuova-fronte-Copia-300x213.jpeg\" alt=\"\" width=\"218\" height=\"155\" srcset=\"https:\/\/www.radiopiu.net\/wordpress\/wp-content\/uploads\/2020\/07\/cartolina-a-casa-di-Dino-nuova-fronte-Copia-300x213.jpeg 300w, https:\/\/www.radiopiu.net\/wordpress\/wp-content\/uploads\/2020\/07\/cartolina-a-casa-di-Dino-nuova-fronte-Copia-1024x726.jpeg 1024w, https:\/\/www.radiopiu.net\/wordpress\/wp-content\/uploads\/2020\/07\/cartolina-a-casa-di-Dino-nuova-fronte-Copia-768x545.jpeg 768w, https:\/\/www.radiopiu.net\/wordpress\/wp-content\/uploads\/2020\/07\/cartolina-a-casa-di-Dino-nuova-fronte-Copia.jpeg 1280w\" sizes=\"auto, (max-width: 218px) 100vw, 218px\" \/><\/a>BELLUNO\u00a0<\/strong>\u201cA Casa di Dino\u201d chiude il sipario oggi nel cortile interno di Palazzo Fulcis con uno spettacolo dal titolo \u201cProfessoresse meccaniche scendono in citt\u00e0\u201d, che avr\u00e0 inizio alle 20.45. Alcune misteriose \u201cprofessoresse\u201d scappano da un libro e prendono vita sul palco per raccontare le mostruosit\u00e0 delle loro giornate scolastiche in un fantasmagorico intreccio di situazioni surreali che tuttavia ricordano la vita di tutti i giorni. Legge e strepita Laura Portunato, suona e starnazza Sandro Del Duca. Uno spettacolo neo-patafisico e para-buzzatiano tratto da un libro \u201cspassoso, elettrico, ironico e paradossale\u201d di Alfonso Lentini: \u201cLe professoresse meccaniche e altre storie di scuola\u201d, edito da Graphofeel.<\/p>\n<p>&nbsp;<\/p>\n<p>&nbsp;<\/p>\n<hr \/>\n<p>&nbsp;<\/p>\n<p>&nbsp;<\/p>\n<blockquote>\n<h3>APRE L&#8217;UFFICIO PROLOCO DI CANALE D&#8217;AGORDO<\/h3>\n<\/blockquote>\n<p><strong>CANALE D&#8217;AGORDO<\/strong> L&#8221;ufficio pro loco di Canale d&#8217;Agordo per i mesi di luglio ed agosto 2020 sar\u00e0 aperto tutti i giorni dalle 9 alle 12.30 e dalle 15.30 alle 18.30. La Proloco dopo alcune valutazioni tecniche e logistiche\u00a0 ha deciso\u00a0 che il\u00a0 Concerto in Valle di Gares previsto per il 12 agosto 2020 e la Lucciolata 2020 sono annullati, se ne riparler\u00e0 tra un anno.<\/p>\n<p>&nbsp;<\/p>\n<p>&nbsp;<\/p>\n<hr \/>\n<p>&nbsp;<\/p>\n<blockquote>\n<h3><span style=\"color: #ff00ff;\">IERI ALLA RADIO &#8220;LA FABBRICA DELLE EMOZIONI&#8221;, IN COLLABORAZIONE CON GIORNALE &amp; CAFFE&#8217; DERSUT DI MAURIZIO FARENZENA A TAIBON AGORDINO\u00a0<\/span><\/h3>\n<p><strong><a class=\"dt-pswp-item\" href=\"https:\/\/www.radiopiu.net\/wordpress\/wp-content\/uploads\/2020\/05\/PISCINA-AGORDO.jpg\" data-dt-img-description=\"\" data-large_image_width=\"1600\" data-large_image_height=\"737\"><img loading=\"lazy\" decoding=\"async\" class=\" wp-image-140455 alignleft\" src=\"https:\/\/www.radiopiu.net\/wordpress\/wp-content\/uploads\/2020\/05\/PISCINA-AGORDO-300x138.jpg\" alt=\"\" width=\"191\" height=\"88\" srcset=\"https:\/\/www.radiopiu.net\/wordpress\/wp-content\/uploads\/2020\/05\/PISCINA-AGORDO-300x138.jpg 300w, https:\/\/www.radiopiu.net\/wordpress\/wp-content\/uploads\/2020\/05\/PISCINA-AGORDO-1024x472.jpg 1024w, https:\/\/www.radiopiu.net\/wordpress\/wp-content\/uploads\/2020\/05\/PISCINA-AGORDO-768x354.jpg 768w, https:\/\/www.radiopiu.net\/wordpress\/wp-content\/uploads\/2020\/05\/PISCINA-AGORDO-1536x708.jpg 1536w, https:\/\/www.radiopiu.net\/wordpress\/wp-content\/uploads\/2020\/05\/PISCINA-AGORDO.jpg 1600w\" sizes=\"auto, (max-width: 191px) 100vw, 191px\" \/><\/a>OSPITI GIORGIO DE NARDIN E ROBERTO BROGLIO DALLA PISCINA COMPRENSORIALE DI AGORDO<\/strong><\/p><\/blockquote>\n<p>di Claudio Fontanive<\/p>\n<audio class=\"wp-audio-shortcode\" id=\"audio-147639-7\" preload=\"none\" style=\"width: 100%;\" controls=\"controls\"><source type=\"audio\/mpeg\" src=\"https:\/\/www.radiopiu.net\/wordpress\/wp-content\/uploads\/2020\/07\/de-nardin-broglio-3-luglio.mp3?_=7\" \/><a href=\"https:\/\/www.radiopiu.net\/wordpress\/wp-content\/uploads\/2020\/07\/de-nardin-broglio-3-luglio.mp3\">https:\/\/www.radiopiu.net\/wordpress\/wp-content\/uploads\/2020\/07\/de-nardin-broglio-3-luglio.mp3<\/a><\/audio>\n<p>&nbsp;<\/p>\n<p>&nbsp;<\/p>\n<hr \/>\n<p>&nbsp;<\/p>\n<blockquote class=\"wp-embedded-content\" data-secret=\"vryOsohEKL\"><p><a href=\"https:\/\/www.radiopiu.net\/wordpress\/colle-santa-lucia-e-selva-di-cadore-quindi-la-strada-delle-dolomiti-di-renato-bona\/\">COLLE SANTA LUCIA E SELVA DI CADORE QUINDI LA \u201cSTRADA DELLE DOLOMITI\u201d di Renato Bona<\/a><\/p><\/blockquote>\n<p><iframe loading=\"lazy\" class=\"wp-embedded-content\" sandbox=\"allow-scripts\" security=\"restricted\" style=\"position: absolute; clip: rect(1px, 1px, 1px, 1px);\" title=\"&#8220;COLLE SANTA LUCIA E SELVA DI CADORE QUINDI LA \u201cSTRADA DELLE DOLOMITI\u201d di Renato Bona&#8221; &#8212; Radio Pi\u00f9\" src=\"https:\/\/www.radiopiu.net\/wordpress\/colle-santa-lucia-e-selva-di-cadore-quindi-la-strada-delle-dolomiti-di-renato-bona\/embed\/#?secret=vryOsohEKL\" data-secret=\"vryOsohEKL\" width=\"600\" height=\"338\" frameborder=\"0\" marginwidth=\"0\" marginheight=\"0\" scrolling=\"no\"><\/iframe><\/p>\n<p>&nbsp;<\/p>\n<p>&nbsp;<\/p>\n<hr \/>\n<p>&nbsp;<\/p>\n<p>&nbsp;<\/p>\n<p>&nbsp;<\/p>\n<blockquote>\n<h3>SOLIDARIETA&#8217; VENETO FONDO PENSIONE, APPUNTAMENTO MENSILE, PRIMO VENERDI DEL MESE CON IL DIRETTORE PAOLO STEFAN<\/h3>\n<p><a class=\"dt-pswp-item\" href=\"https:\/\/www.radiopiu.net\/wordpress\/wp-content\/uploads\/2020\/05\/solidariet\u00e0-veneto.jpg\" data-dt-img-description=\"\" data-large_image_width=\"1373\" data-large_image_height=\"961\"><img loading=\"lazy\" decoding=\"async\" class=\"wp-image-134366 alignleft\" src=\"https:\/\/www.radiopiu.net\/wordpress\/wp-content\/uploads\/2020\/05\/solidariet\u00e0-veneto-300x210.jpg\" alt=\"\" width=\"180\" height=\"126\" srcset=\"https:\/\/www.radiopiu.net\/wordpress\/wp-content\/uploads\/2020\/05\/solidariet\u00e0-veneto-300x210.jpg 300w, https:\/\/www.radiopiu.net\/wordpress\/wp-content\/uploads\/2020\/05\/solidariet\u00e0-veneto-1024x717.jpg 1024w, https:\/\/www.radiopiu.net\/wordpress\/wp-content\/uploads\/2020\/05\/solidariet\u00e0-veneto-768x538.jpg 768w, https:\/\/www.radiopiu.net\/wordpress\/wp-content\/uploads\/2020\/05\/solidariet\u00e0-veneto.jpg 1373w\" sizes=\"auto, (max-width: 180px) 100vw, 180px\" \/><\/a>di Claudio Fontanive<\/p><\/blockquote>\n<audio class=\"wp-audio-shortcode\" id=\"audio-147639-8\" preload=\"none\" style=\"width: 100%;\" controls=\"controls\"><source type=\"audio\/mpeg\" src=\"https:\/\/www.radiopiu.net\/wordpress\/wp-content\/uploads\/2020\/07\/solidarieta-veneto-luglio.mp3?_=8\" \/><a href=\"https:\/\/www.radiopiu.net\/wordpress\/wp-content\/uploads\/2020\/07\/solidarieta-veneto-luglio.mp3\">https:\/\/www.radiopiu.net\/wordpress\/wp-content\/uploads\/2020\/07\/solidarieta-veneto-luglio.mp3<\/a><\/audio>\n<p>&nbsp;<\/p>\n<p><strong>I NUMERI PRECEDENTI\u00a0<\/strong><\/p>\n<blockquote class=\"wp-embedded-content\" data-secret=\"CihEXqaUYo\"><p><a href=\"https:\/\/www.radiopiu.net\/wordpress\/solidarieta-veneto\/\">Solidariet\u00e0 Veneto<\/a><\/p><\/blockquote>\n<p><iframe loading=\"lazy\" class=\"wp-embedded-content\" sandbox=\"allow-scripts\" security=\"restricted\" style=\"position: absolute; clip: rect(1px, 1px, 1px, 1px);\" title=\"&#8220;Solidariet\u00e0 Veneto&#8221; &#8212; Radio Pi\u00f9\" src=\"https:\/\/www.radiopiu.net\/wordpress\/solidarieta-veneto\/embed\/#?secret=CihEXqaUYo\" data-secret=\"CihEXqaUYo\" width=\"600\" height=\"338\" frameborder=\"0\" marginwidth=\"0\" marginheight=\"0\" scrolling=\"no\"><\/iframe><\/p>\n<p>&nbsp;<\/p>\n<p>&nbsp;<\/p>\n<p>&nbsp;<\/p>\n<hr \/>\n<h2><\/h2>\n<h2>IERI ALLA RADIO<\/h2>\n<h2><span style=\"color: #ff0000;\">DUE MINUTI UN LIBRO<\/span><\/h2>\n<blockquote class=\"wp-embedded-content\" data-secret=\"WIiblXaEE3\"><p><a href=\"https:\/\/www.radiopiu.net\/wordpress\/le-intermittenze-della-morte-2\/\">LE INTERMITTENZE DELLA MORTE<\/a><\/p><\/blockquote>\n<p><iframe loading=\"lazy\" class=\"wp-embedded-content\" sandbox=\"allow-scripts\" security=\"restricted\" style=\"position: absolute; clip: rect(1px, 1px, 1px, 1px);\" title=\"&#8220;LE INTERMITTENZE DELLA MORTE&#8221; &#8212; Radio Pi\u00f9\" src=\"https:\/\/www.radiopiu.net\/wordpress\/le-intermittenze-della-morte-2\/embed\/#?secret=WIiblXaEE3\" data-secret=\"WIiblXaEE3\" width=\"600\" height=\"338\" frameborder=\"0\" marginwidth=\"0\" marginheight=\"0\" scrolling=\"no\"><\/iframe><\/p>\n<p>&nbsp;<\/p>\n<p><strong>LE ALTRE PUNTATE<\/strong><\/p>\n<blockquote class=\"wp-embedded-content\" data-secret=\"xtPUqt2uln\"><p><a href=\"https:\/\/www.radiopiu.net\/wordpress\/due-minuti-un-libro\/\">Due minuti un libro<\/a><\/p><\/blockquote>\n<p><iframe loading=\"lazy\" class=\"wp-embedded-content\" sandbox=\"allow-scripts\" security=\"restricted\" style=\"position: absolute; clip: rect(1px, 1px, 1px, 1px);\" title=\"&#8220;Due minuti un libro&#8221; &#8212; Radio Pi\u00f9\" src=\"https:\/\/www.radiopiu.net\/wordpress\/due-minuti-un-libro\/embed\/#?secret=xtPUqt2uln\" data-secret=\"xtPUqt2uln\" width=\"600\" height=\"338\" frameborder=\"0\" marginwidth=\"0\" marginheight=\"0\" scrolling=\"no\"><\/iframe><\/p>\n<h2><\/h2>\n<p>&nbsp;<\/p>\n<blockquote class=\"wp-embedded-content\" data-secret=\"evtMxD5H6b\"><p><a href=\"https:\/\/www.radiopiu.net\/wordpress\/il-saluto-di-vasco-rossi-a-radio-piu-raccolto-da-maurizio-laghi\/\">IL SALUTO DI VASCO ROSSI A RADIO PI\u00d9 RACCOLTO DA MAURIZIO LAGHI<\/a><\/p><\/blockquote>\n<p><iframe loading=\"lazy\" class=\"wp-embedded-content\" sandbox=\"allow-scripts\" security=\"restricted\" style=\"position: absolute; clip: rect(1px, 1px, 1px, 1px);\" title=\"&#8220;IL SALUTO DI VASCO ROSSI A RADIO PI\u00d9 RACCOLTO DA MAURIZIO LAGHI&#8221; &#8212; Radio Pi\u00f9\" src=\"https:\/\/www.radiopiu.net\/wordpress\/il-saluto-di-vasco-rossi-a-radio-piu-raccolto-da-maurizio-laghi\/embed\/#?secret=evtMxD5H6b\" data-secret=\"evtMxD5H6b\" width=\"600\" height=\"338\" frameborder=\"0\" marginwidth=\"0\" marginheight=\"0\" scrolling=\"no\"><\/iframe><\/p>\n<p>&nbsp;<\/p>\n<hr \/>\n<p>&nbsp;<\/p>\n<p>&nbsp;<\/p>\n<blockquote>\n<h3><span style=\"color: #800000;\">IERI ALLA RADIO, EPCENTER CON FRANCESCO ZILLIO, PUNTATA NUMERO 20<\/span><\/h3>\n<\/blockquote>\n<p><iframe loading=\"lazy\" title=\"EPCENTER PUNTATA 20\" width=\"1200\" height=\"675\" src=\"https:\/\/www.youtube.com\/embed\/ooMe9S6jGmE?start=4&#038;feature=oembed\" frameborder=\"0\" allow=\"accelerometer; autoplay; clipboard-write; encrypted-media; gyroscope; picture-in-picture\" allowfullscreen><\/iframe><\/p>\n<blockquote>\n<h3><span style=\"color: #800000;\">I NUMERI PRECEDENTI DALLA HOME DEL SITO DI RADIOPIU LA VIDEO GALLERY<\/span><\/h3>\n<\/blockquote>\n<blockquote class=\"wp-embedded-content\" data-secret=\"h8VSSxPg2e\"><p><a href=\"https:\/\/www.radiopiu.net\/wordpress\/ep-center-video-gallery\/\">EP CENTER video gallery<\/a><\/p><\/blockquote>\n<p><iframe loading=\"lazy\" class=\"wp-embedded-content\" sandbox=\"allow-scripts\" security=\"restricted\" style=\"position: absolute; clip: rect(1px, 1px, 1px, 1px);\" title=\"&#8220;EP CENTER video gallery&#8221; &#8212; Radio Pi\u00f9\" src=\"https:\/\/www.radiopiu.net\/wordpress\/ep-center-video-gallery\/embed\/#?secret=h8VSSxPg2e\" data-secret=\"h8VSSxPg2e\" width=\"600\" height=\"338\" frameborder=\"0\" marginwidth=\"0\" marginheight=\"0\" scrolling=\"no\"><\/iframe><\/p>\n<p>&nbsp;<\/p>\n<hr \/>\n<h2><\/h2>\n<h2><span style=\"color: #0000ff;\">IL MESSAGGIO DEI SACERDOTI A RADIO PIU&#8217;<\/span><\/h2>\n<blockquote class=\"wp-embedded-content\" data-secret=\"FAhtZfm7jY\"><p><a href=\"https:\/\/www.radiopiu.net\/wordpress\/chiesa11\/\">DON CESARE SU RADIO PIU&#8217; ALLE 7.30 E 19.30, PARROCCHIE DI AGORDO, LA VALLE E TAIBON<\/a><\/p><\/blockquote>\n<p><iframe loading=\"lazy\" class=\"wp-embedded-content\" sandbox=\"allow-scripts\" security=\"restricted\" style=\"position: absolute; clip: rect(1px, 1px, 1px, 1px);\" title=\"&#8220;DON CESARE SU RADIO PIU&#8217; ALLE 7.30 E 19.30, PARROCCHIE DI AGORDO, LA VALLE E TAIBON&#8221; &#8212; Radio Pi\u00f9\" src=\"https:\/\/www.radiopiu.net\/wordpress\/chiesa11\/embed\/#?secret=FAhtZfm7jY\" data-secret=\"FAhtZfm7jY\" width=\"600\" height=\"338\" frameborder=\"0\" marginwidth=\"0\" marginheight=\"0\" scrolling=\"no\"><\/iframe><\/p>\n<p>&nbsp;<\/p>\n<p>&nbsp;<\/p>\n<p>&nbsp;<\/p>\n<hr \/>\n<p>&nbsp;<\/p>\n<blockquote>\n<h3><span style=\"color: #008000;\">LA RACCOLTA DI AGORDINOMERON<\/span><\/h3>\n<\/blockquote>\n<blockquote class=\"wp-embedded-content\" data-secret=\"xJU3VtTghS\"><p><a href=\"https:\/\/www.radiopiu.net\/wordpress\/agordinomeron\/\">AGORDINOMERON, IL TERRITORIO SI RACCONTA Da un&#8217;idea di Gianni Santomaso<\/a><\/p><\/blockquote>\n<p><iframe loading=\"lazy\" class=\"wp-embedded-content\" sandbox=\"allow-scripts\" security=\"restricted\" style=\"position: absolute; clip: rect(1px, 1px, 1px, 1px);\" title=\"&#8220;AGORDINOMERON, IL TERRITORIO SI RACCONTA Da un&#8217;idea di Gianni Santomaso&#8221; &#8212; Radio Pi\u00f9\" src=\"https:\/\/www.radiopiu.net\/wordpress\/agordinomeron\/embed\/#?secret=xJU3VtTghS\" data-secret=\"xJU3VtTghS\" width=\"600\" height=\"338\" frameborder=\"0\" marginwidth=\"0\" marginheight=\"0\" scrolling=\"no\"><\/iframe><\/p>\n<p>&nbsp;<\/p>\n<p>&nbsp;<\/p>\n<p>&nbsp;<\/p>\n<hr \/>\n<p>&nbsp;<\/p>\n<p>&nbsp;<\/p>\n<p><strong class=\"photoswipe-wrapper\"><a class=\"dt-pswp-item pspw-wrap-ready\" href=\"https:\/\/i0.wp.com\/www.radiopiu.net\/wordpress\/wp-content\/uploads\/2018\/09\/viabilita.jpeg?ssl=1\" data-dt-img-description=\"\" data-large_image_width=\"800\" data-large_image_height=\"100\"><img loading=\"lazy\" decoding=\"async\" class=\"aligncenter wp-image-61954 size-full jetpack-lazy-image jetpack-lazy-image--handled\" src=\"https:\/\/i0.wp.com\/www.radiopiu.net\/wordpress\/wp-content\/uploads\/2018\/09\/viabilita.jpeg?resize=800%2C100&amp;ssl=1\" sizes=\"auto, (max-width: 800px) 100vw, 800px\" srcset=\"https:\/\/i0.wp.com\/www.radiopiu.net\/wordpress\/wp-content\/uploads\/2018\/09\/viabilita.jpeg?w=800&amp;ssl=1 800w, https:\/\/i0.wp.com\/www.radiopiu.net\/wordpress\/wp-content\/uploads\/2018\/09\/viabilita.jpeg?resize=300%2C38&amp;ssl=1 300w, https:\/\/i0.wp.com\/www.radiopiu.net\/wordpress\/wp-content\/uploads\/2018\/09\/viabilita.jpeg?resize=768%2C96&amp;ssl=1 768w\" alt=\"\" width=\"800\" height=\"100\" data-lazy-loaded=\"1\" \/><\/a><\/strong><\/p>\n<p><strong>\u00a0<\/strong><\/p>\n<p>SP 251 FINO AL 31 LUGLIO TRA PESCUL E SELVA DI CADORE SENSO UNICO ALTERNATO REGOLATO DA SEMAFORO, ESCLUSI SABATO E DOMENICA PER POSA FIBRE OTTICHE<\/p>\n<p>PROVINCIALE 3 VALLE IMPERINA, LOCALITA\u2019 CORDE MOLE: DAL 6 LUGLIO DALLE 8 ALLE 11.45 E DALLE 13.30 ALLE 17.30 (SABATO E DOMENICA ESCLUSI) INTERRUZIONI ALLA VIABILITA\u2019 FINO A 30 MINUTI PER TAGLIO PIANTE TRA LE LOCALITA\u2019 CORDE MOLE E VALLESIN<\/p>\n<p>PROVINCIALE 641 DI PASSO FEDAIA, FINO AL 31 LUGLIO (FESTIVI E PREFESTIVI ECLUSI) SENSO UNICO IN LOCALIT\u00c0 ROCCA PIETORE PER SOSTITUZIONI BARRIERE LATERALI<\/p>\n<p>PROVINCIALE 25 PASSO VALLES FINO AL 18 LUGLIO (FESTIVI ESCLUSI) SENSO UNICO ALERNATO CON SEMAFORO O MOVIERI PER ESBOSCO<\/p>\n<p>FINO AL 24 LUGLIO SABATO E DOMENICA COMPRESI LUNGO LA 641 DI PASSO FEDAIA IN LOCALIT\u00e0 CAPANNA BILL E COL DI ROCCA, SENSO UNICO ALTERNATO CON SEMAFORO<\/p>\n<p>STRADA REGIONALE 203 AGORDINA TRA PERON E CANDATEN, FINO 31 LUGLIO ESCLUSI SABATI E DOMENICHE, DALLE 7:30 ALLE 9 E E DALLE 16:30 ALLE 18 SENSO UNICO ALTERNATO REGOLATO DA MOVIERI. NEGLI ALTRI ORARI SENSO UNICO ALTERNATO REGOLATO DA SEMAFORO PER INTERRAMENTO CAVIDOTTO E-DISTRIBUZIONE<\/p>\n<p>347 DURAN E CEREDA: FINO ALL\u201911 LUGLIO (FESTIVI ECLUSI) SENSO UNICO CON SEMAFORO IN LOCALIT\u00c0 SANT\u2019ANDREA (GOSALDO)<\/p>\n<p>PROVINCIALE 25 PASSO VALLES FINO AL 18 LUGLIO (FESTIVI ESCLUSI) SENSO UNICO ALERNATO CON SEMAFORO O MOVIERI PER ESBOSCO<\/p>\n<p>347 DURAN E CEREDA, NEI COMUNI DI CIBIANA E VALLE DI CADORE, FINO\u00a0 AL 10 LUGLIO POSSIBILI INTERRUZIONI DELLA DURATA MASSIMA DI 30 MINUTI E SENSO UNICO ALTERNATO REGOLATO DA MOVIERI PER ASFALTATURA PIANO VIABILE<\/p>\n<p>PROVINCIALE 20 DELLA VAL FIORENTINA, SELVA DI CADORE: FINO AL 10 LUGLIO, CHIUSURA TOTALE TRA SOLATOR E IL CENTRO DEL PAESE ANCHE NEI GIORNI FESTIVI E PREFESTIVI, DAL CHILOMETRO 4.850 AL CHILOMETRO 5.100. TRANSITO CONSENTITO AI LOCALI CON TEMPI DI ATTESA MASSIMI STIMATI IN 30 MINUTI IN LOCALITA\u2019 SOLATOR DAL CHILOMETRO 4.400 AL CHILOMETRO 4.850<\/p>\n<p>STRADA REGIONALE 48 DELLE DOLOMITI, A CORTINA IN LOCALITA&#8217; POCOL, SENSO UNICO ALTERNATO REGOLATO DA IMPIANTO SEMAFORICO \u00a0DAL 6 AL 24 LUGLIO, ESCLUSI SABATI E DOMENICHE, PER POSA CAVIDOTTO E-DISTRIBUZIONE<\/p>\n<p>STRADA PROVINCIALE 30 PANORAMICA DEL COMELICO, DAL 6 AL 31 LUGLIO INTERDIZIONE TOTALE ALLA VIABILITA&#8217; TRA COSTA E COSTALISSOIO PER MESSA IN SICUREZZA STRADA<\/p>\n<p>STRADA PROVINCIALE 619 DI VIGO DI CADORE, FINO\u00a0 AL 7 AGOSTO, ESCLUSI SABATI E DOMENICHE, SENSO UNICO ALTERNATO REGOLATO DA IMPIANTO SEMAFORICO O MOVIERI PER MESSA IN SICUREZZA DELLA STRADA<\/p>\n<p>&nbsp;<\/p>\n<p>&nbsp;<\/p>\n<hr \/>\n<p>&nbsp;<\/p>\n<h2><em><strong>COMUNICAZIONE ISTITUZIONALE \u2013 APP IMMUNI<\/strong><\/em><\/h2>\n<p><span class=\"embed-youtube\"><iframe loading=\"lazy\" class=\"youtube-player\" src=\"https:\/\/www.youtube.com\/embed\/-XG48J62814?version=3&amp;rel=1&amp;fs=1&amp;autohide=2&amp;showsearch=0&amp;showinfo=1&amp;iv_load_policy=1&amp;wmode=transparent\" width=\"1200\" height=\"675\" allowfullscreen=\"allowfullscreen\" data-mce-fragment=\"1\"><\/iframe><\/span><\/p>\n<p>&nbsp;<\/p>\n<p>&nbsp;<\/p>\n<p>&nbsp;<\/p>\n<hr \/>\n<p>&nbsp;<\/p>\n<p class=\"photoswipe-wrapper\"><a class=\"dt-pswp-item pspw-wrap-ready\" href=\"https:\/\/i0.wp.com\/www.radiopiu.net\/wordpress\/wp-content\/uploads\/2018\/09\/WhatsApp-Image-2018-09-20-at-16.04.06.jpeg?ssl=1\" data-dt-img-description=\"\" data-large_image_width=\"800\" data-large_image_height=\"100\"><img loading=\"lazy\" decoding=\"async\" class=\"aligncenter wp-image-61378 size-full jetpack-lazy-image jetpack-lazy-image--handled\" src=\"https:\/\/i0.wp.com\/www.radiopiu.net\/wordpress\/wp-content\/uploads\/2018\/09\/WhatsApp-Image-2018-09-20-at-16.04.06.jpeg?resize=800%2C100&amp;ssl=1\" sizes=\"auto, (max-width: 800px) 100vw, 800px\" srcset=\"https:\/\/i0.wp.com\/www.radiopiu.net\/wordpress\/wp-content\/uploads\/2018\/09\/WhatsApp-Image-2018-09-20-at-16.04.06.jpeg?w=800&amp;ssl=1 800w, https:\/\/i0.wp.com\/www.radiopiu.net\/wordpress\/wp-content\/uploads\/2018\/09\/WhatsApp-Image-2018-09-20-at-16.04.06.jpeg?resize=300%2C38&amp;ssl=1 300w, https:\/\/i0.wp.com\/www.radiopiu.net\/wordpress\/wp-content\/uploads\/2018\/09\/WhatsApp-Image-2018-09-20-at-16.04.06.jpeg?resize=768%2C96&amp;ssl=1 768w\" alt=\"\" width=\"800\" height=\"100\" data-lazy-loaded=\"1\" \/><\/a><\/p>\n<p>&nbsp;<\/p>\n<p><center><b>Sabato 4<\/b><\/center><b>Tempo atteso: <\/b>Al mattino tempo in miglioramento con prevalenza di sole e cielo sereno o poco nuvoloso sulle Dolomiti, mentre qualche residuo annuvolamento resister\u00e0 al primo mattino sulle Prealpi. Al pomeriggio sole e modesti addensamenti sulle Dolomiti; attivit\u00e0 cumuliforme pi\u00f9 presente sulle Prealpi, dove non si potr\u00e0 escludere qualche fenomeno nelle ore pi\u00f9 calde. Alla sera cielo perlopi\u00f9 sereno ovunque. Clima diurno pi\u00f9 caldo.<br \/>\n<b>Precipitazioni: <\/b>Nottetempo qualche residuo rovescio sulle Prealpi (20\/30%). In giornata assenti sulle Dolomiti (0%), mentre qualche isolato piovasco potrebbe interessare alcuni settori prealpini al pomeriggio (20\/40%), si tratter\u00e0 di eccezioni e su molti settori prealpini non piover\u00e0 affatto.<br \/>\n<b>Temperature: <\/b>Minime in calo e massime in contenuta ripresa. Sono previste punte di 28\/29\u00b0C nei fondovalle prealpini e 22\/25\u00b0C a 1000\/1200 m. Su Prealpi a 1500 m min 10\u00b0C max 18\u00b0C, a 2000 m min 7\u00b0C max 14\u00b0C. Su Dolomiti a 2000 m min 6\u00b0C max 15\u00b0C, a 3000 m min 0\u00b0C max 5\u00b0C.<br \/>\n<b>Venti: <\/b>Nelle valli deboli\/moderati a regime di brezza, in quota deboli\/moderati in prevalenza da est nord-est, a 5-15 km\/h a 2000 m e 10-20 km\/h a 3000 m.<\/p>\n<hr \/>\n<p><center><b>Domenica 5<\/b><\/center><b>Tempo atteso: <\/b>Tempo ben soleggiato con cielo sereno, aria tersa ed ottima visibilit\u00e0 al mattino. In prevalenza soleggiato con cielo ancora sereno, salvo modesti cumuli a ridosso delle cime nelle ore pi\u00f9 calde. Il soleggiamento sar\u00e0 tale da favorire un forte riscaldamento diurno con valori massime ben sopra le medie a tutte le quote.<br \/>\n<b>Precipitazioni: <\/b>Assenti (0%).<br \/>\n<b>Temperature: <\/b>In generale aumento, eccetto calo delle minime nelle valli. Sono previste punte di 30\/32\u00b0C nei fondovalle prealpini e 25\/27\u00b0C a 1000\/1200 m. Su Prealpi a 1500 m min 13\u00b0C max 20\u00b0C, a 2000 m min 11\u00b0C max 16\u00b0C. Su Dolomiti a 2000 m min 10\u00b0C max 17\u00b0C, a 3000 m min 5\u00b0C max 8\u00b0C.<br \/>\n<b>Venti: <\/b>Nelle valli deboli o localmente e a tratti moderati per brezze; in quota deboli\/moderati da nord, in lieve rinforzo alla sera, a 5-10 km\/h a 2000 m e 10-25 km\/h a 3000 m.<\/p>\n<hr \/>\n<p><center><b>Lunedi 6<\/b><\/center>Mattinata ben soleggiata con cielo sereno. Al pomeriggio lieve riduzione del soleggiamento per attivit\u00e0 cumuliforme, spesso ed inizialmente modesta. Nel tardo pomeriggio e sopratutto in serata la nuvolosit\u00e0 sar\u00e0 sempre pi\u00f9 intensa e aumenter\u00e0 sensibilmente il rischio di rovesci e temporali a partire dalle Dolomiti. Temperature in ulteriore aumento con clima diurno decisamente caldo. Venti a regime di brezza nelle valli; deboli\/moderati dai quadranti occidentali in giornata e di direzione variabile alla sera.<\/p>\n<hr \/>\n<p><center><b>Martedi 7<\/b><\/center>Probabile instabilit\u00e0 tra la notte ed il mattino, prima di un miglioramento in giornata, con diminuzione della nuvolosit\u00e0 e ritorno del sole, magari con qualche residuo annuvolamento al pomeriggio. Temperature in generale diminuzione. Venti a regime di brezza nelle valli; deboli\/moderati da ovest sud-ovest in quota. Previsore: R.L.Th.<\/p>\n<p>&nbsp;<\/p>\n<p>&nbsp;<\/p>\n<hr \/>\n<h2><\/h2>\n<h2><strong>COMUNICAZIONE ISTITUZIONALE TEST SIEROLOGICI<\/strong><\/h2>\n<p><iframe loading=\"lazy\" title=\"Pomilio Blumm   Indagine Sierologica Covid 19 v 3\" width=\"1200\" height=\"675\" src=\"https:\/\/www.youtube.com\/embed\/bLDh8Pd3FxA?feature=oembed\" frameborder=\"0\" allow=\"accelerometer; autoplay; clipboard-write; encrypted-media; gyroscope; picture-in-picture\" allowfullscreen><\/iframe><\/p>\n<p>&nbsp;<\/p>\n<p>&nbsp;<\/p>\n<p>&nbsp;<\/p>\n<p><a class=\"dt-pswp-item\" href=\"https:\/\/www.radiopiu.net\/wordpress\/wp-content\/uploads\/2018\/09\/sport.jpg\" data-dt-img-description=\"\" data-large_image_width=\"800\" data-large_image_height=\"100\"><img loading=\"lazy\" decoding=\"async\" class=\"aligncenter wp-image-60761 size-full\" src=\"https:\/\/www.radiopiu.net\/wordpress\/wp-content\/uploads\/2018\/09\/sport.jpg\" alt=\"\" width=\"800\" height=\"100\" srcset=\"https:\/\/www.radiopiu.net\/wordpress\/wp-content\/uploads\/2018\/09\/sport.jpg 800w, https:\/\/www.radiopiu.net\/wordpress\/wp-content\/uploads\/2018\/09\/sport-300x38.jpg 300w, https:\/\/www.radiopiu.net\/wordpress\/wp-content\/uploads\/2018\/09\/sport-768x96.jpg 768w\" sizes=\"auto, (max-width: 800px) 100vw, 800px\" \/><\/a><\/p>\n<p>&nbsp;<\/p>\n<blockquote>\n<h3>LA SFIDA FODOM: &#8220;ORGANIZZIAMO LA VERTICAL COL DI LANA&#8221;<\/h3>\n<\/blockquote>\n<p><strong><img loading=\"lazy\" decoding=\"async\" class=\"alignleft\" src=\"https:\/\/www.radiopiu.net\/wordpress\/wp-content\/uploads\/2020\/07\/106670396_1527984307383436_8588199809558039505_o.jpg\" width=\"236\" height=\"177\" \/>LIVINALLONGO<\/strong>\u00a0Filippo Beccari, nome noto negli ambienti dello sport, ma anche Gianpaolo Soratroi sempre attivo nelle iniziative della terra Fodom hanno dato la notizia ufficiale:<em>\u00a0\u201cLa vertical Col di Lana si far\u00e0, domenica 26 luglio con partenza a cronometro ogni 30 secondi\u201d<\/em>\u00a0E questa \u00e8 una notizia da mettere in rilievo perch\u00e9 da mesi le uniche notizie che arrivano dagli ambienti sportivi sono quelle relative a cancellazione di eventi, dalla 4 Pass in Doi di Agordo al Trofeo 16 Comuni a staffetta di Canale d\u2019Agordo, ma anche tutte le altre competizioni. A Livinallongo la partenza a cronometro \u00e8 garanzia di distanziamento nei giorni in cui viene permesso anche lo sport di contatto.<em>\u00a0\u201cSiamo pronti,\u00a0 tutto pronto per la vertical del Col di Lana, abbiamo cominciato a tagliare l\u2019erba, abbiamo fatto il regolamento come da DPCM 11.06.2020 , distanziati, igienizzati e sicuri \u2026pronte le gambe e i muscoli e la voglia di divertirsi per domenica 26 luglio 2020\u201d.\u00a0<\/em>Rispetto alle edizioni precedenti, questa e\u2019 l\u2019ottava,\u00a0 non ci sar\u00e0 il pasta party ma sono confermate le premiazioni ed i premi in denaro: 300 euro al primo, 200 al secondo, 100 al terzo, idem per la categoria femminile. Confermata anche la mini vertical. Partenza dalla piazza di Pieve di Livinallongo e arrivo alla cima del Col di Lana) per informazioni contattare Gianpaolo Soratroi al 393387226123<\/p>\n<p>&nbsp;<\/p>\n<p>&nbsp;<\/p>\n<hr \/>\n<div class=\"page-title-breadcrumbs\">\n<p>&nbsp;<\/p>\n<\/div>\n<blockquote>\n<h3>ALPE DEL NEVEGAL TRA I NOVE APPUNTAMENTI CHE ASSEGNANO IL TRICOLORE<\/h3>\n<\/blockquote>\n<p><strong>di Roberto Bona<\/strong><\/p>\n<audio class=\"wp-audio-shortcode\" id=\"audio-147639-9\" preload=\"none\" style=\"width: 100%;\" controls=\"controls\"><source type=\"audio\/mpeg\" src=\"https:\/\/www.radiopiu.net\/wordpress\/wp-content\/uploads\/2020\/07\/ROBERTO-ALPE.mp3?_=9\" \/><a href=\"https:\/\/www.radiopiu.net\/wordpress\/wp-content\/uploads\/2020\/07\/ROBERTO-ALPE.mp3\">https:\/\/www.radiopiu.net\/wordpress\/wp-content\/uploads\/2020\/07\/ROBERTO-ALPE.mp3<\/a><\/audio>\n<p>&nbsp;<\/p>\n<p>&nbsp;<\/p>\n","protected":false},"excerpt":{"rendered":"<p>PER RICEVERE QUESTO NOTIZIARIO DIRETTAMENTE SUL TUO CELLULARE ISCRIVITI AL CANALE TELEGRAM\u00a0\u201cRADIO PIU\u00a0 INFORMAZIONE\u201d da FACEBOOK L&#8217;IMPORTANTE POST DI ILARIO DA CAMPO Voltago: ci giunge notizia di un furto ai danni di una signora avvenuto nel parcheggio del cimitero del paese. Rubata una borsa dall\u2019auto che solo successivamente \u00e8 stata ritrovata nel comune di Rivamonte&hellip;<\/p>\n","protected":false},"author":4,"featured_media":147817,"comment_status":"closed","ping_status":"closed","sticky":false,"template":"","format":"standard","meta":{"_monsterinsights_skip_tracking":false,"_monsterinsights_sitenote_active":false,"_monsterinsights_sitenote_note":"","_monsterinsights_sitenote_category":0,"footnotes":""},"categories":[1,86,49],"tags":[],"class_list":["post-147639","post","type-post","status-publish","format-standard","has-post-thumbnail","hentry","category-senza-categoria","category-gr","category-news-18","category-1","category-86","category-49","description-off"],"img_url":"https:\/\/www.radiopiu.net\/wordpress\/wp-content\/uploads\/2020\/07\/2c4a53a1-f4dc-4a4b-b1df-215fca396b23.jpg","_links":{"self":[{"href":"https:\/\/www.radiopiu.net\/wordpress\/wp-json\/wp\/v2\/posts\/147639","targetHints":{"allow":["GET"]}}],"collection":[{"href":"https:\/\/www.radiopiu.net\/wordpress\/wp-json\/wp\/v2\/posts"}],"about":[{"href":"https:\/\/www.radiopiu.net\/wordpress\/wp-json\/wp\/v2\/types\/post"}],"author":[{"embeddable":true,"href":"https:\/\/www.radiopiu.net\/wordpress\/wp-json\/wp\/v2\/users\/4"}],"replies":[{"embeddable":true,"href":"https:\/\/www.radiopiu.net\/wordpress\/wp-json\/wp\/v2\/comments?post=147639"}],"version-history":[{"count":0,"href":"https:\/\/www.radiopiu.net\/wordpress\/wp-json\/wp\/v2\/posts\/147639\/revisions"}],"wp:featuredmedia":[{"embeddable":true,"href":"https:\/\/www.radiopiu.net\/wordpress\/wp-json\/wp\/v2\/media\/147817"}],"wp:attachment":[{"href":"https:\/\/www.radiopiu.net\/wordpress\/wp-json\/wp\/v2\/media?parent=147639"}],"wp:term":[{"taxonomy":"category","embeddable":true,"href":"https:\/\/www.radiopiu.net\/wordpress\/wp-json\/wp\/v2\/categories?post=147639"},{"taxonomy":"post_tag","embeddable":true,"href":"https:\/\/www.radiopiu.net\/wordpress\/wp-json\/wp\/v2\/tags?post=147639"}],"curies":[{"name":"wp","href":"https:\/\/api.w.org\/{rel}","templated":true}]}}