{"id":147697,"date":"2020-07-03T11:10:20","date_gmt":"2020-07-03T09:10:20","guid":{"rendered":"https:\/\/www.radiopiu.net\/wordpress\/?p=147697"},"modified":"2020-07-03T11:13:48","modified_gmt":"2020-07-03T09:13:48","slug":"prefettura-e-ulss","status":"publish","type":"post","link":"https:\/\/www.radiopiu.net\/wordpress\/prefettura-e-ulss\/","title":{"rendered":"PREFETTURA E ULSS SI IMPEGNANO NELLA PREVENZIONE DELLE INGERENZE ILLECITE NELL&#8217;ECONOMIA LEGALE"},"content":{"rendered":"<p><strong><a class=\"dt-pswp-item\" href=\"https:\/\/www.radiopiu.net\/wordpress\/wp-content\/uploads\/2020\/06\/WhatsApp-Image-2020-06-14-at-12.45.31.jpeg\" data-dt-img-description=\"\" data-large_image_width=\"960\" data-large_image_height=\"720\"><img loading=\"lazy\" decoding=\"async\" class=\"size-medium wp-image-144745 alignleft\" src=\"https:\/\/www.radiopiu.net\/wordpress\/wp-content\/uploads\/2020\/06\/WhatsApp-Image-2020-06-14-at-12.45.31-300x225.jpeg\" alt=\"\" width=\"300\" height=\"225\" srcset=\"https:\/\/www.radiopiu.net\/wordpress\/wp-content\/uploads\/2020\/06\/WhatsApp-Image-2020-06-14-at-12.45.31-300x225.jpeg 300w, https:\/\/www.radiopiu.net\/wordpress\/wp-content\/uploads\/2020\/06\/WhatsApp-Image-2020-06-14-at-12.45.31-768x576.jpeg 768w, https:\/\/www.radiopiu.net\/wordpress\/wp-content\/uploads\/2020\/06\/WhatsApp-Image-2020-06-14-at-12.45.31.jpeg 960w\" sizes=\"auto, (max-width: 300px) 100vw, 300px\" \/><\/a>BELLUNO <\/strong>Il Prefetto, Adriana Cogode, ed il Direttore Generale della ULSS n. 1 Dolomiti, Adriano Rasi Caldogno, hanno sottoscritto l\u2019 \u201c<em>Intesa per la legalit\u00e0 e la prevenzione dei tentativi di infiltrazione criminale<\/em>\u201d. L\u2019accordo ha come obiettivo quello di realizzare un\u2019efficace \u201cbarriera\u201d alle possibili attenzioni delle consorterie criminali in un settore \u2013 quello della sanit\u00e0 \u2013 in cui nei prossimi anni, a seguito dell\u2019emergenza epidemiologica covid19, maggiori saranno gli investimenti pubblici. Viene rafforzato il sistema di cautele previste dall\u2019ordinamento antimafia, garantendo comunque la celere realizzazione degli interventi. Nei settori sensibili, la partecipazione delle imprese alle gare di appalto di lavori indette dalla ULSS sar\u00e0 subordinata all\u2019iscrizione delle stesse nella white list provinciale ovvero alla comprovata presentazione di domanda in tal senso. Analoga prova sar\u00e0 richiesta, a cura della ditta aggiudicataria, nei confronti di ogni subcontraente o fornitore di tutto il processo di filiera. Inoltre, al di fuori di detti settori, saranno assicurati, nei confronti di tutti gli operatori impegnati nei lavori, i pi\u00f9 rigorosi controlli previsti per il rilascio dell\u2019informazione antimafia. La ULSS si \u00e8 inoltre impegnata ad inserire, nei bandi di gara e contratti in questione, specifiche clausole volte a garantire la corretta attuazione dell\u2019intesa e rendere effettivi i controlli ivi previsti. Massima attenzione sar\u00e0 inoltre assicurata al tema della sicurezza sul lavoro. \u201c<em>Quello della provincia di Belluno <\/em>\u2013 ha sottolineato il Prefetto \u2013<em> \u00e8 un territorio ed un tessuto economico sano. Con l\u2019intesa sottoscritta\u00a0 che si pone in linea con le indicazioni fornite dal Ministro dell\u2019Interno con la direttiva del 10 aprile scorso, intendiamo preservarlo da eventuali tentativi ingerenza criminale nell\u2019economia legale che potrebbero essere favoriti dalla situazione di difficolt\u00e0 legata alla grave emergenza epidemiologica da COVID \u2013 19. L\u2019accordo raggiunto d\u2019intesa con il Direttore Generale della ULSS, dr. Rasi Caldogno, che ringrazio la sensibilit\u00e0 dimostrata, rappresenta il primo passo di un pi\u00f9 vasto progetto di prevenzione, che coinvolger\u00e0 anche i Comuni e le associazioni di categoria, che intende intercettare, oltre ai tentativi di infiltrazione delle consorterie criminali e le possibili interferenze lesive per lo sviluppo dell\u2019economia, anche i segnali di disagio per il difficile momento che la nostra comunit\u00e0 sta vivendo<\/em>\u201d.<\/p>\n<p>&nbsp;<\/p>\n<p>IL PROTOCOLLO<\/p>\n<a href=\"https:\/\/www.radiopiu.net\/wordpress\/wp-content\/uploads\/2020\/07\/Protocollo.pdf\" class=\"pdfemb-viewer\" style=\"\" data-width=\"max\" data-height=\"max\" data-toolbar=\"top\" data-toolbar-fixed=\"on\">Protocollo<\/a>\n","protected":false},"excerpt":{"rendered":"<p>BELLUNO Il Prefetto, Adriana Cogode, ed il Direttore Generale della ULSS n. 1 Dolomiti, Adriano Rasi Caldogno, hanno sottoscritto l\u2019 \u201cIntesa per la legalit\u00e0 e la prevenzione dei tentativi di infiltrazione criminale\u201d. L\u2019accordo ha come obiettivo quello di realizzare un\u2019efficace \u201cbarriera\u201d alle possibili attenzioni delle consorterie criminali in un settore \u2013 quello della sanit\u00e0 \u2013&hellip;<\/p>\n","protected":false},"author":1,"featured_media":144745,"comment_status":"closed","ping_status":"closed","sticky":false,"template":"","format":"standard","meta":{"_monsterinsights_skip_tracking":false,"_monsterinsights_sitenote_active":false,"_monsterinsights_sitenote_note":"","_monsterinsights_sitenote_category":0,"footnotes":""},"categories":[49],"tags":[],"class_list":["post-147697","post","type-post","status-publish","format-standard","has-post-thumbnail","hentry","category-news-18","category-49","description-off"],"img_url":"https:\/\/www.radiopiu.net\/wordpress\/wp-content\/uploads\/2020\/06\/WhatsApp-Image-2020-06-14-at-12.45.31.jpeg","_links":{"self":[{"href":"https:\/\/www.radiopiu.net\/wordpress\/wp-json\/wp\/v2\/posts\/147697","targetHints":{"allow":["GET"]}}],"collection":[{"href":"https:\/\/www.radiopiu.net\/wordpress\/wp-json\/wp\/v2\/posts"}],"about":[{"href":"https:\/\/www.radiopiu.net\/wordpress\/wp-json\/wp\/v2\/types\/post"}],"author":[{"embeddable":true,"href":"https:\/\/www.radiopiu.net\/wordpress\/wp-json\/wp\/v2\/users\/1"}],"replies":[{"embeddable":true,"href":"https:\/\/www.radiopiu.net\/wordpress\/wp-json\/wp\/v2\/comments?post=147697"}],"version-history":[{"count":0,"href":"https:\/\/www.radiopiu.net\/wordpress\/wp-json\/wp\/v2\/posts\/147697\/revisions"}],"wp:featuredmedia":[{"embeddable":true,"href":"https:\/\/www.radiopiu.net\/wordpress\/wp-json\/wp\/v2\/media\/144745"}],"wp:attachment":[{"href":"https:\/\/www.radiopiu.net\/wordpress\/wp-json\/wp\/v2\/media?parent=147697"}],"wp:term":[{"taxonomy":"category","embeddable":true,"href":"https:\/\/www.radiopiu.net\/wordpress\/wp-json\/wp\/v2\/categories?post=147697"},{"taxonomy":"post_tag","embeddable":true,"href":"https:\/\/www.radiopiu.net\/wordpress\/wp-json\/wp\/v2\/tags?post=147697"}],"curies":[{"name":"wp","href":"https:\/\/api.w.org\/{rel}","templated":true}]}}