{"id":147744,"date":"2020-07-03T14:34:52","date_gmt":"2020-07-03T12:34:52","guid":{"rendered":"https:\/\/www.radiopiu.net\/wordpress\/?p=147744"},"modified":"2020-07-03T14:34:52","modified_gmt":"2020-07-03T12:34:52","slug":"donazione-al-comune-nel-ricordo-di-giovanni-e-antonietta","status":"publish","type":"post","link":"https:\/\/www.radiopiu.net\/wordpress\/donazione-al-comune-nel-ricordo-di-giovanni-e-antonietta\/","title":{"rendered":"DONAZIONE AL COMUNE NEL RICORDO DI GIOVANNI E ANTONIETTA"},"content":{"rendered":"<blockquote><p><em><strong>Quando l\u2019appartenenza ad una comunit\u00e0 travalica le generazioni<\/strong><\/em><\/p><\/blockquote>\n<p><strong><a class=\"dt-pswp-item\" href=\"https:\/\/www.radiopiu.net\/wordpress\/wp-content\/uploads\/2020\/07\/Panchine-Puos-1.jpg\" data-dt-img-description=\"\" data-large_image_width=\"1327\" data-large_image_height=\"996\"><img loading=\"lazy\" decoding=\"async\" class=\"size-medium wp-image-147745 alignleft\" src=\"https:\/\/www.radiopiu.net\/wordpress\/wp-content\/uploads\/2020\/07\/Panchine-Puos-1-300x225.jpg\" alt=\"\" width=\"300\" height=\"225\" srcset=\"https:\/\/www.radiopiu.net\/wordpress\/wp-content\/uploads\/2020\/07\/Panchine-Puos-1-300x225.jpg 300w, https:\/\/www.radiopiu.net\/wordpress\/wp-content\/uploads\/2020\/07\/Panchine-Puos-1-1024x769.jpg 1024w, https:\/\/www.radiopiu.net\/wordpress\/wp-content\/uploads\/2020\/07\/Panchine-Puos-1-768x576.jpg 768w, https:\/\/www.radiopiu.net\/wordpress\/wp-content\/uploads\/2020\/07\/Panchine-Puos-1.jpg 1327w\" sizes=\"auto, (max-width: 300px) 100vw, 300px\" \/><\/a>ALPAGO<\/strong> \u00a0Francesca, Mario e Lino, i tre figli di Giovanni Vigna e Antonietta Fagherazzi,\u00a0 titolari dello storico negozio \u201cLa bot\u00e9ga da Vigna\u201d, aperta per moltissimi anni nei pressi della scuola di Puos,\u00a0 per onorare la memoria dei loro genitori e ricordare con quanta passione abbiano condotto la loro attivit\u00e0 \u201cdi vicinato\u201d,\u00a0 hanno deciso di donare al Comune di Alpago due panchine per l\u2019arredo urbano, collocate nell\u2019area gioco\u00a0 presso la scuola di Puos. <em>\u00a0\u201cNoi figli abbiamo pensato di onorare la memoria dei nostri genitori attraverso la donazione al paese di due panchine; ci \u00e8 venuto spontaneo pensare che lo spazio <a class=\"dt-pswp-item\" href=\"https:\/\/www.radiopiu.net\/wordpress\/wp-content\/uploads\/2020\/07\/Panchine-Puos-2.jpg\" data-dt-img-description=\"\" data-large_image_width=\"1599\" data-large_image_height=\"900\"><img loading=\"lazy\" decoding=\"async\" class=\"size-medium wp-image-147746 alignright\" src=\"https:\/\/www.radiopiu.net\/wordpress\/wp-content\/uploads\/2020\/07\/Panchine-Puos-2-300x169.jpg\" alt=\"\" width=\"300\" height=\"169\" srcset=\"https:\/\/www.radiopiu.net\/wordpress\/wp-content\/uploads\/2020\/07\/Panchine-Puos-2-300x169.jpg 300w, https:\/\/www.radiopiu.net\/wordpress\/wp-content\/uploads\/2020\/07\/Panchine-Puos-2-1024x576.jpg 1024w, https:\/\/www.radiopiu.net\/wordpress\/wp-content\/uploads\/2020\/07\/Panchine-Puos-2-768x432.jpg 768w, https:\/\/www.radiopiu.net\/wordpress\/wp-content\/uploads\/2020\/07\/Panchine-Puos-2-1536x865.jpg 1536w, https:\/\/www.radiopiu.net\/wordpress\/wp-content\/uploads\/2020\/07\/Panchine-Puos-2.jpg 1599w\" sizes=\"auto, (max-width: 300px) 100vw, 300px\" \/><\/a>ideale fosse l&#8217;area verde delle scuole, cosicch\u00e9 possano essere utilizzate dagli studenti e dai ragazzi che il pomeriggio vanno a giocare al &#8220;campetto&#8221;<\/em>. Questo il pensiero dei figli sul ricordo dei tanti giovani che negli anni sono passati per il negozio negli orari di ricreazione come dire che in un paese le persone non muoiono finch\u00e9 sono nel ricordo di qualcuno. Per il vicesindaco Vanessa De Francesch \u00e8 un gesto di attenzione e di attaccamento nei confronti della comunit\u00e0 e dei ragazzi. Nel giorno dell&#8217;inaugurazione, probabilmente a settembre con l&#8217;auspicio della ripresa regolare dell&#8217;anno scolastico in aula,\u00a0 ci sar\u00e0 il ringraziamento del Comune alla Famiglia Vigna.<\/p>\n<p>&nbsp;<\/p>\n","protected":false},"excerpt":{"rendered":"<p>Quando l\u2019appartenenza ad una comunit\u00e0 travalica le generazioni ALPAGO \u00a0Francesca, Mario e Lino, i tre figli di Giovanni Vigna e Antonietta Fagherazzi,\u00a0 titolari dello storico negozio \u201cLa bot\u00e9ga da Vigna\u201d, aperta per moltissimi anni nei pressi della scuola di Puos,\u00a0 per onorare la memoria dei loro genitori e ricordare con quanta passione abbiano condotto la&hellip;<\/p>\n","protected":false},"author":1,"featured_media":147745,"comment_status":"closed","ping_status":"closed","sticky":false,"template":"","format":"standard","meta":{"_monsterinsights_skip_tracking":false,"_monsterinsights_sitenote_active":false,"_monsterinsights_sitenote_note":"","_monsterinsights_sitenote_category":0,"footnotes":""},"categories":[49],"tags":[],"class_list":["post-147744","post","type-post","status-publish","format-standard","has-post-thumbnail","hentry","category-news-18","category-49","description-off"],"img_url":"https:\/\/www.radiopiu.net\/wordpress\/wp-content\/uploads\/2020\/07\/Panchine-Puos-1.jpg","_links":{"self":[{"href":"https:\/\/www.radiopiu.net\/wordpress\/wp-json\/wp\/v2\/posts\/147744","targetHints":{"allow":["GET"]}}],"collection":[{"href":"https:\/\/www.radiopiu.net\/wordpress\/wp-json\/wp\/v2\/posts"}],"about":[{"href":"https:\/\/www.radiopiu.net\/wordpress\/wp-json\/wp\/v2\/types\/post"}],"author":[{"embeddable":true,"href":"https:\/\/www.radiopiu.net\/wordpress\/wp-json\/wp\/v2\/users\/1"}],"replies":[{"embeddable":true,"href":"https:\/\/www.radiopiu.net\/wordpress\/wp-json\/wp\/v2\/comments?post=147744"}],"version-history":[{"count":0,"href":"https:\/\/www.radiopiu.net\/wordpress\/wp-json\/wp\/v2\/posts\/147744\/revisions"}],"wp:featuredmedia":[{"embeddable":true,"href":"https:\/\/www.radiopiu.net\/wordpress\/wp-json\/wp\/v2\/media\/147745"}],"wp:attachment":[{"href":"https:\/\/www.radiopiu.net\/wordpress\/wp-json\/wp\/v2\/media?parent=147744"}],"wp:term":[{"taxonomy":"category","embeddable":true,"href":"https:\/\/www.radiopiu.net\/wordpress\/wp-json\/wp\/v2\/categories?post=147744"},{"taxonomy":"post_tag","embeddable":true,"href":"https:\/\/www.radiopiu.net\/wordpress\/wp-json\/wp\/v2\/tags?post=147744"}],"curies":[{"name":"wp","href":"https:\/\/api.w.org\/{rel}","templated":true}]}}