{"id":147760,"date":"2020-07-09T06:01:56","date_gmt":"2020-07-09T04:01:56","guid":{"rendered":"https:\/\/www.radiopiu.net\/wordpress\/?p=147760"},"modified":"2020-07-09T06:13:32","modified_gmt":"2020-07-09T04:13:32","slug":"visita-del-vice-presidente-della-provincia-autonoma-di-bolzano-e-incontro-con-la-consulta-ladina","status":"publish","type":"post","link":"https:\/\/www.radiopiu.net\/wordpress\/visita-del-vice-presidente-della-provincia-autonoma-di-bolzano-e-incontro-con-la-consulta-ladina\/","title":{"rendered":"VISITA DEL VICE-PRESIDENTE DELLA PROVINCIA AUTONOMA DI BOLZANO E INCONTRO CON LA CONSULTA LADINA"},"content":{"rendered":"<p><strong><a class=\"dt-pswp-item\" href=\"https:\/\/www.radiopiu.net\/wordpress\/wp-content\/uploads\/2020\/07\/Alfreider2.jpeg\" data-dt-img-description=\"\" data-large_image_width=\"1600\" data-large_image_height=\"1156\"><img loading=\"lazy\" decoding=\"async\" class=\"size-medium wp-image-147761 alignleft\" src=\"https:\/\/www.radiopiu.net\/wordpress\/wp-content\/uploads\/2020\/07\/Alfreider2-300x217.jpeg\" alt=\"\" width=\"300\" height=\"217\" srcset=\"https:\/\/www.radiopiu.net\/wordpress\/wp-content\/uploads\/2020\/07\/Alfreider2-300x217.jpeg 300w, https:\/\/www.radiopiu.net\/wordpress\/wp-content\/uploads\/2020\/07\/Alfreider2-1024x740.jpeg 1024w, https:\/\/www.radiopiu.net\/wordpress\/wp-content\/uploads\/2020\/07\/Alfreider2-768x555.jpeg 768w, https:\/\/www.radiopiu.net\/wordpress\/wp-content\/uploads\/2020\/07\/Alfreider2-1536x1110.jpeg 1536w, https:\/\/www.radiopiu.net\/wordpress\/wp-content\/uploads\/2020\/07\/Alfreider2.jpeg 1600w\" sizes=\"auto, (max-width: 300px) 100vw, 300px\" \/><\/a>COLLE SANTA LUCIA<\/strong>\u00a0L\u2019Istitut Cultural Ladin Cesa de Jan ha incontrato con molto piacere il Vice-Presidente della Provincia Autonoma di Bolzano nonch\u00e9 Assessore Ladino Daniel Alfreider. All\u2019incontro, svoltosi nella seicentesca \u201cCesa de Jan\u201d di Colle Santa Lucia, hanno partecipato anche i rappresentanti della \u201cConsulta Ladina de Souramont\u201d, organismo costituito dalle tre Amministrazioni Comunali e dalle tre Unioni Ladine di Anpezo, Col e Fodom, che ha lo scopo di consolidare e valorizzare lo spirito di ladinit\u00e0 delle tre comunit\u00e0 e di rinsaldare i legami esistenti con le altre valli ladine di Badia, Gardena e Fassa. La Presidente dell\u2019Istituto Elsa Zardini, il Vice Presidente Paolo Frena e il Direttore Denni Dorigo hanno illustrato ad Alfreider le principali attivit\u00e0 dell\u2019Istituto, soffermandosi in particolare sulle progettualit\u00e0 riguardanti l\u2019insegnamento del ladino nelle scuole, lo studio della toponomastica e il lavoro lessicografico. In seguito il Direttore Denni Dorigo, che ricopre anche il ruolo di Rappresentante delle tre Amministrazioni Comunali nell\u2019Euregio, ha presentato al Vice-Presidente Alfreider una serie di proposte progettuali che vanno dal rafforzamento del ruolo delle tre comunit\u00e0 ex-tirolesi all\u2019interno dell\u2019Euregio al potenziamento del trasporto pubblico sull\u2019asse Colle Santa Lucia-Corvara con lo scopo di favorire la mobilit\u00e0 dei numerosi studenti che frequentano le scuole superiori o l\u2019universit\u00e0 nella Regione Trentino Alto Adige. Si \u00e8 proposto ad Alfreider anche di attivare una pi\u00f9 stretta collaborazione con l\u2019intendenza Scolastica Ladina di Bolzano al fine di poter continuare a garantire l\u2019insegnamento del ladino e del tedesco nelle nostre scuole.<a class=\"dt-pswp-item\" href=\"https:\/\/www.radiopiu.net\/wordpress\/wp-content\/uploads\/2020\/07\/Alfreider3.jpeg\" data-dt-img-description=\"\" data-large_image_width=\"1600\" data-large_image_height=\"1066\"><img loading=\"lazy\" decoding=\"async\" class=\"size-medium wp-image-147762 alignright\" src=\"https:\/\/www.radiopiu.net\/wordpress\/wp-content\/uploads\/2020\/07\/Alfreider3-300x200.jpeg\" alt=\"\" width=\"300\" height=\"200\" srcset=\"https:\/\/www.radiopiu.net\/wordpress\/wp-content\/uploads\/2020\/07\/Alfreider3-300x200.jpeg 300w, https:\/\/www.radiopiu.net\/wordpress\/wp-content\/uploads\/2020\/07\/Alfreider3-1024x682.jpeg 1024w, https:\/\/www.radiopiu.net\/wordpress\/wp-content\/uploads\/2020\/07\/Alfreider3-768x512.jpeg 768w, https:\/\/www.radiopiu.net\/wordpress\/wp-content\/uploads\/2020\/07\/Alfreider3-1536x1023.jpeg 1536w, https:\/\/www.radiopiu.net\/wordpress\/wp-content\/uploads\/2020\/07\/Alfreider3.jpeg 1600w\" sizes=\"auto, (max-width: 300px) 100vw, 300px\" \/><\/a> Infine, non poteva mancare il confronto sul Referendum Costituzionale tramite il quale, nel 2007, la stragrande maggioranza della popolazione dei tre comuni ladini ex tirolesi ha chiesto di essere riaggregata amministrativamente alla Regione Trentino Alto Adige, da cui le tre comunit\u00e0 sono state distaccate nel 1923 a causa di un decreto fascista. \u00c8 emerso che la questione \u00e8 tutt\u2019altro che dimenticata e che la popolazione continua a chiedere con forza alle istituzioni di tenere monitorato l\u2019iter che a Roma sembra essersi insabbiato. L\u2019Assessore Alfreider ha infine ringraziato per l\u2019accoglienza riservatagli ed ha assicurato il suo sostegno per tutte le progettualit\u00e0 che rafforzino il legame storico, identitario e culturale con i ladini sudtirolesi e che favoriscano lo scambio, la mobilit\u00e0 e le relazioni fra le realt\u00e0 contermini<\/p>\n","protected":false},"excerpt":{"rendered":"<p>COLLE SANTA LUCIA\u00a0L\u2019Istitut Cultural Ladin Cesa de Jan ha incontrato con molto piacere il Vice-Presidente della Provincia Autonoma di Bolzano nonch\u00e9 Assessore Ladino Daniel Alfreider. All\u2019incontro, svoltosi nella seicentesca \u201cCesa de Jan\u201d di Colle Santa Lucia, hanno partecipato anche i rappresentanti della \u201cConsulta Ladina de Souramont\u201d, organismo costituito dalle tre Amministrazioni Comunali e dalle tre&hellip;<\/p>\n","protected":false},"author":4,"featured_media":147761,"comment_status":"closed","ping_status":"closed","sticky":false,"template":"","format":"standard","meta":{"_monsterinsights_skip_tracking":false,"_monsterinsights_sitenote_active":false,"_monsterinsights_sitenote_note":"","_monsterinsights_sitenote_category":0,"footnotes":""},"categories":[49],"tags":[],"class_list":["post-147760","post","type-post","status-publish","format-standard","has-post-thumbnail","hentry","category-news-18","category-49","description-off"],"img_url":"https:\/\/www.radiopiu.net\/wordpress\/wp-content\/uploads\/2020\/07\/Alfreider2.jpeg","_links":{"self":[{"href":"https:\/\/www.radiopiu.net\/wordpress\/wp-json\/wp\/v2\/posts\/147760","targetHints":{"allow":["GET"]}}],"collection":[{"href":"https:\/\/www.radiopiu.net\/wordpress\/wp-json\/wp\/v2\/posts"}],"about":[{"href":"https:\/\/www.radiopiu.net\/wordpress\/wp-json\/wp\/v2\/types\/post"}],"author":[{"embeddable":true,"href":"https:\/\/www.radiopiu.net\/wordpress\/wp-json\/wp\/v2\/users\/4"}],"replies":[{"embeddable":true,"href":"https:\/\/www.radiopiu.net\/wordpress\/wp-json\/wp\/v2\/comments?post=147760"}],"version-history":[{"count":0,"href":"https:\/\/www.radiopiu.net\/wordpress\/wp-json\/wp\/v2\/posts\/147760\/revisions"}],"wp:featuredmedia":[{"embeddable":true,"href":"https:\/\/www.radiopiu.net\/wordpress\/wp-json\/wp\/v2\/media\/147761"}],"wp:attachment":[{"href":"https:\/\/www.radiopiu.net\/wordpress\/wp-json\/wp\/v2\/media?parent=147760"}],"wp:term":[{"taxonomy":"category","embeddable":true,"href":"https:\/\/www.radiopiu.net\/wordpress\/wp-json\/wp\/v2\/categories?post=147760"},{"taxonomy":"post_tag","embeddable":true,"href":"https:\/\/www.radiopiu.net\/wordpress\/wp-json\/wp\/v2\/tags?post=147760"}],"curies":[{"name":"wp","href":"https:\/\/api.w.org\/{rel}","templated":true}]}}