{"id":147764,"date":"2020-07-03T15:43:29","date_gmt":"2020-07-03T13:43:29","guid":{"rendered":"https:\/\/www.radiopiu.net\/wordpress\/?p=147764"},"modified":"2020-07-03T15:47:26","modified_gmt":"2020-07-03T13:47:26","slug":"welfare-dolomiti-e-il-nuovo-logo-del-fondo-welfare-premiati-oggi-a-palazzo-piloni-i-vincitori-del-concorso-di-idee","status":"publish","type":"post","link":"https:\/\/www.radiopiu.net\/wordpress\/welfare-dolomiti-e-il-nuovo-logo-del-fondo-welfare-premiati-oggi-a-palazzo-piloni-i-vincitori-del-concorso-di-idee\/","title":{"rendered":"WE(LF)ARE DOLOMITI: \u00c8 IL NUOVO LOGO DEL FONDO WELFARE. PREMIATI OGGI A PALAZZO PILONI I VINCITORI DEL CONCORSO DI IDEE"},"content":{"rendered":"<p><strong><a class=\"dt-pswp-item\" href=\"https:\/\/www.radiopiu.net\/wordpress\/wp-content\/uploads\/2020\/07\/Logo-vincitore_Segato-Calvi.jpg\" data-dt-img-description=\"\" data-large_image_width=\"1000\" data-large_image_height=\"1000\"><img loading=\"lazy\" decoding=\"async\" class=\"size-medium wp-image-147765 alignleft\" src=\"https:\/\/www.radiopiu.net\/wordpress\/wp-content\/uploads\/2020\/07\/Logo-vincitore_Segato-Calvi-300x300.jpg\" alt=\"\" width=\"300\" height=\"300\" srcset=\"https:\/\/www.radiopiu.net\/wordpress\/wp-content\/uploads\/2020\/07\/Logo-vincitore_Segato-Calvi-300x300.jpg 300w, https:\/\/www.radiopiu.net\/wordpress\/wp-content\/uploads\/2020\/07\/Logo-vincitore_Segato-Calvi-150x150.jpg 150w, https:\/\/www.radiopiu.net\/wordpress\/wp-content\/uploads\/2020\/07\/Logo-vincitore_Segato-Calvi-768x768.jpg 768w, https:\/\/www.radiopiu.net\/wordpress\/wp-content\/uploads\/2020\/07\/Logo-vincitore_Segato-Calvi.jpg 1000w\" sizes=\"auto, (max-width: 300px) 100vw, 300px\" \/><\/a>BELLUNO\u00a0<\/strong>\u00c8 frutto di una collaborazione tra due scuole del capoluogo, il nuovo segno distintivo del Fondo Welfare e Identit\u00e0 Territoriale. \u00ab<em>Come frutto di collaborazione \u00e8 l\u2019attivit\u00e0 di questo sodalizio che mette insieme istituzioni, sindacati, terzo settore e mondo civile, nato appositamente per dare un futuro al territorio, partendo dai pi\u00f9 giovani<\/em>\u00bb. Lo ha detto questa mattina Roberto Padrin, presidente della Provincia di Belluno. L\u2019occasione \u00e8 stata la premiazione del concorso di idee per il logo che da qui in avanti accompagner\u00e0 ogni iniziativa e attivit\u00e0 del Fondo Welfare.\u00a0La \u201cgara\u201d era stata lanciata qualche mese fa, indirizzata appositamente agli studenti di terza e quarta superiore, individuati come ideali rappresentanti della lotta allo spopolamento della montagna. \u00ab<em>Perch\u00e9 dipende dai giovani, dai loro ideali e dalle loro esigenze, la differenza tra scegliere di restare a vivere e lavorare a Belluno e andare via dalla nostra provincia &#8211; ha commentato la presidente del Fondo, Francesca De Biasi -. Per questo abbiamo proposto il concorso, con l\u2019obiettivo di racchiudere in un simbolo le idee e gli obiettivi del Fondo, che nasce con il chiaro intento di contrastare lo spopolamento della montagna bellunese. <a class=\"dt-pswp-item\" href=\"https:\/\/www.radiopiu.net\/wordpress\/wp-content\/uploads\/2020\/07\/Fondo-Welfare-foto-di-gruppo.jpg\" data-dt-img-description=\"\" data-large_image_width=\"1632\" data-large_image_height=\"1224\"><img loading=\"lazy\" decoding=\"async\" class=\"size-medium wp-image-147766 alignright\" src=\"https:\/\/www.radiopiu.net\/wordpress\/wp-content\/uploads\/2020\/07\/Fondo-Welfare-foto-di-gruppo-300x225.jpg\" alt=\"\" width=\"300\" height=\"225\" srcset=\"https:\/\/www.radiopiu.net\/wordpress\/wp-content\/uploads\/2020\/07\/Fondo-Welfare-foto-di-gruppo-300x225.jpg 300w, https:\/\/www.radiopiu.net\/wordpress\/wp-content\/uploads\/2020\/07\/Fondo-Welfare-foto-di-gruppo-1024x768.jpg 1024w, https:\/\/www.radiopiu.net\/wordpress\/wp-content\/uploads\/2020\/07\/Fondo-Welfare-foto-di-gruppo-768x576.jpg 768w, https:\/\/www.radiopiu.net\/wordpress\/wp-content\/uploads\/2020\/07\/Fondo-Welfare-foto-di-gruppo-1536x1152.jpg 1536w, https:\/\/www.radiopiu.net\/wordpress\/wp-content\/uploads\/2020\/07\/Fondo-Welfare-foto-di-gruppo.jpg 1632w\" sizes=\"auto, (max-width: 300px) 100vw, 300px\" \/><\/a>E devo dire che siamo stati particolarmente colpiti dalla risposta. Abbiamo ricevuto una trentina di elaborati: non \u00e8 stato facile scegliere il logo vincitore, perch\u00e9 tutti hanno espresso concetti importanti, come solidariet\u00e0, attaccamento al territorio, senso di appartenenza. Tant\u2019\u00e8 vero che abbiamo preparato una mostra: tutti gli elaborati sono esposti nel salone di rappresentanza della Provincia<\/em>\u00bb.\u00a0I loghi pervenuti hanno ricevuto il parere di tutti i componenti del Fondo. I primi cinque sono passati attraverso il voto di una giuria ristretta (composta dal presidente della Provincia, dalla presidente del Fondo, e dal direttore della Dmo Dolomiti). Il lavoro che ha vinto il concorso (e che da oggi rappresenta tutte le attivit\u00e0 del Fondo Welfare) \u00e8 stato realizzato da Federico Borci e Federico De Bona (dell\u2019istituto Segato) e da Nicole Soppelsa (del Calvi), guidati dall\u2019insegnante Carlo Brancale. \u00ab<em>Esprime in modo chiaro, immediato ed efficace tutte le caratteristiche richieste &#8211; si legge nella motivazione del premio -. Sono rappresentate ottimamente e in modo originale la natura incontaminata della nostra montagna, le persone che la abitano, e la solidariet\u00e0 che la anima. Il metodo del lettering e lo studio in bianco e nero dimostra inoltre un\u2019ottima conoscenza del marketing pubblicitario per la versatilit\u00e0 e riconoscibilit\u00e0 del logo stesso<\/em>\u00bb.\u00a0\u00ab<em>Abbiamo voluto giocare sulla scritta welfare, isolando \u201cwe\u201d e \u201care\u201d &#8211; hanno spiegato i vincitori, a cui va un premio di 1.200 euro (600 euro per i ragazzi, 600 per l\u2019Iti Segato) -. Dentro le lettere abbiamo inserito alcuni simboli particolari. Tra cui anche una piantina, segno della rinascita dopo il disastro di Vaia<\/em>\u00bb. <a class=\"dt-pswp-item\" href=\"https:\/\/www.radiopiu.net\/wordpress\/wp-content\/uploads\/2020\/07\/Premiati-Logo-vincitore.jpg\" data-dt-img-description=\"\" data-large_image_width=\"1632\" data-large_image_height=\"1224\"><img loading=\"lazy\" decoding=\"async\" class=\"size-medium wp-image-147767 alignleft\" src=\"https:\/\/www.radiopiu.net\/wordpress\/wp-content\/uploads\/2020\/07\/Premiati-Logo-vincitore-300x225.jpg\" alt=\"\" width=\"300\" height=\"225\" srcset=\"https:\/\/www.radiopiu.net\/wordpress\/wp-content\/uploads\/2020\/07\/Premiati-Logo-vincitore-300x225.jpg 300w, https:\/\/www.radiopiu.net\/wordpress\/wp-content\/uploads\/2020\/07\/Premiati-Logo-vincitore-1024x768.jpg 1024w, https:\/\/www.radiopiu.net\/wordpress\/wp-content\/uploads\/2020\/07\/Premiati-Logo-vincitore-768x576.jpg 768w, https:\/\/www.radiopiu.net\/wordpress\/wp-content\/uploads\/2020\/07\/Premiati-Logo-vincitore-1536x1152.jpg 1536w, https:\/\/www.radiopiu.net\/wordpress\/wp-content\/uploads\/2020\/07\/Premiati-Logo-vincitore.jpg 1632w\" sizes=\"auto, (max-width: 300px) 100vw, 300px\" \/><\/a>Oltre al logo vincitore, Provincia e Fondo Welfare hanno voluto assegnare una menzione speciale anche ad altri due elaborati. Al lavoro di Mitja Bof, Giorgia Balzan, Giacomo Curtolo e Caterina Sofia Calabr\u00f2 (del liceo Dal Piaz di Feltre); e al progetto di Gaia Matraxia, Rachele Pompanin e Rebecca Vlasceanu (del Catullo di Belluno).\u00a0\u00ab<em>Ringrazio vivamente i ragazzi e i loro insegnanti per aver partecipato con grande passione a questo concorso &#8211; le parole del presidente della Provincia, Roberto Padrin -. Abbiamo ricevuto elaborati che denotano un grande impegno e soprattutto un grande attaccamento al nostro territorio. Se vogliamo davvero battere lo spopolamento, dobbiamo partire da qui: dall\u2019entusiasmo che questi giovani hanno saputo trasmetterc<\/em>i\u00bb.\u00a0Tutti gli elaborati sono esposti da oggi al secondo piano di Palazzo Piloni. L\u2019esposizione \u00e8 visitabile dal luned\u00ec al venerd\u00ec dalle 9 alle 12.30 (il marted\u00ec e il gioved\u00ec anche dalle 14.30 alle 16).<\/p>\n","protected":false},"excerpt":{"rendered":"<p>BELLUNO\u00a0\u00c8 frutto di una collaborazione tra due scuole del capoluogo, il nuovo segno distintivo del Fondo Welfare e Identit\u00e0 Territoriale. \u00abCome frutto di collaborazione \u00e8 l\u2019attivit\u00e0 di questo sodalizio che mette insieme istituzioni, sindacati, terzo settore e mondo civile, nato appositamente per dare un futuro al territorio, partendo dai pi\u00f9 giovani\u00bb. Lo ha detto questa&hellip;<\/p>\n","protected":false},"author":4,"featured_media":147765,"comment_status":"closed","ping_status":"closed","sticky":false,"template":"","format":"standard","meta":{"_monsterinsights_skip_tracking":false,"_monsterinsights_sitenote_active":false,"_monsterinsights_sitenote_note":"","_monsterinsights_sitenote_category":0,"footnotes":""},"categories":[49],"tags":[],"class_list":["post-147764","post","type-post","status-publish","format-standard","has-post-thumbnail","hentry","category-news-18","category-49","description-off"],"img_url":"https:\/\/www.radiopiu.net\/wordpress\/wp-content\/uploads\/2020\/07\/Logo-vincitore_Segato-Calvi.jpg","_links":{"self":[{"href":"https:\/\/www.radiopiu.net\/wordpress\/wp-json\/wp\/v2\/posts\/147764","targetHints":{"allow":["GET"]}}],"collection":[{"href":"https:\/\/www.radiopiu.net\/wordpress\/wp-json\/wp\/v2\/posts"}],"about":[{"href":"https:\/\/www.radiopiu.net\/wordpress\/wp-json\/wp\/v2\/types\/post"}],"author":[{"embeddable":true,"href":"https:\/\/www.radiopiu.net\/wordpress\/wp-json\/wp\/v2\/users\/4"}],"replies":[{"embeddable":true,"href":"https:\/\/www.radiopiu.net\/wordpress\/wp-json\/wp\/v2\/comments?post=147764"}],"version-history":[{"count":0,"href":"https:\/\/www.radiopiu.net\/wordpress\/wp-json\/wp\/v2\/posts\/147764\/revisions"}],"wp:featuredmedia":[{"embeddable":true,"href":"https:\/\/www.radiopiu.net\/wordpress\/wp-json\/wp\/v2\/media\/147765"}],"wp:attachment":[{"href":"https:\/\/www.radiopiu.net\/wordpress\/wp-json\/wp\/v2\/media?parent=147764"}],"wp:term":[{"taxonomy":"category","embeddable":true,"href":"https:\/\/www.radiopiu.net\/wordpress\/wp-json\/wp\/v2\/categories?post=147764"},{"taxonomy":"post_tag","embeddable":true,"href":"https:\/\/www.radiopiu.net\/wordpress\/wp-json\/wp\/v2\/tags?post=147764"}],"curies":[{"name":"wp","href":"https:\/\/api.w.org\/{rel}","templated":true}]}}