{"id":147787,"date":"2020-07-04T06:00:11","date_gmt":"2020-07-04T04:00:11","guid":{"rendered":"https:\/\/www.radiopiu.net\/wordpress\/?p=147787"},"modified":"2020-07-04T09:04:26","modified_gmt":"2020-07-04T07:04:26","slug":"trasporto-pubblico-locale-nuovo-orario-estivo-in-vigore-da-lunedi-6-luglio-anche-con-corse-turistiche","status":"publish","type":"post","link":"https:\/\/www.radiopiu.net\/wordpress\/trasporto-pubblico-locale-nuovo-orario-estivo-in-vigore-da-lunedi-6-luglio-anche-con-corse-turistiche\/","title":{"rendered":"TRASPORTO PUBBLICO LOCALE: NUOVO ORARIO ESTIVO IN VIGORE DA LUNED\u00cc 6 LUGLIO, ANCHE CON CORSE TURISTICHE"},"content":{"rendered":"<p><strong><a class=\"dt-pswp-item\" href=\"https:\/\/www.radiopiu.net\/wordpress\/wp-content\/uploads\/2020\/06\/f662441c-c6a1-40df-8978-3ff5202173f9.jpg\" data-dt-img-description=\"\" data-large_image_width=\"1280\" data-large_image_height=\"960\"><img loading=\"lazy\" decoding=\"async\" class=\"size-medium wp-image-145519 alignleft\" src=\"https:\/\/www.radiopiu.net\/wordpress\/wp-content\/uploads\/2020\/06\/f662441c-c6a1-40df-8978-3ff5202173f9-300x225.jpg\" alt=\"\" width=\"300\" height=\"225\" srcset=\"https:\/\/www.radiopiu.net\/wordpress\/wp-content\/uploads\/2020\/06\/f662441c-c6a1-40df-8978-3ff5202173f9-300x225.jpg 300w, https:\/\/www.radiopiu.net\/wordpress\/wp-content\/uploads\/2020\/06\/f662441c-c6a1-40df-8978-3ff5202173f9-1024x768.jpg 1024w, https:\/\/www.radiopiu.net\/wordpress\/wp-content\/uploads\/2020\/06\/f662441c-c6a1-40df-8978-3ff5202173f9-768x576.jpg 768w, https:\/\/www.radiopiu.net\/wordpress\/wp-content\/uploads\/2020\/06\/f662441c-c6a1-40df-8978-3ff5202173f9.jpg 1280w\" sizes=\"auto, (max-width: 300px) 100vw, 300px\" \/><\/a>BELLUNO\u00a0<\/strong>Entrer\u00e0 in vigore da luned\u00ec prossimo (6 luglio) l\u2019orario estivo del trasporto pubblico locale. La Provincia ha dato il via libera oggi alla proposta di Dolomitibus. In concomitanza, verr\u00e0 allargato il raggio d\u2019azione dei mezzi, per coprire aree che finora erano rimaste scoperte a causa delle misure anti-Covid, e per potenziare linee che negli ultimi mesi erano state ridotte. Saranno garantite anche alcune tratte di collegamento con localit\u00e0 di montagna e di villeggiatura, a beneficio sia dei flussi turistici sia dei residenti.\u00a0\u00ab<em>Con questo ulteriore step, saliamo al 60% del servizio svolto dalla Dolomitibus &#8211; spiega il consigliere provinciale con delega ai trasporti, Dario Scopel -. \u00c8 un passo verso il ritorno alla normalit\u00e0 che ci garantisce di fornire un servizio a zone che nelle ultime settimane avevano subito pi\u00f9 di qualche disagio. \u00c8 confermata la riattivazione di alcune corse per i lavoratori delle fabbriche. In pi\u00f9, riusciamo ad attivare anche diverse linee che hanno una visione turistica, come quelle che portano a Misurina, alle Tre Cime e in Marmolada. Siamo consapevoli che serviranno ancora impegno e pazienza prima di tornare alla normalit\u00e0. Ma gi\u00e0 cos\u00ec assestiamo un passo in avanti importante. Vaglieremo settimanalmente la situazione per poter intervenire, in modo da migliorare gli orari dove necessario, e soprattutto aggiungere corse, dove possibile<\/em>\u00bb.\u00a0La Provincia sta lavorando per risolvere anche la questione legata al trasporto scolastico. E proprio stamattina il presidente Padrin ha avuto un incontro, in videoconferenza, con gli altri presidenti delle Province venete, per discutere della ripresa delle attivit\u00e0 didattiche a settembre, con le misure da adottare annesse; un incontro esplorativo, a cui seguiranno tavoli tecnici per le azioni da intraprendere. \u00ab<em>Quello sar\u00e0 l\u2019altro tema da seguire attentamente &#8211; conclude il consigliere Scopel -. La Provincia nel frattempo \u00e8 attenta a cercare di garantire il pi\u00f9 possibile il servizio di trasporto pubblico. La paralisi creata dal Covid non \u00e8 semplice da superare, e per questo serve un po\u2019 di pazienza. Ricordo agli utenti &#8211; visto che nelle ultime settimane si \u00e8 registrato un crollo dell\u2019utilizzo di autobus e corriere &#8211; che i mezzi pubblici sono sicuri e non presentano alcun rischio per quanto riguarda il contagio<\/em>\u00bb.<\/p>\n<h1>DILLO A RADIO PIU<\/h1>\n<p><strong>di Roberto Mosca<\/strong><\/p>\n<div class=\"_3_bl\">\n<div class=\"_5w1r _3_om _5wdf\">\n<div class=\"_4gx_\">\n<div class=\"_1aa6\">\n<blockquote>\n<div class=\"\"><em><span class=\"_5yl5\">\u00a0\u201cAnche con corse turistiche\u201d non sar\u00e0 un cambiamento sostanziale, alcune corse non avranno pi\u00f9 in esercizio il tradizionale orario di esercizio estivo, ufficiosamente la tratta Gosaldo Agordo con passaggio a Frassen\u00e8 alle ore 8.55 viene posticipata osservando l\u2019orario invernale alle 10.55 da Frassen\u00e8 con partenza da Gosaldo alle ore 10.40. Ancora nessuna informazione sulla riapertura della biglietteria stazione di Belluno. Dove per\u00f2 seminascosta vi \u00e8 una biglietteria automatica che mi sembra funzioni solo per i titoli di viaggio regionale, non tutti hanno dimistichezza per l\u2019acquisto dei biglietti a lunga percorrenza e non sui propri dispositivi smartphone e tablet e molti non mettono in rete la propria carta di credito richiesta per il pagamento del titolo di viaggio. Tornando a Dolomiti Bus vi \u00e8 un&#8217;intensificazione dei controlli sui biglietti e abbonamenti su mezzi semivuoti ma nessuna novit\u00e0 sul rimborso degli abbonamenti dei lavoratori penso ai dipendenti Luxottica.<\/span><\/em><\/div>\n<\/blockquote>\n<\/div>\n<\/div>\n<\/div>\n<\/div>\n","protected":false},"excerpt":{"rendered":"<p>BELLUNO\u00a0Entrer\u00e0 in vigore da luned\u00ec prossimo (6 luglio) l\u2019orario estivo del trasporto pubblico locale. La Provincia ha dato il via libera oggi alla proposta di Dolomitibus. In concomitanza, verr\u00e0 allargato il raggio d\u2019azione dei mezzi, per coprire aree che finora erano rimaste scoperte a causa delle misure anti-Covid, e per potenziare linee che negli ultimi&hellip;<\/p>\n","protected":false},"author":4,"featured_media":145519,"comment_status":"closed","ping_status":"closed","sticky":false,"template":"","format":"standard","meta":{"_monsterinsights_skip_tracking":false,"_monsterinsights_sitenote_active":false,"_monsterinsights_sitenote_note":"","_monsterinsights_sitenote_category":0,"footnotes":""},"categories":[49],"tags":[],"class_list":["post-147787","post","type-post","status-publish","format-standard","has-post-thumbnail","hentry","category-news-18","category-49","description-off"],"img_url":"https:\/\/www.radiopiu.net\/wordpress\/wp-content\/uploads\/2020\/06\/f662441c-c6a1-40df-8978-3ff5202173f9.jpg","_links":{"self":[{"href":"https:\/\/www.radiopiu.net\/wordpress\/wp-json\/wp\/v2\/posts\/147787","targetHints":{"allow":["GET"]}}],"collection":[{"href":"https:\/\/www.radiopiu.net\/wordpress\/wp-json\/wp\/v2\/posts"}],"about":[{"href":"https:\/\/www.radiopiu.net\/wordpress\/wp-json\/wp\/v2\/types\/post"}],"author":[{"embeddable":true,"href":"https:\/\/www.radiopiu.net\/wordpress\/wp-json\/wp\/v2\/users\/4"}],"replies":[{"embeddable":true,"href":"https:\/\/www.radiopiu.net\/wordpress\/wp-json\/wp\/v2\/comments?post=147787"}],"version-history":[{"count":0,"href":"https:\/\/www.radiopiu.net\/wordpress\/wp-json\/wp\/v2\/posts\/147787\/revisions"}],"wp:featuredmedia":[{"embeddable":true,"href":"https:\/\/www.radiopiu.net\/wordpress\/wp-json\/wp\/v2\/media\/145519"}],"wp:attachment":[{"href":"https:\/\/www.radiopiu.net\/wordpress\/wp-json\/wp\/v2\/media?parent=147787"}],"wp:term":[{"taxonomy":"category","embeddable":true,"href":"https:\/\/www.radiopiu.net\/wordpress\/wp-json\/wp\/v2\/categories?post=147787"},{"taxonomy":"post_tag","embeddable":true,"href":"https:\/\/www.radiopiu.net\/wordpress\/wp-json\/wp\/v2\/tags?post=147787"}],"curies":[{"name":"wp","href":"https:\/\/api.w.org\/{rel}","templated":true}]}}