{"id":147832,"date":"2020-07-04T09:43:31","date_gmt":"2020-07-04T07:43:31","guid":{"rendered":"https:\/\/www.radiopiu.net\/wordpress\/?p=147832"},"modified":"2020-07-04T09:43:31","modified_gmt":"2020-07-04T07:43:31","slug":"anche-grazie-al-contributo-del-comune-di-taibon-lufficio-turistico-di-agordo-amplia-lorario-di-apertura","status":"publish","type":"post","link":"https:\/\/www.radiopiu.net\/wordpress\/anche-grazie-al-contributo-del-comune-di-taibon-lufficio-turistico-di-agordo-amplia-lorario-di-apertura\/","title":{"rendered":"ANCHE GRAZIE AL CONTRIBUTO DEL COMUNE DI TAIBON L&#8217;UFFICIO TURISTICO DI AGORDO AMPLIA L&#8217;ORARIO DI APERTURA"},"content":{"rendered":"<p align=\"JUSTIFY\"><span style=\"color: #000000;\"><span style=\"font-size: medium;\"><strong>AGORDO<\/strong> Al fine di offrire un maggior servizio ai visitatori, l&#8217;Ufficio Turistico di Agordo-Conca Agordina, amplia il proprio orario, estendendo per i mesi di luglio e agosto l\u2019apertura al sabato pomeriggio e domenica mattina. <\/span><span style=\"font-size: medium;\"><i>\u201cPer l\u2019estate\u00a0<\/i><\/span><span style=\"font-size: medium;\">\u2013 sottolinea l\u2019assessore al Turismo del Comune di Agordo, Chiara Fontanive \u2013<\/span><span style=\"font-size: medium;\"><i> \u00a0l\u2019Ufficio I.A.T. sar\u00e0 aperto al pubblico 6 giorni su 7, per un totale di 21 ore, rimanendo chiuso solamente il marted\u00ec\u201d<\/i><\/span><span style=\"font-size: medium;\">. Questa novit\u00e0 \u00e8 stata resa possibile, oltre al sostegno del Comune capoluogo, anche grazie al prezioso contributo del Comune<\/span><span style=\"font-size: medium;\"> di Taibon Agordino, che ha compreso il valore di questo ente di territorio e lo sostiene nel suo servizio. <\/span><span style=\"font-size: medium;\">Questi saranno dunque gli orari di apertura dell\u2019Ufficio di Agordo a partire dal 4 luglio 2020: luned\u00ec 15-18; mercoled\u00ec 9-12; gioved\u00ec 9-12; <a class=\"dt-pswp-item\" href=\"https:\/\/www.radiopiu.net\/wordpress\/wp-content\/uploads\/2020\/07\/pp.jpg\" data-dt-img-description=\"\" data-large_image_width=\"640\" data-large_image_height=\"640\"><img loading=\"lazy\" decoding=\"async\" class=\"size-medium wp-image-147834 alignright\" src=\"https:\/\/www.radiopiu.net\/wordpress\/wp-content\/uploads\/2020\/07\/pp-300x300.jpg\" alt=\"\" width=\"300\" height=\"300\" srcset=\"https:\/\/www.radiopiu.net\/wordpress\/wp-content\/uploads\/2020\/07\/pp-300x300.jpg 300w, https:\/\/www.radiopiu.net\/wordpress\/wp-content\/uploads\/2020\/07\/pp-150x150.jpg 150w, https:\/\/www.radiopiu.net\/wordpress\/wp-content\/uploads\/2020\/07\/pp.jpg 640w\" sizes=\"auto, (max-width: 300px) 100vw, 300px\" \/><\/a>venerd\u00ec 16-19; sabato 9-12\/15-18 e domenica 9-12. Lo IAT offre numerosi servizi tra i quali Informazioni, materiale promozionale, indicazioni di locazioni e strutture turistiche, ticketing (Dolomiti Bus &#8211; anche abbonamenti &#8211; Brusutti), gestione calendario eventi, tesseramenti (Ad Agordo Pro Loco &#8211; Dolomiti Emergency) e molto altro.<\/span><\/span><\/p>\n<p align=\"JUSTIFY\"><span style=\"color: #000000;\"> \u201c<span style=\"font-size: medium;\"><i>Ringrazio l\u2019amministrazione comunale di Taibon Agordino per questa collaborazione che render\u00e0 pi\u00f9 fruibile un ufficio che ha un ruolo importante a livello di accoglienza turistica e l\u2019associazione AD Agordo Pro Loco per l\u2019attenta gestione che porta avanti dal 2014\u201d<\/i><\/span><span style=\"font-size: medium;\"> \u2013 dice Fontanive. <\/span><span style=\"font-size: medium;\"><i>\u201cCredo che questo sia un ulteriore passo che vede attribuire al turismo della Conca Agordina un ruolo significativo\u201d<\/i><\/span><span style=\"font-size: medium;\">.<\/span><\/span><\/p>\n","protected":false},"excerpt":{"rendered":"<p>AGORDO Al fine di offrire un maggior servizio ai visitatori, l&#8217;Ufficio Turistico di Agordo-Conca Agordina, amplia il proprio orario, estendendo per i mesi di luglio e agosto l\u2019apertura al sabato pomeriggio e domenica mattina. \u201cPer l\u2019estate\u00a0\u2013 sottolinea l\u2019assessore al Turismo del Comune di Agordo, Chiara Fontanive \u2013 \u00a0l\u2019Ufficio I.A.T. sar\u00e0 aperto al pubblico 6 giorni&hellip;<\/p>\n","protected":false},"author":1,"featured_media":147833,"comment_status":"closed","ping_status":"closed","sticky":false,"template":"","format":"standard","meta":{"_monsterinsights_skip_tracking":false,"_monsterinsights_sitenote_active":false,"_monsterinsights_sitenote_note":"","_monsterinsights_sitenote_category":0,"footnotes":""},"categories":[49],"tags":[],"class_list":["post-147832","post","type-post","status-publish","format-standard","has-post-thumbnail","hentry","category-news-18","category-49","description-off"],"img_url":"https:\/\/www.radiopiu.net\/wordpress\/wp-content\/uploads\/2020\/07\/download-5.jpg","_links":{"self":[{"href":"https:\/\/www.radiopiu.net\/wordpress\/wp-json\/wp\/v2\/posts\/147832","targetHints":{"allow":["GET"]}}],"collection":[{"href":"https:\/\/www.radiopiu.net\/wordpress\/wp-json\/wp\/v2\/posts"}],"about":[{"href":"https:\/\/www.radiopiu.net\/wordpress\/wp-json\/wp\/v2\/types\/post"}],"author":[{"embeddable":true,"href":"https:\/\/www.radiopiu.net\/wordpress\/wp-json\/wp\/v2\/users\/1"}],"replies":[{"embeddable":true,"href":"https:\/\/www.radiopiu.net\/wordpress\/wp-json\/wp\/v2\/comments?post=147832"}],"version-history":[{"count":0,"href":"https:\/\/www.radiopiu.net\/wordpress\/wp-json\/wp\/v2\/posts\/147832\/revisions"}],"wp:featuredmedia":[{"embeddable":true,"href":"https:\/\/www.radiopiu.net\/wordpress\/wp-json\/wp\/v2\/media\/147833"}],"wp:attachment":[{"href":"https:\/\/www.radiopiu.net\/wordpress\/wp-json\/wp\/v2\/media?parent=147832"}],"wp:term":[{"taxonomy":"category","embeddable":true,"href":"https:\/\/www.radiopiu.net\/wordpress\/wp-json\/wp\/v2\/categories?post=147832"},{"taxonomy":"post_tag","embeddable":true,"href":"https:\/\/www.radiopiu.net\/wordpress\/wp-json\/wp\/v2\/tags?post=147832"}],"curies":[{"name":"wp","href":"https:\/\/api.w.org\/{rel}","templated":true}]}}