{"id":147879,"date":"2020-07-04T16:41:45","date_gmt":"2020-07-04T14:41:45","guid":{"rendered":"https:\/\/www.radiopiu.net\/wordpress\/?p=147879"},"modified":"2020-07-05T07:11:16","modified_gmt":"2020-07-05T05:11:16","slug":"urta-unauto-e-scappa-fermato-dai-carabinieri-risulta-positivo-allalcoltest","status":"publish","type":"post","link":"https:\/\/www.radiopiu.net\/wordpress\/urta-unauto-e-scappa-fermato-dai-carabinieri-risulta-positivo-allalcoltest\/","title":{"rendered":"URTA UN&#8217;AUTO E SCAPPA, FERMATO DAI CARABINIERI RISULTA POSITIVO ALL&#8217;ALCOLTEST"},"content":{"rendered":"<p><strong><a class=\"dt-pswp-item\" href=\"https:\/\/www.radiopiu.net\/wordpress\/wp-content\/uploads\/2019\/12\/CARABINIERI-FELTRE-5.jpg\" data-dt-img-description=\"\" data-large_image_width=\"1280\" data-large_image_height=\"974\"><img loading=\"lazy\" decoding=\"async\" class=\" wp-image-110916 alignleft\" src=\"https:\/\/www.radiopiu.net\/wordpress\/wp-content\/uploads\/2019\/12\/CARABINIERI-FELTRE-5-300x228.jpg\" alt=\"\" width=\"220\" height=\"167\" srcset=\"https:\/\/www.radiopiu.net\/wordpress\/wp-content\/uploads\/2019\/12\/CARABINIERI-FELTRE-5-300x228.jpg 300w, https:\/\/www.radiopiu.net\/wordpress\/wp-content\/uploads\/2019\/12\/CARABINIERI-FELTRE-5-1024x779.jpg 1024w, https:\/\/www.radiopiu.net\/wordpress\/wp-content\/uploads\/2019\/12\/CARABINIERI-FELTRE-5-768x584.jpg 768w, https:\/\/www.radiopiu.net\/wordpress\/wp-content\/uploads\/2019\/12\/CARABINIERI-FELTRE-5.jpg 1280w\" sizes=\"auto, (max-width: 220px) 100vw, 220px\" \/><\/a>BORCA DI CADORE<\/strong>\u00a0I Carabinieri di Cortina sono intervenuti a Borca di Cadore. Un giovane, C.P. 25 anni di Bolignanato in provincia di Bologna, dopo aver perso il controllo della sua Fiat Panda, ha urtato un&#8217;auto in sosta in Via Roma. L&#8217;uomo, dopo essersi dato alla fuga, \u00e8 stato rintracciato dai Carabinieri poco dopo e sottoposto all&#8217;alcoltest dove \u00e8 risultato positivo con un tasso alcolemico di 2,64 gr\/l. Il giovane \u00e8 stato deferito in stato di libert\u00e0 per guida in stato di ebrezza, inoltre l&#8217;auto \u00e8 stata posta sotto sequestro amministrativo.<\/p>\n","protected":false},"excerpt":{"rendered":"<p>BORCA DI CADORE\u00a0I Carabinieri di Cortina sono intervenuti a Borca di Cadore. Un giovane, C.P. 25 anni di Bolignanato in provincia di Bologna, dopo aver perso il controllo della sua Fiat Panda, ha urtato un&#8217;auto in sosta in Via Roma. L&#8217;uomo, dopo essersi dato alla fuga, \u00e8 stato rintracciato dai Carabinieri poco dopo e sottoposto&hellip;<\/p>\n","protected":false},"author":4,"featured_media":110916,"comment_status":"closed","ping_status":"closed","sticky":false,"template":"","format":"standard","meta":{"_monsterinsights_skip_tracking":false,"_monsterinsights_sitenote_active":false,"_monsterinsights_sitenote_note":"","_monsterinsights_sitenote_category":0,"footnotes":""},"categories":[51,104,49],"tags":[],"class_list":["post-147879","post","type-post","status-publish","format-standard","has-post-thumbnail","hentry","category-evidenza-top","category-evidenza_3","category-news-18","category-51","category-104","category-49","description-off"],"img_url":"https:\/\/www.radiopiu.net\/wordpress\/wp-content\/uploads\/2019\/12\/CARABINIERI-FELTRE-5.jpg","_links":{"self":[{"href":"https:\/\/www.radiopiu.net\/wordpress\/wp-json\/wp\/v2\/posts\/147879","targetHints":{"allow":["GET"]}}],"collection":[{"href":"https:\/\/www.radiopiu.net\/wordpress\/wp-json\/wp\/v2\/posts"}],"about":[{"href":"https:\/\/www.radiopiu.net\/wordpress\/wp-json\/wp\/v2\/types\/post"}],"author":[{"embeddable":true,"href":"https:\/\/www.radiopiu.net\/wordpress\/wp-json\/wp\/v2\/users\/4"}],"replies":[{"embeddable":true,"href":"https:\/\/www.radiopiu.net\/wordpress\/wp-json\/wp\/v2\/comments?post=147879"}],"version-history":[{"count":0,"href":"https:\/\/www.radiopiu.net\/wordpress\/wp-json\/wp\/v2\/posts\/147879\/revisions"}],"wp:featuredmedia":[{"embeddable":true,"href":"https:\/\/www.radiopiu.net\/wordpress\/wp-json\/wp\/v2\/media\/110916"}],"wp:attachment":[{"href":"https:\/\/www.radiopiu.net\/wordpress\/wp-json\/wp\/v2\/media?parent=147879"}],"wp:term":[{"taxonomy":"category","embeddable":true,"href":"https:\/\/www.radiopiu.net\/wordpress\/wp-json\/wp\/v2\/categories?post=147879"},{"taxonomy":"post_tag","embeddable":true,"href":"https:\/\/www.radiopiu.net\/wordpress\/wp-json\/wp\/v2\/tags?post=147879"}],"curies":[{"name":"wp","href":"https:\/\/api.w.org\/{rel}","templated":true}]}}