{"id":147933,"date":"2020-07-06T05:54:34","date_gmt":"2020-07-06T03:54:34","guid":{"rendered":"https:\/\/www.radiopiu.net\/wordpress\/?p=147933"},"modified":"2020-07-06T05:57:13","modified_gmt":"2020-07-06T03:57:13","slug":"interventi-ieri-in-serata-a-cortina","status":"publish","type":"post","link":"https:\/\/www.radiopiu.net\/wordpress\/interventi-ieri-in-serata-a-cortina\/","title":{"rendered":"INTERVENTI IERI IN SERATA A CORTINA"},"content":{"rendered":"<p><strong><a class=\"dt-pswp-item\" href=\"https:\/\/www.radiopiu.net\/wordpress\/wp-content\/uploads\/2019\/08\/SOCCORSO-ALPINO-2019.jpg\" data-dt-img-description=\"\" data-large_image_width=\"1600\" data-large_image_height=\"1200\"><img loading=\"lazy\" decoding=\"async\" class=\"size-medium wp-image-96479 alignleft\" src=\"https:\/\/www.radiopiu.net\/wordpress\/wp-content\/uploads\/2019\/08\/SOCCORSO-ALPINO-2019-300x225.jpg\" alt=\"\" width=\"300\" height=\"225\" srcset=\"https:\/\/www.radiopiu.net\/wordpress\/wp-content\/uploads\/2019\/08\/SOCCORSO-ALPINO-2019-300x225.jpg 300w, https:\/\/www.radiopiu.net\/wordpress\/wp-content\/uploads\/2019\/08\/SOCCORSO-ALPINO-2019-768x576.jpg 768w, https:\/\/www.radiopiu.net\/wordpress\/wp-content\/uploads\/2019\/08\/SOCCORSO-ALPINO-2019-1024x768.jpg 1024w, https:\/\/www.radiopiu.net\/wordpress\/wp-content\/uploads\/2019\/08\/SOCCORSO-ALPINO-2019.jpg 1600w\" sizes=\"auto, (max-width: 300px) 100vw, 300px\" \/><\/a>CORTINA\u00a0<\/strong>Ieri attorno alle 20 la Centrale del 118 \u00e8 stata allertata per 4 escursionisti piemontesi, due uomini e due donne, che, completata la Ferrata Dibona, avevano preso per il rientro un canale non corretto e si erano trovati in difficolt\u00e0. Seguendo le indicazioni telefoniche, i quattro sono poi riusciti a scendere autonomamente. Contemporanemente l&#8217;elicottero del Suem di Pieve di Cadore \u00e8 stato inviato a Forcella Casale. Salendo dalla Val Travenanzes lungo il sentiero numero 17 in direzione del Bivacco della Pace per pernottarvi, una coppia era uscita dal sentiero quasi arrivata ed era rimasta bloccata a 2.800 metri di quota. Individuati dell&#8217;equipaggio, i due sono stati recuperati con un verricello e trasportati al Passo Falzarego. Verso le 22.30 il Soccorso alpino di Cortina assieme al Sagf si \u00e8 mobilitato per cercare di risalire alla posizione di due escursionisti polacchi, che erano riusciti a contattare la Centrale operativa del 118 sia di Pieve di Cadore che di Bolzano, dicendo che non sapevano dove si trovavano dopo essere partiti da Rio Gere, dove dovevano tornare. Grazie ai doppi riferimenti ricevuti, i soccorritori hanno confrontato le coordinate ed hanno appurato che la coppia si trovava in realt\u00e0 a Pra del Vecia, verso Cima Banche. Una squadra \u00e8 quindi partita, li ha raggiunti sul greto di un torrente e riaccompagnati alla macchina. L&#8217;intervento si \u00e8 concluso verso l&#8217;una.<\/p>\n","protected":false},"excerpt":{"rendered":"<p>CORTINA\u00a0Ieri attorno alle 20 la Centrale del 118 \u00e8 stata allertata per 4 escursionisti piemontesi, due uomini e due donne, che, completata la Ferrata Dibona, avevano preso per il rientro un canale non corretto e si erano trovati in difficolt\u00e0. Seguendo le indicazioni telefoniche, i quattro sono poi riusciti a scendere autonomamente. Contemporanemente l&#8217;elicottero del&hellip;<\/p>\n","protected":false},"author":4,"featured_media":96479,"comment_status":"closed","ping_status":"closed","sticky":false,"template":"","format":"standard","meta":{"_monsterinsights_skip_tracking":false,"_monsterinsights_sitenote_active":false,"_monsterinsights_sitenote_note":"","_monsterinsights_sitenote_category":0,"footnotes":""},"categories":[49],"tags":[],"class_list":["post-147933","post","type-post","status-publish","format-standard","has-post-thumbnail","hentry","category-news-18","category-49","description-off"],"img_url":"https:\/\/www.radiopiu.net\/wordpress\/wp-content\/uploads\/2019\/08\/SOCCORSO-ALPINO-2019.jpg","_links":{"self":[{"href":"https:\/\/www.radiopiu.net\/wordpress\/wp-json\/wp\/v2\/posts\/147933","targetHints":{"allow":["GET"]}}],"collection":[{"href":"https:\/\/www.radiopiu.net\/wordpress\/wp-json\/wp\/v2\/posts"}],"about":[{"href":"https:\/\/www.radiopiu.net\/wordpress\/wp-json\/wp\/v2\/types\/post"}],"author":[{"embeddable":true,"href":"https:\/\/www.radiopiu.net\/wordpress\/wp-json\/wp\/v2\/users\/4"}],"replies":[{"embeddable":true,"href":"https:\/\/www.radiopiu.net\/wordpress\/wp-json\/wp\/v2\/comments?post=147933"}],"version-history":[{"count":0,"href":"https:\/\/www.radiopiu.net\/wordpress\/wp-json\/wp\/v2\/posts\/147933\/revisions"}],"wp:featuredmedia":[{"embeddable":true,"href":"https:\/\/www.radiopiu.net\/wordpress\/wp-json\/wp\/v2\/media\/96479"}],"wp:attachment":[{"href":"https:\/\/www.radiopiu.net\/wordpress\/wp-json\/wp\/v2\/media?parent=147933"}],"wp:term":[{"taxonomy":"category","embeddable":true,"href":"https:\/\/www.radiopiu.net\/wordpress\/wp-json\/wp\/v2\/categories?post=147933"},{"taxonomy":"post_tag","embeddable":true,"href":"https:\/\/www.radiopiu.net\/wordpress\/wp-json\/wp\/v2\/tags?post=147933"}],"curies":[{"name":"wp","href":"https:\/\/api.w.org\/{rel}","templated":true}]}}