{"id":147935,"date":"2020-07-06T05:45:11","date_gmt":"2020-07-06T03:45:11","guid":{"rendered":"https:\/\/www.radiopiu.net\/wordpress\/?p=147935"},"modified":"2020-07-06T09:34:20","modified_gmt":"2020-07-06T07:34:20","slug":"giornale-radiopiu-06-luglio-2020-direttore-mirko-mezzacasa","status":"publish","type":"post","link":"https:\/\/www.radiopiu.net\/wordpress\/giornale-radiopiu-06-luglio-2020-direttore-mirko-mezzacasa\/","title":{"rendered":"GIORNALE RADIOPIU 06 LUGLIO 2020 DIRETTORE MIRKO MEZZACASA"},"content":{"rendered":"<h3><strong>PER RICEVERE QUESTO NOTIZIARIO DIRETTAMENTE SUL TUO CELLULARE ISCRIVITI AL CANALE TELEGRAM\u00a0<\/strong><strong>\u201cRADIO PIU\u00a0 INFORMAZIONE<\/strong><\/h3>\n<p>&nbsp;<\/p>\n<hr \/>\n<p>&nbsp;<\/p>\n<p><strong>PROVINCIALE 3 VALLE IMPERINA, LOCALITA\u2019 CORDE MOLE:\u00a0 DALLE 8 ALLE 11.45 E DALLE 13.30 ALLE 17.30 (SABATO E DOMENICA ESCLUSI) INTERRUZIONI ALLA VIABILITA\u2019 FINO A 30 MINUTI PER TAGLIO PIANTE TRA LE LOCALITA\u2019 CORDE MOLE E VALLESIN<\/strong><\/p>\n<p><strong>347 DURAN E CEREDA:\u00a0 fino all\u201911 luglio (festivi eclusi) senso unico con semaforo in localit\u00e0 Sant\u2019Andrea (GOSALDO)\u00a0<\/strong><\/p>\n<p><em><strong>PROVINCIALE 20 CAPRILE-SELVA DI CADORE.\u00a0 RIAPRE\u00a0 IL 10 LUGLIO IN LOCALITA\u2019 SOLATOR ANCHE SABATO E DOMENICA. TRANSITO CONSENTITO AI LOCALI CON TEMPI DI ATTESA FINO A 30 MINUTI<\/strong><\/em><\/p>\n<p><em><strong>203 AGORDINA, FINO\u00a0 AL 30 LUGLIO ESCLUSI FESTIVI E PREFESTIVI SENSO UNICO ALTERNATO TRA CANDATEN E PERON. DALLE 7:30 ALLE 9 E DALLE 16:30 ALLE 18 CON MOVIERI, NEGLI ALTRI ORARI SEMAFORO<\/strong><\/em><\/p>\n<p>&nbsp;<\/p>\n<hr \/>\n<p>&nbsp;<\/p>\n<p>&nbsp;<\/p>\n<blockquote>\n<h3>SI TUFFA NEL LAGO DI SANTA CROCE MA NON RIEMERGE<\/h3>\n<\/blockquote>\n<p><strong><a class=\"dt-pswp-item\" href=\"https:\/\/www.radiopiu.net\/wordpress\/wp-content\/uploads\/2018\/06\/LagoSantaCroce.jpg\" data-dt-img-description=\"\" data-large_image_width=\"500\" data-large_image_height=\"276\"><img loading=\"lazy\" decoding=\"async\" class=\"size-medium wp-image-50180 alignleft\" src=\"https:\/\/www.radiopiu.net\/wordpress\/wp-content\/uploads\/2018\/06\/LagoSantaCroce-300x166.jpg\" alt=\"\" width=\"300\" height=\"166\" srcset=\"https:\/\/www.radiopiu.net\/wordpress\/wp-content\/uploads\/2018\/06\/LagoSantaCroce-300x166.jpg 300w, https:\/\/www.radiopiu.net\/wordpress\/wp-content\/uploads\/2018\/06\/LagoSantaCroce.jpg 500w\" sizes=\"auto, (max-width: 300px) 100vw, 300px\" \/><\/a>ALPAGO <\/strong>Tragedia al Lago di Santa Croce dove ieri pomeriggio un cittadino afgano, in Italia da molto tempo, Rahmatuallah, domiciliato presso casa accoglienza della cooperativa Integra di 26 anni si \u00e8 tuffato per fare un bagno e non \u00e8 pi\u00f9 riemerso. Erano le 15.30 quando \u00e8 scattato l&#8217;allarme. Il ragazzo \u00e8 stato recuperato a 70 metri dalla riva dai sommozzatori dei Vigili del Fuoco arrivati in elicottero da Bologna. Sul posto anche i Carabinieri del Comando di Belluno che hanno ricostruito l&#8217;incidente anche sulla scorta di quanto raccontato\u00a0 dai tre amici che hanno visto\u00a0 scomparire il ragazzo tra le acque del lago. Il ritrovamento alle 19.30. .Salito con gli altri tre\u00a0 sul pedal\u00f2 per fare un giro sul lago \u00e8 finito in acqua,\u00a0 l&#8217;amico Ahmad\u00a0 si \u00e8 buttato per\u00a0 cercare di salvarlo, quando l&#8217;ha visto in difficolt\u00e0 in mezzo alle onde del lago. C&#8217;era vento ieri pomeriggio, vento che creava onda. Il ragazzo era vestito e non sapeva nuotare. I bagnini sono accorsi sul luogo dell&#8217;incidente ma erano troppo lontani e quando sono arrivati il ragazzo era gi\u00e0 sott&#8217;acqua.<\/p>\n<blockquote><p><em><a class=\"dt-pswp-item\" href=\"https:\/\/www.radiopiu.net\/wordpress\/wp-content\/uploads\/2020\/07\/f8440f9a-d80b-4c25-969c-baf8e1b192d3.jpg\" data-dt-img-description=\"\" data-large_image_width=\"1280\" data-large_image_height=\"720\"><img loading=\"lazy\" decoding=\"async\" class=\"alignnone size-medium wp-image-147999\" src=\"https:\/\/www.radiopiu.net\/wordpress\/wp-content\/uploads\/2020\/07\/f8440f9a-d80b-4c25-969c-baf8e1b192d3-300x169.jpg\" alt=\"\" width=\"300\" height=\"169\" srcset=\"https:\/\/www.radiopiu.net\/wordpress\/wp-content\/uploads\/2020\/07\/f8440f9a-d80b-4c25-969c-baf8e1b192d3-300x169.jpg 300w, https:\/\/www.radiopiu.net\/wordpress\/wp-content\/uploads\/2020\/07\/f8440f9a-d80b-4c25-969c-baf8e1b192d3-1024x576.jpg 1024w, https:\/\/www.radiopiu.net\/wordpress\/wp-content\/uploads\/2020\/07\/f8440f9a-d80b-4c25-969c-baf8e1b192d3-768x432.jpg 768w, https:\/\/www.radiopiu.net\/wordpress\/wp-content\/uploads\/2020\/07\/f8440f9a-d80b-4c25-969c-baf8e1b192d3.jpg 1280w\" sizes=\"auto, (max-width: 300px) 100vw, 300px\" \/><\/a><a class=\"dt-pswp-item\" href=\"https:\/\/www.radiopiu.net\/wordpress\/wp-content\/uploads\/2020\/07\/9a370992-44b3-4f3f-a631-daf8e1064ded.jpg\" data-dt-img-description=\"\" data-large_image_width=\"1280\" data-large_image_height=\"720\"><img loading=\"lazy\" decoding=\"async\" class=\"alignnone size-medium wp-image-148000\" src=\"https:\/\/www.radiopiu.net\/wordpress\/wp-content\/uploads\/2020\/07\/9a370992-44b3-4f3f-a631-daf8e1064ded-300x169.jpg\" alt=\"\" width=\"300\" height=\"169\" srcset=\"https:\/\/www.radiopiu.net\/wordpress\/wp-content\/uploads\/2020\/07\/9a370992-44b3-4f3f-a631-daf8e1064ded-300x169.jpg 300w, https:\/\/www.radiopiu.net\/wordpress\/wp-content\/uploads\/2020\/07\/9a370992-44b3-4f3f-a631-daf8e1064ded-1024x576.jpg 1024w, https:\/\/www.radiopiu.net\/wordpress\/wp-content\/uploads\/2020\/07\/9a370992-44b3-4f3f-a631-daf8e1064ded-768x432.jpg 768w, https:\/\/www.radiopiu.net\/wordpress\/wp-content\/uploads\/2020\/07\/9a370992-44b3-4f3f-a631-daf8e1064ded.jpg 1280w\" sizes=\"auto, (max-width: 300px) 100vw, 300px\" \/><\/a><\/em><\/p>\n<p>&nbsp;<\/p>\n<p><em>Tanti ieri hanno scelto il lago per qualche ora di refrigerio, cos\u00ec come ad Arsi\u00e8 (lago del Corlo) e in Valle del Mis, luoghi dove i tuffi sono vietati e dove ieri sono scattate le sanzioni. Una donna di Domegge \u00e8 caduta nel fiume Piave a Sappada, ha perso l&#8217;equilibrio cadendo da un paio di metri di altezza dopo aver messo un piede in fallo.<\/em><\/p><\/blockquote>\n<p>&nbsp;<\/p>\n<hr \/>\n<blockquote>\n<h3><\/h3>\n<h3>INTERVENTI IN MONTAGNA<\/h3>\n<\/blockquote>\n<p><strong><a class=\"dt-pswp-item\" href=\"https:\/\/www.radiopiu.net\/wordpress\/wp-content\/uploads\/2020\/07\/soccorso-alpino-.jpg\" data-dt-img-description=\"\" data-large_image_width=\"2364\" data-large_image_height=\"1773\"><img loading=\"lazy\" decoding=\"async\" class=\"size-medium wp-image-147963 alignleft\" src=\"https:\/\/www.radiopiu.net\/wordpress\/wp-content\/uploads\/2020\/07\/soccorso-alpino--300x225.jpg\" alt=\"\" width=\"300\" height=\"225\" srcset=\"https:\/\/www.radiopiu.net\/wordpress\/wp-content\/uploads\/2020\/07\/soccorso-alpino--300x225.jpg 300w, https:\/\/www.radiopiu.net\/wordpress\/wp-content\/uploads\/2020\/07\/soccorso-alpino--1024x768.jpg 1024w, https:\/\/www.radiopiu.net\/wordpress\/wp-content\/uploads\/2020\/07\/soccorso-alpino--768x576.jpg 768w, https:\/\/www.radiopiu.net\/wordpress\/wp-content\/uploads\/2020\/07\/soccorso-alpino--1536x1152.jpg 1536w, https:\/\/www.radiopiu.net\/wordpress\/wp-content\/uploads\/2020\/07\/soccorso-alpino--2048x1536.jpg 2048w\" sizes=\"auto, (max-width: 300px) 100vw, 300px\" \/><\/a>BELLUNO<\/strong> Sul Terzo Spigolo della Tofana di Rozes,\u00a0 un alpinista \u00e8 volato, secondo di cordata, in parete all&#8217;altezza della grotta. Il rocciatore, R.M., 56 anni, di Tarcento (UD), ha riportato un\u00a0 trauma alla caviglia e alla schiena \u00e8 stato recuperato dal tecnico di elisoccorso sbarcato in parete con un verricello di 70 metri. L&#8217;infortunato \u00e8 stato poi trasportato all&#8217;ospedale di Belluno. I due compagni hanno invece completato la via.<\/p>\n<p>&nbsp;<\/p>\n<p>&nbsp;<\/p>\n<p>&nbsp;<\/p>\n<p>&nbsp;<\/p>\n<hr \/>\n<p>&nbsp;<\/p>\n<blockquote>\n<h3>INTERVENTI SABATO IN SERATA A CORTINA<\/h3>\n<\/blockquote>\n<p><strong><a class=\"dt-pswp-item\" href=\"https:\/\/www.radiopiu.net\/wordpress\/wp-content\/uploads\/2019\/08\/SOCCORSO-ALPINO-2019.jpg\" data-dt-img-description=\"\" data-large_image_width=\"1600\" data-large_image_height=\"1200\"><img loading=\"lazy\" decoding=\"async\" class=\"size-medium wp-image-96479 alignleft\" src=\"https:\/\/www.radiopiu.net\/wordpress\/wp-content\/uploads\/2019\/08\/SOCCORSO-ALPINO-2019-300x225.jpg\" alt=\"\" width=\"300\" height=\"225\" srcset=\"https:\/\/www.radiopiu.net\/wordpress\/wp-content\/uploads\/2019\/08\/SOCCORSO-ALPINO-2019-300x225.jpg 300w, https:\/\/www.radiopiu.net\/wordpress\/wp-content\/uploads\/2019\/08\/SOCCORSO-ALPINO-2019-768x576.jpg 768w, https:\/\/www.radiopiu.net\/wordpress\/wp-content\/uploads\/2019\/08\/SOCCORSO-ALPINO-2019-1024x768.jpg 1024w, https:\/\/www.radiopiu.net\/wordpress\/wp-content\/uploads\/2019\/08\/SOCCORSO-ALPINO-2019.jpg 1600w\" sizes=\"auto, (max-width: 300px) 100vw, 300px\" \/><\/a>CORTINA\u00a0<\/strong>Sabato attorno alle 20 la Centrale del 118 \u00e8 stata allertata per 4 escursionisti piemontesi, due uomini e due donne, che, completata la Ferrata Dibona, avevano preso per il rientro un canale non corretto e si sono\u00a0 trovati in difficolt\u00e0. Seguendo le indicazioni telefoniche, i quattro sono poi riusciti a scendere autonomamente. Contemporanemente l&#8217;elicottero del Suem di Pieve di Cadore \u00e8 stato inviato a Forcella Casale. Salendo dalla Val Travenanzes lungo il sentiero numero 17 in direzione del Bivacco della Pace per pernottarvi, una coppia \u00e8 uscita dal sentiero rimanendo bloccata a 2.800 metri di quota. Individuati dell&#8217;equipaggio, i due sono stati recuperati con un verricello e trasportati al Passo Falzarego. Verso le 22.30 il Soccorso alpino di Cortina assieme al Sagf si \u00e8 mobilitato per cercare di risalire alla posizione di due escursionisti polacchi,\u00a0 riusciti a contattare la Centrale operativa del 118 sia di Pieve di Cadore che di Bolzano, dicendo che non sapevano dove si trovavano dopo essere partiti da Rio Gere, dove dovevano tornare. Grazie ai doppi riferimenti ricevuti, i soccorritori hanno confrontato le coordinate ed hanno appurato che la coppia si trovava in realt\u00e0 a Pra del Vecia, verso Cima Banche. Una squadra \u00e8 quindi partita, li ha raggiunti sul greto di un torrente e riaccompagnati alla macchina. L&#8217;intervento si \u00e8 concluso verso l&#8217;una.<\/p>\n<p>&nbsp;<\/p>\n<p>&nbsp;<\/p>\n<hr \/>\n<p>&nbsp;<\/p>\n<blockquote>\n<h3>MOTOCICLISTI E CICLISTI IERI DUE INCIDENTI<\/h3>\n<\/blockquote>\n<p><strong>BELLUNO<\/strong> Due uscite autonome sulle strade, in localit\u00e0 La Secca un ciclista \u00e8 caduto\u00a0 A.R., 59 anni di Vittorio Veneto, \u00e8 stato soccorso e portato con l&#8217;ambulanza al Pronto soccorso dell&#8217;ospedale di Belluno, con ferite di media gravit\u00e0.\u00a0 Un motociclista di Chioggia F.B.F., 58 anni, ha perso il controllo del mezzo sul quale stava viaggiando nella zona di Palafavera. Sul posto \u00e8 stato inviato l&#8217;elicottero, che ha trasportato il ferito al Pronto soccorso del San Martino di Belluno. L&#8217;uomo si \u00e8 procurato un politrauma.<\/p>\n<p>&nbsp;<\/p>\n<p>&nbsp;<\/p>\n<hr \/>\n<p>&nbsp;<\/p>\n<blockquote>\n<h3>INCIDENTE CON IL PARAPENDIO<\/h3>\n<\/blockquote>\n<p><strong>FELTRE\u00a0<\/strong> \u00a0Ieri alle 14 circa l&#8217;elicottero del Suem di Pieve di Cadore \u00e8 volato in Valle di Lamen, a Pedavena, per un parapendio atterrato in modo brusco. Una volta sul posto, personale medico e tecnico di elisoccorso si sono presi cura del pilota, S.D.I., 26 anni, di Fiera di Primiero (TN), per un\u00a0 trauma al bacino e dopo averlo imbarcato lo hanno trasportato all&#8217;ospedale di Feltre.<\/p>\n<p>&nbsp;<\/p>\n<p>&nbsp;<\/p>\n<hr \/>\n<p>&nbsp;<\/p>\n<p>&nbsp;<\/p>\n<div class=\"page-title title-left solid-bg breadcrumbs-mobile-off page-title-responsive-enabled\">\n<div class=\"wf-wrap\">\n<div class=\"page-title-head hgroup\">\n<blockquote>\n<h3 class=\"entry-title\">6 POSITIVI IN PI\u00d9 NELLE ULTIME 24 ORE E UN DECESSO. 13 PERSONE ESCONO DALL\u2019ISOLAMENTO DOMICILIARE IN VENETO. A BELLUNO UN POSITIVO IN PI\u00d9 E SEMPRE 2 RICOVERATI IN AREA NON CRITICA<\/h3>\n<\/blockquote>\n<p><strong>di Mirko Mezzacasa<\/strong><\/p>\n<p>Oggi un&#8217;altra ordinanza dalla Regione, nuove restrizioni sugli isolamenti per le persone positive affinch\u00e9 non escano di casa e possano cos\u00ec infettare la comunit\u00e0 come successo di recente a Vicenza con l&#8217;imprenditore tornato dal viaggio di piacere e religioso dalla Serbia. I margini per il presidente della Regione sono comunque stretti non potendo n\u00e8 chiudere le frontiere, ma nemmeno ordinare trattamenti sanitari obbligatori, ovvero far ricoverare le persone, potr\u00e0 solo inasprire le sanzioni. L&#8217;ordinanza \u00e8 pronta e sar\u00e0 presentata nella conferenza stampa delle 12.30 da Marghera. A Feltre\u00a0 una badante di ritorno dalla Moldavia \u00e8 risulta positiva al tampone, ma asintomatica. I famigliari dell&#8217;anziana assistita hanno contattato l&#8217;Ulss1 ed ora la badante \u00e8 in isolamento, cos\u00ec l&#8217;anziana e tutte le persone venute in contatto con la moldava\u00a0 (i positivi in provincia dall&#8217;inizio dell&#8217;emergenza salgono a 1195). <strong>I NUMERI\u00a0 IN VENETO:<\/strong> TOTALE POSITIVI 19326 \u00a0(+6)\u00a0 ATTUALMENTE POSITIVI 385 (+3)\u00a0 DECESSI 2024 (+1) NEGATIVIZZATI 16917 (+2) IN ISOLAMENTO 768 (-13)\u00a0 RICOVERATI\u00a0 168 (-1 \u2013 15 POSITIVI, 153 NEGATIVIZZATI), NEGLI OSPEDALI DI COMUNITA\u2019 RICOVERATI 26 (+0, 2 POSITIVI,\u00a0 24 NEGATIVIZZATI), IN TERAPIA INTENSIVA 10 (2 POSITIVI, \u00a08 NEGATIVIZZATI). DIMESSI 3611 \u00a0(+0) <strong>I NUMERI IN PROVINCIA:<\/strong>\u00a0TOTALE CONTAGI 1195 (+1) , ATTUALMENTE POSITIVI 23 (+1) , DECEDUTI 112 (0), NEGATIVIZZATI 1060 (+0) ISOLAMENTO DOMICILIARE 92 (+2) RICOVERATI IN OSPEDALE AL SAN MARTINO 2 (0)<\/p>\n<\/div>\n<\/div>\n<\/div>\n<p>&nbsp;<\/p>\n<p><a class=\"dt-pswp-item\" href=\"https:\/\/www.radiopiu.net\/wordpress\/wp-content\/uploads\/2020\/07\/7c5c2086-796e-451d-b003-362740c408f9.jpg\" data-dt-img-description=\"\" data-large_image_width=\"480\" data-large_image_height=\"557\"><img loading=\"lazy\" decoding=\"async\" class=\"alignnone size-medium wp-image-148007\" src=\"https:\/\/www.radiopiu.net\/wordpress\/wp-content\/uploads\/2020\/07\/7c5c2086-796e-451d-b003-362740c408f9-259x300.jpg\" alt=\"\" width=\"259\" height=\"300\" srcset=\"https:\/\/www.radiopiu.net\/wordpress\/wp-content\/uploads\/2020\/07\/7c5c2086-796e-451d-b003-362740c408f9-259x300.jpg 259w, https:\/\/www.radiopiu.net\/wordpress\/wp-content\/uploads\/2020\/07\/7c5c2086-796e-451d-b003-362740c408f9.jpg 480w\" sizes=\"auto, (max-width: 259px) 100vw, 259px\" \/><\/a><a class=\"dt-pswp-item\" href=\"https:\/\/www.radiopiu.net\/wordpress\/wp-content\/uploads\/2020\/07\/7dc5105b-b74a-45d0-b189-d72b3ff62361.jpg\" data-dt-img-description=\"\" data-large_image_width=\"480\" data-large_image_height=\"335\"><img loading=\"lazy\" decoding=\"async\" class=\"alignnone size-medium wp-image-148008\" src=\"https:\/\/www.radiopiu.net\/wordpress\/wp-content\/uploads\/2020\/07\/7dc5105b-b74a-45d0-b189-d72b3ff62361-300x209.jpg\" alt=\"\" width=\"300\" height=\"209\" srcset=\"https:\/\/www.radiopiu.net\/wordpress\/wp-content\/uploads\/2020\/07\/7dc5105b-b74a-45d0-b189-d72b3ff62361-300x209.jpg 300w, https:\/\/www.radiopiu.net\/wordpress\/wp-content\/uploads\/2020\/07\/7dc5105b-b74a-45d0-b189-d72b3ff62361.jpg 480w\" sizes=\"auto, (max-width: 300px) 100vw, 300px\" \/><\/a><\/p>\n<hr \/>\n<p>&nbsp;<\/p>\n<blockquote class=\"wp-embedded-content\" data-secret=\"D6JDQl4e5x\"><p><a href=\"https:\/\/www.radiopiu.net\/wordpress\/coronavirus-aggiornamento-nazionale-05-luglio\/\">CORONAVIRUS: AGGIORNAMENTO NAZIONALE 05 LUGLIO<\/a><\/p><\/blockquote>\n<p><iframe loading=\"lazy\" class=\"wp-embedded-content\" sandbox=\"allow-scripts\" security=\"restricted\" style=\"position: absolute; clip: rect(1px, 1px, 1px, 1px);\" title=\"&#8220;CORONAVIRUS: AGGIORNAMENTO NAZIONALE 05 LUGLIO&#8221; &#8212; Radio Pi\u00f9\" src=\"https:\/\/www.radiopiu.net\/wordpress\/coronavirus-aggiornamento-nazionale-05-luglio\/embed\/#?secret=D6JDQl4e5x\" data-secret=\"D6JDQl4e5x\" width=\"600\" height=\"338\" frameborder=\"0\" marginwidth=\"0\" marginheight=\"0\" scrolling=\"no\"><\/iframe><\/p>\n<p>&nbsp;<\/p>\n<p>&nbsp;<\/p>\n<blockquote class=\"wp-embedded-content\" data-secret=\"YzBgDou722\"><p><a href=\"https:\/\/www.radiopiu.net\/wordpress\/6-positivi-in-piu-nelle-ultime-24-ore-e-un-decesso-13-persone-escono-dallisolamento-domiciliare-in-veneto-a-belluno-un-positivo-in-piu-e-sempre-2-ricoverati-in-area-non-critica\/\">6 POSITIVI IN PI\u00d9 NELLE ULTIME 24 ORE E UN DECESSO. 13 PERSONE ESCONO DALL&#8217;ISOLAMENTO DOMICILIARE IN VENETO. A BELLUNO UN POSITIVO IN PI\u00d9 E SEMPRE 2 RICOVERATI IN AREA NON CRITICA<\/a><\/p><\/blockquote>\n<p><iframe loading=\"lazy\" class=\"wp-embedded-content\" sandbox=\"allow-scripts\" security=\"restricted\" style=\"position: absolute; clip: rect(1px, 1px, 1px, 1px);\" title=\"&#8220;6 POSITIVI IN PI\u00d9 NELLE ULTIME 24 ORE E UN DECESSO. 13 PERSONE ESCONO DALL&#8217;ISOLAMENTO DOMICILIARE IN VENETO. A BELLUNO UN POSITIVO IN PI\u00d9 E SEMPRE 2 RICOVERATI IN AREA NON CRITICA&#8221; &#8212; Radio Pi\u00f9\" src=\"https:\/\/www.radiopiu.net\/wordpress\/6-positivi-in-piu-nelle-ultime-24-ore-e-un-decesso-13-persone-escono-dallisolamento-domiciliare-in-veneto-a-belluno-un-positivo-in-piu-e-sempre-2-ricoverati-in-area-non-critica\/embed\/#?secret=YzBgDou722\" data-secret=\"YzBgDou722\" width=\"600\" height=\"338\" frameborder=\"0\" marginwidth=\"0\" marginheight=\"0\" scrolling=\"no\"><\/iframe><\/p>\n<p>&nbsp;<\/p>\n<p>&nbsp;<\/p>\n<hr \/>\n<p>&nbsp;<\/p>\n<blockquote>\n<h3>FRANCO SOCCOL, L&#8217;ASSESSORE\u00a0 DEL COMUNE DI TAIBON PARLA DELLA STRADA TAGLIAFUOCO<\/h3>\n<\/blockquote>\n<p><strong><a class=\"dt-pswp-item\" href=\"https:\/\/www.radiopiu.net\/wordpress\/wp-content\/uploads\/2020\/07\/8ca16412-9f9f-417a-8192-0927cc0d9e4e.jpg\" data-dt-img-description=\"\" data-large_image_width=\"500\" data-large_image_height=\"331\"><img loading=\"lazy\" decoding=\"async\" class=\"size-medium wp-image-147866 alignleft\" src=\"https:\/\/www.radiopiu.net\/wordpress\/wp-content\/uploads\/2020\/07\/8ca16412-9f9f-417a-8192-0927cc0d9e4e-300x199.jpg\" alt=\"\" width=\"300\" height=\"199\" srcset=\"https:\/\/www.radiopiu.net\/wordpress\/wp-content\/uploads\/2020\/07\/8ca16412-9f9f-417a-8192-0927cc0d9e4e-300x199.jpg 300w, https:\/\/www.radiopiu.net\/wordpress\/wp-content\/uploads\/2020\/07\/8ca16412-9f9f-417a-8192-0927cc0d9e4e.jpg 500w\" sizes=\"auto, (max-width: 300px) 100vw, 300px\" \/><\/a>TAIBON<\/strong> L\u2019amministrazione comunale ha incontrato il \u201cComitato Spontaneo di salvaguardia e prevenzione del territorio costituitosi in seguito all\u2019incendio dell\u2019autunno 2018&#8243; per presentare l\u2019idea progettuale relativa all\u2019intervento sulla prima Pala di San Lucano, intervento finanziato con\u00a0 i fondi dell\u2019Emergenza post Vaia.<\/p>\n<p><strong>FRANCO SOCCOL, ASSESSORE DEL COMUNE DI TAIBON<\/strong><\/p>\n<audio class=\"wp-audio-shortcode\" id=\"audio-147935-1\" preload=\"none\" style=\"width: 100%;\" controls=\"controls\"><source type=\"audio\/mpeg\" src=\"https:\/\/www.radiopiu.net\/wordpress\/wp-content\/uploads\/2020\/07\/FRANCO-SOCCOL-TAGLIAFUOCO-TAIBON.mp3?_=1\" \/><a href=\"https:\/\/www.radiopiu.net\/wordpress\/wp-content\/uploads\/2020\/07\/FRANCO-SOCCOL-TAGLIAFUOCO-TAIBON.mp3\">https:\/\/www.radiopiu.net\/wordpress\/wp-content\/uploads\/2020\/07\/FRANCO-SOCCOL-TAGLIAFUOCO-TAIBON.mp3<\/a><\/audio>\n<p>&nbsp;<\/p>\n<hr \/>\n<p>&nbsp;<\/p>\n<blockquote>\n<h3>IL LANCIO DEL VIDEO PROMOZIONALE DELL&#8217;UFFICIO TURISTICO DI AGORDO PER LA CONCA AGORDINA<\/h3>\n<\/blockquote>\n<p><strong><a class=\"dt-pswp-item\" href=\"https:\/\/www.radiopiu.net\/wordpress\/wp-content\/uploads\/2020\/07\/Immagine-copertina-VIDEO-CONCA-AGORDINA.png\" data-dt-img-description=\"\" data-large_image_width=\"1920\" data-large_image_height=\"1080\"><img loading=\"lazy\" decoding=\"async\" class=\"size-medium wp-image-147940 alignleft\" src=\"https:\/\/www.radiopiu.net\/wordpress\/wp-content\/uploads\/2020\/07\/Immagine-copertina-VIDEO-CONCA-AGORDINA-300x169.png\" alt=\"\" width=\"300\" height=\"169\" srcset=\"https:\/\/www.radiopiu.net\/wordpress\/wp-content\/uploads\/2020\/07\/Immagine-copertina-VIDEO-CONCA-AGORDINA-300x169.png 300w, https:\/\/www.radiopiu.net\/wordpress\/wp-content\/uploads\/2020\/07\/Immagine-copertina-VIDEO-CONCA-AGORDINA-1024x576.png 1024w, https:\/\/www.radiopiu.net\/wordpress\/wp-content\/uploads\/2020\/07\/Immagine-copertina-VIDEO-CONCA-AGORDINA-768x432.png 768w, https:\/\/www.radiopiu.net\/wordpress\/wp-content\/uploads\/2020\/07\/Immagine-copertina-VIDEO-CONCA-AGORDINA-1536x864.png 1536w, https:\/\/www.radiopiu.net\/wordpress\/wp-content\/uploads\/2020\/07\/Immagine-copertina-VIDEO-CONCA-AGORDINA.png 1920w\" sizes=\"auto, (max-width: 300px) 100vw, 300px\" \/><\/a>AGORDO\u00a0<\/strong>L&#8217;Ufficio Turistico di Agordo-Conca Agordina lancia il primo dei 3 video promozionali, nati dall&#8217;idea e con il sostegno dell&#8217;Amministrazione Comunale di Agordo, finalizzati alla promozione del territorio in tutti i suoi aspetti pi\u00f9 autentici.\u00a0Nel video sarete accompagnati da una coppia che vi condurr\u00e0 alla scoperta delle bellezze paesaggistiche e naturalistiche dei luoghi, proponendovi un assaggio delle attivit\u00e0 che potrete vivere all&#8217;aria aperta.\u00a0La frase di presentazione <i>\u201cUn autentico cuore verde tra le Dolomiti \u2013 Conca Agordina\u201d<\/i> \u00e8 stata scelta per evocare l&#8217;ambiente naturale e l&#8217;unicit\u00e0 del Broi, l&#8217;unica piazza verde immersa tra le Dolomiti, che caratterizza il cuore del paese.\u00a0Il video \u00e8 stato realizzato dal videomaker Davide Dal Mas e verr\u00e0 lanciato domenica 5 luglio sulla pagina Facebook <i>Ufficio Turistico di Agordo, <\/i>canale Youtube e profilo Instagram.\u00a0<i>\u201cIl mio augurio \u00e8 che queste immagini suscitino curiosit\u00e0 a coloro che non conoscono la Conca Agordina e trasmetta emozioni a tutti coloro che la abitano\u201d <\/i>dice Chiara Fontanive, assessore al Turismo del Comune di Agordo. \u201c<i>Un ringraziamento speciale a chi ha partecipato alla realizzazione del video: gli attori principali Federica e Michel, Diego e la sua famiglia per il Rifugio Carestiato, Claudio Dottor Bike per la fornitura delle biciclette, AD Agordo Pro Loco e lo staff organizzativo di Giada, Alice, Davide, Fiorangela ed Elena. Buona visione a tutti\u201d<\/i>.<\/p>\n<p><strong>IL VIDEO<\/strong><\/p>\n<p><iframe loading=\"lazy\" title=\"Conca Agordina, un autentico cuore verde tra le Dolomiti\" width=\"1200\" height=\"675\" src=\"https:\/\/www.youtube.com\/embed\/zSbuHebQS4U?feature=oembed\" frameborder=\"0\" allow=\"accelerometer; autoplay; clipboard-write; encrypted-media; gyroscope; picture-in-picture\" allowfullscreen><\/iframe><\/p>\n<p>&nbsp;<\/p>\n<p>&nbsp;<\/p>\n<hr \/>\n<p>&nbsp;<\/p>\n<blockquote>\n<h3>IL 25 LUGLIO L&#8217;ESTRAZIONE DEI BIGLIETTI VINCENTI DELLA LOTTERIA DELLA SAGRA DE PASCA<\/h3>\n<\/blockquote>\n<p><strong><a class=\"dt-pswp-item\" href=\"https:\/\/www.radiopiu.net\/wordpress\/wp-content\/uploads\/2018\/03\/marco-a-antimo.jpg\" data-dt-img-description=\"\" data-large_image_width=\"1000\" data-large_image_height=\"750\"><img loading=\"lazy\" decoding=\"async\" class=\"size-medium wp-image-45744 alignleft\" src=\"https:\/\/www.radiopiu.net\/wordpress\/wp-content\/uploads\/2018\/03\/marco-a-antimo-300x225.jpg\" alt=\"\" width=\"300\" height=\"225\" srcset=\"https:\/\/www.radiopiu.net\/wordpress\/wp-content\/uploads\/2018\/03\/marco-a-antimo-300x225.jpg 300w, https:\/\/www.radiopiu.net\/wordpress\/wp-content\/uploads\/2018\/03\/marco-a-antimo-768x576.jpg 768w, https:\/\/www.radiopiu.net\/wordpress\/wp-content\/uploads\/2018\/03\/marco-a-antimo.jpg 1000w\" sizes=\"auto, (max-width: 300px) 100vw, 300px\" \/><\/a>TAIBON<\/strong> Sar\u00e0 effettuata il 25 luglio l&#8217;estrazione dei biglietti vincenti della lotteria della Sagra de Pasca. A parlarne ai microfoni di Radio Pi\u00f9, il presidente del Gruppo Sportivo Taibon Antimo Savaris.<\/p>\n<audio class=\"wp-audio-shortcode\" id=\"audio-147935-2\" preload=\"none\" style=\"width: 100%;\" controls=\"controls\"><source type=\"audio\/mpeg\" src=\"https:\/\/www.radiopiu.net\/wordpress\/wp-content\/uploads\/2020\/07\/ANTIMO-LOTTERIA-2.mp3?_=2\" \/><a href=\"https:\/\/www.radiopiu.net\/wordpress\/wp-content\/uploads\/2020\/07\/ANTIMO-LOTTERIA-2.mp3\">https:\/\/www.radiopiu.net\/wordpress\/wp-content\/uploads\/2020\/07\/ANTIMO-LOTTERIA-2.mp3<\/a><\/audio>\n<p>&nbsp;<\/p>\n<hr \/>\n<p>&nbsp;<\/p>\n<blockquote>\n<h3>RECUPERATA UNA CIVETTA DAI VIGILI DEL FUOCO DI BELLUNO<\/h3>\n<\/blockquote>\n<p><strong><a class=\"dt-pswp-item\" href=\"https:\/\/www.radiopiu.net\/wordpress\/wp-content\/uploads\/2020\/07\/civetta-1.jpg\" data-dt-img-description=\"\" data-large_image_width=\"1280\" data-large_image_height=\"720\"><img loading=\"lazy\" decoding=\"async\" class=\"size-medium wp-image-147970 alignleft\" src=\"https:\/\/www.radiopiu.net\/wordpress\/wp-content\/uploads\/2020\/07\/civetta-1-300x169.jpg\" alt=\"\" width=\"300\" height=\"169\" srcset=\"https:\/\/www.radiopiu.net\/wordpress\/wp-content\/uploads\/2020\/07\/civetta-1-300x169.jpg 300w, https:\/\/www.radiopiu.net\/wordpress\/wp-content\/uploads\/2020\/07\/civetta-1-1024x576.jpg 1024w, https:\/\/www.radiopiu.net\/wordpress\/wp-content\/uploads\/2020\/07\/civetta-1-768x432.jpg 768w, https:\/\/www.radiopiu.net\/wordpress\/wp-content\/uploads\/2020\/07\/civetta-1.jpg 1280w\" sizes=\"auto, (max-width: 300px) 100vw, 300px\" \/><\/a>BELLUNO <\/strong>I Vigili Del Fuoco di Belluno sono intervenuti ieri per salvare una civetta che si era intrappolata in una canna fumaria a Castion. Erano le 10 quando gli uomini della centrale di Belluno si sono recati sul posto. Intervento durato circa un&#8217;ora e animale tratto in salvo.<\/p>\n<p>&nbsp;<\/p>\n<p>&nbsp;<\/p>\n<p>&nbsp;<\/p>\n<p>&nbsp;<\/p>\n<p>&nbsp;<\/p>\n<hr \/>\n<p>&nbsp;<\/p>\n<blockquote>\n<h3>L&#8217;EX ALBERGO VAL GARES DIVENTA CENTRO DIOCESANO<\/h3>\n<\/blockquote>\n<p><a class=\"dt-pswp-item\" href=\"https:\/\/www.radiopiu.net\/wordpress\/wp-content\/uploads\/2020\/07\/f1877787-de97-4f54-8cbd-5b3fbf67acc1.jpg\" data-dt-img-description=\"\" data-large_image_width=\"2008\" data-large_image_height=\"1504\"><img loading=\"lazy\" decoding=\"async\" class=\"size-medium wp-image-147917 alignleft\" src=\"https:\/\/www.radiopiu.net\/wordpress\/wp-content\/uploads\/2020\/07\/f1877787-de97-4f54-8cbd-5b3fbf67acc1-300x225.jpg\" alt=\"\" width=\"300\" height=\"225\" srcset=\"https:\/\/www.radiopiu.net\/wordpress\/wp-content\/uploads\/2020\/07\/f1877787-de97-4f54-8cbd-5b3fbf67acc1-300x225.jpg 300w, https:\/\/www.radiopiu.net\/wordpress\/wp-content\/uploads\/2020\/07\/f1877787-de97-4f54-8cbd-5b3fbf67acc1-1024x767.jpg 1024w, https:\/\/www.radiopiu.net\/wordpress\/wp-content\/uploads\/2020\/07\/f1877787-de97-4f54-8cbd-5b3fbf67acc1-768x575.jpg 768w, https:\/\/www.radiopiu.net\/wordpress\/wp-content\/uploads\/2020\/07\/f1877787-de97-4f54-8cbd-5b3fbf67acc1-1536x1150.jpg 1536w, https:\/\/www.radiopiu.net\/wordpress\/wp-content\/uploads\/2020\/07\/f1877787-de97-4f54-8cbd-5b3fbf67acc1.jpg 2008w\" sizes=\"auto, (max-width: 300px) 100vw, 300px\" \/><\/a>di Gianni Santomaso<\/p>\n<audio class=\"wp-audio-shortcode\" id=\"audio-147935-3\" preload=\"none\" style=\"width: 100%;\" controls=\"controls\"><source type=\"audio\/mpeg\" src=\"https:\/\/www.radiopiu.net\/wordpress\/wp-content\/uploads\/2020\/07\/GIANNI-EX-ALBERGO-VAL-GARES.mp3?_=3\" \/><a href=\"https:\/\/www.radiopiu.net\/wordpress\/wp-content\/uploads\/2020\/07\/GIANNI-EX-ALBERGO-VAL-GARES.mp3\">https:\/\/www.radiopiu.net\/wordpress\/wp-content\/uploads\/2020\/07\/GIANNI-EX-ALBERGO-VAL-GARES.mp3<\/a><\/audio>\n<p>&nbsp;<\/p>\n<hr \/>\n<p>&nbsp;<\/p>\n<blockquote>\n<h3>PRESENTATO IL LIBRO DI BEPI TISSI<\/h3>\n<\/blockquote>\n<p><b><a class=\"dt-pswp-item\" href=\"https:\/\/www.radiopiu.net\/wordpress\/wp-content\/uploads\/2020\/07\/Bepi-Tissi-e-Francesco-Piero-Franchi-durante-la-presnetazione-a-Belluno.jpg\" data-dt-img-description=\"\" data-large_image_width=\"1280\" data-large_image_height=\"720\"><img loading=\"lazy\" decoding=\"async\" class=\"size-medium wp-image-147951 alignleft\" src=\"https:\/\/www.radiopiu.net\/wordpress\/wp-content\/uploads\/2020\/07\/Bepi-Tissi-e-Francesco-Piero-Franchi-durante-la-presnetazione-a-Belluno-300x169.jpg\" alt=\"\" width=\"300\" height=\"169\" srcset=\"https:\/\/www.radiopiu.net\/wordpress\/wp-content\/uploads\/2020\/07\/Bepi-Tissi-e-Francesco-Piero-Franchi-durante-la-presnetazione-a-Belluno-300x169.jpg 300w, https:\/\/www.radiopiu.net\/wordpress\/wp-content\/uploads\/2020\/07\/Bepi-Tissi-e-Francesco-Piero-Franchi-durante-la-presnetazione-a-Belluno-1024x576.jpg 1024w, https:\/\/www.radiopiu.net\/wordpress\/wp-content\/uploads\/2020\/07\/Bepi-Tissi-e-Francesco-Piero-Franchi-durante-la-presnetazione-a-Belluno-768x432.jpg 768w, https:\/\/www.radiopiu.net\/wordpress\/wp-content\/uploads\/2020\/07\/Bepi-Tissi-e-Francesco-Piero-Franchi-durante-la-presnetazione-a-Belluno.jpg 1280w\" sizes=\"auto, (max-width: 300px) 100vw, 300px\" \/><\/a>di\u00a0Luisa\u00a0Manfroi\u00a0<\/b><\/p>\n<p><b>BELLUNO\u00a0<\/b>Forte \u00e8 il legame con la provincia di Belluno e lo si sente fin dalle prime pagine del<span class=\"Apple-converted-space\">\u00a0 <\/span>libro dal titolo quanto mai perentorio: \u201cVoglio che tu lo sappia!\u201d. Una<span class=\"Apple-converted-space\">\u00a0 <\/span>raccolta di aneddoti e di episodi<span class=\"Apple-converted-space\">\u00a0 <\/span>raccontati da Bepi Tissi, cognome che tradisce chiare origini agordine. Non a caso questa \u201csfilata di aneddoti\u201d, come lui stesso l\u2019ha definita, \u00e8 incentrata specialmente su Belluno, senza tralasciare le montagne che sente particolarmente vicine. Un legame di famiglia visto che<span class=\"Apple-converted-space\">\u00a0 <\/span>l\u2019autore, medico psichiatra<span class=\"Apple-converted-space\">\u00a0 <\/span>nato a Belluno nel 1947, \u00e8<span class=\"Apple-converted-space\">\u00a0 <\/span>figlio di Attilio Tissi (1900 &#8211; 1959), alpinista, imprenditore e senatore di Vallada che partecip\u00f2 alla guerra di liberazione e tracci\u00f2 delle pagine importanti nella storia alpinistica aprendo vie sulle pareti delle Dolomiti agordine e non solo. Nei suoi racconti, Tissi tratta inoltre di Cortina, Padova, Feltre e Milano, citt\u00e0 nella quale egli risiede da oltre quarant\u2019anni. Una narrazione ricca nel contenuto e resa leggera da un\u2019ironia \u201cgarbata e affettuosa\u201d, che pervade le pagine del testo \u201cordinatamente caotico\u201d, come l\u2019autore ama considerarlo. \u201cBuona parte del libro parla di un mondo che non esiste pi\u00f9, o di cui restano solo tracce sbiadite. Gli episodi narrati sono visti al telescopio, con tutte le deformazioni prospettiche che lo strumento comporta.\u201d E di questo ha parlato a lungo il professor Francesco Piero Franchi, profondo conoscitore<span class=\"Apple-converted-space\">\u00a0 <\/span>della storia cittadina e letteraria bellunese nella sua particolareggiata prolusione durante la presentazione al teatro in pietra del Ristorante Al Borgo di Belluno, nel tardo pomeriggio di venerd\u00ec 3 luglio. Un evento organizzato<span class=\"Apple-converted-space\">\u00a0 <\/span>da Egidio Fiorin delle edizioni Colophon. Non \u00e8 un\u2019autobiografia o un libro cattedratico in cui l\u2019autore ha l\u2019ambizione di insegnare qualcosa, ma un libro di esperienze vissute: dall\u2019infanzia trascorsa tra Belluno, l\u2019Agordino, Roma, Cortina fino agli anni dell\u2019Universit\u00e0 a Padova, il tirocinio a Feltre e il lavoro a Milano. Esperienze filtrate dal ricordo e<span class=\"Apple-converted-space\">\u00a0 <\/span>che solo il tempo, la maturit\u00e0 e la perspicacia riescono a mostrare in una luce diversa rispetto a prima. Ma c\u2019\u00e8 pure spazio per gli aneddoti e i pensieri, per\u00f2, senza mai prendersi troppo sul serio, un aspetto che lo caratterizza e che si riflette nel suo modo di raccontare. Come \u00e8 stato sottolineato nella prolusione, molti memorialisti hanno una visione pi\u00f9 particolareggiata di un luogo proprio perch\u00e9 vengono da fuori. E Tissi \u00e8 emigrato dalla provincia per lavoro ormai da molto, per farvi ritorno d\u2019estate o in qualche altra occasione. \u00abQuarant\u2019anni a Milano mi hanno fatto spuntar un bel po\u2019 di radici anche l\u00ec, ma quelle vecchie sono ancora vive.\u00bb E sono quelle legate alle localit\u00e0 e alla gente che le ha caratterizzate e in cui Tissi ha abitato. \u00abA otto anni avevo fatto sei traslochi, a venti dieci.\u00bb Di gente e di posti ha avuto modo di conoscerne davvero tanti e di farsi delle idee chiare. Un ricordo netto \u00e8 il suo \u201csbarco\u201d a Belluno a<span class=\"Apple-converted-space\">\u00a0 <\/span>dodici anni, nel 1959, e l\u2019impatto con coetanei intellettuali \u201cuna specie mai conosciuta prima\u201d, come l\u2019incontro a Feltre con il primario dell\u2019ospedale psichiatrico Gino Meneghel, la rocambolesca occupazione del Bo\u2019 a Padova nel 1967 insieme ad altri studenti e il digiuno forzato dovuto alla mancanza di provviste.\u00a0Il perch\u00e9 di questo titolo l\u2019autore non lo svela direttamente ma lo si evince leggendolo. Cos\u2019\u00e8 che l\u2019ha motivata a scrivere questo libro? \u00abIl bisogno di riunificare una vita frammentata in vari pezzi, uno per ogni luogo abitato. Ogni volta perdevo una rete di relazioni e dovevo iniziarne altre, ogni volta con un nuovo stupore per l\u2019 ambiente in cui mi trovavo. Immagino che tutti quelli che sono vissuti in luoghi diversi durante l\u2019infanzia e la giovinezza, si sentano spezzettati e vogliano ricompattare i ricordi, se non sono troppo traumatici.\u00bb<span class=\"Apple-converted-space\">\u00a0 <\/span>Il libro \u00e8 disponibile su Amazon e su altre piattaforme di vendita di libri.<\/p>\n<p>&nbsp;<\/p>\n<p>&nbsp;<\/p>\n<hr \/>\n<p>&nbsp;<\/p>\n<blockquote>\n<h3>PRESENTATO IL LIBRO SUI FORCELLINI DI AGORDO<\/h3>\n<\/blockquote>\n<p><a class=\"dt-pswp-item\" href=\"https:\/\/www.radiopiu.net\/wordpress\/wp-content\/uploads\/2020\/07\/d20fa643-51e4-41d4-b185-6d7feee03ca7.jpg\" data-dt-img-description=\"\" data-large_image_width=\"1200\" data-large_image_height=\"1600\"><img loading=\"lazy\" decoding=\"async\" class=\"size-medium wp-image-147906 alignleft\" src=\"https:\/\/www.radiopiu.net\/wordpress\/wp-content\/uploads\/2020\/07\/d20fa643-51e4-41d4-b185-6d7feee03ca7-225x300.jpg\" alt=\"\" width=\"225\" height=\"300\" srcset=\"https:\/\/www.radiopiu.net\/wordpress\/wp-content\/uploads\/2020\/07\/d20fa643-51e4-41d4-b185-6d7feee03ca7-225x300.jpg 225w, https:\/\/www.radiopiu.net\/wordpress\/wp-content\/uploads\/2020\/07\/d20fa643-51e4-41d4-b185-6d7feee03ca7-768x1024.jpg 768w, https:\/\/www.radiopiu.net\/wordpress\/wp-content\/uploads\/2020\/07\/d20fa643-51e4-41d4-b185-6d7feee03ca7-1152x1536.jpg 1152w, https:\/\/www.radiopiu.net\/wordpress\/wp-content\/uploads\/2020\/07\/d20fa643-51e4-41d4-b185-6d7feee03ca7.jpg 1200w\" sizes=\"auto, (max-width: 225px) 100vw, 225px\" \/><\/a>di Gianni Santomaso<\/p>\n<audio class=\"wp-audio-shortcode\" id=\"audio-147935-4\" preload=\"none\" style=\"width: 100%;\" controls=\"controls\"><source type=\"audio\/mpeg\" src=\"https:\/\/www.radiopiu.net\/wordpress\/wp-content\/uploads\/2020\/07\/GIANNI-PRES-LIBRO-FORCELLINI.mp3?_=4\" \/><a href=\"https:\/\/www.radiopiu.net\/wordpress\/wp-content\/uploads\/2020\/07\/GIANNI-PRES-LIBRO-FORCELLINI.mp3\">https:\/\/www.radiopiu.net\/wordpress\/wp-content\/uploads\/2020\/07\/GIANNI-PRES-LIBRO-FORCELLINI.mp3<\/a><\/audio>\n<p>&nbsp;<\/p>\n<hr \/>\n<p>&nbsp;<\/p>\n<p>&nbsp;<\/p>\n<blockquote>\n<h3>DILLO A RADIO PIU. &#8220;DOLOMITIBUS NON E&#8217; CAMBIATO NULLA&#8221;<\/h3>\n<\/blockquote>\n<p>&nbsp;<\/p>\n<p><strong>LA LETTERA\u00a0 (R.M.)<\/strong><\/p>\n<p><strong><a class=\"dt-pswp-item\" href=\"https:\/\/www.radiopiu.net\/wordpress\/wp-content\/uploads\/2020\/06\/80c303ed-9a2e-49f0-8b20-3dd5e061bbf3.jpg\" data-dt-img-description=\"\" data-large_image_width=\"1280\" data-large_image_height=\"960\"><img loading=\"lazy\" decoding=\"async\" class=\"size-medium wp-image-145520 alignleft\" src=\"https:\/\/www.radiopiu.net\/wordpress\/wp-content\/uploads\/2020\/06\/80c303ed-9a2e-49f0-8b20-3dd5e061bbf3-300x225.jpg\" alt=\"\" width=\"300\" height=\"225\" srcset=\"https:\/\/www.radiopiu.net\/wordpress\/wp-content\/uploads\/2020\/06\/80c303ed-9a2e-49f0-8b20-3dd5e061bbf3-300x225.jpg 300w, https:\/\/www.radiopiu.net\/wordpress\/wp-content\/uploads\/2020\/06\/80c303ed-9a2e-49f0-8b20-3dd5e061bbf3-1024x768.jpg 1024w, https:\/\/www.radiopiu.net\/wordpress\/wp-content\/uploads\/2020\/06\/80c303ed-9a2e-49f0-8b20-3dd5e061bbf3-768x576.jpg 768w, https:\/\/www.radiopiu.net\/wordpress\/wp-content\/uploads\/2020\/06\/80c303ed-9a2e-49f0-8b20-3dd5e061bbf3.jpg 1280w\" sizes=\"auto, (max-width: 300px) 100vw, 300px\" \/><\/a>AGORDO<\/strong> Dolomiti Bus: \u201c\u00c8 cambiato tutto per non cambiare nulla\u201d da oggi 6 luglio 2020 Dolomiti Bus avrebbe dovuto rinforzare alcune corse su alcune tratte, non \u00e8 cos\u00ec molte localit\u00e0 dell\u2019Agordino sono emarginate da una politica incomprensibile nel settore trasporti.\u00a0 Rivamonte ad esempio ha solo due corse in piena estate eppure Dolomiti Bus alcuni anni fa aveva proposto la \u201cGuest Card\u201d una sorta di pass per i non residenti che ad un costo abbordabile permette di usufruire illimitatamente per un intera settimana di tutti i mezzi su tutte le tratte urbane ed extraurbane. Mi chiedo ha ancora senso questa iniziativa? Le corse nelle giornate di sabato ad oggi luned\u00ec 6 luglio sono sospese Quindi non avrebbe nemmeno senso acquistare un abbonamento settimanale. Questo \u00e8 il biglietto da visita che l\u2019azienda presenta ai turisti in piena estate. Nella provincia di Treviso MOM la locale azienda di trasporti ha si effettuato alcuni tagli ma impercettibili rispetto a Belluno e al resto del territorio. Mi dicono che in questa provincia l\u2019unica cosa che sembra funzionare sono i controlli dei titoli di viaggio e l\u2019ho constatato personalmente in una toccata e fuga la scorsa settimana in Agordino.<\/p>\n<p>&nbsp;<\/p>\n<hr \/>\n<p>&nbsp;<\/p>\n<blockquote class=\"wp-embedded-content\" data-secret=\"XsflPZNQnB\"><p><a href=\"https:\/\/www.radiopiu.net\/wordpress\/paga-con-difficolta-ma-con-commesse-da-140-miliardi-allanno-la-pa-e-la-principale-cliente-delle-nostre-imprese\/\">PAGA CON DIFFICOLTA\u2019, MA CON COMMESSE DA 140 MILIARDI ALL\u2019ANNO, LA PA E\u2019 LA PRINCIPALE CLIENTE DELLE NOSTRE IMPRESE<\/a><\/p><\/blockquote>\n<p><iframe loading=\"lazy\" class=\"wp-embedded-content\" sandbox=\"allow-scripts\" security=\"restricted\" style=\"position: absolute; clip: rect(1px, 1px, 1px, 1px);\" title=\"&#8220;PAGA CON DIFFICOLTA\u2019, MA CON COMMESSE DA 140 MILIARDI ALL\u2019ANNO, LA PA E\u2019 LA PRINCIPALE CLIENTE DELLE NOSTRE IMPRESE&#8221; &#8212; Radio Pi\u00f9\" src=\"https:\/\/www.radiopiu.net\/wordpress\/paga-con-difficolta-ma-con-commesse-da-140-miliardi-allanno-la-pa-e-la-principale-cliente-delle-nostre-imprese\/embed\/#?secret=XsflPZNQnB\" data-secret=\"XsflPZNQnB\" width=\"600\" height=\"338\" frameborder=\"0\" marginwidth=\"0\" marginheight=\"0\" scrolling=\"no\"><\/iframe><\/p>\n<p>&nbsp;<\/p>\n<hr \/>\n<p>&nbsp;<\/p>\n<h3 class=\"photoswipe-wrapper\"><a class=\"dt-pswp-item pspw-wrap-ready\" href=\"https:\/\/i2.wp.com\/www.radiopiu.net\/wordpress\/wp-content\/uploads\/2018\/09\/appuntamenti.jpeg?ssl=1\" data-dt-img-description=\"\" data-large_image_width=\"800\" data-large_image_height=\"100\"><img loading=\"lazy\" decoding=\"async\" class=\"alignnone wp-image-61958 size-full jetpack-lazy-image jetpack-lazy-image--handled\" src=\"https:\/\/i2.wp.com\/www.radiopiu.net\/wordpress\/wp-content\/uploads\/2018\/09\/appuntamenti.jpeg?resize=800%2C100&amp;ssl=1\" sizes=\"auto, (max-width: 800px) 100vw, 800px\" srcset=\"https:\/\/i2.wp.com\/www.radiopiu.net\/wordpress\/wp-content\/uploads\/2018\/09\/appuntamenti.jpeg?w=800&amp;ssl=1 800w, https:\/\/i2.wp.com\/www.radiopiu.net\/wordpress\/wp-content\/uploads\/2018\/09\/appuntamenti.jpeg?resize=300%2C38&amp;ssl=1 300w, https:\/\/i2.wp.com\/www.radiopiu.net\/wordpress\/wp-content\/uploads\/2018\/09\/appuntamenti.jpeg?resize=768%2C96&amp;ssl=1 768w\" alt=\"\" width=\"800\" height=\"100\" data-recalc-dims=\"1\" data-lazy-loaded=\"1\" \/><\/a><\/h3>\n<h3><\/h3>\n<p>&nbsp;<\/p>\n<hr \/>\n<p>&nbsp;<\/p>\n<blockquote>\n<h3>EL CANAL DE AGORT, SCAVARE NEL PASSATO<\/h3>\n<\/blockquote>\n<p><strong>AGORDO<\/strong> Storia e archeologia da San Gottardo a Pont del Cristo. La mostra \u00e8 allestita fino al 6 settembre al museo mineralogico e paleontologico di via 5 maggio sulla strada per l\u2019ex Istituto Minerario a cura dell\u2019Arca, il gruppo archeologico agordino. Visitabile nei giorni di venerdi, sabato e domenica dalle 10 alle 12.30 e dalle 16 alle 19 con ingresso libero. Da settembre visite su prenotazione. Un tuffo nel passato alla scoperta di antichi reperti storici \u00a0e nuove conoscenze relative alle frequentazioni del Canale in periodo protostorico, ovvero risalenti a 2500 \u2013 3000 anni fa.<\/p>\n<h3><\/h3>\n<p>&nbsp;<\/p>\n<hr \/>\n<blockquote>\n<h3><\/h3>\n<h3>ARTE \u201cDONA 1 SORRISO ON THE ROAD\u201d: 4 TAPPE PER UN LUGLIO DI SOLIDARIET\u00c0<\/h3>\n<\/blockquote>\n<p><strong class=\"photoswipe-wrapper\"><a class=\"dt-pswp-item pspw-wrap-ready\" href=\"https:\/\/i0.wp.com\/www.radiopiu.net\/wordpress\/wp-content\/uploads\/2020\/05\/LOGO-DONA-1-SORRISO.png?ssl=1\" data-dt-img-description=\"\" data-large_image_width=\"1002\" data-large_image_height=\"588\"><img loading=\"lazy\" decoding=\"async\" class=\"wp-image-138405 alignleft jetpack-lazy-image jetpack-lazy-image--handled\" src=\"https:\/\/i0.wp.com\/www.radiopiu.net\/wordpress\/wp-content\/uploads\/2020\/05\/LOGO-DONA-1-SORRISO.png?resize=189%2C111&amp;ssl=1\" sizes=\"auto, (max-width: 189px) 100vw, 189px\" srcset=\"https:\/\/i0.wp.com\/www.radiopiu.net\/wordpress\/wp-content\/uploads\/2020\/05\/LOGO-DONA-1-SORRISO.png?resize=300%2C176&amp;ssl=1 300w, https:\/\/i0.wp.com\/www.radiopiu.net\/wordpress\/wp-content\/uploads\/2020\/05\/LOGO-DONA-1-SORRISO.png?resize=768%2C451&amp;ssl=1 768w, https:\/\/i0.wp.com\/www.radiopiu.net\/wordpress\/wp-content\/uploads\/2020\/05\/LOGO-DONA-1-SORRISO.png?w=1002&amp;ssl=1 1002w\" alt=\"\" width=\"189\" height=\"111\" data-recalc-dims=\"1\" data-lazy-loaded=\"1\" \/><\/a>BELLUNO<\/strong> Tutti i sabati, dalle ore 8 alle 13, sar\u00e0 presente uno stand, in cui i volontari metteranno in vendita le magliette e i biglietti della lotteria. Il ricavato di quest\u2019anno sfocer\u00e0 in un aiuto concreto a tre bambini e alle loro famiglie: Tommaso (di 2 anni), Emily e Francesco (di 3). Ogni sabato (4, 11, 18 e 25 luglio) gli amici di \u201cDona 1 Sorriso\u201d saranno a Bolago (zona Bar) e in piazza dei Martiri, a Belluno.<\/p>\n<p>&nbsp;<\/p>\n<hr \/>\n<p>&nbsp;<\/p>\n<h2>LA NOVITA\u2019 A PIAN LONGHI IN NEVEGAL<\/h2>\n<h3 class=\"photoswipe-wrapper\"><a class=\"dt-pswp-item pspw-wrap-ready\" href=\"https:\/\/i0.wp.com\/www.radiopiu.net\/wordpress\/wp-content\/uploads\/2020\/07\/58dca1a9-4ede-4a8d-99fb-6357d98c7306.jpg?ssl=1\" data-dt-img-description=\"\" data-large_image_width=\"620\" data-large_image_height=\"877\"><img loading=\"lazy\" decoding=\"async\" class=\"wp-image-147749 size-full aligncenter jetpack-lazy-image jetpack-lazy-image--handled\" src=\"https:\/\/i0.wp.com\/www.radiopiu.net\/wordpress\/wp-content\/uploads\/2020\/07\/58dca1a9-4ede-4a8d-99fb-6357d98c7306.jpg?resize=620%2C877&amp;ssl=1\" sizes=\"auto, (max-width: 620px) 100vw, 620px\" srcset=\"https:\/\/i0.wp.com\/www.radiopiu.net\/wordpress\/wp-content\/uploads\/2020\/07\/58dca1a9-4ede-4a8d-99fb-6357d98c7306.jpg?w=620&amp;ssl=1 620w, https:\/\/i0.wp.com\/www.radiopiu.net\/wordpress\/wp-content\/uploads\/2020\/07\/58dca1a9-4ede-4a8d-99fb-6357d98c7306.jpg?resize=212%2C300&amp;ssl=1 212w\" alt=\"\" width=\"620\" height=\"877\" data-recalc-dims=\"1\" data-lazy-loaded=\"1\" \/><\/a><\/h3>\n<p>&nbsp;<\/p>\n<p>&nbsp;<\/p>\n<p>&nbsp;<\/p>\n<hr \/>\n<h3><\/h3>\n<blockquote>\n<h3>MUSEI DELLA MAGNIFICA COMUNIT\u00c0 DI CADORE APERTI TUTTA L\u2019ESTATE<\/h3>\n<\/blockquote>\n<p><strong>PIEVE DI CADORE<\/strong>\u00a0La Magnifica Comunit\u00e0 di Cadore\u00a0 fino al 30 agosto garantisce l\u2019apertura della Casa natale di Tiziano Vecellio e del Museo Archeologico Cadorino tutti i giorni dalle 9.30 alle 13.00 e dalle 15.00 alle 18.30.\u00a0\u00a0<em>\u201cCon grande soddisfazione e sacrificio \u2013 afferma il presidente della Magnifica Comunit\u00e0 di Cadore Renzo Bortolot \u2013 siamo riusciti anche quest\u2019anno a garantire una continuit\u00e0 nel servizio di apertura e fruizione dei nostri musei. Nella difficolt\u00e0 di gestire le normative per il contenimento del contagio del virus Covid-19, abbiamo trovato una collaborazione con la Cooperativa Sociale Cadore, che ci fornir\u00e0 il supporto necessario per garantire il servizio nella massima sicurezza\u201d.<\/em><\/p>\n<p>&nbsp;<\/p>\n<p>&nbsp;<\/p>\n<hr \/>\n<h3><\/h3>\n<p>&nbsp;<\/p>\n<blockquote>\n<h3>RIATTIVATO UN ALTRO SERVIZIO ALLA BIBLIOTECA<\/h3>\n<\/blockquote>\n<p><strong class=\"photoswipe-wrapper\"><a class=\"dt-pswp-item pspw-wrap-ready\" href=\"https:\/\/i2.wp.com\/www.radiopiu.net\/wordpress\/wp-content\/uploads\/2020\/03\/LIBRI-SCAFFALE.jpg?ssl=1\" data-dt-img-description=\"\" data-large_image_width=\"1052\" data-large_image_height=\"1052\"><img loading=\"lazy\" decoding=\"async\" class=\"wp-image-122391 alignleft jetpack-lazy-image jetpack-lazy-image--handled\" src=\"https:\/\/i2.wp.com\/www.radiopiu.net\/wordpress\/wp-content\/uploads\/2020\/03\/LIBRI-SCAFFALE.jpg?resize=122%2C122&amp;ssl=1\" sizes=\"auto, (max-width: 122px) 100vw, 122px\" srcset=\"https:\/\/i2.wp.com\/www.radiopiu.net\/wordpress\/wp-content\/uploads\/2020\/03\/LIBRI-SCAFFALE.jpg?resize=300%2C300&amp;ssl=1 300w, https:\/\/i2.wp.com\/www.radiopiu.net\/wordpress\/wp-content\/uploads\/2020\/03\/LIBRI-SCAFFALE.jpg?resize=1024%2C1024&amp;ssl=1 1024w, https:\/\/i2.wp.com\/www.radiopiu.net\/wordpress\/wp-content\/uploads\/2020\/03\/LIBRI-SCAFFALE.jpg?resize=150%2C150&amp;ssl=1 150w, https:\/\/i2.wp.com\/www.radiopiu.net\/wordpress\/wp-content\/uploads\/2020\/03\/LIBRI-SCAFFALE.jpg?resize=768%2C768&amp;ssl=1 768w, https:\/\/i2.wp.com\/www.radiopiu.net\/wordpress\/wp-content\/uploads\/2020\/03\/LIBRI-SCAFFALE.jpg?w=1052&amp;ssl=1 1052w\" alt=\"\" width=\"122\" height=\"122\" data-recalc-dims=\"1\" data-lazy-loaded=\"1\" \/><\/a>LIMANA\u00a0<\/strong>\u00a0Oltre ai servizi di prestito e restituzione dei materiali vari (libri e dvd) ora sar\u00e0 di nuovo possibile usufruire della saletta studio per lo studio individuale, ovviamente con tutte le precauzioni e le cautele imposte dall\u2019emergenza sanitaria. Saranno disponibili 3 postazioni per lo studio individuale. Per il momento rimane invariato l\u2019orario attuale di apertura della Biblioteca, ovvero: luned\u00ec, giovedi e venerdi 14.30\/16.30 \u2013 17.00\/18.30, mercoled\u00ec 8.30\/10.30-11.00\/12.30<\/p>\n<p>&nbsp;<\/p>\n<p>&nbsp;<\/p>\n<hr \/>\n<p>&nbsp;<\/p>\n<blockquote>\n<h3>APERTE LE VISITE DELLA CHIESA DI SAN SIMON A VALLADA E LA CASA DELLE REGOLE A CANALE<\/h3>\n<\/blockquote>\n<p><strong>CANALE D&#8217;AGORDO <\/strong>La Fondazione Papa Luciani ONLUS ha il piacere di comunicarVi l&#8217;apertura della Casa delle Regole e della Chiesa Monumentale di San Simon.\u00a0La Casa delle Regole a Canale d&#8217;Agordo in Piazzetta Tancon, sar\u00e0 aperta dal 06 luglio al 31 agosto 2020, tutti i giorni, dalle ore 10:30 al 12.30 e dalle 17:00 alle 19:00. Ingresso: contributo di \u20ac 1,00 a persona. Il biglietto \u00e8 acquistabile presso il Museo Albino Luciani o presso la Casa delle Regole durante gli orari di apertura\u00a0La Chiesa Monumentale di San Simon a Vallada Agordina, \u00e8 aperta dal 04 luglio al 31 agosto 2020, tutti i giorni dalle ore 9:30 alle 12:30 e dalle ore 15:30 alle 18:30.<\/p>\n<p>&nbsp;<\/p>\n<p>&nbsp;<\/p>\n<hr \/>\n<p>&nbsp;<\/p>\n<blockquote>\n<h3>APRE L\u2019UFFICIO PROLOCO DI CANALE D\u2019AGORDO<\/h3>\n<\/blockquote>\n<p><strong>CANALE D\u2019AGORDO<\/strong>\u00a0L\u201dufficio pro loco di Canale d\u2019Agordo per i mesi di luglio ed agosto 2020 sar\u00e0 aperto tutti i giorni dalle 9 alle 12.30 e dalle 15.30 alle 18.30. La Proloco dopo alcune valutazioni tecniche e logistiche\u00a0 ha deciso\u00a0 che il\u00a0 Concerto in Valle di Gares previsto per il 12 agosto 2020 e la Lucciolata 2020 sono annullati, se ne riparler\u00e0 tra un anno.<\/p>\n<p>&nbsp;<\/p>\n<hr \/>\n<p>&nbsp;<\/p>\n<blockquote class=\"wp-embedded-content\" data-secret=\"SKKLHjDnYS\"><p><a href=\"https:\/\/www.radiopiu.net\/wordpress\/giuseppe-vaccari-generale-vicentino-comandante-dei-liberatori-di-belluno-di-renato-bona\/\">GIUSEPPE VACCARI, GENERALE VICENTINO COMANDANTE DEI LIBERATORI DI BELLUNO di Renato Bona<\/a><\/p><\/blockquote>\n<p><iframe loading=\"lazy\" class=\"wp-embedded-content\" sandbox=\"allow-scripts\" security=\"restricted\" style=\"position: absolute; clip: rect(1px, 1px, 1px, 1px);\" title=\"&#8220;GIUSEPPE VACCARI, GENERALE VICENTINO COMANDANTE DEI LIBERATORI DI BELLUNO di Renato Bona&#8221; &#8212; Radio Pi\u00f9\" src=\"https:\/\/www.radiopiu.net\/wordpress\/giuseppe-vaccari-generale-vicentino-comandante-dei-liberatori-di-belluno-di-renato-bona\/embed\/#?secret=SKKLHjDnYS\" data-secret=\"SKKLHjDnYS\" width=\"600\" height=\"338\" frameborder=\"0\" marginwidth=\"0\" marginheight=\"0\" scrolling=\"no\"><\/iframe><\/p>\n<p>&nbsp;<\/p>\n<hr \/>\n<p>&nbsp;<\/p>\n<h2>IERI ALLA RADIO<\/h2>\n<h2><span style=\"color: #0000ff;\">LA RASSEGNA STAMPA DALL&#8217;AMICO DEL POPOLO di Gianni Santomaso<\/span><\/h2>\n<audio class=\"wp-audio-shortcode\" id=\"audio-147935-5\" preload=\"none\" style=\"width: 100%;\" controls=\"controls\"><source type=\"audio\/mpeg\" src=\"https:\/\/www.radiopiu.net\/wordpress\/wp-content\/uploads\/2020\/07\/RASSEGNA-GIANNI.mp3?_=5\" \/><a href=\"https:\/\/www.radiopiu.net\/wordpress\/wp-content\/uploads\/2020\/07\/RASSEGNA-GIANNI.mp3\">https:\/\/www.radiopiu.net\/wordpress\/wp-content\/uploads\/2020\/07\/RASSEGNA-GIANNI.mp3<\/a><\/audio>\n<p>&nbsp;<\/p>\n<h2><span style=\"color: #33cccc;\">IL MESSAGGIO DEI SACERDOTI A RADIO PIU&#8217;<\/span><\/h2>\n<blockquote class=\"wp-embedded-content\" data-secret=\"5nJWyKbR2D\"><p><a href=\"https:\/\/www.radiopiu.net\/wordpress\/chiesa11\/\">DON CESARE SU RADIO PIU&#8217; ALLE 7.30 E 19.30, PARROCCHIE DI AGORDO, LA VALLE E TAIBON<\/a><\/p><\/blockquote>\n<p><iframe loading=\"lazy\" class=\"wp-embedded-content\" sandbox=\"allow-scripts\" security=\"restricted\" style=\"position: absolute; clip: rect(1px, 1px, 1px, 1px);\" title=\"&#8220;DON CESARE SU RADIO PIU&#8217; ALLE 7.30 E 19.30, PARROCCHIE DI AGORDO, LA VALLE E TAIBON&#8221; &#8212; Radio Pi\u00f9\" src=\"https:\/\/www.radiopiu.net\/wordpress\/chiesa11\/embed\/#?secret=5nJWyKbR2D\" data-secret=\"5nJWyKbR2D\" width=\"600\" height=\"338\" frameborder=\"0\" marginwidth=\"0\" marginheight=\"0\" scrolling=\"no\"><\/iframe><\/p>\n<p>&nbsp;<\/p>\n<blockquote class=\"wp-embedded-content\" data-secret=\"06euhBCm10\"><p><a href=\"https:\/\/www.radiopiu.net\/wordpress\/il-saluto-di-vasco-rossi-a-radio-piu-raccolto-da-maurizio-laghi\/\">IL SALUTO DI VASCO ROSSI A RADIO PI\u00d9 RACCOLTO DA MAURIZIO LAGHI<\/a><\/p><\/blockquote>\n<p><iframe loading=\"lazy\" class=\"wp-embedded-content\" sandbox=\"allow-scripts\" security=\"restricted\" style=\"position: absolute; clip: rect(1px, 1px, 1px, 1px);\" title=\"&#8220;IL SALUTO DI VASCO ROSSI A RADIO PI\u00d9 RACCOLTO DA MAURIZIO LAGHI&#8221; &#8212; Radio Pi\u00f9\" src=\"https:\/\/www.radiopiu.net\/wordpress\/il-saluto-di-vasco-rossi-a-radio-piu-raccolto-da-maurizio-laghi\/embed\/#?secret=06euhBCm10\" data-secret=\"06euhBCm10\" width=\"600\" height=\"338\" frameborder=\"0\" marginwidth=\"0\" marginheight=\"0\" scrolling=\"no\"><\/iframe><\/p>\n<p>&nbsp;<\/p>\n<hr \/>\n<p>&nbsp;<\/p>\n<p><strong class=\"photoswipe-wrapper\"><a class=\"dt-pswp-item pspw-wrap-ready\" href=\"https:\/\/i0.wp.com\/www.radiopiu.net\/wordpress\/wp-content\/uploads\/2018\/09\/viabilita.jpeg?ssl=1\" data-dt-img-description=\"\" data-large_image_width=\"800\" data-large_image_height=\"100\"><img loading=\"lazy\" decoding=\"async\" class=\"aligncenter wp-image-61954 size-full jetpack-lazy-image jetpack-lazy-image--handled\" src=\"https:\/\/i0.wp.com\/www.radiopiu.net\/wordpress\/wp-content\/uploads\/2018\/09\/viabilita.jpeg?resize=800%2C100&amp;ssl=1\" sizes=\"auto, (max-width: 800px) 100vw, 800px\" srcset=\"https:\/\/i0.wp.com\/www.radiopiu.net\/wordpress\/wp-content\/uploads\/2018\/09\/viabilita.jpeg?w=800&amp;ssl=1 800w, https:\/\/i0.wp.com\/www.radiopiu.net\/wordpress\/wp-content\/uploads\/2018\/09\/viabilita.jpeg?resize=300%2C38&amp;ssl=1 300w, https:\/\/i0.wp.com\/www.radiopiu.net\/wordpress\/wp-content\/uploads\/2018\/09\/viabilita.jpeg?resize=768%2C96&amp;ssl=1 768w\" alt=\"\" width=\"800\" height=\"100\" data-lazy-loaded=\"1\" \/><\/a><\/strong><\/p>\n<p><strong>\u00a0<\/strong><\/p>\n<p>SP 251 FINO AL 31 LUGLIO TRA PESCUL E SELVA DI CADORE SENSO UNICO ALTERNATO REGOLATO DA SEMAFORO, ESCLUSI SABATO E DOMENICA PER POSA FIBRE OTTICHE<\/p>\n<p>PROVINCIALE 3 VALLE IMPERINA, LOCALITA\u2019 CORDE MOLE: DAL 6 LUGLIO DALLE 8 ALLE 11.45 E DALLE 13.30 ALLE 17.30 (SABATO E DOMENICA ESCLUSI) INTERRUZIONI ALLA VIABILITA\u2019 FINO A 30 MINUTI PER TAGLIO PIANTE TRA LE LOCALITA\u2019 CORDE MOLE E VALLESIN<\/p>\n<p>PROVINCIALE 641 DI PASSO FEDAIA, FINO AL 31 LUGLIO (FESTIVI E PREFESTIVI ECLUSI) SENSO UNICO IN LOCALIT\u00c0 ROCCA PIETORE PER SOSTITUZIONI BARRIERE LATERALI<\/p>\n<p>PROVINCIALE 25 PASSO VALLES FINO AL 18 LUGLIO (FESTIVI ESCLUSI) SENSO UNICO ALERNATO CON SEMAFORO O MOVIERI PER ESBOSCO<\/p>\n<p>FINO AL 24 LUGLIO SABATO E DOMENICA COMPRESI LUNGO LA 641 DI PASSO FEDAIA IN LOCALIT\u00e0 CAPANNA BILL E COL DI ROCCA, SENSO UNICO ALTERNATO CON SEMAFORO<\/p>\n<p>STRADA REGIONALE 203 AGORDINA TRA PERON E CANDATEN, FINO 31 LUGLIO ESCLUSI SABATI E DOMENICHE, DALLE 7:30 ALLE 9 E E DALLE 16:30 ALLE 18 SENSO UNICO ALTERNATO REGOLATO DA MOVIERI. NEGLI ALTRI ORARI SENSO UNICO ALTERNATO REGOLATO DA SEMAFORO PER INTERRAMENTO CAVIDOTTO E-DISTRIBUZIONE<\/p>\n<p>347 DURAN E CEREDA: FINO ALL\u201911 LUGLIO (FESTIVI ECLUSI) SENSO UNICO CON SEMAFORO IN LOCALIT\u00c0 SANT\u2019ANDREA (GOSALDO)<\/p>\n<p>PROVINCIALE 25 PASSO VALLES FINO AL 18 LUGLIO (FESTIVI ESCLUSI) SENSO UNICO ALERNATO CON SEMAFORO O MOVIERI PER ESBOSCO<\/p>\n<p>347 DURAN E CEREDA, NEI COMUNI DI CIBIANA E VALLE DI CADORE, FINO\u00a0 AL 10 LUGLIO POSSIBILI INTERRUZIONI DELLA DURATA MASSIMA DI 30 MINUTI E SENSO UNICO ALTERNATO REGOLATO DA MOVIERI PER ASFALTATURA PIANO VIABILE<\/p>\n<p>PROVINCIALE 20 DELLA VAL FIORENTINA, SELVA DI CADORE: FINO AL 10 LUGLIO, CHIUSURA TOTALE TRA SOLATOR E IL CENTRO DEL PAESE ANCHE NEI GIORNI FESTIVI E PREFESTIVI, DAL CHILOMETRO 4.850 AL CHILOMETRO 5.100. TRANSITO CONSENTITO AI LOCALI CON TEMPI DI ATTESA MASSIMI STIMATI IN 30 MINUTI IN LOCALITA\u2019 SOLATOR DAL CHILOMETRO 4.400 AL CHILOMETRO 4.850<\/p>\n<p>STRADA REGIONALE 48 DELLE DOLOMITI, A CORTINA IN LOCALITA\u2019 POCOL, SENSO UNICO ALTERNATO REGOLATO DA IMPIANTO SEMAFORICO \u00a0DAL 6 AL 24 LUGLIO, ESCLUSI SABATI E DOMENICHE, PER POSA CAVIDOTTO E-DISTRIBUZIONE<\/p>\n<p>STRADA PROVINCIALE 30 PANORAMICA DEL COMELICO, FINO\u00a0 AL 31 LUGLIO INTERDIZIONE TOTALE ALLA VIABILITA\u2019 TRA COSTA E COSTALISSOIO PER MESSA IN SICUREZZA STRADA<\/p>\n<p>STRADA PROVINCIALE 619 DI VIGO DI CADORE, FINO\u00a0 AL 7 AGOSTO, ESCLUSI SABATI E DOMENICHE, SENSO UNICO ALTERNATO REGOLATO DA IMPIANTO SEMAFORICO O MOVIERI PER MESSA IN SICUREZZA DELLA STRADA<\/p>\n<p>&nbsp;<\/p>\n<p>&nbsp;<\/p>\n<hr \/>\n<p>&nbsp;<\/p>\n<h2><em><strong>COMUNICAZIONE ISTITUZIONALE \u2013 APP IMMUNI<\/strong><\/em><\/h2>\n<p><iframe loading=\"lazy\" title=\"Immuni App 30\" width=\"1200\" height=\"675\" src=\"https:\/\/www.youtube.com\/embed\/-XG48J62814?feature=oembed\" frameborder=\"0\" allow=\"accelerometer; autoplay; clipboard-write; encrypted-media; gyroscope; picture-in-picture\" allowfullscreen><\/iframe><\/p>\n<p>&nbsp;<\/p>\n<hr \/>\n<p>&nbsp;<\/p>\n<p class=\"photoswipe-wrapper\"><a class=\"dt-pswp-item pspw-wrap-ready\" href=\"https:\/\/i0.wp.com\/www.radiopiu.net\/wordpress\/wp-content\/uploads\/2018\/09\/WhatsApp-Image-2018-09-20-at-16.04.06.jpeg?ssl=1\" data-dt-img-description=\"\" data-large_image_width=\"800\" data-large_image_height=\"100\"><img loading=\"lazy\" decoding=\"async\" class=\"aligncenter wp-image-61378 size-full jetpack-lazy-image jetpack-lazy-image--handled\" src=\"https:\/\/i0.wp.com\/www.radiopiu.net\/wordpress\/wp-content\/uploads\/2018\/09\/WhatsApp-Image-2018-09-20-at-16.04.06.jpeg?resize=800%2C100&amp;ssl=1\" sizes=\"auto, (max-width: 800px) 100vw, 800px\" srcset=\"https:\/\/i0.wp.com\/www.radiopiu.net\/wordpress\/wp-content\/uploads\/2018\/09\/WhatsApp-Image-2018-09-20-at-16.04.06.jpeg?w=800&amp;ssl=1 800w, https:\/\/i0.wp.com\/www.radiopiu.net\/wordpress\/wp-content\/uploads\/2018\/09\/WhatsApp-Image-2018-09-20-at-16.04.06.jpeg?resize=300%2C38&amp;ssl=1 300w, https:\/\/i0.wp.com\/www.radiopiu.net\/wordpress\/wp-content\/uploads\/2018\/09\/WhatsApp-Image-2018-09-20-at-16.04.06.jpeg?resize=768%2C96&amp;ssl=1 768w\" alt=\"\" width=\"800\" height=\"100\" data-lazy-loaded=\"1\" \/><\/a><\/p>\n<p>&nbsp;<\/p>\n<p><center><b>Lunedi 6<\/b><\/center><b>Tempo atteso:\u00a0<\/b>Mattinata ben soleggiata con cielo sereno e primi cumuli a ridosso delle vette. Al primo pomeriggio passaggio di sottili nubi alte, poi graduale riduzione del soleggiamento per crescente attivit\u00e0 cumuliforme, anche intensa nel tardo pomeriggio\/sera, quando il tempo diventer\u00e0 instabile a partire dalle Dolomiti. Clima diurno assai caldo.<br \/>\n<b>Precipitazioni:\u00a0<\/b>Assenti fino a met\u00e0 pomeriggio. Poi non escluso qualche isolato temporale sulle Dolomiti (20\/30%), specie sui confini con l&#8217;Alto Adige. Nel tardo pomeriggio e soprattutto in serata probabilit\u00e0 molto alta (90\/100%) per rovesci e temporali, dapprima sulle Dolomiti, in rapida estensione alle Prealpi. La forte convezione diurna e l&#8217;ingresso d&#8217;aria fredda in quota daranno luogo a fenomeni localmente intensi (violenti rovesci e grandinate). Gli apporti saranno molto variabili, mediamente 10\/20 mm, localmente fino a 30\/40 mm.<br \/>\n<b>Temperature:\u00a0<\/b>In quota e nelle valli minime in calo ed osservate alla sera in corrispondenza dell&#8217;instabile; massime pressoch\u00e9 stazionarie in quota ed in lieve aumento nelle valli. Sono previste punte di 31\/32\u00b0C nei fondovalle prealpini e 25\/27\u00b0C a 1000\/1200 m. Su Prealpi a 1500 m min 12\u00b0C max 21\u00b0C, a 2000 m min 9\u00b0C max 17\u00b0C. Su Dolomiti a 2000 m min 8\u00b0C max 18\u00b0C, a 3000 m min 3\u00b0C max 8\u00b0C.<br \/>\n<b>Venti:\u00a0<\/b>Nelle valli deboli, localmente moderati, per brezze, alla sera improvvise forti raffiche associate ai temporali; in quota deboli\/moderati da nord-ovest, poi temporaneamente da sud-ovest, prima di disporsi da nord rafforzandosi nettamente in serata, a 5-10 km\/h a 2000 m e 15-60 km\/h a 3000 m.<\/p>\n<hr \/>\n<p><center><b>Martedi 7<\/b><\/center><b>Tempo atteso:\u00a0<\/b>Rasserenamenti nottetempo, dapprima sulle Dolomiti, poi sulle Prealpi. In giornata sole, cielo sereno, aria tersa ed ottima visibilit\u00e0. Clima fresco al primo mattino e meno caldo in giornata.<br \/>\n<b>Precipitazioni:\u00a0<\/b>Nottetempo residui fenomeni sulle Prealpi (10\/20%) in rapido allontanamento verso sud. In giornata assenti ovunque (0%).<br \/>\n<b>Temperature:\u00a0<\/b>In generale calo. Sono previste punte di 26\/27\u00b0C nei fondovalle prealpini e di 20\/22\u00b0C a 1000\/1200 m. Su Prealpi a 1500 m min 9\u00b0C max 16\u00b0C, a 2000 m min 5\u00b0C max 13\u00b0C. Su Dolomiti a 2000 m min 4\u00b0C max 12\u00b0C, a 3000 m min 2\u00b0C max 6\u00b0C.<br \/>\n<b>Venti:\u00a0<\/b>Nelle valli deboli, localmente e a tratti moderati, per brezze; in quota tesi\/forti da nord-ovest tra la notte e il primo mattino, deboli\/moderati al pomeriggio, a 5-25 km\/h a 2000 m e 20-80 km\/h a 3000 m.<\/p>\n<hr \/>\n<p><center><b>Mercoledi 8<\/b><\/center>Tempo ben soleggiato con cielo sereno, aria tersa ed ottima visibilit\u00e0 al mattino. Cielo sereno o poco nuvoloso per modesta attivit\u00e0 cumuliforme durante le ore pi\u00f9 calde e per temporaneo passaggio di sottili nubi alte. Temperature in ripresa, salvo calo delle minime nelle valli. Venti a regime di brezza nelle valli e deboli\/moderati da nord-ovest in quota.<\/p>\n<hr \/>\n<p><center><b>Giovedi 9<\/b><\/center>Tempo in prevalenza soleggiato al mattino, poi attivit\u00e0 cumuliforme pomeridiana, modesta sulle Prealpi e localmente moderata sulle Dolomiti. L&#8217;insidia per temporale di calore rimarr\u00e0 bassa, ma non del tutto esclusa, specie a ridosso del Trentino e dell&#8217;Alto Adige. Temperature massime in aumento. Venti a regime di brezza nelle valli e deboli\/moderati dai quadranti occidentali in quota. Previsore: R.L.Th.<\/p>\n<p>&nbsp;<\/p>\n<p>&nbsp;<\/p>\n<hr \/>\n<p>&nbsp;<\/p>\n<p><iframe loading=\"lazy\" title=\"Pomilio Blumm   Indagine Sierologica Covid 19 v 3\" width=\"1200\" height=\"675\" src=\"https:\/\/www.youtube.com\/embed\/bLDh8Pd3FxA?feature=oembed\" frameborder=\"0\" allow=\"accelerometer; autoplay; clipboard-write; encrypted-media; gyroscope; picture-in-picture\" allowfullscreen><\/iframe><\/p>\n<p>&nbsp;<\/p>\n<hr \/>\n<p>&nbsp;<\/p>\n<p><a class=\"dt-pswp-item\" href=\"https:\/\/www.radiopiu.net\/wordpress\/wp-content\/uploads\/2018\/09\/sport.jpg\" data-dt-img-description=\"\" data-large_image_width=\"800\" data-large_image_height=\"100\"><img loading=\"lazy\" decoding=\"async\" class=\"aligncenter wp-image-60761 size-full\" src=\"https:\/\/www.radiopiu.net\/wordpress\/wp-content\/uploads\/2018\/09\/sport.jpg\" alt=\"\" width=\"800\" height=\"100\" srcset=\"https:\/\/www.radiopiu.net\/wordpress\/wp-content\/uploads\/2018\/09\/sport.jpg 800w, https:\/\/www.radiopiu.net\/wordpress\/wp-content\/uploads\/2018\/09\/sport-300x38.jpg 300w, https:\/\/www.radiopiu.net\/wordpress\/wp-content\/uploads\/2018\/09\/sport-768x96.jpg 768w\" sizes=\"auto, (max-width: 800px) 100vw, 800px\" \/><\/a><\/p>\n<p>&nbsp;<\/p>\n<blockquote>\n<h3>DEBUTTO STAGIONALE A PODIO PER IL NAVIGATORE PATRICK BERNARDI<\/h3>\n<\/blockquote>\n<p><a class=\"dt-pswp-item\" href=\"https:\/\/www.radiopiu.net\/wordpress\/wp-content\/uploads\/2020\/07\/PATRICK-BERNARDI.jpg\" data-dt-img-description=\"\" data-large_image_width=\"637\" data-large_image_height=\"637\"><img loading=\"lazy\" decoding=\"async\" class=\"size-medium wp-image-147945 alignleft\" src=\"https:\/\/www.radiopiu.net\/wordpress\/wp-content\/uploads\/2020\/07\/PATRICK-BERNARDI-300x300.jpg\" alt=\"\" width=\"300\" height=\"300\" srcset=\"https:\/\/www.radiopiu.net\/wordpress\/wp-content\/uploads\/2020\/07\/PATRICK-BERNARDI-300x300.jpg 300w, https:\/\/www.radiopiu.net\/wordpress\/wp-content\/uploads\/2020\/07\/PATRICK-BERNARDI-150x150.jpg 150w, https:\/\/www.radiopiu.net\/wordpress\/wp-content\/uploads\/2020\/07\/PATRICK-BERNARDI.jpg 637w\" sizes=\"auto, (max-width: 300px) 100vw, 300px\" \/><\/a>di Roberto Bona<\/p>\n<audio class=\"wp-audio-shortcode\" id=\"audio-147935-6\" preload=\"none\" style=\"width: 100%;\" controls=\"controls\"><source type=\"audio\/mpeg\" src=\"https:\/\/www.radiopiu.net\/wordpress\/wp-content\/uploads\/2020\/07\/ROBERTO-BONA-RALLY-BERNARDI.mp3?_=6\" \/><a href=\"https:\/\/www.radiopiu.net\/wordpress\/wp-content\/uploads\/2020\/07\/ROBERTO-BONA-RALLY-BERNARDI.mp3\">https:\/\/www.radiopiu.net\/wordpress\/wp-content\/uploads\/2020\/07\/ROBERTO-BONA-RALLY-BERNARDI.mp3<\/a><\/audio>\n<p>&nbsp;<\/p>\n","protected":false},"excerpt":{"rendered":"<p>PER RICEVERE QUESTO NOTIZIARIO DIRETTAMENTE SUL TUO CELLULARE ISCRIVITI AL CANALE TELEGRAM\u00a0\u201cRADIO PIU\u00a0 INFORMAZIONE &nbsp; &nbsp; PROVINCIALE 3 VALLE IMPERINA, LOCALITA\u2019 CORDE MOLE:\u00a0 DALLE 8 ALLE 11.45 E DALLE 13.30 ALLE 17.30 (SABATO E DOMENICA ESCLUSI) INTERRUZIONI ALLA VIABILITA\u2019 FINO A 30 MINUTI PER TAGLIO PIANTE TRA LE LOCALITA\u2019 CORDE MOLE E VALLESIN 347 DURAN&hellip;<\/p>\n","protected":false},"author":4,"featured_media":148000,"comment_status":"closed","ping_status":"closed","sticky":false,"template":"","format":"standard","meta":{"_monsterinsights_skip_tracking":false,"_monsterinsights_sitenote_active":false,"_monsterinsights_sitenote_note":"","_monsterinsights_sitenote_category":0,"footnotes":""},"categories":[1,86,49],"tags":[],"class_list":["post-147935","post","type-post","status-publish","format-standard","has-post-thumbnail","hentry","category-senza-categoria","category-gr","category-news-18","category-1","category-86","category-49","description-off"],"img_url":"https:\/\/www.radiopiu.net\/wordpress\/wp-content\/uploads\/2020\/07\/9a370992-44b3-4f3f-a631-daf8e1064ded.jpg","_links":{"self":[{"href":"https:\/\/www.radiopiu.net\/wordpress\/wp-json\/wp\/v2\/posts\/147935","targetHints":{"allow":["GET"]}}],"collection":[{"href":"https:\/\/www.radiopiu.net\/wordpress\/wp-json\/wp\/v2\/posts"}],"about":[{"href":"https:\/\/www.radiopiu.net\/wordpress\/wp-json\/wp\/v2\/types\/post"}],"author":[{"embeddable":true,"href":"https:\/\/www.radiopiu.net\/wordpress\/wp-json\/wp\/v2\/users\/4"}],"replies":[{"embeddable":true,"href":"https:\/\/www.radiopiu.net\/wordpress\/wp-json\/wp\/v2\/comments?post=147935"}],"version-history":[{"count":0,"href":"https:\/\/www.radiopiu.net\/wordpress\/wp-json\/wp\/v2\/posts\/147935\/revisions"}],"wp:featuredmedia":[{"embeddable":true,"href":"https:\/\/www.radiopiu.net\/wordpress\/wp-json\/wp\/v2\/media\/148000"}],"wp:attachment":[{"href":"https:\/\/www.radiopiu.net\/wordpress\/wp-json\/wp\/v2\/media?parent=147935"}],"wp:term":[{"taxonomy":"category","embeddable":true,"href":"https:\/\/www.radiopiu.net\/wordpress\/wp-json\/wp\/v2\/categories?post=147935"},{"taxonomy":"post_tag","embeddable":true,"href":"https:\/\/www.radiopiu.net\/wordpress\/wp-json\/wp\/v2\/tags?post=147935"}],"curies":[{"name":"wp","href":"https:\/\/api.w.org\/{rel}","templated":true}]}}