{"id":147967,"date":"2020-07-06T05:54:16","date_gmt":"2020-07-06T03:54:16","guid":{"rendered":"https:\/\/www.radiopiu.net\/wordpress\/?p=147967"},"modified":"2020-07-06T05:55:23","modified_gmt":"2020-07-06T03:55:23","slug":"si-tuffa-nel-lago-di-santa-croce-ma-non-riemerge","status":"publish","type":"post","link":"https:\/\/www.radiopiu.net\/wordpress\/si-tuffa-nel-lago-di-santa-croce-ma-non-riemerge\/","title":{"rendered":"SI TUFFA NEL LAGO DI SANTA CROCE MA NON RIEMERGE"},"content":{"rendered":"<p><strong><a class=\"dt-pswp-item\" href=\"https:\/\/www.radiopiu.net\/wordpress\/wp-content\/uploads\/2018\/06\/LagoSantaCroce.jpg\" data-dt-img-description=\"\" data-large_image_width=\"500\" data-large_image_height=\"276\"><img loading=\"lazy\" decoding=\"async\" class=\"size-medium wp-image-50180 alignleft\" src=\"https:\/\/www.radiopiu.net\/wordpress\/wp-content\/uploads\/2018\/06\/LagoSantaCroce-300x166.jpg\" alt=\"\" width=\"300\" height=\"166\" srcset=\"https:\/\/www.radiopiu.net\/wordpress\/wp-content\/uploads\/2018\/06\/LagoSantaCroce-300x166.jpg 300w, https:\/\/www.radiopiu.net\/wordpress\/wp-content\/uploads\/2018\/06\/LagoSantaCroce.jpg 500w\" sizes=\"auto, (max-width: 300px) 100vw, 300px\" \/><\/a>ALPAGO <\/strong>Tragedia al Lago di Santa Croce dove ieri pomeriggio un cittadino afgano, in Italia da molto tempo, Rahmatuallah, domiciliato presso casa accoglienza della cooperativa Integra di 26 anni si \u00e8 tuffato per fare un bagno e non \u00e8 pi\u00f9 riemerso. Erano le 15.30 quando \u00e8 scattato l&#8217;allarme. Il ragazzo \u00e8 stato recuperato a 70 metri dalla riva dai sommozzatori dei Vigili del Fuoco arrivati in elicottero da Bologna. Sul posto anche i Carabinieri dal Comando di Belluno che hanno ricostruito l&#8217;incidente anche sulla scorsa di quanto raccontato\u00a0 dai tre amici che hanno visto\u00a0 scomparire il ragazzo tra le acque del lago. Il ritrovamento alle 19.30. .Salito con gli altri tre\u00a0 sul pedal\u00f2 per fare un giro sul lago \u00e8 finito in acqua,\u00a0 l&#8217;amico Ahmad\u00a0 si \u00e8 buttato per\u00a0 cercare di salvarlo, quando l&#8217;ha visto in difficolt\u00e0 in mezzo alle onde del lago. C&#8217;era vento ieri pomeriggio, vento che creava onda. Il ragazzo era vestito e non sapeva nuotare. I bagnini sono accorsi sul luogo dell&#8217;incidente ma erano troppo lontani e quando sono arrivati il ragazzo era gi\u00e0 sott&#8217;acqua.<\/p>\n<blockquote><p><em><a class=\"dt-pswp-item\" href=\"https:\/\/www.radiopiu.net\/wordpress\/wp-content\/uploads\/2020\/07\/f8440f9a-d80b-4c25-969c-baf8e1b192d3.jpg\" data-dt-img-description=\"\" data-large_image_width=\"1280\" data-large_image_height=\"720\"><img loading=\"lazy\" decoding=\"async\" class=\"alignnone size-medium wp-image-147999\" src=\"https:\/\/www.radiopiu.net\/wordpress\/wp-content\/uploads\/2020\/07\/f8440f9a-d80b-4c25-969c-baf8e1b192d3-300x169.jpg\" alt=\"\" width=\"300\" height=\"169\" srcset=\"https:\/\/www.radiopiu.net\/wordpress\/wp-content\/uploads\/2020\/07\/f8440f9a-d80b-4c25-969c-baf8e1b192d3-300x169.jpg 300w, https:\/\/www.radiopiu.net\/wordpress\/wp-content\/uploads\/2020\/07\/f8440f9a-d80b-4c25-969c-baf8e1b192d3-1024x576.jpg 1024w, https:\/\/www.radiopiu.net\/wordpress\/wp-content\/uploads\/2020\/07\/f8440f9a-d80b-4c25-969c-baf8e1b192d3-768x432.jpg 768w, https:\/\/www.radiopiu.net\/wordpress\/wp-content\/uploads\/2020\/07\/f8440f9a-d80b-4c25-969c-baf8e1b192d3.jpg 1280w\" sizes=\"auto, (max-width: 300px) 100vw, 300px\" \/><\/a><a class=\"dt-pswp-item\" href=\"https:\/\/www.radiopiu.net\/wordpress\/wp-content\/uploads\/2020\/07\/9a370992-44b3-4f3f-a631-daf8e1064ded.jpg\" data-dt-img-description=\"\" data-large_image_width=\"1280\" data-large_image_height=\"720\"><img loading=\"lazy\" decoding=\"async\" class=\"alignnone size-medium wp-image-148000\" src=\"https:\/\/www.radiopiu.net\/wordpress\/wp-content\/uploads\/2020\/07\/9a370992-44b3-4f3f-a631-daf8e1064ded-300x169.jpg\" alt=\"\" width=\"300\" height=\"169\" srcset=\"https:\/\/www.radiopiu.net\/wordpress\/wp-content\/uploads\/2020\/07\/9a370992-44b3-4f3f-a631-daf8e1064ded-300x169.jpg 300w, https:\/\/www.radiopiu.net\/wordpress\/wp-content\/uploads\/2020\/07\/9a370992-44b3-4f3f-a631-daf8e1064ded-1024x576.jpg 1024w, https:\/\/www.radiopiu.net\/wordpress\/wp-content\/uploads\/2020\/07\/9a370992-44b3-4f3f-a631-daf8e1064ded-768x432.jpg 768w, https:\/\/www.radiopiu.net\/wordpress\/wp-content\/uploads\/2020\/07\/9a370992-44b3-4f3f-a631-daf8e1064ded.jpg 1280w\" sizes=\"auto, (max-width: 300px) 100vw, 300px\" \/><\/a><\/em><\/p>\n<p>&nbsp;<\/p>\n<p><em>Tanti ieri hanno scelto il lago per qualche ora di refrigerio, cos\u00ec come ad Arsi\u00e8 (lago del Corlo) in in Valle del Mis, luoghi dove i tuffi sono vietati e dove ieri sono scattate le sanzioni. Una donna di Domegge \u00e8a caduta nel fiume Piave a Sappada, ha perso l&#8217;equilibrio cadendo da un paio di metri di altezza dopo aver messo un piede in fallo.<\/em><\/p><\/blockquote>\n","protected":false},"excerpt":{"rendered":"<p>ALPAGO Tragedia al Lago di Santa Croce dove ieri pomeriggio un cittadino afgano, in Italia da molto tempo, Rahmatuallah, domiciliato presso casa accoglienza della cooperativa Integra di 26 anni si \u00e8 tuffato per fare un bagno e non \u00e8 pi\u00f9 riemerso. Erano le 15.30 quando \u00e8 scattato l&#8217;allarme. Il ragazzo \u00e8 stato recuperato a 70&hellip;<\/p>\n","protected":false},"author":4,"featured_media":50180,"comment_status":"closed","ping_status":"closed","sticky":false,"template":"","format":"standard","meta":{"_monsterinsights_skip_tracking":false,"_monsterinsights_sitenote_active":false,"_monsterinsights_sitenote_note":"","_monsterinsights_sitenote_category":0,"footnotes":""},"categories":[51,49],"tags":[],"class_list":["post-147967","post","type-post","status-publish","format-standard","has-post-thumbnail","hentry","category-evidenza-top","category-news-18","category-51","category-49","description-off"],"img_url":"https:\/\/www.radiopiu.net\/wordpress\/wp-content\/uploads\/2018\/06\/LagoSantaCroce.jpg","_links":{"self":[{"href":"https:\/\/www.radiopiu.net\/wordpress\/wp-json\/wp\/v2\/posts\/147967","targetHints":{"allow":["GET"]}}],"collection":[{"href":"https:\/\/www.radiopiu.net\/wordpress\/wp-json\/wp\/v2\/posts"}],"about":[{"href":"https:\/\/www.radiopiu.net\/wordpress\/wp-json\/wp\/v2\/types\/post"}],"author":[{"embeddable":true,"href":"https:\/\/www.radiopiu.net\/wordpress\/wp-json\/wp\/v2\/users\/4"}],"replies":[{"embeddable":true,"href":"https:\/\/www.radiopiu.net\/wordpress\/wp-json\/wp\/v2\/comments?post=147967"}],"version-history":[{"count":0,"href":"https:\/\/www.radiopiu.net\/wordpress\/wp-json\/wp\/v2\/posts\/147967\/revisions"}],"wp:featuredmedia":[{"embeddable":true,"href":"https:\/\/www.radiopiu.net\/wordpress\/wp-json\/wp\/v2\/media\/50180"}],"wp:attachment":[{"href":"https:\/\/www.radiopiu.net\/wordpress\/wp-json\/wp\/v2\/media?parent=147967"}],"wp:term":[{"taxonomy":"category","embeddable":true,"href":"https:\/\/www.radiopiu.net\/wordpress\/wp-json\/wp\/v2\/categories?post=147967"},{"taxonomy":"post_tag","embeddable":true,"href":"https:\/\/www.radiopiu.net\/wordpress\/wp-json\/wp\/v2\/tags?post=147967"}],"curies":[{"name":"wp","href":"https:\/\/api.w.org\/{rel}","templated":true}]}}