{"id":147978,"date":"2020-07-05T23:58:45","date_gmt":"2020-07-05T21:58:45","guid":{"rendered":"https:\/\/www.radiopiu.net\/wordpress\/?p=147978"},"modified":"2020-07-05T19:59:48","modified_gmt":"2020-07-05T17:59:48","slug":"giuseppe-vaccari-generale-vicentino-comandante-dei-liberatori-di-belluno-di-renato-bona","status":"publish","type":"post","link":"https:\/\/www.radiopiu.net\/wordpress\/giuseppe-vaccari-generale-vicentino-comandante-dei-liberatori-di-belluno-di-renato-bona\/","title":{"rendered":"GIUSEPPE VACCARI, GENERALE VICENTINO COMANDANTE DEI LIBERATORI DI BELLUNO di Renato Bona"},"content":{"rendered":"<p><strong><a class=\"dt-pswp-item\" href=\"https:\/\/www.radiopiu.net\/wordpress\/wp-content\/uploads\/2019\/08\/553085_385905871470280_1626001170_n-1.jpg\" data-dt-img-description=\"\" data-large_image_width=\"855\" data-large_image_height=\"569\"><img loading=\"lazy\" decoding=\"async\" class=\" wp-image-94594 alignleft\" src=\"https:\/\/www.radiopiu.net\/wordpress\/wp-content\/uploads\/2019\/08\/553085_385905871470280_1626001170_n-1-300x200.jpg\" alt=\"\" width=\"186\" height=\"124\" srcset=\"https:\/\/www.radiopiu.net\/wordpress\/wp-content\/uploads\/2019\/08\/553085_385905871470280_1626001170_n-1-300x200.jpg 300w, https:\/\/www.radiopiu.net\/wordpress\/wp-content\/uploads\/2019\/08\/553085_385905871470280_1626001170_n-1-768x511.jpg 768w, https:\/\/www.radiopiu.net\/wordpress\/wp-content\/uploads\/2019\/08\/553085_385905871470280_1626001170_n-1.jpg 855w\" sizes=\"auto, (max-width: 186px) 100vw, 186px\" \/><\/a>di\u00a0Renato\u00a0Bona\u00a0<\/strong><\/p>\n<p>\u201cDa via F. Pellegrini divergendo da via L. Doglioni, termina a gradini sulla passerella del ponte della ferrovia\u201d. Cos\u00ec, su \u201cToponomastica di Belluno\u201d, pubblicazione edita nel 1990 dal Comune, si identifica la via Giuseppe Vaccari. Un bellunese illustre? Non esattamente; meglio, secondo noi, considerarlo un bellunese di adozione visto che Vaccari \u2013 doverosamente onorato da Belluno con l\u2019intitolazione della via \u2013 fu il comandante delle truppe che il 1. novembre 1918 liberarono la citt\u00e0 in conclusione della Grande Guerra. Va detto che il 1. febbraio 1918 l\u2019imperatore d\u2019Austria Carlo I arriv\u00f2 a Belluno per galvanizzare le proprie truppe ma trov\u00f2 la citt\u00e0 semideserta e sotto coprifuoco. Dopo la vittoria italiana del 23 maggio nella battaglia del Piave, gli invasori fuggirono dalla citt\u00e0 nella notte del 30 ottobre, a circa un anno dal loro insediamento. Il giorno successivo, il generale Giuseppe Vaccari liber\u00f2 Belluno. Nella stessa pubblicazione, stampata dalla trevigiana Grafiche Antiga di Cornuda, si pu\u00f2 leggere ancora: \u201cNativo di Montebello Vicentino, ufficiale , capo di stato maggiore quindi comandante di corpo d\u2019armata. Medaglia d\u2019oro e di argento al valor militare, senatore del Regno\u201d. Vediamo allora con l\u2019aiuto della libera enciclopedia Wikipedia di saperne di pi\u00f9 su questo eroico militare vicentino che nacque il 2 febbraio 1866 appunto a Montebello Vicentino (e mor\u00ec a Milano il 6 settembre 1937): \u201cPrese parte alla guerra italo-turca. Nel corso della prima guerra mondiale fu comandante della brigata Barletta, poi capo di stato maggiore della 3. Armata, quindi comandante del XXII corpo d\u2019armata. Gi\u00e0 decorato con svariate onorificenze, riceve la medaglia d\u2019oro per le sue eroiche gesta durante la battaglia di Vittorio Veneto. Dopo la guerra tenne il comando dell\u2019XI e del XXVII corpo d\u2019armata; fu sottocapo di stato maggiore dell\u2019esercito (1920). Nel 1921 divenne capo di stato maggiore del regio esercito, prendendo il posto di Pietro Badoglio; rimase in carica fino al 1923 (nel frattempo l\u2019organismo era stato ribattezzato Stato maggiore centrale) quando venne succeduto da Giuseppe Francesco Ferrari; comand\u00f2 infine i corpi d\u2019armata territoriali di Trieste e di Roma. Nominato senatore del regno nel 1928, gli venne conferito dal Re il titolo di conte nel 1936. Ed ecco il lungo elenco di onorificenze che gli sono state attribuite: insegne dell\u2019ordine reale della Corona di Prussia (7 luglio 1901); cavaliere dell\u2019ordine della Corona d\u2019Italia (17 gennaio 1904); commendatore dell\u2019ordine della Corona d\u2019Italia (31 dicembre 1915); grande ufficiale dell\u2019ordine della Corona d\u2019Italia (11 novembre 1919); gran cordone dell\u2019Ordine della Corona d\u2019Italia (17 aprile 1930); cavaliere dell\u2019ordine dei santi Maurizio e Lazzaro (29 dicembre 1910); ufficiale e poi commendatore e infine grande ufficiale dello stesso Ordine rispettivamente il 2 gennaio 1919, il 30 dicembre dello stesso anno, il 6 maggio 1923; Gran cordone dell\u2019ordine dei santi Maurizio e Lazzaro (26 maggio 1932); cavaliere dell\u2019ordine militare di Savoia (31 agosto 1916); ufficiale, poi commendatore e grande ufficiale dello stesso ordine (24 febbraio 1918, 19 settembre 1918, 17 maggio 1919); commendatore dell\u2019ordine coloniale della Stella d\u2019Italia (23 agosto 1916); grande ufficiale dell\u2019ordine coloniale della Stella d\u2019Italia (31 maggio 1923); croce d\u2019oro per anzianit\u00e0 di servizio. A queste vanno aggiunte le decorazioni: medaglia d\u2019oro al valor militare con questa motivazione: \u201cDi fronte ad una gravissima minacciosa situazione verificatasi nel settore del Corpo d\u2019Armata ai suoi ordini, lasciato il posto di comando, si portava risolutamente tra le oscillanti ondate delle fanterie ed infiammandole con la vibrata parola ed il fulgido esempio del pi\u00f9 sereno sprezzo del pericolo, le lanciava ad impetuoso attacco contro il nemico, gi\u00e0 imbaldanzito, risolvendo col suo personale intervento ed a favore delle nostre armi le sorti dell\u2019aspra giornata. In una precedente circostanza, comandante di una brigata, dopo aver condotto due volte brillantemente le proprie truppe alla conquista dell\u2019obiettivo assegnatogli, in un momento critico del ripiegamento interveniva prontamente ed energicamente coi mezzi a disposizione, fermando e riconducendo al combattimento militari dispersi e fuggiaschi al grido: \u2018Viva l\u2019Italia!\u2019. Montello, 19 giugno 1918-Castagnevizza 23-24 maggio 1917\u201d. Altre decorazioni per Giuseppe Vaccari: due medaglie d\u2019argento al valor militari, medaglia commemorativa della guerra italo-turca; croce al merito di guerra; distintivo d\u2019onore; medaglia commemorativa della guerra 1915-18; medaglia interalleata della Vittoria; medaglia ricordo dell\u2019Unit\u00e0 d\u2019Italia; medaglia mauriziana al merito militare di dieci lustri. Per quanto concerne la nomina parlamentare la stessa Wikipedia rammenta che il suo mandato iniziato il 22 dicembre 1928 si concluse il 6 settembre 1937; fu membro della commissione per il giudizio dell\u2019Alta Corte di giustizia dal 2 luglio 1932 al 19 gennaio 1934 e dal 1. maggio 1934 al 6 settembre 1937. Concludiamo questa rivisitazione della figura di Vaccari ricordando che in occasione del centenario della liberazione di Belluno, il 16 ottobre di due anni fa il Gruppo bellunese alpini in congedo \u201cgen. Pietro Zaglio\u201d di Salce, a cura di Mi.Sacch aveva postato sul proprio sito l\u2019annuncio di: \u201cUna camminata sulle tracce dei soldati italiani per primi entrati in citt\u00e0\u201d. Serie di iniziative articolate in due giorni proposte dal Comune con collaborazioni di enti, amministrazioni ed associazioni, che hanno interessato le localit\u00e0: Revine, Pian de le Femene, Valmorel, Valpiana, Ceresera, Castoi, Castion, Belluno-Ponte della vittoria con cerimonia in onore dei caduti, a cura dell\u2019Ana Belluno. NELLE FOTO (Wikipedia, Circolo del 72, sito gruppoalpinisalce.it, Renato Bona): due immagini di Vaccari; soldati austroungarici a Porta Rugo di Belluno; soldati italiani di Vaccari che hanno liberato la citt\u00e0; il ponte sul Piave; veduta di Borgo Piave.<\/p>\n\n\t\t\t<style type='text\/css'>\n\t\t\t\t#gallery-1 {\n\t\t\t\t\tmargin: auto;\n\t\t\t\t}\n\t\t\t\t#gallery-1 .gallery-item {\n\t\t\t\t\tfloat: left;\n\t\t\t\t\tmargin-top: 10px;\n\t\t\t\t\ttext-align: center;\n\t\t\t\t\twidth: 25%;\n\t\t\t\t}\n\t\t\t\t#gallery-1 img {\n\t\t\t\t\tborder: 2px solid #cfcfcf;\n\t\t\t\t}\n\t\t\t\t#gallery-1 .gallery-caption {\n\t\t\t\t\tmargin-left: 0;\n\t\t\t\t}\n\t\t\t\t\/* see gallery_shortcode() in wp-includes\/media.php *\/\n\t\t\t<\/style>\n\t\t<div id='gallery-1' class='dt-gallery-container gallery galleryid-147978 gallery-columns-4 gallery-size-thumbnail'><dl class='gallery-item'>\n\t\t\t\t<dt class='gallery-icon portrait'>\n\t\t\t\t\t<a class=\"rollover\" href='https:\/\/www.radiopiu.net\/wordpress\/giuseppe-vaccari-generale-vicentino-comandante-dei-liberatori-di-belluno-di-renato-bona\/106911612_283106689463732_2964532817259880916_n\/'><img loading=\"lazy\" decoding=\"async\" width=\"150\" height=\"150\" src=\"https:\/\/www.radiopiu.net\/wordpress\/wp-content\/uploads\/2020\/07\/106911612_283106689463732_2964532817259880916_n-150x150.jpg\" class=\"attachment-thumbnail size-thumbnail\" alt=\"\" \/><\/a>\n\t\t\t\t<\/dt><\/dl><dl class='gallery-item'>\n\t\t\t\t<dt class='gallery-icon landscape'>\n\t\t\t\t\t<a class=\"rollover\" href='https:\/\/www.radiopiu.net\/wordpress\/giuseppe-vaccari-generale-vicentino-comandante-dei-liberatori-di-belluno-di-renato-bona\/106787779_634370450496436_5759955013827076981_n\/'><img loading=\"lazy\" decoding=\"async\" width=\"150\" height=\"150\" src=\"https:\/\/www.radiopiu.net\/wordpress\/wp-content\/uploads\/2020\/07\/106787779_634370450496436_5759955013827076981_n-150x150.jpg\" class=\"attachment-thumbnail size-thumbnail\" alt=\"\" \/><\/a>\n\t\t\t\t<\/dt><\/dl><dl class='gallery-item'>\n\t\t\t\t<dt class='gallery-icon portrait'>\n\t\t\t\t\t<a class=\"rollover\" href='https:\/\/www.radiopiu.net\/wordpress\/giuseppe-vaccari-generale-vicentino-comandante-dei-liberatori-di-belluno-di-renato-bona\/107043444_3126352727446111_2882595627133036119_n\/'><img loading=\"lazy\" decoding=\"async\" width=\"150\" height=\"150\" src=\"https:\/\/www.radiopiu.net\/wordpress\/wp-content\/uploads\/2020\/07\/107043444_3126352727446111_2882595627133036119_n-150x150.jpg\" class=\"attachment-thumbnail size-thumbnail\" alt=\"\" \/><\/a>\n\t\t\t\t<\/dt><\/dl><dl class='gallery-item'>\n\t\t\t\t<dt class='gallery-icon landscape'>\n\t\t\t\t\t<a class=\"rollover\" href='https:\/\/www.radiopiu.net\/wordpress\/giuseppe-vaccari-generale-vicentino-comandante-dei-liberatori-di-belluno-di-renato-bona\/107093347_1726471437507598_1453888477415664601_n\/'><img loading=\"lazy\" decoding=\"async\" width=\"150\" height=\"150\" src=\"https:\/\/www.radiopiu.net\/wordpress\/wp-content\/uploads\/2020\/07\/107093347_1726471437507598_1453888477415664601_n-150x150.jpg\" class=\"attachment-thumbnail size-thumbnail\" alt=\"\" \/><\/a>\n\t\t\t\t<\/dt><\/dl><br style=\"clear: both\" \/><dl class='gallery-item'>\n\t\t\t\t<dt class='gallery-icon landscape'>\n\t\t\t\t\t<a class=\"rollover\" href='https:\/\/www.radiopiu.net\/wordpress\/giuseppe-vaccari-generale-vicentino-comandante-dei-liberatori-di-belluno-di-renato-bona\/107052284_560901567917541_761331839452084816_n\/'><img loading=\"lazy\" decoding=\"async\" width=\"150\" height=\"150\" src=\"https:\/\/www.radiopiu.net\/wordpress\/wp-content\/uploads\/2020\/07\/107052284_560901567917541_761331839452084816_n-150x150.jpg\" class=\"attachment-thumbnail size-thumbnail\" alt=\"\" \/><\/a>\n\t\t\t\t<\/dt><\/dl><dl class='gallery-item'>\n\t\t\t\t<dt class='gallery-icon portrait'>\n\t\t\t\t\t<a class=\"rollover\" href='https:\/\/www.radiopiu.net\/wordpress\/giuseppe-vaccari-generale-vicentino-comandante-dei-liberatori-di-belluno-di-renato-bona\/107651654_913387039167974_8649196074454239994_n\/'><img loading=\"lazy\" decoding=\"async\" width=\"150\" height=\"150\" src=\"https:\/\/www.radiopiu.net\/wordpress\/wp-content\/uploads\/2020\/07\/107651654_913387039167974_8649196074454239994_n-150x150.png\" class=\"attachment-thumbnail size-thumbnail\" alt=\"\" \/><\/a>\n\t\t\t\t<\/dt><\/dl><dl class='gallery-item'>\n\t\t\t\t<dt class='gallery-icon landscape'>\n\t\t\t\t\t<a class=\"rollover\" href='https:\/\/www.radiopiu.net\/wordpress\/giuseppe-vaccari-generale-vicentino-comandante-dei-liberatori-di-belluno-di-renato-bona\/106911889_596284374600441_6764603744496277247_n\/'><img loading=\"lazy\" decoding=\"async\" width=\"150\" height=\"150\" src=\"https:\/\/www.radiopiu.net\/wordpress\/wp-content\/uploads\/2020\/07\/106911889_596284374600441_6764603744496277247_n-150x150.jpg\" class=\"attachment-thumbnail size-thumbnail\" alt=\"\" \/><\/a>\n\t\t\t\t<\/dt><\/dl><dl class='gallery-item'>\n\t\t\t\t<dt class='gallery-icon portrait'>\n\t\t\t\t\t<a class=\"rollover\" href='https:\/\/www.radiopiu.net\/wordpress\/giuseppe-vaccari-generale-vicentino-comandante-dei-liberatori-di-belluno-di-renato-bona\/107084595_277436743339082_4426880303993852186_n\/'><img loading=\"lazy\" decoding=\"async\" width=\"150\" height=\"150\" src=\"https:\/\/www.radiopiu.net\/wordpress\/wp-content\/uploads\/2020\/07\/107084595_277436743339082_4426880303993852186_n-150x150.gif\" class=\"attachment-thumbnail size-thumbnail\" alt=\"\" \/><\/a>\n\t\t\t\t<\/dt><\/dl><br style=\"clear: both\" \/>\n\t\t\t<\/div>\n\n","protected":false},"excerpt":{"rendered":"<p>di\u00a0Renato\u00a0Bona\u00a0 \u201cDa via F. Pellegrini divergendo da via L. Doglioni, termina a gradini sulla passerella del ponte della ferrovia\u201d. Cos\u00ec, su \u201cToponomastica di Belluno\u201d, pubblicazione edita nel 1990 dal Comune, si identifica la via Giuseppe Vaccari. Un bellunese illustre? Non esattamente; meglio, secondo noi, considerarlo un bellunese di adozione visto che Vaccari \u2013 doverosamente onorato&hellip;<\/p>\n","protected":false},"author":4,"featured_media":147986,"comment_status":"closed","ping_status":"closed","sticky":false,"template":"","format":"standard","meta":{"_monsterinsights_skip_tracking":false,"_monsterinsights_sitenote_active":false,"_monsterinsights_sitenote_note":"","_monsterinsights_sitenote_category":0,"footnotes":""},"categories":[49],"tags":[],"class_list":["post-147978","post","type-post","status-publish","format-standard","has-post-thumbnail","hentry","category-news-18","category-49","description-off"],"img_url":"https:\/\/www.radiopiu.net\/wordpress\/wp-content\/uploads\/2020\/07\/106911612_283106689463732_2964532817259880916_n.jpg","_links":{"self":[{"href":"https:\/\/www.radiopiu.net\/wordpress\/wp-json\/wp\/v2\/posts\/147978","targetHints":{"allow":["GET"]}}],"collection":[{"href":"https:\/\/www.radiopiu.net\/wordpress\/wp-json\/wp\/v2\/posts"}],"about":[{"href":"https:\/\/www.radiopiu.net\/wordpress\/wp-json\/wp\/v2\/types\/post"}],"author":[{"embeddable":true,"href":"https:\/\/www.radiopiu.net\/wordpress\/wp-json\/wp\/v2\/users\/4"}],"replies":[{"embeddable":true,"href":"https:\/\/www.radiopiu.net\/wordpress\/wp-json\/wp\/v2\/comments?post=147978"}],"version-history":[{"count":0,"href":"https:\/\/www.radiopiu.net\/wordpress\/wp-json\/wp\/v2\/posts\/147978\/revisions"}],"wp:featuredmedia":[{"embeddable":true,"href":"https:\/\/www.radiopiu.net\/wordpress\/wp-json\/wp\/v2\/media\/147986"}],"wp:attachment":[{"href":"https:\/\/www.radiopiu.net\/wordpress\/wp-json\/wp\/v2\/media?parent=147978"}],"wp:term":[{"taxonomy":"category","embeddable":true,"href":"https:\/\/www.radiopiu.net\/wordpress\/wp-json\/wp\/v2\/categories?post=147978"},{"taxonomy":"post_tag","embeddable":true,"href":"https:\/\/www.radiopiu.net\/wordpress\/wp-json\/wp\/v2\/tags?post=147978"}],"curies":[{"name":"wp","href":"https:\/\/api.w.org\/{rel}","templated":true}]}}