{"id":148020,"date":"2020-07-06T23:15:24","date_gmt":"2020-07-06T21:15:24","guid":{"rendered":"https:\/\/www.radiopiu.net\/wordpress\/?p=148020"},"modified":"2020-07-07T10:15:08","modified_gmt":"2020-07-07T08:15:08","slug":"giornale-radiopiu-07-luglio-2020-direttore-mirko-mezzacasa","status":"publish","type":"post","link":"https:\/\/www.radiopiu.net\/wordpress\/giornale-radiopiu-07-luglio-2020-direttore-mirko-mezzacasa\/","title":{"rendered":"GIORNALE RADIOPIU 07 LUGLIO 2020 DIRETTORE MIRKO MEZZACASA"},"content":{"rendered":"<h3><strong>PER RICEVERE QUESTO NOTIZIARIO DIRETTAMENTE SUL TUO CELLULARE ISCRIVITI AL CANALE TELEGRAM\u00a0<\/strong><strong>\u201cRADIO PIU\u00a0 INFORMAZIONE<\/strong><\/h3>\n<hr \/>\n<p><strong>PROVINCIALE 3 VALLE IMPERINA, LOCALITA\u2019 CORDE MOLE:\u00a0 DALLE 8 ALLE 11.45 E DALLE 13.30 ALLE 17.30 (SABATO E DOMENICA ESCLUSI) INTERRUZIONI ALLA VIABILITA\u2019 FINO A 30 MINUTI PER TAGLIO PIANTE TRA LE LOCALITA\u2019 CORDE MOLE E VALLESIN<\/strong><\/p>\n<p><em><strong>PROVINCIALE 20 CAPRILE-SELVA DI CADORE.\u00a0 RIAPRE\u00a0 IL 10 LUGLIO IN LOCALITA\u2019 SOLATOR ANCHE SABATO E DOMENICA. TRANSITO CONSENTITO AI LOCALI CON TEMPI DI ATTESA FINO A 30 MINUTI<\/strong><\/em><\/p>\n<p><strong>PROVINCIALE 563 DI SALESEI, LOCALITA&#8217; DIGONERA. SENSO UNICO ALTERNATO REGOLATO DA IMPIANTO SEMAFORICO FINO AL 15 LUGLIO PER MESSA IN SICUREZZA DEL PIANO VIABILE<\/strong><\/p>\n<p>&nbsp;<\/p>\n<hr \/>\n<blockquote>\n<h3><\/h3>\n<h3>LA FOTO DEL GIORNO DI JOHN FRANCIS DELLA PIETRA, CANALE D&#8217;AGORDO<br \/>\nQUANDO LA LUNA PIENA ILLUMINA LE PALE<\/h3>\n<\/blockquote>\n<p><a class=\"dt-pswp-item\" href=\"https:\/\/www.radiopiu.net\/wordpress\/wp-content\/uploads\/2020\/07\/2174d886-c696-46a4-a268-8c01ab7858cf.jpg\" data-dt-img-description=\"\" data-large_image_width=\"1599\" data-large_image_height=\"1200\"><img loading=\"lazy\" decoding=\"async\" class=\"alignnone size-medium wp-image-148179\" src=\"https:\/\/www.radiopiu.net\/wordpress\/wp-content\/uploads\/2020\/07\/2174d886-c696-46a4-a268-8c01ab7858cf-300x225.jpg\" alt=\"\" width=\"300\" height=\"225\" srcset=\"https:\/\/www.radiopiu.net\/wordpress\/wp-content\/uploads\/2020\/07\/2174d886-c696-46a4-a268-8c01ab7858cf-300x225.jpg 300w, https:\/\/www.radiopiu.net\/wordpress\/wp-content\/uploads\/2020\/07\/2174d886-c696-46a4-a268-8c01ab7858cf-1024x768.jpg 1024w, https:\/\/www.radiopiu.net\/wordpress\/wp-content\/uploads\/2020\/07\/2174d886-c696-46a4-a268-8c01ab7858cf-768x576.jpg 768w, https:\/\/www.radiopiu.net\/wordpress\/wp-content\/uploads\/2020\/07\/2174d886-c696-46a4-a268-8c01ab7858cf-1536x1153.jpg 1536w, https:\/\/www.radiopiu.net\/wordpress\/wp-content\/uploads\/2020\/07\/2174d886-c696-46a4-a268-8c01ab7858cf.jpg 1599w\" sizes=\"auto, (max-width: 300px) 100vw, 300px\" \/><\/a><\/p>\n<p>&nbsp;<\/p>\n<hr \/>\n<p>&nbsp;<\/p>\n<p>&nbsp;<\/p>\n<blockquote class=\"wp-embedded-content\" data-secret=\"b3bAySpqRH\"><p><a href=\"https:\/\/www.radiopiu.net\/wordpress\/addio-maestro-di-morricone-rimane-il-grande-ricordo-della-serata-agordina\/\">ADDIO MAESTRO&#8230; DI MORRICONE RIMANE IL GRANDE RICORDO DELLA SERATA AGORDINA<\/a><\/p><\/blockquote>\n<p><iframe loading=\"lazy\" class=\"wp-embedded-content\" sandbox=\"allow-scripts\" security=\"restricted\" style=\"position: absolute; clip: rect(1px, 1px, 1px, 1px);\" title=\"&#8220;ADDIO MAESTRO&#8230; DI MORRICONE RIMANE IL GRANDE RICORDO DELLA SERATA AGORDINA&#8221; &#8212; Radio Pi\u00f9\" src=\"https:\/\/www.radiopiu.net\/wordpress\/addio-maestro-di-morricone-rimane-il-grande-ricordo-della-serata-agordina\/embed\/#?secret=b3bAySpqRH\" data-secret=\"b3bAySpqRH\" width=\"600\" height=\"338\" frameborder=\"0\" marginwidth=\"0\" marginheight=\"0\" scrolling=\"no\"><\/iframe><\/p>\n<p>&nbsp;<\/p>\n<hr \/>\n<p>&nbsp;<\/p>\n<blockquote>\n<h3>AGGIORNAMENTO COVID DOPO IL CASO DELLA BADANTE MOLDAVA<\/h3>\n<\/blockquote>\n<p><strong>FELTRE<\/strong> I<span style=\"font-size: medium;\"><span style=\"font-family: Calibri, serif;\"><span style=\"font-size: large;\">n seguito alla accertata positivit\u00e0 di una badante arrivata dalla Moldavia e testata secondo le disposizioni della Regione Veneto il 4 luglio, sono stati isolati ed \u00e8 stato eseguito il tampone ai 3 componenti del nucleo familiare ospitante residente nel Feltrino. Le indagini hanno messo in evidenza,\u00a0 una ulteriore positivit\u00e0 nella persona anziana assistita. Gli altri due familiari testati risultano negativi e in quarantena. La badante risulta sintomatica mentre la signora anziana al momento risulta asintomatica. <\/span><\/span><\/span><span style=\"font-size: medium;\"><span style=\"font-family: Calibri, serif;\"><span style=\"font-size: large;\">Il Dipartimento di Prevenzione dell\u2019Ulss Dolomiti ha attivato il <\/span><\/span><span style=\"font-family: Calibri, serif;\"><span style=\"font-size: large;\"><i>contact tracing<\/i><\/span><\/span><span style=\"font-family: Calibri, serif;\"><span style=\"font-size: large;\"> gi\u00e0 dal 4 luglio avvisando anche l\u2019Ufficio Sanit\u00e0 Marittima Aerea e di Frontiera per le verifiche del caso in merito al viaggio intrapreso dalla signora Moldava.<\/span><\/span><\/span><\/p>\n<hr \/>\n<div class=\"page-title-head hgroup\">\n<blockquote>\n<h3><\/h3>\n<h3 class=\"entry-title\">NUOVO DECESSO PER COVID IN OSPEDALE A BELLUNO<\/h3>\n<\/blockquote>\n<\/div>\n<p align=\"JUSTIFY\"><strong>BELLUNO<\/strong>\u00a0 N<span style=\"font-size: medium;\"><span style=\"font-family: Calibri, serif;\"><span style=\"font-size: large;\">ella notte tra il 5 e il 6 luglio 2020 una paziente COVID positiva di anni 93, ricoverata il 5 luglio per un fatto acuto in Pneumologia COVID di Belluno e residente in Ulss Dolomiti \u00e8 deceduta. <\/span><\/span><\/span><span style=\"font-size: medium;\"><span style=\"font-family: Calibri, serif;\"><span style=\"font-size: large;\">Sono in corso gli accertamenti per stabilire le cause del decesso da parte dell\u2019Istituto Superiore di Sanit\u00e0. Sono 113 le persone decedute per Covid in provincia dal 21 febbraio inizio dell&#8217;epidemia.<\/span><\/span><\/span><\/p>\n<p>&nbsp;<\/p>\n<p>&nbsp;<\/p>\n<hr \/>\n<h3><\/h3>\n<p>&nbsp;<\/p>\n<blockquote>\n<h3>DENUNCIATO IL LADRO DELLA LITOGRAFIA DI AUGUSTO MURER<\/h3>\n<\/blockquote>\n<p style=\"text-align: left;\"><strong><a class=\"dt-pswp-item\" href=\"https:\/\/www.radiopiu.net\/wordpress\/wp-content\/uploads\/2020\/07\/a5d3ac0f-44da-41c1-9f64-df3ef48a654f.jpg\" data-dt-img-description=\"\" data-large_image_width=\"768\" data-large_image_height=\"1024\"><img loading=\"lazy\" decoding=\"async\" class=\"size-medium wp-image-148114 alignright\" src=\"https:\/\/www.radiopiu.net\/wordpress\/wp-content\/uploads\/2020\/07\/a5d3ac0f-44da-41c1-9f64-df3ef48a654f-225x300.jpg\" alt=\"\" width=\"225\" height=\"300\" srcset=\"https:\/\/www.radiopiu.net\/wordpress\/wp-content\/uploads\/2020\/07\/a5d3ac0f-44da-41c1-9f64-df3ef48a654f-225x300.jpg 225w, https:\/\/www.radiopiu.net\/wordpress\/wp-content\/uploads\/2020\/07\/a5d3ac0f-44da-41c1-9f64-df3ef48a654f.jpg 768w\" sizes=\"auto, (max-width: 225px) 100vw, 225px\" \/><\/a><a class=\"dt-pswp-item\" href=\"https:\/\/www.radiopiu.net\/wordpress\/wp-content\/uploads\/2020\/07\/cba65139-a7fa-4f31-9408-346de04213ad.jpg\" data-dt-img-description=\"\" data-large_image_width=\"768\" data-large_image_height=\"1024\"><img loading=\"lazy\" decoding=\"async\" class=\"size-medium wp-image-148115 alignleft\" src=\"https:\/\/www.radiopiu.net\/wordpress\/wp-content\/uploads\/2020\/07\/cba65139-a7fa-4f31-9408-346de04213ad-225x300.jpg\" alt=\"\" width=\"225\" height=\"300\" srcset=\"https:\/\/www.radiopiu.net\/wordpress\/wp-content\/uploads\/2020\/07\/cba65139-a7fa-4f31-9408-346de04213ad-225x300.jpg 225w, https:\/\/www.radiopiu.net\/wordpress\/wp-content\/uploads\/2020\/07\/cba65139-a7fa-4f31-9408-346de04213ad.jpg 768w\" sizes=\"auto, (max-width: 225px) 100vw, 225px\" \/><\/a>SEDICO<\/strong> Un 53enne di Sedico \u00e8 stato denunciato alla Procura della Repubblica per furto aggravato. L&#8217;uomo, F.M. di Santa Giustina \u00e8 indagato per furto aggravato avendo rubato una litografia a china dell&#8217;artista falcadino Augusto Murer dal negozio &#8220;Naftalina&#8221; di Santa Giustina. Opera di indubbio valore, la refurtiva gi\u00e0 recuperata sar\u00e0 presto restituita ai legittimi proprietari. I Carabinieri di Sedico hanno studiato le immagini delle telecamere, hanno quindi ricavato il volto del soggetto procedendo alla perquisizione che ha portato a ritrovare il maltolto dal negozio vintage.<\/p>\n<p>&nbsp;<\/p>\n<p>&nbsp;<\/p>\n<hr \/>\n<blockquote>\n<h3>MALORE SALENDO AL VANDELLI<\/h3>\n<\/blockquote>\n<p><strong><img loading=\"lazy\" decoding=\"async\" class=\"alignleft\" src=\"https:\/\/www.radiopiu.net\/wordpress\/wp-content\/uploads\/2020\/06\/ELICOTTERO-SUEM.jpg\" width=\"100\" height=\"56\" \/>CORTINA\u00a0<\/strong> Nel pomeriggio \u00a0la Centrale del 118 \u00e8 stata allertata da un&#8217;escursionista che si \u00e8 sentita poco bene, salendo con i familliari dal Passo Tre Croci al Rifugio Vandelli. La donna, G.B., 55 anni, di Genova, colta da spossatezza sul pianoro prima delle scalette di ferro, \u00e8 stata individuata dell&#8217;elicottero del Suem di Pieve di Cadore e recuperata con un verricello di 10 metri dal tecnico di elisoccorso, per essere poi trasportata con un lieve malore all&#8217;ospedale di Pieve di Cadore.<\/p>\n<p>&nbsp;<\/p>\n<p>&nbsp;<\/p>\n<hr \/>\n<blockquote>\n<h3><\/h3>\n<h3>SHOCK ANAFILATTICO IN CANSIGLIO<\/h3>\n<\/blockquote>\n<p><strong>TAMBRE D&#8217;ALPAGO<\/strong>\u00a0 Attorno alle 19 l&#8217;elicottero del Suem di Pieve di Cadore \u00e8 volato al Golf club in Cansiglio per un probabile shock anafilattico. Atterrati sul posto, personale medico e tecnico di elisoccorso hanno prestato le prime cure a G.D.L., 78 anni, di Alpago (BL), per poi caricarlo a bordo e trasportarlo per gli accertamenti del caso all&#8217;ospedale di Belluno.<\/p>\n<p>&nbsp;<\/p>\n<hr \/>\n<p>&nbsp;<\/p>\n<p>&nbsp;<\/p>\n<blockquote>\n<h3>FURTI A FELTRE, INDAGANO GLI UOMINI DEL CAPITANO INNELLI<\/h3>\n<\/blockquote>\n<p><strong><a class=\"dt-pswp-item\" href=\"https:\/\/www.radiopiu.net\/wordpress\/wp-content\/uploads\/2020\/06\/5b19eb24-8039-457a-a39e-36dab105b590.jpg\" data-dt-img-description=\"\" data-large_image_width=\"960\" data-large_image_height=\"720\"><img loading=\"lazy\" decoding=\"async\" class=\" wp-image-145790 alignleft\" src=\"https:\/\/www.radiopiu.net\/wordpress\/wp-content\/uploads\/2020\/06\/5b19eb24-8039-457a-a39e-36dab105b590-300x225.jpg\" alt=\"\" width=\"155\" height=\"116\" srcset=\"https:\/\/www.radiopiu.net\/wordpress\/wp-content\/uploads\/2020\/06\/5b19eb24-8039-457a-a39e-36dab105b590-300x225.jpg 300w, https:\/\/www.radiopiu.net\/wordpress\/wp-content\/uploads\/2020\/06\/5b19eb24-8039-457a-a39e-36dab105b590-768x576.jpg 768w, https:\/\/www.radiopiu.net\/wordpress\/wp-content\/uploads\/2020\/06\/5b19eb24-8039-457a-a39e-36dab105b590.jpg 960w\" sizes=\"auto, (max-width: 155px) 100vw, 155px\" \/><\/a>FELTRE<\/strong> Sono ripresi i furti nelle abitazioni nel feltrino, i Carabinieri di Feltre hanno gi\u00e0 eseguito i sopralluoghi in via Bragadini e in via Morosini. Visitate alcune abitazioni, probabilmente ieri sera in tarda serata. In un caso sono stati rubati 250 euro in contanti, nell&#8217;altro il bottino \u00e8 di 2000 euro in monili in oro. I Carabinieri stanno indagando con il coordinamento del Capitano Luca Innelli, gi\u00e0 ieri sera sono state fatte convergere in zona le auto di servizio, i controlli sono proseguiti nelle notte senza dare esiti sperati ma il lavoro degli uomini dell&#8217;arma continua. I ladri sono entrati da una finestra lasciata aperta in via Bragadini, mentre in via Morosini hanno forzato i serramenti per avere libero accesso ai locali abitati.<\/p>\n<p>&nbsp;<\/p>\n<p>&nbsp;<\/p>\n<hr \/>\n<p>&nbsp;<\/p>\n<p>&nbsp;<\/p>\n<blockquote>\n<h3>NELLA NOTTE RECUPERATA LA PALA GOMMATA<\/h3>\n<\/blockquote>\n<p><strong><em>BORCA DI CADORE<\/em><\/strong> Nella notte intervento dei vigili del fuoco a Borca di Cadore lungo il greto del torrente Boite dove \u00e8 caduta una pala gommata.\u00a0 Due squadre della caserma di Cortina ed altrettante della caserma volontari di Borca sono state impegnate dalle 20 alle 23 con l&#8217;ausilio di gruppi di fari per il recupero del mezzo, sul posto anche l&#8217;autogru dei pompieri di Pieve di Cadore.<\/p>\n<p>&nbsp;<\/p>\n<p>&nbsp;<\/p>\n<hr \/>\n<p>&nbsp;<\/p>\n<blockquote>\n<h3>APRE IL RUBINETTO MA NON ESCE L&#8217;ACQUA, SU TUTTE LE FURIE IL MEDICO IN VALLE DEL BIOIS<\/h3>\n<\/blockquote>\n<p><strong><img loading=\"lazy\" decoding=\"async\" class=\"alignleft\" src=\"https:\/\/www.radiopiu.net\/wordpress\/wp-content\/uploads\/2015\/06\/bimgsp.jpg\" width=\"164\" height=\"92\" \/><\/strong><b>FALCADE <\/b>Dopo i frequenti casi di assenza l&#8217;acqua sul Col di Foglia in localit\u00e0 Faion dove gli abitanti di alcune palazzine protestano inascoltati da due anni ecco un altro caso.\u00a0 A Falcade e farne le spese il dottor Gustavo Randino in via Trento a Caviola. Mancanza d&#8217;acqua per alcuni periodi, nessuna risposta da Gsp. Comunque Randino \u00e8 un consigliere comunale a Canale d&#8217;Agordo quindi a contatto di gomito con il suo sindaco e con i sindaci che sono GSP. Forse in questo caso risulter\u00e0 pi\u00f9 facile per il cittadino-amministratore avere risposte, se cos\u00ec non fosse siamo davvero presi male e pare proprio che nemmeno il consigliere comunale abbia avuto risposte soddisfacenti da chi gestisce il servizio idrico in questa provincia, ma questa purtroppo non \u00e8 una novit\u00e0 dopo le frequenti proteste di Agordo che abbiamo citato ad esempio.<\/p>\n<p>&nbsp;<\/p>\n<hr \/>\n<p>&nbsp;<\/p>\n<blockquote class=\"wp-embedded-content\" data-secret=\"oRfYJARc2q\"><p><a href=\"https:\/\/www.radiopiu.net\/wordpress\/la-nuova-ordinanza-della-regione-del-veneto-misure-urgenti-in-materia-di-contenimento-e-gestione-dellemergenza-epidemiologica-da-virus-covid-19-ulteriori-disposizioni\/\">LA NUOVA ORDINANZA DELLA REGIONE DEL VENETO  Misure urgenti in materia di contenimento e gestione dell&#8217;emergenza epidemiologica da virus COVID-19. Ulteriori disposizioni.<\/a><\/p><\/blockquote>\n<p><iframe loading=\"lazy\" class=\"wp-embedded-content\" sandbox=\"allow-scripts\" security=\"restricted\" style=\"position: absolute; clip: rect(1px, 1px, 1px, 1px);\" title=\"&#8220;LA NUOVA ORDINANZA DELLA REGIONE DEL VENETO  Misure urgenti in materia di contenimento e gestione dell&#8217;emergenza epidemiologica da virus COVID-19. Ulteriori disposizioni.&#8221; &#8212; Radio Pi\u00f9\" src=\"https:\/\/www.radiopiu.net\/wordpress\/la-nuova-ordinanza-della-regione-del-veneto-misure-urgenti-in-materia-di-contenimento-e-gestione-dellemergenza-epidemiologica-da-virus-covid-19-ulteriori-disposizioni\/embed\/#?secret=oRfYJARc2q\" data-secret=\"oRfYJARc2q\" width=\"600\" height=\"338\" frameborder=\"0\" marginwidth=\"0\" marginheight=\"0\" scrolling=\"no\"><\/iframe><\/p>\n<p><strong>Ecco\u00a0i 36 Paesi con i quali esiste ancora libert\u00e0 di movimento<\/strong>, da e per il Veneto:\u00a0 Austria Belgio Bulgaria Svizzera Cipro Repubblica Ceca Germania Danimarca Estonia Grecia Spagna Finlandia Francia Croazia Ungheria Irlanda Islanda Italia Liechtenstein Lituania Lussemburgo Lettonia Malta Paesi Bassi Norvegia Polonia Portogallo Romania Svezia Slovenia Slovacchia Regno Unito e Irlanda del Nord Andorra Principato di Monaco Repubblica di San Marino Stato della Citt\u00e0 del Vaticano<\/p>\n<p>&nbsp;<\/p>\n<hr \/>\n<p>&nbsp;<\/p>\n<p>&nbsp;<\/p>\n<blockquote>\n<h3>&#8220;I CONTAGI CHE ARRIVANO DALL&#8217;ESTERO&#8221; CONFERENZA STAMPA DEL PRESIDENTE DEL VENETO LUCA ZAIA 06 LUGLIO 2020<\/h3>\n<\/blockquote>\n<blockquote>\n<h2>LEGGI LA CONFERENZA STAMPA DI LUCA ZAIA<\/h2>\n<p><em>La nuova ordinanza in vigore fino al 31 luglio Chi viola l&#8217;isolamento (ma \u00e8 negativo) viene multato con mille euro. Se un positivo esce rischia il carcere, oltre alla multa. Chi viola l&#8217;isolamento se negativo paga la multa di 1000 euro, se\u00a0 positivo rischia il carcere non solo la sanzione.<\/em><\/p><\/blockquote>\n<p>\u00abIl trend del Veneto \u00e8 confermato\u00a0 la situazione \u00e8 tranquilla, \u00e8 un virus d&#8217;importazione&#8221;. Dal primo di luglio in Veneto\u00a0 si sono contati 28 contagi, 15 sono di virus arrivato da stranieri. Questo tema sta decollando in tutte le regioni e in tutti i Paesi.<\/p>\n<p><strong>LA NUOVA ORDINANZA<\/strong> Obbligo di isolamento fiduciario per 14 giorni nei seguenti casi: \u00a0&#8211; contatto a rischio con soggetto risultato positivo al tampone &#8211; ingresso o rientro in Veneto da Paesi diversi\u00a0 dai paesi Europei, obbligo di isolamento fiduciario dall&#8217;ingresso nella nostra regione, per 14 giorni. &#8211; con presenza di sintomi di infezione respiratoria e temperatura superiore ai 37 gradi e mezzo. Isolamento in strutture extra alberghiere.\u00a0 Se la Ulss ha difficolt\u00e0 a mettere in isolamento fiduciario pu\u00f2 trovare strutture ad hoc\u00a0 Le persone che entrano o tornano in Veneto dopo un viaggio (oltre Europa) dovranno sottoporsi a tampone appena arrivati e un secondo dopo 7 giorni se il primo risulta negativo. La prestazione sanitaria \u00e8 gratuita. Il datore di lavoro deve contattare la Ulss e riammette temporaneamente il lavoratore se il tampone \u00e8 negativo. Se il titolare non segnala e non richiede il tampone per il lavoratore in arrivo dall&#8217;estero da uno dei Paesi in questione, vine multato di mille euro per ogni lavoratore presente a libro paga. Prevista anche la reclusione. E&#8217; obbligatorio comunicare l&#8217;elenco dei positivi ai fini dei controlli e delle misure cautelari (sindaco o autorit\u00e0 giudiziaria), chi rifiuta il ricovero &#8211; perch\u00e9 positivo e con sintomi &#8211; deve essere segnalato all&#8217;autorit\u00e0 giudiziaria. Parte la denuncia d&#8217;ufficio. Per la badanti il tampone \u00e8 raccomandato,\u00a0 la richiesta deve essere fatta all&#8217;Ulss.<\/p>\n<p><strong>ESEMPIO. ECCO CON LA NUOVA ORDINANZA COSA SI DOVRA&#8217; FARE SULL&#8217;ESEMPIO\u00a0 DEL VICENTINO RIENTRATO DALLA SERBIA, COSA CHE EVIDENTEMENTE NON HA PROPRIO FATTO<\/strong>: auto-isolamento, segnalare il rientro in Veneto,\u00a0 fare richiesta di tampone per se stesso e i propri collaboratori. Comunque anche prima dell&#8217;ordinanza il vicentino avrebbe dovuto\u00a0 informare che stava male,\u00a0 dichiarare che era stato in Serbia e in contatto con un paziente serbo risultato positivo al Covid semmai ne fosse stato a conoscenza.<\/p>\n<p>&nbsp;<\/p>\n<p>https:\/\/www.facebook.com\/zaiaufficiale\/videos\/1595020177329094<\/p>\n<p>&nbsp;<\/p>\n<p>&nbsp;<\/p>\n<hr \/>\n<blockquote>\n<h3><\/h3>\n<h3>PUNTO STAMPA, PD ALL&#8217;ATTACCO<\/h3>\n<\/blockquote>\n<p><strong>VENEZIA<\/strong> <em>\u201cL\u2019astinenza da dirette Facebook \u00e8 durata davvero poco, Zaia ha ripreso imperterrito con la macchina propagandistica mascherata da lotta al coronavirus. Se a luglio ci sono stati appena 28 casi, un\u2019inezia, tutte parole sue, perch\u00e9 continuare con questo bombardamento mediatico? \u00c8 evidente che andr\u00e0 avanti cos\u00ec fino alle elezioni, in barba alla par condicio\u201d.<\/em> A dirlo \u00e8 Graziano Azzalin, consigliere regionale del Partito Democratico, commentando l\u2019ennesima ordinanza del governatore con le nuove sanzioni per i soggetti negativi che escono dall\u2019isolamento fiduciario.<\/p>\n<p>&nbsp;<\/p>\n<hr \/>\n<p>&nbsp;<\/p>\n<p><strong><span style=\"color: #ff0000;\">LA MINACCIA DI ZAIA AGLI IMPRENDITORI AZIENDALI, PESANTI SANZIONI PER GLI INADEMPIENTI MOLTIPLICATE PER IL NUMERO DEI LAVORATORI.<\/span><\/strong><\/p>\n<blockquote>\n<h3>LA NUOVA ORDINANZA, SANZIONI PESANTI MA NE&#8217; TRATTAMENTO SANITARIO OBBLIGATORIO NE&#8217; CARCERE. DATORI DI LAVORO RESPONSABILIZZATI ULTERIORMENTE, IN CASO DI MANCATA COMUNICAZIONE ALLA ULSS SUL RIENTRO DEI LAVORATORI DALL&#8217;ESTERO SANZIONI DI 1000 EURO MOLTIPLICATE PER IL NUMERO DI DIPENDENTI A LIBRO PAGA. UN NUOVO DECESSO PER COVID A BELLUNO, AL SAN MARTINO NON CI SONO PIU&#8217; RICOVERATI.<\/h3>\n<\/blockquote>\n<p><strong>di Mirko Mezzacasa<\/strong><\/p>\n<p>L&#8217;ordinanza di ieri \u00e8 un&#8217;ulteriore stretta per coloro che rientrano dall&#8217;estero, in particolare dai Paesi extra europei,\u00a0 prevede la quarantena obbligatoria per chi \u00e8 stato a contatto con un malato covid positivo o ha sintomi evidenti. Per i lavoratori un doppio tampone da ripetere nell&#8217;arco di una settimana. Sanzioni per chi non rispetta le regole di\u00a0 1000 euro (l&#8217;importo massimo) ma anche ai responsabili d&#8217;azienda che non chiedono i test e in questo caso la sanzione viene moltiplicata per il totale del numero dei dipendenti in azienda. L&#8217;Ulss dovr\u00e0 comunicare ai sindaci e Prefetto i nominativi di chi rifiuta il ricovero o non osserva le disposizioni. L&#8217;ordinanza anche alla luce degli ultimi numeri: 28 nuovi positivi nell&#8217;ultima settimana, 15 il numero delle persone contagiate in arrivo dall&#8217;estero. L&#8217;ordinanza non prevede il TSO (ricovero coatto) e non introduce aspetti penali. Semmai queste saranno decisioni che potrebbe prendere il Governo, in proposito l&#8217;argomento \u00e8 allo studio del Ministro Roberto Speranza. Da Roma la possibilit\u00e0 che vengano stanziati 32 milioni di euro per attrezzare le strutture destinate all&#8217;isolamento.\u00a0 Il periodo di quarantena prevede anche la possibilit\u00e0 di ricorrere se la casa \u00e8 troppo piccola o affollata a strutture extra ospedaliere indicate dalla Ulss in collaborazione con la Protezione Civile. Ieri in Veneto altri 13 nuovi contagi e 6 decessi, in provincia muore una nonna di 93 anni ospite della casa di riposo di Puos d&#8217;Alpago ricoverata in pneumologia a Belluno, \u00e8 la vittima bellunese numero 113 della pandemia. Nel feltrino proseguono i tracciamenti tra i contatti della badante Moldava rientrata in Italia e risultata positiva. <strong>I NUMERI\u00a0 IN VENETO:<\/strong> TOTALE POSITIVI 19339\u00a0 \u00a0(+13)\u00a0 ATTUALMENTE POSITIVI 352 (+33)\u00a0 DECESSI 2030\u00a0 (+6) NEGATIVIZZATI 16917 (0) IN ISOLAMENTO 768 (-0)\u00a0 RICOVERATI\u00a0 166 (-2 \u2013 14 POSITIVI, 152 NEGATIVIZZATI), NEGLI OSPEDALI DI COMUNITA\u2019 RICOVERATI 27 (+0, 4 POSITIVI,\u00a0 25 NEGATIVIZZATI), IN TERAPIA INTENSIVA 10 (2 POSITIVI, \u00a08 NEGATIVIZZATI). DIMESSI 3613 \u00a0(+2) <strong>I NUMERI IN PROVINCIA:<\/strong> TOTALE CONTAGI 1196 (+1) , ATTUALMENTE POSITIVI 21 (+2) , DECEDUTI 113 (1), NEGATIVIZZATI 1062 (+2) ISOLAMENTO DOMICILIARE 92 (+0) RICOVERATI IN OSPEDALE AL SAN MARTINO (0)<\/p>\n<p>GRAFICO TIZIANO DE COL<\/p>\n<p>&nbsp;<\/p>\n<p><a class=\"dt-pswp-item\" href=\"https:\/\/www.radiopiu.net\/wordpress\/wp-content\/uploads\/2020\/07\/3d8d2200-e502-4359-a917-ca53038d0859.jpg\" data-dt-img-description=\"\" data-large_image_width=\"480\" data-large_image_height=\"334\"><img loading=\"lazy\" decoding=\"async\" class=\"alignnone size-medium wp-image-148148\" src=\"https:\/\/www.radiopiu.net\/wordpress\/wp-content\/uploads\/2020\/07\/3d8d2200-e502-4359-a917-ca53038d0859-300x209.jpg\" alt=\"\" width=\"300\" height=\"209\" srcset=\"https:\/\/www.radiopiu.net\/wordpress\/wp-content\/uploads\/2020\/07\/3d8d2200-e502-4359-a917-ca53038d0859-300x209.jpg 300w, https:\/\/www.radiopiu.net\/wordpress\/wp-content\/uploads\/2020\/07\/3d8d2200-e502-4359-a917-ca53038d0859.jpg 480w\" sizes=\"auto, (max-width: 300px) 100vw, 300px\" \/><\/a><\/p>\n<p>&nbsp;<\/p>\n<hr \/>\n<p>&nbsp;<\/p>\n<p>&nbsp;<\/p>\n<blockquote class=\"wp-embedded-content\" data-secret=\"sTQHB4jOOj\"><p><a href=\"https:\/\/www.radiopiu.net\/wordpress\/coronavirus-aggiornamento-nazionale-06-luglio\/\">CORONAVIRUS: AGGIORNAMENTO NAZIONALE 06 LUGLIO<\/a><\/p><\/blockquote>\n<p><iframe loading=\"lazy\" class=\"wp-embedded-content\" sandbox=\"allow-scripts\" security=\"restricted\" style=\"position: absolute; clip: rect(1px, 1px, 1px, 1px);\" title=\"&#8220;CORONAVIRUS: AGGIORNAMENTO NAZIONALE 06 LUGLIO&#8221; &#8212; Radio Pi\u00f9\" src=\"https:\/\/www.radiopiu.net\/wordpress\/coronavirus-aggiornamento-nazionale-06-luglio\/embed\/#?secret=sTQHB4jOOj\" data-secret=\"sTQHB4jOOj\" width=\"600\" height=\"338\" frameborder=\"0\" marginwidth=\"0\" marginheight=\"0\" scrolling=\"no\"><\/iframe><\/p>\n<blockquote>\n<h3><\/h3>\n<h3>Casi positivi:\u00a0 tutti adulti nessuno in casa di riposo. 5 casi provengono dall&#8217;ULSS 4, tutti del Bangladesh. Altri 5 stranieri (da Moldavia, Nigeria, 2 Romania, una nazionalit\u00e0 non nota)<\/h3>\n<\/blockquote>\n<blockquote class=\"wp-embedded-content\" data-secret=\"sAQnPCrMsL\"><p><a href=\"https:\/\/www.radiopiu.net\/wordpress\/6-positivi-in-piu-nelle-ultime-24-ore-e-un-decesso-13-persone-escono-dallisolamento-domiciliare-in-veneto-a-belluno-un-positivo-in-piu-e-sempre-2-ricoverati-in-area-non-critica\/\">IN VENETO 13 POSITIVI IN 24 ORE E 6 DECESSI. BELLUNO: RICOVERI DI NUOVO A QUOTA ZERO, 1 POSITIVO E 1 DECESSO<\/a><\/p><\/blockquote>\n<p><iframe loading=\"lazy\" class=\"wp-embedded-content\" sandbox=\"allow-scripts\" security=\"restricted\" style=\"position: absolute; clip: rect(1px, 1px, 1px, 1px);\" title=\"&#8220;IN VENETO 13 POSITIVI IN 24 ORE E 6 DECESSI. BELLUNO: RICOVERI DI NUOVO A QUOTA ZERO, 1 POSITIVO E 1 DECESSO&#8221; &#8212; Radio Pi\u00f9\" src=\"https:\/\/www.radiopiu.net\/wordpress\/6-positivi-in-piu-nelle-ultime-24-ore-e-un-decesso-13-persone-escono-dallisolamento-domiciliare-in-veneto-a-belluno-un-positivo-in-piu-e-sempre-2-ricoverati-in-area-non-critica\/embed\/#?secret=sAQnPCrMsL\" data-secret=\"sAQnPCrMsL\" width=\"600\" height=\"338\" frameborder=\"0\" marginwidth=\"0\" marginheight=\"0\" scrolling=\"no\"><\/iframe><\/p>\n<p>&nbsp;<\/p>\n<p>&nbsp;<\/p>\n<hr \/>\n<h3><\/h3>\n<h3>INVESTIMENTI PER 250 MILA EURO AL CAMPEGGIO LASTEI, OTTENUTA LA CONCESSIONE FINO AL 2050<\/h3>\n<blockquote>\n<h3><a class=\"dt-pswp-item\" href=\"https:\/\/www.radiopiu.net\/wordpress\/wp-content\/uploads\/2020\/07\/466c131d-4f6e-42f4-87c5-4da87d971e9a.jpg\" data-dt-img-description=\"\" data-large_image_width=\"1600\" data-large_image_height=\"903\"><img loading=\"lazy\" decoding=\"async\" class=\"size-medium wp-image-148168 alignleft\" src=\"https:\/\/www.radiopiu.net\/wordpress\/wp-content\/uploads\/2020\/07\/466c131d-4f6e-42f4-87c5-4da87d971e9a-300x169.jpg\" alt=\"\" width=\"300\" height=\"169\" srcset=\"https:\/\/www.radiopiu.net\/wordpress\/wp-content\/uploads\/2020\/07\/466c131d-4f6e-42f4-87c5-4da87d971e9a-300x169.jpg 300w, https:\/\/www.radiopiu.net\/wordpress\/wp-content\/uploads\/2020\/07\/466c131d-4f6e-42f4-87c5-4da87d971e9a-1024x578.jpg 1024w, https:\/\/www.radiopiu.net\/wordpress\/wp-content\/uploads\/2020\/07\/466c131d-4f6e-42f4-87c5-4da87d971e9a-768x433.jpg 768w, https:\/\/www.radiopiu.net\/wordpress\/wp-content\/uploads\/2020\/07\/466c131d-4f6e-42f4-87c5-4da87d971e9a-1536x867.jpg 1536w, https:\/\/www.radiopiu.net\/wordpress\/wp-content\/uploads\/2020\/07\/466c131d-4f6e-42f4-87c5-4da87d971e9a.jpg 1600w\" sizes=\"auto, (max-width: 300px) 100vw, 300px\" \/><\/a><\/h3>\n<h3><\/h3>\n<h3>IL CONSIGLIO COMUNALE DI CANALE D&#8217;AGORDO IN DIRETTA FACEBOOK, SULLA PAGINA RADIO PIU EMITTENTE AGORDINO, GRUPPO.\u00a0<span style=\"color: #0000ff;\"> <a style=\"color: #0000ff;\" href=\"https:\/\/www.facebook.com\/radiopiu\/videos\/934159210363900\/\">CLICCA QUI<\/a><\/span><\/h3>\n<\/blockquote>\n<p>&nbsp;<\/p>\n<p>di GIANNI SANTOMASO<\/p>\n<div class=\"\" data-block=\"true\" data-editor=\"7m4ak\" data-offset-key=\"cep1j-0-0\">\n<div class=\"_1mf _1mj\" data-offset-key=\"cep1j-0-0\">\n<audio class=\"wp-audio-shortcode\" id=\"audio-148020-1\" preload=\"none\" style=\"width: 100%;\" controls=\"controls\"><source type=\"audio\/mpeg\" src=\"https:\/\/www.radiopiu.net\/wordpress\/wp-content\/uploads\/2020\/07\/gianni-consiglio.mp3?_=1\" \/><a href=\"https:\/\/www.radiopiu.net\/wordpress\/wp-content\/uploads\/2020\/07\/gianni-consiglio.mp3\">https:\/\/www.radiopiu.net\/wordpress\/wp-content\/uploads\/2020\/07\/gianni-consiglio.mp3<\/a><\/audio>\n<\/div>\n<\/div>\n<p>&nbsp;<\/p>\n<p>&nbsp;<\/p>\n<p>&nbsp;<\/p>\n<hr \/>\n<blockquote>\n<h3>DILLO A RADIO PIU: &#8220;DOLOMITIBUS QUESTO E&#8217; UN TERRITORIO CHE VIVE DI TURISMO&#8230;&#8221;<\/h3>\n<\/blockquote>\n<p><strong>AGORDO<\/strong> Le lamentele, soprattutto le riflessioni di chi al territorio \u00e8 legato sono continue. Nell&#8217;occhio del ciclone la Dolomitibus perch\u00e9 nonostante le restrizioni covid19 siamo ormai un lontano ricordo, anche in seguito alle ordinanze della Regione, la situazione \u00e8 ancora lontana dall&#8217;essere tornata nella normalit\u00e0. Quanto scrive Celeste ne \u00e8 solo l&#8217;ultima prova.<\/p>\n<p><a class=\"dt-pswp-item\" href=\"https:\/\/www.radiopiu.net\/wordpress\/wp-content\/uploads\/2020\/06\/102e3b2d-2b34-4aa0-8ed8-2bb1a098098a.jpg\" data-dt-img-description=\"\" data-large_image_width=\"2048\" data-large_image_height=\"1536\"><img loading=\"lazy\" decoding=\"async\" class=\"size-medium wp-image-144906 alignleft\" src=\"https:\/\/www.radiopiu.net\/wordpress\/wp-content\/uploads\/2020\/06\/102e3b2d-2b34-4aa0-8ed8-2bb1a098098a-300x225.jpg\" alt=\"\" width=\"300\" height=\"225\" srcset=\"https:\/\/www.radiopiu.net\/wordpress\/wp-content\/uploads\/2020\/06\/102e3b2d-2b34-4aa0-8ed8-2bb1a098098a-300x225.jpg 300w, https:\/\/www.radiopiu.net\/wordpress\/wp-content\/uploads\/2020\/06\/102e3b2d-2b34-4aa0-8ed8-2bb1a098098a-1024x768.jpg 1024w, https:\/\/www.radiopiu.net\/wordpress\/wp-content\/uploads\/2020\/06\/102e3b2d-2b34-4aa0-8ed8-2bb1a098098a-768x576.jpg 768w, https:\/\/www.radiopiu.net\/wordpress\/wp-content\/uploads\/2020\/06\/102e3b2d-2b34-4aa0-8ed8-2bb1a098098a-1536x1152.jpg 1536w, https:\/\/www.radiopiu.net\/wordpress\/wp-content\/uploads\/2020\/06\/102e3b2d-2b34-4aa0-8ed8-2bb1a098098a.jpg 2048w\" sizes=\"auto, (max-width: 300px) 100vw, 300px\" \/><\/a>Scrivo questa\u00a0 lamentela e denuncia di una situazione che sta portando molti danni all\u2019Agordino (parlo di Agordino perch\u00e9 personalmente conosco la situazione di questo territorio ma potrei sicuramente dire Bellunese in generale) con la speranza di far riflettere chi di dovere. Quello di cui vorrei parlare \u00e8 la mancanza di un adeguato servizio di trasporto pubblico a causa dei tagli alle corse di Dolomitibus. In questo periodo si \u00e8 molto parlato della difficolt\u00e0 di movimento dei residenti e dei lavoratori dovuta a questi tagli. Io personalmente sono due anni che pago l&#8217;abbonamento e usufruisco dell&#8217;autobus per lavoro e non avere questo servizio \u00e8 un enorme disagio per tutti. Ma il turismo e l&#8217;economia del nostro territorio come ne risentono? Ieri, domenica 5 luglio, ho assistito ad una cosa che mi ha fatto riflettere e indignare. Ero all&#8217;ufficio turistico di Agordo con Alice, che l\u00ec ci lavora, ed \u00e8 entrato un ragazzo austriaco chiedendo se sapevamo dirgli gli orari delle corriere per Belluno. Alice gli ha risposto che non ci sono corriere che vanno a Belluno e gli ha suggerito di prendere un taxi ma il ragazzo ha spiegato che il costo per lui era troppo alto, essendo da solo. Il ragazzo visibilmente stanco (abbiamo poi scoperto che era appena rientrato a piedi dal rifugio Carestiato dopo aver percorso l&#8217;Alta Via n.1) e con un&#8217;espressione delusa e affranta ha chiesto se poteva avere almeno un foglio dove scrivere \u201cBelluno\u201d per poter fare autostop. Alice mi ha poi spiegato che si trova spesso in questa situazione e mi ha detto che sicuramente non sarebbe stata l&#8217;unica persona in quella stessa giornata ad entrare ponendo la stessa domanda. Io mi chiedo: in un territorio che vive di turismo, a cosa pu\u00f2 portare questa situazione? Vi sembra giusto che l&#8217;unica alternativa di un turista che non ha la possibilit\u00e0 di pagare un taxi (30 km non costano poco) sia l\u2019autostop? Sicuramente inizier\u00e0 a diffondersi la notizia che l\u2019Agordino non \u00e8 appetibile per il turismo dato che non offre adeguatamente uno dei servizi pi\u00f9 importanti: il trasporto pubblico. I comuni, le associazioni, i commercianti, gli albergatori e tutti gli operatori del settore turistico fanno di tutto per portare turismo, per promuovere questo territorio stupendo e farlo vivere. Ma dove portano tutti questi sforzi se poi ci scontriamo con queste situazioni? Allora poi non lamentiamoci se altre realt\u00e0 (non faccio nomi ma abbiamo tutti capito a cosa mi riferisco) hanno pi\u00f9 fortuna e pi\u00f9 turismo di noi, pur avendo le stesse bellezze.<\/p>\n<p class=\"gmail-p1\"><strong>Celeste Paganin<\/strong><\/p>\n<p>&nbsp;<\/p>\n<p>&nbsp;<\/p>\n<hr \/>\n<blockquote>\n<h2><\/h2>\n<h2>Riparte il servizio di trasporto pubblico urbano a Belluno, Feltre e Auronzo<\/h2>\n<p><em>Scopel: \u00abUn altro passo in avanti, ma rimane la necessit\u00e0 di misure emergenziali\u00bb<\/em><\/p>\n<p><strong><a class=\"dt-pswp-item\" href=\"https:\/\/www.radiopiu.net\/wordpress\/wp-content\/uploads\/2020\/06\/9ecd9b94-d553-435b-93a2-c268918bc743.jpg\" data-dt-img-description=\"\" data-large_image_width=\"1280\" data-large_image_height=\"960\"><img loading=\"lazy\" decoding=\"async\" class=\" wp-image-145518 alignleft\" src=\"https:\/\/www.radiopiu.net\/wordpress\/wp-content\/uploads\/2020\/06\/9ecd9b94-d553-435b-93a2-c268918bc743-300x225.jpg\" alt=\"\" width=\"229\" height=\"172\" srcset=\"https:\/\/www.radiopiu.net\/wordpress\/wp-content\/uploads\/2020\/06\/9ecd9b94-d553-435b-93a2-c268918bc743-300x225.jpg 300w, https:\/\/www.radiopiu.net\/wordpress\/wp-content\/uploads\/2020\/06\/9ecd9b94-d553-435b-93a2-c268918bc743-1024x768.jpg 1024w, https:\/\/www.radiopiu.net\/wordpress\/wp-content\/uploads\/2020\/06\/9ecd9b94-d553-435b-93a2-c268918bc743-768x576.jpg 768w, https:\/\/www.radiopiu.net\/wordpress\/wp-content\/uploads\/2020\/06\/9ecd9b94-d553-435b-93a2-c268918bc743.jpg 1280w\" sizes=\"auto, (max-width: 229px) 100vw, 229px\" \/><\/a>BELLUNO<\/strong>\u00a0 Riprendono i collegamenti bus nei Comuni di Belluno, Feltre e Auronzo. La Provincia ha dato l\u2019ok a Dolomitibus per la ripartenza del servizio urbano. Entra dunque in vigore l\u2019orario estivo, che rester\u00e0 attivo presumibilmente fino al 13 settembre (se sar\u00e0 confermato l\u2019avvio dell\u2019anno scolastico &#8211; in presenza &#8211; per il 14 settembre). Il ripristino delle corse bus all\u2019interno dei Comuni di Belluno, Feltre e Auronzo \u00e8 stato reso possibile anche grazie alla nuova ordinanza regionale, che consente alle aziende di trasporto di occupare il 100 per cento della capienza dei mezzi (fatte salve le misure anti-contagio, su tutte l\u2019uso della mascherina). \u00abIl sistema del tpl rimane comunque in attesa di risorse straordinarie da parte dello Stato &#8211; conclude il consigliere Scopel -. Il lockdown prima e il crollo dei passeggeri poi hanno creato una situazione che non pu\u00f2 essere risolta senza misure emergenziali\u00bb.<\/p>\n<p>IL CONSIGLIERE PROVINCIALE DARIO SCOPEL<\/p><\/blockquote>\n<audio class=\"wp-audio-shortcode\" id=\"audio-148020-2\" preload=\"none\" style=\"width: 100%;\" controls=\"controls\"><source type=\"audio\/mpeg\" src=\"https:\/\/www.radiopiu.net\/wordpress\/wp-content\/uploads\/2020\/07\/SCOPEL.mp3?_=2\" \/><a href=\"https:\/\/www.radiopiu.net\/wordpress\/wp-content\/uploads\/2020\/07\/SCOPEL.mp3\">https:\/\/www.radiopiu.net\/wordpress\/wp-content\/uploads\/2020\/07\/SCOPEL.mp3<\/a><\/audio>\n<p>&nbsp;<\/p>\n<hr \/>\n<blockquote>\n<h2><\/h2>\n<h2>Governance Poll 2020 sul gradimento dei sindaci Massaro risale venti posizioni, secondo in Veneto<\/h2>\n<\/blockquote>\n<p><strong><a class=\"dt-pswp-item\" href=\"https:\/\/www.radiopiu.net\/wordpress\/wp-content\/uploads\/2020\/06\/jeZLuVOo.jpeg\" data-dt-img-description=\"\" data-large_image_width=\"178\" data-large_image_height=\"178\"><img loading=\"lazy\" decoding=\"async\" class=\" wp-image-143659 alignleft\" src=\"https:\/\/www.radiopiu.net\/wordpress\/wp-content\/uploads\/2020\/06\/jeZLuVOo.jpeg\" alt=\"\" width=\"109\" height=\"109\" srcset=\"https:\/\/www.radiopiu.net\/wordpress\/wp-content\/uploads\/2020\/06\/jeZLuVOo.jpeg 178w, https:\/\/www.radiopiu.net\/wordpress\/wp-content\/uploads\/2020\/06\/jeZLuVOo-150x150.jpeg 150w\" sizes=\"auto, (max-width: 109px) 100vw, 109px\" \/><\/a>BELLUNO\u00a0<\/strong> Venti posizioni guadagnate a livello nazionale, secondo sindaco \u201cpi\u00f9 amato\u201c in Veneto: cresce il gradimento dei cittadini nei confronti del Sindaco di Belluno, Jacopo Massaro, e a testimoniarlo \u00e8 il Governance Poll 2020 sul gradimento dei sindaci dei capoluoghi italiani, pubblicato oggi da Il Sole 24 Ore e realizzato da Noto Sondaggi. Massaro, conquistando la ventisettesima posizione assoluta su 105 primi cittadini in graduatoria, entra per la prima volta tra i primi trenta \u2013 top 30 sfiorata nel 2015 con un 33esimo posto &#8211; ed \u00e8 il secondo sindaco del Veneto in classifica, dopo il primo cittadino di Venezia Luigi Brugnaro al quinto posto; risulta anche il quinto in Italia tra i sindaci sostenuti da liste civiche e il settimo tra quelli al secondo mandato.<\/p>\n<h3>IL SINDACO JACOPO MASSARO<\/h3>\n<audio class=\"wp-audio-shortcode\" id=\"audio-148020-3\" preload=\"none\" style=\"width: 100%;\" controls=\"controls\"><source type=\"audio\/mpeg\" src=\"https:\/\/www.radiopiu.net\/wordpress\/wp-content\/uploads\/2020\/07\/Massaro-Governance-Poll-2020.mp3?_=3\" \/><a href=\"https:\/\/www.radiopiu.net\/wordpress\/wp-content\/uploads\/2020\/07\/Massaro-Governance-Poll-2020.mp3\">https:\/\/www.radiopiu.net\/wordpress\/wp-content\/uploads\/2020\/07\/Massaro-Governance-Poll-2020.mp3<\/a><\/audio>\n<p>&nbsp;<\/p>\n<p>&nbsp;<\/p>\n<hr \/>\n<blockquote>\n<h3><\/h3>\n<h3><b>FASE 3: DONAZZAN, \u201cNUOVI BANDI DA 6 MLN PER AIUTARE LA RIPARTENZA DELLE IMPRESE DEL TURISMO E DELLA CULTURA\u201d<\/b><\/h3>\n<\/blockquote>\n<p><strong><a class=\"dt-pswp-item\" href=\"https:\/\/www.radiopiu.net\/wordpress\/wp-content\/uploads\/2020\/04\/DONAZZAN.jpg\" data-dt-img-description=\"\" data-large_image_width=\"2048\" data-large_image_height=\"2048\"><img loading=\"lazy\" decoding=\"async\" class=\"size-medium wp-image-128499 alignleft\" src=\"https:\/\/www.radiopiu.net\/wordpress\/wp-content\/uploads\/2020\/04\/DONAZZAN-300x300.jpg\" alt=\"\" width=\"300\" height=\"300\" \/><\/a>VENEZIA \u00a0<\/strong>Sei milioni di euro per rilanciare imprese, attivit\u00e0 e servizi della cultura e del turismo, due tra i settori pi\u00f9 penalizzati della sospensione delle attivit\u00e0 per il contenimento del Covid e dalle incertezze delle fase 3. Li mette a disposizione la Giunta regionale del Veneto, su indicazione dell\u2019assessorato alla Formazione e al Lavoro, di concerto con gli assessorati alla Cultura e al Turismo, attingendo alla dotazione dei fondi Fse per l\u2019asse occupabilit\u00e0.\u00a0\u201c<em>La maggiore flessibilit\u00e0 nella gestione dei fondi comunitari decisa a livello europeo in seguito all\u2019emergenza sanitaria e la riprogrammazione delle risorse effettuata dalla Giunta regionale \u2013 spiega l\u2019assessore al lavoro Elena Donazzan &#8211; ci hanno consentito di mettere in cantiere due prime iniziative in favore dei due dei settori maggiormente colpiti dalla crisi 2020: quello della cultura e quello del turismo. Solo il turismo, prima industria del Veneto, nel trimestre marzo-maggio denuncia perdite per mancati introiti pari ad 1,8 miliardi di euro, Ma anche le imprese del settore culturale stanno pagando a caro prezzo il costo del lockdown e il difficile ritorno alla normalit\u00e0<\/em>\u201d.\u00a0Obiettivo dei bandi \u00e8 aiutare le imprese dei due settori a far fronte alla nuova operativit\u00e0 dettata dalle misure di sicurezza per l\u2019emergenza (dai dispositivi di igienizzazione alla sanificazione dei locali, dai sistemi di prenotazioni online alla riorganizzazione dell\u2019offerta) e, nel contempo, a qualificare ulteriormente dipendenti e collaboratori sul fronte organizzativo-gestionale, per offrire nuovi servizi che aiutino la ripartenza delle attivit\u00e0 culturali e di quelle legate all\u2019ospitalit\u00e0.\u00a0Il primo bando, predisposto dall\u2019assessorato alla Formazione e Lavoro di concerto con quello alla Cultura retto da Cristiano Corazzari, si intitola \u201cLaboratorio Veneto. Strumenti per il settore cultura\u201d e mette a disposizione 3 milioni di euro destinati a organizzazioni di natura privata, imprese e non, afferenti alla produzione o ai servizi culturali, dello spettacolo dal vivo, museale, espositivo, imprese culturali e creative per strumenti operativi per la ripartenza del settore cultura.<span class=\"Apple-converted-space\">\u00a0<\/span>Il secondo bando \u201cRi-partiamo! Per il rilancio del turismo in Veneto\u201d, predisposto con l\u2019assessore al Turismo Federico Caner, vale anch\u2019esso 3 milioni di euro ed \u00e8 destinato ai lavoratori di imprese che offrono servizi di natura turistica con particolare riferimento alla ricettivit\u00e0 (alberghi, alloggi, villaggi turistici e altre strutture dell\u2019ospitalit\u00e0).\u00a0Fino al 30 luglio per il settore cultura e fino al 10 settembre per il settore turismo sar\u00e0 possibile presentare \u2013 da parte di organismi di formazione accreditati &#8211; progetti finalizzati a progettare e realizzare un Piano di adeguamento e di rilancio delle associazioni\/aziende partner finalizzato a ridisegnare l\u2019offerta e le modalit\u00e0 organizzative necessarie all\u2019erogazione dei servizi e dei prodotti (culturali e turistici).\u00a0In particolare, saranno sostenibili costi per la copertura di spese per dotazioni (attrezzature, dispositivi di protezione individuale e altri materiali collegati all\u2019adeguamento e rilancio) fino al 50% del costo complessivo del progetto. La restante quota sar\u00e0 dedicata ad interventi di formazione e di accompagnamento formazione tradizionale e innovativa, coaching, assistenza e consulenza, seminari, incentivi per temporary manager, spese di promozione ecc.\u00a0I progetti potranno essere dedicati ad una sola azienda o a pi\u00f9 aziende e avere un valore tra i 20 mila e i 150 mila euro.<span class=\"Apple-converted-space\">\u00a0<\/span><\/p>\n<p>&nbsp;<\/p>\n<p>&nbsp;<\/p>\n<hr \/>\n<p>&nbsp;<\/p>\n<p>&nbsp;<\/p>\n<blockquote>\n<h3><b>Energia, D\u2019Inc\u00e0: \u201cContributi a fondo perduto per 39 piccoli Comuni del Veneto\u201d<\/b><\/h3>\n<\/blockquote>\n<p><b>ROMA\u00a0 <\/b>\u201cUn contributo a fondo perduto di oltre 19 mila euro per i piccoli Comuni, nell\u2019anno 2020: \u00e8 stato assegnato grazie al decreto firmato dal Ministro dello Sviluppo Economico, Stefano Patuanelli, per realizzare interventi di efficientamento energetico e sviluppo territoriale sostenibile. \u00c8 un segno di attenzione per ciascun territorio al di sotto dei mille abitanti\u201d. Lo dichiara Federico D\u2019Inc\u00e0, Ministro per i Rapporti con il Parlamento, in merito al decreto firmato dal Ministro Patuanelli che assegna, a livello nazionale, oltre 37 milioni di euro per interventi energetici e sostenibili nei piccoli Comuni italiani.\u00a0 \u00a0Con questo contributo \u2013 prosegue D\u2019Inc\u00e0 \u2013 sar\u00e0 finanziata la realizzazione di opere di efficientamento dell\u2019illuminazione pubblica, risparmio energetico degli edifici pubblici, installazione di impianti di produzione di energia da fonti rinnovabili, nonch\u00e9 interventi per la mobilit\u00e0 sostenibile. Lavori che ogni comune beneficiario dovr\u00e0 avviare entro il 15 novembre 2020\u201d.<br \/>\nD\u2019Inc\u00e0 ricorda che \u201canche nel corso degli Stati Generali dell\u2019economia, nel confronto con i diversi protagonisti della vita sociale ed economica del nostro Paese, si \u00e8 discusso delle aree interne e rurali e della loro importanza per il futuro grazie alle proprie specificit\u00e0 culturali e produttive. Anche nei piccoli centri dobbiamo investire in infrastrutture, digitale ed energia rinnovabile: il Governo ci crede, vogliamo affrontare al meglio questa sfida\u201d.<\/p>\n<p>&nbsp;<\/p>\n<p>&nbsp;<\/p>\n<hr \/>\n<p>&nbsp;<\/p>\n<p>&nbsp;<\/p>\n<blockquote>\n<h2>TANA TUTTI LIBERI&#8230; PER LE SGAMBATE DEI CANI<\/h2>\n<\/blockquote>\n<p><strong>CANALE D&#8217;AGORDO\u00a0<\/strong><\/p>\n<p><strong>DI GIANNI SANTOMASO<\/strong><\/p>\n<audio class=\"wp-audio-shortcode\" id=\"audio-148020-4\" preload=\"none\" style=\"width: 100%;\" controls=\"controls\"><source type=\"audio\/mpeg\" src=\"https:\/\/www.radiopiu.net\/wordpress\/wp-content\/uploads\/2020\/07\/CANI-GIANNI.mp3?_=4\" \/><a href=\"https:\/\/www.radiopiu.net\/wordpress\/wp-content\/uploads\/2020\/07\/CANI-GIANNI.mp3\">https:\/\/www.radiopiu.net\/wordpress\/wp-content\/uploads\/2020\/07\/CANI-GIANNI.mp3<\/a><\/audio>\n\n\t\t\t<style type='text\/css'>\n\t\t\t\t#gallery-1 {\n\t\t\t\t\tmargin: auto;\n\t\t\t\t}\n\t\t\t\t#gallery-1 .gallery-item {\n\t\t\t\t\tfloat: left;\n\t\t\t\t\tmargin-top: 10px;\n\t\t\t\t\ttext-align: center;\n\t\t\t\t\twidth: 33%;\n\t\t\t\t}\n\t\t\t\t#gallery-1 img {\n\t\t\t\t\tborder: 2px solid #cfcfcf;\n\t\t\t\t}\n\t\t\t\t#gallery-1 .gallery-caption {\n\t\t\t\t\tmargin-left: 0;\n\t\t\t\t}\n\t\t\t\t\/* see gallery_shortcode() in wp-includes\/media.php *\/\n\t\t\t<\/style>\n\t\t<div id='gallery-1' class='dt-gallery-container gallery galleryid-148020 gallery-columns-3 gallery-size-thumbnail'><dl class='gallery-item'>\n\t\t\t\t<dt class='gallery-icon portrait'>\n\t\t\t\t\t<a class=\"rollover\" href='https:\/\/www.radiopiu.net\/wordpress\/giornale-radiopiu-07-luglio-2020-direttore-mirko-mezzacasa\/51075d4a-11cb-42a3-8e9a-ce1e1f8f21c0\/'><img loading=\"lazy\" decoding=\"async\" width=\"150\" height=\"150\" src=\"https:\/\/www.radiopiu.net\/wordpress\/wp-content\/uploads\/2020\/07\/51075d4a-11cb-42a3-8e9a-ce1e1f8f21c0-150x150.jpg\" class=\"attachment-thumbnail size-thumbnail\" alt=\"\" \/><\/a>\n\t\t\t\t<\/dt><\/dl><dl class='gallery-item'>\n\t\t\t\t<dt class='gallery-icon landscape'>\n\t\t\t\t\t<a class=\"rollover\" href='https:\/\/www.radiopiu.net\/wordpress\/giornale-radiopiu-07-luglio-2020-direttore-mirko-mezzacasa\/f69ef589-25b8-404b-9fb8-dc3515aa069e\/'><img loading=\"lazy\" decoding=\"async\" width=\"150\" height=\"150\" src=\"https:\/\/www.radiopiu.net\/wordpress\/wp-content\/uploads\/2020\/07\/f69ef589-25b8-404b-9fb8-dc3515aa069e-150x150.jpg\" class=\"attachment-thumbnail size-thumbnail\" alt=\"\" \/><\/a>\n\t\t\t\t<\/dt><\/dl><dl class='gallery-item'>\n\t\t\t\t<dt class='gallery-icon landscape'>\n\t\t\t\t\t<a class=\"rollover\" href='https:\/\/www.radiopiu.net\/wordpress\/giornale-radiopiu-07-luglio-2020-direttore-mirko-mezzacasa\/377c27a2-bff4-4542-96db-7f88f30566fb\/'><img loading=\"lazy\" decoding=\"async\" width=\"150\" height=\"150\" src=\"https:\/\/www.radiopiu.net\/wordpress\/wp-content\/uploads\/2020\/07\/377c27a2-bff4-4542-96db-7f88f30566fb-150x150.jpg\" class=\"attachment-thumbnail size-thumbnail\" alt=\"\" \/><\/a>\n\t\t\t\t<\/dt><\/dl><br style=\"clear: both\" \/><dl class='gallery-item'>\n\t\t\t\t<dt class='gallery-icon landscape'>\n\t\t\t\t\t<a class=\"rollover\" href='https:\/\/www.radiopiu.net\/wordpress\/giornale-radiopiu-07-luglio-2020-direttore-mirko-mezzacasa\/325a835c-6f0d-4733-9131-638eb67fe4cb\/'><img loading=\"lazy\" decoding=\"async\" width=\"150\" height=\"150\" src=\"https:\/\/www.radiopiu.net\/wordpress\/wp-content\/uploads\/2020\/07\/325a835c-6f0d-4733-9131-638eb67fe4cb-150x150.jpg\" class=\"attachment-thumbnail size-thumbnail\" alt=\"\" \/><\/a>\n\t\t\t\t<\/dt><\/dl><dl class='gallery-item'>\n\t\t\t\t<dt class='gallery-icon landscape'>\n\t\t\t\t\t<a class=\"rollover\" href='https:\/\/www.radiopiu.net\/wordpress\/giornale-radiopiu-07-luglio-2020-direttore-mirko-mezzacasa\/749aa336-c469-4022-8b2e-3e3447c3b8a6\/'><img loading=\"lazy\" decoding=\"async\" width=\"150\" height=\"150\" src=\"https:\/\/www.radiopiu.net\/wordpress\/wp-content\/uploads\/2020\/07\/749aa336-c469-4022-8b2e-3e3447c3b8a6-150x150.jpg\" class=\"attachment-thumbnail size-thumbnail\" alt=\"\" \/><\/a>\n\t\t\t\t<\/dt><\/dl><dl class='gallery-item'>\n\t\t\t\t<dt class='gallery-icon landscape'>\n\t\t\t\t\t<a class=\"rollover\" href='https:\/\/www.radiopiu.net\/wordpress\/giornale-radiopiu-07-luglio-2020-direttore-mirko-mezzacasa\/024b6520-327a-41c2-bcb0-7e03476cc16a\/'><img loading=\"lazy\" decoding=\"async\" width=\"150\" height=\"150\" src=\"https:\/\/www.radiopiu.net\/wordpress\/wp-content\/uploads\/2020\/07\/024b6520-327a-41c2-bcb0-7e03476cc16a-150x150.jpg\" class=\"attachment-thumbnail size-thumbnail\" alt=\"\" \/><\/a>\n\t\t\t\t<\/dt><\/dl><br style=\"clear: both\" \/>\n\t\t\t<\/div>\n\n<p>&nbsp;<\/p>\n<p>&nbsp;<\/p>\n<p>&nbsp;<\/p>\n<hr \/>\n<p>&nbsp;<\/p>\n<blockquote class=\"wp-embedded-content\" data-secret=\"VkesDX6t56\"><p><a href=\"https:\/\/www.radiopiu.net\/wordpress\/celebrazione-per-5-preti-doro-col-vescovo-renato-marangoni\/\">CELEBRAZIONE PER 5 \u201cPRETI D\u2019ORO\u201d COL VESCOVO RENATO MARANGONI di Renato Bona<\/a><\/p><\/blockquote>\n<p><iframe loading=\"lazy\" class=\"wp-embedded-content\" sandbox=\"allow-scripts\" security=\"restricted\" style=\"position: absolute; clip: rect(1px, 1px, 1px, 1px);\" title=\"&#8220;CELEBRAZIONE PER 5 \u201cPRETI D\u2019ORO\u201d COL VESCOVO RENATO MARANGONI di Renato Bona&#8221; &#8212; Radio Pi\u00f9\" src=\"https:\/\/www.radiopiu.net\/wordpress\/celebrazione-per-5-preti-doro-col-vescovo-renato-marangoni\/embed\/#?secret=VkesDX6t56\" data-secret=\"VkesDX6t56\" width=\"600\" height=\"338\" frameborder=\"0\" marginwidth=\"0\" marginheight=\"0\" scrolling=\"no\"><\/iframe><\/p>\n<p>&nbsp;<\/p>\n<hr \/>\n<h3><\/h3>\n<p>&nbsp;<\/p>\n<blockquote>\n<h3>IL CONSIGLIO COMUNALE DI MERCOLEDI 15 LUGLIO<\/h3>\n<\/blockquote>\n<p><strong>FALCADE<\/strong>. Mercoledi 15 luglio alle 8 del mattino consiglio comunale in Municipio.\u00a0 Un ordine del giorno con 17 punti in discussione, ma 10 sono riferiti alla conciliazione stragiudiziale tra il Comune di Falcade e diversi cittadini in riferimento a particelle di terreni. Nel consiglio anche le variazioni al bilancio, l&#8217;approvazione delle aliquote Imu e relativo regolamento, il programma dei lavori pubblici per il triennio (ed elenco annuale) e approvazione del bilancio di esercizio Asca.<\/p>\n<p>&nbsp;<\/p>\n<p>&nbsp;<\/p>\n<h3 class=\"photoswipe-wrapper\"><a class=\"dt-pswp-item pspw-wrap-ready\" href=\"https:\/\/i2.wp.com\/www.radiopiu.net\/wordpress\/wp-content\/uploads\/2018\/09\/appuntamenti.jpeg?ssl=1\" data-dt-img-description=\"\" data-large_image_width=\"800\" data-large_image_height=\"100\"><img loading=\"lazy\" decoding=\"async\" class=\"alignnone wp-image-61958 size-full jetpack-lazy-image jetpack-lazy-image--handled\" src=\"https:\/\/i2.wp.com\/www.radiopiu.net\/wordpress\/wp-content\/uploads\/2018\/09\/appuntamenti.jpeg?resize=800%2C100&amp;ssl=1\" sizes=\"auto, (max-width: 800px) 100vw, 800px\" srcset=\"https:\/\/i2.wp.com\/www.radiopiu.net\/wordpress\/wp-content\/uploads\/2018\/09\/appuntamenti.jpeg?w=800&amp;ssl=1 800w, https:\/\/i2.wp.com\/www.radiopiu.net\/wordpress\/wp-content\/uploads\/2018\/09\/appuntamenti.jpeg?resize=300%2C38&amp;ssl=1 300w, https:\/\/i2.wp.com\/www.radiopiu.net\/wordpress\/wp-content\/uploads\/2018\/09\/appuntamenti.jpeg?resize=768%2C96&amp;ssl=1 768w\" alt=\"\" width=\"800\" height=\"100\" data-lazy-loaded=\"1\" \/><\/a><\/h3>\n<p>&nbsp;<\/p>\n<blockquote>\n<h3>TENNIS COME UNA VOLTA NEL RICORDO DI DARIO<\/h3>\n<\/blockquote>\n<p><strong>AGORDO<\/strong> Il Tennis Club Agordo ha organizzato il memorial Dario Triches, vintage con racchette in legno. Manifestazioni sportiva riservati ai soci. Appuntamento per domenica 19 luglio ai campi di via lungo Rova. Madrina della manifestazione Susanna Triches.<\/p>\n<p>&nbsp;<\/p>\n<hr \/>\n<p>&nbsp;<\/p>\n<blockquote>\n<h3>LE NOSTRE STELLE AL FULCIS<\/h3>\n<\/blockquote>\n<p><strong>BELLUNO<\/strong> Sabato 11 luglio alle 18.30 a Belluno nel Chiostro di Palazzo Fulcis &#8220;Le nostre stelle&#8221; concerto lirico con Domenico Menini (tenore), Chiara Isotton (soprano), Andrea Moro (viola) Federico Brunello (pianoforte). Prenotazione obbligatoria scrivendo a\u00a0 info@goccedisole.bl.it. Biglietto d&#8217;ingresso 20 euro. Il caso di maltempo il concerto si terr\u00e0 a porte chiuse.<\/p>\n<p>&nbsp;<\/p>\n<hr \/>\n<p>&nbsp;<\/p>\n<blockquote>\n<h3>EL CANAL DE AGORT, SCAVARE NEL PASSATO<\/h3>\n<\/blockquote>\n<p><strong>AGORDO<\/strong>\u00a0Storia e archeologia da San Gottardo a Pont del Cristo. La mostra \u00e8 allestita fino al 6 settembre al museo mineralogico e paleontologico di via 5 maggio sulla strada per l\u2019ex Istituto Minerario a cura dell\u2019Arca, il gruppo archeologico agordino. Visitabile nei giorni di venerdi, sabato e domenica dalle 10 alle 12.30 e dalle 16 alle 19 con ingresso libero. Da settembre visite su prenotazione. Un tuffo nel passato alla scoperta di antichi reperti storici \u00a0e nuove conoscenze relative alle frequentazioni del Canale in periodo protostorico, ovvero risalenti a 2500 \u2013 3000 anni fa.<\/p>\n<h3><\/h3>\n<p>&nbsp;<\/p>\n<hr \/>\n<p>&nbsp;<\/p>\n<h2>LA NOVITA\u2019 A PIAN LONGHI IN NEVEGAL<\/h2>\n<h3 class=\"photoswipe-wrapper\"><a class=\"dt-pswp-item pspw-wrap-ready\" href=\"https:\/\/i0.wp.com\/www.radiopiu.net\/wordpress\/wp-content\/uploads\/2020\/07\/58dca1a9-4ede-4a8d-99fb-6357d98c7306.jpg?ssl=1\" data-dt-img-description=\"\" data-large_image_width=\"620\" data-large_image_height=\"877\"><img loading=\"lazy\" decoding=\"async\" class=\"wp-image-147749 size-full aligncenter jetpack-lazy-image jetpack-lazy-image--handled\" src=\"https:\/\/i0.wp.com\/www.radiopiu.net\/wordpress\/wp-content\/uploads\/2020\/07\/58dca1a9-4ede-4a8d-99fb-6357d98c7306.jpg?resize=620%2C877&amp;ssl=1\" sizes=\"auto, (max-width: 620px) 100vw, 620px\" srcset=\"https:\/\/i0.wp.com\/www.radiopiu.net\/wordpress\/wp-content\/uploads\/2020\/07\/58dca1a9-4ede-4a8d-99fb-6357d98c7306.jpg?w=620&amp;ssl=1 620w, https:\/\/i0.wp.com\/www.radiopiu.net\/wordpress\/wp-content\/uploads\/2020\/07\/58dca1a9-4ede-4a8d-99fb-6357d98c7306.jpg?resize=212%2C300&amp;ssl=1 212w\" alt=\"\" width=\"620\" height=\"877\" data-lazy-loaded=\"1\" \/><\/a><\/h3>\n<p>&nbsp;<\/p>\n<p>&nbsp;<\/p>\n<p>&nbsp;<\/p>\n<hr \/>\n<h3><\/h3>\n<blockquote>\n<h3>APERTE LE VISITE DELLA CHIESA DI SAN SIMON A VALLADA E LA CASA DELLE REGOLE A CANALE<\/h3>\n<\/blockquote>\n<p><strong>CANALE D\u2019AGORDO\u00a0<\/strong>La Fondazione Papa Luciani ONLUS ha il piacere di comunicarVi l\u2019apertura della Casa delle Regole e della Chiesa Monumentale di San Simon.\u00a0La Casa delle Regole a Canale d\u2019Agordo in Piazzetta Tancon, sar\u00e0 aperta dal 06 luglio al 31 agosto 2020, tutti i giorni, dalle ore 10:30 al 12.30 e dalle 17:00 alle 19:00. Ingresso: contributo di \u20ac 1,00 a persona. Il biglietto \u00e8 acquistabile presso il Museo Albino Luciani o presso la Casa delle Regole durante gli orari di apertura\u00a0La Chiesa Monumentale di San Simon a Vallada Agordina, \u00e8 aperta dal 04 luglio al 31 agosto 2020, tutti i giorni dalle ore 9:30 alle 12:30 e dalle ore 15:30 alle 18:30.<\/p>\n<p>&nbsp;<\/p>\n<p>&nbsp;<\/p>\n<hr \/>\n<p>&nbsp;<\/p>\n<blockquote>\n<h3>APRE L\u2019UFFICIO PROLOCO DI CANALE D\u2019AGORDO<\/h3>\n<\/blockquote>\n<p><strong>CANALE D\u2019AGORDO<\/strong>\u00a0L\u201dufficio pro loco di Canale d\u2019Agordo per i mesi di luglio ed agosto 2020 sar\u00e0 aperto tutti i giorni dalle 9 alle 12.30 e dalle 15.30 alle 18.30. La Proloco dopo alcune valutazioni tecniche e logistiche\u00a0 ha deciso\u00a0 che il\u00a0 Concerto in Valle di Gares previsto per il 12 agosto 2020 e la Lucciolata 2020 sono annullati, se ne riparler\u00e0 tra un anno.<\/p>\n<p>&nbsp;<\/p>\n<hr \/>\n<p>&nbsp;<\/p>\n<h2>IERI ALLA RADIO<\/h2>\n<h2><a class=\"dt-pswp-item\" href=\"https:\/\/www.radiopiu.net\/wordpress\/wp-content\/uploads\/2020\/05\/DOLOMITI-BEER.png\" data-dt-img-description=\"\" data-large_image_width=\"812\" data-large_image_height=\"450\"><img loading=\"lazy\" decoding=\"async\" class=\"size-medium wp-image-139660 alignleft\" src=\"https:\/\/www.radiopiu.net\/wordpress\/wp-content\/uploads\/2020\/05\/DOLOMITI-BEER-300x166.png\" alt=\"\" width=\"300\" height=\"166\" srcset=\"https:\/\/www.radiopiu.net\/wordpress\/wp-content\/uploads\/2020\/05\/DOLOMITI-BEER-300x166.png 300w, https:\/\/www.radiopiu.net\/wordpress\/wp-content\/uploads\/2020\/05\/DOLOMITI-BEER-768x426.png 768w, https:\/\/www.radiopiu.net\/wordpress\/wp-content\/uploads\/2020\/05\/DOLOMITI-BEER.png 812w\" sizes=\"auto, (max-width: 300px) 100vw, 300px\" \/><\/a><span style=\"color: #800080;\">GIANLUCA ROSSI, SPECIALE DOLOMITI BEER &amp; WINE DA NAPI<\/span><\/h2>\n<p><strong>di Claudio Fontanive<\/strong><\/p>\n<audio class=\"wp-audio-shortcode\" id=\"audio-148020-5\" preload=\"none\" style=\"width: 100%;\" controls=\"controls\"><source type=\"audio\/mpeg\" src=\"https:\/\/www.radiopiu.net\/wordpress\/wp-content\/uploads\/2020\/07\/gianluca-rosi-6-luglio.mp3?_=5\" \/><a href=\"https:\/\/www.radiopiu.net\/wordpress\/wp-content\/uploads\/2020\/07\/gianluca-rosi-6-luglio.mp3\">https:\/\/www.radiopiu.net\/wordpress\/wp-content\/uploads\/2020\/07\/gianluca-rosi-6-luglio.mp3<\/a><\/audio>\n<p>&nbsp;<\/p>\n<p>&nbsp;<\/p>\n<hr \/>\n<p>&nbsp;<\/p>\n<p>&nbsp;<\/p>\n<h2><span style=\"color: #ff0000;\">DUE MINUTI UN LIBRO<\/span><\/h2>\n<blockquote class=\"wp-embedded-content\" data-secret=\"R175X4IPm2\"><p><a href=\"https:\/\/www.radiopiu.net\/wordpress\/ritorno-a-villa-blu\/\">RITORNO A VILLA BLU<\/a><\/p><\/blockquote>\n<p><iframe loading=\"lazy\" class=\"wp-embedded-content\" sandbox=\"allow-scripts\" security=\"restricted\" style=\"position: absolute; clip: rect(1px, 1px, 1px, 1px);\" title=\"&#8220;RITORNO A VILLA BLU&#8221; &#8212; Radio Pi\u00f9\" src=\"https:\/\/www.radiopiu.net\/wordpress\/ritorno-a-villa-blu\/embed\/#?secret=R175X4IPm2\" data-secret=\"R175X4IPm2\" width=\"600\" height=\"338\" frameborder=\"0\" marginwidth=\"0\" marginheight=\"0\" scrolling=\"no\"><\/iframe><\/p>\n<p><strong>LE ALTRE PUNTATE<\/strong><\/p>\n<blockquote class=\"wp-embedded-content\" data-secret=\"qRUuxmcWwU\"><p><a href=\"https:\/\/www.radiopiu.net\/wordpress\/due-minuti-un-libro\/\">Due minuti un libro<\/a><\/p><\/blockquote>\n<p><iframe loading=\"lazy\" class=\"wp-embedded-content\" sandbox=\"allow-scripts\" security=\"restricted\" style=\"position: absolute; clip: rect(1px, 1px, 1px, 1px);\" title=\"&#8220;Due minuti un libro&#8221; &#8212; Radio Pi\u00f9\" src=\"https:\/\/www.radiopiu.net\/wordpress\/due-minuti-un-libro\/embed\/#?secret=qRUuxmcWwU\" data-secret=\"qRUuxmcWwU\" width=\"600\" height=\"338\" frameborder=\"0\" marginwidth=\"0\" marginheight=\"0\" scrolling=\"no\"><\/iframe><\/p>\n<h2><\/h2>\n<p>&nbsp;<\/p>\n<hr \/>\n<h2><\/h2>\n<p>&nbsp;<\/p>\n<h2><span style=\"color: #008000;\">IL MESSAGGIO DEI SACERDOTI A RADIO PIU&#8217;<\/span><\/h2>\n<blockquote class=\"wp-embedded-content\" data-secret=\"t58Xewjb2N\"><p><a href=\"https:\/\/www.radiopiu.net\/wordpress\/chiesa11\/\">DON CESARE SU RADIO PIU&#8217; ALLE 7.30 E 19.30, PARROCCHIE DI AGORDO, LA VALLE E TAIBON<\/a><\/p><\/blockquote>\n<p><iframe loading=\"lazy\" class=\"wp-embedded-content\" sandbox=\"allow-scripts\" security=\"restricted\" style=\"position: absolute; clip: rect(1px, 1px, 1px, 1px);\" title=\"&#8220;DON CESARE SU RADIO PIU&#8217; ALLE 7.30 E 19.30, PARROCCHIE DI AGORDO, LA VALLE E TAIBON&#8221; &#8212; Radio Pi\u00f9\" src=\"https:\/\/www.radiopiu.net\/wordpress\/chiesa11\/embed\/#?secret=t58Xewjb2N\" data-secret=\"t58Xewjb2N\" width=\"600\" height=\"338\" frameborder=\"0\" marginwidth=\"0\" marginheight=\"0\" scrolling=\"no\"><\/iframe><\/p>\n<p>&nbsp;<\/p>\n<p>&nbsp;<\/p>\n<hr \/>\n<p>&nbsp;<\/p>\n<p>&nbsp;<\/p>\n<p><strong class=\"photoswipe-wrapper\"><a class=\"dt-pswp-item pspw-wrap-ready\" href=\"https:\/\/i0.wp.com\/www.radiopiu.net\/wordpress\/wp-content\/uploads\/2018\/09\/viabilita.jpeg?ssl=1\" data-dt-img-description=\"\" data-large_image_width=\"800\" data-large_image_height=\"100\"><img loading=\"lazy\" decoding=\"async\" class=\"aligncenter wp-image-61954 size-full jetpack-lazy-image jetpack-lazy-image--handled\" src=\"https:\/\/i0.wp.com\/www.radiopiu.net\/wordpress\/wp-content\/uploads\/2018\/09\/viabilita.jpeg?resize=800%2C100&amp;ssl=1\" sizes=\"auto, (max-width: 800px) 100vw, 800px\" srcset=\"https:\/\/i0.wp.com\/www.radiopiu.net\/wordpress\/wp-content\/uploads\/2018\/09\/viabilita.jpeg?w=800&amp;ssl=1 800w, https:\/\/i0.wp.com\/www.radiopiu.net\/wordpress\/wp-content\/uploads\/2018\/09\/viabilita.jpeg?resize=300%2C38&amp;ssl=1 300w, https:\/\/i0.wp.com\/www.radiopiu.net\/wordpress\/wp-content\/uploads\/2018\/09\/viabilita.jpeg?resize=768%2C96&amp;ssl=1 768w\" alt=\"\" width=\"800\" height=\"100\" data-lazy-loaded=\"1\" \/><\/a><\/strong><\/p>\n<p><strong>\u00a0<\/strong><\/p>\n<p>PROVINCIALE 563 DI SALESEI, LOCALITA&#8217; DIGONERA. SENSO UNICO ALTERNATO REGOLATO DA IMPIANTO SEMAFORICO FINO AL 15 LUGLIO PER MESSA IN SICUREZZA DEL PIANO VIABILE<\/p>\n<p>SP 251 FINO AL 31 LUGLIO TRA PESCUL E SELVA DI CADORE SENSO UNICO ALTERNATO REGOLATO DA SEMAFORO, ESCLUSI SABATO E DOMENICA PER POSA FIBRE OTTICHE<\/p>\n<p>PROVINCIALE 3 VALLE IMPERINA, LOCALITA\u2019 CORDE MOLE: DAL 6 LUGLIO DALLE 8 ALLE 11.45 E DALLE 13.30 ALLE 17.30 (SABATO E DOMENICA ESCLUSI) INTERRUZIONI ALLA VIABILITA\u2019 FINO A 30 MINUTI PER TAGLIO PIANTE TRA LE LOCALITA\u2019 CORDE MOLE E VALLESIN<\/p>\n<p>PROVINCIALE 641 DI PASSO FEDAIA, FINO AL 31 LUGLIO (FESTIVI E PREFESTIVI ECLUSI) SENSO UNICO IN LOCALIT\u00c0 ROCCA PIETORE PER SOSTITUZIONI BARRIERE LATERALI<\/p>\n<p>PROVINCIALE 25 PASSO VALLES FINO AL 18 LUGLIO (FESTIVI ESCLUSI) SENSO UNICO ALERNATO CON SEMAFORO O MOVIERI PER ESBOSCO<\/p>\n<p>FINO AL 24 LUGLIO SABATO E DOMENICA COMPRESI LUNGO LA 641 DI PASSO FEDAIA IN LOCALIT\u00e0 CAPANNA BILL E COL DI ROCCA, SENSO UNICO ALTERNATO CON SEMAFORO<\/p>\n<p>STRADA REGIONALE 203 AGORDINA TRA PERON E CANDATEN, FINO 31 LUGLIO ESCLUSI SABATI E DOMENICHE, DALLE 7:30 ALLE 9 E E DALLE 16:30 ALLE 18 SENSO UNICO ALTERNATO REGOLATO DA MOVIERI. NEGLI ALTRI ORARI SENSO UNICO ALTERNATO REGOLATO DA SEMAFORO PER INTERRAMENTO CAVIDOTTO E-DISTRIBUZIONE<\/p>\n<p>347 DURAN E CEREDA: FINO ALL\u201911 LUGLIO (FESTIVI ECLUSI) SENSO UNICO CON SEMAFORO IN LOCALIT\u00c0 SANT\u2019ANDREA (GOSALDO)<\/p>\n<p>PROVINCIALE 25 PASSO VALLES FINO AL 18 LUGLIO (FESTIVI ESCLUSI) SENSO UNICO ALERNATO CON SEMAFORO O MOVIERI PER ESBOSCO<\/p>\n<p>347 DURAN E CEREDA, NEI COMUNI DI CIBIANA E VALLE DI CADORE, FINO\u00a0 AL 10 LUGLIO POSSIBILI INTERRUZIONI DELLA DURATA MASSIMA DI 30 MINUTI E SENSO UNICO ALTERNATO REGOLATO DA MOVIERI PER ASFALTATURA PIANO VIABILE<\/p>\n<p>PROVINCIALE 20 DELLA VAL FIORENTINA, SELVA DI CADORE: FINO AL 10 LUGLIO, CHIUSURA TOTALE TRA SOLATOR E IL CENTRO DEL PAESE ANCHE NEI GIORNI FESTIVI E PREFESTIVI, DAL CHILOMETRO 4.850 AL CHILOMETRO 5.100. TRANSITO CONSENTITO AI LOCALI CON TEMPI DI ATTESA MASSIMI STIMATI IN 30 MINUTI IN LOCALITA\u2019 SOLATOR DAL CHILOMETRO 4.400 AL CHILOMETRO 4.850<\/p>\n<p>STRADA REGIONALE 48 DELLE DOLOMITI, A CORTINA IN LOCALITA\u2019 POCOL, SENSO UNICO ALTERNATO REGOLATO DA IMPIANTO SEMAFORICO \u00a0DAL 6 AL 24 LUGLIO, ESCLUSI SABATI E DOMENICHE, PER POSA CAVIDOTTO E-DISTRIBUZIONE<\/p>\n<p>STRADA PROVINCIALE 30 PANORAMICA DEL COMELICO, FINO\u00a0 AL 31 LUGLIO INTERDIZIONE TOTALE ALLA VIABILITA\u2019 TRA COSTA E COSTALISSOIO PER MESSA IN SICUREZZA STRADA<\/p>\n<p>STRADA PROVINCIALE 619 DI VIGO DI CADORE, FINO\u00a0 AL 7 AGOSTO, ESCLUSI SABATI E DOMENICHE, SENSO UNICO ALTERNATO REGOLATO DA IMPIANTO SEMAFORICO O MOVIERI PER MESSA IN SICUREZZA DELLA STRADA<\/p>\n<p>&nbsp;<\/p>\n<hr \/>\n<p>&nbsp;<\/p>\n<h2><em><strong>COMUNICAZIONE ISTITUZIONALE \u2013 APP IMMUNI<\/strong><\/em><\/h2>\n<p><iframe loading=\"lazy\" title=\"Immuni App 30\" width=\"1200\" height=\"675\" src=\"https:\/\/www.youtube.com\/embed\/-XG48J62814?feature=oembed\" frameborder=\"0\" allow=\"accelerometer; autoplay; clipboard-write; encrypted-media; gyroscope; picture-in-picture\" allowfullscreen><\/iframe><\/p>\n<p>&nbsp;<\/p>\n<hr \/>\n<p>&nbsp;<\/p>\n<p class=\"photoswipe-wrapper\"><a class=\"dt-pswp-item pspw-wrap-ready\" href=\"https:\/\/i0.wp.com\/www.radiopiu.net\/wordpress\/wp-content\/uploads\/2018\/09\/WhatsApp-Image-2018-09-20-at-16.04.06.jpeg?ssl=1\" data-dt-img-description=\"\" data-large_image_width=\"800\" data-large_image_height=\"100\"><img loading=\"lazy\" decoding=\"async\" class=\"aligncenter wp-image-61378 size-full jetpack-lazy-image jetpack-lazy-image--handled\" src=\"https:\/\/i0.wp.com\/www.radiopiu.net\/wordpress\/wp-content\/uploads\/2018\/09\/WhatsApp-Image-2018-09-20-at-16.04.06.jpeg?resize=800%2C100&amp;ssl=1\" sizes=\"auto, (max-width: 800px) 100vw, 800px\" srcset=\"https:\/\/i0.wp.com\/www.radiopiu.net\/wordpress\/wp-content\/uploads\/2018\/09\/WhatsApp-Image-2018-09-20-at-16.04.06.jpeg?w=800&amp;ssl=1 800w, https:\/\/i0.wp.com\/www.radiopiu.net\/wordpress\/wp-content\/uploads\/2018\/09\/WhatsApp-Image-2018-09-20-at-16.04.06.jpeg?resize=300%2C38&amp;ssl=1 300w, https:\/\/i0.wp.com\/www.radiopiu.net\/wordpress\/wp-content\/uploads\/2018\/09\/WhatsApp-Image-2018-09-20-at-16.04.06.jpeg?resize=768%2C96&amp;ssl=1 768w\" alt=\"\" width=\"800\" height=\"100\" data-lazy-loaded=\"1\" \/><\/a><\/p>\n<p>&nbsp;<\/p>\n<p><center><b>Martedi 7<\/b><\/center><b>Tempo atteso:\u00a0<\/b>Rasserenamenti nottetempo, dapprima sulle Dolomiti, poi sulle Prealpi. In giornata sole, cielo sereno, aria tersa ed ottima visibilit\u00e0. L&#8217;aria sar\u00e0 particolarmente secca e sembra che il cielo possa rimanere del tutto sereno, senza i consueti cumuli nelle ore pi\u00f9 calde. Clima fresco al primo mattino e assai meno caldo in giornata, anche ventilato all&#8217;alba in quota.<br \/>\n<b>Precipitazioni:\u00a0<\/b>Qualche residuo fenomeno sulle Prealpi centro-orientali nella prima parte della notte (20%). In giornata ovunque assenti (0%).<br \/>\n<b>Temperature:\u00a0<\/b>In generale calo. Sono previste punte di 26\/28\u00b0C nei fondovalle prealpini e di 21\/23\u00b0C a 1000\/1200 m. Su Prealpi a 1500 m min 9\u00b0C max 17\u00b0C, a 2000 m min 5\u00b0C max 14\u00b0C. Su Dolomiti a 2000 m min 4\u00b0C max 14\u00b0C, a 3000 m min 1\u00b0C max 5\u00b0C.<br \/>\n<b>Venti:\u00a0<\/b>Nelle valli deboli, localmente e a tratti moderati, per brezze; in quota tesi\/forti da nord-ovest nella notte, perlopi\u00f9 moderati in giornata, a 5-25 km\/h a 2000 m e 15-60 km\/h a 3000 m.<\/p>\n<hr \/>\n<p><center><b>Mercoledi 8<\/b><\/center><b>Tempo atteso:\u00a0<\/b>Tempo stabile e ben soleggiato con cielo sereno, aria tersa ed ottima visibilit\u00e0 al mattino. Cielo ancora perlopi\u00f9 sereno durante le ore pi\u00f9 calde, eccetto modesti cumuli e temporanei banchi di sottili nubi alte. Clima diurno di nuovo pi\u00f9 caldo.<br \/>\n<b>Precipitazioni:\u00a0<\/b>Assenti (0%)<br \/>\n<b>Temperature:\u00a0<\/b>In generale ripresa, eccetto calo delle minime nelle valli e sugli altopiani prealpini. Sono previste punte di 29\/30\u00b0C nei fondovalle prealpini e 24\/26\u00b0C a 1000\/1200 m. Su Prealpi a 1500 m min 12\u00b0C max 19\u00b0C, a 2000 m min 8\u00b0C max 15\u00b0C. Su Dolomiti a 2000 m min 7\u00b0C max 16\u00b0C, a 3000 m min 4\u00b0C max 6\u00b0C.<br \/>\n<b>Venti:\u00a0<\/b>Nelle valli deboli, a tratti e localmente moderati, a regime di brezza; in quota deboli\/moderati da nord-ovest, a 5-10 km\/h a 2000 m e 10-15 km\/h a 3000 m.<\/p>\n<hr \/>\n<p><center><b>Giovedi 9<\/b><\/center>Tempo in prevalenza soleggiato al mattino, poi attivit\u00e0 cumuliforme pomeridiana, modesta sulle Prealpi e localmente moderata sulle Dolomiti. L&#8217;insidia per temporale di calore sar\u00e0 di nuovo presente ma assai contenuta sulle Dolomiti, assente o molto sporadica sulle Prealpi. Temperature in ulteriore lieve aumento nelle valli e pressoch\u00e9 stazionarie in quota. Brezze nelle valli e venti deboli\/moderati dai quadranti occidentali in quota.<\/p>\n<hr \/>\n<p><center><b>Venerdi 10<\/b><\/center>Situazione simile a gioved\u00ec con tempo soleggiato al mattino ed attivit\u00e0 cumuliforme pomeridiana, spesso modesta sulle Prealpi, localmente moderata\/forte sulle Dolomiti, dove il rischio per temporali di calore sar\u00e0 contenuto al pomeriggio e la sera, minore sulle Prealpi. Temperature in leggero aumento, eccetto locali diminuzioni nei settori interessati da fenomeni pomeridiani. Venti a regime di brezza nelle valli e deboli\/moderati da ovest sud-ovest in quota. Previsore: R.L.Th.<\/p>\n<p>&nbsp;<\/p>\n<hr \/>\n<p>&nbsp;<\/p>\n<h2><em>COMUNICAZIONE ISTITUZIONALE &#8211; TEST SERIOLOGICO<\/em><\/h2>\n<p><iframe loading=\"lazy\" title=\"Pomilio Blumm   Indagine Sierologica Covid 19 v 3\" width=\"1200\" height=\"675\" src=\"https:\/\/www.youtube.com\/embed\/bLDh8Pd3FxA?feature=oembed\" frameborder=\"0\" allow=\"accelerometer; autoplay; clipboard-write; encrypted-media; gyroscope; picture-in-picture\" allowfullscreen><\/iframe><\/p>\n<p>&nbsp;<\/p>\n<p>&nbsp;<\/p>\n<p>&nbsp;<\/p>\n<p>&nbsp;<\/p>\n<p class=\"photoswipe-wrapper\"><a class=\"dt-pswp-item pspw-wrap-ready\" href=\"https:\/\/i1.wp.com\/www.radiopiu.net\/wordpress\/wp-content\/uploads\/2018\/09\/sport.jpg?ssl=1\" data-dt-img-description=\"\" data-large_image_width=\"800\" data-large_image_height=\"100\"><img loading=\"lazy\" decoding=\"async\" class=\"aligncenter wp-image-60761 size-full jetpack-lazy-image jetpack-lazy-image--handled\" src=\"https:\/\/i1.wp.com\/www.radiopiu.net\/wordpress\/wp-content\/uploads\/2018\/09\/sport.jpg?resize=800%2C100&amp;ssl=1\" sizes=\"auto, (max-width: 800px) 100vw, 800px\" srcset=\"https:\/\/i1.wp.com\/www.radiopiu.net\/wordpress\/wp-content\/uploads\/2018\/09\/sport.jpg?w=800&amp;ssl=1 800w, https:\/\/i1.wp.com\/www.radiopiu.net\/wordpress\/wp-content\/uploads\/2018\/09\/sport.jpg?resize=300%2C38&amp;ssl=1 300w, https:\/\/i1.wp.com\/www.radiopiu.net\/wordpress\/wp-content\/uploads\/2018\/09\/sport.jpg?resize=768%2C96&amp;ssl=1 768w\" alt=\"\" width=\"800\" height=\"100\" data-recalc-dims=\"1\" data-lazy-loaded=\"1\" \/><\/a><\/p>\n<p>&nbsp;<\/p>\n<blockquote>\n<h3>L&#8217;ALPE DEL NEVEGAL SAR\u00c0 LA GARA INNAUGUARALE DEL CIVM 2020<\/h3>\n<\/blockquote>\n<p><a class=\"dt-pswp-item\" href=\"https:\/\/www.radiopiu.net\/wordpress\/wp-content\/uploads\/2020\/07\/ALPE-NEVEGAL.jpg\" data-dt-img-description=\"\" data-large_image_width=\"1600\" data-large_image_height=\"1228\"><img loading=\"lazy\" decoding=\"async\" class=\"size-medium wp-image-148028 alignleft\" src=\"https:\/\/www.radiopiu.net\/wordpress\/wp-content\/uploads\/2020\/07\/ALPE-NEVEGAL-300x230.jpg\" alt=\"\" width=\"300\" height=\"230\" srcset=\"https:\/\/www.radiopiu.net\/wordpress\/wp-content\/uploads\/2020\/07\/ALPE-NEVEGAL-300x230.jpg 300w, https:\/\/www.radiopiu.net\/wordpress\/wp-content\/uploads\/2020\/07\/ALPE-NEVEGAL-1024x786.jpg 1024w, https:\/\/www.radiopiu.net\/wordpress\/wp-content\/uploads\/2020\/07\/ALPE-NEVEGAL-768x589.jpg 768w, https:\/\/www.radiopiu.net\/wordpress\/wp-content\/uploads\/2020\/07\/ALPE-NEVEGAL-1536x1179.jpg 1536w, https:\/\/www.radiopiu.net\/wordpress\/wp-content\/uploads\/2020\/07\/ALPE-NEVEGAL.jpg 1600w\" sizes=\"auto, (max-width: 300px) 100vw, 300px\" \/><\/a>di Roberto Bona<\/p>\n<audio class=\"wp-audio-shortcode\" id=\"audio-148020-6\" preload=\"none\" style=\"width: 100%;\" controls=\"controls\"><source type=\"audio\/mpeg\" src=\"https:\/\/www.radiopiu.net\/wordpress\/wp-content\/uploads\/2020\/07\/ROBERTO-BONA-NEGEAL-2020.mp3?_=6\" \/><a href=\"https:\/\/www.radiopiu.net\/wordpress\/wp-content\/uploads\/2020\/07\/ROBERTO-BONA-NEGEAL-2020.mp3\">https:\/\/www.radiopiu.net\/wordpress\/wp-content\/uploads\/2020\/07\/ROBERTO-BONA-NEGEAL-2020.mp3<\/a><\/audio>\n<p>&nbsp;<\/p>\n<p>&nbsp;<\/p>\n","protected":false},"excerpt":{"rendered":"<p>PER RICEVERE QUESTO NOTIZIARIO DIRETTAMENTE SUL TUO CELLULARE ISCRIVITI AL CANALE TELEGRAM\u00a0\u201cRADIO PIU\u00a0 INFORMAZIONE PROVINCIALE 3 VALLE IMPERINA, LOCALITA\u2019 CORDE MOLE:\u00a0 DALLE 8 ALLE 11.45 E DALLE 13.30 ALLE 17.30 (SABATO E DOMENICA ESCLUSI) INTERRUZIONI ALLA VIABILITA\u2019 FINO A 30 MINUTI PER TAGLIO PIANTE TRA LE LOCALITA\u2019 CORDE MOLE E VALLESIN PROVINCIALE 20 CAPRILE-SELVA DI&hellip;<\/p>\n","protected":false},"author":4,"featured_media":148057,"comment_status":"closed","ping_status":"closed","sticky":false,"template":"","format":"standard","meta":{"_monsterinsights_skip_tracking":false,"_monsterinsights_sitenote_active":false,"_monsterinsights_sitenote_note":"","_monsterinsights_sitenote_category":0,"footnotes":""},"categories":[1,86,49],"tags":[],"class_list":["post-148020","post","type-post","status-publish","format-standard","has-post-thumbnail","hentry","category-senza-categoria","category-gr","category-news-18","category-1","category-86","category-49","description-off"],"img_url":"https:\/\/www.radiopiu.net\/wordpress\/wp-content\/uploads\/2020\/07\/download-7.jpg","_links":{"self":[{"href":"https:\/\/www.radiopiu.net\/wordpress\/wp-json\/wp\/v2\/posts\/148020","targetHints":{"allow":["GET"]}}],"collection":[{"href":"https:\/\/www.radiopiu.net\/wordpress\/wp-json\/wp\/v2\/posts"}],"about":[{"href":"https:\/\/www.radiopiu.net\/wordpress\/wp-json\/wp\/v2\/types\/post"}],"author":[{"embeddable":true,"href":"https:\/\/www.radiopiu.net\/wordpress\/wp-json\/wp\/v2\/users\/4"}],"replies":[{"embeddable":true,"href":"https:\/\/www.radiopiu.net\/wordpress\/wp-json\/wp\/v2\/comments?post=148020"}],"version-history":[{"count":0,"href":"https:\/\/www.radiopiu.net\/wordpress\/wp-json\/wp\/v2\/posts\/148020\/revisions"}],"wp:featuredmedia":[{"embeddable":true,"href":"https:\/\/www.radiopiu.net\/wordpress\/wp-json\/wp\/v2\/media\/148057"}],"wp:attachment":[{"href":"https:\/\/www.radiopiu.net\/wordpress\/wp-json\/wp\/v2\/media?parent=148020"}],"wp:term":[{"taxonomy":"category","embeddable":true,"href":"https:\/\/www.radiopiu.net\/wordpress\/wp-json\/wp\/v2\/categories?post=148020"},{"taxonomy":"post_tag","embeddable":true,"href":"https:\/\/www.radiopiu.net\/wordpress\/wp-json\/wp\/v2\/tags?post=148020"}],"curies":[{"name":"wp","href":"https:\/\/api.w.org\/{rel}","templated":true}]}}