{"id":148062,"date":"2020-07-07T05:43:40","date_gmt":"2020-07-07T03:43:40","guid":{"rendered":"https:\/\/www.radiopiu.net\/wordpress\/?p=148062"},"modified":"2020-07-07T05:48:20","modified_gmt":"2020-07-07T03:48:20","slug":"conferenza-stampa-del-presidente-del-veneto-luca-zaia-06-luglio-2020","status":"publish","type":"post","link":"https:\/\/www.radiopiu.net\/wordpress\/conferenza-stampa-del-presidente-del-veneto-luca-zaia-06-luglio-2020\/","title":{"rendered":"&#8220;I CONTAGI CHE ARRIVANO DALL&#8217;ESTERO&#8221; CONFERENZA STAMPA DEL PRESIDENTE DEL VENETO LUCA ZAIA 06 LUGLIO 2020"},"content":{"rendered":"<p><strong>VENEZIA<\/strong>\u00a0Da Marghera il\u00a0Presidente\u00a0Luca Zaia fa il punto sull\u2019emergenza Covid-19<br \/>\n<strong>I NUMERI<\/strong> 19.327 pazienti positivi (+9), 768 isolamento (-13), morti 2.024 (+1), 169 ricoverati (dei quali 16 positivi), 10 in terapia intensiva (2\u00a0 positivi), dimessi 3.611.<\/p>\n<blockquote>\n<h2>LEGGI LA CONFERENZA STAMPA DI LUCA ZAIA<\/h2>\n<p><em>La nuova ordinanza in vigore fino al 31 luglio Chi viola l&#8217;isolamento (ma \u00e8 negativo) viene multato con mille euro. Se un positivo esce rischia il carcere, oltre alla multa. Chi viola l&#8217;isolamento se negativo paga la multa di 1000 euro, se\u00a0 positivo rischia il carcere non solo la sanzione.<\/em><\/p><\/blockquote>\n<p>\u00abIl trend del Veneto \u00e8 confermato\u00a0 la situazione \u00e8 tranquilla, \u00e8 un virus d&#8217;importazione&#8221;. Dal primo di luglio in Veneto\u00a0 si sono contati 28 contagi, 15 sono di virus arrivato da stranieri. Questo tema sta decollando in tutte le regioni e in tutti i Paesi.<\/p>\n<p><strong>LA NUOVA ORDINANZA<\/strong> Obbligo di isolamento fiduciario per 14 giorni nei seguenti casi: \u00a0&#8211; contatto a rischio con soggetto risultato positivo al tampone &#8211; ingresso o rientro in Veneto da Paesi diversi\u00a0 dai paesi Europei, obbligo di isolamento fiduciario dall&#8217;ingresso nella nostra regione, per 14 giorni. &#8211; compresenza di sintomi di infezione respiratoria e temperatura superiore ai 37 gradi e mezzo. Isolamento in strutture extra alberghiere.\u00a0 Se la Ulss ha difficolt\u00e0 a mettere in isolamento fiduciario pu\u00f2 trovare strutture ad hoc\u00a0 Le persone che entrano o tornano in Veneto dopo un viaggio (oltre Europa) dovranno sottoporsi a tampone appena arrivati e un secondo dopo 7 giorni se il primo risulta negativo. La prestazione sanitaria \u00e8 gratuita. Il datore di lavoro deve contattare la Ulss e riammette temporaneamente il lavoratore se il tampone \u00e8 negativo. Se il titolare non segnala e non richiede il tampone per il lavoratore in arrivo dall&#8217;estero da uno dei Paesi in questione, vine multato di mille euro per ogni lavoratore presente a libro paga. Prevista anche la reclusione. E&#8217; obbligatorio comunicare l&#8217;elenco dei positivi ai fini dei controlli e delle misure cautelari (sindaco o autorit\u00e0 giudiziaria), chi rifiuta il ricovero &#8211; perch\u00e9 positivo e con sintomi &#8211; deve essere segnalato all&#8217;autorit\u00e0 giudiziaria. Parte la denuncia d&#8217;ufficio. Per la badanti il tampone \u00e8 raccomandato,\u00a0 la richiesta deve essere fatta all&#8217;Ulss.<\/p>\n<p><strong>ESEMPIO. ECCO CON LA NUOVA ORDINANZA COSA SI DOVRA&#8217; FARE SULL&#8217;ESEMPIO\u00a0 DEL VICENTINO RIENTRATO DALLA SERBIA, COSA CHE EVIDENTEMENTE NON HA PROPRIO FATTO<\/strong>: auto-isolamento, segnalare il rientro in Veneto,\u00a0 fare richiesta di tampone per se stesso e i propri collaboratori. Comunque anche prima dell&#8217;ordinanza il vicentino avrebbe dovuto\u00a0 informare che stava male,\u00a0 dichiarare che era stato in Serbia e in contatto con un paziente serbo risultato positivo al Covid semmai ne fosse stato a conoscenza.<\/p>\n<p>&nbsp;<\/p>\n<p>https:\/\/www.facebook.com\/zaiaufficiale\/videos\/1595020177329094<\/p>\n<p>&nbsp;<\/p>\n","protected":false},"excerpt":{"rendered":"<p>VENEZIA\u00a0Da Marghera il\u00a0Presidente\u00a0Luca Zaia fa il punto sull\u2019emergenza Covid-19 I NUMERI 19.327 pazienti positivi (+9), 768 isolamento (-13), morti 2.024 (+1), 169 ricoverati (dei quali 16 positivi), 10 in terapia intensiva (2\u00a0 positivi), dimessi 3.611. LEGGI LA CONFERENZA STAMPA DI LUCA ZAIA La nuova ordinanza in vigore fino al 31 luglio Chi viola l&#8217;isolamento (ma&hellip;<\/p>\n","protected":false},"author":4,"featured_media":121391,"comment_status":"closed","ping_status":"closed","sticky":false,"template":"","format":"standard","meta":{"_monsterinsights_skip_tracking":false,"_monsterinsights_sitenote_active":false,"_monsterinsights_sitenote_note":"","_monsterinsights_sitenote_category":0,"footnotes":""},"categories":[49],"tags":[],"class_list":["post-148062","post","type-post","status-publish","format-standard","has-post-thumbnail","hentry","category-news-18","category-49","description-off"],"img_url":"https:\/\/www.radiopiu.net\/wordpress\/wp-content\/uploads\/2020\/03\/covid-zaia.jpg","_links":{"self":[{"href":"https:\/\/www.radiopiu.net\/wordpress\/wp-json\/wp\/v2\/posts\/148062","targetHints":{"allow":["GET"]}}],"collection":[{"href":"https:\/\/www.radiopiu.net\/wordpress\/wp-json\/wp\/v2\/posts"}],"about":[{"href":"https:\/\/www.radiopiu.net\/wordpress\/wp-json\/wp\/v2\/types\/post"}],"author":[{"embeddable":true,"href":"https:\/\/www.radiopiu.net\/wordpress\/wp-json\/wp\/v2\/users\/4"}],"replies":[{"embeddable":true,"href":"https:\/\/www.radiopiu.net\/wordpress\/wp-json\/wp\/v2\/comments?post=148062"}],"version-history":[{"count":0,"href":"https:\/\/www.radiopiu.net\/wordpress\/wp-json\/wp\/v2\/posts\/148062\/revisions"}],"wp:featuredmedia":[{"embeddable":true,"href":"https:\/\/www.radiopiu.net\/wordpress\/wp-json\/wp\/v2\/media\/121391"}],"wp:attachment":[{"href":"https:\/\/www.radiopiu.net\/wordpress\/wp-json\/wp\/v2\/media?parent=148062"}],"wp:term":[{"taxonomy":"category","embeddable":true,"href":"https:\/\/www.radiopiu.net\/wordpress\/wp-json\/wp\/v2\/categories?post=148062"},{"taxonomy":"post_tag","embeddable":true,"href":"https:\/\/www.radiopiu.net\/wordpress\/wp-json\/wp\/v2\/tags?post=148062"}],"curies":[{"name":"wp","href":"https:\/\/api.w.org\/{rel}","templated":true}]}}