{"id":148099,"date":"2020-07-06T15:15:58","date_gmt":"2020-07-06T13:15:58","guid":{"rendered":"https:\/\/www.radiopiu.net\/wordpress\/?p=148099"},"modified":"2020-07-07T05:52:19","modified_gmt":"2020-07-07T03:52:19","slug":"meteo-oggi-e-domani-mattina-stato-di-attenzione-per-forti-temporali-nelle-zone-montane-pedemontane-e-pianura-centro-orientale","status":"publish","type":"post","link":"https:\/\/www.radiopiu.net\/wordpress\/meteo-oggi-e-domani-mattina-stato-di-attenzione-per-forti-temporali-nelle-zone-montane-pedemontane-e-pianura-centro-orientale\/","title":{"rendered":"METEO. OGGI E DOMANI MATTINA STATO DI ATTENZIONE PER FORTI TEMPORALI NELLE ZONE MONTANE, PEDEMONTANE E PIANURA CENTRO ORIENTALE"},"content":{"rendered":"<p><strong>VENEZIA<\/strong>\u00a0 Il Centro funzionale decentrato della Protezione Civile del Veneto, per possibili forti temporali, ha emesso un nuovo avviso dichiarando lo stato di attenzione idrogeologica dalle ore 16:00 di oggi alle ore 9:00 di domani, marted\u00ec 7 luglio, per i seguenti bacini idrografici del Veneto: Alto Piave; Piave Pedemontano; Alto Brenta, Bacchiglione, Alpone; Basso Piave, Sile e Bacino scolante in laguna; Livenza, Lemene e Tagliamento. Le previsioni meteo Arpav indicano <em>\u201cper il pomeriggio-sera di oggi\u00a0 l\u2019avvicinamento all\u2019arco alpino di una saccatura con aria fredda in quota e il passaggio in serata\/notte di un sistema frontale che porter\u00e0 un significativo aumento dell\u2019instabilit\u00e0, in particolare tra il tardo pomeriggio di luned\u00ec e le prime ore di marted\u00ec. Sono previsti rovesci e temporali dapprima sulle Dolomiti, poi in estensione alle zone prealpine e pedemontane (specie centro orientali) e a parte della pianura (specie nord orientale): saranno possibili fenomeni intensi (forti rovesci, forti raffiche, grandinate) specie sulle zone montane e pedemontane centro orientali e pianura nord-orientale. Sempre nella sera\/notte, in concomitanza con il passaggio del sistema frontale e fino al primo mattino di marted\u00ec, \u00e8 previsto un rinforzo dei venti fino a forti da nord\/nordest, specie su costa e pianura limitrofa\u201d<\/em>.<\/p>\n","protected":false},"excerpt":{"rendered":"<p>VENEZIA\u00a0 Il Centro funzionale decentrato della Protezione Civile del Veneto, per possibili forti temporali, ha emesso un nuovo avviso dichiarando lo stato di attenzione idrogeologica dalle ore 16:00 di oggi alle ore 9:00 di domani, marted\u00ec 7 luglio, per i seguenti bacini idrografici del Veneto: Alto Piave; Piave Pedemontano; Alto Brenta, Bacchiglione, Alpone; Basso Piave,&hellip;<\/p>\n","protected":false},"author":1,"featured_media":142852,"comment_status":"closed","ping_status":"closed","sticky":false,"template":"","format":"standard","meta":{"_monsterinsights_skip_tracking":false,"_monsterinsights_sitenote_active":false,"_monsterinsights_sitenote_note":"","_monsterinsights_sitenote_category":0,"footnotes":""},"categories":[1],"tags":[],"class_list":["post-148099","post","type-post","status-publish","format-standard","has-post-thumbnail","hentry","category-senza-categoria","category-1","description-off"],"img_url":"https:\/\/www.radiopiu.net\/wordpress\/wp-content\/uploads\/2020\/06\/FULMINE-METEO-MALTEMPO.jpg","_links":{"self":[{"href":"https:\/\/www.radiopiu.net\/wordpress\/wp-json\/wp\/v2\/posts\/148099","targetHints":{"allow":["GET"]}}],"collection":[{"href":"https:\/\/www.radiopiu.net\/wordpress\/wp-json\/wp\/v2\/posts"}],"about":[{"href":"https:\/\/www.radiopiu.net\/wordpress\/wp-json\/wp\/v2\/types\/post"}],"author":[{"embeddable":true,"href":"https:\/\/www.radiopiu.net\/wordpress\/wp-json\/wp\/v2\/users\/1"}],"replies":[{"embeddable":true,"href":"https:\/\/www.radiopiu.net\/wordpress\/wp-json\/wp\/v2\/comments?post=148099"}],"version-history":[{"count":0,"href":"https:\/\/www.radiopiu.net\/wordpress\/wp-json\/wp\/v2\/posts\/148099\/revisions"}],"wp:featuredmedia":[{"embeddable":true,"href":"https:\/\/www.radiopiu.net\/wordpress\/wp-json\/wp\/v2\/media\/142852"}],"wp:attachment":[{"href":"https:\/\/www.radiopiu.net\/wordpress\/wp-json\/wp\/v2\/media?parent=148099"}],"wp:term":[{"taxonomy":"category","embeddable":true,"href":"https:\/\/www.radiopiu.net\/wordpress\/wp-json\/wp\/v2\/categories?post=148099"},{"taxonomy":"post_tag","embeddable":true,"href":"https:\/\/www.radiopiu.net\/wordpress\/wp-json\/wp\/v2\/tags?post=148099"}],"curies":[{"name":"wp","href":"https:\/\/api.w.org\/{rel}","templated":true}]}}