{"id":148129,"date":"2020-07-07T05:44:12","date_gmt":"2020-07-07T03:44:12","guid":{"rendered":"https:\/\/www.radiopiu.net\/wordpress\/?p=148129"},"modified":"2020-07-07T05:48:55","modified_gmt":"2020-07-07T03:48:55","slug":"dillo-a-radio-piu-dolomitibus-questo-e-un-territorio-che-vive-di-turismo","status":"publish","type":"post","link":"https:\/\/www.radiopiu.net\/wordpress\/dillo-a-radio-piu-dolomitibus-questo-e-un-territorio-che-vive-di-turismo\/","title":{"rendered":"DILLO A RADIO PIU: &#8220;DOLOMITIBUS QUESTO E&#8217; UN TERRITORIO CHE VIVE DI TURISMO&#8230;&#8221;"},"content":{"rendered":"<p><strong>AGORDO<\/strong> Le lamentele, soprattutto le riflessioni di chi al territorio \u00e8 legato sono continue. Nell&#8217;occhio del ciclone la Dolomitibus perch\u00e9 nonostante le restrizioni covid19 siamo ormai un lontano ricordo, anche in seguito alle ordinanze della Regione, la situazione \u00e8 ancora lontana dall&#8217;essere tornata nella normalit\u00e0. Quanto scrive Celeste ne \u00e8 solo l&#8217;ultima prova.<\/p>\n<p><a class=\"dt-pswp-item\" href=\"https:\/\/www.radiopiu.net\/wordpress\/wp-content\/uploads\/2020\/06\/102e3b2d-2b34-4aa0-8ed8-2bb1a098098a.jpg\" data-dt-img-description=\"\" data-large_image_width=\"2048\" data-large_image_height=\"1536\"><img loading=\"lazy\" decoding=\"async\" class=\"size-medium wp-image-144906 alignleft\" src=\"https:\/\/www.radiopiu.net\/wordpress\/wp-content\/uploads\/2020\/06\/102e3b2d-2b34-4aa0-8ed8-2bb1a098098a-300x225.jpg\" alt=\"\" width=\"300\" height=\"225\" srcset=\"https:\/\/www.radiopiu.net\/wordpress\/wp-content\/uploads\/2020\/06\/102e3b2d-2b34-4aa0-8ed8-2bb1a098098a-300x225.jpg 300w, https:\/\/www.radiopiu.net\/wordpress\/wp-content\/uploads\/2020\/06\/102e3b2d-2b34-4aa0-8ed8-2bb1a098098a-1024x768.jpg 1024w, https:\/\/www.radiopiu.net\/wordpress\/wp-content\/uploads\/2020\/06\/102e3b2d-2b34-4aa0-8ed8-2bb1a098098a-768x576.jpg 768w, https:\/\/www.radiopiu.net\/wordpress\/wp-content\/uploads\/2020\/06\/102e3b2d-2b34-4aa0-8ed8-2bb1a098098a-1536x1152.jpg 1536w, https:\/\/www.radiopiu.net\/wordpress\/wp-content\/uploads\/2020\/06\/102e3b2d-2b34-4aa0-8ed8-2bb1a098098a.jpg 2048w\" sizes=\"auto, (max-width: 300px) 100vw, 300px\" \/><\/a>Scrivo questa\u00a0 lamentela e denuncia di una situazione che sta portando molti danni all\u2019Agordino (parlo di Agordino perch\u00e9 personalmente conosco la situazione di questo territorio ma potrei sicuramente dire Bellunese in generale) con la speranza di far riflettere chi di dovere. Quello di cui vorrei parlare \u00e8 la mancanza di un adeguato servizio di trasporto pubblico a causa dei tagli alle corse di Dolomitibus. In questo periodo si \u00e8 molto parlato della difficolt\u00e0 di movimento dei residenti e dei lavoratori dovuta a questi tagli. Io personalmente sono due anni che pago l&#8217;abbonamento e usufruisco dell&#8217;autobus per lavoro e non avere questo servizio \u00e8 un enorme disagio per tutti. Ma il turismo e l&#8217;economia del nostro territorio come ne risentono? Ieri, domenica 5 luglio, ho assistito ad una cosa che mi ha fatto riflettere e indignare. Ero all&#8217;ufficio turistico di Agordo con Alice, che l\u00ec ci lavora, ed \u00e8 entrato un ragazzo austriaco chiedendo se sapevamo dirgli gli orari delle corriere per Belluno. Alice gli ha risposto che non ci sono corriere che vanno a Belluno e gli ha suggerito di prendere un taxi ma il ragazzo ha spiegato che il costo per lui era troppo alto, essendo da solo. Il ragazzo visibilmente stanco (abbiamo poi scoperto che era appena rientrato a piedi dal rifugio Carestiato dopo aver percorso l&#8217;Alta Via n.1) e con un&#8217;espressione delusa e affranta ha chiesto se poteva avere almeno un foglio dove scrivere \u201cBelluno\u201d per poter fare autostop. Alice mi ha poi spiegato che si trova spesso in questa situazione e mi ha detto che sicuramente non sarebbe stata l&#8217;unica persona in quella stessa giornata ad entrare ponendo la stessa domanda. Io mi chiedo: in un territorio che vive di turismo, a cosa pu\u00f2 portare questa situazione? Vi sembra giusto che l&#8217;unica alternativa di un turista che non ha la possibilit\u00e0 di pagare un taxi (30 km non costano poco) sia l\u2019autostop? Sicuramente inizier\u00e0 a diffondersi la notizia che l\u2019Agordino non \u00e8 appetibile per il turismo dato che non offre adeguatamente uno dei servizi pi\u00f9 importanti: il trasporto pubblico. I comuni, le associazioni, i commercianti, gli albergatori e tutti gli operatori del settore turistico fanno di tutto per portare turismo, per promuovere questo territorio stupendo e farlo vivere. Ma dove portano tutti questi sforzi se poi ci scontriamo con queste situazioni? Allora poi non lamentiamoci se altre realt\u00e0 (non faccio nomi ma abbiamo tutti capito a cosa mi riferisco) hanno pi\u00f9 fortuna e pi\u00f9 turismo di noi, pur avendo le stesse bellezze.<\/p>\n<p class=\"gmail-p1\"><strong>Celeste Paganin<\/strong><\/p>\n","protected":false},"excerpt":{"rendered":"<p>AGORDO Le lamentele, soprattutto le riflessioni di chi al territorio \u00e8 legato sono continue. Nell&#8217;occhio del ciclone la Dolomitibus perch\u00e9 nonostante le restrizioni covid19 siamo ormai un lontano ricordo, anche in seguito alle ordinanze della Regione, la situazione \u00e8 ancora lontana dall&#8217;essere tornata nella normalit\u00e0. Quanto scrive Celeste ne \u00e8 solo l&#8217;ultima prova. Scrivo questa\u00a0&hellip;<\/p>\n","protected":false},"author":1,"featured_media":144901,"comment_status":"closed","ping_status":"closed","sticky":false,"template":"","format":"standard","meta":{"_monsterinsights_skip_tracking":false,"_monsterinsights_sitenote_active":false,"_monsterinsights_sitenote_note":"","_monsterinsights_sitenote_category":0,"footnotes":""},"categories":[51,49],"tags":[],"class_list":["post-148129","post","type-post","status-publish","format-standard","has-post-thumbnail","hentry","category-evidenza-top","category-news-18","category-51","category-49","description-off"],"img_url":"https:\/\/www.radiopiu.net\/wordpress\/wp-content\/uploads\/2020\/06\/bac1e271-d4cb-4f10-b12b-dad19da85e7a.jpg","_links":{"self":[{"href":"https:\/\/www.radiopiu.net\/wordpress\/wp-json\/wp\/v2\/posts\/148129","targetHints":{"allow":["GET"]}}],"collection":[{"href":"https:\/\/www.radiopiu.net\/wordpress\/wp-json\/wp\/v2\/posts"}],"about":[{"href":"https:\/\/www.radiopiu.net\/wordpress\/wp-json\/wp\/v2\/types\/post"}],"author":[{"embeddable":true,"href":"https:\/\/www.radiopiu.net\/wordpress\/wp-json\/wp\/v2\/users\/1"}],"replies":[{"embeddable":true,"href":"https:\/\/www.radiopiu.net\/wordpress\/wp-json\/wp\/v2\/comments?post=148129"}],"version-history":[{"count":0,"href":"https:\/\/www.radiopiu.net\/wordpress\/wp-json\/wp\/v2\/posts\/148129\/revisions"}],"wp:featuredmedia":[{"embeddable":true,"href":"https:\/\/www.radiopiu.net\/wordpress\/wp-json\/wp\/v2\/media\/144901"}],"wp:attachment":[{"href":"https:\/\/www.radiopiu.net\/wordpress\/wp-json\/wp\/v2\/media?parent=148129"}],"wp:term":[{"taxonomy":"category","embeddable":true,"href":"https:\/\/www.radiopiu.net\/wordpress\/wp-json\/wp\/v2\/categories?post=148129"},{"taxonomy":"post_tag","embeddable":true,"href":"https:\/\/www.radiopiu.net\/wordpress\/wp-json\/wp\/v2\/tags?post=148129"}],"curies":[{"name":"wp","href":"https:\/\/api.w.org\/{rel}","templated":true}]}}