{"id":148176,"date":"2020-07-07T05:36:34","date_gmt":"2020-07-07T03:36:34","guid":{"rendered":"https:\/\/www.radiopiu.net\/wordpress\/?p=148176"},"modified":"2020-07-07T05:48:35","modified_gmt":"2020-07-07T03:48:35","slug":"gsp-non-risponde-il-medico-consigliere-comunale-su-tutte-le-furie","status":"publish","type":"post","link":"https:\/\/www.radiopiu.net\/wordpress\/gsp-non-risponde-il-medico-consigliere-comunale-su-tutte-le-furie\/","title":{"rendered":"GSP NON RISPONDE, IL MEDICO-CONSIGLIERE COMUNALE SU TUTTE LE FURIE."},"content":{"rendered":"<blockquote>\n<h3>APRE IL RUBINETTO MA NON ESCE L&#8217;ACQUA, SU TUTTE LE FURIE IL MEDICO IN VALLE DEL BIOIS<\/h3>\n<\/blockquote>\n<p><strong><img loading=\"lazy\" decoding=\"async\" class=\"alignleft\" src=\"https:\/\/www.radiopiu.net\/wordpress\/wp-content\/uploads\/2015\/06\/bimgsp.jpg\" width=\"164\" height=\"92\" \/>FALCADE <\/strong>\u00a0 Dopo i frequenti casi di assenza l&#8217;acqua sul Col di Foglia in localit\u00e0 Faion dove gli abitanti di alcune palazzine protestano inascoltati da due anni ecco un altro caso.\u00a0 A Falcade e farne le spese il dottor Gustavo Randino in via Trento a Caviola. Mancanza d&#8217;acqua per alcuni periodi, nessuna risposta da Gsp. Comunque Randino \u00e8 un consigliere comunale a Canale d&#8217;Agordo quindi a contatto di gomito con il suo sindaco e con i sindaci che sono GSP. Forse in questo caso risulter\u00e0 pi\u00f9 facile per il cittadino-amministratore avere risposte, se cos\u00ec non fosse siamo davvero presi male e pare proprio che nemmeno il consigliere comunale abbia avuto risposte soddisfacenti da chi gestisce il servizio idrico in questa provincia, ma questa purtroppo non \u00e8 una novit\u00e0 dopo le frequenti proteste di Agordo che abbiamo citato ad esempio.<\/p>\n","protected":false},"excerpt":{"rendered":"<p>APRE IL RUBINETTO MA NON ESCE L&#8217;ACQUA, SU TUTTE LE FURIE IL MEDICO IN VALLE DEL BIOIS FALCADE \u00a0 Dopo i frequenti casi di assenza l&#8217;acqua sul Col di Foglia in localit\u00e0 Faion dove gli abitanti di alcune palazzine protestano inascoltati da due anni ecco un altro caso.\u00a0 A Falcade e farne le spese il&hellip;<\/p>\n","protected":false},"author":1,"featured_media":0,"comment_status":"closed","ping_status":"closed","sticky":false,"template":"","format":"standard","meta":{"_monsterinsights_skip_tracking":false,"_monsterinsights_sitenote_active":false,"_monsterinsights_sitenote_note":"","_monsterinsights_sitenote_category":0,"footnotes":""},"categories":[49],"tags":[],"class_list":["post-148176","post","type-post","status-publish","format-standard","hentry","category-news-18","category-49","description-off"],"img_url":false,"_links":{"self":[{"href":"https:\/\/www.radiopiu.net\/wordpress\/wp-json\/wp\/v2\/posts\/148176","targetHints":{"allow":["GET"]}}],"collection":[{"href":"https:\/\/www.radiopiu.net\/wordpress\/wp-json\/wp\/v2\/posts"}],"about":[{"href":"https:\/\/www.radiopiu.net\/wordpress\/wp-json\/wp\/v2\/types\/post"}],"author":[{"embeddable":true,"href":"https:\/\/www.radiopiu.net\/wordpress\/wp-json\/wp\/v2\/users\/1"}],"replies":[{"embeddable":true,"href":"https:\/\/www.radiopiu.net\/wordpress\/wp-json\/wp\/v2\/comments?post=148176"}],"version-history":[{"count":0,"href":"https:\/\/www.radiopiu.net\/wordpress\/wp-json\/wp\/v2\/posts\/148176\/revisions"}],"wp:attachment":[{"href":"https:\/\/www.radiopiu.net\/wordpress\/wp-json\/wp\/v2\/media?parent=148176"}],"wp:term":[{"taxonomy":"category","embeddable":true,"href":"https:\/\/www.radiopiu.net\/wordpress\/wp-json\/wp\/v2\/categories?post=148176"},{"taxonomy":"post_tag","embeddable":true,"href":"https:\/\/www.radiopiu.net\/wordpress\/wp-json\/wp\/v2\/tags?post=148176"}],"curies":[{"name":"wp","href":"https:\/\/api.w.org\/{rel}","templated":true}]}}