{"id":148193,"date":"2020-07-08T05:54:47","date_gmt":"2020-07-08T03:54:47","guid":{"rendered":"https:\/\/www.radiopiu.net\/wordpress\/?p=148193"},"modified":"2020-07-08T09:38:55","modified_gmt":"2020-07-08T07:38:55","slug":"giornale-radiopiu-08-luglio-2020-direttore-mirko-mezzacasa","status":"publish","type":"post","link":"https:\/\/www.radiopiu.net\/wordpress\/giornale-radiopiu-08-luglio-2020-direttore-mirko-mezzacasa\/","title":{"rendered":"GIORNALE RADIOPIU 08 LUGLIO 2020 DIRETTORE MIRKO MEZZACASA"},"content":{"rendered":"<h3><strong>PER RICEVERE QUESTO NOTIZIARIO DIRETTAMENTE SUL TUO CELLULARE ISCRIVITI AL CANALE TELEGRAM\u00a0<\/strong><strong>\u201cRADIO PIU\u00a0 INFORMAZIONE<\/strong><\/h3>\n<p>ATTENZIONE: LA NUOVA APP RADIO PIU PER ANDROID, A BREVE ANCHE PER I PHONE<\/p>\n<p><a href=\"https:\/\/play.google.com\/store\/apps\/details?id=net.radiopiu.iniko\" target=\"_blank\" rel=\"noopener noreferrer\">https:\/\/play.google.com\/store\/apps\/details?id=net.radiopiu.iniko<\/a><\/p>\n<p>&nbsp;<\/p>\n<hr \/>\n<p><strong>\u00a0<\/strong><\/p>\n<p><strong>PROVINCIALE 3 VALLE IMPERINA, LOCALITA\u2019 CORDE MOLE:\u00a0 DALLE 8 ALLE 11.45 E DALLE 13.30 ALLE 17.30 (SABATO E DOMENICA ESCLUSI) INTERRUZIONI ALLA VIABILITA\u2019 FINO A 30 MINUTI PER TAGLIO PIANTE TRA LE LOCALITA\u2019 CORDE MOLE E VALLESIN<\/strong><\/p>\n<p><em><strong>PROVINCIALE 20 CAPRILE-SELVA DI CADORE.\u00a0 RIAPRE\u00a0 IL 10 LUGLIO IN LOCALITA\u2019 SOLATOR ANCHE SABATO E DOMENICA. TRANSITO CONSENTITO AI LOCALI CON TEMPI DI ATTESA FINO A 30 MINUTI<\/strong><\/em><\/p>\n<p><strong>PROVINCIALE 563 DI SALESEI, LOCALITA\u2019 DIGONERA. SENSO UNICO ALTERNATO REGOLATO DA IMPIANTO SEMAFORICO FINO AL 15 LUGLIO PER MESSA IN SICUREZZA DEL PIANO VIABILE<\/strong><\/p>\n<p>&nbsp;<\/p>\n<hr \/>\n<blockquote>\n<h3>LE BELLEZZE DI COL MARGHERITA, NATURA ED ARTE DI AUGUSTO MURER foto di Susy Dan<\/h3>\n<\/blockquote>\n<p><a class=\"dt-pswp-item\" href=\"https:\/\/www.radiopiu.net\/wordpress\/wp-content\/uploads\/2020\/07\/8782b1c6-8443-4117-a94e-12fb3a91aa35.jpg\" data-dt-img-description=\"\" data-large_image_width=\"1024\" data-large_image_height=\"768\"><img loading=\"lazy\" decoding=\"async\" class=\"alignnone size-medium wp-image-148244\" src=\"https:\/\/www.radiopiu.net\/wordpress\/wp-content\/uploads\/2020\/07\/8782b1c6-8443-4117-a94e-12fb3a91aa35-300x225.jpg\" alt=\"\" width=\"300\" height=\"225\" srcset=\"https:\/\/www.radiopiu.net\/wordpress\/wp-content\/uploads\/2020\/07\/8782b1c6-8443-4117-a94e-12fb3a91aa35-300x225.jpg 300w, https:\/\/www.radiopiu.net\/wordpress\/wp-content\/uploads\/2020\/07\/8782b1c6-8443-4117-a94e-12fb3a91aa35-768x576.jpg 768w, https:\/\/www.radiopiu.net\/wordpress\/wp-content\/uploads\/2020\/07\/8782b1c6-8443-4117-a94e-12fb3a91aa35.jpg 1024w\" sizes=\"auto, (max-width: 300px) 100vw, 300px\" \/><\/a><a class=\"dt-pswp-item\" href=\"https:\/\/www.radiopiu.net\/wordpress\/wp-content\/uploads\/2020\/07\/2c509373-3513-40c0-a55b-05d7a2e476af.jpg\" data-dt-img-description=\"\" data-large_image_width=\"1024\" data-large_image_height=\"768\"><img loading=\"lazy\" decoding=\"async\" class=\"alignnone size-medium wp-image-148243\" src=\"https:\/\/www.radiopiu.net\/wordpress\/wp-content\/uploads\/2020\/07\/2c509373-3513-40c0-a55b-05d7a2e476af-300x225.jpg\" alt=\"\" width=\"300\" height=\"225\" srcset=\"https:\/\/www.radiopiu.net\/wordpress\/wp-content\/uploads\/2020\/07\/2c509373-3513-40c0-a55b-05d7a2e476af-300x225.jpg 300w, https:\/\/www.radiopiu.net\/wordpress\/wp-content\/uploads\/2020\/07\/2c509373-3513-40c0-a55b-05d7a2e476af-768x576.jpg 768w, https:\/\/www.radiopiu.net\/wordpress\/wp-content\/uploads\/2020\/07\/2c509373-3513-40c0-a55b-05d7a2e476af.jpg 1024w\" sizes=\"auto, (max-width: 300px) 100vw, 300px\" \/><\/a><\/p>\n<blockquote>\n<h3>ALLEGHE CASAMATTA, L&#8217;OPERA DI GRAZIANO PIANEZZE<\/h3>\n<\/blockquote>\n<p><a class=\"dt-pswp-item\" href=\"https:\/\/www.radiopiu.net\/wordpress\/wp-content\/uploads\/2020\/07\/4dbddf53-e5e4-4496-a3c7-880c11e099c2.jpg\" data-dt-img-description=\"\" data-large_image_width=\"1600\" data-large_image_height=\"1200\"><img loading=\"lazy\" decoding=\"async\" class=\"alignnone size-medium wp-image-148277\" src=\"https:\/\/www.radiopiu.net\/wordpress\/wp-content\/uploads\/2020\/07\/4dbddf53-e5e4-4496-a3c7-880c11e099c2-300x225.jpg\" alt=\"\" width=\"300\" height=\"225\" srcset=\"https:\/\/www.radiopiu.net\/wordpress\/wp-content\/uploads\/2020\/07\/4dbddf53-e5e4-4496-a3c7-880c11e099c2-300x225.jpg 300w, https:\/\/www.radiopiu.net\/wordpress\/wp-content\/uploads\/2020\/07\/4dbddf53-e5e4-4496-a3c7-880c11e099c2-1024x768.jpg 1024w, https:\/\/www.radiopiu.net\/wordpress\/wp-content\/uploads\/2020\/07\/4dbddf53-e5e4-4496-a3c7-880c11e099c2-768x576.jpg 768w, https:\/\/www.radiopiu.net\/wordpress\/wp-content\/uploads\/2020\/07\/4dbddf53-e5e4-4496-a3c7-880c11e099c2-1536x1152.jpg 1536w, https:\/\/www.radiopiu.net\/wordpress\/wp-content\/uploads\/2020\/07\/4dbddf53-e5e4-4496-a3c7-880c11e099c2.jpg 1600w\" sizes=\"auto, (max-width: 300px) 100vw, 300px\" \/><\/a><\/p>\n<p>&nbsp;<\/p>\n<blockquote>\n<h3>NEI CIELI DOLOMITICI LA COMETA NEOWISE, dalla pagina facebook Unesco<\/h3>\n<\/blockquote>\n<p><a class=\"dt-pswp-item\" href=\"https:\/\/www.radiopiu.net\/wordpress\/wp-content\/uploads\/2020\/07\/1dd91f7c-4e92-4be8-bd3d-4d393f1d1436.jpg\" data-dt-img-description=\"\" data-large_image_width=\"1074\" data-large_image_height=\"1600\"><img loading=\"lazy\" decoding=\"async\" class=\"alignnone size-medium wp-image-148327\" src=\"https:\/\/www.radiopiu.net\/wordpress\/wp-content\/uploads\/2020\/07\/1dd91f7c-4e92-4be8-bd3d-4d393f1d1436-201x300.jpg\" alt=\"\" width=\"201\" height=\"300\" srcset=\"https:\/\/www.radiopiu.net\/wordpress\/wp-content\/uploads\/2020\/07\/1dd91f7c-4e92-4be8-bd3d-4d393f1d1436-201x300.jpg 201w, https:\/\/www.radiopiu.net\/wordpress\/wp-content\/uploads\/2020\/07\/1dd91f7c-4e92-4be8-bd3d-4d393f1d1436-687x1024.jpg 687w, https:\/\/www.radiopiu.net\/wordpress\/wp-content\/uploads\/2020\/07\/1dd91f7c-4e92-4be8-bd3d-4d393f1d1436-768x1144.jpg 768w, https:\/\/www.radiopiu.net\/wordpress\/wp-content\/uploads\/2020\/07\/1dd91f7c-4e92-4be8-bd3d-4d393f1d1436-1031x1536.jpg 1031w, https:\/\/www.radiopiu.net\/wordpress\/wp-content\/uploads\/2020\/07\/1dd91f7c-4e92-4be8-bd3d-4d393f1d1436.jpg 1074w\" sizes=\"auto, (max-width: 201px) 100vw, 201px\" \/><\/a><\/p>\n<p>&nbsp;<\/p>\n<p>&nbsp;<\/p>\n<hr \/>\n<p>&nbsp;<\/p>\n<blockquote>\n<h3>ESCURSIONISTI RECUPERATI IN VAL GIRALBA<\/h3>\n<\/blockquote>\n<div><strong><img loading=\"lazy\" decoding=\"async\" class=\"alignleft\" src=\"https:\/\/www.radiopiu.net\/wordpress\/wp-content\/uploads\/2019\/10\/IMG-20191013-WA0014.jpg\" width=\"252\" height=\"141\" \/>AURONZO\u00a0<\/strong> Ieri sera attorno alle 23 il Soccorso alpino di Auronzo \u00e8 stato allertato per una coppia in difficolt\u00e0 in Val Giralba. Dopo un giro sotto le Tre Cime infatti, l&#8217;uomo e la donna, quarantenni di Parma, al momento di rientrare dal Rifugio Auronzo per la Val Giralba, avevano sbagliato traccia, probabilmente seguendo un vecchio tracciato Gps, ed erano finiti lungo il torrente pi\u00f9 in basso bloccandosi tra due cascatelle. Contattati telefonicamente, dal loro racconto i soccorritori hanno capito dove si trovavano e in breve li hanno individuati e raggiunti. Una volta con loro, la squadra li ha riportati sul sentiero e riaccompagnati a valle. Presente anche il Sagf di Auronzo. L&#8217;intervento si \u00e8 concluso passata mezzanotte.<\/div>\n<div><\/div>\n<p>&nbsp;<\/p>\n<p>&nbsp;<\/p>\n<hr \/>\n<p>&nbsp;<\/p>\n<blockquote>\n<h3>INCIDENTE SUL LAVORO NEL CANTIERE LUXOTTICA<\/h3>\n<\/blockquote>\n<p><strong>AGORDO<\/strong> Infortunio in cantiere presso lo stabilimento Luxottica, vittima un 19enne residente a San Biagio di Callalta (Treviso), operaio della ditta trevigiana impegnata nella costruzione dei nuovi stabilimenti in localit\u00e0 Valcozzena. Il giovane era impegnato nel lavoro di demolizione di una parte del tetto quando \u00e8 stato colpito alla gamba da del calcestruzzo staccatosi accidentalmente. E&#8217; attualmente ricoverato in ospedale ad Agordo con un codice di media gravit\u00e0, la prognosi resta da definire<\/p>\n<p>&nbsp;<\/p>\n<p>&nbsp;<\/p>\n<hr \/>\n<p>&nbsp;<\/p>\n<p>&nbsp;<\/p>\n<blockquote>\n<h3>75enne MUORE PER INFARTO<\/h3>\n<\/blockquote>\n<p><strong>AURONZO <\/strong>Attorno a mezzogiorno in via Trieste \u00e8 morto, probabilmente per infarto, Renzo Saccon, 75enne residente del veneziano a Santa Maria di Sala, l&#8217;uomo era in vacanza in compagnia nella moglie. Sul posto i Carabinieri di Auronzo che hanno provveduto ad informare il magistrato di turno Marta Tollardo che al termine delle indagini ha disposto la rimozione della salma.<\/p>\n<p>&nbsp;<\/p>\n<p>&nbsp;<\/p>\n<hr \/>\n<blockquote>\n<h3><\/h3>\n<h3>BUON VIAGGIO COMANDANTE, BELLUNO PIANGE L&#8217;ARTIGLIERE GIANFRANCO<\/h3>\n<\/blockquote>\n<p><strong><a class=\"dt-pswp-item\" href=\"https:\/\/www.radiopiu.net\/wordpress\/wp-content\/uploads\/2020\/07\/1045048_1384536895094678_2120540102_n.jpg\" data-dt-img-description=\"\" data-large_image_width=\"731\" data-large_image_height=\"731\"><img loading=\"lazy\" decoding=\"async\" class=\"wp-image-148325 alignleft\" src=\"https:\/\/www.radiopiu.net\/wordpress\/wp-content\/uploads\/2020\/07\/1045048_1384536895094678_2120540102_n-300x300.jpg\" alt=\"\" width=\"175\" height=\"175\" srcset=\"https:\/\/www.radiopiu.net\/wordpress\/wp-content\/uploads\/2020\/07\/1045048_1384536895094678_2120540102_n-300x300.jpg 300w, https:\/\/www.radiopiu.net\/wordpress\/wp-content\/uploads\/2020\/07\/1045048_1384536895094678_2120540102_n-150x150.jpg 150w, https:\/\/www.radiopiu.net\/wordpress\/wp-content\/uploads\/2020\/07\/1045048_1384536895094678_2120540102_n.jpg 731w\" sizes=\"auto, (max-width: 175px) 100vw, 175px\" \/><\/a>BELLUNO<\/strong>\u00a0 Nel pomeriggio di ieri\u00a0 la Centrale del 118 \u00e8 stata allertata da una persona imbattutasi in un uomo a terra esanime, lungo il sentiero sotto la pista che dal Ristoro La Grava porta sul piazzale del Nevegal. Purtroppo il personale medico e il tecnico di elisoccorso sbarcati nelle vicinanze, raggiunto Gianfranco Moleri, 77 anni, di Belluno, non hanno potuto\u00a0 che constatarne il decesso. Ottenuto il nulla osta dalla magistratura\u00a0 sono intervenuti gli uomini del Soccorso Alpino di Belluno. Moleri era un ex militare, gi\u00e0 comandante del 16esimo Reggimento Belluno della Brigata Alpina Cadore, il padre era un maresciallo di Bergamo,\u00a0 associato alle sezione di Belluno degli artiglieri da dove ieri in serata \u00e8 arrivato il messaggio di cordoglio rivolto alla moglie Ines Bianchet e al figlio.<\/p>\n<p>&nbsp;<\/p>\n<hr \/>\n<h3><\/h3>\n<blockquote>\n<h3>BELLUNESE TRAVOLGE UN CICLISTA SULLA CICLABILE DI CAORLE<\/h3>\n<\/blockquote>\n<p><strong>VENEZIA<\/strong> Lauro Catto, ex dirigente della Polfer e candidato a sindaco di Eraclea \u00e8 stata travolto lungo la pista ciclabile di viale Lepanto da un 85enne bellunese che non si \u00e8 accorto di essere finito sulla ciclabile, probabilmente vittima di un colpo di sonno dopo essere partito da Belluno di mattina presto per raggiungere la famiglia nel veneziano. Per il ciclista escluse le fratture gravi.<\/p>\n<p>&nbsp;<\/p>\n<p>&nbsp;<\/p>\n<hr \/>\n<p>&nbsp;<\/p>\n<blockquote>\n<h3>CADE E S&#8217;INFORTUNA AD UN BRACCIO A FALCADE, TRAUMA ALLA CAVIGLIA A LIVINALLONGO E TRE INTERVENTI &#8211; DUE RIENTRATI &#8211; AD AURONZO<\/h3>\n<\/blockquote>\n<p>&nbsp;<\/p>\n<p><strong>FALCADE<\/strong> L&#8217;elicottero del Suem di Pieve di Cadore \u00e8 volato in prossimit\u00e0 del Lago di Cavia a Falcade, dove un&#8217;escursionista di 50 anni, M.C., di Ravenna, che era assieme al marito, si era fatta male a un braccio. Equipe medica e tecnico di elisoccorso sbarcati in hovering hanno prestato assistenza all&#8217;infortunata e la hanno imbarcata con un verricello di 5 metri per poi portarla all&#8217;ospedale di Agordo. Sul posto anche il Soccorso alpino della Val Biois.<\/p>\n<p><strong>LIVINALLONGO<\/strong> I soccorritori di Livinallongo sono\u00a0 intervenuti a Porta Vescovo, per una escursionista che aveva riportato un probabile trauma alla caviglia dopo essere scivolata sul sentiero. I soccorritori hanno accompagnato a valle L.B., 71 anni, di Vicenza, che poi si \u00e8 allontanata autonomamente.<\/p>\n<p><strong>AURONZO<\/strong> Una squadra del Sagf di Auronzo si \u00e8 portata a Forcella Lavaredo, sulle Tre Cime, dove una turista tedesca di 52 anni si era procurata un sospetto trauma alla spalla. La donna \u00e8 stata poi imbarcata dell&#8217;elicottero dell&#8217;Aiut Alpin Dolomites di Bolzano per essere trasportata all&#8217;ospedale di Brunico.<\/p>\n<p><strong>AURONZO\u00a0<\/strong> Altre due le emergenze comunque subito rientrate ad Auronzo di Cadore, dove un passante si era imbattuto in un escursionista svenuto che, dopo essersi ripreso, ha rifiutato l&#8217;assistenza sanitaria. La seconda a Santo Stefano di Cadore per un cercatore di funghi in ritardo, poi tornato alla macchina quando le squadre del Soccorso alpino della Val Comelico stavano per avviare la ricerca.<\/p>\n<p>&nbsp;<\/p>\n<p>&nbsp;<\/p>\n<hr \/>\n<blockquote>\n<h3><\/h3>\n<h3 style=\"text-align: left;\">SPACCIATORE FERMATO DALLA VOLANTE, IN TASCA LSD UN PREOCCUPANTE RITORNO AL PASSATO<\/h3>\n<\/blockquote>\n<p><strong>BELLUNO<\/strong> Una sorpresa per gli uomini delle volanti che hanno fermato uno spacciatore non solo di marijuana ma anche di Lsd, un deciso tuffo nel passato che desta allarme. Di qui gli uomini della Questura hanno deciso di avviare un&#8217;importante campagna di prevenzione massiccia<\/p>\n<p>&nbsp;<\/p>\n<p><strong>DA BELLUNO MORENO GIOLI<\/strong><\/p>\n<audio class=\"wp-audio-shortcode\" id=\"audio-148193-1\" preload=\"none\" style=\"width: 100%;\" controls=\"controls\"><source type=\"audio\/mpeg\" src=\"https:\/\/www.radiopiu.net\/wordpress\/wp-content\/uploads\/2020\/07\/moreno.mp3?_=1\" \/><a href=\"https:\/\/www.radiopiu.net\/wordpress\/wp-content\/uploads\/2020\/07\/moreno.mp3\">https:\/\/www.radiopiu.net\/wordpress\/wp-content\/uploads\/2020\/07\/moreno.mp3<\/a><\/audio>\n<p>&nbsp;<\/p>\n<p><strong>AI MICROFONI DI RADIO PIU&#8217;<\/strong> <span class=\"f\">\u00a0<em>Federico<\/em> <\/span><em>Farris, capo delle Volanti<\/em>\u00a0 dirigente della <em>Questura<\/em>\u00a0 di Belluno<\/p>\n<audio class=\"wp-audio-shortcode\" id=\"audio-148193-2\" preload=\"none\" style=\"width: 100%;\" controls=\"controls\"><source type=\"audio\/mpeg\" src=\"https:\/\/www.radiopiu.net\/wordpress\/wp-content\/uploads\/2020\/07\/FLORIS-1.mp3?_=2\" \/><a href=\"https:\/\/www.radiopiu.net\/wordpress\/wp-content\/uploads\/2020\/07\/FLORIS-1.mp3\">https:\/\/www.radiopiu.net\/wordpress\/wp-content\/uploads\/2020\/07\/FLORIS-1.mp3<\/a><\/audio>\n<p>&nbsp;<\/p>\n<p><strong><a class=\"dt-pswp-item\" href=\"https:\/\/www.radiopiu.net\/wordpress\/wp-content\/uploads\/2020\/07\/62fe9a66-8e55-4c24-8a82-f6bd3b680c19.jpg\" data-dt-img-description=\"\" data-large_image_width=\"1600\" data-large_image_height=\"737\"><img loading=\"lazy\" decoding=\"async\" class=\"wp-image-148253 alignleft\" src=\"https:\/\/www.radiopiu.net\/wordpress\/wp-content\/uploads\/2020\/07\/62fe9a66-8e55-4c24-8a82-f6bd3b680c19-300x138.jpg\" alt=\"\" width=\"233\" height=\"107\" srcset=\"https:\/\/www.radiopiu.net\/wordpress\/wp-content\/uploads\/2020\/07\/62fe9a66-8e55-4c24-8a82-f6bd3b680c19-300x138.jpg 300w, https:\/\/www.radiopiu.net\/wordpress\/wp-content\/uploads\/2020\/07\/62fe9a66-8e55-4c24-8a82-f6bd3b680c19-1024x472.jpg 1024w, https:\/\/www.radiopiu.net\/wordpress\/wp-content\/uploads\/2020\/07\/62fe9a66-8e55-4c24-8a82-f6bd3b680c19-768x354.jpg 768w, https:\/\/www.radiopiu.net\/wordpress\/wp-content\/uploads\/2020\/07\/62fe9a66-8e55-4c24-8a82-f6bd3b680c19-1536x708.jpg 1536w, https:\/\/www.radiopiu.net\/wordpress\/wp-content\/uploads\/2020\/07\/62fe9a66-8e55-4c24-8a82-f6bd3b680c19.jpg 1600w\" sizes=\"auto, (max-width: 233px) 100vw, 233px\" \/><\/a><\/strong><\/p>\n<p>&nbsp;<\/p>\n<p>&nbsp;<\/p>\n<p>&nbsp;<\/p>\n<p>&nbsp;<\/p>\n<p><strong>A PROPOSITO DEL DEGRADO A BELLUNO IN VIA SOTTO CASTELLO<\/strong><\/p>\n<audio class=\"wp-audio-shortcode\" id=\"audio-148193-3\" preload=\"none\" style=\"width: 100%;\" controls=\"controls\"><source type=\"audio\/mpeg\" src=\"https:\/\/www.radiopiu.net\/wordpress\/wp-content\/uploads\/2020\/07\/FLORIS-2.mp3?_=3\" \/><a href=\"https:\/\/www.radiopiu.net\/wordpress\/wp-content\/uploads\/2020\/07\/FLORIS-2.mp3\">https:\/\/www.radiopiu.net\/wordpress\/wp-content\/uploads\/2020\/07\/FLORIS-2.mp3<\/a><\/audio>\n<p>&nbsp;<\/p>\n<p><strong>GLI EFFETTI DELLA DROGA\u00a0 LSD<\/strong>: Sono funghi che crescono sulla segale o altre graminacee e dai quali si ottiene, per sintesi chimica, la dietilammide dell\u2019acido lisergico, meglio nota come LSD. E&#8217; costituita da una polvere bianca ma che viene trasformata in liquido per il mercato di strada nel quale viene generalmente immessa o in forma liquida o assorbita su carta, generalmente in forma di miniature o francobolli, o su cubetti di zucchero.<b> <\/b>Questa sostanza \u00e8 una droga allucinogena che mira ad ottenere una confusione sensoria nell\u2019assuntore. Il consumo di LSD induce infatti allucinazioni acustiche e visive e, in generale, percezioni contorte e distorte della realt\u00e0 e del tempo. Gli effetti di questo acido variano enormemente sia sulla base della dose che in dipendenza dall\u2019intorno. Esperienze spiacevoli o addirittura terrificanti sembrano essere dovute al fatto che l\u2019assuntore sia in uno stato ansioso o depresso. LSD pu\u00f2 anche provocare panico o paranoia se assunto in intorni non familiari, intensi o caotici. \u00c8 piuttosto importante il fenomeno della dipendenza psicologica, l\u2019assunzione di LSD pu\u00f2 dare luogo a spiacevoli e terrificanti allucinazioni che permangono fino alla fine del \u201cviaggio\u201d.<\/p>\n<p>&nbsp;<\/p>\n<p>&nbsp;<\/p>\n<hr \/>\n<p>&nbsp;<\/p>\n<blockquote>\n<h3>TROVA LA CARTA DI CREDITO SMARRITA E SI DA ALLO SHOPPING: DENUNCIATA DAI CARABINIERI<\/h3>\n<\/blockquote>\n<p><a class=\"dt-pswp-item\" href=\"https:\/\/www.radiopiu.net\/wordpress\/wp-content\/uploads\/2020\/07\/fdafef99-50cd-434b-9954-7c16cbfbc6f2-1.jpg\" data-dt-img-description=\"\" data-large_image_width=\"320\" data-large_image_height=\"244\"><img loading=\"lazy\" decoding=\"async\" class=\" wp-image-148271 alignleft\" src=\"https:\/\/www.radiopiu.net\/wordpress\/wp-content\/uploads\/2020\/07\/fdafef99-50cd-434b-9954-7c16cbfbc6f2-1-300x229.jpg\" alt=\"\" width=\"224\" height=\"171\" srcset=\"https:\/\/www.radiopiu.net\/wordpress\/wp-content\/uploads\/2020\/07\/fdafef99-50cd-434b-9954-7c16cbfbc6f2-1-300x229.jpg 300w, https:\/\/www.radiopiu.net\/wordpress\/wp-content\/uploads\/2020\/07\/fdafef99-50cd-434b-9954-7c16cbfbc6f2-1.jpg 320w\" sizes=\"auto, (max-width: 224px) 100vw, 224px\" \/><\/a><strong>BELLUNO<\/strong> Una bellunese di 47 anni \u00e8 stato denunciata dai Carabinieri di Belluno per uso fraudolento della carta di credito. A chiusura delle indagini gli uomini dell&#8217;arma hanno appurato che V.A. ha utilizzato la carta di credito ed anche il bancomat contenuti in un portafoglio smarrito alcune settimane fa a Belluno da una turista dell&#8217;Emilia Romagna di passaggio per la citt\u00e0 capoluogo. La donna non ha restituito quanto ritrovato, ha preferito entrare in negozio e fare shopping. Tra gli acquisti due collier in acciaio, una radiosveglia e degli alimentari. Parte della merce \u00e8 stata recuperata\u00a0 nel corso di una perquisizione a domicilio. Gli accertamenti sono peraltro ancora in corso per capire se la donna abbia utilizzato anche altrove le carte di credito. La donna \u00e8 stata denunciata anche per furto del portafogli pur non avendolo rubato materialmente ma essendosene impossessate in modo illegale<\/p>\n<p>&nbsp;<\/p>\n<p>&nbsp;<\/p>\n<p>&nbsp;<\/p>\n<hr \/>\n<p>&nbsp;<\/p>\n<blockquote>\n<h3>NELLA NOTTE RECUPERATA LA PALA GOMMATA<\/h3>\n<\/blockquote>\n<p><strong><em><a class=\"dt-pswp-item\" href=\"https:\/\/www.radiopiu.net\/wordpress\/wp-content\/uploads\/2020\/07\/62ffee66-02b0-4cc8-b7ab-e502becddf2d.jpg\" data-dt-img-description=\"\" data-large_image_width=\"1280\" data-large_image_height=\"960\"><img loading=\"lazy\" decoding=\"async\" class=\"wp-image-148200 alignleft\" src=\"https:\/\/www.radiopiu.net\/wordpress\/wp-content\/uploads\/2020\/07\/62ffee66-02b0-4cc8-b7ab-e502becddf2d-300x225.jpg\" alt=\"\" width=\"224\" height=\"168\" srcset=\"https:\/\/www.radiopiu.net\/wordpress\/wp-content\/uploads\/2020\/07\/62ffee66-02b0-4cc8-b7ab-e502becddf2d-300x225.jpg 300w, https:\/\/www.radiopiu.net\/wordpress\/wp-content\/uploads\/2020\/07\/62ffee66-02b0-4cc8-b7ab-e502becddf2d-1024x768.jpg 1024w, https:\/\/www.radiopiu.net\/wordpress\/wp-content\/uploads\/2020\/07\/62ffee66-02b0-4cc8-b7ab-e502becddf2d-768x576.jpg 768w, https:\/\/www.radiopiu.net\/wordpress\/wp-content\/uploads\/2020\/07\/62ffee66-02b0-4cc8-b7ab-e502becddf2d.jpg 1280w\" sizes=\"auto, (max-width: 224px) 100vw, 224px\" \/><\/a>BORCA DI CADORE<\/em><\/strong>\u00a0 L&#8217;altra notte intervento dei vigili del fuoco a Borca di Cadore lungo il greto del torrente Boite dove \u00e8 caduta una pala gommata.\u00a0 Due squadre della caserma di Cortina ed altrettante della caserma volontari di Borca sono state impegnate dalle 20 alle 23 con l&#8217;ausilio di gruppi di fari per il recupero del mezzo, sul posto anche l&#8217;autogru dei pompieri di Pieve di Cadore. \u00a0Al momento della caduta il torrente era quasi in secca, ma con il passare delle ore a causa delle avverse condizioni meteo il corso d\u2019acqua ha aumentato notevolmente la portata, con il rischio di spostamento a valle del mezzo d\u2019opera. I vigili del fuoco, sono riusciti con il personale SAF (speleo alpino fluviale) a imbragare la pala, che \u00e8 stata recuperata con l\u2019autogr\u00f9.<\/p>\n<p>&nbsp;<\/p>\n<p>&nbsp;<\/p>\n<hr \/>\n<p>&nbsp;<\/p>\n<p>&nbsp;<\/p>\n<blockquote>\n<h3>&#8220;DE COCCIO&#8221;: SECONDA SETTIMANA CONSECUTIVA SENZA SANZIONI<\/h3>\n<\/blockquote>\n<p><strong>BELLUNO<\/strong> Per la seconda settimana consecutiva non risultano sanzioni da parte delle Forze dell&#8217;Ordine in base ai controlli per il contenimento del Covid-19. Nella settimana scorsa sono state controllate 2026 persone e tutto \u00e8 risultato regolare. I controlli continuano anche nelle attivit\u00e0 commerciali. 771 gli esercizi controllati e nessuna sanzione o chiusura temporanea \u00e8 scattata.<\/p>\n<p><a class=\"dt-pswp-item\" href=\"https:\/\/www.radiopiu.net\/wordpress\/wp-content\/uploads\/2020\/07\/MONITORAGGIO_SETTIMANALE_DEI_SERVIZI_DI_CONTROLLO_DEL_05.07.2020.jpg\" data-dt-img-description=\"\" data-large_image_width=\"1240\" data-large_image_height=\"1754\"><img loading=\"lazy\" decoding=\"async\" class=\"alignnone wp-image-148206 \" src=\"https:\/\/www.radiopiu.net\/wordpress\/wp-content\/uploads\/2020\/07\/MONITORAGGIO_SETTIMANALE_DEI_SERVIZI_DI_CONTROLLO_DEL_05.07.2020-724x1024.jpg\" alt=\"\" width=\"283\" height=\"400\" srcset=\"https:\/\/www.radiopiu.net\/wordpress\/wp-content\/uploads\/2020\/07\/MONITORAGGIO_SETTIMANALE_DEI_SERVIZI_DI_CONTROLLO_DEL_05.07.2020-724x1024.jpg 724w, https:\/\/www.radiopiu.net\/wordpress\/wp-content\/uploads\/2020\/07\/MONITORAGGIO_SETTIMANALE_DEI_SERVIZI_DI_CONTROLLO_DEL_05.07.2020-212x300.jpg 212w, https:\/\/www.radiopiu.net\/wordpress\/wp-content\/uploads\/2020\/07\/MONITORAGGIO_SETTIMANALE_DEI_SERVIZI_DI_CONTROLLO_DEL_05.07.2020-768x1086.jpg 768w, https:\/\/www.radiopiu.net\/wordpress\/wp-content\/uploads\/2020\/07\/MONITORAGGIO_SETTIMANALE_DEI_SERVIZI_DI_CONTROLLO_DEL_05.07.2020-1086x1536.jpg 1086w, https:\/\/www.radiopiu.net\/wordpress\/wp-content\/uploads\/2020\/07\/MONITORAGGIO_SETTIMANALE_DEI_SERVIZI_DI_CONTROLLO_DEL_05.07.2020.jpg 1240w\" sizes=\"auto, (max-width: 283px) 100vw, 283px\" \/><\/a><\/p>\n<p>&nbsp;<\/p>\n<p>&nbsp;<\/p>\n<hr \/>\n<p>&nbsp;<\/p>\n<p>&nbsp;<\/p>\n<blockquote>\n<h3>IN LUXOTTICA RIPARTE ANCHE LA FLESSIBILITA&#8217;<\/h3>\n<\/blockquote>\n<p><strong><a class=\"dt-pswp-item\" href=\"https:\/\/www.radiopiu.net\/wordpress\/wp-content\/uploads\/2020\/03\/NOVITA-LUXOTTICA.jpg\" data-dt-img-description=\"\" data-large_image_width=\"1600\" data-large_image_height=\"900\"><img loading=\"lazy\" decoding=\"async\" class=\" wp-image-124025 alignleft\" src=\"https:\/\/www.radiopiu.net\/wordpress\/wp-content\/uploads\/2020\/03\/NOVITA-LUXOTTICA-300x169.jpg\" alt=\"\" width=\"144\" height=\"81\" srcset=\"https:\/\/www.radiopiu.net\/wordpress\/wp-content\/uploads\/2020\/03\/NOVITA-LUXOTTICA-300x169.jpg 300w, https:\/\/www.radiopiu.net\/wordpress\/wp-content\/uploads\/2020\/03\/NOVITA-LUXOTTICA-1024x576.jpg 1024w, https:\/\/www.radiopiu.net\/wordpress\/wp-content\/uploads\/2020\/03\/NOVITA-LUXOTTICA-768x432.jpg 768w, https:\/\/www.radiopiu.net\/wordpress\/wp-content\/uploads\/2020\/03\/NOVITA-LUXOTTICA-1536x864.jpg 1536w, https:\/\/www.radiopiu.net\/wordpress\/wp-content\/uploads\/2020\/03\/NOVITA-LUXOTTICA.jpg 1600w\" sizes=\"auto, (max-width: 144px) 100vw, 144px\" \/><\/a>AGORDO<\/strong> La notizia \u00e8 di quelle importanti che mette in evidenza una volta in pi\u00f9 la ripartenza dell&#8217;azienda agordina. E&#8217; stato infatti firmato un piano di flessibilit\u00e0 positiva per la filiera iniettato,\u00a0 le giornate previste (al sabato) dove i lavoratori saranno chiamati all&#8217;impegno per il primo turno. In area stamperia iniettato tradizionale si lavora sabato 25 luglio e sabato 29 agosto\u00a0 \u00a0(turni mattina e posticipo terzo turno il 26 luglio dalle 23.15 alle 5.15);\u00a0 sabato 1 agosto e sabato 5 settembre (turni mattina).\u00a0 In area finitura iniettato (5 minuti) sabato 25 luglio e sabato 29 agosto (turni mattina e posticipo terzo turno il 26 luglio dalle 23.15 alle 5.15); sabato 1 agosto e sabato 5 settembre (turni mattina).<\/p>\n<p>&nbsp;<\/p>\n<p>&nbsp;<\/p>\n<hr \/>\n<p>&nbsp;<\/p>\n<blockquote>\n<h3>ACC SERVONO RISORSE PER LA RIPARTENZA<\/h3>\n<\/blockquote>\n<p><strong>BORGO VALBELLUNA<\/strong> Importante incontro in Regione tra l&#8217;assessore Elena Donazzan, il referente dell&#8217;unit\u00e0 di crisi Mattia Losego, il direttore generale di Veneto Sviluppo Gianmarco Russo, il commissario straordinario Maurizio Castro e una decina di banche. <em>\u00abOggi \u00e8 stato un incontro importante con il mondo bancario che opera in Veneto &#8211; ha detto in serata Elena Donazzan-\u00a0 abbiamo\u00a0 coinvolto gli istituti di credito per sostenere\u00a0 l&#8217;azienda. Il piano nei giorni scorsi era gi\u00e0 stato oggetto di attenzione da parte del ministero per lo Sviluppo economico e della Regione stessa&#8221;,<\/em> Quello che serve \u00e8 un finanziamento ponte che permetta all&#8217;Acc di andare avanti in attesa che arrivino le risorse dal ministero dello Sviluppo economico. Venerd\u00ec arriveranno gli ultimi sei dipendenti assunti, mentre oggi ci sar\u00e0 il vertice da del consiglio di gestione.<\/p>\n<p>&nbsp;<\/p>\n<p>&nbsp;<\/p>\n<hr \/>\n<p>&nbsp;<\/p>\n<blockquote>\n<h3>EMERGENZA MIGRANTI, IL VIRUS IMPORTATO DAL BANGLADESH CONVINCE IL GOVERNO AD UNA STRETTA SUI VOLI, INTANTO A JESOLO SI CONTANO 7 NUOVI CASI. PER LA RIPRESA DELL&#8217;ANNO SCOLASTICO IL VENETO PRESENTA IL MANUALE,\u00a0 I DIRIGENTI SI ORGANIZZANO MA NON TUTTI PERCHE&#8217; IN MOLTI RINUNCIANO ALL&#8217;INCARICO\u00a0 PER TORNARE ALLE LORO FAMIGLIE LONTANO DAL NORD<\/h3>\n<\/blockquote>\n<p><strong>di Mirko Mezzacasa<\/strong><\/p>\n<p>In Italia sarebbero arrivati almeno 600 positivi al covid dal Bangladesh, solo a Jesolo si contano 7 contagiati negli ultimi giorni. Il Governo italiano ha bloccato i voli in arrivo da quel paese anche sulla scorta di informazioni confermate dal presidente dell&#8217;associazione Italia-Bangla, ovvero basterebbero meno di 40 euro per acquistare un falso certificato a Dacca che attesti la negativit\u00e0 del migrante in arrivo in Europa. Per questo il Ministro Roberto Speranza ha bloccato i voli, ma lo ha fatto con incredibile ritardo visto che il virus \u00e8 stato importato, come confermano i 7 casi di Jesolo che hanno mandato su tutte le furie il presidente degli albergatori della localit\u00e0 turistica<em> &#8220;Siamo alle solite &#8211; ha detto &#8211; si interviene solo quando il danno \u00e8 gi\u00e0 stato fatto&#8221;.<\/em> In Serbia \u00e8 emergenza cos\u00ec come negli altri Paesi dei Balcani con la curva dei contagi a livelli elevati. Solo in Serbia ieri si sono contati 13 decessi in 24 ore e 299 nuovi casi ed a Belgrado \u00e8 stato re introdotto il coprifuoco con la dichiarazione dello stato di emergenza. In Macedonia la situazione non \u00e8 migliore con 5 decessi e 120 nuovi casi in un giorno. Sono tutti negativi i 6 bellunesi venuti in contatto con un trevigiano positivo al covid19 che aveva frequentato un corso di nuoto a Valdobbiadene ma era anche entrato in contatto con dei bellunesi durante una camminata in montagna. Alla casa di riposo di Puos d&#8217;Alpago dopo l&#8217;ultimo decesso di una 93enne avvenuto in ospedale al San Martino \u00e8 in corso il test su una quindicina di operatori, negativa al tampone la compagna di stanza dell&#8217;anziana deceduta.\u00a0 In questi giorni sono in corso in tutte le scuole del Veneto le riunioni per la ripartenza dell&#8217;anno scolastico. Il manuale per il ritorno in classe prevede il rispetto delle distanze e adeguati spazi in mensa, palestra e corridoi mentre si assiste alla fuga dei dirigenti scolastici dal nord, tornano al sud verso le proprie famiglie temendo un nuovo lockdown autunnale. I sindacati chiedono di introdurre il medico per la scuola per rafforzare il presidio sanitario. Per settembre serviranno pi\u00f9 insegnanti e soprattutto pi\u00f9 bidelli anche perch\u00e9 ci sono le aule da sanificare.\u00a0 <strong>I NUMERI\u00a0 IN VENETO:<\/strong> TOTALE POSITIVI 19341\u00a0 (+2)\u00a0 ATTUALMENTE POSITIVI\u00a0 384 (+32)\u00a0 DECESSI 2034\u00a0 (+4) NEGATIVIZZATI 16923 (+6) IN ISOLAMENTO 870 (102)\u00a0 RICOVERATI\u00a0 163 (-3 \u2013 18 POSITIVI, 145 NEGATIVIZZATI), NEGLI OSPEDALI DI COMUNITA\u2019 RICOVERATI 26 (-1, 3 POSITIVI,\u00a0 23 NEGATIVIZZATI), IN TERAPIA INTENSIVA 10 (2 POSITIVI, \u00a08 NEGATIVIZZATI). DIMESSI 3619\u00a0 (6) <strong>I NUMERI IN PROVINCIA:<\/strong> TOTALE CONTAGI 1196 (0) , ATTUALMENTE POSITIVI 21 (0) , DECEDUTI 113 (0), NEGATIVIZZATI 1062 (0) ISOLAMENTO DOMICILIARE 92 (+0) RICOVERATI IN OSPEDALE AL SAN MARTINO 1 (+1)<\/p>\n<p>&nbsp;<\/p>\n<hr \/>\n<p>&nbsp;<\/p>\n<blockquote class=\"wp-embedded-content\" data-secret=\"gSqpzC0sdf\"><p><a href=\"https:\/\/www.radiopiu.net\/wordpress\/coronavirus-aggiornamento-nazionale-07-luglio\/\">CORONAVIRUS: AGGIORNAMENTO NAZIONALE 07 LUGLIO<\/a><\/p><\/blockquote>\n<p><iframe loading=\"lazy\" class=\"wp-embedded-content\" sandbox=\"allow-scripts\" security=\"restricted\" style=\"position: absolute; clip: rect(1px, 1px, 1px, 1px);\" title=\"&#8220;CORONAVIRUS: AGGIORNAMENTO NAZIONALE 07 LUGLIO&#8221; &#8212; Radio Pi\u00f9\" src=\"https:\/\/www.radiopiu.net\/wordpress\/coronavirus-aggiornamento-nazionale-07-luglio\/embed\/#?secret=gSqpzC0sdf\" data-secret=\"gSqpzC0sdf\" width=\"600\" height=\"338\" frameborder=\"0\" marginwidth=\"0\" marginheight=\"0\" scrolling=\"no\"><\/iframe><\/p>\n<p>&nbsp;<\/p>\n<p>&nbsp;<\/p>\n<hr \/>\n<div class=\"page-title-head hgroup\">\n<h3><\/h3>\n<\/div>\n<h3><\/h3>\n<blockquote class=\"wp-embedded-content\" data-secret=\"Oj2cEfMSNm\"><p><a href=\"https:\/\/www.radiopiu.net\/wordpress\/6-positivi-in-piu-nelle-ultime-24-ore-e-un-decesso-13-persone-escono-dallisolamento-domiciliare-in-veneto-a-belluno-un-positivo-in-piu-e-sempre-2-ricoverati-in-area-non-critica\/\">102 PERSONE IN ISOLAMENTO NELLE ULTIME 24 ORE, 4 DECESSI 1 IN OSPEDALE NESSUN DIMESSO<\/a><\/p><\/blockquote>\n<p><iframe loading=\"lazy\" class=\"wp-embedded-content\" sandbox=\"allow-scripts\" security=\"restricted\" style=\"position: absolute; clip: rect(1px, 1px, 1px, 1px);\" title=\"&#8220;102 PERSONE IN ISOLAMENTO NELLE ULTIME 24 ORE, 4 DECESSI 1 IN OSPEDALE NESSUN DIMESSO&#8221; &#8212; Radio Pi\u00f9\" src=\"https:\/\/www.radiopiu.net\/wordpress\/6-positivi-in-piu-nelle-ultime-24-ore-e-un-decesso-13-persone-escono-dallisolamento-domiciliare-in-veneto-a-belluno-un-positivo-in-piu-e-sempre-2-ricoverati-in-area-non-critica\/embed\/#?secret=Oj2cEfMSNm\" data-secret=\"Oj2cEfMSNm\" width=\"600\" height=\"338\" frameborder=\"0\" marginwidth=\"0\" marginheight=\"0\" scrolling=\"no\"><\/iframe><\/p>\n<div class=\"page-title-head hgroup\">\n<h3><\/h3>\n<\/div>\n<h3><\/h3>\n<div class=\"page-title-head hgroup\">\n<hr \/>\n<h3><\/h3>\n<h3 class=\"entry-title\">COME PUO\u2019 AUMENTARE L\u2019UTENZA SE LA DOLOMITIBUS NON RIPRISTINA TUTTE LE CORSE?<\/h3>\n<\/div>\n<blockquote>\n<blockquote>\n<h3>TRASPORTO PUBBLICO, SCOPEL: \u00abI NOSTRI MEZZI SONO SICURI. SE AUMENTA L\u2019UTENZA, SAR\u00c0 PI\u00d9 FACILE RIATTIVARE NUOVE CORSE\u00bb<\/h3>\n<\/blockquote>\n<p><em>Dalla Provincia il consigliere provinciale Dario Scopel mette in evidenza i dati di un sondaggio dove emergerebbe che la gente teme salire sui mezzi pubblici per motivi di sicurezza. In realt\u00e0 in gran parte dell&#8217;Agordino &#8211; ma solo per fare un esempio &#8211; questo problema non si pone nel senso che le lamentele sono altre: la mancanza di un servizio come quello precedente soprattutto nella zona dell&#8217;Alto Agordino dove gli operatori turistici in queste settimane si stanno organizzando con il trasporto pubblico locale della vicina Provincia Autonoma con autobus in orario e dove nessuno ha mai messo in discussione la sicurezza.<\/em><\/p>\n<p><strong><a class=\"dt-pswp-item\" href=\"https:\/\/www.radiopiu.net\/wordpress\/wp-content\/uploads\/2020\/06\/97384eec-d2d4-4e19-bdc9-7845fa51b71c.jpg\" data-dt-img-description=\"\" data-large_image_width=\"2048\" data-large_image_height=\"1536\"><img loading=\"lazy\" decoding=\"async\" class=\"size-medium wp-image-144908 alignleft\" src=\"https:\/\/www.radiopiu.net\/wordpress\/wp-content\/uploads\/2020\/06\/97384eec-d2d4-4e19-bdc9-7845fa51b71c-300x225.jpg\" alt=\"\" width=\"300\" height=\"225\" srcset=\"https:\/\/www.radiopiu.net\/wordpress\/wp-content\/uploads\/2020\/06\/97384eec-d2d4-4e19-bdc9-7845fa51b71c-300x225.jpg 300w, https:\/\/www.radiopiu.net\/wordpress\/wp-content\/uploads\/2020\/06\/97384eec-d2d4-4e19-bdc9-7845fa51b71c-1024x768.jpg 1024w, https:\/\/www.radiopiu.net\/wordpress\/wp-content\/uploads\/2020\/06\/97384eec-d2d4-4e19-bdc9-7845fa51b71c-768x576.jpg 768w, https:\/\/www.radiopiu.net\/wordpress\/wp-content\/uploads\/2020\/06\/97384eec-d2d4-4e19-bdc9-7845fa51b71c-1536x1152.jpg 1536w, https:\/\/www.radiopiu.net\/wordpress\/wp-content\/uploads\/2020\/06\/97384eec-d2d4-4e19-bdc9-7845fa51b71c.jpg 2048w\" sizes=\"auto, (max-width: 300px) 100vw, 300px\" \/><\/a>BELLUNO\u00a0<\/strong>\u00abStiamo monitorando la situazione del trasporto pubblico, dopo l\u2019entrata in vigore del nuovo orario estivo. Contiamo di migliorare ulteriormente il servizio\u00bb. \u00c8 quanto afferma il consigliere provinciale delegato ai trasporti, Dario Scopel, all\u2019indomani della riattivazione del servizio urbano di Belluno, Feltre e Auronzo, che arriva a brevissima distanza dal ripristino di nuove linee extraurbane. Il riferimento \u00e8 a un\u2019analisi condotta da Swg relativa alla percezione di sicurezza dei cittadini nell\u2019andare a fare la spesa, nell\u2019entrare in bar e ristoranti, e anche nell\u2019usare i mezzi pubblici. A maggio l\u2019uso di bus e corriere era avvertito come sicuro dal 17% degli intervistati, nell\u2019ultima settimana il valore \u00e8 cresciuto fino al 32%.<\/p>\n<p><strong>IL CONSIGLIERE PROVINCIALE DARIO SCOPEL<\/strong><\/p>\n<audio class=\"wp-audio-shortcode\" id=\"audio-148193-4\" preload=\"none\" style=\"width: 100%;\" controls=\"controls\"><source type=\"audio\/mpeg\" src=\"https:\/\/www.radiopiu.net\/wordpress\/wp-content\/uploads\/2020\/07\/SCOPEL-1.mp3?_=4\" \/><a href=\"https:\/\/www.radiopiu.net\/wordpress\/wp-content\/uploads\/2020\/07\/SCOPEL-1.mp3\">https:\/\/www.radiopiu.net\/wordpress\/wp-content\/uploads\/2020\/07\/SCOPEL-1.mp3<\/a><\/audio>\n<p>&nbsp;<\/p><\/blockquote>\n<p>&nbsp;<\/p>\n<p>&nbsp;<\/p>\n<hr \/>\n<p>&nbsp;<\/p>\n<p>&nbsp;<\/p>\n<blockquote>\n<h3>IL GRAZIE DEL COMUNE DI TAIBON ALLA PROTEZIONE CIVILE<\/h3>\n<\/blockquote>\n<p><strong>TAIBON\u00a0<\/strong>L\u2019Amministrazione di Taibon esprime enorme gratitudine al Gruppo di Protezione Civile A.N.A. di Agordo per il prezioso lavoro di cura e recupero svolto in localit\u00e0 Peschiere. L\u2019intervento compiuto ha portato ordine, rimettendo in primo piano la bellezza di quell\u2019area rispetto alle ferite che tutti abbiamo conosciuto. Certo ancora molto si dovr\u00e0 fare per restituire a quell\u2019oasi la dimensione che merita, ma ora, grazie all\u2019impegno dei tanti Volontari, il primo colpo d\u2019occhio restituisce immagini assolutamente appaganti. Inoltre, la sistemazione dei tavoli e dei barbecue che, per inciso, ora sono migliori di com\u2019erano in origine, oltre a migliorare l\u2019estetica, realizzano funzionalit\u00e0 e vivibilit\u00e0 degli spazi. Un immenso grazie a tutti i volontari che si sono impegnati in questo intervento, sia per il tempo che hanno dedicato, sia per il risultato conseguito; grazie anche alle imprese locali che hanno supportato l\u2019Associazione in alcune lavorazioni.<\/p>\n<p><em><strong> \u00a0 \u00a0 \u00a0 \u00a0PRIMA \u00a0 \u00a0 \u00a0 \u00a0 \u00a0 \u00a0 \u00a0 \u00a0 \u00a0 \u00a0 \u00a0 \u00a0 \u00a0 \u00a0 \u00a0 \u00a0 \u00a0 \u00a0 \u00a0 \u00a0 \u00a0 \u00a0 \u00a0 \u00a0 \u00a0 \u00a0 \u00a0 \u00a0 \u00a0 \u00a0 \u00a0 \u00a0 \u00a0 \u00a0 \u00a0 \u00a0 \u00a0 \u00a0 \u00a0 \u00a0 \u00a0 \u00a0 \u00a0 \u00a0 \u00a0 \u00a0 \u00a0 \u00a0 DOPO<\/strong><\/em><\/p>\n<p><a class=\"dt-pswp-item\" href=\"https:\/\/www.radiopiu.net\/wordpress\/wp-content\/uploads\/2020\/07\/2b1cb6db-3861-4387-8e24-f95be8076568.jpg\" data-dt-img-description=\"\" data-large_image_width=\"1600\" data-large_image_height=\"900\"><img loading=\"lazy\" decoding=\"async\" class=\"alignnone wp-image-148225\" src=\"https:\/\/www.radiopiu.net\/wordpress\/wp-content\/uploads\/2020\/07\/2b1cb6db-3861-4387-8e24-f95be8076568-300x169.jpg\" alt=\"\" width=\"405\" height=\"228\" srcset=\"https:\/\/www.radiopiu.net\/wordpress\/wp-content\/uploads\/2020\/07\/2b1cb6db-3861-4387-8e24-f95be8076568-300x169.jpg 300w, https:\/\/www.radiopiu.net\/wordpress\/wp-content\/uploads\/2020\/07\/2b1cb6db-3861-4387-8e24-f95be8076568-1024x576.jpg 1024w, https:\/\/www.radiopiu.net\/wordpress\/wp-content\/uploads\/2020\/07\/2b1cb6db-3861-4387-8e24-f95be8076568-768x432.jpg 768w, https:\/\/www.radiopiu.net\/wordpress\/wp-content\/uploads\/2020\/07\/2b1cb6db-3861-4387-8e24-f95be8076568-1536x864.jpg 1536w, https:\/\/www.radiopiu.net\/wordpress\/wp-content\/uploads\/2020\/07\/2b1cb6db-3861-4387-8e24-f95be8076568.jpg 1600w\" sizes=\"auto, (max-width: 405px) 100vw, 405px\" \/><\/a><a class=\"dt-pswp-item\" href=\"https:\/\/www.radiopiu.net\/wordpress\/wp-content\/uploads\/2020\/07\/ef7bd62a-1cb1-4746-83a4-23563c4ed87a.jpg\" data-dt-img-description=\"\" data-large_image_width=\"1600\" data-large_image_height=\"900\"><img loading=\"lazy\" decoding=\"async\" class=\"alignnone wp-image-148226\" src=\"https:\/\/www.radiopiu.net\/wordpress\/wp-content\/uploads\/2020\/07\/ef7bd62a-1cb1-4746-83a4-23563c4ed87a-300x169.jpg\" alt=\"\" width=\"403\" height=\"227\" srcset=\"https:\/\/www.radiopiu.net\/wordpress\/wp-content\/uploads\/2020\/07\/ef7bd62a-1cb1-4746-83a4-23563c4ed87a-300x169.jpg 300w, https:\/\/www.radiopiu.net\/wordpress\/wp-content\/uploads\/2020\/07\/ef7bd62a-1cb1-4746-83a4-23563c4ed87a-1024x576.jpg 1024w, https:\/\/www.radiopiu.net\/wordpress\/wp-content\/uploads\/2020\/07\/ef7bd62a-1cb1-4746-83a4-23563c4ed87a-768x432.jpg 768w, https:\/\/www.radiopiu.net\/wordpress\/wp-content\/uploads\/2020\/07\/ef7bd62a-1cb1-4746-83a4-23563c4ed87a-1536x864.jpg 1536w, https:\/\/www.radiopiu.net\/wordpress\/wp-content\/uploads\/2020\/07\/ef7bd62a-1cb1-4746-83a4-23563c4ed87a.jpg 1600w\" sizes=\"auto, (max-width: 403px) 100vw, 403px\" \/><\/a><\/p>\n<p><strong>IL SINDACO DI TAIBON SILVIA TORMEN<\/strong><\/p>\n<audio class=\"wp-audio-shortcode\" id=\"audio-148193-5\" preload=\"none\" style=\"width: 100%;\" controls=\"controls\"><source type=\"audio\/mpeg\" src=\"https:\/\/www.radiopiu.net\/wordpress\/wp-content\/uploads\/2020\/07\/SILVIA-TORMEN-PESCHIERE-PROT-CIVILE.mp3?_=5\" \/><a href=\"https:\/\/www.radiopiu.net\/wordpress\/wp-content\/uploads\/2020\/07\/SILVIA-TORMEN-PESCHIERE-PROT-CIVILE.mp3\">https:\/\/www.radiopiu.net\/wordpress\/wp-content\/uploads\/2020\/07\/SILVIA-TORMEN-PESCHIERE-PROT-CIVILE.mp3<\/a><\/audio>\n<p>&nbsp;<\/p>\n<p>&nbsp;<\/p>\n<hr \/>\n<p>&nbsp;<\/p>\n<p>&nbsp;<\/p>\n<blockquote>\n<h3>LE NOSTRE STELLE AL FULCIS, A FAVORE DEI MINORI IN DIFFICOLTA&#8217;<\/h3>\n<\/blockquote>\n<blockquote>\n<h3><a class=\"dt-pswp-item\" href=\"https:\/\/www.radiopiu.net\/wordpress\/wp-content\/uploads\/2020\/07\/14b76e95-de94-40d9-acce-d15230c304c3.jpg\" data-dt-img-description=\"\" data-large_image_width=\"1210\" data-large_image_height=\"1600\"><img loading=\"lazy\" decoding=\"async\" class=\"size-medium wp-image-148257 alignleft\" src=\"https:\/\/www.radiopiu.net\/wordpress\/wp-content\/uploads\/2020\/07\/14b76e95-de94-40d9-acce-d15230c304c3-227x300.jpg\" alt=\"\" width=\"227\" height=\"300\" srcset=\"https:\/\/www.radiopiu.net\/wordpress\/wp-content\/uploads\/2020\/07\/14b76e95-de94-40d9-acce-d15230c304c3-227x300.jpg 227w, https:\/\/www.radiopiu.net\/wordpress\/wp-content\/uploads\/2020\/07\/14b76e95-de94-40d9-acce-d15230c304c3-774x1024.jpg 774w, https:\/\/www.radiopiu.net\/wordpress\/wp-content\/uploads\/2020\/07\/14b76e95-de94-40d9-acce-d15230c304c3-768x1016.jpg 768w, https:\/\/www.radiopiu.net\/wordpress\/wp-content\/uploads\/2020\/07\/14b76e95-de94-40d9-acce-d15230c304c3-1162x1536.jpg 1162w, https:\/\/www.radiopiu.net\/wordpress\/wp-content\/uploads\/2020\/07\/14b76e95-de94-40d9-acce-d15230c304c3.jpg 1210w\" sizes=\"auto, (max-width: 227px) 100vw, 227px\" \/><\/a><\/h3>\n<h3><\/h3>\n<h3><\/h3>\n<\/blockquote>\n<p><strong>BELLUNO<\/strong>\u00a0Sabato 11 luglio alle 18.30 a Belluno nel Chiostro di Palazzo Fulcis \u201cLe nostre stelle\u201d concerto lirico con Domenico Menini (tenore), Chiara Isotton (soprano), Andrea Moro (viola) Federico Brunello (pianoforte). Prenotazione obbligatoria scrivendo a\u00a0 info@goccedisole.bl.it. Biglietto d\u2019ingresso 20 euro. Il caso di maltempo il concerto si terr\u00e0 a porte chiuse.<\/p>\n<p>&nbsp;<\/p>\n<p>&nbsp;<\/p>\n<p><strong>LA PRESENTAZIONE ALLA PRESENZA DI MANUELA SELVESTREL PRESIDENTE COMITATO GOCCE DI SOLE.<\/strong><\/p>\n<audio class=\"wp-audio-shortcode\" id=\"audio-148193-6\" preload=\"none\" style=\"width: 100%;\" controls=\"controls\"><source type=\"audio\/mpeg\" src=\"https:\/\/www.radiopiu.net\/wordpress\/wp-content\/uploads\/2020\/07\/MANUELA.mp3?_=6\" \/><a href=\"https:\/\/www.radiopiu.net\/wordpress\/wp-content\/uploads\/2020\/07\/MANUELA.mp3\">https:\/\/www.radiopiu.net\/wordpress\/wp-content\/uploads\/2020\/07\/MANUELA.mp3<\/a><\/audio>\n<p>&nbsp;<\/p>\n<p>&nbsp;<\/p>\n<hr \/>\n<p>&nbsp;<\/p>\n<p>&nbsp;<\/p>\n<blockquote>\n<h3><b>COLLABORAZIONE TRA BELLUNO E SENIGALLIA, ACCORDO PER LA RECIPROCA PROMOZIONE TURISTICA<\/b><\/h3>\n<\/blockquote>\n<p><strong><a class=\"dt-pswp-item\" href=\"https:\/\/www.radiopiu.net\/wordpress\/wp-content\/uploads\/2020\/07\/Assessore-Yuki-dEmilia-scaled.jpg\" data-dt-img-description=\"\" data-large_image_width=\"2560\" data-large_image_height=\"1707\"><img loading=\"lazy\" decoding=\"async\" class=\"size-medium wp-image-148231 alignleft\" src=\"https:\/\/www.radiopiu.net\/wordpress\/wp-content\/uploads\/2020\/07\/Assessore-Yuki-dEmilia-300x200.jpg\" alt=\"\" width=\"300\" height=\"200\" srcset=\"https:\/\/www.radiopiu.net\/wordpress\/wp-content\/uploads\/2020\/07\/Assessore-Yuki-dEmilia-300x200.jpg 300w, https:\/\/www.radiopiu.net\/wordpress\/wp-content\/uploads\/2020\/07\/Assessore-Yuki-dEmilia-1024x683.jpg 1024w, https:\/\/www.radiopiu.net\/wordpress\/wp-content\/uploads\/2020\/07\/Assessore-Yuki-dEmilia-768x512.jpg 768w, https:\/\/www.radiopiu.net\/wordpress\/wp-content\/uploads\/2020\/07\/Assessore-Yuki-dEmilia-1536x1024.jpg 1536w, https:\/\/www.radiopiu.net\/wordpress\/wp-content\/uploads\/2020\/07\/Assessore-Yuki-dEmilia-2048x1365.jpg 2048w\" sizes=\"auto, (max-width: 300px) 100vw, 300px\" \/><\/a>BELLUNO\u00a0<\/strong>Matrimonio tra le Dolomiti e l&#8217;Adriatico: nasce sotto il segno della reciproca promozione turistica la collaborazione tra il Comune di Belluno e quello di Senigallia, nelle Marche.\u00a0Lo schema di accordo approvato dalla giunta comunale nasce dalla volont\u00e0 delle due amministrazioni di \u201cvalorizzare le differenze territoriali come un valore aggiunto che potrebbe aiutare ad attrarre il turista, intraprendendo sul proprio territorio azioni di promozione della citt\u00e0 partner in relazione a vari aspetti, tra cui quello artistico, storico, culturale, paesaggistico-ambientale, artigianale, turistico, commerciale ed eno-gastronomico\u201d.\u00a0L&#8217;idea della collaborazione \u00e8 nata dai due primi cittadini, che hanno avuto modo di conoscersi e lavorare insieme in occasione delle assemblee all&#8217;Associazione Nazionale Comuni Italiani: il sindaco di Senigallia, Maurizio Mangialardi, \u00e8 infatti presidente di Anci Marche e Coordinatore nazionale dei Presidenti delle Anci regionali.<\/p>\n<p><strong>L&#8217;ASSESSORE DEL COMUNE DI BELLUNO YUKI D&#8217;EMILIA<\/strong><\/p>\n<audio class=\"wp-audio-shortcode\" id=\"audio-148193-7\" preload=\"none\" style=\"width: 100%;\" controls=\"controls\"><source type=\"audio\/mpeg\" src=\"https:\/\/www.radiopiu.net\/wordpress\/wp-content\/uploads\/2020\/07\/dEmilia-Accordo-promozione-Senigallia.mp3?_=7\" \/><a href=\"https:\/\/www.radiopiu.net\/wordpress\/wp-content\/uploads\/2020\/07\/dEmilia-Accordo-promozione-Senigallia.mp3\">https:\/\/www.radiopiu.net\/wordpress\/wp-content\/uploads\/2020\/07\/dEmilia-Accordo-promozione-Senigallia.mp3<\/a><\/audio>\n<p>&nbsp;<\/p>\n<hr \/>\n<p>&nbsp;<\/p>\n<p>&nbsp;<\/p>\n<blockquote>\n<h3>SMOTTAMENTO A GRUM, LUNGO LA STRADA VILLABRUNA -LASEN: VIA LIBERA AL PROGETTO ESECUTIVO<\/h3>\n<\/blockquote>\n<p><strong><a class=\"dt-pswp-item\" href=\"https:\/\/www.radiopiu.net\/wordpress\/wp-content\/uploads\/2020\/07\/Grum-2.jpg\" data-dt-img-description=\"\" data-large_image_width=\"2000\" data-large_image_height=\"1500\"><img loading=\"lazy\" decoding=\"async\" class=\"size-medium wp-image-148209 alignleft\" src=\"https:\/\/www.radiopiu.net\/wordpress\/wp-content\/uploads\/2020\/07\/Grum-2-300x225.jpg\" alt=\"\" width=\"300\" height=\"225\" srcset=\"https:\/\/www.radiopiu.net\/wordpress\/wp-content\/uploads\/2020\/07\/Grum-2-300x225.jpg 300w, https:\/\/www.radiopiu.net\/wordpress\/wp-content\/uploads\/2020\/07\/Grum-2-1024x768.jpg 1024w, https:\/\/www.radiopiu.net\/wordpress\/wp-content\/uploads\/2020\/07\/Grum-2-768x576.jpg 768w, https:\/\/www.radiopiu.net\/wordpress\/wp-content\/uploads\/2020\/07\/Grum-2-1536x1152.jpg 1536w, https:\/\/www.radiopiu.net\/wordpress\/wp-content\/uploads\/2020\/07\/Grum-2.jpg 2000w\" sizes=\"auto, (max-width: 300px) 100vw, 300px\" \/><\/a>FELTRE\u00a0<\/strong>Un altro tassello dell&#8217;ampio mosaico di interventi post-Vai sta per andare al suo posto.\u00a0E&#8217; quello relativo al ripristino e alla messa in sicurezza del versante stradale fortemente danneggiato dalla tempesta del 2018 in localit\u00e0 Grum, lungo la strada che sale da Villabruna verso Lasen.\u00a0Nello specifico, immediatamente a valle della sede della carreggiata si \u00e8 verificato uno scivolamento del terreno con concentrazione idrica delle acque stradali ed erosione al piede del torrente Stien.\u00a0Dopo che nei giorni scorsi lo Studio incaricato ha presentato il progetto definitivo, la giunta comunale nella sua ultima seduta ha approvato l&#8217;avvio dell&#8217;iter per l&#8217;esecuzione dei lavori.<span class=\"Apple-converted-space\">\u00a0\u00a0<\/span>Il progetto prevede il consolidamento del fronte del dissesto mediante la realizzazione di una parete chiodata \u201ca verde\u201d con l&#8217;utilizzo di barre autoperforanti collegate superficialmente da una membrana in rete metallica e geostuoia con successivo inerbimento della superficie d\u2019intervento.\u00a0I lavori saranno completati con il rifacimento di tratti di asfalto lungo la strada nella zona d\u2019intervento e con il posizionamento di una nuova barriera stradale per una lunghezza di 30 m.\u00a0L&#8217;intervento ha un costo complessivo di 70 mila euro, finanziati con le risorse dell\u2019emergenza post-Vaia.<\/p>\n<p><strong>L&#8217;ASSESSORE DEL COMUNE DI FELTRE ADIS ZATTA<\/strong><\/p>\n<audio class=\"wp-audio-shortcode\" id=\"audio-148193-8\" preload=\"none\" style=\"width: 100%;\" controls=\"controls\"><source type=\"audio\/mpeg\" src=\"https:\/\/www.radiopiu.net\/wordpress\/wp-content\/uploads\/2020\/07\/Zatta-su-intervento-a-Grum.mp3?_=8\" \/><a href=\"https:\/\/www.radiopiu.net\/wordpress\/wp-content\/uploads\/2020\/07\/Zatta-su-intervento-a-Grum.mp3\">https:\/\/www.radiopiu.net\/wordpress\/wp-content\/uploads\/2020\/07\/Zatta-su-intervento-a-Grum.mp3<\/a><\/audio>\n<p>&nbsp;<\/p>\n<p>&nbsp;<\/p>\n<hr \/>\n<p>&nbsp;<\/p>\n<p>&nbsp;<\/p>\n<blockquote><p><strong>BANDO ROTTAMAZIONE AUTO. PRESENTAZIONE DOMANDE FINO AL 12 LUGLIO. BOTTACIN: \u201cTANTE AZIONI DI UN PERCORSO VIRTUOSO VOLTO AD ABBATTERE LO SMOG\u201d<\/strong><\/p><\/blockquote>\n<p><strong><a class=\"dt-pswp-item\" href=\"https:\/\/www.radiopiu.net\/wordpress\/wp-content\/uploads\/2020\/04\/ROTTAMI-FERROSI.jpg\" data-dt-img-description=\"\" data-large_image_width=\"1920\" data-large_image_height=\"816\"><img loading=\"lazy\" decoding=\"async\" class=\"size-medium wp-image-130642 alignleft\" src=\"https:\/\/www.radiopiu.net\/wordpress\/wp-content\/uploads\/2020\/04\/ROTTAMI-FERROSI-300x128.jpg\" alt=\"\" width=\"300\" height=\"128\" srcset=\"https:\/\/www.radiopiu.net\/wordpress\/wp-content\/uploads\/2020\/04\/ROTTAMI-FERROSI-300x128.jpg 300w, https:\/\/www.radiopiu.net\/wordpress\/wp-content\/uploads\/2020\/04\/ROTTAMI-FERROSI-1024x435.jpg 1024w, https:\/\/www.radiopiu.net\/wordpress\/wp-content\/uploads\/2020\/04\/ROTTAMI-FERROSI-768x326.jpg 768w, https:\/\/www.radiopiu.net\/wordpress\/wp-content\/uploads\/2020\/04\/ROTTAMI-FERROSI-1536x653.jpg 1536w, https:\/\/www.radiopiu.net\/wordpress\/wp-content\/uploads\/2020\/04\/ROTTAMI-FERROSI.jpg 1920w\" sizes=\"auto, (max-width: 300px) 100vw, 300px\" \/><\/a>VENEZIA\u00a0<\/strong> Ci sar\u00e0 tempo fino al 12 luglio per presentare le domande relative al bando 2020 per la rottamazione delle vecchie auto, che prevede la possibilit\u00e0 di sostituire veicoli ormai obsoleti alimentati a benzina (fino a euro 3), gasolio (fino a euro 5) e bifuel (fino a euro 2) con nuovi mezzi a basso impatto ambientale. \u201cAbbiamo previsto incentivi importanti, che potranno arrivare fino a 4.500 euro \u2013 sottolinea l\u2019assessore regionale all\u2019ambiente, Gianpaolo Bottacin \u2013, differenti in funzione delle effettive emissioni di anidride carbonica e ossidi di azoto del nuovo mezzo, stabiliti in base a specifici protocolli, e si potranno ottenere rottamando autovetture adibite al trasporto persone\u201d. Nel valutare i punteggi per i nuovi acquisti si privileger\u00e0 il criterio delle minori emissioni e, con l\u2019obiettivo di agevolare massimamente chi pu\u00f2 averne pi\u00f9 bisogno, nel predisporre la graduatoria saranno altres\u00ec previsti punteggi differenti a seconda della situazione economica dei beneficiari, cos\u00ec da dare priorit\u00e0 alle fasce di reddito pi\u00f9 basse. \u201cAllo scopo di premiare in quota parte anche il lavoro delle amministrazioni locali \u2013 precisa l\u2019assessore \u2013 tra i criteri abbiamo inserito un incremento di punteggio per le istanze presentate da residenti nei Comuni nei quali sono state approvate ordinanze conformi alle disposizioni dell\u2019Accordo di Programma del Bacino Padano, ovvero dove \u00e8 stato attivato un percorso virtuoso per ridurre le emissioni in atmosfera\u201d.\u201cAll\u2019interno delle moltissime azioni tese a incentivare l\u2019abbattimento dello smog, per un investimento di quasi un miliardo di euro nei\u00a0soli ultimi tre anni \u2013 conclude\u00a0 Bottacin \u2013, in un momento di particolare difficolt\u00e0 in primis per le famiglie, abbiamo\u00a0 ritenuto opportuno rilanciare anche per l\u2019anno corrente un\u2019iniziativa particolarmente apprezzata dai cittadini\u201d.<\/p>\n<p>&nbsp;<\/p>\n<p>&nbsp;<\/p>\n<hr \/>\n<h3><\/h3>\n<h3>LA LEGA NORD NON PARTECIPA AI FESTEGGIAMENTI CON IL SINDACO JACOPO MASSARO<\/h3>\n<p><strong><a class=\"dt-pswp-item\" href=\"https:\/\/www.radiopiu.net\/wordpress\/wp-content\/uploads\/2016\/03\/lega-nord-liga-veneto-salvini-elezioni-regionali-2015.jpg\" data-dt-img-description=\"\" data-large_image_width=\"600\" data-large_image_height=\"300\"><img loading=\"lazy\" decoding=\"async\" class=\"size-medium wp-image-17192 alignleft\" src=\"https:\/\/www.radiopiu.net\/wordpress\/wp-content\/uploads\/2016\/03\/lega-nord-liga-veneto-salvini-elezioni-regionali-2015-300x150.jpg\" alt=\"\" width=\"300\" height=\"150\" \/><\/a>BELLUNO<\/strong> Un sondaggio del Sole 24 Ore attesta al Sindaco Jacopo Massaro il 56.8% del gradimento. La Lega Nord, ovviamente avversari in politica e nella vita amministrativa dichiara perplessit\u00e0 \u00a0<em>&#8220;Non serve ricordare alla maggioranza ed alla giunta quali siano le strade, ormai chiuse da settimane, per denotare come l\u2019amministrazione non abbia saputo adempiere alle sue promesse in materia di viabilit\u00e0 &#8211; scrive in una documento la sezione di Belluno &#8211;\u00a0 Il progetto di completamento del Fio2 \u00e8 fermo, la nuova rotatoria in Via Vittorio Veneto rischia di congestionare il traffico di una delle arterie cittadine gi\u00e0 sovraccaricate dalle auto, la progettualit\u00e0 del futuro ponte sul Piave appare come un sogno tanto bello quanto irrealizzabile privo di tempistiche chiare. Anche la punta di diamante di questa amministrazione lascia il tempo che trova, la tanto sbandierata rigenerazione urbana infatti procede lenta e i cantieri, emergenza Covid-19 a parte, procedono a stenti in un clima urbano di incertezze dove il comune capoluogo della provincia passa spesso in secondo piano. Manca quella cabina di regia comunale che da molto tempo chiediamo ma che fortunatamente viene supplita dalle realt\u00e0 associative del terzo settore bellunese grazie alla buona volont\u00e0&#8221;.<\/em> Una situazione che lascia perplessi i leghisti bellunesi che non partecipano ai festeggiamenti per i risultati raggiunti <em>&#8220;Come Lega &#8211; concludono &#8211; vediamo\u00a0 \u00a0Belluno una citt\u00e0 ferma a quel 2012, anno in cui il Sindaco Jacopo Massaro vinse per la prima volta. In politica si \u00e8 soliti dire che nel secondo mandato di un sindaco si vedono i progetti introdotti, si vedono le opere, si vedono i risultati. Ebbene l\u2019impressione \u00e8 tutt\u2019altro che questa, con gravi problematiche che continueremo a voler sottolineare&#8221;.<\/em><\/p>\n<p>&nbsp;<\/p>\n<p>&nbsp;<\/p>\n<hr \/>\n<p>&nbsp;<\/p>\n<p>&nbsp;<\/p>\n<h3><span style=\"color: #ff0000;\">IERI ALLA RADIO<\/span><\/h3>\n<blockquote>\n<h2>Governance Poll 2020 sul gradimento dei sindaci Massaro risale venti posizioni, secondo in Veneto<\/h2>\n<\/blockquote>\n<p><strong><a class=\"dt-pswp-item\" href=\"https:\/\/www.radiopiu.net\/wordpress\/wp-content\/uploads\/2020\/06\/jeZLuVOo.jpeg\" data-dt-img-description=\"\" data-large_image_width=\"178\" data-large_image_height=\"178\"><img loading=\"lazy\" decoding=\"async\" class=\" wp-image-143659 alignleft\" src=\"https:\/\/www.radiopiu.net\/wordpress\/wp-content\/uploads\/2020\/06\/jeZLuVOo.jpeg\" alt=\"\" width=\"109\" height=\"109\" srcset=\"https:\/\/www.radiopiu.net\/wordpress\/wp-content\/uploads\/2020\/06\/jeZLuVOo.jpeg 178w, https:\/\/www.radiopiu.net\/wordpress\/wp-content\/uploads\/2020\/06\/jeZLuVOo-150x150.jpeg 150w\" sizes=\"auto, (max-width: 109px) 100vw, 109px\" \/><\/a>BELLUNO\u00a0<\/strong> Venti posizioni guadagnate a livello nazionale, secondo sindaco \u201cpi\u00f9 amato\u201c in Veneto: cresce il gradimento dei cittadini nei confronti del Sindaco di Belluno, Jacopo Massaro, e a testimoniarlo \u00e8 il Governance Poll 2020 sul gradimento dei sindaci dei capoluoghi italiani, pubblicato oggi da Il Sole 24 Ore e realizzato da Noto Sondaggi. Massaro, conquistando la ventisettesima posizione assoluta su 105 primi cittadini in graduatoria, entra per la prima volta tra i primi trenta \u2013 top 30 sfiorata nel 2015 con un 33esimo posto &#8211; ed \u00e8 il secondo sindaco del Veneto in classifica, dopo il primo cittadino di Venezia Luigi Brugnaro al quinto posto; risulta anche il quinto in Italia tra i sindaci sostenuti da liste civiche e il settimo tra quelli al secondo mandato.<\/p>\n<h3>IL SINDACO JACOPO MASSARO<\/h3>\n<audio class=\"wp-audio-shortcode\" id=\"audio-148193-9\" preload=\"none\" style=\"width: 100%;\" controls=\"controls\"><source type=\"audio\/mpeg\" src=\"https:\/\/www.radiopiu.net\/wordpress\/wp-content\/uploads\/2020\/07\/Massaro-Governance-Poll-2020.mp3?_=9\" \/><a href=\"https:\/\/www.radiopiu.net\/wordpress\/wp-content\/uploads\/2020\/07\/Massaro-Governance-Poll-2020.mp3\">https:\/\/www.radiopiu.net\/wordpress\/wp-content\/uploads\/2020\/07\/Massaro-Governance-Poll-2020.mp3<\/a><\/audio>\n<p>&nbsp;<\/p>\n<p>&nbsp;<\/p>\n<hr \/>\n<p>&nbsp;<\/p>\n<p>&nbsp;<\/p>\n<blockquote>\n<h3>UN&#8217;IDEA PER LO SKI COLLEGE E GLI SCI CLUB D&#8217;ITALIA, ALTERNATIVA ALLA NEVE<\/h3>\n<\/blockquote>\n<p><strong><a class=\"dt-pswp-item\" href=\"https:\/\/www.radiopiu.net\/wordpress\/wp-content\/uploads\/2020\/07\/3d0bebfd-1b53-4732-ba7b-2ac46d28a3ab.jpg\" data-dt-img-description=\"\" data-large_image_width=\"2048\" data-large_image_height=\"1536\"><img loading=\"lazy\" decoding=\"async\" class=\"size-medium wp-image-148299 alignleft\" src=\"https:\/\/www.radiopiu.net\/wordpress\/wp-content\/uploads\/2020\/07\/3d0bebfd-1b53-4732-ba7b-2ac46d28a3ab-300x225.jpg\" alt=\"\" width=\"300\" height=\"225\" srcset=\"https:\/\/www.radiopiu.net\/wordpress\/wp-content\/uploads\/2020\/07\/3d0bebfd-1b53-4732-ba7b-2ac46d28a3ab-300x225.jpg 300w, https:\/\/www.radiopiu.net\/wordpress\/wp-content\/uploads\/2020\/07\/3d0bebfd-1b53-4732-ba7b-2ac46d28a3ab-1024x768.jpg 1024w, https:\/\/www.radiopiu.net\/wordpress\/wp-content\/uploads\/2020\/07\/3d0bebfd-1b53-4732-ba7b-2ac46d28a3ab-768x576.jpg 768w, https:\/\/www.radiopiu.net\/wordpress\/wp-content\/uploads\/2020\/07\/3d0bebfd-1b53-4732-ba7b-2ac46d28a3ab-1536x1152.jpg 1536w, https:\/\/www.radiopiu.net\/wordpress\/wp-content\/uploads\/2020\/07\/3d0bebfd-1b53-4732-ba7b-2ac46d28a3ab.jpg 2048w\" sizes=\"auto, (max-width: 300px) 100vw, 300px\" \/><\/a><\/strong><\/p>\n<p>&nbsp;<\/p>\n<p>&nbsp;<\/p>\n<p><strong>FALCADE La novit\u00e0 estiva a Falcade \u00e8 la nuova pista in fase di realizzazione a Molino di Falcade. Il Comune di Falcade appoggia l&#8217;iniziativa per una struttura gratuita con due partenze per gli sciatori ideale per gli esercizi.<\/strong><\/p>\n<p><strong>DI GIANNI SANTOMASO<\/strong><\/p>\n<audio class=\"wp-audio-shortcode\" id=\"audio-148193-10\" preload=\"none\" style=\"width: 100%;\" controls=\"controls\"><source type=\"audio\/mpeg\" src=\"https:\/\/www.radiopiu.net\/wordpress\/wp-content\/uploads\/2020\/07\/gianni-neveplast.mp3?_=10\" \/><a href=\"https:\/\/www.radiopiu.net\/wordpress\/wp-content\/uploads\/2020\/07\/gianni-neveplast.mp3\">https:\/\/www.radiopiu.net\/wordpress\/wp-content\/uploads\/2020\/07\/gianni-neveplast.mp3<\/a><\/audio>\n<p>&nbsp;<\/p>\n<p>&nbsp;<\/p>\n<p>&nbsp;<\/p>\n<hr \/>\n<h3><\/h3>\n<p>&nbsp;<\/p>\n<blockquote>\n<h3>ASCA CERCA PERSONALE INFERMIERISTICO<\/h3>\n<\/blockquote>\n<p><strong><a class=\"dt-pswp-item\" href=\"https:\/\/www.radiopiu.net\/wordpress\/wp-content\/uploads\/2020\/04\/ASCA.png\" data-dt-img-description=\"\" data-large_image_width=\"1211\" data-large_image_height=\"668\"><img loading=\"lazy\" decoding=\"async\" class=\" wp-image-128881 alignleft\" src=\"https:\/\/www.radiopiu.net\/wordpress\/wp-content\/uploads\/2020\/04\/ASCA-300x165.png\" alt=\"\" width=\"265\" height=\"146\" srcset=\"https:\/\/www.radiopiu.net\/wordpress\/wp-content\/uploads\/2020\/04\/ASCA-300x165.png 300w, https:\/\/www.radiopiu.net\/wordpress\/wp-content\/uploads\/2020\/04\/ASCA-1024x565.png 1024w, https:\/\/www.radiopiu.net\/wordpress\/wp-content\/uploads\/2020\/04\/ASCA-768x424.png 768w, https:\/\/www.radiopiu.net\/wordpress\/wp-content\/uploads\/2020\/04\/ASCA.png 1211w\" sizes=\"auto, (max-width: 265px) 100vw, 265px\" \/><\/a>AGORDO\u00a0<\/strong>ASCA ha indetto una nuova selezione pubblica finalizzata alla formulazione di una graduatoria di idoneit\u00e0 utile all\u2019inserimento a tempo indeterminato e a tempo pieno presso la RSA di Agordo di infermiere<strong>.\u00a0<\/strong>Le modalit\u00e0 di presentazione della domanda si trovano sulla home page del sito aziendale\u00a0www.servizisocialiasca.it.Il termine ultimo per la presentazione delle candidature \u00e8 fissato entro e non oltre le ore 12.00 del giorno 6 agosto 2020. Si precisa che \u00e8 stato riservato un inquadramento contrattuale Uneba di livello 2 con uno stipendio lordo mensile stimato di euro 310 superiore rispetto a quello di livello 3S Uneba e inoltre viene offerto un supporto alloggiativo \u00a0gratuito il 1 mese per i neo assunti provenienti da paesi non limitrofi ad Agordo. Le assunzioni saranno a tempo indeterminato e pieno.<\/p>\n<p>&nbsp;<\/p>\n<p>&nbsp;<\/p>\n<hr \/>\n<p>&nbsp;<\/p>\n<p>&nbsp;<\/p>\n<blockquote>\n<h3>PRESENTATO IL PROGETTO &#8220;DOLOMITI HIKE&amp;CAMP&#8221;<\/h3>\n<\/blockquote>\n<p><strong><a class=\"dt-pswp-item\" href=\"https:\/\/www.radiopiu.net\/wordpress\/wp-content\/uploads\/2020\/07\/DOLOMITI-HIKECAMP.png\" data-dt-img-description=\"\" data-large_image_width=\"624\" data-large_image_height=\"444\"><img loading=\"lazy\" decoding=\"async\" class=\"size-medium wp-image-148219 alignleft\" src=\"https:\/\/www.radiopiu.net\/wordpress\/wp-content\/uploads\/2020\/07\/DOLOMITI-HIKECAMP-300x213.png\" alt=\"\" width=\"300\" height=\"213\" srcset=\"https:\/\/www.radiopiu.net\/wordpress\/wp-content\/uploads\/2020\/07\/DOLOMITI-HIKECAMP-300x213.png 300w, https:\/\/www.radiopiu.net\/wordpress\/wp-content\/uploads\/2020\/07\/DOLOMITI-HIKECAMP.png 624w\" sizes=\"auto, (max-width: 300px) 100vw, 300px\" \/><\/a>FALCADE<\/strong> I promotori del progetto sono Camping Alleghe &#8211; Camping Al Pez &#8211; Camping Cadore &#8211; Camping Civetta &#8211; Camping Eden Camping Le Bocole &#8211; Camping Palafavera\u00a0che gi\u00e0 da molto tempo collaborano per sviluppare la loro promozione attraverso la comune gestione di un sito internet, la creazione di depliant dedicati al plein-air e partecipando a fiere del settore in Italia e all\u2019estero. Quest\u2019anno in occasione della periodica rivisitazione tecnico\/strategica del sito comune, \u00e8 stato deciso di cambiare radicalmente la presenza su internet, realizzando un prodotto totalmente nuovo sia tecnologicamente per garantire una maggior fruibilit\u00e0 su tablet e smartphone, sia nei contenuti con una novit\u00e0 legata al trekking, alla nuova mobilit\u00e0 e-bike e ai percorsi tematici. Nasce cos\u00ec www.dolomitihikeandcamp.it Il nuovo sito oltre a contenere le normali informazioni legate alle attivit\u00e0 turistiche, lancia l\u2019idea di un percorso escursionistico a tappe che, attraverso sentieri gi\u00e0 esistenti, unisce i sette campeggi in un pregevole itinerario tra la Val di Zoldo, la Val Fiorentina, Val Cordevole e la Val Biois. Il tracciato diviso in sei parti, ognuna con differenti caratteristiche di lunghezza e difficolt\u00e0, misura un totale di 84.95 Km con un dislivello di 5.482 m ed \u00e8 segnalato con delle piccole targhette, munite di q- code, poste per la maggior parte su pali di segnaletica esistente. Grazie alla piattaforma Google MyMaps e utilizzando lo smartphone con l\u2019eventuale ausilio del QRcode, si potr\u00e0 visionare nel dettaglio la traccia GPS dell\u2019intero percorso e scaricare la tratta che si decide di percorrere. Le mappe digitali sono inoltre arricchite da informazioni circa i punti di particolare interesse naturale, turistico, paesaggistico e culturale. Per stimolare ulteriormente il turista a percorrere anche a tappe e nel tempo l\u2019intero percorso,viene rilasciato un piccolo passaporto che verr\u00e0 vidimato in maniera differenziata dai singoli campeggi.<\/p>\n<p><strong>DI GIANNI SANTOMASO DAL CORRIERE DELLE ALPI<\/strong><\/p>\n<audio class=\"wp-audio-shortcode\" id=\"audio-148193-11\" preload=\"none\" style=\"width: 100%;\" controls=\"controls\"><source type=\"audio\/mpeg\" src=\"https:\/\/www.radiopiu.net\/wordpress\/wp-content\/uploads\/2020\/07\/giannni-campeggi.mp3?_=11\" \/><a href=\"https:\/\/www.radiopiu.net\/wordpress\/wp-content\/uploads\/2020\/07\/giannni-campeggi.mp3\">https:\/\/www.radiopiu.net\/wordpress\/wp-content\/uploads\/2020\/07\/giannni-campeggi.mp3<\/a><\/audio>\n<p>&nbsp;<\/p>\n<p>&nbsp;<\/p>\n<hr \/>\n<p>&nbsp;<\/p>\n<blockquote>\n<h3>IL CONSIGLIO COMUNALE DI MERCOLEDI 15 LUGLIO, IL CONSIGLIO DEGLI USI CIVICI<\/h3>\n<\/blockquote>\n<p>&nbsp;<\/p>\n<p><strong>FALCADE<\/strong>. Mercoledi 15 luglio alle 8 del mattino consiglio comunale in Municipio.\u00a0 Un ordine del giorno con 17 punti in discussione, ma 10 sono rifrieti alla conciliazione stragiudiziale tra il Comune di Falcade e diversi cittadini in riferimento a particelle di terreni. Nel consiglio anche le variazioni al bilancio, l\u2019approvazione delle aliquote Imu e relativo regolamento, il programma dei lavori pubblici per il triennio (ed elenco annuale) e approvazione del bilancio di esercizio Asca.<\/p>\n<p><strong>DI GIANNI SANTOMASO<\/strong><\/p>\n<audio class=\"wp-audio-shortcode\" id=\"audio-148193-12\" preload=\"none\" style=\"width: 100%;\" controls=\"controls\"><source type=\"audio\/mpeg\" src=\"https:\/\/www.radiopiu.net\/wordpress\/wp-content\/uploads\/2020\/07\/GIANNI-CONSIGLIO.mp3?_=12\" \/><a href=\"https:\/\/www.radiopiu.net\/wordpress\/wp-content\/uploads\/2020\/07\/GIANNI-CONSIGLIO.mp3\">https:\/\/www.radiopiu.net\/wordpress\/wp-content\/uploads\/2020\/07\/GIANNI-CONSIGLIO.mp3<\/a><\/audio>\n<p>&nbsp;<\/p>\n<p>&nbsp;<\/p>\n<hr \/>\n<p>&nbsp;<\/p>\n<p>&nbsp;<\/p>\n<blockquote class=\"wp-embedded-content\" data-secret=\"vH100tuzUO\"><p><a href=\"https:\/\/www.radiopiu.net\/wordpress\/conferenza-stampa-del-presidente-del-consiglio-giuseppe-conte-2\/\">CONFERENZA STAMPA DEL PRESIDENTE DEL CONSIGLIO GIUSEPPE CONTE<\/a><\/p><\/blockquote>\n<p><iframe loading=\"lazy\" class=\"wp-embedded-content\" sandbox=\"allow-scripts\" security=\"restricted\" style=\"position: absolute; clip: rect(1px, 1px, 1px, 1px);\" title=\"&#8220;CONFERENZA STAMPA DEL PRESIDENTE DEL CONSIGLIO GIUSEPPE CONTE&#8221; &#8212; Radio Pi\u00f9\" src=\"https:\/\/www.radiopiu.net\/wordpress\/conferenza-stampa-del-presidente-del-consiglio-giuseppe-conte-2\/embed\/#?secret=vH100tuzUO\" data-secret=\"vH100tuzUO\" width=\"600\" height=\"338\" frameborder=\"0\" marginwidth=\"0\" marginheight=\"0\" scrolling=\"no\"><\/iframe><\/p>\n<p>&nbsp;<\/p>\n<blockquote>\n<h2>VARIE OPERE DEL REGIME FASCISTA CHE INTERESSARONO L\u2019AGORDINO di RENATO BONA<\/h2>\n<\/blockquote>\n<p><strong>BELLUNO<\/strong> Il 21 aprile 1934 (XII era fascista) la Regia Prefettura di Belluno con la Federazione provinciale fascista diede alle stampe in trecento copie numerate (stabilimento tipografico Panfilo Castaldi di Feltre) il volume \u201cBelluno. Attivit\u00e0 svolta e opere compiute sotto il regime fascista dalle amministrazioni e dagli enti della Provincia\u201d. L\u2019idea fu del vice prefetto Carlo Riva il quale, sull\u2019esempio di quanto era stato fatto in altre province, in occasione della celebrazione del primo decennale del governo fascista, intese raccogliere la documentazione dell\u2019attivit\u00e0 svolta, specialmente nel campo costruttivo e delle opere pubbliche, da tutte le amministrazioni statali e parastatali, da tutti gli enti bellunesi. Nel capitolo riservato all\u2019Amministrazione provinciale, in particolare nel campo delle opere pubbliche e fabbricati per pubblici servizi, largo spazio \u00e8 dedicato all\u2019Agordino: Caserma dei Reali carabinieri di Agordo: nell\u2019anno V acquisto, sistemazione e ampliamento, con spesa di 140.000 lire: \u201cCon l\u2019istituzione della tenenza, risultava insufficiente la vecchia caserma di propriet\u00e0 provinciale, per cui si era deciso di acquistare il fabbricato dei consorti Lise avendo quindi a disposizione 25 locali posti su tre piani, oltre la scuderia e una tettoia\u201d. Casa cantoniera di Caprile con magazzino, rimessa, due alloggi; spesa di L. 40.000 nell\u2019anno VII; la localit\u00e0, si pu\u00f2 leggere, \u00e8 centro importante per la manutenzione stradale della zona e per il ricovero di materiali, di mezzi d\u2019opera e di macchinari. Casa cantoniera di Cencenighe, con magazzino, rimessa e due alloggi: spesa L. 35.000 nell\u2019anno VI; casa cantoniera di Col di foglia a Caprile: ampliamento e adattamento del posto di dogana al vecchio confine politico, con una spesa di 10.000 lire nell\u2019anno X; \u201cl\u2019immobile, ad unico vano, lungo la strada Caprile-Collaz-Cernadoi, in posto isolato e privo di abitazioni, venne trasformato e ingrandito, ricavandovi quattro locali per l\u2019alloggio del cantoniere\u201d. Ancora: Ponticello in muratura e sistemazione stradale a Roncolin, presso Cernadoi (Pieve di Livinallongo) lungo la strada Caprile-Collaz-Cernadoi, con spesa nell\u2019anno X di 22.000 lire; si ricorda che \u201cnella localit\u00e0 esisteva un manufatto in legno, a luce ampia, gi\u00e0 costruito dall\u2019autorit\u00e0 militare durante la guerra (1916) e quindi in condizioni pessime: con economia notevole venne ricostruito in muratura di pietrame, riducendone la luce\u201d. Ponte in legno di rio Scuro presso Collaz (Pieve di Livinallongo), nell\u2019anno IX, con spesa di L. 50.000. Viene precisato che \u201cQuesta ardita opera venne totalmente ricostruita pezzo su pezzo, mantenendo quasi sempre il transito e restringendo la luce rispetto a quella del manufatto vecchio da m. 37 a 24. \u201cAnche questo ponte come quello indicato in precedenza, era stato eseguito dall\u2019autorit\u00e0 militare durante la guerra che, per le esigenze del momento, non pot\u00e9 impiegare legname adatto e stagionato. Le vecchie membrature erano quindi addirittura infracidite e gravi furono le difficolt\u00e0 incontrate per eseguire i lavori a transito aperto, ad esempio le capriate vennero montate in cantiere e poi messe in opera varandole e adattandole all\u2019impalcato sovrastante\u201d. Sistemazione della frana sotto Selva, strada Caprile-Forcella Staulanza-Zoldo, con costruzione di drenaggi, muri di sostegno, canali superficiali di raccolta negli anni IX e X con spesa di L. 20.000. \u201cLe acque sotterranee avevano provocato uno scorrimento di falda, che interessava, in tre punti, la strada per cui era urgente provvedere a togliere il pericolo\u201d. Sistemazione della strada tra Pegazz\u00f9 e Caprile, a valle e monte, con opere di difesa dal torrente Fiorentina, nell\u2019anno X con spesa di L. 25.000. \u201cDa vari anni il torrente Fiorentina continuava a scalzare il piede della scarpata stradale, tanto che durante le morbide primaverili di questo anno era stato interessato fino il piano viabile. A monte della strada si sistem\u00f2 la scarpata con la costruzione di alcune briglie in gabbioni, ed a valle, lungo la sponda del torrente, si provvide alla gettata di grossi blocchi in calcestruzzo di cemento\u201d. Altri interventi: rialzo e sistemazione della strada Agordo-Caprile a S. Maria delle Grazie e difesa in gabbioni sul Cordevole (Alleghe), lunghezza del nuovo tronco m. 1400; nell\u2019anno V, spesa incontrata L. 140.000. Ponte sul torrente Zunaia ad Alleghe, con spalle e pila in muratura, due travate metalliche di m. 13,50 di luce ciascuna, strada Agordo-Caprile, nell\u2019anno VII spesa di lire 35.000. Viene ricordato che \u201cIl vecchio ponte era costituito da 7 luci di oltre 7 metri l\u2019una, con pile e spalle in muratura e travate in legno, e si presentava con notevole obliquit\u00e0 rispetto all\u2019asse della valle. Anche quest\u2019opera era stata eseguita nel 1915-16. Il nuovo manufatto, che presenta una linea semplice ma elegante, venne spostato pi\u00f9 a monte rispetto a quello preesistente e studiato per un carico di 18 tonnellate, ma colla possibilit\u00e0 di essere rapidamente rinforzato fino a raddoppiare la sua portata. Anche i due accessi vennero migliorati\u201d. Allargamento e sistemazioni stradali alla chiusa di Listolade (Taibon) lungo la strada Agordo \u2013Caprile, anno VIII, spesa di L. 15.000. Rettifica stradale a Ronch de Bos (Taibon), lungo la Agordo-Caprile con la costruzione di muri di sostegno e controriva; anno VII, spesa lire 50.000: \u201cLa strada era stretta e planimetricamente ed altimetricamente lasciava a desiderare, tanto che in qualche punto era difficile lo scambio ai veicoli. Venne attuata la rettifica con l\u2019allargamento verso valle, con struttura muraria ad archetti e pilastri\u201d. Infine Rettifica stradale a Toccol, fra Agordo e Le Ville, con la costruzione di un ponticello obliquo, lunghezza m. 700; anno VII, spesa lire 160.000. \u201cLa vecchia strada, attualmente usata ancora dai soli abitanti del luogo, che da Agordo attraversa i villaggi detti Le Ville, specialmente a Parech e Prompicai, si trova nelle condizioni pi\u00f9 infelici per le curve strettissime lungo le quali \u00e8 preclusa ogni visibilit\u00e0 dai fabbricati che la fiancheggiano, con sezioni assolutamente insufficiente al libero incrociarsi dei veicoli, con pendenze e contropendenze accentuate che, specialmente durante l\u2019inverno, per la neve e il ghiaccio, ostacolano sensibilmente ogni genere di traffico. La localit\u00e0 era nota a tutti come la pi\u00f9 pericolosa della zona. Il nuovo tronco venne studiato invece al di fuori dei villaggi, scorre quasi orizzontale, con curve ampie e larghezza di sei metri, ed ha valorizzato fortemente, quali aree fabbricabili, i terreni che lo fiancheggiano\u201d.<\/p>\n\n\t\t\t<style type='text\/css'>\n\t\t\t\t#gallery-1 {\n\t\t\t\t\tmargin: auto;\n\t\t\t\t}\n\t\t\t\t#gallery-1 .gallery-item {\n\t\t\t\t\tfloat: left;\n\t\t\t\t\tmargin-top: 10px;\n\t\t\t\t\ttext-align: center;\n\t\t\t\t\twidth: 33%;\n\t\t\t\t}\n\t\t\t\t#gallery-1 img {\n\t\t\t\t\tborder: 2px solid #cfcfcf;\n\t\t\t\t}\n\t\t\t\t#gallery-1 .gallery-caption {\n\t\t\t\t\tmargin-left: 0;\n\t\t\t\t}\n\t\t\t\t\/* see gallery_shortcode() in wp-includes\/media.php *\/\n\t\t\t<\/style>\n\t\t<div id='gallery-1' class='dt-gallery-container gallery galleryid-148193 gallery-columns-3 gallery-size-thumbnail'><dl class='gallery-item'>\n\t\t\t\t<dt class='gallery-icon landscape'>\n\t\t\t\t\t<a class=\"rollover\" href='https:\/\/www.radiopiu.net\/wordpress\/varie-opere-del-regime-fascista-che-interessarono-lagordino-di-renato-bona\/107356327_904588336709368_2331619063431881467_n\/'><img loading=\"lazy\" decoding=\"async\" width=\"150\" height=\"150\" src=\"https:\/\/www.radiopiu.net\/wordpress\/wp-content\/uploads\/2020\/07\/107356327_904588336709368_2331619063431881467_n-150x150.jpg\" class=\"attachment-thumbnail size-thumbnail\" alt=\"\" \/><\/a>\n\t\t\t\t<\/dt><\/dl><dl class='gallery-item'>\n\t\t\t\t<dt class='gallery-icon landscape'>\n\t\t\t\t\t<a class=\"rollover\" href='https:\/\/www.radiopiu.net\/wordpress\/varie-opere-del-regime-fascista-che-interessarono-lagordino-di-renato-bona\/107501733_580593586185484_5215525307759951312_n\/'><img loading=\"lazy\" decoding=\"async\" width=\"150\" height=\"150\" src=\"https:\/\/www.radiopiu.net\/wordpress\/wp-content\/uploads\/2020\/07\/107501733_580593586185484_5215525307759951312_n-150x150.jpg\" class=\"attachment-thumbnail size-thumbnail\" alt=\"\" \/><\/a>\n\t\t\t\t<\/dt><\/dl><dl class='gallery-item'>\n\t\t\t\t<dt class='gallery-icon landscape'>\n\t\t\t\t\t<a class=\"rollover\" href='https:\/\/www.radiopiu.net\/wordpress\/varie-opere-del-regime-fascista-che-interessarono-lagordino-di-renato-bona\/107712354_967388893721437_1971785490334593950_n\/'><img loading=\"lazy\" decoding=\"async\" width=\"150\" height=\"150\" src=\"https:\/\/www.radiopiu.net\/wordpress\/wp-content\/uploads\/2020\/07\/107712354_967388893721437_1971785490334593950_n-150x150.jpg\" class=\"attachment-thumbnail size-thumbnail\" alt=\"\" \/><\/a>\n\t\t\t\t<\/dt><\/dl><br style=\"clear: both\" \/><dl class='gallery-item'>\n\t\t\t\t<dt class='gallery-icon landscape'>\n\t\t\t\t\t<a class=\"rollover\" href='https:\/\/www.radiopiu.net\/wordpress\/varie-opere-del-regime-fascista-che-interessarono-lagordino-di-renato-bona\/107117634_325447281788676_4402075655832689167_n\/'><img loading=\"lazy\" decoding=\"async\" width=\"150\" height=\"150\" src=\"https:\/\/www.radiopiu.net\/wordpress\/wp-content\/uploads\/2020\/07\/107117634_325447281788676_4402075655832689167_n-150x150.jpg\" class=\"attachment-thumbnail size-thumbnail\" alt=\"\" \/><\/a>\n\t\t\t\t<\/dt><\/dl><dl class='gallery-item'>\n\t\t\t\t<dt class='gallery-icon landscape'>\n\t\t\t\t\t<a class=\"rollover\" href='https:\/\/www.radiopiu.net\/wordpress\/varie-opere-del-regime-fascista-che-interessarono-lagordino-di-renato-bona\/107102808_3122827721157336_5549236580000242538_n\/'><img loading=\"lazy\" decoding=\"async\" width=\"150\" height=\"150\" src=\"https:\/\/www.radiopiu.net\/wordpress\/wp-content\/uploads\/2020\/07\/107102808_3122827721157336_5549236580000242538_n-150x150.jpg\" class=\"attachment-thumbnail size-thumbnail\" alt=\"\" \/><\/a>\n\t\t\t\t<\/dt><\/dl>\n\t\t\t\t<br style='clear: both' \/>\n\t\t\t<\/div>\n\n<p>NELLE FOTO (riproduzioni dal libro \u201cLa Provincia di Belluno in regime fascista\u201d): ponticello in muratura a Roncolin sulla Caprile-Collaz-Cernadoi; sistemazioni stradali a Santa Maria delle Grazie; ponte sul torrente Zunaia ad Alleghe; Rettifica stradale a Toccol di Agordo; ponte dei Castei sulla provinciale Belluno-Agordo<\/p>\n<p>&nbsp;<\/p>\n<p>&nbsp;<\/p>\n<p>&nbsp;<\/p>\n<p>&nbsp;<\/p>\n<h3 class=\"photoswipe-wrapper\"><a class=\"dt-pswp-item pspw-wrap-ready\" href=\"https:\/\/i2.wp.com\/www.radiopiu.net\/wordpress\/wp-content\/uploads\/2018\/09\/appuntamenti.jpeg?ssl=1\" data-dt-img-description=\"\" data-large_image_width=\"800\" data-large_image_height=\"100\"><img loading=\"lazy\" decoding=\"async\" class=\"alignnone wp-image-61958 size-full jetpack-lazy-image jetpack-lazy-image--handled\" src=\"https:\/\/i2.wp.com\/www.radiopiu.net\/wordpress\/wp-content\/uploads\/2018\/09\/appuntamenti.jpeg?resize=800%2C100&amp;ssl=1\" sizes=\"auto, (max-width: 800px) 100vw, 800px\" srcset=\"https:\/\/i2.wp.com\/www.radiopiu.net\/wordpress\/wp-content\/uploads\/2018\/09\/appuntamenti.jpeg?w=800&amp;ssl=1 800w, https:\/\/i2.wp.com\/www.radiopiu.net\/wordpress\/wp-content\/uploads\/2018\/09\/appuntamenti.jpeg?resize=300%2C38&amp;ssl=1 300w, https:\/\/i2.wp.com\/www.radiopiu.net\/wordpress\/wp-content\/uploads\/2018\/09\/appuntamenti.jpeg?resize=768%2C96&amp;ssl=1 768w\" alt=\"\" width=\"800\" height=\"100\" data-lazy-loaded=\"1\" \/><\/a><\/h3>\n<p>&nbsp;<\/p>\n<blockquote>\n<h3>TENNIS COME UNA VOLTA NEL RICORDO DI DARIO<\/h3>\n<\/blockquote>\n<p><strong>AGORDO<\/strong>\u00a0Il Tennis Club Agordo ha organizzato il memorial Dario Triches, vintage con racchette in legno. Manifestazioni sportiva riservati ai soci. Appuntamento per domenica 19 luglio ai campi di via lungo Rova. Madrina della manifestazione Susanna Triches.<\/p>\n<p>&nbsp;<\/p>\n<hr \/>\n<p>&nbsp;<\/p>\n<p>&nbsp;<\/p>\n<blockquote>\n<h3>EL CANAL DE AGORT, SCAVARE NEL PASSATO<\/h3>\n<\/blockquote>\n<p><strong>AGORDO<\/strong>\u00a0Storia e archeologia da San Gottardo a Pont del Cristo. La mostra \u00e8 allestita fino al 6 settembre al museo mineralogico e paleontologico di via 5 maggio sulla strada per l\u2019ex Istituto Minerario a cura dell\u2019Arca, il gruppo archeologico agordino. Visitabile nei giorni di venerdi, sabato e domenica dalle 10 alle 12.30 e dalle 16 alle 19 con ingresso libero. Da settembre visite su prenotazione. Un tuffo nel passato alla scoperta di antichi reperti storici \u00a0e nuove conoscenze relative alle frequentazioni del Canale in periodo protostorico, ovvero risalenti a 2500 \u2013 3000 anni fa.<\/p>\n<h3><\/h3>\n<p>&nbsp;<\/p>\n<hr \/>\n<p>&nbsp;<\/p>\n<blockquote>\n<h2>ASSOCIAZIONE DANZA AGORDINA il video<\/h2>\n<\/blockquote>\n<p><strong>AGORDO<\/strong> Questo \u00e8 l&#8217;ultimo video prodotto da Ada,\u00a0 girato a distanza con\u00a0 le ragazzine del gruppo modern 1 , guidate da Roberta e con l&#8217;aiuto tecnico di Vanessa. Le ragazze ci sono, con una gran voglia di tornare sul palco, ma quando la sicurezza sar\u00e0 massima e senza rischi. Intanto godiamoci questa ultima loro impresa mediatica.<\/p>\n<p>&nbsp;<\/p>\n<p><iframe loading=\"lazy\" title=\"ASSOCIAZIONE DANZA AGORDINA\" width=\"1200\" height=\"675\" src=\"https:\/\/www.youtube.com\/embed\/PZaMemtSybY?feature=oembed\" frameborder=\"0\" allow=\"accelerometer; autoplay; clipboard-write; encrypted-media; gyroscope; picture-in-picture\" allowfullscreen><\/iframe><\/p>\n<p>&nbsp;<\/p>\n<p>&nbsp;<\/p>\n<p>&nbsp;<\/p>\n<hr \/>\n<blockquote>\n<h3 dir=\"ltr\" data-placeholder=\"Traduzione\"><\/h3>\n<h3 id=\"tw-target-text\" class=\"tw-data-text tw-text-large XcVN5d tw-ta\" dir=\"ltr\" data-placeholder=\"Traduzione\"><span lang=\"en\">appointments recommended by radio pi\u00f9<\/span><\/h3>\n<\/blockquote>\n<h3 class=\"photoswipe-wrapper\"><a class=\"dt-pswp-item\" href=\"https:\/\/www.radiopiu.net\/wordpress\/wp-content\/uploads\/2020\/07\/deefa12b-4c82-408d-984a-df528b05fe0e.jpg\" data-dt-img-description=\"\" data-large_image_width=\"1143\" data-large_image_height=\"1600\"><img loading=\"lazy\" decoding=\"async\" class=\"alignnone size-medium wp-image-148340\" src=\"https:\/\/www.radiopiu.net\/wordpress\/wp-content\/uploads\/2020\/07\/deefa12b-4c82-408d-984a-df528b05fe0e-214x300.jpg\" alt=\"\" width=\"214\" height=\"300\" srcset=\"https:\/\/www.radiopiu.net\/wordpress\/wp-content\/uploads\/2020\/07\/deefa12b-4c82-408d-984a-df528b05fe0e-214x300.jpg 214w, https:\/\/www.radiopiu.net\/wordpress\/wp-content\/uploads\/2020\/07\/deefa12b-4c82-408d-984a-df528b05fe0e-732x1024.jpg 732w, https:\/\/www.radiopiu.net\/wordpress\/wp-content\/uploads\/2020\/07\/deefa12b-4c82-408d-984a-df528b05fe0e-768x1075.jpg 768w, https:\/\/www.radiopiu.net\/wordpress\/wp-content\/uploads\/2020\/07\/deefa12b-4c82-408d-984a-df528b05fe0e-1097x1536.jpg 1097w, https:\/\/www.radiopiu.net\/wordpress\/wp-content\/uploads\/2020\/07\/deefa12b-4c82-408d-984a-df528b05fe0e.jpg 1143w\" sizes=\"auto, (max-width: 214px) 100vw, 214px\" \/><\/a><a class=\"dt-pswp-item\" href=\"https:\/\/www.radiopiu.net\/wordpress\/wp-content\/uploads\/2020\/07\/4dd872a2-f52d-4a12-9746-816401dfe394.jpg\" data-dt-img-description=\"\" data-large_image_width=\"1131\" data-large_image_height=\"1600\"><img loading=\"lazy\" decoding=\"async\" class=\"alignnone size-medium wp-image-148324\" src=\"https:\/\/www.radiopiu.net\/wordpress\/wp-content\/uploads\/2020\/07\/4dd872a2-f52d-4a12-9746-816401dfe394-212x300.jpg\" alt=\"\" width=\"212\" height=\"300\" srcset=\"https:\/\/www.radiopiu.net\/wordpress\/wp-content\/uploads\/2020\/07\/4dd872a2-f52d-4a12-9746-816401dfe394-212x300.jpg 212w, https:\/\/www.radiopiu.net\/wordpress\/wp-content\/uploads\/2020\/07\/4dd872a2-f52d-4a12-9746-816401dfe394-724x1024.jpg 724w, https:\/\/www.radiopiu.net\/wordpress\/wp-content\/uploads\/2020\/07\/4dd872a2-f52d-4a12-9746-816401dfe394-768x1086.jpg 768w, https:\/\/www.radiopiu.net\/wordpress\/wp-content\/uploads\/2020\/07\/4dd872a2-f52d-4a12-9746-816401dfe394-1086x1536.jpg 1086w, https:\/\/www.radiopiu.net\/wordpress\/wp-content\/uploads\/2020\/07\/4dd872a2-f52d-4a12-9746-816401dfe394.jpg 1131w\" sizes=\"auto, (max-width: 212px) 100vw, 212px\" \/><\/a><a class=\"dt-pswp-item pspw-wrap-ready\" href=\"https:\/\/i0.wp.com\/www.radiopiu.net\/wordpress\/wp-content\/uploads\/2020\/07\/58dca1a9-4ede-4a8d-99fb-6357d98c7306.jpg?ssl=1\" data-dt-img-description=\"\" data-large_image_width=\"620\" data-large_image_height=\"877\"><img loading=\"lazy\" decoding=\"async\" class=\"wp-image-147749 jetpack-lazy-image jetpack-lazy-image--handled alignleft\" src=\"https:\/\/i0.wp.com\/www.radiopiu.net\/wordpress\/wp-content\/uploads\/2020\/07\/58dca1a9-4ede-4a8d-99fb-6357d98c7306.jpg?resize=620%2C877&amp;ssl=1\" sizes=\"auto, (max-width: 620px) 100vw, 620px\" srcset=\"https:\/\/i0.wp.com\/www.radiopiu.net\/wordpress\/wp-content\/uploads\/2020\/07\/58dca1a9-4ede-4a8d-99fb-6357d98c7306.jpg?w=620&amp;ssl=1 620w, https:\/\/i0.wp.com\/www.radiopiu.net\/wordpress\/wp-content\/uploads\/2020\/07\/58dca1a9-4ede-4a8d-99fb-6357d98c7306.jpg?resize=212%2C300&amp;ssl=1 212w\" alt=\"\" width=\"205\" height=\"290\" data-lazy-loaded=\"1\" \/><\/a><\/h3>\n<p>&nbsp;<\/p>\n<p>&nbsp;<\/p>\n<p>&nbsp;<\/p>\n<hr \/>\n<h3><\/h3>\n<blockquote>\n<h3 style=\"text-align: left;\"><a class=\"dt-pswp-item\" href=\"https:\/\/www.radiopiu.net\/wordpress\/wp-content\/uploads\/2020\/07\/RXNAGAA.jpeg\" data-dt-img-description=\"\" data-large_image_width=\"610\" data-large_image_height=\"366\"><img loading=\"lazy\" decoding=\"async\" class=\"size-medium wp-image-148261 alignleft\" src=\"https:\/\/www.radiopiu.net\/wordpress\/wp-content\/uploads\/2020\/07\/RXNAGAA-300x180.jpeg\" alt=\"\" width=\"300\" height=\"180\" srcset=\"https:\/\/www.radiopiu.net\/wordpress\/wp-content\/uploads\/2020\/07\/RXNAGAA-300x180.jpeg 300w, https:\/\/www.radiopiu.net\/wordpress\/wp-content\/uploads\/2020\/07\/RXNAGAA.jpeg 610w\" sizes=\"auto, (max-width: 300px) 100vw, 300px\" \/><\/a><\/h3>\n<h3><\/h3>\n<h3><\/h3>\n<h3 style=\"text-align: left;\">IERI ALLA RADIO, ZAINO DA VIAGGIO AL FEMMINILE di Paola Lanciato<\/h3>\n<\/blockquote>\n<p><strong>GIBELLINA, QUARTA PUNTATA<\/strong><\/p>\n<audio class=\"wp-audio-shortcode\" id=\"audio-148193-13\" preload=\"none\" style=\"width: 100%;\" controls=\"controls\"><source type=\"audio\/mpeg\" src=\"https:\/\/www.radiopiu.net\/wordpress\/wp-content\/uploads\/2020\/07\/5-Gibellina-M.mp3?_=13\" \/><a href=\"https:\/\/www.radiopiu.net\/wordpress\/wp-content\/uploads\/2020\/07\/5-Gibellina-M.mp3\">https:\/\/www.radiopiu.net\/wordpress\/wp-content\/uploads\/2020\/07\/5-Gibellina-M.mp3<\/a><\/audio>\n<p><strong>COLLEZIONE COMPLETA<\/strong><\/p>\n<blockquote class=\"wp-embedded-content\" data-secret=\"PXVLr9Ue2x\"><p><a href=\"https:\/\/www.radiopiu.net\/wordpress\/zaino-femminile-lanciato\/\">Zaino da viaggio al femminile<\/a><\/p><\/blockquote>\n<p><iframe loading=\"lazy\" class=\"wp-embedded-content\" sandbox=\"allow-scripts\" security=\"restricted\" style=\"position: absolute; clip: rect(1px, 1px, 1px, 1px);\" title=\"&#8220;Zaino da viaggio al femminile&#8221; &#8212; Radio Pi\u00f9\" src=\"https:\/\/www.radiopiu.net\/wordpress\/zaino-femminile-lanciato\/embed\/#?secret=PXVLr9Ue2x\" data-secret=\"PXVLr9Ue2x\" width=\"600\" height=\"338\" frameborder=\"0\" marginwidth=\"0\" marginheight=\"0\" scrolling=\"no\"><\/iframe><\/p>\n<p>&nbsp;<\/p>\n<hr \/>\n<p>&nbsp;<\/p>\n<p>&nbsp;<\/p>\n<h2>IERI ALLA RADIO<\/h2>\n<h2><a class=\"dt-pswp-item\" href=\"https:\/\/www.radiopiu.net\/wordpress\/wp-content\/uploads\/2020\/07\/HOTEL-STELLA-ALPINA-FALCADE.jpg\" data-dt-img-description=\"\" data-large_image_width=\"1024\" data-large_image_height=\"685\"><img loading=\"lazy\" decoding=\"async\" class=\"size-medium wp-image-148196 alignleft\" src=\"https:\/\/www.radiopiu.net\/wordpress\/wp-content\/uploads\/2020\/07\/HOTEL-STELLA-ALPINA-FALCADE-300x201.jpg\" alt=\"\" width=\"300\" height=\"201\" srcset=\"https:\/\/www.radiopiu.net\/wordpress\/wp-content\/uploads\/2020\/07\/HOTEL-STELLA-ALPINA-FALCADE-300x201.jpg 300w, https:\/\/www.radiopiu.net\/wordpress\/wp-content\/uploads\/2020\/07\/HOTEL-STELLA-ALPINA-FALCADE-768x514.jpg 768w, https:\/\/www.radiopiu.net\/wordpress\/wp-content\/uploads\/2020\/07\/HOTEL-STELLA-ALPINA-FALCADE.jpg 1024w\" sizes=\"auto, (max-width: 300px) 100vw, 300px\" \/><\/a><span style=\"color: #ff00ff;\">ANTONELLA SCHENA, GLI EVENTI ESTIVI DELL&#8217;HOTEL STELLA ALPINA<\/span><\/h2>\n<p><strong>di Claudio Fontanive<\/strong><\/p>\n<audio class=\"wp-audio-shortcode\" id=\"audio-148193-14\" preload=\"none\" style=\"width: 100%;\" controls=\"controls\"><source type=\"audio\/mpeg\" src=\"https:\/\/www.radiopiu.net\/wordpress\/wp-content\/uploads\/2020\/07\/antonella-shcena-07-luglio.mp3?_=14\" \/><a href=\"https:\/\/www.radiopiu.net\/wordpress\/wp-content\/uploads\/2020\/07\/antonella-shcena-07-luglio.mp3\">https:\/\/www.radiopiu.net\/wordpress\/wp-content\/uploads\/2020\/07\/antonella-shcena-07-luglio.mp3<\/a><\/audio>\n<p>&nbsp;<\/p>\n<p>&nbsp;<\/p>\n<hr \/>\n<h2><\/h2>\n<p>&nbsp;<\/p>\n<h2><span style=\"color: #ff0000;\">DUE MINUTI UN LIBRO<\/span><\/h2>\n<blockquote class=\"wp-embedded-content\" data-secret=\"lFQ4NSfpec\"><p><a href=\"https:\/\/www.radiopiu.net\/wordpress\/il-coraggio-e-la-paura\/\">IL CORAGGIO E LA PAURA<\/a><\/p><\/blockquote>\n<p><iframe loading=\"lazy\" class=\"wp-embedded-content\" sandbox=\"allow-scripts\" security=\"restricted\" style=\"position: absolute; clip: rect(1px, 1px, 1px, 1px);\" title=\"&#8220;IL CORAGGIO E LA PAURA&#8221; &#8212; Radio Pi\u00f9\" src=\"https:\/\/www.radiopiu.net\/wordpress\/il-coraggio-e-la-paura\/embed\/#?secret=lFQ4NSfpec\" data-secret=\"lFQ4NSfpec\" width=\"600\" height=\"338\" frameborder=\"0\" marginwidth=\"0\" marginheight=\"0\" scrolling=\"no\"><\/iframe><\/p>\n<p><strong>LE ALTRE PUNTATE<\/strong><\/p>\n<blockquote class=\"wp-embedded-content\" data-secret=\"10bxZvv8dt\"><p><a href=\"https:\/\/www.radiopiu.net\/wordpress\/due-minuti-un-libro\/\">Due minuti un libro<\/a><\/p><\/blockquote>\n<p><iframe loading=\"lazy\" class=\"wp-embedded-content\" sandbox=\"allow-scripts\" security=\"restricted\" style=\"position: absolute; clip: rect(1px, 1px, 1px, 1px);\" title=\"&#8220;Due minuti un libro&#8221; &#8212; Radio Pi\u00f9\" src=\"https:\/\/www.radiopiu.net\/wordpress\/due-minuti-un-libro\/embed\/#?secret=10bxZvv8dt\" data-secret=\"10bxZvv8dt\" width=\"600\" height=\"338\" frameborder=\"0\" marginwidth=\"0\" marginheight=\"0\" scrolling=\"no\"><\/iframe><\/p>\n<h2><\/h2>\n<hr \/>\n<h2><\/h2>\n<h2><span style=\"color: #800080;\">IL MESSAGGIO DEI SACERDOTI A RADIO PIU&#8217;<\/span><\/h2>\n<blockquote class=\"wp-embedded-content\" data-secret=\"wExqLezXku\"><p><a href=\"https:\/\/www.radiopiu.net\/wordpress\/chiesa11\/\">DON CESARE SU RADIO PIU&#8217; ALLE 7.30 E 19.30, PARROCCHIE DI AGORDO, LA VALLE E TAIBON<\/a><\/p><\/blockquote>\n<p><iframe loading=\"lazy\" class=\"wp-embedded-content\" sandbox=\"allow-scripts\" security=\"restricted\" style=\"position: absolute; clip: rect(1px, 1px, 1px, 1px);\" title=\"&#8220;DON CESARE SU RADIO PIU&#8217; ALLE 7.30 E 19.30, PARROCCHIE DI AGORDO, LA VALLE E TAIBON&#8221; &#8212; Radio Pi\u00f9\" src=\"https:\/\/www.radiopiu.net\/wordpress\/chiesa11\/embed\/#?secret=wExqLezXku\" data-secret=\"wExqLezXku\" width=\"600\" height=\"338\" frameborder=\"0\" marginwidth=\"0\" marginheight=\"0\" scrolling=\"no\"><\/iframe><\/p>\n<p>&nbsp;<\/p>\n<hr \/>\n<p>&nbsp;<\/p>\n<blockquote class=\"wp-embedded-content\" data-secret=\"sDE1iGNPnv\"><p><a href=\"https:\/\/www.radiopiu.net\/wordpress\/agordinomeron\/\">AGORDINOMERON, IL TERRITORIO SI RACCONTA Da un&#8217;idea di Gianni Santomaso<\/a><\/p><\/blockquote>\n<p><iframe loading=\"lazy\" class=\"wp-embedded-content\" sandbox=\"allow-scripts\" security=\"restricted\" style=\"position: absolute; clip: rect(1px, 1px, 1px, 1px);\" title=\"&#8220;AGORDINOMERON, IL TERRITORIO SI RACCONTA Da un&#8217;idea di Gianni Santomaso&#8221; &#8212; Radio Pi\u00f9\" src=\"https:\/\/www.radiopiu.net\/wordpress\/agordinomeron\/embed\/#?secret=sDE1iGNPnv\" data-secret=\"sDE1iGNPnv\" width=\"600\" height=\"338\" frameborder=\"0\" marginwidth=\"0\" marginheight=\"0\" scrolling=\"no\"><\/iframe><\/p>\n<p>&nbsp;<\/p>\n<hr \/>\n<p>&nbsp;<\/p>\n<blockquote class=\"wp-embedded-content\" data-secret=\"pjM8gZv2vV\"><p><a href=\"https:\/\/www.radiopiu.net\/wordpress\/i-racconti-di-paolo-soppelsa\/\">I racconti di Paolo Soppelsa<\/a><\/p><\/blockquote>\n<p><iframe loading=\"lazy\" class=\"wp-embedded-content\" sandbox=\"allow-scripts\" security=\"restricted\" style=\"position: absolute; clip: rect(1px, 1px, 1px, 1px);\" title=\"&#8220;I racconti di Paolo Soppelsa&#8221; &#8212; Radio Pi\u00f9\" src=\"https:\/\/www.radiopiu.net\/wordpress\/i-racconti-di-paolo-soppelsa\/embed\/#?secret=pjM8gZv2vV\" data-secret=\"pjM8gZv2vV\" width=\"600\" height=\"338\" frameborder=\"0\" marginwidth=\"0\" marginheight=\"0\" scrolling=\"no\"><\/iframe><\/p>\n<p>&nbsp;<\/p>\n<hr \/>\n<p>&nbsp;<\/p>\n<p><strong class=\"photoswipe-wrapper\"><a class=\"dt-pswp-item pspw-wrap-ready\" href=\"https:\/\/i0.wp.com\/www.radiopiu.net\/wordpress\/wp-content\/uploads\/2018\/09\/viabilita.jpeg?ssl=1\" data-dt-img-description=\"\" data-large_image_width=\"800\" data-large_image_height=\"100\"><img loading=\"lazy\" decoding=\"async\" class=\"aligncenter wp-image-61954 size-full jetpack-lazy-image jetpack-lazy-image--handled\" src=\"https:\/\/i0.wp.com\/www.radiopiu.net\/wordpress\/wp-content\/uploads\/2018\/09\/viabilita.jpeg?resize=800%2C100&amp;ssl=1\" sizes=\"auto, (max-width: 800px) 100vw, 800px\" srcset=\"https:\/\/i0.wp.com\/www.radiopiu.net\/wordpress\/wp-content\/uploads\/2018\/09\/viabilita.jpeg?w=800&amp;ssl=1 800w, https:\/\/i0.wp.com\/www.radiopiu.net\/wordpress\/wp-content\/uploads\/2018\/09\/viabilita.jpeg?resize=300%2C38&amp;ssl=1 300w, https:\/\/i0.wp.com\/www.radiopiu.net\/wordpress\/wp-content\/uploads\/2018\/09\/viabilita.jpeg?resize=768%2C96&amp;ssl=1 768w\" alt=\"\" width=\"800\" height=\"100\" data-lazy-loaded=\"1\" \/><\/a><\/strong><\/p>\n<p><strong>\u00a0<\/strong><\/p>\n<p>PROVINCIALE 563 DI SALESEI, LOCALITA\u2019 DIGONERA. SENSO UNICO ALTERNATO REGOLATO DA IMPIANTO SEMAFORICO FINO AL 15 LUGLIO PER MESSA IN SICUREZZA DEL PIANO VIABILE<\/p>\n<p>SP 251 FINO AL 31 LUGLIO TRA PESCUL E SELVA DI CADORE SENSO UNICO ALTERNATO REGOLATO DA SEMAFORO, ESCLUSI SABATO E DOMENICA PER POSA FIBRE OTTICHE<\/p>\n<p>PROVINCIALE 3 VALLE IMPERINA, LOCALITA\u2019 CORDE MOLE: DAL 6 LUGLIO DALLE 8 ALLE 11.45 E DALLE 13.30 ALLE 17.30 (SABATO E DOMENICA ESCLUSI) INTERRUZIONI ALLA VIABILITA\u2019 FINO A 30 MINUTI PER TAGLIO PIANTE TRA LE LOCALITA\u2019 CORDE MOLE E VALLESIN<\/p>\n<p>PROVINCIALE 641 DI PASSO FEDAIA, FINO AL 31 LUGLIO (FESTIVI E PREFESTIVI ECLUSI) SENSO UNICO IN LOCALIT\u00c0 ROCCA PIETORE PER SOSTITUZIONI BARRIERE LATERALI<\/p>\n<p>PROVINCIALE 25 PASSO VALLES FINO AL 18 LUGLIO (FESTIVI ESCLUSI) SENSO UNICO ALERNATO CON SEMAFORO O MOVIERI PER ESBOSCO<\/p>\n<p>FINO AL 24 LUGLIO SABATO E DOMENICA COMPRESI LUNGO LA 641 DI PASSO FEDAIA IN LOCALIT\u00e0 CAPANNA BILL E COL DI ROCCA, SENSO UNICO ALTERNATO CON SEMAFORO<\/p>\n<p>STRADA REGIONALE 203 AGORDINA TRA PERON E CANDATEN, FINO 31 LUGLIO ESCLUSI SABATI E DOMENICHE, DALLE 7:30 ALLE 9 E E DALLE 16:30 ALLE 18 SENSO UNICO ALTERNATO REGOLATO DA MOVIERI. NEGLI ALTRI ORARI SENSO UNICO ALTERNATO REGOLATO DA SEMAFORO PER INTERRAMENTO CAVIDOTTO E-DISTRIBUZIONE<\/p>\n<p>347 DURAN E CEREDA: FINO ALL\u201911 LUGLIO (FESTIVI ECLUSI) SENSO UNICO CON SEMAFORO IN LOCALIT\u00c0 SANT\u2019ANDREA (GOSALDO)<\/p>\n<p>PROVINCIALE 25 PASSO VALLES FINO AL 18 LUGLIO (FESTIVI ESCLUSI) SENSO UNICO ALERNATO CON SEMAFORO O MOVIERI PER ESBOSCO<\/p>\n<p>347 DURAN E CEREDA, NEI COMUNI DI CIBIANA E VALLE DI CADORE, FINO\u00a0 AL 10 LUGLIO POSSIBILI INTERRUZIONI DELLA DURATA MASSIMA DI 30 MINUTI E SENSO UNICO ALTERNATO REGOLATO DA MOVIERI PER ASFALTATURA PIANO VIABILE<\/p>\n<p>PROVINCIALE 20 DELLA VAL FIORENTINA, SELVA DI CADORE: FINO AL 10 LUGLIO, CHIUSURA TOTALE TRA SOLATOR E IL CENTRO DEL PAESE ANCHE NEI GIORNI FESTIVI E PREFESTIVI, DAL CHILOMETRO 4.850 AL CHILOMETRO 5.100. TRANSITO CONSENTITO AI LOCALI CON TEMPI DI ATTESA MASSIMI STIMATI IN 30 MINUTI IN LOCALITA\u2019 SOLATOR DAL CHILOMETRO 4.400 AL CHILOMETRO 4.850<\/p>\n<p>STRADA REGIONALE 48 DELLE DOLOMITI, A CORTINA IN LOCALITA\u2019 POCOL, SENSO UNICO ALTERNATO REGOLATO DA IMPIANTO SEMAFORICO \u00a0DAL 6 AL 24 LUGLIO, ESCLUSI SABATI E DOMENICHE, PER POSA CAVIDOTTO E-DISTRIBUZIONE<\/p>\n<p>STRADA PROVINCIALE 30 PANORAMICA DEL COMELICO, FINO\u00a0 AL 31 LUGLIO INTERDIZIONE TOTALE ALLA VIABILITA\u2019 TRA COSTA E COSTALISSOIO PER MESSA IN SICUREZZA STRADA<\/p>\n<p>STRADA PROVINCIALE 619 DI VIGO DI CADORE, FINO\u00a0 AL 7 AGOSTO, ESCLUSI SABATI E DOMENICHE, SENSO UNICO ALTERNATO REGOLATO DA IMPIANTO SEMAFORICO O MOVIERI PER MESSA IN SICUREZZA DELLA STRADA<\/p>\n<p>&nbsp;<\/p>\n<hr \/>\n<p>&nbsp;<\/p>\n<h2><em><strong>COMUNICAZIONE ISTITUZIONALE \u2013 APP IMMUNI<\/strong><\/em><\/h2>\n<p><iframe loading=\"lazy\" title=\"Immuni App 30\" width=\"1200\" height=\"675\" src=\"https:\/\/www.youtube.com\/embed\/-XG48J62814?feature=oembed\" frameborder=\"0\" allow=\"accelerometer; autoplay; clipboard-write; encrypted-media; gyroscope; picture-in-picture\" allowfullscreen><\/iframe><\/p>\n<p>&nbsp;<\/p>\n<hr \/>\n<p>&nbsp;<\/p>\n<p class=\"photoswipe-wrapper\"><a class=\"dt-pswp-item pspw-wrap-ready\" href=\"https:\/\/i0.wp.com\/www.radiopiu.net\/wordpress\/wp-content\/uploads\/2018\/09\/WhatsApp-Image-2018-09-20-at-16.04.06.jpeg?ssl=1\" data-dt-img-description=\"\" data-large_image_width=\"800\" data-large_image_height=\"100\"><img loading=\"lazy\" decoding=\"async\" class=\"aligncenter wp-image-61378 size-full jetpack-lazy-image jetpack-lazy-image--handled\" src=\"https:\/\/i0.wp.com\/www.radiopiu.net\/wordpress\/wp-content\/uploads\/2018\/09\/WhatsApp-Image-2018-09-20-at-16.04.06.jpeg?resize=800%2C100&amp;ssl=1\" sizes=\"auto, (max-width: 800px) 100vw, 800px\" srcset=\"https:\/\/i0.wp.com\/www.radiopiu.net\/wordpress\/wp-content\/uploads\/2018\/09\/WhatsApp-Image-2018-09-20-at-16.04.06.jpeg?w=800&amp;ssl=1 800w, https:\/\/i0.wp.com\/www.radiopiu.net\/wordpress\/wp-content\/uploads\/2018\/09\/WhatsApp-Image-2018-09-20-at-16.04.06.jpeg?resize=300%2C38&amp;ssl=1 300w, https:\/\/i0.wp.com\/www.radiopiu.net\/wordpress\/wp-content\/uploads\/2018\/09\/WhatsApp-Image-2018-09-20-at-16.04.06.jpeg?resize=768%2C96&amp;ssl=1 768w\" alt=\"\" width=\"800\" height=\"100\" data-lazy-loaded=\"1\" \/><\/a><\/p>\n<p>&nbsp;<\/p>\n<p><center><b>Mercoledi 8<\/b><\/center><b>Tempo atteso:\u00a0<\/b>Tempo stabile e ben soleggiato con cielo sereno, aria tersa ed ottima visibilit\u00e0 al mattino. Il cielo rimarr\u00e0 ancora sereno o poco nuvoloso per presenza di modesti cumuli durante le ore pi\u00f9 calde, assieme a qualche temporaneo banco di sottili nubi alte. Clima diurno di nuovo pi\u00f9 caldo.<br \/>\n<b>Precipitazioni:\u00a0<\/b>Assenti (0%)<br \/>\n<b>Temperature:\u00a0<\/b>In generale ripresa, eccetto calo delle minime nelle valli e sugli altopiani prealpini. Sono previste punte di 29\/30\u00b0C nei fondovalle prealpini e 24\/26\u00b0C a 1000\/1200 m. Su Prealpi a 1500 m min 9\u00b0C max 19\u00b0C, a 2000 m min 7\u00b0C max 15\u00b0C. Su Dolomiti a 2000 m min 6\u00b0C max 15\u00b0C, a 3000 m min 3\u00b0C max 6\u00b0C.<br \/>\n<b>Venti:\u00a0<\/b>Nelle valli deboli, a regime di brezza, a tratti e localmente moderati; in quota deboli\/moderati da nord-ovest, a 5-10 km\/h a 2000 m e 10-15 km\/h a 3000 m.<\/p>\n<hr \/>\n<p><center><b>Giovedi 9<\/b><\/center><b>Tempo atteso:\u00a0<\/b>Tempo in prevalenza soleggiato al mattino, poi attivit\u00e0 cumuliforme pomeridiana, modesta sulle Prealpi, localmente moderata sulle Dolomiti. L&#8217;insidia per temporale di calore sar\u00e0 di nuovo sporadicamente presente. Clima di nuovo prettamente estivo con ritorno del caldo nei fondovalle.<br \/>\n<b>Precipitazioni:\u00a0<\/b>Al mattino assenti (0%). Al pomeriggio\/sera per locali temporali di calore probabilit\u00e0 medio-bassa sulle Dolomiti (30\/40%), specie sui settori confinanti con il Trentino e l&#8217;Alto Adige; Sulle Prealpi il rischio sar\u00e0 pressoch\u00e9 assente (10%).<br \/>\n<b>Temperature:\u00a0<\/b>In ulteriore generale lieve rialzo. Sono previste punte di 30\/31\u00b0C nei fondovalle prealpini e 25\/27\u00b0C a 1000\/1200 m. Su Prealpi a 1500 m min 13\u00b0C max 21\u00b0C, a 2000 m min 11\u00b0C max 16\u00b0C. Su Dolomiti a 2000 m min 10\u00b0C max 18\u00b0C, a 3000 m min 5\u00b0C max 7\u00b0C.<br \/>\n<b>Venti:\u00a0<\/b>Nelle valli deboli a regime di brezza, a tratti e localmente moderati; in quota deboli\/moderati da ovest al mattino e da sud-ovest al pomeriggio, a 5-10 km\/h a 2000 m e 10-20 km\/h a 3000 m.<\/p>\n<hr \/>\n<p><center><b>Venerdi 10<\/b><\/center>Tempo soleggiato al mattino ed attivit\u00e0 cumuliforme pomeridiana, localmente moderata\/forte sulle Dolomiti, dove la probabilit\u00e0 per temporali di calore aumenter\u00e0 leggermente rispetto a gioved\u00ec, specie sui settori confinanti con il Trentino e l&#8217;Alto Adige. Sulla Prealpi nuvolosit\u00e0 meno intensa e minore rischio di fenomeni. Temperature pressoch\u00e9 stazionarie in quota; in leggero aumento nelle valli, eccetto diminuzione delle massime nei settori interessati dall&#8217;instabilit\u00e0 pomeridiana. Venti a regime di brezza nelle valli e deboli\/moderati da ovest sud-ovest in quota, in rinforzo alla sera.<\/p>\n<hr \/>\n<p><center><b>Sabato 11<\/b><\/center>Al mattino tempo perturbato\/instabile con cielo molto nuvoloso\/coperto, associato a precipitazioni diffuse, anche carattere di rovescio e temporale. Al pomeriggio miglioramento con rasserenamenti a partire dalle Dolomiti, in estensione alle Prealpi, nonostante qualche residuo rovescio pomeridiano su quest&#8217;ultime. Temperature in generale calo, eccetto stazionariet\u00e0 delle minime nelle valli. Venti deboli di direzione variabile nelle valli; in quota deboli\/moderati da sud-ovest al mattino e da nord ovest al pomeriggio. Previsore: R.L.Th.<\/p>\n<p>&nbsp;<\/p>\n<p>&nbsp;<\/p>\n<hr \/>\n<p>&nbsp;<\/p>\n<h2><em><strong>COMUNICAZIONE ISTITUZIONALE \u2013 TEST SERIOLOGICO<\/strong><\/em><\/h2>\n<p><iframe loading=\"lazy\" title=\"Pomilio Blumm   Indagine Sierologica Covid 19 v 3\" width=\"1200\" height=\"675\" src=\"https:\/\/www.youtube.com\/embed\/bLDh8Pd3FxA?feature=oembed\" frameborder=\"0\" allow=\"accelerometer; autoplay; clipboard-write; encrypted-media; gyroscope; picture-in-picture\" allowfullscreen><\/iframe><\/p>\n<p>&nbsp;<\/p>\n<hr \/>\n<p>&nbsp;<\/p>\n<p class=\"photoswipe-wrapper\"><a class=\"dt-pswp-item pspw-wrap-ready\" href=\"https:\/\/i1.wp.com\/www.radiopiu.net\/wordpress\/wp-content\/uploads\/2018\/09\/sport.jpg?ssl=1\" data-dt-img-description=\"\" data-large_image_width=\"800\" data-large_image_height=\"100\"><img loading=\"lazy\" decoding=\"async\" class=\"aligncenter wp-image-60761 size-full jetpack-lazy-image jetpack-lazy-image--handled\" src=\"https:\/\/i1.wp.com\/www.radiopiu.net\/wordpress\/wp-content\/uploads\/2018\/09\/sport.jpg?resize=800%2C100&amp;ssl=1\" sizes=\"auto, (max-width: 800px) 100vw, 800px\" srcset=\"https:\/\/i1.wp.com\/www.radiopiu.net\/wordpress\/wp-content\/uploads\/2018\/09\/sport.jpg?w=800&amp;ssl=1 800w, https:\/\/i1.wp.com\/www.radiopiu.net\/wordpress\/wp-content\/uploads\/2018\/09\/sport.jpg?resize=300%2C38&amp;ssl=1 300w, https:\/\/i1.wp.com\/www.radiopiu.net\/wordpress\/wp-content\/uploads\/2018\/09\/sport.jpg?resize=768%2C96&amp;ssl=1 768w\" alt=\"\" width=\"800\" height=\"100\" data-lazy-loaded=\"1\" \/><\/a><\/p>\n<p>&nbsp;<\/p>\n<p>&nbsp;<\/p>\n","protected":false},"excerpt":{"rendered":"<p>PER RICEVERE QUESTO NOTIZIARIO DIRETTAMENTE SUL TUO CELLULARE ISCRIVITI AL CANALE TELEGRAM\u00a0\u201cRADIO PIU\u00a0 INFORMAZIONE ATTENZIONE: LA NUOVA APP RADIO PIU PER ANDROID, A BREVE ANCHE PER I PHONE https:\/\/play.google.com\/store\/apps\/details?id=net.radiopiu.iniko &nbsp; \u00a0 PROVINCIALE 3 VALLE IMPERINA, LOCALITA\u2019 CORDE MOLE:\u00a0 DALLE 8 ALLE 11.45 E DALLE 13.30 ALLE 17.30 (SABATO E DOMENICA ESCLUSI) INTERRUZIONI ALLA VIABILITA\u2019 FINO&hellip;<\/p>\n","protected":false},"author":4,"featured_media":148252,"comment_status":"closed","ping_status":"closed","sticky":false,"template":"","format":"standard","meta":{"_monsterinsights_skip_tracking":false,"_monsterinsights_sitenote_active":false,"_monsterinsights_sitenote_note":"","_monsterinsights_sitenote_category":0,"footnotes":""},"categories":[1,86,49],"tags":[],"class_list":["post-148193","post","type-post","status-publish","format-standard","has-post-thumbnail","hentry","category-senza-categoria","category-gr","category-news-18","category-1","category-86","category-49","description-off"],"img_url":"https:\/\/www.radiopiu.net\/wordpress\/wp-content\/uploads\/2020\/07\/92c8e1cf-309a-4771-9a9e-ec689645f31e.jpg","_links":{"self":[{"href":"https:\/\/www.radiopiu.net\/wordpress\/wp-json\/wp\/v2\/posts\/148193","targetHints":{"allow":["GET"]}}],"collection":[{"href":"https:\/\/www.radiopiu.net\/wordpress\/wp-json\/wp\/v2\/posts"}],"about":[{"href":"https:\/\/www.radiopiu.net\/wordpress\/wp-json\/wp\/v2\/types\/post"}],"author":[{"embeddable":true,"href":"https:\/\/www.radiopiu.net\/wordpress\/wp-json\/wp\/v2\/users\/4"}],"replies":[{"embeddable":true,"href":"https:\/\/www.radiopiu.net\/wordpress\/wp-json\/wp\/v2\/comments?post=148193"}],"version-history":[{"count":0,"href":"https:\/\/www.radiopiu.net\/wordpress\/wp-json\/wp\/v2\/posts\/148193\/revisions"}],"wp:featuredmedia":[{"embeddable":true,"href":"https:\/\/www.radiopiu.net\/wordpress\/wp-json\/wp\/v2\/media\/148252"}],"wp:attachment":[{"href":"https:\/\/www.radiopiu.net\/wordpress\/wp-json\/wp\/v2\/media?parent=148193"}],"wp:term":[{"taxonomy":"category","embeddable":true,"href":"https:\/\/www.radiopiu.net\/wordpress\/wp-json\/wp\/v2\/categories?post=148193"},{"taxonomy":"post_tag","embeddable":true,"href":"https:\/\/www.radiopiu.net\/wordpress\/wp-json\/wp\/v2\/tags?post=148193"}],"curies":[{"name":"wp","href":"https:\/\/api.w.org\/{rel}","templated":true}]}}