{"id":148205,"date":"2020-07-07T10:58:37","date_gmt":"2020-07-07T08:58:37","guid":{"rendered":"https:\/\/www.radiopiu.net\/wordpress\/?p=148205"},"modified":"2020-07-07T10:58:37","modified_gmt":"2020-07-07T08:58:37","slug":"de-coccio-seconda-settimana-consecutiva-senza-sanzioni","status":"publish","type":"post","link":"https:\/\/www.radiopiu.net\/wordpress\/de-coccio-seconda-settimana-consecutiva-senza-sanzioni\/","title":{"rendered":"&#8220;DE COCCIO&#8221;: SECONDA SETTIMANA CONSECUTIVA SENZA SANZIONI"},"content":{"rendered":"<p><strong>BELLUNO<\/strong> Per la seconda settimana consecutiva non risultano sanzioni da parte delle Forze dell&#8217;Ordine in base ai controlli per il contenimento del Covid-19. Nella settimana scorsa sono state controllate 2026 persone e tutto \u00e8 risultato regolare. I controlli continuano anche nelle attivit\u00e0 commerciali. 771 gli esercizi controllati e nessuna sanzione o chiusura temporanea \u00e8 scattata.<\/p>\n<p><a class=\"dt-pswp-item\" href=\"https:\/\/www.radiopiu.net\/wordpress\/wp-content\/uploads\/2020\/07\/MONITORAGGIO_SETTIMANALE_DEI_SERVIZI_DI_CONTROLLO_DEL_05.07.2020.jpg\" data-dt-img-description=\"\" data-large_image_width=\"1240\" data-large_image_height=\"1754\"><img loading=\"lazy\" decoding=\"async\" class=\"alignnone wp-image-148206 size-large\" src=\"https:\/\/www.radiopiu.net\/wordpress\/wp-content\/uploads\/2020\/07\/MONITORAGGIO_SETTIMANALE_DEI_SERVIZI_DI_CONTROLLO_DEL_05.07.2020-724x1024.jpg\" alt=\"\" width=\"724\" height=\"1024\" srcset=\"https:\/\/www.radiopiu.net\/wordpress\/wp-content\/uploads\/2020\/07\/MONITORAGGIO_SETTIMANALE_DEI_SERVIZI_DI_CONTROLLO_DEL_05.07.2020-724x1024.jpg 724w, https:\/\/www.radiopiu.net\/wordpress\/wp-content\/uploads\/2020\/07\/MONITORAGGIO_SETTIMANALE_DEI_SERVIZI_DI_CONTROLLO_DEL_05.07.2020-212x300.jpg 212w, https:\/\/www.radiopiu.net\/wordpress\/wp-content\/uploads\/2020\/07\/MONITORAGGIO_SETTIMANALE_DEI_SERVIZI_DI_CONTROLLO_DEL_05.07.2020-768x1086.jpg 768w, https:\/\/www.radiopiu.net\/wordpress\/wp-content\/uploads\/2020\/07\/MONITORAGGIO_SETTIMANALE_DEI_SERVIZI_DI_CONTROLLO_DEL_05.07.2020-1086x1536.jpg 1086w, https:\/\/www.radiopiu.net\/wordpress\/wp-content\/uploads\/2020\/07\/MONITORAGGIO_SETTIMANALE_DEI_SERVIZI_DI_CONTROLLO_DEL_05.07.2020.jpg 1240w\" sizes=\"auto, (max-width: 724px) 100vw, 724px\" \/><\/a><\/p>\n","protected":false},"excerpt":{"rendered":"<p>BELLUNO Per la seconda settimana consecutiva non risultano sanzioni da parte delle Forze dell&#8217;Ordine in base ai controlli per il contenimento del Covid-19. Nella settimana scorsa sono state controllate 2026 persone e tutto \u00e8 risultato regolare. I controlli continuano anche nelle attivit\u00e0 commerciali. 771 gli esercizi controllati e nessuna sanzione o chiusura temporanea \u00e8 scattata.<\/p>\n","protected":false},"author":4,"featured_media":135849,"comment_status":"closed","ping_status":"closed","sticky":false,"template":"","format":"standard","meta":{"_monsterinsights_skip_tracking":false,"_monsterinsights_sitenote_active":false,"_monsterinsights_sitenote_note":"","_monsterinsights_sitenote_category":0,"footnotes":""},"categories":[49],"tags":[],"class_list":["post-148205","post","type-post","status-publish","format-standard","has-post-thumbnail","hentry","category-news-18","category-49","description-off"],"img_url":"https:\/\/www.radiopiu.net\/wordpress\/wp-content\/uploads\/2020\/05\/CONTROLLI-GF-2.jpg","_links":{"self":[{"href":"https:\/\/www.radiopiu.net\/wordpress\/wp-json\/wp\/v2\/posts\/148205","targetHints":{"allow":["GET"]}}],"collection":[{"href":"https:\/\/www.radiopiu.net\/wordpress\/wp-json\/wp\/v2\/posts"}],"about":[{"href":"https:\/\/www.radiopiu.net\/wordpress\/wp-json\/wp\/v2\/types\/post"}],"author":[{"embeddable":true,"href":"https:\/\/www.radiopiu.net\/wordpress\/wp-json\/wp\/v2\/users\/4"}],"replies":[{"embeddable":true,"href":"https:\/\/www.radiopiu.net\/wordpress\/wp-json\/wp\/v2\/comments?post=148205"}],"version-history":[{"count":0,"href":"https:\/\/www.radiopiu.net\/wordpress\/wp-json\/wp\/v2\/posts\/148205\/revisions"}],"wp:featuredmedia":[{"embeddable":true,"href":"https:\/\/www.radiopiu.net\/wordpress\/wp-json\/wp\/v2\/media\/135849"}],"wp:attachment":[{"href":"https:\/\/www.radiopiu.net\/wordpress\/wp-json\/wp\/v2\/media?parent=148205"}],"wp:term":[{"taxonomy":"category","embeddable":true,"href":"https:\/\/www.radiopiu.net\/wordpress\/wp-json\/wp\/v2\/categories?post=148205"},{"taxonomy":"post_tag","embeddable":true,"href":"https:\/\/www.radiopiu.net\/wordpress\/wp-json\/wp\/v2\/tags?post=148205"}],"curies":[{"name":"wp","href":"https:\/\/api.w.org\/{rel}","templated":true}]}}