{"id":148218,"date":"2020-07-09T05:36:19","date_gmt":"2020-07-09T03:36:19","guid":{"rendered":"https:\/\/www.radiopiu.net\/wordpress\/?p=148218"},"modified":"2020-07-09T05:37:05","modified_gmt":"2020-07-09T03:37:05","slug":"presentato-il-progetto-dolomiti-hikecamp","status":"publish","type":"post","link":"https:\/\/www.radiopiu.net\/wordpress\/presentato-il-progetto-dolomiti-hikecamp\/","title":{"rendered":"PRESENTATO IL PROGETTO &#8220;DOLOMITI HIKE&#038;CAMP&#8221;"},"content":{"rendered":"<p><strong><a class=\"dt-pswp-item\" href=\"https:\/\/www.radiopiu.net\/wordpress\/wp-content\/uploads\/2020\/07\/DOLOMITI-HIKECAMP.png\" data-dt-img-description=\"\" data-large_image_width=\"624\" data-large_image_height=\"444\"><img loading=\"lazy\" decoding=\"async\" class=\"size-medium wp-image-148219 alignleft\" src=\"https:\/\/www.radiopiu.net\/wordpress\/wp-content\/uploads\/2020\/07\/DOLOMITI-HIKECAMP-300x213.png\" alt=\"\" width=\"300\" height=\"213\" srcset=\"https:\/\/www.radiopiu.net\/wordpress\/wp-content\/uploads\/2020\/07\/DOLOMITI-HIKECAMP-300x213.png 300w, https:\/\/www.radiopiu.net\/wordpress\/wp-content\/uploads\/2020\/07\/DOLOMITI-HIKECAMP.png 624w\" sizes=\"auto, (max-width: 300px) 100vw, 300px\" \/><\/a>FALCADE<\/strong> I promotori del progetto sono Camping Alleghe &#8211; Camping Al Pez &#8211; Camping Cadore &#8211; Camping Civetta &#8211; Camping Eden Camping Le Bocole &#8211; Camping Palafavera\u00a0che gi\u00e0 da molto tempo collaborano per sviluppare la loro promozione attraverso la comune gestione di un sito internet, la creazione di depliant dedicati al plein-air e partecipando a fiere del settore in Italia e all\u2019estero. Quest\u2019anno in occasione della periodica rivisitazione tecnico\/strategica del sito comune, \u00e8 stato deciso di cambiare radicalmente la presenza su internet, realizzando un prodotto totalmente nuovo sia tecnologicamente per garantire una maggior fruibilit\u00e0 su tablet e smartphone, sia nei contenuti con una novit\u00e0 legata al trekking, alla nuova mobilit\u00e0 e-bike e ai percorsi tematici. Nasce cos\u00ec www.dolomitihikeandcamp.it Il nuovo sito oltre a contenere le normali informazioni legate alle attivit\u00e0 turistiche, lancia l\u2019idea di un percorso escursionistico a tappe che, attraverso sentieri gi\u00e0 esistenti, unisce i sette campeggi in un pregevole itinerario tra la Val di Zoldo, la Val Fiorentina, Val Cordevole e la Val Biois. Il tracciato diviso in sei parti, ognuna con differenti caratteristiche di lunghezza e difficolt\u00e0, misura un totale di 84.95 Km con un dislivello di 5.482 m ed \u00e8 segnalato con delle piccole targhette, munite di q- code, poste per la maggior parte su pali di segnaletica esistente. Grazie alla piattaforma Google MyMaps e utilizzando lo smartphone con l\u2019eventuale ausilio del QRcode, si potr\u00e0 visionare nel dettaglio la traccia GPS dell\u2019intero percorso e scaricare la tratta che si decide di percorrere. Le mappe digitali sono inoltre arricchite da informazioni circa i punti di particolare interesse naturale, turistico, paesaggistico e culturale. Per stimolare ulteriormente il turista a percorrere anche a tappe e nel tempo l\u2019intero percorso,viene rilasciato un piccolo passaporto che verr\u00e0 vidimato in maniera differenziata dai singoli campeggi.<\/p>\n","protected":false},"excerpt":{"rendered":"<p>FALCADE I promotori del progetto sono Camping Alleghe &#8211; Camping Al Pez &#8211; Camping Cadore &#8211; Camping Civetta &#8211; Camping Eden Camping Le Bocole &#8211; Camping Palafavera\u00a0che gi\u00e0 da molto tempo collaborano per sviluppare la loro promozione attraverso la comune gestione di un sito internet, la creazione di depliant dedicati al plein-air e partecipando a&hellip;<\/p>\n","protected":false},"author":4,"featured_media":148219,"comment_status":"closed","ping_status":"closed","sticky":false,"template":"","format":"standard","meta":{"_monsterinsights_skip_tracking":false,"_monsterinsights_sitenote_active":false,"_monsterinsights_sitenote_note":"","_monsterinsights_sitenote_category":0,"footnotes":""},"categories":[49],"tags":[],"class_list":["post-148218","post","type-post","status-publish","format-standard","has-post-thumbnail","hentry","category-news-18","category-49","description-off"],"img_url":"https:\/\/www.radiopiu.net\/wordpress\/wp-content\/uploads\/2020\/07\/DOLOMITI-HIKECAMP.png","_links":{"self":[{"href":"https:\/\/www.radiopiu.net\/wordpress\/wp-json\/wp\/v2\/posts\/148218","targetHints":{"allow":["GET"]}}],"collection":[{"href":"https:\/\/www.radiopiu.net\/wordpress\/wp-json\/wp\/v2\/posts"}],"about":[{"href":"https:\/\/www.radiopiu.net\/wordpress\/wp-json\/wp\/v2\/types\/post"}],"author":[{"embeddable":true,"href":"https:\/\/www.radiopiu.net\/wordpress\/wp-json\/wp\/v2\/users\/4"}],"replies":[{"embeddable":true,"href":"https:\/\/www.radiopiu.net\/wordpress\/wp-json\/wp\/v2\/comments?post=148218"}],"version-history":[{"count":0,"href":"https:\/\/www.radiopiu.net\/wordpress\/wp-json\/wp\/v2\/posts\/148218\/revisions"}],"wp:featuredmedia":[{"embeddable":true,"href":"https:\/\/www.radiopiu.net\/wordpress\/wp-json\/wp\/v2\/media\/148219"}],"wp:attachment":[{"href":"https:\/\/www.radiopiu.net\/wordpress\/wp-json\/wp\/v2\/media?parent=148218"}],"wp:term":[{"taxonomy":"category","embeddable":true,"href":"https:\/\/www.radiopiu.net\/wordpress\/wp-json\/wp\/v2\/categories?post=148218"},{"taxonomy":"post_tag","embeddable":true,"href":"https:\/\/www.radiopiu.net\/wordpress\/wp-json\/wp\/v2\/tags?post=148218"}],"curies":[{"name":"wp","href":"https:\/\/api.w.org\/{rel}","templated":true}]}}