{"id":148494,"date":"2020-07-10T05:58:28","date_gmt":"2020-07-10T03:58:28","guid":{"rendered":"https:\/\/www.radiopiu.net\/wordpress\/?p=148494"},"modified":"2020-07-10T11:19:49","modified_gmt":"2020-07-10T09:19:49","slug":"giornale-radiopiu-10-luglio-2020-direttore-mirko-mezzacasa","status":"publish","type":"post","link":"https:\/\/www.radiopiu.net\/wordpress\/giornale-radiopiu-10-luglio-2020-direttore-mirko-mezzacasa\/","title":{"rendered":"GIORNALE RADIOPIU 10 LUGLIO 2020 DIRETTORE MIRKO MEZZACASA"},"content":{"rendered":"<h3><strong>PER RICEVERE QUESTO NOTIZIARIO DIRETTAMENTE SUL TUO CELLULARE ISCRIVITI AL CANALE TELEGRAM\u00a0<\/strong><strong>\u201cRADIO PIU\u00a0 INFORMAZIONE<\/strong><\/h3>\n<blockquote>\n<h3><span style=\"color: #ff0000;\">OGGI ALLE 18 RIAPRE LA PROVINCIALE DELLA VAL FIORENTINA, PROVINCIALE 20 CAPRILE DI ALLEGHE-SELVA DI CADORE-ZOLDANO.<\/span><\/h3>\n<\/blockquote>\n<p><span style=\"color: #0000ff;\">ATTENZIONE: LA NUOVA APP PER IOS-IPHONE<\/span><\/p>\n<div>\n<div><a href=\"https:\/\/apps.apple.com\/it\/app\/radio-pi%C3%B9-emittente-agordina\/id1515939845\">https:\/\/apps.apple.com\/it\/app\/radio-pi%C3%B9-emittente-agordina\/id1515939845<\/a><\/div>\n<div><\/div>\n<\/div>\n<div>\n<div dir=\"auto\"><span style=\"color: #0000ff;\">ATTENZIONE: LA NUOVA APP RADIO\u00a0 PER ANDROID<\/span><\/div>\n<\/div>\n<p><a href=\"https:\/\/play.google.com\/store\/apps\/details?id=net.radiopiu.iniko\" target=\"_blank\" rel=\"noopener noreferrer\">https:\/\/play.google.com\/store\/apps\/details?id=net.radiopiu.iniko<\/a><\/p>\n<p>&nbsp;<\/p>\n<p><strong>IL BUONGIORNO DA AGORDO DI MANUEL CONEDERA<\/strong><\/p>\n<p><a class=\"dt-pswp-item\" href=\"https:\/\/www.radiopiu.net\/wordpress\/wp-content\/uploads\/2020\/07\/4f790c2e-5180-44db-882b-4c28737d547e.jpg\" data-dt-img-description=\"\" data-large_image_width=\"1280\" data-large_image_height=\"855\"><img loading=\"lazy\" decoding=\"async\" class=\"alignnone size-medium wp-image-148664\" src=\"https:\/\/www.radiopiu.net\/wordpress\/wp-content\/uploads\/2020\/07\/4f790c2e-5180-44db-882b-4c28737d547e-300x200.jpg\" alt=\"\" width=\"300\" height=\"200\" srcset=\"https:\/\/www.radiopiu.net\/wordpress\/wp-content\/uploads\/2020\/07\/4f790c2e-5180-44db-882b-4c28737d547e-300x200.jpg 300w, https:\/\/www.radiopiu.net\/wordpress\/wp-content\/uploads\/2020\/07\/4f790c2e-5180-44db-882b-4c28737d547e-1024x684.jpg 1024w, https:\/\/www.radiopiu.net\/wordpress\/wp-content\/uploads\/2020\/07\/4f790c2e-5180-44db-882b-4c28737d547e-768x513.jpg 768w, https:\/\/www.radiopiu.net\/wordpress\/wp-content\/uploads\/2020\/07\/4f790c2e-5180-44db-882b-4c28737d547e.jpg 1280w\" sizes=\"auto, (max-width: 300px) 100vw, 300px\" \/><\/a><\/p>\n<p>&nbsp;<\/p>\n<hr \/>\n<p>&nbsp;<\/p>\n<p><strong><a class=\"dt-pswp-item\" href=\"https:\/\/www.radiopiu.net\/wordpress\/wp-content\/uploads\/2018\/08\/ACQUA.jpeg\" data-dt-img-description=\"\" data-large_image_width=\"1280\" data-large_image_height=\"768\"><img loading=\"lazy\" decoding=\"async\" class=\"wp-image-57052 alignleft\" src=\"https:\/\/www.radiopiu.net\/wordpress\/wp-content\/uploads\/2018\/08\/ACQUA-300x180.jpeg\" alt=\"\" width=\"138\" height=\"83\" srcset=\"https:\/\/www.radiopiu.net\/wordpress\/wp-content\/uploads\/2018\/08\/ACQUA-300x180.jpeg 300w, https:\/\/www.radiopiu.net\/wordpress\/wp-content\/uploads\/2018\/08\/ACQUA-768x461.jpeg 768w, https:\/\/www.radiopiu.net\/wordpress\/wp-content\/uploads\/2018\/08\/ACQUA-1024x614.jpeg 1024w, https:\/\/www.radiopiu.net\/wordpress\/wp-content\/uploads\/2018\/08\/ACQUA.jpeg 1280w\" sizes=\"auto, (max-width: 138px) 100vw, 138px\" \/><\/a>ad AGORDO<\/strong>\u00a0nelle LOCALITA\u2019 BRUGNACH E GIOVE l\u2019acqua erogata dall\u2019acquedotto non \u00e8 potabile e pu\u00f2 essere usata per scopi alimentari SOLO PREVIA bollitura<\/p>\n<p><strong>\u00a0a LA VALLE<\/strong>\u00a0AGORDINA nelle LOCALITA\u2019 RONCHE, RONCHET, NOACH, LE CAMPE e CANCELLADE l\u2019acqua erogata dall\u2019acquedotto non \u00e8 potabile e pu\u00f2 essere usata per scopi alimentari SOLO PREVIA bollitura<\/p>\n<p><strong> a Santo Stefano di Cadore<\/strong> nelle localit\u00e0 Costa d&#8217;Antola e Costa Zucco, e a San Pietro di Cadore nelle frazioni di Valle, Stavello, Presenaio, Mare, Costalta l&#8217;acqua erogata dall&#8217;acquedotto non \u00e8 potabile e pu\u00f2 essere usata per scopi alimentari solo previa bollitura.<\/p>\n<blockquote><p><span style=\"color: #ff0000;\"><strong>OGGI ALLA RADIO: RINASCE PIAN LONGHI, DOMANI L&#8217;INAUGURAZIONE. ALLE 15.10 E ALLE 20.30 NE PARLIAMO CON ENRICO DE BONA. ALLE 10.30 19.00 LA FONDAZIONE VERONESE, OSPITE L&#8217;AGORDINA KAREN SCHENA.<\/strong><\/span><\/p><\/blockquote>\n<p>&nbsp;<\/p>\n<hr \/>\n<p>&nbsp;<\/p>\n<h2><a class=\"dt-pswp-item\" href=\"https:\/\/www.radiopiu.net\/wordpress\/wp-content\/uploads\/2020\/07\/82078829_597015917750647_7591454154237673472_o.jpg\" data-dt-img-description=\"\" data-large_image_width=\"960\" data-large_image_height=\"960\"><img loading=\"lazy\" decoding=\"async\" class=\"wp-image-148553 alignleft\" src=\"https:\/\/www.radiopiu.net\/wordpress\/wp-content\/uploads\/2020\/07\/82078829_597015917750647_7591454154237673472_o-300x300.jpg\" alt=\"\" width=\"101\" height=\"101\" srcset=\"https:\/\/www.radiopiu.net\/wordpress\/wp-content\/uploads\/2020\/07\/82078829_597015917750647_7591454154237673472_o-300x300.jpg 300w, https:\/\/www.radiopiu.net\/wordpress\/wp-content\/uploads\/2020\/07\/82078829_597015917750647_7591454154237673472_o-150x150.jpg 150w, https:\/\/www.radiopiu.net\/wordpress\/wp-content\/uploads\/2020\/07\/82078829_597015917750647_7591454154237673472_o-768x768.jpg 768w, https:\/\/www.radiopiu.net\/wordpress\/wp-content\/uploads\/2020\/07\/82078829_597015917750647_7591454154237673472_o.jpg 960w\" sizes=\"auto, (max-width: 101px) 100vw, 101px\" \/><\/a><\/h2>\n<h2><\/h2>\n<h2>IL VIDEO DEL GIORNO<\/h2>\n<p><strong>Da una splendida idea della nostra soprano Marcella e dalle sapienti mani del nostro basso Mirco, nasce un tributo al maestro. Per voi. #coralelimana #enniomorricone #arteemusica<\/strong><\/p>\n<div style=\"width: 640px;\" class=\"wp-video\"><video class=\"wp-video-shortcode\" id=\"video-148494-1\" width=\"640\" height=\"448\" preload=\"metadata\" controls=\"controls\"><source type=\"video\/mp4\" src=\"https:\/\/www.radiopiu.net\/wordpress\/wp-content\/uploads\/2020\/07\/WhatsApp-Video-2020-07-09-at-15.51.09.mp4?_=1\" \/><a href=\"https:\/\/www.radiopiu.net\/wordpress\/wp-content\/uploads\/2020\/07\/WhatsApp-Video-2020-07-09-at-15.51.09.mp4\">https:\/\/www.radiopiu.net\/wordpress\/wp-content\/uploads\/2020\/07\/WhatsApp-Video-2020-07-09-at-15.51.09.mp4<\/a><\/video><\/div>\n<p>&nbsp;<\/p>\n<p>&nbsp;<\/p>\n<hr \/>\n<p>&nbsp;<\/p>\n<blockquote>\n<h3>FURTO CON DESTREZZA NEL NEGOZIO CINESE ALLA CORTE DI AGORDO, BOTTINO: 1000 EURO<\/h3>\n<\/blockquote>\n<p><strong><img loading=\"lazy\" decoding=\"async\" class=\"alignleft\" src=\"https:\/\/www.radiopiu.net\/wordpress\/wp-content\/uploads\/2020\/07\/download-10.jpg\" width=\"292\" height=\"124\" \/>AGORDO<\/strong> Dopo i furti nelle abitazioni nel feltrino i ladri arrivano nell&#8217;Agordino, anzi nel capoluogo di vallata a pochi passi dal centro, le telecamere a circuito chiuso hanno ripreso il furto messo a segno da una donna con i capelli biondi legati a coda di cavallo, probabilmente spalleggiata da un paio di complici, un&#8217;altra donna con i capelli scuri che si finge interessata alla merce esposta ed un uomo che fa altrettanto controllando cosa succede nel negozio. Il video non lascia spazio a dubbi, la donna bionda apre un cassetto con molta circospezione ma evidentemente a conoscenza che dentro c&#8217;\u00e8 la borsa-zainetto da rubare, infatti va a colpo sicuro, non ha dubbi circa quale cassetto aprire, quello pi\u00f9 in basso ed anche pi\u00f9 difficile da raggiungere. Si china, infila le mani e con destrezza estrae la borsa. Poi si sposta di qualche metro e la nasconde sotto un&#8217;ampia gonna prima di guadagnare l&#8217;uscita dal negozio. L&#8217;altra donna osserva e scambia pi\u00f9 volte gesti d&#8217;intesa. Quando i proprietari nel negozio si accorgono del furto \u00e8 ormai troppo tardi, non resta che visionare i filmati della video sorveglianza perch\u00e9 la telecamera \u00e8 collocata proprio sopra il banco cassa dove \u00e8 stata rubata la borsa. I Carabinieri di\u00a0 Cencenighe chiamati dai cinesi hanno potuto visionare l&#8217;intero filmato e stanno indagando soprattutto per dare un nome agli autori del gesto e capire con quali mezzi il gruppo \u00e8 arrivato ad Agordo, probabilmente visionando anche altre telecamere della zona. Il negozio cinese \u00e8 collocato nel condominio La Corte di via Insurrezione, accanto alla Farmacia Comunale e in prossimit\u00e0 della stazione delle corriere della Dolomitibus. Gi\u00e0 ieri via social giravano i messaggi di allarme della derubata che indicava il furto della borsa, dei documenti e del telefono con oltre 1000 contatti. Il video del furto in poche ore \u00e8 diventato virale.\u00a0 Un campanello d&#8217;allarme per l&#8217;intera vallata con l&#8217;invito a segnalare alle Forze dell&#8217;Ordine persone e movimenti sospette.<\/p>\n\n\t\t\t<style type='text\/css'>\n\t\t\t\t#gallery-1 {\n\t\t\t\t\tmargin: auto;\n\t\t\t\t}\n\t\t\t\t#gallery-1 .gallery-item {\n\t\t\t\t\tfloat: left;\n\t\t\t\t\tmargin-top: 10px;\n\t\t\t\t\ttext-align: center;\n\t\t\t\t\twidth: 16%;\n\t\t\t\t}\n\t\t\t\t#gallery-1 img {\n\t\t\t\t\tborder: 2px solid #cfcfcf;\n\t\t\t\t}\n\t\t\t\t#gallery-1 .gallery-caption {\n\t\t\t\t\tmargin-left: 0;\n\t\t\t\t}\n\t\t\t\t\/* see gallery_shortcode() in wp-includes\/media.php *\/\n\t\t\t<\/style>\n\t\t<div id='gallery-1' class='dt-gallery-container gallery galleryid-148494 gallery-columns-6 gallery-size-thumbnail'><dl class='gallery-item'>\n\t\t\t\t<dt class='gallery-icon portrait'>\n\t\t\t\t\t<a class=\"rollover rollover-zoom dt-pswp-item\" title=\"3\" data-dt-img-description=\"\" data-large_image_width=\"744\" data-large_image_height=\"800\"href='https:\/\/www.radiopiu.net\/wordpress\/wp-content\/uploads\/2020\/07\/3.jpg'><img loading=\"lazy\" decoding=\"async\" width=\"150\" height=\"150\" src=\"https:\/\/www.radiopiu.net\/wordpress\/wp-content\/uploads\/2020\/07\/3-150x150.jpg\" class=\"attachment-thumbnail size-thumbnail\" alt=\"\" \/><\/a>\n\t\t\t\t<\/dt><\/dl><dl class='gallery-item'>\n\t\t\t\t<dt class='gallery-icon portrait'>\n\t\t\t\t\t<a class=\"rollover rollover-zoom dt-pswp-item\" title=\"6\" data-dt-img-description=\"\" data-large_image_width=\"744\" data-large_image_height=\"800\"href='https:\/\/www.radiopiu.net\/wordpress\/wp-content\/uploads\/2020\/07\/6.jpg'><img loading=\"lazy\" decoding=\"async\" width=\"150\" height=\"150\" src=\"https:\/\/www.radiopiu.net\/wordpress\/wp-content\/uploads\/2020\/07\/6-150x150.jpg\" class=\"attachment-thumbnail size-thumbnail\" alt=\"\" \/><\/a>\n\t\t\t\t<\/dt><\/dl><dl class='gallery-item'>\n\t\t\t\t<dt class='gallery-icon portrait'>\n\t\t\t\t\t<a class=\"rollover rollover-zoom dt-pswp-item\" title=\"8\" data-dt-img-description=\"\" data-large_image_width=\"744\" data-large_image_height=\"800\"href='https:\/\/www.radiopiu.net\/wordpress\/wp-content\/uploads\/2020\/07\/8.jpg'><img loading=\"lazy\" decoding=\"async\" width=\"150\" height=\"150\" src=\"https:\/\/www.radiopiu.net\/wordpress\/wp-content\/uploads\/2020\/07\/8-150x150.jpg\" class=\"attachment-thumbnail size-thumbnail\" alt=\"\" \/><\/a>\n\t\t\t\t<\/dt><\/dl><dl class='gallery-item'>\n\t\t\t\t<dt class='gallery-icon portrait'>\n\t\t\t\t\t<a class=\"rollover rollover-zoom dt-pswp-item\" title=\"11\" data-dt-img-description=\"\" data-large_image_width=\"744\" data-large_image_height=\"800\"href='https:\/\/www.radiopiu.net\/wordpress\/wp-content\/uploads\/2020\/07\/11.jpg'><img loading=\"lazy\" decoding=\"async\" width=\"150\" height=\"150\" src=\"https:\/\/www.radiopiu.net\/wordpress\/wp-content\/uploads\/2020\/07\/11-150x150.jpg\" class=\"attachment-thumbnail size-thumbnail\" alt=\"\" \/><\/a>\n\t\t\t\t<\/dt><\/dl><dl class='gallery-item'>\n\t\t\t\t<dt class='gallery-icon portrait'>\n\t\t\t\t\t<a class=\"rollover rollover-zoom dt-pswp-item\" title=\"12\" data-dt-img-description=\"\" data-large_image_width=\"744\" data-large_image_height=\"800\"href='https:\/\/www.radiopiu.net\/wordpress\/wp-content\/uploads\/2020\/07\/12.jpg'><img loading=\"lazy\" decoding=\"async\" width=\"150\" height=\"150\" src=\"https:\/\/www.radiopiu.net\/wordpress\/wp-content\/uploads\/2020\/07\/12-150x150.jpg\" class=\"attachment-thumbnail size-thumbnail\" alt=\"\" \/><\/a>\n\t\t\t\t<\/dt><\/dl><dl class='gallery-item'>\n\t\t\t\t<dt class='gallery-icon portrait'>\n\t\t\t\t\t<a class=\"rollover rollover-zoom dt-pswp-item\" title=\"13\" data-dt-img-description=\"\" data-large_image_width=\"744\" data-large_image_height=\"800\"href='https:\/\/www.radiopiu.net\/wordpress\/wp-content\/uploads\/2020\/07\/13.jpg'><img loading=\"lazy\" decoding=\"async\" width=\"150\" height=\"150\" src=\"https:\/\/www.radiopiu.net\/wordpress\/wp-content\/uploads\/2020\/07\/13-150x150.jpg\" class=\"attachment-thumbnail size-thumbnail\" alt=\"\" \/><\/a>\n\t\t\t\t<\/dt><\/dl><br style=\"clear: both\" \/>\n\t\t\t<\/div>\n\n<p>&nbsp;<\/p>\n<p>&nbsp;<\/p>\n<hr \/>\n<p>&nbsp;<\/p>\n<p>&nbsp;<\/p>\n<blockquote>\n<h3>Cordoglio del sindaco di Feltre per la morte del dottor Nicolino Pertile.<\/h3>\n<\/blockquote>\n<p><strong>FELTRE<\/strong> A seguito della morte del dottor Nicolino Pertile il messaggio del sindaco Paolo Perenzin <em>\u201cCon Nicolino Pertile se ne va non solo un altro pezzo importante della sanit\u00e0 feltrina e della storia recente del nostro ospedale, ma anche un appassionato e vivace interprete della vita sociale e amministrativa della citt\u00e0.\u00a0 Sia nel ruolo di consigliere comunale che in quello di presidente dell\u2019Azienda Feltrina per i Servizi alla Persona, Pertile ha unito le proprie conclamate competenze professionali ad un sincero spirito di servizio a favore della citt\u00e0 e della comunit\u00e0 locale. A nome dell\u2019Amministrazione e del Consiglio Comunale tutto, mi unisco al dolore e al cordoglio dei familiari nel ricordo riconoscente di un uomo che ha lasciato nella storia recente di Feltre una traccia certamente significativa e profonda\u201d.<\/em><\/p>\n<p>&nbsp;<\/p>\n<p><strong>Famiglia Feltrina in lutto per la scomparsa di Nicolino Pertile.<\/strong><\/p>\n<p>\u201cCon Nicolino Pertile se ne va non solo un nostro concittadino illustre, ma una delle persone di riferimento per la vita professionale, culturale e sociale di Feltre degli ultimi decenni\u201d. Cos\u00ec il presidente di Famiglia Feltrina, Enrico Gaz, commenta la notizia della scomparsa dell\u2019ex primario del reparto di pediatria dell\u2019ospedale \u201cS. Maria del Prato\u201d, a cui venne tra l\u2019altro conferito il Premio SS Vittore e Corona, il riconoscimento di maggior rilievo di Famiglia Feltrina, nel 2007. \u201cPertile, continua Gaz, \u00e8 stato per molti anni un membro attivo, affezionato ed appassionato della nostra Associazione. A lungo componente anche del Consiglio Direttivo, si \u00e8 sempre distinto per l\u2019intelligenza vivace ed acuta, che lo portava ad alimentare con passione il dibattito interno ed esterno. Per Famiglia Feltrina, conclude il presidente Gaz, un altro lutto ed una perdita importante, in un anno difficile che aveva gi\u00e0 tolto alla nostra Associazione figure di grande rilievo<\/p>\n<p>&nbsp;<\/p>\n<p>&nbsp;<\/p>\n<hr \/>\n<h3>IN VALLE DI GARES CON MEZZI MOTORIZZATI SOLO CON IL PERMESSO<\/h3>\n<p><strong>CANALE D&#8217;AGORDO<\/strong> Contro i parcheggi selvaggi in\u00a0 frazione Gares arriva l&#8217;ordinanza anti traffico. I residenti della frazione hanno firmato un petizione chiedendo al Comune di intervenire. Di qui l&#8217;ordinanza che vieta il transito per la frazione a tutti i mezzi a motore ad esclusione di quelli dei residenti, frontisti, addetti al carico e scarico merci, autorizzati per le strade silvo pastorali e ovviamente mezzi di soccorso e Forze dell&#8217;ordine. Per entrare in frazione Gares e quindi poter anche parcheggiare \u00e8\u00a0 richiesta l&#8217;autorizzazione, Il rilascio sar\u00e0 gratuito previa presentazione di apposita domanda agli uffici comunali.<\/p>\n<p>&nbsp;<\/p>\n<hr \/>\n<p>&nbsp;<\/p>\n<blockquote>\n<h3>IMPAURITE DALLE MUCCHE, SALVATE DAI VIGILI DEL FUOCO<\/h3>\n<\/blockquote>\n<p><strong>FALCADE\u00a0<\/strong> Impaurite per la presenza della\u00a0 mandria di mucche tre ragazze veneziane in Valfredda \u00a0hanno abbandonato il sentiero ritrovandosi in un attimo tra gli schianti di Vaia in prossimit\u00e0 del dirupo. A toglierle pi\u00f9 che dai guai dalla paura i vigili del fuoco di Agordo che, a piedi, hanno raggiunto le turiste nella zona molto impervia e le hanno riportate a valle sane e salve, evitando loro ulteriori complicazioni lungo il percorso,\u00a0 probabilmente i pompieri hanno anche spiegato che le mucche non attaccano l&#8217;uomo, nemmeno la donna anche se spesso tendono ad avvicinarsi<\/p>\n<p>&nbsp;<\/p>\n<hr \/>\n<blockquote>\n<h3><\/h3>\n<h3>FRANCO GABRIELLI A BELLUNO PER LA TERZA VOLTA<\/h3>\n<\/blockquote>\n<p><strong>BELLUNO<\/strong> Nella mattinata\u00a0 di ieri il Capo della Polizia- Direttore Generale della Pubblica Sicurezza Prefetto Franco Gabrielli ha voluto ritagliarsi un momento tra i numerosi impegni nella capitale, incontrando in forma privata gli uomini e le donne della Polizia di Stato della provincia per testimoniare la sua vicinanza ad un ufficio particolarmente colpito durante l\u2019emergenza COVID- 19 e per ringraziare il Questore e i suoi uomini per l\u2019ottimo lavoro che stanno svolgendo sul territorio e per i gravosi e futuri impegni legati all\u2019organizzazione dei Mondiali di Sci del 2021. Dopo l\u2019incontro con il personale e un saluto al Prefetto, il Capo della Polizia ha potuto apprezzare le bellezze della citt\u00e0 con una passeggiata a piedi nel centro storico, complice anche la bella giornata e con una breve visita guidata al museo Fulcis dove ad attenderlo c\u2019erano due guide di eccezionale bravura e competenza: l\u2019assessore Marco Perale e il curatore del Museo Denis Ton che hanno illustrato al Prefetto le opere esposte nel palazzo. Questa \u00e8 la terza volta che il Capo della Polizia visita la provincia\u00a0 e dimostra il legame che lega il vertice della Polizia di Stato al territorio bellunese.<\/p>\n\n\t\t\t<style type='text\/css'>\n\t\t\t\t#gallery-2 {\n\t\t\t\t\tmargin: auto;\n\t\t\t\t}\n\t\t\t\t#gallery-2 .gallery-item {\n\t\t\t\t\tfloat: left;\n\t\t\t\t\tmargin-top: 10px;\n\t\t\t\t\ttext-align: center;\n\t\t\t\t\twidth: 25%;\n\t\t\t\t}\n\t\t\t\t#gallery-2 img {\n\t\t\t\t\tborder: 2px solid #cfcfcf;\n\t\t\t\t}\n\t\t\t\t#gallery-2 .gallery-caption {\n\t\t\t\t\tmargin-left: 0;\n\t\t\t\t}\n\t\t\t\t\/* see gallery_shortcode() in wp-includes\/media.php *\/\n\t\t\t<\/style>\n\t\t<div id='gallery-2' class='dt-gallery-container gallery galleryid-148494 gallery-columns-4 gallery-size-thumbnail'><dl class='gallery-item'>\n\t\t\t\t<dt class='gallery-icon landscape'>\n\t\t\t\t\t<a class=\"rollover rollover-zoom dt-pswp-item\" title=\"DSC_5736-1\" data-dt-img-description=\"\" data-large_image_width=\"2560\" data-large_image_height=\"1707\"href='https:\/\/www.radiopiu.net\/wordpress\/wp-content\/uploads\/2020\/07\/DSC_5736-1-scaled.jpg'><img loading=\"lazy\" decoding=\"async\" width=\"150\" height=\"150\" src=\"https:\/\/www.radiopiu.net\/wordpress\/wp-content\/uploads\/2020\/07\/DSC_5736-1-150x150.jpg\" class=\"attachment-thumbnail size-thumbnail\" alt=\"\" \/><\/a>\n\t\t\t\t<\/dt><\/dl><dl class='gallery-item'>\n\t\t\t\t<dt class='gallery-icon landscape'>\n\t\t\t\t\t<a class=\"rollover rollover-zoom dt-pswp-item\" title=\"DSC_5735-1\" data-dt-img-description=\"\" data-large_image_width=\"2560\" data-large_image_height=\"1437\"href='https:\/\/www.radiopiu.net\/wordpress\/wp-content\/uploads\/2020\/07\/DSC_5735-1-scaled.jpg'><img loading=\"lazy\" decoding=\"async\" width=\"150\" height=\"150\" src=\"https:\/\/www.radiopiu.net\/wordpress\/wp-content\/uploads\/2020\/07\/DSC_5735-1-150x150.jpg\" class=\"attachment-thumbnail size-thumbnail\" alt=\"\" \/><\/a>\n\t\t\t\t<\/dt><\/dl><dl class='gallery-item'>\n\t\t\t\t<dt class='gallery-icon landscape'>\n\t\t\t\t\t<a class=\"rollover rollover-zoom dt-pswp-item\" title=\"DSC_0057-1\" data-dt-img-description=\"\" data-large_image_width=\"2560\" data-large_image_height=\"1707\"href='https:\/\/www.radiopiu.net\/wordpress\/wp-content\/uploads\/2020\/07\/DSC_0057-1-scaled.jpg'><img loading=\"lazy\" decoding=\"async\" width=\"150\" height=\"150\" src=\"https:\/\/www.radiopiu.net\/wordpress\/wp-content\/uploads\/2020\/07\/DSC_0057-1-150x150.jpg\" class=\"attachment-thumbnail size-thumbnail\" alt=\"\" \/><\/a>\n\t\t\t\t<\/dt><\/dl><dl class='gallery-item'>\n\t\t\t\t<dt class='gallery-icon portrait'>\n\t\t\t\t\t<a class=\"rollover rollover-zoom dt-pswp-item\" title=\"DSC_0054\" data-dt-img-description=\"\" data-large_image_width=\"1707\" data-large_image_height=\"2560\"href='https:\/\/www.radiopiu.net\/wordpress\/wp-content\/uploads\/2020\/07\/DSC_0054-1-scaled.jpg'><img loading=\"lazy\" decoding=\"async\" width=\"150\" height=\"150\" src=\"https:\/\/www.radiopiu.net\/wordpress\/wp-content\/uploads\/2020\/07\/DSC_0054-1-150x150.jpg\" class=\"attachment-thumbnail size-thumbnail\" alt=\"\" \/><\/a>\n\t\t\t\t<\/dt><\/dl><br style=\"clear: both\" \/><dl class='gallery-item'>\n\t\t\t\t<dt class='gallery-icon landscape'>\n\t\t\t\t\t<a class=\"rollover rollover-zoom dt-pswp-item\" title=\"DSC_0057\" data-dt-img-description=\"\" data-large_image_width=\"2560\" data-large_image_height=\"1707\"href='https:\/\/www.radiopiu.net\/wordpress\/wp-content\/uploads\/2020\/07\/DSC_0057-scaled.jpg'><img loading=\"lazy\" decoding=\"async\" width=\"150\" height=\"150\" src=\"https:\/\/www.radiopiu.net\/wordpress\/wp-content\/uploads\/2020\/07\/DSC_0057-150x150.jpg\" class=\"attachment-thumbnail size-thumbnail\" alt=\"\" \/><\/a>\n\t\t\t\t<\/dt><\/dl>\n\t\t\t\t<br style='clear: both' \/>\n\t\t\t<\/div>\n\n<blockquote>\n<h3><\/h3>\n<\/blockquote>\n<hr \/>\n<blockquote>\n<h3><\/h3>\n<h3>1 MILIONE 300 MILA EURO PER IL PARCHEGGIO CHE POTREBBE SORGERE A LIVINALLONGO, OPERA VITALE<\/h3>\n<\/blockquote>\n<p><strong>LIVINALLONGO<\/strong> Dopo due anni di stop per il ritrovamento di un ordigno bellico gi\u00e0 un anno fa si confidava in una ripresa dei lavori purtroppo ancora ai blocchi di partenza. Per costruire il parcheggio saranno necessari lavori importanti come ricorda il sindaco Leandro Grones.<\/p>\n<p><a class=\"dt-pswp-item\" href=\"https:\/\/www.radiopiu.net\/wordpress\/wp-content\/uploads\/2020\/07\/e0179c58-1900-4826-a894-78ef7f4f9648.jpg\" data-dt-img-description=\"\" data-large_image_width=\"1024\" data-large_image_height=\"730\"><img loading=\"lazy\" decoding=\"async\" class=\"alignnone size-medium wp-image-148471\" src=\"https:\/\/www.radiopiu.net\/wordpress\/wp-content\/uploads\/2020\/07\/e0179c58-1900-4826-a894-78ef7f4f9648-300x214.jpg\" alt=\"\" width=\"300\" height=\"214\" srcset=\"https:\/\/www.radiopiu.net\/wordpress\/wp-content\/uploads\/2020\/07\/e0179c58-1900-4826-a894-78ef7f4f9648-300x214.jpg 300w, https:\/\/www.radiopiu.net\/wordpress\/wp-content\/uploads\/2020\/07\/e0179c58-1900-4826-a894-78ef7f4f9648-768x548.jpg 768w, https:\/\/www.radiopiu.net\/wordpress\/wp-content\/uploads\/2020\/07\/e0179c58-1900-4826-a894-78ef7f4f9648.jpg 1024w\" sizes=\"auto, (max-width: 300px) 100vw, 300px\" \/><\/a><a class=\"dt-pswp-item\" href=\"https:\/\/www.radiopiu.net\/wordpress\/wp-content\/uploads\/2020\/07\/cee393c6-47d6-4f7f-8966-7a9ce376dd09.jpg\" data-dt-img-description=\"\" data-large_image_width=\"1024\" data-large_image_height=\"608\"><img loading=\"lazy\" decoding=\"async\" class=\"alignnone wp-image-148472\" src=\"https:\/\/www.radiopiu.net\/wordpress\/wp-content\/uploads\/2020\/07\/cee393c6-47d6-4f7f-8966-7a9ce376dd09-300x178.jpg\" alt=\"\" width=\"359\" height=\"213\" srcset=\"https:\/\/www.radiopiu.net\/wordpress\/wp-content\/uploads\/2020\/07\/cee393c6-47d6-4f7f-8966-7a9ce376dd09-300x178.jpg 300w, https:\/\/www.radiopiu.net\/wordpress\/wp-content\/uploads\/2020\/07\/cee393c6-47d6-4f7f-8966-7a9ce376dd09-768x456.jpg 768w, https:\/\/www.radiopiu.net\/wordpress\/wp-content\/uploads\/2020\/07\/cee393c6-47d6-4f7f-8966-7a9ce376dd09.jpg 1024w\" sizes=\"auto, (max-width: 359px) 100vw, 359px\" \/><\/a><\/p>\n<p><strong>IL SINDACO DI LIVINALLONGO LEANDRO GRONES<\/strong><\/p>\n<audio class=\"wp-audio-shortcode\" id=\"audio-148494-1\" preload=\"none\" style=\"width: 100%;\" controls=\"controls\"><source type=\"audio\/mpeg\" src=\"https:\/\/www.radiopiu.net\/wordpress\/wp-content\/uploads\/2020\/07\/GRONES-PARCHEGGIO.mp3?_=1\" \/><a href=\"https:\/\/www.radiopiu.net\/wordpress\/wp-content\/uploads\/2020\/07\/GRONES-PARCHEGGIO.mp3\">https:\/\/www.radiopiu.net\/wordpress\/wp-content\/uploads\/2020\/07\/GRONES-PARCHEGGIO.mp3<\/a><\/audio>\n<p>&nbsp;<\/p>\n<p>&nbsp;<\/p>\n<hr \/>\n<p>&nbsp;<\/p>\n<blockquote>\n<h3>SPETTACOLARI LAVORI IN VAL OMBRETTA<\/h3>\n<\/blockquote>\n<p><strong>ROCCA PIETORE<\/strong> Spettacolari immagini dal cantiere della Regione del Veneto sul Rio Val Ombretta, in corso la manutenzione del corso d&#8217;acqua con \u00a0difese spondali in massi ciclopici posati a secco e recuperati in zona e con ulteriori difese in legname e pietrame, insieme a sghiaiamenti nei tratti di alveo pi\u00f9 alluvionati. <em>&#8220;Opere indispensabili per mettere in sicurezza i fabbricati di malga Ombretta&#8221;<\/em> dice l&#8217;assessore regionale Gianpaolo Bottacin. <em>&#8220;Vista l&#8217;impossibilit\u00e0 di portare i mezzi di lavoro via terra, ci siamo dotati di uno speciale elicottero\u00a0<span class=\"_5afx\"><span class=\"_58cl _5afz\" aria-label=\"hashtag\"> che ha portato <\/span><\/span>\u00a0in quota gli escavatori necessari per\u00a0 i lavori del valore di 250 mila euro&#8221;. <\/em>Salvo imprevisti e condizioni climatiche permettendo i lavori termineranno nei primi giorni di agosto.<\/p>\n<p><a class=\"dt-pswp-item\" href=\"https:\/\/www.radiopiu.net\/wordpress\/wp-content\/uploads\/2020\/07\/107506111_10157465594892544_1949682687107750605_n.jpg\" data-dt-img-description=\"\" data-large_image_width=\"720\" data-large_image_height=\"960\"><img loading=\"lazy\" decoding=\"async\" class=\"alignnone size-medium wp-image-148536\" src=\"https:\/\/www.radiopiu.net\/wordpress\/wp-content\/uploads\/2020\/07\/107506111_10157465594892544_1949682687107750605_n-225x300.jpg\" alt=\"\" width=\"225\" height=\"300\" srcset=\"https:\/\/www.radiopiu.net\/wordpress\/wp-content\/uploads\/2020\/07\/107506111_10157465594892544_1949682687107750605_n-225x300.jpg 225w, https:\/\/www.radiopiu.net\/wordpress\/wp-content\/uploads\/2020\/07\/107506111_10157465594892544_1949682687107750605_n.jpg 720w\" sizes=\"auto, (max-width: 225px) 100vw, 225px\" \/><\/a><a class=\"dt-pswp-item\" href=\"https:\/\/www.radiopiu.net\/wordpress\/wp-content\/uploads\/2020\/07\/107451271_10157465594852544_7605412464107212709_n.jpg\" data-dt-img-description=\"\" data-large_image_width=\"720\" data-large_image_height=\"960\"><img loading=\"lazy\" decoding=\"async\" class=\"alignnone size-medium wp-image-148537\" src=\"https:\/\/www.radiopiu.net\/wordpress\/wp-content\/uploads\/2020\/07\/107451271_10157465594852544_7605412464107212709_n-225x300.jpg\" alt=\"\" width=\"225\" height=\"300\" srcset=\"https:\/\/www.radiopiu.net\/wordpress\/wp-content\/uploads\/2020\/07\/107451271_10157465594852544_7605412464107212709_n-225x300.jpg 225w, https:\/\/www.radiopiu.net\/wordpress\/wp-content\/uploads\/2020\/07\/107451271_10157465594852544_7605412464107212709_n.jpg 720w\" sizes=\"auto, (max-width: 225px) 100vw, 225px\" \/><\/a><\/p>\n<p>&nbsp;<\/p>\n<p>&nbsp;<\/p>\n<hr \/>\n<p>&nbsp;<\/p>\n<p>&nbsp;<\/p>\n<blockquote>\n<h3 class=\"entry-title\">DALLA MINORANZA DI CANALE D\u2019AGORDO \u201cCHE GLI INTERESSI DI UNA SOCIETA\u2019 PRIVATA NON PREVALGANO SU QUELLI DELLA COMUNITA&#8217;\u201d<\/h3>\n<\/blockquote>\n<p><strong>DAL CORRIERE DELLE ALPI GIANNI SANTOMASO<\/strong><\/p>\n<audio class=\"wp-audio-shortcode\" id=\"audio-148494-2\" preload=\"none\" style=\"width: 100%;\" controls=\"controls\"><source type=\"audio\/mpeg\" src=\"https:\/\/www.radiopiu.net\/wordpress\/wp-content\/uploads\/2020\/07\/GIANNI-CANALE.mp3?_=2\" \/><a href=\"https:\/\/www.radiopiu.net\/wordpress\/wp-content\/uploads\/2020\/07\/GIANNI-CANALE.mp3\">https:\/\/www.radiopiu.net\/wordpress\/wp-content\/uploads\/2020\/07\/GIANNI-CANALE.mp3<\/a><\/audio>\n<p>&nbsp;<\/p>\n<p><strong class=\"photoswipe-wrapper\"><a class=\"dt-pswp-item pspw-wrap-ready\" href=\"https:\/\/i1.wp.com\/www.radiopiu.net\/wordpress\/wp-content\/uploads\/2020\/06\/CANALE-DAGORDO-8.jpg?ssl=1\" data-dt-img-description=\"\" data-large_image_width=\"960\" data-large_image_height=\"720\"><img loading=\"lazy\" decoding=\"async\" class=\"size-medium wp-image-142137 alignleft jetpack-lazy-image jetpack-lazy-image--handled\" src=\"https:\/\/i1.wp.com\/www.radiopiu.net\/wordpress\/wp-content\/uploads\/2020\/06\/CANALE-DAGORDO-8.jpg?resize=300%2C225&amp;ssl=1\" sizes=\"auto, (max-width: 300px) 100vw, 300px\" srcset=\"https:\/\/i1.wp.com\/www.radiopiu.net\/wordpress\/wp-content\/uploads\/2020\/06\/CANALE-DAGORDO-8.jpg?resize=300%2C225&amp;ssl=1 300w, https:\/\/i1.wp.com\/www.radiopiu.net\/wordpress\/wp-content\/uploads\/2020\/06\/CANALE-DAGORDO-8.jpg?resize=768%2C576&amp;ssl=1 768w, https:\/\/i1.wp.com\/www.radiopiu.net\/wordpress\/wp-content\/uploads\/2020\/06\/CANALE-DAGORDO-8.jpg?w=960&amp;ssl=1 960w\" alt=\"\" width=\"300\" height=\"225\" data-recalc-dims=\"1\" data-lazy-loaded=\"1\" \/><\/a>CANALE D\u2019AGORDO<\/strong>\u00a0Con una lettera aperta, la minoranza di Canale D\u2019Agordo ritorna sugli interventi di riqualificazione e miglioramento del Camping Lastei. Argomento ampiamente discusso in consiglio comunale a Canale d\u2019Agordo e trasmesso in diretta Facebook da RADIO PIU<\/p>\n<blockquote><p>&nbsp;<\/p>\n<p class=\"p1\"><span class=\"s1\">Con questa lettera aperta, vorremmo far conoscere alla gente la nostra presa di posizione sulla questione\u201cInterventi di riqualificazione e miglioramento del campeggio Lastei\u201d, all\u2019 ordine del giorno del Consiglio comunale di luned\u00ec 6 luglio.\u00a0\u00a0<\/span><span class=\"s1\">Come noto, la societ\u00e0 Lastei S.r.l. ha chiesto al Comune ed ottenuto una proroga, fino al 2050, del contratto di superficie dei terreni in localit\u00e0 Pian de Sabion, per poter cos\u00ec migliorare e riqualificare il campeggio con una serie di interventi.\u00a0\u00a0<\/span><span class=\"s1\">Noi non abbiamo mai messo in discussione la necessit\u00e0 e l\u2019 opportunit\u00e0 di questi lavori, n\u00e9 sostenuto che il campeggio Lastei debba cessare di esistere.\u00a0Le nostre perplessit\u00e0 sono nate leggendo la proposta di delibera che \u00e8 stata portata in Consiglio per l\u2019 approvazione. Per noi, diversi passaggi di quel testo erano discutibili e poco chiari.\u00a0\u00a0<\/span><span class=\"s1\">Di seguito alcune riflessioni.\u00a0<\/span><span class=\"s1\">Nella proposta di delibera da discutere e votare, quella che all\u2019 origine (1988) era una \u201cconcessione\u201d, \u00e8 diventata un \u201ccontratto di diritto di superficie\u201d.Noi ci siamo chiesti semplicemente se, dal punto di vista giuridico, questa \u201ctrasformazione\u201d fosse legittima ed ora sappiamo che lo \u00e8.\u00a0\u00a0<\/span><span class=\"s1\">Ci siamo chiesti anche se fosse possibile, prima della scadenza del termine (2024), prorogare una concessione, ed \u00e8 effettivamente cos\u00ec. Dunque la durata stabilita all\u2019 origine,gi\u00e0 modificata una volta, \u00e8 del tutto irrilevante. Un contratto (o una concessione) a termine pu\u00f2 di fatto diventare, di proroga in proroga, a tempo indeterminato, con tutte le conseguenze del caso.\u00a0<\/span><span class=\"s1\">Alla societ\u00e0 Lastei \u00e8 riconosciuto (fin dal 1988) un diritto di prelazione ai fini del rinnovo della concessione di gestione, sia pure \u201c<i>previo pagamento di un corrispettivo che verr\u00e0 determinato pro bono et aequo dall\u2019 amministrazione comunale di Canale d\u2019 Agordo\u201d.<\/i>\u00a0Forse i costi sostenuti per i previsti lavori avrebbero potuto costituire in buona parte questo\u00a0<i>\u201ccorrispettivo\u201d<\/i>, ma l\u2019 amministrazione ha scelto una strada diversa. 3<\/span><span class=\"s1\">0 anni, il tempo di una generazione, ci sembrano un po\u2019 troppi per una proroga: questo condiziona per molto tempo lepossibili scelte a riguardo di amministratori futuri, enon ci sembra giusto. E\u2019 esclusa cos\u00ec anche ogni possibile gara ad evidenza pubblica che consenta a terzi di gestire il campeggio. Si d\u00e0 per scontato che non ci sia proprio nessuno, meno che mai a livello locale, ma chi pu\u00f2 dirlo con assoluta certezza?\u00a0\u00a0<\/span><span class=\"s1\">Il canone che la societ\u00e0 Lastei s.r.l. corrisponde annualmente al Comune attualmente \u00e8 di\u00a09550, 42 euro. Nel documento da approvare in Consiglio tale importo \u00e8 definito \u201cun\u2019 entrata di discreta entit\u00e0\u201d per il Comune di Canale d\u2019 Agordo. Noi avevamo delle perplessit\u00e0 su questo aggettivo. L\u2019 importo, pur adeguato annualmente all\u2019 aumento del costo della vita, \u00e8 stato pattuito nell\u2019 ormai lontano 1995, con riscossione dal 2000. Era legittimo chiedersi cosa sarebbe stato deciso in merito. Ora sappiamo che sar\u00e0 la Regione Veneto ad esprimersi sulla congruit\u00e0 dello stesso.\u00a0<\/span><span class=\"s1\">Per quanto riguarda le tasse che il campeggio corrisponde al Comune, ne abbiamo verificato l\u2019 entit\u00e0 per l\u2019 anno 2019, per chiarezza.\u00a0<\/span><span class=\"s1\">Fonti: U.M.A. e Ufficio Tributi del Comune\u00a0<\/span><span class=\"s1\">IMU: su \u20ac 11.486,00 corrisposti dalla societ\u00e0 Lastei, al Comune sono andati \u20ac 3251,00, allo Stato invece i restanti \u20ac 8235,00.\u00a0<\/span><span class=\"s1\">Imposta di soggiorno: \u20ac 4000,00 (a carico degli ospiti del campeggio)\u00a0<\/span><span class=\"s1\">TOSAP: \u20ac 486,40 (solo dal 2019 per i container collocati fuori dell\u2019 area camping)\u00a0<\/span><span class=\"s1\">Totale:\u00a0<\/span><span class=\"s1\">\u20ac 14.036,82, sommati al canone, danno un introito al Comune di \u20ac 23.587, 24.\u00a0<\/span><span class=\"s1\">E\u2019 certamente vero che, per la comunit\u00e0, i benefici derivanti dalla presenza del campeggio in Valle di Gares non sono soltanto gli introiti in denaro derivanti dal canone e dalle tasse, ma anche, e soprattutto, lo sviluppo turistico, la vita dei negozi di vicinato e degli esercizi commerciali in genere, ecc. Comunque anche gli introiti in denaro non sono da trascurare. Basti pensare che i proventi (per lo pi\u00f9 canoni ma anche eventuali vendite) derivanti da terre di uso civico, come l\u2019 area su cui insiste il campeggio Lastei, per legge dovrebbero finire in un capitolo speciale ed essere destinati ad opere pubbliche, durevoli, a favore dell\u2019 intera comunit\u00e0.\u00a0<\/span><span class=\"s1\">La societ\u00e0 Lastei S.r.l. ha chiesto anche che venga prevista la possibilit\u00e0 di gestire il campeggio mediante l\u2019 istituzione di sub-concessionari e di cedere a terzi, sotto qualsiasi forma (es. fusione, incorporazione o trasformazione in altre societ\u00e0), i diritti nascenti dalla concessione. Ha chiesto di poter gestire il campeggio \u201c<i>anche mediante\u00a0<\/i><i>concessione parziale o totale a terzi<\/i><i>, e potr\u00e0 cedere i diritti nascenti dal contratto di superficie\u201d<\/i>\u00a0.\u00a0\u00a0<\/span><span class=\"s1\">A parte il fatto che tale possibilit\u00e0 \u00e8 esclusa nel modo pi\u00f9 assoluto dal Comune in un contratto recentemente stipulato con il concessionario di una malga, questo punto ci \u00e8 sembrato particolarmente \u201ccritico\u201d. Conosciamo la societ\u00e0 Lastei, formata da soci locali, ma n\u00e9 noi cittadini, n\u00e9 il Comune sappiamo ora chi saranno questi eventuali \u201cterzi\u201d che potranno gestire il campeggio in futuro.\u00a0<\/span><span class=\"s1\">Si potrebbe aggiungere altro ma questo pu\u00f2 bastare a far capireche la nostra preoccupazione era, e rimane, sostanzialmente una: che gli interessi di una societ\u00e0 privata (qualunque essa sia) possano prevalere su quelli della comunit\u00e0 che siamo chiamati a rappresentare.<\/span><\/p>\n<\/blockquote>\n<p>&nbsp;<\/p>\n<p>&nbsp;<\/p>\n<hr \/>\n<p>&nbsp;<\/p>\n<p>&nbsp;<\/p>\n<blockquote>\n<h3>PROVINCIALE 3, I LAVORI CHE DOVEVANO INIZIARE IL PRIMO LUGLIO NON SONO INIZIATI, MANCANO I FINANZIAMENTI, LUNGO QUELLA STRADA C&#8217;E&#8217; CHI RISCHIA OGNI GIORNO DI AMMAZZARSI. LA DENUNCIA DURANTE IL CONSIGLIO COMUNALE DI RIVAMONTE<\/h3>\n<\/blockquote>\n<p><strong>DAL CORRIERE DELLE ALPI GIANNI SANTOMASO<\/strong><\/p>\n<audio class=\"wp-audio-shortcode\" id=\"audio-148494-3\" preload=\"none\" style=\"width: 100%;\" controls=\"controls\"><source type=\"audio\/mpeg\" src=\"https:\/\/www.radiopiu.net\/wordpress\/wp-content\/uploads\/2020\/07\/GIANNI-COMUNE.mp3?_=3\" \/><a href=\"https:\/\/www.radiopiu.net\/wordpress\/wp-content\/uploads\/2020\/07\/GIANNI-COMUNE.mp3\">https:\/\/www.radiopiu.net\/wordpress\/wp-content\/uploads\/2020\/07\/GIANNI-COMUNE.mp3<\/a><\/audio>\n<p>&nbsp;<\/p>\n\n\t\t\t<style type='text\/css'>\n\t\t\t\t#gallery-3 {\n\t\t\t\t\tmargin: auto;\n\t\t\t\t}\n\t\t\t\t#gallery-3 .gallery-item {\n\t\t\t\t\tfloat: left;\n\t\t\t\t\tmargin-top: 10px;\n\t\t\t\t\ttext-align: center;\n\t\t\t\t\twidth: 20%;\n\t\t\t\t}\n\t\t\t\t#gallery-3 img {\n\t\t\t\t\tborder: 2px solid #cfcfcf;\n\t\t\t\t}\n\t\t\t\t#gallery-3 .gallery-caption {\n\t\t\t\t\tmargin-left: 0;\n\t\t\t\t}\n\t\t\t\t\/* see gallery_shortcode() in wp-includes\/media.php *\/\n\t\t\t<\/style>\n\t\t<div id='gallery-3' class='dt-gallery-container gallery galleryid-148494 gallery-columns-5 gallery-size-thumbnail'><dl class='gallery-item'>\n\t\t\t\t<dt class='gallery-icon landscape'>\n\t\t\t\t\t<a class=\"rollover rollover-zoom dt-pswp-item\" title=\"3c398d2e-e7b4-48a3-bd55-19390e4610f7\" data-dt-img-description=\"\" data-large_image_width=\"1600\" data-large_image_height=\"903\"href='https:\/\/www.radiopiu.net\/wordpress\/wp-content\/uploads\/2020\/07\/3c398d2e-e7b4-48a3-bd55-19390e4610f7.jpg'><img loading=\"lazy\" decoding=\"async\" width=\"150\" height=\"150\" src=\"https:\/\/www.radiopiu.net\/wordpress\/wp-content\/uploads\/2020\/07\/3c398d2e-e7b4-48a3-bd55-19390e4610f7-150x150.jpg\" class=\"attachment-thumbnail size-thumbnail\" alt=\"\" \/><\/a>\n\t\t\t\t<\/dt><\/dl><dl class='gallery-item'>\n\t\t\t\t<dt class='gallery-icon landscape'>\n\t\t\t\t\t<a class=\"rollover rollover-zoom dt-pswp-item\" title=\"75d40d44-8a98-4ae9-a769-4fd4958095c1\" data-dt-img-description=\"\" data-large_image_width=\"1600\" data-large_image_height=\"903\"href='https:\/\/www.radiopiu.net\/wordpress\/wp-content\/uploads\/2020\/07\/75d40d44-8a98-4ae9-a769-4fd4958095c1.jpg'><img loading=\"lazy\" decoding=\"async\" width=\"150\" height=\"150\" src=\"https:\/\/www.radiopiu.net\/wordpress\/wp-content\/uploads\/2020\/07\/75d40d44-8a98-4ae9-a769-4fd4958095c1-150x150.jpg\" class=\"attachment-thumbnail size-thumbnail\" alt=\"\" \/><\/a>\n\t\t\t\t<\/dt><\/dl><dl class='gallery-item'>\n\t\t\t\t<dt class='gallery-icon portrait'>\n\t\t\t\t\t<a class=\"rollover rollover-zoom dt-pswp-item\" title=\"318724e6-86d2-47c4-b785-cbfa411e7a45\" data-dt-img-description=\"\" data-large_image_width=\"903\" data-large_image_height=\"1600\"href='https:\/\/www.radiopiu.net\/wordpress\/wp-content\/uploads\/2020\/07\/318724e6-86d2-47c4-b785-cbfa411e7a45.jpg'><img loading=\"lazy\" decoding=\"async\" width=\"150\" height=\"150\" src=\"https:\/\/www.radiopiu.net\/wordpress\/wp-content\/uploads\/2020\/07\/318724e6-86d2-47c4-b785-cbfa411e7a45-150x150.jpg\" class=\"attachment-thumbnail size-thumbnail\" alt=\"\" \/><\/a>\n\t\t\t\t<\/dt><\/dl><dl class='gallery-item'>\n\t\t\t\t<dt class='gallery-icon landscape'>\n\t\t\t\t\t<a class=\"rollover rollover-zoom dt-pswp-item\" title=\"d84309c6-285a-4074-aa94-94f00e9ed632\" data-dt-img-description=\"\" data-large_image_width=\"1600\" data-large_image_height=\"903\"href='https:\/\/www.radiopiu.net\/wordpress\/wp-content\/uploads\/2020\/07\/d84309c6-285a-4074-aa94-94f00e9ed632.jpg'><img loading=\"lazy\" decoding=\"async\" width=\"150\" height=\"150\" src=\"https:\/\/www.radiopiu.net\/wordpress\/wp-content\/uploads\/2020\/07\/d84309c6-285a-4074-aa94-94f00e9ed632-150x150.jpg\" class=\"attachment-thumbnail size-thumbnail\" alt=\"\" \/><\/a>\n\t\t\t\t<\/dt><\/dl><dl class='gallery-item'>\n\t\t\t\t<dt class='gallery-icon landscape'>\n\t\t\t\t\t<a class=\"rollover rollover-zoom dt-pswp-item\" title=\"6f8edb84-2393-462f-b4c7-f9dfb0647a82\" data-dt-img-description=\"\" data-large_image_width=\"1600\" data-large_image_height=\"903\"href='https:\/\/www.radiopiu.net\/wordpress\/wp-content\/uploads\/2020\/07\/6f8edb84-2393-462f-b4c7-f9dfb0647a82.jpg'><img loading=\"lazy\" decoding=\"async\" width=\"150\" height=\"150\" src=\"https:\/\/www.radiopiu.net\/wordpress\/wp-content\/uploads\/2020\/07\/6f8edb84-2393-462f-b4c7-f9dfb0647a82-150x150.jpg\" class=\"attachment-thumbnail size-thumbnail\" alt=\"\" \/><\/a>\n\t\t\t\t<\/dt><\/dl><br style=\"clear: both\" \/>\n\t\t\t<\/div>\n\n<p>&nbsp;<\/p>\n<p>&nbsp;<\/p>\n<p><img loading=\"lazy\" decoding=\"async\" class=\"size-medium wp-image-147448 alignleft\" src=\"https:\/\/www.radiopiu.net\/wordpress\/wp-content\/uploads\/2020\/07\/8d52d1a9-70de-4ecd-ab64-73e133568eab-300x169.jpg\" alt=\"\" width=\"300\" height=\"169\" srcset=\"https:\/\/www.radiopiu.net\/wordpress\/wp-content\/uploads\/2020\/07\/8d52d1a9-70de-4ecd-ab64-73e133568eab-300x169.jpg 300w, https:\/\/www.radiopiu.net\/wordpress\/wp-content\/uploads\/2020\/07\/8d52d1a9-70de-4ecd-ab64-73e133568eab-1024x578.jpg 1024w, https:\/\/www.radiopiu.net\/wordpress\/wp-content\/uploads\/2020\/07\/8d52d1a9-70de-4ecd-ab64-73e133568eab-768x433.jpg 768w, https:\/\/www.radiopiu.net\/wordpress\/wp-content\/uploads\/2020\/07\/8d52d1a9-70de-4ecd-ab64-73e133568eab-1536x867.jpg 1536w, https:\/\/www.radiopiu.net\/wordpress\/wp-content\/uploads\/2020\/07\/8d52d1a9-70de-4ecd-ab64-73e133568eab.jpg 1600w\" sizes=\"auto, (max-width: 300px) 100vw, 300px\" \/><strong>LA DIRETTA\/DIFFERITA DEL CONSIGLIO COMUNALE DI RIVAMONTE<\/strong><\/p>\n<audio class=\"wp-audio-shortcode\" id=\"audio-148494-4\" preload=\"none\" style=\"width: 100%;\" controls=\"controls\"><source type=\"audio\/mpeg\" src=\"https:\/\/www.radiopiu.net\/wordpress\/wp-content\/uploads\/2020\/07\/Consiglio-comunale-Rivamonte-08_07_20.mp3?_=4\" \/><a href=\"https:\/\/www.radiopiu.net\/wordpress\/wp-content\/uploads\/2020\/07\/Consiglio-comunale-Rivamonte-08_07_20.mp3\">https:\/\/www.radiopiu.net\/wordpress\/wp-content\/uploads\/2020\/07\/Consiglio-comunale-Rivamonte-08_07_20.mp3<\/a><\/audio>\n<p>&nbsp;<\/p>\n<p>&nbsp;<\/p>\n<hr \/>\n<p>&nbsp;<\/p>\n<p>&nbsp;<\/p>\n<blockquote>\n<h3>STRADA TAGLIA FUOCO SULLE PALE DI SAN LUCANO, COMUNICAZIONI DAL COMUNE<\/h3>\n<\/blockquote>\n<p><strong><a class=\"dt-pswp-item\" href=\"https:\/\/www.radiopiu.net\/wordpress\/wp-content\/uploads\/2015\/07\/08.jpg\" data-dt-img-description=\"\" data-large_image_width=\"1000\" data-large_image_height=\"750\"><img loading=\"lazy\" decoding=\"async\" class=\" wp-image-8247 alignleft\" src=\"https:\/\/www.radiopiu.net\/wordpress\/wp-content\/uploads\/2015\/07\/08-300x225.jpg\" alt=\"\" width=\"159\" height=\"119\" \/><\/a>TAIBON<\/strong> In parziale correzione del comunicato che ha fatto seguito all\u2019incontro con il \u201cComitato per la salvaguardia del territorio di Taibon Agordino\u201d a riguardo dell\u2019intervento di ripristino ambientale sulla prima Pala, Il Comune conunica di aver concordato con l\u2019ufficio tecnico ed il progettista delle opere, di seguire un\u2019altra modalit\u00e0 per la procedura che vede interessati i proprietari dei terreni su cui insisteranno le opere. &#8220;Dunque &#8211; spiega l&#8217;assessore Franco Soccol &#8211;\u00a0 non pi\u00f9 l\u2019urgenza della raccolta delle firme,ma,trattandosi di un\u2019opera finanziata con fondi Vaia, sfrutteremo le deroghe previste dall\u2019ordinanza commissariale n. 558.I proprietari dei terreni riceveranno dal Comune le informazioni necessarie \u201cstrada facendo&#8221;.<\/p>\n<p>&nbsp;<\/p>\n<p>&nbsp;<\/p>\n<hr \/>\n<p>&nbsp;<\/p>\n<blockquote>\n<h3>ZAIA PROROGA LE ORDINANZE REGIONALI FINO AL 31 LUGLIO<\/h3>\n<p><em>\u00a0le ordinanze che fissano le regole per negozi, cinema, centri estivi, ma anche quella che ha tolto il distanziamento nei mezzi di trasporto e dato anche il via libera al calcetto e agli altri sport di contatto<\/em><\/p><\/blockquote>\n<p><strong><a class=\"dt-pswp-item\" href=\"https:\/\/www.radiopiu.net\/wordpress\/wp-content\/uploads\/2020\/04\/COVID-2.jpg\" data-dt-img-description=\"\" data-large_image_width=\"1600\" data-large_image_height=\"1600\"><img loading=\"lazy\" decoding=\"async\" class=\" wp-image-129321 alignleft\" src=\"https:\/\/www.radiopiu.net\/wordpress\/wp-content\/uploads\/2020\/04\/COVID-2-300x300.jpg\" alt=\"\" width=\"156\" height=\"156\" srcset=\"https:\/\/www.radiopiu.net\/wordpress\/wp-content\/uploads\/2020\/04\/COVID-2-300x300.jpg 300w, https:\/\/www.radiopiu.net\/wordpress\/wp-content\/uploads\/2020\/04\/COVID-2-1024x1024.jpg 1024w, https:\/\/www.radiopiu.net\/wordpress\/wp-content\/uploads\/2020\/04\/COVID-2-150x150.jpg 150w, https:\/\/www.radiopiu.net\/wordpress\/wp-content\/uploads\/2020\/04\/COVID-2-768x768.jpg 768w, https:\/\/www.radiopiu.net\/wordpress\/wp-content\/uploads\/2020\/04\/COVID-2-1536x1536.jpg 1536w, https:\/\/www.radiopiu.net\/wordpress\/wp-content\/uploads\/2020\/04\/COVID-2.jpg 1600w\" sizes=\"auto, (max-width: 156px) 100vw, 156px\" \/><\/a><\/strong><\/p>\n<p>&nbsp;<\/p>\n<p><strong>VENEZIA<\/strong> Misure di contenimento e gestione dell&#8217;emergenza prorogate fino al 31 luglio, lo ha deciso con la 65esima ordinanza il Governatore Luca Zaia <em>\u201cSebbene le misure di lock-down in Italia abbiano permesso un controllo efficace dell\u2019infezione da SARS-CoV-2, persiste una trasmissione diffusa del virus che, quando si verificano condizioni favorevoli, provoca focolai anche di dimensioni rilevanti. \u00a0Il numero di nuovi casi di infezione rimane nel complesso contenuto. Questo avviene grazie alle attivit\u00e0 di testing-tracing-tracking che permettono di interrompere potenziali <\/em><em>catene di trasmissione sul nascere. La riduzione nei tempi tra l\u2019inizio dei sintomi e la diagnosi\/isolamento permette una pi\u00f9 tempestiva identificazione ed assistenza clinica delle persone che contraggono l\u2019infezione. \u2026 La situazione descritta in questo report, relativa prevalentemente alla terza fase di transizione, \u00e8 complessivamente positiva con piccoli segnali di allerta relativi alla trasmissione. Al momento i dati confermano il mantenimento della fase di transizione con le misure di prevenzione e controllo gi\u00e0 adottate dalle Regioni\/PPAA. &#8211; \u00c8 necessario mantenere elevata la resilienza dei servizi territoriali, continuare a rafforzare la consapevolezza e la compliance della popolazione, realizzare la ricerca attiva ed accertamento diagnostico di potenziali casi, l\u2019isolamento dei casi confermati, la quarantena dei loro contatti stretti&#8221;.<\/em><\/p>\n<p>&nbsp;<\/p>\n<p>&nbsp;<\/p>\n<hr \/>\n<p>&nbsp;<\/p>\n<blockquote>\n<h3>INGRESSO VIETATO AGLI STRANIERI IN ARRIVO DAI PAESI A RISCHIO, IL GOVERNO PROROGA L&#8217;EMERGENZA AL 31 DICEMBRE, IL GOVERNATORE ZAIA LE ORDINANZE ANTI\u00a0 COVID FINO AL 31 LUGLIO. IN FORTE AUMENTO GLI INFETTI, 91 A PADOVA DOPO IL MATRIMONIO. A MIRA L&#8217;UOMO RIFIUTA IL RICOVERO E SPARA AI CARABINIERI. POSITIVE AL COVID ANCHE DUE SORELLINE DI 3 E 6 ANNI DI JESOLO.<\/h3>\n<\/blockquote>\n<p><strong>di Mirko Mezzacasa<\/strong><\/p>\n<p>Anche ieri 13 nuovi casi di positivit\u00e0 in Veneto:\u00a0 italiana di 93 anni (contatto con badante Ucraina positiva), Ucraina di 68 anni,\u00a0 Serbo di 58 anni,\u00a0 Camerunense di 49 anni, due sorelline italiane di 3 e 6 anni, una donna di 90 anni e un uomo di 50 entrambi italiani, un nigeriano\u00a0 di 26 anni, un Kenyano di 34 un cittadino della Repubblica Dominicana di 43 anni, un Kosovaro di\u00a0 55 anni e un cittadino di 52 anni della\u00a0 Costa d&#8217;Avorio. Il Governo alla luce dei continui casi di covid19 importati dall&#8217;estero ha preso una decisione &#8211; meglio tardi che mai &#8211; cio\u00e8 vietare l&#8217;ingresso in Italia per chi arriva da altri 13 Paesi a rischio virus.<em> \u00abNel mondo la pandemia \u00e8 nella sua fase pi\u00f9 acuta. Non possiamo vanificare i sacrifici fatti dagli italiani\u00bb, <\/em>ha dichiarato\u00a0 il ministro Roberto Speranza. Nell&#8217;ordinanza manca Pakistan, Stati Uniti e India. A Padova\u00a0 nuovo focolaio: 91 in isolamento dopo un matrimonio. A Mira (Venezia) la moglie chiama l&#8217;Ulss perch\u00e9 il marito di 67 anni accusa malesseri ma alla vista dei sanitari si barrica in casa e spara ai Carabinieri, anzich\u00e9 al Pronto Soccorso la giornata finisce in carcere, tre i feriti e strage evitata solo perch\u00e9 il comandante dei Carabinieri \u00e8 riuscito ad alzare la canna del fucile al momento degli spari. Vittima del coronavirus anche i fuochi del Redentore a Venezia vietati dal sindaco Luigi Brugnaro. Non ci saranno i fuochi nemmeno a Padova nella serata del ferragosto in Prato della Valle. \u00a0il presidente della Regione Veneto ha prorogato fino al 31 luglio le ordinanze che fissano le regole per negozi, cinema, centri estivi, ma anche quella che ha tolto il distanziamento nei mezzi di trasporto e dato anche il via libera al calcetto e agli altri sport di contatto. <strong>I NUMERI\u00a0 IN VENETO:<\/strong> TOTALE POSITIVI 19364\u00a0 (+13)\u00a0 ATTUALMENTE POSITIVI\u00a0 393 (+4)\u00a0 DECESSI 2039\u00a0 (+3) NEGATIVIZZATI 16932 (+6) IN ISOLAMENTO 1110 (118)\u00a0 RICOVERATI\u00a0 140 (-15 \u2013 18 POSITIVI, 122 NEGATIVIZZATI), NEGLI OSPEDALI DI COMUNITA\u2019 RICOVERATI 20 (-1, 0 POSITIVI,\u00a0 20 NEGATIVIZZATI), IN TERAPIA INTENSIVA 9(3 POSITIVI,\u00a0 6 NEGATIVIZZATI). DIMESSI 3648\u00a0 (17)<strong>IN NUMERI IN PROVINCIA:<\/strong> TOTALE CONTAGI 1197 (0) , ATTUALMENTE POSITIVI 20 (-1) , DECEDUTI 113 (0), NEGATIVIZZATI 1064 (+1) ISOLAMENTO DOMICILIARE 129 (+20) RICOVERATI IN OSPEDALE AL SAN MARTIN 2(0)<\/p>\n<p>&nbsp;<\/p>\n<p>&nbsp;<\/p>\n<hr \/>\n<p>&nbsp;<\/p>\n<blockquote class=\"wp-embedded-content\" data-secret=\"xGgZBCQDQ9\"><p><a href=\"https:\/\/www.radiopiu.net\/wordpress\/agg9luglio\/\">CORONAVIRUS: AGGIORNAMENTO NAZIONALE 09 LUGLIO<\/a><\/p><\/blockquote>\n<p><iframe loading=\"lazy\" class=\"wp-embedded-content\" sandbox=\"allow-scripts\" security=\"restricted\" style=\"position: absolute; clip: rect(1px, 1px, 1px, 1px);\" title=\"&#8220;CORONAVIRUS: AGGIORNAMENTO NAZIONALE 09 LUGLIO&#8221; &#8212; Radio Pi\u00f9\" src=\"https:\/\/www.radiopiu.net\/wordpress\/agg9luglio\/embed\/#?secret=xGgZBCQDQ9\" data-secret=\"xGgZBCQDQ9\" width=\"600\" height=\"338\" frameborder=\"0\" marginwidth=\"0\" marginheight=\"0\" scrolling=\"no\"><\/iframe><\/p>\n<p>&nbsp;<\/p>\n<p>&nbsp;<\/p>\n<blockquote class=\"wp-embedded-content\" data-secret=\"49rQdG4ba9\"><p><a href=\"https:\/\/www.radiopiu.net\/wordpress\/09luglio17\/\">DI NUOVO SOPRA 1000 LE PERSONE IN ISOLAMENTO, 118 IN UN GIORNO, 3 DECESSI E +13 POSITIVI<\/a><\/p><\/blockquote>\n<p><iframe loading=\"lazy\" class=\"wp-embedded-content\" sandbox=\"allow-scripts\" security=\"restricted\" style=\"position: absolute; clip: rect(1px, 1px, 1px, 1px);\" title=\"&#8220;DI NUOVO SOPRA 1000 LE PERSONE IN ISOLAMENTO, 118 IN UN GIORNO, 3 DECESSI E +13 POSITIVI&#8221; &#8212; Radio Pi\u00f9\" src=\"https:\/\/www.radiopiu.net\/wordpress\/09luglio17\/embed\/#?secret=49rQdG4ba9\" data-secret=\"49rQdG4ba9\" width=\"600\" height=\"338\" frameborder=\"0\" marginwidth=\"0\" marginheight=\"0\" scrolling=\"no\"><\/iframe><\/p>\n<p>&nbsp;<\/p>\n<p>&nbsp;<\/p>\n<hr \/>\n<blockquote>\n<h3>LA ULSS DOLOMITI ASSUME, CHEMELLO NUOVO DIRETTORE DEL DIPARTIMENTO AREA CRITICA<\/h3>\n<\/blockquote>\n<p align=\"JUSTIFY\"><span style=\"color: #000000;\"><span style=\"font-family: Arial, serif;\"><span style=\"font-size: medium;\"><span style=\"font-family: Calibri, serif;\"><b>BELLUNO <\/b><\/span><span style=\"font-family: Calibri, serif;\">L\u2019Ulss Dolomiti si rafforza con l\u2019assunzione di nuovi medici e di 6 tecnici della prevenzione a tempo indeterminato in esito ai concorsi effettuati da Azienda Zero. <\/span><\/span><\/span><\/span><span style=\"color: #000000;\"><span style=\"font-family: Arial, serif;\"><span style=\"font-size: medium;\"><span style=\"font-family: Calibri, serif;\">Ecco le assunzioni deliberate ieri: <\/span><\/span><\/span><\/span><span style=\"font-family: Calibri, serif; font-size: medium; color: #000000;\">1 medico oftalmologo (dr. Domenico De Robertis) <\/span><span style=\"font-family: Calibri, serif; font-size: medium; color: #000000;\">1 medico di medicina interna (dr. Romeo Costanzo Giovanni Martini) <\/span><span style=\"font-family: Calibri, serif; font-size: medium; color: #000000;\">1 medico di medicina e chirurgia d\u2019accettazione e d\u2019urgenza (dr. Gianfranco De Rose) <\/span><span style=\"color: #000000;\"><span style=\"font-family: Arial, serif;\"><span style=\"font-size: medium;\"><span style=\"font-family: Calibri, serif;\">Inoltre, sono in arrivo altri 5 medici specializzandi : 4 in medicina interna e 1 in medicina d\u2019urgenza, gi\u00e0 inseriti in graduatoria. <\/span><\/span><\/span><\/span><span style=\"color: #000000;\"><span style=\"font-family: Arial, serif;\"><span style=\"font-size: medium;\"><span style=\"font-family: Calibri, serif;\">Infine, sono stati assunti a tempo indeterminato 6 tecnici delle prevenzione nell\u2019ambiente e nei luoghi di lavoro che andranno a rafforzare l\u2019organico della prevenzione. <\/span><\/span><\/span><\/span><span style=\"color: #000000;\"><span style=\"font-family: Arial, serif;\"><span style=\"font-size: medium;\"><span style=\"font-family: Calibri, serif;\">Continua incessante l\u2019impegno dell\u2019Ulss Dolomiti nella ricerca di nuove <a class=\"dt-pswp-item\" href=\"https:\/\/www.radiopiu.net\/wordpress\/wp-content\/uploads\/2020\/07\/chemello-scaled.jpg\" data-dt-img-description=\"\" data-large_image_width=\"2560\" data-large_image_height=\"1920\"><img loading=\"lazy\" decoding=\"async\" class=\"size-medium wp-image-148679 alignleft\" src=\"https:\/\/www.radiopiu.net\/wordpress\/wp-content\/uploads\/2020\/07\/chemello-300x225.jpg\" alt=\"\" width=\"300\" height=\"225\" srcset=\"https:\/\/www.radiopiu.net\/wordpress\/wp-content\/uploads\/2020\/07\/chemello-300x225.jpg 300w, https:\/\/www.radiopiu.net\/wordpress\/wp-content\/uploads\/2020\/07\/chemello-1024x768.jpg 1024w, https:\/\/www.radiopiu.net\/wordpress\/wp-content\/uploads\/2020\/07\/chemello-768x576.jpg 768w, https:\/\/www.radiopiu.net\/wordpress\/wp-content\/uploads\/2020\/07\/chemello-1536x1152.jpg 1536w, https:\/\/www.radiopiu.net\/wordpress\/wp-content\/uploads\/2020\/07\/chemello-2048x1536.jpg 2048w\" sizes=\"auto, (max-width: 300px) 100vw, 300px\" \/><\/a>forze, percorrendo tutte le strade lecite e possibili per assumere medici e, di conseguenza, garantire i servizi spesso in difficolt\u00e0 proprio per la carenza di professionisti.<\/span><\/span><\/span><\/span><\/p>\n<h3 style=\"text-align: left;\" align=\"CENTER\"><span style=\"color: #000000;\"><span style=\"font-family: Arial, serif;\"><span style=\"font-size: medium;\"><span style=\"font-family: Calibri, serif;\"><span style=\"font-size: xx-large;\"><b>Il nuovo direttore del dipartimento di area critica di Belluno<\/b><\/span><\/span><\/span><\/span><\/span><\/h3>\n<p align=\"JUSTIFY\"><span style=\"color: #000000;\"><span style=\"font-family: Arial, serif;\"><span style=\"font-size: medium;\"><span style=\"font-family: Calibri, serif;\">Enzo Chemello, primario del pronto Soccorso di Pieve di Cadore, \u00e8 il nuovo direttore del Dipartimento strutturale di Area critica di Belluno. <\/span><\/span><\/span><\/span><span style=\"color: #000000;\"><span style=\"font-family: Arial, serif;\"><span style=\"font-size: medium;\"><span style=\"font-family: Calibri, serif;\"><span style=\"font-size: small;\">Il Dipartimento strutturale di Area Critica del distretto di Belluno comprende al suo interno le unit\u00e0 operative complesse di Anestesia e rianimazione di Agordo, Anestesia e rianimazione di Belluno, Pronto soccorso di Agordo, Pronto soccorso di Belluno, Pronto Soccorso di Pieve di Cadore, Centrale Operativa SUEM e due unit\u00e0 operative semplici a valenza dipartimentale (Anestesia e rianimazione di Pieve di Cadore e terapia del dolore)<\/span><\/span><span style=\"font-family: Calibri, serif;\"><span style=\"font-size: small;\">. <\/span><\/span><\/span><\/span><\/span><span style=\"color: #000000;\"><span style=\"font-family: Calibri, serif;\"><span style=\"font-size: small;\">Enzo Chemello, Direttore UOC di Accettazione e Pronto Soccorso dell\u2019ospedale di Pieve di Cadore dall\u2019ottobre 2019, \u00e8 nato a Belluno nel 1963 e si \u00e8 laureato in Medicina e Chirurgia all\u2019Universit\u00e0 di Firenze.<\/span><\/span><\/span><\/p>\n<p>&nbsp;<\/p>\n<p>&nbsp;<\/p>\n<hr \/>\n<p>&nbsp;<\/p>\n<h1 align=\"CENTER\"><span style=\"font-size: large;\"><b>Aperta la nuova patologia neonatale di Feltre<\/b><\/span><\/h1>\n<h3><\/h3>\n<p><strong><a class=\"dt-pswp-item\" href=\"https:\/\/www.radiopiu.net\/wordpress\/wp-content\/uploads\/2020\/07\/IMG_20200709_171916-scaled.jpg\" data-dt-img-description=\"\" data-large_image_width=\"2560\" data-large_image_height=\"2560\"><img loading=\"lazy\" decoding=\"async\" class=\" wp-image-148641 alignleft\" src=\"https:\/\/www.radiopiu.net\/wordpress\/wp-content\/uploads\/2020\/07\/IMG_20200709_171916-300x300.jpg\" alt=\"\" width=\"219\" height=\"219\" srcset=\"https:\/\/www.radiopiu.net\/wordpress\/wp-content\/uploads\/2020\/07\/IMG_20200709_171916-300x300.jpg 300w, https:\/\/www.radiopiu.net\/wordpress\/wp-content\/uploads\/2020\/07\/IMG_20200709_171916-1024x1024.jpg 1024w, https:\/\/www.radiopiu.net\/wordpress\/wp-content\/uploads\/2020\/07\/IMG_20200709_171916-150x150.jpg 150w, https:\/\/www.radiopiu.net\/wordpress\/wp-content\/uploads\/2020\/07\/IMG_20200709_171916-768x768.jpg 768w, https:\/\/www.radiopiu.net\/wordpress\/wp-content\/uploads\/2020\/07\/IMG_20200709_171916-1536x1536.jpg 1536w\" sizes=\"auto, (max-width: 219px) 100vw, 219px\" \/><\/a>FELTRE<\/strong> E&#8217;\u00a0 stata aperta la nuova patologia neonatale dell\u2019ospedale di Feltre dopo i lavori di ristrutturazioni e adeguamento normativo, con un investimento di circa 520 mila euro. I locali oggetto dell\u2019intervento sono situati al piano primo \u2013 zona sud &#8211; del Padiglione denominato Corpo di Collegamento. I lavori hanno riguardato l\u2019ammodernamento ed l\u2019adeguamento degli impianti di climatizzazione ed elettrici e la realizzazione di opere edili per migliorare l\u2019articolazione degli spazi interni del reparto che presentavano alcune criticit\u00e0 funzionali. Nei mesi di ristrutturazione la terapia neonatale era stata trasferita provvisoriamente nel punto nascita. I nuovi locali, spaziosi e gradevoli nelle rifiniture per accogliere al meglio i neonati, accolgono anche 4 posti letto di terapia semintensiva neonatale oltre che ambulatori per le visite e spazi per l\u2019allattamento. Il direttore medico dell\u2019ospedale di Feltre Marianna Lorenzoni ha ringraziato gli operatori sanitari per aver gestito al meglio questi mesi di ristrutturazione, la direzione e l\u2019ufficio tecnico che ha seguito con scrupolo i lavori. Il sindaco di Feltre, Paolo Perenzin, ha sottolineato come la patologia neonatale aggiunge un ulteriore tassello a quello che gi\u00e0 di ottimo c\u2019\u00e8. Questi spazi sono un valore aggiunto al reparto punto di forza dell\u2019ospedale.<\/p>\n<p>&nbsp;<\/p>\n<p>&nbsp;<\/p>\n<hr \/>\n<h3><\/h3>\n<h3>APPROVATO IL FONDO LETTA, IN MEDIA 1 MILIONE A COMUNE<\/h3>\n<p>DALLA RASSEGNA STAMPA DELLE OTTO<\/p>\n<audio class=\"wp-audio-shortcode\" id=\"audio-148494-5\" preload=\"none\" style=\"width: 100%;\" controls=\"controls\"><source type=\"audio\/mpeg\" src=\"https:\/\/www.radiopiu.net\/wordpress\/wp-content\/uploads\/2020\/07\/ROGER.mp3?_=5\" \/><a href=\"https:\/\/www.radiopiu.net\/wordpress\/wp-content\/uploads\/2020\/07\/ROGER.mp3\">https:\/\/www.radiopiu.net\/wordpress\/wp-content\/uploads\/2020\/07\/ROGER.mp3<\/a><\/audio>\n<p>&nbsp;<\/p>\n<p><strong><img loading=\"lazy\" decoding=\"async\" class=\"alignleft\" src=\"https:\/\/www.radiopiu.net\/wordpress\/wp-content\/uploads\/2018\/07\/ROGER.jpg\" width=\"115\" height=\"156\" \/>ROMA<\/strong> \u00c8 stato approvato\u00a0 in via definitiva dalla Commissione Bilancio della Camera lo schema di decreto del presidente del Consiglio sulle modalit\u00e0 di erogazione delle risorse per i Comuni veneti confinanti con la Regione Friuli Venezia Giulia per il triennio 2018-2021. Ieri analoga approvazione era avvenuta in Commissione Bilancio del Senato. Il provvedimento ora \u00e8 nella mani del Presidente del Consiglio dei Ministri, Giuseppe Conte che dovr\u00e0 emanare il decreto e consentire di effettuare i bandi a cui potranno accedere i Comuni. La notizia \u00e8 riportata dal deputato veneto del Partito democratico Roger De Menech. Al \u201cFondo per le aree svantaggiate di confine\u201d possono accedere i 20 Comuni piemontesi che confinano con la Regione Valle d\u2019Aosta e i 27 Comuni veneti confinanti con il Friuli Venezia Giulia. La modalit\u00e0 di erogazione \u00e8 attraverso bando, ma le maglie sono abbastanza larghe. I bandi riguardano investimenti per lo sviluppo economico e sociale e quindi \u00e8 possibile finanziare sia lavori pubblici su infrastrutture (strade, reti energetiche, ecc.), sia opere pubbliche quali scuole, edifici, impianti sportivi. I fondi sono destinati ai comuni confinanti, ma nulla vieta a questi di fare progetti di area vasta che comprendano pi\u00f9 enti beneficiari ma anche coinvolgendo Comuni non di confine. Sono 12\u00a0 i Comuni interessati in provincia di Belluno: Alpago,\u00a0 \u00a0Chies d&#8217;Alpago, \u00a0Domegge di Cadore, \u00a0Longarone, \u00a0Lorenzago di Cadore, Ospitale di Cadore, Perarolo di Cadore,\u00a0 Pieve di Cadore, Santo Stefano di Cadore, Vigo di Cadore<\/p>\n<p>&nbsp;<\/p>\n<p>&nbsp;<\/p>\n<hr \/>\n<p>&nbsp;<\/p>\n<p>&nbsp;<\/p>\n<h3>CONTRIBUTO REGIONALE PER NEGOZI, BAR, RISTORANTI E SERVIZI<\/h3>\n<blockquote><p><em>Comunicazione condivisa dall&#8217;assessore del Comune di Belluno Yuki d&#8217;Emilia, del Comune di Feltre Irma Visalli e del Comune di Ponte nelle Alpi Andrea Pontello.<\/em><\/p><\/blockquote>\n<p><strong>BELLUNO<\/strong>\u00a0 Scade il prossimo 14 luglio il bando contenuto nella delibera di giunta regionale n. 738 del 16 giugno: \u00abQuesto bando &#8211; ricorda l&#8217;assessore del capoluogo Yuki d&#8217;Emilia \u2013 prevede semplicemente l&#8217;inserimento del codice fiscale dell&#8217;impresa e del legale rappresentante in una pagina internet della Regione: un&#8217;operazione di pochi minuti che consente di registrarsi per partecipare all&#8217;assegnazione di un contributo automatico alle imprese, senza bisogno che esse facciano o dimostrino di avere fatto degli investimenti. Mancano pochi giorni, ma si tratta di una procedura online veramente semplice e veloce\u00bb. Questo bando della Regione del Veneto assegna contributi a fondo perduto di un valore compreso tra 2.000 \u20ac e 3.750 \u20ac a micro e piccole imprese dei settori commercio al dettaglio, somministrazione e servizi alla persona con meno di 9 addetti, con un fatturato nel 2018 compreso tra i 50 mila e i 500 mila euro, e che siano state obbligate alla chiusura per via dell&#8217;epidemia di Coronavirus. \u00abInvitiamo gli imprenditori ad usufruire di queste risorse, oltre 20 milioni di euro. &#8211; conclude l&#8217;assessore \u2013 Come membri del Distretto del commercio, ci auguriamo che in molti approfittino di questa opportunit\u00e0 offerta dalla Regione; si tratta di un piccolo aiuto per aiutare le nostre imprese in questa difficile ripartenza\u00bb. Le domande di prenotazione del contributo possono essere presentate direttamente del titolare dell&#8217;azienda, che pu\u00f2 anche decidere di rivolgersi alle associazioni di categoria o a un consulente di fiducia. A questo link https:\/\/www.regione.veneto.it\/web\/programmi-comunitari\/bando311-2020-covid tutte le informazioni e le procedure di registrazione.<\/p>\n<p>&nbsp;<\/p>\n<p>&nbsp;<\/p>\n<hr \/>\n<blockquote>\n<h3><\/h3>\n<h3>IMPIANTI A FUNE, UN TAVOLO IN PROVINCIA PER LA SEMPLIFICAZIONE<\/h3>\n<\/blockquote>\n<p><strong><a class=\"dt-pswp-item\" href=\"https:\/\/www.radiopiu.net\/wordpress\/wp-content\/uploads\/2016\/01\/I010572-cabinovia-falcade-le-buse.jpg\" data-dt-img-description=\"\" data-large_image_width=\"4000\" data-large_image_height=\"3402\"><img loading=\"lazy\" decoding=\"async\" class=\" wp-image-15528 alignleft\" src=\"https:\/\/www.radiopiu.net\/wordpress\/wp-content\/uploads\/2016\/01\/I010572-cabinovia-falcade-le-buse-300x255.jpg\" alt=\"\" width=\"184\" height=\"156\" \/><\/a>BELLUNO<\/strong>\u00a0\u00a0Snellire le procedure burocratiche per i lavori sugli impianti a fune. \u00c8 una delle priorit\u00e0 della Provincia di Belluno, alla vigilia degli appuntamenti sportivi mondiali. Ecco perch\u00e9 da Palazzo Piloni arriva una proposta: Costituire un tavolo con tutti gli enti preposti, dalla Regione a Ustif (ufficio speciale trasporti a impianti fissi). In questo modo sar\u00e0 possibile scrivere le nuove linee guida per semplificare l\u2019iter autorizzativo. A lanciare l\u2019idea \u00e8 il vice presidente Massimo Bortoluzzi, consigliere provinciale delegato al Servizio impianti a fune e linee elettriche.\u00a0 La Provincia propone la creazione di un tavolo tecnic pre predisporre dei protocolli d\u2019intesa condivisi per superare certe ingessature del sistema. La proposta della Provincia va anche oltre. E guarda alle linee elettriche infatti l&#8217;intenzione \u00e8 di inviatare al tavolo anche l&#8217;Enel per i problemi dei cavi aerei degli eletrodotti di media tensione anche sul&#8217;esempio dei disagi creati dalle grandi nevicate del passato.<\/p>\n<p>&nbsp;<\/p>\n<p>&nbsp;<\/p>\n<hr \/>\n<blockquote>\n<h3><\/h3>\n<h3>OPERE DI IMMEDIATA CANTIERABILIT\u00c0 FINO A 200 MILA EURO: LA REGIONE DESTINA AI COMUNI 5 MILIONI DI EURO PER 118 PROGETTI<\/h3>\n<\/blockquote>\n<p><strong><a class=\"dt-pswp-item\" href=\"https:\/\/www.radiopiu.net\/wordpress\/wp-content\/uploads\/2020\/06\/ELISA-DE-BERTI.jpg\" data-dt-img-description=\"\" data-large_image_width=\"960\" data-large_image_height=\"959\"><img loading=\"lazy\" decoding=\"async\" class=\" wp-image-141960 alignleft\" src=\"https:\/\/www.radiopiu.net\/wordpress\/wp-content\/uploads\/2020\/06\/ELISA-DE-BERTI-300x300.jpg\" alt=\"\" width=\"87\" height=\"87\" srcset=\"https:\/\/www.radiopiu.net\/wordpress\/wp-content\/uploads\/2020\/06\/ELISA-DE-BERTI-300x300.jpg 300w, https:\/\/www.radiopiu.net\/wordpress\/wp-content\/uploads\/2020\/06\/ELISA-DE-BERTI-150x150.jpg 150w, https:\/\/www.radiopiu.net\/wordpress\/wp-content\/uploads\/2020\/06\/ELISA-DE-BERTI-768x767.jpg 768w, https:\/\/www.radiopiu.net\/wordpress\/wp-content\/uploads\/2020\/06\/ELISA-DE-BERTI.jpg 960w\" sizes=\"auto, (max-width: 87px) 100vw, 87px\" \/><\/a>VENEZIA\u00a0<\/strong>La Giunta regionale, su proposta dell\u2019assessore ai lavori pubblici, infrastrutture e trasporti, Elisa De Berti, ha approvato il primo programma di riparto del 2020 dei finanziamenti in conto capitale per la realizzazione di opere di interesse locale di competenza delle Amministrazioni comunali di importo fino a 200 mila euro.\u00a0Entro il termine di presentazione delle domande &#8211; stabilito inizialmente al 23 marzo e poi prorogato al 25 maggio per dare pi\u00f9 tempo alle amministrazioni locali nel frattempo chiamate a svolgere attivit\u00e0 urgenti di contrasto al diffondersi del Covid 19 &#8211; sono pervenute 407 istanze da parte di Comuni e Unioni di Comuni del Veneto e di queste 366 sono state ritenute ammissibili.\u00a0Per il primo riparto la Regione ha messo a disposizione 5 milioni di euro, vale a dire tutte le risorse oggi presenti a bilancio per questa finalit\u00e0. Con tale cifra saranno finanziate le prime 118 istanze e appena saranno disponibili ulteriori fondi si proceder\u00e0 con successivi riparti, attraverso lo scorrimento della graduatoria.\u00a0\u201c<em>Grazie a questi contributi \u2018a fondo perduto\u2019 \u2013 sottolinea l\u2019assessore \u2013 i Comuni potranno realizzare opere con caratteristiche di immediata cantierabilit\u00e0: una forma di finanziamento che ha riscosso un notevole successo nell\u2019ultimo decennio e che soprattutto in questo annus horribilis del Coronavirus risulter\u00e0 ancora pi\u00f9 prezioso per le amministrazioni locali, costrette a fare i conti con l\u2019impoverimento dei loro bilanci<\/em>\u201d.<\/p>\n<p>&nbsp;<\/p>\n<p>&nbsp;<\/p>\n<hr \/>\n<p>&nbsp;<\/p>\n<blockquote>\n<h3>TUTELA DELL&#8217; AMBIENTE, DARIO BOND (FI): GARANTIRE AI CARABINIERI FORESTALI MEZZI E ATTREZZATURA<\/h3>\n<\/blockquote>\n<p><strong><a class=\"dt-pswp-item\" href=\"https:\/\/www.radiopiu.net\/wordpress\/wp-content\/uploads\/2020\/05\/Dario-Bond.jpg\" data-dt-img-description=\"\" data-large_image_width=\"165\" data-large_image_height=\"228\"><img loading=\"lazy\" decoding=\"async\" class=\" wp-image-138833 alignleft\" src=\"https:\/\/www.radiopiu.net\/wordpress\/wp-content\/uploads\/2020\/05\/Dario-Bond.jpg\" alt=\"\" width=\"82\" height=\"113\" \/><\/a>ROMA\u00a0<\/strong>\u201c<em>In un momento in cui l\u2019ambiente ha bisogno di presidi e controlli, a maggior ragione dopo la pandemia da #covid19, la principale forza che controlla il territorio, i carabinieri forestali, non \u00e8 in grado di svolgere il proprio lavoro.<\/em><br \/>\n<em>Il materiale tecnico di cui dispongono \u00e8 totalmente inadeguato per la montagna: stiamo parlando di autovetture, abbigliamento e attrezzatura tecnica adatti forse per le citt\u00e0, idonei per compiti di controllo o di gestione del traffico, \u00a0non di certo per azioni di prevenzione incendi e bracconaggio.\u00a0Dopo la decisione dell\u2019ex Ministro Delrio di tagliare i corpi di polizia provinciale e quella del governo Renzi di incorporare i forestali nell\u2019Arma dei Carabinieri, questa situazione fa gioco a chi appicca gli incendi per sfruttare i terreni per business e a chi uccide gli animali senza regole danneggiando il nostro ecosistema.\u00a0Se il governo tiene davvero all\u2019ambiente, doti il corpo di mezzi idonei per svolgere efficacemente il lavoro di tutela e protezione del nostro ambiente<\/em>\u201d.\u00a0Cos\u00ec in una nota Dario Bond, Deputato bellunese di Forza Italia.<\/p>\n<p>&nbsp;<\/p>\n<p>&nbsp;<\/p>\n<hr \/>\n<p>&nbsp;<\/p>\n<blockquote>\n<h3>GRUPPO OPERATIVO GIOVANI 2020 AI NASTRI DI PARTENZA: FINO AL 15 LUGLIO LE ISCRIZIONI PER UN&#8217;ESTATE DI DIVERTIMENTO, MA ANCHE AL SERVIZIO DELLA COMUNIT\u00c0<\/h3>\n<\/blockquote>\n<p><strong><a class=\"dt-pswp-item\" href=\"https:\/\/www.radiopiu.net\/wordpress\/wp-content\/uploads\/2020\/04\/Alpago-Stemma.png\" data-dt-img-description=\"\" data-large_image_width=\"364\" data-large_image_height=\"500\"><img loading=\"lazy\" decoding=\"async\" class=\" wp-image-132463 alignleft\" src=\"https:\/\/www.radiopiu.net\/wordpress\/wp-content\/uploads\/2020\/04\/Alpago-Stemma-218x300.png\" alt=\"\" width=\"128\" height=\"176\" srcset=\"https:\/\/www.radiopiu.net\/wordpress\/wp-content\/uploads\/2020\/04\/Alpago-Stemma-218x300.png 218w, https:\/\/www.radiopiu.net\/wordpress\/wp-content\/uploads\/2020\/04\/Alpago-Stemma.png 364w\" sizes=\"auto, (max-width: 128px) 100vw, 128px\" \/><\/a>ALPAGO\u00a0<\/strong>Divertirsi, coltivare le relazioni interpersonali, ma mettersi anche al servizio della propria comunit\u00e0 di appartenenza con alcuni piccoli lavori di cura del territorio e dei centri abitati, nello spirito di cittadini maturi e responsabili.\u00a0E&#8217; questa la filosofia che anima l&#8217;edizione 2020 del \u201cG.O.G. &#8211; Gruppo Operativo Giovani\u201d, il progetto proposto dal Comune di Alpago, in collaborazione con la Pro Loco di Puos d\u2019Alpago e il volontariato locale.\u00a0\u00a0Il progetto \u00e8 rivolto a ragazzi \u2013 sino ad un numero massimo di 60 &#8211; nati negli anni dal 2002 al 2006 compresi e intende attuare dei percorsi che rendano i nostri adolescenti partecipi e protagonisti attivi della vita sociale del Comune.\u00a0Il progetto si svolger\u00e0 nelle tre settimane comprese tra il 20 luglio e l&#8217;8 agosto 2020, dal luned\u00ec al sabato in orario mattutino (ore 9-12).\u00a0\u00a0Ogni settimana lavoreranno due gruppi formati da un massimo di 10 partecipanti ciascuno, seguiti da un tutor adulto, adeguatamente formato. Ognuno di questi due gruppi sar\u00e0 collocato in luoghi lontani tra loro, per evitare il contatto, e svolger\u00e0\u00a0attivit\u00e0 il pi\u00f9 possibile all\u2019aperto; a tutto ci\u00f2, ovviamente, si somma il rispetto delle linee guida e delle misure di sicurezza generali e specifiche previste per il contenimento dell&#8217;epidemia di Covid-19, in relazione alle quali \u00e8 prevista anche una specifica formazione per i giovani.\u00a0Il progetto non prevede per le famiglie nessun costo od onere, se non quello di dotare i ragazzi partecipanti di mascherina e guanti.<\/p>\n<p>&nbsp;<\/p>\n<p>&nbsp;<\/p>\n<hr \/>\n<p>&nbsp;<\/p>\n<blockquote>\n<h3>ITS MECCATRONICO A BELLUNO \u2013 GI\u00c0 TANTE LE ADESIONI<\/h3>\n<\/blockquote>\n<p><strong><a class=\"dt-pswp-item\" href=\"https:\/\/www.radiopiu.net\/wordpress\/wp-content\/uploads\/2015\/10\/Confindustria_BL.gif\" data-dt-img-description=\"\" data-large_image_width=\"793\" data-large_image_height=\"211\"><img loading=\"lazy\" decoding=\"async\" class=\"size-medium wp-image-12471 alignleft\" src=\"https:\/\/www.radiopiu.net\/wordpress\/wp-content\/uploads\/2015\/10\/Confindustria_BL-300x80.gif\" alt=\"\" width=\"300\" height=\"80\" \/><\/a>BELLUNO\u00a0<\/strong>Nonostante il Covid-19 e la conseguente crisi economica, le aziende bellunesi continuano la ricerca di profili specializzati. \u201cPer uscire rafforzati da questo periodo, oggi pi\u00f9 che mai, dobbiamo coltivare il capitale umano. \u00c8 una delle poche certezze che abbiamo in questo periodo di grande incertezza\u201d, affermano Davide Ceccarelli, Ad di Technowrapp, e Stefano Giacomelli, direttore generale Sinteco e Bucci Automation Division. \u201cAnche per questo, ci appelliamo alle ragazze e ai ragazzi bellunesi perch\u00e9 prendano in considerazione seriamente il nuovo percorso ITS di Meccatronica a Belluno in partenza con l\u2019autunno. \u00c8 un\u2019opportunit\u00e0 concreta di crescita umana e professionale\u201d, il messaggio forte e chiaro dei due testimonial d\u2019eccezione che arriva a pochi giorni dalla conclusione \u2013 nella maggior parte degli Istituti \u2013 degli esami di maturit\u00e0. Per le iscrizioni c\u2019\u00e8 tempo fino al 20 luglio alle ore 12 sul sito www.itsmeccatronico.it<span class=\"Apple-converted-space\">\u00a0\u00a0<\/span>Non a caso, in una sola settimana dall\u2019apertura, sono gi\u00e0 arrivate 15 iscrizioni \u2013 anche da fuori provincia &#8211; alle selezioni per il nuovo corso \u201cTecnico superiore per l\u2019automazione e i sistemi meccatronici\u201d, gestito dalla Fondazione ITS Academy Meccatronico Veneto, una nuova opportunit\u00e0 di alta formazione per il Bellunese e non solo, voluta con forza da Confindustria Belluno Dolomiti che \u2013 dopo aver raccolto i fabbisogni delle aziende \u2013 ha coinvolto gli attori del territorio, dall\u2019Ufficio scolastico provinciale all\u2019ISS Segato.<\/p>\n<p>&nbsp;<\/p>\n<p>&nbsp;<\/p>\n<hr \/>\n<p>&nbsp;<\/p>\n<blockquote>\n<h3 class=\"documentFirstHeading\"><span id=\"parent-fieldname-title\" class=\"\">OZONO: NEL 2020 ANCORA NESSUN SUPERAMENTO DELLA SOGLIA DI INFORMAZIONE<\/span><\/h3>\n<\/blockquote>\n<p><strong><a class=\"dt-pswp-item\" href=\"https:\/\/www.radiopiu.net\/wordpress\/wp-content\/uploads\/2015\/08\/logo_arpav.gif\" data-dt-img-description=\"\" data-large_image_width=\"504\" data-large_image_height=\"53\"><img loading=\"lazy\" decoding=\"async\" class=\"size-medium wp-image-8797 alignleft\" src=\"https:\/\/www.radiopiu.net\/wordpress\/wp-content\/uploads\/2015\/08\/logo_arpav-300x32.gif\" alt=\"\" width=\"300\" height=\"32\" \/><\/a>PADOVA<\/strong> \u00a0Fino ad oggi, la soglia di informazione per l\u2019ozono non \u00e8 mai stata superata nelle centraline fisse della rete aria del Veneto. Il fatto \u00e8 sicuramente eccezionale, in quanto negli ultimi 20 anni non era mai accaduto di arrivare a luglio senza superamenti di questo indicatore. La ragione dell\u2019attenuazione dei picchi dell\u2019ozono \u00e8, almeno in parte, da ricollegare all\u2019instabilit\u00e0 meteorologica che ha caratterizzato il mese di giugno, il secondo pi\u00f9 piovoso dal 1994, e che ha evitato fino ad oggi lunghi periodi di stabilit\u00e0 e caldo intenso, che favoriscono l\u2019accumulo di ozono al suolo.\u00a0A proposito di ozono&#8230;Durante il semestre estivo, l\u2019intensa radiazione ultravioletta e la presenza di alcune sostanze, soprattutto di origine antropica, favorisce la formazione dell\u2019ozono nella bassa atmosfera. Questo inquinante gassoso, che raggiunge tipicamente i livelli pi\u00f9 alti durante le ore pomeridiane della giornata, ad elevate concentrazioni ha effetti irritanti soprattutto a carico dell\u2019apparato respiratorio.<\/p>\n<p>&nbsp;<\/p>\n<p>&nbsp;<\/p>\n<hr \/>\n<p>&nbsp;<\/p>\n<p>&nbsp;<\/p>\n<blockquote>\n<h3>EFFETTI DEL LOCKDOWN SULL\u2019INQUINAMENTO. BOTTACIN: \u201cGLI STUDI DIMOSTRANO LA NECESSITA\u2019 DI RAGIONARE SU MISURE DIVERSE E SU TUTTI I PARAMETRI\u201d<\/h3>\n<\/blockquote>\n<p><a class=\"dt-pswp-item\" href=\"https:\/\/www.radiopiu.net\/wordpress\/wp-content\/uploads\/2020\/07\/1004-2020-Assessore-Bottacin-allincontr-1-1-scaled.jpg\" data-dt-img-description=\"\" data-large_image_width=\"2560\" data-large_image_height=\"1920\"><img loading=\"lazy\" decoding=\"async\" class=\" wp-image-148579 alignleft\" src=\"https:\/\/www.radiopiu.net\/wordpress\/wp-content\/uploads\/2020\/07\/1004-2020-Assessore-Bottacin-allincontr-1-1-300x225.jpg\" alt=\"\" width=\"175\" height=\"131\" srcset=\"https:\/\/www.radiopiu.net\/wordpress\/wp-content\/uploads\/2020\/07\/1004-2020-Assessore-Bottacin-allincontr-1-1-300x225.jpg 300w, https:\/\/www.radiopiu.net\/wordpress\/wp-content\/uploads\/2020\/07\/1004-2020-Assessore-Bottacin-allincontr-1-1-1024x768.jpg 1024w, https:\/\/www.radiopiu.net\/wordpress\/wp-content\/uploads\/2020\/07\/1004-2020-Assessore-Bottacin-allincontr-1-1-768x576.jpg 768w, https:\/\/www.radiopiu.net\/wordpress\/wp-content\/uploads\/2020\/07\/1004-2020-Assessore-Bottacin-allincontr-1-1-1536x1152.jpg 1536w, https:\/\/www.radiopiu.net\/wordpress\/wp-content\/uploads\/2020\/07\/1004-2020-Assessore-Bottacin-allincontr-1-1-2048x1536.jpg 2048w\" sizes=\"auto, (max-width: 175px) 100vw, 175px\" \/><\/a><strong>VENEZIA<\/strong> &#8220;La situazione particolare vissuta durante il lockdown ci ha permesso, tramite le verifiche di Arpav, di rilevare importanti elementi di conoscenza rispetto alla qualit\u00e0 dell&#8217;aria&#8221;. A dirlo \u00e8 l&#8217;assessore all&#8217;Ambiente Gianpaolo Bottacin in occasione del Comitato Istituzionale di Indirizzo e Sorveglianza (CIS), presieduto dal medesimo e a cui partecipano anche sindaci dei Comuni Capoluogo e presidenti di Provincia. &#8220;L&#8217;elemento che emerge \u00e8 che i miglioramenti della qualit\u00e0 dell&#8217;aria in relazione alla concentrazione degli inquinanti da particolato atmosferico PM10 e ossidi di azoto, che pur ci sono state rispetto allo stesso periodo primaverile degli anni precedenti &#8211; dettaglia Bottacin &#8211; a condizioni climatiche costanti, non sono assolutamente proporzionali all&#8217;estrema riduzione del traffico che nel periodo marzo-maggio ha sfiorato il meno 70% nel traffico pesante e 90% nel traffico leggero. Anzi, in condizioni climatiche diverse si sono addirittura avuti degli aumenti, come \u00e8 successo ad esempio in Lombardia&#8221;. &#8220;Da tempo \u2013 aggiunge l\u2019Assessore &#8211; evidenzio che sono innanzitutto da valutare con estrema attenzione i valori medi rispetto ai picchi; e questi dimostrano come negli ultimi anni, grazie alle tante azioni poste in essere, ci sia stato un calo dei valori medi che ha permesso di avere una media pro capite di PM10 e ossidi di azoto di gran lunga inferiore alla media europea, nonostante le difficolt\u00e0 di trovarci in un catino chiuso quale \u00e8 il Bacino Padano&#8221;.\u00a0 &#8220;Saranno necessari ulteriori approfondimenti in vista della stagione autunnale &#8211; conclude Bottaccin &#8211; ma alla luce anche di questi dati risulta fondamentale ragionare su tutte le oltre settanta misure contenute nel nostro piano regionale, cos\u00ec da contemperare anche le ricadute su cittadini e aziende senza fossilizzarsi su singole azioni che, pur importanti come quelle sui trasporti, da sole non sono risolutive&#8221;.<\/p>\n<p>&nbsp;<\/p>\n<p>&nbsp;<\/p>\n<hr \/>\n<p>&nbsp;<\/p>\n<h2><\/h2>\n<blockquote>\n<h3>FALCADE START SECTION: SI RIPARTE DALLO SCI ANCHE D\u2019 ESTATE, BELLEZZA ED EVENTI<\/h3>\n<\/blockquote>\n<p><strong>DAL CORRIERE DELLE ALPI GIANNI SANTOMASO<\/strong><\/p>\n<audio class=\"wp-audio-shortcode\" id=\"audio-148494-6\" preload=\"none\" style=\"width: 100%;\" controls=\"controls\"><source type=\"audio\/mpeg\" src=\"https:\/\/www.radiopiu.net\/wordpress\/wp-content\/uploads\/2020\/07\/GIANNI-DONNA-AVEVNTURA.mp3?_=6\" \/><a href=\"https:\/\/www.radiopiu.net\/wordpress\/wp-content\/uploads\/2020\/07\/GIANNI-DONNA-AVEVNTURA.mp3\">https:\/\/www.radiopiu.net\/wordpress\/wp-content\/uploads\/2020\/07\/GIANNI-DONNA-AVEVNTURA.mp3<\/a><\/audio>\n<p>&nbsp;<\/p>\n<p><strong><a class=\"dt-pswp-item\" href=\"https:\/\/www.radiopiu.net\/wordpress\/wp-content\/uploads\/2020\/07\/NEVEPLAST-FALCADE.png\" data-dt-img-description=\"\" data-large_image_width=\"1360\" data-large_image_height=\"1014\"><img loading=\"lazy\" decoding=\"async\" class=\"size-medium wp-image-148491 alignleft\" src=\"https:\/\/www.radiopiu.net\/wordpress\/wp-content\/uploads\/2020\/07\/NEVEPLAST-FALCADE-300x224.png\" alt=\"\" width=\"300\" height=\"224\" srcset=\"https:\/\/www.radiopiu.net\/wordpress\/wp-content\/uploads\/2020\/07\/NEVEPLAST-FALCADE-300x224.png 300w, https:\/\/www.radiopiu.net\/wordpress\/wp-content\/uploads\/2020\/07\/NEVEPLAST-FALCADE-1024x763.png 1024w, https:\/\/www.radiopiu.net\/wordpress\/wp-content\/uploads\/2020\/07\/NEVEPLAST-FALCADE-768x573.png 768w, https:\/\/www.radiopiu.net\/wordpress\/wp-content\/uploads\/2020\/07\/NEVEPLAST-FALCADE.png 1360w\" sizes=\"auto, (max-width: 300px) 100vw, 300px\" \/><\/a>FALCADE <\/strong>A Molino nella fase finale della pista di rientro Le Buse \u2013 Molino sar\u00e0 operativo, a partire dal 12 luglio e per tutta l\u2019 estate, un centro multidisciplinare in materiale sintetico Neveplast studiato per permettere agli atleti dello sci alpino e dello snowboard di allenare la fase della partenza durante il periodo estivo, anche in alternativa al ghiacciaio. Il progetto prevede due partenze ideate per gli sciatori, una pi\u00f9 ripida (54%) e l\u2019altra pi\u00f9 piana (40%) per esercitare differenti set up che si trovano in gara. Il carnet di partenze \u00e8 completato da un pump track con whoops per gli specialisti del cross, SBX e SKI. La pista si sviluppa su una dimensione di circa 500 m2 . Per rilevare la velocit\u00e0 in partenza degli atleti sono stati disposti, subito dopo il cancelletto e alla fine della discesa, dei sistemi di rilevazione cronometrica. Con il concept Neveplast \u00e8 possibile ripetere pi\u00f9 volte il movimento tecnico della partenza per poi riportare le stesse sensazioni sulla neve. Il format Falcade Start Section \u00e8 stato pensato principalmente per gli atleti dello Ski College Veneto, fiore all\u2019 occhiello del Comune di Falcade, che da quasi 30 anni ospita studenti \u2013 sciatori da tutta Italia e, attraverso un programma che coniuga in modo armonico sport e scuola, li forgia a costruire una carriera di campioni o professionisti degli sport invernali. Ora i ragazzi dello Ski College Veneto hanno uno strumento didattico in pi\u00f9 per essere competitivi in gara. Con la pista Falcade Start Section potranno migliorare il gesto tecnico dell\u2019uscita dal cancelletto senza spostasi da casa, anche d\u2019estate. Il centro \u00e8 inoltre aperto a tutti gli sci club d\u2019Italia ( in primis lo Sci Club Val Biois) che possono organizzare ritiri agonistici estivi a Falcade, sci ai piedi. La gestione delle prenotazioni per gli allenamenti in pista \u00e8 stata assegnata alla Ski Area San Pellegrino e per l\u2019 estate 2020 l\u2019 utilizzo \u00e8 completamente gratuito. Tra gli atleti del Jet- set di Coppa del mondo che utilizzano il format Neveplast Start Section brillano i nomi di Carlo Janka, star svizzera delle discipline veloci che da 4 anni si allena d\u2019estate sul Neveplast insieme ai compagni dello squadrone Swiss Ski team. Nello SBX, la campionessa bergamasca Michela Moioli a Selvino ha un Neveplast pump track costruito su misura per lei. Il concept Neveplast dedicato alle partenze ha una dominate declinazione agonistica ma vuole essere per Falcade anche un autentico volano di promozione del territorio e un ottimo palcoscenico per eventi . A proposito di eventi il primo in calendario \u00e8 fissato per il 12 luglio quando la carovana di Donnavventura far\u00e0 tappa a Falcade per raccontare le meraviglie del bellunese durante la registrazione del format \u201cDonnavventura Italia\u201d, in onda su Rete 4. Dopo le riprese in paese toccher\u00e0 proprio alle ragazze di Donnavventura il collaudo della pista Neveplast a Molino. Non sar\u00e0 una prima assoluta per le belle e avventurose reporter: Donnavventura ha infatti inaugurato a ottobre 2019 la famosa pista Neveplast di Copenhill: 400 metri di lunghezza sul tetto del termovalorizzatore in centro a Copenaghen. Il progetto Neveplast Start Section di Molino nasce da un\u2019idea di Davide Pettini, membro del Cda dello Ski College Veneto che, di fronte alle restrizioni imposte dall\u2019emergenza da COVID-19, pensa ad un\u2019alternativa alla neve per garantire l\u2019 allenamento sugli sci degli atleti del College. La scelta cade facile su Neveplast, azienda che Davide conosce bene e con cui ha gi\u00e0 organizzato eventi in citt\u00e0. L\u2019intuizione viene condivisa subito con Luca Marchetto presidente dello Ski College Veneto e con il sindaco di Falcade Michele Costa che in tempi record passa alla fase di realizzazione. Una scelta coraggiosa quella del Comune di Falcade che in una situazione senza precedenti di fronte alla crisi post-pandemia risponde percorrendo la strada dell\u2019 innovazione, partendo dalla declinazione sportiva e dall\u2019 autenticit\u00e0 del territorio, ora pi\u00f9 che mai tra i primi drivers nelle motivazioni di viaggio. Il progetto \u00e8 ambizioso e viene realizzato grazie ad una partnership con la Ski Area San Pellegrino e al prezioso contributo di DMO Dolomiti da sempre in prima linea nell\u2019individuare progetti meritevoli ai fini della promozione turistica delle Dolomiti bellunesi.<\/p>\n<div class=\"page\" title=\"Page 4\">\n<div class=\"section\">\n<div class=\"layoutArea\">\n<div class=\"column\">\n<p><strong>Michele Costa. Sindaco di Falcade<\/strong><\/p>\n<p>\u201c<em>In uno scenario inedito di crisi generalizzata in seguito alla pandemia servivano proposte concrete. Non ci sono ricette infallibili ma \u00e8 nei momenti di difficolt\u00e0 che si colgono eventuali opportunit\u00e0. Siamo partiti dalle nostre radici e dalla grande tradizione per lo sci e gli sport invernali che da sempre ha interessato la Valle del Biois. Il comprensorio sciistico di Falcade \u00e8 stato negli anni terreno fertile di grandi sfide sciistiche e sede privilegiata di eventi sportivi internazionali. Una delle eccellenze di Falcade \u00e8 lo Ski College Veneto, fucina di campioni e realt\u00e0 di riferimento importante in Italia per i ragazzi che sognano il professionismo negli sport invernali ma non vogliono sacrificare la scuola. Il progetto Neveplast, studiato per migliorare la fase di partenza degli atleti, ci \u00e8 sembrato da subito un ottimo strumento per agevolare l allenamento dei nostri atleti, sci ai piedi, anche d\u2019 estate e un potenziale volano per l\u2019 offerta turistica estiva della nostra valle. Mi auguro che la pista diventi meta prediletta oltre che degli atleti dello Ski College e dello sci club Val Bios anche di tanti sci club limitrofi o realt\u00e0 sportive provenienti da tutta Italia. Tra gli obiettivi che ci siamo prefissati c\u2019\u00e8 quello di intercettare una nuova clientela turistica ringiovanendo anche il target di riferimento del nostro turismo estivo. Grazie a questa nuova opportunit\u00e0 credo che molti giovani potranno soggiornare qualche giorno nelle nostre belle montagne abbinando allenamento sugli sci con altre attivit\u00e0 in un contesto dolomitico meraviglioso. Con il team Neveplast abbiamo creato una bella sinergia. Spero che da questo progetto possano nascere altre collaborazioni future. In comune con l\u2019azienda bergamasca abbiamo la visione di portare sempre pi\u00f9 gente in montagna, 12 mesi all\u2019 anno<\/em>.\u201d<\/p>\n<p><strong>Renzo Minella. Marketing Manager Ski Area San Pellegrino.<\/strong><\/p>\n<\/div>\n<\/div>\n<div class=\"layoutArea\">\n<div class=\"column\">\n<p>\u201c<em>La montagna, con i suoi spazi infiniti e l\u2019\u2019aria incontaminata, dopo la pandemia \u00e8 balzata ai primi post nella wish list degli italiani. La vacanza in alta quota \u00e8 la protagonista dell\u2019 estate 2020. Il privilegio di passeggiare sui nostri sentieri dolomitici godendo di panorami mozzafiato e respirando aria pura ha acquistato un valore inestimabile in tempi di emergenza pandemica. L\u2019 evento straordinario ha cambiato in maniera irreversibile il modo di fare turismo e tutti noi operatori del settore dobbiamo farcene una ragione. Non si torna indietro ma dobbiamo guardare al futuro con proposte mirate ad attirare i turisti 12 mesi all\u2019anno potenziando l\u2019 offerta del turismo estivo dove possiamo crescere ancora, dove c\u2019\u00e8 una grossa marginalit\u00e0. Non bastano i panorami e il distanziamento garantito per fare turismo: il turista \u00e8 sempre pi\u00f9 curioso e deve essere stimolato con servizi nuovi che rendano il suo soggiorno rilassante ma anche attivo e divertente. Quest\u2019estate, a causa delle note restrizioni imposte dall\u2019emergenza, abbiamo dovuto cancellare alcuni eventi ma proprio sulla pista Falcade Start Section sono in calendario due grandi appuntamenti in cui coinvolgeremo il movimento italiano dello sci con la presenza di grandi campioni e piccoli atleti del settore giovanile. Da impiantista e da stratega del marketing di montagna l\u2019idea di Neveplast di garantire la neve e quindi gli allenamenti sugli sci anche d\u2019 estate mi sembra un ottimo modo di allungare la stagione invernale, sempre troppo breve<\/em>\u201d<\/p>\n<\/div>\n<\/div>\n<\/div>\n<\/div>\n<p>&nbsp;<\/p>\n<p>&nbsp;<\/p>\n<hr \/>\n<p>&nbsp;<\/p>\n<blockquote>\n<h3>GIUGNO: MOLTE PIOGGE E TEMPERATURE DIURNE PIU&#8217; BASSE DELLA NORMA<\/h3>\n<\/blockquote>\n<p><strong><a class=\"dt-pswp-item\" href=\"https:\/\/www.radiopiu.net\/wordpress\/wp-content\/uploads\/2020\/07\/dfc66fd3-363a-4396-b193-31e8c1378357.jpg\" data-dt-img-description=\"\" data-large_image_width=\"2048\" data-large_image_height=\"1024\"><img loading=\"lazy\" decoding=\"async\" class=\"size-medium wp-image-148554 alignleft\" src=\"https:\/\/www.radiopiu.net\/wordpress\/wp-content\/uploads\/2020\/07\/dfc66fd3-363a-4396-b193-31e8c1378357-300x150.jpg\" alt=\"\" width=\"300\" height=\"150\" srcset=\"https:\/\/www.radiopiu.net\/wordpress\/wp-content\/uploads\/2020\/07\/dfc66fd3-363a-4396-b193-31e8c1378357-300x150.jpg 300w, https:\/\/www.radiopiu.net\/wordpress\/wp-content\/uploads\/2020\/07\/dfc66fd3-363a-4396-b193-31e8c1378357-1024x512.jpg 1024w, https:\/\/www.radiopiu.net\/wordpress\/wp-content\/uploads\/2020\/07\/dfc66fd3-363a-4396-b193-31e8c1378357-768x384.jpg 768w, https:\/\/www.radiopiu.net\/wordpress\/wp-content\/uploads\/2020\/07\/dfc66fd3-363a-4396-b193-31e8c1378357-1536x768.jpg 1536w, https:\/\/www.radiopiu.net\/wordpress\/wp-content\/uploads\/2020\/07\/dfc66fd3-363a-4396-b193-31e8c1378357.jpg 2048w\" sizes=\"auto, (max-width: 300px) 100vw, 300px\" \/><\/a>PADOVA<\/strong>\u00a0 In Veneto il primo mese dell\u2019estate meteorologica si \u00e8 dimostrato ancora piuttosto instabile e fresco, specie nella prima parte, con temperature diurne mediamente inferiori alla norma (media delle massime di 1.3\u00b0C inferiore alla<br \/>\nnorma, tra le pi\u00f9 basse dal 1992, dopo quelle del 1995 e del 1997) e molto piovoso, risultando il secondo tra i pi\u00f9 piovosi della serie storica, preceduto di poco dal lontano giugno del 1995. Per gran parte del mese, in modo particolare le prime due decadi, hanno prevalso correnti cicloniche instabili relativamente fresche, con tempo assai variabile e a tratti instabile su tutta la regione, precipitazioni generalmente a carattere di rovescio o di temporale, anche associate a locali fenomeni intensi accompagnati da grandinate. La frequente copertura nuvolosa e l\u2019aria relativamente fresca hanno inciso soprattutto sull\u2019andamento delle temperature massime, che sono risultate inferiori alla norma su tutta la regione, specie sulle zone montane e pedemontane, mentre nella terza decade la prevalente presenza dell\u2019alta pressione, ha determinato una situazione pi\u00f9 tipicamente estiva con valori termici superiori alla norma di qualche grado. Nell\u2019arco del mese le piogge sono state ben distribuite, tuttavia le prime due decadi sono state le pi\u00f9 piovose, con quantitativi totali mensili superiori alla norma in tutte le stazioni; la maggiore quantit\u00e0 di precipitazione si \u00e8 registrata sulle zone orientali delle Prealpi e della pianura, dove si sono generalmente superati i 300 mm, localmente anche i 400, come a Follina (TV), mentre l\u2019area meno piovosa \u00e8 risultata la pianura rodigina dove la cumulata totale \u00e8 stata compresa tra i 40 e i 100 mm. Le zone che hanno fatto registrare un surplus pluviometrico rispetto ai valori normali pi\u00f9 elevato sono state le zone prealpine orientali e la pianura nord-orientale dove gli apporti mensili sono stati anche pi\u00f9 del doppio di quelli normali.<\/p>\n<p>&nbsp;<\/p>\n<p>&nbsp;<\/p>\n<hr \/>\n<div class=\"page-title-head hgroup\">\n<blockquote>\n<h3><\/h3>\n<h3 class=\"entry-title\">LO SPETTACOLO DELLA COMETA NEOWISE<\/h3>\n<\/blockquote>\n<\/div>\n<div class=\"page-title-breadcrumbs\">\n<p><strong>di Claudio Pra<\/strong><\/p>\n<p>La comparsa di una luminosa cometa \u00e8 uno degli spettacoli pi\u00f9 grandiosi che il cielo possa mettere in scena. Purtroppo questo genere di oggetti celesti sono merce rara, tanto che per trovare l\u2019ultima comete realmente brillante ed osservabile in condizioni prospettiche favorevoli dobbiamo tornare indietro di ben 23 anni, al 1997. Proprio in questi giorni per\u00f2, appena passata al perielio, per i meno esperti il punto dell\u2019orbita pi\u00f9 vicino al Sole, la cometa NEOWISE sta brillano sui nostri cieli luminosa e ed avvistabile ad occhio nudo, con la coda di polveri davvero spettacolare. Attualmente, per poterla osservare, occorre alzarsi in piena notte, verso le 3.30 e disporre di un luogo dall\u2019orizzonte molto ampio verso nord-est. Avvisarla senza strumenti sar\u00e0 facile, ma se la si punter\u00e0 almeno con un piccolo binocolo si rester\u00e0 a bocca letteralmente aperta, osservando una magnifica coda molto evidente fuoriuscire da un piccolo nucleo stellare.<\/p>\n<p class=\"photoswipe-wrapper\"><a class=\"dt-pswp-item pspw-wrap-ready\" href=\"https:\/\/i2.wp.com\/www.radiopiu.net\/wordpress\/wp-content\/uploads\/2020\/07\/b1b1da8a-877e-4187-833d-7aaeda9821da.jpg?ssl=1\" data-dt-img-description=\"\" data-large_image_width=\"1487\" data-large_image_height=\"1116\"><img loading=\"lazy\" decoding=\"async\" class=\"alignnone wp-image-148483 jetpack-lazy-image jetpack-lazy-image--handled\" src=\"https:\/\/i2.wp.com\/www.radiopiu.net\/wordpress\/wp-content\/uploads\/2020\/07\/b1b1da8a-877e-4187-833d-7aaeda9821da.jpg?resize=440%2C330&amp;ssl=1\" sizes=\"auto, (max-width: 440px) 100vw, 440px\" srcset=\"https:\/\/i2.wp.com\/www.radiopiu.net\/wordpress\/wp-content\/uploads\/2020\/07\/b1b1da8a-877e-4187-833d-7aaeda9821da.jpg?resize=300%2C225&amp;ssl=1 300w, https:\/\/i2.wp.com\/www.radiopiu.net\/wordpress\/wp-content\/uploads\/2020\/07\/b1b1da8a-877e-4187-833d-7aaeda9821da.jpg?resize=1024%2C769&amp;ssl=1 1024w, https:\/\/i2.wp.com\/www.radiopiu.net\/wordpress\/wp-content\/uploads\/2020\/07\/b1b1da8a-877e-4187-833d-7aaeda9821da.jpg?resize=768%2C576&amp;ssl=1 768w, https:\/\/i2.wp.com\/www.radiopiu.net\/wordpress\/wp-content\/uploads\/2020\/07\/b1b1da8a-877e-4187-833d-7aaeda9821da.jpg?w=1487&amp;ssl=1 1487w\" alt=\"\" width=\"440\" height=\"330\" data-recalc-dims=\"1\" data-lazy-loaded=\"1\" \/><\/a><a class=\"dt-pswp-item pspw-wrap-ready\" href=\"https:\/\/i2.wp.com\/www.radiopiu.net\/wordpress\/wp-content\/uploads\/2020\/07\/1baa88b7-5127-4c61-b54f-90e1f8f3ab46.jpg?ssl=1\" data-dt-img-description=\"\" data-large_image_width=\"1487\" data-large_image_height=\"1117\"><img loading=\"lazy\" decoding=\"async\" class=\"alignnone wp-image-148484 jetpack-lazy-image jetpack-lazy-image--handled\" src=\"https:\/\/i2.wp.com\/www.radiopiu.net\/wordpress\/wp-content\/uploads\/2020\/07\/1baa88b7-5127-4c61-b54f-90e1f8f3ab46.jpg?resize=441%2C331&amp;ssl=1\" sizes=\"auto, (max-width: 441px) 100vw, 441px\" srcset=\"https:\/\/i2.wp.com\/www.radiopiu.net\/wordpress\/wp-content\/uploads\/2020\/07\/1baa88b7-5127-4c61-b54f-90e1f8f3ab46.jpg?resize=300%2C225&amp;ssl=1 300w, https:\/\/i2.wp.com\/www.radiopiu.net\/wordpress\/wp-content\/uploads\/2020\/07\/1baa88b7-5127-4c61-b54f-90e1f8f3ab46.jpg?resize=1024%2C769&amp;ssl=1 1024w, https:\/\/i2.wp.com\/www.radiopiu.net\/wordpress\/wp-content\/uploads\/2020\/07\/1baa88b7-5127-4c61-b54f-90e1f8f3ab46.jpg?resize=768%2C577&amp;ssl=1 768w, https:\/\/i2.wp.com\/www.radiopiu.net\/wordpress\/wp-content\/uploads\/2020\/07\/1baa88b7-5127-4c61-b54f-90e1f8f3ab46.jpg?w=1487&amp;ssl=1 1487w\" alt=\"\" width=\"441\" height=\"331\" data-recalc-dims=\"1\" data-lazy-loaded=\"1\" \/><\/a><\/p>\n<\/div>\n<p>&nbsp;<\/p>\n<p>&nbsp;<\/p>\n<div class=\"page-title-breadcrumbs\">\n<hr \/>\n<\/div>\n<p>&nbsp;<\/p>\n<p>&nbsp;<\/p>\n<blockquote>\n<h3>ARCIPELAGO BAMBINI, LA MAPPA DI COMUNITA&#8217; NELL&#8217;ISOLA DI SEDICO E SANTA GIUSTINA<\/h3>\n<\/blockquote>\n<p><strong> <a class=\"dt-pswp-item\" href=\"https:\/\/www.radiopiu.net\/wordpress\/wp-content\/uploads\/2020\/07\/MAPPA-COMUNITA-SEDICO-2-2.png\" data-dt-img-description=\"\" data-large_image_width=\"1500\" data-large_image_height=\"1072\"><img loading=\"lazy\" decoding=\"async\" class=\" wp-image-148581 alignleft\" src=\"https:\/\/www.radiopiu.net\/wordpress\/wp-content\/uploads\/2020\/07\/MAPPA-COMUNITA-SEDICO-2-2-300x214.png\" alt=\"\" width=\"206\" height=\"147\" srcset=\"https:\/\/www.radiopiu.net\/wordpress\/wp-content\/uploads\/2020\/07\/MAPPA-COMUNITA-SEDICO-2-2-300x214.png 300w, https:\/\/www.radiopiu.net\/wordpress\/wp-content\/uploads\/2020\/07\/MAPPA-COMUNITA-SEDICO-2-2-1024x732.png 1024w, https:\/\/www.radiopiu.net\/wordpress\/wp-content\/uploads\/2020\/07\/MAPPA-COMUNITA-SEDICO-2-2-768x549.png 768w, https:\/\/www.radiopiu.net\/wordpress\/wp-content\/uploads\/2020\/07\/MAPPA-COMUNITA-SEDICO-2-2.png 1500w\" sizes=\"auto, (max-width: 206px) 100vw, 206px\" \/><\/a>SEDICO<\/strong>\u00a0 Il percorso\u00a0\u00a0\u201cI LUOGHI CHE VIVIAMO\u201d ha interessato anche l\u2019Isola di Sedico-Santa Giustina che ha elaborato la sua mappa di comunit\u00e0.\u00a0 Insegnanti, genitori e rappresentanti delle comunit\u00e0 hanno partecipato a 3 incontri coordinati dai partner di Arcipelago Bambini, un progetto selezionato da Con i bambini nell\u2019ambito del fondo per il contrasto della povert\u00e0 educativa minorile. Gli incontri si sono svolti all\u2019asilo nido Ca\u2019 Gioiosa di Sedico. Nella mappa, in corrispondenza di ciascun nucleo abitato, si possono ritrovare i luoghi da loro segnalati e che riguardano<br \/>\n\u2013 le scuole e gli asili\u00a0 \u2013 gli eventi rivolti alle famiglie e ai bambini \u2013 i servizi specificatamente rivolti ai bambini e alle famiglie (ludoteche, biblioteche, spazi gioco\u2026) \u2013 le parrocchie \u2013 i parchi aperti al pubblico e le aree verdi (passeggiate, piste ciclabili, percorsi\u2026) \u2013 i luoghi dello sport (piscine, campi, palestre\u2026) \u2013 esercizi commerciali (bar, ristoranti, gelaterie, con spazi dedicati ai bambini e considerati come punti di ritrovo).\u201d<\/p>\n<p>&nbsp;<\/p>\n<p>&nbsp;<\/p>\n<hr \/>\n<p>&nbsp;<\/p>\n<blockquote>\n<h3>UNA BELLA E INTERESSANTE NOVITA\u2019 EDITORIALE: \u201cALL\u2019OMBRA DEL GRANDE FAGGIO\u201d DI ANTONIO \u201cTONI\u201d TEGNER: PICCOLE COSE E FORTI EMOZIONI DI UN RIBELLE GENTILE<\/h3>\n<\/blockquote>\n<p><strong>di LORIS SANTOMASO<\/strong><\/p>\n<p><a class=\"dt-pswp-item\" href=\"https:\/\/www.radiopiu.net\/wordpress\/wp-content\/uploads\/2020\/07\/Antonio-Tegner-Allombra-del-grande-faggio.jpg\" data-dt-img-description=\"\" data-large_image_width=\"940\" data-large_image_height=\"1313\"><img loading=\"lazy\" decoding=\"async\" class=\" wp-image-148662 alignleft\" src=\"https:\/\/www.radiopiu.net\/wordpress\/wp-content\/uploads\/2020\/07\/Antonio-Tegner-Allombra-del-grande-faggio-215x300.jpg\" alt=\"\" width=\"264\" height=\"368\" srcset=\"https:\/\/www.radiopiu.net\/wordpress\/wp-content\/uploads\/2020\/07\/Antonio-Tegner-Allombra-del-grande-faggio-215x300.jpg 215w, https:\/\/www.radiopiu.net\/wordpress\/wp-content\/uploads\/2020\/07\/Antonio-Tegner-Allombra-del-grande-faggio-733x1024.jpg 733w, https:\/\/www.radiopiu.net\/wordpress\/wp-content\/uploads\/2020\/07\/Antonio-Tegner-Allombra-del-grande-faggio-768x1073.jpg 768w, https:\/\/www.radiopiu.net\/wordpress\/wp-content\/uploads\/2020\/07\/Antonio-Tegner-Allombra-del-grande-faggio.jpg 940w\" sizes=\"auto, (max-width: 264px) 100vw, 264px\" \/><\/a>Prima di manifestarsi \u201cAll\u2019ombra del grande faggio\u201d, Antonio \u201cToni\u201d Tegner, da Campaz di Sospirolo, s\u2019era timidamente affacciato (come \u00e8 nel suo carattere schivo e discreto) sulle pagine di \u201cLe Dolomiti Bellunesi\u201d, la rassegna semestrale delle sezioni bellunesi del CAI (\u00e8 socio della sezione Agordina). Lo aveva fatto nel numero di Natale 2018, con \u201cIl contatto della Montagna\u201d, un breve racconto in cui si calava nei panni di un immaginario sindaco alle prese con i bisogni e le problematiche della gente di un disagiato villaggio alpino, minacciato dalla speculazione turistico-edilizia. Dibattuto fra la volont\u00e0 di proteggere il territorio o permetterne l\u2019invasione del \u201cprogresso\u201d (fra virgolette) degli impianti di risalita, con personale vantaggio elettorale, sale meditabondo lungo un ripido sentiero per immergersi nella quiete di quell\u2019amb\u00ecto lembo di montagna, alla ricerca della migliore ispirazione. Che trover\u00e0 nel saggio consiglio di un misterioso e solitario vecchietto. Un\u2019atmosfera questa, fra le tante altre, che ritroviamo pure in \u201cAll\u2019ombra del grande faggio\u201d, la prima fatica letteraria di Toni Tegner (ma siamo certi non sar\u00e0 la sola), da qualche settimana anche nelle nostre edicole e librerie, che ha gi\u00e0 incontrato il gradimento di tanti lettori, in particolare degli amanti della montagna e del suo \u201cspirito\u201d pi\u00f9 autentico, nonch\u00e9 il riscontro di favorevoli recensioni. Il libro \u00e8 impreziosito da belle immagini di elementi naturali e fauna locale dell\u2019amico Denis Rambaldi. Quell\u2019\u201canimus\u201d che l\u2019autore non ha respirato solo nei Monti del sole, l\u2019ambiente preferito delle sue origini, ma sicuramente anche fra i monti agordini percorsi nel tempo libero di quando lavorava all\u2019ospedale di Agordo. Una ridda di pensieri, impressioni, emozioni, riflessioni, percezioni, umori, atteggiamenti, i rapporti famigliari e col prossimo, i sentimenti pi\u00f9 intimi sono il florilegio di questi 14 racconti condensati in 130 pagine il cui denominatore comune resta la montagna. Montagna come rifugio e libert\u00e0 dalle masse e dalla confusione, montagna come bisogno insostituibile di ritrovare se stessi, fuori dalle situazioni standardizzate, fatte di virtuale, senza pi\u00f9 cuore n\u00e9 fantasia. Quella che non manca a Toni Tegner e che nel silenzio del bosco, nell\u2019incontro dei pastori, degli animali, immerso nella natura del monte, trova l\u2019ispirazione e la capacit\u00e0 di sognare nella convinzione che tramite il sogno e buone amicizie si possono immaginare, costruire e realizzare nuovi percorsi di vita non omologati. \u00abMentre i conflitti interiori continuano ad entrare e uscire dalla mia testa\u00bb, si confessa Tegner, \u00abmi ritrovo libero in un ambiente dove i rumori sono cambiati in maniera drastica, dal brusio del traffico cittadino sono passato al cinguettare felice e spensierato degli uccellini, al verso del cuculo\u2026, al saltellare dei merli, al piroettare di farfalle di variegati colori e al rincorrersi festoso di gruppi di rondini, tutto questo mi mette di buon umore e mi da la parvenza di essere pi\u00f9 leggero e dinamico\u00bb. Insomma, racconti con il profumo di libert\u00e0 e natura, ma anche di poesia; pensieri,esperienze di vita e fantasia si fondono per poter riscoprire la bellezza di quelle montagne che molti hanno dimenticato. Ma non solo: messaggi importanti che arrivano al lettore come una dolce carezza sul viso. Un modo delicato di riscoprire cosa ci circonda, con cui Toni ci dona le sue emozioni e il suo vissuto per riscoprire il vero valore di cosa ci circonda. Al lettore il piacere di camminare lungo questi sentieri, scoprendoli leggendo questo bel libro all\u2019ombra di un faggio, in mezzo alla natura all\u2019aperto, o comodamente seduto sul divano di casa nel relax pomeridiano o nel dopo cena in alternativa agli stereotipi estivi della TV<\/p>\n<p>&nbsp;<\/p>\n<p>&nbsp;<\/p>\n<hr \/>\n<p>&nbsp;<\/p>\n<blockquote class=\"wp-embedded-content\" data-secret=\"et8VU1I6X9\"><p><a href=\"https:\/\/www.radiopiu.net\/wordpress\/la-cattedrale-di-belluno-dopo-il-terremoto-del-1936-di-renato-bona\/\">LA CATTEDRALE DI BELLUNO DOPO IL TERREMOTO DEL 1936\u201d di RENATO BONA<\/a><\/p><\/blockquote>\n<p><iframe loading=\"lazy\" class=\"wp-embedded-content\" sandbox=\"allow-scripts\" security=\"restricted\" style=\"position: absolute; clip: rect(1px, 1px, 1px, 1px);\" title=\"&#8220;LA CATTEDRALE DI BELLUNO DOPO IL TERREMOTO DEL 1936\u201d di RENATO BONA&#8221; &#8212; Radio Pi\u00f9\" src=\"https:\/\/www.radiopiu.net\/wordpress\/la-cattedrale-di-belluno-dopo-il-terremoto-del-1936-di-renato-bona\/embed\/#?secret=et8VU1I6X9\" data-secret=\"et8VU1I6X9\" width=\"600\" height=\"338\" frameborder=\"0\" marginwidth=\"0\" marginheight=\"0\" scrolling=\"no\"><\/iframe><\/p>\n<p>&nbsp;<\/p>\n<p>&nbsp;<\/p>\n<p>&nbsp;<\/p>\n<hr \/>\n<h3 class=\"photoswipe-wrapper\"><a class=\"dt-pswp-item pspw-wrap-ready\" href=\"https:\/\/i2.wp.com\/www.radiopiu.net\/wordpress\/wp-content\/uploads\/2018\/09\/appuntamenti.jpeg?ssl=1\" data-dt-img-description=\"\" data-large_image_width=\"800\" data-large_image_height=\"100\"><img loading=\"lazy\" decoding=\"async\" class=\"alignnone wp-image-61958 size-full jetpack-lazy-image jetpack-lazy-image--handled\" src=\"https:\/\/i2.wp.com\/www.radiopiu.net\/wordpress\/wp-content\/uploads\/2018\/09\/appuntamenti.jpeg?resize=800%2C100&amp;ssl=1\" sizes=\"auto, (max-width: 800px) 100vw, 800px\" srcset=\"https:\/\/i2.wp.com\/www.radiopiu.net\/wordpress\/wp-content\/uploads\/2018\/09\/appuntamenti.jpeg?w=800&amp;ssl=1 800w, https:\/\/i2.wp.com\/www.radiopiu.net\/wordpress\/wp-content\/uploads\/2018\/09\/appuntamenti.jpeg?resize=300%2C38&amp;ssl=1 300w, https:\/\/i2.wp.com\/www.radiopiu.net\/wordpress\/wp-content\/uploads\/2018\/09\/appuntamenti.jpeg?resize=768%2C96&amp;ssl=1 768w\" alt=\"\" width=\"800\" height=\"100\" data-lazy-loaded=\"1\" \/><\/a><\/h3>\n<p>&nbsp;<\/p>\n<blockquote>\n<h2>\u00a0WINE E WELLNES, ASSAGGI DI VINO E BENESSERE<\/h2>\n<\/blockquote>\n<p><strong>LIVINALLONGO<\/strong> Domenica al Rifugio Burz di Arabba la prestigiosa cantina Zenato dalla Valpolicella che produce vini pregiati come amarone, lugana, ripasso, presenter\u00e0 la sua linea biologica Sansonina dando la possibilit\u00e0 ai partecipanti di degustare gratuitamente queste eccellenze tra le quali i vini evaluna, merlot, sansonina e lugana a fermentazione spontanea. Sar\u00e0 presenta Nadia Zenato, titolare della cantina che racconter\u00e0 come \u00e8 nata l&#8217;idea di creare una linea bio, le particolarit\u00e0 dei vini e lo stretto rapporto tra uva, vita e benessere a livello di trattamenti estetici. Un numero limitato di persone potr\u00e0 godere in un zona riservata del Rifugio dei trattamenti benessere al viso con l&#8217;utilizzo di una maschera alla vite e riflessologia a gruppi di due nel rispetto della privacy. Prenotazioni entro domani mattina al 347 7813633. Il rifugio Burz si raggiunge in 5 minuti con la seggiovia dal centro di Arabba, a piedi in 45 minuti.<\/p>\n<p>&nbsp;<\/p>\n<p>&nbsp;<\/p>\n<hr \/>\n<p>&nbsp;<\/p>\n<p>&nbsp;<\/p>\n<blockquote>\n<h3 id=\"tw-target-text\" class=\"tw-data-text tw-text-large XcVN5d tw-ta\" dir=\"ltr\" data-placeholder=\"Traduzione\"><span lang=\"en\">appointments recommended by radio pi\u00f9<\/span><\/h3>\n<\/blockquote>\n<h3 class=\"photoswipe-wrapper\"><a class=\"dt-pswp-item pspw-wrap-ready\" href=\"https:\/\/i1.wp.com\/www.radiopiu.net\/wordpress\/wp-content\/uploads\/2020\/07\/deefa12b-4c82-408d-984a-df528b05fe0e.jpg?ssl=1\" data-dt-img-description=\"\" data-large_image_width=\"1143\" data-large_image_height=\"1600\"><img loading=\"lazy\" decoding=\"async\" class=\"alignnone size-medium wp-image-148340 jetpack-lazy-image jetpack-lazy-image--handled\" src=\"https:\/\/i1.wp.com\/www.radiopiu.net\/wordpress\/wp-content\/uploads\/2020\/07\/deefa12b-4c82-408d-984a-df528b05fe0e.jpg?resize=214%2C300&amp;ssl=1\" sizes=\"auto, (max-width: 214px) 100vw, 214px\" srcset=\"https:\/\/i1.wp.com\/www.radiopiu.net\/wordpress\/wp-content\/uploads\/2020\/07\/deefa12b-4c82-408d-984a-df528b05fe0e.jpg?resize=214%2C300&amp;ssl=1 214w, https:\/\/i1.wp.com\/www.radiopiu.net\/wordpress\/wp-content\/uploads\/2020\/07\/deefa12b-4c82-408d-984a-df528b05fe0e.jpg?resize=732%2C1024&amp;ssl=1 732w, https:\/\/i1.wp.com\/www.radiopiu.net\/wordpress\/wp-content\/uploads\/2020\/07\/deefa12b-4c82-408d-984a-df528b05fe0e.jpg?resize=768%2C1075&amp;ssl=1 768w, https:\/\/i1.wp.com\/www.radiopiu.net\/wordpress\/wp-content\/uploads\/2020\/07\/deefa12b-4c82-408d-984a-df528b05fe0e.jpg?resize=1097%2C1536&amp;ssl=1 1097w, https:\/\/i1.wp.com\/www.radiopiu.net\/wordpress\/wp-content\/uploads\/2020\/07\/deefa12b-4c82-408d-984a-df528b05fe0e.jpg?w=1143&amp;ssl=1 1143w\" alt=\"\" width=\"214\" height=\"300\" data-recalc-dims=\"1\" data-lazy-loaded=\"1\" \/><\/a><a class=\"dt-pswp-item pspw-wrap-ready\" href=\"https:\/\/i0.wp.com\/www.radiopiu.net\/wordpress\/wp-content\/uploads\/2020\/07\/4dd872a2-f52d-4a12-9746-816401dfe394.jpg?ssl=1\" data-dt-img-description=\"\" data-large_image_width=\"1131\" data-large_image_height=\"1600\"><img loading=\"lazy\" decoding=\"async\" class=\"alignnone size-medium wp-image-148324 jetpack-lazy-image jetpack-lazy-image--handled\" src=\"https:\/\/i0.wp.com\/www.radiopiu.net\/wordpress\/wp-content\/uploads\/2020\/07\/4dd872a2-f52d-4a12-9746-816401dfe394.jpg?resize=212%2C300&amp;ssl=1\" sizes=\"auto, (max-width: 212px) 100vw, 212px\" srcset=\"https:\/\/i0.wp.com\/www.radiopiu.net\/wordpress\/wp-content\/uploads\/2020\/07\/4dd872a2-f52d-4a12-9746-816401dfe394.jpg?resize=212%2C300&amp;ssl=1 212w, https:\/\/i0.wp.com\/www.radiopiu.net\/wordpress\/wp-content\/uploads\/2020\/07\/4dd872a2-f52d-4a12-9746-816401dfe394.jpg?resize=724%2C1024&amp;ssl=1 724w, https:\/\/i0.wp.com\/www.radiopiu.net\/wordpress\/wp-content\/uploads\/2020\/07\/4dd872a2-f52d-4a12-9746-816401dfe394.jpg?resize=768%2C1086&amp;ssl=1 768w, https:\/\/i0.wp.com\/www.radiopiu.net\/wordpress\/wp-content\/uploads\/2020\/07\/4dd872a2-f52d-4a12-9746-816401dfe394.jpg?resize=1086%2C1536&amp;ssl=1 1086w, https:\/\/i0.wp.com\/www.radiopiu.net\/wordpress\/wp-content\/uploads\/2020\/07\/4dd872a2-f52d-4a12-9746-816401dfe394.jpg?w=1131&amp;ssl=1 1131w\" alt=\"\" width=\"212\" height=\"300\" data-recalc-dims=\"1\" data-lazy-loaded=\"1\" \/><\/a><a class=\"dt-pswp-item pspw-wrap-ready\" href=\"https:\/\/i0.wp.com\/www.radiopiu.net\/wordpress\/wp-content\/uploads\/2020\/07\/58dca1a9-4ede-4a8d-99fb-6357d98c7306.jpg?ssl=1\" data-dt-img-description=\"\" data-large_image_width=\"620\" data-large_image_height=\"877\"><img loading=\"lazy\" decoding=\"async\" class=\"wp-image-147749 jetpack-lazy-image jetpack-lazy-image--handled alignleft\" src=\"https:\/\/i0.wp.com\/www.radiopiu.net\/wordpress\/wp-content\/uploads\/2020\/07\/58dca1a9-4ede-4a8d-99fb-6357d98c7306.jpg?resize=620%2C877&amp;ssl=1\" sizes=\"auto, (max-width: 620px) 100vw, 620px\" srcset=\"https:\/\/i0.wp.com\/www.radiopiu.net\/wordpress\/wp-content\/uploads\/2020\/07\/58dca1a9-4ede-4a8d-99fb-6357d98c7306.jpg?w=620&amp;ssl=1 620w, https:\/\/i0.wp.com\/www.radiopiu.net\/wordpress\/wp-content\/uploads\/2020\/07\/58dca1a9-4ede-4a8d-99fb-6357d98c7306.jpg?resize=212%2C300&amp;ssl=1 212w\" alt=\"\" width=\"205\" height=\"290\" data-lazy-loaded=\"1\" \/><\/a><\/h3>\n<p>&nbsp;<\/p>\n<p>&nbsp;<\/p>\n<blockquote>\n<h3>PENSO A TE, IL SECONDO SINGOLO JOHN WISE,\u00a0 IN PROGRAMMAZIONE ANCHE ALLA RADIO<\/h3>\n<\/blockquote>\n<p>Ecco a voi il secondo singolo dei nuovi EP! Il video parla di un&#8217;amore non corrisposto ma nello stesso tempo le possibilit\u00e0 che esso crea, come ogni cosa inizia e finisce, per poi ricominciare di nuovo.. Mettete un like e condividete se il video vi \u00e8 piaciuto. Fateci sapere cosa ne pensate nei commenti, siamo curiosi di sapere le vostre opinioni! Ringraziamo\u00a0<a class=\"profileLink\" href=\"https:\/\/www.facebook.com\/mobartben\/?__tn__=K-R&amp;eid=ARBMroF_F136M6ZVOYneYqYGx-wEZOqnFfrjlmh921zICVypIOrr0ZWw9PIlG4LLM079-ZQtLSCnZhGX&amp;fref=mentions&amp;__xts__%5B0%5D=68.ARDyppW_kOfUs_cyW6VHMRGmsSnDN5qQMm3aipWWoU-yamJXUS2GEctkCXfzNaJBlBFVrPtvBYUt7CqOZP3S1c4NJvXiCH9ZvGHt1zqnzzthUW97OrkNtiFlAtVHd6uVebqzSUlLkjVrSLnoJl2D7yGVfE9Id0DShbx1RBVVwSTBcGh1nRZrZJ-ho6DpMBAVakuPXagJ9JIo759z3XphayiV9XYIPWp-pUSdZNNZYkyBc0jwdfaY8P4E9p2lrLRwp2p1VuByGqF11lFALot-SyUE9lT29aIvTuZJDP-Bhd95dTXL_ZSukbjFM6oaAvhDZp-K8vlBzq4kLG3PyxdiTYCBQ1WVFxbEwoV_y6j_d0_vKzU\" data-hovercard=\"\/ajax\/hovercard\/page.php?id=1524641361109440&amp;extragetparams=%7B%22__tn__%22%3A%22%2CdK-R-R%22%2C%22eid%22%3A%22ARBMroF_F136M6ZVOYneYqYGx-wEZOqnFfrjlmh921zICVypIOrr0ZWw9PIlG4LLM079-ZQtLSCnZhGX%22%2C%22fref%22%3A%22mentions%22%7D\" data-hovercard-prefer-more-content-show=\"1\">Mobart Ben<\/a>\u00a0e\u00a0<a class=\"profileLink\" href=\"https:\/\/www.facebook.com\/TheBulldogPubFeltre\/?__tn__=K-R&amp;eid=ARDWE5L6oW7MBuupiqZdCnUFCGfN9bA8hblrhKQZPz6jCevLysOUzSxi4dbOIGrAyAyoH4RW5trH9nIw&amp;fref=mentions&amp;__xts__%5B0%5D=68.ARDyppW_kOfUs_cyW6VHMRGmsSnDN5qQMm3aipWWoU-yamJXUS2GEctkCXfzNaJBlBFVrPtvBYUt7CqOZP3S1c4NJvXiCH9ZvGHt1zqnzzthUW97OrkNtiFlAtVHd6uVebqzSUlLkjVrSLnoJl2D7yGVfE9Id0DShbx1RBVVwSTBcGh1nRZrZJ-ho6DpMBAVakuPXagJ9JIo759z3XphayiV9XYIPWp-pUSdZNNZYkyBc0jwdfaY8P4E9p2lrLRwp2p1VuByGqF11lFALot-SyUE9lT29aIvTuZJDP-Bhd95dTXL_ZSukbjFM6oaAvhDZp-K8vlBzq4kLG3PyxdiTYCBQ1WVFxbEwoV_y6j_d0_vKzU\" data-hovercard=\"\/ajax\/hovercard\/page.php?id=363801264345068&amp;extragetparams=%7B%22__tn__%22%3A%22%2CdK-R-R%22%2C%22eid%22%3A%22ARDWE5L6oW7MBuupiqZdCnUFCGfN9bA8hblrhKQZPz6jCevLysOUzSxi4dbOIGrAyAyoH4RW5trH9nIw%22%2C%22fref%22%3A%22mentions%22%7D\" data-hovercard-prefer-more-content-show=\"1\">The Bulldog Pub Feltre<\/a>\u00a0per le splendide location e\u00a0<a class=\"profileLink\" href=\"https:\/\/www.facebook.com\/NEW-LOOK-Salone-di-Acconciatura-146202262112113\/?__tn__=K-R&amp;eid=ARBOOb9ylM8DEVX4WAFRxvVjuvAy7mHlM59WdbDl99oiwJzDkPRj43if2JNEUs5vJMA5mFqn185dvSfD&amp;fref=mentions&amp;__xts__%5B0%5D=68.ARDyppW_kOfUs_cyW6VHMRGmsSnDN5qQMm3aipWWoU-yamJXUS2GEctkCXfzNaJBlBFVrPtvBYUt7CqOZP3S1c4NJvXiCH9ZvGHt1zqnzzthUW97OrkNtiFlAtVHd6uVebqzSUlLkjVrSLnoJl2D7yGVfE9Id0DShbx1RBVVwSTBcGh1nRZrZJ-ho6DpMBAVakuPXagJ9JIo759z3XphayiV9XYIPWp-pUSdZNNZYkyBc0jwdfaY8P4E9p2lrLRwp2p1VuByGqF11lFALot-SyUE9lT29aIvTuZJDP-Bhd95dTXL_ZSukbjFM6oaAvhDZp-K8vlBzq4kLG3PyxdiTYCBQ1WVFxbEwoV_y6j_d0_vKzU\" data-hovercard=\"\/ajax\/hovercard\/page.php?id=146202262112113&amp;extragetparams=%7B%22__tn__%22%3A%22%2CdK-R-R%22%2C%22eid%22%3A%22ARBOOb9ylM8DEVX4WAFRxvVjuvAy7mHlM59WdbDl99oiwJzDkPRj43if2JNEUs5vJMA5mFqn185dvSfD%22%2C%22fref%22%3A%22mentions%22%7D\" data-hovercard-prefer-more-content-show=\"1\">&#8220;NEW LOOK&#8221;-Salone di Acconciatura<\/a> per le acconciature. <span class=\"text_exposed_show\">Mentre un ringraziamento speciale va a tutti coloro che hanno partecipato nel video e a chi ci ha aiutato: alessia casanova Fabio de Zaiacomo\u00a0<a class=\"profileLink\" title=\"Alessandro Lota\" href=\"https:\/\/www.facebook.com\/dezorzia?__tn__=K-R&amp;eid=ARAXCe_I21S5LLB-R5fvZPxGI8ptvkR4Byqf8uME_7syY4JSSz5L4BIatltmzdDirhYWC0ZLpOqTxFfy&amp;fref=mentions&amp;__xts__%5B0%5D=68.ARDyppW_kOfUs_cyW6VHMRGmsSnDN5qQMm3aipWWoU-yamJXUS2GEctkCXfzNaJBlBFVrPtvBYUt7CqOZP3S1c4NJvXiCH9ZvGHt1zqnzzthUW97OrkNtiFlAtVHd6uVebqzSUlLkjVrSLnoJl2D7yGVfE9Id0DShbx1RBVVwSTBcGh1nRZrZJ-ho6DpMBAVakuPXagJ9JIo759z3XphayiV9XYIPWp-pUSdZNNZYkyBc0jwdfaY8P4E9p2lrLRwp2p1VuByGqF11lFALot-SyUE9lT29aIvTuZJDP-Bhd95dTXL_ZSukbjFM6oaAvhDZp-K8vlBzq4kLG3PyxdiTYCBQ1WVFxbEwoV_y6j_d0_vKzU\" data-hovercard=\"\/ajax\/hovercard\/user.php?id=1840031957&amp;extragetparams=%7B%22__tn__%22%3A%22%2CdK-R-R%22%2C%22eid%22%3A%22ARAXCe_I21S5LLB-R5fvZPxGI8ptvkR4Byqf8uME_7syY4JSSz5L4BIatltmzdDirhYWC0ZLpOqTxFfy%22%2C%22fref%22%3A%22mentions%22%7D\" data-hovercard-prefer-more-content-show=\"1\">Alessandro Lota<\/a>\u00a0<a class=\"profileLink\" title=\"Matteo Della Lucia\" href=\"https:\/\/www.facebook.com\/matteo.dellalucia?__tn__=K-R&amp;eid=ARDLpQKsrOdoEr0_4WUB00YaLMNHCzAFBbxreCdQTR5pM2Pwt2TKFWmp9VnMd7gMLMU4kO75QnDDpBZ9&amp;fref=mentions&amp;__xts__%5B0%5D=68.ARDyppW_kOfUs_cyW6VHMRGmsSnDN5qQMm3aipWWoU-yamJXUS2GEctkCXfzNaJBlBFVrPtvBYUt7CqOZP3S1c4NJvXiCH9ZvGHt1zqnzzthUW97OrkNtiFlAtVHd6uVebqzSUlLkjVrSLnoJl2D7yGVfE9Id0DShbx1RBVVwSTBcGh1nRZrZJ-ho6DpMBAVakuPXagJ9JIo759z3XphayiV9XYIPWp-pUSdZNNZYkyBc0jwdfaY8P4E9p2lrLRwp2p1VuByGqF11lFALot-SyUE9lT29aIvTuZJDP-Bhd95dTXL_ZSukbjFM6oaAvhDZp-K8vlBzq4kLG3PyxdiTYCBQ1WVFxbEwoV_y6j_d0_vKzU\" data-hovercard=\"\/ajax\/hovercard\/user.php?id=1841377611&amp;extragetparams=%7B%22__tn__%22%3A%22%2CdK-R-R%22%2C%22eid%22%3A%22ARDLpQKsrOdoEr0_4WUB00YaLMNHCzAFBbxreCdQTR5pM2Pwt2TKFWmp9VnMd7gMLMU4kO75QnDDpBZ9%22%2C%22fref%22%3A%22mentions%22%7D\" data-hovercard-prefer-more-content-show=\"1\">Matteo Della Lucia<\/a>\u00a0<a class=\"profileLink\" title=\"Paola Selleri\" href=\"https:\/\/www.facebook.com\/paola.selleri.54?__tn__=K-R&amp;eid=ARDRtOqghPdKPcOMg8Otisjw0Fou8Hck614JI0z3Cp9HeRqiWA_be4-rfLb075H5Iu4alQKBUofnr54j&amp;fref=mentions&amp;__xts__%5B0%5D=68.ARDyppW_kOfUs_cyW6VHMRGmsSnDN5qQMm3aipWWoU-yamJXUS2GEctkCXfzNaJBlBFVrPtvBYUt7CqOZP3S1c4NJvXiCH9ZvGHt1zqnzzthUW97OrkNtiFlAtVHd6uVebqzSUlLkjVrSLnoJl2D7yGVfE9Id0DShbx1RBVVwSTBcGh1nRZrZJ-ho6DpMBAVakuPXagJ9JIo759z3XphayiV9XYIPWp-pUSdZNNZYkyBc0jwdfaY8P4E9p2lrLRwp2p1VuByGqF11lFALot-SyUE9lT29aIvTuZJDP-Bhd95dTXL_ZSukbjFM6oaAvhDZp-K8vlBzq4kLG3PyxdiTYCBQ1WVFxbEwoV_y6j_d0_vKzU\" data-hovercard=\"\/ajax\/hovercard\/user.php?id=1796241417&amp;extragetparams=%7B%22__tn__%22%3A%22%2CdK-R-R%22%2C%22eid%22%3A%22ARDRtOqghPdKPcOMg8Otisjw0Fou8Hck614JI0z3Cp9HeRqiWA_be4-rfLb075H5Iu4alQKBUofnr54j%22%2C%22fref%22%3A%22mentions%22%7D\" data-hovercard-prefer-more-content-show=\"1\">Paola Selleri<\/a>\u00a0<a class=\"profileLink\" title=\"Luca Mazzotti\" href=\"https:\/\/www.facebook.com\/luca.mazzotti2?__tn__=K-R&amp;eid=ARBPQCC0Y-Zy-QTsFVmQ65DACKAwd2dSWi4_bxZ8teRN3mdSN_O_bVhtTJnV9zMD9YlWb4Eva_UG1MkP&amp;fref=mentions&amp;__xts__%5B0%5D=68.ARDyppW_kOfUs_cyW6VHMRGmsSnDN5qQMm3aipWWoU-yamJXUS2GEctkCXfzNaJBlBFVrPtvBYUt7CqOZP3S1c4NJvXiCH9ZvGHt1zqnzzthUW97OrkNtiFlAtVHd6uVebqzSUlLkjVrSLnoJl2D7yGVfE9Id0DShbx1RBVVwSTBcGh1nRZrZJ-ho6DpMBAVakuPXagJ9JIo759z3XphayiV9XYIPWp-pUSdZNNZYkyBc0jwdfaY8P4E9p2lrLRwp2p1VuByGqF11lFALot-SyUE9lT29aIvTuZJDP-Bhd95dTXL_ZSukbjFM6oaAvhDZp-K8vlBzq4kLG3PyxdiTYCBQ1WVFxbEwoV_y6j_d0_vKzU\" data-hovercard=\"\/ajax\/hovercard\/user.php?id=1605467847&amp;extragetparams=%7B%22__tn__%22%3A%22%2CdK-R-R%22%2C%22eid%22%3A%22ARBPQCC0Y-Zy-QTsFVmQ65DACKAwd2dSWi4_bxZ8teRN3mdSN_O_bVhtTJnV9zMD9YlWb4Eva_UG1MkP%22%2C%22fref%22%3A%22mentions%22%7D\" data-hovercard-prefer-more-content-show=\"1\">Luca Mazzotti<\/a>\u00a0giada de toffoli Stefano De Lazzer\u00a0<a class=\"profileLink\" title=\"Danny Pasetto Ziopase\" href=\"https:\/\/www.facebook.com\/danny.ziopase?__tn__=K-R&amp;eid=ARDSWcR24QqPV1gF8qa_WXrnzdwnRQC3NZ-EBC7Qn7xi8B3b2IBIA_QVaTNBlamDljDeniqzuLsPJSi0&amp;fref=mentions&amp;__xts__%5B0%5D=68.ARDyppW_kOfUs_cyW6VHMRGmsSnDN5qQMm3aipWWoU-yamJXUS2GEctkCXfzNaJBlBFVrPtvBYUt7CqOZP3S1c4NJvXiCH9ZvGHt1zqnzzthUW97OrkNtiFlAtVHd6uVebqzSUlLkjVrSLnoJl2D7yGVfE9Id0DShbx1RBVVwSTBcGh1nRZrZJ-ho6DpMBAVakuPXagJ9JIo759z3XphayiV9XYIPWp-pUSdZNNZYkyBc0jwdfaY8P4E9p2lrLRwp2p1VuByGqF11lFALot-SyUE9lT29aIvTuZJDP-Bhd95dTXL_ZSukbjFM6oaAvhDZp-K8vlBzq4kLG3PyxdiTYCBQ1WVFxbEwoV_y6j_d0_vKzU\" data-hovercard=\"\/ajax\/hovercard\/user.php?id=1195076977&amp;extragetparams=%7B%22__tn__%22%3A%22%2CdK-R-R%22%2C%22eid%22%3A%22ARDSWcR24QqPV1gF8qa_WXrnzdwnRQC3NZ-EBC7Qn7xi8B3b2IBIA_QVaTNBlamDljDeniqzuLsPJSi0%22%2C%22fref%22%3A%22mentions%22%7D\" data-hovercard-prefer-more-content-show=\"1\">Danny Pasetto Ziopase<\/a>\u00a0<a class=\"profileLink\" title=\"Jenny Tormen\" href=\"https:\/\/www.facebook.com\/jenny.tormen?__tn__=K-R&amp;eid=ARAKQ46YzfEYB9TUIFEprq2uShS2SlxJ1o89WKJPxl2XWTZG2p0YVPkOmcsAMT7O_z60DcJdzdMn6wGF&amp;fref=mentions&amp;__xts__%5B0%5D=68.ARDyppW_kOfUs_cyW6VHMRGmsSnDN5qQMm3aipWWoU-yamJXUS2GEctkCXfzNaJBlBFVrPtvBYUt7CqOZP3S1c4NJvXiCH9ZvGHt1zqnzzthUW97OrkNtiFlAtVHd6uVebqzSUlLkjVrSLnoJl2D7yGVfE9Id0DShbx1RBVVwSTBcGh1nRZrZJ-ho6DpMBAVakuPXagJ9JIo759z3XphayiV9XYIPWp-pUSdZNNZYkyBc0jwdfaY8P4E9p2lrLRwp2p1VuByGqF11lFALot-SyUE9lT29aIvTuZJDP-Bhd95dTXL_ZSukbjFM6oaAvhDZp-K8vlBzq4kLG3PyxdiTYCBQ1WVFxbEwoV_y6j_d0_vKzU\" data-hovercard=\"\/ajax\/hovercard\/user.php?id=100001844001943&amp;extragetparams=%7B%22__tn__%22%3A%22%2CdK-R-R%22%2C%22eid%22%3A%22ARAKQ46YzfEYB9TUIFEprq2uShS2SlxJ1o89WKJPxl2XWTZG2p0YVPkOmcsAMT7O_z60DcJdzdMn6wGF%22%2C%22fref%22%3A%22mentions%22%7D\" data-hovercard-prefer-more-content-show=\"1\">Jenny Tormen<\/a>\u00a0Stefano Campedel\u00a0<a class=\"profileLink\" title=\"Silvio Carlin\" href=\"https:\/\/www.facebook.com\/profile.php?id=100034102133880&amp;__tn__=K-R&amp;eid=ARDep9FV_pSNmAw1PcqXyoMJeP-ZXgoy4Jg4rsF6V9rO2oY8DzneQeDOZUqGSOElsDaWVudSCfpZRNDP&amp;fref=mentions&amp;__xts__%5B0%5D=68.ARDyppW_kOfUs_cyW6VHMRGmsSnDN5qQMm3aipWWoU-yamJXUS2GEctkCXfzNaJBlBFVrPtvBYUt7CqOZP3S1c4NJvXiCH9ZvGHt1zqnzzthUW97OrkNtiFlAtVHd6uVebqzSUlLkjVrSLnoJl2D7yGVfE9Id0DShbx1RBVVwSTBcGh1nRZrZJ-ho6DpMBAVakuPXagJ9JIo759z3XphayiV9XYIPWp-pUSdZNNZYkyBc0jwdfaY8P4E9p2lrLRwp2p1VuByGqF11lFALot-SyUE9lT29aIvTuZJDP-Bhd95dTXL_ZSukbjFM6oaAvhDZp-K8vlBzq4kLG3PyxdiTYCBQ1WVFxbEwoV_y6j_d0_vKzU\" data-hovercard=\"\/ajax\/hovercard\/user.php?id=100034102133880&amp;extragetparams=%7B%22__tn__%22%3A%22%2CdK-R-R%22%2C%22eid%22%3A%22ARDep9FV_pSNmAw1PcqXyoMJeP-ZXgoy4Jg4rsF6V9rO2oY8DzneQeDOZUqGSOElsDaWVudSCfpZRNDP%22%2C%22fref%22%3A%22mentions%22%7D\" data-hovercard-prefer-more-content-show=\"1\">Silvio Carlin<\/a>\u00a0<a class=\"profileLink\" title=\"Massimo Cassol\" href=\"https:\/\/www.facebook.com\/massimo.cassol?__tn__=K-R&amp;eid=ARDXjkLERhh2b8Xt6mGmuJzToHdNAzVTsUEoZlGxgmAD0T365TDjQn59GC-qXtNgBCeh5ex5uY_wZ_6c&amp;fref=mentions&amp;__xts__%5B0%5D=68.ARDyppW_kOfUs_cyW6VHMRGmsSnDN5qQMm3aipWWoU-yamJXUS2GEctkCXfzNaJBlBFVrPtvBYUt7CqOZP3S1c4NJvXiCH9ZvGHt1zqnzzthUW97OrkNtiFlAtVHd6uVebqzSUlLkjVrSLnoJl2D7yGVfE9Id0DShbx1RBVVwSTBcGh1nRZrZJ-ho6DpMBAVakuPXagJ9JIo759z3XphayiV9XYIPWp-pUSdZNNZYkyBc0jwdfaY8P4E9p2lrLRwp2p1VuByGqF11lFALot-SyUE9lT29aIvTuZJDP-Bhd95dTXL_ZSukbjFM6oaAvhDZp-K8vlBzq4kLG3PyxdiTYCBQ1WVFxbEwoV_y6j_d0_vKzU\" data-hovercard=\"\/ajax\/hovercard\/user.php?id=1093476897&amp;extragetparams=%7B%22__tn__%22%3A%22%2CdK-R-R%22%2C%22eid%22%3A%22ARDXjkLERhh2b8Xt6mGmuJzToHdNAzVTsUEoZlGxgmAD0T365TDjQn59GC-qXtNgBCeh5ex5uY_wZ_6c%22%2C%22fref%22%3A%22mentions%22%7D\" data-hovercard-prefer-more-content-show=\"1\">Massimo Cassol<\/a>\u00a0Ben Paolo\u00a0<a class=\"profileLink\" title=\"Ilaria Cassol\" href=\"https:\/\/www.facebook.com\/ilaria.cassol?__tn__=K-R&amp;eid=ARDby7xoNWigj7WkOJR3lSvcSj2vZlUtayYO5lJQeyc2SH9nyHPN-zMriz-Q7ZOVh6leKrDl-SXtht1w&amp;fref=mentions&amp;__xts__%5B0%5D=68.ARDyppW_kOfUs_cyW6VHMRGmsSnDN5qQMm3aipWWoU-yamJXUS2GEctkCXfzNaJBlBFVrPtvBYUt7CqOZP3S1c4NJvXiCH9ZvGHt1zqnzzthUW97OrkNtiFlAtVHd6uVebqzSUlLkjVrSLnoJl2D7yGVfE9Id0DShbx1RBVVwSTBcGh1nRZrZJ-ho6DpMBAVakuPXagJ9JIo759z3XphayiV9XYIPWp-pUSdZNNZYkyBc0jwdfaY8P4E9p2lrLRwp2p1VuByGqF11lFALot-SyUE9lT29aIvTuZJDP-Bhd95dTXL_ZSukbjFM6oaAvhDZp-K8vlBzq4kLG3PyxdiTYCBQ1WVFxbEwoV_y6j_d0_vKzU\" data-hovercard=\"\/ajax\/hovercard\/user.php?id=1528690405&amp;extragetparams=%7B%22__tn__%22%3A%22%2CdK-R-R%22%2C%22eid%22%3A%22ARDby7xoNWigj7WkOJR3lSvcSj2vZlUtayYO5lJQeyc2SH9nyHPN-zMriz-Q7ZOVh6leKrDl-SXtht1w%22%2C%22fref%22%3A%22mentions%22%7D\" data-hovercard-prefer-more-content-show=\"1\">Ilaria Cassol<\/a>\u00a0<a class=\"profileLink\" title=\"Nilla de Nardin\" href=\"https:\/\/www.facebook.com\/nilla.denardin?__tn__=K-R&amp;eid=ARDbRTrcdXgHJoOi5vHoGZtBaScUvr1QRMBJE_DaETkOsm-bbbkBt6lbfj3iazOXwhapnpEOqRMdi0HW&amp;fref=mentions&amp;__xts__%5B0%5D=68.ARDyppW_kOfUs_cyW6VHMRGmsSnDN5qQMm3aipWWoU-yamJXUS2GEctkCXfzNaJBlBFVrPtvBYUt7CqOZP3S1c4NJvXiCH9ZvGHt1zqnzzthUW97OrkNtiFlAtVHd6uVebqzSUlLkjVrSLnoJl2D7yGVfE9Id0DShbx1RBVVwSTBcGh1nRZrZJ-ho6DpMBAVakuPXagJ9JIo759z3XphayiV9XYIPWp-pUSdZNNZYkyBc0jwdfaY8P4E9p2lrLRwp2p1VuByGqF11lFALot-SyUE9lT29aIvTuZJDP-Bhd95dTXL_ZSukbjFM6oaAvhDZp-K8vlBzq4kLG3PyxdiTYCBQ1WVFxbEwoV_y6j_d0_vKzU\" data-hovercard=\"\/ajax\/hovercard\/user.php?id=100001826524154&amp;extragetparams=%7B%22__tn__%22%3A%22%2CdK-R-R%22%2C%22eid%22%3A%22ARDbRTrcdXgHJoOi5vHoGZtBaScUvr1QRMBJE_DaETkOsm-bbbkBt6lbfj3iazOXwhapnpEOqRMdi0HW%22%2C%22fref%22%3A%22mentions%22%7D\" data-hovercard-prefer-more-content-show=\"1\">Nilla de Nardin<\/a>\u00a0Elisa ganz Stefano Lena.<br \/>\nMix e master del video sono stati fatti al @<a class=\"profileLink\" href=\"https:\/\/www.facebook.com\/bridgeproduzioniaudio\/?__tn__=K-R&amp;eid=ARCMVwz4vP5vhBqqxJodo47kgMgMqjdJAM1Yp3Bxu2YkBRaC7LB7TLgo5qDcXIXNjboDLFn9dwe2G8GB&amp;fref=mentions&amp;__xts__%5B0%5D=68.ARDyppW_kOfUs_cyW6VHMRGmsSnDN5qQMm3aipWWoU-yamJXUS2GEctkCXfzNaJBlBFVrPtvBYUt7CqOZP3S1c4NJvXiCH9ZvGHt1zqnzzthUW97OrkNtiFlAtVHd6uVebqzSUlLkjVrSLnoJl2D7yGVfE9Id0DShbx1RBVVwSTBcGh1nRZrZJ-ho6DpMBAVakuPXagJ9JIo759z3XphayiV9XYIPWp-pUSdZNNZYkyBc0jwdfaY8P4E9p2lrLRwp2p1VuByGqF11lFALot-SyUE9lT29aIvTuZJDP-Bhd95dTXL_ZSukbjFM6oaAvhDZp-K8vlBzq4kLG3PyxdiTYCBQ1WVFxbEwoV_y6j_d0_vKzU\" data-hovercard=\"\/ajax\/hovercard\/page.php?id=1473999392904549&amp;extragetparams=%7B%22__tn__%22%3A%22%2CdK-R-R%22%2C%22eid%22%3A%22ARCMVwz4vP5vhBqqxJodo47kgMgMqjdJAM1Yp3Bxu2YkBRaC7LB7TLgo5qDcXIXNjboDLFn9dwe2G8GB%22%2C%22fref%22%3A%22mentions%22%7D\" data-hovercard-prefer-more-content-show=\"1\">Bridge Produzioni Audio and Studio<\/a>\u00a0da\u00a0<a class=\"profileLink\" title=\"Marino de Angeli\" href=\"https:\/\/www.facebook.com\/marino.deangeli?__tn__=K-R&amp;eid=ARCjaaU2Ge6Hk-EX7_JdCzESRHdoybrDLWrZxrwesQY1Be2k3coFg-L-0RHx44wUkyl5GkwY5BUvVrsT&amp;fref=mentions&amp;__xts__%5B0%5D=68.ARDyppW_kOfUs_cyW6VHMRGmsSnDN5qQMm3aipWWoU-yamJXUS2GEctkCXfzNaJBlBFVrPtvBYUt7CqOZP3S1c4NJvXiCH9ZvGHt1zqnzzthUW97OrkNtiFlAtVHd6uVebqzSUlLkjVrSLnoJl2D7yGVfE9Id0DShbx1RBVVwSTBcGh1nRZrZJ-ho6DpMBAVakuPXagJ9JIo759z3XphayiV9XYIPWp-pUSdZNNZYkyBc0jwdfaY8P4E9p2lrLRwp2p1VuByGqF11lFALot-SyUE9lT29aIvTuZJDP-Bhd95dTXL_ZSukbjFM6oaAvhDZp-K8vlBzq4kLG3PyxdiTYCBQ1WVFxbEwoV_y6j_d0_vKzU\" data-hovercard=\"\/ajax\/hovercard\/user.php?id=1810687263&amp;extragetparams=%7B%22__tn__%22%3A%22%2CdK-R-R%22%2C%22eid%22%3A%22ARCjaaU2Ge6Hk-EX7_JdCzESRHdoybrDLWrZxrwesQY1Be2k3coFg-L-0RHx44wUkyl5GkwY5BUvVrsT%22%2C%22fref%22%3A%22mentions%22%7D\" data-hovercard-prefer-more-content-show=\"1\">Marino de Angeli<\/a>\u00a0e Alberto Melinato. La tromba registrata nel brano \u00e8 suonata da Andrea Ballarin.<\/span><\/p>\n<p>&nbsp;<\/p>\n<p><iframe loading=\"lazy\" title=\"John Wise - Penso a te [Official Video] | NEW SINGLE 2020\" width=\"1200\" height=\"675\" src=\"https:\/\/www.youtube.com\/embed\/Z1ohn5Ke_Lo?start=1&#038;feature=oembed\" frameborder=\"0\" allow=\"accelerometer; autoplay; clipboard-write; encrypted-media; gyroscope; picture-in-picture\" allowfullscreen><\/iframe><\/p>\n<p>&nbsp;<\/p>\n<p>&nbsp;<\/p>\n<p>&nbsp;<\/p>\n<p>&nbsp;<\/p>\n<hr \/>\n<p>&nbsp;<\/p>\n<h2>IERI ALLA RADIO<\/h2>\n<h2><strong><span style=\"color: #ff6600;\">LUIGI GALLI, LE MANIGLIE ANTIBATTERICHE DELLA DITTA SIA<\/span><\/strong><\/h2>\n<p><strong><a class=\"dt-pswp-item\" href=\"https:\/\/www.radiopiu.net\/wordpress\/wp-content\/uploads\/2020\/07\/cd006dd9-c885-446b-a036-771b6a6142b5.jpg\" data-dt-img-description=\"\" data-large_image_width=\"1024\" data-large_image_height=\"768\"><img loading=\"lazy\" decoding=\"async\" class=\" wp-image-148532 alignleft\" src=\"https:\/\/www.radiopiu.net\/wordpress\/wp-content\/uploads\/2020\/07\/cd006dd9-c885-446b-a036-771b6a6142b5-300x225.jpg\" alt=\"\" width=\"216\" height=\"162\" srcset=\"https:\/\/www.radiopiu.net\/wordpress\/wp-content\/uploads\/2020\/07\/cd006dd9-c885-446b-a036-771b6a6142b5-300x225.jpg 300w, https:\/\/www.radiopiu.net\/wordpress\/wp-content\/uploads\/2020\/07\/cd006dd9-c885-446b-a036-771b6a6142b5-768x576.jpg 768w, https:\/\/www.radiopiu.net\/wordpress\/wp-content\/uploads\/2020\/07\/cd006dd9-c885-446b-a036-771b6a6142b5.jpg 1024w\" sizes=\"auto, (max-width: 216px) 100vw, 216px\" \/><\/a>IN COLLABORAZIONE CON GIORNALE&amp;CAFFE\u2019 DERSUT DI TAIBON AGORDINO<\/strong><\/p>\n<p><strong>di Claudio Fontanive\u00a0<\/strong><\/p>\n<audio class=\"wp-audio-shortcode\" id=\"audio-148494-7\" preload=\"none\" style=\"width: 100%;\" controls=\"controls\"><source type=\"audio\/mpeg\" src=\"https:\/\/www.radiopiu.net\/wordpress\/wp-content\/uploads\/2020\/07\/luigi-galli-sia-maniglie-9-luglio.mp3?_=7\" \/><a href=\"https:\/\/www.radiopiu.net\/wordpress\/wp-content\/uploads\/2020\/07\/luigi-galli-sia-maniglie-9-luglio.mp3\">https:\/\/www.radiopiu.net\/wordpress\/wp-content\/uploads\/2020\/07\/luigi-galli-sia-maniglie-9-luglio.mp3<\/a><\/audio>\n<p>&nbsp;<\/p>\n<p>&nbsp;<\/p>\n<hr \/>\n<p>&nbsp;<\/p>\n<p>&nbsp;<\/p>\n<h2><span style=\"color: #ff00ff;\">DUE MINUTI UN LIBRO<\/span><\/h2>\n<blockquote class=\"wp-embedded-content\" data-secret=\"FgdAewfiux\"><p><a href=\"https:\/\/www.radiopiu.net\/wordpress\/clean-tabula-rasa\/\">CLEAN. TABULA RASA<\/a><\/p><\/blockquote>\n<p><iframe loading=\"lazy\" class=\"wp-embedded-content\" sandbox=\"allow-scripts\" security=\"restricted\" style=\"position: absolute; clip: rect(1px, 1px, 1px, 1px);\" title=\"&#8220;CLEAN. TABULA RASA&#8221; &#8212; Radio Pi\u00f9\" src=\"https:\/\/www.radiopiu.net\/wordpress\/clean-tabula-rasa\/embed\/#?secret=FgdAewfiux\" data-secret=\"FgdAewfiux\" width=\"600\" height=\"338\" frameborder=\"0\" marginwidth=\"0\" marginheight=\"0\" scrolling=\"no\"><\/iframe><\/p>\n<p><strong>LE ALTRE PUNTATE<\/strong><\/p>\n<blockquote class=\"wp-embedded-content\" data-secret=\"3Du2e2vbnf\"><p><a href=\"https:\/\/www.radiopiu.net\/wordpress\/due-minuti-un-libro\/\">Due minuti un libro<\/a><\/p><\/blockquote>\n<p><iframe loading=\"lazy\" class=\"wp-embedded-content\" sandbox=\"allow-scripts\" security=\"restricted\" style=\"position: absolute; clip: rect(1px, 1px, 1px, 1px);\" title=\"&#8220;Due minuti un libro&#8221; &#8212; Radio Pi\u00f9\" src=\"https:\/\/www.radiopiu.net\/wordpress\/due-minuti-un-libro\/embed\/#?secret=3Du2e2vbnf\" data-secret=\"3Du2e2vbnf\" width=\"600\" height=\"338\" frameborder=\"0\" marginwidth=\"0\" marginheight=\"0\" scrolling=\"no\"><\/iframe><\/p>\n<p>&nbsp;<\/p>\n<hr \/>\n<p>&nbsp;<\/p>\n<p>&nbsp;<\/p>\n<h2><span style=\"color: #33cccc;\">IL MESSAGGIO DEI SACERDOTI A RADIO PIU&#8217;<\/span><\/h2>\n<blockquote class=\"wp-embedded-content\" data-secret=\"VBgsCFy4gr\"><p><a href=\"https:\/\/www.radiopiu.net\/wordpress\/chiesa11\/\">DON CESARE SU RADIO PIU&#8217; ALLE 7.30 E 19.30, PARROCCHIE DI AGORDO, LA VALLE E TAIBON<\/a><\/p><\/blockquote>\n<p><iframe loading=\"lazy\" class=\"wp-embedded-content\" sandbox=\"allow-scripts\" security=\"restricted\" style=\"position: absolute; clip: rect(1px, 1px, 1px, 1px);\" title=\"&#8220;DON CESARE SU RADIO PIU&#8217; ALLE 7.30 E 19.30, PARROCCHIE DI AGORDO, LA VALLE E TAIBON&#8221; &#8212; Radio Pi\u00f9\" src=\"https:\/\/www.radiopiu.net\/wordpress\/chiesa11\/embed\/#?secret=VBgsCFy4gr\" data-secret=\"VBgsCFy4gr\" width=\"600\" height=\"338\" frameborder=\"0\" marginwidth=\"0\" marginheight=\"0\" scrolling=\"no\"><\/iframe><\/p>\n<p>&nbsp;<\/p>\n<hr \/>\n<p>&nbsp;<\/p>\n<p>&nbsp;<\/p>\n<h2><span style=\"color: #008000;\">AGORDINOMERON\u2026LA RACCOLTA<\/span><\/h2>\n<blockquote class=\"wp-embedded-content\" data-secret=\"0Ea1gLbO2U\"><p><a href=\"https:\/\/www.radiopiu.net\/wordpress\/agordinomeron\/\">AGORDINOMERON, IL TERRITORIO SI RACCONTA Da un&#8217;idea di Gianni Santomaso<\/a><\/p><\/blockquote>\n<p><iframe loading=\"lazy\" class=\"wp-embedded-content\" sandbox=\"allow-scripts\" security=\"restricted\" style=\"position: absolute; clip: rect(1px, 1px, 1px, 1px);\" title=\"&#8220;AGORDINOMERON, IL TERRITORIO SI RACCONTA Da un&#8217;idea di Gianni Santomaso&#8221; &#8212; Radio Pi\u00f9\" src=\"https:\/\/www.radiopiu.net\/wordpress\/agordinomeron\/embed\/#?secret=0Ea1gLbO2U\" data-secret=\"0Ea1gLbO2U\" width=\"600\" height=\"338\" frameborder=\"0\" marginwidth=\"0\" marginheight=\"0\" scrolling=\"no\"><\/iframe><\/p>\n<p>&nbsp;<\/p>\n<hr \/>\n<p>&nbsp;<\/p>\n<p>&nbsp;<\/p>\n<h2><span style=\"color: #0000ff;\">I RACCONTI DI PAOLO SOPPELSA\u2026LA RACCOLTA<\/span><\/h2>\n<blockquote class=\"wp-embedded-content\" data-secret=\"kVr23w8ake\"><p><a href=\"https:\/\/www.radiopiu.net\/wordpress\/i-racconti-di-paolo-soppelsa\/\">I racconti di Paolo Soppelsa<\/a><\/p><\/blockquote>\n<p><iframe loading=\"lazy\" class=\"wp-embedded-content\" sandbox=\"allow-scripts\" security=\"restricted\" style=\"position: absolute; clip: rect(1px, 1px, 1px, 1px);\" title=\"&#8220;I racconti di Paolo Soppelsa&#8221; &#8212; Radio Pi\u00f9\" src=\"https:\/\/www.radiopiu.net\/wordpress\/i-racconti-di-paolo-soppelsa\/embed\/#?secret=kVr23w8ake\" data-secret=\"kVr23w8ake\" width=\"600\" height=\"338\" frameborder=\"0\" marginwidth=\"0\" marginheight=\"0\" scrolling=\"no\"><\/iframe><\/p>\n<p>&nbsp;<\/p>\n<hr \/>\n<p>&nbsp;<\/p>\n<p><strong class=\"photoswipe-wrapper\"><a class=\"dt-pswp-item pspw-wrap-ready\" href=\"https:\/\/i0.wp.com\/www.radiopiu.net\/wordpress\/wp-content\/uploads\/2018\/09\/viabilita.jpeg?ssl=1\" data-dt-img-description=\"\" data-large_image_width=\"800\" data-large_image_height=\"100\"><img loading=\"lazy\" decoding=\"async\" class=\"aligncenter wp-image-61954 size-full jetpack-lazy-image jetpack-lazy-image--handled\" src=\"https:\/\/i0.wp.com\/www.radiopiu.net\/wordpress\/wp-content\/uploads\/2018\/09\/viabilita.jpeg?resize=800%2C100&amp;ssl=1\" sizes=\"auto, (max-width: 800px) 100vw, 800px\" srcset=\"https:\/\/i0.wp.com\/www.radiopiu.net\/wordpress\/wp-content\/uploads\/2018\/09\/viabilita.jpeg?w=800&amp;ssl=1 800w, https:\/\/i0.wp.com\/www.radiopiu.net\/wordpress\/wp-content\/uploads\/2018\/09\/viabilita.jpeg?resize=300%2C38&amp;ssl=1 300w, https:\/\/i0.wp.com\/www.radiopiu.net\/wordpress\/wp-content\/uploads\/2018\/09\/viabilita.jpeg?resize=768%2C96&amp;ssl=1 768w\" alt=\"\" width=\"800\" height=\"100\" data-lazy-loaded=\"1\" \/><\/a><\/strong><\/p>\n<p>&nbsp;<\/p>\n<p>PROVINCIALE 3 VALLE IMPERINA, DAL 13 AL 17 LUGLIO SENSO UNICO IN PROSSIMITA&#8217; DI GOSALDO<\/p>\n<p>REGIONALE 48 DELLE DOLOMITI DAL 13 AL 30 LUGLIO SENSO UNICO IN LOCALITA&#8217; LIVINE&#8217; DI LIVINALLONGO<\/p>\n<p>PROVINCIALE 563 DI SALESEI, LOCALITA\u2019 DIGONERA. SENSO UNICO ALTERNATO REGOLATO DA IMPIANTO SEMAFORICO FINO AL 15 LUGLIO PER MESSA IN SICUREZZA DEL PIANO VIABILE<\/p>\n<p>SP 251 FINO AL 31 LUGLIO TRA PESCUL E SELVA DI CADORE SENSO UNICO ALTERNATO REGOLATO DA SEMAFORO, ESCLUSI SABATO E DOMENICA PER POSA FIBRE OTTICHE<\/p>\n<p>PROVINCIALE 3 VALLE IMPERINA, LOCALITA\u2019 CORDE MOLE: DAL 6 LUGLIO DALLE 8 ALLE 11.45 E DALLE 13.30 ALLE 17.30 (SABATO E DOMENICA ESCLUSI) INTERRUZIONI ALLA VIABILITA\u2019 FINO A 30 MINUTI PER TAGLIO PIANTE TRA LE LOCALITA\u2019 CORDE MOLE E VALLESIN<\/p>\n<p>PROVINCIALE 641 DI PASSO FEDAIA, FINO AL 31 LUGLIO (FESTIVI E PREFESTIVI ECLUSI) SENSO UNICO IN LOCALIT\u00c0 ROCCA PIETORE PER SOSTITUZIONI BARRIERE LATERALI<\/p>\n<p>PROVINCIALE 25 PASSO VALLES FINO AL 18 LUGLIO (FESTIVI ESCLUSI) SENSO UNICO ALERNATO CON SEMAFORO O MOVIERI PER ESBOSCO<\/p>\n<p>FINO AL 24 LUGLIO SABATO E DOMENICA COMPRESI LUNGO LA 641 DI PASSO FEDAIA IN LOCALIT\u00e0 CAPANNA BILL E COL DI ROCCA, SENSO UNICO ALTERNATO CON SEMAFORO<\/p>\n<p>STRADA REGIONALE 203 AGORDINA TRA PERON E CANDATEN, FINO 31 LUGLIO ESCLUSI SABATI E DOMENICHE, DALLE 7:30 ALLE 9 E E DALLE 16:30 ALLE 18 SENSO UNICO ALTERNATO REGOLATO DA MOVIERI. NEGLI ALTRI ORARI SENSO UNICO ALTERNATO REGOLATO DA SEMAFORO PER INTERRAMENTO CAVIDOTTO E-DISTRIBUZIONE<\/p>\n<p>347 DURAN E CEREDA: FINO ALL\u201911 LUGLIO (FESTIVI ECLUSI) SENSO UNICO CON SEMAFORO IN LOCALIT\u00c0 SANT\u2019ANDREA (GOSALDO)<\/p>\n<p>PROVINCIALE 25 PASSO VALLES FINO AL 18 LUGLIO (FESTIVI ESCLUSI) SENSO UNICO ALERNATO CON SEMAFORO O MOVIERI PER ESBOSCO<\/p>\n<p>347 DURAN E CEREDA, NEI COMUNI DI CIBIANA E VALLE DI CADORE, FINO\u00a0 AL 10 LUGLIO POSSIBILI INTERRUZIONI DELLA DURATA MASSIMA DI 30 MINUTI E SENSO UNICO ALTERNATO REGOLATO DA MOVIERI PER ASFALTATURA PIANO VIABILE<\/p>\n<p>PROVINCIALE 20 DELLA VAL FIORENTINA, SELVA DI CADORE: FINO AL 10 LUGLIO, CHIUSURA TOTALE TRA SOLATOR E IL CENTRO DEL PAESE ANCHE NEI GIORNI FESTIVI E PREFESTIVI, DAL CHILOMETRO 4.850 AL CHILOMETRO 5.100. TRANSITO CONSENTITO AI LOCALI CON TEMPI DI ATTESA MASSIMI STIMATI IN 30 MINUTI IN LOCALITA\u2019 SOLATOR DAL CHILOMETRO 4.400 AL CHILOMETRO 4.850<\/p>\n<p>STRADA REGIONALE 48 DELLE DOLOMITI, A CORTINA IN LOCALITA\u2019 POCOL, SENSO UNICO ALTERNATO REGOLATO DA IMPIANTO SEMAFORICO \u00a0DAL 6 AL 24 LUGLIO, ESCLUSI SABATI E DOMENICHE, PER POSA CAVIDOTTO E-DISTRIBUZIONE<\/p>\n<p>STRADA PROVINCIALE 30 PANORAMICA DEL COMELICO, FINO\u00a0 AL 31 LUGLIO INTERDIZIONE TOTALE ALLA VIABILITA\u2019 TRA COSTA E COSTALISSOIO PER MESSA IN SICUREZZA STRADA<\/p>\n<p>STRADA PROVINCIALE 619 DI VIGO DI CADORE, FINO\u00a0 AL 7 AGOSTO, ESCLUSI SABATI E DOMENICHE, SENSO UNICO ALTERNATO REGOLATO DA IMPIANTO SEMAFORICO O MOVIERI PER MESSA IN SICUREZZA DELLA STRADA<\/p>\n<p>STRADA PROVINCIALE 473 DI CROCE D\u2019AUNE, DAL 9 AL 17 LUGLIO, SABATI E DOMENICHE ESCLUSE, SALTUARIA ISTITUZIONE DI SENSO UNICO ALTERNATO REGOLATO DA MOVIERI IN LOCALIT\u00e0 GORNA DI SOVRAMONTE PER LAVORI DI CONSOLIDAMENTO CIGLIO STRADALE<\/p>\n<p>&nbsp;<\/p>\n<hr \/>\n<p>&nbsp;<\/p>\n<h2><em><strong>COMUNICAZIONE ISTITUZIONALE \u2013 APP IMMUNI<\/strong><\/em><\/h2>\n<p><iframe loading=\"lazy\" title=\"Immuni App 30\" width=\"1200\" height=\"675\" src=\"https:\/\/www.youtube.com\/embed\/-XG48J62814?feature=oembed\" frameborder=\"0\" allow=\"accelerometer; autoplay; clipboard-write; encrypted-media; gyroscope; picture-in-picture\" allowfullscreen><\/iframe><\/p>\n<p>&nbsp;<\/p>\n<hr \/>\n<p>&nbsp;<\/p>\n<p class=\"photoswipe-wrapper\"><a class=\"dt-pswp-item pspw-wrap-ready\" href=\"https:\/\/i0.wp.com\/www.radiopiu.net\/wordpress\/wp-content\/uploads\/2018\/09\/WhatsApp-Image-2018-09-20-at-16.04.06.jpeg?ssl=1\" data-dt-img-description=\"\" data-large_image_width=\"800\" data-large_image_height=\"100\"><img loading=\"lazy\" decoding=\"async\" class=\"aligncenter wp-image-61378 size-full jetpack-lazy-image jetpack-lazy-image--handled\" src=\"https:\/\/i0.wp.com\/www.radiopiu.net\/wordpress\/wp-content\/uploads\/2018\/09\/WhatsApp-Image-2018-09-20-at-16.04.06.jpeg?resize=800%2C100&amp;ssl=1\" sizes=\"auto, (max-width: 800px) 100vw, 800px\" srcset=\"https:\/\/i0.wp.com\/www.radiopiu.net\/wordpress\/wp-content\/uploads\/2018\/09\/WhatsApp-Image-2018-09-20-at-16.04.06.jpeg?w=800&amp;ssl=1 800w, https:\/\/i0.wp.com\/www.radiopiu.net\/wordpress\/wp-content\/uploads\/2018\/09\/WhatsApp-Image-2018-09-20-at-16.04.06.jpeg?resize=300%2C38&amp;ssl=1 300w, https:\/\/i0.wp.com\/www.radiopiu.net\/wordpress\/wp-content\/uploads\/2018\/09\/WhatsApp-Image-2018-09-20-at-16.04.06.jpeg?resize=768%2C96&amp;ssl=1 768w\" alt=\"\" width=\"800\" height=\"100\" data-lazy-loaded=\"1\" \/><\/a><\/p>\n<p>&nbsp;<\/p>\n<p><center><b>Venerdi 10<\/b><\/center><b>Tempo atteso:\u00a0<\/b>Tempo ben soleggiato al mattino ed attivit\u00e0 cumuliforme pomeridiana, localmente moderata sulle Dolomiti, dove la probabilit\u00e0 per temporali di calore aumenter\u00e0 rispetto a gioved\u00ec. Sulla Prealpi minore nuvolosit\u00e0 e maggiore soleggiamento. Clima estivo con valori diurni superiori alla norma.<br \/>\n<b>Precipitazioni:\u00a0<\/b>Fino a met\u00e0 pomeriggio assenti (0%). Poi probabilit\u00e0 medio-bassa per occasionali rovesci e temporali sulle Dolomiti (20\/30%), specie sulle zone confinanti con il Trentino e l&#8217;Alto Adige. Altrove il rischio sar\u00e0 minore e pi\u00f9 sporadico, addirittura pressoch\u00e9 assente sulle Prealpi (10%).<br \/>\n<b>Temperature:\u00a0<\/b>Minime stazionarie in quota e in leggero aumento nelle valli; massime in lieve aumento, eccetto locali cali qualora alcuni settori dolomitici fossero interessati dall&#8217;instabilit\u00e0. Sono previste punte di 31\/32\u00b0C nei fondovalle prealpini e di 25\/27\u00b0C a 1000\/1200 m. Su Prealpi a 1500 m min 14\u00b0C max 21\u00b0C, a 2000 m min 12\u00b0C max 17\u00b0C. Su Dolomiti a 2000 m min 11\u00b0C max 18\u00b0C, a 3000 m min 7\u00b0C max 8\u00b0C.<br \/>\n<b>Venti:\u00a0<\/b>Nelle valli deboli a regime di brezza, a tratti e localmente moderati; in quota deboli\/moderati da ovest al mattino e da sud-ovest al pomeriggio, in rinforzo alla sera, a 5-10 km\/h a 2000 m e 15-30 km\/h a 3000 m.<\/p>\n<hr \/>\n<p><center><b>Sabato 11<\/b><\/center><b>Tempo atteso:\u00a0<\/b>Peggioramento del tempo a partire dalle Dolomiti, in estensione alle Prealpi entro met\u00e0 o tarda mattinata. Dalle ore centrali tempo perturbato\/instabile con cielo coperto ed estese precipitazioni, anche temporalesche. Alla sera il maltempo si esaurir\u00e0 a partire dalle Dolomiti. Clima diurno pi\u00f9 fresco sia per il forte deficit di sole che per la perturbabilit\u00e0.<br \/>\n<b>Precipitazioni:\u00a0<\/b>Al primo mattino primi deboli e sporadici fenomeni (30\/40%). In seguito crescente probabilit\u00e0 fino a molto alta (90\/100%) per precipitazioni diffuse, anche a carattere di rovescio e temporale. Nel tardo pomeriggio e sopratutto alla sera esaurimento dei fenomeni a partire da nord.<br \/>\n<b>Temperature:\u00a0<\/b>In generale calo, eccetto stazionariet\u00e0 delle minime nelle valli. Sono previste punte di 24\/25\u00b0C nei fondovalle prealpini e di 18\/20\u00b0C a 1000\/1200 m. Su Prealpi a 1500 m min 11\u00b0C max 15\u00b0C, a 2000 m min 9\u00b0C max 12\u00b0C. Su Dolomiti a 2000 m min 8\u00b0C max 11\u00b0C, a 3000 m min 2\u00b0C max 6\u00b0C.<br \/>\n<b>Venti:\u00a0<\/b>Nelle valli deboli di direzione variabile, non escluso qualche rinforzo per raffiche temporalesche; in quota deboli\/moderati da sud-ovest al mattino e da nord ovest al pomeriggio\/sera, attenuandosi sensibilmente, a 5\/15 km \/h a 2000 m e 15\/30 km\/h a 3000 m.<\/p>\n<hr \/>\n<p><center><b>Domenica 12<\/b><\/center>Tempo ben soleggiato con cielo sereno, aria tersa ed ottima visibilit\u00e0 al mattino, in seguito cielo sereno o poco nuvoloso per modesti cumuli pomeridiani a ridosso delle cime e qualche velatura del cielo per nubi alte. Temperature minime in generale calo con clima assai fresco all&#8217;alba, massime in ripresa in montagna e in calo nelle conche e nei fondovalle prealpini. Venti a regime di brezza nelle valli e deboli da nord nord-ovest in quota.<\/p>\n<hr \/>\n<p><center><b>Lunedi 13<\/b><\/center>Tempo ben soleggiato con cielo sereno, aria tersa ed ottima visibilit\u00e0 al mattino, in seguito cielo sereno o poco nuvoloso per modesti cumuli pomeridiani a ridosso delle cime. Temperature in generale ripresa con clima di nuovo estivo. Venti a regime di brezza nelle valli e deboli\/moderati dai quadranti settentrionali nord in quota. Previsore: R.L.Th.<\/p>\n<p>&nbsp;<\/p>\n<hr \/>\n<p>&nbsp;<\/p>\n<h2><em><strong>COMUNICAZIONE ISTITUZIONALE \u2013 TEST SERIOLOGICO<\/strong><\/em><\/h2>\n<p><iframe loading=\"lazy\" title=\"Pomilio Blumm   Indagine Sierologica Covid 19 v 3\" width=\"1200\" height=\"675\" src=\"https:\/\/www.youtube.com\/embed\/bLDh8Pd3FxA?feature=oembed\" frameborder=\"0\" allow=\"accelerometer; autoplay; clipboard-write; encrypted-media; gyroscope; picture-in-picture\" allowfullscreen><\/iframe><\/p>\n<p>&nbsp;<\/p>\n<hr \/>\n<p>&nbsp;<\/p>\n<p>&nbsp;<\/p>\n<div class=\"page\" title=\"Page 4\">\n<div class=\"section\">\n<div class=\"layoutArea\">\n<div class=\"column\">\n<p>&nbsp;<\/p>\n<\/div>\n<\/div>\n<\/div>\n<\/div>\n","protected":false},"excerpt":{"rendered":"<p>PER RICEVERE QUESTO NOTIZIARIO DIRETTAMENTE SUL TUO CELLULARE ISCRIVITI AL CANALE TELEGRAM\u00a0\u201cRADIO PIU\u00a0 INFORMAZIONE OGGI ALLE 18 RIAPRE LA PROVINCIALE DELLA VAL FIORENTINA, PROVINCIALE 20 CAPRILE DI ALLEGHE-SELVA DI CADORE-ZOLDANO. ATTENZIONE: LA NUOVA APP PER IOS-IPHONE https:\/\/apps.apple.com\/it\/app\/radio-pi%C3%B9-emittente-agordina\/id1515939845 ATTENZIONE: LA NUOVA APP RADIO\u00a0 PER ANDROID https:\/\/play.google.com\/store\/apps\/details?id=net.radiopiu.iniko &nbsp; IL BUONGIORNO DA AGORDO DI MANUEL CONEDERA &nbsp; &nbsp;&hellip;<\/p>\n","protected":false},"author":4,"featured_media":148521,"comment_status":"closed","ping_status":"closed","sticky":false,"template":"","format":"standard","meta":{"_monsterinsights_skip_tracking":false,"_monsterinsights_sitenote_active":false,"_monsterinsights_sitenote_note":"","_monsterinsights_sitenote_category":0,"footnotes":""},"categories":[1,86,49],"tags":[],"class_list":["post-148494","post","type-post","status-publish","format-standard","has-post-thumbnail","hentry","category-senza-categoria","category-gr","category-news-18","category-1","category-86","category-49","description-off"],"img_url":"https:\/\/www.radiopiu.net\/wordpress\/wp-content\/uploads\/2020\/07\/7.jpg","_links":{"self":[{"href":"https:\/\/www.radiopiu.net\/wordpress\/wp-json\/wp\/v2\/posts\/148494","targetHints":{"allow":["GET"]}}],"collection":[{"href":"https:\/\/www.radiopiu.net\/wordpress\/wp-json\/wp\/v2\/posts"}],"about":[{"href":"https:\/\/www.radiopiu.net\/wordpress\/wp-json\/wp\/v2\/types\/post"}],"author":[{"embeddable":true,"href":"https:\/\/www.radiopiu.net\/wordpress\/wp-json\/wp\/v2\/users\/4"}],"replies":[{"embeddable":true,"href":"https:\/\/www.radiopiu.net\/wordpress\/wp-json\/wp\/v2\/comments?post=148494"}],"version-history":[{"count":0,"href":"https:\/\/www.radiopiu.net\/wordpress\/wp-json\/wp\/v2\/posts\/148494\/revisions"}],"wp:featuredmedia":[{"embeddable":true,"href":"https:\/\/www.radiopiu.net\/wordpress\/wp-json\/wp\/v2\/media\/148521"}],"wp:attachment":[{"href":"https:\/\/www.radiopiu.net\/wordpress\/wp-json\/wp\/v2\/media?parent=148494"}],"wp:term":[{"taxonomy":"category","embeddable":true,"href":"https:\/\/www.radiopiu.net\/wordpress\/wp-json\/wp\/v2\/categories?post=148494"},{"taxonomy":"post_tag","embeddable":true,"href":"https:\/\/www.radiopiu.net\/wordpress\/wp-json\/wp\/v2\/tags?post=148494"}],"curies":[{"name":"wp","href":"https:\/\/api.w.org\/{rel}","templated":true}]}}