{"id":148545,"date":"2020-07-09T15:36:43","date_gmt":"2020-07-09T13:36:43","guid":{"rendered":"https:\/\/www.radiopiu.net\/wordpress\/?p=148545"},"modified":"2020-07-09T15:39:59","modified_gmt":"2020-07-09T13:39:59","slug":"carabinieri-forestali-presenti-al-lago-di-sorapis-dove-vige-il-divieto-di-balneazione","status":"publish","type":"post","link":"https:\/\/www.radiopiu.net\/wordpress\/carabinieri-forestali-presenti-al-lago-di-sorapis-dove-vige-il-divieto-di-balneazione\/","title":{"rendered":"CARABINIERI FORESTALI PRESENTI AL LAGO DI SORAPIS DOVE VIGE IL DIVIETO DI BALNEAZIONE"},"content":{"rendered":"<p><a class=\"dt-pswp-item\" href=\"https:\/\/www.radiopiu.net\/wordpress\/wp-content\/uploads\/2020\/07\/images-1.jpg\" data-dt-img-description=\"\" data-large_image_width=\"299\" data-large_image_height=\"168\"><img loading=\"lazy\" decoding=\"async\" class=\"alignnone size-full wp-image-148549\" src=\"https:\/\/www.radiopiu.net\/wordpress\/wp-content\/uploads\/2020\/07\/images-1.jpg\" alt=\"\" width=\"299\" height=\"168\" \/><\/a><strong>CORTINA<\/strong> I Carabinieri Forestali di Cortina e le limitrofe stazioni dipendenti dal Comando di Belluno nel corso dell&#8217;estate vigileranno il territorio ai piedi del massiccio del Sorapis, in particolare tra l&#8217;omonimo lago e il Rifugio Vandelli. I controlli sono concordati in sinergia con Le Regole d&#8217;Ampezzo, La Regione, il Comune di Cortina e il gruppo Carabinieri Forestali di Belluno per garantire che non si ripetano danni incivili ai danni di un ecosistema delicato. Tra l&#8217;altro il sito che gode del Patrimonio Unesco \u00e8 anche all&#8217;interno della Rete Natura 2000 e vanta diverse importanti specie in via di estinzione. L&#8217;obiettivo della campagna estiva porre attenzione sulla responsabilit\u00e0 di tutti nel rispetto del sito dove vige il divieto di balneazione per tutelare l&#8217;integrit\u00e0 del circo glaciale ma anche l&#8217;incolumit\u00e0 pubblica non essendo previsto alcun sistema di soccorso. Per gli inadempienti sono previste sanzioni fino a 500 euro. Oltre al divieto di fare il bagno anche quelli di abbandono rifiuti, campeggio, accensione fuochi e obbligo di passeggio con cani al guinzaglio.<\/p>\n<p>&nbsp;<\/p>\n","protected":false},"excerpt":{"rendered":"<p>CORTINA I Carabinieri Forestali di Cortina e le limitrofe stazioni dipendenti dal Comando di Belluno nel corso dell&#8217;estate vigileranno il territorio ai piedi del massiccio del Sorapis, in particolare tra l&#8217;omonimo lago e il Rifugio Vandelli. I controlli sono concordati in sinergia con Le Regole d&#8217;Ampezzo, La Regione, il Comune di Cortina e il gruppo&hellip;<\/p>\n","protected":false},"author":1,"featured_media":148549,"comment_status":"closed","ping_status":"closed","sticky":false,"template":"","format":"standard","meta":{"_monsterinsights_skip_tracking":false,"_monsterinsights_sitenote_active":false,"_monsterinsights_sitenote_note":"","_monsterinsights_sitenote_category":0,"footnotes":""},"categories":[49],"tags":[],"class_list":["post-148545","post","type-post","status-publish","format-standard","has-post-thumbnail","hentry","category-news-18","category-49","description-off"],"img_url":"https:\/\/www.radiopiu.net\/wordpress\/wp-content\/uploads\/2020\/07\/images-1.jpg","_links":{"self":[{"href":"https:\/\/www.radiopiu.net\/wordpress\/wp-json\/wp\/v2\/posts\/148545","targetHints":{"allow":["GET"]}}],"collection":[{"href":"https:\/\/www.radiopiu.net\/wordpress\/wp-json\/wp\/v2\/posts"}],"about":[{"href":"https:\/\/www.radiopiu.net\/wordpress\/wp-json\/wp\/v2\/types\/post"}],"author":[{"embeddable":true,"href":"https:\/\/www.radiopiu.net\/wordpress\/wp-json\/wp\/v2\/users\/1"}],"replies":[{"embeddable":true,"href":"https:\/\/www.radiopiu.net\/wordpress\/wp-json\/wp\/v2\/comments?post=148545"}],"version-history":[{"count":0,"href":"https:\/\/www.radiopiu.net\/wordpress\/wp-json\/wp\/v2\/posts\/148545\/revisions"}],"wp:featuredmedia":[{"embeddable":true,"href":"https:\/\/www.radiopiu.net\/wordpress\/wp-json\/wp\/v2\/media\/148549"}],"wp:attachment":[{"href":"https:\/\/www.radiopiu.net\/wordpress\/wp-json\/wp\/v2\/media?parent=148545"}],"wp:term":[{"taxonomy":"category","embeddable":true,"href":"https:\/\/www.radiopiu.net\/wordpress\/wp-json\/wp\/v2\/categories?post=148545"},{"taxonomy":"post_tag","embeddable":true,"href":"https:\/\/www.radiopiu.net\/wordpress\/wp-json\/wp\/v2\/tags?post=148545"}],"curies":[{"name":"wp","href":"https:\/\/api.w.org\/{rel}","templated":true}]}}