{"id":148577,"date":"2020-07-10T06:17:03","date_gmt":"2020-07-10T04:17:03","guid":{"rendered":"https:\/\/www.radiopiu.net\/wordpress\/?p=148577"},"modified":"2020-07-10T06:19:32","modified_gmt":"2020-07-10T04:19:32","slug":"approvato-il-fondo-letta-in-media-1-milione-a-comune","status":"publish","type":"post","link":"https:\/\/www.radiopiu.net\/wordpress\/approvato-il-fondo-letta-in-media-1-milione-a-comune\/","title":{"rendered":"APPROVATO IL FONDO LETTA, IN MEDIA 1 MILIONE A COMUNE"},"content":{"rendered":"<h3><\/h3>\n<p><strong><img decoding=\"async\" class=\"alignleft\" src=\"https:\/\/www.radiopiu.net\/wordpress\/wp-content\/uploads\/2018\/07\/ROGER.jpg\" \/>ROMA<\/strong> \u00c8 stato approvato\u00a0 in via definitiva dalla Commissione Bilancio della Camera lo schema di decreto del presidente del Consiglio sulle modalit\u00e0 di erogazione delle risorse per i Comuni veneti confinanti con la Regione Friuli Venezia Giulia per il triennio 2018-2021. Ieri analoga approvazione era avvenuta in Commissione Bilancio del Senato. Il provvedimento ora \u00e8 nella mani del Presidente del Consiglio dei Ministri, Giuseppe Conte che dovr\u00e0 emanare il decreto e consentire di effettuare i bandi a cui potranno accedere i Comuni. La notizia \u00e8 riportata dal deputato veneto del Partito democratico Roger De Menech. Al \u201cFondo per le aree svantaggiate di confine\u201d possono accedere i 20 Comuni piemontesi che confinano con la Regione Valle d\u2019Aosta e i 27 Comuni veneti confinanti con il Friuli Venezia Giulia. La modalit\u00e0 di erogazione \u00e8 attraverso bando, ma le maglie sono abbastanza larghe. I bandi riguardano investimenti per lo sviluppo economico e sociale e quindi \u00e8 possibile finanziare sia lavori pubblici su infrastrutture (strade, reti energetiche, ecc.), sia opere pubbliche quali scuole, edifici, impianti sportivi. I fondi sono destinati ai comuni confinanti, ma nulla vieta a questi di fare progetti di area vasta che comprendano pi\u00f9 enti beneficiari ma anche coinvolgendo Comuni non di confine. Sono 12\u00a0 i Comuni interessati in provincia di Belluno: Alpago,\u00a0 \u00a0Chies d&#8217;Alpago, \u00a0Domegge di Cadore, \u00a0Longarone, \u00a0Lorenzago di Cadore, Ospitale di Cadore, Perarolo di Cadore,\u00a0 Pieve di Cadore, Santo Stefano di Cadore, Vigo di Cadore<\/p>\n","protected":false},"excerpt":{"rendered":"<p>ROMA \u00c8 stato approvato\u00a0 in via definitiva dalla Commissione Bilancio della Camera lo schema di decreto del presidente del Consiglio sulle modalit\u00e0 di erogazione delle risorse per i Comuni veneti confinanti con la Regione Friuli Venezia Giulia per il triennio 2018-2021. Ieri analoga approvazione era avvenuta in Commissione Bilancio del Senato. Il provvedimento ora \u00e8&hellip;<\/p>\n","protected":false},"author":1,"featured_media":53882,"comment_status":"closed","ping_status":"closed","sticky":false,"template":"","format":"standard","meta":{"_monsterinsights_skip_tracking":false,"_monsterinsights_sitenote_active":false,"_monsterinsights_sitenote_note":"","_monsterinsights_sitenote_category":0,"footnotes":""},"categories":[51,49],"tags":[],"class_list":["post-148577","post","type-post","status-publish","format-standard","has-post-thumbnail","hentry","category-evidenza-top","category-news-18","category-51","category-49","description-off"],"img_url":"https:\/\/www.radiopiu.net\/wordpress\/wp-content\/uploads\/2018\/07\/ROGER.jpg","_links":{"self":[{"href":"https:\/\/www.radiopiu.net\/wordpress\/wp-json\/wp\/v2\/posts\/148577","targetHints":{"allow":["GET"]}}],"collection":[{"href":"https:\/\/www.radiopiu.net\/wordpress\/wp-json\/wp\/v2\/posts"}],"about":[{"href":"https:\/\/www.radiopiu.net\/wordpress\/wp-json\/wp\/v2\/types\/post"}],"author":[{"embeddable":true,"href":"https:\/\/www.radiopiu.net\/wordpress\/wp-json\/wp\/v2\/users\/1"}],"replies":[{"embeddable":true,"href":"https:\/\/www.radiopiu.net\/wordpress\/wp-json\/wp\/v2\/comments?post=148577"}],"version-history":[{"count":0,"href":"https:\/\/www.radiopiu.net\/wordpress\/wp-json\/wp\/v2\/posts\/148577\/revisions"}],"wp:featuredmedia":[{"embeddable":true,"href":"https:\/\/www.radiopiu.net\/wordpress\/wp-json\/wp\/v2\/media\/53882"}],"wp:attachment":[{"href":"https:\/\/www.radiopiu.net\/wordpress\/wp-json\/wp\/v2\/media?parent=148577"}],"wp:term":[{"taxonomy":"category","embeddable":true,"href":"https:\/\/www.radiopiu.net\/wordpress\/wp-json\/wp\/v2\/categories?post=148577"},{"taxonomy":"post_tag","embeddable":true,"href":"https:\/\/www.radiopiu.net\/wordpress\/wp-json\/wp\/v2\/tags?post=148577"}],"curies":[{"name":"wp","href":"https:\/\/api.w.org\/{rel}","templated":true}]}}