{"id":148661,"date":"2020-07-10T05:12:48","date_gmt":"2020-07-10T03:12:48","guid":{"rendered":"https:\/\/www.radiopiu.net\/wordpress\/?p=148661"},"modified":"2020-07-10T05:12:48","modified_gmt":"2020-07-10T03:12:48","slug":"una-bella-e-interessante-novita-editoriale-allombra-del-grande-faggio-di-antonio-toni-tegner-piccole-cose-e-forti-emozioni-di-un-ribelle-gentile","status":"publish","type":"post","link":"https:\/\/www.radiopiu.net\/wordpress\/una-bella-e-interessante-novita-editoriale-allombra-del-grande-faggio-di-antonio-toni-tegner-piccole-cose-e-forti-emozioni-di-un-ribelle-gentile\/","title":{"rendered":"UNA BELLA E INTERESSANTE NOVITA\u2019 EDITORIALE: \u201cALL\u2019OMBRA DEL GRANDE FAGGIO\u201d DI ANTONIO \u201cTONI\u201d TEGNER: PICCOLE COSE E FORTI EMOZIONI DI UN RIBELLE GENTILE"},"content":{"rendered":"<p><strong>di LORIS SANTOMASO<\/strong><\/p>\n<p><a class=\"dt-pswp-item\" href=\"https:\/\/www.radiopiu.net\/wordpress\/wp-content\/uploads\/2020\/07\/Antonio-Tegner-Allombra-del-grande-faggio.jpg\" data-dt-img-description=\"\" data-large_image_width=\"940\" data-large_image_height=\"1313\"><img loading=\"lazy\" decoding=\"async\" class=\" wp-image-148662 alignleft\" src=\"https:\/\/www.radiopiu.net\/wordpress\/wp-content\/uploads\/2020\/07\/Antonio-Tegner-Allombra-del-grande-faggio-215x300.jpg\" alt=\"\" width=\"264\" height=\"368\" srcset=\"https:\/\/www.radiopiu.net\/wordpress\/wp-content\/uploads\/2020\/07\/Antonio-Tegner-Allombra-del-grande-faggio-215x300.jpg 215w, https:\/\/www.radiopiu.net\/wordpress\/wp-content\/uploads\/2020\/07\/Antonio-Tegner-Allombra-del-grande-faggio-733x1024.jpg 733w, https:\/\/www.radiopiu.net\/wordpress\/wp-content\/uploads\/2020\/07\/Antonio-Tegner-Allombra-del-grande-faggio-768x1073.jpg 768w, https:\/\/www.radiopiu.net\/wordpress\/wp-content\/uploads\/2020\/07\/Antonio-Tegner-Allombra-del-grande-faggio.jpg 940w\" sizes=\"auto, (max-width: 264px) 100vw, 264px\" \/><\/a>Prima di manifestarsi \u201cAll\u2019ombra del grande faggio\u201d, Antonio \u201cToni\u201d Tegner, da Campaz di Sospirolo, s\u2019era timidamente affacciato (come \u00e8 nel suo carattere schivo e discreto) sulle pagine di \u201cLe Dolomiti Bellunesi\u201d, la rassegna semestrale delle sezioni bellunesi del CAI (\u00e8 socio della sezione Agordina). Lo aveva fatto nel numero di Natale 2018, con \u201cIl contatto della Montagna\u201d, un breve racconto in cui si calava nei panni di un immaginario sindaco alle prese con i bisogni e le problematiche della gente di un disagiato villaggio alpino, minacciato dalla speculazione turistico-edilizia. Dibattuto fra la volont\u00e0 di proteggere il territorio o permetterne l\u2019invasione del \u201cprogresso\u201d (fra virgolette) degli impianti di risalita, con personale vantaggio elettorale, sale meditabondo lungo un ripido sentiero per immergersi nella quiete di quell\u2019amb\u00ecto lembo di montagna, alla ricerca della migliore ispirazione. Che trover\u00e0 nel saggio consiglio di un misterioso e solitario vecchietto. Un\u2019atmosfera questa, fra le tante altre, che ritroviamo pure in \u201cAll\u2019ombra del grande faggio\u201d, la prima fatica letteraria di Toni Tegner (ma siamo certi non sar\u00e0 la sola), da qualche settimana anche nelle nostre edicole e librerie, che ha gi\u00e0 incontrato il gradimento di tanti lettori, in particolare degli amanti della montagna e del suo \u201cspirito\u201d pi\u00f9 autentico, nonch\u00e9 il riscontro di favorevoli recensioni. Il libro \u00e8 impreziosito da belle immagini di elementi naturali e fauna locale dell\u2019amico Denis Rambaldi. Quell\u2019\u201canimus\u201d che l\u2019autore non ha respirato solo nei Monti del sole, l\u2019ambiente preferito delle sue origini, ma sicuramente anche fra i monti agordini percorsi nel tempo libero di quando lavorava all\u2019ospedale di Agordo. Una ridda di pensieri, impressioni, emozioni, riflessioni, percezioni, umori, atteggiamenti, i rapporti famigliari e col prossimo, i sentimenti pi\u00f9 intimi sono il florilegio di questi 14 racconti condensati in 130 pagine il cui denominatore comune resta la montagna. Montagna come rifugio e libert\u00e0 dalle masse e dalla confusione, montagna come bisogno insostituibile di ritrovare se stessi, fuori dalle situazioni standardizzate, fatte di virtuale, senza pi\u00f9 cuore n\u00e9 fantasia. Quella che non manca a Toni Tegner e che nel silenzio del bosco, nell\u2019incontro dei pastori, degli animali, immerso nella natura del monte, trova l\u2019ispirazione e la capacit\u00e0 di sognare nella convinzione che tramite il sogno e buone amicizie si possono immaginare, costruire e realizzare nuovi percorsi di vita non omologati. \u00abMentre i conflitti interiori continuano ad entrare e uscire dalla mia testa\u00bb, si confessa Tegner, \u00abmi ritrovo libero in un ambiente dove i rumori sono cambiati in maniera drastica, dal brusio del traffico cittadino sono passato al cinguettare felice e spensierato degli uccellini, al verso del cuculo\u2026, al saltellare dei merli, al piroettare di farfalle di variegati colori e al rincorrersi festoso di gruppi di rondini, tutto questo mi mette di buon umore e mi da la parvenza di essere pi\u00f9 leggero e dinamico\u00bb. Insomma, racconti con il profumo di libert\u00e0 e natura, ma anche di poesia; pensieri,esperienze di vita e fantasia si fondono per poter riscoprire la bellezza di quelle montagne che molti hanno dimenticato. Ma non solo: messaggi importanti che arrivano al lettore come una dolce carezza sul viso. Un modo delicato di riscoprire cosa ci circonda, con cui Toni ci dona le sue emozioni e il suo vissuto per riscoprire il vero valore di cosa ci circonda. Al lettore il piacere di camminare lungo questi sentieri, scoprendoli leggendo questo bel libro all\u2019ombra di un faggio, in mezzo alla natura all\u2019aperto, o comodamente seduto sul divano di casa nel relax pomeridiano o nel dopo cena in alternativa agli stereotipi estivi della TV<\/p>\n","protected":false},"excerpt":{"rendered":"<p>di LORIS SANTOMASO Prima di manifestarsi \u201cAll\u2019ombra del grande faggio\u201d, Antonio \u201cToni\u201d Tegner, da Campaz di Sospirolo, s\u2019era timidamente affacciato (come \u00e8 nel suo carattere schivo e discreto) sulle pagine di \u201cLe Dolomiti Bellunesi\u201d, la rassegna semestrale delle sezioni bellunesi del CAI (\u00e8 socio della sezione Agordina). Lo aveva fatto nel numero di Natale 2018,&hellip;<\/p>\n","protected":false},"author":1,"featured_media":148662,"comment_status":"closed","ping_status":"closed","sticky":false,"template":"","format":"standard","meta":{"_monsterinsights_skip_tracking":false,"_monsterinsights_sitenote_active":false,"_monsterinsights_sitenote_note":"","_monsterinsights_sitenote_category":0,"footnotes":""},"categories":[49],"tags":[],"class_list":["post-148661","post","type-post","status-publish","format-standard","has-post-thumbnail","hentry","category-news-18","category-49","description-off"],"img_url":"https:\/\/www.radiopiu.net\/wordpress\/wp-content\/uploads\/2020\/07\/Antonio-Tegner-Allombra-del-grande-faggio.jpg","_links":{"self":[{"href":"https:\/\/www.radiopiu.net\/wordpress\/wp-json\/wp\/v2\/posts\/148661","targetHints":{"allow":["GET"]}}],"collection":[{"href":"https:\/\/www.radiopiu.net\/wordpress\/wp-json\/wp\/v2\/posts"}],"about":[{"href":"https:\/\/www.radiopiu.net\/wordpress\/wp-json\/wp\/v2\/types\/post"}],"author":[{"embeddable":true,"href":"https:\/\/www.radiopiu.net\/wordpress\/wp-json\/wp\/v2\/users\/1"}],"replies":[{"embeddable":true,"href":"https:\/\/www.radiopiu.net\/wordpress\/wp-json\/wp\/v2\/comments?post=148661"}],"version-history":[{"count":0,"href":"https:\/\/www.radiopiu.net\/wordpress\/wp-json\/wp\/v2\/posts\/148661\/revisions"}],"wp:featuredmedia":[{"embeddable":true,"href":"https:\/\/www.radiopiu.net\/wordpress\/wp-json\/wp\/v2\/media\/148662"}],"wp:attachment":[{"href":"https:\/\/www.radiopiu.net\/wordpress\/wp-json\/wp\/v2\/media?parent=148661"}],"wp:term":[{"taxonomy":"category","embeddable":true,"href":"https:\/\/www.radiopiu.net\/wordpress\/wp-json\/wp\/v2\/categories?post=148661"},{"taxonomy":"post_tag","embeddable":true,"href":"https:\/\/www.radiopiu.net\/wordpress\/wp-json\/wp\/v2\/tags?post=148661"}],"curies":[{"name":"wp","href":"https:\/\/api.w.org\/{rel}","templated":true}]}}