{"id":148691,"date":"2020-07-10T22:16:55","date_gmt":"2020-07-10T20:16:55","guid":{"rendered":"https:\/\/www.radiopiu.net\/wordpress\/?p=148691"},"modified":"2020-07-11T11:14:18","modified_gmt":"2020-07-11T09:14:18","slug":"giornale-radiopiu-11-luglio-2020-direttore-mirko-mezzacasa","status":"publish","type":"post","link":"https:\/\/www.radiopiu.net\/wordpress\/giornale-radiopiu-11-luglio-2020-direttore-mirko-mezzacasa\/","title":{"rendered":"GIORNALE RADIOPIU 11 LUGLIO 2020 DIRETTORE MIRKO MEZZACASA"},"content":{"rendered":"<h3><strong>PER RICEVERE QUESTO NOTIZIARIO DIRETTAMENTE SUL TUO CELLULARE ISCRIVITI AL CANALE TELEGRAM\u00a0<\/strong><strong>\u201cRADIO PIU\u00a0 INFORMAZIONE<\/strong><\/h3>\n<p><em>ATTENZIONE: LA NUOVA APP PER IOS-IPHONE<\/em><\/p>\n<div>\n<div><a href=\"https:\/\/apps.apple.com\/it\/app\/radio-pi%C3%B9-emittente-agordina\/id1515939845\">https:\/\/apps.apple.com\/it\/app\/radio-pi%C3%B9-emittente-agordina\/id1515939845<\/a><\/div>\n<\/div>\n<div><\/div>\n<blockquote>\n<div><\/div>\n<\/blockquote>\n<div>\n<div dir=\"auto\"><\/div>\n<div dir=\"auto\"><em>ATTENZIONE: LA NUOVA APP RADIO\u00a0 PER ANDROID<\/em><\/div>\n<\/div>\n<p><a href=\"https:\/\/play.google.com\/store\/apps\/details?id=net.radiopiu.iniko\" target=\"_blank\" rel=\"noopener noreferrer\">https:\/\/play.google.com\/store\/apps\/details?id=net.radiopiu.iniko<\/a><\/p>\n<p>&nbsp;<\/p>\n<p>&nbsp;<\/p>\n<h1>PROVINCIALE 347 DURAN CEREDA: CHIUSA FINO ALLE 13.00 IN LOCALITA&#8217; PONTE CIBANA PER RECUPERO MEZZO INCIDENTATO<\/h1>\n<p>&nbsp;<\/p>\n<p>&nbsp;<\/p>\n<blockquote class=\"wp-embedded-content\" data-secret=\"4z1POjXsRa\"><p><a href=\"https:\/\/www.radiopiu.net\/wordpress\/provinciale-20-val-fiorentina-riaperta\/\">PROVINCIALE 20 VAL FIORENTINA: RIAPERTA!!!<\/a><\/p><\/blockquote>\n<p><iframe loading=\"lazy\" class=\"wp-embedded-content\" sandbox=\"allow-scripts\" security=\"restricted\" style=\"position: absolute; clip: rect(1px, 1px, 1px, 1px);\" title=\"&#8220;PROVINCIALE 20 VAL FIORENTINA: RIAPERTA!!!&#8221; &#8212; Radio Pi\u00f9\" src=\"https:\/\/www.radiopiu.net\/wordpress\/provinciale-20-val-fiorentina-riaperta\/embed\/#?secret=4z1POjXsRa\" data-secret=\"4z1POjXsRa\" width=\"600\" height=\"338\" frameborder=\"0\" marginwidth=\"0\" marginheight=\"0\" scrolling=\"no\"><\/iframe><\/p>\n<blockquote>\n<h3><\/h3>\n<\/blockquote>\n<h3><\/h3>\n<blockquote><p>&nbsp;<\/p>\n<h3>IL GIORNO DEL MOSE, SUPERATI I TEST: LA PARATOIE SI SONO ALZATE REGOLARMENTE SARA&#8217; ORA DI CAPIRE SE FUNZIONANO PER DAVVERO, LE RISPOSTE NELLA PROSSIMA STAGIONE AUTUNNALE<\/h3>\n<\/blockquote>\n<p><strong>IL MINISTRO FEDERICO D&#8217;INCA&#8217;_<\/strong><em> &#8220;I lavori di realizzazione del #Mose a Venezia sono stati uno dei pi\u00f9 grandi scandali del nostro Paese. Ma \u00e8 stato grazie all&#8217;attivit\u00e0 di denuncia e alla tenacia del MoVimento 5 Stelle se questa vicenda \u00e8 finita nei tribunali e se quelli che hanno intascato soldi e tangenti, e tra questi l&#8217;ex presidente della Regione Veneto, Giancarlo Galan, sono stati condannati. Il #Mose non \u00e8 un&#8217;opera risolutiva per l&#8217;acqua alta in Laguna ma \u00e8 un opera che ci permetter\u00e0 di prendere tempo e contrastare il cambiamento climatico che provoca l\u2019innalzamento dei mari e l\u2019aumento dei fenomeni delle alte maree. \u00c8 costato circa 6 miliardi di euro e, a 17 anni dalla posa della prima pietra, oggi finalmente ha avuto la prova generale dimostrandone il funzionamento. <\/em><em>\u00c8 grazie al Governo Conte se si \u00e8 dato un impulso ai lavori per il completamento e se nel giro di alcuni mesi potr\u00e0 essere impiegato per evitare che si verifichino di nuovo eventi come l&#8217;acqua alta del novembre dello scorso anno che hanno messo a rischio Venezia e il suo patrimonio artistico, culturale e ambientale, inestimabile e unico al Mondo. <\/em><br \/>\n<em>Tengo a ribadire che il nostro impegno come #M5S continuer\u00e0, vigileremo ed imporremo politiche diverse sul piano ambientale, per evitare che, di nuovo, la cosa pubblica diventi terreno per far proliferare opacit\u00e0, sprechi e corruzione. E lo faremo grazie a leggi come la #Spazzacorrotti. <\/em><em>Per questo oggi ho deciso di essere presente alle prove tecniche di funzionamento e per questo continuer\u00f2 a verificare personalmente come proceder\u00e0 il completamento dei lavori del Mose fino alla sua definitiva messa in funzione&#8221;.<\/em><\/p>\n<p><iframe loading=\"lazy\" title=\"Conte alla cerimonia di innalzamento delle paratoie del Mose\" width=\"1200\" height=\"675\" src=\"https:\/\/www.youtube.com\/embed\/TkfYBM5QABA?feature=oembed\" frameborder=\"0\" allow=\"accelerometer; autoplay; clipboard-write; encrypted-media; gyroscope; picture-in-picture\" allowfullscreen><\/iframe><\/p>\n<p>&nbsp;<\/p>\n<hr \/>\n<p>&nbsp;<\/p>\n<p><span style=\"color: #ff0000;\"><em><strong>Gestione Servizi Pubblici informa che, per lavori alla rete idrica comunale, MARTEDI dalle\u00a0 8 e\u00a0 fino al termine dei lavori verr\u00e0 sospesa l\u2019erogazione dell\u2019acqua\u00a0 in localit\u00e0 CROSTOLIN e via DANTE ALIGHIERI.\u00a0<\/strong><\/em><\/span><\/p>\n<p>&nbsp;<\/p>\n<p><strong class=\"photoswipe-wrapper\"><a class=\"dt-pswp-item pspw-wrap-ready\" href=\"https:\/\/i2.wp.com\/www.radiopiu.net\/wordpress\/wp-content\/uploads\/2018\/08\/ACQUA.jpeg?ssl=1\" data-dt-img-description=\"\" data-large_image_width=\"1280\" data-large_image_height=\"768\"><img loading=\"lazy\" decoding=\"async\" class=\"wp-image-57052 alignleft\" src=\"https:\/\/i2.wp.com\/www.radiopiu.net\/wordpress\/wp-content\/uploads\/2018\/08\/ACQUA.jpeg?resize=138%2C83&amp;ssl=1\" sizes=\"auto, (max-width: 138px) 100vw, 138px\" srcset=\"https:\/\/i2.wp.com\/www.radiopiu.net\/wordpress\/wp-content\/uploads\/2018\/08\/ACQUA.jpeg?resize=300%2C180&amp;ssl=1 300w, https:\/\/i2.wp.com\/www.radiopiu.net\/wordpress\/wp-content\/uploads\/2018\/08\/ACQUA.jpeg?resize=768%2C461&amp;ssl=1 768w, https:\/\/i2.wp.com\/www.radiopiu.net\/wordpress\/wp-content\/uploads\/2018\/08\/ACQUA.jpeg?resize=1024%2C614&amp;ssl=1 1024w, https:\/\/i2.wp.com\/www.radiopiu.net\/wordpress\/wp-content\/uploads\/2018\/08\/ACQUA.jpeg?w=1280&amp;ssl=1 1280w\" alt=\"\" width=\"123\" height=\"74\" \/><\/a>ad AGORDO<\/strong>\u00a0nelle LOCALITA\u2019 BRUGNACH E GIOVE l\u2019acqua erogata dall\u2019acquedotto non \u00e8 potabile e pu\u00f2 essere usata per scopi alimentari SOLO PREVIA bollitura<\/p>\n<p><strong>\u00a0a LA VALLE<\/strong>\u00a0AGORDINA nelle LOCALITA\u2019 RONCHE, RONCHET, NOACH, LE CAMPE e CANCELLADE l\u2019acqua erogata dall\u2019acquedotto non \u00e8 potabile e pu\u00f2 essere usata per scopi alimentari SOLO PREVIA bollitura<\/p>\n<p><strong>a Santo Stefano di Cadore<\/strong>\u00a0nelle localit\u00e0 Costa d\u2019Antola e Costa Zucco, e a San Pietro di Cadore nelle frazioni di Valle, Stavello, Presenaio, Mare, Costalta l\u2019acqua erogata dall\u2019acquedotto non \u00e8 potabile e pu\u00f2 essere usata per scopi alimentari solo previa bollitura.<\/p>\n<p>&nbsp;<\/p>\n<hr \/>\n<p>&nbsp;<\/p>\n<div class=\"page-title-head hgroup\">\n<blockquote>\n<h3 class=\"entry-title\">LUNEDI A SINGHIOZZO TRA PONTE OLTRA E SORRIVA, DISAGI ANCHE LUNGO LA 563 DI SALESEI<\/h3>\n<\/blockquote>\n<\/div>\n<div class=\"page-title-breadcrumbs\">\n<p><strong><img loading=\"lazy\" decoding=\"async\" class=\"alignleft jetpack-lazy-image jetpack-lazy-image--handled\" src=\"https:\/\/i0.wp.com\/www.radiopiu.net\/wordpress\/wp-content\/uploads\/2020\/05\/VENETO-STRADE.png?resize=76%2C76&amp;ssl=1\" width=\"76\" height=\"76\" data-recalc-dims=\"1\" data-lazy-loaded=\"1\" \/>FELTRE<\/strong> Lunedi dalle 8 alle 17.30 interdizione totale alla viabilit\u00e0 in entrambi i sensi di marcia lungo la 473 tra Ponte Oltra e Sorriva per la messa in sicurezza della sede stradale. Sono previste finestre di apertura dalle 10 alle 10.15,\u00a0 dalle 12 alle 13.30,\u00a0 dalle 15.30 alle 15.45<\/p>\n<p><strong>ROCCA PIETORE<\/strong> Da lunedi e fino al 24 luglio (sabato e domenica esclusi) lungo la 563 di Salesei\u00a0 temporanee interruzioni al transito veicolare della durata massima di 20 minuti dalle 7 alle 12 dalle 13 alle 18. Negli altri orari senso unico con semaforo<\/p>\n<\/div>\n<div class=\"bi6gxh9e\" data-block=\"true\" data-editor=\"b8ur1\" data-offset-key=\"f0r7a-0-0\">\n<div class=\"_1mf _1mj\" data-offset-key=\"f0r7a-0-0\"><span data-offset-key=\"f0r7a-0-0\"><strong> RIAPERTURA della strada\u00a0 S.P. 1<\/strong> \u201cdella Sinistra Piave \u201d dalla progressiva km 8+665 (loc. <\/span>bivio Anconetta) alla progressiva km 9+400 ca (loc. Rotatoria di Visome) precedentemente chiusa per caduta materiali, intonaci, tavolame del tetto dal fabbricato lato sx alla sede stradale..<\/div>\n<\/div>\n<div data-offset-key=\"f0r7a-0-0\"><\/div>\n<div data-offset-key=\"f0r7a-0-0\"><\/div>\n<div class=\"page-title-breadcrumbs\">\n<hr \/>\n<\/div>\n<p>&nbsp;<\/p>\n<p>&nbsp;<\/p>\n<blockquote>\n<h3>METEO. STATO DI ATTENZIONE PER TEMPORALI DI INTENSITA\u2019 MEDIA<\/h3>\n<\/blockquote>\n<p><strong><img loading=\"lazy\" decoding=\"async\" class=\"alignleft\" src=\"https:\/\/www.radiopiu.net\/wordpress\/wp-content\/uploads\/2020\/06\/FULMINE-METEO-MALTEMPO.jpg\" width=\"190\" height=\"126\" \/>VENEZIA<\/strong>\u00a0 Il Centro funzionale decentrato della Protezione Civile del Veneto, in considerazione delle previsioni meteo, ha emesso un avviso di criticit\u00e0 idrogeologica ed idraulica anche per oggi.\u00a0 E&#8217; prevista una marcata instabilit\u00e0 con precipitazioni a prevalente carattere di rovescio\/temporalesco dapprima sulle zone alpine e prealpine, in estensione nel pomeriggio\/serata anche alla pianura. Saranno possibili fenomeni localmente intensi (forti rovesci, grandinate, forti raffiche di vento). Visti i fenomeni meteorologici previsti la criticit\u00e0 idrogeologica attesa \u00e8 riferita allo scenario per temporali forti ed il centro funzionale della Protezione civile del Veneto ha dichiarato lo stato di attenzione, fino alle\u00a0 24. Si segnala la possibilit\u00e0 d\u2019innesco di fenomeni franosi superficiali sui versanti, e la possibilit\u00e0 di innesco di colate rapide specie nelle zone di allertamento, con un livello di allerta rinforzata per colate detritiche a Borca di Cadore<\/p>\n<p>&nbsp;<\/p>\n<p>&nbsp;<\/p>\n<hr \/>\n<blockquote>\n<h3><\/h3>\n<h3>INCIDENTE MORTALE A CIBIANA, VITTIMA UN GIOVANE DI 29 ANNI<\/h3>\n<\/blockquote>\n<p><a class=\"dt-pswp-item\" href=\"https:\/\/www.radiopiu.net\/wordpress\/wp-content\/uploads\/2020\/07\/salt_20200710_223235_618-1.jpg\" data-dt-img-description=\"\" data-large_image_width=\"1773\" data-large_image_height=\"2364\"><img loading=\"lazy\" decoding=\"async\" class=\" wp-image-148867 alignleft\" src=\"https:\/\/www.radiopiu.net\/wordpress\/wp-content\/uploads\/2020\/07\/salt_20200710_223235_618-1-225x300.jpg\" alt=\"\" width=\"176\" height=\"235\" srcset=\"https:\/\/www.radiopiu.net\/wordpress\/wp-content\/uploads\/2020\/07\/salt_20200710_223235_618-1-225x300.jpg 225w, https:\/\/www.radiopiu.net\/wordpress\/wp-content\/uploads\/2020\/07\/salt_20200710_223235_618-1-768x1024.jpg 768w, https:\/\/www.radiopiu.net\/wordpress\/wp-content\/uploads\/2020\/07\/salt_20200710_223235_618-1-1152x1536.jpg 1152w, https:\/\/www.radiopiu.net\/wordpress\/wp-content\/uploads\/2020\/07\/salt_20200710_223235_618-1-1536x2048.jpg 1536w, https:\/\/www.radiopiu.net\/wordpress\/wp-content\/uploads\/2020\/07\/salt_20200710_223235_618-1.jpg 1773w\" sizes=\"auto, (max-width: 176px) 100vw, 176px\" \/><\/a><strong>CIBIANA<\/strong> Dramma a CIbiana ieri sera alle 21, la Centrale del 118 \u00e8 stata allertata da un passante che, imbattutosi nel guardrail sfondato all&#8217;altezza del ponte di Cibiana, si \u00e8 affacciato e ha visto un&#8217;auto rovesciata nel greto del Boite, 35 metri pi\u00f9 in basso. Sul posto l&#8217;elicottero del Suem di Pieve di Cadore, con un verricello di 60 metri, ha sbarcato medico e tecnico di elisoccorso, che hanno solamente potuto constatare il decesso dell&#8217;uomo alla guida, Andrea Zandanel un ventinovenne di Cibiana di Cadore a bordo di una Golf. Di concerto con i Vigili del fuoco, il Soccorso alpino di Pieve di Cadore\u00a0 il recupero della salma. Sul posto anche i carabinieri di Pieve di Cadore. Spaventoso il volo e anche l&#8217;impatto sul greto del Boite, i soccorritori si sono trovati davanti un&#8217;auto completamente accartocciata, attorno alle 22 sul posto c&#8217;erano anche i disperati genitori del giovane, i sindaci di Cibiana e Valle di Cadore. La notizia ha fatto rapidamente il giro dei paesi richiamando sul posto molte persone. I vigili del fuoco hanno illuminato la zona con le fotocellule anche per capire se il giovane fosse da solo a bordo dell&#8217;auto o con altre persone operando in condizioni molto difficili.<\/p>\n<p>&nbsp;<\/p>\n<p>&nbsp;<\/p>\n<p>&nbsp;<\/p>\n<hr \/>\n<h3><\/h3>\n<p>&nbsp;<\/p>\n<blockquote>\n<h3>DENUDATO E COSPARSO DI BENZINA\u00a0 &#8220;PAPA&#8217; MI VUOLE BRUCIARE, AIUTAMI&#8221;<\/h3>\n<\/blockquote>\n<p><strong>CORNUDA<\/strong> Un giovane M.E. 20 anni di Quero \u00e8 stato ritrovato in stato confusionale in casa di un&#8217;anziano, nudo e comparso di benzina in casa di V.G. 63enne di Pederobba. A dare l&#8217;allarme lo stesso giovane con un messaggio inviato al padre <em>&#8220;Sono da G., mi ha legato, mi vuole bruciare&#8221;<\/em> I genitori avevano perso i contatti con il figlio da mercoled\u00ec dopo che aveva raccontato di essere al mare a Jesolo con un&#8217;amica. Il giovane avrebbe raccontato che il 63enne lo avrebbe segregato, legato e dopo una tentata violenza era pronto a bruciarlo se avesse reagito. In ospedale con il figlio ci finisce anche la madre colta da malore, ieri sera entrambi sono stati dimessi. Versa in gravi condizioni il 63enne, ritrovato steso a terra anch&#8217;egli cosparso di benzina e con una profonda ferita alla testa, \u00e8 stato trasportato in gravi condizioni al C\u00e0 Foncello di Treviso. I due si conoscevano ed \u00e8 il giovane che fa fatto visita all&#8217;uomo che abita a Cornuda, avrebbe raccontato di essere stato segregato per due giorni, costretto a inviare messaggi per non insospettire i genitori, avrebbe anche colpito l&#8217;anziano riuscendo poi a liberarsi. Inquirenti al lavoro per chiarire cosa sia successo in quella casa, i due si conoscevano da tempo, il giovane andava spesso a trovare V.G., gli portava a casa la spesa, i Carabinieri hanno messo sotto sequestro l&#8217;appartamento compresa una corda e un pezzo di marmo con il quale \u00e8 stato colpito violentemente il 63enne.<\/p>\n<p>&nbsp;<\/p>\n<p>&nbsp;<\/p>\n<hr \/>\n<h3><span style=\"color: #ff0000;\">OGGI SUL CORRIERE DELLE ALPI\u00a0 di Cristina Contento<\/span><\/h3>\n<blockquote>\n<h3>SCAZZOTTATA IN CENTRO AI GIOVEDI DI SERA, GIOVANE ALL&#8217;OSPEDALE<\/h3>\n<\/blockquote>\n<p><strong>BELLUNO<\/strong> Scazzottata notturna\u00a0 ai gioved\u00ec notte: un ragazzo si \u00e8 fatto refertare in ospedale per le ferite riportate nello scontro con alcuni coetanei. In quattro sono stati identificati dalla polizia. Motivi? Le ragazze. Qualche avance o parole non gradite e scoppia la bagarre. \u00c8 la seconda lite nel giro di pochi giorni e, anche in questo caso, con una persona finita al pronto soccorso, seppure ferito lievemente. Dopo la rissa di qualche giorno fa in pieno pomeriggio tra gruppi di ragazzini che si sono affrontati, salvo poi scappare quando sono arrivati polizia e carabinieri, nella notte tra gioved\u00ec e venerd\u00ec c&#8217;\u00e8 voluto un nuovo intervento della polizia di Stato per calmare le acque.Erano le 2 circa di notte.Gli operatori della questura hanno comunque identificato quattro ragazzi che sono rimasti sul posto o nelle vicinanze.<\/p>\n<p>&nbsp;<\/p>\n<p>&nbsp;<\/p>\n<hr \/>\n<h3><\/h3>\n<p>&nbsp;<\/p>\n<div class=\"page-title-breadcrumbs\">\n<div class=\"page-title-head hgroup\">\n<blockquote>\n<h3>BELLUNESE DENUNCIATO A PADOVA PER AVER PICCHIATO UN&#8217;ANZIANA<\/h3>\n<\/blockquote>\n<p><strong>PADOVA\u00a0<\/strong> \u00a0Minaccia una donna, prende a calci il tavolino del bar e scatta la denuncia per un bellunese di 37 anni, Z.A., con precedenti penali per furto.\u00a0 I poliziotti sono stati avvicinati da una donna di 67 anni che, spaventata, ha riferito di essere stata minacciata da un giovane, per aver dato l&#8217;elemosina a un ragazzo africano. Il bellunese ha sferrato un calcio a una sedia, che ha finito per colpire una gamba della sessantasettenne. Gli agenti hanno individuato e bloccato il giovane, a passeggio in centro con un cane, denunciato per minacce aggravato.<\/p>\n<blockquote>\n<h3><\/h3>\n<h3><\/h3>\n<\/blockquote>\n<hr \/>\n<blockquote>\n<h3><\/h3>\n<h3><\/h3>\n<h3 class=\"entry-title\">LUTTO A PONTE NELLE ALPI PER LA MORTE DI GIOVANNI BORTOT<\/h3>\n<\/blockquote>\n<\/div>\n<div class=\"page-title-breadcrumbs\">\n<p><img loading=\"lazy\" decoding=\"async\" class=\" wp-image-148729 alignleft jetpack-lazy-image jetpack-lazy-image--handled\" src=\"https:\/\/i1.wp.com\/www.radiopiu.net\/wordpress\/wp-content\/uploads\/2020\/07\/image.jpg?resize=300%2C200&amp;ssl=1\" sizes=\"auto, (max-width: 300px) 100vw, 300px\" srcset=\"https:\/\/i1.wp.com\/www.radiopiu.net\/wordpress\/wp-content\/uploads\/2020\/07\/image.jpg?resize=300%2C200&amp;ssl=1 300w, https:\/\/i1.wp.com\/www.radiopiu.net\/wordpress\/wp-content\/uploads\/2020\/07\/image.jpg?w=495&amp;ssl=1 495w\" alt=\"\" width=\"207\" height=\"138\" data-recalc-dims=\"1\" data-lazy-loaded=\"1\" \/><strong>PONTE NELLE ALPI<\/strong> E\u2019 mancato a 92 anni\u00a0 Giovanni Bortot, nome noto nella politica del Paese un esempio per quelli che battagliano in tribunale per il vitalizio come diritto acquisito, infatti Giovanni aveva scelto di devolvere un terzo della sua pensione da deputato alla casa di riposo.<\/p>\n<blockquote><p>Nel periodo della Resistenza ha dato il suo contributo col nome di Ardito poi un lungo corso senza mai cambiare idea nel\u00a0 Partito comunista italiano, gi\u00e0 sindaco e\u00a0 vice sindaco di Ponte nelle Alpi \u00e8 entrato nel Parlamento alla fine degli anni Sessanta per due legislature. Lascia la moglie Beppina e la figlia Tiziana.<\/p><\/blockquote>\n<\/div>\n<\/div>\n<p>&nbsp;<\/p>\n<p><span style=\"color: #ff0000;\">CI MANCHERA&#8217;&#8230;. IL DEPUTATO ROGER DE MENECH &#8220;t&#8217;ha da consum\u00e0 le scarpe&#8221;<\/span><\/p>\n<div style=\"width: 640px;\" class=\"wp-video\"><video class=\"wp-video-shortcode\" id=\"video-148691-1\" width=\"640\" height=\"352\" preload=\"metadata\" controls=\"controls\"><source type=\"video\/mp4\" src=\"https:\/\/www.radiopiu.net\/wordpress\/wp-content\/uploads\/2020\/07\/WhatsApp-Video-2020-07-10-at-16.01.13.mp4?_=1\" \/><a href=\"https:\/\/www.radiopiu.net\/wordpress\/wp-content\/uploads\/2020\/07\/WhatsApp-Video-2020-07-10-at-16.01.13.mp4\">https:\/\/www.radiopiu.net\/wordpress\/wp-content\/uploads\/2020\/07\/WhatsApp-Video-2020-07-10-at-16.01.13.mp4<\/a><\/video><\/div>\n<p>&nbsp;<\/p>\n<div class=\"page-title-breadcrumbs\">\n<div class=\"page-title-breadcrumbs\">\n<p><strong>Questo il messaggio sulla pagina facebook del Pd bellunese:<\/strong><em> \u201cIeri sera, dopo una vita dedicata alla militanza, alla politica, all\u2019amministrazione, \u00e8 morto Giovanni Bortot, gi\u00e0 sindaco di Ponte nelle Alpi e deputato del PCI. L\u2019intera comunit\u00e0 bellunese gli \u00e8 debitrice per le sue battaglie civili, sociali e per lo straordinario contributo all\u2019identit\u00e0 del territorio e alla dignit\u00e0 delle persone. Lavor\u00f2 all\u2019elaborazione di leggi che favorirono gli insediamenti produttivi e la ricostruzione dopo il disastro del Vajont e l\u2019alluvione del 1966. Lott\u00f2 per la modifica della legge sulla silicosi, malattia che mieteva moltissime vittime tra i lavoratori, anche in giovane et\u00e0. Port\u00f2 avanti battaglie per la difesa e la messa in sicurezza del territorio, contro le speculazioni e a favore del bene comune. No, non solo il Partito Democratico o la sinistra. Ogni donna e ogni uomo di questa provincia deve un pezzo della propria storia a Giovanni. Grazie. Cercheremo di essere degni eredi del tuo lascito. Un pensiero alla moglie Beppina e alla figlia Tiziana\u201d.<\/em><\/p>\n<p><strong>Il messaggio di Monica Lotto segretaria provinciale PD<\/strong><em> \u00abNegli anni in cui il partito ha intrapreso tante trasformazioni, Giovanni Bortot ha continuato a portare un contributo lucido, mai fazioso, sempre costruttivo e attuale. Se ne va un punto di riferimento, un uomo che ha vissuto la politica in modo autentico e che ha insegnato molto. L&#8217;intera comunit\u00e0 bellunese gli \u00e8 debitrice per le sue battaglie civili, sociali e per lo straordinario contributo all&#8217;identit\u00e0 del territorio e alla dignit\u00e0 delle persone. Lavor\u00f2 all&#8217;elaborazione di leggi che favorirono gli insediamenti produttivi e la ricostruzione dopo il disastro del Vajont e l&#8217;alluvione del 1966. Lott\u00f2 per la modifica della legge sulla silicosi, malattia che mieteva moltissime vittime tra i lavoratori, anche in giovane et\u00e0. Port\u00f2 avanti battaglie per la difesa e la messa in sicurezza del territorio, contro le speculazioni e a favore del bene comune. La politica per lui non poteva prescindere dall\u2019incontrare le persone, ascoltarne le preoccupazioni, capirne le necessit\u00e0. Questo anche il senso della Festa de l\u2019Unit\u00e0 del Pus a lui tanto cara. L\u2019impegno del partito democratico, della fondazione societ\u00e0 bellunese e di tutti i volontari proseguir\u00e0 nel nome della grande tradizione da cui proveniamo, ma con lo sguardo rivolto al futuro\u00bb prosegue la segretaria democratica&#8221;.<\/em><\/p>\n<p>&nbsp;<\/p>\n<p><strong>IL MESSAGGIO DI DARIO BOND<\/strong><\/p>\n<\/div>\n<\/div>\n<audio class=\"wp-audio-shortcode\" id=\"audio-148691-1\" preload=\"none\" style=\"width: 100%;\" controls=\"controls\"><source type=\"audio\/mpeg\" src=\"https:\/\/www.radiopiu.net\/wordpress\/wp-content\/uploads\/2020\/07\/bond-bortot.mp3?_=1\" \/><a href=\"https:\/\/www.radiopiu.net\/wordpress\/wp-content\/uploads\/2020\/07\/bond-bortot.mp3\">https:\/\/www.radiopiu.net\/wordpress\/wp-content\/uploads\/2020\/07\/bond-bortot.mp3<\/a><\/audio>\n<p>&nbsp;<\/p>\n<p><strong>IL PRESIDENTE DELLA PROVINCIA ROBERTO PADRIN<\/strong> \u00a0\u00abLa scomparsa di Giovanni Bortot ci lascia un vuoto incolmabile. Ha rappresentato una pagina di storia non solo per Ponte nelle Alpi, ma per l\u2019intera provincia. La sua azione politica, e la sua stessa vita, al di l\u00e0 degli ideali che ha sempre difeso con convinzione, \u00e8 stata caratterizzata da una grande tenacia e dal forte senso di appartenenza al territorio bellunese, che ha difeso sempre con impegno e abnegazione, specialmente negli anni difficili del dopo Vajont. Nei giorni della tragedia, fu vicino alle nostre comunit\u00e0 colpite, dando subito sostegno e aiuto anche come soccorritore. Giovanni Bortot ha sempre partecipato attivamente alla vita sociale del territorio, costituendo un esempio per intere generazioni di amministratori venuti dopo di lui e lasciandoci la testimonianza di una fede incrollabile nei valori della nostra provincia. Da parte mia e dell\u2019amministrazione provinciale, le pi\u00f9 sentite condoglianze ai famigliari e ai suoi amici\u00bb.<\/p>\n<p>&nbsp;<\/p>\n<p>&nbsp;<\/p>\n<div class=\"page-title-breadcrumbs\">\n<div class=\"page-title-breadcrumbs\">\n<hr \/>\n<\/div>\n<\/div>\n<p>&nbsp;<\/p>\n<p>&nbsp;<\/p>\n<blockquote>\n<h3>MALORE IN VALLE DI GARES, CRISI DI PANICO SUL LAGAZUOI, FALSO ALLARME SULLA SCHIARA<\/h3>\n<\/blockquote>\n<p><strong>CANALE D&#8217;AGORDO<\/strong> L&#8217;elicottero del Suem di Pieve di Cadore \u00e8 volato a Canale d&#8217;Agordo, dove, lungo il sentiero numero 754 verso Pian di Costa, una donna, che si trovava con altre persone, aveva accusato un malore in localit\u00e0 Pausa del Meo. Dopo aver geolocalizzato il gruppo, sentito anche il Soccorso alpino della Val Biois pronto a intervenire, l&#8217;eliambulanza ha sbarcato equipe medica e tecnico di elisoccorso con un verricello di 40 metri. Prestate le prime cure, G.P., 74 anni, di Spinea (VE), \u00e8 stata imbarellata e issata a bordo per essere trasportata all&#8217;ospedale di Belluno per le verifiche del caso.<\/p>\n<p><strong>BELLUNO<\/strong> Un escursionista che stava percorrendo la ferrata del Marmol sulla Schiara ha contattato il 118 dopo aver sentito nelle vicinanze il rumore di una scarica di sassi e delle urla. Sul posto \u00e8 stato inviato l&#8217;elicottero di Treviso emergenza. L&#8217;equipaggio ha cos\u00ec verificato che le grida provenivano da persone sfiorate dai sassi, ma che fortunatamente stavano bene. L&#8217;allarme \u00e8 quindi rientrato.<\/p>\n<p><strong>CORTINA<\/strong>\u00a0 In movimento una squadra del Sagf di Cortina in aiuto di una donna bloccata da una crisi di panico nelle Gallerie del Lagazuoi. Raggiunta dai soccorritori K.M., 29 anni, di Campo Tures (BZ), \u00e8 stata tranquillizzata e accompagnata lungo il percorso.<\/p>\n<p><strong>CORTINA <\/strong>Nel pomeriggio di ieri \u00e8 scattato l&#8217;allarme per una turista veneziana, C.P., 52 anni, di Ceggia, che scendendo dal Rifugio Fonda Savio sul sentiero numero 115 si era procurata la sospetta distorsione di un ginocchio. La donna \u00e8 stata presa in carico dall&#8217;eliambulanza dell&#8217;Aiut Alpin Dolomites di Bolzano e portata all&#8217;ospedale di Belluno. Pronto per eventuale collaborazione anche personale del Sagf.<\/p>\n<p><strong>CORTINA<\/strong> Ieri un diciannovenne di Ravenna si \u00e8 sentita poco bene nei pressi del Rifugio Vandelli. Imbarcata dell&#8217;elicottero del Suem di Pieve di Cadore \u00e8 stata accompagnata al pronto soccorso di Pieve.<\/p>\n<p>&nbsp;<\/p>\n<p>&nbsp;<\/p>\n<hr \/>\n<blockquote>\n<h3>LUXOTTICA IN PROGRESSIVA CRESCITA, LE ULTIME NOTIZIE<\/h3>\n<\/blockquote>\n<p><strong><img loading=\"lazy\" decoding=\"async\" class=\"alignleft\" src=\"https:\/\/www.radiopiu.net\/wordpress\/wp-content\/uploads\/2020\/03\/NOVITA-LUXOTTICA.jpg\" width=\"247\" height=\"139\" \/>AGORDO<\/strong> Ormai consueto incontro settimanale tra Azienda (Schinetti, Sist, De Castro) e le organizzazioni sindacali (Piras, Paoloni, Salvatori) per l&#8217;esame e l&#8217;analisi di alcune tematiche emerse a livello territoriale anche alla luce dell&#8217;accordo di Cassa Integrazione. Ribaditi i programmi produttivi per la settimana 13-17 luglio che conferma la progressiva crescita del piano produttivo. Per tutti gli stabilimenti confermata la percentuale di presenza media tra l&#8217;85% e il 95% con apertura scaglionate di alcuni reparti, prosegue anche la ripresa dell&#8217;attivit\u00e0 produttiva per lo stabilimento lenti di Lauriano. Pieno regime negli stabilimenti di Barberini, Sedico Logistica, Rx Lenti e After Sales.<\/p>\n<p><strong>Trasporti pubblici di &#8230; Trentino trasporti, comunicato della societ\u00e0, partenza luned\u00ec 13.07.2020.<\/strong><br \/>\nDa luned\u00ec torner\u00e0 parzialmente operativo il trasporto turnisti dal Primiero ad Agordo, solamente per il turno pomeriggio. Al momento non \u00e8 stato possibile ripristinare il servizio anche al mattino. Verr\u00e0 data a breve comunicazione dall&#8217;azienda agli interessati specificando fermate e orari.<\/p>\n<p>&nbsp;<\/p>\n<hr \/>\n<p>&nbsp;<\/p>\n<p>&nbsp;<\/p>\n<blockquote>\n<h3>DUE NUOVE POSITIVITA&#8217;, AGGIORNAMENTO ULSS DOLOMITI<\/h3>\n<\/blockquote>\n<p><strong><img loading=\"lazy\" decoding=\"async\" class=\"alignleft\" src=\"https:\/\/www.radiopiu.net\/wordpress\/wp-content\/uploads\/2020\/03\/covid-ulss.jpg\" width=\"335\" height=\"251\" \/>BELLUNO<\/strong> L\u2019incessante lavoro di analisi sui molti tamponi eseguiti dall\u2019Ulss Dolomiti ha evidenziato, nelle ultime 24 ore, due nuove positivit\u00e0 in soggetti gi\u00e0 isolati e sottoposti a sorveglianza. Si tratta di un caso connesso alla anziana signora ultraottantenne residente nel feltrino raggiunta una settimana fa da una badante moldava positiva al Covid. Il primo tampone eseguito era risultato negativo; il secondo tampone, eseguito per protocollo di sicurezza lavorativa, come detto, ha virato verso la positivit\u00e0. L\u2019altra positivit\u00e0 emersa nella tarda serata di ieri \u00e8 riferita a un caso collegato alla anziana kosovara ricoverata da alcuni giorni nel reparto di Malattie Infettive del San Martino. Gli altri 8 contatti familiari della paziente, clinicamente stabile, sono risultati invece negativi. Si configurano quindi due microfocolai di importazione, l\u2019uno con tre soggetti positivi, l\u2019altro con due soggetti positivi. Entrambe le persone interessati dalla nuova positivit\u00e0 sono sostanzialmente asintomatiche. Oltre a ci\u00f2, si segnala che nella tarda mattinata di oggi \u00e8 giunta all\u2019attenzione del dipartimento di prevenzione una positivit\u00e0 Covid a carico di una dipendente di una casa di riposo del trentino, residente nel Feltrino. Il tampone \u00e8 stato eseguito a Trento, nell\u2019ambito dello screening lavorativo. La persona \u00e8 stato, come di prassi, isolata. Saranno anche isolati e sottoposti a tampone i 14 contatti stretti individuati dall\u2019indagine epidemiologica.<\/p>\n<p>&nbsp;<\/p>\n<p>&nbsp;<\/p>\n<hr \/>\n<p>&nbsp;<\/p>\n<blockquote>\n<h3>COVID L&#8217;EMERGENZA CONTINUA IN 5 REGIONI E&#8217; ALLARME ANCHE SE SCENDE IL NUMERO DI PAZIENTI IN OSPEDALE. I CONTAGI SONO IN AUMENTO MENTRE SI ASSISTE AL VIA LIBERA ASSICURATO DALLE ORDINANZE REGIONALI. SI PUO&#8217; TORNARE A LEGGERE IL GIORNALE AL BAR DOVE TUTTI CI METTONO LE MANI E ANCHE LE DITA MAGARI DOPO ESSERSELE LECCATE. NEGLI ULTIMI 3 GIORNI ALTRI TRE CASI IN PROVINCIA CON IL VIRUS &#8220;IMPORTATO&#8221; DALL&#8217;ESTERNO.<\/h3>\n<\/blockquote>\n<p><strong>di Mirko Mezzacasa\u00a0<\/strong><\/p>\n<p>Allame in 5 Regioni dove l&#8217;incide Rt ha superato la soglia del pericolo, oltre 1 in Lazio, Toscana, Piemonte, Emilia Romagna e Veneto. Si &#8220;salva&#8221; la Lombardia che per\u00f2 vanta il triste primato dell&#8217;incidenza di nuovi casi. I focolai di una certa rilevanza sono stati importati dall&#8217;estero. Negli ospedali italiani ci sono meno di 900 pazienti, 65 in terapia intensiva, 9 nel Veneto di cui 3 positivi, nessuno negli ospedali bellunesi, da tempo.\u00a0 Si abbassa anche il numero dei decessi, ieri 12 in Italia e 4 nel Veneto. L&#8217;allarme \u00e8 stato lanciato, il virus viaggia con le persone che arrivano o rientrano dall&#8217;estero e che quindi accendono i focolai nei posti di lavoro. Molti casi sono di asintomatici ma anche giovani. La linea del numero dei nuovi casi positivi giornalieri non scende, quella dei divieti si\u00a0 ogni giorno le regioni stanno dando nuovi via libera a una serie di attivit\u00e0. La Lombardia ha deciso che si possono riaprire le discoteche all&#8217;aperto e\u00a0 bere, ma non al bancone. Sono autorizzati gli sport di squadra. Nei bar si torna a leggere il giornale dove tutti ci appoggiano le mani e magari anche il dito appena messo in bocca e si puo&#8217; tornare a giocare a carte. In Provincia di Belluno negli ultimi giorni altri 3 positivi, una badante Moldava con l&#8217;anziana ultra ottantenne, Altro contagio rilevato su un&#8217;anziana del Kosovo di 75 anni ricoverata nel reparto del Malattie Infettive \u00e8 venuta in Italia dal suo paese per incontrare i parenti. Nella tarda mattinata di ieri segnalata una dipendente della casa di riposo del Trentino che vive a Lamon, in quarantena 14 contatti stretti. <strong>I NUMERI\u00a0 IN VENETO:<\/strong> TOTALE POSITIVI 19376\u00a0 \u00a0(+12)\u00a0 ATTUALMENTE POSITIVI\u00a0 397 (+4)\u00a0 DECESSI 2039\u00a0 (0) NEGATIVIZZATI 16940 (+8 IN ISOLAMENTO 1124 (14)\u00a0 RICOVERATI\u00a0 140 (0 \u2013 18 POSITIVI, 122 NEGATIVIZZATI), NEGLI OSPEDALI DI COMUNITA\u2019 RICOVERATI 18 (-2, 0 POSITIVI,\u00a0 18 NEGATIVIZZATI), IN TERAPIA INTENSIVA 9(3 POSITIVI,\u00a0 6 NEGATIVIZZATI). DIMESSI 3651 (3)\u00a0<strong>IN NUMERI IN PROVINCIA:<\/strong>\u00a0TOTALE CONTAGI 1199 (+2) , ATTUALMENTE POSITIVI 21 (+1) , DECEDUTI 113 (0), NEGATIVIZZATI 1065 (+1) ISOLAMENTO DOMICILIARE 141 (+12) RICOVERATI IN OSPEDALE AL SAN MARTIN 2(0)<\/p>\n<p>&nbsp;<\/p>\n<blockquote class=\"wp-embedded-content\" data-secret=\"BhsQxkyrjl\"><p><a href=\"https:\/\/www.radiopiu.net\/wordpress\/agg10luglio\/\">CORONAVIRUS: AGGIORNAMENTO NAZIONALE 10 LUGLIO<\/a><\/p><\/blockquote>\n<p><iframe loading=\"lazy\" class=\"wp-embedded-content\" sandbox=\"allow-scripts\" security=\"restricted\" style=\"position: absolute; clip: rect(1px, 1px, 1px, 1px);\" title=\"&#8220;CORONAVIRUS: AGGIORNAMENTO NAZIONALE 10 LUGLIO&#8221; &#8212; Radio Pi\u00f9\" src=\"https:\/\/www.radiopiu.net\/wordpress\/agg10luglio\/embed\/#?secret=BhsQxkyrjl\" data-secret=\"BhsQxkyrjl\" width=\"600\" height=\"338\" frameborder=\"0\" marginwidth=\"0\" marginheight=\"0\" scrolling=\"no\"><\/iframe><\/p>\n<p>&nbsp;<\/p>\n<blockquote class=\"wp-embedded-content\" data-secret=\"CHK44ssKva\"><p><a href=\"https:\/\/www.radiopiu.net\/wordpress\/10luglio17\/\">NELLE ULTIME 12 ORE POSITIVI DUE BAMBINI DI 5 E 8 ANNI DEL KOSOVO, NESSUN DECESSO NELLE 24 ORE, ALTRE 14 PERSONE IN ISOLAMENTO<\/a><\/p><\/blockquote>\n<p><iframe loading=\"lazy\" class=\"wp-embedded-content\" sandbox=\"allow-scripts\" security=\"restricted\" style=\"position: absolute; clip: rect(1px, 1px, 1px, 1px);\" title=\"&#8220;NELLE ULTIME 12 ORE POSITIVI DUE BAMBINI DI 5 E 8 ANNI DEL KOSOVO, NESSUN DECESSO NELLE 24 ORE, ALTRE 14 PERSONE IN ISOLAMENTO&#8221; &#8212; Radio Pi\u00f9\" src=\"https:\/\/www.radiopiu.net\/wordpress\/10luglio17\/embed\/#?secret=CHK44ssKva\" data-secret=\"CHK44ssKva\" width=\"600\" height=\"338\" frameborder=\"0\" marginwidth=\"0\" marginheight=\"0\" scrolling=\"no\"><\/iframe><\/p>\n<p>&nbsp;<\/p>\n<p>&nbsp;<\/p>\n<hr \/>\n<blockquote>\n<h3>CARO SINDACO&#8230; SONO GIUSTIFICATI GLI IMPORTI PER IL CONSUMO D&#8217;ACQUA?<\/h3>\n<\/blockquote>\n<p><strong><img loading=\"lazy\" decoding=\"async\" class=\"alignleft\" src=\"https:\/\/www.radiopiu.net\/wordpress\/wp-content\/uploads\/2015\/12\/acqua-pubblica_74691.jpg\" width=\"218\" height=\"109\" \/>FALCADE<\/strong> Riceviamo e volentieri pubblichiamo una segnalazione di Patrizia Fenti di chiare origini falcadine, proprietaria della casa paterna di via Cime d&#8217;Auta nel Comune di Falcade. La cittadina si rivolge al sindaco Michele Costa chiedendo se \u00a0sono giustificati e\/o giustificabili gli importi dovuti per il consumo di acqua potabile di cui alla fattura con scadenza 6 luglio. Ovviamente il sindaco non potr\u00e0 che prenderne atto ed eventualmente dare una sua risposta-riflessione, essendo GSP BELLUNO deputata al servizio idrico bellunese, anche se i sindaci hanno comunque voce in capitolo al tavolo delle trattative.<\/p>\n<p><strong>Questa la lettera di Patrizia Fenti inviata al primo cittadino<\/strong><\/p>\n<p>Tengo a far presente, rispetto alla precedente fatturazione, a parit\u00e0 di mc. (circa 90mc annui), che: 1) La tariffa \u201cacquedotto\u201d \u00e8 passata da euro 66,85 a euro 194,61; 2) La tariffa \u201cfognatura\u201d \u00e8 passata da euro 25,80 a euro 57,14; 3) La tariffa \u201cdepurazione\u201d \u00e8 passata da euro 48,72 a euro107,18; 4) La tariffa \u201coneri perequazione\u201d \u00e8 passata da euro 3,00 a euro 7,17; 5) La \u201cquota fissa\u201d \u00e8 passata da euro 68,07 a euro 93,70; 6) La tariffa agevolata \u00e8 passata da euro 0,04 a euro 0,36 per i primi 7 mc.; 7) La tariffa base\u00a0 \u00a0passata da euro 0,08 a euro 0,72 per altri 10 mc.\u00a0 Le chiedo inoltre, pur comprendendo l\u2019 esosit\u00e0 di bilancio del gestore pubblico, se questo non sia un modo di favorire lo spopolamento del paese a discapito di chi vi \u00e8 nato e vi abita non tutto l\u2019anno sopportando oneri insostenibili, come \u00e8 stato anche evidenziato da Mauro Corona nell\u2019ultima puntata del programma \u201cCartabianca\u201d su raitre.<\/p>\n<p>&nbsp;<\/p>\n<p>&nbsp;<\/p>\n<hr \/>\n<div><\/div>\n<blockquote>\n<h3>&#8220;CI SONO SINDACI CHE ADESSO VOGLIONO FARE IL TRAFORO DEL GIAU&#8221;. FONDI DI CONFINE, DISCUSSIONI TRA SINDACI<\/h3>\n<\/blockquote>\n<p><strong><img loading=\"lazy\" decoding=\"async\" class=\"alignleft\" src=\"https:\/\/www.radiopiu.net\/wordpress\/wp-content\/uploads\/2017\/05\/GIOVANNI-NINO-DEON.jpg\" width=\"106\" height=\"103\" \/>RIVAMONTE<\/strong>\u00a0 Immancabile il tema dei fondi di confine, ad ogni consiglio comunale, anche in quello recente a Rivamonte. Nella diretta-differita pubblicata nel GIORNALE RADIO PIU di ieri abbiamo colto lo sfogo del sindaco Giovanni Nino Deon, sindaco di un paese caratterizzato dalla strada pi\u00f9 dissestata dell&#8217;Agordino, la provinciale che da Ponte Alto sale a Zenich e quindi Rivamonte. Deon e soci ai fondi di confine guardano inevitabilmente con invidia. Non potrebbe essere diversamente. Ecco un passaggio importante delle discussione<\/p>\n<audio class=\"wp-audio-shortcode\" id=\"audio-148691-2\" preload=\"none\" style=\"width: 100%;\" controls=\"controls\"><source type=\"audio\/mpeg\" src=\"https:\/\/www.radiopiu.net\/wordpress\/wp-content\/uploads\/2020\/07\/deon-fondi-di-confine.mp3?_=2\" \/><a href=\"https:\/\/www.radiopiu.net\/wordpress\/wp-content\/uploads\/2020\/07\/deon-fondi-di-confine.mp3\">https:\/\/www.radiopiu.net\/wordpress\/wp-content\/uploads\/2020\/07\/deon-fondi-di-confine.mp3<\/a><\/audio>\n<p>&nbsp;<\/p>\n<div><\/div>\n<div><\/div>\n<div><\/div>\n<hr \/>\n<div><\/div>\n<div><\/div>\n<blockquote>\n<blockquote>\n<div><i><b>Approvato ODG del deputato forzista Bond per il riconoscimento della figura\u00a0professionale dell&#8217;autista-soccorritore<\/b><\/i><\/div>\n<\/blockquote>\n<div><img decoding=\"async\" class=\"alignleft\" src=\"https:\/\/www.radiopiu.net\/wordpress\/wp-content\/uploads\/2020\/06\/download-35.jpg\" \/><strong>ROMA\u00a0<\/strong> \u201cIl nostro servizio sanitario nazionale sconta purtroppo anni di tagli di risorse finanziarie, con conseguenze negative dal punto di vista della quantit\u00e0 e della qualit\u00e0 dei servizi sanitari pubblici offerti ai cittadini. Eppure l\u2019emergenza che abbiamo vissuto dovrebbe insegnarci a comprendere quanto alcune figure siano fondamentali per il nostro Paese, a garanzia e tutela della salute di tutti noi. Una di queste \u00e8 quella dell\u2019\u00abautista-soccorritore\u00bb, riconosciuto a livello professionale in ambito europeo ed extra europeo ma non in Italia, fatta eccezione per alcune realt\u00e0 in cui \u00e8 operante solo in virt\u00f9 di leggi regionali. L&#8217;attivit\u00e0 di coloro che prestano servizio come autisti per il 118 andrebbe non solo regolamentata ma implementata, prevedendo anche una formazione ed una certificazione adeguate al delicato compito che gli viene chiesto. E\u2019 giusto e doveroso che il Governo si impegni per il riconoscimento della figura professionale dell&#8217;autista soccorritore, come ho chiesto alla Camera questa settimana con il mio Ordine del Giorno\u201d.<\/div>\n<div><\/div>\n<div><strong>DAI NOTIZIARI DI RADIO PIU DARIO BOND<\/strong><\/div>\n<\/blockquote>\n<audio class=\"wp-audio-shortcode\" id=\"audio-148691-3\" preload=\"none\" style=\"width: 100%;\" controls=\"controls\"><source type=\"audio\/mpeg\" src=\"https:\/\/www.radiopiu.net\/wordpress\/wp-content\/uploads\/2020\/07\/BOND.mp3?_=3\" \/><a href=\"https:\/\/www.radiopiu.net\/wordpress\/wp-content\/uploads\/2020\/07\/BOND.mp3\">https:\/\/www.radiopiu.net\/wordpress\/wp-content\/uploads\/2020\/07\/BOND.mp3<\/a><\/audio>\n<p>&nbsp;<\/p>\n<p>&nbsp;<\/p>\n<hr \/>\n<blockquote>\n<h3>CARABINIERI IN ALTA MONTAGNA, VERIFICATE LE CONDIZIONI DEI BIVACCHI<\/h3>\n<\/blockquote>\n<p><strong>CORTINA <\/strong>Gli uomini dell&#8217;Arma hanno verificato le condizioni dei bivacchi Tiziano, Musatti e Fanton, verificando la presenza di cordate in parete sul Pomagagnon, Cristallo, Tre Cime di Lavaredo, Gruppo del Sorapis, Monte Piana, Lago di Sorapis,\u00a0 Rifugio Vandelli, Marmarole.\u00a0 Per facilitare le operazioni \u00e8 stato chiesto l&#8217;intervento\u00a0 delll&#8217;elicottero. In 40 minuti \u00e8 stato svolto il lavoro che, a piedi o con mezzi motorizzati, avrebbe richiesto almeno cinque giorni. Le condizioni meteorologiche favorevoli hanno permesso all\u2019elicottero di\u00a0 calare e recuperare i Carabinieri della Squadra Soccorso Alpino in overing, senza\u00a0 la necessit\u00e0 di atterrare, prolungando\u00a0 l\u2019autonomia di volo e permettendo il controllo di un maggiore numero di siti. Gli uomini dell&#8217;Arma hanno controllato i bivacchi anche nel loro interno provvedendo a verificare anche le scorte alimentari essenziali nel caso un alpinista si trovi difficolt\u00e0.<\/p>\n<p><strong>LE FOTO<\/strong><\/p>\n\n\t\t\t<style type='text\/css'>\n\t\t\t\t#gallery-1 {\n\t\t\t\t\tmargin: auto;\n\t\t\t\t}\n\t\t\t\t#gallery-1 .gallery-item {\n\t\t\t\t\tfloat: left;\n\t\t\t\t\tmargin-top: 10px;\n\t\t\t\t\ttext-align: center;\n\t\t\t\t\twidth: 25%;\n\t\t\t\t}\n\t\t\t\t#gallery-1 img {\n\t\t\t\t\tborder: 2px solid #cfcfcf;\n\t\t\t\t}\n\t\t\t\t#gallery-1 .gallery-caption {\n\t\t\t\t\tmargin-left: 0;\n\t\t\t\t}\n\t\t\t\t\/* see gallery_shortcode() in wp-includes\/media.php *\/\n\t\t\t<\/style>\n\t\t<div id='gallery-1' class='dt-gallery-container gallery galleryid-148691 gallery-columns-4 gallery-size-thumbnail'><dl class='gallery-item'>\n\t\t\t\t<dt class='gallery-icon portrait'>\n\t\t\t\t\t<a class=\"rollover rollover-zoom dt-pswp-item\" title=\"photo_2020-07-10_12-41-03\" data-dt-img-description=\"\" data-large_image_width=\"768\" data-large_image_height=\"1024\"href='https:\/\/www.radiopiu.net\/wordpress\/wp-content\/uploads\/2020\/07\/photo_2020-07-10_12-41-03.jpg'><img loading=\"lazy\" decoding=\"async\" width=\"150\" height=\"150\" src=\"https:\/\/www.radiopiu.net\/wordpress\/wp-content\/uploads\/2020\/07\/photo_2020-07-10_12-41-03-150x150.jpg\" class=\"attachment-thumbnail size-thumbnail\" alt=\"\" \/><\/a>\n\t\t\t\t<\/dt><\/dl><dl class='gallery-item'>\n\t\t\t\t<dt class='gallery-icon portrait'>\n\t\t\t\t\t<a class=\"rollover rollover-zoom dt-pswp-item\" title=\"photo_2020-07-10_12-41-00\" data-dt-img-description=\"\" data-large_image_width=\"768\" data-large_image_height=\"1024\"href='https:\/\/www.radiopiu.net\/wordpress\/wp-content\/uploads\/2020\/07\/photo_2020-07-10_12-41-00.jpg'><img loading=\"lazy\" decoding=\"async\" width=\"150\" height=\"150\" src=\"https:\/\/www.radiopiu.net\/wordpress\/wp-content\/uploads\/2020\/07\/photo_2020-07-10_12-41-00-150x150.jpg\" class=\"attachment-thumbnail size-thumbnail\" alt=\"\" \/><\/a>\n\t\t\t\t<\/dt><\/dl><dl class='gallery-item'>\n\t\t\t\t<dt class='gallery-icon landscape'>\n\t\t\t\t\t<a class=\"rollover rollover-zoom dt-pswp-item\" title=\"photo_2020-07-10_12-40-56\" data-dt-img-description=\"\" data-large_image_width=\"1024\" data-large_image_height=\"576\"href='https:\/\/www.radiopiu.net\/wordpress\/wp-content\/uploads\/2020\/07\/photo_2020-07-10_12-40-56.jpg'><img loading=\"lazy\" decoding=\"async\" width=\"150\" height=\"150\" src=\"https:\/\/www.radiopiu.net\/wordpress\/wp-content\/uploads\/2020\/07\/photo_2020-07-10_12-40-56-150x150.jpg\" class=\"attachment-thumbnail size-thumbnail\" alt=\"\" \/><\/a>\n\t\t\t\t<\/dt><\/dl><dl class='gallery-item'>\n\t\t\t\t<dt class='gallery-icon portrait'>\n\t\t\t\t\t<a class=\"rollover rollover-zoom dt-pswp-item\" title=\"photo_2020-07-10_12-40-54\" data-dt-img-description=\"\" data-large_image_width=\"768\" data-large_image_height=\"1024\"href='https:\/\/www.radiopiu.net\/wordpress\/wp-content\/uploads\/2020\/07\/photo_2020-07-10_12-40-54.jpg'><img loading=\"lazy\" decoding=\"async\" width=\"150\" height=\"150\" src=\"https:\/\/www.radiopiu.net\/wordpress\/wp-content\/uploads\/2020\/07\/photo_2020-07-10_12-40-54-150x150.jpg\" class=\"attachment-thumbnail size-thumbnail\" alt=\"\" \/><\/a>\n\t\t\t\t<\/dt><\/dl><br style=\"clear: both\" \/>\n\t\t\t<\/div>\n\n<p>&nbsp;<\/p>\n<p>&nbsp;<\/p>\n<hr \/>\n<h3><\/h3>\n<p>&nbsp;<\/p>\n<blockquote>\n<h3>AD AGORDO PROLOCO, IL NUOVO DIRETTIVO PER IL POST CORONAVIRUS. ENRICO FARENZENA PASSA IL TESTIMONE, DANIELE GALLIGANI PROBABILMENTE SARA&#8217; IL NUOVO PRESIDENTE, L&#8217;UFFICIALIZZAZIONE LUNEDI ALLE 20.30.<\/h3>\n<\/blockquote>\n<p><strong><a class=\"dt-pswp-item\" href=\"https:\/\/www.radiopiu.net\/wordpress\/wp-content\/uploads\/2015\/12\/Logo_Proloco.jpg\" data-dt-img-description=\"\" data-large_image_width=\"125\" data-large_image_height=\"155\"><img loading=\"lazy\" decoding=\"async\" class=\"size-full wp-image-13807 alignleft\" src=\"https:\/\/www.radiopiu.net\/wordpress\/wp-content\/uploads\/2015\/12\/Logo_Proloco.jpg\" alt=\"\" width=\"125\" height=\"155\" \/><\/a>AGORDO\u00a0<\/strong> Eletto il nuovo direttivo della proloco di Agordo, prossimamente sar\u00e0 eletto il Presidente. Enrico Farenzena dopo 4 anni passa il testimone ma rimane nel gruppo dirigente. Il consigliere anziano, Daniele Galligani, con soddisfazione anticipa che il sodalizio si \u00e8 dotato dello statuto ma anche che nel nuovo gruppo entrano persone con idee nuove e tanta voglia di ripartire. La prossima settimana primo appuntamento con lo scrittore Vidotto, riprendono i mercatini attorno al Broi e per l&#8217;autunno potrebbe non mancare la sorpresa. Il nuovo consiglio: \u00a0Chiara Fontanive, Giada Conedera, Daniele Galligani, Federica Ben, Federico Martini Barzolai, Carmen Decima, Celeste Paganin, Chiara Case, Chiara Vieceli, Matthias Rossi, Daniela Zasso, Eleonora Prompicai, Erik Marcon, Giulia Della Lucia, Giuliana Facciotto, Marta Moretti, Valentina Colle, Vittoria Somma e il presidente uscente Enrico Farenzena. Economicamente il 2019 si chiude con un\u00a0 utile di bilancio lasciato in eredit\u00e0 al prossimo direttivo.<\/p>\n<p><strong>AI MICROFONI DI RADIO PIU DANIELE GALLIGANI<\/strong><\/p>\n<audio class=\"wp-audio-shortcode\" id=\"audio-148691-4\" preload=\"none\" style=\"width: 100%;\" controls=\"controls\"><source type=\"audio\/mpeg\" src=\"https:\/\/www.radiopiu.net\/wordpress\/wp-content\/uploads\/2020\/07\/galligani.mp3?_=4\" \/><a href=\"https:\/\/www.radiopiu.net\/wordpress\/wp-content\/uploads\/2020\/07\/galligani.mp3\">https:\/\/www.radiopiu.net\/wordpress\/wp-content\/uploads\/2020\/07\/galligani.mp3<\/a><\/audio>\n<p>&nbsp;<\/p>\n<p>&nbsp;<\/p>\n<hr \/>\n<div><\/div>\n<blockquote>\n<div><\/div>\n<div class=\"page-title-breadcrumbs\"><b>FASE 3: REGIONE VENETO, CONTRIBUTO AGGIUNTIVO DI MILLE EURO PER I LAVORATORI DELLA CULTURA E DELLO SPETTACOLO<\/b><\/div>\n<\/blockquote>\n<div>\n<p><strong><a class=\"dt-pswp-item\" href=\"https:\/\/www.radiopiu.net\/wordpress\/wp-content\/uploads\/2020\/04\/DONAZZAN-1.jpg\" data-dt-img-description=\"\" data-large_image_width=\"2048\" data-large_image_height=\"2048\"><img loading=\"lazy\" decoding=\"async\" class=\"size-medium wp-image-133654 alignleft\" src=\"https:\/\/www.radiopiu.net\/wordpress\/wp-content\/uploads\/2020\/04\/DONAZZAN-1-300x300.jpg\" alt=\"\" width=\"300\" height=\"300\" srcset=\"https:\/\/www.radiopiu.net\/wordpress\/wp-content\/uploads\/2020\/04\/DONAZZAN-1-300x300.jpg 300w, https:\/\/www.radiopiu.net\/wordpress\/wp-content\/uploads\/2020\/04\/DONAZZAN-1-1024x1024.jpg 1024w, https:\/\/www.radiopiu.net\/wordpress\/wp-content\/uploads\/2020\/04\/DONAZZAN-1-150x150.jpg 150w, https:\/\/www.radiopiu.net\/wordpress\/wp-content\/uploads\/2020\/04\/DONAZZAN-1-768x768.jpg 768w, https:\/\/www.radiopiu.net\/wordpress\/wp-content\/uploads\/2020\/04\/DONAZZAN-1-1536x1536.jpg 1536w, https:\/\/www.radiopiu.net\/wordpress\/wp-content\/uploads\/2020\/04\/DONAZZAN-1.jpg 2048w\" sizes=\"auto, (max-width: 300px) 100vw, 300px\" \/><\/a>VENEZIA\u00a0<\/strong>Gli effetti della sospensione delle manifestazioni, iniziative e eventi di carattere culturale nonch\u00e9 la chiusura dei musei e degli altri istituti e luoghi della cultura per il contenimento della pandemia da COVID-19, hanno penalizzato enormemente il settore della cultura, colpendo le imprese e i lavoratori che stanno ancora scontando il lento e graduale ritorno alla normalit\u00e0. Per tutti i lavoratori veneti iscritti al Fondo pensioni dello spettacolo la Regione del Veneto interviene con un contributo individuale di mille euro, ad integrazione dell\u2019indennit\u00e0 Inps riconosciuta per i mesi di marzo, aprile e maggio dai decreti \u2018Cura Italia\u2019 e \u2018Rilancio\u2019. <i> <\/i>\u201c<em>In accordo con Inps, che si far\u00e0 carico dell\u2019erogazione dell\u2019assegno integrativo \u2013 spiega l\u2019assessore al lavoro Elena Donazzan \u2013 la Regione del Veneto mette a disposizione 3 milioni di euro della propria dote di fondi FSE 2014-2020 per garantire un contributo ai lavoratori dello spettacolo e della cultura che risultano essere tra i meno garantiti nel panorama delle professioni, ma che rappresentano un patrimonio di professionalit\u00e0, competenze, passione e creativit\u00e0 indispensabile per la ripartenza delle attivit\u00e0 culturali e degli spettacoli del vivo, anche in considerazione del ruolo della cultura per il benessere dei cittadini. L\u2019emergenza COVID-19 \u00e8 stato un vero e proprio tsunami per il settore dello spettacolo che, nei mesi della sospensione totale delle attivit\u00e0, ha registrato un crollo del 94 per cento dei rapporti di lavoro, e continua a scontare gli effetti del difficile ritorno alla normalit\u00e0<\/em>\u201d.\u00a0L\u2019indennit\u00e0 integrativa regionale viene ad aggiungersi ad un&#8217;altra misura predisposta dalla Regione per sostenere e accompagnare la ripartenza delle attivit\u00e0 della cultura e dello spettacolo: il bando \u201cLaboratorio veneto, strumenti per il settore Cultura\u201d, finanziato anch\u2019esso con 3 milioni di euro dei fondi FSE 2014-2020, che va a finanziare progetti di formazione, adeguamento e rilancio dell\u2019offerta culturale rivolti agli operatori del settore cultura, spettacolo dal vivo e intrattenimento.\u00a0\u201c<em>I due interventi, quello individuale rivolto ai lavoratori dello spettacolo e della cultura e quello a sostegno dei progetti di adeguamento e rilancio dell\u2019offerta di servizi e prodotti culturali \u2013 aggiunge l\u2019assessore alla cultura Cristiano Corazzari che cofirma le due delibere \u2013 sono il segno della particolare attenzione che la Regione riserva, anche in questa fase emergenziale, ad un settore che regala arte e bellezza ai nostri luoghi della cultura, \u00e8 un volano per l\u2019attrattivit\u00e0 turistica<span class=\"Apple-converted-space\">\u00a0 <\/span>del territorio e crea opportunit\u00e0 di lavoro per migliaia di addetti<\/em>\u201d.<\/p>\n<p>&nbsp;<\/p>\n<\/div>\n<p>&nbsp;<\/p>\n<p>&nbsp;<\/p>\n<p>&nbsp;<\/p>\n<hr \/>\n<div class=\"page-title-head hgroup\">\n<blockquote>\n<h3><\/h3>\n<h3 class=\"entry-title\">INCONTRO CON I VERTICI DELL\u2019ANA A ROCCA PIETORE PER PARLARE DI PROGETTI FUTURI<\/h3>\n<\/blockquote>\n<\/div>\n<div class=\"page-title-breadcrumbs\"><strong class=\"photoswipe-wrapper\"><a class=\"dt-pswp-item pspw-wrap-ready\" href=\"https:\/\/i0.wp.com\/www.radiopiu.net\/wordpress\/wp-content\/uploads\/2020\/07\/80ce0817-1e40-4eb8-98e9-630610e1b447.jpg?ssl=1\" data-dt-img-description=\"\" data-large_image_width=\"1599\" data-large_image_height=\"1200\"><img loading=\"lazy\" decoding=\"async\" class=\" wp-image-148686 alignleft jetpack-lazy-image jetpack-lazy-image--handled\" src=\"https:\/\/i0.wp.com\/www.radiopiu.net\/wordpress\/wp-content\/uploads\/2020\/07\/80ce0817-1e40-4eb8-98e9-630610e1b447.jpg?resize=300%2C225&amp;ssl=1\" sizes=\"auto, (max-width: 300px) 100vw, 300px\" srcset=\"https:\/\/i0.wp.com\/www.radiopiu.net\/wordpress\/wp-content\/uploads\/2020\/07\/80ce0817-1e40-4eb8-98e9-630610e1b447.jpg?resize=300%2C225&amp;ssl=1 300w, https:\/\/i0.wp.com\/www.radiopiu.net\/wordpress\/wp-content\/uploads\/2020\/07\/80ce0817-1e40-4eb8-98e9-630610e1b447.jpg?resize=1024%2C768&amp;ssl=1 1024w, https:\/\/i0.wp.com\/www.radiopiu.net\/wordpress\/wp-content\/uploads\/2020\/07\/80ce0817-1e40-4eb8-98e9-630610e1b447.jpg?resize=768%2C576&amp;ssl=1 768w, https:\/\/i0.wp.com\/www.radiopiu.net\/wordpress\/wp-content\/uploads\/2020\/07\/80ce0817-1e40-4eb8-98e9-630610e1b447.jpg?resize=1536%2C1153&amp;ssl=1 1536w, https:\/\/i0.wp.com\/www.radiopiu.net\/wordpress\/wp-content\/uploads\/2020\/07\/80ce0817-1e40-4eb8-98e9-630610e1b447.jpg?w=1599&amp;ssl=1 1599w\" alt=\"\" width=\"215\" height=\"161\" data-recalc-dims=\"1\" data-lazy-loaded=\"1\" \/><\/a>ROCCA PIETORE\u00a0<\/strong>Gioved\u00ec a Rocca Pietore importante incontro con i vertici dell\u2019ANA col Presidente Nazionale Ing. Sebastiano Favero. Presenti anche il coordinatore del Triveneto della Protezione Civile dell\u2019ANA Andrea Da Broi e il neo Presidente della Sezione di Belluno Lino De Pra oltre ad un loro tecnico Ing. Civile Zanelli. Assieme al vicesindaco e ai tecnici comunali si \u00e8 valutata una collaborazione fattiva fra Comune e ANA per la costruzione della nuova sede di Protezione Civile con elipiazzola di atterraggio anche notturna per l\u2019elicottero di soccorso. \u201cMolto positivo l\u2019incontro \u2013 dice il sindaco di Rocca Pietore Andrea De Bernardin \u2013 Dar\u00f2 notizie pi\u00f9 precise quando avremo tutti gli elementi per farlo. Una cosa che i cittadini del Comune di Rocca non possono dimenticare \u00e8 l\u2019aiuto ricevuto dalla Protezione Civile ANA nei giorni successivi all\u2019evento Vaia, i quali assieme a tutte le forze messe in campo dalla Protezione Civile regionale ci hanno davvero fatto sentire importanti, aiutandoci ad uscire da una situazione davvero disastrosa\u201d.<\/div>\n<div><\/div>\n<div>IL SINDACO ANDREA DE BERNARDIN<\/div>\n<div><\/div>\n<div>\n<audio class=\"wp-audio-shortcode\" id=\"audio-148691-5\" preload=\"none\" style=\"width: 100%;\" controls=\"controls\"><source type=\"audio\/mpeg\" src=\"https:\/\/www.radiopiu.net\/wordpress\/wp-content\/uploads\/2020\/07\/andrea.mp3?_=5\" \/><a href=\"https:\/\/www.radiopiu.net\/wordpress\/wp-content\/uploads\/2020\/07\/andrea.mp3\">https:\/\/www.radiopiu.net\/wordpress\/wp-content\/uploads\/2020\/07\/andrea.mp3<\/a><\/audio>\n<\/div>\n<div><\/div>\n<div><\/div>\n<div><\/div>\n<div>\n<hr \/>\n<\/div>\n<div><\/div>\n<div>\n<p>&nbsp;<\/p>\n<p>&nbsp;<\/p>\n<p>&nbsp;<\/p>\n<\/div>\n<blockquote>\n<h3>APERTO IL BANDO PER CONTRIBUTI A EVENTI DI PROMOZIONE TERRITORIALE: A DISPOSIZIONE 150MILA EURO<\/h3>\n<\/blockquote>\n<p><strong><a class=\"dt-pswp-item\" href=\"https:\/\/www.radiopiu.net\/wordpress\/wp-content\/uploads\/2019\/01\/provincia.jpg\" data-dt-img-description=\"\" data-large_image_width=\"218\" data-large_image_height=\"231\"><img loading=\"lazy\" decoding=\"async\" class=\"size-full wp-image-75008 alignleft\" src=\"https:\/\/www.radiopiu.net\/wordpress\/wp-content\/uploads\/2019\/01\/provincia.jpg\" alt=\"\" width=\"218\" height=\"231\" \/><\/a>BELLUNO <\/strong>La Provincia di Belluno d\u00e0 una mano a gruppi e associazioni che organizzano eventi. Con contributi e benefici economici indirizzati a chi promuove il territorio. Infatti, \u00e8 stato pubblicato\u00a0un bando ad hoc che rientra nel progetto strategico \u201cVivere le Dolomiti. Piano di marketing territoriale\u201d, finanziato con il Fondo Comuni di confine. A disposizione ci sono 150mila euro. Il bando rester\u00e0 aperto fino al 7 agosto. Possono presentare domanda tutte le associazioni, le Fondazioni, i comitati riconosciuti e non riconosciuti, gli enti pubblici, le Universit\u00e0 e i Centri di Ricerca, Consorzi e societ\u00e0 consortili ed enti non profit. La tipologia del soggetto richiedente e dell\u2019iniziativa promossa dovr\u00e0 essere senza fine di lucro e di interesse generale per la promozione turistica provinciale. La Provincia pu\u00f2 dare sostegno finanziario a eventi e attivit\u00e0 territoriali che assicurino un incremento di arrivi e presenze turistiche; che promuovano il territorio e la commercializzazione del prodotto turistico; che assicurino la valorizzazione delle risorse naturali, culturali e del turismo sostenibile. Le proposte ammesse a finanziamento dovranno riguardare comunque eventi e attivit\u00e0 realizzati nel periodo compreso tra il 1\u00b0 gennaio e il 31 dicembre 2020.<\/p>\n<p><strong>IL CONSIGLIERE PROVINCIALE SIMONE DEOLA<\/strong><\/p>\n<div>\n<audio class=\"wp-audio-shortcode\" id=\"audio-148691-6\" preload=\"none\" style=\"width: 100%;\" controls=\"controls\"><source type=\"audio\/mpeg\" src=\"https:\/\/www.radiopiu.net\/wordpress\/wp-content\/uploads\/2020\/07\/SIMONE-DEOLA-BANDO-PROV.mp3?_=6\" \/><a href=\"https:\/\/www.radiopiu.net\/wordpress\/wp-content\/uploads\/2020\/07\/SIMONE-DEOLA-BANDO-PROV.mp3\">https:\/\/www.radiopiu.net\/wordpress\/wp-content\/uploads\/2020\/07\/SIMONE-DEOLA-BANDO-PROV.mp3<\/a><\/audio>\n<\/div>\n<div><\/div>\n<blockquote>\n<div><\/div>\n<\/blockquote>\n<div><\/div>\n<div><\/div>\n<div>\n<hr \/>\n<\/div>\n<div><\/div>\n<blockquote>\n<div><\/div>\n<\/blockquote>\n<div><\/div>\n<blockquote>\n<h3>IL 78,7% DEI BELLUNESI\u00a0 \u00c8 PATENTATO<\/h3>\n<\/blockquote>\n<div>\n<p><strong><a class=\"dt-pswp-item\" href=\"https:\/\/www.radiopiu.net\/wordpress\/wp-content\/uploads\/2020\/07\/Patente_bassa.jpg\" data-dt-img-description=\"\" data-large_image_width=\"536\" data-large_image_height=\"356\"><img loading=\"lazy\" decoding=\"async\" class=\"size-medium wp-image-148715 alignleft\" src=\"https:\/\/www.radiopiu.net\/wordpress\/wp-content\/uploads\/2020\/07\/Patente_bassa-300x199.jpg\" alt=\"\" width=\"300\" height=\"199\" srcset=\"https:\/\/www.radiopiu.net\/wordpress\/wp-content\/uploads\/2020\/07\/Patente_bassa-300x199.jpg 300w, https:\/\/www.radiopiu.net\/wordpress\/wp-content\/uploads\/2020\/07\/Patente_bassa.jpg 536w\" sizes=\"auto, (max-width: 300px) 100vw, 300px\" \/><\/a>MILANO\u00a0<\/strong>Aumenta il numero di veneti con la patente di guida; questo quanto emerso dallo studio realizzato da Facile.it che, analizzando i dati ufficiali del Ministero delle Infrastrutture e dei Trasporti*, ha scoperto come negli ultimi anni il numero di residenti in Veneto con un documento di guida attivo sia cresciuto arrivando, al 31\/12\/2019, a quota 3.362.979, vale a dire quasi 44mila in pi\u00f9 rispetto al 2017 e, addirittura, oltre 383mila in pi\u00f9 se confrontato con il valore del 2010.Il Veneto, con una percentuale di 78,2%, risulta essere la terza regione del Paese con il rapporto pi\u00f9 alto tra numero di patenti di guida e numero di abitanti over 14 (73,9% il valore nazionale). Ma come sono distribuite le licenze di guida nella regione e come sono cambiate nel corso degli ultimi anni? Ecco i risultati dell\u2019analisi di Facile.it.<\/p>\n<p><b>Le patenti nelle province venete<\/b><\/p>\n<p><a class=\"dt-pswp-item\" href=\"https:\/\/www.radiopiu.net\/wordpress\/wp-content\/uploads\/2020\/07\/Schermata-2020-07-10-alle-10.21.05.png\" data-dt-img-description=\"\" data-large_image_width=\"970\" data-large_image_height=\"732\"><img loading=\"lazy\" decoding=\"async\" class=\"size-medium wp-image-148716 alignright\" src=\"https:\/\/www.radiopiu.net\/wordpress\/wp-content\/uploads\/2020\/07\/Schermata-2020-07-10-alle-10.21.05-300x226.png\" alt=\"\" width=\"300\" height=\"226\" srcset=\"https:\/\/www.radiopiu.net\/wordpress\/wp-content\/uploads\/2020\/07\/Schermata-2020-07-10-alle-10.21.05-300x226.png 300w, https:\/\/www.radiopiu.net\/wordpress\/wp-content\/uploads\/2020\/07\/Schermata-2020-07-10-alle-10.21.05-768x580.png 768w, https:\/\/www.radiopiu.net\/wordpress\/wp-content\/uploads\/2020\/07\/Schermata-2020-07-10-alle-10.21.05.png 970w\" sizes=\"auto, (max-width: 300px) 100vw, 300px\" \/><\/a>Guardando alla distribuzione delle patenti tra le province venete, il primo posto della graduatoria \u00e8 occupato da Padova, che da sola conta quasi 651mila licenze di guida, vale a dire il 19,3% del totale; seguono le province di Verona, dove i guidatori abilitati sono quasi 637mila (18,9% del totale) e di Treviso, con circa 622mila patenti attive (18,5%). Continuando a scorrere la classifica, al quarto posto si posiziona Vicenza, con quasi 607mila licenze di guida (18%), seguita dalla provincia di Venezia, che conta pi\u00f9 di 539mila patenti attive (16%). Chiudono la graduatoria le province di Rovigo, con quasi 164mila licenze di guida (4,9%) e di Belluno, con circa 143mila patenti attive (4,2%).\u00a0Se si analizza il rapporto tra numero patentati e popolazione residente, la graduatoria vede al primo posto, a pari merito, le province di Vicenza e Treviso, dove l\u201980,6% degli over 14 ha un documento di guida attivo, seguita da quelle di Padova (79,1%), Verona (79,0%) e Belluno (78,7%).Secondo l\u2019elaborazione dei dati ufficiali del Ministero, le aree con il rapporto pi\u00f9 basso tra licenze di guida e residenti sono, nella regione, la provincia di Rovigo, dove solo il 77,6% dei cittadini over 14 ha una patente e quella di Venezia, dove la percentuale si ferma al 71,4%.<\/p>\n<p><b>Aumentano le patenti in quasi tutte le province venete<\/b><\/p>\n<p><a class=\"dt-pswp-item\" href=\"https:\/\/www.radiopiu.net\/wordpress\/wp-content\/uploads\/2020\/07\/Traffico_bassa.jpg\" data-dt-img-description=\"traffic jam or collapse with rows of cars and lorry at motorway autostrada road during rush hour\" data-large_image_width=\"630\" data-large_image_height=\"420\"><img loading=\"lazy\" decoding=\"async\" class=\"wp-image-148717 alignleft\" src=\"https:\/\/www.radiopiu.net\/wordpress\/wp-content\/uploads\/2020\/07\/Traffico_bassa-300x200.jpg\" alt=\"\" width=\"119\" height=\"79\" srcset=\"https:\/\/www.radiopiu.net\/wordpress\/wp-content\/uploads\/2020\/07\/Traffico_bassa-300x200.jpg 300w, https:\/\/www.radiopiu.net\/wordpress\/wp-content\/uploads\/2020\/07\/Traffico_bassa.jpg 630w\" sizes=\"auto, (max-width: 119px) 100vw, 119px\" \/><\/a>Analizzando l\u2019evoluzione del numero di documenti di guida presenti nelle province venete dal 2017 a fine 2019 emerge che le patenti attive sono aumentate in quasi tutte le aree della regione, ad eccezione di Belluno e Rovigo, dove le licenze sono diminuite, rispettivamente di 253 e 414 unit\u00e0.\u00a0In valori assoluti, l\u2019aumento pi\u00f9 importante \u00e8 stato rilevato nella provincia di Verona, che ha registrato un aumento di 10.957 documenti di guida, seguita da Padova (+9.473) e Treviso (+9.380). Chiudono la graduatoria veneta le province di Vicenza, dove l\u2019aumento \u00e8 stato di 8.379 documenti di guida e quella di Venezia, dove i patentati sono 6.322 in pi\u00f9 rispetto al 2017.<\/p>\n<p>&nbsp;<\/p>\n<p>&nbsp;<\/p>\n<hr \/>\n<\/div>\n<p>&nbsp;<\/p>\n<blockquote>\n<h3>LA ULSS DOLOMITI ASSUME, CHEMELLO NUOVO DIRETTORE DEL DIPARTIMENTO AREA CRITICA<\/h3>\n<\/blockquote>\n<p align=\"JUSTIFY\"><span style=\"color: #000000;\"><span style=\"font-family: Arial, serif;\"><span style=\"font-size: medium;\"><span style=\"font-family: Calibri, serif;\"><b>BELLUNO <\/b><\/span><span style=\"font-family: Calibri, serif;\">L\u2019Ulss Dolomiti si rafforza con l\u2019assunzione di nuovi medici e di 6 tecnici della prevenzione a tempo indeterminato in esito ai concorsi effettuati da Azienda Zero. <\/span><\/span><\/span><\/span><span style=\"color: #000000;\"><span style=\"font-family: Arial, serif;\"><span style=\"font-size: medium;\"><span style=\"font-family: Calibri, serif;\">Ecco le assunzioni deliberate ieri: <\/span><\/span><\/span><\/span><span style=\"font-family: Calibri, serif; font-size: medium; color: #000000;\">1 medico oftalmologo (dr. Domenico De Robertis) <\/span><span style=\"font-family: Calibri, serif; font-size: medium; color: #000000;\">1 medico di medicina interna (dr. Romeo Costanzo Giovanni Martini) <\/span><span style=\"font-family: Calibri, serif; font-size: medium; color: #000000;\">1 medico di medicina e chirurgia d\u2019accettazione e d\u2019urgenza (dr. Gianfranco De Rose) <\/span><span style=\"color: #000000;\"><span style=\"font-family: Arial, serif;\"><span style=\"font-size: medium;\"><span style=\"font-family: Calibri, serif;\">Inoltre, sono in arrivo altri 5 medici specializzandi : 4 in medicina interna e 1 in medicina d\u2019urgenza, gi\u00e0 inseriti in graduatoria. <\/span><\/span><\/span><\/span><span style=\"color: #000000;\"><span style=\"font-family: Arial, serif;\"><span style=\"font-size: medium;\"><span style=\"font-family: Calibri, serif;\">Infine, sono stati assunti a tempo indeterminato 6 tecnici delle prevenzione nell\u2019ambiente e nei luoghi di lavoro che andranno a rafforzare l\u2019organico della prevenzione. <\/span><\/span><\/span><\/span><span style=\"color: #000000;\"><span style=\"font-family: Arial, serif;\"><span style=\"font-size: medium;\"><span style=\"font-family: Calibri, serif;\">Continua incessante l\u2019impegno dell\u2019Ulss Dolomiti nella ricerca di nuove <a class=\"dt-pswp-item\" href=\"https:\/\/www.radiopiu.net\/wordpress\/wp-content\/uploads\/2020\/07\/chemello-scaled.jpg\" data-dt-img-description=\"\" data-large_image_width=\"2560\" data-large_image_height=\"1920\"><img loading=\"lazy\" decoding=\"async\" class=\"size-medium wp-image-148679 alignleft\" src=\"https:\/\/www.radiopiu.net\/wordpress\/wp-content\/uploads\/2020\/07\/chemello-300x225.jpg\" alt=\"\" width=\"300\" height=\"225\" srcset=\"https:\/\/www.radiopiu.net\/wordpress\/wp-content\/uploads\/2020\/07\/chemello-300x225.jpg 300w, https:\/\/www.radiopiu.net\/wordpress\/wp-content\/uploads\/2020\/07\/chemello-1024x768.jpg 1024w, https:\/\/www.radiopiu.net\/wordpress\/wp-content\/uploads\/2020\/07\/chemello-768x576.jpg 768w, https:\/\/www.radiopiu.net\/wordpress\/wp-content\/uploads\/2020\/07\/chemello-1536x1152.jpg 1536w, https:\/\/www.radiopiu.net\/wordpress\/wp-content\/uploads\/2020\/07\/chemello-2048x1536.jpg 2048w\" sizes=\"auto, (max-width: 300px) 100vw, 300px\" \/><\/a>forze, percorrendo tutte le strade lecite e possibili per assumere medici e, di conseguenza, garantire i servizi spesso in difficolt\u00e0 proprio per la carenza di professionisti.<\/span><\/span><\/span><\/span><\/p>\n<p align=\"JUSTIFY\"><span style=\"color: #000000;\"><span style=\"font-family: Arial, serif;\"><span style=\"font-size: medium;\"><span style=\"font-family: Calibri, serif;\">Enzo Chemello, primario del pronto Soccorso di Pieve di Cadore, \u00e8 il nuovo direttore del Dipartimento strutturale di Area critica di Belluno. <\/span><\/span><\/span><\/span><span style=\"color: #000000;\"><span style=\"font-family: Arial, serif;\"><span style=\"font-size: medium;\"><span style=\"font-family: Calibri, serif;\"><span style=\"font-size: small;\">Il Dipartimento strutturale di Area Critica del distretto di Belluno comprende al suo interno le unit\u00e0 operative complesse di Anestesia e rianimazione di Agordo, Anestesia e rianimazione di Belluno, Pronto soccorso di Agordo, Pronto soccorso di Belluno, Pronto Soccorso di Pieve di Cadore, Centrale Operativa SUEM e due unit\u00e0 operative semplici a valenza dipartimentale (Anestesia e rianimazione di Pieve di Cadore e terapia del dolore)<\/span><\/span><span style=\"font-family: Calibri, serif;\"><span style=\"font-size: small;\">. <\/span><\/span><\/span><\/span><\/span><span style=\"color: #000000;\"><span style=\"font-family: Calibri, serif;\"><span style=\"font-size: small;\">Enzo Chemello, Direttore UOC di Accettazione e Pronto Soccorso dell\u2019ospedale di Pieve di Cadore dall\u2019ottobre 2019, \u00e8 nato a Belluno nel 1963 e si \u00e8 laureato in Medicina e Chirurgia all\u2019Universit\u00e0 di Firenze.<\/span><\/span><\/span><\/p>\n<p>&nbsp;<\/p>\n<p>&nbsp;<\/p>\n<hr \/>\n<p>&nbsp;<\/p>\n<p>&nbsp;<\/p>\n<blockquote>\n<h3>RIPRESA DELL&#8217;ATTIVITA&#8217; DEL CENTRO SOLLIEVO A BOSCOVERDE<\/h3>\n<\/blockquote>\n<p><strong>ROCCA PIETORE<\/strong> Dopo il periodo di lockdown e di successiva cautela alla pandemia per covid19 L&#8217;azienda Asca riprende le attivit\u00e0 dei centri Sollievo del territorio Agordino. Le sedi saranno pulite e sanificate, l&#8217;accesso regolamentato secondo le normative vigenti. Il primo step vedr\u00e0 il coinvolgimento in forma individuale degli anziani per riprendere i contatti e il dialogo seguiti dalla coordinatrice dei centri dottoressa Stefania Troian. Il secondo step l&#8217;apertura dei centri sollievo nella consueta modalit\u00e0 organizzativa.<\/p>\n<p>&nbsp;<\/p>\n<hr \/>\n<p>&nbsp;<\/p>\n<p>&nbsp;<\/p>\n<blockquote>\n<h3>GSP: LAVORI IN NOTTURNA ALL&#8217;ACQUEDOTTO DI SAPPADA<\/h3>\n<\/blockquote>\n<p><strong>SAPPADA<\/strong> Rottura importante dell\u2019acquedotto e abbondante fuoriuscita d\u2019acqua in superficie. Tempestiva la segnalazione dei tecnici comunali al pronto intervento di Bim Gsp: alle 20.30 circa le squadre operative di Bim Gsp e l\u2019impresa esterna incaricata, coadiuvati dai tecnici del Comune, hanno iniziato le operazioni di scavo, taglio della porzione danneggiata e posa della nuova porzione di condotta, lunga circa un metro. I lavori sono durati tutti la serata e si sono conclusi alle due del mattino, quando \u00e8 stato possibile ripristinare l\u2019erogazione. Durante l\u2019esecuzione, grazie alle manovre messe in atto con rapidit\u00e0, \u00e8 stato possibile circoscrivere la mancanza d\u2019acqua solo ad alcune utenze delle borgate Hoffe e Cottern.<\/p>\n<p>&nbsp;<\/p>\n<p>&nbsp;<\/p>\n<hr \/>\n<blockquote>\n<h3><\/h3>\n<h3><a class=\"dt-pswp-item\" href=\"https:\/\/www.radiopiu.net\/wordpress\/wp-content\/uploads\/2020\/07\/riparazione.jpg\" data-dt-img-description=\"\" data-large_image_width=\"800\" data-large_image_height=\"1067\"><img loading=\"lazy\" decoding=\"async\" class=\" wp-image-148755 alignleft\" src=\"https:\/\/www.radiopiu.net\/wordpress\/wp-content\/uploads\/2020\/07\/riparazione-225x300.jpg\" alt=\"\" width=\"153\" height=\"204\" srcset=\"https:\/\/www.radiopiu.net\/wordpress\/wp-content\/uploads\/2020\/07\/riparazione-225x300.jpg 225w, https:\/\/www.radiopiu.net\/wordpress\/wp-content\/uploads\/2020\/07\/riparazione-768x1024.jpg 768w, https:\/\/www.radiopiu.net\/wordpress\/wp-content\/uploads\/2020\/07\/riparazione.jpg 800w\" sizes=\"auto, (max-width: 153px) 100vw, 153px\" \/><\/a>GSP: LAVORI URGENTI IN VAL CANZOI<\/h3>\n<\/blockquote>\n<p>Un\u2019ingente perdita, localizzata in zona Orsera nella tratta di condotta secondaria che alimenta alcune localit\u00e0 alte di Cesiomaggiore e Santa Giustina e Montagne di Feltre, ha reso necessario l\u2019intervento in emergenza delle squadre operative di Bim Gsp. La rottura, causata dai movimenti franosi a cui \u00e8 soggetta l\u2019intera Val Canzoi ma in particolare la zona di Orsera dove sono in atto interventi di bonifica da parte del Comune di Cesiomaggiore, ha impegnato i tecnici Gsp e l\u2019impresa incaricata per la verifica del guasto e l\u2019organizzazione del cantiere,\u00a0 per le operazioni di scavo e riparazione. Particolarmente delicato l\u2019intervento, per l\u2019ubicazione del guasto, in prossimit\u00e0 di un ristretto ponte, per tipologia di terreno, molto instabile, per posizione della condotta, soggetta alle continue sollecitazioni dei movimenti in atto. Minimi i disagi: la tempestiva di esecuzione dei lavori e l\u2019accumulo d\u2019acqua presente nelle vasche, ha limitato la mancanza d\u2019acqua a un ristretto numero di utenze.<\/p>\n<p>&nbsp;<\/p>\n<p>&nbsp;<\/p>\n<hr \/>\n<p>&nbsp;<\/p>\n<blockquote>\n<h3>OCCHIALE E POST COVID: MERCOLEDI\u2019 IN SCENA\u00a0 I LAVORI DEI FUTURI EYEWEAR PRODUCT MANAGER<\/h3>\n<\/blockquote>\n<p><strong>LONGARONE<\/strong> Gli allievi interpretano il post pandemia:\u00a0 \u00e8 il titolo del webinair che vedr\u00e0 protagonista il 2\u00b0 anno del corso ITS ACADEMY per EYEWEAR PRODUCT MANAGER, fissato per mercoled\u00ec 15 luglio alle 18. Un segnale positivo nato da un\u2019opportunit\u00e0 che \u00e8 stata colta: dopo la reclusione forzata, lo staff dell\u2019area formazione di Certottica ha pensato a come trasformare il momento negativo in un\u2019avvincente sfida per i ragazzi.\u00a0 Cos\u00ec il docente Lucio Stramare \u2013 designer di riconosciuta fama e patron dello studio di design Stile Italiano &#8211; ha affidato loro l\u2019arduo compito di realizzare una capsule collection ispirata al mondo post-covid. Gli allievi, ormai alla fine del biennio formativo e per questo con una preparazione a 360\u00b0, sono partiti da schizzi e immagini raffiguranti la loro visione del momento. Poi, passando per il disegno a mano, la trasposizione in illustrator e la realizzazione delle schede tecniche, sono arrivati a creare il 3d e il rendering di 5 modelli di occhiale. Per accedere all\u2019evento \u00e8 sufficiente connettersi al link https:\/\/meet.google.com\/fkz-ygco-rjb.<\/p>\n\n\t\t\t<style type='text\/css'>\n\t\t\t\t#gallery-2 {\n\t\t\t\t\tmargin: auto;\n\t\t\t\t}\n\t\t\t\t#gallery-2 .gallery-item {\n\t\t\t\t\tfloat: left;\n\t\t\t\t\tmargin-top: 10px;\n\t\t\t\t\ttext-align: center;\n\t\t\t\t\twidth: 25%;\n\t\t\t\t}\n\t\t\t\t#gallery-2 img {\n\t\t\t\t\tborder: 2px solid #cfcfcf;\n\t\t\t\t}\n\t\t\t\t#gallery-2 .gallery-caption {\n\t\t\t\t\tmargin-left: 0;\n\t\t\t\t}\n\t\t\t\t\/* see gallery_shortcode() in wp-includes\/media.php *\/\n\t\t\t<\/style>\n\t\t<div id='gallery-2' class='dt-gallery-container gallery galleryid-148691 gallery-columns-4 gallery-size-thumbnail'><dl class='gallery-item'>\n\t\t\t\t<dt class='gallery-icon landscape'>\n\t\t\t\t\t<a class=\"rollover rollover-zoom dt-pswp-item\" title=\"ITS 2019-5735-1\" data-dt-img-description=\"\" data-large_image_width=\"1500\" data-large_image_height=\"1000\"href='https:\/\/www.radiopiu.net\/wordpress\/wp-content\/uploads\/2020\/07\/ITS-2019-5735-1.jpg'><img loading=\"lazy\" decoding=\"async\" width=\"150\" height=\"150\" src=\"https:\/\/www.radiopiu.net\/wordpress\/wp-content\/uploads\/2020\/07\/ITS-2019-5735-1-150x150.jpg\" class=\"attachment-thumbnail size-thumbnail\" alt=\"\" \/><\/a>\n\t\t\t\t<\/dt><\/dl><dl class='gallery-item'>\n\t\t\t\t<dt class='gallery-icon landscape'>\n\t\t\t\t\t<a class=\"rollover rollover-zoom dt-pswp-item\" title=\"ITS 2019-6030-1\" data-dt-img-description=\"\" data-large_image_width=\"1500\" data-large_image_height=\"1000\"href='https:\/\/www.radiopiu.net\/wordpress\/wp-content\/uploads\/2020\/07\/ITS-2019-6030-1.jpg'><img loading=\"lazy\" decoding=\"async\" width=\"150\" height=\"150\" src=\"https:\/\/www.radiopiu.net\/wordpress\/wp-content\/uploads\/2020\/07\/ITS-2019-6030-1-150x150.jpg\" class=\"attachment-thumbnail size-thumbnail\" alt=\"\" \/><\/a>\n\t\t\t\t<\/dt><\/dl><dl class='gallery-item'>\n\t\t\t\t<dt class='gallery-icon landscape'>\n\t\t\t\t\t<a class=\"rollover rollover-zoom dt-pswp-item\" title=\"ITS 2019-5883\" data-dt-img-description=\"\" data-large_image_width=\"1500\" data-large_image_height=\"1000\"href='https:\/\/www.radiopiu.net\/wordpress\/wp-content\/uploads\/2020\/07\/ITS-2019-5883.jpg'><img loading=\"lazy\" decoding=\"async\" width=\"150\" height=\"150\" src=\"https:\/\/www.radiopiu.net\/wordpress\/wp-content\/uploads\/2020\/07\/ITS-2019-5883-150x150.jpg\" class=\"attachment-thumbnail size-thumbnail\" alt=\"\" \/><\/a>\n\t\t\t\t<\/dt><\/dl>\n\t\t\t\t<br style='clear: both' \/>\n\t\t\t<\/div>\n\n<p>&nbsp;<\/p>\n<p>&nbsp;<\/p>\n<hr \/>\n<blockquote>\n<h3><\/h3>\n<h3>IL COMUNE MODIFICA IL PIANO DEGLI INVESTIMENTI<\/h3>\n<\/blockquote>\n<p><strong>ALLEGHE<\/strong> Mercoledi alle 20.30 consiglio comunale in Municipio ad Alleghe. In discussione la modifica del piano degli investimenti 2020 con l&#8217;applicazione della quota di avanzo di amminsitrazione 2019, quarta variazione al bilancio, approvazione delle aliquote IMU, riduzione del pagamento della TOSAP per i periodi di sospensione delle attivit\u00e0 in conseguenza dei provvedimenti adottati dal Governo per l&#8217;emergenze coronavirus. Infine approvazione del bilancio Asca.<\/p>\n<p>&nbsp;<\/p>\n<p>&nbsp;<\/p>\n<hr \/>\n<blockquote>\n<h3><\/h3>\n<h3>MERCOLEDI CONSIGLIO A PORTE CHIUSE IN MUNICIPIO<\/h3>\n<\/blockquote>\n<p><strong>TAIBON<\/strong> Consiglio comunale a porte chiuse (ammessa solo la presenza della stampa) mercoledi alle 18, all&#8217;ordine del giorno l&#8217;approvazione del bilancio di esercizio della Farmacia comunale e dell&#8217;azienda speciale consortile Asca, variazioni al bilancio e invidivuazione delle zone di degrado per il recupero del patrimonio edilizio a Peden e Vicolo Friai.<\/p>\n<p>&nbsp;<\/p>\n<p>&nbsp;<\/p>\n<hr \/>\n<h3><\/h3>\n<blockquote>\n<h3>STRADA SULLE PALE DI SAN LUCANO: &#8220;NON CREDIAMO SIA SOLTANTO UNA QUESTIONE DI OPINIONI&#8221;<\/h3>\n<\/blockquote>\n<p><strong>TAIBON<\/strong> Nei giorni scorsi l&#8217;incontro tra l&#8217;amministrazione comunale il comitato per la salvaguardia del territorio dopo l&#8217;incendio del 2018. Abbiamo sentito il parere dell&#8217;assessore all&#8217;ambiente Franco Soccol, diamo ora la parola ai rappresentanti del comitato che cos\u00ec commentano le &#8220;opinioni&#8221; espresse nell&#8217;incontro<\/p>\n<p><em><img loading=\"lazy\" decoding=\"async\" class=\"alignleft\" src=\"https:\/\/www.radiopiu.net\/wordpress\/wp-content\/uploads\/2020\/06\/TAIBON-3.jpg\" width=\"270\" height=\"203\" \/>Nella nostra precedente lettera del 10 giugno 2020, il Comitato ribadiva con fermezza i contenuti e proposte fatti nella petizione del dicembre 2018 e che mettevano in evidenza, oltre all&#8217;urgenza, anche le linee basilari per come effettuare l&#8217;intervento; in particolare l&#8217;ubicazione della strada tagliafuoco principale, in continuazione di quella esistente e della collaterale a monte.<\/em><em>Quella principale ricordiamo ancora una volta, per motivazioni ormai esposte in varie circostanze, era quella che dalla cava della Roa del Forn, quasi in orizzontale, salvo il primo breve tratto gi\u00e0 esistente, sarebbe arrivata sul primo tornante della strada del Forte ai Coi de Peden. Inoltre suggeriva con precisione due interventi per mettere la zona in sicurezza dalla caduta massi in seguito alla frana del 2010 e che sarebbero stati indispensabili anche per effettuare i vari lavori. Questi erano l&#8217;intervento a monte per sanificare la piccola frana del 2010 e la costruzione a valle di un piccolo vallo. Nell&#8217;incontro richiesto dal comitato di venerd\u00ec 3 luglio in sala consiliare, l&#8217;assessore all&#8217;ambiente Franco Soccol\u00a0 ha esposto dettagliatamente le decisioni prese dall&#8217;amministrazione insorte dopo l&#8217;incendio e alluvione successiva e le procedure conseguenti per programmare i lavori della messa in sicurezza della zona sotto la Prima Pala. Ci \u00e8 stato chiaramente detto che le problematiche insorte dopo \u201dVaia\u201d hanno fatto spostare l&#8217;attenzione dell&#8217;amministrazione in quella direzione ma \u00e8 stato sottolineato da parte del Comitato che la pericolosit\u00e0 per l&#8217;abitato delle frazioni di Forno di Val, Villanova e i Coi de Peden in seguito all&#8217;incendio rimaneva in ogni caso nettamente in primo piano e che il recupero del bosco schiantatosi con \u201cVaia\u201d non cambiava nella sostanza l&#8217;intervento di messa in sicurezza da noi proposta. Non crediamo che sia soltanto questione di opinioni. Sempre nella riunione in sala consiliare, abbiamo appreso che buona parte del finanziamento era rivolto alla costruzione di una serie di opere accessorie quali, paravalanghe e para massi, le prime tra la Roa del Forn e le Besauseghe, le seconde sopra l&#8217;abitato di Forno Val Villanova. Non sta al Comitato sottolineare l&#8217;importanza o meno di queste opere, in ogni caso l&#8217;amministrazione ci ha informato che, fortunatamente, non si faranno e che la sostanziale parte di finanziamento per queste, verr\u00e0 usato per il recupero ambientale del bosco schiantatosi con \u201cVaia\u201d.<\/em><em>Sottolineiamo, come anche proposto dal Comitato, che quest&#8217;operazione dovrebbe consistere in una bonifica degli schianti sul posto ed anche di un loro parziale recupero, nelle forme pi\u00f9 consone. Queste nuove scelte da parte dell&#8217;amministrazione, avvaloravano la nostra tesi che la strada a monte poteva avere una larghezza pi\u00f9 contenuta e di minor impatto ambientale mentre quella pi\u00f9 bassa rimaneva la vera linea antifuoco e pur svolgendo entrambe la stessa funzione potevano avere caratteristiche diverse e con costi nettamente inferiori. Non sta a noi spiegare nel dettaglio le motivazioni di questa consona decisione, ne tanto meno le modalit\u00e0 di esecuzione. Il Comitato nell&#8217;incontro del 3 luglio ha accettato, su richiesta dell&#8217;amministrazione di collaborare, sopratutto per accelerare la messa in cantiere dei lavori che inderogabilmente dovranno iniziare entro il 15 di settembre; con la convinzione anche che alcune incongruenze verificate quel giorno ed ora esposte, potessero essere, anche in corso d&#8217;opera, appianate. Ribadiamo ancora una volta che quest&#8217;intervento porter\u00e0, oltre alla messa in sicurezza ed al ripristino del territorio dopo\u201dVaia\u201d, anche delle grandissime opportunit\u00e0 di frequentazione dell&#8217;intera zona ai piedi della Prima Pala sia per le attivit\u00e0 di esbosco e pulizia dei terreni privati che per le innumerevoli attivit\u00e0 nel tempo libero di tutti i cittadini di Taibon e dei turisti in genere. Se sapremo lavorare con attenzione, oltre per quanto esposto, anche per valorizzare opportunamente<\/em><em>dal punto di vista storico i bellissimi terrazzamenti ivi esistenti compresa la zona del Forte, avremo raggiunto un altro importantissimo traguardo. Mettendoci ancora una volta a disposizione per collaborare fattivamente alla realizzazione del tutto.<\/em><\/p>\n<p><strong>Per il Comitato\u00a0 Ben giovanni, Ben Loris,\u00a0 Bien Eugenio, Costa Valentino, De Col\u00f2 Marco, Farenzena Carlo, Lena Gabriele<\/strong><\/p>\n<p>&nbsp;<\/p>\n<p>&nbsp;<\/p>\n<p>&nbsp;<\/p>\n<hr \/>\n<h3><\/h3>\n<p>&nbsp;<\/p>\n<blockquote>\n<h3>LA RISPOSTA DEL CONSIGLIERE DI &#8220;MAGGIORANZA&#8221; GIULIANO LAVEDER<\/h3>\n<\/blockquote>\n<p><strong><a class=\"dt-pswp-item\" href=\"https:\/\/www.radiopiu.net\/wordpress\/wp-content\/uploads\/2017\/06\/GIULIANO-LAVEDER.jpg\" data-dt-img-description=\"\" data-large_image_width=\"1115\" data-large_image_height=\"1442\"><img loading=\"lazy\" decoding=\"async\" class=\" wp-image-33176 alignleft\" src=\"https:\/\/www.radiopiu.net\/wordpress\/wp-content\/uploads\/2017\/06\/GIULIANO-LAVEDER-232x300.jpg\" alt=\"\" width=\"203\" height=\"263\" \/><\/a>RIVAMONTE<\/strong> Nel consiglio comunale del 1 luglio a Rivamonte il capogruppo di maggioranza Alessandro Maguolo ha duramente criticato\u00a0 Giuliano Laveder il compagno di squadra, o almeno compagno di squadra lo era in campagna elettorale. Laveder anche in questa legislatura ha preferito rappresentarsi in proprio non condividendo la &#8220;politica&#8221; del sindaco Nino Deon. Maguolo non era andato per il sottile. Radio Pi\u00f9 lo ha testimoniato con la lunga diretta trasmessa sui canali facebook. Ecco dunque la dettaglia risposta di Laveder inviata anche alla nostra redazione.<\/p>\n<p><strong>A Maguolo<\/strong><\/p>\n<p><em>Prima di addentrarmi nel merito delle questioni, per\u00f2, ci tengo a dirle che non nutro nessuna ira o astio nei suoi confronti; ricoprire una carica politica, di natura elettiva, comporta delle grandi responsabilit\u00e0 nell\u2019amministrazione della cosa pubblica. Nel \u201cgioco\u201d politico ci si pu\u00f2 scontrare sulle posizioni, schierarsi da una parte e dall\u2019altra, ma mai e poi mai devono entrare in gioco le simpatie o antipatie personali, come ha fatto Lei nella lettera a me indirizzata. La responsabilit\u00e0 politica e l\u2019et\u00e0 adulta di coloro che ne sono chiamati, dovrebbero garantire che ci\u00f2 non accada mai. Evidentemente non \u00e8 sempre cos\u00ec \u2026 Venendo al dunque: non capisco tutta questa irritazione a fronte delle mie istanze e interrogazioni su temi che stanno a cuore alla popolazione del Comune di Rivamonte. La questione Vaia e Covid-19, mi spiace dirlo, ma \u00e8 solo una grande scusa. Evidentemente non Le \u00e8 chiaro, Consigliere, che la responsabilit\u00e0 politica comporta il dovere di rispondere nel proprio operato sempre e comunque. Non comporta che, una volta eletti dal popolo, ci si rinchiuda all\u2019interno della stanza Consiliare a decidere delle sorti di un Comune, <\/em><em>senza che gli elettori e gli oppositori possano chiedere chiarimenti o spiegazioni (dimentica forse che siamo in una Repubblica democratica?). E non c\u2019\u00e8 Vaia o Covid-19 che tenga per sottrarsi a questi doveri! Per quanto riguarda le riprese fatte nella scuola, mi sono recato in loco con il Sindaco assieme alle due consigliere incaricate per il controllo della scuola (Monica Canali e Gnech <\/em><em>Francesca) con il compito, espressamente richiestomi dal Sindaco stesso, di fotografare tutto. Ho ritenuto pi\u00f9 efficace filmare la situazione, cos\u00ec oltre alle immagini ci sono i commenti dei presenti che confermano le mie parole. Non \u00e8 assolutamente vero che avrei reso pubbliche le foto; mi sono limitato a mostrare il filmato ad alcune mamme anche su richiesta del Sindaco, perch\u00e9 il giorno dopo ci stavano aspettando preoccupate perch\u00e9 qualcuno aveva raccontato in giro che era intenzione dell\u2019amministrazione comunale far chiudere la scuola (cosa non vera). Per chi mi conosce sa bene che per me i bambini sono cittadini da valorizzare a RIVAMONTE; se mancassero le scuole e bambini il paese sarebbe morto. Riguardo alle piante di Lach si trattava di centinaia di piante di privati (non solo 5), e ho poi saputo che c\u2019erano anche altre piante del comune nella zona sopra Lach &#8211; circa 35-40 mc &#8211; (si possono contare facilmente i ceppi) e poi un altro pezzo del comune che si trova prima di Lach (denominato bosco del Littorio). Queste piante dove sono finite? Le piante sono state prelevate da VERSEGALA fino alla frazione Casera. Pochi proprietari ne erano a conoscenza. L\u2019ordinanza parlava di due metri ai lati della strada ma, in realt\u00e0, sono state prelevate anche a 30 metri, quindi senza che rappresentassero un pericolo per la strada. Ho fatto due interrogazioni chiedendo dove fossero finite tutte le piante e a quale ditta sia stato dato l\u2019incarico per portarle via. Anche su questo, nessuna risposta! Riguardo la strada SEP SCHENA, sono passati SETTE MESI dall\u2019ordinanza di chiusura e, pur con molti dubbi sulla sua legittimit\u00e0, vige ancora l\u2019ordinanza di divieto di transito per mezzi e pedoni; non ci sono altre strade per raggiungere la frazione. I residenti in quella frazione come dovrebbero fare per raggiungere le loro abitazioni? Forse dovrebbero volare? Quanto alle mie dimissioni per rispetto ai miei elettori, in questi giorni verbalmente e con vari messaggi sui social molta gente mi ha raccomandato di continuare e controllare e tenere informata la popolazione, certamente non tutti sono interessati e nemmeno hanno il computer. Comunque la popolazione sa Premiare o bocciare chi fa bene o male, io mi sono presentato quattro volte e sempre eletto con un discreto numero di voti, quindi so che buona parte della popolazione mi sostiene. Forse le mie dimissioni servirebbero per non aver nessun controllo sul vostro operato, ma invece ci sar\u00f2, e ci saranno i miei scritti per informare la popolazione. Perci\u00f2 avremo modo senz\u2019altro di rivederci presto e di continuare il confronto &#8211; mi auguro in modo pi\u00f9 rispettoso e costruttivo &#8211; perch\u00e9 non intendo arrendermi all\u2019idea che un\u2019Amministrazione Comunale si risenta dell\u2019essere chiamata a rispondere delle decisioni (o delle <\/em><em>mancate decisioni) che riguardano la vita e il benessere dei cittadini che amministra.<\/em><\/p>\n<p>&nbsp;<\/p>\n<p>&nbsp;<\/p>\n<p>&nbsp;<\/p>\n<p>&nbsp;<\/p>\n<hr \/>\n<blockquote>\n<h3><\/h3>\n<h3>AGORDO MUSICA SUONA L&#8217;ESTATE, AD AGOSTO LA\u00a0 SETTIMANA ORGANISTICA<\/h3>\n<\/blockquote>\n<p><strong><a class=\"dt-pswp-item\" href=\"https:\/\/www.radiopiu.net\/wordpress\/wp-content\/uploads\/2020\/07\/download-12.jpg\" data-dt-img-description=\"\" data-large_image_width=\"285\" data-large_image_height=\"177\"><img loading=\"lazy\" decoding=\"async\" class=\" wp-image-148765 alignleft\" src=\"https:\/\/www.radiopiu.net\/wordpress\/wp-content\/uploads\/2020\/07\/download-12.jpg\" alt=\"\" width=\"222\" height=\"138\" \/><\/a>AGORDO<\/strong> Sar\u00e0 Musica nell&#8217;Agordino anche per questa estate,\u00a0 con Agordo Musica, Asolo Veneto Musica e con la collaborazione di parrocchie e Comuni ospitanti.\u00a0 Ad agosto in programma anche la settimana organistica in tre date nelle chiese di Agordo, Falcade e Canale d&#8217;Agordo. Ingresso libero con prenotazione consigliata e mascherina a portata di naso e bocca (0423 950150).\u00a0 Per la 27esima edizione\u00a0 apertura di stagione in alta montagna, ai piedi della Croce del Framont (Mont Alt) <strong>il 2 agosto alle 11<\/strong> del mattino con una diretta-differita su Radio Pi\u00f9 (compresi i canali facebook e telegram), alla fisarmonica Paolo Forte in improvvisazioni d&#8217;alta quota. <strong>Nello stesso giorno<\/strong> in piazza della Libert\u00e0 alle 15 Les Magots, le regine dello swing: donne, musica, cronaca e costume tra gli anni Trenta e Quaranta, lo scorso anno Les Magots avevano stupito ad Alleghe nel concerto di Villa Paganini, di certo un gradito ritorno in vallata, in caso di maltempo posticipo alle 21. <strong>Domenica 9 agosto<\/strong> alle 15 al Castello di Andraz in Comune di Livinallongo &#8220;Rudem\u00e0&#8221;, aquiloni e viaggio nella musica popolare da ballo europea. <strong>Domenica 9 agosto<\/strong> alle 21 nella chiesa Arcidiaconale di Agordo Oda Zoe Hochscheid (mezzosoprano) e Giovanni Feltrin (organo).\u00a0<strong> Lunedi 10 agosto<\/strong> alle 21 nella chiesa di Falcade il duo Ai Yoshida e Alex Gai all&#8217;organo in un concerto a 4 mani. <strong>Martedi 11 agosto<\/strong> a Canale d&#8217;Agordo dalle 21 Luca Poppi all&#8217;organo Callido.\u00a0 <strong>Domenica 16 agosto<\/strong> alle 15 concerto in Valle di San Lucano nel prato dietro la chiesetta,\u00a0 &#8220;Na Fuoia&#8221; antiche radici e nuove foglie, musica tradizionale delle Dolomiti Bellunesi (anche in questo caso nell&#8217;eventualit\u00e0 la meteo non aiuti l&#8217;evento \u00e8 posticipato alle 21).<\/p>\n<p>&nbsp;<\/p>\n<p>&nbsp;<\/p>\n<p>&nbsp;<\/p>\n<hr \/>\n<p>&nbsp;<\/p>\n<p>&nbsp;<\/p>\n<blockquote class=\"wp-embedded-content\" data-secret=\"wQKAZjtzIy\"><p><a href=\"https:\/\/www.radiopiu.net\/wordpress\/gli-stemmi-di-cinque-comuni-con-pagine-di-grande-storia-di-renato-bona\/\">GLI STEMMI DI CINQUE COMUNI CON PAGINE DI GRANDE STORIA di RENATO BONA<\/a><\/p><\/blockquote>\n<p><iframe loading=\"lazy\" class=\"wp-embedded-content\" sandbox=\"allow-scripts\" security=\"restricted\" style=\"position: absolute; clip: rect(1px, 1px, 1px, 1px);\" title=\"&#8220;GLI STEMMI DI CINQUE COMUNI CON PAGINE DI GRANDE STORIA di RENATO BONA&#8221; &#8212; Radio Pi\u00f9\" src=\"https:\/\/www.radiopiu.net\/wordpress\/gli-stemmi-di-cinque-comuni-con-pagine-di-grande-storia-di-renato-bona\/embed\/#?secret=wQKAZjtzIy\" data-secret=\"wQKAZjtzIy\" width=\"600\" height=\"338\" frameborder=\"0\" marginwidth=\"0\" marginheight=\"0\" scrolling=\"no\"><\/iframe><\/p>\n<p>&nbsp;<\/p>\n<p>&nbsp;<\/p>\n<hr \/>\n<p>&nbsp;<\/p>\n<p>&nbsp;<\/p>\n<blockquote>\n<h3>QUATRO CIACOLE SU AGORT CON CELESTE, VENTESIMA PUNTATA &#8220;BURATTINI&#8221;<\/h3>\n<\/blockquote>\n<p>Celeste Paganin vi parler\u00e0 di un personaggio storico agordino davvero importante, Tito Livio Burattini<br \/>\nhttps:\/\/www.facebook.com\/AdAgordoProloco\/videos\/286457385745257\/<\/p>\n<p>&nbsp;<\/p>\n<h2>LA RACCOLTA COMPLETA<\/h2>\n<blockquote class=\"wp-embedded-content\" data-secret=\"HdCfTqVCKx\"><p><a href=\"https:\/\/www.radiopiu.net\/wordpress\/quatro-ciacole-su-agort\/\">Quatro ci\u00e0cole su Agort<\/a><\/p><\/blockquote>\n<p><iframe loading=\"lazy\" class=\"wp-embedded-content\" sandbox=\"allow-scripts\" security=\"restricted\" style=\"position: absolute; clip: rect(1px, 1px, 1px, 1px);\" title=\"&#8220;Quatro ci\u00e0cole su Agort&#8221; &#8212; Radio Pi\u00f9\" src=\"https:\/\/www.radiopiu.net\/wordpress\/quatro-ciacole-su-agort\/embed\/#?secret=HdCfTqVCKx\" data-secret=\"HdCfTqVCKx\" width=\"600\" height=\"338\" frameborder=\"0\" marginwidth=\"0\" marginheight=\"0\" scrolling=\"no\"><\/iframe><\/p>\n<p>&nbsp;<\/p>\n<hr \/>\n<p>&nbsp;<\/p>\n<h3 class=\"photoswipe-wrapper\"><a class=\"dt-pswp-item pspw-wrap-ready\" href=\"https:\/\/i2.wp.com\/www.radiopiu.net\/wordpress\/wp-content\/uploads\/2018\/09\/appuntamenti.jpeg?ssl=1\" data-dt-img-description=\"\" data-large_image_width=\"800\" data-large_image_height=\"100\"><img loading=\"lazy\" decoding=\"async\" class=\"alignnone wp-image-61958 size-full jetpack-lazy-image jetpack-lazy-image--handled\" src=\"https:\/\/i2.wp.com\/www.radiopiu.net\/wordpress\/wp-content\/uploads\/2018\/09\/appuntamenti.jpeg?resize=800%2C100&amp;ssl=1\" sizes=\"auto, (max-width: 800px) 100vw, 800px\" srcset=\"https:\/\/i2.wp.com\/www.radiopiu.net\/wordpress\/wp-content\/uploads\/2018\/09\/appuntamenti.jpeg?w=800&amp;ssl=1 800w, https:\/\/i2.wp.com\/www.radiopiu.net\/wordpress\/wp-content\/uploads\/2018\/09\/appuntamenti.jpeg?resize=300%2C38&amp;ssl=1 300w, https:\/\/i2.wp.com\/www.radiopiu.net\/wordpress\/wp-content\/uploads\/2018\/09\/appuntamenti.jpeg?resize=768%2C96&amp;ssl=1 768w\" alt=\"\" width=\"800\" height=\"100\" data-lazy-loaded=\"1\" \/><\/a><\/h3>\n<p>&nbsp;<\/p>\n<p>&nbsp;<\/p>\n<blockquote>\n<h3>DOMANI A SAN TOMASO CON I CACCIATORI<\/h3>\n<\/blockquote>\n<p>Domani a San Tomaso avverr\u00e0 (finalmente!) l\u2019estrazione dei biglietti vincenti la lotteria abbinata alla festa dei cacciatori agordini.Dopo aver forzatamente annullato la festa del 5 maggio con la valutazione e rassegna di quanto prelevato nella stagione 2019\/2020 le riserve alpine di caccia dell\u2019Agordino hanno contribuito con donazioni (anche con parte del ricavato della ricca lotteria!) per l\u2019emergenza coronavirus alle strutture sanitarie locali (pronto soccorso di Agordo e casa di riposo di Livinallongo) e solo ora in occasione della riunione programmatica dei presidenti pu\u00f2 avvenire la sospirata \u00e8 attesa da tanto estrazione dei premi.Se quest\u2019anno non si \u00e8 potuto tenere la consueta festa almeno \u00e8 stato possibile completare la lotteria con la speranza di tornare al pi\u00f9 presto alla normalit\u00e0 e sopratutto confermare l\u2019impegno dei cacciatori agordini nella cura del territorio e attenzione alle necessit\u00e0 delle genti che vivono nelle nostre valli .<\/p>\n<p>&nbsp;<\/p>\n<hr \/>\n<p>&nbsp;<\/p>\n<blockquote>\n<h2>\u00a0WINE E WELLNES, ASSAGGI DI VINO E BENESSERE<\/h2>\n<\/blockquote>\n<p><strong><a class=\"dt-pswp-item\" href=\"https:\/\/www.radiopiu.net\/wordpress\/wp-content\/uploads\/2020\/07\/RIFUGIO-BURZ.jpg\" data-dt-img-description=\"\" data-large_image_width=\"1920\" data-large_image_height=\"1067\"><img loading=\"lazy\" decoding=\"async\" class=\"size-medium wp-image-148703 alignleft\" src=\"https:\/\/www.radiopiu.net\/wordpress\/wp-content\/uploads\/2020\/07\/RIFUGIO-BURZ-300x167.jpg\" alt=\"\" width=\"300\" height=\"167\" srcset=\"https:\/\/www.radiopiu.net\/wordpress\/wp-content\/uploads\/2020\/07\/RIFUGIO-BURZ-300x167.jpg 300w, https:\/\/www.radiopiu.net\/wordpress\/wp-content\/uploads\/2020\/07\/RIFUGIO-BURZ-1024x569.jpg 1024w, https:\/\/www.radiopiu.net\/wordpress\/wp-content\/uploads\/2020\/07\/RIFUGIO-BURZ-768x427.jpg 768w, https:\/\/www.radiopiu.net\/wordpress\/wp-content\/uploads\/2020\/07\/RIFUGIO-BURZ-1536x854.jpg 1536w, https:\/\/www.radiopiu.net\/wordpress\/wp-content\/uploads\/2020\/07\/RIFUGIO-BURZ.jpg 1920w\" sizes=\"auto, (max-width: 300px) 100vw, 300px\" \/><\/a>LIVINALLONGO<\/strong>\u00a0Domenica al Rifugio Burz di Arabba la prestigiosa cantina Zenato dalla Valpolicella che produce vini pregiati come amarone, lugana, ripasso, presenter\u00e0 la sua linea biologica Sansonina dando la possibilit\u00e0 ai partecipanti di degustare gratuitamente queste eccellenze tra le quali i vini evaluna, merlot, sansonina e lugana a fermantazione spontanea. Sar\u00e0 presenta Nadia Zenato, titolare della cantina che racconter\u00e0 come \u00e8 nata l\u2019idea di creare una lina bio, le particolarit\u00e0 dei vini e lo stretto rapporto tra uva, vite e benessere a livello di trattamenti estetici. Un numero limitato di persone potr\u00e0 godere in un zona riservata del Rifugio dei trattamenti benessere al viso con l\u2019utilizzo di una maschera alla vita e riflessologia a gruppi di due nel rispetto della privacy. Prenotazioni entro domani mattina al 347 7813633. Il rifugio si raggiunge in 5 minuti con la seggiovia dal centro di Arabba, a piedi in 45 minuti.<\/p>\n\n\t\t\t<style type='text\/css'>\n\t\t\t\t#gallery-3 {\n\t\t\t\t\tmargin: auto;\n\t\t\t\t}\n\t\t\t\t#gallery-3 .gallery-item {\n\t\t\t\t\tfloat: left;\n\t\t\t\t\tmargin-top: 10px;\n\t\t\t\t\ttext-align: center;\n\t\t\t\t\twidth: 25%;\n\t\t\t\t}\n\t\t\t\t#gallery-3 img {\n\t\t\t\t\tborder: 2px solid #cfcfcf;\n\t\t\t\t}\n\t\t\t\t#gallery-3 .gallery-caption {\n\t\t\t\t\tmargin-left: 0;\n\t\t\t\t}\n\t\t\t\t\/* see gallery_shortcode() in wp-includes\/media.php *\/\n\t\t\t<\/style>\n\t\t<div id='gallery-3' class='dt-gallery-container gallery galleryid-148691 gallery-columns-4 gallery-size-thumbnail'><dl class='gallery-item'>\n\t\t\t\t<dt class='gallery-icon landscape'>\n\t\t\t\t\t<a class=\"rollover rollover-zoom dt-pswp-item\" title=\"1be40bae-586c-4b19-9279-b936343078ee\" data-dt-img-description=\"\" data-large_image_width=\"1600\" data-large_image_height=\"1200\"href='https:\/\/www.radiopiu.net\/wordpress\/wp-content\/uploads\/2020\/07\/1be40bae-586c-4b19-9279-b936343078ee.jpg'><img loading=\"lazy\" decoding=\"async\" width=\"150\" height=\"150\" src=\"https:\/\/www.radiopiu.net\/wordpress\/wp-content\/uploads\/2020\/07\/1be40bae-586c-4b19-9279-b936343078ee-150x150.jpg\" class=\"attachment-thumbnail size-thumbnail\" alt=\"\" \/><\/a>\n\t\t\t\t<\/dt><\/dl><dl class='gallery-item'>\n\t\t\t\t<dt class='gallery-icon landscape'>\n\t\t\t\t\t<a class=\"rollover rollover-zoom dt-pswp-item\" title=\"67cff4de-6aac-4581-aa73-27a8cc81ead2\" data-dt-img-description=\"\" data-large_image_width=\"1600\" data-large_image_height=\"1200\"href='https:\/\/www.radiopiu.net\/wordpress\/wp-content\/uploads\/2020\/07\/67cff4de-6aac-4581-aa73-27a8cc81ead2.jpg'><img loading=\"lazy\" decoding=\"async\" width=\"150\" height=\"150\" src=\"https:\/\/www.radiopiu.net\/wordpress\/wp-content\/uploads\/2020\/07\/67cff4de-6aac-4581-aa73-27a8cc81ead2-150x150.jpg\" class=\"attachment-thumbnail size-thumbnail\" alt=\"\" \/><\/a>\n\t\t\t\t<\/dt><\/dl><dl class='gallery-item'>\n\t\t\t\t<dt class='gallery-icon landscape'>\n\t\t\t\t\t<a class=\"rollover rollover-zoom dt-pswp-item\" title=\"33ecb9b2-ea29-406b-b4ad-19b0ceeadda3\" data-dt-img-description=\"\" data-large_image_width=\"1600\" data-large_image_height=\"1200\"href='https:\/\/www.radiopiu.net\/wordpress\/wp-content\/uploads\/2020\/07\/33ecb9b2-ea29-406b-b4ad-19b0ceeadda3.jpg'><img loading=\"lazy\" decoding=\"async\" width=\"150\" height=\"150\" src=\"https:\/\/www.radiopiu.net\/wordpress\/wp-content\/uploads\/2020\/07\/33ecb9b2-ea29-406b-b4ad-19b0ceeadda3-150x150.jpg\" class=\"attachment-thumbnail size-thumbnail\" alt=\"\" \/><\/a>\n\t\t\t\t<\/dt><\/dl><dl class='gallery-item'>\n\t\t\t\t<dt class='gallery-icon landscape'>\n\t\t\t\t\t<a class=\"rollover rollover-zoom dt-pswp-item\" title=\"bbd86723-423d-4dd0-855f-95465db75597\" data-dt-img-description=\"\" data-large_image_width=\"1600\" data-large_image_height=\"1200\"href='https:\/\/www.radiopiu.net\/wordpress\/wp-content\/uploads\/2020\/07\/bbd86723-423d-4dd0-855f-95465db75597.jpg'><img loading=\"lazy\" decoding=\"async\" width=\"150\" height=\"150\" src=\"https:\/\/www.radiopiu.net\/wordpress\/wp-content\/uploads\/2020\/07\/bbd86723-423d-4dd0-855f-95465db75597-150x150.jpg\" class=\"attachment-thumbnail size-thumbnail\" alt=\"\" \/><\/a>\n\t\t\t\t<\/dt><\/dl><br style=\"clear: both\" \/>\n\t\t\t<\/div>\n\n<p>&nbsp;<\/p>\n<p>&nbsp;<\/p>\n<hr \/>\n<p>&nbsp;<\/p>\n<blockquote>\n<h3>CONCERTI TIPI DI NOTE A LONGARONE<\/h3>\n<\/blockquote>\n<p><strong><a class=\"dt-pswp-item\" href=\"https:\/\/www.radiopiu.net\/wordpress\/wp-content\/uploads\/2020\/07\/eventilongarone_1.0-scaled.jpg\" data-dt-img-description=\"\" data-large_image_width=\"1836\" data-large_image_height=\"2560\"><img loading=\"lazy\" decoding=\"async\" class=\"size-medium wp-image-148740 alignleft\" src=\"https:\/\/www.radiopiu.net\/wordpress\/wp-content\/uploads\/2020\/07\/eventilongarone_1.0-215x300.jpg\" alt=\"\" width=\"215\" height=\"300\" srcset=\"https:\/\/www.radiopiu.net\/wordpress\/wp-content\/uploads\/2020\/07\/eventilongarone_1.0-215x300.jpg 215w, https:\/\/www.radiopiu.net\/wordpress\/wp-content\/uploads\/2020\/07\/eventilongarone_1.0-734x1024.jpg 734w, https:\/\/www.radiopiu.net\/wordpress\/wp-content\/uploads\/2020\/07\/eventilongarone_1.0-768x1071.jpg 768w, https:\/\/www.radiopiu.net\/wordpress\/wp-content\/uploads\/2020\/07\/eventilongarone_1.0-1102x1536.jpg 1102w, https:\/\/www.radiopiu.net\/wordpress\/wp-content\/uploads\/2020\/07\/eventilongarone_1.0-1469x2048.jpg 1469w, https:\/\/www.radiopiu.net\/wordpress\/wp-content\/uploads\/2020\/07\/eventilongarone_1.0-scaled.jpg 1836w\" sizes=\"auto, (max-width: 215px) 100vw, 215px\" \/><\/a>LONGARONE\u00a0<\/strong>Il Comune di Longarone, in collaborazione con la l\u2019Associazione Pro Loco di Longarone e l\u2019Associazione Longarone Eventi presenta \u201cConcerti tipi di note\u201d, evento che nasce dal confronto con alcuni giovani artisti del territorio bellunese. I concerti si terranno nelle seguenti serate, tutte di sabato: 18 luglio 2020, 01 agosto 2020, 29 agosto 2020 e 12 settembre 2020. Ciascuna serata sar\u00e0 caratterizzata dalla partecipazione di due gruppi\/artisti che proporranno il loro repertorio, facendoci spaziare dalle canzoni d\u2019autore alla musica elettronica, passando per il rock e il folk. Insomma, una grande variet\u00e0 di generi e artisti, accuratamente selezionati dal direttore artistico dell\u2019evento: Matteo Squaiera di Terzo Mondo Studio. I concerti si terranno presso il Centro Culturale \u201cF. Parri\u201d di Longarone, a partire dalle ore 21:00. I concerti saranno gratuiti, ma sar\u00e0 obbligatoria la prenotazione ai fini organizzativi, come indicato dalle norme nazionali e regionali di contenimento dell\u2019emergenza sanitaria Covid-19. Le prenotazioni si potranno fare via e-mail o telefonicamente, contattando l\u2019Associazione Pro Loco di Longarone al seguente indirizzo di posta elettronica info@prolocolongarone.it o chiamando il numero 0437-770119 nei seguenti orari: mar-dom 10:00 \u2013 12:00 \/ 15:00 \u2013 18:00 e Lun 15:00 \u2013 18:00.<\/p>\n<p>&nbsp;<\/p>\n<p>&nbsp;<\/p>\n<hr \/>\n<blockquote>\n<h3><a class=\"dt-pswp-item\" href=\"https:\/\/www.radiopiu.net\/wordpress\/wp-content\/uploads\/2020\/07\/16fa64fb-57a0-473f-a8c9-d6a1f3d837eb.jpg\" data-dt-img-description=\"\" data-large_image_width=\"2000\" data-large_image_height=\"1500\"><img loading=\"lazy\" decoding=\"async\" class=\" wp-image-148806 alignleft\" src=\"https:\/\/www.radiopiu.net\/wordpress\/wp-content\/uploads\/2020\/07\/16fa64fb-57a0-473f-a8c9-d6a1f3d837eb-300x225.jpg\" alt=\"\" width=\"195\" height=\"146\" srcset=\"https:\/\/www.radiopiu.net\/wordpress\/wp-content\/uploads\/2020\/07\/16fa64fb-57a0-473f-a8c9-d6a1f3d837eb-300x225.jpg 300w, https:\/\/www.radiopiu.net\/wordpress\/wp-content\/uploads\/2020\/07\/16fa64fb-57a0-473f-a8c9-d6a1f3d837eb-1024x768.jpg 1024w, https:\/\/www.radiopiu.net\/wordpress\/wp-content\/uploads\/2020\/07\/16fa64fb-57a0-473f-a8c9-d6a1f3d837eb-768x576.jpg 768w, https:\/\/www.radiopiu.net\/wordpress\/wp-content\/uploads\/2020\/07\/16fa64fb-57a0-473f-a8c9-d6a1f3d837eb-1536x1152.jpg 1536w, https:\/\/www.radiopiu.net\/wordpress\/wp-content\/uploads\/2020\/07\/16fa64fb-57a0-473f-a8c9-d6a1f3d837eb.jpg 2000w\" sizes=\"auto, (max-width: 195px) 100vw, 195px\" \/><\/a><\/h3>\n<h3>FIERA DELL&#8217;OGGETTO RITROVATO<\/h3>\n<\/blockquote>\n<p><strong>FELTRE<\/strong>\u00a0Torna domenica 12 luglio, per il secondo appuntamento dell&#8217;edizione 2020, la \u201cFiera dell&#8217;oggetto ritrovato \u2013 Mostra-mercato dell&#8217;usato e dell&#8217;antiquariato in centro storico\u201d, organizzata dall\u2019Associazione \u201cFeltre Vivere il Centro Storico\u201d con il supporto del Comune di Feltre. Presso il parco attiguo al Vescovado, lungo via Mezzaterra, sar\u00e0 allestito un mercatino al cui interno sar\u00e0 possibile trovare vari tipi di oggetti, tra cui biciclette, mobili e soprattutto alcune vecchie macchine da scrivere e calcolatrici, autentici oggetti \u201ccult\u201d per appassionati e collezionisti. Il ricavato della vendita sar\u00e0 destinato all&#8217;acquisto di alcuni giochi da giardino e arredi urbani da destinare allo stesso parchetto di via Mezzaterra, da poco acquisito in comodato dal Comune di Feltre.<\/p>\n<p>&nbsp;<\/p>\n<p>&nbsp;<\/p>\n<hr \/>\n<p>&nbsp;<\/p>\n<blockquote>\n<h3 id=\"tw-target-text\" class=\"tw-data-text tw-text-large XcVN5d tw-ta\" dir=\"ltr\" data-placeholder=\"Traduzione\"><span lang=\"en\">appointments recommended by radio pi\u00f9<\/span><\/h3>\n<\/blockquote>\n<h3 class=\"photoswipe-wrapper\"><a class=\"dt-pswp-item pspw-wrap-ready\" href=\"https:\/\/i1.wp.com\/www.radiopiu.net\/wordpress\/wp-content\/uploads\/2020\/07\/deefa12b-4c82-408d-984a-df528b05fe0e.jpg?ssl=1\" data-dt-img-description=\"\" data-large_image_width=\"1143\" data-large_image_height=\"1600\"><img loading=\"lazy\" decoding=\"async\" class=\"alignnone wp-image-148340 jetpack-lazy-image jetpack-lazy-image--handled\" src=\"https:\/\/i1.wp.com\/www.radiopiu.net\/wordpress\/wp-content\/uploads\/2020\/07\/deefa12b-4c82-408d-984a-df528b05fe0e.jpg?resize=214%2C300&amp;ssl=1\" sizes=\"auto, (max-width: 214px) 100vw, 214px\" srcset=\"https:\/\/i1.wp.com\/www.radiopiu.net\/wordpress\/wp-content\/uploads\/2020\/07\/deefa12b-4c82-408d-984a-df528b05fe0e.jpg?resize=214%2C300&amp;ssl=1 214w, https:\/\/i1.wp.com\/www.radiopiu.net\/wordpress\/wp-content\/uploads\/2020\/07\/deefa12b-4c82-408d-984a-df528b05fe0e.jpg?resize=732%2C1024&amp;ssl=1 732w, https:\/\/i1.wp.com\/www.radiopiu.net\/wordpress\/wp-content\/uploads\/2020\/07\/deefa12b-4c82-408d-984a-df528b05fe0e.jpg?resize=768%2C1075&amp;ssl=1 768w, https:\/\/i1.wp.com\/www.radiopiu.net\/wordpress\/wp-content\/uploads\/2020\/07\/deefa12b-4c82-408d-984a-df528b05fe0e.jpg?resize=1097%2C1536&amp;ssl=1 1097w, https:\/\/i1.wp.com\/www.radiopiu.net\/wordpress\/wp-content\/uploads\/2020\/07\/deefa12b-4c82-408d-984a-df528b05fe0e.jpg?w=1143&amp;ssl=1 1143w\" alt=\"\" width=\"160\" height=\"224\" data-recalc-dims=\"1\" data-lazy-loaded=\"1\" \/><\/a><a class=\"dt-pswp-item pspw-wrap-ready\" href=\"https:\/\/i0.wp.com\/www.radiopiu.net\/wordpress\/wp-content\/uploads\/2020\/07\/4dd872a2-f52d-4a12-9746-816401dfe394.jpg?ssl=1\" data-dt-img-description=\"\" data-large_image_width=\"1131\" data-large_image_height=\"1600\"><img loading=\"lazy\" decoding=\"async\" class=\"alignnone wp-image-148324 jetpack-lazy-image jetpack-lazy-image--handled\" src=\"https:\/\/i0.wp.com\/www.radiopiu.net\/wordpress\/wp-content\/uploads\/2020\/07\/4dd872a2-f52d-4a12-9746-816401dfe394.jpg?resize=212%2C300&amp;ssl=1\" sizes=\"auto, (max-width: 212px) 100vw, 212px\" srcset=\"https:\/\/i0.wp.com\/www.radiopiu.net\/wordpress\/wp-content\/uploads\/2020\/07\/4dd872a2-f52d-4a12-9746-816401dfe394.jpg?resize=212%2C300&amp;ssl=1 212w, https:\/\/i0.wp.com\/www.radiopiu.net\/wordpress\/wp-content\/uploads\/2020\/07\/4dd872a2-f52d-4a12-9746-816401dfe394.jpg?resize=724%2C1024&amp;ssl=1 724w, https:\/\/i0.wp.com\/www.radiopiu.net\/wordpress\/wp-content\/uploads\/2020\/07\/4dd872a2-f52d-4a12-9746-816401dfe394.jpg?resize=768%2C1086&amp;ssl=1 768w, https:\/\/i0.wp.com\/www.radiopiu.net\/wordpress\/wp-content\/uploads\/2020\/07\/4dd872a2-f52d-4a12-9746-816401dfe394.jpg?resize=1086%2C1536&amp;ssl=1 1086w, https:\/\/i0.wp.com\/www.radiopiu.net\/wordpress\/wp-content\/uploads\/2020\/07\/4dd872a2-f52d-4a12-9746-816401dfe394.jpg?w=1131&amp;ssl=1 1131w\" alt=\"\" width=\"162\" height=\"229\" data-recalc-dims=\"1\" data-lazy-loaded=\"1\" \/><\/a><a class=\"dt-pswp-item\" href=\"https:\/\/www.radiopiu.net\/wordpress\/wp-content\/uploads\/2020\/07\/94dd24ee-147f-4f92-9abc-864a5a200347-1.jpg\" data-dt-img-description=\"\" data-large_image_width=\"1500\" data-large_image_height=\"1500\"><img loading=\"lazy\" decoding=\"async\" class=\"alignnone wp-image-148864\" src=\"https:\/\/www.radiopiu.net\/wordpress\/wp-content\/uploads\/2020\/07\/94dd24ee-147f-4f92-9abc-864a5a200347-1-300x300.jpg\" alt=\"\" width=\"231\" height=\"231\" srcset=\"https:\/\/www.radiopiu.net\/wordpress\/wp-content\/uploads\/2020\/07\/94dd24ee-147f-4f92-9abc-864a5a200347-1-300x300.jpg 300w, https:\/\/www.radiopiu.net\/wordpress\/wp-content\/uploads\/2020\/07\/94dd24ee-147f-4f92-9abc-864a5a200347-1-1024x1024.jpg 1024w, https:\/\/www.radiopiu.net\/wordpress\/wp-content\/uploads\/2020\/07\/94dd24ee-147f-4f92-9abc-864a5a200347-1-150x150.jpg 150w, https:\/\/www.radiopiu.net\/wordpress\/wp-content\/uploads\/2020\/07\/94dd24ee-147f-4f92-9abc-864a5a200347-1-768x768.jpg 768w, https:\/\/www.radiopiu.net\/wordpress\/wp-content\/uploads\/2020\/07\/94dd24ee-147f-4f92-9abc-864a5a200347-1.jpg 1500w\" sizes=\"auto, (max-width: 231px) 100vw, 231px\" \/><\/a><a class=\"dt-pswp-item pspw-wrap-ready\" href=\"https:\/\/i0.wp.com\/www.radiopiu.net\/wordpress\/wp-content\/uploads\/2020\/07\/58dca1a9-4ede-4a8d-99fb-6357d98c7306.jpg?ssl=1\" data-dt-img-description=\"\" data-large_image_width=\"620\" data-large_image_height=\"877\"><img loading=\"lazy\" decoding=\"async\" class=\"wp-image-147749 jetpack-lazy-image jetpack-lazy-image--handled alignleft\" src=\"https:\/\/i0.wp.com\/www.radiopiu.net\/wordpress\/wp-content\/uploads\/2020\/07\/58dca1a9-4ede-4a8d-99fb-6357d98c7306.jpg?resize=620%2C877&amp;ssl=1\" sizes=\"auto, (max-width: 620px) 100vw, 620px\" srcset=\"https:\/\/i0.wp.com\/www.radiopiu.net\/wordpress\/wp-content\/uploads\/2020\/07\/58dca1a9-4ede-4a8d-99fb-6357d98c7306.jpg?w=620&amp;ssl=1 620w, https:\/\/i0.wp.com\/www.radiopiu.net\/wordpress\/wp-content\/uploads\/2020\/07\/58dca1a9-4ede-4a8d-99fb-6357d98c7306.jpg?resize=212%2C300&amp;ssl=1 212w\" alt=\"\" width=\"174\" height=\"247\" data-lazy-loaded=\"1\" \/><\/a><\/h3>\n<hr \/>\n<p>&nbsp;<\/p>\n<p>&nbsp;<\/p>\n<p>&nbsp;<\/p>\n<p>&nbsp;<\/p>\n<p>&nbsp;<\/p>\n<p>&nbsp;<\/p>\n<p>&nbsp;<\/p>\n<p>&nbsp;<\/p>\n<p>&nbsp;<\/p>\n<p>&nbsp;<\/p>\n<hr \/>\n<h2><\/h2>\n<h2>IERI ALLA RADIO<\/h2>\n<h2><span style=\"color: #ff00ff;\">KARIN SCHENA, LA FONDAZIONE UMBERTO VERONESI<\/span><\/h2>\n<p><strong class=\"photoswipe-wrapper\"><a class=\"dt-pswp-item\" href=\"https:\/\/www.radiopiu.net\/wordpress\/wp-content\/uploads\/2020\/07\/KARIN-SCHENA.jpg\" data-dt-img-description=\"\" data-large_image_width=\"649\" data-large_image_height=\"908\"><img loading=\"lazy\" decoding=\"async\" class=\" wp-image-148696 alignleft\" src=\"https:\/\/www.radiopiu.net\/wordpress\/wp-content\/uploads\/2020\/07\/KARIN-SCHENA-214x300.jpg\" alt=\"\" width=\"105\" height=\"147\" srcset=\"https:\/\/www.radiopiu.net\/wordpress\/wp-content\/uploads\/2020\/07\/KARIN-SCHENA-214x300.jpg 214w, https:\/\/www.radiopiu.net\/wordpress\/wp-content\/uploads\/2020\/07\/KARIN-SCHENA.jpg 649w\" sizes=\"auto, (max-width: 105px) 100vw, 105px\" \/><\/a><\/strong><\/p>\n<p>&nbsp;<\/p>\n<p><strong class=\"photoswipe-wrapper\">IN COLLABORAZIONE CON GIORNALE&amp;CAFFE\u2019 DERSUT DI TAIBON AGORDINO<\/strong><\/p>\n<p><strong>di Claudio Fontanive\u00a0<\/strong><\/p>\n<audio class=\"wp-audio-shortcode\" id=\"audio-148691-7\" preload=\"none\" style=\"width: 100%;\" controls=\"controls\"><source type=\"audio\/mpeg\" src=\"https:\/\/www.radiopiu.net\/wordpress\/wp-content\/uploads\/2020\/07\/karin-schena-10-luglio.mp3?_=7\" \/><a href=\"https:\/\/www.radiopiu.net\/wordpress\/wp-content\/uploads\/2020\/07\/karin-schena-10-luglio.mp3\">https:\/\/www.radiopiu.net\/wordpress\/wp-content\/uploads\/2020\/07\/karin-schena-10-luglio.mp3<\/a><\/audio>\n<p>&nbsp;<\/p>\n<hr \/>\n<p>&nbsp;<\/p>\n<p>&nbsp;<\/p>\n<h2><span style=\"color: #ff6600;\">ENRICO DE BONA, PIAN LONGHI SPORT, FOOD &amp; WELLNESS<\/span><\/h2>\n<p><strong class=\"photoswipe-wrapper\"><a class=\"dt-pswp-item\" href=\"https:\/\/www.radiopiu.net\/wordpress\/wp-content\/uploads\/2020\/07\/PIAN-LONGHI.jpg\" data-dt-img-description=\"\" data-large_image_width=\"620\" data-large_image_height=\"877\"><img loading=\"lazy\" decoding=\"async\" class=\" wp-image-148699 alignleft\" src=\"https:\/\/www.radiopiu.net\/wordpress\/wp-content\/uploads\/2020\/07\/PIAN-LONGHI-212x300.jpg\" alt=\"\" width=\"139\" height=\"197\" srcset=\"https:\/\/www.radiopiu.net\/wordpress\/wp-content\/uploads\/2020\/07\/PIAN-LONGHI-212x300.jpg 212w, https:\/\/www.radiopiu.net\/wordpress\/wp-content\/uploads\/2020\/07\/PIAN-LONGHI.jpg 620w\" sizes=\"auto, (max-width: 139px) 100vw, 139px\" \/><\/a><\/strong><\/p>\n<p>&nbsp;<\/p>\n<p>&nbsp;<\/p>\n<p><strong class=\"photoswipe-wrapper\">IN COLLABORAZIONE CON GIORNALE&amp;CAFFE\u2019 DERSUT DI TAIBON AGORDINO<\/strong><\/p>\n<p><strong>di Claudio Fontanive\u00a0<\/strong><\/p>\n<audio class=\"wp-audio-shortcode\" id=\"audio-148691-8\" preload=\"none\" style=\"width: 100%;\" controls=\"controls\"><source type=\"audio\/mpeg\" src=\"https:\/\/www.radiopiu.net\/wordpress\/wp-content\/uploads\/2020\/07\/enrico-de-bona-fabbrica-10-luglio.mp3?_=8\" \/><a href=\"https:\/\/www.radiopiu.net\/wordpress\/wp-content\/uploads\/2020\/07\/enrico-de-bona-fabbrica-10-luglio.mp3\">https:\/\/www.radiopiu.net\/wordpress\/wp-content\/uploads\/2020\/07\/enrico-de-bona-fabbrica-10-luglio.mp3<\/a><\/audio>\n<p>&nbsp;<\/p>\n<p>&nbsp;<\/p>\n<hr \/>\n<p>&nbsp;<\/p>\n<h2><span style=\"color: #ff0000;\">DUE MINUTI UN LIBRO<\/span><\/h2>\n<blockquote class=\"wp-embedded-content\" data-secret=\"nTbu39p2Ly\"><p><a href=\"https:\/\/www.radiopiu.net\/wordpress\/emozioni-istruzioni-per-luso-2\/\">EMOZIONI, ISTRUZIONI PER L&#8217;USO<\/a><\/p><\/blockquote>\n<p><iframe loading=\"lazy\" class=\"wp-embedded-content\" sandbox=\"allow-scripts\" security=\"restricted\" style=\"position: absolute; clip: rect(1px, 1px, 1px, 1px);\" title=\"&#8220;EMOZIONI, ISTRUZIONI PER L&#8217;USO&#8221; &#8212; Radio Pi\u00f9\" src=\"https:\/\/www.radiopiu.net\/wordpress\/emozioni-istruzioni-per-luso-2\/embed\/#?secret=nTbu39p2Ly\" data-secret=\"nTbu39p2Ly\" width=\"600\" height=\"338\" frameborder=\"0\" marginwidth=\"0\" marginheight=\"0\" scrolling=\"no\"><\/iframe><\/p>\n<p>&nbsp;<\/p>\n<p><strong>LE ALTRE PUNTATE<\/strong><\/p>\n<blockquote class=\"wp-embedded-content\" data-secret=\"fLVWIdatCW\"><p><a href=\"https:\/\/www.radiopiu.net\/wordpress\/due-minuti-un-libro\/\">Due minuti un libro<\/a><\/p><\/blockquote>\n<p><iframe loading=\"lazy\" class=\"wp-embedded-content\" sandbox=\"allow-scripts\" security=\"restricted\" style=\"position: absolute; clip: rect(1px, 1px, 1px, 1px);\" title=\"&#8220;Due minuti un libro&#8221; &#8212; Radio Pi\u00f9\" src=\"https:\/\/www.radiopiu.net\/wordpress\/due-minuti-un-libro\/embed\/#?secret=fLVWIdatCW\" data-secret=\"fLVWIdatCW\" width=\"600\" height=\"338\" frameborder=\"0\" marginwidth=\"0\" marginheight=\"0\" scrolling=\"no\"><\/iframe><\/p>\n<h2><\/h2>\n<h2><span style=\"color: #800080;\">IL MESSAGGIO DEI SACERDOTI A RADIO PIU&#8217;<\/span><\/h2>\n<blockquote class=\"wp-embedded-content\" data-secret=\"lGxHMrfPl8\"><p><a href=\"https:\/\/www.radiopiu.net\/wordpress\/chiesa11\/\">DON CESARE SU RADIO PIU&#8217; ALLE 7.30 E 19.30, PARROCCHIE DI AGORDO, LA VALLE E TAIBON<\/a><\/p><\/blockquote>\n<p><iframe loading=\"lazy\" class=\"wp-embedded-content\" sandbox=\"allow-scripts\" security=\"restricted\" style=\"position: absolute; clip: rect(1px, 1px, 1px, 1px);\" title=\"&#8220;DON CESARE SU RADIO PIU&#8217; ALLE 7.30 E 19.30, PARROCCHIE DI AGORDO, LA VALLE E TAIBON&#8221; &#8212; Radio Pi\u00f9\" src=\"https:\/\/www.radiopiu.net\/wordpress\/chiesa11\/embed\/#?secret=lGxHMrfPl8\" data-secret=\"lGxHMrfPl8\" width=\"600\" height=\"338\" frameborder=\"0\" marginwidth=\"0\" marginheight=\"0\" scrolling=\"no\"><\/iframe><\/p>\n<p>&nbsp;<\/p>\n<hr \/>\n<p>&nbsp;<\/p>\n<h2><span style=\"color: #339966;\">AGORDINOMERON\u2026LA RACCOLTA<\/span><\/h2>\n<p><iframe loading=\"lazy\" class=\"wp-embedded-content\" title=\"\u201cAGORDINOMERON, IL TERRITORIO SI RACCONTA Da un\u2019idea di Gianni Santomaso\u201d \u2014 Radio Pi\u00f9\" src=\"https:\/\/www.radiopiu.net\/wordpress\/agordinomeron\/embed\/#?secret=0Ea1gLbO2U\" width=\"600\" height=\"304\" frameborder=\"0\" marginwidth=\"0\" marginheight=\"0\" scrolling=\"no\" sandbox=\"allow-scripts\" data-secret=\"0Ea1gLbO2U\" data-mce-fragment=\"1\"><\/iframe><\/p>\n<p>&nbsp;<\/p>\n<hr \/>\n<p>&nbsp;<\/p>\n<p>&nbsp;<\/p>\n<h2><span style=\"color: #33cccc;\">I RACCONTI DI PAOLO SOPPELSA\u2026LA RACCOLTA<\/span><\/h2>\n<p><iframe loading=\"lazy\" class=\"wp-embedded-content\" title=\"\u201cI racconti di Paolo Soppelsa\u201d \u2014 Radio Pi\u00f9\" src=\"https:\/\/www.radiopiu.net\/wordpress\/i-racconti-di-paolo-soppelsa\/embed\/#?secret=kVr23w8ake\" width=\"600\" height=\"200\" frameborder=\"0\" marginwidth=\"0\" marginheight=\"0\" scrolling=\"no\" sandbox=\"allow-scripts\" data-secret=\"kVr23w8ake\" data-mce-fragment=\"1\"><\/iframe><\/p>\n<p>&nbsp;<\/p>\n<p>&nbsp;<\/p>\n<p>&nbsp;<\/p>\n<hr \/>\n<p>&nbsp;<\/p>\n<p>&nbsp;<\/p>\n<blockquote>\n<h3><a class=\"dt-pswp-item\" href=\"https:\/\/www.radiopiu.net\/wordpress\/wp-content\/uploads\/2020\/07\/17331a39-ef80-4c65-8ab2-62302c6df9aa.jpg\" data-dt-img-description=\"\" data-large_image_width=\"1599\" data-large_image_height=\"1200\"><img loading=\"lazy\" decoding=\"async\" class=\" wp-image-148808 alignleft\" src=\"https:\/\/www.radiopiu.net\/wordpress\/wp-content\/uploads\/2020\/07\/17331a39-ef80-4c65-8ab2-62302c6df9aa-300x225.jpg\" alt=\"\" width=\"161\" height=\"121\" srcset=\"https:\/\/www.radiopiu.net\/wordpress\/wp-content\/uploads\/2020\/07\/17331a39-ef80-4c65-8ab2-62302c6df9aa-300x225.jpg 300w, https:\/\/www.radiopiu.net\/wordpress\/wp-content\/uploads\/2020\/07\/17331a39-ef80-4c65-8ab2-62302c6df9aa-1024x768.jpg 1024w, https:\/\/www.radiopiu.net\/wordpress\/wp-content\/uploads\/2020\/07\/17331a39-ef80-4c65-8ab2-62302c6df9aa-768x576.jpg 768w, https:\/\/www.radiopiu.net\/wordpress\/wp-content\/uploads\/2020\/07\/17331a39-ef80-4c65-8ab2-62302c6df9aa-1536x1153.jpg 1536w, https:\/\/www.radiopiu.net\/wordpress\/wp-content\/uploads\/2020\/07\/17331a39-ef80-4c65-8ab2-62302c6df9aa.jpg 1599w\" sizes=\"auto, (max-width: 161px) 100vw, 161px\" \/><\/a>SULLE MAESTOSE DOLOMITI<\/h3>\n<\/blockquote>\n<p>&nbsp;<\/p>\n<p>&nbsp;<\/p>\n<p>AUDIO<\/p>\n<audio class=\"wp-audio-shortcode\" id=\"audio-148691-9\" preload=\"none\" style=\"width: 100%;\" controls=\"controls\"><source type=\"audio\/mpeg\" src=\"https:\/\/www.radiopiu.net\/wordpress\/wp-content\/uploads\/2020\/07\/JOHN.mp3?_=9\" \/><a href=\"https:\/\/www.radiopiu.net\/wordpress\/wp-content\/uploads\/2020\/07\/JOHN.mp3\">https:\/\/www.radiopiu.net\/wordpress\/wp-content\/uploads\/2020\/07\/JOHN.mp3<\/a><\/audio>\n<p><strong>DI JOHN FRANCIS DELLA PIETRA<\/strong><\/p>\n<p>Eccole pian piano come sempre<br \/>\nCompaiono le genti dei monti<br \/>\nSenza clamori n\u00e9 assembramenti<br \/>\nChe iniziano a popolar le cime<br \/>\nCol loro rispettoso silenzio<br \/>\nNello spazio infinito<br \/>\nTra roccia e cielo<br \/>\nVolgono lass\u00f9 lo sguardo<br \/>\nInviando la loro prece<br \/>\nNell accomunarsi dei sorrisi<br \/>\nE di tacito scambi<br \/>\n&#8220;Che meraviglia<br \/>\nChe bello<br \/>\nChe pace&#8221;<br \/>\nQuass\u00f9<br \/>\nOve tutti sono fratelli<br \/>\nDella stessa madre natura<br \/>\nAll improvviso su un area balza l\u00ec vicino<br \/>\nAppaiono come per incanto<br \/>\nPiccoli festosi uccellini<br \/>\nA dare il benvenuto<br \/>\nLa loro costante angelica presenza<br \/>\nA tutti indistintamente<br \/>\nI cuori palpitano all unisuono<br \/>\nEd un unica voce<br \/>\nSale nel limpido aere<br \/>\nAncora una volta<br \/>\nIl saluto l omaggio<br \/>\nAlle maestose Dolomiti<br \/>\n&#8230;berg heil&#8230;<\/p>\n<p>&nbsp;<\/p>\n<p>&nbsp;<\/p>\n<p>&nbsp;<\/p>\n<hr \/>\n<p>&nbsp;<\/p>\n<p><strong class=\"photoswipe-wrapper\"><a class=\"dt-pswp-item pspw-wrap-ready\" href=\"https:\/\/i0.wp.com\/www.radiopiu.net\/wordpress\/wp-content\/uploads\/2018\/09\/viabilita.jpeg?ssl=1\" data-dt-img-description=\"\" data-large_image_width=\"800\" data-large_image_height=\"100\"><img loading=\"lazy\" decoding=\"async\" class=\"aligncenter wp-image-61954 size-full jetpack-lazy-image jetpack-lazy-image--handled\" src=\"https:\/\/i0.wp.com\/www.radiopiu.net\/wordpress\/wp-content\/uploads\/2018\/09\/viabilita.jpeg?resize=800%2C100&amp;ssl=1\" sizes=\"auto, (max-width: 800px) 100vw, 800px\" srcset=\"https:\/\/i0.wp.com\/www.radiopiu.net\/wordpress\/wp-content\/uploads\/2018\/09\/viabilita.jpeg?w=800&amp;ssl=1 800w, https:\/\/i0.wp.com\/www.radiopiu.net\/wordpress\/wp-content\/uploads\/2018\/09\/viabilita.jpeg?resize=300%2C38&amp;ssl=1 300w, https:\/\/i0.wp.com\/www.radiopiu.net\/wordpress\/wp-content\/uploads\/2018\/09\/viabilita.jpeg?resize=768%2C96&amp;ssl=1 768w\" alt=\"\" width=\"800\" height=\"100\" data-lazy-loaded=\"1\" \/><\/a><\/strong><\/p>\n<p>&nbsp;<\/p>\n<p>PROVINCIALE 3 VALLE IMPERINA, DAL 13 AL 17 LUGLIO SENSO UNICO IN PROSSIMITA\u2019 DI GOSALDO<\/p>\n<p>REGIONALE 48 DELLE DOLOMITI DAL 13 AL 30 LUGLIO SENSO UNICO IN LOCALITA\u2019 LIVINE\u2019 DI LIVINALLONGO<\/p>\n<p>PROVINCIALE 563 DI SALESEI, LOCALITA\u2019 DIGONERA. SENSO UNICO ALTERNATO REGOLATO DA IMPIANTO SEMAFORICO FINO AL 15 LUGLIO PER MESSA IN SICUREZZA DEL PIANO VIABILE<\/p>\n<p>SP 251 FINO AL 31 LUGLIO TRA PESCUL E SELVA DI CADORE SENSO UNICO ALTERNATO REGOLATO DA SEMAFORO, ESCLUSI SABATO E DOMENICA PER POSA FIBRE OTTICHE<\/p>\n<p>PROVINCIALE 3 VALLE IMPERINA, LOCALITA\u2019 CORDE MOLE: DAL 6 LUGLIO DALLE 8 ALLE 11.45 E DALLE 13.30 ALLE 17.30 (SABATO E DOMENICA ESCLUSI) INTERRUZIONI ALLA VIABILITA\u2019 FINO A 30 MINUTI PER TAGLIO PIANTE TRA LE LOCALITA\u2019 CORDE MOLE E VALLESIN<\/p>\n<p>PROVINCIALE 641 DI PASSO FEDAIA, FINO AL 31 LUGLIO (FESTIVI E PREFESTIVI ECLUSI) SENSO UNICO IN LOCALIT\u00c0 ROCCA PIETORE PER SOSTITUZIONI BARRIERE LATERALI<\/p>\n<p>PROVINCIALE 25 PASSO VALLES FINO AL 18 LUGLIO (FESTIVI ESCLUSI) SENSO UNICO ALERNATO CON SEMAFORO O MOVIERI PER ESBOSCO<\/p>\n<p>FINO AL 24 LUGLIO SABATO E DOMENICA COMPRESI LUNGO LA 641 DI PASSO FEDAIA IN LOCALIT\u00e0 CAPANNA BILL E COL DI ROCCA, SENSO UNICO ALTERNATO CON SEMAFORO<\/p>\n<p>STRADA REGIONALE 203 AGORDINA TRA PERON E CANDATEN, FINO 31 LUGLIO ESCLUSI SABATI E DOMENICHE, DALLE 7:30 ALLE 9 E E DALLE 16:30 ALLE 18 SENSO UNICO ALTERNATO REGOLATO DA MOVIERI. NEGLI ALTRI ORARI SENSO UNICO ALTERNATO REGOLATO DA SEMAFORO PER INTERRAMENTO CAVIDOTTO E-DISTRIBUZIONE<\/p>\n<p>347 DURAN E CEREDA: FINO ALL\u201911 LUGLIO (FESTIVI ECLUSI) SENSO UNICO CON SEMAFORO IN LOCALIT\u00c0 SANT\u2019ANDREA (GOSALDO)<\/p>\n<p>PROVINCIALE 25 PASSO VALLES FINO AL 18 LUGLIO (FESTIVI ESCLUSI) SENSO UNICO ALERNATO CON SEMAFORO O MOVIERI PER ESBOSCO<\/p>\n<p>STRADA REGIONALE 48 DELLE DOLOMITI, A CORTINA IN LOCALITA\u2019 POCOL, SENSO UNICO ALTERNATO REGOLATO DA IMPIANTO SEMAFORICO \u00a0DAL 6 AL 24 LUGLIO, ESCLUSI SABATI E DOMENICHE, PER POSA CAVIDOTTO E-DISTRIBUZIONE<\/p>\n<p>STRADA PROVINCIALE 30 PANORAMICA DEL COMELICO, FINO\u00a0 AL 31 LUGLIO INTERDIZIONE TOTALE ALLA VIABILITA\u2019 TRA COSTA E COSTALISSOIO PER MESSA IN SICUREZZA STRADA<\/p>\n<p>STRADA PROVINCIALE 619 DI VIGO DI CADORE, FINO\u00a0 AL 7 AGOSTO, ESCLUSI SABATI E DOMENICHE, SENSO UNICO ALTERNATO REGOLATO DA IMPIANTO SEMAFORICO O MOVIERI PER MESSA IN SICUREZZA DELLA STRADA<\/p>\n<p>STRADA PROVINCIALE 473 DI CROCE D\u2019AUNE, DAL 9 AL 17 LUGLIO, SABATI E DOMENICHE ESCLUSE, SALTUARIA ISTITUZIONE DI SENSO UNICO ALTERNATO REGOLATO DA MOVIERI IN LOCALIT\u00e0 GORNA DI SOVRAMONTE PER LAVORI DI CONSOLIDAMENTO CIGLIO STRADALE<\/p>\n<p>STRADA PROVINCIALE 641 DEL PASSO FEDAIA, NEL COMUNE DI ROCCA PIETORE, DAL 15 AL 22 LUGLIO, SABATI E DOMENICHE ESCLUSE, SENSO UNICO ALTERNATO REGOLATO DA IMPIANTO SEMAFORICO PER POSA CAVIDOTTO ELETTRICO<\/p>\n<p>&nbsp;<\/p>\n<hr \/>\n<p>&nbsp;<\/p>\n<h2><em><strong>COMUNICAZIONE ISTITUZIONALE \u2013 APP IMMUNI<\/strong><\/em><\/h2>\n<p><iframe loading=\"lazy\" title=\"Immuni App 30\" width=\"1200\" height=\"675\" src=\"https:\/\/www.youtube.com\/embed\/-XG48J62814?feature=oembed\" frameborder=\"0\" allow=\"accelerometer; autoplay; clipboard-write; encrypted-media; gyroscope; picture-in-picture\" allowfullscreen><\/iframe><\/p>\n<p>&nbsp;<\/p>\n<hr \/>\n<p>&nbsp;<\/p>\n<p class=\"photoswipe-wrapper\"><a class=\"dt-pswp-item pspw-wrap-ready\" href=\"https:\/\/i0.wp.com\/www.radiopiu.net\/wordpress\/wp-content\/uploads\/2018\/09\/WhatsApp-Image-2018-09-20-at-16.04.06.jpeg?ssl=1\" data-dt-img-description=\"\" data-large_image_width=\"800\" data-large_image_height=\"100\"><img loading=\"lazy\" decoding=\"async\" class=\"aligncenter wp-image-61378 size-full jetpack-lazy-image jetpack-lazy-image--handled\" src=\"https:\/\/i0.wp.com\/www.radiopiu.net\/wordpress\/wp-content\/uploads\/2018\/09\/WhatsApp-Image-2018-09-20-at-16.04.06.jpeg?resize=800%2C100&amp;ssl=1\" sizes=\"auto, (max-width: 800px) 100vw, 800px\" srcset=\"https:\/\/i0.wp.com\/www.radiopiu.net\/wordpress\/wp-content\/uploads\/2018\/09\/WhatsApp-Image-2018-09-20-at-16.04.06.jpeg?w=800&amp;ssl=1 800w, https:\/\/i0.wp.com\/www.radiopiu.net\/wordpress\/wp-content\/uploads\/2018\/09\/WhatsApp-Image-2018-09-20-at-16.04.06.jpeg?resize=300%2C38&amp;ssl=1 300w, https:\/\/i0.wp.com\/www.radiopiu.net\/wordpress\/wp-content\/uploads\/2018\/09\/WhatsApp-Image-2018-09-20-at-16.04.06.jpeg?resize=768%2C96&amp;ssl=1 768w\" alt=\"\" width=\"800\" height=\"100\" data-lazy-loaded=\"1\" \/><\/a><\/p>\n<p>&nbsp;<\/p>\n<p><center><b>Sabato 11<\/b><\/center><b>Tempo atteso:\u00a0<\/b>Peggioramento del tempo a partire dalle Dolomiti, in estensione alle Prealpi entro met\u00e0 mattinata. Dopo un breve intervallo di variabilit\u00e0 nelle ore centrali, il tempo diverr\u00e0 perturbato\/instabile con cielo coperto ed estesi fenomeni. Alla sera esaurimento del maltempo a partire dalle Dolomiti. Clima diurno pi\u00f9 fresco sia per il forte deficit di sole che per la perturbabilit\u00e0.<br \/>\n<b>Precipitazioni:\u00a0<\/b>Tra la notte e il primo mattino primi deboli e sporadici fenomeni (30\/40%). In seguito crescente probabilit\u00e0 per rovesci sparsi, localmente temporaleschi (60\/80%), prima di una breve pausa. Al pomeriggio probabilit\u00e0 molto alta (90\/100%) di precipitazioni a tratti diffuse, a carattere di rovescio e di temporale. In alcuni casi i fenomeni saranno di forte intensit\u00e0 e localmente grandinigeni. In serata esaurimento dei fenomeni a partire da nord. Gli apporti saranno variabili, mediamente 15\/25 mm, localmente fino sui 40\/50 mm per forti temporali.<br \/>\n<b>Temperature:\u00a0<\/b>In generale calo con minime osservate alla sera a tutte le quote. Sono previste punte di 23\/24\u00b0C nei fondovalle prealpini e di 18\/20\u00b0C a 1000\/1200 m. Su Prealpi a 1500 m min 11\u00b0C max 16\u00b0C, a 2000 m min 8\u00b0C max 13\u00b0C. Su Dolomiti a 2000 m min 7\u00b0C max 11\u00b0C, a 3000 m min 2\u00b0C max 6\u00b0C.<br \/>\n<b>Venti:\u00a0<\/b>Nelle valli deboli di direzione variabile, non escluso qualche rinforzo per raffiche temporalesche; in quota deboli\/moderati da sud-ovest al mattino e da nord ovest al pomeriggio\/sera, attenuandosi sensibilmente, a 5\/15 km \/h a 2000 m e 15\/30 km\/h a 3000 m.<\/p>\n<hr \/>\n<p><center><b>Domenica 12<\/b><\/center><b>Tempo atteso:\u00a0<\/b>Tempo ben soleggiato con cielo sereno, aria tersa ed ottima visibilit\u00e0 al mattino, in seguito cielo sereno o parzialmente nuvoloso per modesti cumuli pomeridiani a ridosso delle cime e qualche velatura del cielo per nubi alte. Clima assai pi\u00f9 fresco in quota, nonostante il soleggiamento.<br \/>\n<b>Precipitazioni:\u00a0<\/b>Assenti (0%).<br \/>\n<b>Temperature:\u00a0<\/b>Minime in generale calo con clima assai fresco all&#8217;alba, massime in diminuzione in alta quota e nei fondovalle prealpini, mentre risaliranno nelle valli dolomitiche. Sono previste punte di 21\/22\u00b0C nei fondovalle prealpini e di 19\/21\u00b0C a 1000\/1200 m. Su Prealpi a 1500 m min 8\u00b0C max 14\u00b0C, a 2000 m min 6\u00b0C max 11\u00b0C. Su Dolomiti a 2000 m min 5\u00b0C max 10\u00b0C, a 3000 m min 1\u00b0C max 3\u00b0C.<br \/>\n<b>Venti:\u00a0<\/b>Nelle valli deboli per brezze, localmente e a tratti ancje moderati; in quota perlopi\u00f9 deboli da nord nord-ovest, a 5\/10 km \/h a 2000 m e 10\/20 km\/h a 3000 m.<\/p>\n<hr \/>\n<p><center><b>Lunedi 13<\/b><\/center>Sulle Dolomiti tempo variabile con tratti soleggiati e nuvolosit\u00e0 irregolare, a tratti estesa per stratocumuli, nonostante la nuvolosit\u00e0 sia prevalente, sembra che il rischio pioggia sia pressoch\u00e9 assente. Sulle Prealpi minore copertura nuvolosa e tratti soleggiati pi\u00f9 frequenti. Temperature in generale lieve aumento, salvo le massime nelle valli meno assolate. Venti a regime di brezza nelle valli e deboli\/moderati dai quadranti settentrionali nord in quota.<\/p>\n<hr \/>\n<p><center><b>Martedi 14<\/b><\/center>Tempo soleggiato con cielo sereno o poco nuvoloso al mattino. Poi nuvolosit\u00e0 irregolare per attivit\u00e0 cumuliforme, pi\u00f9 presente sulle Dolomiti. Non escluso qualche fenomeno convettivo su quest&#8217;ultime. Temperature diurne in leggera diminuzione con clima un po&#8217; fresco per il periodo. Venti a regime di brezza nelle valli e deboli\/moderati da nord-ovest al mattino e da ovest al pomeriggio in quota. Previsore: R.L.Th.<\/p>\n<p>&nbsp;<\/p>\n<p>&nbsp;<\/p>\n<hr \/>\n<p>&nbsp;<\/p>\n<h2><em><strong>COMUNICAZIONE ISTITUZIONALE \u2013 TEST SERIOLOGICO<\/strong><\/em><\/h2>\n<p><iframe loading=\"lazy\" title=\"Pomilio Blumm   Indagine Sierologica Covid 19 v 3\" width=\"1200\" height=\"675\" src=\"https:\/\/www.youtube.com\/embed\/bLDh8Pd3FxA?feature=oembed\" frameborder=\"0\" allow=\"accelerometer; autoplay; clipboard-write; encrypted-media; gyroscope; picture-in-picture\" allowfullscreen><\/iframe><\/p>\n<p>&nbsp;<\/p>\n<p>&nbsp;<\/p>\n<p><a class=\"dt-pswp-item\" href=\"https:\/\/www.radiopiu.net\/wordpress\/wp-content\/uploads\/2018\/09\/sport.jpg\" data-dt-img-description=\"\" data-large_image_width=\"800\" data-large_image_height=\"100\"><img loading=\"lazy\" decoding=\"async\" class=\"alignnone wp-image-60761 size-full\" src=\"https:\/\/www.radiopiu.net\/wordpress\/wp-content\/uploads\/2018\/09\/sport.jpg\" alt=\"\" width=\"800\" height=\"100\" srcset=\"https:\/\/www.radiopiu.net\/wordpress\/wp-content\/uploads\/2018\/09\/sport.jpg 800w, https:\/\/www.radiopiu.net\/wordpress\/wp-content\/uploads\/2018\/09\/sport-300x38.jpg 300w, https:\/\/www.radiopiu.net\/wordpress\/wp-content\/uploads\/2018\/09\/sport-768x96.jpg 768w\" sizes=\"auto, (max-width: 800px) 100vw, 800px\" \/><\/a><\/p>\n<p>&nbsp;<\/p>\n<p>&nbsp;<\/p>\n<blockquote>\n<h3><\/h3>\n<h3>TRIATHLON AL LAGO DI SANTA CROCE<\/h3>\n<\/blockquote>\n<p><strong><a class=\"dt-pswp-item\" href=\"https:\/\/www.radiopiu.net\/wordpress\/wp-content\/uploads\/2018\/06\/LagoSantaCroce.jpg\" data-dt-img-description=\"\" data-large_image_width=\"500\" data-large_image_height=\"276\"><img loading=\"lazy\" decoding=\"async\" class=\" wp-image-50180 alignleft\" src=\"https:\/\/www.radiopiu.net\/wordpress\/wp-content\/uploads\/2018\/06\/LagoSantaCroce-300x166.jpg\" alt=\"\" width=\"222\" height=\"123\" srcset=\"https:\/\/www.radiopiu.net\/wordpress\/wp-content\/uploads\/2018\/06\/LagoSantaCroce-300x166.jpg 300w, https:\/\/www.radiopiu.net\/wordpress\/wp-content\/uploads\/2018\/06\/LagoSantaCroce.jpg 500w\" sizes=\"auto, (max-width: 222px) 100vw, 222px\" \/><\/a>ALPAGO<\/strong>\u00a0 Triathlon Sprint Gold Silca Cup \u00e8 in programma per\u00a0 domenica 26 luglio con necessarie modifiche sul regolamento, programma e percorso per le note conseguenze del covid19 ma\u00a0 manterr\u00e0 le caratteristiche originali. Nell\u2019ultimo weekend di luglio si garegger\u00e0 sulle distanze classiche dello sprint: 750 metri a nuoto, 19,3 chilometri in bicicletta e 5 chilometri di corsa a piedi. Le iscrizioni saranno a numero chiuso per un massimo di 500 partecipanti (400 uomini e 100 donne).\u00a0 Sabato 25 luglio sar\u00e0 organizzato un aquathlon giovanile, dedicato ai ragazzi under 18. La soddisfazione per aver \u201csalvato\u201d la Triathlon Sprint Gold Silca Cup \u00e8 anche quella dell\u2019amministrazione comunale, <em>\u201cSiamo molto contenti di poter accogliere il triathlon \u2013 riferisce Federico Costa, assessore comunale al turismo di Alpago &#8211;\u00a0 questa \u00e8 una delle manifestazioni che amiamo di pi\u00f9 e che da anni contribuiscono a valorizzare il nostro territorio&#8221;.<\/em>\u00a0 Per informazioni visitare il sito internet <a href=\"http:\/\/www.silcaultralite.it\/\">www.silcaultralite.it<\/a>.<\/p>\n<p>&nbsp;<\/p>\n<p>&nbsp;<\/p>\n<p>&nbsp;<\/p>\n<p>&nbsp;<\/p>\n<p>&nbsp;<\/p>\n<p>&nbsp;<\/p>\n","protected":false},"excerpt":{"rendered":"<p>PER RICEVERE QUESTO NOTIZIARIO DIRETTAMENTE SUL TUO CELLULARE ISCRIVITI AL CANALE TELEGRAM\u00a0\u201cRADIO PIU\u00a0 INFORMAZIONE ATTENZIONE: LA NUOVA APP PER IOS-IPHONE https:\/\/apps.apple.com\/it\/app\/radio-pi%C3%B9-emittente-agordina\/id1515939845 ATTENZIONE: LA NUOVA APP RADIO\u00a0 PER ANDROID https:\/\/play.google.com\/store\/apps\/details?id=net.radiopiu.iniko &nbsp; &nbsp; PROVINCIALE 347 DURAN CEREDA: CHIUSA FINO ALLE 13.00 IN LOCALITA&#8217; PONTE CIBANA PER RECUPERO MEZZO INCIDENTATO &nbsp; &nbsp; PROVINCIALE 20 VAL FIORENTINA: RIAPERTA!!! &nbsp;&hellip;<\/p>\n","protected":false},"author":4,"featured_media":148748,"comment_status":"closed","ping_status":"closed","sticky":false,"template":"","format":"standard","meta":{"_monsterinsights_skip_tracking":false,"_monsterinsights_sitenote_active":false,"_monsterinsights_sitenote_note":"","_monsterinsights_sitenote_category":0,"footnotes":""},"categories":[1,86,49],"tags":[],"class_list":["post-148691","post","type-post","status-publish","format-standard","has-post-thumbnail","hentry","category-senza-categoria","category-gr","category-news-18","category-1","category-86","category-49","description-off"],"img_url":"https:\/\/www.radiopiu.net\/wordpress\/wp-content\/uploads\/2020\/07\/photo_2020-07-10_12-40-56.jpg","_links":{"self":[{"href":"https:\/\/www.radiopiu.net\/wordpress\/wp-json\/wp\/v2\/posts\/148691","targetHints":{"allow":["GET"]}}],"collection":[{"href":"https:\/\/www.radiopiu.net\/wordpress\/wp-json\/wp\/v2\/posts"}],"about":[{"href":"https:\/\/www.radiopiu.net\/wordpress\/wp-json\/wp\/v2\/types\/post"}],"author":[{"embeddable":true,"href":"https:\/\/www.radiopiu.net\/wordpress\/wp-json\/wp\/v2\/users\/4"}],"replies":[{"embeddable":true,"href":"https:\/\/www.radiopiu.net\/wordpress\/wp-json\/wp\/v2\/comments?post=148691"}],"version-history":[{"count":0,"href":"https:\/\/www.radiopiu.net\/wordpress\/wp-json\/wp\/v2\/posts\/148691\/revisions"}],"wp:featuredmedia":[{"embeddable":true,"href":"https:\/\/www.radiopiu.net\/wordpress\/wp-json\/wp\/v2\/media\/148748"}],"wp:attachment":[{"href":"https:\/\/www.radiopiu.net\/wordpress\/wp-json\/wp\/v2\/media?parent=148691"}],"wp:term":[{"taxonomy":"category","embeddable":true,"href":"https:\/\/www.radiopiu.net\/wordpress\/wp-json\/wp\/v2\/categories?post=148691"},{"taxonomy":"post_tag","embeddable":true,"href":"https:\/\/www.radiopiu.net\/wordpress\/wp-json\/wp\/v2\/tags?post=148691"}],"curies":[{"name":"wp","href":"https:\/\/api.w.org\/{rel}","templated":true}]}}