{"id":148778,"date":"2020-07-11T06:14:30","date_gmt":"2020-07-11T04:14:30","guid":{"rendered":"https:\/\/www.radiopiu.net\/wordpress\/?p=148778"},"modified":"2020-07-11T06:18:32","modified_gmt":"2020-07-11T04:18:32","slug":"la-risposta-del-consigliere-di-maggioranza-giuliano-laveder","status":"publish","type":"post","link":"https:\/\/www.radiopiu.net\/wordpress\/la-risposta-del-consigliere-di-maggioranza-giuliano-laveder\/","title":{"rendered":"LA RISPOSTA DEL CONSIGLIERE DI &#8220;MAGGIORANZA&#8221; GIULIANO LAVEDER"},"content":{"rendered":"<blockquote>\n<h3><\/h3>\n<\/blockquote>\n<p><strong><a class=\"dt-pswp-item\" href=\"https:\/\/www.radiopiu.net\/wordpress\/wp-content\/uploads\/2017\/06\/GIULIANO-LAVEDER.jpg\" data-dt-img-description=\"\" data-large_image_width=\"1115\" data-large_image_height=\"1442\"><img loading=\"lazy\" decoding=\"async\" class=\" wp-image-33176 alignleft\" src=\"https:\/\/www.radiopiu.net\/wordpress\/wp-content\/uploads\/2017\/06\/GIULIANO-LAVEDER-232x300.jpg\" alt=\"\" width=\"203\" height=\"263\" \/><\/a>RIVAMONTE<\/strong> Nel consiglio comunale del 1 luglio a Rivamonte il capogruppo di maggioranza Alessandro Maguolo ha duramente criticato\u00a0 Giuliano Laveder il compagno di squadra, o almeno compagno di squadra lo era in campagna elettorale. Laveder anche in questa legislatura ha preferito rappresentarsi in proprio non condividendo la &#8220;politica&#8221; del sindaco Nino Deon. Maguolo non era andato per il sottile. Radio Pi\u00f9 lo ha testimoniato con la lunga diretta trasmessa sul canali facebook. Ecco dunque la dettaglia risposta di Laveder inviata anche alla nostra redazione.<\/p>\n<p><strong>A Maguolo<\/strong><\/p>\n<p><em>Prima di addentrarmi nel merito delle questioni, per\u00f2, ci tengo a dirle che non nutro nessuna ira o astio nei suoi confronti; ricoprire una carica politica, di natura elettiva, comporta delle grandi responsabilit\u00e0 nell\u2019amministrazione della cosa pubblica. Nel \u201cgioco\u201d politico ci si pu\u00f2 scontrare sulle posizioni, schierarsi da una parte e dall\u2019altra, ma mai e poi mai devono entrare in gioco le simpatie o antipatie personali, come ha fatto Lei nella lettera a me indirizzata. La responsabilit\u00e0 politica e l\u2019et\u00e0 adulta di coloro che ne sono chiamati, dovrebbero garantire che ci\u00f2 non accada mai. Evidentemente non \u00e8 sempre cos\u00ec \u2026 Venendo al dunque: non capisco tutta questa irritazione a fronte delle mie istanze e interrogazioni su temi che stanno a cuore alla popolazione del Comune di Rivamonte. La questione Vaia e Covid-19, mi spiace dirlo, ma \u00e8 solo una grande scusa. Evidentemente non Le \u00e8 chiaro, Consigliere, che la responsabilit\u00e0 politica comporta il dovere di rispondere nel proprio operato sempre e comunque. Non comporta che, una volta eletti dal popolo, ci si rinchiuda all\u2019interno della stanza Consiliare a decidere delle sorti di un Comune, <\/em><em>senza che gli elettori e gli oppositori possano chiedere chiarimenti o spiegazioni (dimentica forse che siamo in una Repubblica democratica?). E non c\u2019\u00e8 Vaia o Covid-19 che tenga per sottrarsi a questi doveri! Per quanto riguarda le riprese fatte nella scuola, mi sono recato in loco con il Sindaco assieme alle due consigliere incaricate per il controllo della scuola (Monica Canali e Gnech <\/em><em>Francesca) con il compito, espressamente richiestomi dal Sindaco stesso, di fotografare tutto. Ho ritenuto pi\u00f9 efficace filmare la situazione, cos\u00ec oltre alle immagini ci sono i commenti dei presenti che confermano le mie parole. Non \u00e8 assolutamente vero che avrei reso pubbliche le foto; mi sono limitato a mostrare il filmato ad alcune mamme anche su richiesta del Sindaco, perch\u00e9 il giorno dopo ci stavano aspettando preoccupate perch\u00e9 qualcuno aveva raccontato in giro che era intenzione dell\u2019amministrazione comunale far chiudere la scuola (cosa non vera). Per chi mi conosce sa bene che per me i bambini sono cittadini da valorizzare a RIVAMONTE; se mancassero le scuole e bambini il paese sarebbe morto. Riguardo alle piante di Lach si trattava di centinaia di piante di privati (non solo 5), e ho poi saputo che c\u2019erano anche altre piante del comune nella zona sopra Lach &#8211; circa 35-40 mc &#8211; (si possono contare facilmente i ceppi) e poi un altro pezzo del comune che si trova prima di Lach (denominato bosco del Littorio). Queste piante dove sono finite? Le piante sono state prelevate da VERSEGALA fino alla frazione Casera. Pochi proprietari ne erano a conoscenza. L\u2019ordinanza parlava di due metri ai lati della strada ma, in realt\u00e0, sono state prelevate anche a 30 metri, quindi senza che rappresentassero un pericolo per la strada. Ho fatto due interrogazioni chiedendo dove fossero finite tutte le piante e a quale ditta sia stato dato l\u2019incarico per portarle via. Anche su questo, nessuna risposta! Riguardo la strada SEP SCHENA, sono passati SETTE MESI dall\u2019ordinanza di chiusura e, pur con molti dubbi sulla sua legittimit\u00e0, vige ancora l\u2019ordinanza di divieto di transito per mezzi e pedoni; non ci sono altre strade per raggiungere la frazione. I residenti in quella frazione come dovrebbero fare per raggiungere le loro abitazioni? Forse dovrebbero volare? Quanto alle mie dimissioni per rispetto ai miei elettori, in questi giorni verbalmente e con vari messaggi sui social molta gente mi ha raccomandato di continuare e controllare e tenere informata la popolazione, certamente non tutti sono interessati e nemmeno hanno il computer. Comunque la popolazione sa Premiare o bocciare chi fa bene o male, io mi sono presentato quattro volte e sempre eletto con un discreto numero di voti, quindi so che buona parte della popolazione mi sostiene. Forse le mie dimissioni servirebbero per non aver nessun controllo sul vostro operato, ma invece ci sar\u00f2, e ci saranno i miei scritti per informare la popolazione. Perci\u00f2 avremo modo senz\u2019altro di rivederci presto e di continuare il confronto &#8211; mi auguro in modo pi\u00f9 rispettoso e costruttivo &#8211; perch\u00e9 non intendo arrendermi all\u2019idea che un\u2019Amministrazione Comunale si risenta dell\u2019essere chiamata a rispondere delle decisioni (o delle <\/em><em>mancate decisioni) che riguardano la vita e il benessere dei cittadini che amministra.<\/em><\/p>\n<p>&nbsp;<\/p>\n<p>&nbsp;<\/p>\n","protected":false},"excerpt":{"rendered":"<p>RIVAMONTE Nel consiglio comunale del 1 luglio a Rivamonte il capogruppo di maggioranza Alessandro Maguolo ha duramente criticato\u00a0 Giuliano Laveder il compagno di squadra, o almeno compagno di squadra lo era in campagna elettorale. Laveder anche in questa legislatura ha preferito rappresentarsi in proprio non condividendo la &#8220;politica&#8221; del sindaco Nino Deon. Maguolo non era&hellip;<\/p>\n","protected":false},"author":1,"featured_media":93740,"comment_status":"closed","ping_status":"closed","sticky":false,"template":"","format":"standard","meta":{"_monsterinsights_skip_tracking":false,"_monsterinsights_sitenote_active":false,"_monsterinsights_sitenote_note":"","_monsterinsights_sitenote_category":0,"footnotes":""},"categories":[49],"tags":[],"class_list":["post-148778","post","type-post","status-publish","format-standard","has-post-thumbnail","hentry","category-news-18","category-49","description-off"],"img_url":"https:\/\/www.radiopiu.net\/wordpress\/wp-content\/uploads\/2019\/07\/laveder.jpg","_links":{"self":[{"href":"https:\/\/www.radiopiu.net\/wordpress\/wp-json\/wp\/v2\/posts\/148778","targetHints":{"allow":["GET"]}}],"collection":[{"href":"https:\/\/www.radiopiu.net\/wordpress\/wp-json\/wp\/v2\/posts"}],"about":[{"href":"https:\/\/www.radiopiu.net\/wordpress\/wp-json\/wp\/v2\/types\/post"}],"author":[{"embeddable":true,"href":"https:\/\/www.radiopiu.net\/wordpress\/wp-json\/wp\/v2\/users\/1"}],"replies":[{"embeddable":true,"href":"https:\/\/www.radiopiu.net\/wordpress\/wp-json\/wp\/v2\/comments?post=148778"}],"version-history":[{"count":0,"href":"https:\/\/www.radiopiu.net\/wordpress\/wp-json\/wp\/v2\/posts\/148778\/revisions"}],"wp:featuredmedia":[{"embeddable":true,"href":"https:\/\/www.radiopiu.net\/wordpress\/wp-json\/wp\/v2\/media\/93740"}],"wp:attachment":[{"href":"https:\/\/www.radiopiu.net\/wordpress\/wp-json\/wp\/v2\/media?parent=148778"}],"wp:term":[{"taxonomy":"category","embeddable":true,"href":"https:\/\/www.radiopiu.net\/wordpress\/wp-json\/wp\/v2\/categories?post=148778"},{"taxonomy":"post_tag","embeddable":true,"href":"https:\/\/www.radiopiu.net\/wordpress\/wp-json\/wp\/v2\/tags?post=148778"}],"curies":[{"name":"wp","href":"https:\/\/api.w.org\/{rel}","templated":true}]}}